{"id":4526,"date":"2015-12-10T22:00:58","date_gmt":"2015-12-10T21:00:58","guid":{"rendered":"http:\/\/www.mundi-roth.de\/teneriffa-blog\/?p=4526"},"modified":"2016-05-23T11:44:16","modified_gmt":"2016-05-23T10:44:16","slug":"mondlandschaft","status":"publish","type":"post","link":"https:\/\/www.mundi-roth.de\/teneriffa-blog\/wanderungen\/mondlandschaft\/","title":{"rendered":"Paisaje lunar &#8211; Mondlandschaft"},"content":{"rendered":"<p>Bevor unsere lieben Freunde wieder nach Deutschland zur\u00fcckkehren, wollen wir Ihnen mit dieser Wanderung noch einmal vor Augen f\u00fchren, wie abwechslungsreich, wie sch\u00f6n \u201eunsere\u201c Insel ist.<\/p>\n<p>Die Mondlandschaft ist eine der Sehensw\u00fcrdigkeiten Teneriffas und ist\u00a0 musterg\u00fcltig ausgeschildert, markiert mit wei\u00df-gelben Streifen.<\/p>\n<p><strong>Wanderwegstrecke:<\/strong> 13,9 km, knapp 5 Stunden mit Schauen, Staunen und Lesen der Informationen bei den 7 T\u00e4felchen<\/p>\n<p><a href=\"http:\/\/www.mundi-roth.de\/teneriffa-blog\/wp-content\/uploads\/2015\/12\/Track01-1.jpg\" rel=\"lightbox[4526]\" rel=\"attachment wp-att-4548\"><img loading=\"lazy\" decoding=\"async\" class=\"aligncenter size-medium wp-image-4548\" src=\"http:\/\/www.mundi-roth.de\/teneriffa-blog\/wp-content\/uploads\/2015\/12\/Track01-1-300x246.jpg\" alt=\"Track01\" width=\"300\" height=\"246\" srcset=\"https:\/\/www.mundi-roth.de\/teneriffa-blog\/wp-content\/uploads\/2015\/12\/Track01-1-300x246.jpg 300w, https:\/\/www.mundi-roth.de\/teneriffa-blog\/wp-content\/uploads\/2015\/12\/Track01-1-150x123.jpg 150w, https:\/\/www.mundi-roth.de\/teneriffa-blog\/wp-content\/uploads\/2015\/12\/Track01-1-768x631.jpg 768w, https:\/\/www.mundi-roth.de\/teneriffa-blog\/wp-content\/uploads\/2015\/12\/Track01-1.jpg 800w\" sizes=\"auto, (max-width: 300px) 100vw, 300px\" \/><\/a><\/p>\n<p style=\"text-align: center;\">Ca. 400 m Aufstieg und 400 m Abstieg<\/p>\n<p style=\"text-align: center;\">F\u00fcr GPS-Fans die <a href=\"http:\/\/www.mundi-roth.de\/teneriffa-blog\/wp-content\/uploads\/2015\/12\/mGPX_20151210102910.7z\">Daten<\/a> in Zip-Form<\/p>\n<p>Am <a href=\"http:\/\/www.mundi-roth.de\/teneriffa-blog\/wanderungen\/vilaflor-%E2%80%93-paisaje-lunar-mondlandschaft-%E2%80%93-vilaflor\/\">16. Oktober 2008<\/a> habe ich\u00a0 die Wanderung\u00a0ausf\u00fchrlich beschrieben, so dass ich mich nur wiederholen w\u00fcrde.<\/p>\n<p>ABER! Eins dann doch:<br \/>\nUrspr\u00fcnglich haben wir geplant, diesmal bis zu dem markierten Rundweg zur Paisaje lunar mit dem Wagen zu fahren. Jedoch das erste St\u00fcck bis zur zweiten Schranke ist nach wie vor nur mit besonderer Vorsicht zu befahren.<br \/>\nDa es ja nun schon immerhin 7 Jahre her ist, dass wir die Forststra\u00dfe gegangen sind, wussten wir nicht, in welchem Zustand sich die Stra\u00dfe heute befindet.<br \/>\nAlso entschieden wir, wir lassen das Auto stehen und gehen.<\/p>\n<p>Wie hatte ich damals geschrieben \u201eWas waren wir \u00fcberrascht! Der breite Weg ist planiert worden, die kriminellen Schlagl\u00f6cher sind beseitigt, also gut befahrbar.\u201c<br \/>\nDiese Aussage stimmt immer noch und wer sich ca 1 \u00bd Stunden Marsch hin und zur\u00fcck sparen will \u2013 und die kurze Passage bis zur zweiten Schranke gemeistert hat &#8211;\u00a0 kann durchfahren. Jedoch auch der Weg an sich ist sch\u00f6n mit seiner Sicht auf Vilaflor, den h\u00f6chstgelegenen Ort Spaniens und zur K\u00fcste wie hoch zum Teide und zum Guajara und markante Felsgruppierung zieren ihn.<\/p>\n<p>Auch f\u00fchrte ich damals aus, dass sich entlang des Rundweges zur Mondlandschaft T\u00e4felchen mit Nummern von 1 \u2013 10 befinden, wir aber keinen entsprechenden Plan besitzen und so nicht wissen, was uns da erkl\u00e4rt werden soll, wir jedoch darauf vertrauen, dass wir sp\u00e4ter in Erfahrung bringen, um welche Sehensw\u00fcrdigkeiten es sich handelt.<\/p>\n<p><strong>Wir haben inzwischen die Informationen:<\/strong><br \/>\nIch fasse kurz zusammen:<br \/>\nIn einer Brosch\u00fcre, die das Cabildo Insular de Tenerife herausgegeben hat (ISBN 84-87340-85-7), kommen Bauern, Hirten, Steinmetze, Maultiertreiber und Kiefernnadelsammler zu Wort, die \u00fcber ihre Arbeit berichten hier auf dem Camino Real, dem K\u00f6lnigsweg von Chasna, der Vilaflor mit Orotava verband. Es handelte sich um den am h\u00e4ufigsten erw\u00e4hnten Inselweg. Von vorspanischer Zeit bis zum Ende des 19. Jahrhunderts verband er diesen Landstrich mit dem Inselnorden. Zu jener Zeit war der Fu\u00dfmarsch \u00fcber die Las Ca\u00f1adas die schnellste und bequemste Art, die andere Inselseite zu erreichen.<\/p>\n<p>Startet man an der Kirche San Pedro so kann man alle 10 T\u00e4felchen \u201eabwandern\u201c.<\/p>\n<p><strong>Nummer 1:<\/strong><br \/>\nDie Gr\u00fcndung von Vilaflor<br \/>\n1530 wurde der Ort Vilaflor de Chasna von der Familie Soler gegr\u00fcndet.<br \/>\nUnmittelbar nach der Gr\u00fcndung des Ortes lie\u00df der aus Katalonien stammende Pedro Soler sein Wohnhaus und eine kleine Kapelle zu Ehren des Heiligen Peters errichten.<br \/>\nWahrscheinlich ahnte damals niemand, dass sich dieses im Vergleich zu den fruchtbaren Boden des Inselnordens hoch gelegene Bergland eines Tages in die Hauptstadt des Landdstrichs Abona verwandeln und Vilaflor einer der beeutendsten Orte der Insel werden w\u00fcrde.<\/p>\n<p><strong>Nummer 2:<\/strong><br \/>\nEin Wald, den es zu entdecken gilt<br \/>\nAuf ihren Expeditionen beschrieben die Naturforscher das erste Mal die Besonderheiten der Kanarischen Kieferw\u00e4lder.<br \/>\nHier befinden wir uns an einer Stelle des K\u00f6nigsweges von Chasna, der El Atajo genannt wird und auf dessen alten Kopfsteinpflaster einst hoch gebildete Naturforscher aus Europa reisten.<br \/>\nVielleicht h\u00e4tten sie \u00fcber die ungew\u00f6hnlichen Formen und Farben der Felsen etc. geschrieben, aber sicherlich seitenlang \u00fcber den Wald, den Kanarischen Kiefernwald.<br \/>\nIm S\u00fcden Teneriffas treffen wir von 800 m \u00fcber dem Meer bis in eine H\u00f6he von 2000 m auf Kiefernb\u00e4ume, die sich an die in den Bergen herrschenden hohen Temperaturunterschiede und an die sauren B\u00f6den hervorrragend angepasst haben.<br \/>\nNur sehr wenige Pflanzenspezies sind in der Lage, dieser Erde ausreichend N\u00e4hrstoffe zu entnehmen, um existieren zu k\u00f6nnen.<\/p>\n<p><strong>Nummer 3:<\/strong><br \/>\nLandwirtschaft in den Bergen \u2013 eine wahre Herausforderung<br \/>\nDie Terrassierung der Bergh\u00e4nge und der Tuffstein erm\u00f6glichten es den Landwirten, die steil abfallenden, sauren B\u00f6den zu bestellen.<br \/>\nDie Technik bestand darin, die H\u00e4nge in \u201eTreppen\u201c zu verwandlen und auf jeder der \u201eStufen\u201c ein Terrassenfeld anzulegen.<br \/>\nDie Terrassierung gestattete nicht nur die Anlage von mehr Anbaufl\u00e4chen, sondern auch die effizientere Nutzung des Regenwasser, das auf diese Weise nicht in die Schluchten abfloss und die fruchtbare Erde mit sich schwemmte.<br \/>\nZu dieser fabelhaften Anbautechnik kommen noch die Vorteile des Tuffsteins hinzu, der zahlreiche Terrassenfelder bedeckt. Diese kleinen wei\u00dfen Vulkansteine haben so viele Poren, dass sie kaum etwas wiegen. Er h\u00e4lt den Boden, fast ohne Bew\u00e4sserung, frisch und feucht und reflektiert mit seiner wei\u00dfen Farbe die Sonnenw\u00e4rme. Zudem verdichtet sich der Boden nicht, so dass die Bestellung der Felder wesentlich leichter f\u00e4llt. Schlie\u00dflich speichert er die auf die Felder gestreuten D\u00fcngemittel und gibt die N\u00e4hrstoffe dann nach und nach an den Boden ab.<\/p>\n<p><strong>Nummer 4:<\/strong><br \/>\nEine bl\u00fchende Landwirtschaft<br \/>\nDie Landwirte bauten auf den meisten Feldern Getreide, Kartoffeln und Weinreben an.<br \/>\n<a href=\"http:\/\/www.mundi-roth.de\/teneriffa-blog\/wp-content\/uploads\/2015\/12\/P1200875.jpg\" rel=\"lightbox[4526]\" rel=\"attachment wp-att-4529\"><img loading=\"lazy\" decoding=\"async\" class=\"alignleft size-thumbnail wp-image-4529\" src=\"http:\/\/www.mundi-roth.de\/teneriffa-blog\/wp-content\/uploads\/2015\/12\/P1200875-150x113.jpg\" alt=\"P1200875\" width=\"150\" height=\"113\" srcset=\"https:\/\/www.mundi-roth.de\/teneriffa-blog\/wp-content\/uploads\/2015\/12\/P1200875-150x113.jpg 150w, https:\/\/www.mundi-roth.de\/teneriffa-blog\/wp-content\/uploads\/2015\/12\/P1200875-300x225.jpg 300w, https:\/\/www.mundi-roth.de\/teneriffa-blog\/wp-content\/uploads\/2015\/12\/P1200875-768x576.jpg 768w, https:\/\/www.mundi-roth.de\/teneriffa-blog\/wp-content\/uploads\/2015\/12\/P1200875.jpg 800w\" sizes=\"auto, (max-width: 150px) 100vw, 150px\" \/><\/a>Hier befinden wir uns an der Finca Galindo, der einzigen heute noch bewirtschafteten Plantage auf unserem Weg.<a href=\"http:\/\/www.mundi-roth.de\/teneriffa-blog\/wp-content\/uploads\/2015\/12\/P1200959.jpg\" rel=\"lightbox[4526]\" rel=\"attachment wp-att-4530\"><img loading=\"lazy\" decoding=\"async\" class=\"alignright size-thumbnail wp-image-4530\" src=\"http:\/\/www.mundi-roth.de\/teneriffa-blog\/wp-content\/uploads\/2015\/12\/P1200959-96x150.jpg\" alt=\"P1200959\" width=\"96\" height=\"150\" srcset=\"https:\/\/www.mundi-roth.de\/teneriffa-blog\/wp-content\/uploads\/2015\/12\/P1200959-96x150.jpg 96w, https:\/\/www.mundi-roth.de\/teneriffa-blog\/wp-content\/uploads\/2015\/12\/P1200959-192x300.jpg 192w, https:\/\/www.mundi-roth.de\/teneriffa-blog\/wp-content\/uploads\/2015\/12\/P1200959.jpg 513w\" sizes=\"auto, (max-width: 96px) 100vw, 96px\" \/><\/a><br \/>\nAuf diesen Terrassenbeeten wurden \u00fcber lange Zeit H\u00fclsenfr\u00fcchte und Getreide angebaut, die gute Ernteertr\u00e4ge einbrachten. Mit Hilfe eines angemessenen Fruchtwechsels verwandelten diese Anbauprodukte au\u00dferdem die B\u00f6den in eine wahre Vorratskammer an Pflanzenn\u00e4hrstoffen.<br \/>\nIn den vergangenen Jahren hat der Niedergang der Landwirtschaft zugunsten des Dienstleistungssektors dazu gef\u00fchrt, dass zahlreiche Felder aufgegeben wurden. Auf den heute noch bestellten Feldern, wie diesen vor uns, werden fast ausschlie\u00dflich Weinreben, Obstb\u00e4ume und vor allem Kartoffeln angebaut.<\/p>\n<p><strong>Nummer 5:<\/strong><br \/>\nVon dem leben, was der Wald gibt<br \/>\n\u00dcber mehrere Jahrunderte hinweg stellten Holz, Harz und Kiefernnadeln eine wichtige Einnahmequelle f\u00fcr zahlreihe Bewohner Chasnas dar.<br \/>\n<a href=\"http:\/\/www.mundi-roth.de\/teneriffa-blog\/wp-content\/uploads\/2015\/12\/P1200887.jpg\" rel=\"lightbox[4526]\" rel=\"attachment wp-att-4541\"><img loading=\"lazy\" decoding=\"async\" class=\"alignleft size-thumbnail wp-image-4541\" src=\"http:\/\/www.mundi-roth.de\/teneriffa-blog\/wp-content\/uploads\/2015\/12\/P1200887-110x150.jpg\" alt=\"P1200887\" width=\"110\" height=\"150\" srcset=\"https:\/\/www.mundi-roth.de\/teneriffa-blog\/wp-content\/uploads\/2015\/12\/P1200887-110x150.jpg 110w, https:\/\/www.mundi-roth.de\/teneriffa-blog\/wp-content\/uploads\/2015\/12\/P1200887-221x300.jpg 221w, https:\/\/www.mundi-roth.de\/teneriffa-blog\/wp-content\/uploads\/2015\/12\/P1200887.jpg 589w\" sizes=\"auto, (max-width: 110px) 100vw, 110px\" \/><\/a>Dieser Jahrhunderbaum ist einer der \u00e4ltesten \u00dcberlebenden einer Zeitepoche, die den Lebewesen des Kanarischen Kiefernwaldes ganz und gar nicht g\u00fcnstig war.<br \/>\nBis noch vor wenigen Jahrzehnten stellte dieser Wald eine unersetzliche Quelle von Ressourcen dar.<br \/>\nDie Kiefern wurden nicht nur wegen ihres hervorragenden Holzes hoch gesch\u00e4tzt, sondern auch aufgrund ihres Harzes, das zu einer Art Naturbeize verbrandt wurde, um Teer f\u00fcr die Abdichtung von Schiffen und F\u00e4ssern zu gewinnen.<br \/>\nMit der Zeit f\u00fchrte dieser \u00fcberm\u00e4\u00dfige Nutzung zu einer erheblichen Verminderung der Kiefernw\u00e4lder, weshalb es erforderlich wurde, ihren weiteren Nie\u00dfbrauch gesetzlich zu regeln.<br \/>\nHeue ist in den W\u00e4ldern nur noch das Einsammeln von Kiefernnadeln gestattet (hierf\u00fcr gibt es Lizenzen).<br \/>\nDas Einsammeln der Nadeln ist in zweifacher Hinsicht nutzbringend: Einerseits vermindert es ein \u00dcberma\u00df an brennaren Materialien im Bergwald und damit die Waldbrandgefahr, und andererseits dienen die Nadeln zur Gewinnung von D\u00fcngemitteln sowie der Auslegung von St\u00e4llen oder sie k\u00f6nnen dazu dienen, eine bequeme Lagerstatt zu schaffen.<\/p>\n<p><strong>Nummer 6:<\/strong><br \/>\nAuf der Suche nach den besten Weiden<\/p>\n<p>El Marrubial war eine Wegkreuzung auf den Hirtenrouten ins Gebirge.<br \/>\nDie Viehhaltung, besonders die von Ziegen, stellte sogar schon vor der Eroberung der Insel einen (1496) einen fundamentalen Wirtschaftszweig auf den Kanaren dar.<br \/>\nBis noch in allerj\u00fcngster Zeit lebten zahlreiche Familien von Viehzucht und Viehwirtschaft.<a href=\"http:\/\/www.mundi-roth.de\/teneriffa-blog\/wp-content\/uploads\/2015\/12\/P1200957.jpg\" rel=\"lightbox[4526]\" rel=\"attachment wp-att-4532\"><img loading=\"lazy\" decoding=\"async\" class=\"alignleft size-thumbnail wp-image-4532\" src=\"http:\/\/www.mundi-roth.de\/teneriffa-blog\/wp-content\/uploads\/2015\/12\/P1200957-150x102.jpg\" alt=\"P1200957\" width=\"150\" height=\"102\" srcset=\"https:\/\/www.mundi-roth.de\/teneriffa-blog\/wp-content\/uploads\/2015\/12\/P1200957-150x102.jpg 150w, https:\/\/www.mundi-roth.de\/teneriffa-blog\/wp-content\/uploads\/2015\/12\/P1200957-300x204.jpg 300w, https:\/\/www.mundi-roth.de\/teneriffa-blog\/wp-content\/uploads\/2015\/12\/P1200957-768x522.jpg 768w, https:\/\/www.mundi-roth.de\/teneriffa-blog\/wp-content\/uploads\/2015\/12\/P1200957.jpg 800w\" sizes=\"auto, (max-width: 150px) 100vw, 150px\" \/><\/a><br \/>\nDies war der Fall der Familie\u00a0 Rutil Hern\u00e1ndez, einer Familie von Ziegenhirten, die dieses Haus bis etwa vor 75 Jahren bewohnte.<br \/>\nEl Marrubial, das Andornfeld, war zu jener Zeit bedeckt von dieser krautartigen Pflanze, die Heilkr\u00e4fte besitzt und auch Teil der Ern\u00e4hrung der Ziegen war.<br \/>\nVon Sommerbeginn an mussten die in diesem Gebiet gehaltenen Ziegen allerdings ihren Andorn mit anderen Herden teilen, die von der K\u00fcse hoch in die Berge getrieben wurden.<\/p>\n<div style=\"clear: both;\"><\/div>\n<p><strong>Nummer 7:<\/strong><br \/>\nWege \u00fcber die Gipfel<br \/>\n<a href=\"http:\/\/www.mundi-roth.de\/teneriffa-blog\/wp-content\/uploads\/2015\/12\/P1200946.jpg\" rel=\"lightbox[4526]\" rel=\"attachment wp-att-4533\"><img loading=\"lazy\" decoding=\"async\" class=\"alignleft size-thumbnail wp-image-4533\" src=\"http:\/\/www.mundi-roth.de\/teneriffa-blog\/wp-content\/uploads\/2015\/12\/P1200946-150x113.jpg\" alt=\"P1200946\" width=\"150\" height=\"113\" srcset=\"https:\/\/www.mundi-roth.de\/teneriffa-blog\/wp-content\/uploads\/2015\/12\/P1200946-150x113.jpg 150w, https:\/\/www.mundi-roth.de\/teneriffa-blog\/wp-content\/uploads\/2015\/12\/P1200946-300x225.jpg 300w, https:\/\/www.mundi-roth.de\/teneriffa-blog\/wp-content\/uploads\/2015\/12\/P1200946-768x576.jpg 768w, https:\/\/www.mundi-roth.de\/teneriffa-blog\/wp-content\/uploads\/2015\/12\/P1200946.jpg 800w\" sizes=\"auto, (max-width: 150px) 100vw, 150px\" \/><\/a>Die schwersten Lasten wurden von Maultiertreibern \u00fcber die zerkl\u00fcfteten Inselberge transportiert.<br \/>\nWenn wir uns in die Zeit der ersten Naturforscher, Getreidebauern und Wanderhirten zur\u00fcckversetzen k\u00f6nnten, h\u00e4tten wir in Vilaflor einen Maultiertreiber verpflichten k\u00f6nnen, uns auf diesen Wanderungen zu begleiten. Sie transportierten auf den R\u00fccken ihrer Tiere, normalerweise Esel <a href=\"http:\/\/www.mundi-roth.de\/teneriffa-blog\/wp-content\/uploads\/2015\/12\/P1200944.jpg\" rel=\"lightbox[4526]\" rel=\"attachment wp-att-4534\"><img loading=\"lazy\" decoding=\"async\" class=\"alignright size-thumbnail wp-image-4534\" src=\"http:\/\/www.mundi-roth.de\/teneriffa-blog\/wp-content\/uploads\/2015\/12\/P1200944-150x113.jpg\" alt=\"P1200944\" width=\"150\" height=\"113\" srcset=\"https:\/\/www.mundi-roth.de\/teneriffa-blog\/wp-content\/uploads\/2015\/12\/P1200944-150x113.jpg 150w, https:\/\/www.mundi-roth.de\/teneriffa-blog\/wp-content\/uploads\/2015\/12\/P1200944-300x225.jpg 300w, https:\/\/www.mundi-roth.de\/teneriffa-blog\/wp-content\/uploads\/2015\/12\/P1200944-768x576.jpg 768w, https:\/\/www.mundi-roth.de\/teneriffa-blog\/wp-content\/uploads\/2015\/12\/P1200944.jpg 800w\" sizes=\"auto, (max-width: 150px) 100vw, 150px\" \/><\/a>oder Ochsen, manchmal aber auch Pferde, Maulesel oder Kamele, Waren und Lebensmittel in Packs\u00e4tteln, S\u00e4cken und F\u00e4ssern, so unter anderem Holzkohle, Getreide, Kiefernnadeln, Ackerzeug, Gebrauchsg\u00fcter, Viehfutter usw.<br \/>\nAuf diesem langen Marsch gingen die Treiber stets zu Fu\u00df und f\u00fchrten ihre treuen Wegbegleiter, entschlossen alle Schluchten und Bergk\u00e4mme zu \u00fcberwinden, die auf ihrem Wege lagen, \u00fcber Pfade wie diesen hier.<\/p>\n<p>Von hier aus k\u00f6nnen wir bereits die Gipfel Teneriffas bewundern, von denen eines der Elemente kam, das keinesfalls fehlen durfte: das Wasser. Damit es den Tieren nie an dem k\u00f6stlichen Nass fehle, legte man die Wegstrecke so an, dass sie an Pl\u00e4tzen wie diesem hier vorbeif\u00fchrte, dem Bett der Eris del Cennero-Schlucht.<br \/>\nDoch das Wasser wurde auch auf den tiefer gelegenen Feldern, G\u00e4rten und in den H\u00e4usern gebraucht, weshalb man es in Rinnen und Kan\u00e4len hinableitete.<\/p>\n<div style=\"clear: both;\"><\/div>\n<p><strong>Nummer 8<\/strong><br \/>\nDie Kunst, das Wasser zu leiten<br \/>\nDie Steinmetze verstanden ihr Hanwerk sehr gut und nutzten f\u00fcr die Kan\u00e4le an den Wegesr\u00e4ndern stets die Materialien, die es in der Umgebung gab.<br \/>\nHier oben gab es die hoch gesch\u00e4tzten Chasnera-Platten, die es an keinem anderen Ort der Welt gibt. Ja, es hei\u00dft sogar, dass sie in Amerika nach dem Stein verlangen.<br \/>\nDie Arbeit eines Steinmetzes besteht darin, den Stein aus dem Fels zu schlagen und so zu behauen, dass man mit ihm einen Weg pflastern, eine Mauer errichten oder einen Kanal wie diesen hier errichten kann.<br \/>\n<a href=\"http:\/\/www.mundi-roth.de\/teneriffa-blog\/wp-content\/uploads\/2015\/12\/P1200940.jpg\" rel=\"lightbox[4526]\" rel=\"attachment wp-att-4535\"><img loading=\"lazy\" decoding=\"async\" class=\"alignleft size-thumbnail wp-image-4535\" src=\"http:\/\/www.mundi-roth.de\/teneriffa-blog\/wp-content\/uploads\/2015\/12\/P1200940-109x150.jpg\" alt=\"P1200940\" width=\"109\" height=\"150\" srcset=\"https:\/\/www.mundi-roth.de\/teneriffa-blog\/wp-content\/uploads\/2015\/12\/P1200940-109x150.jpg 109w, https:\/\/www.mundi-roth.de\/teneriffa-blog\/wp-content\/uploads\/2015\/12\/P1200940-218x300.jpg 218w, https:\/\/www.mundi-roth.de\/teneriffa-blog\/wp-content\/uploads\/2015\/12\/P1200940.jpg 582w\" sizes=\"auto, (max-width: 109px) 100vw, 109px\" \/><\/a>Der inzwischen stillgelegte, mehr als hundert Jahre alte Kanal trug den Namen \u201eBajante de Ucanca\u201c und leitete das Wasser von der Degollada de Ucanca bis zu den H\u00e4usern und Feldern von San Miguel, Vilaflor und Granadilla.<br \/>\nZum Bau des kilometerlangen Kanals verwendete man dunkelbraunen Vulkanstein, der mehr oder weniger kompakt, aber leicht zu behauen ist.<br \/>\nAls Verbindngsmittel zwischen den Steinen diente ein M\u00f6rtel aus Kalk, Sand und Wasser.<br \/>\nDas gro\u00dfe Gef\u00e4lle des Berghanges stellte allerdings ein weiteres Problem dar, das es zu \u00fcberwinden galt, damit das Wasser keine zu gro\u00dfe Geschwindigkeit<br \/>\nerreicht. Aus diesem Grund wurden in bestimmten Abst\u00e4nden Beruhigungsbecken wie dieses hier angelegt, die den Wasserfluss bremsten.<\/p>\n<div style=\"clear: both;\"><\/div>\n<p><strong>Nummer 9<\/strong><br \/>\nEine Landschaft, die es wert ist, erforscht zu werden<br \/>\nDie \u201eMondlandschaft\u201c \u201epaisaje lunar\u201c ist f\u00fcr die Fachleute eine der geologische interessantesten Formationen.<br \/>\nHier befinden wir uns an einem der geologisch seltsamsten Orte Teneriffas, den man fr\u00fcher \u201eLos Escurriales\u201c, heute jedoch \u201eMondlandschaft\u201c nennt.<br \/>\nMan hat herausgefunden, dass sich diese Landschaft vor etwa einer halben Million Jahren bei einer der zahlreichen Vulkaneruptionen bildete, bei denen auch die s\u00fcdlichen Randh\u00e4nge der Insel entstanden.<br \/>\nJ\u00fcngste Untersuchungen deuten darauf hin, dass das wei\u00dfliche Auswurfmaterial der H\u00fcgel Teil einer Rauch- und Aschewolke war, die mit riesiger Kraft aus dem Vulkan geschleudert wurde und sich hier aus gro\u00dfer H\u00f6he herabsinkend ablagerte.<br \/>\nAls die Aschewolke diesen Ort erreichte senkte sie sich, einem immer wieder unterbrochenen Nieselregen gleich, auf den Boden. Indem die Asche nach und nach abk\u00fchlte, verbanden sich die K\u00f6rner miteinander und bildeten eine dicke Schicht hochempfindlichen Bodens.<br \/>\nZu einem sp\u00e4teren Zeitpunkt wurde dieser Aschenboden von Auswurfmaterialien anderer Eruptionen bedeckt.<br \/>\nSeit jener Zeit haben Wind und Wasser alle diese Materialien erodiert, am st\u00e4rksten jene\u00a0 Aschefl\u00e4chen, die frei an der Oberfl\u00e4che lagen.<br \/>\nWir k\u00f6nnen die stummen Zeugen der geologischen Geschichte Teneriffas\u00a0 bewundern: Vulkanbomben, vom Wasser glatt geschliffene Felsen, wild zerkl\u00fcftete Lavafelder.<\/p>\n\n\t\t<style type=\"text\/css\">\n\t\t\t#gallery-1 {\n\t\t\t\tmargin: auto;\n\t\t\t}\n\t\t\t#gallery-1 .gallery-item {\n\t\t\t\tfloat: left;\n\t\t\t\tmargin-top: 10px;\n\t\t\t\ttext-align: center;\n\t\t\t\twidth: 25%;\n\t\t\t}\n\t\t\t#gallery-1 img {\n\t\t\t\tborder: 2px solid #cfcfcf;\n\t\t\t}\n\t\t\t#gallery-1 .gallery-caption {\n\t\t\t\tmargin-left: 0;\n\t\t\t}\n\t\t\t\/* see gallery_shortcode() in wp-includes\/media.php *\/\n\t\t<\/style>\n\t\t<div id='gallery-1' class='gallery galleryid-4526 gallery-columns-4 gallery-size-thumbnail'><dl class='gallery-item'>\n\t\t\t<dt class='gallery-icon portrait'>\n\t\t\t\t<a href='https:\/\/www.mundi-roth.de\/teneriffa-blog\/wp-content\/uploads\/2015\/12\/P1200912a.jpg' rel=\"lightbox[4526]\"><img loading=\"lazy\" decoding=\"async\" width=\"107\" height=\"150\" src=\"https:\/\/www.mundi-roth.de\/teneriffa-blog\/wp-content\/uploads\/2015\/12\/P1200912a-107x150.jpg\" class=\"attachment-thumbnail size-thumbnail\" alt=\"\" srcset=\"https:\/\/www.mundi-roth.de\/teneriffa-blog\/wp-content\/uploads\/2015\/12\/P1200912a-107x150.jpg 107w, https:\/\/www.mundi-roth.de\/teneriffa-blog\/wp-content\/uploads\/2015\/12\/P1200912a-213x300.jpg 213w, https:\/\/www.mundi-roth.de\/teneriffa-blog\/wp-content\/uploads\/2015\/12\/P1200912a.jpg 568w\" sizes=\"auto, (max-width: 107px) 100vw, 107px\" \/><\/a>\n\t\t\t<\/dt><\/dl><dl class='gallery-item'>\n\t\t\t<dt class='gallery-icon portrait'>\n\t\t\t\t<a href='https:\/\/www.mundi-roth.de\/teneriffa-blog\/wp-content\/uploads\/2015\/12\/P1200914.jpg' rel=\"lightbox[4526]\"><img loading=\"lazy\" decoding=\"async\" width=\"115\" height=\"150\" src=\"https:\/\/www.mundi-roth.de\/teneriffa-blog\/wp-content\/uploads\/2015\/12\/P1200914-115x150.jpg\" class=\"attachment-thumbnail size-thumbnail\" alt=\"\" srcset=\"https:\/\/www.mundi-roth.de\/teneriffa-blog\/wp-content\/uploads\/2015\/12\/P1200914-115x150.jpg 115w, https:\/\/www.mundi-roth.de\/teneriffa-blog\/wp-content\/uploads\/2015\/12\/P1200914-229x300.jpg 229w, https:\/\/www.mundi-roth.de\/teneriffa-blog\/wp-content\/uploads\/2015\/12\/P1200914.jpg 611w\" sizes=\"auto, (max-width: 115px) 100vw, 115px\" \/><\/a>\n\t\t\t<\/dt><\/dl><dl class='gallery-item'>\n\t\t\t<dt class='gallery-icon portrait'>\n\t\t\t\t<a href='https:\/\/www.mundi-roth.de\/teneriffa-blog\/wp-content\/uploads\/2015\/12\/P1200920.jpg' rel=\"lightbox[4526]\"><img loading=\"lazy\" decoding=\"async\" width=\"114\" height=\"150\" src=\"https:\/\/www.mundi-roth.de\/teneriffa-blog\/wp-content\/uploads\/2015\/12\/P1200920-114x150.jpg\" class=\"attachment-thumbnail size-thumbnail\" alt=\"\" srcset=\"https:\/\/www.mundi-roth.de\/teneriffa-blog\/wp-content\/uploads\/2015\/12\/P1200920-114x150.jpg 114w, https:\/\/www.mundi-roth.de\/teneriffa-blog\/wp-content\/uploads\/2015\/12\/P1200920-229x300.jpg 229w, https:\/\/www.mundi-roth.de\/teneriffa-blog\/wp-content\/uploads\/2015\/12\/P1200920.jpg 610w\" sizes=\"auto, (max-width: 114px) 100vw, 114px\" \/><\/a>\n\t\t\t<\/dt><\/dl><dl class='gallery-item'>\n\t\t\t<dt class='gallery-icon portrait'>\n\t\t\t\t<a href='https:\/\/www.mundi-roth.de\/teneriffa-blog\/wp-content\/uploads\/2015\/12\/P1200921.jpg' rel=\"lightbox[4526]\"><img loading=\"lazy\" decoding=\"async\" width=\"74\" height=\"150\" src=\"https:\/\/www.mundi-roth.de\/teneriffa-blog\/wp-content\/uploads\/2015\/12\/P1200921-74x150.jpg\" class=\"attachment-thumbnail size-thumbnail\" alt=\"\" srcset=\"https:\/\/www.mundi-roth.de\/teneriffa-blog\/wp-content\/uploads\/2015\/12\/P1200921-74x150.jpg 74w, https:\/\/www.mundi-roth.de\/teneriffa-blog\/wp-content\/uploads\/2015\/12\/P1200921-149x300.jpg 149w, https:\/\/www.mundi-roth.de\/teneriffa-blog\/wp-content\/uploads\/2015\/12\/P1200921.jpg 397w\" sizes=\"auto, (max-width: 74px) 100vw, 74px\" \/><\/a>\n\t\t\t<\/dt><\/dl><br style=\"clear: both\" \/>\n\t\t<\/div>\n\n<p>Es handelt sich hier um eine der empfindlichsten Landschaft der gesamten Insel.<\/p>\n<p>Daher r\u00fchrt sicher, dass man den fr\u00fcheren Weg zum Campamento Madre del Agua am Fu\u00dfe dieser phantastischen Vulkangebilde\u00a0 nicht mehr gehen darf.<\/p>\n<p><strong>Nummer 10:<\/strong><br \/>\nNeue Wanderer auf alten Wegen<br \/>\nHeute sind es vor allem die Wanderliebhaber, die den alten K\u00f6nigsweg mit Leben f\u00fcllen.<br \/>\n<a href=\"http:\/\/www.mundi-roth.de\/teneriffa-blog\/wp-content\/uploads\/2015\/12\/P1200889.jpg\" rel=\"lightbox[4526]\" rel=\"attachment wp-att-4540\"><img loading=\"lazy\" decoding=\"async\" class=\"alignleft size-thumbnail wp-image-4540\" src=\"http:\/\/www.mundi-roth.de\/teneriffa-blog\/wp-content\/uploads\/2015\/12\/P1200889-150x113.jpg\" alt=\"P1200889\" width=\"150\" height=\"113\" srcset=\"https:\/\/www.mundi-roth.de\/teneriffa-blog\/wp-content\/uploads\/2015\/12\/P1200889-150x113.jpg 150w, https:\/\/www.mundi-roth.de\/teneriffa-blog\/wp-content\/uploads\/2015\/12\/P1200889-300x225.jpg 300w, https:\/\/www.mundi-roth.de\/teneriffa-blog\/wp-content\/uploads\/2015\/12\/P1200889-768x576.jpg 768w, https:\/\/www.mundi-roth.de\/teneriffa-blog\/wp-content\/uploads\/2015\/12\/P1200889.jpg 800w\" sizes=\"auto, (max-width: 150px) 100vw, 150px\" \/><\/a>Das Gebiet ist unter dem Namen Los Llanitos bekannt. Die alten Mauern dieses Hauses waren noch bis vor wenigen Jahrzehnten das Heim einer Familie von Bauersleuten.<a href=\"http:\/\/www.mundi-roth.de\/teneriffa-blog\/wp-content\/uploads\/2015\/12\/P1200887.jpg\" rel=\"lightbox[4526]\" rel=\"attachment wp-att-4541\"><img loading=\"lazy\" decoding=\"async\" class=\"alignright size-thumbnail wp-image-4541\" src=\"http:\/\/www.mundi-roth.de\/teneriffa-blog\/wp-content\/uploads\/2015\/12\/P1200887-110x150.jpg\" alt=\"P1200887\" width=\"110\" height=\"150\" srcset=\"https:\/\/www.mundi-roth.de\/teneriffa-blog\/wp-content\/uploads\/2015\/12\/P1200887-110x150.jpg 110w, https:\/\/www.mundi-roth.de\/teneriffa-blog\/wp-content\/uploads\/2015\/12\/P1200887-221x300.jpg 221w, https:\/\/www.mundi-roth.de\/teneriffa-blog\/wp-content\/uploads\/2015\/12\/P1200887.jpg 589w\" sizes=\"auto, (max-width: 110px) 100vw, 110px\" \/><\/a><br \/>\nGanz in der N\u00e4he beobachtet schweigend eine jahrhundertealte Kiefer wie die Zeit seither alles ver\u00e4ndert hat.<\/p>\n<p><strong>Fazit:<\/strong><br \/>\nDiese Region fasziniert!<br \/>\nEgal ob man nun die Forsstra\u00dfe geht oder f\u00e4hrt, \u00fcber Vilaflor aufsteigt, von den Ca\u00f1adas \u00fcber die schwarze Mondlandschaft \u00fcber paisaje lunar, die wei\u00dfe Mondlandschaft, absteigt der von der Degollada de Guajar auf der R\u00fcckseite der Mondlandschaft auf dem Weg Richtung Cruz de Tea wandert, immer wieder sind wir beeindruckt und begeistert.<br \/>\nGanz besonders wenn man so wunderbare Wetterbindungen wie wir heute antrifft: Sonne pur, azurblauer Himmel, allerdings nur 10 Grad, Fernsicht phantastisch und das Gl\u00fcck hat, als Wolken aufzogen, gerade im rechten Moment die wei\u00dfen Vulkan-Formationen von der Sonne angestrahlt werden.<\/p>\n<p>Da f\u00e4llt mir nur ein:<\/p>\n<p><strong>Spot on f\u00fcr eine der spektakul\u00e4rsten Attraktionen Teneriffas!<\/strong><\/p>\n","protected":false},"excerpt":{"rendered":"<p>Bevor unsere lieben Freunde wieder nach Deutschland zur\u00fcckkehren, wollen wir Ihnen mit dieser Wanderung noch einmal vor Augen f\u00fchren, wie abwechslungsreich, wie sch\u00f6n \u201eunsere\u201c Insel ist. Die Mondlandschaft ist eine der Sehensw\u00fcrdigkeiten Teneriffas und ist\u00a0 musterg\u00fcltig ausgeschildert, markiert mit wei\u00df-gelben Streifen. Wanderwegstrecke: 13,9 km, knapp 5 Stunden mit Schauen, Staunen und Lesen der Informationen bei [&hellip;]<\/p>\n","protected":false},"author":4,"featured_media":5168,"comment_status":"open","ping_status":"open","sticky":false,"template":"","format":"standard","meta":{"footnotes":""},"categories":[775,6],"tags":[47,151,149,3,439,17,446],"class_list":["post-4526","post","type-post","status-publish","format-standard","has-post-thumbnail","hentry","category-arona","category-wanderungen","tag-camino-real","tag-mondlandschaft","tag-paisaje-lunar","tag-teneriffa","tag-teneriffa-wandern","tag-vilaflor","tag-wandern-teneriffa"],"yoast_head":"<!-- This site is optimized with the Yoast SEO plugin v27.5 - https:\/\/yoast.com\/product\/yoast-seo-wordpress\/ -->\n<title>Paisaje lunar - Mondlandschaft - Teneriffa Wandern<\/title>\n<meta name=\"robots\" content=\"index, follow, max-snippet:-1, max-image-preview:large, max-video-preview:-1\" \/>\n<link rel=\"canonical\" href=\"https:\/\/www.mundi-roth.de\/teneriffa-blog\/wanderungen\/mondlandschaft\/\" \/>\n<meta name=\"twitter:label1\" content=\"Verfasst von\" \/>\n\t<meta name=\"twitter:data1\" content=\"mundi\" \/>\n\t<meta name=\"twitter:label2\" content=\"Gesch\u00e4tzte Lesezeit\" \/>\n\t<meta name=\"twitter:data2\" content=\"11\u00a0Minuten\" \/>\n<script type=\"application\/ld+json\" class=\"yoast-schema-graph\">{\"@context\":\"https:\\\/\\\/schema.org\",\"@graph\":[{\"@type\":\"Article\",\"@id\":\"https:\\\/\\\/www.mundi-roth.de\\\/teneriffa-blog\\\/wanderungen\\\/mondlandschaft\\\/#article\",\"isPartOf\":{\"@id\":\"https:\\\/\\\/www.mundi-roth.de\\\/teneriffa-blog\\\/wanderungen\\\/mondlandschaft\\\/\"},\"author\":{\"name\":\"mundi\",\"@id\":\"https:\\\/\\\/www.mundi-roth.de\\\/teneriffa-blog\\\/#\\\/schema\\\/person\\\/971c66b55f3ae5e8741553688c413cac\"},\"headline\":\"Paisaje lunar &#8211; Mondlandschaft\",\"datePublished\":\"2015-12-10T21:00:58+00:00\",\"dateModified\":\"2016-05-23T10:44:16+00:00\",\"mainEntityOfPage\":{\"@id\":\"https:\\\/\\\/www.mundi-roth.de\\\/teneriffa-blog\\\/wanderungen\\\/mondlandschaft\\\/\"},\"wordCount\":2120,\"commentCount\":2,\"image\":{\"@id\":\"https:\\\/\\\/www.mundi-roth.de\\\/teneriffa-blog\\\/wanderungen\\\/mondlandschaft\\\/#primaryimage\"},\"thumbnailUrl\":\"https:\\\/\\\/www.mundi-roth.de\\\/teneriffa-blog\\\/wp-content\\\/uploads\\\/2015\\\/12\\\/IMG_8860x.jpg\",\"keywords\":[\"Camino Real\",\"Mondlandschaft\",\"Paisaje Lunar\",\"Teneriffa\",\"Teneriffa Wandern\",\"Vilaflor\",\"Wandern Teneriffa\"],\"articleSection\":[\"Arona\",\"Wanderungen\"],\"inLanguage\":\"de\",\"potentialAction\":[{\"@type\":\"CommentAction\",\"name\":\"Comment\",\"target\":[\"https:\\\/\\\/www.mundi-roth.de\\\/teneriffa-blog\\\/wanderungen\\\/mondlandschaft\\\/#respond\"]}]},{\"@type\":\"WebPage\",\"@id\":\"https:\\\/\\\/www.mundi-roth.de\\\/teneriffa-blog\\\/wanderungen\\\/mondlandschaft\\\/\",\"url\":\"https:\\\/\\\/www.mundi-roth.de\\\/teneriffa-blog\\\/wanderungen\\\/mondlandschaft\\\/\",\"name\":\"Paisaje lunar - Mondlandschaft - Teneriffa Wandern\",\"isPartOf\":{\"@id\":\"https:\\\/\\\/www.mundi-roth.de\\\/teneriffa-blog\\\/#website\"},\"primaryImageOfPage\":{\"@id\":\"https:\\\/\\\/www.mundi-roth.de\\\/teneriffa-blog\\\/wanderungen\\\/mondlandschaft\\\/#primaryimage\"},\"image\":{\"@id\":\"https:\\\/\\\/www.mundi-roth.de\\\/teneriffa-blog\\\/wanderungen\\\/mondlandschaft\\\/#primaryimage\"},\"thumbnailUrl\":\"https:\\\/\\\/www.mundi-roth.de\\\/teneriffa-blog\\\/wp-content\\\/uploads\\\/2015\\\/12\\\/IMG_8860x.jpg\",\"datePublished\":\"2015-12-10T21:00:58+00:00\",\"dateModified\":\"2016-05-23T10:44:16+00:00\",\"author\":{\"@id\":\"https:\\\/\\\/www.mundi-roth.de\\\/teneriffa-blog\\\/#\\\/schema\\\/person\\\/971c66b55f3ae5e8741553688c413cac\"},\"breadcrumb\":{\"@id\":\"https:\\\/\\\/www.mundi-roth.de\\\/teneriffa-blog\\\/wanderungen\\\/mondlandschaft\\\/#breadcrumb\"},\"inLanguage\":\"de\",\"potentialAction\":[{\"@type\":\"ReadAction\",\"target\":[\"https:\\\/\\\/www.mundi-roth.de\\\/teneriffa-blog\\\/wanderungen\\\/mondlandschaft\\\/\"]}]},{\"@type\":\"ImageObject\",\"inLanguage\":\"de\",\"@id\":\"https:\\\/\\\/www.mundi-roth.de\\\/teneriffa-blog\\\/wanderungen\\\/mondlandschaft\\\/#primaryimage\",\"url\":\"https:\\\/\\\/www.mundi-roth.de\\\/teneriffa-blog\\\/wp-content\\\/uploads\\\/2015\\\/12\\\/IMG_8860x.jpg\",\"contentUrl\":\"https:\\\/\\\/www.mundi-roth.de\\\/teneriffa-blog\\\/wp-content\\\/uploads\\\/2015\\\/12\\\/IMG_8860x.jpg\",\"width\":269,\"height\":202,\"caption\":\"Modlandschaft\"},{\"@type\":\"BreadcrumbList\",\"@id\":\"https:\\\/\\\/www.mundi-roth.de\\\/teneriffa-blog\\\/wanderungen\\\/mondlandschaft\\\/#breadcrumb\",\"itemListElement\":[{\"@type\":\"ListItem\",\"position\":1,\"name\":\"Startseite\",\"item\":\"https:\\\/\\\/www.mundi-roth.de\\\/teneriffa-blog\\\/\"},{\"@type\":\"ListItem\",\"position\":2,\"name\":\"Paisaje lunar &#8211; Mondlandschaft\"}]},{\"@type\":\"WebSite\",\"@id\":\"https:\\\/\\\/www.mundi-roth.de\\\/teneriffa-blog\\\/#website\",\"url\":\"https:\\\/\\\/www.mundi-roth.de\\\/teneriffa-blog\\\/\",\"name\":\"Teneriffa Wandern\",\"description\":\"Nicht nur Wanderungen auf Teneriffa...\",\"potentialAction\":[{\"@type\":\"SearchAction\",\"target\":{\"@type\":\"EntryPoint\",\"urlTemplate\":\"https:\\\/\\\/www.mundi-roth.de\\\/teneriffa-blog\\\/?s={search_term_string}\"},\"query-input\":{\"@type\":\"PropertyValueSpecification\",\"valueRequired\":true,\"valueName\":\"search_term_string\"}}],\"inLanguage\":\"de\"},{\"@type\":\"Person\",\"@id\":\"https:\\\/\\\/www.mundi-roth.de\\\/teneriffa-blog\\\/#\\\/schema\\\/person\\\/971c66b55f3ae5e8741553688c413cac\",\"name\":\"mundi\",\"image\":{\"@type\":\"ImageObject\",\"inLanguage\":\"de\",\"@id\":\"https:\\\/\\\/secure.gravatar.com\\\/avatar\\\/555f0dd85428f1a9330f8e5dbe9e40ff9ca912bb81e5a89747ebf3ca9c20dc0f?s=96&d=mm&r=g\",\"url\":\"https:\\\/\\\/secure.gravatar.com\\\/avatar\\\/555f0dd85428f1a9330f8e5dbe9e40ff9ca912bb81e5a89747ebf3ca9c20dc0f?s=96&d=mm&r=g\",\"contentUrl\":\"https:\\\/\\\/secure.gravatar.com\\\/avatar\\\/555f0dd85428f1a9330f8e5dbe9e40ff9ca912bb81e5a89747ebf3ca9c20dc0f?s=96&d=mm&r=g\",\"caption\":\"mundi\"},\"sameAs\":[\"http:\\\/\\\/mundi-roth.de\"],\"url\":\"https:\\\/\\\/www.mundi-roth.de\\\/teneriffa-blog\\\/author\\\/mundi\\\/\"}]}<\/script>\n<!-- \/ Yoast SEO plugin. -->","yoast_head_json":{"title":"Paisaje lunar - Mondlandschaft - Teneriffa Wandern","robots":{"index":"index","follow":"follow","max-snippet":"max-snippet:-1","max-image-preview":"max-image-preview:large","max-video-preview":"max-video-preview:-1"},"canonical":"https:\/\/www.mundi-roth.de\/teneriffa-blog\/wanderungen\/mondlandschaft\/","twitter_misc":{"Verfasst von":"mundi","Gesch\u00e4tzte Lesezeit":"11\u00a0Minuten"},"schema":{"@context":"https:\/\/schema.org","@graph":[{"@type":"Article","@id":"https:\/\/www.mundi-roth.de\/teneriffa-blog\/wanderungen\/mondlandschaft\/#article","isPartOf":{"@id":"https:\/\/www.mundi-roth.de\/teneriffa-blog\/wanderungen\/mondlandschaft\/"},"author":{"name":"mundi","@id":"https:\/\/www.mundi-roth.de\/teneriffa-blog\/#\/schema\/person\/971c66b55f3ae5e8741553688c413cac"},"headline":"Paisaje lunar &#8211; Mondlandschaft","datePublished":"2015-12-10T21:00:58+00:00","dateModified":"2016-05-23T10:44:16+00:00","mainEntityOfPage":{"@id":"https:\/\/www.mundi-roth.de\/teneriffa-blog\/wanderungen\/mondlandschaft\/"},"wordCount":2120,"commentCount":2,"image":{"@id":"https:\/\/www.mundi-roth.de\/teneriffa-blog\/wanderungen\/mondlandschaft\/#primaryimage"},"thumbnailUrl":"https:\/\/www.mundi-roth.de\/teneriffa-blog\/wp-content\/uploads\/2015\/12\/IMG_8860x.jpg","keywords":["Camino Real","Mondlandschaft","Paisaje Lunar","Teneriffa","Teneriffa Wandern","Vilaflor","Wandern Teneriffa"],"articleSection":["Arona","Wanderungen"],"inLanguage":"de","potentialAction":[{"@type":"CommentAction","name":"Comment","target":["https:\/\/www.mundi-roth.de\/teneriffa-blog\/wanderungen\/mondlandschaft\/#respond"]}]},{"@type":"WebPage","@id":"https:\/\/www.mundi-roth.de\/teneriffa-blog\/wanderungen\/mondlandschaft\/","url":"https:\/\/www.mundi-roth.de\/teneriffa-blog\/wanderungen\/mondlandschaft\/","name":"Paisaje lunar - Mondlandschaft - Teneriffa Wandern","isPartOf":{"@id":"https:\/\/www.mundi-roth.de\/teneriffa-blog\/#website"},"primaryImageOfPage":{"@id":"https:\/\/www.mundi-roth.de\/teneriffa-blog\/wanderungen\/mondlandschaft\/#primaryimage"},"image":{"@id":"https:\/\/www.mundi-roth.de\/teneriffa-blog\/wanderungen\/mondlandschaft\/#primaryimage"},"thumbnailUrl":"https:\/\/www.mundi-roth.de\/teneriffa-blog\/wp-content\/uploads\/2015\/12\/IMG_8860x.jpg","datePublished":"2015-12-10T21:00:58+00:00","dateModified":"2016-05-23T10:44:16+00:00","author":{"@id":"https:\/\/www.mundi-roth.de\/teneriffa-blog\/#\/schema\/person\/971c66b55f3ae5e8741553688c413cac"},"breadcrumb":{"@id":"https:\/\/www.mundi-roth.de\/teneriffa-blog\/wanderungen\/mondlandschaft\/#breadcrumb"},"inLanguage":"de","potentialAction":[{"@type":"ReadAction","target":["https:\/\/www.mundi-roth.de\/teneriffa-blog\/wanderungen\/mondlandschaft\/"]}]},{"@type":"ImageObject","inLanguage":"de","@id":"https:\/\/www.mundi-roth.de\/teneriffa-blog\/wanderungen\/mondlandschaft\/#primaryimage","url":"https:\/\/www.mundi-roth.de\/teneriffa-blog\/wp-content\/uploads\/2015\/12\/IMG_8860x.jpg","contentUrl":"https:\/\/www.mundi-roth.de\/teneriffa-blog\/wp-content\/uploads\/2015\/12\/IMG_8860x.jpg","width":269,"height":202,"caption":"Modlandschaft"},{"@type":"BreadcrumbList","@id":"https:\/\/www.mundi-roth.de\/teneriffa-blog\/wanderungen\/mondlandschaft\/#breadcrumb","itemListElement":[{"@type":"ListItem","position":1,"name":"Startseite","item":"https:\/\/www.mundi-roth.de\/teneriffa-blog\/"},{"@type":"ListItem","position":2,"name":"Paisaje lunar &#8211; Mondlandschaft"}]},{"@type":"WebSite","@id":"https:\/\/www.mundi-roth.de\/teneriffa-blog\/#website","url":"https:\/\/www.mundi-roth.de\/teneriffa-blog\/","name":"Teneriffa Wandern","description":"Nicht nur Wanderungen auf Teneriffa...","potentialAction":[{"@type":"SearchAction","target":{"@type":"EntryPoint","urlTemplate":"https:\/\/www.mundi-roth.de\/teneriffa-blog\/?s={search_term_string}"},"query-input":{"@type":"PropertyValueSpecification","valueRequired":true,"valueName":"search_term_string"}}],"inLanguage":"de"},{"@type":"Person","@id":"https:\/\/www.mundi-roth.de\/teneriffa-blog\/#\/schema\/person\/971c66b55f3ae5e8741553688c413cac","name":"mundi","image":{"@type":"ImageObject","inLanguage":"de","@id":"https:\/\/secure.gravatar.com\/avatar\/555f0dd85428f1a9330f8e5dbe9e40ff9ca912bb81e5a89747ebf3ca9c20dc0f?s=96&d=mm&r=g","url":"https:\/\/secure.gravatar.com\/avatar\/555f0dd85428f1a9330f8e5dbe9e40ff9ca912bb81e5a89747ebf3ca9c20dc0f?s=96&d=mm&r=g","contentUrl":"https:\/\/secure.gravatar.com\/avatar\/555f0dd85428f1a9330f8e5dbe9e40ff9ca912bb81e5a89747ebf3ca9c20dc0f?s=96&d=mm&r=g","caption":"mundi"},"sameAs":["http:\/\/mundi-roth.de"],"url":"https:\/\/www.mundi-roth.de\/teneriffa-blog\/author\/mundi\/"}]}},"_links":{"self":[{"href":"https:\/\/www.mundi-roth.de\/teneriffa-blog\/wp-json\/wp\/v2\/posts\/4526","targetHints":{"allow":["GET"]}}],"collection":[{"href":"https:\/\/www.mundi-roth.de\/teneriffa-blog\/wp-json\/wp\/v2\/posts"}],"about":[{"href":"https:\/\/www.mundi-roth.de\/teneriffa-blog\/wp-json\/wp\/v2\/types\/post"}],"author":[{"embeddable":true,"href":"https:\/\/www.mundi-roth.de\/teneriffa-blog\/wp-json\/wp\/v2\/users\/4"}],"replies":[{"embeddable":true,"href":"https:\/\/www.mundi-roth.de\/teneriffa-blog\/wp-json\/wp\/v2\/comments?post=4526"}],"version-history":[{"count":0,"href":"https:\/\/www.mundi-roth.de\/teneriffa-blog\/wp-json\/wp\/v2\/posts\/4526\/revisions"}],"wp:featuredmedia":[{"embeddable":true,"href":"https:\/\/www.mundi-roth.de\/teneriffa-blog\/wp-json\/wp\/v2\/media\/5168"}],"wp:attachment":[{"href":"https:\/\/www.mundi-roth.de\/teneriffa-blog\/wp-json\/wp\/v2\/media?parent=4526"}],"wp:term":[{"taxonomy":"category","embeddable":true,"href":"https:\/\/www.mundi-roth.de\/teneriffa-blog\/wp-json\/wp\/v2\/categories?post=4526"},{"taxonomy":"post_tag","embeddable":true,"href":"https:\/\/www.mundi-roth.de\/teneriffa-blog\/wp-json\/wp\/v2\/tags?post=4526"}],"curies":[{"name":"wp","href":"https:\/\/api.w.org\/{rel}","templated":true}]}}