{"id":4547,"date":"2015-12-17T22:00:10","date_gmt":"2015-12-17T21:00:10","guid":{"rendered":"http:\/\/www.mundi-roth.de\/teneriffa-blog\/?p=4547"},"modified":"2016-05-20T10:07:54","modified_gmt":"2016-05-20T09:07:54","slug":"camino-real-del-sur-5","status":"publish","type":"post","link":"https:\/\/www.mundi-roth.de\/teneriffa-blog\/allgemein\/camino-real-del-sur-5\/","title":{"rendered":"CAMINO REAL del SUR (5)"},"content":{"rendered":"<p style=\"text-align: center;\"><strong>Camino Real del Sur<\/strong><br \/>\n<strong>5. Etappe<\/strong><br \/>\n<strong>Granadilla &#8211; Mirador de La Centilena<br \/>\n<\/strong><\/p>\n<p style=\"text-align: center;\"><strong>\u00a0oberhalb von Valle de San Lorenzo \u00a0<\/strong><\/p>\n<p>Elisabeth und ich wir begl\u00fcckw\u00fcnschen uns, dass wir nach der schrecklichen 3. Etappe nicht die Flinte ins Korn geworfen haben sondern unserem Plan, den gesamten Camino Real del Sur von Candelaria nach Santiago del Teide zu gehen, treu gebieben sind.<\/p>\n<p style=\"text-align: center;\">Die heutige Etappe war einfach sch\u00f6n!<br \/>\nHerrlicher Sonnenschein!<br \/>\nWolkenloser, himmelblauer Himmel!<br \/>\nKeine Schwierigkeiten!<br \/>\nWeg fast auf Anhieb immer richtig gefunden!<br \/>\nAbwechslung am laufenden Meter von landwirtschaftlich genutzten Fl\u00e4chen, sch\u00f6nen, freistehenden H\u00e4usern, Caserios, bis hin zu diversen Kirchen und Sehensw\u00fcrdigkeiten oder bemerkenswerten Dingen, Kunst imGarten.<br \/>\nSan Miguel hat uns begeistert.<\/p>\n<p style=\"text-align: left;\"><a href=\"http:\/\/www.mundi-roth.de\/teneriffa-blog\/wp-content\/uploads\/2015\/12\/Track02-1.jpg\" rel=\"lightbox[4547]\" rel=\"attachment wp-att-4549\"><img loading=\"lazy\" decoding=\"async\" class=\"aligncenter size-medium wp-image-4549\" src=\"http:\/\/www.mundi-roth.de\/teneriffa-blog\/wp-content\/uploads\/2015\/12\/Track02-1-300x227.jpg\" alt=\"Track02\" width=\"300\" height=\"227\" srcset=\"https:\/\/www.mundi-roth.de\/teneriffa-blog\/wp-content\/uploads\/2015\/12\/Track02-1-300x227.jpg 300w, https:\/\/www.mundi-roth.de\/teneriffa-blog\/wp-content\/uploads\/2015\/12\/Track02-1-150x114.jpg 150w, https:\/\/www.mundi-roth.de\/teneriffa-blog\/wp-content\/uploads\/2015\/12\/Track02-1-768x582.jpg 768w, https:\/\/www.mundi-roth.de\/teneriffa-blog\/wp-content\/uploads\/2015\/12\/Track02-1.jpg 800w\" sizes=\"auto, (max-width: 300px) 100vw, 300px\" \/><\/a><\/p>\n<p style=\"text-align: left;\"><strong>Wanderwegstrecke: 12,7 km in 4 Stunden 50 Minuten<\/strong><\/p>\n<p style=\"text-align: left;\">F\u00fcr GPS-Fans die Tour als <a href=\"http:\/\/www.mundi-roth.de\/teneriffa-blog\/wp-content\/uploads\/2015\/12\/mGPX_20151217104238.7z\">GPX-Datei<\/a> im Zip-Format<\/p>\n<p style=\"text-align: left;\"><a href=\"http:\/\/www.mundi-roth.de\/teneriffa-blog\/wp-content\/uploads\/2015\/12\/P1200983.jpg\" rel=\"lightbox[4547]\" rel=\"attachment wp-att-4550\"><img loading=\"lazy\" decoding=\"async\" class=\"alignleft size-thumbnail wp-image-4550\" src=\"http:\/\/www.mundi-roth.de\/teneriffa-blog\/wp-content\/uploads\/2015\/12\/P1200983-128x150.jpg\" alt=\"P1200983\" width=\"128\" height=\"150\" srcset=\"https:\/\/www.mundi-roth.de\/teneriffa-blog\/wp-content\/uploads\/2015\/12\/P1200983-128x150.jpg 128w, https:\/\/www.mundi-roth.de\/teneriffa-blog\/wp-content\/uploads\/2015\/12\/P1200983-257x300.jpg 257w, https:\/\/www.mundi-roth.de\/teneriffa-blog\/wp-content\/uploads\/2015\/12\/P1200983.jpg 684w\" sizes=\"auto, (max-width: 128px) 100vw, 128px\" \/><\/a>Mit dem Bus Nr. 416 fuhren wir bis Granadilla und gingen erst bis zur Kirche San Antonio de Padua, zum einen, weil wir hofften, wir k\u00f6nnten sie heute vormittag besichtigen \u2013 leider vergebens \u2013 zum anderen wollten wir den Anschlu\u00df des Camino Real del Sur hier weiterf\u00fchren.<br \/>\nWir machten einen Schlenker auf dem Weg zum Rathaus<a href=\"http:\/\/www.mundi-roth.de\/teneriffa-blog\/wp-content\/uploads\/2015\/12\/P1200973.jpg\" rel=\"lightbox[4547]\" rel=\"attachment wp-att-4551\"><img loading=\"lazy\" decoding=\"async\" class=\"alignright size-thumbnail wp-image-4551\" src=\"http:\/\/www.mundi-roth.de\/teneriffa-blog\/wp-content\/uploads\/2015\/12\/P1200973-113x150.jpg\" alt=\"P1200973\" width=\"113\" height=\"150\" srcset=\"https:\/\/www.mundi-roth.de\/teneriffa-blog\/wp-content\/uploads\/2015\/12\/P1200973-113x150.jpg 113w, https:\/\/www.mundi-roth.de\/teneriffa-blog\/wp-content\/uploads\/2015\/12\/P1200973-225x300.jpg 225w, https:\/\/www.mundi-roth.de\/teneriffa-blog\/wp-content\/uploads\/2015\/12\/P1200973.jpg 600w\" sizes=\"auto, (max-width: 113px) 100vw, 113px\" \/><\/a> ins Tourismusb\u00fcro, um doch noch einen Plan des alten Pfades zu bekommen. Wir wurden beschieden: Nein, gibt es nicht, die Strecke ist zu gef\u00e4hrlich.<br \/>\nJedoch wird im \u201eVorhof\u201c\u00a0 des Rathauses mit wuchtigen Ficusb\u00e4umen auf einer Infotafel der Camino Real <a href=\"http:\/\/www.mundi-roth.de\/teneriffa-blog\/wp-content\/uploads\/2015\/12\/P1200971.jpg\" rel=\"lightbox[4547]\" rel=\"attachment wp-att-4552\"><img loading=\"lazy\" decoding=\"async\" class=\"alignleft size-thumbnail wp-image-4552\" src=\"http:\/\/www.mundi-roth.de\/teneriffa-blog\/wp-content\/uploads\/2015\/12\/P1200971-113x150.jpg\" alt=\"P1200971\" width=\"113\" height=\"150\" srcset=\"https:\/\/www.mundi-roth.de\/teneriffa-blog\/wp-content\/uploads\/2015\/12\/P1200971-113x150.jpg 113w, https:\/\/www.mundi-roth.de\/teneriffa-blog\/wp-content\/uploads\/2015\/12\/P1200971-225x300.jpg 225w, https:\/\/www.mundi-roth.de\/teneriffa-blog\/wp-content\/uploads\/2015\/12\/P1200971.jpg 600w\" sizes=\"auto, (max-width: 113px) 100vw, 113px\" \/><\/a>Granadilla \u2013 San Miguel dargestellt und beschrieben.<br \/>\nHier befindet sich auch das Kloster San Franciscanus de San Luis.<br \/>\nWir wissen, dass wir in die Calle Aguilillas\u00a0 abbiegen m\u00fcssen, aber vor lauter Schauen und Erz\u00e4hlen laufen wir erst mal dran vorbei.<br \/>\nIm zweiten Anlauf klappt es dann und wir m\u00fcssen sofort sehr steil, schwei\u00dftreibend aufsteigen bis zur \u201ePaisaje Aguilillas\u201c.<\/p>\n<p>Jedoch, wir sind immer wieder \u00fcberrascht, wie schnell man H\u00f6he gewinnt. Der Trick dabei ist, nicht nach vorne oder oben zu schauen sondern auf die F\u00fc\u00dfe und Schritt vor Schritt zu setzen.<br \/>\nDiesen Trick haben wir vom Stra\u00dfenkehrer Beppo aus \u201eMomo\u201c von Michael Ende.<br \/>\n<em>&#8222;Man darf nie an die ganze Stra\u00dfe auf einmal denken, verstehst du? Man muss nur an den n\u00e4chsten Schritt denken, an den n\u00e4chsten Atemzug, an den n\u00e4chsten Besenstrich. Und immer wieder nur an den n\u00e4chsten.&#8220;<\/em><br \/>\n<em> Wieder hielt er inne und \u00fcberlegte, ehe er hinzuf\u00fcgte:<\/em><br \/>\n<em> &#8222;Dann macht es Freude; das ist wichtig, dann macht man seine Sache gut. Und so soll es sein.&#8220;<\/em><\/p>\n<p>Bei drei h\u00f6lzernen Telegrafen-Masten k\u00f6nnen wir dann schon den Asphalt <a href=\"http:\/\/www.mundi-roth.de\/teneriffa-blog\/wp-content\/uploads\/2015\/12\/P1200992.jpg\" rel=\"lightbox[4547]\" rel=\"attachment wp-att-4553\"><img loading=\"lazy\" decoding=\"async\" class=\"alignright size-thumbnail wp-image-4553\" src=\"http:\/\/www.mundi-roth.de\/teneriffa-blog\/wp-content\/uploads\/2015\/12\/P1200992-150x128.jpg\" alt=\"P1200992\" width=\"150\" height=\"128\" srcset=\"https:\/\/www.mundi-roth.de\/teneriffa-blog\/wp-content\/uploads\/2015\/12\/P1200992-150x128.jpg 150w, https:\/\/www.mundi-roth.de\/teneriffa-blog\/wp-content\/uploads\/2015\/12\/P1200992-300x257.jpg 300w, https:\/\/www.mundi-roth.de\/teneriffa-blog\/wp-content\/uploads\/2015\/12\/P1200992-768x657.jpg 768w, https:\/\/www.mundi-roth.de\/teneriffa-blog\/wp-content\/uploads\/2015\/12\/P1200992.jpg 800w\" sizes=\"auto, (max-width: 150px) 100vw, 150px\" \/><\/a>verlassen und biegen in eine gr\u00fcne H\u00f6lle ein mit sch\u00f6nem Blick \u2013 wie schon oft gehabt \u2013 auf das Meer, den Hafen von Granadilla \u2013 die Berge, selbst Guajara und Sombrero wie Teide &#8211; wolkenlos!<\/p>\n<p>Wir wandern wieder auf original K\u00f6nigswegpflasterung!<\/p>\n<p>Nur knapp 10 Minuten sp\u00e4ter erreichen wir die Calle Las Chozas, passieren den Fu\u00dfballplatz, queren die TF 21 bei km 84 und bei einer Ansammlung <a href=\"http:\/\/www.mundi-roth.de\/teneriffa-blog\/wp-content\/uploads\/2015\/12\/P1210001.jpg\" rel=\"lightbox[4547]\" rel=\"attachment wp-att-4554\"><img loading=\"lazy\" decoding=\"async\" class=\"alignleft size-thumbnail wp-image-4554\" src=\"http:\/\/www.mundi-roth.de\/teneriffa-blog\/wp-content\/uploads\/2015\/12\/P1210001-150x113.jpg\" alt=\"P1210001\" width=\"150\" height=\"113\" srcset=\"https:\/\/www.mundi-roth.de\/teneriffa-blog\/wp-content\/uploads\/2015\/12\/P1210001-150x113.jpg 150w, https:\/\/www.mundi-roth.de\/teneriffa-blog\/wp-content\/uploads\/2015\/12\/P1210001-300x225.jpg 300w, https:\/\/www.mundi-roth.de\/teneriffa-blog\/wp-content\/uploads\/2015\/12\/P1210001-768x576.jpg 768w, https:\/\/www.mundi-roth.de\/teneriffa-blog\/wp-content\/uploads\/2015\/12\/P1210001.jpg 800w\" sizes=\"auto, (max-width: 150px) 100vw, 150px\" \/><\/a>Eukalyptusb\u00e4umen tauchen wir wieder in das Gr\u00fcn ein.<br \/>\nKaktusfeigen, Tabaibas, Wermut und und und eine hohe Mauer aus Vulkangestein s\u00e4umt den Pfad. Die H\u00e4nge sind gesprenkelt mit den wei\u00df leuchtenden Margeritenstr\u00e4uchern und die Monta\u00f1a Roja in El M\u00e9dano sowie die vielen Vukankegel fangen den Blick.<br \/>\nAn einer Wasserverteilungsanlage und einem mal gut gef\u00fcllten Wasserreservoir gehen wir vorbei.<a href=\"http:\/\/www.mundi-roth.de\/teneriffa-blog\/wp-content\/uploads\/2015\/12\/P1210008.jpg\" rel=\"lightbox[4547]\" rel=\"attachment wp-att-4588\"><img loading=\"lazy\" decoding=\"async\" class=\"alignright size-thumbnail wp-image-4588\" src=\"http:\/\/www.mundi-roth.de\/teneriffa-blog\/wp-content\/uploads\/2015\/12\/P1210008-150x97.jpg\" alt=\"P1210008\" width=\"150\" height=\"97\" srcset=\"https:\/\/www.mundi-roth.de\/teneriffa-blog\/wp-content\/uploads\/2015\/12\/P1210008-150x97.jpg 150w, https:\/\/www.mundi-roth.de\/teneriffa-blog\/wp-content\/uploads\/2015\/12\/P1210008-300x194.jpg 300w, https:\/\/www.mundi-roth.de\/teneriffa-blog\/wp-content\/uploads\/2015\/12\/P1210008-768x496.jpg 768w, https:\/\/www.mundi-roth.de\/teneriffa-blog\/wp-content\/uploads\/2015\/12\/P1210008.jpg 800w\" sizes=\"auto, (max-width: 150px) 100vw, 150px\" \/><\/a><br \/>\nDer Weg f\u00fchrt an der Kapelle der \u201eVirgen de las Nieves\u201c vorbei (geschlossen). Auf dem Kirchplatz gibt es sogar einen alten Backofen.<\/p>\n<p>Landwirtschaft wird hier intensiv betrieben. Die Beete sind gut bestellt und mit Jable, dem hilfreichen Tuffsteinchen schon vorbereitet f\u00fcr die n\u00e4chste Aussaat,\u00a0 Anpflanzung oder die Samen wurden schon ausgebracht?\u00a0 Inzwischen gehen wir wieder eine kurze Strecke auf Asphalt und passieren einige versprengte H\u00e4user, die ihre Mauern liebevoll mit Kakteen geziert haben und abw\u00e4rts geht es wieder in eine Schlucht auf Camino Real Pfad.<br \/>\nWir steigen auf und gelangen in die Calle La Pe\u00f1a, blicken zur\u00fcck \u00fcber das Dach eines verfallenen Hauses und staunen selbst, wie schnell wir immer \u201eStrecke\u201c machen.<\/p>\n<p>Wir sind im \u00d6rtchen Charco del Pino angekommen.<\/p>\n<p><a href=\"http:\/\/www.mundi-roth.de\/teneriffa-blog\/wp-content\/uploads\/2015\/12\/P1210016.jpg\" rel=\"lightbox[4547]\" rel=\"attachment wp-att-4556\"><img loading=\"lazy\" decoding=\"async\" class=\"alignleft size-thumbnail wp-image-4556\" src=\"http:\/\/www.mundi-roth.de\/teneriffa-blog\/wp-content\/uploads\/2015\/12\/P1210016-150x114.jpg\" alt=\"P1210016\" width=\"150\" height=\"114\" srcset=\"https:\/\/www.mundi-roth.de\/teneriffa-blog\/wp-content\/uploads\/2015\/12\/P1210016-150x114.jpg 150w, https:\/\/www.mundi-roth.de\/teneriffa-blog\/wp-content\/uploads\/2015\/12\/P1210016-300x228.jpg 300w, https:\/\/www.mundi-roth.de\/teneriffa-blog\/wp-content\/uploads\/2015\/12\/P1210016-768x583.jpg 768w, https:\/\/www.mundi-roth.de\/teneriffa-blog\/wp-content\/uploads\/2015\/12\/P1210016.jpg 800w\" sizes=\"auto, (max-width: 150px) 100vw, 150px\" \/><\/a>Vor uns geht der Blick auf den Mirador Chi\u00f1ama \u2013 den Aufstieg sparen wir uns heute und kurz darauf sind wir auch schon wieder auf einem Kirchplatz, Plaza de <a href=\"http:\/\/www.mundi-roth.de\/teneriffa-blog\/wp-content\/uploads\/2015\/12\/P1210031.jpg\" rel=\"lightbox[4547]\" rel=\"attachment wp-att-4557\"><img loading=\"lazy\" decoding=\"async\" class=\"alignright size-thumbnail wp-image-4557\" src=\"http:\/\/www.mundi-roth.de\/teneriffa-blog\/wp-content\/uploads\/2015\/12\/P1210031-120x150.jpg\" alt=\"P1210031\" width=\"120\" height=\"150\" srcset=\"https:\/\/www.mundi-roth.de\/teneriffa-blog\/wp-content\/uploads\/2015\/12\/P1210031-120x150.jpg 120w, https:\/\/www.mundi-roth.de\/teneriffa-blog\/wp-content\/uploads\/2015\/12\/P1210031-241x300.jpg 241w, https:\/\/www.mundi-roth.de\/teneriffa-blog\/wp-content\/uploads\/2015\/12\/P1210031.jpg 582w\" sizes=\"auto, (max-width: 120px) 100vw, 120px\" \/><\/a>Charco del Pino.<br \/>\nAuf der auch hier angebrachten Infotafel werden wir auf die Geschichtstr\u00e4chtigkeit aufmerksam gemacht, dass hier in der N\u00e4he die Ureinwohner mit ihren Herden an die Tr\u00e4nke zogen, dass sp\u00e4ter Bauern, M\u00f6nche und Fischverk\u00e4ufer den k\u00f6niglichen Weg entlang zogen.<br \/>\nDie Kirche \u2013 Iglesia de San Luis IX &#8211;\u00a0 nat\u00fcrlich verschlossen \u2013 war fr\u00fcher eine Einsiedelei \u2013 sie beherbergt das Originalbildnis des Heiligen Bischofs Ludwig, K\u00f6nig von Frankreich, der die Dornenkrone Christi in der Hand h\u00e4lt, die er w\u00e4hrend der Kreuzz\u00fcge aus dem Heiligen Land nach Paris bringen lie\u00df.<\/p>\n<p>Ein kleines St\u00fcckchen m\u00fcssen wir auf der TF 28 gehen, jedoch kurz nach km 78, beim Ortsausgangsschild \u201eCharco del Pino\u201c\u00a0 geht es links schon wieder \u201ein die B\u00fcsche\u201c.<\/p>\n<p>Kaktusfeigen, Kaktusfeigen! Seit die Farbe, die u.a. f\u00fcr Lippenstifte gebraucht wurde, syntetisch hergestellt wird, hat das Einsammeln der Cochinilleschildlaus, deren Wirt ja die Katusfeigen, Opuntien sind, ausgedient und damit auch ein Erwerbszweig.<\/p>\n<p><a href=\"http:\/\/www.mundi-roth.de\/teneriffa-blog\/wp-content\/uploads\/2015\/12\/P1210039.jpg\" rel=\"lightbox[4547]\" rel=\"attachment wp-att-4558\"><img loading=\"lazy\" decoding=\"async\" class=\"alignleft size-thumbnail wp-image-4558\" src=\"http:\/\/www.mundi-roth.de\/teneriffa-blog\/wp-content\/uploads\/2015\/12\/P1210039-150x101.jpg\" alt=\"P1210039\" width=\"150\" height=\"101\" srcset=\"https:\/\/www.mundi-roth.de\/teneriffa-blog\/wp-content\/uploads\/2015\/12\/P1210039-150x101.jpg 150w, https:\/\/www.mundi-roth.de\/teneriffa-blog\/wp-content\/uploads\/2015\/12\/P1210039-300x201.jpg 300w, https:\/\/www.mundi-roth.de\/teneriffa-blog\/wp-content\/uploads\/2015\/12\/P1210039-768x515.jpg 768w, https:\/\/www.mundi-roth.de\/teneriffa-blog\/wp-content\/uploads\/2015\/12\/P1210039.jpg 800w\" sizes=\"auto, (max-width: 150px) 100vw, 150px\" \/><\/a>Offensichtlich versucht man Gel\u00e4nde wieder f\u00fcr die Landwirtschaft urbar zu machen. Wir beobachten einen Mann, der eine der Vulkansteinmauern erneuert und Kaktusfeigen rodet.<\/p>\n<p>Unser Weg ist gut auszumachen, gut zu gehen, und oh Wunder: Schon wieder steht eine Informationstafel unverhofft in der Landschaft.<\/p>\n<p>\u201eTramo del Camino Real del Sur \u2013 Barranco de la Orchilla\u201c<a href=\"http:\/\/www.mundi-roth.de\/teneriffa-blog\/wp-content\/uploads\/2015\/12\/P1210045.jpg\" rel=\"lightbox[4547]\" rel=\"attachment wp-att-4559\"><img loading=\"lazy\" decoding=\"async\" class=\"alignright size-thumbnail wp-image-4559\" src=\"http:\/\/www.mundi-roth.de\/teneriffa-blog\/wp-content\/uploads\/2015\/12\/P1210045-150x70.jpg\" alt=\"P1210045\" width=\"150\" height=\"70\" srcset=\"https:\/\/www.mundi-roth.de\/teneriffa-blog\/wp-content\/uploads\/2015\/12\/P1210045-150x70.jpg 150w, https:\/\/www.mundi-roth.de\/teneriffa-blog\/wp-content\/uploads\/2015\/12\/P1210045-300x139.jpg 300w, https:\/\/www.mundi-roth.de\/teneriffa-blog\/wp-content\/uploads\/2015\/12\/P1210045-768x356.jpg 768w, https:\/\/www.mundi-roth.de\/teneriffa-blog\/wp-content\/uploads\/2015\/12\/P1210045.jpg 800w\" sizes=\"auto, (max-width: 150px) 100vw, 150px\" \/><\/a><br \/>\nHier wird wieder auf die Wichtigkeit dieses Weges in fr\u00fcheren Zeiten verwiesen, der die Hauptstadt mit dem S\u00fcden verband.<br \/>\nAuch der Landwirtschaft wird ein Absatz gewidmet.<\/p>\n<p>Aus dem Bus haben Elisabeth und ich ger\u00e4tselt, wie wir wohl diesen tiefen, engen Barranco queren werden. Wir vermuteten, dass wir auf der TF 28 \u00fcber die Br\u00fccke gehen m\u00fcssten.<\/p>\n<p>Nun wissen wir: NEIN, nicht die Stra\u00dfe: runter in den Barranco bis zum Grund der Schlucht und auf der anderen Seite wieder hoch.<\/p>\n<p>Wuchtige, beeindruckende Felsen ragen auf, Aeonien und das zwar h\u00fcbsch im Wind sich wiegende borstige Federborstengras \u2013 das ebenso aggresiv und sch\u00e4dlich ist wie in Deutschland das asiatische Springkraut, da es die heimische Flora zur\u00fcckdr\u00e4ngt &#8211; sind die Wegbegleiter und wie sind wir mal wieder \u00fcberrascht, dass wir diese Schlucht in 20 Minuten bew\u00e4ltigt haben.<\/p>\n\n\t\t<style type=\"text\/css\">\n\t\t\t#gallery-1 {\n\t\t\t\tmargin: auto;\n\t\t\t}\n\t\t\t#gallery-1 .gallery-item {\n\t\t\t\tfloat: left;\n\t\t\t\tmargin-top: 10px;\n\t\t\t\ttext-align: center;\n\t\t\t\twidth: 50%;\n\t\t\t}\n\t\t\t#gallery-1 img {\n\t\t\t\tborder: 2px solid #cfcfcf;\n\t\t\t}\n\t\t\t#gallery-1 .gallery-caption {\n\t\t\t\tmargin-left: 0;\n\t\t\t}\n\t\t\t\/* see gallery_shortcode() in wp-includes\/media.php *\/\n\t\t<\/style>\n\t\t<div id='gallery-1' class='gallery galleryid-4547 gallery-columns-2 gallery-size-thumbnail'><dl class='gallery-item'>\n\t\t\t<dt class='gallery-icon landscape'>\n\t\t\t\t<a href='https:\/\/www.mundi-roth.de\/teneriffa-blog\/wp-content\/uploads\/2015\/12\/P1210052.jpg' rel=\"lightbox[4547]\"><img loading=\"lazy\" decoding=\"async\" width=\"150\" height=\"113\" src=\"https:\/\/www.mundi-roth.de\/teneriffa-blog\/wp-content\/uploads\/2015\/12\/P1210052-150x113.jpg\" class=\"attachment-thumbnail size-thumbnail\" alt=\"\" srcset=\"https:\/\/www.mundi-roth.de\/teneriffa-blog\/wp-content\/uploads\/2015\/12\/P1210052-150x113.jpg 150w, https:\/\/www.mundi-roth.de\/teneriffa-blog\/wp-content\/uploads\/2015\/12\/P1210052-300x225.jpg 300w, https:\/\/www.mundi-roth.de\/teneriffa-blog\/wp-content\/uploads\/2015\/12\/P1210052-768x576.jpg 768w, https:\/\/www.mundi-roth.de\/teneriffa-blog\/wp-content\/uploads\/2015\/12\/P1210052.jpg 800w\" sizes=\"auto, (max-width: 150px) 100vw, 150px\" \/><\/a>\n\t\t\t<\/dt><\/dl><dl class='gallery-item'>\n\t\t\t<dt class='gallery-icon landscape'>\n\t\t\t\t<a href='https:\/\/www.mundi-roth.de\/teneriffa-blog\/wp-content\/uploads\/2015\/12\/P1210056.jpg' rel=\"lightbox[4547]\"><img loading=\"lazy\" decoding=\"async\" width=\"150\" height=\"113\" src=\"https:\/\/www.mundi-roth.de\/teneriffa-blog\/wp-content\/uploads\/2015\/12\/P1210056-150x113.jpg\" class=\"attachment-thumbnail size-thumbnail\" alt=\"\" srcset=\"https:\/\/www.mundi-roth.de\/teneriffa-blog\/wp-content\/uploads\/2015\/12\/P1210056-150x113.jpg 150w, https:\/\/www.mundi-roth.de\/teneriffa-blog\/wp-content\/uploads\/2015\/12\/P1210056-300x225.jpg 300w, https:\/\/www.mundi-roth.de\/teneriffa-blog\/wp-content\/uploads\/2015\/12\/P1210056-768x576.jpg 768w, https:\/\/www.mundi-roth.de\/teneriffa-blog\/wp-content\/uploads\/2015\/12\/P1210056.jpg 800w\" sizes=\"auto, (max-width: 150px) 100vw, 150px\" \/><\/a>\n\t\t\t<\/dt><\/dl><br style=\"clear: both\" \/>\n\t\t<\/div>\n\n<p>Wen man sich \u00fcberlegt, hier wurden Kamele, Pferde und Esel mit Lasten beladen von ihren Begleitern durchgef\u00fchrt: Alle Achtung!<\/p>\n<p>Oben angekommen wandern wir an einer Ziegenfarm vorbei.<\/p>\n<p>War nat\u00fcrlich die Pflasterung im Barranco schmal so wandern wir zum ersten<a href=\"http:\/\/www.mundi-roth.de\/teneriffa-blog\/wp-content\/uploads\/2015\/12\/P1210072.jpg\" rel=\"lightbox[4547]\" rel=\"attachment wp-att-4562\"><img loading=\"lazy\" decoding=\"async\" class=\"alignright size-thumbnail wp-image-4562\" src=\"http:\/\/www.mundi-roth.de\/teneriffa-blog\/wp-content\/uploads\/2015\/12\/P1210072-113x150.jpg\" alt=\"P1210072\" width=\"113\" height=\"150\" srcset=\"https:\/\/www.mundi-roth.de\/teneriffa-blog\/wp-content\/uploads\/2015\/12\/P1210072-113x150.jpg 113w, https:\/\/www.mundi-roth.de\/teneriffa-blog\/wp-content\/uploads\/2015\/12\/P1210072-225x300.jpg 225w, https:\/\/www.mundi-roth.de\/teneriffa-blog\/wp-content\/uploads\/2015\/12\/P1210072.jpg 600w\" sizes=\"auto, (max-width: 113px) 100vw, 113px\" \/><\/a> Mal auf einem breit-gepflastertem Abschnitt, gleich einer Avenida.<\/p>\n<p>Am \u201eLa Casa-Granero de Vi\u00f1a Vieja\u201c (Alte Rebe) lesen wir erst wieder die Infotafel und sto\u00dfen dabei auf den Besitzernamen \u201eSoler de Chasna\u201c dem wir ja erst auf der Wanderung \u201epaisaje lunar\u201c begegnet sind.<br \/>\n<a href=\"http:\/\/www.mundi-roth.de\/teneriffa-blog\/wp-content\/uploads\/2015\/12\/P1210079.jpg\" rel=\"lightbox[4547]\" rel=\"attachment wp-att-4563\"><img loading=\"lazy\" decoding=\"async\" class=\"alignleft size-thumbnail wp-image-4563\" src=\"http:\/\/www.mundi-roth.de\/teneriffa-blog\/wp-content\/uploads\/2015\/12\/P1210079-150x113.jpg\" alt=\"P1210079\" width=\"150\" height=\"113\" srcset=\"https:\/\/www.mundi-roth.de\/teneriffa-blog\/wp-content\/uploads\/2015\/12\/P1210079-150x113.jpg 150w, https:\/\/www.mundi-roth.de\/teneriffa-blog\/wp-content\/uploads\/2015\/12\/P1210079-300x225.jpg 300w, https:\/\/www.mundi-roth.de\/teneriffa-blog\/wp-content\/uploads\/2015\/12\/P1210079-768x576.jpg 768w, https:\/\/www.mundi-roth.de\/teneriffa-blog\/wp-content\/uploads\/2015\/12\/P1210079.jpg 800w\" sizes=\"auto, (max-width: 150px) 100vw, 150px\" \/><\/a>Es gab hier einen Garten, einen Ofen und eine Quelle. Ganz wichtig.<br \/>\nLeider ist dieses sch\u00f6ne Anwesen dem Verfall preisgegeben und in der Quelle schwimmt Unrat. Schade!<\/p>\n<p>An Weinrebenfeldern wandern wir z\u00fcgig bis zur Kirche von San Miguel de <a href=\"http:\/\/www.mundi-roth.de\/teneriffa-blog\/wp-content\/uploads\/2015\/12\/P1210082.jpg\" rel=\"lightbox[4547]\" rel=\"attachment wp-att-4564\"><img loading=\"lazy\" decoding=\"async\" class=\"alignright size-thumbnail wp-image-4564\" src=\"http:\/\/www.mundi-roth.de\/teneriffa-blog\/wp-content\/uploads\/2015\/12\/P1210082-106x150.jpg\" alt=\"P1210082\" width=\"106\" height=\"150\" srcset=\"https:\/\/www.mundi-roth.de\/teneriffa-blog\/wp-content\/uploads\/2015\/12\/P1210082-106x150.jpg 106w, https:\/\/www.mundi-roth.de\/teneriffa-blog\/wp-content\/uploads\/2015\/12\/P1210082-212x300.jpg 212w, https:\/\/www.mundi-roth.de\/teneriffa-blog\/wp-content\/uploads\/2015\/12\/P1210082.jpg 459w\" sizes=\"auto, (max-width: 106px) 100vw, 106px\" \/><\/a>Abona.<br \/>\nAuch hier wieder diverse Infotafeln, die sich im Hinblick auf die Wichtigkeit des Camino Real del Sur wiederholen. Neu ist hier jedoch die Beschreibung des alten Ortskerns von San Miguel mit seinen H\u00e4usern aus dem 18. und 20. Jahrhundert ges\u00e4umt wird.<br \/>\nBei unserer Weiterwanderung stellen wir fest, dass die Aussage \u201eDiese Geb\u00e4ude zeichnen sich dadurch aus, dass sie allesamt gut erhalten sind und die typische Bauweise der mittleren H\u00f6henlagen im S\u00fcden von Teneriffa darstellen\u201c wirklich zutrifft.<\/p>\n<p>Auch sind entlang dieser Hauptstra\u00dfe von der Kirche aus an ehemals wichtigen Geb\u00e4uden Hinweistafeln angebracht sind, z.B.<br \/>\n<a href=\"http:\/\/www.mundi-roth.de\/teneriffa-blog\/wp-content\/uploads\/2015\/12\/P1210089.jpg\" rel=\"lightbox[4547]\" rel=\"attachment wp-att-4565\"><img loading=\"lazy\" decoding=\"async\" class=\"alignleft size-thumbnail wp-image-4565\" src=\"http:\/\/www.mundi-roth.de\/teneriffa-blog\/wp-content\/uploads\/2015\/12\/P1210089-150x113.jpg\" alt=\"P1210089\" width=\"150\" height=\"113\" srcset=\"https:\/\/www.mundi-roth.de\/teneriffa-blog\/wp-content\/uploads\/2015\/12\/P1210089-150x113.jpg 150w, https:\/\/www.mundi-roth.de\/teneriffa-blog\/wp-content\/uploads\/2015\/12\/P1210089-300x225.jpg 300w, https:\/\/www.mundi-roth.de\/teneriffa-blog\/wp-content\/uploads\/2015\/12\/P1210089-768x576.jpg 768w, https:\/\/www.mundi-roth.de\/teneriffa-blog\/wp-content\/uploads\/2015\/12\/P1210089.jpg 800w\" sizes=\"auto, (max-width: 150px) 100vw, 150px\" \/><\/a>&#8211; das Geburtshaus von D. Juan Bethencourt Alfonso im Jahre 1817, einer ber\u00fchmten Pers\u00f6nlichkeit in der kanarischen Kultur. Er war Arzt, Anthropologe, Professor, Historiker und Journalist.<br \/>\n&#8211; die jetzige Bibliothek von San Miguel, ist in einem Haus untergebracht, das im 18. Jahrhundert von der Familie Alfonso Calzadilla errichtet wurde. Es hat eine wechselhafte Geschicht:\u00a0 wurde erst dem Gemeinderat \u00fcberlassen, nachdem K\u00f6nig Ferdinand VII untersagt hatte, politische Versammlungen in religi\u00f6sen Geb\u00e4uden abzuhalten die vorher auf dem Kirchplatz abgehalten wurden, es war\u00a0 Gef\u00e4ngnis bis 1944, dann staatliche Schule, Mittelschule, Wohnung und nun Bibliothek.<br \/>\n&#8211; \u201eCalle de la Iglesia\u201c = die Kirch-Stra\u00dfe, es wird aufgef\u00fchrt, wie wichtig sie f\u00fcr den Austausch von lokalen Erzeugnissen und\u00a0 frischem Fisch von der K\u00fcste, wie wichtig sie f\u00fcr das urbane Leben war: wohlhabende Familien wohnten mit \u00e4rmeren im selben Viertel<\/p>\n<p>\n\t\t<style type=\"text\/css\">\n\t\t\t#gallery-2 {\n\t\t\t\tmargin: auto;\n\t\t\t}\n\t\t\t#gallery-2 .gallery-item {\n\t\t\t\tfloat: left;\n\t\t\t\tmargin-top: 10px;\n\t\t\t\ttext-align: center;\n\t\t\t\twidth: 50%;\n\t\t\t}\n\t\t\t#gallery-2 img {\n\t\t\t\tborder: 2px solid #cfcfcf;\n\t\t\t}\n\t\t\t#gallery-2 .gallery-caption {\n\t\t\t\tmargin-left: 0;\n\t\t\t}\n\t\t\t\/* see gallery_shortcode() in wp-includes\/media.php *\/\n\t\t<\/style>\n\t\t<div id='gallery-2' class='gallery galleryid-4547 gallery-columns-2 gallery-size-thumbnail'><dl class='gallery-item'>\n\t\t\t<dt class='gallery-icon landscape'>\n\t\t\t\t<a href='https:\/\/www.mundi-roth.de\/teneriffa-blog\/wp-content\/uploads\/2015\/12\/P1210099.jpg' rel=\"lightbox[4547]\"><img loading=\"lazy\" decoding=\"async\" width=\"150\" height=\"113\" src=\"https:\/\/www.mundi-roth.de\/teneriffa-blog\/wp-content\/uploads\/2015\/12\/P1210099-150x113.jpg\" class=\"attachment-thumbnail size-thumbnail\" alt=\"\" srcset=\"https:\/\/www.mundi-roth.de\/teneriffa-blog\/wp-content\/uploads\/2015\/12\/P1210099-150x113.jpg 150w, https:\/\/www.mundi-roth.de\/teneriffa-blog\/wp-content\/uploads\/2015\/12\/P1210099-300x225.jpg 300w, https:\/\/www.mundi-roth.de\/teneriffa-blog\/wp-content\/uploads\/2015\/12\/P1210099-768x576.jpg 768w, https:\/\/www.mundi-roth.de\/teneriffa-blog\/wp-content\/uploads\/2015\/12\/P1210099.jpg 800w\" sizes=\"auto, (max-width: 150px) 100vw, 150px\" \/><\/a>\n\t\t\t<\/dt><\/dl><dl class='gallery-item'>\n\t\t\t<dt class='gallery-icon landscape'>\n\t\t\t\t<a href='https:\/\/www.mundi-roth.de\/teneriffa-blog\/wp-content\/uploads\/2015\/12\/P1210101.jpg' rel=\"lightbox[4547]\"><img loading=\"lazy\" decoding=\"async\" width=\"150\" height=\"146\" src=\"https:\/\/www.mundi-roth.de\/teneriffa-blog\/wp-content\/uploads\/2015\/12\/P1210101-150x146.jpg\" class=\"attachment-thumbnail size-thumbnail\" alt=\"\" srcset=\"https:\/\/www.mundi-roth.de\/teneriffa-blog\/wp-content\/uploads\/2015\/12\/P1210101-150x146.jpg 150w, https:\/\/www.mundi-roth.de\/teneriffa-blog\/wp-content\/uploads\/2015\/12\/P1210101-300x291.jpg 300w, https:\/\/www.mundi-roth.de\/teneriffa-blog\/wp-content\/uploads\/2015\/12\/P1210101-768x745.jpg 768w, https:\/\/www.mundi-roth.de\/teneriffa-blog\/wp-content\/uploads\/2015\/12\/P1210101.jpg 800w\" sizes=\"auto, (max-width: 150px) 100vw, 150px\" \/><\/a>\n\t\t\t<\/dt><\/dl><br style=\"clear: both\" \/>\n\t\t<\/div>\n<br \/>\n&#8211; die eheamlige Gofiom\u00fchle \u2013 dass sie nicht mehr in Betrieb ist, konnten wir sofort an dem fehlenden typischen Geruch feststellen, wie man ihn noch in Granadilla und Adje schnuppern kann<br \/>\n&#8211; der ehemalige Generator, der 1922 installiert wurde und San Miguel als erste Gemeinde im S\u00fcden von Teneriffa mit einer \u00f6ffentlichen Stra\u00dfenbeleuchtung versorgte<br \/>\n&#8211; Casa del Capit\u00e1n, war das Wohnhaus von Don Miguel Alfonso Mart\u00ednez und seiner Familie. In dem ca. 100 Jahre alten Geb\u00e4ude, im typischen kanarischen Stil erbaut, befindet sich nun ein Museum mit dauernden und wechselnden Ausstellungen und eine T\u00f6pferei.<br \/>\nVor Jahren haben wir es mal besucht und waren recht angetan.<\/p>\n<p>Zudem entdecken wir au\u00dfergew\u00f6hnlich Fensterdekorationen von der <a href=\"http:\/\/www.mundi-roth.de\/teneriffa-blog\/wp-content\/uploads\/2015\/12\/P1210111.jpg\" rel=\"lightbox[4547]\" rel=\"attachment wp-att-4568\"><img loading=\"lazy\" decoding=\"async\" class=\"alignright size-thumbnail wp-image-4568\" src=\"http:\/\/www.mundi-roth.de\/teneriffa-blog\/wp-content\/uploads\/2015\/12\/P1210111-150x113.jpg\" alt=\"P1210111\" width=\"150\" height=\"113\" srcset=\"https:\/\/www.mundi-roth.de\/teneriffa-blog\/wp-content\/uploads\/2015\/12\/P1210111-150x113.jpg 150w, https:\/\/www.mundi-roth.de\/teneriffa-blog\/wp-content\/uploads\/2015\/12\/P1210111-300x225.jpg 300w, https:\/\/www.mundi-roth.de\/teneriffa-blog\/wp-content\/uploads\/2015\/12\/P1210111-768x576.jpg 768w, https:\/\/www.mundi-roth.de\/teneriffa-blog\/wp-content\/uploads\/2015\/12\/P1210111.jpg 800w\" sizes=\"auto, (max-width: 150px) 100vw, 150px\" \/><\/a>Spitzendecke an der Au\u00dfenwand \u00fcber den besonderen Adventsschmuck in den Fenstern. In einem netten L\u00e4dchen, in das wir einen Blick werfen, werden wir mit selbstgebackenen Pl\u00e4tzchen beschenkt.<br \/>\nAch, wir f\u00fchlen uns hier richtig wohl!<\/p>\n<p>Wir wandern noch an dem Hotel Rural vorbei mit Olivenbaum auf der Dachterrasse, hier haben deutsche Freunde zweimal logiert und waren \u2013 wenn man hier oben von den k\u00fchlen Temperaturen im Normalfall absieht\u00a0 &#8211; sehr zufrieden.<\/p>\n<p>So, nun haben wir den Ort abgeschritten und\u00a0 befinden uns in der Calle El Calvario.<br \/>\nNoch eine Erkl\u00e4rungstafel zu Calvario, dann biegen wir in die Calle La Cruz ein und\u00a0 folgen dem Wander-Hinweisschild \u201eAldea blanca 6,6 km\u201c vorbei an einem gut gef\u00fcllten Wasserbecken. Den Blick schon gerichtet auf unser heutiges Ziel<strong> Mirador de<\/strong> <strong>La Centilena<\/strong>, folgen wir dem n\u00e4chsten Hinweisschild \u201eAldea blanca 6,5 km\u201c und weg sind wir vom Asphalt.<\/p>\n<p>Ein Blick in einen Barranco und nun bleiben wir an einem Gartenzaun erstmal stehen und staunen, fotografieren und sammeln Anregungen f\u00fcr unseren Freund Georg Helten, denn hier hat auch ein K\u00fcnstler Eisen, vermutlich Schrott, zu Kunstwerken umgewandelt.<\/p>\n\n\t\t<style type=\"text\/css\">\n\t\t\t#gallery-3 {\n\t\t\t\tmargin: auto;\n\t\t\t}\n\t\t\t#gallery-3 .gallery-item {\n\t\t\t\tfloat: left;\n\t\t\t\tmargin-top: 10px;\n\t\t\t\ttext-align: center;\n\t\t\t\twidth: 33%;\n\t\t\t}\n\t\t\t#gallery-3 img {\n\t\t\t\tborder: 2px solid #cfcfcf;\n\t\t\t}\n\t\t\t#gallery-3 .gallery-caption {\n\t\t\t\tmargin-left: 0;\n\t\t\t}\n\t\t\t\/* see gallery_shortcode() in wp-includes\/media.php *\/\n\t\t<\/style>\n\t\t<div id='gallery-3' class='gallery galleryid-4547 gallery-columns-3 gallery-size-thumbnail'><dl class='gallery-item'>\n\t\t\t<dt class='gallery-icon portrait'>\n\t\t\t\t<a href='https:\/\/www.mundi-roth.de\/teneriffa-blog\/wp-content\/uploads\/2015\/12\/P1210134.jpg' rel=\"lightbox[4547]\"><img loading=\"lazy\" decoding=\"async\" width=\"115\" height=\"150\" src=\"https:\/\/www.mundi-roth.de\/teneriffa-blog\/wp-content\/uploads\/2015\/12\/P1210134-115x150.jpg\" class=\"attachment-thumbnail size-thumbnail\" alt=\"\" srcset=\"https:\/\/www.mundi-roth.de\/teneriffa-blog\/wp-content\/uploads\/2015\/12\/P1210134-115x150.jpg 115w, https:\/\/www.mundi-roth.de\/teneriffa-blog\/wp-content\/uploads\/2015\/12\/P1210134-229x300.jpg 229w, https:\/\/www.mundi-roth.de\/teneriffa-blog\/wp-content\/uploads\/2015\/12\/P1210134.jpg 611w\" sizes=\"auto, (max-width: 115px) 100vw, 115px\" \/><\/a>\n\t\t\t<\/dt><\/dl><dl class='gallery-item'>\n\t\t\t<dt class='gallery-icon landscape'>\n\t\t\t\t<a href='https:\/\/www.mundi-roth.de\/teneriffa-blog\/wp-content\/uploads\/2015\/12\/P1210135.jpg' rel=\"lightbox[4547]\"><img loading=\"lazy\" decoding=\"async\" width=\"150\" height=\"113\" src=\"https:\/\/www.mundi-roth.de\/teneriffa-blog\/wp-content\/uploads\/2015\/12\/P1210135-150x113.jpg\" class=\"attachment-thumbnail size-thumbnail\" alt=\"\" srcset=\"https:\/\/www.mundi-roth.de\/teneriffa-blog\/wp-content\/uploads\/2015\/12\/P1210135-150x113.jpg 150w, https:\/\/www.mundi-roth.de\/teneriffa-blog\/wp-content\/uploads\/2015\/12\/P1210135-300x225.jpg 300w, https:\/\/www.mundi-roth.de\/teneriffa-blog\/wp-content\/uploads\/2015\/12\/P1210135-768x576.jpg 768w, https:\/\/www.mundi-roth.de\/teneriffa-blog\/wp-content\/uploads\/2015\/12\/P1210135.jpg 800w\" sizes=\"auto, (max-width: 150px) 100vw, 150px\" \/><\/a>\n\t\t\t<\/dt><\/dl><dl class='gallery-item'>\n\t\t\t<dt class='gallery-icon landscape'>\n\t\t\t\t<a href='https:\/\/www.mundi-roth.de\/teneriffa-blog\/wp-content\/uploads\/2015\/12\/P1210139.jpg' rel=\"lightbox[4547]\"><img loading=\"lazy\" decoding=\"async\" width=\"150\" height=\"108\" src=\"https:\/\/www.mundi-roth.de\/teneriffa-blog\/wp-content\/uploads\/2015\/12\/P1210139-150x108.jpg\" class=\"attachment-thumbnail size-thumbnail\" alt=\"\" srcset=\"https:\/\/www.mundi-roth.de\/teneriffa-blog\/wp-content\/uploads\/2015\/12\/P1210139-150x108.jpg 150w, https:\/\/www.mundi-roth.de\/teneriffa-blog\/wp-content\/uploads\/2015\/12\/P1210139-300x217.jpg 300w, https:\/\/www.mundi-roth.de\/teneriffa-blog\/wp-content\/uploads\/2015\/12\/P1210139-768x555.jpg 768w, https:\/\/www.mundi-roth.de\/teneriffa-blog\/wp-content\/uploads\/2015\/12\/P1210139.jpg 800w\" sizes=\"auto, (max-width: 150px) 100vw, 150px\" \/><\/a>\n\t\t\t<\/dt><\/dl><br style=\"clear: both\" \/>\n\t\t<\/div>\n\n<p>Auf \u201eK\u00f6nigspflaster\u201c schreiten wir kr\u00e4ftig aus \u2013 inzwischen ist es 14 Uhr und der \u201eStern\u201c brennt erbarmungslos, gef\u00fchlte 30 Grad ohne jeden Schatten.<\/p>\n<p>ABER: Wir kommen nun in bekannte Gefilde. Die wunderbare Stricklave auf <a href=\"http:\/\/www.mundi-roth.de\/teneriffa-blog\/wp-content\/uploads\/2015\/12\/P1210142.jpg\" rel=\"lightbox[4547]\" rel=\"attachment wp-att-4572\"><img loading=\"lazy\" decoding=\"async\" class=\"alignright size-thumbnail wp-image-4572\" src=\"http:\/\/www.mundi-roth.de\/teneriffa-blog\/wp-content\/uploads\/2015\/12\/P1210142-150x113.jpg\" alt=\"P1210142\" width=\"150\" height=\"113\" srcset=\"https:\/\/www.mundi-roth.de\/teneriffa-blog\/wp-content\/uploads\/2015\/12\/P1210142-150x113.jpg 150w, https:\/\/www.mundi-roth.de\/teneriffa-blog\/wp-content\/uploads\/2015\/12\/P1210142-300x225.jpg 300w, https:\/\/www.mundi-roth.de\/teneriffa-blog\/wp-content\/uploads\/2015\/12\/P1210142-768x576.jpg 768w, https:\/\/www.mundi-roth.de\/teneriffa-blog\/wp-content\/uploads\/2015\/12\/P1210142.jpg 800w\" sizes=\"auto, (max-width: 150px) 100vw, 150px\" \/><\/a>diesem \u2013 fr\u00fcher von uns als Rundweg gegangenen Weg \u2013 am 11. Februar 2013 unter \u201e<a href=\"http:\/\/www.mundi-roth.de\/teneriffa-blog\/wanderungen\/mirador-de-la-centilena-la-hoya-fuente-de-tamaida\/\">Mirador de la Centilena \u2013 La Hoy \u2013 Fuente de Tamaida<\/a>\u201c beschrieben<br \/>\nf\u00fchrt uns in den Barranco.<br \/>\nWieder eine Informationstafel, der noch mehrere folgen werden. Nur soviel zu dieser: Es wird aufgezeigt, dass hier die Urbanisation von San Miguel begann, es gilt als die Wiege, denn es gab mehrere Quellen. Wasser!<\/p>\n<p>Bei der Gabelung halten wir uns links, um nach einem St\u00fcck rechts zur Quelle abzusteigen.<br \/>\n<a href=\"http:\/\/www.mundi-roth.de\/teneriffa-blog\/wp-content\/uploads\/2015\/12\/P1210154.jpg\" rel=\"lightbox[4547]\" rel=\"attachment wp-att-4573\"><img loading=\"lazy\" decoding=\"async\" class=\"alignleft size-thumbnail wp-image-4573\" src=\"http:\/\/www.mundi-roth.de\/teneriffa-blog\/wp-content\/uploads\/2015\/12\/P1210154-113x150.jpg\" alt=\"P1210154\" width=\"113\" height=\"150\" srcset=\"https:\/\/www.mundi-roth.de\/teneriffa-blog\/wp-content\/uploads\/2015\/12\/P1210154-113x150.jpg 113w, https:\/\/www.mundi-roth.de\/teneriffa-blog\/wp-content\/uploads\/2015\/12\/P1210154-225x300.jpg 225w, https:\/\/www.mundi-roth.de\/teneriffa-blog\/wp-content\/uploads\/2015\/12\/P1210154.jpg 600w\" sizes=\"auto, (max-width: 113px) 100vw, 113px\" \/><\/a>Auch hier wieder \u00dcberraschung: Zur besseren Begehung wurde ein Steg errichtet.<br \/>\nDiesmal verkneifen wir uns zu den Quellen hochzukraxeln, daf\u00fcr zw\u00e4ngen wir uns durch die riesengro\u00dfen Felsbrocken und: ja, wir steigen wieder auf.<\/p>\n<p>Um 14:30 Uhr erreichen wir die Asphaltstra\u00dfe und sind in La Hoya.<br \/>\nNoch schnell die paar Schritte links runter bis zu dem 1993 renovierten<a href=\"http:\/\/www.mundi-roth.de\/teneriffa-blog\/wp-content\/uploads\/2015\/12\/P1210164.jpg\" rel=\"lightbox[4547]\" rel=\"attachment wp-att-4574\"><img loading=\"lazy\" decoding=\"async\" class=\"alignright size-thumbnail wp-image-4574\" src=\"http:\/\/www.mundi-roth.de\/teneriffa-blog\/wp-content\/uploads\/2015\/12\/P1210164-150x113.jpg\" alt=\"P1210164\" width=\"150\" height=\"113\" srcset=\"https:\/\/www.mundi-roth.de\/teneriffa-blog\/wp-content\/uploads\/2015\/12\/P1210164-150x113.jpg 150w, https:\/\/www.mundi-roth.de\/teneriffa-blog\/wp-content\/uploads\/2015\/12\/P1210164-300x225.jpg 300w, https:\/\/www.mundi-roth.de\/teneriffa-blog\/wp-content\/uploads\/2015\/12\/P1210164-768x576.jpg 768w, https:\/\/www.mundi-roth.de\/teneriffa-blog\/wp-content\/uploads\/2015\/12\/P1210164.jpg 800w\" sizes=\"auto, (max-width: 150px) 100vw, 150px\" \/><\/a> Ziegelofen, die Erkl\u00e4rungen, wie aufgebaut und wie gearbeitet wurde, \u00fcberflogen und dann machen wir unsere verdiente, obligatorische Apfelpause.<br \/>\n<a href=\"http:\/\/www.mundi-roth.de\/teneriffa-blog\/wp-content\/uploads\/2015\/12\/P1210176.jpg\" rel=\"lightbox[4547]\" rel=\"attachment wp-att-4575\"><img loading=\"lazy\" decoding=\"async\" class=\"alignleft size-thumbnail wp-image-4575\" src=\"http:\/\/www.mundi-roth.de\/teneriffa-blog\/wp-content\/uploads\/2015\/12\/P1210176-113x150.jpg\" alt=\"P1210176\" width=\"113\" height=\"150\" srcset=\"https:\/\/www.mundi-roth.de\/teneriffa-blog\/wp-content\/uploads\/2015\/12\/P1210176-113x150.jpg 113w, https:\/\/www.mundi-roth.de\/teneriffa-blog\/wp-content\/uploads\/2015\/12\/P1210176-225x300.jpg 225w, https:\/\/www.mundi-roth.de\/teneriffa-blog\/wp-content\/uploads\/2015\/12\/P1210176.jpg 600w\" sizes=\"auto, (max-width: 113px) 100vw, 113px\" \/><\/a><\/p>\n<p>Seit unserem letzten Besuch hier hat sich nichts ver\u00e4ndert, sieht man davon ab, dass das Wohnhaus nach dem Hotel rural sein Hofgitter pink-lila in den Farben der \u00fcppig bl\u00fchenden Boungaville gestrichen hat.<\/p>\n<p>Eine weitere Informationstafel kl\u00e4rt uns auf, wobei ein ein \u00dcbersetzungsfehler dazu f\u00fchrte, dass aus <em>camino real<\/em> (Original) <em>Autobahn<\/em> wurde.<\/p>\n<p><a href=\"http:\/\/www.mundi-roth.de\/teneriffa-blog\/wp-content\/uploads\/2015\/12\/P1210172Text-1.jpg\" rel=\"lightbox[4547]\" rel=\"attachment wp-att-4580\"><img loading=\"lazy\" decoding=\"async\" class=\"aligncenter size-medium wp-image-4580\" src=\"http:\/\/www.mundi-roth.de\/teneriffa-blog\/wp-content\/uploads\/2015\/12\/P1210172Text-1-300x129.jpg\" alt=\"P1210172Text\" width=\"300\" height=\"129\" srcset=\"https:\/\/www.mundi-roth.de\/teneriffa-blog\/wp-content\/uploads\/2015\/12\/P1210172Text-1-300x129.jpg 300w, https:\/\/www.mundi-roth.de\/teneriffa-blog\/wp-content\/uploads\/2015\/12\/P1210172Text-1-150x65.jpg 150w, https:\/\/www.mundi-roth.de\/teneriffa-blog\/wp-content\/uploads\/2015\/12\/P1210172Text-1-768x331.jpg 768w, https:\/\/www.mundi-roth.de\/teneriffa-blog\/wp-content\/uploads\/2015\/12\/P1210172Text-1.jpg 800w\" sizes=\"auto, (max-width: 300px) 100vw, 300px\" \/><\/a><\/p>\n<p>Die Quellen unterhalb allerdings f\u00fchren momentan wohl kein Wasser.<br \/>\nAn Hinweistafeln wurde nicht gespart, die sind f\u00fcr uns alle neu:<a href=\"http:\/\/www.mundi-roth.de\/teneriffa-blog\/wp-content\/uploads\/2015\/12\/P1210190.jpg\" rel=\"lightbox[4547]\" rel=\"attachment wp-att-4576\"><img loading=\"lazy\" decoding=\"async\" class=\"alignright size-thumbnail wp-image-4576\" src=\"http:\/\/www.mundi-roth.de\/teneriffa-blog\/wp-content\/uploads\/2015\/12\/P1210190-150x139.jpg\" alt=\"P1210190\" width=\"150\" height=\"139\" srcset=\"https:\/\/www.mundi-roth.de\/teneriffa-blog\/wp-content\/uploads\/2015\/12\/P1210190-150x139.jpg 150w, https:\/\/www.mundi-roth.de\/teneriffa-blog\/wp-content\/uploads\/2015\/12\/P1210190-300x278.jpg 300w, https:\/\/www.mundi-roth.de\/teneriffa-blog\/wp-content\/uploads\/2015\/12\/P1210190-768x710.jpg 768w, https:\/\/www.mundi-roth.de\/teneriffa-blog\/wp-content\/uploads\/2015\/12\/P1210190.jpg 800w\" sizes=\"auto, (max-width: 150px) 100vw, 150px\" \/><\/a><br \/>\nAuf einer wird auf die Einzigartigkeit dieser Gegend hier im S\u00fcden hingewiesen. 52 arch\u00e4ologische, registriete Fundstellen, von denen 32\u00a0 vorgeschichtliche Felsmalereien enthalten. Zudem fand man Wohn- und Begr\u00e4bnish\u00f6hlen.<\/p>\n<p>Wir hatten uns schon einmal intensiv versucht, Felsmalereien ausfindig zu machen, ist uns jedoch nie gelungen.<\/p>\n<p>So, wir r\u00fcsten zum Endspurt: Noch einen kr\u00e4ftigen Schluck Wasser und der Aufstieg zum Mirador de La Centilena nehmen wir in Angriff.<\/p>\n<p>Vorbei an einem alten verfallenen Haus, offensichtlich einem abgest\u00fcrzten und <a href=\"http:\/\/www.mundi-roth.de\/teneriffa-blog\/wp-content\/uploads\/2015\/12\/P1210193.jpg\" rel=\"lightbox[4547]\" rel=\"attachment wp-att-4577\"><img loading=\"lazy\" decoding=\"async\" class=\"alignleft size-thumbnail wp-image-4577\" src=\"http:\/\/www.mundi-roth.de\/teneriffa-blog\/wp-content\/uploads\/2015\/12\/P1210193-150x118.jpg\" alt=\"P1210193\" width=\"150\" height=\"118\" srcset=\"https:\/\/www.mundi-roth.de\/teneriffa-blog\/wp-content\/uploads\/2015\/12\/P1210193-150x118.jpg 150w, https:\/\/www.mundi-roth.de\/teneriffa-blog\/wp-content\/uploads\/2015\/12\/P1210193-300x237.jpg 300w, https:\/\/www.mundi-roth.de\/teneriffa-blog\/wp-content\/uploads\/2015\/12\/P1210193-768x606.jpg 768w, https:\/\/www.mundi-roth.de\/teneriffa-blog\/wp-content\/uploads\/2015\/12\/P1210193.jpg 800w\" sizes=\"auto, (max-width: 150px) 100vw, 150px\" \/><\/a>ausgebrannten Auto lesen wir nochmal die Information \u00fcber das Naturschutzgebiet und Naturdenkmal Roque de Jama, den wir ja erst k\u00fcrzlich von zwei Seiten zu besteigen versuchten. (<a href=\"http:\/\/www.mundi-roth.de\/teneriffa-blog\/allgemein\/el-roque-de-jama\/\">24.11.2015<\/a>).<\/p>\n<p>Kurz vor halb Vier haben wir das Restaurant und zugleich den Aussichtspunkt \u201eLa Mirador de Centilena\u201c &#8211; das nach Pl\u00e4nen von <a href=\"http:\/\/www.mundi-roth.de\/teneriffa-blog\/wp-content\/uploads\/2015\/12\/P1210204.jpg\" rel=\"lightbox[4547]\" rel=\"attachment wp-att-4578\"><img loading=\"lazy\" decoding=\"async\" class=\"alignleft size-thumbnail wp-image-4578\" src=\"http:\/\/www.mundi-roth.de\/teneriffa-blog\/wp-content\/uploads\/2015\/12\/P1210204-150x85.jpg\" alt=\"P1210204\" width=\"150\" height=\"85\" srcset=\"https:\/\/www.mundi-roth.de\/teneriffa-blog\/wp-content\/uploads\/2015\/12\/P1210204-150x85.jpg 150w, https:\/\/www.mundi-roth.de\/teneriffa-blog\/wp-content\/uploads\/2015\/12\/P1210204-300x170.jpg 300w, https:\/\/www.mundi-roth.de\/teneriffa-blog\/wp-content\/uploads\/2015\/12\/P1210204-768x435.jpg 768w, https:\/\/www.mundi-roth.de\/teneriffa-blog\/wp-content\/uploads\/2015\/12\/P1210204.jpg 800w\" sizes=\"auto, (max-width: 150px) 100vw, 150px\" \/><\/a>C\u00e4sar Manrique erbaut wurde \u2013 erreicht und werden schon von meinem lieben Mann, dem Taxi IrmEli erwartet.<br \/>\n\u00dcbrigens: Es h\u00e4lt sich hartn\u00e4ckig das Ger\u00fccht, dass sich im unteren Teil des Geb\u00e4udes eine Kochschule befinden soll, dass ist l\u00e4ngst Vergangenheit.<\/p>\n<p><strong>Fazit:<\/strong><\/p>\n<p>Diese Etappe, dieser Streckenabschnitt war einfach sch\u00f6n! So vielf\u00e4ltig, so lehrreich.<br \/>\nGut, dass wir nicht aufgegeben haben!<br \/>\nNun freuen wir uns schon auf die n\u00e4chste Fortsetzung von hier oben vom La Mirador de Centilena nach Arona? Oder doch bis Adeje? Mal sehen, wie weit die F\u00fc\u00dfe Tragen.<\/p>\n<div style=\"clear: both;\"><\/div>\n<p style=\"text-align: center;\"><strong>Beispiele der Pflasterung<\/strong><\/p>\n\n\t\t<style type=\"text\/css\">\n\t\t\t#gallery-4 {\n\t\t\t\tmargin: auto;\n\t\t\t}\n\t\t\t#gallery-4 .gallery-item {\n\t\t\t\tfloat: left;\n\t\t\t\tmargin-top: 10px;\n\t\t\t\ttext-align: center;\n\t\t\t\twidth: 33%;\n\t\t\t}\n\t\t\t#gallery-4 img {\n\t\t\t\tborder: 2px solid #cfcfcf;\n\t\t\t}\n\t\t\t#gallery-4 .gallery-caption {\n\t\t\t\tmargin-left: 0;\n\t\t\t}\n\t\t\t\/* see gallery_shortcode() in wp-includes\/media.php *\/\n\t\t<\/style>\n\t\t<div id='gallery-4' class='gallery galleryid-4547 gallery-columns-3 gallery-size-thumbnail'><dl class='gallery-item'>\n\t\t\t<dt class='gallery-icon landscape'>\n\t\t\t\t<a href='https:\/\/www.mundi-roth.de\/teneriffa-blog\/wp-content\/uploads\/2015\/12\/P1210065.jpg' rel=\"lightbox[4547]\"><img loading=\"lazy\" decoding=\"async\" width=\"150\" height=\"104\" src=\"https:\/\/www.mundi-roth.de\/teneriffa-blog\/wp-content\/uploads\/2015\/12\/P1210065-150x104.jpg\" class=\"attachment-thumbnail size-thumbnail\" alt=\"\" srcset=\"https:\/\/www.mundi-roth.de\/teneriffa-blog\/wp-content\/uploads\/2015\/12\/P1210065-150x104.jpg 150w, https:\/\/www.mundi-roth.de\/teneriffa-blog\/wp-content\/uploads\/2015\/12\/P1210065-300x207.jpg 300w, https:\/\/www.mundi-roth.de\/teneriffa-blog\/wp-content\/uploads\/2015\/12\/P1210065-768x531.jpg 768w, https:\/\/www.mundi-roth.de\/teneriffa-blog\/wp-content\/uploads\/2015\/12\/P1210065.jpg 800w\" sizes=\"auto, (max-width: 150px) 100vw, 150px\" \/><\/a>\n\t\t\t<\/dt><\/dl><dl class='gallery-item'>\n\t\t\t<dt class='gallery-icon landscape'>\n\t\t\t\t<a href='https:\/\/www.mundi-roth.de\/teneriffa-blog\/wp-content\/uploads\/2015\/12\/P1210140.jpg' rel=\"lightbox[4547]\"><img loading=\"lazy\" decoding=\"async\" width=\"150\" height=\"113\" src=\"https:\/\/www.mundi-roth.de\/teneriffa-blog\/wp-content\/uploads\/2015\/12\/P1210140-150x113.jpg\" class=\"attachment-thumbnail size-thumbnail\" alt=\"\" srcset=\"https:\/\/www.mundi-roth.de\/teneriffa-blog\/wp-content\/uploads\/2015\/12\/P1210140-150x113.jpg 150w, https:\/\/www.mundi-roth.de\/teneriffa-blog\/wp-content\/uploads\/2015\/12\/P1210140-300x225.jpg 300w, https:\/\/www.mundi-roth.de\/teneriffa-blog\/wp-content\/uploads\/2015\/12\/P1210140-768x576.jpg 768w, https:\/\/www.mundi-roth.de\/teneriffa-blog\/wp-content\/uploads\/2015\/12\/P1210140.jpg 800w\" sizes=\"auto, (max-width: 150px) 100vw, 150px\" \/><\/a>\n\t\t\t<\/dt><\/dl><dl class='gallery-item'>\n\t\t\t<dt class='gallery-icon landscape'>\n\t\t\t\t<a href='https:\/\/www.mundi-roth.de\/teneriffa-blog\/wp-content\/uploads\/2015\/12\/P1210185.jpg' rel=\"lightbox[4547]\"><img loading=\"lazy\" decoding=\"async\" width=\"150\" height=\"113\" src=\"https:\/\/www.mundi-roth.de\/teneriffa-blog\/wp-content\/uploads\/2015\/12\/P1210185-150x113.jpg\" class=\"attachment-thumbnail size-thumbnail\" alt=\"\" srcset=\"https:\/\/www.mundi-roth.de\/teneriffa-blog\/wp-content\/uploads\/2015\/12\/P1210185-150x113.jpg 150w, https:\/\/www.mundi-roth.de\/teneriffa-blog\/wp-content\/uploads\/2015\/12\/P1210185-300x225.jpg 300w, https:\/\/www.mundi-roth.de\/teneriffa-blog\/wp-content\/uploads\/2015\/12\/P1210185-768x576.jpg 768w, https:\/\/www.mundi-roth.de\/teneriffa-blog\/wp-content\/uploads\/2015\/12\/P1210185.jpg 800w\" sizes=\"auto, (max-width: 150px) 100vw, 150px\" \/><\/a>\n\t\t\t<\/dt><\/dl><br style=\"clear: both\" \/>\n\t\t<\/div>\n\n<p>&nbsp;<\/p>\n","protected":false},"excerpt":{"rendered":"<p>Camino Real del Sur 5. Etappe Granadilla &#8211; Mirador de La Centilena \u00a0oberhalb von Valle de San Lorenzo \u00a0 Elisabeth und ich wir begl\u00fcckw\u00fcnschen uns, dass wir nach der schrecklichen 3. Etappe nicht die Flinte ins Korn geworfen haben sondern unserem Plan, den gesamten Camino Real del Sur von Candelaria nach Santiago del Teide zu [&hellip;]<\/p>\n","protected":false},"author":4,"featured_media":5167,"comment_status":"open","ping_status":"open","sticky":false,"template":"","format":"standard","meta":{"footnotes":""},"categories":[1,773,6],"tags":[875,855,539,224,874,27,439,446,866],"class_list":["post-4547","post","type-post","status-publish","format-standard","has-post-thumbnail","hentry","category-allgemein","category-granadilla","category-wanderungen","tag-barranco-de-la-orchilla","tag-camino-real-del-sur","tag-charco-del-pino","tag-granadilla","tag-la-mirador-de-centilena","tag-san-miguel","tag-teneriffa-wandern","tag-wandern-teneriffa","tag-wanderurlaub-teneriffa"],"yoast_head":"<!-- This site is optimized with the Yoast SEO plugin v27.5 - https:\/\/yoast.com\/product\/yoast-seo-wordpress\/ -->\n<title>CAMINO REAL del SUR (5) - Teneriffa Wandern<\/title>\n<meta name=\"robots\" content=\"index, follow, max-snippet:-1, max-image-preview:large, max-video-preview:-1\" \/>\n<link rel=\"canonical\" href=\"https:\/\/www.mundi-roth.de\/teneriffa-blog\/allgemein\/camino-real-del-sur-5\/\" \/>\n<meta name=\"twitter:label1\" content=\"Verfasst von\" \/>\n\t<meta name=\"twitter:data1\" content=\"mundi\" \/>\n\t<meta name=\"twitter:label2\" content=\"Gesch\u00e4tzte Lesezeit\" \/>\n\t<meta name=\"twitter:data2\" content=\"11\u00a0Minuten\" \/>\n<script type=\"application\/ld+json\" class=\"yoast-schema-graph\">{\"@context\":\"https:\\\/\\\/schema.org\",\"@graph\":[{\"@type\":\"Article\",\"@id\":\"https:\\\/\\\/www.mundi-roth.de\\\/teneriffa-blog\\\/allgemein\\\/camino-real-del-sur-5\\\/#article\",\"isPartOf\":{\"@id\":\"https:\\\/\\\/www.mundi-roth.de\\\/teneriffa-blog\\\/allgemein\\\/camino-real-del-sur-5\\\/\"},\"author\":{\"name\":\"mundi\",\"@id\":\"https:\\\/\\\/www.mundi-roth.de\\\/teneriffa-blog\\\/#\\\/schema\\\/person\\\/971c66b55f3ae5e8741553688c413cac\"},\"headline\":\"CAMINO REAL del SUR (5)\",\"datePublished\":\"2015-12-17T21:00:10+00:00\",\"dateModified\":\"2016-05-20T09:07:54+00:00\",\"mainEntityOfPage\":{\"@id\":\"https:\\\/\\\/www.mundi-roth.de\\\/teneriffa-blog\\\/allgemein\\\/camino-real-del-sur-5\\\/\"},\"wordCount\":2245,\"commentCount\":1,\"image\":{\"@id\":\"https:\\\/\\\/www.mundi-roth.de\\\/teneriffa-blog\\\/allgemein\\\/camino-real-del-sur-5\\\/#primaryimage\"},\"thumbnailUrl\":\"https:\\\/\\\/www.mundi-roth.de\\\/teneriffa-blog\\\/wp-content\\\/uploads\\\/2015\\\/12\\\/P1210049.jpg\",\"keywords\":[\"Barranco de la Orchilla\",\"Camino Real del Sur\",\"Charco del Pino\",\"Granadilla\",\"La Mirador de Centilena\",\"San Miguel\",\"Teneriffa Wandern\",\"Wandern Teneriffa\",\"Wanderurlaub Teneriffa\"],\"articleSection\":{\"1\":\"Granadilla\",\"2\":\"Wanderungen\"},\"inLanguage\":\"de\",\"potentialAction\":[{\"@type\":\"CommentAction\",\"name\":\"Comment\",\"target\":[\"https:\\\/\\\/www.mundi-roth.de\\\/teneriffa-blog\\\/allgemein\\\/camino-real-del-sur-5\\\/#respond\"]}]},{\"@type\":\"WebPage\",\"@id\":\"https:\\\/\\\/www.mundi-roth.de\\\/teneriffa-blog\\\/allgemein\\\/camino-real-del-sur-5\\\/\",\"url\":\"https:\\\/\\\/www.mundi-roth.de\\\/teneriffa-blog\\\/allgemein\\\/camino-real-del-sur-5\\\/\",\"name\":\"CAMINO REAL del SUR (5) - Teneriffa Wandern\",\"isPartOf\":{\"@id\":\"https:\\\/\\\/www.mundi-roth.de\\\/teneriffa-blog\\\/#website\"},\"primaryImageOfPage\":{\"@id\":\"https:\\\/\\\/www.mundi-roth.de\\\/teneriffa-blog\\\/allgemein\\\/camino-real-del-sur-5\\\/#primaryimage\"},\"image\":{\"@id\":\"https:\\\/\\\/www.mundi-roth.de\\\/teneriffa-blog\\\/allgemein\\\/camino-real-del-sur-5\\\/#primaryimage\"},\"thumbnailUrl\":\"https:\\\/\\\/www.mundi-roth.de\\\/teneriffa-blog\\\/wp-content\\\/uploads\\\/2015\\\/12\\\/P1210049.jpg\",\"datePublished\":\"2015-12-17T21:00:10+00:00\",\"dateModified\":\"2016-05-20T09:07:54+00:00\",\"author\":{\"@id\":\"https:\\\/\\\/www.mundi-roth.de\\\/teneriffa-blog\\\/#\\\/schema\\\/person\\\/971c66b55f3ae5e8741553688c413cac\"},\"breadcrumb\":{\"@id\":\"https:\\\/\\\/www.mundi-roth.de\\\/teneriffa-blog\\\/allgemein\\\/camino-real-del-sur-5\\\/#breadcrumb\"},\"inLanguage\":\"de\",\"potentialAction\":[{\"@type\":\"ReadAction\",\"target\":[\"https:\\\/\\\/www.mundi-roth.de\\\/teneriffa-blog\\\/allgemein\\\/camino-real-del-sur-5\\\/\"]}]},{\"@type\":\"ImageObject\",\"inLanguage\":\"de\",\"@id\":\"https:\\\/\\\/www.mundi-roth.de\\\/teneriffa-blog\\\/allgemein\\\/camino-real-del-sur-5\\\/#primaryimage\",\"url\":\"https:\\\/\\\/www.mundi-roth.de\\\/teneriffa-blog\\\/wp-content\\\/uploads\\\/2015\\\/12\\\/P1210049.jpg\",\"contentUrl\":\"https:\\\/\\\/www.mundi-roth.de\\\/teneriffa-blog\\\/wp-content\\\/uploads\\\/2015\\\/12\\\/P1210049.jpg\",\"width\":269,\"height\":202,\"caption\":\"CR5\"},{\"@type\":\"BreadcrumbList\",\"@id\":\"https:\\\/\\\/www.mundi-roth.de\\\/teneriffa-blog\\\/allgemein\\\/camino-real-del-sur-5\\\/#breadcrumb\",\"itemListElement\":[{\"@type\":\"ListItem\",\"position\":1,\"name\":\"Startseite\",\"item\":\"https:\\\/\\\/www.mundi-roth.de\\\/teneriffa-blog\\\/\"},{\"@type\":\"ListItem\",\"position\":2,\"name\":\"CAMINO REAL del SUR (5)\"}]},{\"@type\":\"WebSite\",\"@id\":\"https:\\\/\\\/www.mundi-roth.de\\\/teneriffa-blog\\\/#website\",\"url\":\"https:\\\/\\\/www.mundi-roth.de\\\/teneriffa-blog\\\/\",\"name\":\"Teneriffa Wandern\",\"description\":\"Nicht nur Wanderungen auf Teneriffa...\",\"potentialAction\":[{\"@type\":\"SearchAction\",\"target\":{\"@type\":\"EntryPoint\",\"urlTemplate\":\"https:\\\/\\\/www.mundi-roth.de\\\/teneriffa-blog\\\/?s={search_term_string}\"},\"query-input\":{\"@type\":\"PropertyValueSpecification\",\"valueRequired\":true,\"valueName\":\"search_term_string\"}}],\"inLanguage\":\"de\"},{\"@type\":\"Person\",\"@id\":\"https:\\\/\\\/www.mundi-roth.de\\\/teneriffa-blog\\\/#\\\/schema\\\/person\\\/971c66b55f3ae5e8741553688c413cac\",\"name\":\"mundi\",\"image\":{\"@type\":\"ImageObject\",\"inLanguage\":\"de\",\"@id\":\"https:\\\/\\\/secure.gravatar.com\\\/avatar\\\/555f0dd85428f1a9330f8e5dbe9e40ff9ca912bb81e5a89747ebf3ca9c20dc0f?s=96&d=mm&r=g\",\"url\":\"https:\\\/\\\/secure.gravatar.com\\\/avatar\\\/555f0dd85428f1a9330f8e5dbe9e40ff9ca912bb81e5a89747ebf3ca9c20dc0f?s=96&d=mm&r=g\",\"contentUrl\":\"https:\\\/\\\/secure.gravatar.com\\\/avatar\\\/555f0dd85428f1a9330f8e5dbe9e40ff9ca912bb81e5a89747ebf3ca9c20dc0f?s=96&d=mm&r=g\",\"caption\":\"mundi\"},\"sameAs\":[\"http:\\\/\\\/mundi-roth.de\"],\"url\":\"https:\\\/\\\/www.mundi-roth.de\\\/teneriffa-blog\\\/author\\\/mundi\\\/\"}]}<\/script>\n<!-- \/ Yoast SEO plugin. -->","yoast_head_json":{"title":"CAMINO REAL del SUR (5) - Teneriffa Wandern","robots":{"index":"index","follow":"follow","max-snippet":"max-snippet:-1","max-image-preview":"max-image-preview:large","max-video-preview":"max-video-preview:-1"},"canonical":"https:\/\/www.mundi-roth.de\/teneriffa-blog\/allgemein\/camino-real-del-sur-5\/","twitter_misc":{"Verfasst von":"mundi","Gesch\u00e4tzte Lesezeit":"11\u00a0Minuten"},"schema":{"@context":"https:\/\/schema.org","@graph":[{"@type":"Article","@id":"https:\/\/www.mundi-roth.de\/teneriffa-blog\/allgemein\/camino-real-del-sur-5\/#article","isPartOf":{"@id":"https:\/\/www.mundi-roth.de\/teneriffa-blog\/allgemein\/camino-real-del-sur-5\/"},"author":{"name":"mundi","@id":"https:\/\/www.mundi-roth.de\/teneriffa-blog\/#\/schema\/person\/971c66b55f3ae5e8741553688c413cac"},"headline":"CAMINO REAL del SUR (5)","datePublished":"2015-12-17T21:00:10+00:00","dateModified":"2016-05-20T09:07:54+00:00","mainEntityOfPage":{"@id":"https:\/\/www.mundi-roth.de\/teneriffa-blog\/allgemein\/camino-real-del-sur-5\/"},"wordCount":2245,"commentCount":1,"image":{"@id":"https:\/\/www.mundi-roth.de\/teneriffa-blog\/allgemein\/camino-real-del-sur-5\/#primaryimage"},"thumbnailUrl":"https:\/\/www.mundi-roth.de\/teneriffa-blog\/wp-content\/uploads\/2015\/12\/P1210049.jpg","keywords":["Barranco de la Orchilla","Camino Real del Sur","Charco del Pino","Granadilla","La Mirador de Centilena","San Miguel","Teneriffa Wandern","Wandern Teneriffa","Wanderurlaub Teneriffa"],"articleSection":{"1":"Granadilla","2":"Wanderungen"},"inLanguage":"de","potentialAction":[{"@type":"CommentAction","name":"Comment","target":["https:\/\/www.mundi-roth.de\/teneriffa-blog\/allgemein\/camino-real-del-sur-5\/#respond"]}]},{"@type":"WebPage","@id":"https:\/\/www.mundi-roth.de\/teneriffa-blog\/allgemein\/camino-real-del-sur-5\/","url":"https:\/\/www.mundi-roth.de\/teneriffa-blog\/allgemein\/camino-real-del-sur-5\/","name":"CAMINO REAL del SUR (5) - Teneriffa Wandern","isPartOf":{"@id":"https:\/\/www.mundi-roth.de\/teneriffa-blog\/#website"},"primaryImageOfPage":{"@id":"https:\/\/www.mundi-roth.de\/teneriffa-blog\/allgemein\/camino-real-del-sur-5\/#primaryimage"},"image":{"@id":"https:\/\/www.mundi-roth.de\/teneriffa-blog\/allgemein\/camino-real-del-sur-5\/#primaryimage"},"thumbnailUrl":"https:\/\/www.mundi-roth.de\/teneriffa-blog\/wp-content\/uploads\/2015\/12\/P1210049.jpg","datePublished":"2015-12-17T21:00:10+00:00","dateModified":"2016-05-20T09:07:54+00:00","author":{"@id":"https:\/\/www.mundi-roth.de\/teneriffa-blog\/#\/schema\/person\/971c66b55f3ae5e8741553688c413cac"},"breadcrumb":{"@id":"https:\/\/www.mundi-roth.de\/teneriffa-blog\/allgemein\/camino-real-del-sur-5\/#breadcrumb"},"inLanguage":"de","potentialAction":[{"@type":"ReadAction","target":["https:\/\/www.mundi-roth.de\/teneriffa-blog\/allgemein\/camino-real-del-sur-5\/"]}]},{"@type":"ImageObject","inLanguage":"de","@id":"https:\/\/www.mundi-roth.de\/teneriffa-blog\/allgemein\/camino-real-del-sur-5\/#primaryimage","url":"https:\/\/www.mundi-roth.de\/teneriffa-blog\/wp-content\/uploads\/2015\/12\/P1210049.jpg","contentUrl":"https:\/\/www.mundi-roth.de\/teneriffa-blog\/wp-content\/uploads\/2015\/12\/P1210049.jpg","width":269,"height":202,"caption":"CR5"},{"@type":"BreadcrumbList","@id":"https:\/\/www.mundi-roth.de\/teneriffa-blog\/allgemein\/camino-real-del-sur-5\/#breadcrumb","itemListElement":[{"@type":"ListItem","position":1,"name":"Startseite","item":"https:\/\/www.mundi-roth.de\/teneriffa-blog\/"},{"@type":"ListItem","position":2,"name":"CAMINO REAL del SUR (5)"}]},{"@type":"WebSite","@id":"https:\/\/www.mundi-roth.de\/teneriffa-blog\/#website","url":"https:\/\/www.mundi-roth.de\/teneriffa-blog\/","name":"Teneriffa Wandern","description":"Nicht nur Wanderungen auf Teneriffa...","potentialAction":[{"@type":"SearchAction","target":{"@type":"EntryPoint","urlTemplate":"https:\/\/www.mundi-roth.de\/teneriffa-blog\/?s={search_term_string}"},"query-input":{"@type":"PropertyValueSpecification","valueRequired":true,"valueName":"search_term_string"}}],"inLanguage":"de"},{"@type":"Person","@id":"https:\/\/www.mundi-roth.de\/teneriffa-blog\/#\/schema\/person\/971c66b55f3ae5e8741553688c413cac","name":"mundi","image":{"@type":"ImageObject","inLanguage":"de","@id":"https:\/\/secure.gravatar.com\/avatar\/555f0dd85428f1a9330f8e5dbe9e40ff9ca912bb81e5a89747ebf3ca9c20dc0f?s=96&d=mm&r=g","url":"https:\/\/secure.gravatar.com\/avatar\/555f0dd85428f1a9330f8e5dbe9e40ff9ca912bb81e5a89747ebf3ca9c20dc0f?s=96&d=mm&r=g","contentUrl":"https:\/\/secure.gravatar.com\/avatar\/555f0dd85428f1a9330f8e5dbe9e40ff9ca912bb81e5a89747ebf3ca9c20dc0f?s=96&d=mm&r=g","caption":"mundi"},"sameAs":["http:\/\/mundi-roth.de"],"url":"https:\/\/www.mundi-roth.de\/teneriffa-blog\/author\/mundi\/"}]}},"_links":{"self":[{"href":"https:\/\/www.mundi-roth.de\/teneriffa-blog\/wp-json\/wp\/v2\/posts\/4547","targetHints":{"allow":["GET"]}}],"collection":[{"href":"https:\/\/www.mundi-roth.de\/teneriffa-blog\/wp-json\/wp\/v2\/posts"}],"about":[{"href":"https:\/\/www.mundi-roth.de\/teneriffa-blog\/wp-json\/wp\/v2\/types\/post"}],"author":[{"embeddable":true,"href":"https:\/\/www.mundi-roth.de\/teneriffa-blog\/wp-json\/wp\/v2\/users\/4"}],"replies":[{"embeddable":true,"href":"https:\/\/www.mundi-roth.de\/teneriffa-blog\/wp-json\/wp\/v2\/comments?post=4547"}],"version-history":[{"count":0,"href":"https:\/\/www.mundi-roth.de\/teneriffa-blog\/wp-json\/wp\/v2\/posts\/4547\/revisions"}],"wp:featuredmedia":[{"embeddable":true,"href":"https:\/\/www.mundi-roth.de\/teneriffa-blog\/wp-json\/wp\/v2\/media\/5167"}],"wp:attachment":[{"href":"https:\/\/www.mundi-roth.de\/teneriffa-blog\/wp-json\/wp\/v2\/media?parent=4547"}],"wp:term":[{"taxonomy":"category","embeddable":true,"href":"https:\/\/www.mundi-roth.de\/teneriffa-blog\/wp-json\/wp\/v2\/categories?post=4547"},{"taxonomy":"post_tag","embeddable":true,"href":"https:\/\/www.mundi-roth.de\/teneriffa-blog\/wp-json\/wp\/v2\/tags?post=4547"}],"curies":[{"name":"wp","href":"https:\/\/api.w.org\/{rel}","templated":true}]}}