{"id":4639,"date":"2016-01-06T22:00:29","date_gmt":"2016-01-06T21:00:29","guid":{"rendered":"http:\/\/www.mundi-roth.de\/teneriffa-blog\/?p=4639"},"modified":"2016-05-20T09:57:17","modified_gmt":"2016-05-20T08:57:17","slug":"camino-real-del-sur-7","status":"publish","type":"post","link":"https:\/\/www.mundi-roth.de\/teneriffa-blog\/wanderungen\/camino-real-del-sur-7\/","title":{"rendered":"CAMINO REAL del SUR (7)"},"content":{"rendered":"<p style=\"text-align: center;\"><strong>Camino Real del Sur<\/strong><br \/>\n<strong>7. Etappe<\/strong><br \/>\n<strong>Arona &#8211; Adeje<\/strong><\/p>\n<p>Immer heiter weiter auf dem Camino Real del Sur.<br \/>\nWir kommen durch Landschaftsabschnitte die man normalerweise nicht begehen w\u00fcrde.<br \/>\nNicht, dass sie zum Teil nicht sehr sch\u00f6n, sehr reizvoll, sehr interessant sind, jedoch die \u201eWege\u201c-Beschaffenheit, wenn man sie \u00fcberhaupt als solche bezeichnen kann, ist h\u00e4ufig mehr als schwierig und die Pfade ausfindig zu machen, erfordert die reinste Detektivarbeit.<br \/>\nJedoch: Wir haben es uns nun mal vorgenommen, diesen alten Handelsweg nachzuvollziehen und darum setzen wir also auch heute wieder unverdrossen mit einer neuen Teilstrecke unsere Wanderung auf dem Camino Real del Sur fort.<br \/>\n<a href=\"http:\/\/www.mundi-roth.de\/teneriffa-blog\/wp-content\/uploads\/2016\/01\/Track01.jpg\" rel=\"lightbox[4639]\" rel=\"attachment wp-att-4640\"><img loading=\"lazy\" decoding=\"async\" class=\"aligncenter size-medium wp-image-4640\" src=\"http:\/\/www.mundi-roth.de\/teneriffa-blog\/wp-content\/uploads\/2016\/01\/Track01-300x224.jpg\" alt=\"Track01\" width=\"300\" height=\"224\" srcset=\"https:\/\/www.mundi-roth.de\/teneriffa-blog\/wp-content\/uploads\/2016\/01\/Track01-300x224.jpg 300w, https:\/\/www.mundi-roth.de\/teneriffa-blog\/wp-content\/uploads\/2016\/01\/Track01-150x112.jpg 150w, https:\/\/www.mundi-roth.de\/teneriffa-blog\/wp-content\/uploads\/2016\/01\/Track01-768x573.jpg 768w, https:\/\/www.mundi-roth.de\/teneriffa-blog\/wp-content\/uploads\/2016\/01\/Track01.jpg 800w\" sizes=\"auto, (max-width: 300px) 100vw, 300px\" \/><\/a><br \/>\nWanderwegstrecke: 13,4 km, 4 \u00be Stunde Gehzeit, ohne Apfelpause, ohne Rast, 590 m hoch und 660 m abw\u00e4rts<\/p>\n<p>F\u00fcr GPS-Freunde gibt es hier die <a href=\"http:\/\/www.mundi-roth.de\/teneriffa-blog\/wp-content\/uploads\/2016\/01\/mGPX_20160106.7z\">GPX-Datei<\/a> im ZIP-Format<\/p>\n<p>Der erste Teil vom Rathaus Arona bis zum Ortsteil Vento ist uns von den Conde-Besteigungen bekannt\u00a0 und ist auch ausgeschildert.<\/p>\n<p>Aber: Wissen kann auch mal sch\u00e4dlich sein, denn wir sind gewiss, wir m\u00fcssen den Einstieg nehmen der identisch ist mit dem Aufstieg auf den Conde, n\u00e4mlich den\u00a0 Abstieg in den Barranco del Rey.<br \/>\nH\u00e4tten wir die Karte verinnerlicht, w\u00e4re es uns nicht passiert.<\/p>\n<p>Wenn man es sich in den Kopf gesetzt hat, dem original Camino Real zu folgen, dann war der Anfang hierf\u00fcr nicht richtig.<br \/>\nSo ermahnt uns die Komoot-Sprecherin \u201eAgatha\u201c nachdr\u00fccklich, dass wir die Tour schon so kurz am Anfang verlassen haben.<\/p>\n<p>Also retour und nun folgen wir brav ihren Anleitungen und gehen auf den Camino Real del Vento zur\u00fcck.<br \/>\nDieser Abschnitt f\u00fchrt uns zwar auf einer asphaltierten Fahrstra\u00dfe wieder zur TF 51. Jedoch es ist nicht schlimm: die Stra\u00dfe ist so gut wie nicht befahren, wir haben eine wunderbare Sicht auf die K\u00fcste, den Conde im R\u00fccken, gehen an einem skurilen Haus und auch an einem sch\u00f6nen Haus im kanarischen Stil mit riesigen B\u00fcschen des Weihnachtssterns vorbei.<\/p>\n\n\t\t<style type=\"text\/css\">\n\t\t\t#gallery-1 {\n\t\t\t\tmargin: auto;\n\t\t\t}\n\t\t\t#gallery-1 .gallery-item {\n\t\t\t\tfloat: left;\n\t\t\t\tmargin-top: 10px;\n\t\t\t\ttext-align: center;\n\t\t\t\twidth: 50%;\n\t\t\t}\n\t\t\t#gallery-1 img {\n\t\t\t\tborder: 2px solid #cfcfcf;\n\t\t\t}\n\t\t\t#gallery-1 .gallery-caption {\n\t\t\t\tmargin-left: 0;\n\t\t\t}\n\t\t\t\/* see gallery_shortcode() in wp-includes\/media.php *\/\n\t\t<\/style>\n\t\t<div id='gallery-1' class='gallery galleryid-4639 gallery-columns-2 gallery-size-thumbnail'><dl class='gallery-item'>\n\t\t\t<dt class='gallery-icon landscape'>\n\t\t\t\t<a href='https:\/\/www.mundi-roth.de\/teneriffa-blog\/wp-content\/uploads\/2016\/01\/P1210401a.jpg' rel=\"lightbox[4639]\"><img loading=\"lazy\" decoding=\"async\" width=\"150\" height=\"120\" src=\"https:\/\/www.mundi-roth.de\/teneriffa-blog\/wp-content\/uploads\/2016\/01\/P1210401a-150x120.jpg\" class=\"attachment-thumbnail size-thumbnail\" alt=\"\" srcset=\"https:\/\/www.mundi-roth.de\/teneriffa-blog\/wp-content\/uploads\/2016\/01\/P1210401a-150x120.jpg 150w, https:\/\/www.mundi-roth.de\/teneriffa-blog\/wp-content\/uploads\/2016\/01\/P1210401a-300x239.jpg 300w, https:\/\/www.mundi-roth.de\/teneriffa-blog\/wp-content\/uploads\/2016\/01\/P1210401a-768x612.jpg 768w, https:\/\/www.mundi-roth.de\/teneriffa-blog\/wp-content\/uploads\/2016\/01\/P1210401a.jpg 800w\" sizes=\"auto, (max-width: 150px) 100vw, 150px\" \/><\/a>\n\t\t\t<\/dt><\/dl><dl class='gallery-item'>\n\t\t\t<dt class='gallery-icon landscape'>\n\t\t\t\t<a href='https:\/\/www.mundi-roth.de\/teneriffa-blog\/wp-content\/uploads\/2016\/01\/P1210413a.jpg' rel=\"lightbox[4639]\"><img loading=\"lazy\" decoding=\"async\" width=\"150\" height=\"95\" src=\"https:\/\/www.mundi-roth.de\/teneriffa-blog\/wp-content\/uploads\/2016\/01\/P1210413a-150x95.jpg\" class=\"attachment-thumbnail size-thumbnail\" alt=\"\" srcset=\"https:\/\/www.mundi-roth.de\/teneriffa-blog\/wp-content\/uploads\/2016\/01\/P1210413a-150x95.jpg 150w, https:\/\/www.mundi-roth.de\/teneriffa-blog\/wp-content\/uploads\/2016\/01\/P1210413a-300x190.jpg 300w, https:\/\/www.mundi-roth.de\/teneriffa-blog\/wp-content\/uploads\/2016\/01\/P1210413a-768x486.jpg 768w, https:\/\/www.mundi-roth.de\/teneriffa-blog\/wp-content\/uploads\/2016\/01\/P1210413a.jpg 800w\" sizes=\"auto, (max-width: 150px) 100vw, 150px\" \/><\/a>\n\t\t\t<\/dt><\/dl><br style=\"clear: both\" \/>\n\t\t<\/div>\n\n<p>Kurz unterhalb des Friedhofes von Arona kommen wir aus und m\u00fcssen nun ein\u00a0 kurzes St\u00fcck die TF 51 entlanggehen. Rechts in einer Kurve biegen wir ab und marschieren nun auf den Barranco del Rey zu, der hier sehr leicht zu begehen ist. Auf Camino Real Pflasterung steigen wir zur Finca El Vallito mit Ziegen und eigenem Dreschplatz auf.<br \/>\nBis hierher haben wir \u2013 mit Irrweg \u2013 eine Stunde gebraucht.<br \/>\n10 Minuten steigen wir auf und nach einer Biegung sagen wir erstmal: OHHH!<a href=\"http:\/\/www.mundi-roth.de\/teneriffa-blog\/wp-content\/uploads\/2016\/01\/P1210425a.jpg\" rel=\"lightbox[4639]\" rel=\"attachment wp-att-4643\"><img loading=\"lazy\" decoding=\"async\" class=\"alignright size-thumbnail wp-image-4643\" src=\"http:\/\/www.mundi-roth.de\/teneriffa-blog\/wp-content\/uploads\/2016\/01\/P1210425a-150x89.jpg\" alt=\"P1210425a\" width=\"150\" height=\"89\" srcset=\"https:\/\/www.mundi-roth.de\/teneriffa-blog\/wp-content\/uploads\/2016\/01\/P1210425a-150x89.jpg 150w, https:\/\/www.mundi-roth.de\/teneriffa-blog\/wp-content\/uploads\/2016\/01\/P1210425a-300x179.jpg 300w, https:\/\/www.mundi-roth.de\/teneriffa-blog\/wp-content\/uploads\/2016\/01\/P1210425a-768x458.jpg 768w, https:\/\/www.mundi-roth.de\/teneriffa-blog\/wp-content\/uploads\/2016\/01\/P1210425a.jpg 800w\" sizes=\"auto, (max-width: 150px) 100vw, 150px\" \/><\/a><br \/>\nHinter uns m\u00e4chtig der Conde vor uns die K\u00fcste, wir sehen den Hafen von Los Cristianos und den Puerto Col\u00f3n,\u00a0 unter uns Wasserbecken und eine Kl\u00e4ranlage. Die Insel La Gomera ist nur schwach auszumachen.<br \/>\nAuf Camino-Pflasterung geht es weiter, entlang an einem gemauerten Kanal, der noch Wasser f\u00fchrt und an einer verrosteten Wasserleitung.<\/p>\n<p>Aber Achtung: Der Weg verf\u00fchrt einfach drauflos zu wandern, er f\u00fchrt sch\u00f6n im zick-zack bergab, das ist falsch. Man muss am gemauerten Kanal weitergehen.<\/p>\n<p>Ein Schild macht uns darauf aufmerksam, wir bewegen uns mal wieder in <a href=\"http:\/\/www.mundi-roth.de\/teneriffa-blog\/wp-content\/uploads\/2016\/01\/P1210434a.jpg\" rel=\"lightbox[4639]\" rel=\"attachment wp-att-4644\"><img loading=\"lazy\" decoding=\"async\" class=\"alignleft size-thumbnail wp-image-4644\" src=\"http:\/\/www.mundi-roth.de\/teneriffa-blog\/wp-content\/uploads\/2016\/01\/P1210434a-150x122.jpg\" alt=\"P1210434a\" width=\"150\" height=\"122\" srcset=\"https:\/\/www.mundi-roth.de\/teneriffa-blog\/wp-content\/uploads\/2016\/01\/P1210434a-150x122.jpg 150w, https:\/\/www.mundi-roth.de\/teneriffa-blog\/wp-content\/uploads\/2016\/01\/P1210434a-300x244.jpg 300w, https:\/\/www.mundi-roth.de\/teneriffa-blog\/wp-content\/uploads\/2016\/01\/P1210434a-768x625.jpg 768w, https:\/\/www.mundi-roth.de\/teneriffa-blog\/wp-content\/uploads\/2016\/01\/P1210434a.jpg 800w\" sizes=\"auto, (max-width: 150px) 100vw, 150px\" \/><\/a>einem Naturschutzgebiet.<br \/>\nKurz vor 12 Uhr sehen wir auf einer Bergkuppe ein verfallenes Haus und da wei\u00df Elisabeth, dass sich unterhalb Torviscas alto befindet.<\/p>\n<p>In diesem Abschnitt hat uns \u201eAgatha\u201c mal wieder etwas irr gef\u00fchrt. Wir entschuldigen sie, dass sie wohl kein oder nur ein sehr schlechtes GPS-Signal empfangen hat. Das sollte aber nicht das einzige Mal bleiben, leider.<\/p>\n<p>Wir steigen also auf die oberste Stra\u00dfe von Torviscas alto ab, um sehr schnell wieder aufzusteigen und gelangen an einem gro\u00dfen Trinkwasserbeh\u00e4lter vorbei wieder auf einen verwunschenen Pfad, der dicht bewachsen ist und sich zwischen Margeriten-, Lavendelb\u00fcschen, Kaktusfeigen, Affodills und Tabaibas durchschl\u00e4ngelt.<\/p>\n<p>Wir k\u00f6nnen einige Paraglider, die wohl vom Conde gestartet sind, beobachten und gelangen so nach insgesamt 2 \u00bd Stunden Gehzeit an ein Haus, von wo aus<a href=\"http:\/\/www.mundi-roth.de\/teneriffa-blog\/wp-content\/uploads\/2016\/01\/P1210447a.jpg\" rel=\"lightbox[4639]\" rel=\"attachment wp-att-4645\"><img loading=\"lazy\" decoding=\"async\" class=\"alignright size-thumbnail wp-image-4645\" src=\"http:\/\/www.mundi-roth.de\/teneriffa-blog\/wp-content\/uploads\/2016\/01\/P1210447a-150x109.jpg\" alt=\"P1210447a\" width=\"150\" height=\"109\" srcset=\"https:\/\/www.mundi-roth.de\/teneriffa-blog\/wp-content\/uploads\/2016\/01\/P1210447a-150x109.jpg 150w, https:\/\/www.mundi-roth.de\/teneriffa-blog\/wp-content\/uploads\/2016\/01\/P1210447a-300x217.jpg 300w, https:\/\/www.mundi-roth.de\/teneriffa-blog\/wp-content\/uploads\/2016\/01\/P1210447a-768x556.jpg 768w, https:\/\/www.mundi-roth.de\/teneriffa-blog\/wp-content\/uploads\/2016\/01\/P1210447a.jpg 800w\" sizes=\"auto, (max-width: 150px) 100vw, 150px\" \/><\/a> wir den Blick auf eine gro\u00dfe Reitanlage, einen gro\u00dfen Pferdestall haben. Da m\u00fcssen wir vorbei, das wissen wir aus der Beschreibung von Franzisco Fari\u00f1a.<\/p>\n<p>Bis dahin klappt auch alles \u2013 mehr oder weniger \u2013 problemlos. Wir passieren riesige Zisternen, passieren die Pferdefinca.<br \/>\nNur dann suchen wir und suchen wir, wo geht es weiter?<\/p>\n<p>\u201eAgatha\u201c teilt uns mit \u201efolge diesem Weg 1,5 km\u201c. Prima.<br \/>\nWir gehen rasch auf der Fahrstra\u00dfe, um dann zu h\u00f6ren \u201eDu hast die Tour verlassen\u201c.<\/p>\n<p>Aber wo geht es weiter?<br \/>\nDa ist nun wieder die Stelle, dass wir uns die Karte ansehen und feststellen, wir m\u00fcssen weit oberhalb dieser Stra\u00dfe weitergehen.<\/p>\n<p><a href=\"http:\/\/www.mundi-roth.de\/teneriffa-blog\/wp-content\/uploads\/2016\/01\/P1210429.jpg\" rel=\"lightbox[4639]\" rel=\"attachment wp-att-4646\"><img loading=\"lazy\" decoding=\"async\" class=\"alignleft size-thumbnail wp-image-4646\" src=\"http:\/\/www.mundi-roth.de\/teneriffa-blog\/wp-content\/uploads\/2016\/01\/P1210429-150x113.jpg\" alt=\"P1210429\" width=\"150\" height=\"113\" srcset=\"https:\/\/www.mundi-roth.de\/teneriffa-blog\/wp-content\/uploads\/2016\/01\/P1210429-150x113.jpg 150w, https:\/\/www.mundi-roth.de\/teneriffa-blog\/wp-content\/uploads\/2016\/01\/P1210429-300x225.jpg 300w, https:\/\/www.mundi-roth.de\/teneriffa-blog\/wp-content\/uploads\/2016\/01\/P1210429-768x576.jpg 768w, https:\/\/www.mundi-roth.de\/teneriffa-blog\/wp-content\/uploads\/2016\/01\/P1210429.jpg 800w\" sizes=\"auto, (max-width: 150px) 100vw, 150px\" \/><\/a>Also steigen wir wieder wild steil aufw\u00e4rts, folgen Elisabeths These \u201c ein Weg geht immer an der Wasserleitung, dem Kanal entlang\u201c und tats\u00e4chlich, wir finden einen schmalen, steinigen Pfad der zwischen den Gr\u00e4sern kaum auszumachen ist.<\/p>\n<p>Kurz unterhalb des Grates ist doch tats\u00e4chlich eine Markierung an einem Stein: ein abbiegender Pfeil.<\/p>\n<p>Weiter geht es aufw\u00e4rts und auf der Kuppe halten wir uns rechts runter, schauen bereits auf Adeje.<\/p>\n<p>Aber dann kommt eine Passage, die gef\u00e4llt uns gar nicht.<br \/>\nDen ganzen Hang abw\u00e4rts ist kein Pfad, kein Weg festzustellen, wir hangeln uns runter durch Str\u00e4ucher, Ranken, &#8211; Kaktusfeigen m\u00fcssten wir eigenlich nicht haben \u2013 um in den Barranco zu gelangen.<\/p>\n<p>Dem folgen wir nun, gehen nach unserem Gesp\u00fcr, obwohl \u201eAgatha\u201c meckert, wir haben halt mal wieder die Tour verlassen.<br \/>\nAuf der Karte stellen wir aber fest, dass wir einen gro\u00dfen Bogen abschneiden, wenn wir dem Barranco del Agua abw\u00e4rts bis zu einer gro\u00dfen Bananen-Plantage folgen, uns dort rechts halten und auf eine Fahrstra\u00dfe gelangen.<\/p>\n<p><a href=\"http:\/\/www.mundi-roth.de\/teneriffa-blog\/wp-content\/uploads\/2016\/01\/P1210464.jpg\" rel=\"lightbox[4639]\" rel=\"attachment wp-att-4663\"><img loading=\"lazy\" decoding=\"async\" class=\"size-thumbnail wp-image-4663\" src=\"http:\/\/www.mundi-roth.de\/teneriffa-blog\/wp-content\/uploads\/2016\/01\/P1210464-150x111.jpg\" alt=\"Beeindruckende Felsen\" width=\"150\" height=\"111\" srcset=\"https:\/\/www.mundi-roth.de\/teneriffa-blog\/wp-content\/uploads\/2016\/01\/P1210464-150x111.jpg 150w, https:\/\/www.mundi-roth.de\/teneriffa-blog\/wp-content\/uploads\/2016\/01\/P1210464-300x221.jpg 300w, https:\/\/www.mundi-roth.de\/teneriffa-blog\/wp-content\/uploads\/2016\/01\/P1210464-768x566.jpg 768w, https:\/\/www.mundi-roth.de\/teneriffa-blog\/wp-content\/uploads\/2016\/01\/P1210464.jpg 800w\" sizes=\"auto, (max-width: 150px) 100vw, 150px\" \/><\/a><\/p>\n<p>Wir werden mit dem Blick auf eine ausgefallene Felsformation belohnt, die den Gebilden in der Paisaje Lunar, der Mondlandschaft wenig nachsteht.<\/p>\n<p>Als wir an eine Gabelung kommen, uns links halten, wer meldet sich und ist mit uns zufrieden, da wir \u201eauf die Tour zur\u00fcckkehrt sind\u201c? Agatha.<\/p>\n<p><a href=\"http:\/\/www.mundi-roth.de\/teneriffa-blog\/wp-content\/uploads\/2016\/01\/P1210473.jpg\" rel=\"lightbox[4639]\" rel=\"attachment wp-att-4648\"><img loading=\"lazy\" decoding=\"async\" class=\"alignleft size-thumbnail wp-image-4648\" src=\"http:\/\/www.mundi-roth.de\/teneriffa-blog\/wp-content\/uploads\/2016\/01\/P1210473-150x112.jpg\" alt=\"P1210473\" width=\"150\" height=\"112\" srcset=\"https:\/\/www.mundi-roth.de\/teneriffa-blog\/wp-content\/uploads\/2016\/01\/P1210473-150x112.jpg 150w, https:\/\/www.mundi-roth.de\/teneriffa-blog\/wp-content\/uploads\/2016\/01\/P1210473-300x225.jpg 300w, https:\/\/www.mundi-roth.de\/teneriffa-blog\/wp-content\/uploads\/2016\/01\/P1210473-768x575.jpg 768w, https:\/\/www.mundi-roth.de\/teneriffa-blog\/wp-content\/uploads\/2016\/01\/P1210473.jpg 800w\" sizes=\"auto, (max-width: 150px) 100vw, 150px\" \/><\/a>Jetzt nur noch den Aufstieg zum Friedhof von Adeje, das ist der Zeitpunkt, dass wir meinen lieben Mann mal wieder anrufen, damit er uns am Friedhof abholt.<\/p>\n<div style=\"clear: both;\"><\/div>\n<p><strong>Fazit:<\/strong><br \/>\nObwohl die Wanderung durch landschaftlich reizvolle Zonen f\u00fchrt, w\u00fcrden wir sie nicht zur Nachwanderung empfehlen. Es sind einfach gro\u00dfe Strecken dabei, bei denen man nur mit viel Gl\u00fcck weiterkommt und die Richtung h\u00e4lt.<br \/>\nOhne das Navigationssystem von Komoot und die Beschreibung von Francisco Fari\u00f1a und dessen GPS-Daten sehen wir diese Wanderung als nicht machbar an.<\/p>\n<p><strong>ABER:<\/strong> Wir haben es uns nun mal in den Kopf gesetzt den ganzen Camino Real del Sur von Candelaria bis Santiago del Teide zu gehen und so werden wir uns \u2013 bei gutem Wetter, das wir bisher hatten \u2013 n\u00e4chste Woche an die 8. Teilstrecke von Adeje aus Richtung Gu\u00eda de Isora wagen.<\/p>\n<p style=\"text-align: center;\"><strong>Impressionen<\/strong><\/p>\n\n\t\t<style type=\"text\/css\">\n\t\t\t#gallery-2 {\n\t\t\t\tmargin: auto;\n\t\t\t}\n\t\t\t#gallery-2 .gallery-item {\n\t\t\t\tfloat: left;\n\t\t\t\tmargin-top: 10px;\n\t\t\t\ttext-align: center;\n\t\t\t\twidth: 33%;\n\t\t\t}\n\t\t\t#gallery-2 img {\n\t\t\t\tborder: 2px solid #cfcfcf;\n\t\t\t}\n\t\t\t#gallery-2 .gallery-caption {\n\t\t\t\tmargin-left: 0;\n\t\t\t}\n\t\t\t\/* see gallery_shortcode() in wp-includes\/media.php *\/\n\t\t<\/style>\n\t\t<div id='gallery-2' class='gallery galleryid-4639 gallery-columns-3 gallery-size-thumbnail'><dl class='gallery-item'>\n\t\t\t<dt class='gallery-icon landscape'>\n\t\t\t\t<a href='https:\/\/www.mundi-roth.de\/teneriffa-blog\/wp-content\/uploads\/2016\/01\/P1210394a.jpg' rel=\"lightbox[4639]\"><img loading=\"lazy\" decoding=\"async\" width=\"150\" height=\"88\" src=\"https:\/\/www.mundi-roth.de\/teneriffa-blog\/wp-content\/uploads\/2016\/01\/P1210394a-150x88.jpg\" class=\"attachment-thumbnail size-thumbnail\" alt=\"\" aria-describedby=\"gallery-2-4649\" srcset=\"https:\/\/www.mundi-roth.de\/teneriffa-blog\/wp-content\/uploads\/2016\/01\/P1210394a-150x88.jpg 150w, https:\/\/www.mundi-roth.de\/teneriffa-blog\/wp-content\/uploads\/2016\/01\/P1210394a-300x176.jpg 300w, https:\/\/www.mundi-roth.de\/teneriffa-blog\/wp-content\/uploads\/2016\/01\/P1210394a-768x451.jpg 768w, https:\/\/www.mundi-roth.de\/teneriffa-blog\/wp-content\/uploads\/2016\/01\/P1210394a.jpg 800w\" sizes=\"auto, (max-width: 150px) 100vw, 150px\" \/><\/a>\n\t\t\t<\/dt>\n\t\t\t\t<dd class='wp-caption-text gallery-caption' id='gallery-2-4649'>\n\t\t\t\tAusgangspunkt Kirchplatz Arona\n\t\t\t\t<\/dd><\/dl><dl class='gallery-item'>\n\t\t\t<dt class='gallery-icon landscape'>\n\t\t\t\t<a href='https:\/\/www.mundi-roth.de\/teneriffa-blog\/wp-content\/uploads\/2016\/01\/P1210408a.jpg' rel=\"lightbox[4639]\"><img loading=\"lazy\" decoding=\"async\" width=\"150\" height=\"108\" src=\"https:\/\/www.mundi-roth.de\/teneriffa-blog\/wp-content\/uploads\/2016\/01\/P1210408a-150x108.jpg\" class=\"attachment-thumbnail size-thumbnail\" alt=\"\" aria-describedby=\"gallery-2-4650\" srcset=\"https:\/\/www.mundi-roth.de\/teneriffa-blog\/wp-content\/uploads\/2016\/01\/P1210408a-150x108.jpg 150w, https:\/\/www.mundi-roth.de\/teneriffa-blog\/wp-content\/uploads\/2016\/01\/P1210408a-300x216.jpg 300w, https:\/\/www.mundi-roth.de\/teneriffa-blog\/wp-content\/uploads\/2016\/01\/P1210408a-768x554.jpg 768w, https:\/\/www.mundi-roth.de\/teneriffa-blog\/wp-content\/uploads\/2016\/01\/P1210408a.jpg 800w\" sizes=\"auto, (max-width: 150px) 100vw, 150px\" \/><\/a>\n\t\t\t<\/dt>\n\t\t\t\t<dd class='wp-caption-text gallery-caption' id='gallery-2-4650'>\n\t\t\t\tConde\n\t\t\t\t<\/dd><\/dl><dl class='gallery-item'>\n\t\t\t<dt class='gallery-icon landscape'>\n\t\t\t\t<a href='https:\/\/www.mundi-roth.de\/teneriffa-blog\/wp-content\/uploads\/2016\/01\/P1210414.jpg' rel=\"lightbox[4639]\"><img loading=\"lazy\" decoding=\"async\" width=\"150\" height=\"113\" src=\"https:\/\/www.mundi-roth.de\/teneriffa-blog\/wp-content\/uploads\/2016\/01\/P1210414-150x113.jpg\" class=\"attachment-thumbnail size-thumbnail\" alt=\"\" aria-describedby=\"gallery-2-4651\" srcset=\"https:\/\/www.mundi-roth.de\/teneriffa-blog\/wp-content\/uploads\/2016\/01\/P1210414-150x113.jpg 150w, https:\/\/www.mundi-roth.de\/teneriffa-blog\/wp-content\/uploads\/2016\/01\/P1210414-300x225.jpg 300w, https:\/\/www.mundi-roth.de\/teneriffa-blog\/wp-content\/uploads\/2016\/01\/P1210414-768x576.jpg 768w, https:\/\/www.mundi-roth.de\/teneriffa-blog\/wp-content\/uploads\/2016\/01\/P1210414.jpg 800w\" sizes=\"auto, (max-width: 150px) 100vw, 150px\" \/><\/a>\n\t\t\t<\/dt>\n\t\t\t\t<dd class='wp-caption-text gallery-caption' id='gallery-2-4651'>\n\t\t\t\tBarranco del Rey\n\t\t\t\t<\/dd><\/dl><br style=\"clear: both\" \/><dl class='gallery-item'>\n\t\t\t<dt class='gallery-icon landscape'>\n\t\t\t\t<a href='https:\/\/www.mundi-roth.de\/teneriffa-blog\/wp-content\/uploads\/2016\/01\/P1210417a.jpg' rel=\"lightbox[4639]\"><img loading=\"lazy\" decoding=\"async\" width=\"150\" height=\"90\" src=\"https:\/\/www.mundi-roth.de\/teneriffa-blog\/wp-content\/uploads\/2016\/01\/P1210417a-150x90.jpg\" class=\"attachment-thumbnail size-thumbnail\" alt=\"\" aria-describedby=\"gallery-2-4653\" srcset=\"https:\/\/www.mundi-roth.de\/teneriffa-blog\/wp-content\/uploads\/2016\/01\/P1210417a-150x90.jpg 150w, https:\/\/www.mundi-roth.de\/teneriffa-blog\/wp-content\/uploads\/2016\/01\/P1210417a-300x181.jpg 300w, https:\/\/www.mundi-roth.de\/teneriffa-blog\/wp-content\/uploads\/2016\/01\/P1210417a-768x463.jpg 768w, https:\/\/www.mundi-roth.de\/teneriffa-blog\/wp-content\/uploads\/2016\/01\/P1210417a.jpg 800w\" sizes=\"auto, (max-width: 150px) 100vw, 150px\" \/><\/a>\n\t\t\t<\/dt>\n\t\t\t\t<dd class='wp-caption-text gallery-caption' id='gallery-2-4653'>\n\t\t\t\tFinca El Vallito\n\t\t\t\t<\/dd><\/dl><dl class='gallery-item'>\n\t\t\t<dt class='gallery-icon landscape'>\n\t\t\t\t<a href='https:\/\/www.mundi-roth.de\/teneriffa-blog\/wp-content\/uploads\/2016\/01\/P1210416.jpg' rel=\"lightbox[4639]\"><img loading=\"lazy\" decoding=\"async\" width=\"150\" height=\"113\" src=\"https:\/\/www.mundi-roth.de\/teneriffa-blog\/wp-content\/uploads\/2016\/01\/P1210416-150x113.jpg\" class=\"attachment-thumbnail size-thumbnail\" alt=\"\" aria-describedby=\"gallery-2-4652\" srcset=\"https:\/\/www.mundi-roth.de\/teneriffa-blog\/wp-content\/uploads\/2016\/01\/P1210416-150x113.jpg 150w, https:\/\/www.mundi-roth.de\/teneriffa-blog\/wp-content\/uploads\/2016\/01\/P1210416-300x225.jpg 300w, https:\/\/www.mundi-roth.de\/teneriffa-blog\/wp-content\/uploads\/2016\/01\/P1210416-768x576.jpg 768w, https:\/\/www.mundi-roth.de\/teneriffa-blog\/wp-content\/uploads\/2016\/01\/P1210416.jpg 800w\" sizes=\"auto, (max-width: 150px) 100vw, 150px\" \/><\/a>\n\t\t\t<\/dt>\n\t\t\t\t<dd class='wp-caption-text gallery-caption' id='gallery-2-4652'>\n\t\t\t\tCamino Real Pflaster\n\t\t\t\t<\/dd><\/dl><dl class='gallery-item'>\n\t\t\t<dt class='gallery-icon landscape'>\n\t\t\t\t<a href='https:\/\/www.mundi-roth.de\/teneriffa-blog\/wp-content\/uploads\/2016\/01\/P1210428.jpg' rel=\"lightbox[4639]\"><img loading=\"lazy\" decoding=\"async\" width=\"150\" height=\"113\" src=\"https:\/\/www.mundi-roth.de\/teneriffa-blog\/wp-content\/uploads\/2016\/01\/P1210428-150x113.jpg\" class=\"attachment-thumbnail size-thumbnail\" alt=\"\" aria-describedby=\"gallery-2-4655\" srcset=\"https:\/\/www.mundi-roth.de\/teneriffa-blog\/wp-content\/uploads\/2016\/01\/P1210428-150x113.jpg 150w, https:\/\/www.mundi-roth.de\/teneriffa-blog\/wp-content\/uploads\/2016\/01\/P1210428-300x225.jpg 300w, https:\/\/www.mundi-roth.de\/teneriffa-blog\/wp-content\/uploads\/2016\/01\/P1210428-768x576.jpg 768w, https:\/\/www.mundi-roth.de\/teneriffa-blog\/wp-content\/uploads\/2016\/01\/P1210428.jpg 800w\" sizes=\"auto, (max-width: 150px) 100vw, 150px\" \/><\/a>\n\t\t\t<\/dt>\n\t\t\t\t<dd class='wp-caption-text gallery-caption' id='gallery-2-4655'>\n\t\t\t\tCamino Real Pflaster\n\t\t\t\t<\/dd><\/dl><br style=\"clear: both\" \/><dl class='gallery-item'>\n\t\t\t<dt class='gallery-icon landscape'>\n\t\t\t\t<a href='https:\/\/www.mundi-roth.de\/teneriffa-blog\/wp-content\/uploads\/2016\/01\/P1210425a-1.jpg' rel=\"lightbox[4639]\"><img loading=\"lazy\" decoding=\"async\" width=\"150\" height=\"89\" src=\"https:\/\/www.mundi-roth.de\/teneriffa-blog\/wp-content\/uploads\/2016\/01\/P1210425a-1-150x89.jpg\" class=\"attachment-thumbnail size-thumbnail\" alt=\"\" aria-describedby=\"gallery-2-4654\" srcset=\"https:\/\/www.mundi-roth.de\/teneriffa-blog\/wp-content\/uploads\/2016\/01\/P1210425a-1-150x89.jpg 150w, https:\/\/www.mundi-roth.de\/teneriffa-blog\/wp-content\/uploads\/2016\/01\/P1210425a-1-300x179.jpg 300w, https:\/\/www.mundi-roth.de\/teneriffa-blog\/wp-content\/uploads\/2016\/01\/P1210425a-1-768x458.jpg 768w, https:\/\/www.mundi-roth.de\/teneriffa-blog\/wp-content\/uploads\/2016\/01\/P1210425a-1.jpg 800w\" sizes=\"auto, (max-width: 150px) 100vw, 150px\" \/><\/a>\n\t\t\t<\/dt>\n\t\t\t\t<dd class='wp-caption-text gallery-caption' id='gallery-2-4654'>\n\t\t\t\tAusblick\n\t\t\t\t<\/dd><\/dl><dl class='gallery-item'>\n\t\t\t<dt class='gallery-icon landscape'>\n\t\t\t\t<a href='https:\/\/www.mundi-roth.de\/teneriffa-blog\/wp-content\/uploads\/2016\/01\/P1210437.jpg' rel=\"lightbox[4639]\"><img loading=\"lazy\" decoding=\"async\" width=\"150\" height=\"113\" src=\"https:\/\/www.mundi-roth.de\/teneriffa-blog\/wp-content\/uploads\/2016\/01\/P1210437-150x113.jpg\" class=\"attachment-thumbnail size-thumbnail\" alt=\"\" aria-describedby=\"gallery-2-4656\" srcset=\"https:\/\/www.mundi-roth.de\/teneriffa-blog\/wp-content\/uploads\/2016\/01\/P1210437-150x113.jpg 150w, https:\/\/www.mundi-roth.de\/teneriffa-blog\/wp-content\/uploads\/2016\/01\/P1210437-300x225.jpg 300w, https:\/\/www.mundi-roth.de\/teneriffa-blog\/wp-content\/uploads\/2016\/01\/P1210437-768x576.jpg 768w, https:\/\/www.mundi-roth.de\/teneriffa-blog\/wp-content\/uploads\/2016\/01\/P1210437.jpg 800w\" sizes=\"auto, (max-width: 150px) 100vw, 150px\" \/><\/a>\n\t\t\t<\/dt>\n\t\t\t\t<dd class='wp-caption-text gallery-caption' id='gallery-2-4656'>\n\t\t\t\tTorviscas Alto\n\t\t\t\t<\/dd><\/dl><dl class='gallery-item'>\n\t\t\t<dt class='gallery-icon landscape'>\n\t\t\t\t<a href='https:\/\/www.mundi-roth.de\/teneriffa-blog\/wp-content\/uploads\/2016\/01\/P1210439a.jpg' rel=\"lightbox[4639]\"><img loading=\"lazy\" decoding=\"async\" width=\"150\" height=\"119\" src=\"https:\/\/www.mundi-roth.de\/teneriffa-blog\/wp-content\/uploads\/2016\/01\/P1210439a-150x119.jpg\" class=\"attachment-thumbnail size-thumbnail\" alt=\"\" aria-describedby=\"gallery-2-4657\" srcset=\"https:\/\/www.mundi-roth.de\/teneriffa-blog\/wp-content\/uploads\/2016\/01\/P1210439a-150x119.jpg 150w, https:\/\/www.mundi-roth.de\/teneriffa-blog\/wp-content\/uploads\/2016\/01\/P1210439a-300x238.jpg 300w, https:\/\/www.mundi-roth.de\/teneriffa-blog\/wp-content\/uploads\/2016\/01\/P1210439a-768x609.jpg 768w, https:\/\/www.mundi-roth.de\/teneriffa-blog\/wp-content\/uploads\/2016\/01\/P1210439a.jpg 800w\" sizes=\"auto, (max-width: 150px) 100vw, 150px\" \/><\/a>\n\t\t\t<\/dt>\n\t\t\t\t<dd class='wp-caption-text gallery-caption' id='gallery-2-4657'>\n\t\t\t\tTrinkwasser-Speicher\n\t\t\t\t<\/dd><\/dl><br style=\"clear: both\" \/><dl class='gallery-item'>\n\t\t\t<dt class='gallery-icon landscape'>\n\t\t\t\t<a href='https:\/\/www.mundi-roth.de\/teneriffa-blog\/wp-content\/uploads\/2016\/01\/P1210450.jpg' rel=\"lightbox[4639]\"><img loading=\"lazy\" decoding=\"async\" width=\"150\" height=\"113\" src=\"https:\/\/www.mundi-roth.de\/teneriffa-blog\/wp-content\/uploads\/2016\/01\/P1210450-150x113.jpg\" class=\"attachment-thumbnail size-thumbnail\" alt=\"\" aria-describedby=\"gallery-2-4660\" srcset=\"https:\/\/www.mundi-roth.de\/teneriffa-blog\/wp-content\/uploads\/2016\/01\/P1210450-150x113.jpg 150w, https:\/\/www.mundi-roth.de\/teneriffa-blog\/wp-content\/uploads\/2016\/01\/P1210450-300x225.jpg 300w, https:\/\/www.mundi-roth.de\/teneriffa-blog\/wp-content\/uploads\/2016\/01\/P1210450-768x576.jpg 768w, https:\/\/www.mundi-roth.de\/teneriffa-blog\/wp-content\/uploads\/2016\/01\/P1210450.jpg 800w\" sizes=\"auto, (max-width: 150px) 100vw, 150px\" \/><\/a>\n\t\t\t<\/dt>\n\t\t\t\t<dd class='wp-caption-text gallery-caption' id='gallery-2-4660'>\n\t\t\t\tZisternen \/ Roque de los Brezos\n\t\t\t\t<\/dd><\/dl><dl class='gallery-item'>\n\t\t\t<dt class='gallery-icon landscape'>\n\t\t\t\t<a href='https:\/\/www.mundi-roth.de\/teneriffa-blog\/wp-content\/uploads\/2016\/01\/P1210442a.jpg' rel=\"lightbox[4639]\"><img loading=\"lazy\" decoding=\"async\" width=\"150\" height=\"103\" src=\"https:\/\/www.mundi-roth.de\/teneriffa-blog\/wp-content\/uploads\/2016\/01\/P1210442a-150x103.jpg\" class=\"attachment-thumbnail size-thumbnail\" alt=\"\" aria-describedby=\"gallery-2-4658\" srcset=\"https:\/\/www.mundi-roth.de\/teneriffa-blog\/wp-content\/uploads\/2016\/01\/P1210442a-150x103.jpg 150w, https:\/\/www.mundi-roth.de\/teneriffa-blog\/wp-content\/uploads\/2016\/01\/P1210442a-300x206.jpg 300w, https:\/\/www.mundi-roth.de\/teneriffa-blog\/wp-content\/uploads\/2016\/01\/P1210442a-768x526.jpg 768w, https:\/\/www.mundi-roth.de\/teneriffa-blog\/wp-content\/uploads\/2016\/01\/P1210442a.jpg 800w\" sizes=\"auto, (max-width: 150px) 100vw, 150px\" \/><\/a>\n\t\t\t<\/dt>\n\t\t\t\t<dd class='wp-caption-text gallery-caption' id='gallery-2-4658'>\n\t\t\t\tPfad\n\t\t\t\t<\/dd><\/dl><dl class='gallery-item'>\n\t\t\t<dt class='gallery-icon landscape'>\n\t\t\t\t<a href='https:\/\/www.mundi-roth.de\/teneriffa-blog\/wp-content\/uploads\/2016\/01\/P1210443a.jpg' rel=\"lightbox[4639]\"><img loading=\"lazy\" decoding=\"async\" width=\"150\" height=\"119\" src=\"https:\/\/www.mundi-roth.de\/teneriffa-blog\/wp-content\/uploads\/2016\/01\/P1210443a-150x119.jpg\" class=\"attachment-thumbnail size-thumbnail\" alt=\"\" aria-describedby=\"gallery-2-4659\" srcset=\"https:\/\/www.mundi-roth.de\/teneriffa-blog\/wp-content\/uploads\/2016\/01\/P1210443a-150x119.jpg 150w, https:\/\/www.mundi-roth.de\/teneriffa-blog\/wp-content\/uploads\/2016\/01\/P1210443a-300x237.jpg 300w, https:\/\/www.mundi-roth.de\/teneriffa-blog\/wp-content\/uploads\/2016\/01\/P1210443a-768x607.jpg 768w, https:\/\/www.mundi-roth.de\/teneriffa-blog\/wp-content\/uploads\/2016\/01\/P1210443a.jpg 800w\" sizes=\"auto, (max-width: 150px) 100vw, 150px\" \/><\/a>\n\t\t\t<\/dt>\n\t\t\t\t<dd class='wp-caption-text gallery-caption' id='gallery-2-4659'>\n\t\t\t\tPfad\n\t\t\t\t<\/dd><\/dl><br style=\"clear: both\" \/><dl class='gallery-item'>\n\t\t\t<dt class='gallery-icon landscape'>\n\t\t\t\t<a href='https:\/\/www.mundi-roth.de\/teneriffa-blog\/wp-content\/uploads\/2016\/01\/P1210460.jpg' rel=\"lightbox[4639]\"><img loading=\"lazy\" decoding=\"async\" width=\"150\" height=\"113\" src=\"https:\/\/www.mundi-roth.de\/teneriffa-blog\/wp-content\/uploads\/2016\/01\/P1210460-150x113.jpg\" class=\"attachment-thumbnail size-thumbnail\" alt=\"\" aria-describedby=\"gallery-2-4661\" srcset=\"https:\/\/www.mundi-roth.de\/teneriffa-blog\/wp-content\/uploads\/2016\/01\/P1210460-150x113.jpg 150w, https:\/\/www.mundi-roth.de\/teneriffa-blog\/wp-content\/uploads\/2016\/01\/P1210460-300x225.jpg 300w, https:\/\/www.mundi-roth.de\/teneriffa-blog\/wp-content\/uploads\/2016\/01\/P1210460-768x576.jpg 768w, https:\/\/www.mundi-roth.de\/teneriffa-blog\/wp-content\/uploads\/2016\/01\/P1210460.jpg 800w\" sizes=\"auto, (max-width: 150px) 100vw, 150px\" \/><\/a>\n\t\t\t<\/dt>\n\t\t\t\t<dd class='wp-caption-text gallery-caption' id='gallery-2-4661'>\n\t\t\t\tPfad\n\t\t\t\t<\/dd><\/dl><dl class='gallery-item'>\n\t\t\t<dt class='gallery-icon landscape'>\n\t\t\t\t<a href='https:\/\/www.mundi-roth.de\/teneriffa-blog\/wp-content\/uploads\/2016\/01\/P1210461.jpg' rel=\"lightbox[4639]\"><img loading=\"lazy\" decoding=\"async\" width=\"150\" height=\"113\" src=\"https:\/\/www.mundi-roth.de\/teneriffa-blog\/wp-content\/uploads\/2016\/01\/P1210461-150x113.jpg\" class=\"attachment-thumbnail size-thumbnail\" alt=\"\" aria-describedby=\"gallery-2-4662\" srcset=\"https:\/\/www.mundi-roth.de\/teneriffa-blog\/wp-content\/uploads\/2016\/01\/P1210461-150x113.jpg 150w, https:\/\/www.mundi-roth.de\/teneriffa-blog\/wp-content\/uploads\/2016\/01\/P1210461-300x225.jpg 300w, https:\/\/www.mundi-roth.de\/teneriffa-blog\/wp-content\/uploads\/2016\/01\/P1210461-768x576.jpg 768w, https:\/\/www.mundi-roth.de\/teneriffa-blog\/wp-content\/uploads\/2016\/01\/P1210461.jpg 800w\" sizes=\"auto, (max-width: 150px) 100vw, 150px\" \/><\/a>\n\t\t\t<\/dt>\n\t\t\t\t<dd class='wp-caption-text gallery-caption' id='gallery-2-4662'>\n\t\t\t\tPfad\n\t\t\t\t<\/dd><\/dl><dl class='gallery-item'>\n\t\t\t<dt class='gallery-icon landscape'>\n\t\t\t\t<a href='https:\/\/www.mundi-roth.de\/teneriffa-blog\/wp-content\/uploads\/2016\/01\/P1210470a-1.jpg' rel=\"lightbox[4639]\"><img loading=\"lazy\" decoding=\"async\" width=\"150\" height=\"97\" src=\"https:\/\/www.mundi-roth.de\/teneriffa-blog\/wp-content\/uploads\/2016\/01\/P1210470a-1-150x97.jpg\" class=\"attachment-thumbnail size-thumbnail\" alt=\"\" aria-describedby=\"gallery-2-4664\" srcset=\"https:\/\/www.mundi-roth.de\/teneriffa-blog\/wp-content\/uploads\/2016\/01\/P1210470a-1-150x97.jpg 150w, https:\/\/www.mundi-roth.de\/teneriffa-blog\/wp-content\/uploads\/2016\/01\/P1210470a-1-300x194.jpg 300w, https:\/\/www.mundi-roth.de\/teneriffa-blog\/wp-content\/uploads\/2016\/01\/P1210470a-1-768x495.jpg 768w, https:\/\/www.mundi-roth.de\/teneriffa-blog\/wp-content\/uploads\/2016\/01\/P1210470a-1.jpg 800w\" sizes=\"auto, (max-width: 150px) 100vw, 150px\" \/><\/a>\n\t\t\t<\/dt>\n\t\t\t\t<dd class='wp-caption-text gallery-caption' id='gallery-2-4664'>\n\t\t\t\tFast eine &#8222;Mondlandschaft&#8220;\n\t\t\t\t<\/dd><\/dl><br style=\"clear: both\" \/><dl class='gallery-item'>\n\t\t\t<dt class='gallery-icon landscape'>\n\t\t\t\t<a href='https:\/\/www.mundi-roth.de\/teneriffa-blog\/wp-content\/uploads\/2016\/01\/P1210471a.jpg' rel=\"lightbox[4639]\"><img loading=\"lazy\" decoding=\"async\" width=\"150\" height=\"85\" src=\"https:\/\/www.mundi-roth.de\/teneriffa-blog\/wp-content\/uploads\/2016\/01\/P1210471a-150x85.jpg\" class=\"attachment-thumbnail size-thumbnail\" alt=\"\" aria-describedby=\"gallery-2-4665\" srcset=\"https:\/\/www.mundi-roth.de\/teneriffa-blog\/wp-content\/uploads\/2016\/01\/P1210471a-150x85.jpg 150w, https:\/\/www.mundi-roth.de\/teneriffa-blog\/wp-content\/uploads\/2016\/01\/P1210471a-300x169.jpg 300w, https:\/\/www.mundi-roth.de\/teneriffa-blog\/wp-content\/uploads\/2016\/01\/P1210471a-768x433.jpg 768w, https:\/\/www.mundi-roth.de\/teneriffa-blog\/wp-content\/uploads\/2016\/01\/P1210471a.jpg 800w\" sizes=\"auto, (max-width: 150px) 100vw, 150px\" \/><\/a>\n\t\t\t<\/dt>\n\t\t\t\t<dd class='wp-caption-text gallery-caption' id='gallery-2-4665'>\n\t\t\t\tR\u00fcckblick Conde, Roque Imoque, Roque de los Brezos\n\t\t\t\t<\/dd><\/dl>\n\t\t\t<br style='clear: both' \/>\n\t\t<\/div>\n\n","protected":false},"excerpt":{"rendered":"<p>Camino Real del Sur 7. Etappe Arona &#8211; Adeje Immer heiter weiter auf dem Camino Real del Sur. Wir kommen durch Landschaftsabschnitte die man normalerweise nicht begehen w\u00fcrde. Nicht, dass sie zum Teil nicht sehr sch\u00f6n, sehr reizvoll, sehr interessant sind, jedoch die \u201eWege\u201c-Beschaffenheit, wenn man sie \u00fcberhaupt als solche bezeichnen kann, ist h\u00e4ufig mehr [&hellip;]<\/p>\n","protected":false},"author":4,"featured_media":5164,"comment_status":"open","ping_status":"open","sticky":false,"template":"","format":"standard","meta":{"footnotes":""},"categories":[775,6],"tags":[228,65,173,47,886,233,887,439,446,866],"class_list":["post-4639","post","type-post","status-publish","format-standard","has-post-thumbnail","hentry","category-arona","category-wanderungen","tag-adeje","tag-arona","tag-barranco-del-rey","tag-camino-real","tag-camino-real-del-vento","tag-conde","tag-finca-el-vallito","tag-teneriffa-wandern","tag-wandern-teneriffa","tag-wanderurlaub-teneriffa"],"yoast_head":"<!-- This site is optimized with the Yoast SEO plugin v27.5 - https:\/\/yoast.com\/product\/yoast-seo-wordpress\/ -->\n<title>CAMINO REAL del SUR (7) - Teneriffa Wandern<\/title>\n<meta name=\"robots\" content=\"index, follow, max-snippet:-1, max-image-preview:large, max-video-preview:-1\" \/>\n<link rel=\"canonical\" href=\"https:\/\/www.mundi-roth.de\/teneriffa-blog\/wanderungen\/camino-real-del-sur-7\/\" \/>\n<meta name=\"twitter:label1\" content=\"Verfasst von\" \/>\n\t<meta name=\"twitter:data1\" content=\"mundi\" \/>\n\t<meta name=\"twitter:label2\" content=\"Gesch\u00e4tzte Lesezeit\" \/>\n\t<meta name=\"twitter:data2\" content=\"6\u00a0Minuten\" \/>\n<script type=\"application\/ld+json\" class=\"yoast-schema-graph\">{\"@context\":\"https:\\\/\\\/schema.org\",\"@graph\":[{\"@type\":\"Article\",\"@id\":\"https:\\\/\\\/www.mundi-roth.de\\\/teneriffa-blog\\\/wanderungen\\\/camino-real-del-sur-7\\\/#article\",\"isPartOf\":{\"@id\":\"https:\\\/\\\/www.mundi-roth.de\\\/teneriffa-blog\\\/wanderungen\\\/camino-real-del-sur-7\\\/\"},\"author\":{\"name\":\"mundi\",\"@id\":\"https:\\\/\\\/www.mundi-roth.de\\\/teneriffa-blog\\\/#\\\/schema\\\/person\\\/971c66b55f3ae5e8741553688c413cac\"},\"headline\":\"CAMINO REAL del SUR (7)\",\"datePublished\":\"2016-01-06T21:00:29+00:00\",\"dateModified\":\"2016-05-20T08:57:17+00:00\",\"mainEntityOfPage\":{\"@id\":\"https:\\\/\\\/www.mundi-roth.de\\\/teneriffa-blog\\\/wanderungen\\\/camino-real-del-sur-7\\\/\"},\"wordCount\":1115,\"commentCount\":2,\"image\":{\"@id\":\"https:\\\/\\\/www.mundi-roth.de\\\/teneriffa-blog\\\/wanderungen\\\/camino-real-del-sur-7\\\/#primaryimage\"},\"thumbnailUrl\":\"https:\\\/\\\/www.mundi-roth.de\\\/teneriffa-blog\\\/wp-content\\\/uploads\\\/2016\\\/01\\\/P1210416-1.jpg\",\"keywords\":[\"Adeje\",\"Arona\",\"Barranco del Rey\",\"Camino Real\",\"Camino Real del Vento\",\"Conde\",\"Finca El Vallito\",\"Teneriffa Wandern\",\"Wandern Teneriffa\",\"Wanderurlaub Teneriffa\"],\"articleSection\":[\"Arona\",\"Wanderungen\"],\"inLanguage\":\"de\",\"potentialAction\":[{\"@type\":\"CommentAction\",\"name\":\"Comment\",\"target\":[\"https:\\\/\\\/www.mundi-roth.de\\\/teneriffa-blog\\\/wanderungen\\\/camino-real-del-sur-7\\\/#respond\"]}]},{\"@type\":\"WebPage\",\"@id\":\"https:\\\/\\\/www.mundi-roth.de\\\/teneriffa-blog\\\/wanderungen\\\/camino-real-del-sur-7\\\/\",\"url\":\"https:\\\/\\\/www.mundi-roth.de\\\/teneriffa-blog\\\/wanderungen\\\/camino-real-del-sur-7\\\/\",\"name\":\"CAMINO REAL del SUR (7) - Teneriffa Wandern\",\"isPartOf\":{\"@id\":\"https:\\\/\\\/www.mundi-roth.de\\\/teneriffa-blog\\\/#website\"},\"primaryImageOfPage\":{\"@id\":\"https:\\\/\\\/www.mundi-roth.de\\\/teneriffa-blog\\\/wanderungen\\\/camino-real-del-sur-7\\\/#primaryimage\"},\"image\":{\"@id\":\"https:\\\/\\\/www.mundi-roth.de\\\/teneriffa-blog\\\/wanderungen\\\/camino-real-del-sur-7\\\/#primaryimage\"},\"thumbnailUrl\":\"https:\\\/\\\/www.mundi-roth.de\\\/teneriffa-blog\\\/wp-content\\\/uploads\\\/2016\\\/01\\\/P1210416-1.jpg\",\"datePublished\":\"2016-01-06T21:00:29+00:00\",\"dateModified\":\"2016-05-20T08:57:17+00:00\",\"author\":{\"@id\":\"https:\\\/\\\/www.mundi-roth.de\\\/teneriffa-blog\\\/#\\\/schema\\\/person\\\/971c66b55f3ae5e8741553688c413cac\"},\"breadcrumb\":{\"@id\":\"https:\\\/\\\/www.mundi-roth.de\\\/teneriffa-blog\\\/wanderungen\\\/camino-real-del-sur-7\\\/#breadcrumb\"},\"inLanguage\":\"de\",\"potentialAction\":[{\"@type\":\"ReadAction\",\"target\":[\"https:\\\/\\\/www.mundi-roth.de\\\/teneriffa-blog\\\/wanderungen\\\/camino-real-del-sur-7\\\/\"]}]},{\"@type\":\"ImageObject\",\"inLanguage\":\"de\",\"@id\":\"https:\\\/\\\/www.mundi-roth.de\\\/teneriffa-blog\\\/wanderungen\\\/camino-real-del-sur-7\\\/#primaryimage\",\"url\":\"https:\\\/\\\/www.mundi-roth.de\\\/teneriffa-blog\\\/wp-content\\\/uploads\\\/2016\\\/01\\\/P1210416-1.jpg\",\"contentUrl\":\"https:\\\/\\\/www.mundi-roth.de\\\/teneriffa-blog\\\/wp-content\\\/uploads\\\/2016\\\/01\\\/P1210416-1.jpg\",\"width\":269,\"height\":202,\"caption\":\"CR7\"},{\"@type\":\"BreadcrumbList\",\"@id\":\"https:\\\/\\\/www.mundi-roth.de\\\/teneriffa-blog\\\/wanderungen\\\/camino-real-del-sur-7\\\/#breadcrumb\",\"itemListElement\":[{\"@type\":\"ListItem\",\"position\":1,\"name\":\"Startseite\",\"item\":\"https:\\\/\\\/www.mundi-roth.de\\\/teneriffa-blog\\\/\"},{\"@type\":\"ListItem\",\"position\":2,\"name\":\"CAMINO REAL del SUR (7)\"}]},{\"@type\":\"WebSite\",\"@id\":\"https:\\\/\\\/www.mundi-roth.de\\\/teneriffa-blog\\\/#website\",\"url\":\"https:\\\/\\\/www.mundi-roth.de\\\/teneriffa-blog\\\/\",\"name\":\"Teneriffa Wandern\",\"description\":\"Nicht nur Wanderungen auf Teneriffa...\",\"potentialAction\":[{\"@type\":\"SearchAction\",\"target\":{\"@type\":\"EntryPoint\",\"urlTemplate\":\"https:\\\/\\\/www.mundi-roth.de\\\/teneriffa-blog\\\/?s={search_term_string}\"},\"query-input\":{\"@type\":\"PropertyValueSpecification\",\"valueRequired\":true,\"valueName\":\"search_term_string\"}}],\"inLanguage\":\"de\"},{\"@type\":\"Person\",\"@id\":\"https:\\\/\\\/www.mundi-roth.de\\\/teneriffa-blog\\\/#\\\/schema\\\/person\\\/971c66b55f3ae5e8741553688c413cac\",\"name\":\"mundi\",\"image\":{\"@type\":\"ImageObject\",\"inLanguage\":\"de\",\"@id\":\"https:\\\/\\\/secure.gravatar.com\\\/avatar\\\/555f0dd85428f1a9330f8e5dbe9e40ff9ca912bb81e5a89747ebf3ca9c20dc0f?s=96&d=mm&r=g\",\"url\":\"https:\\\/\\\/secure.gravatar.com\\\/avatar\\\/555f0dd85428f1a9330f8e5dbe9e40ff9ca912bb81e5a89747ebf3ca9c20dc0f?s=96&d=mm&r=g\",\"contentUrl\":\"https:\\\/\\\/secure.gravatar.com\\\/avatar\\\/555f0dd85428f1a9330f8e5dbe9e40ff9ca912bb81e5a89747ebf3ca9c20dc0f?s=96&d=mm&r=g\",\"caption\":\"mundi\"},\"sameAs\":[\"http:\\\/\\\/mundi-roth.de\"],\"url\":\"https:\\\/\\\/www.mundi-roth.de\\\/teneriffa-blog\\\/author\\\/mundi\\\/\"}]}<\/script>\n<!-- \/ Yoast SEO plugin. -->","yoast_head_json":{"title":"CAMINO REAL del SUR (7) - Teneriffa Wandern","robots":{"index":"index","follow":"follow","max-snippet":"max-snippet:-1","max-image-preview":"max-image-preview:large","max-video-preview":"max-video-preview:-1"},"canonical":"https:\/\/www.mundi-roth.de\/teneriffa-blog\/wanderungen\/camino-real-del-sur-7\/","twitter_misc":{"Verfasst von":"mundi","Gesch\u00e4tzte Lesezeit":"6\u00a0Minuten"},"schema":{"@context":"https:\/\/schema.org","@graph":[{"@type":"Article","@id":"https:\/\/www.mundi-roth.de\/teneriffa-blog\/wanderungen\/camino-real-del-sur-7\/#article","isPartOf":{"@id":"https:\/\/www.mundi-roth.de\/teneriffa-blog\/wanderungen\/camino-real-del-sur-7\/"},"author":{"name":"mundi","@id":"https:\/\/www.mundi-roth.de\/teneriffa-blog\/#\/schema\/person\/971c66b55f3ae5e8741553688c413cac"},"headline":"CAMINO REAL del SUR (7)","datePublished":"2016-01-06T21:00:29+00:00","dateModified":"2016-05-20T08:57:17+00:00","mainEntityOfPage":{"@id":"https:\/\/www.mundi-roth.de\/teneriffa-blog\/wanderungen\/camino-real-del-sur-7\/"},"wordCount":1115,"commentCount":2,"image":{"@id":"https:\/\/www.mundi-roth.de\/teneriffa-blog\/wanderungen\/camino-real-del-sur-7\/#primaryimage"},"thumbnailUrl":"https:\/\/www.mundi-roth.de\/teneriffa-blog\/wp-content\/uploads\/2016\/01\/P1210416-1.jpg","keywords":["Adeje","Arona","Barranco del Rey","Camino Real","Camino Real del Vento","Conde","Finca El Vallito","Teneriffa Wandern","Wandern Teneriffa","Wanderurlaub Teneriffa"],"articleSection":["Arona","Wanderungen"],"inLanguage":"de","potentialAction":[{"@type":"CommentAction","name":"Comment","target":["https:\/\/www.mundi-roth.de\/teneriffa-blog\/wanderungen\/camino-real-del-sur-7\/#respond"]}]},{"@type":"WebPage","@id":"https:\/\/www.mundi-roth.de\/teneriffa-blog\/wanderungen\/camino-real-del-sur-7\/","url":"https:\/\/www.mundi-roth.de\/teneriffa-blog\/wanderungen\/camino-real-del-sur-7\/","name":"CAMINO REAL del SUR (7) - Teneriffa Wandern","isPartOf":{"@id":"https:\/\/www.mundi-roth.de\/teneriffa-blog\/#website"},"primaryImageOfPage":{"@id":"https:\/\/www.mundi-roth.de\/teneriffa-blog\/wanderungen\/camino-real-del-sur-7\/#primaryimage"},"image":{"@id":"https:\/\/www.mundi-roth.de\/teneriffa-blog\/wanderungen\/camino-real-del-sur-7\/#primaryimage"},"thumbnailUrl":"https:\/\/www.mundi-roth.de\/teneriffa-blog\/wp-content\/uploads\/2016\/01\/P1210416-1.jpg","datePublished":"2016-01-06T21:00:29+00:00","dateModified":"2016-05-20T08:57:17+00:00","author":{"@id":"https:\/\/www.mundi-roth.de\/teneriffa-blog\/#\/schema\/person\/971c66b55f3ae5e8741553688c413cac"},"breadcrumb":{"@id":"https:\/\/www.mundi-roth.de\/teneriffa-blog\/wanderungen\/camino-real-del-sur-7\/#breadcrumb"},"inLanguage":"de","potentialAction":[{"@type":"ReadAction","target":["https:\/\/www.mundi-roth.de\/teneriffa-blog\/wanderungen\/camino-real-del-sur-7\/"]}]},{"@type":"ImageObject","inLanguage":"de","@id":"https:\/\/www.mundi-roth.de\/teneriffa-blog\/wanderungen\/camino-real-del-sur-7\/#primaryimage","url":"https:\/\/www.mundi-roth.de\/teneriffa-blog\/wp-content\/uploads\/2016\/01\/P1210416-1.jpg","contentUrl":"https:\/\/www.mundi-roth.de\/teneriffa-blog\/wp-content\/uploads\/2016\/01\/P1210416-1.jpg","width":269,"height":202,"caption":"CR7"},{"@type":"BreadcrumbList","@id":"https:\/\/www.mundi-roth.de\/teneriffa-blog\/wanderungen\/camino-real-del-sur-7\/#breadcrumb","itemListElement":[{"@type":"ListItem","position":1,"name":"Startseite","item":"https:\/\/www.mundi-roth.de\/teneriffa-blog\/"},{"@type":"ListItem","position":2,"name":"CAMINO REAL del SUR (7)"}]},{"@type":"WebSite","@id":"https:\/\/www.mundi-roth.de\/teneriffa-blog\/#website","url":"https:\/\/www.mundi-roth.de\/teneriffa-blog\/","name":"Teneriffa Wandern","description":"Nicht nur Wanderungen auf Teneriffa...","potentialAction":[{"@type":"SearchAction","target":{"@type":"EntryPoint","urlTemplate":"https:\/\/www.mundi-roth.de\/teneriffa-blog\/?s={search_term_string}"},"query-input":{"@type":"PropertyValueSpecification","valueRequired":true,"valueName":"search_term_string"}}],"inLanguage":"de"},{"@type":"Person","@id":"https:\/\/www.mundi-roth.de\/teneriffa-blog\/#\/schema\/person\/971c66b55f3ae5e8741553688c413cac","name":"mundi","image":{"@type":"ImageObject","inLanguage":"de","@id":"https:\/\/secure.gravatar.com\/avatar\/555f0dd85428f1a9330f8e5dbe9e40ff9ca912bb81e5a89747ebf3ca9c20dc0f?s=96&d=mm&r=g","url":"https:\/\/secure.gravatar.com\/avatar\/555f0dd85428f1a9330f8e5dbe9e40ff9ca912bb81e5a89747ebf3ca9c20dc0f?s=96&d=mm&r=g","contentUrl":"https:\/\/secure.gravatar.com\/avatar\/555f0dd85428f1a9330f8e5dbe9e40ff9ca912bb81e5a89747ebf3ca9c20dc0f?s=96&d=mm&r=g","caption":"mundi"},"sameAs":["http:\/\/mundi-roth.de"],"url":"https:\/\/www.mundi-roth.de\/teneriffa-blog\/author\/mundi\/"}]}},"_links":{"self":[{"href":"https:\/\/www.mundi-roth.de\/teneriffa-blog\/wp-json\/wp\/v2\/posts\/4639","targetHints":{"allow":["GET"]}}],"collection":[{"href":"https:\/\/www.mundi-roth.de\/teneriffa-blog\/wp-json\/wp\/v2\/posts"}],"about":[{"href":"https:\/\/www.mundi-roth.de\/teneriffa-blog\/wp-json\/wp\/v2\/types\/post"}],"author":[{"embeddable":true,"href":"https:\/\/www.mundi-roth.de\/teneriffa-blog\/wp-json\/wp\/v2\/users\/4"}],"replies":[{"embeddable":true,"href":"https:\/\/www.mundi-roth.de\/teneriffa-blog\/wp-json\/wp\/v2\/comments?post=4639"}],"version-history":[{"count":0,"href":"https:\/\/www.mundi-roth.de\/teneriffa-blog\/wp-json\/wp\/v2\/posts\/4639\/revisions"}],"wp:featuredmedia":[{"embeddable":true,"href":"https:\/\/www.mundi-roth.de\/teneriffa-blog\/wp-json\/wp\/v2\/media\/5164"}],"wp:attachment":[{"href":"https:\/\/www.mundi-roth.de\/teneriffa-blog\/wp-json\/wp\/v2\/media?parent=4639"}],"wp:term":[{"taxonomy":"category","embeddable":true,"href":"https:\/\/www.mundi-roth.de\/teneriffa-blog\/wp-json\/wp\/v2\/categories?post=4639"},{"taxonomy":"post_tag","embeddable":true,"href":"https:\/\/www.mundi-roth.de\/teneriffa-blog\/wp-json\/wp\/v2\/tags?post=4639"}],"curies":[{"name":"wp","href":"https:\/\/api.w.org\/{rel}","templated":true}]}}