{"id":466,"date":"2008-10-28T20:00:33","date_gmt":"2008-10-28T19:00:33","guid":{"rendered":"http:\/\/www.mundi-roth.de\/teneriffa-blog\/?p=466"},"modified":"2015-04-12T11:42:09","modified_gmt":"2015-04-12T10:42:09","slug":"cinyero-nachtrag","status":"publish","type":"post","link":"https:\/\/www.mundi-roth.de\/teneriffa-blog\/wanderungen\/cinyero-nachtrag\/","title":{"rendered":"Chinyero &#8211; Nachtrag"},"content":{"rendered":"<p>Eigentlich wollten wir eine Traumabew\u00e4ltigungs-\/ Ged\u00e4chtniswanderung links oberhalb des Gr<a href=\"http:\/\/www.mundi-roth.de\/teneriffa-blog\/wp-content\/uploads\/2008\/10\/t1.jpg\" rel=\"lightbox[466]\"><img loading=\"lazy\" decoding=\"async\" class=\"alignright size-thumbnail wp-image-483\" title=\"t1\" src=\"http:\/\/www.mundi-roth.de\/teneriffa-blog\/wp-content\/uploads\/2008\/10\/t1.jpg\" alt=\"\" width=\"150\" height=\"130\" \/><\/a>illplatzes von Chio machen, da sich eine Wanderfreundin auf dieser Strecke vor 2 Jahren einen komplizierten Beinbruch zugezogen hat.<br \/>\nJedoch: <strong>Die Strecke ist wegen Bauarbeiten zur Zeit f\u00fcr den Publikumsverkehr gesperrt<\/strong> und zudem blies ein \u00e4u\u00dferst unangenehmer Wind \u00fcber uns hinweg.<\/p>\n<p>Also was tun? Chinyero.<a title=\"chinyero-weg2.jpg\" href=\"http:\/\/www.mundi-roth.de\/teneriffa-blog\/wp-content\/uploads\/2008\/03\/chinyero-weg2.jpg\" rel=\"lightbox[466]\"><img loading=\"lazy\" decoding=\"async\" src=\"http:\/\/www.mundi-roth.de\/teneriffa-blog\/wp-content\/uploads\/2008\/03\/chinyero-weg2.thumbnail.jpg\" alt=\"chinyero-weg2.jpg\" width=\"100\" height=\"105\" align=\"right\" border=\"0\" hspace=\"3\" vspace=\"3\" \/><\/a><br \/>\nEinmal in unserer Wandersaison muss diese Wanderung sein.<br \/>\nIch habe sie am 11. M\u00e4rz 2008 eingehend beschrieben und zwar unter anderem:<\/p>\n<p><em>\u201eEins m\u00fcssen wir uns auf der Wanderung bewusst machen: Wir gehen durch ein Gebiet, das von dem Brand verheerend in Mitleidenschaft gezogen wurde. Viele Str\u00e4ucher sind total verkohlt. Dagegen zeigt uns die Kanarische Kiefer ihren \u00dcberlebenswillen, da an den total verkohlten \u00c4sten bereits neue Austriebe zu bestaunen sind.\u201c<br \/>\n<\/em><br \/>\n<a href=\"http:\/\/www.mundi-roth.de\/teneriffa-blog\/wp-content\/uploads\/2008\/10\/p1020690.jpg\" rel=\"lightbox[466]\"><img loading=\"lazy\" decoding=\"async\" class=\"alignleft size-thumbnail wp-image-467\" title=\"p1020690\" src=\"http:\/\/www.mundi-roth.de\/teneriffa-blog\/wp-content\/uploads\/2008\/10\/p1020690.jpg\" alt=\"\" width=\"150\" height=\"112\" \/><\/a>Jetzt, nur ein halbes Jahr sp\u00e4ter, konnten wir auf dem Rundweg feststellen: Die Kanarische Kiefer gedeiht wirklich pr\u00e4chtig, trotz der fast verkohlten S<a href=\"http:\/\/www.mundi-roth.de\/teneriffa-blog\/wp-content\/uploads\/2008\/10\/p1020696.jpg\" rel=\"lightbox[466]\"><img loading=\"lazy\" decoding=\"async\" class=\"alignright size-thumbnail wp-image-468\" title=\"p1020696\" src=\"http:\/\/www.mundi-roth.de\/teneriffa-blog\/wp-content\/uploads\/2008\/10\/p1020696.jpg\" alt=\"\" width=\"150\" height=\"112\" \/><\/a>t\u00e4mme. Jedoch die am Wegesrand stehenden Str\u00e4ucher, wie Ginster und Escabon sind absolut verbrannt. Da besteht keine Hoffnung mehr auf Wiederbelebung.<br \/>\nTraurig!<\/p>\n<p><strong>Restaurant:<\/strong><br \/>\nWir haben dieses Lokal zwar schon einmal empfohlen, da wir jedoch jedes Mal so zufrieden sind, genie\u00dfen wir es, hier einzukehren, wenn wir in dieser Gegen sind.<\/p>\n<p>Heute haben einige von uns Lamm in Traubensauce, statt der sonst von uns so gesch\u00e4tzten Wachteln in Dattelsauce gegessen. Auch der Bacalao, das Entrecoute, das Kaninchen, alles, alles wurde sehr gelobt. Ein Hoch auf den Koch<\/p>\n<p><em>Bar Restaurant Romero Brasas de Chirche<\/em>, Calle Camino Viejo 3, Telefon 922 85 11 38, Montag ist Ruhetag.<\/p>\n","protected":false},"excerpt":{"rendered":"<p>Eigentlich wollten wir eine Traumabew\u00e4ltigungs-\/ Ged\u00e4chtniswanderung links oberhalb des Grillplatzes von Chio machen, da sich eine Wanderfreundin auf dieser Strecke vor 2 Jahren einen komplizierten Beinbruch zugezogen hat. Jedoch: Die Strecke ist wegen Bauarbeiten zur Zeit f\u00fcr den Publikumsverkehr gesperrt und zudem blies ein \u00e4u\u00dferst unangenehmer Wind \u00fcber uns hinweg. Also was tun? Chinyero. Einmal [&hellip;]<\/p>\n","protected":false},"author":3,"featured_media":0,"comment_status":"open","ping_status":"open","sticky":false,"template":"","format":"standard","meta":{"footnotes":""},"categories":[779,6],"tags":[138,157,28,158,159,160,3,4],"class_list":["post-466","post","type-post","status-publish","format-standard","hentry","category-canadas","category-wanderungen","tag-brand","tag-chinyero","tag-chirche","tag-kanarische-kiefer","tag-regeneration","tag-restaurant-romero","tag-teneriffa","tag-wandern"],"yoast_head":"<!-- This site is optimized with the Yoast SEO plugin v27.5 - https:\/\/yoast.com\/product\/yoast-seo-wordpress\/ -->\n<title>Chinyero - Nachtrag - Teneriffa Wandern<\/title>\n<meta name=\"robots\" content=\"index, follow, max-snippet:-1, max-image-preview:large, max-video-preview:-1\" \/>\n<link rel=\"canonical\" href=\"https:\/\/www.mundi-roth.de\/teneriffa-blog\/wanderungen\/cinyero-nachtrag\/\" \/>\n<meta name=\"twitter:label1\" content=\"Verfasst von\" \/>\n\t<meta name=\"twitter:data1\" content=\"ir\" \/>\n\t<meta name=\"twitter:label2\" content=\"Gesch\u00e4tzte Lesezeit\" \/>\n\t<meta name=\"twitter:data2\" content=\"1\u00a0Minute\" \/>\n<script type=\"application\/ld+json\" class=\"yoast-schema-graph\">{\"@context\":\"https:\\\/\\\/schema.org\",\"@graph\":[{\"@type\":\"Article\",\"@id\":\"https:\\\/\\\/www.mundi-roth.de\\\/teneriffa-blog\\\/wanderungen\\\/cinyero-nachtrag\\\/#article\",\"isPartOf\":{\"@id\":\"https:\\\/\\\/www.mundi-roth.de\\\/teneriffa-blog\\\/wanderungen\\\/cinyero-nachtrag\\\/\"},\"author\":{\"name\":\"ir\",\"@id\":\"https:\\\/\\\/www.mundi-roth.de\\\/teneriffa-blog\\\/#\\\/schema\\\/person\\\/3afd0d251449790d15367c9aa52d203d\"},\"headline\":\"Chinyero &#8211; Nachtrag\",\"datePublished\":\"2008-10-28T19:00:33+00:00\",\"dateModified\":\"2015-04-12T10:42:09+00:00\",\"mainEntityOfPage\":{\"@id\":\"https:\\\/\\\/www.mundi-roth.de\\\/teneriffa-blog\\\/wanderungen\\\/cinyero-nachtrag\\\/\"},\"wordCount\":259,\"commentCount\":0,\"image\":{\"@id\":\"https:\\\/\\\/www.mundi-roth.de\\\/teneriffa-blog\\\/wanderungen\\\/cinyero-nachtrag\\\/#primaryimage\"},\"thumbnailUrl\":\"http:\\\/\\\/www.mundi-roth.de\\\/teneriffa-blog\\\/wp-content\\\/uploads\\\/2008\\\/10\\\/t1.jpg\",\"keywords\":[\"Brand\",\"Chinyero\",\"Chirche\",\"Kanarische Kiefer\",\"Regeneration\",\"Restaurant Romero\",\"Teneriffa\",\"Wandern\"],\"articleSection\":[\"Ca\u00f1adas\",\"Wanderungen\"],\"inLanguage\":\"de\",\"potentialAction\":[{\"@type\":\"CommentAction\",\"name\":\"Comment\",\"target\":[\"https:\\\/\\\/www.mundi-roth.de\\\/teneriffa-blog\\\/wanderungen\\\/cinyero-nachtrag\\\/#respond\"]}]},{\"@type\":\"WebPage\",\"@id\":\"https:\\\/\\\/www.mundi-roth.de\\\/teneriffa-blog\\\/wanderungen\\\/cinyero-nachtrag\\\/\",\"url\":\"https:\\\/\\\/www.mundi-roth.de\\\/teneriffa-blog\\\/wanderungen\\\/cinyero-nachtrag\\\/\",\"name\":\"Chinyero - Nachtrag - Teneriffa Wandern\",\"isPartOf\":{\"@id\":\"https:\\\/\\\/www.mundi-roth.de\\\/teneriffa-blog\\\/#website\"},\"primaryImageOfPage\":{\"@id\":\"https:\\\/\\\/www.mundi-roth.de\\\/teneriffa-blog\\\/wanderungen\\\/cinyero-nachtrag\\\/#primaryimage\"},\"image\":{\"@id\":\"https:\\\/\\\/www.mundi-roth.de\\\/teneriffa-blog\\\/wanderungen\\\/cinyero-nachtrag\\\/#primaryimage\"},\"thumbnailUrl\":\"http:\\\/\\\/www.mundi-roth.de\\\/teneriffa-blog\\\/wp-content\\\/uploads\\\/2008\\\/10\\\/t1.jpg\",\"datePublished\":\"2008-10-28T19:00:33+00:00\",\"dateModified\":\"2015-04-12T10:42:09+00:00\",\"author\":{\"@id\":\"https:\\\/\\\/www.mundi-roth.de\\\/teneriffa-blog\\\/#\\\/schema\\\/person\\\/3afd0d251449790d15367c9aa52d203d\"},\"breadcrumb\":{\"@id\":\"https:\\\/\\\/www.mundi-roth.de\\\/teneriffa-blog\\\/wanderungen\\\/cinyero-nachtrag\\\/#breadcrumb\"},\"inLanguage\":\"de\",\"potentialAction\":[{\"@type\":\"ReadAction\",\"target\":[\"https:\\\/\\\/www.mundi-roth.de\\\/teneriffa-blog\\\/wanderungen\\\/cinyero-nachtrag\\\/\"]}]},{\"@type\":\"ImageObject\",\"inLanguage\":\"de\",\"@id\":\"https:\\\/\\\/www.mundi-roth.de\\\/teneriffa-blog\\\/wanderungen\\\/cinyero-nachtrag\\\/#primaryimage\",\"url\":\"http:\\\/\\\/www.mundi-roth.de\\\/teneriffa-blog\\\/wp-content\\\/uploads\\\/2008\\\/10\\\/t1.jpg\",\"contentUrl\":\"http:\\\/\\\/www.mundi-roth.de\\\/teneriffa-blog\\\/wp-content\\\/uploads\\\/2008\\\/10\\\/t1.jpg\"},{\"@type\":\"BreadcrumbList\",\"@id\":\"https:\\\/\\\/www.mundi-roth.de\\\/teneriffa-blog\\\/wanderungen\\\/cinyero-nachtrag\\\/#breadcrumb\",\"itemListElement\":[{\"@type\":\"ListItem\",\"position\":1,\"name\":\"Startseite\",\"item\":\"https:\\\/\\\/www.mundi-roth.de\\\/teneriffa-blog\\\/\"},{\"@type\":\"ListItem\",\"position\":2,\"name\":\"Chinyero &#8211; Nachtrag\"}]},{\"@type\":\"WebSite\",\"@id\":\"https:\\\/\\\/www.mundi-roth.de\\\/teneriffa-blog\\\/#website\",\"url\":\"https:\\\/\\\/www.mundi-roth.de\\\/teneriffa-blog\\\/\",\"name\":\"Teneriffa Wandern\",\"description\":\"Nicht nur Wanderungen auf Teneriffa...\",\"potentialAction\":[{\"@type\":\"SearchAction\",\"target\":{\"@type\":\"EntryPoint\",\"urlTemplate\":\"https:\\\/\\\/www.mundi-roth.de\\\/teneriffa-blog\\\/?s={search_term_string}\"},\"query-input\":{\"@type\":\"PropertyValueSpecification\",\"valueRequired\":true,\"valueName\":\"search_term_string\"}}],\"inLanguage\":\"de\"},{\"@type\":\"Person\",\"@id\":\"https:\\\/\\\/www.mundi-roth.de\\\/teneriffa-blog\\\/#\\\/schema\\\/person\\\/3afd0d251449790d15367c9aa52d203d\",\"name\":\"ir\",\"image\":{\"@type\":\"ImageObject\",\"inLanguage\":\"de\",\"@id\":\"https:\\\/\\\/secure.gravatar.com\\\/avatar\\\/e67b41513c921c2bb58363f44c8a00a447c9a2526ad8ff71b5b6257e5f7f5c66?s=96&d=mm&r=g\",\"url\":\"https:\\\/\\\/secure.gravatar.com\\\/avatar\\\/e67b41513c921c2bb58363f44c8a00a447c9a2526ad8ff71b5b6257e5f7f5c66?s=96&d=mm&r=g\",\"contentUrl\":\"https:\\\/\\\/secure.gravatar.com\\\/avatar\\\/e67b41513c921c2bb58363f44c8a00a447c9a2526ad8ff71b5b6257e5f7f5c66?s=96&d=mm&r=g\",\"caption\":\"ir\"},\"sameAs\":[\"http:\\\/\\\/www.mundi-roth.de\"],\"url\":\"https:\\\/\\\/www.mundi-roth.de\\\/teneriffa-blog\\\/author\\\/ir\\\/\"}]}<\/script>\n<!-- \/ Yoast SEO plugin. -->","yoast_head_json":{"title":"Chinyero - Nachtrag - Teneriffa Wandern","robots":{"index":"index","follow":"follow","max-snippet":"max-snippet:-1","max-image-preview":"max-image-preview:large","max-video-preview":"max-video-preview:-1"},"canonical":"https:\/\/www.mundi-roth.de\/teneriffa-blog\/wanderungen\/cinyero-nachtrag\/","twitter_misc":{"Verfasst von":"ir","Gesch\u00e4tzte Lesezeit":"1\u00a0Minute"},"schema":{"@context":"https:\/\/schema.org","@graph":[{"@type":"Article","@id":"https:\/\/www.mundi-roth.de\/teneriffa-blog\/wanderungen\/cinyero-nachtrag\/#article","isPartOf":{"@id":"https:\/\/www.mundi-roth.de\/teneriffa-blog\/wanderungen\/cinyero-nachtrag\/"},"author":{"name":"ir","@id":"https:\/\/www.mundi-roth.de\/teneriffa-blog\/#\/schema\/person\/3afd0d251449790d15367c9aa52d203d"},"headline":"Chinyero &#8211; Nachtrag","datePublished":"2008-10-28T19:00:33+00:00","dateModified":"2015-04-12T10:42:09+00:00","mainEntityOfPage":{"@id":"https:\/\/www.mundi-roth.de\/teneriffa-blog\/wanderungen\/cinyero-nachtrag\/"},"wordCount":259,"commentCount":0,"image":{"@id":"https:\/\/www.mundi-roth.de\/teneriffa-blog\/wanderungen\/cinyero-nachtrag\/#primaryimage"},"thumbnailUrl":"http:\/\/www.mundi-roth.de\/teneriffa-blog\/wp-content\/uploads\/2008\/10\/t1.jpg","keywords":["Brand","Chinyero","Chirche","Kanarische Kiefer","Regeneration","Restaurant Romero","Teneriffa","Wandern"],"articleSection":["Ca\u00f1adas","Wanderungen"],"inLanguage":"de","potentialAction":[{"@type":"CommentAction","name":"Comment","target":["https:\/\/www.mundi-roth.de\/teneriffa-blog\/wanderungen\/cinyero-nachtrag\/#respond"]}]},{"@type":"WebPage","@id":"https:\/\/www.mundi-roth.de\/teneriffa-blog\/wanderungen\/cinyero-nachtrag\/","url":"https:\/\/www.mundi-roth.de\/teneriffa-blog\/wanderungen\/cinyero-nachtrag\/","name":"Chinyero - Nachtrag - Teneriffa Wandern","isPartOf":{"@id":"https:\/\/www.mundi-roth.de\/teneriffa-blog\/#website"},"primaryImageOfPage":{"@id":"https:\/\/www.mundi-roth.de\/teneriffa-blog\/wanderungen\/cinyero-nachtrag\/#primaryimage"},"image":{"@id":"https:\/\/www.mundi-roth.de\/teneriffa-blog\/wanderungen\/cinyero-nachtrag\/#primaryimage"},"thumbnailUrl":"http:\/\/www.mundi-roth.de\/teneriffa-blog\/wp-content\/uploads\/2008\/10\/t1.jpg","datePublished":"2008-10-28T19:00:33+00:00","dateModified":"2015-04-12T10:42:09+00:00","author":{"@id":"https:\/\/www.mundi-roth.de\/teneriffa-blog\/#\/schema\/person\/3afd0d251449790d15367c9aa52d203d"},"breadcrumb":{"@id":"https:\/\/www.mundi-roth.de\/teneriffa-blog\/wanderungen\/cinyero-nachtrag\/#breadcrumb"},"inLanguage":"de","potentialAction":[{"@type":"ReadAction","target":["https:\/\/www.mundi-roth.de\/teneriffa-blog\/wanderungen\/cinyero-nachtrag\/"]}]},{"@type":"ImageObject","inLanguage":"de","@id":"https:\/\/www.mundi-roth.de\/teneriffa-blog\/wanderungen\/cinyero-nachtrag\/#primaryimage","url":"http:\/\/www.mundi-roth.de\/teneriffa-blog\/wp-content\/uploads\/2008\/10\/t1.jpg","contentUrl":"http:\/\/www.mundi-roth.de\/teneriffa-blog\/wp-content\/uploads\/2008\/10\/t1.jpg"},{"@type":"BreadcrumbList","@id":"https:\/\/www.mundi-roth.de\/teneriffa-blog\/wanderungen\/cinyero-nachtrag\/#breadcrumb","itemListElement":[{"@type":"ListItem","position":1,"name":"Startseite","item":"https:\/\/www.mundi-roth.de\/teneriffa-blog\/"},{"@type":"ListItem","position":2,"name":"Chinyero &#8211; Nachtrag"}]},{"@type":"WebSite","@id":"https:\/\/www.mundi-roth.de\/teneriffa-blog\/#website","url":"https:\/\/www.mundi-roth.de\/teneriffa-blog\/","name":"Teneriffa Wandern","description":"Nicht nur Wanderungen auf Teneriffa...","potentialAction":[{"@type":"SearchAction","target":{"@type":"EntryPoint","urlTemplate":"https:\/\/www.mundi-roth.de\/teneriffa-blog\/?s={search_term_string}"},"query-input":{"@type":"PropertyValueSpecification","valueRequired":true,"valueName":"search_term_string"}}],"inLanguage":"de"},{"@type":"Person","@id":"https:\/\/www.mundi-roth.de\/teneriffa-blog\/#\/schema\/person\/3afd0d251449790d15367c9aa52d203d","name":"ir","image":{"@type":"ImageObject","inLanguage":"de","@id":"https:\/\/secure.gravatar.com\/avatar\/e67b41513c921c2bb58363f44c8a00a447c9a2526ad8ff71b5b6257e5f7f5c66?s=96&d=mm&r=g","url":"https:\/\/secure.gravatar.com\/avatar\/e67b41513c921c2bb58363f44c8a00a447c9a2526ad8ff71b5b6257e5f7f5c66?s=96&d=mm&r=g","contentUrl":"https:\/\/secure.gravatar.com\/avatar\/e67b41513c921c2bb58363f44c8a00a447c9a2526ad8ff71b5b6257e5f7f5c66?s=96&d=mm&r=g","caption":"ir"},"sameAs":["http:\/\/www.mundi-roth.de"],"url":"https:\/\/www.mundi-roth.de\/teneriffa-blog\/author\/ir\/"}]}},"_links":{"self":[{"href":"https:\/\/www.mundi-roth.de\/teneriffa-blog\/wp-json\/wp\/v2\/posts\/466","targetHints":{"allow":["GET"]}}],"collection":[{"href":"https:\/\/www.mundi-roth.de\/teneriffa-blog\/wp-json\/wp\/v2\/posts"}],"about":[{"href":"https:\/\/www.mundi-roth.de\/teneriffa-blog\/wp-json\/wp\/v2\/types\/post"}],"author":[{"embeddable":true,"href":"https:\/\/www.mundi-roth.de\/teneriffa-blog\/wp-json\/wp\/v2\/users\/3"}],"replies":[{"embeddable":true,"href":"https:\/\/www.mundi-roth.de\/teneriffa-blog\/wp-json\/wp\/v2\/comments?post=466"}],"version-history":[{"count":0,"href":"https:\/\/www.mundi-roth.de\/teneriffa-blog\/wp-json\/wp\/v2\/posts\/466\/revisions"}],"wp:attachment":[{"href":"https:\/\/www.mundi-roth.de\/teneriffa-blog\/wp-json\/wp\/v2\/media?parent=466"}],"wp:term":[{"taxonomy":"category","embeddable":true,"href":"https:\/\/www.mundi-roth.de\/teneriffa-blog\/wp-json\/wp\/v2\/categories?post=466"},{"taxonomy":"post_tag","embeddable":true,"href":"https:\/\/www.mundi-roth.de\/teneriffa-blog\/wp-json\/wp\/v2\/tags?post=466"}],"curies":[{"name":"wp","href":"https:\/\/api.w.org\/{rel}","templated":true}]}}