{"id":48,"date":"2007-10-30T19:46:31","date_gmt":"2007-10-30T17:46:31","guid":{"rendered":"http:\/\/www.mundi-roth.de\/teneriffa-blog\/allgemein\/barranco-de-chirche\/"},"modified":"2015-04-12T12:13:32","modified_gmt":"2015-04-12T11:13:32","slug":"barranco-de-chirche","status":"publish","type":"post","link":"https:\/\/www.mundi-roth.de\/teneriffa-blog\/wanderungen\/barranco-de-chirche\/","title":{"rendered":"Barranco de Chirche"},"content":{"rendered":"<p class=\"MsoNormal\"><strong>Diese Wanderung f\u00fchrt uns durch landwirtschaftlich genutzte Fl\u00e4chen. Die diversen Wasserstollen &#8211; Galerien genannt &#8211; zeigen uns, dass es sich hier um eine feuchte Gegend handelt und die vielen wilden Feigenb\u00e4ume laden zum Schmausen ein.<\/strong><\/p>\n<p class=\"MsoNormal\"><strong>Da wir beim Schmausen sind: Alleine schon f\u00fcr das Restaurant Romero mit seinem Gericht: Wachteln in Dattelsauce lohnt sich dieser Ausflug.<\/strong><\/p>\n<p class=\"MsoNormal\"><!--more--><\/p>\n<p><strong>Wegstrecke:<\/strong> Hin und zur\u00fcck knappe 2 Stunden<\/p>\n<p><a href=\"http:\/\/www.mundi-roth.de\/teneriffa-blog\/wp-content\/uploads\/2007\/11\/0wegstreckexx.jpg\" rel=\"lightbox[48]\"><img decoding=\"async\" src=\"http:\/\/www.mundi-roth.de\/teneriffa-blog\/wp-content\/uploads\/2007\/11\/0wegstreckexx.jpg\" alt=\"Barranco de Chirche\" border=\"0\" hspace=\"3\" vspace=\"3\" \/><\/a><br \/>\nDer sogenannte Barranco de Chirche mit grandiosen Felsw\u00e4nden empf\u00e4ngt uns und schon gleich am Anfang sehen wir linker Hand eine Galerie (Wasserstollen).<br \/>\n<a href=\"http:\/\/www.mundi-roth.de\/teneriffa-blog\/wp-content\/uploads\/2007\/11\/sany4946.jpg\" rel=\"lightbox[48]\"><img loading=\"lazy\" decoding=\"async\" src=\"http:\/\/www.mundi-roth.de\/teneriffa-blog\/wp-content\/uploads\/2007\/11\/sany4946.thumbnail.jpg\" alt=\"Start in den Barranco\" width=\"128\" height=\"96\" align=\"right\" border=\"0\" hspace=\"3\" vspace=\"3\" \/><\/a> Der erste Teil des Weges \u2013 ca. 20 Minuten \u2013 verl\u00e4uft minimal ansteigend auf einer breiten \u201eSchotterpiste\u201c zwischen Weinreben und kultivierten Anbaufl\u00e4chen. Dann gehen wir am Barrancogrund &#8211; praktisch \u00fcber Ger\u00f6ll und Felsbrocken &#8211; an drei rauschenden Wasserleitungen entlang.<br \/>\n<a href=\"http:\/\/www.mundi-roth.de\/teneriffa-blog\/wp-content\/uploads\/2007\/11\/sany4952.jpg\" rel=\"lightbox[48]\"><img loading=\"lazy\" decoding=\"async\" src=\"http:\/\/www.mundi-roth.de\/teneriffa-blog\/wp-content\/uploads\/2007\/11\/sany4952.thumbnail.jpg\" alt=\"Galerie\" width=\"128\" height=\"96\" align=\"left\" border=\"0\" hspace=\"3\" vspace=\"3\" \/><\/a> Nach ca. 50 Minuten erreichen wir eine weitere Galerie, steigen eine kleine Anh\u00f6he hinauf und landen in einem \u201eMandelbaumhain\u201c und nur ein kleines St\u00fcckchen weiter in einem \u201eFeigenbaumhain\u201c.Hier machen einige von uns Rast. Die anderen treibt die Neugierde weiter.<br \/>\n<a href=\"http:\/\/www.mundi-roth.de\/teneriffa-blog\/wp-content\/uploads\/2007\/11\/sany4950.jpg\" rel=\"lightbox[48]\"><img loading=\"lazy\" decoding=\"async\" src=\"http:\/\/www.mundi-roth.de\/teneriffa-blog\/wp-content\/uploads\/2007\/11\/sany4950.thumbnail.jpg\" alt=\"Bachbet\" width=\"96\" height=\"128\" align=\"right\" border=\"0\" hspace=\"3\" vspace=\"3\" \/><\/a> Das Weitergehen wird etwas schwierig, f\u00fchrt uns durch ein enges ger\u00f6lliges Bachbett und um zur n\u00e4chsten Galerie zu gelangen m\u00fcssen wir praktisch eine Abraumhalde erklimmen. Oben angekommen k\u00f6nnen wir auf einer gemauerten Wasserleitung bis zum Ende des Barrancos gehen. Grandiose Felsw\u00e4nde ragen auf, sehr dekorativ steht eine einsame Kiefer davor, die \u00dcberreste eines Schienenstranges mit verrosteten Loren zeugen von fr\u00fcheren T\u00e4tigkeiten. Das Betreten der Galerie und der H\u00f6hle versagen wir uns eingedenk des tragischen Ungl\u00fccks vor kurzem im Tenogebirge.<br \/>\nHimmlische Ruhe, Grillengezirpe, ein kreisender Falke und diverse kleinere V\u00f6gel, die hoch \u00fcber unseren K\u00f6pfen dahinfliegen, erfreuen uns.<\/p>\n<p><a href=\"http:\/\/www.mundi-roth.de\/teneriffa-blog\/wp-content\/uploads\/2007\/11\/sany4961a.jpg\" rel=\"lightbox[48]\"><img loading=\"lazy\" decoding=\"async\" src=\"http:\/\/www.mundi-roth.de\/teneriffa-blog\/wp-content\/uploads\/2007\/11\/sany4961a.thumbnail.jpg\" alt=\"Trauben\" width=\"96\" height=\"128\" align=\"right\" border=\"0\" hspace=\"3\" vspace=\"3\" \/><\/a> Auf dem R\u00fcckweg laben wir uns an frischen Feigen, die noch am Baum h\u00e4ngen und getrockneten, die im Gras liegen. Wilde Weinst\u00f6cke tragen noch kleine frische Trauben und bereits trockene Rosinen.<br \/>\nWilde Esskastanienb\u00e4ume wachsen am Weg.<\/p>\n<p><strong>Botanik:<\/strong><br \/>\nSchilf und mit Efeu bewachsene Felsw\u00e4nde zeigen uns, wie feucht es in diesem Tal ist. Daher auch die vielen Galerien.<br \/>\nDen Weg s\u00e4umen verschiedene Arten der Dickblattgew\u00e4chse auch Dachwurz genannt. Viele vertrocknete Bl\u00fcten des fleischfarbenenen Aeonium (Aeonium percarneum) \u201eBejeque, puntera\u201c ragen auf und die durch die Trockenheit in sich zusammengeschrumpften Rosetten des \u201eZierliches Aeonium\u201c (Aeonium decorum Web ex Bolle) fordern uns Respekt ab, weil sie \u00fcberleben und sich aus den Felsritzen zw\u00e4ngen.<br \/>\nIm Fr\u00fchjahr muss es hier eine Wonne sein zu wandern, wenn die vielen \u201eTaginasten\u201c, Riesengro\u00dfer Natternkopf (Echium giganteum), bl\u00fchen.<br \/>\nSelbstverst\u00e4ndlich ist auch der Feigenkaktus (Opuntia) reichlich vertreten und seine Fr\u00fcchte leuchten bereits rot.<\/p>\n<p><strong>Restaurant:<\/strong><br \/>\nHeute ist klar: Wir gehen in das Restaurant Romero Brasas de Chirche. In der vergangenen Saison hatten wir hier k\u00f6stliche \u201eCodornices con salsa de d\u00e1tiles\u201c &#8211; <a href=\"http:\/\/www.mundi-roth.de\/teneriffa-blog\/wp-content\/uploads\/2007\/11\/wachteln.jpg\" rel=\"lightbox[48]\"><img loading=\"lazy\" decoding=\"async\" src=\"http:\/\/www.mundi-roth.de\/teneriffa-blog\/wp-content\/uploads\/2007\/11\/wachteln.thumbnail.jpg\" alt=\"Wachteln\" width=\"126\" height=\"78\" align=\"left\" border=\"0\" hspace=\"3\" vspace=\"3\" \/><\/a>Wachteln in Dattelsauce \u2013 gegessen und da es sich hierbei um ein Gericht ausserhalb der normalen Speisekarte handelte, bestellten wir sie bereits am Sonntag vor und wurden nicht entt\u00e4uscht. Wir schwelgten und das bei einer \u00fcppigen Portion: drei Wachteln mit reichlich Sauce mit Datteln und Pinienkernen f\u00fcr sage und schreibe 9,75 Euro.<\/p>\n<p>Camino Viejo 3, Telefon: 922 85 11 38, Montag ist Ruhetag<\/p>\n<p><strong>Anfahrt:<\/strong><br \/>\nVon Los Cristianos kommend auf der Autobahn TF-1 Richtung Guia de Isora bis zum Autobahnende, dann die TF-82 bis Chio, weiter auf der TF-38 Richtung Teide bis zum Hinweis \u201eChirche\u201c.<br \/>\n(Man kann auch in Guia de Isora Richtung Aripe\/Chirche fahren. Wir w\u00e4hlen jedoch den Umweg \u00fcber Chio, da diese Strecke einfacher zu fahren ist.)<br \/>\nWir fahren einige Kurven tiefer als der Mirador mit dem erst k\u00fcrzlich wiederer\u00f6ffneten Restaurant und biegen bei dem Hinweis \u201cEra Rompida\u201c an einem verfallenen Geb\u00e4ude, auf das wir direkt zufahren, vorsichtig links auf einen unbefestigten Weg ab. Etwas unterhalb bieten sich gute Parkpl\u00e4tze an.<\/p>\n","protected":false},"excerpt":{"rendered":"<p>Diese Wanderung f\u00fchrt uns durch landwirtschaftlich genutzte Fl\u00e4chen. Die diversen Wasserstollen &#8211; Galerien genannt &#8211; zeigen uns, dass es sich hier um eine feuchte Gegend handelt und die vielen wilden Feigenb\u00e4ume laden zum Schmausen ein. Da wir beim Schmausen sind: Alleine schon f\u00fcr das Restaurant Romero mit seinem Gericht: Wachteln in Dattelsauce lohnt sich dieser [&hellip;]<\/p>\n","protected":false},"author":3,"featured_media":0,"comment_status":"open","ping_status":"open","sticky":false,"template":"","format":"standard","meta":{"footnotes":""},"categories":[776,6],"tags":[28,3,29,4],"class_list":["post-48","post","type-post","status-publish","format-standard","hentry","category-guia-de-isora","category-wanderungen","tag-chirche","tag-teneriffa","tag-wachteln","tag-wandern"],"yoast_head":"<!-- This site is optimized with the Yoast SEO plugin v27.5 - https:\/\/yoast.com\/product\/yoast-seo-wordpress\/ -->\n<title>Barranco de Chirche - Teneriffa Wandern<\/title>\n<meta name=\"robots\" content=\"index, follow, max-snippet:-1, max-image-preview:large, max-video-preview:-1\" \/>\n<link rel=\"canonical\" href=\"https:\/\/www.mundi-roth.de\/teneriffa-blog\/wanderungen\/barranco-de-chirche\/\" \/>\n<meta name=\"twitter:label1\" content=\"Verfasst von\" \/>\n\t<meta name=\"twitter:data1\" content=\"ir\" \/>\n\t<meta name=\"twitter:label2\" content=\"Gesch\u00e4tzte Lesezeit\" \/>\n\t<meta name=\"twitter:data2\" content=\"3\u00a0Minuten\" \/>\n<script type=\"application\/ld+json\" class=\"yoast-schema-graph\">{\"@context\":\"https:\\\/\\\/schema.org\",\"@graph\":[{\"@type\":\"Article\",\"@id\":\"https:\\\/\\\/www.mundi-roth.de\\\/teneriffa-blog\\\/wanderungen\\\/barranco-de-chirche\\\/#article\",\"isPartOf\":{\"@id\":\"https:\\\/\\\/www.mundi-roth.de\\\/teneriffa-blog\\\/wanderungen\\\/barranco-de-chirche\\\/\"},\"author\":{\"name\":\"ir\",\"@id\":\"https:\\\/\\\/www.mundi-roth.de\\\/teneriffa-blog\\\/#\\\/schema\\\/person\\\/3afd0d251449790d15367c9aa52d203d\"},\"headline\":\"Barranco de Chirche\",\"datePublished\":\"2007-10-30T17:46:31+00:00\",\"dateModified\":\"2015-04-12T11:13:32+00:00\",\"mainEntityOfPage\":{\"@id\":\"https:\\\/\\\/www.mundi-roth.de\\\/teneriffa-blog\\\/wanderungen\\\/barranco-de-chirche\\\/\"},\"wordCount\":631,\"commentCount\":0,\"image\":{\"@id\":\"https:\\\/\\\/www.mundi-roth.de\\\/teneriffa-blog\\\/wanderungen\\\/barranco-de-chirche\\\/#primaryimage\"},\"thumbnailUrl\":\"http:\\\/\\\/www.mundi-roth.de\\\/teneriffa-blog\\\/wp-content\\\/uploads\\\/2007\\\/11\\\/0wegstreckexx.jpg\",\"keywords\":[\"Chirche\",\"Teneriffa\",\"Wachteln\",\"Wandern\"],\"articleSection\":[\"Guia de Isora\",\"Wanderungen\"],\"inLanguage\":\"de\",\"potentialAction\":[{\"@type\":\"CommentAction\",\"name\":\"Comment\",\"target\":[\"https:\\\/\\\/www.mundi-roth.de\\\/teneriffa-blog\\\/wanderungen\\\/barranco-de-chirche\\\/#respond\"]}]},{\"@type\":\"WebPage\",\"@id\":\"https:\\\/\\\/www.mundi-roth.de\\\/teneriffa-blog\\\/wanderungen\\\/barranco-de-chirche\\\/\",\"url\":\"https:\\\/\\\/www.mundi-roth.de\\\/teneriffa-blog\\\/wanderungen\\\/barranco-de-chirche\\\/\",\"name\":\"Barranco de Chirche - Teneriffa Wandern\",\"isPartOf\":{\"@id\":\"https:\\\/\\\/www.mundi-roth.de\\\/teneriffa-blog\\\/#website\"},\"primaryImageOfPage\":{\"@id\":\"https:\\\/\\\/www.mundi-roth.de\\\/teneriffa-blog\\\/wanderungen\\\/barranco-de-chirche\\\/#primaryimage\"},\"image\":{\"@id\":\"https:\\\/\\\/www.mundi-roth.de\\\/teneriffa-blog\\\/wanderungen\\\/barranco-de-chirche\\\/#primaryimage\"},\"thumbnailUrl\":\"http:\\\/\\\/www.mundi-roth.de\\\/teneriffa-blog\\\/wp-content\\\/uploads\\\/2007\\\/11\\\/0wegstreckexx.jpg\",\"datePublished\":\"2007-10-30T17:46:31+00:00\",\"dateModified\":\"2015-04-12T11:13:32+00:00\",\"author\":{\"@id\":\"https:\\\/\\\/www.mundi-roth.de\\\/teneriffa-blog\\\/#\\\/schema\\\/person\\\/3afd0d251449790d15367c9aa52d203d\"},\"breadcrumb\":{\"@id\":\"https:\\\/\\\/www.mundi-roth.de\\\/teneriffa-blog\\\/wanderungen\\\/barranco-de-chirche\\\/#breadcrumb\"},\"inLanguage\":\"de\",\"potentialAction\":[{\"@type\":\"ReadAction\",\"target\":[\"https:\\\/\\\/www.mundi-roth.de\\\/teneriffa-blog\\\/wanderungen\\\/barranco-de-chirche\\\/\"]}]},{\"@type\":\"ImageObject\",\"inLanguage\":\"de\",\"@id\":\"https:\\\/\\\/www.mundi-roth.de\\\/teneriffa-blog\\\/wanderungen\\\/barranco-de-chirche\\\/#primaryimage\",\"url\":\"http:\\\/\\\/www.mundi-roth.de\\\/teneriffa-blog\\\/wp-content\\\/uploads\\\/2007\\\/11\\\/0wegstreckexx.jpg\",\"contentUrl\":\"http:\\\/\\\/www.mundi-roth.de\\\/teneriffa-blog\\\/wp-content\\\/uploads\\\/2007\\\/11\\\/0wegstreckexx.jpg\"},{\"@type\":\"BreadcrumbList\",\"@id\":\"https:\\\/\\\/www.mundi-roth.de\\\/teneriffa-blog\\\/wanderungen\\\/barranco-de-chirche\\\/#breadcrumb\",\"itemListElement\":[{\"@type\":\"ListItem\",\"position\":1,\"name\":\"Startseite\",\"item\":\"https:\\\/\\\/www.mundi-roth.de\\\/teneriffa-blog\\\/\"},{\"@type\":\"ListItem\",\"position\":2,\"name\":\"Barranco de Chirche\"}]},{\"@type\":\"WebSite\",\"@id\":\"https:\\\/\\\/www.mundi-roth.de\\\/teneriffa-blog\\\/#website\",\"url\":\"https:\\\/\\\/www.mundi-roth.de\\\/teneriffa-blog\\\/\",\"name\":\"Teneriffa Wandern\",\"description\":\"Nicht nur Wanderungen auf Teneriffa...\",\"potentialAction\":[{\"@type\":\"SearchAction\",\"target\":{\"@type\":\"EntryPoint\",\"urlTemplate\":\"https:\\\/\\\/www.mundi-roth.de\\\/teneriffa-blog\\\/?s={search_term_string}\"},\"query-input\":{\"@type\":\"PropertyValueSpecification\",\"valueRequired\":true,\"valueName\":\"search_term_string\"}}],\"inLanguage\":\"de\"},{\"@type\":\"Person\",\"@id\":\"https:\\\/\\\/www.mundi-roth.de\\\/teneriffa-blog\\\/#\\\/schema\\\/person\\\/3afd0d251449790d15367c9aa52d203d\",\"name\":\"ir\",\"image\":{\"@type\":\"ImageObject\",\"inLanguage\":\"de\",\"@id\":\"https:\\\/\\\/secure.gravatar.com\\\/avatar\\\/e67b41513c921c2bb58363f44c8a00a447c9a2526ad8ff71b5b6257e5f7f5c66?s=96&d=mm&r=g\",\"url\":\"https:\\\/\\\/secure.gravatar.com\\\/avatar\\\/e67b41513c921c2bb58363f44c8a00a447c9a2526ad8ff71b5b6257e5f7f5c66?s=96&d=mm&r=g\",\"contentUrl\":\"https:\\\/\\\/secure.gravatar.com\\\/avatar\\\/e67b41513c921c2bb58363f44c8a00a447c9a2526ad8ff71b5b6257e5f7f5c66?s=96&d=mm&r=g\",\"caption\":\"ir\"},\"sameAs\":[\"http:\\\/\\\/www.mundi-roth.de\"],\"url\":\"https:\\\/\\\/www.mundi-roth.de\\\/teneriffa-blog\\\/author\\\/ir\\\/\"}]}<\/script>\n<!-- \/ Yoast SEO plugin. -->","yoast_head_json":{"title":"Barranco de Chirche - Teneriffa Wandern","robots":{"index":"index","follow":"follow","max-snippet":"max-snippet:-1","max-image-preview":"max-image-preview:large","max-video-preview":"max-video-preview:-1"},"canonical":"https:\/\/www.mundi-roth.de\/teneriffa-blog\/wanderungen\/barranco-de-chirche\/","twitter_misc":{"Verfasst von":"ir","Gesch\u00e4tzte Lesezeit":"3\u00a0Minuten"},"schema":{"@context":"https:\/\/schema.org","@graph":[{"@type":"Article","@id":"https:\/\/www.mundi-roth.de\/teneriffa-blog\/wanderungen\/barranco-de-chirche\/#article","isPartOf":{"@id":"https:\/\/www.mundi-roth.de\/teneriffa-blog\/wanderungen\/barranco-de-chirche\/"},"author":{"name":"ir","@id":"https:\/\/www.mundi-roth.de\/teneriffa-blog\/#\/schema\/person\/3afd0d251449790d15367c9aa52d203d"},"headline":"Barranco de Chirche","datePublished":"2007-10-30T17:46:31+00:00","dateModified":"2015-04-12T11:13:32+00:00","mainEntityOfPage":{"@id":"https:\/\/www.mundi-roth.de\/teneriffa-blog\/wanderungen\/barranco-de-chirche\/"},"wordCount":631,"commentCount":0,"image":{"@id":"https:\/\/www.mundi-roth.de\/teneriffa-blog\/wanderungen\/barranco-de-chirche\/#primaryimage"},"thumbnailUrl":"http:\/\/www.mundi-roth.de\/teneriffa-blog\/wp-content\/uploads\/2007\/11\/0wegstreckexx.jpg","keywords":["Chirche","Teneriffa","Wachteln","Wandern"],"articleSection":["Guia de Isora","Wanderungen"],"inLanguage":"de","potentialAction":[{"@type":"CommentAction","name":"Comment","target":["https:\/\/www.mundi-roth.de\/teneriffa-blog\/wanderungen\/barranco-de-chirche\/#respond"]}]},{"@type":"WebPage","@id":"https:\/\/www.mundi-roth.de\/teneriffa-blog\/wanderungen\/barranco-de-chirche\/","url":"https:\/\/www.mundi-roth.de\/teneriffa-blog\/wanderungen\/barranco-de-chirche\/","name":"Barranco de Chirche - Teneriffa Wandern","isPartOf":{"@id":"https:\/\/www.mundi-roth.de\/teneriffa-blog\/#website"},"primaryImageOfPage":{"@id":"https:\/\/www.mundi-roth.de\/teneriffa-blog\/wanderungen\/barranco-de-chirche\/#primaryimage"},"image":{"@id":"https:\/\/www.mundi-roth.de\/teneriffa-blog\/wanderungen\/barranco-de-chirche\/#primaryimage"},"thumbnailUrl":"http:\/\/www.mundi-roth.de\/teneriffa-blog\/wp-content\/uploads\/2007\/11\/0wegstreckexx.jpg","datePublished":"2007-10-30T17:46:31+00:00","dateModified":"2015-04-12T11:13:32+00:00","author":{"@id":"https:\/\/www.mundi-roth.de\/teneriffa-blog\/#\/schema\/person\/3afd0d251449790d15367c9aa52d203d"},"breadcrumb":{"@id":"https:\/\/www.mundi-roth.de\/teneriffa-blog\/wanderungen\/barranco-de-chirche\/#breadcrumb"},"inLanguage":"de","potentialAction":[{"@type":"ReadAction","target":["https:\/\/www.mundi-roth.de\/teneriffa-blog\/wanderungen\/barranco-de-chirche\/"]}]},{"@type":"ImageObject","inLanguage":"de","@id":"https:\/\/www.mundi-roth.de\/teneriffa-blog\/wanderungen\/barranco-de-chirche\/#primaryimage","url":"http:\/\/www.mundi-roth.de\/teneriffa-blog\/wp-content\/uploads\/2007\/11\/0wegstreckexx.jpg","contentUrl":"http:\/\/www.mundi-roth.de\/teneriffa-blog\/wp-content\/uploads\/2007\/11\/0wegstreckexx.jpg"},{"@type":"BreadcrumbList","@id":"https:\/\/www.mundi-roth.de\/teneriffa-blog\/wanderungen\/barranco-de-chirche\/#breadcrumb","itemListElement":[{"@type":"ListItem","position":1,"name":"Startseite","item":"https:\/\/www.mundi-roth.de\/teneriffa-blog\/"},{"@type":"ListItem","position":2,"name":"Barranco de Chirche"}]},{"@type":"WebSite","@id":"https:\/\/www.mundi-roth.de\/teneriffa-blog\/#website","url":"https:\/\/www.mundi-roth.de\/teneriffa-blog\/","name":"Teneriffa Wandern","description":"Nicht nur Wanderungen auf Teneriffa...","potentialAction":[{"@type":"SearchAction","target":{"@type":"EntryPoint","urlTemplate":"https:\/\/www.mundi-roth.de\/teneriffa-blog\/?s={search_term_string}"},"query-input":{"@type":"PropertyValueSpecification","valueRequired":true,"valueName":"search_term_string"}}],"inLanguage":"de"},{"@type":"Person","@id":"https:\/\/www.mundi-roth.de\/teneriffa-blog\/#\/schema\/person\/3afd0d251449790d15367c9aa52d203d","name":"ir","image":{"@type":"ImageObject","inLanguage":"de","@id":"https:\/\/secure.gravatar.com\/avatar\/e67b41513c921c2bb58363f44c8a00a447c9a2526ad8ff71b5b6257e5f7f5c66?s=96&d=mm&r=g","url":"https:\/\/secure.gravatar.com\/avatar\/e67b41513c921c2bb58363f44c8a00a447c9a2526ad8ff71b5b6257e5f7f5c66?s=96&d=mm&r=g","contentUrl":"https:\/\/secure.gravatar.com\/avatar\/e67b41513c921c2bb58363f44c8a00a447c9a2526ad8ff71b5b6257e5f7f5c66?s=96&d=mm&r=g","caption":"ir"},"sameAs":["http:\/\/www.mundi-roth.de"],"url":"https:\/\/www.mundi-roth.de\/teneriffa-blog\/author\/ir\/"}]}},"_links":{"self":[{"href":"https:\/\/www.mundi-roth.de\/teneriffa-blog\/wp-json\/wp\/v2\/posts\/48","targetHints":{"allow":["GET"]}}],"collection":[{"href":"https:\/\/www.mundi-roth.de\/teneriffa-blog\/wp-json\/wp\/v2\/posts"}],"about":[{"href":"https:\/\/www.mundi-roth.de\/teneriffa-blog\/wp-json\/wp\/v2\/types\/post"}],"author":[{"embeddable":true,"href":"https:\/\/www.mundi-roth.de\/teneriffa-blog\/wp-json\/wp\/v2\/users\/3"}],"replies":[{"embeddable":true,"href":"https:\/\/www.mundi-roth.de\/teneriffa-blog\/wp-json\/wp\/v2\/comments?post=48"}],"version-history":[{"count":0,"href":"https:\/\/www.mundi-roth.de\/teneriffa-blog\/wp-json\/wp\/v2\/posts\/48\/revisions"}],"wp:attachment":[{"href":"https:\/\/www.mundi-roth.de\/teneriffa-blog\/wp-json\/wp\/v2\/media?parent=48"}],"wp:term":[{"taxonomy":"category","embeddable":true,"href":"https:\/\/www.mundi-roth.de\/teneriffa-blog\/wp-json\/wp\/v2\/categories?post=48"},{"taxonomy":"post_tag","embeddable":true,"href":"https:\/\/www.mundi-roth.de\/teneriffa-blog\/wp-json\/wp\/v2\/tags?post=48"}],"curies":[{"name":"wp","href":"https:\/\/api.w.org\/{rel}","templated":true}]}}