{"id":4893,"date":"2016-02-12T22:00:28","date_gmt":"2016-02-12T21:00:28","guid":{"rendered":"http:\/\/www.mundi-roth.de\/teneriffa-blog\/?p=4893"},"modified":"2016-05-20T09:33:15","modified_gmt":"2016-05-20T08:33:15","slug":"skulpturenpark-los-cardones","status":"publish","type":"post","link":"https:\/\/www.mundi-roth.de\/teneriffa-blog\/allgemein\/skulpturenpark-los-cardones\/","title":{"rendered":"Skulpturenpark Los Cardones"},"content":{"rendered":"<p style=\"text-align: center;\"><strong>Mal\u00a0 keine Wanderung<\/strong><br \/>\n<strong>das heutige Thema ist \u201eKunst\u201c<\/strong><\/p>\n<p style=\"text-align: left;\"><strong>\u201e Kunst ist die Umsetzung einer kreativen Idee durch handwerkliches K\u00f6nnen\u201c<\/strong><br \/>\n(Gernot Huber)<\/p>\n<p style=\"text-align: left;\">Davon konnten sich am Freitag, 12. Februar 2016, geladene G\u00e4ste \u00fcberzeugen.<\/p>\n<p>Die Vernissage galt zwei heimischen K\u00fcnstlern, die aus ganz unterschiedlichen Materialien im und f\u00fcr den 80 000\u00a0 qm gro\u00dfen Skulpturenpark der <a href=\"http:\/\/www.gernot-huber-stiftung.de\/\">Stiftung Gernot Huber<\/a> ihre Werke schufen.<\/p>\n<p>In angenehmer, lockerer Atmosph\u00e4re\u00a0 f\u00fchrte Gernot Huber \u2013 Designer und <a href=\"http:\/\/www.mundi-roth.de\/teneriffa-blog\/wp-content\/uploads\/2016\/02\/P1220382klein.jpg\" rel=\"lightbox[4893]\" rel=\"attachment wp-att-4894\"><img loading=\"lazy\" decoding=\"async\" class=\"alignright size-thumbnail wp-image-4894\" src=\"http:\/\/www.mundi-roth.de\/teneriffa-blog\/wp-content\/uploads\/2016\/02\/P1220382klein-150x120.jpg\" alt=\"P1220382klein\" width=\"150\" height=\"120\" srcset=\"https:\/\/www.mundi-roth.de\/teneriffa-blog\/wp-content\/uploads\/2016\/02\/P1220382klein-150x120.jpg 150w, https:\/\/www.mundi-roth.de\/teneriffa-blog\/wp-content\/uploads\/2016\/02\/P1220382klein-300x240.jpg 300w, https:\/\/www.mundi-roth.de\/teneriffa-blog\/wp-content\/uploads\/2016\/02\/P1220382klein-768x613.jpg 768w, https:\/\/www.mundi-roth.de\/teneriffa-blog\/wp-content\/uploads\/2016\/02\/P1220382klein.jpg 800w\" sizes=\"auto, (max-width: 150px) 100vw, 150px\" \/><\/a>Bildhauer\u00a0 &#8211; aus, wie es zur Schaffung dieses Skulpturenparks kam.<br \/>\nIhm zur Seite stand seine liebensw\u00fcrdige Frau Ina.<br \/>\nAls Kulisse diente das von Gernot Huber geplante und im kanarischen Stil aus Vulkantuffstein erbaute Haus.<\/p>\n<p>Da \u00fcberwiegend spanische G\u00e4ste geladen waren, wurde es ein Mix aus spanisch-deutsch und Alex, Ina Huber-Stombergs Sohn, \u00fcbernahm dann ganz locker und sehr charmant den spanischen Part.<\/p>\n<p>Im Rahmen der gemeinn\u00fctzigen Gernot-Huber-Stiftung, die 1977 gegr\u00fcndet wurde, sollte die Bewahrung der Skulpturenparks sowohl in der N\u00e4he von Hamburg, in Ramelsloh, als auch auf Teriffa, in der Gemeinde San Isidro-Grandadilla, gew\u00e4hrleistet werden.<br \/>\nDie Stiftung vergibt Skulpturenauftr\u00e4ge an hervorragende internationale K\u00fcnstler und Arbeitsstipendien an begabte Nachwuchs-Bildhauer, damit will die Stiftung auch kunstf\u00f6rdernd t\u00e4tig sein.<\/p>\n<p>So wurde es den beiden heimischen K\u00fcnstlern erm\u00f6glicht, auf diesem wunderbaren Gel\u00e4nde \u2013 Kunst und Natur vereint \u2013 ihre Ideen umzusetzen.<\/p>\n<p><a href=\"http:\/\/www.mundi-roth.de\/teneriffa-blog\/wp-content\/uploads\/2016\/02\/P1220399klein.jpg\" rel=\"lightbox[4893]\" rel=\"attachment wp-att-4895\"><img loading=\"lazy\" decoding=\"async\" class=\"alignleft size-thumbnail wp-image-4895\" src=\"http:\/\/www.mundi-roth.de\/teneriffa-blog\/wp-content\/uploads\/2016\/02\/P1220399klein-150x126.jpg\" alt=\"P1220399klein\" width=\"150\" height=\"126\" srcset=\"https:\/\/www.mundi-roth.de\/teneriffa-blog\/wp-content\/uploads\/2016\/02\/P1220399klein-150x126.jpg 150w, https:\/\/www.mundi-roth.de\/teneriffa-blog\/wp-content\/uploads\/2016\/02\/P1220399klein-300x252.jpg 300w, https:\/\/www.mundi-roth.de\/teneriffa-blog\/wp-content\/uploads\/2016\/02\/P1220399klein-768x646.jpg 768w, https:\/\/www.mundi-roth.de\/teneriffa-blog\/wp-content\/uploads\/2016\/02\/P1220399klein.jpg 800w\" sizes=\"auto, (max-width: 150px) 100vw, 150px\" \/><\/a><em><strong>Giulleremo Batista Di\u00e1z<\/strong><\/em> schuf aus dem heimischen <a href=\"http:\/\/www.mundi-roth.de\/teneriffa-blog\/wp-content\/uploads\/2016\/02\/P1220415klein.jpg\" rel=\"lightbox[4893]\" rel=\"attachment wp-att-4896\"><img loading=\"lazy\" decoding=\"async\" class=\"alignright size-thumbnail wp-image-4896\" src=\"http:\/\/www.mundi-roth.de\/teneriffa-blog\/wp-content\/uploads\/2016\/02\/P1220415klein-125x150.jpg\" alt=\"P1220415klein\" width=\"125\" height=\"150\" srcset=\"https:\/\/www.mundi-roth.de\/teneriffa-blog\/wp-content\/uploads\/2016\/02\/P1220415klein-125x150.jpg 125w, https:\/\/www.mundi-roth.de\/teneriffa-blog\/wp-content\/uploads\/2016\/02\/P1220415klein-251x300.jpg 251w, https:\/\/www.mundi-roth.de\/teneriffa-blog\/wp-content\/uploads\/2016\/02\/P1220415klein.jpg 668w\" sizes=\"auto, (max-width: 125px) 100vw, 125px\" \/><\/a>Vulkan-Tuffstein die Skulptur\u00a0 \u201eVuelo\u201c, den Flug eines Mantas \u00fcber dem Sandboden des Meeres.<\/p>\n<p>Der Sockel besteht aus verschiedenen Tiefen-Schichten des Tuffsteins und die Idee des K\u00fcnstlers ist Sandboden wird zu Wasser und Wasser wird zu Sandboden und dar\u00fcber schwebt der Manta.<\/p>\n<p><em><strong>Jaime Alonso Fernand\u00e9z<\/strong><\/em> schuf aus einem Sand-Polystergemisch das Kunstwerk \u201eGenova\u201c, Segel.<\/p>\n<p>Ein ebenfalls auf einem TuffsteinSockel errichtetes kinetisches Meisterwerk das sich sanft im Winde dreht.<\/p>\n<p>Ein unverhoffter Kunstgenuss wurde\u00a0 uns durch die tschechische Mezzosopranistin <em><strong><a href=\"http:\/\/tanajanosova.euweb.cz\/haupt.php?menu=biografiedeu\">Tana Janosova<\/a><\/strong><\/em> mit Arien sowohl in franz\u00f6sich, slowakisch, spanisch und<a href=\"http:\/\/www.mundi-roth.de\/teneriffa-blog\/wp-content\/uploads\/2016\/02\/P1220447a.jpg\" rel=\"lightbox[4893]\" rel=\"attachment wp-att-4897\"><img loading=\"lazy\" decoding=\"async\" class=\"alignright size-thumbnail wp-image-4897\" src=\"http:\/\/www.mundi-roth.de\/teneriffa-blog\/wp-content\/uploads\/2016\/02\/P1220447a-150x122.jpg\" alt=\"P1220447a\" width=\"150\" height=\"122\" srcset=\"https:\/\/www.mundi-roth.de\/teneriffa-blog\/wp-content\/uploads\/2016\/02\/P1220447a-150x122.jpg 150w, https:\/\/www.mundi-roth.de\/teneriffa-blog\/wp-content\/uploads\/2016\/02\/P1220447a-300x244.jpg 300w, https:\/\/www.mundi-roth.de\/teneriffa-blog\/wp-content\/uploads\/2016\/02\/P1220447a-768x624.jpg 768w, https:\/\/www.mundi-roth.de\/teneriffa-blog\/wp-content\/uploads\/2016\/02\/P1220447a.jpg 800w\" sizes=\"auto, (max-width: 150px) 100vw, 150px\" \/><\/a> deutsch geboten.<br \/>\nEs passte zu dieser Stimmung, dass sie die St\u00fccke teilweise mit ihrem kleinen Sohn im Tragetuch vor der Brust sehr stimmgewaltig, grazi\u00f6s, leicht und liebensw\u00fcrdig vortrug.<\/p>\n<p>Bei Sonnenschein und leichtem Wind war es dann ein Vergn\u00fcgen in diesem Park zu lustwandeln.<\/p>\n<p>Der Blick geht hoch zum Teide und runter zum Meer mit der Monta\u00f1a Roja und zwischen Kandelaber-Wolfsmilchgew\u00e4chsen, den \u201eCardones\u201c, die dem Anwesen den Namen gaben, sind\u00a0 die vielf\u00e4ltigen Kunstwerke aus bis zu 20 Tonnen schweren Vulkansteinen, Stahl, Glas, Holz\u00a0 zwischen immergr\u00fcnen Euphorbien, Zedern und Palmen eingebettet. Sie wurden von K\u00fcnstlerinnen und K\u00fcnstlern aus Israel, Russland, Peru, den Canaren, \u00d6sterreich, Deutschland und vielen, unterschiedlichen Werken von Gernot Huber geschaffen und es werden immer mehr.<\/p>\n<p>Nur am Rande:<br \/>\nBei der Entstehung des \u201eCard\u00f3n de cristal\u201c aus 8 Tonnen Glas mit 6 000 Einzelteilen, geschaffen von dem \u201eGlask\u00fcnstler\u201c Rudolf Schmid und seiner Frau aus dem Bayerischen Wald, waren wir zugegen.<br \/>\nDas f\u00fchrte dazu, dass wir die Werkstatt und Ausstellunges Ehepaares Schmid<br \/>\n\u201edie Gl\u00e4serne Scheune\u201c an der Glasstra\u00dfe in Viechtach im Bayerischen Wald besuchten.<\/p>\n<p>Da bleibt mir nur eins, Ihnen zu sagen:<br \/>\nGehen sie hin! Besuchen sie den Skulpturenpark \u201eLos Cardones\u201c !<br \/>\nLassen sie sich darauf ein verzaubert, begeistert, angeregt, \u00fcberrascht zu werden.<br \/>\nW\u00e4hlen Sie aus der F\u00fclle der Kunstwerke IHR Lieblingswerk aus. Es ist spannend!<\/p>\n<p>Dazu haben sie jeden zweiten Sonntag im Monat von 14 bis 17 Uhr Gelegenheit.<br \/>\nAm 13. M\u00e4rz 2016 ist es wieder so weit.<br \/>\nEs wird ein Obulus von 10 Euro erbeten, der wiederum den schaffenden K\u00fcnstlern zu Gute kommt.<\/p>\n<p>Sie gelangen dorthin, indem sie von der TF 1 kommend in San Isidro hoch Richtung Granadilla fahren, aus dem Ort heraus und dann bei einem mit dem Sonnensymbol gekennzeichneten Stein links in die Calle Gernot Huber abbiegen.<\/p>\n","protected":false},"excerpt":{"rendered":"<p>Mal\u00a0 keine Wanderung das heutige Thema ist \u201eKunst\u201c \u201e Kunst ist die Umsetzung einer kreativen Idee durch handwerkliches K\u00f6nnen\u201c (Gernot Huber) Davon konnten sich am Freitag, 12. Februar 2016, geladene G\u00e4ste \u00fcberzeugen. Die Vernissage galt zwei heimischen K\u00fcnstlern, die aus ganz unterschiedlichen Materialien im und f\u00fcr den 80 000\u00a0 qm gro\u00dfen Skulpturenpark der Stiftung Gernot [&hellip;]<\/p>\n","protected":false},"author":4,"featured_media":5158,"comment_status":"open","ping_status":"open","sticky":false,"template":"","format":"standard","meta":{"footnotes":""},"categories":[1,6],"tags":[899,902,224,903,900,901,904,439,446,866],"class_list":["post-4893","post","type-post","status-publish","format-standard","has-post-thumbnail","hentry","category-allgemein","category-wanderungen","tag-gernot-huber","tag-giulleremo-batista-diaz","tag-granadilla","tag-jaime-alonso-fernandez","tag-los-cardones","tag-skulpturenpark","tag-tana-janosova","tag-teneriffa-wandern","tag-wandern-teneriffa","tag-wanderurlaub-teneriffa"],"yoast_head":"<!-- This site is optimized with the Yoast SEO plugin v27.5 - https:\/\/yoast.com\/product\/yoast-seo-wordpress\/ -->\n<title>Skulpturenpark Los Cardones - Teneriffa Wandern<\/title>\n<meta name=\"robots\" content=\"index, follow, max-snippet:-1, max-image-preview:large, max-video-preview:-1\" \/>\n<link rel=\"canonical\" href=\"https:\/\/www.mundi-roth.de\/teneriffa-blog\/allgemein\/skulpturenpark-los-cardones\/\" \/>\n<meta name=\"twitter:label1\" content=\"Verfasst von\" \/>\n\t<meta name=\"twitter:data1\" content=\"mundi\" \/>\n\t<meta name=\"twitter:label2\" content=\"Gesch\u00e4tzte Lesezeit\" \/>\n\t<meta name=\"twitter:data2\" content=\"3\u00a0Minuten\" \/>\n<script type=\"application\/ld+json\" class=\"yoast-schema-graph\">{\"@context\":\"https:\\\/\\\/schema.org\",\"@graph\":[{\"@type\":\"Article\",\"@id\":\"https:\\\/\\\/www.mundi-roth.de\\\/teneriffa-blog\\\/allgemein\\\/skulpturenpark-los-cardones\\\/#article\",\"isPartOf\":{\"@id\":\"https:\\\/\\\/www.mundi-roth.de\\\/teneriffa-blog\\\/allgemein\\\/skulpturenpark-los-cardones\\\/\"},\"author\":{\"name\":\"mundi\",\"@id\":\"https:\\\/\\\/www.mundi-roth.de\\\/teneriffa-blog\\\/#\\\/schema\\\/person\\\/971c66b55f3ae5e8741553688c413cac\"},\"headline\":\"Skulpturenpark Los Cardones\",\"datePublished\":\"2016-02-12T21:00:28+00:00\",\"dateModified\":\"2016-05-20T08:33:15+00:00\",\"mainEntityOfPage\":{\"@id\":\"https:\\\/\\\/www.mundi-roth.de\\\/teneriffa-blog\\\/allgemein\\\/skulpturenpark-los-cardones\\\/\"},\"wordCount\":615,\"commentCount\":2,\"image\":{\"@id\":\"https:\\\/\\\/www.mundi-roth.de\\\/teneriffa-blog\\\/allgemein\\\/skulpturenpark-los-cardones\\\/#primaryimage\"},\"thumbnailUrl\":\"https:\\\/\\\/www.mundi-roth.de\\\/teneriffa-blog\\\/wp-content\\\/uploads\\\/2016\\\/02\\\/P1220455.jpg\",\"keywords\":[\"Gernot Huber\",\"Giulleremo Batista Di\u00e1z\",\"Granadilla\",\"Jaime Alonso Fernand\u00e9z\",\"Los Cardones\",\"Skulpturenpark\",\"Tana Janosova\",\"Teneriffa Wandern\",\"Wandern Teneriffa\",\"Wanderurlaub Teneriffa\"],\"articleSection\":{\"1\":\"Wanderungen\"},\"inLanguage\":\"de\",\"potentialAction\":[{\"@type\":\"CommentAction\",\"name\":\"Comment\",\"target\":[\"https:\\\/\\\/www.mundi-roth.de\\\/teneriffa-blog\\\/allgemein\\\/skulpturenpark-los-cardones\\\/#respond\"]}]},{\"@type\":\"WebPage\",\"@id\":\"https:\\\/\\\/www.mundi-roth.de\\\/teneriffa-blog\\\/allgemein\\\/skulpturenpark-los-cardones\\\/\",\"url\":\"https:\\\/\\\/www.mundi-roth.de\\\/teneriffa-blog\\\/allgemein\\\/skulpturenpark-los-cardones\\\/\",\"name\":\"Skulpturenpark Los Cardones - Teneriffa Wandern\",\"isPartOf\":{\"@id\":\"https:\\\/\\\/www.mundi-roth.de\\\/teneriffa-blog\\\/#website\"},\"primaryImageOfPage\":{\"@id\":\"https:\\\/\\\/www.mundi-roth.de\\\/teneriffa-blog\\\/allgemein\\\/skulpturenpark-los-cardones\\\/#primaryimage\"},\"image\":{\"@id\":\"https:\\\/\\\/www.mundi-roth.de\\\/teneriffa-blog\\\/allgemein\\\/skulpturenpark-los-cardones\\\/#primaryimage\"},\"thumbnailUrl\":\"https:\\\/\\\/www.mundi-roth.de\\\/teneriffa-blog\\\/wp-content\\\/uploads\\\/2016\\\/02\\\/P1220455.jpg\",\"datePublished\":\"2016-02-12T21:00:28+00:00\",\"dateModified\":\"2016-05-20T08:33:15+00:00\",\"author\":{\"@id\":\"https:\\\/\\\/www.mundi-roth.de\\\/teneriffa-blog\\\/#\\\/schema\\\/person\\\/971c66b55f3ae5e8741553688c413cac\"},\"breadcrumb\":{\"@id\":\"https:\\\/\\\/www.mundi-roth.de\\\/teneriffa-blog\\\/allgemein\\\/skulpturenpark-los-cardones\\\/#breadcrumb\"},\"inLanguage\":\"de\",\"potentialAction\":[{\"@type\":\"ReadAction\",\"target\":[\"https:\\\/\\\/www.mundi-roth.de\\\/teneriffa-blog\\\/allgemein\\\/skulpturenpark-los-cardones\\\/\"]}]},{\"@type\":\"ImageObject\",\"inLanguage\":\"de\",\"@id\":\"https:\\\/\\\/www.mundi-roth.de\\\/teneriffa-blog\\\/allgemein\\\/skulpturenpark-los-cardones\\\/#primaryimage\",\"url\":\"https:\\\/\\\/www.mundi-roth.de\\\/teneriffa-blog\\\/wp-content\\\/uploads\\\/2016\\\/02\\\/P1220455.jpg\",\"contentUrl\":\"https:\\\/\\\/www.mundi-roth.de\\\/teneriffa-blog\\\/wp-content\\\/uploads\\\/2016\\\/02\\\/P1220455.jpg\",\"width\":234,\"height\":202,\"caption\":\"Huberpark\"},{\"@type\":\"BreadcrumbList\",\"@id\":\"https:\\\/\\\/www.mundi-roth.de\\\/teneriffa-blog\\\/allgemein\\\/skulpturenpark-los-cardones\\\/#breadcrumb\",\"itemListElement\":[{\"@type\":\"ListItem\",\"position\":1,\"name\":\"Startseite\",\"item\":\"https:\\\/\\\/www.mundi-roth.de\\\/teneriffa-blog\\\/\"},{\"@type\":\"ListItem\",\"position\":2,\"name\":\"Skulpturenpark Los Cardones\"}]},{\"@type\":\"WebSite\",\"@id\":\"https:\\\/\\\/www.mundi-roth.de\\\/teneriffa-blog\\\/#website\",\"url\":\"https:\\\/\\\/www.mundi-roth.de\\\/teneriffa-blog\\\/\",\"name\":\"Teneriffa Wandern\",\"description\":\"Nicht nur Wanderungen auf Teneriffa...\",\"potentialAction\":[{\"@type\":\"SearchAction\",\"target\":{\"@type\":\"EntryPoint\",\"urlTemplate\":\"https:\\\/\\\/www.mundi-roth.de\\\/teneriffa-blog\\\/?s={search_term_string}\"},\"query-input\":{\"@type\":\"PropertyValueSpecification\",\"valueRequired\":true,\"valueName\":\"search_term_string\"}}],\"inLanguage\":\"de\"},{\"@type\":\"Person\",\"@id\":\"https:\\\/\\\/www.mundi-roth.de\\\/teneriffa-blog\\\/#\\\/schema\\\/person\\\/971c66b55f3ae5e8741553688c413cac\",\"name\":\"mundi\",\"image\":{\"@type\":\"ImageObject\",\"inLanguage\":\"de\",\"@id\":\"https:\\\/\\\/secure.gravatar.com\\\/avatar\\\/555f0dd85428f1a9330f8e5dbe9e40ff9ca912bb81e5a89747ebf3ca9c20dc0f?s=96&d=mm&r=g\",\"url\":\"https:\\\/\\\/secure.gravatar.com\\\/avatar\\\/555f0dd85428f1a9330f8e5dbe9e40ff9ca912bb81e5a89747ebf3ca9c20dc0f?s=96&d=mm&r=g\",\"contentUrl\":\"https:\\\/\\\/secure.gravatar.com\\\/avatar\\\/555f0dd85428f1a9330f8e5dbe9e40ff9ca912bb81e5a89747ebf3ca9c20dc0f?s=96&d=mm&r=g\",\"caption\":\"mundi\"},\"sameAs\":[\"http:\\\/\\\/mundi-roth.de\"],\"url\":\"https:\\\/\\\/www.mundi-roth.de\\\/teneriffa-blog\\\/author\\\/mundi\\\/\"}]}<\/script>\n<!-- \/ Yoast SEO plugin. -->","yoast_head_json":{"title":"Skulpturenpark Los Cardones - Teneriffa Wandern","robots":{"index":"index","follow":"follow","max-snippet":"max-snippet:-1","max-image-preview":"max-image-preview:large","max-video-preview":"max-video-preview:-1"},"canonical":"https:\/\/www.mundi-roth.de\/teneriffa-blog\/allgemein\/skulpturenpark-los-cardones\/","twitter_misc":{"Verfasst von":"mundi","Gesch\u00e4tzte Lesezeit":"3\u00a0Minuten"},"schema":{"@context":"https:\/\/schema.org","@graph":[{"@type":"Article","@id":"https:\/\/www.mundi-roth.de\/teneriffa-blog\/allgemein\/skulpturenpark-los-cardones\/#article","isPartOf":{"@id":"https:\/\/www.mundi-roth.de\/teneriffa-blog\/allgemein\/skulpturenpark-los-cardones\/"},"author":{"name":"mundi","@id":"https:\/\/www.mundi-roth.de\/teneriffa-blog\/#\/schema\/person\/971c66b55f3ae5e8741553688c413cac"},"headline":"Skulpturenpark Los Cardones","datePublished":"2016-02-12T21:00:28+00:00","dateModified":"2016-05-20T08:33:15+00:00","mainEntityOfPage":{"@id":"https:\/\/www.mundi-roth.de\/teneriffa-blog\/allgemein\/skulpturenpark-los-cardones\/"},"wordCount":615,"commentCount":2,"image":{"@id":"https:\/\/www.mundi-roth.de\/teneriffa-blog\/allgemein\/skulpturenpark-los-cardones\/#primaryimage"},"thumbnailUrl":"https:\/\/www.mundi-roth.de\/teneriffa-blog\/wp-content\/uploads\/2016\/02\/P1220455.jpg","keywords":["Gernot Huber","Giulleremo Batista Di\u00e1z","Granadilla","Jaime Alonso Fernand\u00e9z","Los Cardones","Skulpturenpark","Tana Janosova","Teneriffa Wandern","Wandern Teneriffa","Wanderurlaub Teneriffa"],"articleSection":{"1":"Wanderungen"},"inLanguage":"de","potentialAction":[{"@type":"CommentAction","name":"Comment","target":["https:\/\/www.mundi-roth.de\/teneriffa-blog\/allgemein\/skulpturenpark-los-cardones\/#respond"]}]},{"@type":"WebPage","@id":"https:\/\/www.mundi-roth.de\/teneriffa-blog\/allgemein\/skulpturenpark-los-cardones\/","url":"https:\/\/www.mundi-roth.de\/teneriffa-blog\/allgemein\/skulpturenpark-los-cardones\/","name":"Skulpturenpark Los Cardones - Teneriffa Wandern","isPartOf":{"@id":"https:\/\/www.mundi-roth.de\/teneriffa-blog\/#website"},"primaryImageOfPage":{"@id":"https:\/\/www.mundi-roth.de\/teneriffa-blog\/allgemein\/skulpturenpark-los-cardones\/#primaryimage"},"image":{"@id":"https:\/\/www.mundi-roth.de\/teneriffa-blog\/allgemein\/skulpturenpark-los-cardones\/#primaryimage"},"thumbnailUrl":"https:\/\/www.mundi-roth.de\/teneriffa-blog\/wp-content\/uploads\/2016\/02\/P1220455.jpg","datePublished":"2016-02-12T21:00:28+00:00","dateModified":"2016-05-20T08:33:15+00:00","author":{"@id":"https:\/\/www.mundi-roth.de\/teneriffa-blog\/#\/schema\/person\/971c66b55f3ae5e8741553688c413cac"},"breadcrumb":{"@id":"https:\/\/www.mundi-roth.de\/teneriffa-blog\/allgemein\/skulpturenpark-los-cardones\/#breadcrumb"},"inLanguage":"de","potentialAction":[{"@type":"ReadAction","target":["https:\/\/www.mundi-roth.de\/teneriffa-blog\/allgemein\/skulpturenpark-los-cardones\/"]}]},{"@type":"ImageObject","inLanguage":"de","@id":"https:\/\/www.mundi-roth.de\/teneriffa-blog\/allgemein\/skulpturenpark-los-cardones\/#primaryimage","url":"https:\/\/www.mundi-roth.de\/teneriffa-blog\/wp-content\/uploads\/2016\/02\/P1220455.jpg","contentUrl":"https:\/\/www.mundi-roth.de\/teneriffa-blog\/wp-content\/uploads\/2016\/02\/P1220455.jpg","width":234,"height":202,"caption":"Huberpark"},{"@type":"BreadcrumbList","@id":"https:\/\/www.mundi-roth.de\/teneriffa-blog\/allgemein\/skulpturenpark-los-cardones\/#breadcrumb","itemListElement":[{"@type":"ListItem","position":1,"name":"Startseite","item":"https:\/\/www.mundi-roth.de\/teneriffa-blog\/"},{"@type":"ListItem","position":2,"name":"Skulpturenpark Los Cardones"}]},{"@type":"WebSite","@id":"https:\/\/www.mundi-roth.de\/teneriffa-blog\/#website","url":"https:\/\/www.mundi-roth.de\/teneriffa-blog\/","name":"Teneriffa Wandern","description":"Nicht nur Wanderungen auf Teneriffa...","potentialAction":[{"@type":"SearchAction","target":{"@type":"EntryPoint","urlTemplate":"https:\/\/www.mundi-roth.de\/teneriffa-blog\/?s={search_term_string}"},"query-input":{"@type":"PropertyValueSpecification","valueRequired":true,"valueName":"search_term_string"}}],"inLanguage":"de"},{"@type":"Person","@id":"https:\/\/www.mundi-roth.de\/teneriffa-blog\/#\/schema\/person\/971c66b55f3ae5e8741553688c413cac","name":"mundi","image":{"@type":"ImageObject","inLanguage":"de","@id":"https:\/\/secure.gravatar.com\/avatar\/555f0dd85428f1a9330f8e5dbe9e40ff9ca912bb81e5a89747ebf3ca9c20dc0f?s=96&d=mm&r=g","url":"https:\/\/secure.gravatar.com\/avatar\/555f0dd85428f1a9330f8e5dbe9e40ff9ca912bb81e5a89747ebf3ca9c20dc0f?s=96&d=mm&r=g","contentUrl":"https:\/\/secure.gravatar.com\/avatar\/555f0dd85428f1a9330f8e5dbe9e40ff9ca912bb81e5a89747ebf3ca9c20dc0f?s=96&d=mm&r=g","caption":"mundi"},"sameAs":["http:\/\/mundi-roth.de"],"url":"https:\/\/www.mundi-roth.de\/teneriffa-blog\/author\/mundi\/"}]}},"_links":{"self":[{"href":"https:\/\/www.mundi-roth.de\/teneriffa-blog\/wp-json\/wp\/v2\/posts\/4893","targetHints":{"allow":["GET"]}}],"collection":[{"href":"https:\/\/www.mundi-roth.de\/teneriffa-blog\/wp-json\/wp\/v2\/posts"}],"about":[{"href":"https:\/\/www.mundi-roth.de\/teneriffa-blog\/wp-json\/wp\/v2\/types\/post"}],"author":[{"embeddable":true,"href":"https:\/\/www.mundi-roth.de\/teneriffa-blog\/wp-json\/wp\/v2\/users\/4"}],"replies":[{"embeddable":true,"href":"https:\/\/www.mundi-roth.de\/teneriffa-blog\/wp-json\/wp\/v2\/comments?post=4893"}],"version-history":[{"count":0,"href":"https:\/\/www.mundi-roth.de\/teneriffa-blog\/wp-json\/wp\/v2\/posts\/4893\/revisions"}],"wp:featuredmedia":[{"embeddable":true,"href":"https:\/\/www.mundi-roth.de\/teneriffa-blog\/wp-json\/wp\/v2\/media\/5158"}],"wp:attachment":[{"href":"https:\/\/www.mundi-roth.de\/teneriffa-blog\/wp-json\/wp\/v2\/media?parent=4893"}],"wp:term":[{"taxonomy":"category","embeddable":true,"href":"https:\/\/www.mundi-roth.de\/teneriffa-blog\/wp-json\/wp\/v2\/categories?post=4893"},{"taxonomy":"post_tag","embeddable":true,"href":"https:\/\/www.mundi-roth.de\/teneriffa-blog\/wp-json\/wp\/v2\/tags?post=4893"}],"curies":[{"name":"wp","href":"https:\/\/api.w.org\/{rel}","templated":true}]}}