{"id":503,"date":"2008-11-11T20:00:22","date_gmt":"2008-11-11T19:00:22","guid":{"rendered":"http:\/\/www.mundi-roth.de\/teneriffa-blog\/?p=503"},"modified":"2015-04-12T11:40:01","modified_gmt":"2015-04-12T10:40:01","slug":"oberhalb-von-arafo-im-esperanzawald","status":"publish","type":"post","link":"https:\/\/www.mundi-roth.de\/teneriffa-blog\/wanderungen\/oberhalb-von-arafo-im-esperanzawald\/","title":{"rendered":"Oberhalb von Arafo im Esperanzawald"},"content":{"rendered":"<p><strong>Eine Wanderung die unter dem Motto stehen kann: \u201eSoweit die F\u00fc\u00dfe tragen\u201c und man kann hinzuf\u00fcgen: \u201eSo weit die Wanderlust und die Kondition reicht\u201c.<br \/>\nNoch eine Besonderheit: <\/strong><strong>Schon<\/strong><strong> die Anfahrt auf der TF 523 ist ein Erlebnis! <\/strong><\/p>\n<p><strong>Wanderwegstrecke:<\/strong> Wir haben uns mit 2 1\/2 Stunden begn\u00fcgt.<br \/>\nHinweg ist auch zugleich der R\u00fcckweg<a href=\"http:\/\/www.mundi-roth.de\/teneriffa-blog\/wp-content\/uploads\/2008\/11\/wstrecke.jpg\" rel=\"lightbox[503]\"><img loading=\"lazy\" decoding=\"async\" class=\"alignright size-thumbnail wp-image-513\" title=\"wstrecke\" src=\"http:\/\/www.mundi-roth.de\/teneriffa-blog\/wp-content\/uploads\/2008\/11\/wstrecke.jpg\" alt=\"\" width=\"150\" height=\"94\" \/><\/a><br \/>\nAber vielleicht kennt ja jemand diesen breiten Forstweg und kann uns sagen, ob der bis nach Candelaria oder sogar bis nach Santa Cruz f\u00fchrt ?<\/p>\n<p>Nachdem wir die TF 523, etwa bei km 17, verlassen und bei einer etwas kritischen Einfahrt rechts in den Forstweg abbiegen &#8211; linker Hand sehen wir kleine Holzpf\u00e4hle mit gr\u00fcn-wei\u00dfer Markierung und mit 35 % beschriftet \u2013 parken wir kurz darauf. Rechter Hand verl\u00e4uft eine sch\u00f6ne Mauer.<br \/>\nMitten im Kiefernwald starten wir die Wanderung und marschieren auf einem Kiefernnadeln-ges\u00e4umten <a href=\"http:\/\/www.mundi-roth.de\/teneriffa-blog\/wp-content\/uploads\/2008\/11\/sany1158.jpg\" rel=\"lightbox[503]\"><img loading=\"lazy\" decoding=\"async\" class=\"alignleft size-thumbnail wp-image-504\" title=\"sany1158\" src=\"http:\/\/www.mundi-roth.de\/teneriffa-blog\/wp-content\/uploads\/2008\/11\/sany1158.jpg\" alt=\"\" width=\"112\" height=\"150\" \/><\/a>Forstweg dahin. Es muss hier vor nicht zu langer Zeit geregnet haben. Kurz darauf<a href=\"http:\/\/www.mundi-roth.de\/teneriffa-blog\/wp-content\/uploads\/2008\/11\/sany1155.jpg\" rel=\"lightbox[503]\"><img loading=\"lazy\" decoding=\"async\" class=\"alignright size-thumbnail wp-image-505\" title=\"sany1155\" src=\"http:\/\/www.mundi-roth.de\/teneriffa-blog\/wp-content\/uploads\/2008\/11\/sany1155.jpg\" alt=\"\" width=\"150\" height=\"112\" \/><\/a> bereits Ohs und Ahs ! Pilze ! Aber welche ? Da wir nicht so pilzkundig sind, lassen wir lieber die Finger davon.<br \/>\nDem Holzschild mit der Aufschrift \u201eLas Agunetas\u201c folgen wir und lassen den rechts abgehenden Weg unbeachtet.<br \/>\nUnd nun: Immer heiter weiter. <a href=\"http:\/\/www.mundi-roth.de\/teneriffa-blog\/wp-content\/uploads\/2008\/11\/p1020712x.jpg\" rel=\"lightbox[503]\"><img loading=\"lazy\" decoding=\"async\" class=\"alignleft size-thumbnail wp-image-506\" title=\"p1020712x\" src=\"http:\/\/www.mundi-roth.de\/teneriffa-blog\/wp-content\/uploads\/2008\/11\/p1020712x.jpg\" alt=\"\" width=\"150\" height=\"112\" \/><\/a>Links begleitet uns relativ steil der Berghang mit Kiefern bewachsen und rechts haben wir einen wunderbaren Blick \u00fcber kr\u00e4ftig gr\u00fcne kanarische Kiefern hinweg, zwischendurch die schon mit gelben Bl\u00e4ttern versehenen Esskastanienb\u00e4ume und als Abschluss die K\u00fcste und das Meer.<br \/>\nAuf dem R\u00fcckweg haben wir einen Blick auf den Teide und stellen fest: Es war eine sch\u00f6ne Wanderung ohne gro\u00dfe Anstrengung.<br \/>\nAber wie gesagt: Die Wanderstrecke ist zur jetzigen Jahreszeit wohl nur ein magerer Abklatsch dessen, wie sie sich im Fr\u00fchjahr darstellt: Es muss dann eine Farborgie in gelb sein!<br \/>\nVielleicht schaffen wir es ja dann nochmal.<br \/>\n<a href=\"http:\/\/www.mundi-roth.de\/teneriffa-blog\/wp-content\/uploads\/2008\/11\/sany1156.jpg\" rel=\"lightbox[503]\"><img loading=\"lazy\" decoding=\"async\" class=\"alignright size-thumbnail wp-image-507\" title=\"sany1156\" src=\"http:\/\/www.mundi-roth.de\/teneriffa-blog\/wp-content\/uploads\/2008\/11\/sany1156.jpg\" alt=\"\" width=\"150\" height=\"140\" \/><\/a><br \/>\n<strong>Besonderheit:<\/strong><br \/>\nUnsere Pilz-Unwissenheit lie\u00df uns keine Ruhe und so haben wir uns per email mit Fotos an die <strong>Sociedad Micol\u00f3gica de Tenerife<\/strong> gewand. Innerhalb einer Stunde wurden wir informiert. Es handelt sich um den <em>Gymnopilus penetrans<\/em> (Geflecktbl\u00e4ttriger Fl\u00e4mmling), der leider nicht zu den Speisepilzen z\u00e4hlt. Schade.<\/p>\n<p><strong>Restaurant:<\/strong><br \/>\nWir versuchen in Arafo auf gut Gl\u00fcck ein Restaurant zu finden.<br \/>\n<a href=\"http:\/\/www.mundi-roth.de\/teneriffa-blog\/wp-content\/uploads\/2008\/11\/restaurant1.jpg\" rel=\"lightbox[503]\"><img loading=\"lazy\" decoding=\"async\" class=\"alignleft size-thumbnail wp-image-509\" title=\"restaurant1\" src=\"http:\/\/www.mundi-roth.de\/teneriffa-blog\/wp-content\/uploads\/2008\/11\/restaurant1.jpg\" alt=\"\" width=\"150\" height=\"104\" \/><\/a> Nach kurzem Befragen einer Anwohnerin finden wir das Restaurant \u201eLa Batea\u201c<br \/>\nin der Calle Capit\u00e1n Nu\u00f1ez. Telefon: 922 511 264<br \/>\nMittwoch und Donnerstag ist Ruhetag.<br \/>\nEin empfehlenswertes Restaurant. Die Besitzer \u2013 ein kanarisch-deutsches Ehepaar \u2013 sind \u00e4u\u00dferst liebensw\u00fcrdig, aufmerksam und beraten gut.<br \/>\nDie K\u00fcche ist ausgezeichnet. Wir waren alle rundum zufrieden und der Wein war ebenfalls excelent.<\/p>\n<p><strong>Anfahrt:<\/strong><br \/>\nAus Los Cristianos kommend auf der Autobahn TF-1 bis zur Ausfahrt Candelaria \u2013 Arafo, am Kreisel<a href=\"http:\/\/www.mundi-roth.de\/teneriffa-blog\/wp-content\/uploads\/2008\/11\/fstrecke.jpg\" rel=\"lightbox[503]\"><img loading=\"lazy\" decoding=\"async\" class=\"alignright size-thumbnail wp-image-515\" title=\"fstrecke\" src=\"http:\/\/www.mundi-roth.de\/teneriffa-blog\/wp-content\/uploads\/2008\/11\/fstrecke.jpg\" alt=\"\" width=\"150\" height=\"100\" \/><\/a> biegen wir auf die TF 281 Richtung Arafo ab. Beim n\u00e4chsten Hinweis \u201eArafo 5 km\u201c biegen wir links ab und folgen der TF 28 Richtung G\u00fcimar, Arafo, El Teide. Bei einem Bush\u00e4uschen biegen wir rechts ab auf die 523, Richtung Teide bis kurz nach km 17.<\/p>\n","protected":false},"excerpt":{"rendered":"<p>Eine Wanderung die unter dem Motto stehen kann: \u201eSoweit die F\u00fc\u00dfe tragen\u201c und man kann hinzuf\u00fcgen: \u201eSo weit die Wanderlust und die Kondition reicht\u201c. Noch eine Besonderheit: Schon die Anfahrt auf der TF 523 ist ein Erlebnis! Wanderwegstrecke: Wir haben uns mit 2 1\/2 Stunden begn\u00fcgt. Hinweg ist auch zugleich der R\u00fcckweg Aber vielleicht kennt [&hellip;]<\/p>\n","protected":false},"author":3,"featured_media":0,"comment_status":"open","ping_status":"open","sticky":false,"template":"","format":"standard","meta":{"footnotes":""},"categories":[769,6],"tags":[167,166,169,171,168,170,3,4],"class_list":["post-503","post","type-post","status-publish","format-standard","hentry","category-esperanza-wald","category-wanderungen","tag-arafo","tag-esperanza","tag-esskastanien","tag-la-batea","tag-pilze","tag-sociedad-micologica-de-tenerife","tag-teneriffa","tag-wandern"],"yoast_head":"<!-- This site is optimized with the Yoast SEO plugin v27.5 - https:\/\/yoast.com\/product\/yoast-seo-wordpress\/ -->\n<title>Oberhalb von Arafo im Esperanzawald - Teneriffa Wandern<\/title>\n<meta name=\"robots\" content=\"index, follow, max-snippet:-1, max-image-preview:large, max-video-preview:-1\" \/>\n<link rel=\"canonical\" href=\"https:\/\/www.mundi-roth.de\/teneriffa-blog\/wanderungen\/oberhalb-von-arafo-im-esperanzawald\/\" \/>\n<meta name=\"twitter:label1\" content=\"Verfasst von\" \/>\n\t<meta name=\"twitter:data1\" content=\"ir\" \/>\n\t<meta name=\"twitter:label2\" content=\"Gesch\u00e4tzte Lesezeit\" \/>\n\t<meta name=\"twitter:data2\" content=\"2\u00a0Minuten\" \/>\n<script type=\"application\/ld+json\" class=\"yoast-schema-graph\">{\"@context\":\"https:\\\/\\\/schema.org\",\"@graph\":[{\"@type\":\"Article\",\"@id\":\"https:\\\/\\\/www.mundi-roth.de\\\/teneriffa-blog\\\/wanderungen\\\/oberhalb-von-arafo-im-esperanzawald\\\/#article\",\"isPartOf\":{\"@id\":\"https:\\\/\\\/www.mundi-roth.de\\\/teneriffa-blog\\\/wanderungen\\\/oberhalb-von-arafo-im-esperanzawald\\\/\"},\"author\":{\"name\":\"ir\",\"@id\":\"https:\\\/\\\/www.mundi-roth.de\\\/teneriffa-blog\\\/#\\\/schema\\\/person\\\/3afd0d251449790d15367c9aa52d203d\"},\"headline\":\"Oberhalb von Arafo im Esperanzawald\",\"datePublished\":\"2008-11-11T19:00:22+00:00\",\"dateModified\":\"2015-04-12T10:40:01+00:00\",\"mainEntityOfPage\":{\"@id\":\"https:\\\/\\\/www.mundi-roth.de\\\/teneriffa-blog\\\/wanderungen\\\/oberhalb-von-arafo-im-esperanzawald\\\/\"},\"wordCount\":482,\"commentCount\":0,\"image\":{\"@id\":\"https:\\\/\\\/www.mundi-roth.de\\\/teneriffa-blog\\\/wanderungen\\\/oberhalb-von-arafo-im-esperanzawald\\\/#primaryimage\"},\"thumbnailUrl\":\"http:\\\/\\\/www.mundi-roth.de\\\/teneriffa-blog\\\/wp-content\\\/uploads\\\/2008\\\/11\\\/wstrecke.jpg\",\"keywords\":[\"Arafo\",\"Esperanza\",\"Esskastanien\",\"La Batea\",\"Pilze\",\"Sociedad Micol\u00f3gica de Tenerife\",\"Teneriffa\",\"Wandern\"],\"articleSection\":[\"Esperanza-Wald\",\"Wanderungen\"],\"inLanguage\":\"de\",\"potentialAction\":[{\"@type\":\"CommentAction\",\"name\":\"Comment\",\"target\":[\"https:\\\/\\\/www.mundi-roth.de\\\/teneriffa-blog\\\/wanderungen\\\/oberhalb-von-arafo-im-esperanzawald\\\/#respond\"]}]},{\"@type\":\"WebPage\",\"@id\":\"https:\\\/\\\/www.mundi-roth.de\\\/teneriffa-blog\\\/wanderungen\\\/oberhalb-von-arafo-im-esperanzawald\\\/\",\"url\":\"https:\\\/\\\/www.mundi-roth.de\\\/teneriffa-blog\\\/wanderungen\\\/oberhalb-von-arafo-im-esperanzawald\\\/\",\"name\":\"Oberhalb von Arafo im Esperanzawald - Teneriffa Wandern\",\"isPartOf\":{\"@id\":\"https:\\\/\\\/www.mundi-roth.de\\\/teneriffa-blog\\\/#website\"},\"primaryImageOfPage\":{\"@id\":\"https:\\\/\\\/www.mundi-roth.de\\\/teneriffa-blog\\\/wanderungen\\\/oberhalb-von-arafo-im-esperanzawald\\\/#primaryimage\"},\"image\":{\"@id\":\"https:\\\/\\\/www.mundi-roth.de\\\/teneriffa-blog\\\/wanderungen\\\/oberhalb-von-arafo-im-esperanzawald\\\/#primaryimage\"},\"thumbnailUrl\":\"http:\\\/\\\/www.mundi-roth.de\\\/teneriffa-blog\\\/wp-content\\\/uploads\\\/2008\\\/11\\\/wstrecke.jpg\",\"datePublished\":\"2008-11-11T19:00:22+00:00\",\"dateModified\":\"2015-04-12T10:40:01+00:00\",\"author\":{\"@id\":\"https:\\\/\\\/www.mundi-roth.de\\\/teneriffa-blog\\\/#\\\/schema\\\/person\\\/3afd0d251449790d15367c9aa52d203d\"},\"breadcrumb\":{\"@id\":\"https:\\\/\\\/www.mundi-roth.de\\\/teneriffa-blog\\\/wanderungen\\\/oberhalb-von-arafo-im-esperanzawald\\\/#breadcrumb\"},\"inLanguage\":\"de\",\"potentialAction\":[{\"@type\":\"ReadAction\",\"target\":[\"https:\\\/\\\/www.mundi-roth.de\\\/teneriffa-blog\\\/wanderungen\\\/oberhalb-von-arafo-im-esperanzawald\\\/\"]}]},{\"@type\":\"ImageObject\",\"inLanguage\":\"de\",\"@id\":\"https:\\\/\\\/www.mundi-roth.de\\\/teneriffa-blog\\\/wanderungen\\\/oberhalb-von-arafo-im-esperanzawald\\\/#primaryimage\",\"url\":\"http:\\\/\\\/www.mundi-roth.de\\\/teneriffa-blog\\\/wp-content\\\/uploads\\\/2008\\\/11\\\/wstrecke.jpg\",\"contentUrl\":\"http:\\\/\\\/www.mundi-roth.de\\\/teneriffa-blog\\\/wp-content\\\/uploads\\\/2008\\\/11\\\/wstrecke.jpg\"},{\"@type\":\"BreadcrumbList\",\"@id\":\"https:\\\/\\\/www.mundi-roth.de\\\/teneriffa-blog\\\/wanderungen\\\/oberhalb-von-arafo-im-esperanzawald\\\/#breadcrumb\",\"itemListElement\":[{\"@type\":\"ListItem\",\"position\":1,\"name\":\"Startseite\",\"item\":\"https:\\\/\\\/www.mundi-roth.de\\\/teneriffa-blog\\\/\"},{\"@type\":\"ListItem\",\"position\":2,\"name\":\"Oberhalb von Arafo im Esperanzawald\"}]},{\"@type\":\"WebSite\",\"@id\":\"https:\\\/\\\/www.mundi-roth.de\\\/teneriffa-blog\\\/#website\",\"url\":\"https:\\\/\\\/www.mundi-roth.de\\\/teneriffa-blog\\\/\",\"name\":\"Teneriffa Wandern\",\"description\":\"Nicht nur Wanderungen auf Teneriffa...\",\"potentialAction\":[{\"@type\":\"SearchAction\",\"target\":{\"@type\":\"EntryPoint\",\"urlTemplate\":\"https:\\\/\\\/www.mundi-roth.de\\\/teneriffa-blog\\\/?s={search_term_string}\"},\"query-input\":{\"@type\":\"PropertyValueSpecification\",\"valueRequired\":true,\"valueName\":\"search_term_string\"}}],\"inLanguage\":\"de\"},{\"@type\":\"Person\",\"@id\":\"https:\\\/\\\/www.mundi-roth.de\\\/teneriffa-blog\\\/#\\\/schema\\\/person\\\/3afd0d251449790d15367c9aa52d203d\",\"name\":\"ir\",\"image\":{\"@type\":\"ImageObject\",\"inLanguage\":\"de\",\"@id\":\"https:\\\/\\\/secure.gravatar.com\\\/avatar\\\/e67b41513c921c2bb58363f44c8a00a447c9a2526ad8ff71b5b6257e5f7f5c66?s=96&d=mm&r=g\",\"url\":\"https:\\\/\\\/secure.gravatar.com\\\/avatar\\\/e67b41513c921c2bb58363f44c8a00a447c9a2526ad8ff71b5b6257e5f7f5c66?s=96&d=mm&r=g\",\"contentUrl\":\"https:\\\/\\\/secure.gravatar.com\\\/avatar\\\/e67b41513c921c2bb58363f44c8a00a447c9a2526ad8ff71b5b6257e5f7f5c66?s=96&d=mm&r=g\",\"caption\":\"ir\"},\"sameAs\":[\"http:\\\/\\\/www.mundi-roth.de\"],\"url\":\"https:\\\/\\\/www.mundi-roth.de\\\/teneriffa-blog\\\/author\\\/ir\\\/\"}]}<\/script>\n<!-- \/ Yoast SEO plugin. -->","yoast_head_json":{"title":"Oberhalb von Arafo im Esperanzawald - Teneriffa Wandern","robots":{"index":"index","follow":"follow","max-snippet":"max-snippet:-1","max-image-preview":"max-image-preview:large","max-video-preview":"max-video-preview:-1"},"canonical":"https:\/\/www.mundi-roth.de\/teneriffa-blog\/wanderungen\/oberhalb-von-arafo-im-esperanzawald\/","twitter_misc":{"Verfasst von":"ir","Gesch\u00e4tzte Lesezeit":"2\u00a0Minuten"},"schema":{"@context":"https:\/\/schema.org","@graph":[{"@type":"Article","@id":"https:\/\/www.mundi-roth.de\/teneriffa-blog\/wanderungen\/oberhalb-von-arafo-im-esperanzawald\/#article","isPartOf":{"@id":"https:\/\/www.mundi-roth.de\/teneriffa-blog\/wanderungen\/oberhalb-von-arafo-im-esperanzawald\/"},"author":{"name":"ir","@id":"https:\/\/www.mundi-roth.de\/teneriffa-blog\/#\/schema\/person\/3afd0d251449790d15367c9aa52d203d"},"headline":"Oberhalb von Arafo im Esperanzawald","datePublished":"2008-11-11T19:00:22+00:00","dateModified":"2015-04-12T10:40:01+00:00","mainEntityOfPage":{"@id":"https:\/\/www.mundi-roth.de\/teneriffa-blog\/wanderungen\/oberhalb-von-arafo-im-esperanzawald\/"},"wordCount":482,"commentCount":0,"image":{"@id":"https:\/\/www.mundi-roth.de\/teneriffa-blog\/wanderungen\/oberhalb-von-arafo-im-esperanzawald\/#primaryimage"},"thumbnailUrl":"http:\/\/www.mundi-roth.de\/teneriffa-blog\/wp-content\/uploads\/2008\/11\/wstrecke.jpg","keywords":["Arafo","Esperanza","Esskastanien","La Batea","Pilze","Sociedad Micol\u00f3gica de Tenerife","Teneriffa","Wandern"],"articleSection":["Esperanza-Wald","Wanderungen"],"inLanguage":"de","potentialAction":[{"@type":"CommentAction","name":"Comment","target":["https:\/\/www.mundi-roth.de\/teneriffa-blog\/wanderungen\/oberhalb-von-arafo-im-esperanzawald\/#respond"]}]},{"@type":"WebPage","@id":"https:\/\/www.mundi-roth.de\/teneriffa-blog\/wanderungen\/oberhalb-von-arafo-im-esperanzawald\/","url":"https:\/\/www.mundi-roth.de\/teneriffa-blog\/wanderungen\/oberhalb-von-arafo-im-esperanzawald\/","name":"Oberhalb von Arafo im Esperanzawald - Teneriffa Wandern","isPartOf":{"@id":"https:\/\/www.mundi-roth.de\/teneriffa-blog\/#website"},"primaryImageOfPage":{"@id":"https:\/\/www.mundi-roth.de\/teneriffa-blog\/wanderungen\/oberhalb-von-arafo-im-esperanzawald\/#primaryimage"},"image":{"@id":"https:\/\/www.mundi-roth.de\/teneriffa-blog\/wanderungen\/oberhalb-von-arafo-im-esperanzawald\/#primaryimage"},"thumbnailUrl":"http:\/\/www.mundi-roth.de\/teneriffa-blog\/wp-content\/uploads\/2008\/11\/wstrecke.jpg","datePublished":"2008-11-11T19:00:22+00:00","dateModified":"2015-04-12T10:40:01+00:00","author":{"@id":"https:\/\/www.mundi-roth.de\/teneriffa-blog\/#\/schema\/person\/3afd0d251449790d15367c9aa52d203d"},"breadcrumb":{"@id":"https:\/\/www.mundi-roth.de\/teneriffa-blog\/wanderungen\/oberhalb-von-arafo-im-esperanzawald\/#breadcrumb"},"inLanguage":"de","potentialAction":[{"@type":"ReadAction","target":["https:\/\/www.mundi-roth.de\/teneriffa-blog\/wanderungen\/oberhalb-von-arafo-im-esperanzawald\/"]}]},{"@type":"ImageObject","inLanguage":"de","@id":"https:\/\/www.mundi-roth.de\/teneriffa-blog\/wanderungen\/oberhalb-von-arafo-im-esperanzawald\/#primaryimage","url":"http:\/\/www.mundi-roth.de\/teneriffa-blog\/wp-content\/uploads\/2008\/11\/wstrecke.jpg","contentUrl":"http:\/\/www.mundi-roth.de\/teneriffa-blog\/wp-content\/uploads\/2008\/11\/wstrecke.jpg"},{"@type":"BreadcrumbList","@id":"https:\/\/www.mundi-roth.de\/teneriffa-blog\/wanderungen\/oberhalb-von-arafo-im-esperanzawald\/#breadcrumb","itemListElement":[{"@type":"ListItem","position":1,"name":"Startseite","item":"https:\/\/www.mundi-roth.de\/teneriffa-blog\/"},{"@type":"ListItem","position":2,"name":"Oberhalb von Arafo im Esperanzawald"}]},{"@type":"WebSite","@id":"https:\/\/www.mundi-roth.de\/teneriffa-blog\/#website","url":"https:\/\/www.mundi-roth.de\/teneriffa-blog\/","name":"Teneriffa Wandern","description":"Nicht nur Wanderungen auf Teneriffa...","potentialAction":[{"@type":"SearchAction","target":{"@type":"EntryPoint","urlTemplate":"https:\/\/www.mundi-roth.de\/teneriffa-blog\/?s={search_term_string}"},"query-input":{"@type":"PropertyValueSpecification","valueRequired":true,"valueName":"search_term_string"}}],"inLanguage":"de"},{"@type":"Person","@id":"https:\/\/www.mundi-roth.de\/teneriffa-blog\/#\/schema\/person\/3afd0d251449790d15367c9aa52d203d","name":"ir","image":{"@type":"ImageObject","inLanguage":"de","@id":"https:\/\/secure.gravatar.com\/avatar\/e67b41513c921c2bb58363f44c8a00a447c9a2526ad8ff71b5b6257e5f7f5c66?s=96&d=mm&r=g","url":"https:\/\/secure.gravatar.com\/avatar\/e67b41513c921c2bb58363f44c8a00a447c9a2526ad8ff71b5b6257e5f7f5c66?s=96&d=mm&r=g","contentUrl":"https:\/\/secure.gravatar.com\/avatar\/e67b41513c921c2bb58363f44c8a00a447c9a2526ad8ff71b5b6257e5f7f5c66?s=96&d=mm&r=g","caption":"ir"},"sameAs":["http:\/\/www.mundi-roth.de"],"url":"https:\/\/www.mundi-roth.de\/teneriffa-blog\/author\/ir\/"}]}},"_links":{"self":[{"href":"https:\/\/www.mundi-roth.de\/teneriffa-blog\/wp-json\/wp\/v2\/posts\/503","targetHints":{"allow":["GET"]}}],"collection":[{"href":"https:\/\/www.mundi-roth.de\/teneriffa-blog\/wp-json\/wp\/v2\/posts"}],"about":[{"href":"https:\/\/www.mundi-roth.de\/teneriffa-blog\/wp-json\/wp\/v2\/types\/post"}],"author":[{"embeddable":true,"href":"https:\/\/www.mundi-roth.de\/teneriffa-blog\/wp-json\/wp\/v2\/users\/3"}],"replies":[{"embeddable":true,"href":"https:\/\/www.mundi-roth.de\/teneriffa-blog\/wp-json\/wp\/v2\/comments?post=503"}],"version-history":[{"count":0,"href":"https:\/\/www.mundi-roth.de\/teneriffa-blog\/wp-json\/wp\/v2\/posts\/503\/revisions"}],"wp:attachment":[{"href":"https:\/\/www.mundi-roth.de\/teneriffa-blog\/wp-json\/wp\/v2\/media?parent=503"}],"wp:term":[{"taxonomy":"category","embeddable":true,"href":"https:\/\/www.mundi-roth.de\/teneriffa-blog\/wp-json\/wp\/v2\/categories?post=503"},{"taxonomy":"post_tag","embeddable":true,"href":"https:\/\/www.mundi-roth.de\/teneriffa-blog\/wp-json\/wp\/v2\/tags?post=503"}],"curies":[{"name":"wp","href":"https:\/\/api.w.org\/{rel}","templated":true}]}}