{"id":5045,"date":"2016-04-06T22:00:00","date_gmt":"2016-04-06T21:00:00","guid":{"rendered":"http:\/\/www.mundi-roth.de\/teneriffa-blog\/?p=5045"},"modified":"2016-05-19T17:30:57","modified_gmt":"2016-05-19T16:30:57","slug":"rundtour-pista-agua-agria-und-pista-agua-madre","status":"publish","type":"post","link":"https:\/\/www.mundi-roth.de\/teneriffa-blog\/wanderungen\/rundtour-pista-agua-agria-und-pista-agua-madre\/","title":{"rendered":"Rundtour Pista Agua Agria und Pista Agua Madre"},"content":{"rendered":"<p>Heute wollten wir auf den Spuren der Pflaumenbl\u00fcte ab Monta\u00f1eta wandern.<br \/>\nAber: Wir hatten die Planung ohne Absprache mit dem Wettergott gemacht:<br \/>\nF\u00fcr diese Region war Regen angesagt.<br \/>\nUmgeplant: Monta\u00f1a Carrasco ab Ifonche, diese Tour haben uns Bekannte empfohlen.<br \/>\nAber: Die ganze Gegend war zu: Passatwolken.<br \/>\nAlso: Hoch Richtung Ca\u00f1adas in der Hoffnung, dort oben scheint die Sonne, wir m\u00fcssen nur durch die Wolkenschicht durch.<br \/>\nRichtig!<br \/>\nAb Vilaflor Sonne pur, azurblauer Himmel, kein W\u00f6lkchen.<\/p>\n<p><a href=\"http:\/\/www.mundi-roth.de\/teneriffa-blog\/wp-content\/uploads\/2016\/04\/Track01.jpg\" rel=\"lightbox[5045]\" rel=\"attachment wp-att-5046\"><img loading=\"lazy\" decoding=\"async\" class=\"aligncenter size-medium wp-image-5046\" src=\"http:\/\/www.mundi-roth.de\/teneriffa-blog\/wp-content\/uploads\/2016\/04\/Track01-300x232.jpg\" alt=\"Track01\" width=\"300\" height=\"232\" srcset=\"https:\/\/www.mundi-roth.de\/teneriffa-blog\/wp-content\/uploads\/2016\/04\/Track01-300x232.jpg 300w, https:\/\/www.mundi-roth.de\/teneriffa-blog\/wp-content\/uploads\/2016\/04\/Track01-150x116.jpg 150w, https:\/\/www.mundi-roth.de\/teneriffa-blog\/wp-content\/uploads\/2016\/04\/Track01-768x594.jpg 768w, https:\/\/www.mundi-roth.de\/teneriffa-blog\/wp-content\/uploads\/2016\/04\/Track01.jpg 800w\" sizes=\"auto, (max-width: 300px) 100vw, 300px\" \/><\/a>Wanderwegstrecke: 13,86 km in 3 Stunden 40 Minuten, ohne Apfelpause<\/p>\n<p style=\"text-align: center;\"><a href=\"http:\/\/www.mundi-roth.de\/teneriffa-blog\/wp-content\/uploads\/2016\/04\/2016-04-06_8436222_pista-agua-agria-und-pista-agua-madre_export.7z\">GPS-Daten im ZIP-Format<\/a>.<\/p>\n<p>Wir fahren die TF 21 hoch und bei km 64 sehen wir rechts ein Wander- <a href=\"http:\/\/www.mundi-roth.de\/teneriffa-blog\/wp-content\/uploads\/2016\/04\/153ebfd1c78.jpg\" rel=\"lightbox[5045]\" rel=\"attachment wp-att-5048\"><img loading=\"lazy\" decoding=\"async\" class=\"alignright size-thumbnail wp-image-5048\" src=\"http:\/\/www.mundi-roth.de\/teneriffa-blog\/wp-content\/uploads\/2016\/04\/153ebfd1c78-150x112.jpg\" alt=\"153ebfd1c78\" width=\"150\" height=\"112\" srcset=\"https:\/\/www.mundi-roth.de\/teneriffa-blog\/wp-content\/uploads\/2016\/04\/153ebfd1c78-150x112.jpg 150w, https:\/\/www.mundi-roth.de\/teneriffa-blog\/wp-content\/uploads\/2016\/04\/153ebfd1c78-300x224.jpg 300w, https:\/\/www.mundi-roth.de\/teneriffa-blog\/wp-content\/uploads\/2016\/04\/153ebfd1c78-768x574.jpg 768w, https:\/\/www.mundi-roth.de\/teneriffa-blog\/wp-content\/uploads\/2016\/04\/153ebfd1c78.jpg 800w\" sizes=\"auto, (max-width: 150px) 100vw, 150px\" \/><\/a>Hinweisschild: geeignet f\u00fcr Radfahrer, Reiter: BC 5 Ctr.- TF 21 por Agua Agria 13,8 km<br \/>\nWir sind experimentierfreudig und parken in dem Wanderweg oberhalb eines gemauerten Wasserdurchlaufs,an der Stra\u00dfe ist Halteverbot.<br \/>\nUm 10:30 Uhr hei\u00dft es: Los geht\u2019s!<br \/>\n<a href=\"http:\/\/www.mundi-roth.de\/teneriffa-blog\/wp-content\/uploads\/2016\/04\/153ebfe1e48.jpg\" rel=\"lightbox[5045]\" rel=\"attachment wp-att-5049\"><img loading=\"lazy\" decoding=\"async\" class=\"alignleft size-thumbnail wp-image-5049\" src=\"http:\/\/www.mundi-roth.de\/teneriffa-blog\/wp-content\/uploads\/2016\/04\/153ebfe1e48-150x112.jpg\" alt=\"153ebfe1e48\" width=\"150\" height=\"112\" srcset=\"https:\/\/www.mundi-roth.de\/teneriffa-blog\/wp-content\/uploads\/2016\/04\/153ebfe1e48-150x112.jpg 150w, https:\/\/www.mundi-roth.de\/teneriffa-blog\/wp-content\/uploads\/2016\/04\/153ebfe1e48-300x224.jpg 300w, https:\/\/www.mundi-roth.de\/teneriffa-blog\/wp-content\/uploads\/2016\/04\/153ebfe1e48-768x574.jpg 768w, https:\/\/www.mundi-roth.de\/teneriffa-blog\/wp-content\/uploads\/2016\/04\/153ebfe1e48.jpg 800w\" sizes=\"auto, (max-width: 150px) 100vw, 150px\" \/><\/a>Es geht sofort stetig auf einer Forststra\u00dfen\u2013Piste bergauf. Wir gehen im Sonnenschein, allerdings heftigster Wind und sehen zwischen riesigen Kiefern unter uns das Wattemeer aus Wolken. Sch\u00f6n anzusehen, wenn man nicht darin gehen muss.<br \/>\nNach einer halben Stunde Gehzeit erreichen wir eine <a href=\"http:\/\/www.mundi-roth.de\/teneriffa-blog\/wp-content\/uploads\/2016\/04\/P1220835.jpg\" rel=\"lightbox[5045]\" rel=\"attachment wp-att-5050\"><img loading=\"lazy\" decoding=\"async\" class=\"alignright size-thumbnail wp-image-5050\" src=\"http:\/\/www.mundi-roth.de\/teneriffa-blog\/wp-content\/uploads\/2016\/04\/P1220835-150x113.jpg\" alt=\"P1220835\" width=\"150\" height=\"113\" srcset=\"https:\/\/www.mundi-roth.de\/teneriffa-blog\/wp-content\/uploads\/2016\/04\/P1220835-150x113.jpg 150w, https:\/\/www.mundi-roth.de\/teneriffa-blog\/wp-content\/uploads\/2016\/04\/P1220835-300x225.jpg 300w, https:\/\/www.mundi-roth.de\/teneriffa-blog\/wp-content\/uploads\/2016\/04\/P1220835-768x576.jpg 768w, https:\/\/www.mundi-roth.de\/teneriffa-blog\/wp-content\/uploads\/2016\/04\/P1220835.jpg 800w\" sizes=\"auto, (max-width: 150px) 100vw, 150px\" \/><\/a>Galerie. Die Gleise, auf denen der Abraum, der beim Bau der Galerie anfiel, abtransportierte wurde, werden nicht mehr\u00a0 gebraucht und auch die gemauerte Wasserrinne. Daf\u00fcr flie\u00dft das Wasser jetzt weniger romantische durch Plastikrohre.<\/p>\n<p><a href=\"http:\/\/www.mundi-roth.de\/teneriffa-blog\/wp-content\/uploads\/2016\/04\/P1220840.jpg\" rel=\"lightbox[5045]\" rel=\"attachment wp-att-5051\"><img loading=\"lazy\" decoding=\"async\" class=\"alignleft size-thumbnail wp-image-5051\" src=\"http:\/\/www.mundi-roth.de\/teneriffa-blog\/wp-content\/uploads\/2016\/04\/P1220840-150x113.jpg\" alt=\"P1220840\" width=\"150\" height=\"113\" srcset=\"https:\/\/www.mundi-roth.de\/teneriffa-blog\/wp-content\/uploads\/2016\/04\/P1220840-150x113.jpg 150w, https:\/\/www.mundi-roth.de\/teneriffa-blog\/wp-content\/uploads\/2016\/04\/P1220840-300x225.jpg 300w, https:\/\/www.mundi-roth.de\/teneriffa-blog\/wp-content\/uploads\/2016\/04\/P1220840-768x576.jpg 768w, https:\/\/www.mundi-roth.de\/teneriffa-blog\/wp-content\/uploads\/2016\/04\/P1220840.jpg 800w\" sizes=\"auto, (max-width: 150px) 100vw, 150px\" \/><\/a>Der Weg geht mal steiler mal eben durch den lichten Kiefernwald und ein Baumstamm wird durch die Ummauerung zum Kunstobjekt.<\/p>\n<p>Die n\u00e4chste Attraktion ist eine Pflanze im Erbl\u00fchen, sie<a href=\"http:\/\/www.mundi-roth.de\/teneriffa-blog\/wp-content\/uploads\/2016\/04\/P1220843.jpg\" rel=\"lightbox[5045]\" rel=\"attachment wp-att-5052\"><img loading=\"lazy\" decoding=\"async\" class=\"alignright size-thumbnail wp-image-5052\" src=\"http:\/\/www.mundi-roth.de\/teneriffa-blog\/wp-content\/uploads\/2016\/04\/P1220843-80x150.jpg\" alt=\"P1220843\" width=\"80\" height=\"150\" srcset=\"https:\/\/www.mundi-roth.de\/teneriffa-blog\/wp-content\/uploads\/2016\/04\/P1220843-80x150.jpg 80w, https:\/\/www.mundi-roth.de\/teneriffa-blog\/wp-content\/uploads\/2016\/04\/P1220843-161x300.jpg 161w, https:\/\/www.mundi-roth.de\/teneriffa-blog\/wp-content\/uploads\/2016\/04\/P1220843.jpg 429w\" sizes=\"auto, (max-width: 80px) 100vw, 80px\" \/><\/a> ist fr\u00fch dran, denn sie bl\u00fcht eigentlich erst ab Mai: Wildprets Natternkopf, auch Teide-Natternkopf genannt oder in spanisch: Taginaste rojo, orgullo de Tenerife, die die Tinerfe\u00f1os zurecht Orgullo de Tenerife =\u00a0 Stolz Teneriffas nennen.<\/p>\n<p><a href=\"http:\/\/www.mundi-roth.de\/teneriffa-blog\/wp-content\/uploads\/2016\/04\/P1220845.jpg\" rel=\"lightbox[5045]\" rel=\"attachment wp-att-5053\"><img loading=\"lazy\" decoding=\"async\" class=\"alignleft size-thumbnail wp-image-5053\" src=\"http:\/\/www.mundi-roth.de\/teneriffa-blog\/wp-content\/uploads\/2016\/04\/P1220845-150x113.jpg\" alt=\"P1220845\" width=\"150\" height=\"113\" srcset=\"https:\/\/www.mundi-roth.de\/teneriffa-blog\/wp-content\/uploads\/2016\/04\/P1220845-150x113.jpg 150w, https:\/\/www.mundi-roth.de\/teneriffa-blog\/wp-content\/uploads\/2016\/04\/P1220845-300x225.jpg 300w, https:\/\/www.mundi-roth.de\/teneriffa-blog\/wp-content\/uploads\/2016\/04\/P1220845-768x576.jpg 768w, https:\/\/www.mundi-roth.de\/teneriffa-blog\/wp-content\/uploads\/2016\/04\/P1220845.jpg 800w\" sizes=\"auto, (max-width: 150px) 100vw, 150px\" \/><\/a>Immer wieder haben wir den freien Blick auf das Wolkenmeer unter uns! Welche Freude, dass wir in der Sonne wandern k\u00f6nnen. Aber das ist eben Teneriffa!<\/p>\n<p>Eine Stunde Gehzeit und rechts von uns liegt ein sch\u00f6ner Dreschplatz. Links schauen wir auf imposante Felsw\u00e4nde.<\/p>\n<div style=\"clear: both;\"><\/div>\n\n\t\t<style type=\"text\/css\">\n\t\t\t#gallery-1 {\n\t\t\t\tmargin: auto;\n\t\t\t}\n\t\t\t#gallery-1 .gallery-item {\n\t\t\t\tfloat: left;\n\t\t\t\tmargin-top: 10px;\n\t\t\t\ttext-align: center;\n\t\t\t\twidth: 33%;\n\t\t\t}\n\t\t\t#gallery-1 img {\n\t\t\t\tborder: 2px solid #cfcfcf;\n\t\t\t}\n\t\t\t#gallery-1 .gallery-caption {\n\t\t\t\tmargin-left: 0;\n\t\t\t}\n\t\t\t\/* see gallery_shortcode() in wp-includes\/media.php *\/\n\t\t<\/style>\n\t\t<div id='gallery-1' class='gallery galleryid-5045 gallery-columns-3 gallery-size-thumbnail'><dl class='gallery-item'>\n\t\t\t<dt class='gallery-icon landscape'>\n\t\t\t\t<a href='https:\/\/www.mundi-roth.de\/teneriffa-blog\/wp-content\/uploads\/2016\/04\/P1220846.jpg' rel=\"lightbox[5045]\"><img loading=\"lazy\" decoding=\"async\" width=\"150\" height=\"113\" src=\"https:\/\/www.mundi-roth.de\/teneriffa-blog\/wp-content\/uploads\/2016\/04\/P1220846-150x113.jpg\" class=\"attachment-thumbnail size-thumbnail\" alt=\"\" srcset=\"https:\/\/www.mundi-roth.de\/teneriffa-blog\/wp-content\/uploads\/2016\/04\/P1220846-150x113.jpg 150w, https:\/\/www.mundi-roth.de\/teneriffa-blog\/wp-content\/uploads\/2016\/04\/P1220846-300x225.jpg 300w, https:\/\/www.mundi-roth.de\/teneriffa-blog\/wp-content\/uploads\/2016\/04\/P1220846-768x576.jpg 768w, https:\/\/www.mundi-roth.de\/teneriffa-blog\/wp-content\/uploads\/2016\/04\/P1220846.jpg 800w\" sizes=\"auto, (max-width: 150px) 100vw, 150px\" \/><\/a>\n\t\t\t<\/dt><\/dl><dl class='gallery-item'>\n\t\t\t<dt class='gallery-icon landscape'>\n\t\t\t\t<a href='https:\/\/www.mundi-roth.de\/teneriffa-blog\/wp-content\/uploads\/2016\/04\/P1220847.jpg' rel=\"lightbox[5045]\"><img loading=\"lazy\" decoding=\"async\" width=\"150\" height=\"82\" src=\"https:\/\/www.mundi-roth.de\/teneriffa-blog\/wp-content\/uploads\/2016\/04\/P1220847-150x82.jpg\" class=\"attachment-thumbnail size-thumbnail\" alt=\"\" srcset=\"https:\/\/www.mundi-roth.de\/teneriffa-blog\/wp-content\/uploads\/2016\/04\/P1220847-150x82.jpg 150w, https:\/\/www.mundi-roth.de\/teneriffa-blog\/wp-content\/uploads\/2016\/04\/P1220847-300x164.jpg 300w, https:\/\/www.mundi-roth.de\/teneriffa-blog\/wp-content\/uploads\/2016\/04\/P1220847-768x420.jpg 768w, https:\/\/www.mundi-roth.de\/teneriffa-blog\/wp-content\/uploads\/2016\/04\/P1220847.jpg 800w\" sizes=\"auto, (max-width: 150px) 100vw, 150px\" \/><\/a>\n\t\t\t<\/dt><\/dl><dl class='gallery-item'>\n\t\t\t<dt class='gallery-icon landscape'>\n\t\t\t\t<a href='https:\/\/www.mundi-roth.de\/teneriffa-blog\/wp-content\/uploads\/2016\/04\/P1220852.jpg' rel=\"lightbox[5045]\"><img loading=\"lazy\" decoding=\"async\" width=\"150\" height=\"95\" src=\"https:\/\/www.mundi-roth.de\/teneriffa-blog\/wp-content\/uploads\/2016\/04\/P1220852-150x95.jpg\" class=\"attachment-thumbnail size-thumbnail\" alt=\"\" srcset=\"https:\/\/www.mundi-roth.de\/teneriffa-blog\/wp-content\/uploads\/2016\/04\/P1220852-150x95.jpg 150w, https:\/\/www.mundi-roth.de\/teneriffa-blog\/wp-content\/uploads\/2016\/04\/P1220852-300x191.jpg 300w, https:\/\/www.mundi-roth.de\/teneriffa-blog\/wp-content\/uploads\/2016\/04\/P1220852-768x488.jpg 768w, https:\/\/www.mundi-roth.de\/teneriffa-blog\/wp-content\/uploads\/2016\/04\/P1220852.jpg 800w\" sizes=\"auto, (max-width: 150px) 100vw, 150px\" \/><\/a>\n\t\t\t<\/dt><\/dl><br style=\"clear: both\" \/>\n\t\t<\/div>\n\n<p>Statt des Gelbs der G\u00e4nsedisteln erfreuen wir uns heute an den hohen Stauden<a href=\"http:\/\/www.mundi-roth.de\/teneriffa-blog\/wp-content\/uploads\/2016\/04\/P1220853.jpg\" rel=\"lightbox[5045]\" rel=\"attachment wp-att-5057\"><img loading=\"lazy\" decoding=\"async\" class=\"alignright size-thumbnail wp-image-5057\" src=\"http:\/\/www.mundi-roth.de\/teneriffa-blog\/wp-content\/uploads\/2016\/04\/P1220853-150x144.jpg\" alt=\"P1220853\" width=\"150\" height=\"144\" srcset=\"https:\/\/www.mundi-roth.de\/teneriffa-blog\/wp-content\/uploads\/2016\/04\/P1220853-150x144.jpg 150w, https:\/\/www.mundi-roth.de\/teneriffa-blog\/wp-content\/uploads\/2016\/04\/P1220853-300x287.jpg 300w, https:\/\/www.mundi-roth.de\/teneriffa-blog\/wp-content\/uploads\/2016\/04\/P1220853-768x735.jpg 768w, https:\/\/www.mundi-roth.de\/teneriffa-blog\/wp-content\/uploads\/2016\/04\/P1220853.jpg 800w\" sizes=\"auto, (max-width: 150px) 100vw, 150px\" \/><\/a> des Rutenkrauts, ein Kanaren-Endemit. Wir m\u00fcssen immer erst ein Bl\u00e4ttchen probieren, um festzustellen, ob es sich nicht vielleicht doch um Fenchel handelt, so \u00e4hnliche sehen sich die Pflanzen.<\/p>\n<p>Langweilig wird uns nicht: Sind es nicht die Ausblicke oder Blumen, so wandern wir nun durch ein Lavafeld mit bizarren Vulkanbrocken und einigen H\u00f6hlen.<\/p>\n<div style=\"clear: both;\"><\/div>\n\n\t\t<style type=\"text\/css\">\n\t\t\t#gallery-2 {\n\t\t\t\tmargin: auto;\n\t\t\t}\n\t\t\t#gallery-2 .gallery-item {\n\t\t\t\tfloat: left;\n\t\t\t\tmargin-top: 10px;\n\t\t\t\ttext-align: center;\n\t\t\t\twidth: 50%;\n\t\t\t}\n\t\t\t#gallery-2 img {\n\t\t\t\tborder: 2px solid #cfcfcf;\n\t\t\t}\n\t\t\t#gallery-2 .gallery-caption {\n\t\t\t\tmargin-left: 0;\n\t\t\t}\n\t\t\t\/* see gallery_shortcode() in wp-includes\/media.php *\/\n\t\t<\/style>\n\t\t<div id='gallery-2' class='gallery galleryid-5045 gallery-columns-2 gallery-size-thumbnail'><dl class='gallery-item'>\n\t\t\t<dt class='gallery-icon landscape'>\n\t\t\t\t<a href='https:\/\/www.mundi-roth.de\/teneriffa-blog\/wp-content\/uploads\/2016\/04\/P1220860.jpg' rel=\"lightbox[5045]\"><img loading=\"lazy\" decoding=\"async\" width=\"150\" height=\"98\" src=\"https:\/\/www.mundi-roth.de\/teneriffa-blog\/wp-content\/uploads\/2016\/04\/P1220860-150x98.jpg\" class=\"attachment-thumbnail size-thumbnail\" alt=\"\" srcset=\"https:\/\/www.mundi-roth.de\/teneriffa-blog\/wp-content\/uploads\/2016\/04\/P1220860-150x98.jpg 150w, https:\/\/www.mundi-roth.de\/teneriffa-blog\/wp-content\/uploads\/2016\/04\/P1220860-300x196.jpg 300w, https:\/\/www.mundi-roth.de\/teneriffa-blog\/wp-content\/uploads\/2016\/04\/P1220860-768x501.jpg 768w, https:\/\/www.mundi-roth.de\/teneriffa-blog\/wp-content\/uploads\/2016\/04\/P1220860.jpg 800w\" sizes=\"auto, (max-width: 150px) 100vw, 150px\" \/><\/a>\n\t\t\t<\/dt><\/dl><dl class='gallery-item'>\n\t\t\t<dt class='gallery-icon landscape'>\n\t\t\t\t<a href='https:\/\/www.mundi-roth.de\/teneriffa-blog\/wp-content\/uploads\/2016\/04\/P1220859.jpg' rel=\"lightbox[5045]\"><img loading=\"lazy\" decoding=\"async\" width=\"150\" height=\"113\" src=\"https:\/\/www.mundi-roth.de\/teneriffa-blog\/wp-content\/uploads\/2016\/04\/P1220859-150x113.jpg\" class=\"attachment-thumbnail size-thumbnail\" alt=\"\" srcset=\"https:\/\/www.mundi-roth.de\/teneriffa-blog\/wp-content\/uploads\/2016\/04\/P1220859-150x113.jpg 150w, https:\/\/www.mundi-roth.de\/teneriffa-blog\/wp-content\/uploads\/2016\/04\/P1220859-300x225.jpg 300w, https:\/\/www.mundi-roth.de\/teneriffa-blog\/wp-content\/uploads\/2016\/04\/P1220859-768x576.jpg 768w, https:\/\/www.mundi-roth.de\/teneriffa-blog\/wp-content\/uploads\/2016\/04\/P1220859.jpg 800w\" sizes=\"auto, (max-width: 150px) 100vw, 150px\" \/><\/a>\n\t\t\t<\/dt><\/dl><br style=\"clear: both\" \/>\n\t\t<\/div>\n\n<p>Ziemlich genau nach 2 Stunden Gehzeit sehen wir auf einen gro\u00dfen Bereich, der landwirtschaftlich genutzt wird. <a href=\"http:\/\/www.mundi-roth.de\/teneriffa-blog\/wp-content\/uploads\/2016\/04\/P1220862.jpg\" rel=\"lightbox[5045]\" rel=\"attachment wp-att-5060\"><img loading=\"lazy\" decoding=\"async\" class=\"alignright size-thumbnail wp-image-5060\" src=\"http:\/\/www.mundi-roth.de\/teneriffa-blog\/wp-content\/uploads\/2016\/04\/P1220862-150x113.jpg\" alt=\"P1220862\" width=\"150\" height=\"113\" srcset=\"https:\/\/www.mundi-roth.de\/teneriffa-blog\/wp-content\/uploads\/2016\/04\/P1220862-150x113.jpg 150w, https:\/\/www.mundi-roth.de\/teneriffa-blog\/wp-content\/uploads\/2016\/04\/P1220862-300x225.jpg 300w, https:\/\/www.mundi-roth.de\/teneriffa-blog\/wp-content\/uploads\/2016\/04\/P1220862-768x576.jpg 768w, https:\/\/www.mundi-roth.de\/teneriffa-blog\/wp-content\/uploads\/2016\/04\/P1220862.jpg 800w\" sizes=\"auto, (max-width: 150px) 100vw, 150px\" \/><\/a><br \/>\nDa macht es bei uns \u201eklick\u201c: Wir sind genau da, wo von links oben der Weg von der Paisaje lunar herunterkommt.<\/p>\n<p>Waren wir bisher mutterseelenalleine, lediglich zwei Radfahrer begegneten uns, damit ist es jetzt vorbei. Ganze Heerscharen str\u00f6men Richtung Paisaje Lunar, auch Los Escurriales genannt.<\/p>\n<p>Von nun an sind wir auf der sicheren Seite, hier kennen wir uns aus, waren wir ja erst am Dezember 2015 mit Freunden hier.<br \/>\nAls wir an das \u201eT\u00e4felchen Nr. 5\u201c kommen, wissen wir, dass es sich um einen Jahrhundertbaum handelt. Er ist einer der \u00e4ltesten \u00dcberlebenden einer Zeitepoche, die den Lebewesen des Kanarischen Kiefernwaldes ganz und gar nicht g\u00fcnstig war.<br \/>\n<a href=\"http:\/\/www.mundi-roth.de\/teneriffa-blog\/wp-content\/uploads\/2016\/04\/P1220866.jpg\" rel=\"lightbox[5045]\" rel=\"attachment wp-att-5061\"><img loading=\"lazy\" decoding=\"async\" class=\"alignleft size-thumbnail wp-image-5061\" src=\"http:\/\/www.mundi-roth.de\/teneriffa-blog\/wp-content\/uploads\/2016\/04\/P1220866-150x113.jpg\" alt=\"P1220866\" width=\"150\" height=\"113\" srcset=\"https:\/\/www.mundi-roth.de\/teneriffa-blog\/wp-content\/uploads\/2016\/04\/P1220866-150x113.jpg 150w, https:\/\/www.mundi-roth.de\/teneriffa-blog\/wp-content\/uploads\/2016\/04\/P1220866-300x225.jpg 300w, https:\/\/www.mundi-roth.de\/teneriffa-blog\/wp-content\/uploads\/2016\/04\/P1220866-768x576.jpg 768w, https:\/\/www.mundi-roth.de\/teneriffa-blog\/wp-content\/uploads\/2016\/04\/P1220866.jpg 800w\" sizes=\"auto, (max-width: 150px) 100vw, 150px\" \/><\/a>Die Weisheit habe ich aus einer Brosch\u00fcre, die das Cabildo Insular de Tenerife herausgegeben hat.<br \/>\nSeit unserem letzten Besuch hier hat man aber noch zwei Hocker installiert.<\/p>\n<p>Kurz vor 1 Uhr gelangen wir auf die Forststra\u00dfe Madre de Agua und wir wissen, dass wir nun\u00a0 ca. 1 Stunde die schon oft begangene Strecke durchwandern m\u00fcssen bis wir zur TF 21 gelangen.<br \/>\nHa, wir haben es heute in 50 Minuten geschafft, sind wohl z\u00fcgiger ausgeschritten.<br \/>\nTotzdem haben wir noch die Zeit gehabt, einen vor der Bl\u00fcte stehenden Teide-Natternkopf und ein Wasserbecken, das wir vorher noch nie gesehen haben, zu bemerken. Auch gepflegte landwirtschafltiche Fl\u00e4chen finden wir beachtenswert.<\/p>\n\n\t\t<style type=\"text\/css\">\n\t\t\t#gallery-3 {\n\t\t\t\tmargin: auto;\n\t\t\t}\n\t\t\t#gallery-3 .gallery-item {\n\t\t\t\tfloat: left;\n\t\t\t\tmargin-top: 10px;\n\t\t\t\ttext-align: center;\n\t\t\t\twidth: 33%;\n\t\t\t}\n\t\t\t#gallery-3 img {\n\t\t\t\tborder: 2px solid #cfcfcf;\n\t\t\t}\n\t\t\t#gallery-3 .gallery-caption {\n\t\t\t\tmargin-left: 0;\n\t\t\t}\n\t\t\t\/* see gallery_shortcode() in wp-includes\/media.php *\/\n\t\t<\/style>\n\t\t<div id='gallery-3' class='gallery galleryid-5045 gallery-columns-3 gallery-size-thumbnail'><dl class='gallery-item'>\n\t\t\t<dt class='gallery-icon portrait'>\n\t\t\t\t<a href='https:\/\/www.mundi-roth.de\/teneriffa-blog\/wp-content\/uploads\/2016\/04\/P1220872.jpg' rel=\"lightbox[5045]\"><img loading=\"lazy\" decoding=\"async\" width=\"113\" height=\"150\" src=\"https:\/\/www.mundi-roth.de\/teneriffa-blog\/wp-content\/uploads\/2016\/04\/P1220872-113x150.jpg\" class=\"attachment-thumbnail size-thumbnail\" alt=\"\" srcset=\"https:\/\/www.mundi-roth.de\/teneriffa-blog\/wp-content\/uploads\/2016\/04\/P1220872-113x150.jpg 113w, https:\/\/www.mundi-roth.de\/teneriffa-blog\/wp-content\/uploads\/2016\/04\/P1220872-227x300.jpg 227w, https:\/\/www.mundi-roth.de\/teneriffa-blog\/wp-content\/uploads\/2016\/04\/P1220872.jpg 453w\" sizes=\"auto, (max-width: 113px) 100vw, 113px\" \/><\/a>\n\t\t\t<\/dt><\/dl><dl class='gallery-item'>\n\t\t\t<dt class='gallery-icon landscape'>\n\t\t\t\t<a href='https:\/\/www.mundi-roth.de\/teneriffa-blog\/wp-content\/uploads\/2016\/04\/P1220873.jpg' rel=\"lightbox[5045]\"><img loading=\"lazy\" decoding=\"async\" width=\"150\" height=\"113\" src=\"https:\/\/www.mundi-roth.de\/teneriffa-blog\/wp-content\/uploads\/2016\/04\/P1220873-150x113.jpg\" class=\"attachment-thumbnail size-thumbnail\" alt=\"\" srcset=\"https:\/\/www.mundi-roth.de\/teneriffa-blog\/wp-content\/uploads\/2016\/04\/P1220873-150x113.jpg 150w, https:\/\/www.mundi-roth.de\/teneriffa-blog\/wp-content\/uploads\/2016\/04\/P1220873-300x225.jpg 300w, https:\/\/www.mundi-roth.de\/teneriffa-blog\/wp-content\/uploads\/2016\/04\/P1220873-768x576.jpg 768w, https:\/\/www.mundi-roth.de\/teneriffa-blog\/wp-content\/uploads\/2016\/04\/P1220873.jpg 800w\" sizes=\"auto, (max-width: 150px) 100vw, 150px\" \/><\/a>\n\t\t\t<\/dt><\/dl><dl class='gallery-item'>\n\t\t\t<dt class='gallery-icon landscape'>\n\t\t\t\t<a href='https:\/\/www.mundi-roth.de\/teneriffa-blog\/wp-content\/uploads\/2016\/04\/P1220874.jpg' rel=\"lightbox[5045]\"><img loading=\"lazy\" decoding=\"async\" width=\"150\" height=\"113\" src=\"https:\/\/www.mundi-roth.de\/teneriffa-blog\/wp-content\/uploads\/2016\/04\/P1220874-150x113.jpg\" class=\"attachment-thumbnail size-thumbnail\" alt=\"\" srcset=\"https:\/\/www.mundi-roth.de\/teneriffa-blog\/wp-content\/uploads\/2016\/04\/P1220874-150x113.jpg 150w, https:\/\/www.mundi-roth.de\/teneriffa-blog\/wp-content\/uploads\/2016\/04\/P1220874-300x225.jpg 300w, https:\/\/www.mundi-roth.de\/teneriffa-blog\/wp-content\/uploads\/2016\/04\/P1220874-768x576.jpg 768w, https:\/\/www.mundi-roth.de\/teneriffa-blog\/wp-content\/uploads\/2016\/04\/P1220874.jpg 800w\" sizes=\"auto, (max-width: 150px) 100vw, 150px\" \/><\/a>\n\t\t\t<\/dt><\/dl><br style=\"clear: both\" \/>\n\t\t<\/div>\n\n<p>An der TF21, die zu den Ca\u00f1adas f\u00fchrt, steht wieder ein Wegweiser:<\/p>\n<p>BC 5 Ctra. 21 13,8 km Madre de Agua.<\/p>\n<p>Also sind wir im Uhrzeigersinn gegangen. Nun bleibt uns nur noch die unangenehme Strecke auf der TF 21 bis zum Auto hochzugehen.<br \/>\nGibt Sch\u00f6neres, jedoch wir haben noch Gl\u00fcck, jetzt in der Mittagszeit sind wohl schon die meisten Autos oben in den Ca\u00f1adas und die noch hoch fahren, haben es so eilig, dass sie unser Autostopp-Winken entweder missverstehen und freundlich zur\u00fcckwinken oder durchbrausen.<br \/>\nAber: Wir haben es auch so geschafft und freuen uns, dass uns so unverhofft eine sch\u00f6ne Tour gelungen ist.<\/p>\n","protected":false},"excerpt":{"rendered":"<p>Heute wollten wir auf den Spuren der Pflaumenbl\u00fcte ab Monta\u00f1eta wandern. Aber: Wir hatten die Planung ohne Absprache mit dem Wettergott gemacht: F\u00fcr diese Region war Regen angesagt. Umgeplant: Monta\u00f1a Carrasco ab Ifonche, diese Tour haben uns Bekannte empfohlen. Aber: Die ganze Gegend war zu: Passatwolken. Also: Hoch Richtung Ca\u00f1adas in der Hoffnung, dort oben [&hellip;]<\/p>\n","protected":false},"author":4,"featured_media":5151,"comment_status":"open","ping_status":"open","sticky":false,"template":"","format":"standard","meta":{"footnotes":""},"categories":[777,6],"tags":[149,919,920,67,439,446,866],"class_list":["post-5045","post","type-post","status-publish","format-standard","has-post-thumbnail","hentry","category-santiago-del-teide","category-wanderungen","tag-paisaje-lunar","tag-pista-agua-agria","tag-pista-agua-madre","tag-santiago-del-teide","tag-teneriffa-wandern","tag-wandern-teneriffa","tag-wanderurlaub-teneriffa"],"yoast_head":"<!-- This site is optimized with the Yoast SEO plugin v27.5 - https:\/\/yoast.com\/product\/yoast-seo-wordpress\/ -->\n<title>Rundtour Pista Agua Agria und Pista Agua Madre - Teneriffa Wandern<\/title>\n<meta name=\"robots\" content=\"index, follow, max-snippet:-1, max-image-preview:large, max-video-preview:-1\" \/>\n<link rel=\"canonical\" href=\"https:\/\/www.mundi-roth.de\/teneriffa-blog\/wanderungen\/rundtour-pista-agua-agria-und-pista-agua-madre\/\" \/>\n<meta name=\"twitter:label1\" content=\"Verfasst von\" \/>\n\t<meta name=\"twitter:data1\" content=\"mundi\" \/>\n\t<meta name=\"twitter:label2\" content=\"Gesch\u00e4tzte Lesezeit\" \/>\n\t<meta name=\"twitter:data2\" content=\"4\u00a0Minuten\" \/>\n<script type=\"application\/ld+json\" class=\"yoast-schema-graph\">{\"@context\":\"https:\\\/\\\/schema.org\",\"@graph\":[{\"@type\":\"Article\",\"@id\":\"https:\\\/\\\/www.mundi-roth.de\\\/teneriffa-blog\\\/wanderungen\\\/rundtour-pista-agua-agria-und-pista-agua-madre\\\/#article\",\"isPartOf\":{\"@id\":\"https:\\\/\\\/www.mundi-roth.de\\\/teneriffa-blog\\\/wanderungen\\\/rundtour-pista-agua-agria-und-pista-agua-madre\\\/\"},\"author\":{\"name\":\"mundi\",\"@id\":\"https:\\\/\\\/www.mundi-roth.de\\\/teneriffa-blog\\\/#\\\/schema\\\/person\\\/971c66b55f3ae5e8741553688c413cac\"},\"headline\":\"Rundtour Pista Agua Agria und Pista Agua Madre\",\"datePublished\":\"2016-04-06T21:00:00+00:00\",\"dateModified\":\"2016-05-19T16:30:57+00:00\",\"mainEntityOfPage\":{\"@id\":\"https:\\\/\\\/www.mundi-roth.de\\\/teneriffa-blog\\\/wanderungen\\\/rundtour-pista-agua-agria-und-pista-agua-madre\\\/\"},\"wordCount\":764,\"commentCount\":1,\"image\":{\"@id\":\"https:\\\/\\\/www.mundi-roth.de\\\/teneriffa-blog\\\/wanderungen\\\/rundtour-pista-agua-agria-und-pista-agua-madre\\\/#primaryimage\"},\"thumbnailUrl\":\"https:\\\/\\\/www.mundi-roth.de\\\/teneriffa-blog\\\/wp-content\\\/uploads\\\/2016\\\/04\\\/153ebfe1e48-1.jpg\",\"keywords\":[\"Paisaje Lunar\",\"Pista Agua Agria\",\"Pista Agua Madre\",\"Santiago del Teide\",\"Teneriffa Wandern\",\"Wandern Teneriffa\",\"Wanderurlaub Teneriffa\"],\"articleSection\":[\"Santiago del Teide\",\"Wanderungen\"],\"inLanguage\":\"de\",\"potentialAction\":[{\"@type\":\"CommentAction\",\"name\":\"Comment\",\"target\":[\"https:\\\/\\\/www.mundi-roth.de\\\/teneriffa-blog\\\/wanderungen\\\/rundtour-pista-agua-agria-und-pista-agua-madre\\\/#respond\"]}]},{\"@type\":\"WebPage\",\"@id\":\"https:\\\/\\\/www.mundi-roth.de\\\/teneriffa-blog\\\/wanderungen\\\/rundtour-pista-agua-agria-und-pista-agua-madre\\\/\",\"url\":\"https:\\\/\\\/www.mundi-roth.de\\\/teneriffa-blog\\\/wanderungen\\\/rundtour-pista-agua-agria-und-pista-agua-madre\\\/\",\"name\":\"Rundtour Pista Agua Agria und Pista Agua Madre - Teneriffa Wandern\",\"isPartOf\":{\"@id\":\"https:\\\/\\\/www.mundi-roth.de\\\/teneriffa-blog\\\/#website\"},\"primaryImageOfPage\":{\"@id\":\"https:\\\/\\\/www.mundi-roth.de\\\/teneriffa-blog\\\/wanderungen\\\/rundtour-pista-agua-agria-und-pista-agua-madre\\\/#primaryimage\"},\"image\":{\"@id\":\"https:\\\/\\\/www.mundi-roth.de\\\/teneriffa-blog\\\/wanderungen\\\/rundtour-pista-agua-agria-und-pista-agua-madre\\\/#primaryimage\"},\"thumbnailUrl\":\"https:\\\/\\\/www.mundi-roth.de\\\/teneriffa-blog\\\/wp-content\\\/uploads\\\/2016\\\/04\\\/153ebfe1e48-1.jpg\",\"datePublished\":\"2016-04-06T21:00:00+00:00\",\"dateModified\":\"2016-05-19T16:30:57+00:00\",\"author\":{\"@id\":\"https:\\\/\\\/www.mundi-roth.de\\\/teneriffa-blog\\\/#\\\/schema\\\/person\\\/971c66b55f3ae5e8741553688c413cac\"},\"breadcrumb\":{\"@id\":\"https:\\\/\\\/www.mundi-roth.de\\\/teneriffa-blog\\\/wanderungen\\\/rundtour-pista-agua-agria-und-pista-agua-madre\\\/#breadcrumb\"},\"inLanguage\":\"de\",\"potentialAction\":[{\"@type\":\"ReadAction\",\"target\":[\"https:\\\/\\\/www.mundi-roth.de\\\/teneriffa-blog\\\/wanderungen\\\/rundtour-pista-agua-agria-und-pista-agua-madre\\\/\"]}]},{\"@type\":\"ImageObject\",\"inLanguage\":\"de\",\"@id\":\"https:\\\/\\\/www.mundi-roth.de\\\/teneriffa-blog\\\/wanderungen\\\/rundtour-pista-agua-agria-und-pista-agua-madre\\\/#primaryimage\",\"url\":\"https:\\\/\\\/www.mundi-roth.de\\\/teneriffa-blog\\\/wp-content\\\/uploads\\\/2016\\\/04\\\/153ebfe1e48-1.jpg\",\"contentUrl\":\"https:\\\/\\\/www.mundi-roth.de\\\/teneriffa-blog\\\/wp-content\\\/uploads\\\/2016\\\/04\\\/153ebfe1e48-1.jpg\",\"width\":270,\"height\":202,\"caption\":\"20160406\"},{\"@type\":\"BreadcrumbList\",\"@id\":\"https:\\\/\\\/www.mundi-roth.de\\\/teneriffa-blog\\\/wanderungen\\\/rundtour-pista-agua-agria-und-pista-agua-madre\\\/#breadcrumb\",\"itemListElement\":[{\"@type\":\"ListItem\",\"position\":1,\"name\":\"Startseite\",\"item\":\"https:\\\/\\\/www.mundi-roth.de\\\/teneriffa-blog\\\/\"},{\"@type\":\"ListItem\",\"position\":2,\"name\":\"Rundtour Pista Agua Agria und Pista Agua Madre\"}]},{\"@type\":\"WebSite\",\"@id\":\"https:\\\/\\\/www.mundi-roth.de\\\/teneriffa-blog\\\/#website\",\"url\":\"https:\\\/\\\/www.mundi-roth.de\\\/teneriffa-blog\\\/\",\"name\":\"Teneriffa Wandern\",\"description\":\"Nicht nur Wanderungen auf Teneriffa...\",\"potentialAction\":[{\"@type\":\"SearchAction\",\"target\":{\"@type\":\"EntryPoint\",\"urlTemplate\":\"https:\\\/\\\/www.mundi-roth.de\\\/teneriffa-blog\\\/?s={search_term_string}\"},\"query-input\":{\"@type\":\"PropertyValueSpecification\",\"valueRequired\":true,\"valueName\":\"search_term_string\"}}],\"inLanguage\":\"de\"},{\"@type\":\"Person\",\"@id\":\"https:\\\/\\\/www.mundi-roth.de\\\/teneriffa-blog\\\/#\\\/schema\\\/person\\\/971c66b55f3ae5e8741553688c413cac\",\"name\":\"mundi\",\"image\":{\"@type\":\"ImageObject\",\"inLanguage\":\"de\",\"@id\":\"https:\\\/\\\/secure.gravatar.com\\\/avatar\\\/555f0dd85428f1a9330f8e5dbe9e40ff9ca912bb81e5a89747ebf3ca9c20dc0f?s=96&d=mm&r=g\",\"url\":\"https:\\\/\\\/secure.gravatar.com\\\/avatar\\\/555f0dd85428f1a9330f8e5dbe9e40ff9ca912bb81e5a89747ebf3ca9c20dc0f?s=96&d=mm&r=g\",\"contentUrl\":\"https:\\\/\\\/secure.gravatar.com\\\/avatar\\\/555f0dd85428f1a9330f8e5dbe9e40ff9ca912bb81e5a89747ebf3ca9c20dc0f?s=96&d=mm&r=g\",\"caption\":\"mundi\"},\"sameAs\":[\"http:\\\/\\\/mundi-roth.de\"],\"url\":\"https:\\\/\\\/www.mundi-roth.de\\\/teneriffa-blog\\\/author\\\/mundi\\\/\"}]}<\/script>\n<!-- \/ Yoast SEO plugin. -->","yoast_head_json":{"title":"Rundtour Pista Agua Agria und Pista Agua Madre - Teneriffa Wandern","robots":{"index":"index","follow":"follow","max-snippet":"max-snippet:-1","max-image-preview":"max-image-preview:large","max-video-preview":"max-video-preview:-1"},"canonical":"https:\/\/www.mundi-roth.de\/teneriffa-blog\/wanderungen\/rundtour-pista-agua-agria-und-pista-agua-madre\/","twitter_misc":{"Verfasst von":"mundi","Gesch\u00e4tzte Lesezeit":"4\u00a0Minuten"},"schema":{"@context":"https:\/\/schema.org","@graph":[{"@type":"Article","@id":"https:\/\/www.mundi-roth.de\/teneriffa-blog\/wanderungen\/rundtour-pista-agua-agria-und-pista-agua-madre\/#article","isPartOf":{"@id":"https:\/\/www.mundi-roth.de\/teneriffa-blog\/wanderungen\/rundtour-pista-agua-agria-und-pista-agua-madre\/"},"author":{"name":"mundi","@id":"https:\/\/www.mundi-roth.de\/teneriffa-blog\/#\/schema\/person\/971c66b55f3ae5e8741553688c413cac"},"headline":"Rundtour Pista Agua Agria und Pista Agua Madre","datePublished":"2016-04-06T21:00:00+00:00","dateModified":"2016-05-19T16:30:57+00:00","mainEntityOfPage":{"@id":"https:\/\/www.mundi-roth.de\/teneriffa-blog\/wanderungen\/rundtour-pista-agua-agria-und-pista-agua-madre\/"},"wordCount":764,"commentCount":1,"image":{"@id":"https:\/\/www.mundi-roth.de\/teneriffa-blog\/wanderungen\/rundtour-pista-agua-agria-und-pista-agua-madre\/#primaryimage"},"thumbnailUrl":"https:\/\/www.mundi-roth.de\/teneriffa-blog\/wp-content\/uploads\/2016\/04\/153ebfe1e48-1.jpg","keywords":["Paisaje Lunar","Pista Agua Agria","Pista Agua Madre","Santiago del Teide","Teneriffa Wandern","Wandern Teneriffa","Wanderurlaub Teneriffa"],"articleSection":["Santiago del Teide","Wanderungen"],"inLanguage":"de","potentialAction":[{"@type":"CommentAction","name":"Comment","target":["https:\/\/www.mundi-roth.de\/teneriffa-blog\/wanderungen\/rundtour-pista-agua-agria-und-pista-agua-madre\/#respond"]}]},{"@type":"WebPage","@id":"https:\/\/www.mundi-roth.de\/teneriffa-blog\/wanderungen\/rundtour-pista-agua-agria-und-pista-agua-madre\/","url":"https:\/\/www.mundi-roth.de\/teneriffa-blog\/wanderungen\/rundtour-pista-agua-agria-und-pista-agua-madre\/","name":"Rundtour Pista Agua Agria und Pista Agua Madre - Teneriffa Wandern","isPartOf":{"@id":"https:\/\/www.mundi-roth.de\/teneriffa-blog\/#website"},"primaryImageOfPage":{"@id":"https:\/\/www.mundi-roth.de\/teneriffa-blog\/wanderungen\/rundtour-pista-agua-agria-und-pista-agua-madre\/#primaryimage"},"image":{"@id":"https:\/\/www.mundi-roth.de\/teneriffa-blog\/wanderungen\/rundtour-pista-agua-agria-und-pista-agua-madre\/#primaryimage"},"thumbnailUrl":"https:\/\/www.mundi-roth.de\/teneriffa-blog\/wp-content\/uploads\/2016\/04\/153ebfe1e48-1.jpg","datePublished":"2016-04-06T21:00:00+00:00","dateModified":"2016-05-19T16:30:57+00:00","author":{"@id":"https:\/\/www.mundi-roth.de\/teneriffa-blog\/#\/schema\/person\/971c66b55f3ae5e8741553688c413cac"},"breadcrumb":{"@id":"https:\/\/www.mundi-roth.de\/teneriffa-blog\/wanderungen\/rundtour-pista-agua-agria-und-pista-agua-madre\/#breadcrumb"},"inLanguage":"de","potentialAction":[{"@type":"ReadAction","target":["https:\/\/www.mundi-roth.de\/teneriffa-blog\/wanderungen\/rundtour-pista-agua-agria-und-pista-agua-madre\/"]}]},{"@type":"ImageObject","inLanguage":"de","@id":"https:\/\/www.mundi-roth.de\/teneriffa-blog\/wanderungen\/rundtour-pista-agua-agria-und-pista-agua-madre\/#primaryimage","url":"https:\/\/www.mundi-roth.de\/teneriffa-blog\/wp-content\/uploads\/2016\/04\/153ebfe1e48-1.jpg","contentUrl":"https:\/\/www.mundi-roth.de\/teneriffa-blog\/wp-content\/uploads\/2016\/04\/153ebfe1e48-1.jpg","width":270,"height":202,"caption":"20160406"},{"@type":"BreadcrumbList","@id":"https:\/\/www.mundi-roth.de\/teneriffa-blog\/wanderungen\/rundtour-pista-agua-agria-und-pista-agua-madre\/#breadcrumb","itemListElement":[{"@type":"ListItem","position":1,"name":"Startseite","item":"https:\/\/www.mundi-roth.de\/teneriffa-blog\/"},{"@type":"ListItem","position":2,"name":"Rundtour Pista Agua Agria und Pista Agua Madre"}]},{"@type":"WebSite","@id":"https:\/\/www.mundi-roth.de\/teneriffa-blog\/#website","url":"https:\/\/www.mundi-roth.de\/teneriffa-blog\/","name":"Teneriffa Wandern","description":"Nicht nur Wanderungen auf Teneriffa...","potentialAction":[{"@type":"SearchAction","target":{"@type":"EntryPoint","urlTemplate":"https:\/\/www.mundi-roth.de\/teneriffa-blog\/?s={search_term_string}"},"query-input":{"@type":"PropertyValueSpecification","valueRequired":true,"valueName":"search_term_string"}}],"inLanguage":"de"},{"@type":"Person","@id":"https:\/\/www.mundi-roth.de\/teneriffa-blog\/#\/schema\/person\/971c66b55f3ae5e8741553688c413cac","name":"mundi","image":{"@type":"ImageObject","inLanguage":"de","@id":"https:\/\/secure.gravatar.com\/avatar\/555f0dd85428f1a9330f8e5dbe9e40ff9ca912bb81e5a89747ebf3ca9c20dc0f?s=96&d=mm&r=g","url":"https:\/\/secure.gravatar.com\/avatar\/555f0dd85428f1a9330f8e5dbe9e40ff9ca912bb81e5a89747ebf3ca9c20dc0f?s=96&d=mm&r=g","contentUrl":"https:\/\/secure.gravatar.com\/avatar\/555f0dd85428f1a9330f8e5dbe9e40ff9ca912bb81e5a89747ebf3ca9c20dc0f?s=96&d=mm&r=g","caption":"mundi"},"sameAs":["http:\/\/mundi-roth.de"],"url":"https:\/\/www.mundi-roth.de\/teneriffa-blog\/author\/mundi\/"}]}},"_links":{"self":[{"href":"https:\/\/www.mundi-roth.de\/teneriffa-blog\/wp-json\/wp\/v2\/posts\/5045","targetHints":{"allow":["GET"]}}],"collection":[{"href":"https:\/\/www.mundi-roth.de\/teneriffa-blog\/wp-json\/wp\/v2\/posts"}],"about":[{"href":"https:\/\/www.mundi-roth.de\/teneriffa-blog\/wp-json\/wp\/v2\/types\/post"}],"author":[{"embeddable":true,"href":"https:\/\/www.mundi-roth.de\/teneriffa-blog\/wp-json\/wp\/v2\/users\/4"}],"replies":[{"embeddable":true,"href":"https:\/\/www.mundi-roth.de\/teneriffa-blog\/wp-json\/wp\/v2\/comments?post=5045"}],"version-history":[{"count":0,"href":"https:\/\/www.mundi-roth.de\/teneriffa-blog\/wp-json\/wp\/v2\/posts\/5045\/revisions"}],"wp:featuredmedia":[{"embeddable":true,"href":"https:\/\/www.mundi-roth.de\/teneriffa-blog\/wp-json\/wp\/v2\/media\/5151"}],"wp:attachment":[{"href":"https:\/\/www.mundi-roth.de\/teneriffa-blog\/wp-json\/wp\/v2\/media?parent=5045"}],"wp:term":[{"taxonomy":"category","embeddable":true,"href":"https:\/\/www.mundi-roth.de\/teneriffa-blog\/wp-json\/wp\/v2\/categories?post=5045"},{"taxonomy":"post_tag","embeddable":true,"href":"https:\/\/www.mundi-roth.de\/teneriffa-blog\/wp-json\/wp\/v2\/tags?post=5045"}],"curies":[{"name":"wp","href":"https:\/\/api.w.org\/{rel}","templated":true}]}}