{"id":5070,"date":"2016-04-14T22:00:50","date_gmt":"2016-04-14T21:00:50","guid":{"rendered":"http:\/\/www.mundi-roth.de\/teneriffa-blog\/?p=5070"},"modified":"2016-05-19T17:27:47","modified_gmt":"2016-05-19T16:27:47","slug":"las-lajas-casas-de-teresme","status":"publish","type":"post","link":"https:\/\/www.mundi-roth.de\/teneriffa-blog\/wanderungen\/las-lajas-casas-de-teresme\/","title":{"rendered":"Las Lajas &#8211;  Casas de Teresme &#8211; Ifonche"},"content":{"rendered":"<p>Von Las Lajas nach Ifonche, diese Tour wollten wir heute in Begleitung von Elisabeths Schwester Janni gehen.<\/p>\n<p>Sind wir auch gegangen, jedoch ganz anders als wir sie kannten, denn:<br \/>\nWir sind ja wissbegierig und als wir in Las Lajas um 10:15 Uhr aussteigen \u2013 der freundliche Busfahrer der TITSA-Linie 342 hielt dort f\u00fcr uns &#8211;\u00a0 sahen wir eine Infotafel und stellten fest:<br \/>\nEs gibt eine neue Tour.<br \/>\nAlso, keine Frage, es stand f\u00fcr uns fest: Die probieren wir aus.<\/p>\n<p style=\"text-align: center;\"><a href=\"http:\/\/www.mundi-roth.de\/teneriffa-blog\/wp-content\/uploads\/2016\/04\/Track01-1.jpg\" rel=\"lightbox[5070]\"><img loading=\"lazy\" decoding=\"async\" class=\"aligncenter size-medium wp-image-5071\" src=\"http:\/\/www.mundi-roth.de\/teneriffa-blog\/wp-content\/uploads\/2016\/04\/Track01-1-300x206.jpg\" alt=\"Track01\" width=\"300\" height=\"206\" srcset=\"https:\/\/www.mundi-roth.de\/teneriffa-blog\/wp-content\/uploads\/2016\/04\/Track01-1-300x206.jpg 300w, https:\/\/www.mundi-roth.de\/teneriffa-blog\/wp-content\/uploads\/2016\/04\/Track01-1-150x103.jpg 150w, https:\/\/www.mundi-roth.de\/teneriffa-blog\/wp-content\/uploads\/2016\/04\/Track01-1-768x526.jpg 768w, https:\/\/www.mundi-roth.de\/teneriffa-blog\/wp-content\/uploads\/2016\/04\/Track01-1.jpg 800w\" sizes=\"auto, (max-width: 300px) 100vw, 300px\" \/><\/a><br \/>\nWanderwegstrecke: 17,82 km \u2013 5 Stunden 50 Minuten incl. 15 Minuten Apfelpause, 150 m rauf und 1.220 m runter<\/p>\n<p style=\"text-align: center;\">Die GPS-Daten <a href=\"http:\/\/www.mundi-roth.de\/teneriffa-blog\/wp-content\/uploads\/2016\/04\/2016-04-14_export.7z\">hier als Zip-Datei<\/a>.<\/p>\n<p>Wir sind wohl \u201eGl\u00fcckskinder\u201c strahlender Sonnenschein, azurblauer Himmel und nur ein leichter kalter Wind.<\/p>\n<p>Die Wanderung ist ausgeschildert als\u00a0 PR-TF 71\u00a0 Camino Teresme \u2013 PR-TF 712 Camino de Ifonche und durchg\u00e4ngig gut mit wei\u00df-gelben Balken gekennzeichnet.<\/p>\n<p>Den ersten Teil auf einer breiten, sandigen Forststra\u00dfe Richtung Monta\u00f1a Colorada\u00a0\u00a0 kennen wir. Da holten wir uns vor Jahren Hunger, bevor wir mit der gro\u00dfen Wandergruppe in Las Lajas grillten.<\/p>\n<p>Heute, sofort nach Verlassen des schon gut besuchten Grillplatzes, begr\u00fc\u00dft uns ein Feld mit lilabl\u00fchendem Teidelack, kurz darauf haben wir bereits die Insel La Gomera im Blick. Wir wandern abw\u00e4rts durch den lichten Kiefernwald. Die St\u00e4mme sind noch immer kohlrabenschwarz vom letzten verheerenden Brand, jedoch fast alle B\u00e4ume haben wieder ausgetrieben. Dazwischen stehen gelegentlich noch schwarze St\u00fcmpfe als Mahnmal.<\/p>\n\n\t\t<style type=\"text\/css\">\n\t\t\t#gallery-1 {\n\t\t\t\tmargin: auto;\n\t\t\t}\n\t\t\t#gallery-1 .gallery-item {\n\t\t\t\tfloat: left;\n\t\t\t\tmargin-top: 10px;\n\t\t\t\ttext-align: center;\n\t\t\t\twidth: 50%;\n\t\t\t}\n\t\t\t#gallery-1 img {\n\t\t\t\tborder: 2px solid #cfcfcf;\n\t\t\t}\n\t\t\t#gallery-1 .gallery-caption {\n\t\t\t\tmargin-left: 0;\n\t\t\t}\n\t\t\t\/* see gallery_shortcode() in wp-includes\/media.php *\/\n\t\t<\/style>\n\t\t<div id='gallery-1' class='gallery galleryid-5070 gallery-columns-2 gallery-size-thumbnail'><dl class='gallery-item'>\n\t\t\t<dt class='gallery-icon landscape'>\n\t\t\t\t<a href='https:\/\/www.mundi-roth.de\/teneriffa-blog\/wp-content\/uploads\/2016\/04\/P1220905.jpg' rel=\"lightbox[5070]\"><img loading=\"lazy\" decoding=\"async\" width=\"150\" height=\"113\" src=\"https:\/\/www.mundi-roth.de\/teneriffa-blog\/wp-content\/uploads\/2016\/04\/P1220905-150x113.jpg\" class=\"attachment-thumbnail size-thumbnail\" alt=\"\" srcset=\"https:\/\/www.mundi-roth.de\/teneriffa-blog\/wp-content\/uploads\/2016\/04\/P1220905-150x113.jpg 150w, https:\/\/www.mundi-roth.de\/teneriffa-blog\/wp-content\/uploads\/2016\/04\/P1220905-300x225.jpg 300w, https:\/\/www.mundi-roth.de\/teneriffa-blog\/wp-content\/uploads\/2016\/04\/P1220905-768x576.jpg 768w, https:\/\/www.mundi-roth.de\/teneriffa-blog\/wp-content\/uploads\/2016\/04\/P1220905.jpg 800w\" sizes=\"auto, (max-width: 150px) 100vw, 150px\" \/><\/a>\n\t\t\t<\/dt><\/dl><dl class='gallery-item'>\n\t\t\t<dt class='gallery-icon landscape'>\n\t\t\t\t<a href='https:\/\/www.mundi-roth.de\/teneriffa-blog\/wp-content\/uploads\/2016\/04\/P1220907.jpg' rel=\"lightbox[5070]\"><img loading=\"lazy\" decoding=\"async\" width=\"150\" height=\"113\" src=\"https:\/\/www.mundi-roth.de\/teneriffa-blog\/wp-content\/uploads\/2016\/04\/P1220907-150x113.jpg\" class=\"attachment-thumbnail size-thumbnail\" alt=\"\" srcset=\"https:\/\/www.mundi-roth.de\/teneriffa-blog\/wp-content\/uploads\/2016\/04\/P1220907-150x113.jpg 150w, https:\/\/www.mundi-roth.de\/teneriffa-blog\/wp-content\/uploads\/2016\/04\/P1220907-300x225.jpg 300w, https:\/\/www.mundi-roth.de\/teneriffa-blog\/wp-content\/uploads\/2016\/04\/P1220907-768x576.jpg 768w, https:\/\/www.mundi-roth.de\/teneriffa-blog\/wp-content\/uploads\/2016\/04\/P1220907.jpg 800w\" sizes=\"auto, (max-width: 150px) 100vw, 150px\" \/><\/a>\n\t\t\t<\/dt><\/dl><br style=\"clear: both\" \/><dl class='gallery-item'>\n\t\t\t<dt class='gallery-icon landscape'>\n\t\t\t\t<a href='https:\/\/www.mundi-roth.de\/teneriffa-blog\/wp-content\/uploads\/2016\/04\/P1220909.jpg' rel=\"lightbox[5070]\"><img loading=\"lazy\" decoding=\"async\" width=\"150\" height=\"113\" src=\"https:\/\/www.mundi-roth.de\/teneriffa-blog\/wp-content\/uploads\/2016\/04\/P1220909-150x113.jpg\" class=\"attachment-thumbnail size-thumbnail\" alt=\"\" srcset=\"https:\/\/www.mundi-roth.de\/teneriffa-blog\/wp-content\/uploads\/2016\/04\/P1220909-150x113.jpg 150w, https:\/\/www.mundi-roth.de\/teneriffa-blog\/wp-content\/uploads\/2016\/04\/P1220909-300x225.jpg 300w, https:\/\/www.mundi-roth.de\/teneriffa-blog\/wp-content\/uploads\/2016\/04\/P1220909-768x576.jpg 768w, https:\/\/www.mundi-roth.de\/teneriffa-blog\/wp-content\/uploads\/2016\/04\/P1220909.jpg 800w\" sizes=\"auto, (max-width: 150px) 100vw, 150px\" \/><\/a>\n\t\t\t<\/dt><\/dl><dl class='gallery-item'>\n\t\t\t<dt class='gallery-icon portrait'>\n\t\t\t\t<a href='https:\/\/www.mundi-roth.de\/teneriffa-blog\/wp-content\/uploads\/2016\/04\/P1220927.jpg' rel=\"lightbox[5070]\"><img loading=\"lazy\" decoding=\"async\" width=\"111\" height=\"150\" src=\"https:\/\/www.mundi-roth.de\/teneriffa-blog\/wp-content\/uploads\/2016\/04\/P1220927-111x150.jpg\" class=\"attachment-thumbnail size-thumbnail\" alt=\"\" srcset=\"https:\/\/www.mundi-roth.de\/teneriffa-blog\/wp-content\/uploads\/2016\/04\/P1220927-111x150.jpg 111w, https:\/\/www.mundi-roth.de\/teneriffa-blog\/wp-content\/uploads\/2016\/04\/P1220927-222x300.jpg 222w, https:\/\/www.mundi-roth.de\/teneriffa-blog\/wp-content\/uploads\/2016\/04\/P1220927.jpg 592w\" sizes=\"auto, (max-width: 111px) 100vw, 111px\" \/><\/a>\n\t\t\t<\/dt><\/dl><br style=\"clear: both\" \/>\n\t\t<\/div>\n\n<p>Hier gibt es eine solche Anzahl von vulkanischen Bomben, wie wir sie sonst noch nicht zu Gesicht bekamen. (Auszug aus Wikipedia: Eine\u00a0vulkanische Bombe\u00a0(fr\u00fcher: Ausw\u00fcrfling) ist ein bei\u00a0 einem\u00a0Vulkanausbruch\u00a0ballistisch herausgeschleuderter\u00a0Pyroklast, mit einem Durchmesser von mehr als\u00a064 mm)<\/p>\n\n\t\t<style type=\"text\/css\">\n\t\t\t#gallery-2 {\n\t\t\t\tmargin: auto;\n\t\t\t}\n\t\t\t#gallery-2 .gallery-item {\n\t\t\t\tfloat: left;\n\t\t\t\tmargin-top: 10px;\n\t\t\t\ttext-align: center;\n\t\t\t\twidth: 50%;\n\t\t\t}\n\t\t\t#gallery-2 img {\n\t\t\t\tborder: 2px solid #cfcfcf;\n\t\t\t}\n\t\t\t#gallery-2 .gallery-caption {\n\t\t\t\tmargin-left: 0;\n\t\t\t}\n\t\t\t\/* see gallery_shortcode() in wp-includes\/media.php *\/\n\t\t<\/style>\n\t\t<div id='gallery-2' class='gallery galleryid-5070 gallery-columns-2 gallery-size-thumbnail'><dl class='gallery-item'>\n\t\t\t<dt class='gallery-icon landscape'>\n\t\t\t\t<a href='https:\/\/www.mundi-roth.de\/teneriffa-blog\/wp-content\/uploads\/2016\/04\/P1220910.jpg' rel=\"lightbox[5070]\"><img loading=\"lazy\" decoding=\"async\" width=\"150\" height=\"113\" src=\"https:\/\/www.mundi-roth.de\/teneriffa-blog\/wp-content\/uploads\/2016\/04\/P1220910-150x113.jpg\" class=\"attachment-thumbnail size-thumbnail\" alt=\"\" srcset=\"https:\/\/www.mundi-roth.de\/teneriffa-blog\/wp-content\/uploads\/2016\/04\/P1220910-150x113.jpg 150w, https:\/\/www.mundi-roth.de\/teneriffa-blog\/wp-content\/uploads\/2016\/04\/P1220910-300x225.jpg 300w, https:\/\/www.mundi-roth.de\/teneriffa-blog\/wp-content\/uploads\/2016\/04\/P1220910-768x576.jpg 768w, https:\/\/www.mundi-roth.de\/teneriffa-blog\/wp-content\/uploads\/2016\/04\/P1220910.jpg 800w\" sizes=\"auto, (max-width: 150px) 100vw, 150px\" \/><\/a>\n\t\t\t<\/dt><\/dl><dl class='gallery-item'>\n\t\t\t<dt class='gallery-icon landscape'>\n\t\t\t\t<a href='https:\/\/www.mundi-roth.de\/teneriffa-blog\/wp-content\/uploads\/2016\/04\/P1220911.jpg' rel=\"lightbox[5070]\"><img loading=\"lazy\" decoding=\"async\" width=\"150\" height=\"113\" src=\"https:\/\/www.mundi-roth.de\/teneriffa-blog\/wp-content\/uploads\/2016\/04\/P1220911-150x113.jpg\" class=\"attachment-thumbnail size-thumbnail\" alt=\"\" srcset=\"https:\/\/www.mundi-roth.de\/teneriffa-blog\/wp-content\/uploads\/2016\/04\/P1220911-150x113.jpg 150w, https:\/\/www.mundi-roth.de\/teneriffa-blog\/wp-content\/uploads\/2016\/04\/P1220911-300x225.jpg 300w, https:\/\/www.mundi-roth.de\/teneriffa-blog\/wp-content\/uploads\/2016\/04\/P1220911-768x576.jpg 768w, https:\/\/www.mundi-roth.de\/teneriffa-blog\/wp-content\/uploads\/2016\/04\/P1220911.jpg 800w\" sizes=\"auto, (max-width: 150px) 100vw, 150px\" \/><\/a>\n\t\t\t<\/dt><\/dl><br style=\"clear: both\" \/>\n\t\t<\/div>\n\n<p>Wir k\u00f6nnen rasch ausschreiten und schon nach gut einer halben Stunde haben<a href=\"http:\/\/www.mundi-roth.de\/teneriffa-blog\/wp-content\/uploads\/2016\/04\/P1220919.jpg\" rel=\"lightbox[5070]\"><img loading=\"lazy\" decoding=\"async\" class=\"alignright size-thumbnail wp-image-5078\" src=\"http:\/\/www.mundi-roth.de\/teneriffa-blog\/wp-content\/uploads\/2016\/04\/P1220919-150x113.jpg\" alt=\"P1220919\" width=\"150\" height=\"113\" srcset=\"https:\/\/www.mundi-roth.de\/teneriffa-blog\/wp-content\/uploads\/2016\/04\/P1220919-150x113.jpg 150w, https:\/\/www.mundi-roth.de\/teneriffa-blog\/wp-content\/uploads\/2016\/04\/P1220919-300x225.jpg 300w, https:\/\/www.mundi-roth.de\/teneriffa-blog\/wp-content\/uploads\/2016\/04\/P1220919-768x576.jpg 768w, https:\/\/www.mundi-roth.de\/teneriffa-blog\/wp-content\/uploads\/2016\/04\/P1220919.jpg 800w\" sizes=\"auto, (max-width: 150px) 100vw, 150px\" \/><\/a> wir die r\u00f6tlich schimmernde Monta\u00f1a Colorada vor uns.<br \/>\nNach 50 Minuten Gehzeit erreichen wir einen Wegweiser \u201eAdeje 15,1 km \u2013 Casasa Teresme 6,7 km und nun verlassen wir die Piste\u00a0 und schwenken auf einen schmalen Pfad ein, so wie wir es lieben.<br \/>\nGanz offensichtlich haben wir das Gebiet der \u201eBomben\u201c verlassen, daf\u00fcr gibt es in diesem Wegabschnitt andere Felsformationen.<\/p>\n<div style=\"clear: both;\"><\/div>\n\n\t\t<style type=\"text\/css\">\n\t\t\t#gallery-3 {\n\t\t\t\tmargin: auto;\n\t\t\t}\n\t\t\t#gallery-3 .gallery-item {\n\t\t\t\tfloat: left;\n\t\t\t\tmargin-top: 10px;\n\t\t\t\ttext-align: center;\n\t\t\t\twidth: 50%;\n\t\t\t}\n\t\t\t#gallery-3 img {\n\t\t\t\tborder: 2px solid #cfcfcf;\n\t\t\t}\n\t\t\t#gallery-3 .gallery-caption {\n\t\t\t\tmargin-left: 0;\n\t\t\t}\n\t\t\t\/* see gallery_shortcode() in wp-includes\/media.php *\/\n\t\t<\/style>\n\t\t<div id='gallery-3' class='gallery galleryid-5070 gallery-columns-2 gallery-size-thumbnail'><dl class='gallery-item'>\n\t\t\t<dt class='gallery-icon landscape'>\n\t\t\t\t<a href='https:\/\/www.mundi-roth.de\/teneriffa-blog\/wp-content\/uploads\/2016\/04\/P1220922.jpg' rel=\"lightbox[5070]\"><img loading=\"lazy\" decoding=\"async\" width=\"150\" height=\"113\" src=\"https:\/\/www.mundi-roth.de\/teneriffa-blog\/wp-content\/uploads\/2016\/04\/P1220922-150x113.jpg\" class=\"attachment-thumbnail size-thumbnail\" alt=\"\" srcset=\"https:\/\/www.mundi-roth.de\/teneriffa-blog\/wp-content\/uploads\/2016\/04\/P1220922-150x113.jpg 150w, https:\/\/www.mundi-roth.de\/teneriffa-blog\/wp-content\/uploads\/2016\/04\/P1220922-300x225.jpg 300w, https:\/\/www.mundi-roth.de\/teneriffa-blog\/wp-content\/uploads\/2016\/04\/P1220922-768x576.jpg 768w, https:\/\/www.mundi-roth.de\/teneriffa-blog\/wp-content\/uploads\/2016\/04\/P1220922.jpg 800w\" sizes=\"auto, (max-width: 150px) 100vw, 150px\" \/><\/a>\n\t\t\t<\/dt><\/dl><dl class='gallery-item'>\n\t\t\t<dt class='gallery-icon landscape'>\n\t\t\t\t<a href='https:\/\/www.mundi-roth.de\/teneriffa-blog\/wp-content\/uploads\/2016\/04\/P1220933.jpg' rel=\"lightbox[5070]\"><img loading=\"lazy\" decoding=\"async\" width=\"150\" height=\"113\" src=\"https:\/\/www.mundi-roth.de\/teneriffa-blog\/wp-content\/uploads\/2016\/04\/P1220933-150x113.jpg\" class=\"attachment-thumbnail size-thumbnail\" alt=\"\" srcset=\"https:\/\/www.mundi-roth.de\/teneriffa-blog\/wp-content\/uploads\/2016\/04\/P1220933-150x113.jpg 150w, https:\/\/www.mundi-roth.de\/teneriffa-blog\/wp-content\/uploads\/2016\/04\/P1220933-300x225.jpg 300w, https:\/\/www.mundi-roth.de\/teneriffa-blog\/wp-content\/uploads\/2016\/04\/P1220933-768x576.jpg 768w, https:\/\/www.mundi-roth.de\/teneriffa-blog\/wp-content\/uploads\/2016\/04\/P1220933.jpg 800w\" sizes=\"auto, (max-width: 150px) 100vw, 150px\" \/><\/a>\n\t\t\t<\/dt><\/dl><br style=\"clear: both\" \/>\n\t\t<\/div>\n\n<p><a href=\"http:\/\/www.mundi-roth.de\/teneriffa-blog\/wp-content\/uploads\/2016\/04\/P1220932.jpg\" rel=\"lightbox[5070]\"><img loading=\"lazy\" decoding=\"async\" class=\"alignleft size-thumbnail wp-image-5081\" src=\"http:\/\/www.mundi-roth.de\/teneriffa-blog\/wp-content\/uploads\/2016\/04\/P1220932-150x105.jpg\" alt=\"P1220932\" width=\"150\" height=\"105\" srcset=\"https:\/\/www.mundi-roth.de\/teneriffa-blog\/wp-content\/uploads\/2016\/04\/P1220932-150x105.jpg 150w, https:\/\/www.mundi-roth.de\/teneriffa-blog\/wp-content\/uploads\/2016\/04\/P1220932-300x210.jpg 300w, https:\/\/www.mundi-roth.de\/teneriffa-blog\/wp-content\/uploads\/2016\/04\/P1220932-768x538.jpg 768w, https:\/\/www.mundi-roth.de\/teneriffa-blog\/wp-content\/uploads\/2016\/04\/P1220932.jpg 800w\" sizes=\"auto, (max-width: 150px) 100vw, 150px\" \/><\/a>Langweilig wird uns nicht: Monta\u00f1a Colorada im Blick, rechts davon die Insel La Gomera und\u00a0 kurz darauf die Insel La Palma ganz malerisch von dicken wei\u00dfen Wolken unterlegt.<\/p>\n<p>Um 11:45 Uhr erreichen wir den n\u00e4chsten Hinweis, 4,5<a href=\"http:\/\/www.mundi-roth.de\/teneriffa-blog\/wp-content\/uploads\/2016\/04\/P1220935.jpg\" rel=\"lightbox[5070]\"><img loading=\"lazy\" decoding=\"async\" class=\"alignright size-thumbnail wp-image-5082\" src=\"http:\/\/www.mundi-roth.de\/teneriffa-blog\/wp-content\/uploads\/2016\/04\/P1220935-150x113.jpg\" alt=\"P1220935\" width=\"150\" height=\"113\" srcset=\"https:\/\/www.mundi-roth.de\/teneriffa-blog\/wp-content\/uploads\/2016\/04\/P1220935-150x113.jpg 150w, https:\/\/www.mundi-roth.de\/teneriffa-blog\/wp-content\/uploads\/2016\/04\/P1220935-300x225.jpg 300w, https:\/\/www.mundi-roth.de\/teneriffa-blog\/wp-content\/uploads\/2016\/04\/P1220935-768x576.jpg 768w, https:\/\/www.mundi-roth.de\/teneriffa-blog\/wp-content\/uploads\/2016\/04\/P1220935.jpg 800w\" sizes=\"auto, (max-width: 150px) 100vw, 150px\" \/><\/a> km haben wir bis jetzt zur\u00fcckgelegt und nur f\u00fcnf Minuten sp\u00e4ter sind wir am Fu\u00df des roten Berges und wandern an ihm entlang. Ein Blick zur\u00fcck und wir sehen den dominanten Sombrero.<\/p>\n<p>Wir sind begeistert: Die Tour bietet soviel Abwechslung in der Landschaft, bei\u00a0 den Ausblicken:\u00a0 die Berge unter uns: Conde, Roque Imoque und Los Brezos. Von der Monta\u00f1a Roja bei El M\u00e9dano sehen wir die K\u00fcste entlang bis zum Hotelkomplex Abama. Wir haben den Eindruck, dass sogar manche Abschnitte der schwarzen Mondlandschaft gleichen.<\/p>\n\n\t\t<style type=\"text\/css\">\n\t\t\t#gallery-4 {\n\t\t\t\tmargin: auto;\n\t\t\t}\n\t\t\t#gallery-4 .gallery-item {\n\t\t\t\tfloat: left;\n\t\t\t\tmargin-top: 10px;\n\t\t\t\ttext-align: center;\n\t\t\t\twidth: 50%;\n\t\t\t}\n\t\t\t#gallery-4 img {\n\t\t\t\tborder: 2px solid #cfcfcf;\n\t\t\t}\n\t\t\t#gallery-4 .gallery-caption {\n\t\t\t\tmargin-left: 0;\n\t\t\t}\n\t\t\t\/* see gallery_shortcode() in wp-includes\/media.php *\/\n\t\t<\/style>\n\t\t<div id='gallery-4' class='gallery galleryid-5070 gallery-columns-2 gallery-size-thumbnail'><dl class='gallery-item'>\n\t\t\t<dt class='gallery-icon landscape'>\n\t\t\t\t<a href='https:\/\/www.mundi-roth.de\/teneriffa-blog\/wp-content\/uploads\/2016\/04\/P1220940.jpg' rel=\"lightbox[5070]\"><img loading=\"lazy\" decoding=\"async\" width=\"150\" height=\"113\" src=\"https:\/\/www.mundi-roth.de\/teneriffa-blog\/wp-content\/uploads\/2016\/04\/P1220940-150x113.jpg\" class=\"attachment-thumbnail size-thumbnail\" alt=\"\" srcset=\"https:\/\/www.mundi-roth.de\/teneriffa-blog\/wp-content\/uploads\/2016\/04\/P1220940-150x113.jpg 150w, https:\/\/www.mundi-roth.de\/teneriffa-blog\/wp-content\/uploads\/2016\/04\/P1220940-300x225.jpg 300w, https:\/\/www.mundi-roth.de\/teneriffa-blog\/wp-content\/uploads\/2016\/04\/P1220940-768x576.jpg 768w, https:\/\/www.mundi-roth.de\/teneriffa-blog\/wp-content\/uploads\/2016\/04\/P1220940.jpg 800w\" sizes=\"auto, (max-width: 150px) 100vw, 150px\" \/><\/a>\n\t\t\t<\/dt><\/dl><dl class='gallery-item'>\n\t\t\t<dt class='gallery-icon portrait'>\n\t\t\t\t<a href='https:\/\/www.mundi-roth.de\/teneriffa-blog\/wp-content\/uploads\/2016\/04\/P1220940a.jpg' rel=\"lightbox[5070]\"><img loading=\"lazy\" decoding=\"async\" width=\"107\" height=\"150\" src=\"https:\/\/www.mundi-roth.de\/teneriffa-blog\/wp-content\/uploads\/2016\/04\/P1220940a-107x150.jpg\" class=\"attachment-thumbnail size-thumbnail\" alt=\"\" srcset=\"https:\/\/www.mundi-roth.de\/teneriffa-blog\/wp-content\/uploads\/2016\/04\/P1220940a-107x150.jpg 107w, https:\/\/www.mundi-roth.de\/teneriffa-blog\/wp-content\/uploads\/2016\/04\/P1220940a-215x300.jpg 215w, https:\/\/www.mundi-roth.de\/teneriffa-blog\/wp-content\/uploads\/2016\/04\/P1220940a.jpg 572w\" sizes=\"auto, (max-width: 107px) 100vw, 107px\" \/><\/a>\n\t\t\t<\/dt><\/dl><br style=\"clear: both\" \/>\n\t\t<\/div>\n\n<p>Und nun durchwandern wir ein wundersch\u00f6nes Gebiet: Die H\u00e4nge rauf und runter sind \u00fcberzogen mit den dicken Puschen des gelbbl\u00fchenden Hornklees, der wie ein Teppich unter den Kiefern liegt. Dazwischen hin und wieder zartlila die B\u00fcsche der Teide-Katzenminze.\u00a0 Zauberhaft!<\/p>\n\n\t\t<style type=\"text\/css\">\n\t\t\t#gallery-5 {\n\t\t\t\tmargin: auto;\n\t\t\t}\n\t\t\t#gallery-5 .gallery-item {\n\t\t\t\tfloat: left;\n\t\t\t\tmargin-top: 10px;\n\t\t\t\ttext-align: center;\n\t\t\t\twidth: 50%;\n\t\t\t}\n\t\t\t#gallery-5 img {\n\t\t\t\tborder: 2px solid #cfcfcf;\n\t\t\t}\n\t\t\t#gallery-5 .gallery-caption {\n\t\t\t\tmargin-left: 0;\n\t\t\t}\n\t\t\t\/* see gallery_shortcode() in wp-includes\/media.php *\/\n\t\t<\/style>\n\t\t<div id='gallery-5' class='gallery galleryid-5070 gallery-columns-2 gallery-size-thumbnail'><dl class='gallery-item'>\n\t\t\t<dt class='gallery-icon landscape'>\n\t\t\t\t<a href='https:\/\/www.mundi-roth.de\/teneriffa-blog\/wp-content\/uploads\/2016\/04\/P1220949.jpg' rel=\"lightbox[5070]\"><img loading=\"lazy\" decoding=\"async\" width=\"150\" height=\"113\" src=\"https:\/\/www.mundi-roth.de\/teneriffa-blog\/wp-content\/uploads\/2016\/04\/P1220949-150x113.jpg\" class=\"attachment-thumbnail size-thumbnail\" alt=\"\" srcset=\"https:\/\/www.mundi-roth.de\/teneriffa-blog\/wp-content\/uploads\/2016\/04\/P1220949-150x113.jpg 150w, https:\/\/www.mundi-roth.de\/teneriffa-blog\/wp-content\/uploads\/2016\/04\/P1220949-300x225.jpg 300w, https:\/\/www.mundi-roth.de\/teneriffa-blog\/wp-content\/uploads\/2016\/04\/P1220949-768x576.jpg 768w, https:\/\/www.mundi-roth.de\/teneriffa-blog\/wp-content\/uploads\/2016\/04\/P1220949.jpg 800w\" sizes=\"auto, (max-width: 150px) 100vw, 150px\" \/><\/a>\n\t\t\t<\/dt><\/dl><dl class='gallery-item'>\n\t\t\t<dt class='gallery-icon landscape'>\n\t\t\t\t<a href='https:\/\/www.mundi-roth.de\/teneriffa-blog\/wp-content\/uploads\/2016\/04\/P1220953.jpg' rel=\"lightbox[5070]\"><img loading=\"lazy\" decoding=\"async\" width=\"150\" height=\"113\" src=\"https:\/\/www.mundi-roth.de\/teneriffa-blog\/wp-content\/uploads\/2016\/04\/P1220953-150x113.jpg\" class=\"attachment-thumbnail size-thumbnail\" alt=\"\" srcset=\"https:\/\/www.mundi-roth.de\/teneriffa-blog\/wp-content\/uploads\/2016\/04\/P1220953-150x113.jpg 150w, https:\/\/www.mundi-roth.de\/teneriffa-blog\/wp-content\/uploads\/2016\/04\/P1220953-300x225.jpg 300w, https:\/\/www.mundi-roth.de\/teneriffa-blog\/wp-content\/uploads\/2016\/04\/P1220953-768x576.jpg 768w, https:\/\/www.mundi-roth.de\/teneriffa-blog\/wp-content\/uploads\/2016\/04\/P1220953.jpg 800w\" sizes=\"auto, (max-width: 150px) 100vw, 150px\" \/><\/a>\n\t\t\t<\/dt><\/dl><br style=\"clear: both\" \/><dl class='gallery-item'>\n\t\t\t<dt class='gallery-icon landscape'>\n\t\t\t\t<a href='https:\/\/www.mundi-roth.de\/teneriffa-blog\/wp-content\/uploads\/2016\/04\/P1220954.jpg' rel=\"lightbox[5070]\"><img loading=\"lazy\" decoding=\"async\" width=\"150\" height=\"113\" src=\"https:\/\/www.mundi-roth.de\/teneriffa-blog\/wp-content\/uploads\/2016\/04\/P1220954-150x113.jpg\" class=\"attachment-thumbnail size-thumbnail\" alt=\"\" srcset=\"https:\/\/www.mundi-roth.de\/teneriffa-blog\/wp-content\/uploads\/2016\/04\/P1220954-150x113.jpg 150w, https:\/\/www.mundi-roth.de\/teneriffa-blog\/wp-content\/uploads\/2016\/04\/P1220954-300x225.jpg 300w, https:\/\/www.mundi-roth.de\/teneriffa-blog\/wp-content\/uploads\/2016\/04\/P1220954-768x576.jpg 768w, https:\/\/www.mundi-roth.de\/teneriffa-blog\/wp-content\/uploads\/2016\/04\/P1220954.jpg 800w\" sizes=\"auto, (max-width: 150px) 100vw, 150px\" \/><\/a>\n\t\t\t<\/dt><\/dl><dl class='gallery-item'>\n\t\t\t<dt class='gallery-icon landscape'>\n\t\t\t\t<a href='https:\/\/www.mundi-roth.de\/teneriffa-blog\/wp-content\/uploads\/2016\/04\/P1220952.jpg' rel=\"lightbox[5070]\"><img loading=\"lazy\" decoding=\"async\" width=\"150\" height=\"113\" src=\"https:\/\/www.mundi-roth.de\/teneriffa-blog\/wp-content\/uploads\/2016\/04\/P1220952-150x113.jpg\" class=\"attachment-thumbnail size-thumbnail\" alt=\"\" srcset=\"https:\/\/www.mundi-roth.de\/teneriffa-blog\/wp-content\/uploads\/2016\/04\/P1220952-150x113.jpg 150w, https:\/\/www.mundi-roth.de\/teneriffa-blog\/wp-content\/uploads\/2016\/04\/P1220952-300x225.jpg 300w, https:\/\/www.mundi-roth.de\/teneriffa-blog\/wp-content\/uploads\/2016\/04\/P1220952-768x576.jpg 768w, https:\/\/www.mundi-roth.de\/teneriffa-blog\/wp-content\/uploads\/2016\/04\/P1220952.jpg 800w\" sizes=\"auto, (max-width: 150px) 100vw, 150px\" \/><\/a>\n\t\t\t<\/dt><\/dl><br style=\"clear: both\" \/>\n\t\t<\/div>\n\n<p>\u00dcber uns kreist in diesem blauen Himmel ein gro\u00dfer Vogel. Ein Milan? Wir sind leider alle Drei keine Vogelkenner.<\/p>\n<p>In der n\u00e4chsten Wegbiegung schauen wir auf die Inseln La Gomera und La Palma. Wir haben sie gleichzeitig im Blick! Das haben wir auch noch nicht gesehen.<br \/>\n<a href=\"http:\/\/www.mundi-roth.de\/teneriffa-blog\/wp-content\/uploads\/2016\/04\/P1220960.jpg\" rel=\"lightbox[5070]\"><img loading=\"lazy\" decoding=\"async\" class=\"aligncenter size-medium wp-image-5089\" src=\"http:\/\/www.mundi-roth.de\/teneriffa-blog\/wp-content\/uploads\/2016\/04\/P1220960-300x225.jpg\" alt=\"P1220960\" width=\"300\" height=\"225\" srcset=\"https:\/\/www.mundi-roth.de\/teneriffa-blog\/wp-content\/uploads\/2016\/04\/P1220960-300x225.jpg 300w, https:\/\/www.mundi-roth.de\/teneriffa-blog\/wp-content\/uploads\/2016\/04\/P1220960-150x113.jpg 150w, https:\/\/www.mundi-roth.de\/teneriffa-blog\/wp-content\/uploads\/2016\/04\/P1220960-768x576.jpg 768w, https:\/\/www.mundi-roth.de\/teneriffa-blog\/wp-content\/uploads\/2016\/04\/P1220960.jpg 800w\" sizes=\"auto, (max-width: 300px) 100vw, 300px\" \/><\/a><\/p>\n<p>Bevor eine dicke wei\u00dfe Wolke den Conde einh\u00fcllt, k\u00f6nnen wir ihn noch mit seinen Nachbarn Roque Imoque und Los Brezos fotografiern.<br \/>\n<a href=\"http:\/\/www.mundi-roth.de\/teneriffa-blog\/wp-content\/uploads\/2016\/04\/P1220963.jpg\" rel=\"lightbox[5070]\"><img loading=\"lazy\" decoding=\"async\" class=\"aligncenter size-medium wp-image-5090\" src=\"http:\/\/www.mundi-roth.de\/teneriffa-blog\/wp-content\/uploads\/2016\/04\/P1220963-300x225.jpg\" alt=\"P1220963\" width=\"300\" height=\"225\" srcset=\"https:\/\/www.mundi-roth.de\/teneriffa-blog\/wp-content\/uploads\/2016\/04\/P1220963-300x225.jpg 300w, https:\/\/www.mundi-roth.de\/teneriffa-blog\/wp-content\/uploads\/2016\/04\/P1220963-150x113.jpg 150w, https:\/\/www.mundi-roth.de\/teneriffa-blog\/wp-content\/uploads\/2016\/04\/P1220963-768x576.jpg 768w, https:\/\/www.mundi-roth.de\/teneriffa-blog\/wp-content\/uploads\/2016\/04\/P1220963.jpg 800w\" sizes=\"auto, (max-width: 300px) 100vw, 300px\" \/><\/a><br \/>\n<a href=\"http:\/\/www.mundi-roth.de\/teneriffa-blog\/wp-content\/uploads\/2016\/04\/P1220968.jpg\" rel=\"lightbox[5070]\"><img loading=\"lazy\" decoding=\"async\" class=\"alignleft size-thumbnail wp-image-5091\" src=\"http:\/\/www.mundi-roth.de\/teneriffa-blog\/wp-content\/uploads\/2016\/04\/P1220968-150x113.jpg\" alt=\"P1220968\" width=\"150\" height=\"113\" srcset=\"https:\/\/www.mundi-roth.de\/teneriffa-blog\/wp-content\/uploads\/2016\/04\/P1220968-150x113.jpg 150w, https:\/\/www.mundi-roth.de\/teneriffa-blog\/wp-content\/uploads\/2016\/04\/P1220968-300x225.jpg 300w, https:\/\/www.mundi-roth.de\/teneriffa-blog\/wp-content\/uploads\/2016\/04\/P1220968-768x576.jpg 768w, https:\/\/www.mundi-roth.de\/teneriffa-blog\/wp-content\/uploads\/2016\/04\/P1220968.jpg 800w\" sizes=\"auto, (max-width: 150px) 100vw, 150px\" \/><\/a>Die rosa bl\u00fchenden Zistrosen und die Kanarische Winde s\u00e4umen den Weg und vor uns liegen die verlassenen H\u00e4user von Teresme.<br \/>\nEin paar Minuten sp\u00e4ter treffen wir auf den n\u00e4chsten Wegweiser und wir folgen der Ausschilderung nach \u201eEl Aserradero 3,3 km\u201c<br \/>\nKurz darauf erreichen wir die H\u00e4user Teresme mit dem rechts unterhalb liegenden gro\u00dfen Dreschplatz und den von Mauern umgebenen Terrassen, die jetzt alle brachliegen, aber daf\u00fcr wachsen hier jetzt\u00a0 Montebretien . Wir wandern daran vorbei.<\/p>\n<div style=\"clear: both;\"><\/div>\n\n\t\t<style type=\"text\/css\">\n\t\t\t#gallery-6 {\n\t\t\t\tmargin: auto;\n\t\t\t}\n\t\t\t#gallery-6 .gallery-item {\n\t\t\t\tfloat: left;\n\t\t\t\tmargin-top: 10px;\n\t\t\t\ttext-align: center;\n\t\t\t\twidth: 33%;\n\t\t\t}\n\t\t\t#gallery-6 img {\n\t\t\t\tborder: 2px solid #cfcfcf;\n\t\t\t}\n\t\t\t#gallery-6 .gallery-caption {\n\t\t\t\tmargin-left: 0;\n\t\t\t}\n\t\t\t\/* see gallery_shortcode() in wp-includes\/media.php *\/\n\t\t<\/style>\n\t\t<div id='gallery-6' class='gallery galleryid-5070 gallery-columns-3 gallery-size-thumbnail'><dl class='gallery-item'>\n\t\t\t<dt class='gallery-icon landscape'>\n\t\t\t\t<a href='https:\/\/www.mundi-roth.de\/teneriffa-blog\/wp-content\/uploads\/2016\/04\/P1220971.jpg' rel=\"lightbox[5070]\"><img loading=\"lazy\" decoding=\"async\" width=\"150\" height=\"113\" src=\"https:\/\/www.mundi-roth.de\/teneriffa-blog\/wp-content\/uploads\/2016\/04\/P1220971-150x113.jpg\" class=\"attachment-thumbnail size-thumbnail\" alt=\"\" srcset=\"https:\/\/www.mundi-roth.de\/teneriffa-blog\/wp-content\/uploads\/2016\/04\/P1220971-150x113.jpg 150w, https:\/\/www.mundi-roth.de\/teneriffa-blog\/wp-content\/uploads\/2016\/04\/P1220971-300x225.jpg 300w, https:\/\/www.mundi-roth.de\/teneriffa-blog\/wp-content\/uploads\/2016\/04\/P1220971-768x576.jpg 768w, https:\/\/www.mundi-roth.de\/teneriffa-blog\/wp-content\/uploads\/2016\/04\/P1220971.jpg 800w\" sizes=\"auto, (max-width: 150px) 100vw, 150px\" \/><\/a>\n\t\t\t<\/dt><\/dl><dl class='gallery-item'>\n\t\t\t<dt class='gallery-icon landscape'>\n\t\t\t\t<a href='https:\/\/www.mundi-roth.de\/teneriffa-blog\/wp-content\/uploads\/2016\/04\/P1220975.jpg' rel=\"lightbox[5070]\"><img loading=\"lazy\" decoding=\"async\" width=\"150\" height=\"113\" src=\"https:\/\/www.mundi-roth.de\/teneriffa-blog\/wp-content\/uploads\/2016\/04\/P1220975-150x113.jpg\" class=\"attachment-thumbnail size-thumbnail\" alt=\"\" srcset=\"https:\/\/www.mundi-roth.de\/teneriffa-blog\/wp-content\/uploads\/2016\/04\/P1220975-150x113.jpg 150w, https:\/\/www.mundi-roth.de\/teneriffa-blog\/wp-content\/uploads\/2016\/04\/P1220975-300x225.jpg 300w, https:\/\/www.mundi-roth.de\/teneriffa-blog\/wp-content\/uploads\/2016\/04\/P1220975-768x576.jpg 768w, https:\/\/www.mundi-roth.de\/teneriffa-blog\/wp-content\/uploads\/2016\/04\/P1220975.jpg 800w\" sizes=\"auto, (max-width: 150px) 100vw, 150px\" \/><\/a>\n\t\t\t<\/dt><\/dl><dl class='gallery-item'>\n\t\t\t<dt class='gallery-icon landscape'>\n\t\t\t\t<a href='https:\/\/www.mundi-roth.de\/teneriffa-blog\/wp-content\/uploads\/2016\/04\/P1220978.jpg' rel=\"lightbox[5070]\"><img loading=\"lazy\" decoding=\"async\" width=\"150\" height=\"77\" src=\"https:\/\/www.mundi-roth.de\/teneriffa-blog\/wp-content\/uploads\/2016\/04\/P1220978-150x77.jpg\" class=\"attachment-thumbnail size-thumbnail\" alt=\"\" srcset=\"https:\/\/www.mundi-roth.de\/teneriffa-blog\/wp-content\/uploads\/2016\/04\/P1220978-150x77.jpg 150w, https:\/\/www.mundi-roth.de\/teneriffa-blog\/wp-content\/uploads\/2016\/04\/P1220978-300x155.jpg 300w, https:\/\/www.mundi-roth.de\/teneriffa-blog\/wp-content\/uploads\/2016\/04\/P1220978-768x396.jpg 768w, https:\/\/www.mundi-roth.de\/teneriffa-blog\/wp-content\/uploads\/2016\/04\/P1220978.jpg 800w\" sizes=\"auto, (max-width: 150px) 100vw, 150px\" \/><\/a>\n\t\t\t<\/dt><\/dl><br style=\"clear: both\" \/>\n\t\t<\/div>\n\n<p>Eins, zwei, drei, hast Du nicht gesehen, sind wir beim n\u00e4chsten Hinweis und nun brauchen wir nur noch 0,7 km bis El Aserradero.<br \/>\nIm n\u00e4chsten Abschnitt k\u00f6nnen wir die Insel El Hierro ausmachen! Diese Chance hat man nur sehr selten von Teneriffa aus.<\/p>\n<p>Der sch\u00f6ne Pfad f\u00fchrt uns an einer Ansammlung von Fenchelpflanzen vorbei (wir haben probiert!) und Unmengen des Samenstandes von Affodills. (Das wollen wir im Hinterkopf behalten: Im Februar zur Bl\u00fctezeit, ist das eine Wanderung wert!) . Wir n\u00e4hern uns der ehemaligen Finca El Aserradero, denn wir schauen schon auf das eingefallene Dach.<\/p>\n\n\t\t<style type=\"text\/css\">\n\t\t\t#gallery-7 {\n\t\t\t\tmargin: auto;\n\t\t\t}\n\t\t\t#gallery-7 .gallery-item {\n\t\t\t\tfloat: left;\n\t\t\t\tmargin-top: 10px;\n\t\t\t\ttext-align: center;\n\t\t\t\twidth: 50%;\n\t\t\t}\n\t\t\t#gallery-7 img {\n\t\t\t\tborder: 2px solid #cfcfcf;\n\t\t\t}\n\t\t\t#gallery-7 .gallery-caption {\n\t\t\t\tmargin-left: 0;\n\t\t\t}\n\t\t\t\/* see gallery_shortcode() in wp-includes\/media.php *\/\n\t\t<\/style>\n\t\t<div id='gallery-7' class='gallery galleryid-5070 gallery-columns-2 gallery-size-thumbnail'><dl class='gallery-item'>\n\t\t\t<dt class='gallery-icon landscape'>\n\t\t\t\t<a href='https:\/\/www.mundi-roth.de\/teneriffa-blog\/wp-content\/uploads\/2016\/04\/P1220982.jpg' rel=\"lightbox[5070]\"><img loading=\"lazy\" decoding=\"async\" width=\"150\" height=\"113\" src=\"https:\/\/www.mundi-roth.de\/teneriffa-blog\/wp-content\/uploads\/2016\/04\/P1220982-150x113.jpg\" class=\"attachment-thumbnail size-thumbnail\" alt=\"\" srcset=\"https:\/\/www.mundi-roth.de\/teneriffa-blog\/wp-content\/uploads\/2016\/04\/P1220982-150x113.jpg 150w, https:\/\/www.mundi-roth.de\/teneriffa-blog\/wp-content\/uploads\/2016\/04\/P1220982-300x225.jpg 300w, https:\/\/www.mundi-roth.de\/teneriffa-blog\/wp-content\/uploads\/2016\/04\/P1220982-768x576.jpg 768w, https:\/\/www.mundi-roth.de\/teneriffa-blog\/wp-content\/uploads\/2016\/04\/P1220982.jpg 800w\" sizes=\"auto, (max-width: 150px) 100vw, 150px\" \/><\/a>\n\t\t\t<\/dt><\/dl><dl class='gallery-item'>\n\t\t\t<dt class='gallery-icon landscape'>\n\t\t\t\t<a href='https:\/\/www.mundi-roth.de\/teneriffa-blog\/wp-content\/uploads\/2016\/04\/P1220981.jpg' rel=\"lightbox[5070]\"><img loading=\"lazy\" decoding=\"async\" width=\"150\" height=\"113\" src=\"https:\/\/www.mundi-roth.de\/teneriffa-blog\/wp-content\/uploads\/2016\/04\/P1220981-150x113.jpg\" class=\"attachment-thumbnail size-thumbnail\" alt=\"\" srcset=\"https:\/\/www.mundi-roth.de\/teneriffa-blog\/wp-content\/uploads\/2016\/04\/P1220981-150x113.jpg 150w, https:\/\/www.mundi-roth.de\/teneriffa-blog\/wp-content\/uploads\/2016\/04\/P1220981-300x225.jpg 300w, https:\/\/www.mundi-roth.de\/teneriffa-blog\/wp-content\/uploads\/2016\/04\/P1220981-768x576.jpg 768w, https:\/\/www.mundi-roth.de\/teneriffa-blog\/wp-content\/uploads\/2016\/04\/P1220981.jpg 800w\" sizes=\"auto, (max-width: 150px) 100vw, 150px\" \/><\/a>\n\t\t\t<\/dt><\/dl><br style=\"clear: both\" \/>\n\t\t<\/div>\n\n<p>Seit geraumer Zeit haben wir eine Ahnung, wo wir auskommen werden:<br \/>\nOberhalb von Boca del Paso, dort beginnt der Abstieg nach Adeje.<br \/>\nSo ist es!<br \/>\nHier haben wir nun die Qual der Wahl: Weiter nach\u00a0 Adeje = 5, 4 km, oder nach\u00a0 La Quinta = 1,8 km oder auf dem PR-TF 71,2 nach Ifonche = 4,4 km.<br \/>\nMein lieber Mann w\u00fcrde uns \u00fcberall einsammeln.<br \/>\nABER:<br \/>\nWir wollten ja heute nach Ifonche, so f\u00e4llt die Entscheidung leicht, da gerade dieser Streckenabschnitt mit zu Elisabeths Lieblingstouren z\u00e4hlt.<br \/>\nWir sind ihn zwar schon h\u00e4ufig gegangen, haben aber bisher vers\u00e4umt \u2013 auch heute \u2013 die Barrancos\u00a0 zu z\u00e4hlen. 8, in Worten acht k\u00f6nnen sein.<br \/>\nAlso\u00a0 runter \u2013 rauf\u00a0 &#8211; runter &#8211; rauf.<br \/>\nAuch der Barranco del Infierno in seinem oberen Bereich ist darunter.<br \/>\nTolle Felsformationen sind es hier, die das Ganze so abwechslungsreich machen.<\/p>\n\n\t\t<style type=\"text\/css\">\n\t\t\t#gallery-8 {\n\t\t\t\tmargin: auto;\n\t\t\t}\n\t\t\t#gallery-8 .gallery-item {\n\t\t\t\tfloat: left;\n\t\t\t\tmargin-top: 10px;\n\t\t\t\ttext-align: center;\n\t\t\t\twidth: 50%;\n\t\t\t}\n\t\t\t#gallery-8 img {\n\t\t\t\tborder: 2px solid #cfcfcf;\n\t\t\t}\n\t\t\t#gallery-8 .gallery-caption {\n\t\t\t\tmargin-left: 0;\n\t\t\t}\n\t\t\t\/* see gallery_shortcode() in wp-includes\/media.php *\/\n\t\t<\/style>\n\t\t<div id='gallery-8' class='gallery galleryid-5070 gallery-columns-2 gallery-size-thumbnail'><dl class='gallery-item'>\n\t\t\t<dt class='gallery-icon landscape'>\n\t\t\t\t<a href='https:\/\/www.mundi-roth.de\/teneriffa-blog\/wp-content\/uploads\/2016\/04\/P1220991.jpg' rel=\"lightbox[5070]\"><img loading=\"lazy\" decoding=\"async\" width=\"150\" height=\"113\" src=\"https:\/\/www.mundi-roth.de\/teneriffa-blog\/wp-content\/uploads\/2016\/04\/P1220991-150x113.jpg\" class=\"attachment-thumbnail size-thumbnail\" alt=\"\" srcset=\"https:\/\/www.mundi-roth.de\/teneriffa-blog\/wp-content\/uploads\/2016\/04\/P1220991-150x113.jpg 150w, https:\/\/www.mundi-roth.de\/teneriffa-blog\/wp-content\/uploads\/2016\/04\/P1220991-300x225.jpg 300w, https:\/\/www.mundi-roth.de\/teneriffa-blog\/wp-content\/uploads\/2016\/04\/P1220991-768x576.jpg 768w, https:\/\/www.mundi-roth.de\/teneriffa-blog\/wp-content\/uploads\/2016\/04\/P1220991.jpg 800w\" sizes=\"auto, (max-width: 150px) 100vw, 150px\" \/><\/a>\n\t\t\t<\/dt><\/dl><dl class='gallery-item'>\n\t\t\t<dt class='gallery-icon landscape'>\n\t\t\t\t<a href='https:\/\/www.mundi-roth.de\/teneriffa-blog\/wp-content\/uploads\/2016\/04\/P1220993.jpg' rel=\"lightbox[5070]\"><img loading=\"lazy\" decoding=\"async\" width=\"150\" height=\"113\" src=\"https:\/\/www.mundi-roth.de\/teneriffa-blog\/wp-content\/uploads\/2016\/04\/P1220993-150x113.jpg\" class=\"attachment-thumbnail size-thumbnail\" alt=\"\" srcset=\"https:\/\/www.mundi-roth.de\/teneriffa-blog\/wp-content\/uploads\/2016\/04\/P1220993-150x113.jpg 150w, https:\/\/www.mundi-roth.de\/teneriffa-blog\/wp-content\/uploads\/2016\/04\/P1220993-300x225.jpg 300w, https:\/\/www.mundi-roth.de\/teneriffa-blog\/wp-content\/uploads\/2016\/04\/P1220993-768x576.jpg 768w, https:\/\/www.mundi-roth.de\/teneriffa-blog\/wp-content\/uploads\/2016\/04\/P1220993.jpg 800w\" sizes=\"auto, (max-width: 150px) 100vw, 150px\" \/><\/a>\n\t\t\t<\/dt><\/dl><br style=\"clear: both\" \/><dl class='gallery-item'>\n\t\t\t<dt class='gallery-icon portrait'>\n\t\t\t\t<a href='https:\/\/www.mundi-roth.de\/teneriffa-blog\/wp-content\/uploads\/2016\/04\/P1220996.jpg' rel=\"lightbox[5070]\"><img loading=\"lazy\" decoding=\"async\" width=\"113\" height=\"150\" src=\"https:\/\/www.mundi-roth.de\/teneriffa-blog\/wp-content\/uploads\/2016\/04\/P1220996-113x150.jpg\" class=\"attachment-thumbnail size-thumbnail\" alt=\"\" srcset=\"https:\/\/www.mundi-roth.de\/teneriffa-blog\/wp-content\/uploads\/2016\/04\/P1220996-113x150.jpg 113w, https:\/\/www.mundi-roth.de\/teneriffa-blog\/wp-content\/uploads\/2016\/04\/P1220996-225x300.jpg 225w, https:\/\/www.mundi-roth.de\/teneriffa-blog\/wp-content\/uploads\/2016\/04\/P1220996.jpg 600w\" sizes=\"auto, (max-width: 113px) 100vw, 113px\" \/><\/a>\n\t\t\t<\/dt><\/dl><dl class='gallery-item'>\n\t\t\t<dt class='gallery-icon portrait'>\n\t\t\t\t<a href='https:\/\/www.mundi-roth.de\/teneriffa-blog\/wp-content\/uploads\/2016\/04\/P1220999.jpg' rel=\"lightbox[5070]\"><img loading=\"lazy\" decoding=\"async\" width=\"113\" height=\"150\" src=\"https:\/\/www.mundi-roth.de\/teneriffa-blog\/wp-content\/uploads\/2016\/04\/P1220999-113x150.jpg\" class=\"attachment-thumbnail size-thumbnail\" alt=\"\" srcset=\"https:\/\/www.mundi-roth.de\/teneriffa-blog\/wp-content\/uploads\/2016\/04\/P1220999-113x150.jpg 113w, https:\/\/www.mundi-roth.de\/teneriffa-blog\/wp-content\/uploads\/2016\/04\/P1220999-225x300.jpg 225w, https:\/\/www.mundi-roth.de\/teneriffa-blog\/wp-content\/uploads\/2016\/04\/P1220999.jpg 600w\" sizes=\"auto, (max-width: 113px) 100vw, 113px\" \/><\/a>\n\t\t\t<\/dt><\/dl><br style=\"clear: both\" \/><dl class='gallery-item'>\n\t\t\t<dt class='gallery-icon landscape'>\n\t\t\t\t<a href='https:\/\/www.mundi-roth.de\/teneriffa-blog\/wp-content\/uploads\/2016\/04\/P1230006.jpg' rel=\"lightbox[5070]\"><img loading=\"lazy\" decoding=\"async\" width=\"150\" height=\"113\" src=\"https:\/\/www.mundi-roth.de\/teneriffa-blog\/wp-content\/uploads\/2016\/04\/P1230006-150x113.jpg\" class=\"attachment-thumbnail size-thumbnail\" alt=\"\" srcset=\"https:\/\/www.mundi-roth.de\/teneriffa-blog\/wp-content\/uploads\/2016\/04\/P1230006-150x113.jpg 150w, https:\/\/www.mundi-roth.de\/teneriffa-blog\/wp-content\/uploads\/2016\/04\/P1230006-300x225.jpg 300w, https:\/\/www.mundi-roth.de\/teneriffa-blog\/wp-content\/uploads\/2016\/04\/P1230006-768x576.jpg 768w, https:\/\/www.mundi-roth.de\/teneriffa-blog\/wp-content\/uploads\/2016\/04\/P1230006.jpg 800w\" sizes=\"auto, (max-width: 150px) 100vw, 150px\" \/><\/a>\n\t\t\t<\/dt><\/dl><dl class='gallery-item'>\n\t\t\t<dt class='gallery-icon landscape'>\n\t\t\t\t<a href='https:\/\/www.mundi-roth.de\/teneriffa-blog\/wp-content\/uploads\/2016\/04\/P1230007.jpg' rel=\"lightbox[5070]\"><img loading=\"lazy\" decoding=\"async\" width=\"150\" height=\"113\" src=\"https:\/\/www.mundi-roth.de\/teneriffa-blog\/wp-content\/uploads\/2016\/04\/P1230007-150x113.jpg\" class=\"attachment-thumbnail size-thumbnail\" alt=\"\" srcset=\"https:\/\/www.mundi-roth.de\/teneriffa-blog\/wp-content\/uploads\/2016\/04\/P1230007-150x113.jpg 150w, https:\/\/www.mundi-roth.de\/teneriffa-blog\/wp-content\/uploads\/2016\/04\/P1230007-300x225.jpg 300w, https:\/\/www.mundi-roth.de\/teneriffa-blog\/wp-content\/uploads\/2016\/04\/P1230007-768x576.jpg 768w, https:\/\/www.mundi-roth.de\/teneriffa-blog\/wp-content\/uploads\/2016\/04\/P1230007.jpg 800w\" sizes=\"auto, (max-width: 150px) 100vw, 150px\" \/><\/a>\n\t\t\t<\/dt><\/dl><br style=\"clear: both\" \/>\n\t\t<\/div>\n\n<p>Dazu ein F\u00fclle von Farnen und Cinerarien und Montpellier Zistrosen, Bonnets Natternkopf und und und.<br \/>\nNach fast 6 Stunden Stunden Gehzeit, um 16:11 Uhr, erreichen wir Ifonche.<br \/>\nWer erwartet uns bereits? Mein lieber Mann, dem wir bereits sehr fr\u00fch oberhalb von Boca del Paso unsere ungef\u00e4hre Ankunft mitgeteilt haben, denn in diesem Gebiet einen Netz-Zugang zu bekommen ist Gl\u00fcckssache.<br \/>\nWir hatten uns nur 10 Minuten mit unserer Ankunft versch\u00e4tzt.<br \/>\nNun k\u00f6nnen wir diesen sch\u00f6nen Tag bei leckerem Essen und einem guten Glas Rotwein ausklingen lassen.<\/p>\n<p><strong>Fazit:<\/strong><br \/>\nDie Insel ist immer wieder f\u00fcr eine \u00dcberraschung gut.<br \/>\nZudem ist es wunderbar, dass die Inselregierung ihr \u201eHerz\u201c f\u00fcr Wanderer entdeckt hat und inzwischen mehr Touren ausschildern l\u00e4sst.<br \/>\nImmer wieder fragen wir uns nach einer besonders sch\u00f6nen Wanderung \u201eist diese Wanderung noch zu toppen?\u201c<br \/>\nHeute k\u00f6nnen wir schon wieder sagen: JA, wir haben wieder eine &#8222;gefunden&#8220;.<br \/>\nDie Tour ist wunder-wundersch\u00f6n!<br \/>\nZudem, obwohl lang, nicht zu anstrengend und heute ganz ohne Abenteuer.<\/p>\n","protected":false},"excerpt":{"rendered":"<p>Von Las Lajas nach Ifonche, diese Tour wollten wir heute in Begleitung von Elisabeths Schwester Janni gehen. Sind wir auch gegangen, jedoch ganz anders als wir sie kannten, denn: Wir sind ja wissbegierig und als wir in Las Lajas um 10:15 Uhr aussteigen \u2013 der freundliche Busfahrer der TITSA-Linie 342 hielt dort f\u00fcr uns &#8211;\u00a0 [&hellip;]<\/p>\n","protected":false},"author":4,"featured_media":5150,"comment_status":"open","ping_status":"open","sticky":false,"template":"","format":"standard","meta":{"footnotes":""},"categories":[779,6],"tags":[922,921,925,64,429,16,439,924,17,923,446,866],"class_list":["post-5070","post","type-post","status-publish","format-standard","has-post-thumbnail","hentry","category-canadas","category-wanderungen","tag-camino-teresme","tag-casas-de-teresme","tag-el-aserradero","tag-ifonche","tag-las-lajas","tag-montana-colorada","tag-teneriffa-wandern","tag-teresme","tag-vilaflor","tag-vulkanische-bombe","tag-wandern-teneriffa","tag-wanderurlaub-teneriffa"],"yoast_head":"<!-- This site is optimized with the Yoast SEO plugin v27.5 - https:\/\/yoast.com\/product\/yoast-seo-wordpress\/ -->\n<title>Las Lajas - Casas de Teresme - Ifonche - Teneriffa Wandern<\/title>\n<meta name=\"robots\" content=\"index, follow, max-snippet:-1, max-image-preview:large, max-video-preview:-1\" \/>\n<link rel=\"canonical\" href=\"https:\/\/www.mundi-roth.de\/teneriffa-blog\/wanderungen\/las-lajas-casas-de-teresme\/\" \/>\n<meta name=\"twitter:label1\" content=\"Verfasst von\" \/>\n\t<meta name=\"twitter:data1\" content=\"mundi\" \/>\n\t<meta name=\"twitter:label2\" content=\"Gesch\u00e4tzte Lesezeit\" \/>\n\t<meta name=\"twitter:data2\" content=\"6\u00a0Minuten\" \/>\n<script type=\"application\/ld+json\" class=\"yoast-schema-graph\">{\"@context\":\"https:\\\/\\\/schema.org\",\"@graph\":[{\"@type\":\"Article\",\"@id\":\"https:\\\/\\\/www.mundi-roth.de\\\/teneriffa-blog\\\/wanderungen\\\/las-lajas-casas-de-teresme\\\/#article\",\"isPartOf\":{\"@id\":\"https:\\\/\\\/www.mundi-roth.de\\\/teneriffa-blog\\\/wanderungen\\\/las-lajas-casas-de-teresme\\\/\"},\"author\":{\"name\":\"mundi\",\"@id\":\"https:\\\/\\\/www.mundi-roth.de\\\/teneriffa-blog\\\/#\\\/schema\\\/person\\\/971c66b55f3ae5e8741553688c413cac\"},\"headline\":\"Las Lajas &#8211; Casas de Teresme &#8211; Ifonche\",\"datePublished\":\"2016-04-14T21:00:50+00:00\",\"dateModified\":\"2016-05-19T16:27:47+00:00\",\"mainEntityOfPage\":{\"@id\":\"https:\\\/\\\/www.mundi-roth.de\\\/teneriffa-blog\\\/wanderungen\\\/las-lajas-casas-de-teresme\\\/\"},\"wordCount\":1117,\"commentCount\":1,\"image\":{\"@id\":\"https:\\\/\\\/www.mundi-roth.de\\\/teneriffa-blog\\\/wanderungen\\\/las-lajas-casas-de-teresme\\\/#primaryimage\"},\"thumbnailUrl\":\"https:\\\/\\\/www.mundi-roth.de\\\/teneriffa-blog\\\/wp-content\\\/uploads\\\/2016\\\/04\\\/P1220983.jpg\",\"keywords\":[\"Camino Teresme\",\"Casas de Teresme\",\"El Aserradero\",\"Ifonche\",\"Las Lajas\",\"Montana Colorada\",\"Teneriffa Wandern\",\"Teresme\",\"Vilaflor\",\"vulkanische Bombe\",\"Wandern Teneriffa\",\"Wanderurlaub Teneriffa\"],\"articleSection\":[\"Ca\u00f1adas\",\"Wanderungen\"],\"inLanguage\":\"de\",\"potentialAction\":[{\"@type\":\"CommentAction\",\"name\":\"Comment\",\"target\":[\"https:\\\/\\\/www.mundi-roth.de\\\/teneriffa-blog\\\/wanderungen\\\/las-lajas-casas-de-teresme\\\/#respond\"]}]},{\"@type\":\"WebPage\",\"@id\":\"https:\\\/\\\/www.mundi-roth.de\\\/teneriffa-blog\\\/wanderungen\\\/las-lajas-casas-de-teresme\\\/\",\"url\":\"https:\\\/\\\/www.mundi-roth.de\\\/teneriffa-blog\\\/wanderungen\\\/las-lajas-casas-de-teresme\\\/\",\"name\":\"Las Lajas - Casas de Teresme - Ifonche - Teneriffa Wandern\",\"isPartOf\":{\"@id\":\"https:\\\/\\\/www.mundi-roth.de\\\/teneriffa-blog\\\/#website\"},\"primaryImageOfPage\":{\"@id\":\"https:\\\/\\\/www.mundi-roth.de\\\/teneriffa-blog\\\/wanderungen\\\/las-lajas-casas-de-teresme\\\/#primaryimage\"},\"image\":{\"@id\":\"https:\\\/\\\/www.mundi-roth.de\\\/teneriffa-blog\\\/wanderungen\\\/las-lajas-casas-de-teresme\\\/#primaryimage\"},\"thumbnailUrl\":\"https:\\\/\\\/www.mundi-roth.de\\\/teneriffa-blog\\\/wp-content\\\/uploads\\\/2016\\\/04\\\/P1220983.jpg\",\"datePublished\":\"2016-04-14T21:00:50+00:00\",\"dateModified\":\"2016-05-19T16:27:47+00:00\",\"author\":{\"@id\":\"https:\\\/\\\/www.mundi-roth.de\\\/teneriffa-blog\\\/#\\\/schema\\\/person\\\/971c66b55f3ae5e8741553688c413cac\"},\"breadcrumb\":{\"@id\":\"https:\\\/\\\/www.mundi-roth.de\\\/teneriffa-blog\\\/wanderungen\\\/las-lajas-casas-de-teresme\\\/#breadcrumb\"},\"inLanguage\":\"de\",\"potentialAction\":[{\"@type\":\"ReadAction\",\"target\":[\"https:\\\/\\\/www.mundi-roth.de\\\/teneriffa-blog\\\/wanderungen\\\/las-lajas-casas-de-teresme\\\/\"]}]},{\"@type\":\"ImageObject\",\"inLanguage\":\"de\",\"@id\":\"https:\\\/\\\/www.mundi-roth.de\\\/teneriffa-blog\\\/wanderungen\\\/las-lajas-casas-de-teresme\\\/#primaryimage\",\"url\":\"https:\\\/\\\/www.mundi-roth.de\\\/teneriffa-blog\\\/wp-content\\\/uploads\\\/2016\\\/04\\\/P1220983.jpg\",\"contentUrl\":\"https:\\\/\\\/www.mundi-roth.de\\\/teneriffa-blog\\\/wp-content\\\/uploads\\\/2016\\\/04\\\/P1220983.jpg\",\"width\":269,\"height\":202,\"caption\":\"20160414\"},{\"@type\":\"BreadcrumbList\",\"@id\":\"https:\\\/\\\/www.mundi-roth.de\\\/teneriffa-blog\\\/wanderungen\\\/las-lajas-casas-de-teresme\\\/#breadcrumb\",\"itemListElement\":[{\"@type\":\"ListItem\",\"position\":1,\"name\":\"Startseite\",\"item\":\"https:\\\/\\\/www.mundi-roth.de\\\/teneriffa-blog\\\/\"},{\"@type\":\"ListItem\",\"position\":2,\"name\":\"Las Lajas &#8211; Casas de Teresme &#8211; Ifonche\"}]},{\"@type\":\"WebSite\",\"@id\":\"https:\\\/\\\/www.mundi-roth.de\\\/teneriffa-blog\\\/#website\",\"url\":\"https:\\\/\\\/www.mundi-roth.de\\\/teneriffa-blog\\\/\",\"name\":\"Teneriffa Wandern\",\"description\":\"Nicht nur Wanderungen auf Teneriffa...\",\"potentialAction\":[{\"@type\":\"SearchAction\",\"target\":{\"@type\":\"EntryPoint\",\"urlTemplate\":\"https:\\\/\\\/www.mundi-roth.de\\\/teneriffa-blog\\\/?s={search_term_string}\"},\"query-input\":{\"@type\":\"PropertyValueSpecification\",\"valueRequired\":true,\"valueName\":\"search_term_string\"}}],\"inLanguage\":\"de\"},{\"@type\":\"Person\",\"@id\":\"https:\\\/\\\/www.mundi-roth.de\\\/teneriffa-blog\\\/#\\\/schema\\\/person\\\/971c66b55f3ae5e8741553688c413cac\",\"name\":\"mundi\",\"image\":{\"@type\":\"ImageObject\",\"inLanguage\":\"de\",\"@id\":\"https:\\\/\\\/secure.gravatar.com\\\/avatar\\\/555f0dd85428f1a9330f8e5dbe9e40ff9ca912bb81e5a89747ebf3ca9c20dc0f?s=96&d=mm&r=g\",\"url\":\"https:\\\/\\\/secure.gravatar.com\\\/avatar\\\/555f0dd85428f1a9330f8e5dbe9e40ff9ca912bb81e5a89747ebf3ca9c20dc0f?s=96&d=mm&r=g\",\"contentUrl\":\"https:\\\/\\\/secure.gravatar.com\\\/avatar\\\/555f0dd85428f1a9330f8e5dbe9e40ff9ca912bb81e5a89747ebf3ca9c20dc0f?s=96&d=mm&r=g\",\"caption\":\"mundi\"},\"sameAs\":[\"http:\\\/\\\/mundi-roth.de\"],\"url\":\"https:\\\/\\\/www.mundi-roth.de\\\/teneriffa-blog\\\/author\\\/mundi\\\/\"}]}<\/script>\n<!-- \/ Yoast SEO plugin. -->","yoast_head_json":{"title":"Las Lajas - Casas de Teresme - Ifonche - Teneriffa Wandern","robots":{"index":"index","follow":"follow","max-snippet":"max-snippet:-1","max-image-preview":"max-image-preview:large","max-video-preview":"max-video-preview:-1"},"canonical":"https:\/\/www.mundi-roth.de\/teneriffa-blog\/wanderungen\/las-lajas-casas-de-teresme\/","twitter_misc":{"Verfasst von":"mundi","Gesch\u00e4tzte Lesezeit":"6\u00a0Minuten"},"schema":{"@context":"https:\/\/schema.org","@graph":[{"@type":"Article","@id":"https:\/\/www.mundi-roth.de\/teneriffa-blog\/wanderungen\/las-lajas-casas-de-teresme\/#article","isPartOf":{"@id":"https:\/\/www.mundi-roth.de\/teneriffa-blog\/wanderungen\/las-lajas-casas-de-teresme\/"},"author":{"name":"mundi","@id":"https:\/\/www.mundi-roth.de\/teneriffa-blog\/#\/schema\/person\/971c66b55f3ae5e8741553688c413cac"},"headline":"Las Lajas &#8211; Casas de Teresme &#8211; Ifonche","datePublished":"2016-04-14T21:00:50+00:00","dateModified":"2016-05-19T16:27:47+00:00","mainEntityOfPage":{"@id":"https:\/\/www.mundi-roth.de\/teneriffa-blog\/wanderungen\/las-lajas-casas-de-teresme\/"},"wordCount":1117,"commentCount":1,"image":{"@id":"https:\/\/www.mundi-roth.de\/teneriffa-blog\/wanderungen\/las-lajas-casas-de-teresme\/#primaryimage"},"thumbnailUrl":"https:\/\/www.mundi-roth.de\/teneriffa-blog\/wp-content\/uploads\/2016\/04\/P1220983.jpg","keywords":["Camino Teresme","Casas de Teresme","El Aserradero","Ifonche","Las Lajas","Montana Colorada","Teneriffa Wandern","Teresme","Vilaflor","vulkanische Bombe","Wandern Teneriffa","Wanderurlaub Teneriffa"],"articleSection":["Ca\u00f1adas","Wanderungen"],"inLanguage":"de","potentialAction":[{"@type":"CommentAction","name":"Comment","target":["https:\/\/www.mundi-roth.de\/teneriffa-blog\/wanderungen\/las-lajas-casas-de-teresme\/#respond"]}]},{"@type":"WebPage","@id":"https:\/\/www.mundi-roth.de\/teneriffa-blog\/wanderungen\/las-lajas-casas-de-teresme\/","url":"https:\/\/www.mundi-roth.de\/teneriffa-blog\/wanderungen\/las-lajas-casas-de-teresme\/","name":"Las Lajas - Casas de Teresme - Ifonche - Teneriffa Wandern","isPartOf":{"@id":"https:\/\/www.mundi-roth.de\/teneriffa-blog\/#website"},"primaryImageOfPage":{"@id":"https:\/\/www.mundi-roth.de\/teneriffa-blog\/wanderungen\/las-lajas-casas-de-teresme\/#primaryimage"},"image":{"@id":"https:\/\/www.mundi-roth.de\/teneriffa-blog\/wanderungen\/las-lajas-casas-de-teresme\/#primaryimage"},"thumbnailUrl":"https:\/\/www.mundi-roth.de\/teneriffa-blog\/wp-content\/uploads\/2016\/04\/P1220983.jpg","datePublished":"2016-04-14T21:00:50+00:00","dateModified":"2016-05-19T16:27:47+00:00","author":{"@id":"https:\/\/www.mundi-roth.de\/teneriffa-blog\/#\/schema\/person\/971c66b55f3ae5e8741553688c413cac"},"breadcrumb":{"@id":"https:\/\/www.mundi-roth.de\/teneriffa-blog\/wanderungen\/las-lajas-casas-de-teresme\/#breadcrumb"},"inLanguage":"de","potentialAction":[{"@type":"ReadAction","target":["https:\/\/www.mundi-roth.de\/teneriffa-blog\/wanderungen\/las-lajas-casas-de-teresme\/"]}]},{"@type":"ImageObject","inLanguage":"de","@id":"https:\/\/www.mundi-roth.de\/teneriffa-blog\/wanderungen\/las-lajas-casas-de-teresme\/#primaryimage","url":"https:\/\/www.mundi-roth.de\/teneriffa-blog\/wp-content\/uploads\/2016\/04\/P1220983.jpg","contentUrl":"https:\/\/www.mundi-roth.de\/teneriffa-blog\/wp-content\/uploads\/2016\/04\/P1220983.jpg","width":269,"height":202,"caption":"20160414"},{"@type":"BreadcrumbList","@id":"https:\/\/www.mundi-roth.de\/teneriffa-blog\/wanderungen\/las-lajas-casas-de-teresme\/#breadcrumb","itemListElement":[{"@type":"ListItem","position":1,"name":"Startseite","item":"https:\/\/www.mundi-roth.de\/teneriffa-blog\/"},{"@type":"ListItem","position":2,"name":"Las Lajas &#8211; Casas de Teresme &#8211; Ifonche"}]},{"@type":"WebSite","@id":"https:\/\/www.mundi-roth.de\/teneriffa-blog\/#website","url":"https:\/\/www.mundi-roth.de\/teneriffa-blog\/","name":"Teneriffa Wandern","description":"Nicht nur Wanderungen auf Teneriffa...","potentialAction":[{"@type":"SearchAction","target":{"@type":"EntryPoint","urlTemplate":"https:\/\/www.mundi-roth.de\/teneriffa-blog\/?s={search_term_string}"},"query-input":{"@type":"PropertyValueSpecification","valueRequired":true,"valueName":"search_term_string"}}],"inLanguage":"de"},{"@type":"Person","@id":"https:\/\/www.mundi-roth.de\/teneriffa-blog\/#\/schema\/person\/971c66b55f3ae5e8741553688c413cac","name":"mundi","image":{"@type":"ImageObject","inLanguage":"de","@id":"https:\/\/secure.gravatar.com\/avatar\/555f0dd85428f1a9330f8e5dbe9e40ff9ca912bb81e5a89747ebf3ca9c20dc0f?s=96&d=mm&r=g","url":"https:\/\/secure.gravatar.com\/avatar\/555f0dd85428f1a9330f8e5dbe9e40ff9ca912bb81e5a89747ebf3ca9c20dc0f?s=96&d=mm&r=g","contentUrl":"https:\/\/secure.gravatar.com\/avatar\/555f0dd85428f1a9330f8e5dbe9e40ff9ca912bb81e5a89747ebf3ca9c20dc0f?s=96&d=mm&r=g","caption":"mundi"},"sameAs":["http:\/\/mundi-roth.de"],"url":"https:\/\/www.mundi-roth.de\/teneriffa-blog\/author\/mundi\/"}]}},"_links":{"self":[{"href":"https:\/\/www.mundi-roth.de\/teneriffa-blog\/wp-json\/wp\/v2\/posts\/5070","targetHints":{"allow":["GET"]}}],"collection":[{"href":"https:\/\/www.mundi-roth.de\/teneriffa-blog\/wp-json\/wp\/v2\/posts"}],"about":[{"href":"https:\/\/www.mundi-roth.de\/teneriffa-blog\/wp-json\/wp\/v2\/types\/post"}],"author":[{"embeddable":true,"href":"https:\/\/www.mundi-roth.de\/teneriffa-blog\/wp-json\/wp\/v2\/users\/4"}],"replies":[{"embeddable":true,"href":"https:\/\/www.mundi-roth.de\/teneriffa-blog\/wp-json\/wp\/v2\/comments?post=5070"}],"version-history":[{"count":0,"href":"https:\/\/www.mundi-roth.de\/teneriffa-blog\/wp-json\/wp\/v2\/posts\/5070\/revisions"}],"wp:featuredmedia":[{"embeddable":true,"href":"https:\/\/www.mundi-roth.de\/teneriffa-blog\/wp-json\/wp\/v2\/media\/5150"}],"wp:attachment":[{"href":"https:\/\/www.mundi-roth.de\/teneriffa-blog\/wp-json\/wp\/v2\/media?parent=5070"}],"wp:term":[{"taxonomy":"category","embeddable":true,"href":"https:\/\/www.mundi-roth.de\/teneriffa-blog\/wp-json\/wp\/v2\/categories?post=5070"},{"taxonomy":"post_tag","embeddable":true,"href":"https:\/\/www.mundi-roth.de\/teneriffa-blog\/wp-json\/wp\/v2\/tags?post=5070"}],"curies":[{"name":"wp","href":"https:\/\/api.w.org\/{rel}","templated":true}]}}