{"id":528,"date":"2008-11-25T20:00:15","date_gmt":"2008-11-25T19:00:15","guid":{"rendered":"http:\/\/www.mundi-roth.de\/teneriffa-blog\/?p=528"},"modified":"2015-04-12T11:39:31","modified_gmt":"2015-04-12T10:39:31","slug":"el-refugio-%e2%80%93-arona-%e2%80%93-el-refugio","status":"publish","type":"post","link":"https:\/\/www.mundi-roth.de\/teneriffa-blog\/wanderungen\/el-refugio-%e2%80%93-arona-%e2%80%93-el-refugio\/","title":{"rendered":"El Refugio \u2013 Arona \u2013 El Refugio"},"content":{"rendered":"<p><strong>Wander-Wegstrecke<\/strong>:<\/p>\n<p>runter, ganz gem\u00fctlich 1 Stunde, rauf mit mehr Power 45 Minunten.<br \/>\nEinmal runter \u2013 einmal rauf, je nach Belieben, vielleicht auch nur eine Strecke, auf alle F\u00e4lle ist eine sch\u00f6ne Tour mit weiten Ausblicken.<\/p>\n<p><a href=\"http:\/\/www.mundi-roth.de\/teneriffa-blog\/wp-content\/uploads\/2008\/11\/sany1213.jpg\" rel=\"lightbox[528]\"><img loading=\"lazy\" decoding=\"async\" class=\"alignright size-thumbnail wp-image-530\" title=\"sany1213\" src=\"http:\/\/www.mundi-roth.de\/teneriffa-blog\/wp-content\/uploads\/2008\/11\/sany1213.jpg\" alt=\"\" width=\"150\" height=\"112\" \/><\/a>Wir gehen von der TF 567 ab dem Holz-Hinweisschild \u201eEl Refugio\u201c los. Man kann jedoch auch bis zum Restaurant \u201eEl Refugio\u201c fahren.<br \/>\nVon dort geht es bergab. Ziemlich holprig durch Lavagestein, der Weg ist jedoch gut zu erkennen. Beim letzten, unverputzten H\u00e4uschen mit hellblauem Garagentor \u00fcberqueren wir die Wasserleitung und folgen dem Trampelpfad. Wir halten uns links Richtung Barranco del Anc\u00f3n und bewundern die mit Mauern umgebenen Terrassenfelder, die im Barranco angelegt sind. Rechter Hand begleitet uns der spitze Roque Imoque und <a href=\"http:\/\/www.mundi-roth.de\/teneriffa-blog\/wp-content\/uploads\/2008\/11\/sany1214.jpg\" rel=\"lightbox[528]\"><img loading=\"lazy\" decoding=\"async\" class=\"alignleft size-thumbnail wp-image-532\" title=\"sany1214\" src=\"http:\/\/www.mundi-roth.de\/teneriffa-blog\/wp-content\/uploads\/2008\/11\/sany1214.jpg\" alt=\"\" width=\"150\" height=\"112\" \/><\/a>der Block des Conde. Von Zeit zu Zeit sehen wir wei\u00dfe Punkte und diverse Steinm\u00e4nnchen, die uns best\u00e4tigen, dass wir auf dem richtigen Weg sind. Nach<a href=\"http:\/\/www.mundi-roth.de\/teneriffa-blog\/wp-content\/uploads\/2008\/11\/sany1221.jpg\" rel=\"lightbox[528]\"><img loading=\"lazy\" decoding=\"async\" class=\"alignright size-thumbnail wp-image-534\" title=\"sany1221\" src=\"http:\/\/www.mundi-roth.de\/teneriffa-blog\/wp-content\/uploads\/2008\/11\/sany1221.jpg\" alt=\"\" width=\"112\" height=\"150\" \/><\/a> ca. 20 Minuten kreuzen wir wieder die Wasserleitung, gehen rechts an einem leeren Wasserbecken vorbei und gelangen auf eine staubige Fahrstra\u00dfe, auf der es sich jedoch gut gehen l\u00e4sst. Wir blicken auf 3 Geb\u00e4ude einer verlassenen Finca und etwas unterhalb gehen wir rechts an einem Geb\u00e4ude vorbei. Der Weg ist hier ganz witzig gekennzeichnet: auf Eisenst\u00e4be sind leere Plastik-Flaschen gest\u00fclpt. Der Fahrweg f\u00fchrt uns nahe an den Barranco del Rey heran und es lohnt sich unbedingt, hier einen Blick in die Tiefe zu <a href=\"http:\/\/www.mundi-roth.de\/teneriffa-blog\/wp-content\/uploads\/2008\/11\/sany1229.jpg\" rel=\"lightbox[528]\"><img loading=\"lazy\" decoding=\"async\" class=\"alignleft size-thumbnail wp-image-533\" title=\"sany1229\" src=\"http:\/\/www.mundi-roth.de\/teneriffa-blog\/wp-content\/uploads\/2008\/11\/sany1229.jpg\" alt=\"\" width=\"150\" height=\"112\" \/><\/a>werfen. Beeindruckende Felsformationen begeistern und zu bestaunen ist die Kandelaber-Wolfsmilch, die an den Felsw\u00e4nden zu kleben scheint.<br \/>\nUnd hast Du nicht gesehen, sind wir schon an dem Restaurant \u201eGranja\u201c, wo wir einen Wagen geparkt hatten.<br \/>\nDie M\u00fcden\/Fu\u00dfkranken fahren zur\u00fcck zum El Refugio und die anderen machen sich auf demselben Weg zur\u00fcck an den Aufstieg.<\/p>\n<p><strong>Restaurant:<\/strong><br \/>\nEl Refugio, El Topo 34, La Escalona\/Vilaflor, Tel. 922 72 58 94<br \/>\nSamstag Ruhetag<br \/>\nMan kann das rustikale Restaurant nur empfehlen. Es gibt Men\u00fcvorschl\u00e4ge, man hat jedoch auch die freie Auswahl. Begeistert waren die einen \u00fcber den Fischteller mit 3 verschiedenen Fischsorten sowie reichlich Scampi und Krabben, die anderen lobten das 830 Gramm schwere Chuleton, der ofenfrische Apfelstrudel mit Sahne und Eierlik\u00f6rsauce lie\u00df andere schwelgen.<a href=\"http:\/\/www.mundi-roth.de\/teneriffa-blog\/wp-content\/uploads\/2008\/11\/anfahrt1.jpg\" rel=\"lightbox[528]\"><img loading=\"lazy\" decoding=\"async\" class=\"alignright size-thumbnail wp-image-538\" title=\"anfahrt1\" src=\"http:\/\/www.mundi-roth.de\/teneriffa-blog\/wp-content\/uploads\/2008\/11\/anfahrt1.jpg\" alt=\"\" width=\"150\" height=\"119\" \/><\/a><\/p>\n<p><strong>Anfahrt:<\/strong><br \/>\nVon Los Cristianos kommend auf der TF 28 bis La Camella, auf der TF 51 \u00fcber Arona bis zum Abzweig \u201eIfonche\u201c. Hier auf der TF 567 ca. 3 Kilometer bis zum Holz-Hinweisschild linker Hand \u201eEl Refugio\u201c.<\/p>\n","protected":false},"excerpt":{"rendered":"<p>Wander-Wegstrecke: runter, ganz gem\u00fctlich 1 Stunde, rauf mit mehr Power 45 Minunten. Einmal runter \u2013 einmal rauf, je nach Belieben, vielleicht auch nur eine Strecke, auf alle F\u00e4lle ist eine sch\u00f6ne Tour mit weiten Ausblicken. Wir gehen von der TF 567 ab dem Holz-Hinweisschild \u201eEl Refugio\u201c los. Man kann jedoch auch bis zum Restaurant \u201eEl [&hellip;]<\/p>\n","protected":false},"author":3,"featured_media":0,"comment_status":"open","ping_status":"open","sticky":false,"template":"","format":"standard","meta":{"footnotes":""},"categories":[775,6],"tags":[65,173,172,64,3,4],"class_list":["post-528","post","type-post","status-publish","format-standard","hentry","category-arona","category-wanderungen","tag-arona","tag-barranco-del-rey","tag-el-refugio","tag-ifonche","tag-teneriffa","tag-wandern"],"yoast_head":"<!-- This site is optimized with the Yoast SEO plugin v27.5 - https:\/\/yoast.com\/product\/yoast-seo-wordpress\/ -->\n<title>El Refugio \u2013 Arona \u2013 El Refugio - Teneriffa Wandern<\/title>\n<meta name=\"robots\" content=\"index, follow, max-snippet:-1, max-image-preview:large, max-video-preview:-1\" \/>\n<link rel=\"canonical\" href=\"https:\/\/www.mundi-roth.de\/teneriffa-blog\/wanderungen\/el-refugio-\u2013-arona-\u2013-el-refugio\/\" \/>\n<meta name=\"twitter:label1\" content=\"Verfasst von\" \/>\n\t<meta name=\"twitter:data1\" content=\"ir\" \/>\n\t<meta name=\"twitter:label2\" content=\"Gesch\u00e4tzte Lesezeit\" \/>\n\t<meta name=\"twitter:data2\" content=\"2\u00a0Minuten\" \/>\n<script type=\"application\/ld+json\" class=\"yoast-schema-graph\">{\"@context\":\"https:\\\/\\\/schema.org\",\"@graph\":[{\"@type\":\"Article\",\"@id\":\"https:\\\/\\\/www.mundi-roth.de\\\/teneriffa-blog\\\/wanderungen\\\/el-refugio-%e2%80%93-arona-%e2%80%93-el-refugio\\\/#article\",\"isPartOf\":{\"@id\":\"https:\\\/\\\/www.mundi-roth.de\\\/teneriffa-blog\\\/wanderungen\\\/el-refugio-%e2%80%93-arona-%e2%80%93-el-refugio\\\/\"},\"author\":{\"name\":\"ir\",\"@id\":\"https:\\\/\\\/www.mundi-roth.de\\\/teneriffa-blog\\\/#\\\/schema\\\/person\\\/3afd0d251449790d15367c9aa52d203d\"},\"headline\":\"El Refugio \u2013 Arona \u2013 El Refugio\",\"datePublished\":\"2008-11-25T19:00:15+00:00\",\"dateModified\":\"2015-04-12T10:39:31+00:00\",\"mainEntityOfPage\":{\"@id\":\"https:\\\/\\\/www.mundi-roth.de\\\/teneriffa-blog\\\/wanderungen\\\/el-refugio-%e2%80%93-arona-%e2%80%93-el-refugio\\\/\"},\"wordCount\":396,\"commentCount\":0,\"image\":{\"@id\":\"https:\\\/\\\/www.mundi-roth.de\\\/teneriffa-blog\\\/wanderungen\\\/el-refugio-%e2%80%93-arona-%e2%80%93-el-refugio\\\/#primaryimage\"},\"thumbnailUrl\":\"http:\\\/\\\/www.mundi-roth.de\\\/teneriffa-blog\\\/wp-content\\\/uploads\\\/2008\\\/11\\\/sany1213.jpg\",\"keywords\":[\"Arona\",\"Barranco del Rey\",\"El Refugio\",\"Ifonche\",\"Teneriffa\",\"Wandern\"],\"articleSection\":[\"Arona\",\"Wanderungen\"],\"inLanguage\":\"de\",\"potentialAction\":[{\"@type\":\"CommentAction\",\"name\":\"Comment\",\"target\":[\"https:\\\/\\\/www.mundi-roth.de\\\/teneriffa-blog\\\/wanderungen\\\/el-refugio-%e2%80%93-arona-%e2%80%93-el-refugio\\\/#respond\"]}]},{\"@type\":\"WebPage\",\"@id\":\"https:\\\/\\\/www.mundi-roth.de\\\/teneriffa-blog\\\/wanderungen\\\/el-refugio-%e2%80%93-arona-%e2%80%93-el-refugio\\\/\",\"url\":\"https:\\\/\\\/www.mundi-roth.de\\\/teneriffa-blog\\\/wanderungen\\\/el-refugio-%e2%80%93-arona-%e2%80%93-el-refugio\\\/\",\"name\":\"El Refugio \u2013 Arona \u2013 El Refugio - Teneriffa Wandern\",\"isPartOf\":{\"@id\":\"https:\\\/\\\/www.mundi-roth.de\\\/teneriffa-blog\\\/#website\"},\"primaryImageOfPage\":{\"@id\":\"https:\\\/\\\/www.mundi-roth.de\\\/teneriffa-blog\\\/wanderungen\\\/el-refugio-%e2%80%93-arona-%e2%80%93-el-refugio\\\/#primaryimage\"},\"image\":{\"@id\":\"https:\\\/\\\/www.mundi-roth.de\\\/teneriffa-blog\\\/wanderungen\\\/el-refugio-%e2%80%93-arona-%e2%80%93-el-refugio\\\/#primaryimage\"},\"thumbnailUrl\":\"http:\\\/\\\/www.mundi-roth.de\\\/teneriffa-blog\\\/wp-content\\\/uploads\\\/2008\\\/11\\\/sany1213.jpg\",\"datePublished\":\"2008-11-25T19:00:15+00:00\",\"dateModified\":\"2015-04-12T10:39:31+00:00\",\"author\":{\"@id\":\"https:\\\/\\\/www.mundi-roth.de\\\/teneriffa-blog\\\/#\\\/schema\\\/person\\\/3afd0d251449790d15367c9aa52d203d\"},\"breadcrumb\":{\"@id\":\"https:\\\/\\\/www.mundi-roth.de\\\/teneriffa-blog\\\/wanderungen\\\/el-refugio-%e2%80%93-arona-%e2%80%93-el-refugio\\\/#breadcrumb\"},\"inLanguage\":\"de\",\"potentialAction\":[{\"@type\":\"ReadAction\",\"target\":[\"https:\\\/\\\/www.mundi-roth.de\\\/teneriffa-blog\\\/wanderungen\\\/el-refugio-%e2%80%93-arona-%e2%80%93-el-refugio\\\/\"]}]},{\"@type\":\"ImageObject\",\"inLanguage\":\"de\",\"@id\":\"https:\\\/\\\/www.mundi-roth.de\\\/teneriffa-blog\\\/wanderungen\\\/el-refugio-%e2%80%93-arona-%e2%80%93-el-refugio\\\/#primaryimage\",\"url\":\"http:\\\/\\\/www.mundi-roth.de\\\/teneriffa-blog\\\/wp-content\\\/uploads\\\/2008\\\/11\\\/sany1213.jpg\",\"contentUrl\":\"http:\\\/\\\/www.mundi-roth.de\\\/teneriffa-blog\\\/wp-content\\\/uploads\\\/2008\\\/11\\\/sany1213.jpg\"},{\"@type\":\"BreadcrumbList\",\"@id\":\"https:\\\/\\\/www.mundi-roth.de\\\/teneriffa-blog\\\/wanderungen\\\/el-refugio-%e2%80%93-arona-%e2%80%93-el-refugio\\\/#breadcrumb\",\"itemListElement\":[{\"@type\":\"ListItem\",\"position\":1,\"name\":\"Startseite\",\"item\":\"https:\\\/\\\/www.mundi-roth.de\\\/teneriffa-blog\\\/\"},{\"@type\":\"ListItem\",\"position\":2,\"name\":\"El Refugio \u2013 Arona \u2013 El Refugio\"}]},{\"@type\":\"WebSite\",\"@id\":\"https:\\\/\\\/www.mundi-roth.de\\\/teneriffa-blog\\\/#website\",\"url\":\"https:\\\/\\\/www.mundi-roth.de\\\/teneriffa-blog\\\/\",\"name\":\"Teneriffa Wandern\",\"description\":\"Nicht nur Wanderungen auf Teneriffa...\",\"potentialAction\":[{\"@type\":\"SearchAction\",\"target\":{\"@type\":\"EntryPoint\",\"urlTemplate\":\"https:\\\/\\\/www.mundi-roth.de\\\/teneriffa-blog\\\/?s={search_term_string}\"},\"query-input\":{\"@type\":\"PropertyValueSpecification\",\"valueRequired\":true,\"valueName\":\"search_term_string\"}}],\"inLanguage\":\"de\"},{\"@type\":\"Person\",\"@id\":\"https:\\\/\\\/www.mundi-roth.de\\\/teneriffa-blog\\\/#\\\/schema\\\/person\\\/3afd0d251449790d15367c9aa52d203d\",\"name\":\"ir\",\"image\":{\"@type\":\"ImageObject\",\"inLanguage\":\"de\",\"@id\":\"https:\\\/\\\/secure.gravatar.com\\\/avatar\\\/e67b41513c921c2bb58363f44c8a00a447c9a2526ad8ff71b5b6257e5f7f5c66?s=96&d=mm&r=g\",\"url\":\"https:\\\/\\\/secure.gravatar.com\\\/avatar\\\/e67b41513c921c2bb58363f44c8a00a447c9a2526ad8ff71b5b6257e5f7f5c66?s=96&d=mm&r=g\",\"contentUrl\":\"https:\\\/\\\/secure.gravatar.com\\\/avatar\\\/e67b41513c921c2bb58363f44c8a00a447c9a2526ad8ff71b5b6257e5f7f5c66?s=96&d=mm&r=g\",\"caption\":\"ir\"},\"sameAs\":[\"http:\\\/\\\/www.mundi-roth.de\"],\"url\":\"https:\\\/\\\/www.mundi-roth.de\\\/teneriffa-blog\\\/author\\\/ir\\\/\"}]}<\/script>\n<!-- \/ Yoast SEO plugin. -->","yoast_head_json":{"title":"El Refugio \u2013 Arona \u2013 El Refugio - Teneriffa Wandern","robots":{"index":"index","follow":"follow","max-snippet":"max-snippet:-1","max-image-preview":"max-image-preview:large","max-video-preview":"max-video-preview:-1"},"canonical":"https:\/\/www.mundi-roth.de\/teneriffa-blog\/wanderungen\/el-refugio-\u2013-arona-\u2013-el-refugio\/","twitter_misc":{"Verfasst von":"ir","Gesch\u00e4tzte Lesezeit":"2\u00a0Minuten"},"schema":{"@context":"https:\/\/schema.org","@graph":[{"@type":"Article","@id":"https:\/\/www.mundi-roth.de\/teneriffa-blog\/wanderungen\/el-refugio-%e2%80%93-arona-%e2%80%93-el-refugio\/#article","isPartOf":{"@id":"https:\/\/www.mundi-roth.de\/teneriffa-blog\/wanderungen\/el-refugio-%e2%80%93-arona-%e2%80%93-el-refugio\/"},"author":{"name":"ir","@id":"https:\/\/www.mundi-roth.de\/teneriffa-blog\/#\/schema\/person\/3afd0d251449790d15367c9aa52d203d"},"headline":"El Refugio \u2013 Arona \u2013 El Refugio","datePublished":"2008-11-25T19:00:15+00:00","dateModified":"2015-04-12T10:39:31+00:00","mainEntityOfPage":{"@id":"https:\/\/www.mundi-roth.de\/teneriffa-blog\/wanderungen\/el-refugio-%e2%80%93-arona-%e2%80%93-el-refugio\/"},"wordCount":396,"commentCount":0,"image":{"@id":"https:\/\/www.mundi-roth.de\/teneriffa-blog\/wanderungen\/el-refugio-%e2%80%93-arona-%e2%80%93-el-refugio\/#primaryimage"},"thumbnailUrl":"http:\/\/www.mundi-roth.de\/teneriffa-blog\/wp-content\/uploads\/2008\/11\/sany1213.jpg","keywords":["Arona","Barranco del Rey","El Refugio","Ifonche","Teneriffa","Wandern"],"articleSection":["Arona","Wanderungen"],"inLanguage":"de","potentialAction":[{"@type":"CommentAction","name":"Comment","target":["https:\/\/www.mundi-roth.de\/teneriffa-blog\/wanderungen\/el-refugio-%e2%80%93-arona-%e2%80%93-el-refugio\/#respond"]}]},{"@type":"WebPage","@id":"https:\/\/www.mundi-roth.de\/teneriffa-blog\/wanderungen\/el-refugio-%e2%80%93-arona-%e2%80%93-el-refugio\/","url":"https:\/\/www.mundi-roth.de\/teneriffa-blog\/wanderungen\/el-refugio-%e2%80%93-arona-%e2%80%93-el-refugio\/","name":"El Refugio \u2013 Arona \u2013 El Refugio - Teneriffa Wandern","isPartOf":{"@id":"https:\/\/www.mundi-roth.de\/teneriffa-blog\/#website"},"primaryImageOfPage":{"@id":"https:\/\/www.mundi-roth.de\/teneriffa-blog\/wanderungen\/el-refugio-%e2%80%93-arona-%e2%80%93-el-refugio\/#primaryimage"},"image":{"@id":"https:\/\/www.mundi-roth.de\/teneriffa-blog\/wanderungen\/el-refugio-%e2%80%93-arona-%e2%80%93-el-refugio\/#primaryimage"},"thumbnailUrl":"http:\/\/www.mundi-roth.de\/teneriffa-blog\/wp-content\/uploads\/2008\/11\/sany1213.jpg","datePublished":"2008-11-25T19:00:15+00:00","dateModified":"2015-04-12T10:39:31+00:00","author":{"@id":"https:\/\/www.mundi-roth.de\/teneriffa-blog\/#\/schema\/person\/3afd0d251449790d15367c9aa52d203d"},"breadcrumb":{"@id":"https:\/\/www.mundi-roth.de\/teneriffa-blog\/wanderungen\/el-refugio-%e2%80%93-arona-%e2%80%93-el-refugio\/#breadcrumb"},"inLanguage":"de","potentialAction":[{"@type":"ReadAction","target":["https:\/\/www.mundi-roth.de\/teneriffa-blog\/wanderungen\/el-refugio-%e2%80%93-arona-%e2%80%93-el-refugio\/"]}]},{"@type":"ImageObject","inLanguage":"de","@id":"https:\/\/www.mundi-roth.de\/teneriffa-blog\/wanderungen\/el-refugio-%e2%80%93-arona-%e2%80%93-el-refugio\/#primaryimage","url":"http:\/\/www.mundi-roth.de\/teneriffa-blog\/wp-content\/uploads\/2008\/11\/sany1213.jpg","contentUrl":"http:\/\/www.mundi-roth.de\/teneriffa-blog\/wp-content\/uploads\/2008\/11\/sany1213.jpg"},{"@type":"BreadcrumbList","@id":"https:\/\/www.mundi-roth.de\/teneriffa-blog\/wanderungen\/el-refugio-%e2%80%93-arona-%e2%80%93-el-refugio\/#breadcrumb","itemListElement":[{"@type":"ListItem","position":1,"name":"Startseite","item":"https:\/\/www.mundi-roth.de\/teneriffa-blog\/"},{"@type":"ListItem","position":2,"name":"El Refugio \u2013 Arona \u2013 El Refugio"}]},{"@type":"WebSite","@id":"https:\/\/www.mundi-roth.de\/teneriffa-blog\/#website","url":"https:\/\/www.mundi-roth.de\/teneriffa-blog\/","name":"Teneriffa Wandern","description":"Nicht nur Wanderungen auf Teneriffa...","potentialAction":[{"@type":"SearchAction","target":{"@type":"EntryPoint","urlTemplate":"https:\/\/www.mundi-roth.de\/teneriffa-blog\/?s={search_term_string}"},"query-input":{"@type":"PropertyValueSpecification","valueRequired":true,"valueName":"search_term_string"}}],"inLanguage":"de"},{"@type":"Person","@id":"https:\/\/www.mundi-roth.de\/teneriffa-blog\/#\/schema\/person\/3afd0d251449790d15367c9aa52d203d","name":"ir","image":{"@type":"ImageObject","inLanguage":"de","@id":"https:\/\/secure.gravatar.com\/avatar\/e67b41513c921c2bb58363f44c8a00a447c9a2526ad8ff71b5b6257e5f7f5c66?s=96&d=mm&r=g","url":"https:\/\/secure.gravatar.com\/avatar\/e67b41513c921c2bb58363f44c8a00a447c9a2526ad8ff71b5b6257e5f7f5c66?s=96&d=mm&r=g","contentUrl":"https:\/\/secure.gravatar.com\/avatar\/e67b41513c921c2bb58363f44c8a00a447c9a2526ad8ff71b5b6257e5f7f5c66?s=96&d=mm&r=g","caption":"ir"},"sameAs":["http:\/\/www.mundi-roth.de"],"url":"https:\/\/www.mundi-roth.de\/teneriffa-blog\/author\/ir\/"}]}},"_links":{"self":[{"href":"https:\/\/www.mundi-roth.de\/teneriffa-blog\/wp-json\/wp\/v2\/posts\/528","targetHints":{"allow":["GET"]}}],"collection":[{"href":"https:\/\/www.mundi-roth.de\/teneriffa-blog\/wp-json\/wp\/v2\/posts"}],"about":[{"href":"https:\/\/www.mundi-roth.de\/teneriffa-blog\/wp-json\/wp\/v2\/types\/post"}],"author":[{"embeddable":true,"href":"https:\/\/www.mundi-roth.de\/teneriffa-blog\/wp-json\/wp\/v2\/users\/3"}],"replies":[{"embeddable":true,"href":"https:\/\/www.mundi-roth.de\/teneriffa-blog\/wp-json\/wp\/v2\/comments?post=528"}],"version-history":[{"count":0,"href":"https:\/\/www.mundi-roth.de\/teneriffa-blog\/wp-json\/wp\/v2\/posts\/528\/revisions"}],"wp:attachment":[{"href":"https:\/\/www.mundi-roth.de\/teneriffa-blog\/wp-json\/wp\/v2\/media?parent=528"}],"wp:term":[{"taxonomy":"category","embeddable":true,"href":"https:\/\/www.mundi-roth.de\/teneriffa-blog\/wp-json\/wp\/v2\/categories?post=528"},{"taxonomy":"post_tag","embeddable":true,"href":"https:\/\/www.mundi-roth.de\/teneriffa-blog\/wp-json\/wp\/v2\/tags?post=528"}],"curies":[{"name":"wp","href":"https:\/\/api.w.org\/{rel}","templated":true}]}}