{"id":5366,"date":"2016-11-17T22:00:44","date_gmt":"2016-11-17T21:00:44","guid":{"rendered":"http:\/\/www.mundi-roth.de\/teneriffa-blog\/?p=5366"},"modified":"2016-11-19T09:51:26","modified_gmt":"2016-11-19T08:51:26","slug":"fuente-de-mal-abrigo-rundweg","status":"publish","type":"post","link":"https:\/\/www.mundi-roth.de\/teneriffa-blog\/wanderungen\/fuente-de-mal-abrigo-rundweg\/","title":{"rendered":"Fuente de Mal Abrigo  &#8211;  Rundweg"},"content":{"rendered":"<p>Etwas vorab:<br \/>\nWir haben diskutiert, ob ich \u00fcberhaupt Touren beschreiben soll, die nicht empfehlenswert sind.<br \/>\nIch habe mich daf\u00fcr entschieden, denn:<br \/>\nWir nennen unsere Seite \u201eWander-Tagebuch\u201c.<br \/>\nIn einem \u201eTagebuch\u201c stehen halt leider nicht immer nur positive Dinge.<br \/>\nZudem denke ich, es kann f\u00fcr die eine Wanderin oder den anderen Wanderer hilfreich sein, dass sie oder er nicht &#8211; wie es Elisabeth bei der Planung der heutigen Tour passiert ist &#8211; in eine \u201eFalle\u201c tappt als sie \u00fcber das\u00a0 Wanderprogramm \u201ekomoot\u201c diese Rundtour plante.<br \/>\nEs wurde eine 9,46 km lange, dreist\u00fcndige Route , 430 m rauf und\u00a0 430 m runter angezeigt.<br \/>\nDarauf haben wir uns gefreut.<br \/>\nUnd nun zu den Fakten:<\/p>\n<p><strong>Wanderwegstrecke:<\/strong> 8,37 km, knapp 5 Stunden Gehzeit inclusive 10 Minuten der obligatorischen Apfelpause.<br \/>\n<a href=\"http:\/\/www.mundi-roth.de\/teneriffa-blog\/wp-content\/uploads\/2016\/11\/Track02.jpg\" rel=\"lightbox[5366]\"><img loading=\"lazy\" decoding=\"async\" class=\"aligncenter size-medium wp-image-5367\" src=\"http:\/\/www.mundi-roth.de\/teneriffa-blog\/wp-content\/uploads\/2016\/11\/Track02-300x214.jpg\" alt=\"track02\" width=\"300\" height=\"214\" srcset=\"https:\/\/www.mundi-roth.de\/teneriffa-blog\/wp-content\/uploads\/2016\/11\/Track02-300x214.jpg 300w, https:\/\/www.mundi-roth.de\/teneriffa-blog\/wp-content\/uploads\/2016\/11\/Track02-150x107.jpg 150w, https:\/\/www.mundi-roth.de\/teneriffa-blog\/wp-content\/uploads\/2016\/11\/Track02-768x547.jpg 768w, https:\/\/www.mundi-roth.de\/teneriffa-blog\/wp-content\/uploads\/2016\/11\/Track02.jpg 800w\" sizes=\"auto, (max-width: 300px) 100vw, 300px\" \/><\/a><br \/>\nDer Tag lie\u00df sich gut an: Strahlend blauer Himmel, der Teide zeigt sich in seiner ganzen Pracht und Elisabeth fuhr uns vier: Michaela, Margret, Werner und mich, wie immer meisterlich, in 1 Stunde 15 Minuten zum Ausgangspunkt der Wanderung an der Esperanza Stra\u00dfe bei km 35.<\/p>\n\n\t\t<style type=\"text\/css\">\n\t\t\t#gallery-1 {\n\t\t\t\tmargin: auto;\n\t\t\t}\n\t\t\t#gallery-1 .gallery-item {\n\t\t\t\tfloat: left;\n\t\t\t\tmargin-top: 10px;\n\t\t\t\ttext-align: center;\n\t\t\t\twidth: 50%;\n\t\t\t}\n\t\t\t#gallery-1 img {\n\t\t\t\tborder: 2px solid #cfcfcf;\n\t\t\t}\n\t\t\t#gallery-1 .gallery-caption {\n\t\t\t\tmargin-left: 0;\n\t\t\t}\n\t\t\t\/* see gallery_shortcode() in wp-includes\/media.php *\/\n\t\t<\/style>\n\t\t<div id='gallery-1' class='gallery galleryid-5366 gallery-columns-2 gallery-size-thumbnail'><dl class='gallery-item'>\n\t\t\t<dt class='gallery-icon landscape'>\n\t\t\t\t<a href='https:\/\/www.mundi-roth.de\/teneriffa-blog\/wp-content\/uploads\/2016\/11\/P1240773.jpg' rel=\"lightbox[5366]\"><img loading=\"lazy\" decoding=\"async\" width=\"150\" height=\"114\" src=\"https:\/\/www.mundi-roth.de\/teneriffa-blog\/wp-content\/uploads\/2016\/11\/P1240773-150x114.jpg\" class=\"attachment-thumbnail size-thumbnail\" alt=\"\" srcset=\"https:\/\/www.mundi-roth.de\/teneriffa-blog\/wp-content\/uploads\/2016\/11\/P1240773-150x114.jpg 150w, https:\/\/www.mundi-roth.de\/teneriffa-blog\/wp-content\/uploads\/2016\/11\/P1240773-300x228.jpg 300w, https:\/\/www.mundi-roth.de\/teneriffa-blog\/wp-content\/uploads\/2016\/11\/P1240773-768x584.jpg 768w, https:\/\/www.mundi-roth.de\/teneriffa-blog\/wp-content\/uploads\/2016\/11\/P1240773.jpg 800w\" sizes=\"auto, (max-width: 150px) 100vw, 150px\" \/><\/a>\n\t\t\t<\/dt><\/dl><dl class='gallery-item'>\n\t\t\t<dt class='gallery-icon landscape'>\n\t\t\t\t<a href='https:\/\/www.mundi-roth.de\/teneriffa-blog\/wp-content\/uploads\/2016\/11\/P1240774.jpg' rel=\"lightbox[5366]\"><img loading=\"lazy\" decoding=\"async\" width=\"150\" height=\"98\" src=\"https:\/\/www.mundi-roth.de\/teneriffa-blog\/wp-content\/uploads\/2016\/11\/P1240774-150x98.jpg\" class=\"attachment-thumbnail size-thumbnail\" alt=\"\" srcset=\"https:\/\/www.mundi-roth.de\/teneriffa-blog\/wp-content\/uploads\/2016\/11\/P1240774-150x98.jpg 150w, https:\/\/www.mundi-roth.de\/teneriffa-blog\/wp-content\/uploads\/2016\/11\/P1240774-300x195.jpg 300w, https:\/\/www.mundi-roth.de\/teneriffa-blog\/wp-content\/uploads\/2016\/11\/P1240774-768x500.jpg 768w, https:\/\/www.mundi-roth.de\/teneriffa-blog\/wp-content\/uploads\/2016\/11\/P1240774.jpg 800w\" sizes=\"auto, (max-width: 150px) 100vw, 150px\" \/><\/a>\n\t\t\t<\/dt><\/dl><br style=\"clear: both\" \/>\n\t\t<\/div>\n\n<p>Die von Elisabeth als \u201eAgatha\u201c titulierte Sprecherin des Wanderprogramms komoot wies uns an, uns rechts auf den Wanderweg zu begeben. Eine breite sandige Fahrstra\u00dfe bildete den Anfang, wir wurden vor Bienen gewarnt und<a href=\"http:\/\/www.mundi-roth.de\/teneriffa-blog\/wp-content\/uploads\/2016\/11\/158772a03c0.jpg\" rel=\"lightbox[5366]\"><img loading=\"lazy\" decoding=\"async\" class=\"alignright size-thumbnail wp-image-5370\" src=\"http:\/\/www.mundi-roth.de\/teneriffa-blog\/wp-content\/uploads\/2016\/11\/158772a03c0-150x84.jpg\" alt=\"158772a03c0\" width=\"150\" height=\"84\" srcset=\"https:\/\/www.mundi-roth.de\/teneriffa-blog\/wp-content\/uploads\/2016\/11\/158772a03c0-150x84.jpg 150w, https:\/\/www.mundi-roth.de\/teneriffa-blog\/wp-content\/uploads\/2016\/11\/158772a03c0-300x169.jpg 300w, https:\/\/www.mundi-roth.de\/teneriffa-blog\/wp-content\/uploads\/2016\/11\/158772a03c0-768x432.jpg 768w, https:\/\/www.mundi-roth.de\/teneriffa-blog\/wp-content\/uploads\/2016\/11\/158772a03c0.jpg 800w\" sizes=\"auto, (max-width: 150px) 100vw, 150px\" \/><\/a> schon kurz darauf wurden wir angewiesen: rechts zu gehen:\u00a0 Da gab es aber eine\u00a0 aus dicken Steinen errichtete Mauer, die offensichtlich den Durchgang verweigern soll.<br \/>\nWir quetschen uns daran vorbei und finden vorerst noch einen schmalen Pfad, gelangen kurz darauf an einen Unterstand, der an einen Bunker erinnnert.<br \/>\n<a href=\"http:\/\/www.mundi-roth.de\/teneriffa-blog\/wp-content\/uploads\/2016\/11\/15873a019b0.jpg\" rel=\"lightbox[5366]\"><img loading=\"lazy\" decoding=\"async\" class=\"alignleft size-thumbnail wp-image-5389\" src=\"http:\/\/www.mundi-roth.de\/teneriffa-blog\/wp-content\/uploads\/2016\/11\/15873a019b0-150x113.jpg\" alt=\"15873a019b0\" width=\"150\" height=\"113\" srcset=\"https:\/\/www.mundi-roth.de\/teneriffa-blog\/wp-content\/uploads\/2016\/11\/15873a019b0-150x113.jpg 150w, https:\/\/www.mundi-roth.de\/teneriffa-blog\/wp-content\/uploads\/2016\/11\/15873a019b0-300x225.jpg 300w, https:\/\/www.mundi-roth.de\/teneriffa-blog\/wp-content\/uploads\/2016\/11\/15873a019b0-768x576.jpg 768w, https:\/\/www.mundi-roth.de\/teneriffa-blog\/wp-content\/uploads\/2016\/11\/15873a019b0.jpg 800w\" sizes=\"auto, (max-width: 150px) 100vw, 150px\" \/><\/a>Dieses Bauwerk soll uns auf dem R\u00fcckweg noch eine gro\u00dfe Hilfe zur Orientierung sein.<br \/>\nWir hangeln uns durch Gestr\u00fcpp, r\u00e4tseln? mehr <a href=\"http:\/\/www.mundi-roth.de\/teneriffa-blog\/wp-content\/uploads\/2016\/11\/P1240779.jpg\" rel=\"lightbox[5366]\"><img loading=\"lazy\" decoding=\"async\" class=\"alignright size-thumbnail wp-image-5372\" src=\"http:\/\/www.mundi-roth.de\/teneriffa-blog\/wp-content\/uploads\/2016\/11\/P1240779-150x113.jpg\" alt=\"p1240779\" width=\"150\" height=\"113\" srcset=\"https:\/\/www.mundi-roth.de\/teneriffa-blog\/wp-content\/uploads\/2016\/11\/P1240779-150x113.jpg 150w, https:\/\/www.mundi-roth.de\/teneriffa-blog\/wp-content\/uploads\/2016\/11\/P1240779-300x225.jpg 300w, https:\/\/www.mundi-roth.de\/teneriffa-blog\/wp-content\/uploads\/2016\/11\/P1240779-768x576.jpg 768w, https:\/\/www.mundi-roth.de\/teneriffa-blog\/wp-content\/uploads\/2016\/11\/P1240779.jpg 800w\" sizes=\"auto, (max-width: 150px) 100vw, 150px\" \/><\/a>rechts? mehr links? \u201eAgathas\u201c Hinweise sind nicht hilfreich, denn es gibt kein Weiterkommen,alles zugewachsen.<br \/>\nAlso, wir geben auf. Kehren auf den breiten Weg zur\u00fcck und folgen diesem nun ca. 2 \u00bd Stunden sanft in gro\u00dfen Kehren absteigend.<br \/>\nFinden die Farbschattierungen der Gesteinsh\u00e4nge wundersch\u00f6n, freuen uns, dass wir im Sonnenschein gehen und wir unter uns auf eine dichte, wei\u00dfe Wokenwand schauen.<\/p>\n\n\t\t<style type=\"text\/css\">\n\t\t\t#gallery-2 {\n\t\t\t\tmargin: auto;\n\t\t\t}\n\t\t\t#gallery-2 .gallery-item {\n\t\t\t\tfloat: left;\n\t\t\t\tmargin-top: 10px;\n\t\t\t\ttext-align: center;\n\t\t\t\twidth: 50%;\n\t\t\t}\n\t\t\t#gallery-2 img {\n\t\t\t\tborder: 2px solid #cfcfcf;\n\t\t\t}\n\t\t\t#gallery-2 .gallery-caption {\n\t\t\t\tmargin-left: 0;\n\t\t\t}\n\t\t\t\/* see gallery_shortcode() in wp-includes\/media.php *\/\n\t\t<\/style>\n\t\t<div id='gallery-2' class='gallery galleryid-5366 gallery-columns-2 gallery-size-thumbnail'><dl class='gallery-item'>\n\t\t\t<dt class='gallery-icon landscape'>\n\t\t\t\t<a href='https:\/\/www.mundi-roth.de\/teneriffa-blog\/wp-content\/uploads\/2016\/11\/P1240783.jpg' rel=\"lightbox[5366]\"><img loading=\"lazy\" decoding=\"async\" width=\"150\" height=\"113\" src=\"https:\/\/www.mundi-roth.de\/teneriffa-blog\/wp-content\/uploads\/2016\/11\/P1240783-150x113.jpg\" class=\"attachment-thumbnail size-thumbnail\" alt=\"\" srcset=\"https:\/\/www.mundi-roth.de\/teneriffa-blog\/wp-content\/uploads\/2016\/11\/P1240783-150x113.jpg 150w, https:\/\/www.mundi-roth.de\/teneriffa-blog\/wp-content\/uploads\/2016\/11\/P1240783-300x225.jpg 300w, https:\/\/www.mundi-roth.de\/teneriffa-blog\/wp-content\/uploads\/2016\/11\/P1240783-768x576.jpg 768w, https:\/\/www.mundi-roth.de\/teneriffa-blog\/wp-content\/uploads\/2016\/11\/P1240783.jpg 800w\" sizes=\"auto, (max-width: 150px) 100vw, 150px\" \/><\/a>\n\t\t\t<\/dt><\/dl><dl class='gallery-item'>\n\t\t\t<dt class='gallery-icon landscape'>\n\t\t\t\t<a href='https:\/\/www.mundi-roth.de\/teneriffa-blog\/wp-content\/uploads\/2016\/11\/P1240792.jpg' rel=\"lightbox[5366]\"><img loading=\"lazy\" decoding=\"async\" width=\"150\" height=\"113\" src=\"https:\/\/www.mundi-roth.de\/teneriffa-blog\/wp-content\/uploads\/2016\/11\/P1240792-150x113.jpg\" class=\"attachment-thumbnail size-thumbnail\" alt=\"\" srcset=\"https:\/\/www.mundi-roth.de\/teneriffa-blog\/wp-content\/uploads\/2016\/11\/P1240792-150x113.jpg 150w, https:\/\/www.mundi-roth.de\/teneriffa-blog\/wp-content\/uploads\/2016\/11\/P1240792-300x225.jpg 300w, https:\/\/www.mundi-roth.de\/teneriffa-blog\/wp-content\/uploads\/2016\/11\/P1240792-768x576.jpg 768w, https:\/\/www.mundi-roth.de\/teneriffa-blog\/wp-content\/uploads\/2016\/11\/P1240792.jpg 800w\" sizes=\"auto, (max-width: 150px) 100vw, 150px\" \/><\/a>\n\t\t\t<\/dt><\/dl><br style=\"clear: both\" \/><dl class='gallery-item'>\n\t\t\t<dt class='gallery-icon landscape'>\n\t\t\t\t<a href='https:\/\/www.mundi-roth.de\/teneriffa-blog\/wp-content\/uploads\/2016\/11\/P1240794.jpg' rel=\"lightbox[5366]\"><img loading=\"lazy\" decoding=\"async\" width=\"150\" height=\"113\" src=\"https:\/\/www.mundi-roth.de\/teneriffa-blog\/wp-content\/uploads\/2016\/11\/P1240794-150x113.jpg\" class=\"attachment-thumbnail size-thumbnail\" alt=\"\" srcset=\"https:\/\/www.mundi-roth.de\/teneriffa-blog\/wp-content\/uploads\/2016\/11\/P1240794-150x113.jpg 150w, https:\/\/www.mundi-roth.de\/teneriffa-blog\/wp-content\/uploads\/2016\/11\/P1240794-300x225.jpg 300w, https:\/\/www.mundi-roth.de\/teneriffa-blog\/wp-content\/uploads\/2016\/11\/P1240794-768x576.jpg 768w, https:\/\/www.mundi-roth.de\/teneriffa-blog\/wp-content\/uploads\/2016\/11\/P1240794.jpg 800w\" sizes=\"auto, (max-width: 150px) 100vw, 150px\" \/><\/a>\n\t\t\t<\/dt><\/dl><dl class='gallery-item'>\n\t\t\t<dt class='gallery-icon landscape'>\n\t\t\t\t<a href='https:\/\/www.mundi-roth.de\/teneriffa-blog\/wp-content\/uploads\/2016\/11\/P1240793.jpg' rel=\"lightbox[5366]\"><img loading=\"lazy\" decoding=\"async\" width=\"150\" height=\"113\" src=\"https:\/\/www.mundi-roth.de\/teneriffa-blog\/wp-content\/uploads\/2016\/11\/P1240793-150x113.jpg\" class=\"attachment-thumbnail size-thumbnail\" alt=\"\" srcset=\"https:\/\/www.mundi-roth.de\/teneriffa-blog\/wp-content\/uploads\/2016\/11\/P1240793-150x113.jpg 150w, https:\/\/www.mundi-roth.de\/teneriffa-blog\/wp-content\/uploads\/2016\/11\/P1240793-300x225.jpg 300w, https:\/\/www.mundi-roth.de\/teneriffa-blog\/wp-content\/uploads\/2016\/11\/P1240793-768x576.jpg 768w, https:\/\/www.mundi-roth.de\/teneriffa-blog\/wp-content\/uploads\/2016\/11\/P1240793.jpg 800w\" sizes=\"auto, (max-width: 150px) 100vw, 150px\" \/><\/a>\n\t\t\t<\/dt><\/dl><br style=\"clear: both\" \/>\n\t\t<\/div>\n\n<p>Unsere \u00dcberlegung ist: Wenn wir unter zu Rate ziehen der Karte den vorgesehenen Aufstieg nicht finden, m\u00fcssen wir denselben Weg zur\u00fcckgehen.<br \/>\nHaben aber die Hoffnung, dass man von unten kommend eher einen Pfad entdecken kann.<br \/>\n<em><strong>Aber:<\/strong><\/em> Der Beginn des Aufstieg ist ein relativ breiter, ausgewaschener Pfad und f\u00fchrt uns durch duftenden Kiefernwald aufw\u00e4rts. Erst Ger\u00f6ll, dann ein mit Kiefernnadeln bedeckter Waldboden, eine Vielzahl\u00a0 der Teide-Skabiose-B\u00fcsche, der Rosalito salvaje,\u00a0 bev\u00f6lkern die Landschaft, was muss das zur Bl\u00fctezeit im Juni f\u00fcr eine Pracht sein.<br \/>\nNur jetzt m\u00fcssen wir uns mit der Vorstellung zufrieden geben und bedauern, dass nun nach 20 Minuten Gehen Schlu\u00df mit lustig ist: Der Weg, wenn es denn \u00fcberhaupt einen gibt, ist nicht auszumachen. Wir k\u00e4mpfen uns durch garstiges Gestr\u00fcpp, das mordsm\u00e4\u00dfig sticht. Werner und Elisabeth sind unsere Pfadfinder, denn das\u00a0 Wanderprogramm versagt total: da wir in umgekehrter Richtung als geplant gegangen sind und kein Internet verf\u00fcgbar ist, so dass nicht umgeplant werden kann,\u00a0 bekommen wir auch nur verwirrende Ansagen. Hilfreich ist lediglich die Kartenzeichnung, dass wir in etwa wissen, in welcher Richtung wir uns bewegen m\u00fcssen.<\/p>\n\n\t\t<style type=\"text\/css\">\n\t\t\t#gallery-3 {\n\t\t\t\tmargin: auto;\n\t\t\t}\n\t\t\t#gallery-3 .gallery-item {\n\t\t\t\tfloat: left;\n\t\t\t\tmargin-top: 10px;\n\t\t\t\ttext-align: center;\n\t\t\t\twidth: 50%;\n\t\t\t}\n\t\t\t#gallery-3 img {\n\t\t\t\tborder: 2px solid #cfcfcf;\n\t\t\t}\n\t\t\t#gallery-3 .gallery-caption {\n\t\t\t\tmargin-left: 0;\n\t\t\t}\n\t\t\t\/* see gallery_shortcode() in wp-includes\/media.php *\/\n\t\t<\/style>\n\t\t<div id='gallery-3' class='gallery galleryid-5366 gallery-columns-2 gallery-size-thumbnail'><dl class='gallery-item'>\n\t\t\t<dt class='gallery-icon landscape'>\n\t\t\t\t<a href='https:\/\/www.mundi-roth.de\/teneriffa-blog\/wp-content\/uploads\/2016\/11\/P1240799.jpg' rel=\"lightbox[5366]\"><img loading=\"lazy\" decoding=\"async\" width=\"150\" height=\"113\" src=\"https:\/\/www.mundi-roth.de\/teneriffa-blog\/wp-content\/uploads\/2016\/11\/P1240799-150x113.jpg\" class=\"attachment-thumbnail size-thumbnail\" alt=\"\" srcset=\"https:\/\/www.mundi-roth.de\/teneriffa-blog\/wp-content\/uploads\/2016\/11\/P1240799-150x113.jpg 150w, https:\/\/www.mundi-roth.de\/teneriffa-blog\/wp-content\/uploads\/2016\/11\/P1240799-300x225.jpg 300w, https:\/\/www.mundi-roth.de\/teneriffa-blog\/wp-content\/uploads\/2016\/11\/P1240799-768x576.jpg 768w, https:\/\/www.mundi-roth.de\/teneriffa-blog\/wp-content\/uploads\/2016\/11\/P1240799.jpg 800w\" sizes=\"auto, (max-width: 150px) 100vw, 150px\" \/><\/a>\n\t\t\t<\/dt><\/dl><dl class='gallery-item'>\n\t\t\t<dt class='gallery-icon landscape'>\n\t\t\t\t<a href='https:\/\/www.mundi-roth.de\/teneriffa-blog\/wp-content\/uploads\/2016\/11\/P1240800-1.jpg' rel=\"lightbox[5366]\"><img loading=\"lazy\" decoding=\"async\" width=\"150\" height=\"113\" src=\"https:\/\/www.mundi-roth.de\/teneriffa-blog\/wp-content\/uploads\/2016\/11\/P1240800-1-150x113.jpg\" class=\"attachment-thumbnail size-thumbnail\" alt=\"\" srcset=\"https:\/\/www.mundi-roth.de\/teneriffa-blog\/wp-content\/uploads\/2016\/11\/P1240800-1-150x113.jpg 150w, https:\/\/www.mundi-roth.de\/teneriffa-blog\/wp-content\/uploads\/2016\/11\/P1240800-1-300x225.jpg 300w, https:\/\/www.mundi-roth.de\/teneriffa-blog\/wp-content\/uploads\/2016\/11\/P1240800-1-768x576.jpg 768w, https:\/\/www.mundi-roth.de\/teneriffa-blog\/wp-content\/uploads\/2016\/11\/P1240800-1.jpg 800w\" sizes=\"auto, (max-width: 150px) 100vw, 150px\" \/><\/a>\n\t\t\t<\/dt><\/dl><br style=\"clear: both\" \/><dl class='gallery-item'>\n\t\t\t<dt class='gallery-icon portrait'>\n\t\t\t\t<a href='https:\/\/www.mundi-roth.de\/teneriffa-blog\/wp-content\/uploads\/2016\/11\/P1240801.jpg' rel=\"lightbox[5366]\"><img loading=\"lazy\" decoding=\"async\" width=\"113\" height=\"150\" src=\"https:\/\/www.mundi-roth.de\/teneriffa-blog\/wp-content\/uploads\/2016\/11\/P1240801-113x150.jpg\" class=\"attachment-thumbnail size-thumbnail\" alt=\"\" srcset=\"https:\/\/www.mundi-roth.de\/teneriffa-blog\/wp-content\/uploads\/2016\/11\/P1240801-113x150.jpg 113w, https:\/\/www.mundi-roth.de\/teneriffa-blog\/wp-content\/uploads\/2016\/11\/P1240801-225x300.jpg 225w, https:\/\/www.mundi-roth.de\/teneriffa-blog\/wp-content\/uploads\/2016\/11\/P1240801.jpg 600w\" sizes=\"auto, (max-width: 113px) 100vw, 113px\" \/><\/a>\n\t\t\t<\/dt><\/dl><dl class='gallery-item'>\n\t\t\t<dt class='gallery-icon portrait'>\n\t\t\t\t<a href='https:\/\/www.mundi-roth.de\/teneriffa-blog\/wp-content\/uploads\/2016\/11\/P1240804.jpg' rel=\"lightbox[5366]\"><img loading=\"lazy\" decoding=\"async\" width=\"113\" height=\"150\" src=\"https:\/\/www.mundi-roth.de\/teneriffa-blog\/wp-content\/uploads\/2016\/11\/P1240804-113x150.jpg\" class=\"attachment-thumbnail size-thumbnail\" alt=\"\" srcset=\"https:\/\/www.mundi-roth.de\/teneriffa-blog\/wp-content\/uploads\/2016\/11\/P1240804-113x150.jpg 113w, https:\/\/www.mundi-roth.de\/teneriffa-blog\/wp-content\/uploads\/2016\/11\/P1240804-225x300.jpg 225w, https:\/\/www.mundi-roth.de\/teneriffa-blog\/wp-content\/uploads\/2016\/11\/P1240804.jpg 600w\" sizes=\"auto, (max-width: 113px) 100vw, 113px\" \/><\/a>\n\t\t\t<\/dt><\/dl><br style=\"clear: both\" \/><dl class='gallery-item'>\n\t\t\t<dt class='gallery-icon landscape'>\n\t\t\t\t<a href='https:\/\/www.mundi-roth.de\/teneriffa-blog\/wp-content\/uploads\/2016\/11\/P1240808.jpg' rel=\"lightbox[5366]\"><img loading=\"lazy\" decoding=\"async\" width=\"150\" height=\"113\" src=\"https:\/\/www.mundi-roth.de\/teneriffa-blog\/wp-content\/uploads\/2016\/11\/P1240808-150x113.jpg\" class=\"attachment-thumbnail size-thumbnail\" alt=\"\" srcset=\"https:\/\/www.mundi-roth.de\/teneriffa-blog\/wp-content\/uploads\/2016\/11\/P1240808-150x113.jpg 150w, https:\/\/www.mundi-roth.de\/teneriffa-blog\/wp-content\/uploads\/2016\/11\/P1240808-300x225.jpg 300w, https:\/\/www.mundi-roth.de\/teneriffa-blog\/wp-content\/uploads\/2016\/11\/P1240808-768x576.jpg 768w, https:\/\/www.mundi-roth.de\/teneriffa-blog\/wp-content\/uploads\/2016\/11\/P1240808.jpg 800w\" sizes=\"auto, (max-width: 150px) 100vw, 150px\" \/><\/a>\n\t\t\t<\/dt><\/dl><dl class='gallery-item'>\n\t\t\t<dt class='gallery-icon landscape'>\n\t\t\t\t<a href='https:\/\/www.mundi-roth.de\/teneriffa-blog\/wp-content\/uploads\/2016\/11\/P1240811.jpg' rel=\"lightbox[5366]\"><img loading=\"lazy\" decoding=\"async\" width=\"150\" height=\"113\" src=\"https:\/\/www.mundi-roth.de\/teneriffa-blog\/wp-content\/uploads\/2016\/11\/P1240811-150x113.jpg\" class=\"attachment-thumbnail size-thumbnail\" alt=\"\" srcset=\"https:\/\/www.mundi-roth.de\/teneriffa-blog\/wp-content\/uploads\/2016\/11\/P1240811-150x113.jpg 150w, https:\/\/www.mundi-roth.de\/teneriffa-blog\/wp-content\/uploads\/2016\/11\/P1240811-300x225.jpg 300w, https:\/\/www.mundi-roth.de\/teneriffa-blog\/wp-content\/uploads\/2016\/11\/P1240811-768x576.jpg 768w, https:\/\/www.mundi-roth.de\/teneriffa-blog\/wp-content\/uploads\/2016\/11\/P1240811.jpg 800w\" sizes=\"auto, (max-width: 150px) 100vw, 150px\" \/><\/a>\n\t\t\t<\/dt><\/dl><br style=\"clear: both\" \/>\n\t\t<\/div>\n\n<p>Ich mache es kurz, denn der Aufstieg ist alles andere als erfreulich. Wir m\u00fcssen uns \u00fcber abgestorbene Ginsterb\u00fcsche, steile, ger\u00f6llige Abh\u00e4nge, Barranco runter und rauf k\u00e4mpfen. Kurz nach 15 Uhr erblicken wir hoch oben den vorher erw\u00e4hnten Unterstand. Da atmen wir auf und erreichen ihn nach ca. 20 Minuten und 10 Minuten sp\u00e4ter sind wir \u2013 aufatmend mit\u00a0 total\u00a0 zerkratzen Beinen am Auto. Halleluja!<\/p>\n<p><strong>Fazit:<\/strong><br \/>\nWie es scheint, haben wir in dieser Wandersaison nicht so das gl\u00fcckliche H\u00e4ndchen unsere Wanderungen auszusuchen.<br \/>\nVon 7 gemachten sind nunmehr drei nicht empfehlenswert, vor denen wir so gar warnen sie nachzuwandern.<br \/>\nEs verwundert uns aber auch nicht, denn inzwischen haben Elisabeth und ich weit \u00fcber 200 Wanderungen gemacht und es wird allm\u00e4hlich schwierig \u2013 vor allem hier im S\u00fcden \u2013 noch neue Wege auszumachen.<br \/>\nAber: Nichtsdestotrotz wir verzagen nicht und n\u00e4chste Woche: neue Route \u2013 neues Gl\u00fcck!<\/p>\n","protected":false},"excerpt":{"rendered":"<p>Etwas vorab: Wir haben diskutiert, ob ich \u00fcberhaupt Touren beschreiben soll, die nicht empfehlenswert sind. Ich habe mich daf\u00fcr entschieden, denn: Wir nennen unsere Seite \u201eWander-Tagebuch\u201c. In einem \u201eTagebuch\u201c stehen halt leider nicht immer nur positive Dinge. Zudem denke ich, es kann f\u00fcr die eine Wanderin oder den anderen Wanderer hilfreich sein, dass sie oder [&hellip;]<\/p>\n","protected":false},"author":4,"featured_media":5388,"comment_status":"open","ping_status":"open","sticky":false,"template":"","format":"standard","meta":{"footnotes":""},"categories":[779,6],"tags":[940,939],"class_list":["post-5366","post","type-post","status-publish","format-standard","has-post-thumbnail","hentry","category-canadas","category-wanderungen","tag-esperanza-strasse","tag-fuente-de-mal-abrigo"],"yoast_head":"<!-- This site is optimized with the Yoast SEO plugin v27.5 - https:\/\/yoast.com\/product\/yoast-seo-wordpress\/ -->\n<title>Fuente de Mal Abrigo - Rundweg - Teneriffa Wandern<\/title>\n<meta name=\"robots\" content=\"index, follow, max-snippet:-1, max-image-preview:large, max-video-preview:-1\" \/>\n<link rel=\"canonical\" href=\"https:\/\/www.mundi-roth.de\/teneriffa-blog\/wanderungen\/fuente-de-mal-abrigo-rundweg\/\" \/>\n<meta name=\"twitter:label1\" content=\"Verfasst von\" \/>\n\t<meta name=\"twitter:data1\" content=\"mundi\" \/>\n\t<meta name=\"twitter:label2\" content=\"Gesch\u00e4tzte Lesezeit\" \/>\n\t<meta name=\"twitter:data2\" content=\"3\u00a0Minuten\" \/>\n<script type=\"application\/ld+json\" class=\"yoast-schema-graph\">{\"@context\":\"https:\\\/\\\/schema.org\",\"@graph\":[{\"@type\":\"Article\",\"@id\":\"https:\\\/\\\/www.mundi-roth.de\\\/teneriffa-blog\\\/wanderungen\\\/fuente-de-mal-abrigo-rundweg\\\/#article\",\"isPartOf\":{\"@id\":\"https:\\\/\\\/www.mundi-roth.de\\\/teneriffa-blog\\\/wanderungen\\\/fuente-de-mal-abrigo-rundweg\\\/\"},\"author\":{\"name\":\"mundi\",\"@id\":\"https:\\\/\\\/www.mundi-roth.de\\\/teneriffa-blog\\\/#\\\/schema\\\/person\\\/971c66b55f3ae5e8741553688c413cac\"},\"headline\":\"Fuente de Mal Abrigo &#8211; Rundweg\",\"datePublished\":\"2016-11-17T21:00:44+00:00\",\"dateModified\":\"2016-11-19T08:51:26+00:00\",\"mainEntityOfPage\":{\"@id\":\"https:\\\/\\\/www.mundi-roth.de\\\/teneriffa-blog\\\/wanderungen\\\/fuente-de-mal-abrigo-rundweg\\\/\"},\"wordCount\":694,\"commentCount\":1,\"image\":{\"@id\":\"https:\\\/\\\/www.mundi-roth.de\\\/teneriffa-blog\\\/wanderungen\\\/fuente-de-mal-abrigo-rundweg\\\/#primaryimage\"},\"thumbnailUrl\":\"https:\\\/\\\/www.mundi-roth.de\\\/teneriffa-blog\\\/wp-content\\\/uploads\\\/2016\\\/11\\\/P1240804-1.jpg\",\"keywords\":[\"Esperanza Stra\u00dfe\",\"Fuente de Mal Abrigo\"],\"articleSection\":[\"Ca\u00f1adas\",\"Wanderungen\"],\"inLanguage\":\"de\",\"potentialAction\":[{\"@type\":\"CommentAction\",\"name\":\"Comment\",\"target\":[\"https:\\\/\\\/www.mundi-roth.de\\\/teneriffa-blog\\\/wanderungen\\\/fuente-de-mal-abrigo-rundweg\\\/#respond\"]}]},{\"@type\":\"WebPage\",\"@id\":\"https:\\\/\\\/www.mundi-roth.de\\\/teneriffa-blog\\\/wanderungen\\\/fuente-de-mal-abrigo-rundweg\\\/\",\"url\":\"https:\\\/\\\/www.mundi-roth.de\\\/teneriffa-blog\\\/wanderungen\\\/fuente-de-mal-abrigo-rundweg\\\/\",\"name\":\"Fuente de Mal Abrigo - Rundweg - Teneriffa Wandern\",\"isPartOf\":{\"@id\":\"https:\\\/\\\/www.mundi-roth.de\\\/teneriffa-blog\\\/#website\"},\"primaryImageOfPage\":{\"@id\":\"https:\\\/\\\/www.mundi-roth.de\\\/teneriffa-blog\\\/wanderungen\\\/fuente-de-mal-abrigo-rundweg\\\/#primaryimage\"},\"image\":{\"@id\":\"https:\\\/\\\/www.mundi-roth.de\\\/teneriffa-blog\\\/wanderungen\\\/fuente-de-mal-abrigo-rundweg\\\/#primaryimage\"},\"thumbnailUrl\":\"https:\\\/\\\/www.mundi-roth.de\\\/teneriffa-blog\\\/wp-content\\\/uploads\\\/2016\\\/11\\\/P1240804-1.jpg\",\"datePublished\":\"2016-11-17T21:00:44+00:00\",\"dateModified\":\"2016-11-19T08:51:26+00:00\",\"author\":{\"@id\":\"https:\\\/\\\/www.mundi-roth.de\\\/teneriffa-blog\\\/#\\\/schema\\\/person\\\/971c66b55f3ae5e8741553688c413cac\"},\"breadcrumb\":{\"@id\":\"https:\\\/\\\/www.mundi-roth.de\\\/teneriffa-blog\\\/wanderungen\\\/fuente-de-mal-abrigo-rundweg\\\/#breadcrumb\"},\"inLanguage\":\"de\",\"potentialAction\":[{\"@type\":\"ReadAction\",\"target\":[\"https:\\\/\\\/www.mundi-roth.de\\\/teneriffa-blog\\\/wanderungen\\\/fuente-de-mal-abrigo-rundweg\\\/\"]}]},{\"@type\":\"ImageObject\",\"inLanguage\":\"de\",\"@id\":\"https:\\\/\\\/www.mundi-roth.de\\\/teneriffa-blog\\\/wanderungen\\\/fuente-de-mal-abrigo-rundweg\\\/#primaryimage\",\"url\":\"https:\\\/\\\/www.mundi-roth.de\\\/teneriffa-blog\\\/wp-content\\\/uploads\\\/2016\\\/11\\\/P1240804-1.jpg\",\"contentUrl\":\"https:\\\/\\\/www.mundi-roth.de\\\/teneriffa-blog\\\/wp-content\\\/uploads\\\/2016\\\/11\\\/P1240804-1.jpg\",\"width\":600,\"height\":800},{\"@type\":\"BreadcrumbList\",\"@id\":\"https:\\\/\\\/www.mundi-roth.de\\\/teneriffa-blog\\\/wanderungen\\\/fuente-de-mal-abrigo-rundweg\\\/#breadcrumb\",\"itemListElement\":[{\"@type\":\"ListItem\",\"position\":1,\"name\":\"Startseite\",\"item\":\"https:\\\/\\\/www.mundi-roth.de\\\/teneriffa-blog\\\/\"},{\"@type\":\"ListItem\",\"position\":2,\"name\":\"Fuente de Mal Abrigo &#8211; Rundweg\"}]},{\"@type\":\"WebSite\",\"@id\":\"https:\\\/\\\/www.mundi-roth.de\\\/teneriffa-blog\\\/#website\",\"url\":\"https:\\\/\\\/www.mundi-roth.de\\\/teneriffa-blog\\\/\",\"name\":\"Teneriffa Wandern\",\"description\":\"Nicht nur Wanderungen auf Teneriffa...\",\"potentialAction\":[{\"@type\":\"SearchAction\",\"target\":{\"@type\":\"EntryPoint\",\"urlTemplate\":\"https:\\\/\\\/www.mundi-roth.de\\\/teneriffa-blog\\\/?s={search_term_string}\"},\"query-input\":{\"@type\":\"PropertyValueSpecification\",\"valueRequired\":true,\"valueName\":\"search_term_string\"}}],\"inLanguage\":\"de\"},{\"@type\":\"Person\",\"@id\":\"https:\\\/\\\/www.mundi-roth.de\\\/teneriffa-blog\\\/#\\\/schema\\\/person\\\/971c66b55f3ae5e8741553688c413cac\",\"name\":\"mundi\",\"image\":{\"@type\":\"ImageObject\",\"inLanguage\":\"de\",\"@id\":\"https:\\\/\\\/secure.gravatar.com\\\/avatar\\\/555f0dd85428f1a9330f8e5dbe9e40ff9ca912bb81e5a89747ebf3ca9c20dc0f?s=96&d=mm&r=g\",\"url\":\"https:\\\/\\\/secure.gravatar.com\\\/avatar\\\/555f0dd85428f1a9330f8e5dbe9e40ff9ca912bb81e5a89747ebf3ca9c20dc0f?s=96&d=mm&r=g\",\"contentUrl\":\"https:\\\/\\\/secure.gravatar.com\\\/avatar\\\/555f0dd85428f1a9330f8e5dbe9e40ff9ca912bb81e5a89747ebf3ca9c20dc0f?s=96&d=mm&r=g\",\"caption\":\"mundi\"},\"sameAs\":[\"http:\\\/\\\/mundi-roth.de\"],\"url\":\"https:\\\/\\\/www.mundi-roth.de\\\/teneriffa-blog\\\/author\\\/mundi\\\/\"}]}<\/script>\n<!-- \/ Yoast SEO plugin. -->","yoast_head_json":{"title":"Fuente de Mal Abrigo - Rundweg - Teneriffa Wandern","robots":{"index":"index","follow":"follow","max-snippet":"max-snippet:-1","max-image-preview":"max-image-preview:large","max-video-preview":"max-video-preview:-1"},"canonical":"https:\/\/www.mundi-roth.de\/teneriffa-blog\/wanderungen\/fuente-de-mal-abrigo-rundweg\/","twitter_misc":{"Verfasst von":"mundi","Gesch\u00e4tzte Lesezeit":"3\u00a0Minuten"},"schema":{"@context":"https:\/\/schema.org","@graph":[{"@type":"Article","@id":"https:\/\/www.mundi-roth.de\/teneriffa-blog\/wanderungen\/fuente-de-mal-abrigo-rundweg\/#article","isPartOf":{"@id":"https:\/\/www.mundi-roth.de\/teneriffa-blog\/wanderungen\/fuente-de-mal-abrigo-rundweg\/"},"author":{"name":"mundi","@id":"https:\/\/www.mundi-roth.de\/teneriffa-blog\/#\/schema\/person\/971c66b55f3ae5e8741553688c413cac"},"headline":"Fuente de Mal Abrigo &#8211; Rundweg","datePublished":"2016-11-17T21:00:44+00:00","dateModified":"2016-11-19T08:51:26+00:00","mainEntityOfPage":{"@id":"https:\/\/www.mundi-roth.de\/teneriffa-blog\/wanderungen\/fuente-de-mal-abrigo-rundweg\/"},"wordCount":694,"commentCount":1,"image":{"@id":"https:\/\/www.mundi-roth.de\/teneriffa-blog\/wanderungen\/fuente-de-mal-abrigo-rundweg\/#primaryimage"},"thumbnailUrl":"https:\/\/www.mundi-roth.de\/teneriffa-blog\/wp-content\/uploads\/2016\/11\/P1240804-1.jpg","keywords":["Esperanza Stra\u00dfe","Fuente de Mal Abrigo"],"articleSection":["Ca\u00f1adas","Wanderungen"],"inLanguage":"de","potentialAction":[{"@type":"CommentAction","name":"Comment","target":["https:\/\/www.mundi-roth.de\/teneriffa-blog\/wanderungen\/fuente-de-mal-abrigo-rundweg\/#respond"]}]},{"@type":"WebPage","@id":"https:\/\/www.mundi-roth.de\/teneriffa-blog\/wanderungen\/fuente-de-mal-abrigo-rundweg\/","url":"https:\/\/www.mundi-roth.de\/teneriffa-blog\/wanderungen\/fuente-de-mal-abrigo-rundweg\/","name":"Fuente de Mal Abrigo - Rundweg - Teneriffa Wandern","isPartOf":{"@id":"https:\/\/www.mundi-roth.de\/teneriffa-blog\/#website"},"primaryImageOfPage":{"@id":"https:\/\/www.mundi-roth.de\/teneriffa-blog\/wanderungen\/fuente-de-mal-abrigo-rundweg\/#primaryimage"},"image":{"@id":"https:\/\/www.mundi-roth.de\/teneriffa-blog\/wanderungen\/fuente-de-mal-abrigo-rundweg\/#primaryimage"},"thumbnailUrl":"https:\/\/www.mundi-roth.de\/teneriffa-blog\/wp-content\/uploads\/2016\/11\/P1240804-1.jpg","datePublished":"2016-11-17T21:00:44+00:00","dateModified":"2016-11-19T08:51:26+00:00","author":{"@id":"https:\/\/www.mundi-roth.de\/teneriffa-blog\/#\/schema\/person\/971c66b55f3ae5e8741553688c413cac"},"breadcrumb":{"@id":"https:\/\/www.mundi-roth.de\/teneriffa-blog\/wanderungen\/fuente-de-mal-abrigo-rundweg\/#breadcrumb"},"inLanguage":"de","potentialAction":[{"@type":"ReadAction","target":["https:\/\/www.mundi-roth.de\/teneriffa-blog\/wanderungen\/fuente-de-mal-abrigo-rundweg\/"]}]},{"@type":"ImageObject","inLanguage":"de","@id":"https:\/\/www.mundi-roth.de\/teneriffa-blog\/wanderungen\/fuente-de-mal-abrigo-rundweg\/#primaryimage","url":"https:\/\/www.mundi-roth.de\/teneriffa-blog\/wp-content\/uploads\/2016\/11\/P1240804-1.jpg","contentUrl":"https:\/\/www.mundi-roth.de\/teneriffa-blog\/wp-content\/uploads\/2016\/11\/P1240804-1.jpg","width":600,"height":800},{"@type":"BreadcrumbList","@id":"https:\/\/www.mundi-roth.de\/teneriffa-blog\/wanderungen\/fuente-de-mal-abrigo-rundweg\/#breadcrumb","itemListElement":[{"@type":"ListItem","position":1,"name":"Startseite","item":"https:\/\/www.mundi-roth.de\/teneriffa-blog\/"},{"@type":"ListItem","position":2,"name":"Fuente de Mal Abrigo &#8211; Rundweg"}]},{"@type":"WebSite","@id":"https:\/\/www.mundi-roth.de\/teneriffa-blog\/#website","url":"https:\/\/www.mundi-roth.de\/teneriffa-blog\/","name":"Teneriffa Wandern","description":"Nicht nur Wanderungen auf Teneriffa...","potentialAction":[{"@type":"SearchAction","target":{"@type":"EntryPoint","urlTemplate":"https:\/\/www.mundi-roth.de\/teneriffa-blog\/?s={search_term_string}"},"query-input":{"@type":"PropertyValueSpecification","valueRequired":true,"valueName":"search_term_string"}}],"inLanguage":"de"},{"@type":"Person","@id":"https:\/\/www.mundi-roth.de\/teneriffa-blog\/#\/schema\/person\/971c66b55f3ae5e8741553688c413cac","name":"mundi","image":{"@type":"ImageObject","inLanguage":"de","@id":"https:\/\/secure.gravatar.com\/avatar\/555f0dd85428f1a9330f8e5dbe9e40ff9ca912bb81e5a89747ebf3ca9c20dc0f?s=96&d=mm&r=g","url":"https:\/\/secure.gravatar.com\/avatar\/555f0dd85428f1a9330f8e5dbe9e40ff9ca912bb81e5a89747ebf3ca9c20dc0f?s=96&d=mm&r=g","contentUrl":"https:\/\/secure.gravatar.com\/avatar\/555f0dd85428f1a9330f8e5dbe9e40ff9ca912bb81e5a89747ebf3ca9c20dc0f?s=96&d=mm&r=g","caption":"mundi"},"sameAs":["http:\/\/mundi-roth.de"],"url":"https:\/\/www.mundi-roth.de\/teneriffa-blog\/author\/mundi\/"}]}},"_links":{"self":[{"href":"https:\/\/www.mundi-roth.de\/teneriffa-blog\/wp-json\/wp\/v2\/posts\/5366","targetHints":{"allow":["GET"]}}],"collection":[{"href":"https:\/\/www.mundi-roth.de\/teneriffa-blog\/wp-json\/wp\/v2\/posts"}],"about":[{"href":"https:\/\/www.mundi-roth.de\/teneriffa-blog\/wp-json\/wp\/v2\/types\/post"}],"author":[{"embeddable":true,"href":"https:\/\/www.mundi-roth.de\/teneriffa-blog\/wp-json\/wp\/v2\/users\/4"}],"replies":[{"embeddable":true,"href":"https:\/\/www.mundi-roth.de\/teneriffa-blog\/wp-json\/wp\/v2\/comments?post=5366"}],"version-history":[{"count":0,"href":"https:\/\/www.mundi-roth.de\/teneriffa-blog\/wp-json\/wp\/v2\/posts\/5366\/revisions"}],"wp:featuredmedia":[{"embeddable":true,"href":"https:\/\/www.mundi-roth.de\/teneriffa-blog\/wp-json\/wp\/v2\/media\/5388"}],"wp:attachment":[{"href":"https:\/\/www.mundi-roth.de\/teneriffa-blog\/wp-json\/wp\/v2\/media?parent=5366"}],"wp:term":[{"taxonomy":"category","embeddable":true,"href":"https:\/\/www.mundi-roth.de\/teneriffa-blog\/wp-json\/wp\/v2\/categories?post=5366"},{"taxonomy":"post_tag","embeddable":true,"href":"https:\/\/www.mundi-roth.de\/teneriffa-blog\/wp-json\/wp\/v2\/tags?post=5366"}],"curies":[{"name":"wp","href":"https:\/\/api.w.org\/{rel}","templated":true}]}}