{"id":5392,"date":"2016-11-24T22:00:18","date_gmt":"2016-11-24T21:00:18","guid":{"rendered":"http:\/\/www.mundi-roth.de\/teneriffa-blog\/?p=5392"},"modified":"2016-11-25T17:45:26","modified_gmt":"2016-11-25T16:45:26","slug":"teilabschnitt-des-camino-real-del-norte-puerto-de-erjos-erjos-pass-el-tanque","status":"publish","type":"post","link":"https:\/\/www.mundi-roth.de\/teneriffa-blog\/allgemein\/teilabschnitt-des-camino-real-del-norte-puerto-de-erjos-erjos-pass-el-tanque\/","title":{"rendered":"Puerto de Erjos (Erjos-Pass) \u2013 El Tanque"},"content":{"rendered":"<p><H3>Teilabschnitt des Camino Real del Norte<\/H3><\/p>\n<p>Meine Idee war, den Camino Real, diesen Handelsweg, der bereits von den Guanchen errichtet wurde und nach der Eroberung Teneriffas 1496 durch die Spanier im Besitz, Schutz und unter der Rechtsprechung der Krone stand\u00a0 \u2013 so weit es geht \u2013 nach zu wandern.<\/p>\n<p>So weit so gut.<\/p>\n<p>In der vergangen Wandersaison haben Elisabeth und ich den 127 km langen\u00a0 Camino Real del Sur von Candelaria bis Santiago del Teide in 9 Etappen nachvollzogen.<br \/>\nZum Teil sehr leidvoll, da unwegsam und wir waren drauf und dran aufzugeben, bis wir die erbetenen GPS Daten von dem \u201emonta\u00f1ero\u201c Francisco Fari\u00f1a bekamen.<br \/>\nDieser \u201eBergsteiger\u201c macht sich um die Wiederbelebung des \u201ecamino real\u201c sehr verdient und wurde daf\u00fcr auch schon von der Inselregierung ausgezeichnet.<br \/>\nNun fand ich auf seiner Web-Seite die Beschreibung des Camino Real del Norte.<br \/>\nFreute mich sehr und fand es sch\u00f6n, den direkten Anschluss an den \u201eSur\u201c gefunden zu haben.<br \/>\nJedoch:<br \/>\nDa er schon den Aufstieg von Santiago del Teide bis zum Puerto de Erjos als sehr unwegsam und schwer auffindbar beschreibt, schenkten wir uns diesen Part und stiegen in diese Wanderung erst vom Pass aus ein.<\/p>\n<p>Elisabeth und ich sind erst im Fr\u00fchjahr von den Teichen aufgestiegen.\u00a0 Zwar war der Pfad, den wir gefunden haben,\u00a0 sehr verwachsen aber ganz gut begehbar.<br \/>\nNun hatte ich die exakte Route \u2013 von F.F. vorgegeben \u2013 mit komoot programmiert und wir wurden in ein solches Brombeergestr\u00fcpp, begleitet noch von Stechginster, geleitet, dass es kein Durchkommen gab und wir umkehren mussten.<a href=\"http:\/\/www.mundi-roth.de\/teneriffa-blog\/wp-content\/uploads\/2016\/11\/P1240831.jpg\" rel=\"lightbox[5392]\"><img loading=\"lazy\" decoding=\"async\" class=\"alignright size-thumbnail wp-image-5394\" src=\"http:\/\/www.mundi-roth.de\/teneriffa-blog\/wp-content\/uploads\/2016\/11\/P1240831-150x113.jpg\" alt=\"p1240831\" width=\"150\" height=\"113\" srcset=\"https:\/\/www.mundi-roth.de\/teneriffa-blog\/wp-content\/uploads\/2016\/11\/P1240831-150x113.jpg 150w, https:\/\/www.mundi-roth.de\/teneriffa-blog\/wp-content\/uploads\/2016\/11\/P1240831-300x225.jpg 300w, https:\/\/www.mundi-roth.de\/teneriffa-blog\/wp-content\/uploads\/2016\/11\/P1240831-768x576.jpg 768w, https:\/\/www.mundi-roth.de\/teneriffa-blog\/wp-content\/uploads\/2016\/11\/P1240831.jpg 800w\" sizes=\"auto, (max-width: 150px) 100vw, 150px\" \/><\/a><br \/>\nHier hat sich unser \u201ePfadfinder\u201c Werner wieder sehr bew\u00e4hrt, er fand doch tats\u00e4chlich in dieser Wildnis den zum Teil noch in der Camino-Real-Manier gepflasterten Pfad und wir k\u00e4mpften uns durch mehr als l\u00e4stige Brombeerstr\u00e4ucher bis zu den Teichen.<br \/>\nAb hier war der Weg gekennzeichnet, mit Hinweisschildern u.a. bis Erjos.\u00a0 Daran hielten wir uns nun, denn der \u201eK\u00f6nigsweg\u201c verlief mehr rechts, wir h\u00e4tten an der TF 82 entlang gehen m\u00fcssen.<br \/>\nDas ist ja das Problem: gro\u00dfe Teile des ehemaligen Handelsweges sind asphaltiert, \u00fcberbaut, zugewuchert, unkenntlich.<\/p>\n<p>Ich mache es kurz:<\/p>\n<p><strong>Wanderwegstrecke: von Puerto de Erjos bis El Tanque rund 10 km in 2 \u00bd Stunden<\/strong><\/p>\n<p><a href=\"http:\/\/www.mundi-roth.de\/teneriffa-blog\/wp-content\/uploads\/2016\/11\/Track01.jpg\" rel=\"lightbox[5392]\"><img loading=\"lazy\" decoding=\"async\" class=\"aligncenter size-medium wp-image-5393\" src=\"http:\/\/www.mundi-roth.de\/teneriffa-blog\/wp-content\/uploads\/2016\/11\/Track01-300x225.jpg\" alt=\"track01\" width=\"300\" height=\"225\" srcset=\"https:\/\/www.mundi-roth.de\/teneriffa-blog\/wp-content\/uploads\/2016\/11\/Track01-300x225.jpg 300w, https:\/\/www.mundi-roth.de\/teneriffa-blog\/wp-content\/uploads\/2016\/11\/Track01-150x113.jpg 150w, https:\/\/www.mundi-roth.de\/teneriffa-blog\/wp-content\/uploads\/2016\/11\/Track01-768x576.jpg 768w, https:\/\/www.mundi-roth.de\/teneriffa-blog\/wp-content\/uploads\/2016\/11\/Track01.jpg 800w\" sizes=\"auto, (max-width: 300px) 100vw, 300px\" \/><\/a><br \/>\nLohnt nicht nachzuwandern!<\/p>\n<p>Da bietet die Insel eine Vielzahl weit sch\u00f6nerer Wanderungen.<br \/>\n<a href=\"http:\/\/www.mundi-roth.de\/teneriffa-blog\/wp-content\/uploads\/2016\/11\/P1240844.jpg\" rel=\"lightbox[5392]\"><img loading=\"lazy\" decoding=\"async\" class=\"alignleft size-thumbnail wp-image-5400\" src=\"http:\/\/www.mundi-roth.de\/teneriffa-blog\/wp-content\/uploads\/2016\/11\/P1240844-150x113.jpg\" alt=\"p1240844\" width=\"150\" height=\"113\" srcset=\"https:\/\/www.mundi-roth.de\/teneriffa-blog\/wp-content\/uploads\/2016\/11\/P1240844-150x113.jpg 150w, https:\/\/www.mundi-roth.de\/teneriffa-blog\/wp-content\/uploads\/2016\/11\/P1240844-300x225.jpg 300w, https:\/\/www.mundi-roth.de\/teneriffa-blog\/wp-content\/uploads\/2016\/11\/P1240844-768x576.jpg 768w, https:\/\/www.mundi-roth.de\/teneriffa-blog\/wp-content\/uploads\/2016\/11\/P1240844.jpg 800w\" sizes=\"auto, (max-width: 150px) 100vw, 150px\" \/><\/a>Wir bekamen allerdings das urbane Leben von den D\u00f6rfchen Erjos, Ruig\u00f3mez und El Tanque mit. Wir wanderten teilweise statt auf alten gepflasterten Pfaden auf modernen geriffelten Betonpisten, die die<a href=\"http:\/\/www.mundi-roth.de\/teneriffa-blog\/wp-content\/uploads\/2016\/11\/P1240839.jpg\" rel=\"lightbox[5392]\"><img loading=\"lazy\" decoding=\"async\" class=\"alignright size-thumbnail wp-image-5401\" src=\"http:\/\/www.mundi-roth.de\/teneriffa-blog\/wp-content\/uploads\/2016\/11\/P1240839-150x113.jpg\" alt=\"p1240839\" width=\"150\" height=\"113\" srcset=\"https:\/\/www.mundi-roth.de\/teneriffa-blog\/wp-content\/uploads\/2016\/11\/P1240839-150x113.jpg 150w, https:\/\/www.mundi-roth.de\/teneriffa-blog\/wp-content\/uploads\/2016\/11\/P1240839-300x225.jpg 300w, https:\/\/www.mundi-roth.de\/teneriffa-blog\/wp-content\/uploads\/2016\/11\/P1240839-768x576.jpg 768w, https:\/\/www.mundi-roth.de\/teneriffa-blog\/wp-content\/uploads\/2016\/11\/P1240839.jpg 800w\" sizes=\"auto, (max-width: 150px) 100vw, 150px\" \/><\/a> Strecke begleitenden Pflanzen waren interessant, h\u00fcbsch bis sehr sch\u00f6n, die Apfelpause machten wir sozusagen im Angesicht oder der R\u00fcckenansicht von Kamelen (wir wanderten an der Kamelfarm vorbei).<br \/>\nKlar, wir hatten die Aussicht auf das Meer und den Teide, immer wieder von<a href=\"http:\/\/www.mundi-roth.de\/teneriffa-blog\/wp-content\/uploads\/2016\/11\/P1240857.jpg\" rel=\"lightbox[5392]\"><img loading=\"lazy\" decoding=\"async\" class=\"alignright size-thumbnail wp-image-5398\" src=\"http:\/\/www.mundi-roth.de\/teneriffa-blog\/wp-content\/uploads\/2016\/11\/P1240857-150x113.jpg\" alt=\"p1240857\" width=\"150\" height=\"113\" srcset=\"https:\/\/www.mundi-roth.de\/teneriffa-blog\/wp-content\/uploads\/2016\/11\/P1240857-150x113.jpg 150w, https:\/\/www.mundi-roth.de\/teneriffa-blog\/wp-content\/uploads\/2016\/11\/P1240857-300x225.jpg 300w, https:\/\/www.mundi-roth.de\/teneriffa-blog\/wp-content\/uploads\/2016\/11\/P1240857-768x576.jpg 768w, https:\/\/www.mundi-roth.de\/teneriffa-blog\/wp-content\/uploads\/2016\/11\/P1240857.jpg 800w\" sizes=\"auto, (max-width: 150px) 100vw, 150px\" \/><\/a> andere Wolkengebilden \u201eummantelt\u201c. Die Gegend wird landwirtschaftlich sehr genutzt und kurz vor El Tanque stellten wir fest, dass\u00a0 das Restaurant \u201eMirador Molino de Lomo\u201c, (= M\u00fchle auf dem Bergr\u00fccken) wieder ge\u00f6ffnet hat.<br \/>\nZwischendurch war es mal Hotelfachschule, dann lange geschlossen.<br \/>\nEs wurde nach den Pl\u00e4nen des ber\u00fchmten C\u00e4sar Manrique, Maler, Architekt aus Lanzarote erbaut. Nicht nur der Baustil zeichnete seine Objekte aus sondern auch die Lage an markanten, herausragend sch\u00f6nen Pl\u00e4tzen.<br \/>\nDa wir schon sehr fr\u00fch in El Tanque waren, unser Bus aber erst so ca. 16:15 Uhr kommen sollte \u2013 er kam dann um 16:35 Uhr &#8211; gingen wir noch zu dem Mirador.<br \/>\n<a href=\"http:\/\/www.mundi-roth.de\/teneriffa-blog\/wp-content\/uploads\/2016\/11\/15896b45330.jpg\" rel=\"lightbox[5392]\"><img loading=\"lazy\" decoding=\"async\" class=\"alignleft size-thumbnail wp-image-5399\" src=\"http:\/\/www.mundi-roth.de\/teneriffa-blog\/wp-content\/uploads\/2016\/11\/15896b45330-150x113.jpg\" alt=\"15896b45330\" width=\"150\" height=\"113\" srcset=\"https:\/\/www.mundi-roth.de\/teneriffa-blog\/wp-content\/uploads\/2016\/11\/15896b45330-150x113.jpg 150w, https:\/\/www.mundi-roth.de\/teneriffa-blog\/wp-content\/uploads\/2016\/11\/15896b45330-300x225.jpg 300w, https:\/\/www.mundi-roth.de\/teneriffa-blog\/wp-content\/uploads\/2016\/11\/15896b45330-768x576.jpg 768w, https:\/\/www.mundi-roth.de\/teneriffa-blog\/wp-content\/uploads\/2016\/11\/15896b45330.jpg 800w\" sizes=\"auto, (max-width: 150px) 100vw, 150px\" \/><\/a>Wie erwartet: Die Sicht auf die K\u00fcste, Garachico unter uns: grandios!<br \/>\nNoch eine Attraktion: Direkt vor dem Restaurant starten die Paraglider um ihren \u201eVogelflug\u201c anzutreten.<\/p>\n<p>Was bot sich an: Wir essen hier mit dieser grandiosen Sicht als Zugabe.<\/p>\n<p><strong>ABER:<\/strong> Sollten sie sich diese Aussicht und das Geb\u00e4ude mal ansehen wollen: Nicht hier essen! So grottenschlecht haben wir noch nie auf der Insel Tapas gegessen. Die Bedienung war allerdings sehr freundlich!<\/p>\n<p><strong>Fazit:<\/strong><br \/>\nMeine Idee den Camino Real weiterzugehen, die habe ich gestern begraben.<br \/>\nDas macht keinen Sinn.<br \/>\nSollte eines fernen Tages die Inselregierung den Plan, diesen Weg &#8211;\u00a0 so weit es \u00fcberhaupt noch m\u00f6glich ist \u2013 wieder nachvollziehbar machen, dann ja. Aber unter den gegebenen Bedingungen: NEIN DANKE!<\/p>\n","protected":false},"excerpt":{"rendered":"<p>Teilabschnitt des Camino Real del Norte Meine Idee war, den Camino Real, diesen Handelsweg, der bereits von den Guanchen errichtet wurde und nach der Eroberung Teneriffas 1496 durch die Spanier im Besitz, Schutz und unter der Rechtsprechung der Krone stand\u00a0 \u2013 so weit es geht \u2013 nach zu wandern. So weit so gut. In der [&hellip;]<\/p>\n","protected":false},"author":4,"featured_media":0,"comment_status":"open","ping_status":"open","sticky":false,"template":"","format":"standard","meta":{"footnotes":""},"categories":[1,778,6],"tags":[47,942,658,455,941,678,67],"class_list":["post-5392","post","type-post","status-publish","format-standard","hentry","category-allgemein","category-teno-gebirge","category-wanderungen","tag-camino-real","tag-caesar-manrique","tag-el-tanque","tag-erjos-pass","tag-puerto-de-erjos","tag-ruigomez","tag-santiago-del-teide"],"yoast_head":"<!-- This site is optimized with the Yoast SEO plugin v27.5 - https:\/\/yoast.com\/product\/yoast-seo-wordpress\/ -->\n<title>Puerto de Erjos (Erjos-Pass) \u2013 El Tanque - Teneriffa Wandern<\/title>\n<meta name=\"robots\" content=\"index, follow, max-snippet:-1, max-image-preview:large, max-video-preview:-1\" \/>\n<link rel=\"canonical\" href=\"https:\/\/www.mundi-roth.de\/teneriffa-blog\/allgemein\/teilabschnitt-des-camino-real-del-norte-puerto-de-erjos-erjos-pass-el-tanque\/\" \/>\n<meta name=\"twitter:label1\" content=\"Verfasst von\" \/>\n\t<meta name=\"twitter:data1\" content=\"mundi\" \/>\n\t<meta name=\"twitter:label2\" content=\"Gesch\u00e4tzte Lesezeit\" \/>\n\t<meta name=\"twitter:data2\" content=\"3\u00a0Minuten\" \/>\n<script type=\"application\/ld+json\" class=\"yoast-schema-graph\">{\"@context\":\"https:\\\/\\\/schema.org\",\"@graph\":[{\"@type\":\"Article\",\"@id\":\"https:\\\/\\\/www.mundi-roth.de\\\/teneriffa-blog\\\/allgemein\\\/teilabschnitt-des-camino-real-del-norte-puerto-de-erjos-erjos-pass-el-tanque\\\/#article\",\"isPartOf\":{\"@id\":\"https:\\\/\\\/www.mundi-roth.de\\\/teneriffa-blog\\\/allgemein\\\/teilabschnitt-des-camino-real-del-norte-puerto-de-erjos-erjos-pass-el-tanque\\\/\"},\"author\":{\"name\":\"mundi\",\"@id\":\"https:\\\/\\\/www.mundi-roth.de\\\/teneriffa-blog\\\/#\\\/schema\\\/person\\\/971c66b55f3ae5e8741553688c413cac\"},\"headline\":\"Puerto de Erjos (Erjos-Pass) \u2013 El Tanque\",\"datePublished\":\"2016-11-24T21:00:18+00:00\",\"dateModified\":\"2016-11-25T16:45:26+00:00\",\"mainEntityOfPage\":{\"@id\":\"https:\\\/\\\/www.mundi-roth.de\\\/teneriffa-blog\\\/allgemein\\\/teilabschnitt-des-camino-real-del-norte-puerto-de-erjos-erjos-pass-el-tanque\\\/\"},\"wordCount\":682,\"commentCount\":0,\"image\":{\"@id\":\"https:\\\/\\\/www.mundi-roth.de\\\/teneriffa-blog\\\/allgemein\\\/teilabschnitt-des-camino-real-del-norte-puerto-de-erjos-erjos-pass-el-tanque\\\/#primaryimage\"},\"thumbnailUrl\":\"http:\\\/\\\/www.mundi-roth.de\\\/teneriffa-blog\\\/wp-content\\\/uploads\\\/2016\\\/11\\\/P1240831-150x113.jpg\",\"keywords\":[\"Camino Real\",\"C\u00e4sar Manrique\",\"El Tanque\",\"Erjos Pass\",\"Puerto de Erjos\",\"Ruig\u00f3mez\",\"Santiago del Teide\"],\"articleSection\":{\"1\":\"Teno-Gebirge\",\"2\":\"Wanderungen\"},\"inLanguage\":\"de\",\"potentialAction\":[{\"@type\":\"CommentAction\",\"name\":\"Comment\",\"target\":[\"https:\\\/\\\/www.mundi-roth.de\\\/teneriffa-blog\\\/allgemein\\\/teilabschnitt-des-camino-real-del-norte-puerto-de-erjos-erjos-pass-el-tanque\\\/#respond\"]}]},{\"@type\":\"WebPage\",\"@id\":\"https:\\\/\\\/www.mundi-roth.de\\\/teneriffa-blog\\\/allgemein\\\/teilabschnitt-des-camino-real-del-norte-puerto-de-erjos-erjos-pass-el-tanque\\\/\",\"url\":\"https:\\\/\\\/www.mundi-roth.de\\\/teneriffa-blog\\\/allgemein\\\/teilabschnitt-des-camino-real-del-norte-puerto-de-erjos-erjos-pass-el-tanque\\\/\",\"name\":\"Puerto de Erjos (Erjos-Pass) \u2013 El Tanque - Teneriffa Wandern\",\"isPartOf\":{\"@id\":\"https:\\\/\\\/www.mundi-roth.de\\\/teneriffa-blog\\\/#website\"},\"primaryImageOfPage\":{\"@id\":\"https:\\\/\\\/www.mundi-roth.de\\\/teneriffa-blog\\\/allgemein\\\/teilabschnitt-des-camino-real-del-norte-puerto-de-erjos-erjos-pass-el-tanque\\\/#primaryimage\"},\"image\":{\"@id\":\"https:\\\/\\\/www.mundi-roth.de\\\/teneriffa-blog\\\/allgemein\\\/teilabschnitt-des-camino-real-del-norte-puerto-de-erjos-erjos-pass-el-tanque\\\/#primaryimage\"},\"thumbnailUrl\":\"http:\\\/\\\/www.mundi-roth.de\\\/teneriffa-blog\\\/wp-content\\\/uploads\\\/2016\\\/11\\\/P1240831-150x113.jpg\",\"datePublished\":\"2016-11-24T21:00:18+00:00\",\"dateModified\":\"2016-11-25T16:45:26+00:00\",\"author\":{\"@id\":\"https:\\\/\\\/www.mundi-roth.de\\\/teneriffa-blog\\\/#\\\/schema\\\/person\\\/971c66b55f3ae5e8741553688c413cac\"},\"breadcrumb\":{\"@id\":\"https:\\\/\\\/www.mundi-roth.de\\\/teneriffa-blog\\\/allgemein\\\/teilabschnitt-des-camino-real-del-norte-puerto-de-erjos-erjos-pass-el-tanque\\\/#breadcrumb\"},\"inLanguage\":\"de\",\"potentialAction\":[{\"@type\":\"ReadAction\",\"target\":[\"https:\\\/\\\/www.mundi-roth.de\\\/teneriffa-blog\\\/allgemein\\\/teilabschnitt-des-camino-real-del-norte-puerto-de-erjos-erjos-pass-el-tanque\\\/\"]}]},{\"@type\":\"ImageObject\",\"inLanguage\":\"de\",\"@id\":\"https:\\\/\\\/www.mundi-roth.de\\\/teneriffa-blog\\\/allgemein\\\/teilabschnitt-des-camino-real-del-norte-puerto-de-erjos-erjos-pass-el-tanque\\\/#primaryimage\",\"url\":\"https:\\\/\\\/www.mundi-roth.de\\\/teneriffa-blog\\\/wp-content\\\/uploads\\\/2016\\\/11\\\/P1240831.jpg\",\"contentUrl\":\"https:\\\/\\\/www.mundi-roth.de\\\/teneriffa-blog\\\/wp-content\\\/uploads\\\/2016\\\/11\\\/P1240831.jpg\",\"width\":800,\"height\":600},{\"@type\":\"BreadcrumbList\",\"@id\":\"https:\\\/\\\/www.mundi-roth.de\\\/teneriffa-blog\\\/allgemein\\\/teilabschnitt-des-camino-real-del-norte-puerto-de-erjos-erjos-pass-el-tanque\\\/#breadcrumb\",\"itemListElement\":[{\"@type\":\"ListItem\",\"position\":1,\"name\":\"Startseite\",\"item\":\"https:\\\/\\\/www.mundi-roth.de\\\/teneriffa-blog\\\/\"},{\"@type\":\"ListItem\",\"position\":2,\"name\":\"Puerto de Erjos (Erjos-Pass) \u2013 El Tanque\"}]},{\"@type\":\"WebSite\",\"@id\":\"https:\\\/\\\/www.mundi-roth.de\\\/teneriffa-blog\\\/#website\",\"url\":\"https:\\\/\\\/www.mundi-roth.de\\\/teneriffa-blog\\\/\",\"name\":\"Teneriffa Wandern\",\"description\":\"Nicht nur Wanderungen auf Teneriffa...\",\"potentialAction\":[{\"@type\":\"SearchAction\",\"target\":{\"@type\":\"EntryPoint\",\"urlTemplate\":\"https:\\\/\\\/www.mundi-roth.de\\\/teneriffa-blog\\\/?s={search_term_string}\"},\"query-input\":{\"@type\":\"PropertyValueSpecification\",\"valueRequired\":true,\"valueName\":\"search_term_string\"}}],\"inLanguage\":\"de\"},{\"@type\":\"Person\",\"@id\":\"https:\\\/\\\/www.mundi-roth.de\\\/teneriffa-blog\\\/#\\\/schema\\\/person\\\/971c66b55f3ae5e8741553688c413cac\",\"name\":\"mundi\",\"image\":{\"@type\":\"ImageObject\",\"inLanguage\":\"de\",\"@id\":\"https:\\\/\\\/secure.gravatar.com\\\/avatar\\\/555f0dd85428f1a9330f8e5dbe9e40ff9ca912bb81e5a89747ebf3ca9c20dc0f?s=96&d=mm&r=g\",\"url\":\"https:\\\/\\\/secure.gravatar.com\\\/avatar\\\/555f0dd85428f1a9330f8e5dbe9e40ff9ca912bb81e5a89747ebf3ca9c20dc0f?s=96&d=mm&r=g\",\"contentUrl\":\"https:\\\/\\\/secure.gravatar.com\\\/avatar\\\/555f0dd85428f1a9330f8e5dbe9e40ff9ca912bb81e5a89747ebf3ca9c20dc0f?s=96&d=mm&r=g\",\"caption\":\"mundi\"},\"sameAs\":[\"http:\\\/\\\/mundi-roth.de\"],\"url\":\"https:\\\/\\\/www.mundi-roth.de\\\/teneriffa-blog\\\/author\\\/mundi\\\/\"}]}<\/script>\n<!-- \/ Yoast SEO plugin. -->","yoast_head_json":{"title":"Puerto de Erjos (Erjos-Pass) \u2013 El Tanque - Teneriffa Wandern","robots":{"index":"index","follow":"follow","max-snippet":"max-snippet:-1","max-image-preview":"max-image-preview:large","max-video-preview":"max-video-preview:-1"},"canonical":"https:\/\/www.mundi-roth.de\/teneriffa-blog\/allgemein\/teilabschnitt-des-camino-real-del-norte-puerto-de-erjos-erjos-pass-el-tanque\/","twitter_misc":{"Verfasst von":"mundi","Gesch\u00e4tzte Lesezeit":"3\u00a0Minuten"},"schema":{"@context":"https:\/\/schema.org","@graph":[{"@type":"Article","@id":"https:\/\/www.mundi-roth.de\/teneriffa-blog\/allgemein\/teilabschnitt-des-camino-real-del-norte-puerto-de-erjos-erjos-pass-el-tanque\/#article","isPartOf":{"@id":"https:\/\/www.mundi-roth.de\/teneriffa-blog\/allgemein\/teilabschnitt-des-camino-real-del-norte-puerto-de-erjos-erjos-pass-el-tanque\/"},"author":{"name":"mundi","@id":"https:\/\/www.mundi-roth.de\/teneriffa-blog\/#\/schema\/person\/971c66b55f3ae5e8741553688c413cac"},"headline":"Puerto de Erjos (Erjos-Pass) \u2013 El Tanque","datePublished":"2016-11-24T21:00:18+00:00","dateModified":"2016-11-25T16:45:26+00:00","mainEntityOfPage":{"@id":"https:\/\/www.mundi-roth.de\/teneriffa-blog\/allgemein\/teilabschnitt-des-camino-real-del-norte-puerto-de-erjos-erjos-pass-el-tanque\/"},"wordCount":682,"commentCount":0,"image":{"@id":"https:\/\/www.mundi-roth.de\/teneriffa-blog\/allgemein\/teilabschnitt-des-camino-real-del-norte-puerto-de-erjos-erjos-pass-el-tanque\/#primaryimage"},"thumbnailUrl":"http:\/\/www.mundi-roth.de\/teneriffa-blog\/wp-content\/uploads\/2016\/11\/P1240831-150x113.jpg","keywords":["Camino Real","C\u00e4sar Manrique","El Tanque","Erjos Pass","Puerto de Erjos","Ruig\u00f3mez","Santiago del Teide"],"articleSection":{"1":"Teno-Gebirge","2":"Wanderungen"},"inLanguage":"de","potentialAction":[{"@type":"CommentAction","name":"Comment","target":["https:\/\/www.mundi-roth.de\/teneriffa-blog\/allgemein\/teilabschnitt-des-camino-real-del-norte-puerto-de-erjos-erjos-pass-el-tanque\/#respond"]}]},{"@type":"WebPage","@id":"https:\/\/www.mundi-roth.de\/teneriffa-blog\/allgemein\/teilabschnitt-des-camino-real-del-norte-puerto-de-erjos-erjos-pass-el-tanque\/","url":"https:\/\/www.mundi-roth.de\/teneriffa-blog\/allgemein\/teilabschnitt-des-camino-real-del-norte-puerto-de-erjos-erjos-pass-el-tanque\/","name":"Puerto de Erjos (Erjos-Pass) \u2013 El Tanque - Teneriffa Wandern","isPartOf":{"@id":"https:\/\/www.mundi-roth.de\/teneriffa-blog\/#website"},"primaryImageOfPage":{"@id":"https:\/\/www.mundi-roth.de\/teneriffa-blog\/allgemein\/teilabschnitt-des-camino-real-del-norte-puerto-de-erjos-erjos-pass-el-tanque\/#primaryimage"},"image":{"@id":"https:\/\/www.mundi-roth.de\/teneriffa-blog\/allgemein\/teilabschnitt-des-camino-real-del-norte-puerto-de-erjos-erjos-pass-el-tanque\/#primaryimage"},"thumbnailUrl":"http:\/\/www.mundi-roth.de\/teneriffa-blog\/wp-content\/uploads\/2016\/11\/P1240831-150x113.jpg","datePublished":"2016-11-24T21:00:18+00:00","dateModified":"2016-11-25T16:45:26+00:00","author":{"@id":"https:\/\/www.mundi-roth.de\/teneriffa-blog\/#\/schema\/person\/971c66b55f3ae5e8741553688c413cac"},"breadcrumb":{"@id":"https:\/\/www.mundi-roth.de\/teneriffa-blog\/allgemein\/teilabschnitt-des-camino-real-del-norte-puerto-de-erjos-erjos-pass-el-tanque\/#breadcrumb"},"inLanguage":"de","potentialAction":[{"@type":"ReadAction","target":["https:\/\/www.mundi-roth.de\/teneriffa-blog\/allgemein\/teilabschnitt-des-camino-real-del-norte-puerto-de-erjos-erjos-pass-el-tanque\/"]}]},{"@type":"ImageObject","inLanguage":"de","@id":"https:\/\/www.mundi-roth.de\/teneriffa-blog\/allgemein\/teilabschnitt-des-camino-real-del-norte-puerto-de-erjos-erjos-pass-el-tanque\/#primaryimage","url":"https:\/\/www.mundi-roth.de\/teneriffa-blog\/wp-content\/uploads\/2016\/11\/P1240831.jpg","contentUrl":"https:\/\/www.mundi-roth.de\/teneriffa-blog\/wp-content\/uploads\/2016\/11\/P1240831.jpg","width":800,"height":600},{"@type":"BreadcrumbList","@id":"https:\/\/www.mundi-roth.de\/teneriffa-blog\/allgemein\/teilabschnitt-des-camino-real-del-norte-puerto-de-erjos-erjos-pass-el-tanque\/#breadcrumb","itemListElement":[{"@type":"ListItem","position":1,"name":"Startseite","item":"https:\/\/www.mundi-roth.de\/teneriffa-blog\/"},{"@type":"ListItem","position":2,"name":"Puerto de Erjos (Erjos-Pass) \u2013 El Tanque"}]},{"@type":"WebSite","@id":"https:\/\/www.mundi-roth.de\/teneriffa-blog\/#website","url":"https:\/\/www.mundi-roth.de\/teneriffa-blog\/","name":"Teneriffa Wandern","description":"Nicht nur Wanderungen auf Teneriffa...","potentialAction":[{"@type":"SearchAction","target":{"@type":"EntryPoint","urlTemplate":"https:\/\/www.mundi-roth.de\/teneriffa-blog\/?s={search_term_string}"},"query-input":{"@type":"PropertyValueSpecification","valueRequired":true,"valueName":"search_term_string"}}],"inLanguage":"de"},{"@type":"Person","@id":"https:\/\/www.mundi-roth.de\/teneriffa-blog\/#\/schema\/person\/971c66b55f3ae5e8741553688c413cac","name":"mundi","image":{"@type":"ImageObject","inLanguage":"de","@id":"https:\/\/secure.gravatar.com\/avatar\/555f0dd85428f1a9330f8e5dbe9e40ff9ca912bb81e5a89747ebf3ca9c20dc0f?s=96&d=mm&r=g","url":"https:\/\/secure.gravatar.com\/avatar\/555f0dd85428f1a9330f8e5dbe9e40ff9ca912bb81e5a89747ebf3ca9c20dc0f?s=96&d=mm&r=g","contentUrl":"https:\/\/secure.gravatar.com\/avatar\/555f0dd85428f1a9330f8e5dbe9e40ff9ca912bb81e5a89747ebf3ca9c20dc0f?s=96&d=mm&r=g","caption":"mundi"},"sameAs":["http:\/\/mundi-roth.de"],"url":"https:\/\/www.mundi-roth.de\/teneriffa-blog\/author\/mundi\/"}]}},"_links":{"self":[{"href":"https:\/\/www.mundi-roth.de\/teneriffa-blog\/wp-json\/wp\/v2\/posts\/5392","targetHints":{"allow":["GET"]}}],"collection":[{"href":"https:\/\/www.mundi-roth.de\/teneriffa-blog\/wp-json\/wp\/v2\/posts"}],"about":[{"href":"https:\/\/www.mundi-roth.de\/teneriffa-blog\/wp-json\/wp\/v2\/types\/post"}],"author":[{"embeddable":true,"href":"https:\/\/www.mundi-roth.de\/teneriffa-blog\/wp-json\/wp\/v2\/users\/4"}],"replies":[{"embeddable":true,"href":"https:\/\/www.mundi-roth.de\/teneriffa-blog\/wp-json\/wp\/v2\/comments?post=5392"}],"version-history":[{"count":0,"href":"https:\/\/www.mundi-roth.de\/teneriffa-blog\/wp-json\/wp\/v2\/posts\/5392\/revisions"}],"wp:attachment":[{"href":"https:\/\/www.mundi-roth.de\/teneriffa-blog\/wp-json\/wp\/v2\/media?parent=5392"}],"wp:term":[{"taxonomy":"category","embeddable":true,"href":"https:\/\/www.mundi-roth.de\/teneriffa-blog\/wp-json\/wp\/v2\/categories?post=5392"},{"taxonomy":"post_tag","embeddable":true,"href":"https:\/\/www.mundi-roth.de\/teneriffa-blog\/wp-json\/wp\/v2\/tags?post=5392"}],"curies":[{"name":"wp","href":"https:\/\/api.w.org\/{rel}","templated":true}]}}