{"id":546,"date":"2008-12-02T20:00:56","date_gmt":"2008-12-02T19:00:56","guid":{"rendered":"http:\/\/www.mundi-roth.de\/teneriffa-blog\/?p=546"},"modified":"2015-04-12T11:39:04","modified_gmt":"2015-04-12T10:39:04","slug":"sombrero-de-chasna","status":"publish","type":"post","link":"https:\/\/www.mundi-roth.de\/teneriffa-blog\/wanderungen\/sombrero-de-chasna\/","title":{"rendered":"Sombrero de Chasna"},"content":{"rendered":"<p><strong>Kein Spaziergang. Diese Wanderung (Rundweg) verdient schon die Bezeichnung: Bergtour!<br \/>\nGrandiose Ausblicke belohnen den Aufstieg!<\/strong><\/p>\n<p><strong>Wanderwegstrecke:<\/strong> je nach Kondition zwischen 3 und 4 Stunden<\/p>\n<p><a href=\"http:\/\/www.mundi-roth.de\/teneriffa-blog\/wp-content\/uploads\/2008\/12\/wanderstrecke1.jpg\" rel=\"lightbox[546]\"><img loading=\"lazy\" decoding=\"async\" class=\"alignleft size-thumbnail wp-image-565\" title=\"wanderstrecke1\" src=\"http:\/\/www.mundi-roth.de\/teneriffa-blog\/wp-content\/uploads\/2008\/12\/wanderstrecke1-150x108.jpg\" alt=\"\" width=\"150\" height=\"108\" srcset=\"https:\/\/www.mundi-roth.de\/teneriffa-blog\/wp-content\/uploads\/2008\/12\/wanderstrecke1-150x108.jpg 150w, https:\/\/www.mundi-roth.de\/teneriffa-blog\/wp-content\/uploads\/2008\/12\/wanderstrecke1-300x216.jpg 300w, https:\/\/www.mundi-roth.de\/teneriffa-blog\/wp-content\/uploads\/2008\/12\/wanderstrecke1.jpg 600w\" sizes=\"auto, (max-width: 150px) 100vw, 150px\" \/><\/a>Wir beginnen unsere Wanderung bei km 59 \u00bd auf der TF 21. Bei einem <a href=\"http:\/\/www.mundi-roth.de\/teneriffa-blog\/wp-content\/uploads\/2008\/12\/p1020760.jpg\" rel=\"lightbox[546]\"><img loading=\"lazy\" decoding=\"async\" class=\"alignright size-thumbnail wp-image-550\" title=\"p1020760\" src=\"http:\/\/www.mundi-roth.de\/teneriffa-blog\/wp-content\/uploads\/2008\/12\/p1020760-150x112.jpg\" alt=\"\" width=\"150\" height=\"112\" srcset=\"https:\/\/www.mundi-roth.de\/teneriffa-blog\/wp-content\/uploads\/2008\/12\/p1020760-150x112.jpg 150w, https:\/\/www.mundi-roth.de\/teneriffa-blog\/wp-content\/uploads\/2008\/12\/p1020760-300x225.jpg 300w, https:\/\/www.mundi-roth.de\/teneriffa-blog\/wp-content\/uploads\/2008\/12\/p1020760.jpg 600w\" sizes=\"auto, (max-width: 150px) 100vw, 150px\" \/><\/a>verfallenen Haus gibt es Parkm\u00f6glichkeiten und von hier aus starten wir auch. Man darf nicht den Fehler begehen, hinter der Ruine loszugehen, sondern wir gehen einige Schritte auf der Fahrstra\u00dfe zur\u00fcck und gehen dann an der Vorderseite der Ruine los. Die Bezeichnung <strong>TS 10<\/strong> zeigt uns an, dass wir hier den richtigen Einstieg haben. Ein St\u00fcck gehen wir auf diesem Weg parallel zur Fahrstra\u00dfe. Der Weg steigt dann leicht an und nach ca. 5 Minuten folgen wir dem mit wei\u00dfen Pfeilen markierten, links abbiegenden Steig bergauf. Auf dem geradeaus f\u00fchrenden Pfad \u2013 mit wei\u00dfumrandetem wei\u00dfen Punkt &#8211; werden wir sp\u00e4ter zur\u00fcckkommen.<br \/>\n<a href=\"http:\/\/www.mundi-roth.de\/teneriffa-blog\/wp-content\/uploads\/2008\/12\/p1020723.jpg\" rel=\"lightbox[546]\"><img loading=\"lazy\" decoding=\"async\" class=\"alignleft size-thumbnail wp-image-551\" title=\"p1020723\" src=\"http:\/\/www.mundi-roth.de\/teneriffa-blog\/wp-content\/uploads\/2008\/12\/p1020723-150x112.jpg\" alt=\"\" width=\"150\" height=\"112\" srcset=\"https:\/\/www.mundi-roth.de\/teneriffa-blog\/wp-content\/uploads\/2008\/12\/p1020723-150x112.jpg 150w, https:\/\/www.mundi-roth.de\/teneriffa-blog\/wp-content\/uploads\/2008\/12\/p1020723-300x225.jpg 300w, https:\/\/www.mundi-roth.de\/teneriffa-blog\/wp-content\/uploads\/2008\/12\/p1020723.jpg 600w\" sizes=\"auto, (max-width: 150px) 100vw, 150px\" \/><\/a> Von nun an gibt es eigentlich keine Probleme mehr, dass man sich verlaufen k\u00f6nnte , denn der Aufstieg ist hervorragend mit wei\u00dfen Markierungen und vielen Steinm\u00e4nnchen gekennzeichnet. Wir durchwandern einen lichten Kiefernwald<a href=\"http:\/\/www.mundi-roth.de\/teneriffa-blog\/wp-content\/uploads\/2008\/12\/p10207281.jpg\" rel=\"lightbox[546]\"><img loading=\"lazy\" decoding=\"async\" class=\"alignright size-thumbnail wp-image-553\" title=\"p10207281\" src=\"http:\/\/www.mundi-roth.de\/teneriffa-blog\/wp-content\/uploads\/2008\/12\/p10207281-112x150.jpg\" alt=\"\" width=\"112\" height=\"150\" srcset=\"https:\/\/www.mundi-roth.de\/teneriffa-blog\/wp-content\/uploads\/2008\/12\/p10207281-112x150.jpg 112w, https:\/\/www.mundi-roth.de\/teneriffa-blog\/wp-content\/uploads\/2008\/12\/p10207281-225x300.jpg 225w, https:\/\/www.mundi-roth.de\/teneriffa-blog\/wp-content\/uploads\/2008\/12\/p10207281.jpg 450w\" sizes=\"auto, (max-width: 112px) 100vw, 112px\" \/><\/a> mit zum Teil beeindruckenden Exemplaren. Einer dieser Veteranen ist sogar mit einer Steinmauer umgeben. Wir k\u00f6nnen den \u00dcberlebenswillen der Natur nur bestaunen: Alle diese Kiefern haben schwarzverkohlte St\u00e4mme von fr\u00fcheren Br\u00e4nden und zeigen uns, wie gut sie sich regeneriert haben.<br \/>\nRechter Hand haben wir bereits einen uneingeschr\u00e4nkten Blick auf unser Ziel: den <strong>Sombrero de Chasna<\/strong>.<br \/>\n<a href=\"http:\/\/www.mundi-roth.de\/teneriffa-blog\/wp-content\/uploads\/2008\/12\/p1020729.jpg\" rel=\"lightbox[546]\"><img loading=\"lazy\" decoding=\"async\" class=\"alignleft size-thumbnail wp-image-554\" title=\"p1020729\" src=\"http:\/\/www.mundi-roth.de\/teneriffa-blog\/wp-content\/uploads\/2008\/12\/p1020729-150x112.jpg\" alt=\"\" width=\"150\" height=\"112\" srcset=\"https:\/\/www.mundi-roth.de\/teneriffa-blog\/wp-content\/uploads\/2008\/12\/p1020729-150x112.jpg 150w, https:\/\/www.mundi-roth.de\/teneriffa-blog\/wp-content\/uploads\/2008\/12\/p1020729-300x225.jpg 300w, https:\/\/www.mundi-roth.de\/teneriffa-blog\/wp-content\/uploads\/2008\/12\/p1020729.jpg 600w\" sizes=\"auto, (max-width: 150px) 100vw, 150px\" \/><\/a> Nach ca. 20 Minuten erreichen wir die n\u00e4chste Kennzeichnung TS 10. St\u00e4ndig geht es bergauf und auf einer Ebene angekommen, werden wir mit einem Blick \u2013 <em>durch wei\u00dfe Wolken<\/em> &#8211; auf Gomera und La Palma belohnt.<br \/>\nWeiter geht es bergauf, und nach kurzer Zeit kommen wir linker Hand an einen Abzweig \u201eSendero 31\u201c, dem wir aber nicht folgen. Wir steigen \u2013 uns rechts haltend \u2013 weiter bergauf. Auch hier begegnen wir wieder der Kennzeichnung \u201eSendero 31\u201c . Wir lassen die letzten Kiefern hinter uns und steigen ziemlich steil \u00fcber Ger\u00f6ll bergauf und treffen dann<a href=\"http:\/\/www.mundi-roth.de\/teneriffa-blog\/wp-content\/uploads\/2008\/12\/p1020731.jpg\" rel=\"lightbox[546]\"><img loading=\"lazy\" decoding=\"async\" class=\"alignright size-thumbnail wp-image-555\" title=\"p1020731\" src=\"http:\/\/www.mundi-roth.de\/teneriffa-blog\/wp-content\/uploads\/2008\/12\/p1020731-150x112.jpg\" alt=\"\" width=\"150\" height=\"112\" srcset=\"https:\/\/www.mundi-roth.de\/teneriffa-blog\/wp-content\/uploads\/2008\/12\/p1020731-150x112.jpg 150w, https:\/\/www.mundi-roth.de\/teneriffa-blog\/wp-content\/uploads\/2008\/12\/p1020731-300x225.jpg 300w, https:\/\/www.mundi-roth.de\/teneriffa-blog\/wp-content\/uploads\/2008\/12\/p1020731.jpg 600w\" sizes=\"auto, (max-width: 150px) 100vw, 150px\" \/><\/a> wieder auf die Markierung \u201eTS 10\u201c. Wir erreichen die Kammh\u00f6he und haben von hier<a href=\"http:\/\/www.mundi-roth.de\/teneriffa-blog\/wp-content\/uploads\/2008\/12\/p1020732.jpg\" rel=\"lightbox[546]\"><img loading=\"lazy\" decoding=\"async\" class=\"alignleft size-thumbnail wp-image-556\" title=\"p1020732\" src=\"http:\/\/www.mundi-roth.de\/teneriffa-blog\/wp-content\/uploads\/2008\/12\/p1020732-150x112.jpg\" alt=\"\" width=\"150\" height=\"112\" srcset=\"https:\/\/www.mundi-roth.de\/teneriffa-blog\/wp-content\/uploads\/2008\/12\/p1020732-150x112.jpg 150w, https:\/\/www.mundi-roth.de\/teneriffa-blog\/wp-content\/uploads\/2008\/12\/p1020732-300x225.jpg 300w, https:\/\/www.mundi-roth.de\/teneriffa-blog\/wp-content\/uploads\/2008\/12\/p1020732.jpg 600w\" sizes=\"auto, (max-width: 150px) 100vw, 150px\" \/><\/a> einen umwerfenden Blick links auf den Teide, die Ca\u00f1adas mit der Llano de Ucanca, den Guajara und rechts auf unser Ziel, den Sombrero de Chasna.<br \/>\nVorbei an einem demolierten Schild \u201eParque National\u201c gehen wir auf einem sch\u00f6nen H\u00f6henweg und steigen zu einem Steinkreis ab. Hier halten wir uns rechts; gehen an dicken, gro\u00dfm\u00e4chtigen Ginsterb\u00fcschen vorbei abw\u00e4rts und bei einer Abzweigung halten wir uns links, denn den Aufstieg auf das Gipfelplateau des Sombrero wollen wir uns nicht nehmen lassen. Nach kurzer Zeit beginnt eine kurze Kletterei auf allen Vieren \u2013 unsere St\u00f6cke deponieren wir vorher, denn sie w\u00e4ren nur hinderlich. Es ist kein langes \u201eKraxelst\u00fcck\u201c und oben angekommen, halten wir uns \u2013 die wei\u00dfe Markierung mi\u00dfachtend \u2013 rechts herum, denn wir wollen das Plateau umrunden und von jeder Stelle einen Blick in die Runde werfen.<br \/>\nBei einem gro\u00dfen Steinhaufen, quasi dem Gipfelkreuz, haben wir einen sch\u00f6nen Blick auf Vilaflor. Mehr<a href=\"http:\/\/www.mundi-roth.de\/teneriffa-blog\/wp-content\/uploads\/2008\/12\/p1020747.jpg\" rel=\"lightbox[546]\"><img loading=\"lazy\" decoding=\"async\" class=\"alignright size-thumbnail wp-image-557\" title=\"p1020747\" src=\"http:\/\/www.mundi-roth.de\/teneriffa-blog\/wp-content\/uploads\/2008\/12\/p1020747-150x112.jpg\" alt=\"\" width=\"150\" height=\"112\" srcset=\"https:\/\/www.mundi-roth.de\/teneriffa-blog\/wp-content\/uploads\/2008\/12\/p1020747-150x112.jpg 150w, https:\/\/www.mundi-roth.de\/teneriffa-blog\/wp-content\/uploads\/2008\/12\/p1020747-300x225.jpg 300w, https:\/\/www.mundi-roth.de\/teneriffa-blog\/wp-content\/uploads\/2008\/12\/p1020747.jpg 600w\" sizes=\"auto, (max-width: 150px) 100vw, 150px\" \/><\/a> <a href=\"http:\/\/www.mundi-roth.de\/teneriffa-blog\/wp-content\/uploads\/2008\/12\/p1020754.jpg\" rel=\"lightbox[546]\"><img loading=\"lazy\" decoding=\"async\" class=\"alignleft size-thumbnail wp-image-559\" title=\"p1020754\" src=\"http:\/\/www.mundi-roth.de\/teneriffa-blog\/wp-content\/uploads\/2008\/12\/p1020754-150x112.jpg\" alt=\"\" width=\"150\" height=\"112\" srcset=\"https:\/\/www.mundi-roth.de\/teneriffa-blog\/wp-content\/uploads\/2008\/12\/p1020754-150x112.jpg 150w, https:\/\/www.mundi-roth.de\/teneriffa-blog\/wp-content\/uploads\/2008\/12\/p1020754-300x225.jpg 300w, https:\/\/www.mundi-roth.de\/teneriffa-blog\/wp-content\/uploads\/2008\/12\/p1020754.jpg 600w\" sizes=\"auto, (max-width: 150px) 100vw, 150px\" \/><\/a>k\u00f6nnen wir leider nicht mehr sehen, da die Wolken inzwischen dichter geworden sind. Aber es ist ein traumhaftes Gef\u00fchl im Sonnenschein auf die wei\u00dfe Wolkendecke unter uns zu blicken.<br \/>\nZur\u00fcck folgen wir der Markierung und sind nach 30 Minuten wieder unten bei unseren St\u00f6cken.<br \/>\nWir halten uns jetzt links und von nun an geht\u2019s bergab. Vorbei an einer <a href=\"http:\/\/www.mundi-roth.de\/teneriffa-blog\/wp-content\/uploads\/2008\/12\/p1020756.jpg\" rel=\"lightbox[546]\"><img loading=\"lazy\" decoding=\"async\" class=\"alignleft size-thumbnail wp-image-558\" title=\"p1020756\" src=\"http:\/\/www.mundi-roth.de\/teneriffa-blog\/wp-content\/uploads\/2008\/12\/p1020756-112x150.jpg\" alt=\"\" width=\"112\" height=\"150\" srcset=\"https:\/\/www.mundi-roth.de\/teneriffa-blog\/wp-content\/uploads\/2008\/12\/p1020756-112x150.jpg 112w, https:\/\/www.mundi-roth.de\/teneriffa-blog\/wp-content\/uploads\/2008\/12\/p1020756-225x300.jpg 225w, https:\/\/www.mundi-roth.de\/teneriffa-blog\/wp-content\/uploads\/2008\/12\/p1020756.jpg 450w\" sizes=\"auto, (max-width: 112px) 100vw, 112px\" \/><\/a>Felsformation, im Volksmund \u201ekleiner Finger Gottes\u201c genannt. Der Weg ist nicht zu verfehlen. Er ist, wie der Aufstieg, mit wei\u00dfen Punkten, wei\u00dfen Pfeilen und vielen, vielen Steinm\u00e4nnchen versehen. Sp\u00e4ter kommen noch gr\u00fcne Punkte dazu. Die Gegend ist malerisch und die diversen Stein- und Felsformationen begeistern einfach.<\/p>\n<p>Nach 1 Stunde Abstieg \u2013 nach der Klettertour \u2013 sind wir wieder bei unseren Autos.<br \/>\nEine Tour die sich lohnt, noch dazu wenn man so ein Gl\u00fcck mit dem Wetter hat wie wir.<\/p>\n<p><strong>Restaurant:<\/strong><\/p>\n<p>Wir fahren zur\u00fcck bis La Escalona, Carretera Principal 15 und kehren im Restaurant <strong>\u201eLa Barrica\u201c<\/strong> ein.<\/p>\n<p>Tel. 922 72 50 57, Montag-Abend geschlossen.<br \/>\nTypisch kanarische K\u00fcche, es empfiehlt sich manchmal, nach den Gerichten \u201efuera de la carta\u201c (ausserhalb der Men\u00fckarte) zu fragen. Hierbei handelt es sich immer um typische kanarische Gerichte.<\/p>\n<p><strong>Anfahrt:<\/strong><a href=\"http:\/\/www.mundi-roth.de\/teneriffa-blog\/wp-content\/uploads\/2008\/12\/anfahrt.jpg\" rel=\"lightbox[546]\"><img loading=\"lazy\" decoding=\"async\" class=\"alignleft size-thumbnail wp-image-566\" title=\"anfahrt\" src=\"http:\/\/www.mundi-roth.de\/teneriffa-blog\/wp-content\/uploads\/2008\/12\/anfahrt-114x150.jpg\" alt=\"\" width=\"114\" height=\"150\" srcset=\"https:\/\/www.mundi-roth.de\/teneriffa-blog\/wp-content\/uploads\/2008\/12\/anfahrt-114x150.jpg 114w, https:\/\/www.mundi-roth.de\/teneriffa-blog\/wp-content\/uploads\/2008\/12\/anfahrt-228x300.jpg 228w, https:\/\/www.mundi-roth.de\/teneriffa-blog\/wp-content\/uploads\/2008\/12\/anfahrt.jpg 366w\" sizes=\"auto, (max-width: 114px) 100vw, 114px\" \/><\/a><\/p>\n<p>Aus der Gegend Los Cristianos kommend fahren wir auf der TF 28 &#8211; immer den Hinweisen &#8222;El Teide&#8220; folgend nach La Camella, wechseln beim Kreisverkehr auf die TF 51bis Vilaflor und (automatisch) weiter auf der TF 21bis zum km 59 1\/2 wo wir unseren Einstieg finden.<\/p>\n","protected":false},"excerpt":{"rendered":"<p>Kein Spaziergang. Diese Wanderung (Rundweg) verdient schon die Bezeichnung: Bergtour! Grandiose Ausblicke belohnen den Aufstieg! Wanderwegstrecke: je nach Kondition zwischen 3 und 4 Stunden Wir beginnen unsere Wanderung bei km 59 \u00bd auf der TF 21. Bei einem verfallenen Haus gibt es Parkm\u00f6glichkeiten und von hier aus starten wir auch. Man darf nicht den Fehler [&hellip;]<\/p>\n","protected":false},"author":3,"featured_media":0,"comment_status":"open","ping_status":"open","sticky":false,"template":"","format":"standard","meta":{"footnotes":""},"categories":[774,6],"tags":[178,177,174,175,3,176,17,4],"class_list":["post-546","post","type-post","status-publish","format-standard","hentry","category-vilaflor","category-wanderungen","tag-la-barrica","tag-sendero-31","tag-sombrero","tag-sombrero-de-chasna","tag-teneriffa","tag-ts-10","tag-vilaflor","tag-wandern"],"yoast_head":"<!-- This site is optimized with the Yoast SEO plugin v27.5 - https:\/\/yoast.com\/product\/yoast-seo-wordpress\/ -->\n<title>Sombrero de Chasna - Teneriffa Wandern<\/title>\n<meta name=\"robots\" content=\"index, follow, max-snippet:-1, max-image-preview:large, max-video-preview:-1\" \/>\n<link rel=\"canonical\" href=\"https:\/\/www.mundi-roth.de\/teneriffa-blog\/wanderungen\/sombrero-de-chasna\/\" \/>\n<meta name=\"twitter:label1\" content=\"Verfasst von\" \/>\n\t<meta name=\"twitter:data1\" content=\"ir\" \/>\n\t<meta name=\"twitter:label2\" content=\"Gesch\u00e4tzte Lesezeit\" \/>\n\t<meta name=\"twitter:data2\" content=\"4\u00a0Minuten\" \/>\n<script type=\"application\/ld+json\" class=\"yoast-schema-graph\">{\"@context\":\"https:\\\/\\\/schema.org\",\"@graph\":[{\"@type\":\"Article\",\"@id\":\"https:\\\/\\\/www.mundi-roth.de\\\/teneriffa-blog\\\/wanderungen\\\/sombrero-de-chasna\\\/#article\",\"isPartOf\":{\"@id\":\"https:\\\/\\\/www.mundi-roth.de\\\/teneriffa-blog\\\/wanderungen\\\/sombrero-de-chasna\\\/\"},\"author\":{\"name\":\"ir\",\"@id\":\"https:\\\/\\\/www.mundi-roth.de\\\/teneriffa-blog\\\/#\\\/schema\\\/person\\\/3afd0d251449790d15367c9aa52d203d\"},\"headline\":\"Sombrero de Chasna\",\"datePublished\":\"2008-12-02T19:00:56+00:00\",\"dateModified\":\"2015-04-12T10:39:04+00:00\",\"mainEntityOfPage\":{\"@id\":\"https:\\\/\\\/www.mundi-roth.de\\\/teneriffa-blog\\\/wanderungen\\\/sombrero-de-chasna\\\/\"},\"wordCount\":742,\"commentCount\":0,\"image\":{\"@id\":\"https:\\\/\\\/www.mundi-roth.de\\\/teneriffa-blog\\\/wanderungen\\\/sombrero-de-chasna\\\/#primaryimage\"},\"thumbnailUrl\":\"http:\\\/\\\/www.mundi-roth.de\\\/teneriffa-blog\\\/wp-content\\\/uploads\\\/2008\\\/12\\\/wanderstrecke1-150x108.jpg\",\"keywords\":[\"La Barrica\",\"Sendero 31\",\"Sombrero\",\"Sombrero de Chasna\",\"Teneriffa\",\"TS 10\",\"Vilaflor\",\"Wandern\"],\"articleSection\":[\"Vilaflor\",\"Wanderungen\"],\"inLanguage\":\"de\",\"potentialAction\":[{\"@type\":\"CommentAction\",\"name\":\"Comment\",\"target\":[\"https:\\\/\\\/www.mundi-roth.de\\\/teneriffa-blog\\\/wanderungen\\\/sombrero-de-chasna\\\/#respond\"]}]},{\"@type\":\"WebPage\",\"@id\":\"https:\\\/\\\/www.mundi-roth.de\\\/teneriffa-blog\\\/wanderungen\\\/sombrero-de-chasna\\\/\",\"url\":\"https:\\\/\\\/www.mundi-roth.de\\\/teneriffa-blog\\\/wanderungen\\\/sombrero-de-chasna\\\/\",\"name\":\"Sombrero de Chasna - Teneriffa Wandern\",\"isPartOf\":{\"@id\":\"https:\\\/\\\/www.mundi-roth.de\\\/teneriffa-blog\\\/#website\"},\"primaryImageOfPage\":{\"@id\":\"https:\\\/\\\/www.mundi-roth.de\\\/teneriffa-blog\\\/wanderungen\\\/sombrero-de-chasna\\\/#primaryimage\"},\"image\":{\"@id\":\"https:\\\/\\\/www.mundi-roth.de\\\/teneriffa-blog\\\/wanderungen\\\/sombrero-de-chasna\\\/#primaryimage\"},\"thumbnailUrl\":\"http:\\\/\\\/www.mundi-roth.de\\\/teneriffa-blog\\\/wp-content\\\/uploads\\\/2008\\\/12\\\/wanderstrecke1-150x108.jpg\",\"datePublished\":\"2008-12-02T19:00:56+00:00\",\"dateModified\":\"2015-04-12T10:39:04+00:00\",\"author\":{\"@id\":\"https:\\\/\\\/www.mundi-roth.de\\\/teneriffa-blog\\\/#\\\/schema\\\/person\\\/3afd0d251449790d15367c9aa52d203d\"},\"breadcrumb\":{\"@id\":\"https:\\\/\\\/www.mundi-roth.de\\\/teneriffa-blog\\\/wanderungen\\\/sombrero-de-chasna\\\/#breadcrumb\"},\"inLanguage\":\"de\",\"potentialAction\":[{\"@type\":\"ReadAction\",\"target\":[\"https:\\\/\\\/www.mundi-roth.de\\\/teneriffa-blog\\\/wanderungen\\\/sombrero-de-chasna\\\/\"]}]},{\"@type\":\"ImageObject\",\"inLanguage\":\"de\",\"@id\":\"https:\\\/\\\/www.mundi-roth.de\\\/teneriffa-blog\\\/wanderungen\\\/sombrero-de-chasna\\\/#primaryimage\",\"url\":\"https:\\\/\\\/www.mundi-roth.de\\\/teneriffa-blog\\\/wp-content\\\/uploads\\\/2008\\\/12\\\/wanderstrecke1.jpg\",\"contentUrl\":\"https:\\\/\\\/www.mundi-roth.de\\\/teneriffa-blog\\\/wp-content\\\/uploads\\\/2008\\\/12\\\/wanderstrecke1.jpg\",\"width\":600,\"height\":432},{\"@type\":\"BreadcrumbList\",\"@id\":\"https:\\\/\\\/www.mundi-roth.de\\\/teneriffa-blog\\\/wanderungen\\\/sombrero-de-chasna\\\/#breadcrumb\",\"itemListElement\":[{\"@type\":\"ListItem\",\"position\":1,\"name\":\"Startseite\",\"item\":\"https:\\\/\\\/www.mundi-roth.de\\\/teneriffa-blog\\\/\"},{\"@type\":\"ListItem\",\"position\":2,\"name\":\"Sombrero de Chasna\"}]},{\"@type\":\"WebSite\",\"@id\":\"https:\\\/\\\/www.mundi-roth.de\\\/teneriffa-blog\\\/#website\",\"url\":\"https:\\\/\\\/www.mundi-roth.de\\\/teneriffa-blog\\\/\",\"name\":\"Teneriffa Wandern\",\"description\":\"Nicht nur Wanderungen auf Teneriffa...\",\"potentialAction\":[{\"@type\":\"SearchAction\",\"target\":{\"@type\":\"EntryPoint\",\"urlTemplate\":\"https:\\\/\\\/www.mundi-roth.de\\\/teneriffa-blog\\\/?s={search_term_string}\"},\"query-input\":{\"@type\":\"PropertyValueSpecification\",\"valueRequired\":true,\"valueName\":\"search_term_string\"}}],\"inLanguage\":\"de\"},{\"@type\":\"Person\",\"@id\":\"https:\\\/\\\/www.mundi-roth.de\\\/teneriffa-blog\\\/#\\\/schema\\\/person\\\/3afd0d251449790d15367c9aa52d203d\",\"name\":\"ir\",\"image\":{\"@type\":\"ImageObject\",\"inLanguage\":\"de\",\"@id\":\"https:\\\/\\\/secure.gravatar.com\\\/avatar\\\/e67b41513c921c2bb58363f44c8a00a447c9a2526ad8ff71b5b6257e5f7f5c66?s=96&d=mm&r=g\",\"url\":\"https:\\\/\\\/secure.gravatar.com\\\/avatar\\\/e67b41513c921c2bb58363f44c8a00a447c9a2526ad8ff71b5b6257e5f7f5c66?s=96&d=mm&r=g\",\"contentUrl\":\"https:\\\/\\\/secure.gravatar.com\\\/avatar\\\/e67b41513c921c2bb58363f44c8a00a447c9a2526ad8ff71b5b6257e5f7f5c66?s=96&d=mm&r=g\",\"caption\":\"ir\"},\"sameAs\":[\"http:\\\/\\\/www.mundi-roth.de\"],\"url\":\"https:\\\/\\\/www.mundi-roth.de\\\/teneriffa-blog\\\/author\\\/ir\\\/\"}]}<\/script>\n<!-- \/ Yoast SEO plugin. -->","yoast_head_json":{"title":"Sombrero de Chasna - Teneriffa Wandern","robots":{"index":"index","follow":"follow","max-snippet":"max-snippet:-1","max-image-preview":"max-image-preview:large","max-video-preview":"max-video-preview:-1"},"canonical":"https:\/\/www.mundi-roth.de\/teneriffa-blog\/wanderungen\/sombrero-de-chasna\/","twitter_misc":{"Verfasst von":"ir","Gesch\u00e4tzte Lesezeit":"4\u00a0Minuten"},"schema":{"@context":"https:\/\/schema.org","@graph":[{"@type":"Article","@id":"https:\/\/www.mundi-roth.de\/teneriffa-blog\/wanderungen\/sombrero-de-chasna\/#article","isPartOf":{"@id":"https:\/\/www.mundi-roth.de\/teneriffa-blog\/wanderungen\/sombrero-de-chasna\/"},"author":{"name":"ir","@id":"https:\/\/www.mundi-roth.de\/teneriffa-blog\/#\/schema\/person\/3afd0d251449790d15367c9aa52d203d"},"headline":"Sombrero de Chasna","datePublished":"2008-12-02T19:00:56+00:00","dateModified":"2015-04-12T10:39:04+00:00","mainEntityOfPage":{"@id":"https:\/\/www.mundi-roth.de\/teneriffa-blog\/wanderungen\/sombrero-de-chasna\/"},"wordCount":742,"commentCount":0,"image":{"@id":"https:\/\/www.mundi-roth.de\/teneriffa-blog\/wanderungen\/sombrero-de-chasna\/#primaryimage"},"thumbnailUrl":"http:\/\/www.mundi-roth.de\/teneriffa-blog\/wp-content\/uploads\/2008\/12\/wanderstrecke1-150x108.jpg","keywords":["La Barrica","Sendero 31","Sombrero","Sombrero de Chasna","Teneriffa","TS 10","Vilaflor","Wandern"],"articleSection":["Vilaflor","Wanderungen"],"inLanguage":"de","potentialAction":[{"@type":"CommentAction","name":"Comment","target":["https:\/\/www.mundi-roth.de\/teneriffa-blog\/wanderungen\/sombrero-de-chasna\/#respond"]}]},{"@type":"WebPage","@id":"https:\/\/www.mundi-roth.de\/teneriffa-blog\/wanderungen\/sombrero-de-chasna\/","url":"https:\/\/www.mundi-roth.de\/teneriffa-blog\/wanderungen\/sombrero-de-chasna\/","name":"Sombrero de Chasna - Teneriffa Wandern","isPartOf":{"@id":"https:\/\/www.mundi-roth.de\/teneriffa-blog\/#website"},"primaryImageOfPage":{"@id":"https:\/\/www.mundi-roth.de\/teneriffa-blog\/wanderungen\/sombrero-de-chasna\/#primaryimage"},"image":{"@id":"https:\/\/www.mundi-roth.de\/teneriffa-blog\/wanderungen\/sombrero-de-chasna\/#primaryimage"},"thumbnailUrl":"http:\/\/www.mundi-roth.de\/teneriffa-blog\/wp-content\/uploads\/2008\/12\/wanderstrecke1-150x108.jpg","datePublished":"2008-12-02T19:00:56+00:00","dateModified":"2015-04-12T10:39:04+00:00","author":{"@id":"https:\/\/www.mundi-roth.de\/teneriffa-blog\/#\/schema\/person\/3afd0d251449790d15367c9aa52d203d"},"breadcrumb":{"@id":"https:\/\/www.mundi-roth.de\/teneriffa-blog\/wanderungen\/sombrero-de-chasna\/#breadcrumb"},"inLanguage":"de","potentialAction":[{"@type":"ReadAction","target":["https:\/\/www.mundi-roth.de\/teneriffa-blog\/wanderungen\/sombrero-de-chasna\/"]}]},{"@type":"ImageObject","inLanguage":"de","@id":"https:\/\/www.mundi-roth.de\/teneriffa-blog\/wanderungen\/sombrero-de-chasna\/#primaryimage","url":"https:\/\/www.mundi-roth.de\/teneriffa-blog\/wp-content\/uploads\/2008\/12\/wanderstrecke1.jpg","contentUrl":"https:\/\/www.mundi-roth.de\/teneriffa-blog\/wp-content\/uploads\/2008\/12\/wanderstrecke1.jpg","width":600,"height":432},{"@type":"BreadcrumbList","@id":"https:\/\/www.mundi-roth.de\/teneriffa-blog\/wanderungen\/sombrero-de-chasna\/#breadcrumb","itemListElement":[{"@type":"ListItem","position":1,"name":"Startseite","item":"https:\/\/www.mundi-roth.de\/teneriffa-blog\/"},{"@type":"ListItem","position":2,"name":"Sombrero de Chasna"}]},{"@type":"WebSite","@id":"https:\/\/www.mundi-roth.de\/teneriffa-blog\/#website","url":"https:\/\/www.mundi-roth.de\/teneriffa-blog\/","name":"Teneriffa Wandern","description":"Nicht nur Wanderungen auf Teneriffa...","potentialAction":[{"@type":"SearchAction","target":{"@type":"EntryPoint","urlTemplate":"https:\/\/www.mundi-roth.de\/teneriffa-blog\/?s={search_term_string}"},"query-input":{"@type":"PropertyValueSpecification","valueRequired":true,"valueName":"search_term_string"}}],"inLanguage":"de"},{"@type":"Person","@id":"https:\/\/www.mundi-roth.de\/teneriffa-blog\/#\/schema\/person\/3afd0d251449790d15367c9aa52d203d","name":"ir","image":{"@type":"ImageObject","inLanguage":"de","@id":"https:\/\/secure.gravatar.com\/avatar\/e67b41513c921c2bb58363f44c8a00a447c9a2526ad8ff71b5b6257e5f7f5c66?s=96&d=mm&r=g","url":"https:\/\/secure.gravatar.com\/avatar\/e67b41513c921c2bb58363f44c8a00a447c9a2526ad8ff71b5b6257e5f7f5c66?s=96&d=mm&r=g","contentUrl":"https:\/\/secure.gravatar.com\/avatar\/e67b41513c921c2bb58363f44c8a00a447c9a2526ad8ff71b5b6257e5f7f5c66?s=96&d=mm&r=g","caption":"ir"},"sameAs":["http:\/\/www.mundi-roth.de"],"url":"https:\/\/www.mundi-roth.de\/teneriffa-blog\/author\/ir\/"}]}},"_links":{"self":[{"href":"https:\/\/www.mundi-roth.de\/teneriffa-blog\/wp-json\/wp\/v2\/posts\/546","targetHints":{"allow":["GET"]}}],"collection":[{"href":"https:\/\/www.mundi-roth.de\/teneriffa-blog\/wp-json\/wp\/v2\/posts"}],"about":[{"href":"https:\/\/www.mundi-roth.de\/teneriffa-blog\/wp-json\/wp\/v2\/types\/post"}],"author":[{"embeddable":true,"href":"https:\/\/www.mundi-roth.de\/teneriffa-blog\/wp-json\/wp\/v2\/users\/3"}],"replies":[{"embeddable":true,"href":"https:\/\/www.mundi-roth.de\/teneriffa-blog\/wp-json\/wp\/v2\/comments?post=546"}],"version-history":[{"count":0,"href":"https:\/\/www.mundi-roth.de\/teneriffa-blog\/wp-json\/wp\/v2\/posts\/546\/revisions"}],"wp:attachment":[{"href":"https:\/\/www.mundi-roth.de\/teneriffa-blog\/wp-json\/wp\/v2\/media?parent=546"}],"wp:term":[{"taxonomy":"category","embeddable":true,"href":"https:\/\/www.mundi-roth.de\/teneriffa-blog\/wp-json\/wp\/v2\/categories?post=546"},{"taxonomy":"post_tag","embeddable":true,"href":"https:\/\/www.mundi-roth.de\/teneriffa-blog\/wp-json\/wp\/v2\/tags?post=546"}],"curies":[{"name":"wp","href":"https:\/\/api.w.org\/{rel}","templated":true}]}}