{"id":5512,"date":"2016-12-20T22:00:04","date_gmt":"2016-12-20T21:00:04","guid":{"rendered":"http:\/\/www.mundi-roth.de\/teneriffa-blog\/?p=5512"},"modified":"2016-12-21T14:27:29","modified_gmt":"2016-12-21T13:27:29","slug":"la-centinela-la-hoya-fuente-de-tamaide-la-centilena","status":"publish","type":"post","link":"https:\/\/www.mundi-roth.de\/teneriffa-blog\/wanderungen\/la-centinela-la-hoya-fuente-de-tamaide-la-centilena\/","title":{"rendered":"La Centinela \u2013 La Hoya \u2013 Fuente de Tamaide \u2013 La Centilena"},"content":{"rendered":"<p>Auf die heutige Wanderung l\u00e4sst sich der alte Spruch anwenden: \u201eKinder wie die Zeit vergeht\u201c.<\/p>\n<p>H\u00e4tte man Elisabeth und mich gefragt, wann wir das letzte Mal von La Centinela aus bis Tamaide und wann die Tour Fuente de Tamaide gegangen sind, h\u00e4tten wir sicher gesagt: \u201eSo vor 3 oder 4 Jahren.\u201c<\/p>\n<p>Tats\u00e4chlich haben wir sie im Oktober und November 2007 gemacht.<br \/>\nIm vergangenen Jahr sind wir\u00a0 lediglich eine Strecke dieser Wanderungen\u00a0 im Zuge unseres langen Marsches auf dem Camino Real del Sur von San Miguel bis La Centilena gegangen.<\/p>\n<p>Nun erfahren wir von einer Infotafel, dass es sich bei dem \u201eCamino Real de Chasna\u201c\u00a0 auch um eine Strecke handelt die La Orotava mit Vilaflor verband. Der Weg liegt an einer Schlucht die sich von der K\u00fcste bis zum Gipfel hinzieht.<\/p>\n<p>Heute nun wollen wir die beiden Wanderungen zu einem Rundweg zusammenf\u00fchren und Elisabeths Schwester Janni, ihrer Cousine Monika und unserer Freundin Margret zeigen.<br \/>\nDie Wetterprognose ist nicht gut, sie wird durch dicke, schwarze, drohende Wolken best\u00e4tigt.<\/p>\n<p>An der Routenf\u00fchrung hat sich nichts ge\u00e4ndert, jedoch inzwischen sind neben den bereits vorhandenen Infotafeln etliche neue hinzugekommen und H\u00f6hlen freigelegt worden. Die Felszeichnungen der Guanchen, die es hier geben soll, haben wir auch heute nicht gefunden.<\/p>\n<p><a href=\"http:\/\/www.mundi-roth.de\/teneriffa-blog\/wp-content\/uploads\/2016\/12\/TRack01.jpg\" rel=\"lightbox[5512]\"><img loading=\"lazy\" decoding=\"async\" class=\"aligncenter size-medium wp-image-5514\" src=\"http:\/\/www.mundi-roth.de\/teneriffa-blog\/wp-content\/uploads\/2016\/12\/TRack01-300x207.jpg\" alt=\"\" width=\"300\" height=\"207\" srcset=\"https:\/\/www.mundi-roth.de\/teneriffa-blog\/wp-content\/uploads\/2016\/12\/TRack01-300x207.jpg 300w, https:\/\/www.mundi-roth.de\/teneriffa-blog\/wp-content\/uploads\/2016\/12\/TRack01-150x104.jpg 150w, https:\/\/www.mundi-roth.de\/teneriffa-blog\/wp-content\/uploads\/2016\/12\/TRack01-768x530.jpg 768w, https:\/\/www.mundi-roth.de\/teneriffa-blog\/wp-content\/uploads\/2016\/12\/TRack01.jpg 915w\" sizes=\"auto, (max-width: 300px) 100vw, 300px\" \/><\/a><\/p>\n<p>Wir starten also, wie gehabt, am Mirador La Centilena, gehen unten am Restaurant entlang und beginnen dort unseren Abstieg.<\/p>\n<p><a href=\"http:\/\/www.mundi-roth.de\/teneriffa-blog\/wp-content\/uploads\/2016\/12\/SANY0107.jpg\" rel=\"lightbox[5512]\"><img loading=\"lazy\" decoding=\"async\" class=\"aligncenter size-thumbnail wp-image-5515\" src=\"http:\/\/www.mundi-roth.de\/teneriffa-blog\/wp-content\/uploads\/2016\/12\/SANY0107-150x113.jpg\" alt=\"\" width=\"150\" height=\"113\" srcset=\"https:\/\/www.mundi-roth.de\/teneriffa-blog\/wp-content\/uploads\/2016\/12\/SANY0107-150x113.jpg 150w, https:\/\/www.mundi-roth.de\/teneriffa-blog\/wp-content\/uploads\/2016\/12\/SANY0107-300x225.jpg 300w, https:\/\/www.mundi-roth.de\/teneriffa-blog\/wp-content\/uploads\/2016\/12\/SANY0107-768x576.jpg 768w, https:\/\/www.mundi-roth.de\/teneriffa-blog\/wp-content\/uploads\/2016\/12\/SANY0107.jpg 800w\" sizes=\"auto, (max-width: 150px) 100vw, 150px\" \/><\/a>Wir wandern an einer Ruine vorbei, steigen auf, nehmen die H\u00f6hlen in Augenschein, werfen einen Blick auf die Quelle und die in den Stein gehauenen Mulden die der Wasseransammlung und als Tr\u00e4nken f\u00fcr das Vieh dienten und gelangen zu den H\u00e4usern von La Hoya.<\/p>\n\n\t\t<style type=\"text\/css\">\n\t\t\t#gallery-1 {\n\t\t\t\tmargin: auto;\n\t\t\t}\n\t\t\t#gallery-1 .gallery-item {\n\t\t\t\tfloat: left;\n\t\t\t\tmargin-top: 10px;\n\t\t\t\ttext-align: center;\n\t\t\t\twidth: 50%;\n\t\t\t}\n\t\t\t#gallery-1 img {\n\t\t\t\tborder: 2px solid #cfcfcf;\n\t\t\t}\n\t\t\t#gallery-1 .gallery-caption {\n\t\t\t\tmargin-left: 0;\n\t\t\t}\n\t\t\t\/* see gallery_shortcode() in wp-includes\/media.php *\/\n\t\t<\/style>\n\t\t<div id='gallery-1' class='gallery galleryid-5512 gallery-columns-2 gallery-size-thumbnail'><dl class='gallery-item'>\n\t\t\t<dt class='gallery-icon landscape'>\n\t\t\t\t<a href='https:\/\/www.mundi-roth.de\/teneriffa-blog\/wp-content\/uploads\/2016\/12\/SANY0126.jpg' rel=\"lightbox[5512]\"><img loading=\"lazy\" decoding=\"async\" width=\"150\" height=\"113\" src=\"https:\/\/www.mundi-roth.de\/teneriffa-blog\/wp-content\/uploads\/2016\/12\/SANY0126-150x113.jpg\" class=\"attachment-thumbnail size-thumbnail\" alt=\"\" srcset=\"https:\/\/www.mundi-roth.de\/teneriffa-blog\/wp-content\/uploads\/2016\/12\/SANY0126-150x113.jpg 150w, https:\/\/www.mundi-roth.de\/teneriffa-blog\/wp-content\/uploads\/2016\/12\/SANY0126-300x225.jpg 300w, https:\/\/www.mundi-roth.de\/teneriffa-blog\/wp-content\/uploads\/2016\/12\/SANY0126-768x576.jpg 768w, https:\/\/www.mundi-roth.de\/teneriffa-blog\/wp-content\/uploads\/2016\/12\/SANY0126.jpg 800w\" sizes=\"auto, (max-width: 150px) 100vw, 150px\" \/><\/a>\n\t\t\t<\/dt><\/dl><dl class='gallery-item'>\n\t\t\t<dt class='gallery-icon landscape'>\n\t\t\t\t<a href='https:\/\/www.mundi-roth.de\/teneriffa-blog\/wp-content\/uploads\/2016\/12\/SANY0118.jpg' rel=\"lightbox[5512]\"><img loading=\"lazy\" decoding=\"async\" width=\"150\" height=\"113\" src=\"https:\/\/www.mundi-roth.de\/teneriffa-blog\/wp-content\/uploads\/2016\/12\/SANY0118-150x113.jpg\" class=\"attachment-thumbnail size-thumbnail\" alt=\"\" srcset=\"https:\/\/www.mundi-roth.de\/teneriffa-blog\/wp-content\/uploads\/2016\/12\/SANY0118-150x113.jpg 150w, https:\/\/www.mundi-roth.de\/teneriffa-blog\/wp-content\/uploads\/2016\/12\/SANY0118-300x225.jpg 300w, https:\/\/www.mundi-roth.de\/teneriffa-blog\/wp-content\/uploads\/2016\/12\/SANY0118-768x576.jpg 768w, https:\/\/www.mundi-roth.de\/teneriffa-blog\/wp-content\/uploads\/2016\/12\/SANY0118.jpg 800w\" sizes=\"auto, (max-width: 150px) 100vw, 150px\" \/><\/a>\n\t\t\t<\/dt><\/dl><br style=\"clear: both\" \/><dl class='gallery-item'>\n\t\t\t<dt class='gallery-icon landscape'>\n\t\t\t\t<a href='https:\/\/www.mundi-roth.de\/teneriffa-blog\/wp-content\/uploads\/2016\/12\/SANY0121.jpg' rel=\"lightbox[5512]\"><img loading=\"lazy\" decoding=\"async\" width=\"150\" height=\"113\" src=\"https:\/\/www.mundi-roth.de\/teneriffa-blog\/wp-content\/uploads\/2016\/12\/SANY0121-150x113.jpg\" class=\"attachment-thumbnail size-thumbnail\" alt=\"\" srcset=\"https:\/\/www.mundi-roth.de\/teneriffa-blog\/wp-content\/uploads\/2016\/12\/SANY0121-150x113.jpg 150w, https:\/\/www.mundi-roth.de\/teneriffa-blog\/wp-content\/uploads\/2016\/12\/SANY0121-300x225.jpg 300w, https:\/\/www.mundi-roth.de\/teneriffa-blog\/wp-content\/uploads\/2016\/12\/SANY0121-768x576.jpg 768w, https:\/\/www.mundi-roth.de\/teneriffa-blog\/wp-content\/uploads\/2016\/12\/SANY0121.jpg 800w\" sizes=\"auto, (max-width: 150px) 100vw, 150px\" \/><\/a>\n\t\t\t<\/dt><\/dl><dl class='gallery-item'>\n\t\t\t<dt class='gallery-icon landscape'>\n\t\t\t\t<a href='https:\/\/www.mundi-roth.de\/teneriffa-blog\/wp-content\/uploads\/2016\/12\/1591c8abaf8.jpg' rel=\"lightbox[5512]\"><img loading=\"lazy\" decoding=\"async\" width=\"150\" height=\"113\" src=\"https:\/\/www.mundi-roth.de\/teneriffa-blog\/wp-content\/uploads\/2016\/12\/1591c8abaf8-150x113.jpg\" class=\"attachment-thumbnail size-thumbnail\" alt=\"\" srcset=\"https:\/\/www.mundi-roth.de\/teneriffa-blog\/wp-content\/uploads\/2016\/12\/1591c8abaf8-150x113.jpg 150w, https:\/\/www.mundi-roth.de\/teneriffa-blog\/wp-content\/uploads\/2016\/12\/1591c8abaf8-300x225.jpg 300w, https:\/\/www.mundi-roth.de\/teneriffa-blog\/wp-content\/uploads\/2016\/12\/1591c8abaf8-768x576.jpg 768w, https:\/\/www.mundi-roth.de\/teneriffa-blog\/wp-content\/uploads\/2016\/12\/1591c8abaf8.jpg 800w\" sizes=\"auto, (max-width: 150px) 100vw, 150px\" \/><\/a>\n\t\t\t<\/dt><\/dl><br style=\"clear: both\" \/>\n\t\t<\/div>\n\n<p>\u00dcber die kleine Ansiedlung La Hoya (1505-1522) werden wir aufgekl\u00e4rt, dass es sich hier um die erste Siedlung von San Miguel de Abona handelt.\u00a0 Ausschlaggebend f\u00fcr seine Wahl zu Ansiedlung waren die vorhandenen nat\u00fcrlichen Ressourcen: 3 Quellen in der N\u00e4he des Dorfes, die Fruchtbarkeit des Bodens, einer strategisch g\u00fcnstigen Lage: keine Sicht auf das Meer, so war es vor m\u00f6glichen Angriffen von Piraten gesch\u00fctzt.<\/p>\n<p>\u00dcber die Bauweise werden wir unterrichtet: \u201cDie Geb\u00e4ude in La Hoya zeigen die Besonderheiten der Architektur des S\u00fcdens der Insel. Sie sind einst\u00f6ckige Geb\u00e4ude mit Bl\u00f6cken von wei\u00dfem Vulkangestein. Auf dem Dach gibt es zwei Arten: beschichtet mit einer oder zwei Lagen von Fliesen und die Dachst\u00fchle waren aus Holz oder einem Kuchen von Lehm und Kalk\u201c.<\/p>\n<p><a href=\"http:\/\/www.mundi-roth.de\/teneriffa-blog\/wp-content\/uploads\/2016\/12\/SANY0161.jpg\" rel=\"lightbox[5512]\"><img loading=\"lazy\" decoding=\"async\" class=\"alignleft size-thumbnail wp-image-5520\" src=\"http:\/\/www.mundi-roth.de\/teneriffa-blog\/wp-content\/uploads\/2016\/12\/SANY0161-150x113.jpg\" alt=\"\" width=\"150\" height=\"113\" srcset=\"https:\/\/www.mundi-roth.de\/teneriffa-blog\/wp-content\/uploads\/2016\/12\/SANY0161-150x113.jpg 150w, https:\/\/www.mundi-roth.de\/teneriffa-blog\/wp-content\/uploads\/2016\/12\/SANY0161-300x225.jpg 300w, https:\/\/www.mundi-roth.de\/teneriffa-blog\/wp-content\/uploads\/2016\/12\/SANY0161-768x576.jpg 768w, https:\/\/www.mundi-roth.de\/teneriffa-blog\/wp-content\/uploads\/2016\/12\/SANY0161.jpg 800w\" sizes=\"auto, (max-width: 150px) 100vw, 150px\" \/><\/a>Wir steigen bis zur Stra\u00dfe auf, finden es nach wie vor am\u00fcsant, dass der\u00a0 Zebrastreifen in&#8217;s Nirgendwo f\u00fchrt und biegen kurz oberhalb davon rechts ab.<\/p>\n<p>Infotafeln gibt es nun zur Landwirtschaft, dass die gro\u00dfen Felder mit \u201ejable\u201c dem Bimsstein abgedeckt werden, da diese \u201eSteinchen\u201c die Feuchtigkeit halten.<br \/>\nEs wird \u00fcber die \u201eErnte der Conchinilla-Laus von den Bl\u00e4ttern der besonderen Kaktusfeigen, den \u201epencas\u201c aufgekl\u00e4rt und die aus Tuffstein erbauten Bew\u00e4sserungskan\u00e4le sowie die Nutzung der Quellen.<\/p>\n<p>Auf der ganzen Strecke gibt es nur einen kurzen Engpass: Wir m\u00fcssen uns durch zwei dicke Felsbrocken \u201equetschen\u201c. Kurz darauf passieren wir die<a href=\"http:\/\/www.mundi-roth.de\/teneriffa-blog\/wp-content\/uploads\/2016\/12\/SANY0142.jpg\" rel=\"lightbox[5512]\"><img loading=\"lazy\" decoding=\"async\" class=\"size-thumbnail wp-image-5521 alignright\" src=\"http:\/\/www.mundi-roth.de\/teneriffa-blog\/wp-content\/uploads\/2016\/12\/SANY0142-150x113.jpg\" alt=\"\" width=\"150\" height=\"113\" srcset=\"https:\/\/www.mundi-roth.de\/teneriffa-blog\/wp-content\/uploads\/2016\/12\/SANY0142-150x113.jpg 150w, https:\/\/www.mundi-roth.de\/teneriffa-blog\/wp-content\/uploads\/2016\/12\/SANY0142-300x225.jpg 300w, https:\/\/www.mundi-roth.de\/teneriffa-blog\/wp-content\/uploads\/2016\/12\/SANY0142-768x576.jpg 768w, https:\/\/www.mundi-roth.de\/teneriffa-blog\/wp-content\/uploads\/2016\/12\/SANY0142.jpg 800w\" sizes=\"auto, (max-width: 150px) 100vw, 150px\" \/><\/a> Quellen, La Fuente de Tamaide\u201c. Bis hierher mussten die Bewohner kommen um Trinkwasser zu holen und ihre W\u00e4sche zu waschen. Wir steigen auf einem vorbildlich pr\u00e4parierten Weg auf, halten uns in einer<\/p>\n<div style=\"clear: both;\">\u00a0Biegung links und gehen weiter hoch bis zu den \u00dcberresten eines alten Pahoehoe-Lavastroms, einer Faden- oder Stricklava- Formation, um diese Besonderheit hier im S\u00fcden unseren Begleiterinnen zu zeigen.<\/div>\n<div style=\"clear: both;\">\n\n\t\t<style type=\"text\/css\">\n\t\t\t#gallery-2 {\n\t\t\t\tmargin: auto;\n\t\t\t}\n\t\t\t#gallery-2 .gallery-item {\n\t\t\t\tfloat: left;\n\t\t\t\tmargin-top: 10px;\n\t\t\t\ttext-align: center;\n\t\t\t\twidth: 50%;\n\t\t\t}\n\t\t\t#gallery-2 img {\n\t\t\t\tborder: 2px solid #cfcfcf;\n\t\t\t}\n\t\t\t#gallery-2 .gallery-caption {\n\t\t\t\tmargin-left: 0;\n\t\t\t}\n\t\t\t\/* see gallery_shortcode() in wp-includes\/media.php *\/\n\t\t<\/style>\n\t\t<div id='gallery-2' class='gallery galleryid-5512 gallery-columns-2 gallery-size-thumbnail'><dl class='gallery-item'>\n\t\t\t<dt class='gallery-icon landscape'>\n\t\t\t\t<a href='https:\/\/www.mundi-roth.de\/teneriffa-blog\/wp-content\/uploads\/2016\/12\/SANY0149.jpg' rel=\"lightbox[5512]\"><img loading=\"lazy\" decoding=\"async\" width=\"150\" height=\"113\" src=\"https:\/\/www.mundi-roth.de\/teneriffa-blog\/wp-content\/uploads\/2016\/12\/SANY0149-150x113.jpg\" class=\"attachment-thumbnail size-thumbnail\" alt=\"\" srcset=\"https:\/\/www.mundi-roth.de\/teneriffa-blog\/wp-content\/uploads\/2016\/12\/SANY0149-150x113.jpg 150w, https:\/\/www.mundi-roth.de\/teneriffa-blog\/wp-content\/uploads\/2016\/12\/SANY0149-300x225.jpg 300w, https:\/\/www.mundi-roth.de\/teneriffa-blog\/wp-content\/uploads\/2016\/12\/SANY0149-768x576.jpg 768w, https:\/\/www.mundi-roth.de\/teneriffa-blog\/wp-content\/uploads\/2016\/12\/SANY0149.jpg 800w\" sizes=\"auto, (max-width: 150px) 100vw, 150px\" \/><\/a>\n\t\t\t<\/dt><\/dl><dl class='gallery-item'>\n\t\t\t<dt class='gallery-icon landscape'>\n\t\t\t\t<a href='https:\/\/www.mundi-roth.de\/teneriffa-blog\/wp-content\/uploads\/2016\/12\/SANY0144.jpg' rel=\"lightbox[5512]\"><img loading=\"lazy\" decoding=\"async\" width=\"150\" height=\"113\" src=\"https:\/\/www.mundi-roth.de\/teneriffa-blog\/wp-content\/uploads\/2016\/12\/SANY0144-150x113.jpg\" class=\"attachment-thumbnail size-thumbnail\" alt=\"\" srcset=\"https:\/\/www.mundi-roth.de\/teneriffa-blog\/wp-content\/uploads\/2016\/12\/SANY0144-150x113.jpg 150w, https:\/\/www.mundi-roth.de\/teneriffa-blog\/wp-content\/uploads\/2016\/12\/SANY0144-300x225.jpg 300w, https:\/\/www.mundi-roth.de\/teneriffa-blog\/wp-content\/uploads\/2016\/12\/SANY0144-768x576.jpg 768w, https:\/\/www.mundi-roth.de\/teneriffa-blog\/wp-content\/uploads\/2016\/12\/SANY0144.jpg 800w\" sizes=\"auto, (max-width: 150px) 100vw, 150px\" \/><\/a>\n\t\t\t<\/dt><\/dl><br style=\"clear: both\" \/>\n\t\t<\/div>\n\n<\/div>\n<p>Den kurzen Anstieg m\u00fcssen wir zur\u00fcckgehen und folgen rechts dem Hinweisschild \u201eSL TF-231 Aldea Blanca 5,6 km Caserio de la Hoya 0,6 km&#8220;, von links sind wir hochgekommen. Der Pfad f\u00fchrt uns rechts runter in den Barranco. Eine Ziege h\u00e4lt Ausschau nach den bellenden Hunden und wir steigen \u2013 was sonst\u00a0 &#8211; wieder auf.<\/p>\n<p>Schnell sind wir an der Stra\u00dfe, gehen nun bis zu dem 1993 renovierten Ziegelofen, dem Monumente popular, um diesen innen und au\u00dfen in Augenschein zu nehmen.<\/p>\n\n\t\t<style type=\"text\/css\">\n\t\t\t#gallery-3 {\n\t\t\t\tmargin: auto;\n\t\t\t}\n\t\t\t#gallery-3 .gallery-item {\n\t\t\t\tfloat: left;\n\t\t\t\tmargin-top: 10px;\n\t\t\t\ttext-align: center;\n\t\t\t\twidth: 50%;\n\t\t\t}\n\t\t\t#gallery-3 img {\n\t\t\t\tborder: 2px solid #cfcfcf;\n\t\t\t}\n\t\t\t#gallery-3 .gallery-caption {\n\t\t\t\tmargin-left: 0;\n\t\t\t}\n\t\t\t\/* see gallery_shortcode() in wp-includes\/media.php *\/\n\t\t<\/style>\n\t\t<div id='gallery-3' class='gallery galleryid-5512 gallery-columns-2 gallery-size-thumbnail'><dl class='gallery-item'>\n\t\t\t<dt class='gallery-icon portrait'>\n\t\t\t\t<a href='https:\/\/www.mundi-roth.de\/teneriffa-blog\/wp-content\/uploads\/2016\/12\/1591c71cc28.jpg' rel=\"lightbox[5512]\"><img loading=\"lazy\" decoding=\"async\" width=\"113\" height=\"150\" src=\"https:\/\/www.mundi-roth.de\/teneriffa-blog\/wp-content\/uploads\/2016\/12\/1591c71cc28-113x150.jpg\" class=\"attachment-thumbnail size-thumbnail\" alt=\"\" srcset=\"https:\/\/www.mundi-roth.de\/teneriffa-blog\/wp-content\/uploads\/2016\/12\/1591c71cc28-113x150.jpg 113w, https:\/\/www.mundi-roth.de\/teneriffa-blog\/wp-content\/uploads\/2016\/12\/1591c71cc28-225x300.jpg 225w, https:\/\/www.mundi-roth.de\/teneriffa-blog\/wp-content\/uploads\/2016\/12\/1591c71cc28.jpg 600w\" sizes=\"auto, (max-width: 113px) 100vw, 113px\" \/><\/a>\n\t\t\t<\/dt><\/dl><dl class='gallery-item'>\n\t\t\t<dt class='gallery-icon portrait'>\n\t\t\t\t<a href='https:\/\/www.mundi-roth.de\/teneriffa-blog\/wp-content\/uploads\/2016\/12\/SANY0167.jpg' rel=\"lightbox[5512]\"><img loading=\"lazy\" decoding=\"async\" width=\"113\" height=\"150\" src=\"https:\/\/www.mundi-roth.de\/teneriffa-blog\/wp-content\/uploads\/2016\/12\/SANY0167-113x150.jpg\" class=\"attachment-thumbnail size-thumbnail\" alt=\"\" srcset=\"https:\/\/www.mundi-roth.de\/teneriffa-blog\/wp-content\/uploads\/2016\/12\/SANY0167-113x150.jpg 113w, https:\/\/www.mundi-roth.de\/teneriffa-blog\/wp-content\/uploads\/2016\/12\/SANY0167-225x300.jpg 225w, https:\/\/www.mundi-roth.de\/teneriffa-blog\/wp-content\/uploads\/2016\/12\/SANY0167.jpg 600w\" sizes=\"auto, (max-width: 113px) 100vw, 113px\" \/><\/a>\n\t\t\t<\/dt><\/dl><br style=\"clear: both\" \/>\n\t\t<\/div>\n\n<p>Von La Hoya aus ist der R\u00fcckweg mit dem Hinweg identisch.<\/p>\n<p>Wanderwegstrecke: 2 Stunden 45 Minuten waren wir f\u00fcr rund 6 km unterwegs \u2013 ohne Apfelpause \u2013 aber vielen Trink- Schau- und Erz\u00e4hlpausen.<\/p>\n<p><strong>Fazit:<\/strong><br \/>\nImmer wieder sch\u00f6n!<br \/>\nWunderbare Ausblicke hoch zum Naturdenkmal Roque de Jama. Durch die entsprechende Infotafel wissen wir jetzt: \u201eDer uralte, steinerne Schatten des Roque de Jama ist Zeuge der Ver\u00e4nderungen der Landschaft. Er ist Zeuge einer Landschaft, die Millionen von Jahren alt ist\u2026\u2026.\u201c<br \/>\nWir blicken auf den Hausberg \u201eConde\u201c und die Ortschaft Vilaflor, zur K\u00fcste\u00a0 bis zur Montana Roja in El M\u00e9dano und begl\u00fcckw\u00fcnschen uns, dass wir trocken am Auto ankommen.<\/p>\n\n\t\t<style type=\"text\/css\">\n\t\t\t#gallery-4 {\n\t\t\t\tmargin: auto;\n\t\t\t}\n\t\t\t#gallery-4 .gallery-item {\n\t\t\t\tfloat: left;\n\t\t\t\tmargin-top: 10px;\n\t\t\t\ttext-align: center;\n\t\t\t\twidth: 50%;\n\t\t\t}\n\t\t\t#gallery-4 img {\n\t\t\t\tborder: 2px solid #cfcfcf;\n\t\t\t}\n\t\t\t#gallery-4 .gallery-caption {\n\t\t\t\tmargin-left: 0;\n\t\t\t}\n\t\t\t\/* see gallery_shortcode() in wp-includes\/media.php *\/\n\t\t<\/style>\n\t\t<div id='gallery-4' class='gallery galleryid-5512 gallery-columns-2 gallery-size-thumbnail'><dl class='gallery-item'>\n\t\t\t<dt class='gallery-icon landscape'>\n\t\t\t\t<a href='https:\/\/www.mundi-roth.de\/teneriffa-blog\/wp-content\/uploads\/2016\/12\/SANY0116.jpg' rel=\"lightbox[5512]\"><img loading=\"lazy\" decoding=\"async\" width=\"150\" height=\"113\" src=\"https:\/\/www.mundi-roth.de\/teneriffa-blog\/wp-content\/uploads\/2016\/12\/SANY0116-150x113.jpg\" class=\"attachment-thumbnail size-thumbnail\" alt=\"\" srcset=\"https:\/\/www.mundi-roth.de\/teneriffa-blog\/wp-content\/uploads\/2016\/12\/SANY0116-150x113.jpg 150w, https:\/\/www.mundi-roth.de\/teneriffa-blog\/wp-content\/uploads\/2016\/12\/SANY0116-300x225.jpg 300w, https:\/\/www.mundi-roth.de\/teneriffa-blog\/wp-content\/uploads\/2016\/12\/SANY0116-768x576.jpg 768w, https:\/\/www.mundi-roth.de\/teneriffa-blog\/wp-content\/uploads\/2016\/12\/SANY0116.jpg 800w\" sizes=\"auto, (max-width: 150px) 100vw, 150px\" \/><\/a>\n\t\t\t<\/dt><\/dl><dl class='gallery-item'>\n\t\t\t<dt class='gallery-icon landscape'>\n\t\t\t\t<a href='https:\/\/www.mundi-roth.de\/teneriffa-blog\/wp-content\/uploads\/2016\/12\/SANY0117.jpg' rel=\"lightbox[5512]\"><img loading=\"lazy\" decoding=\"async\" width=\"150\" height=\"114\" src=\"https:\/\/www.mundi-roth.de\/teneriffa-blog\/wp-content\/uploads\/2016\/12\/SANY0117-150x114.jpg\" class=\"attachment-thumbnail size-thumbnail\" alt=\"\" srcset=\"https:\/\/www.mundi-roth.de\/teneriffa-blog\/wp-content\/uploads\/2016\/12\/SANY0117-150x114.jpg 150w, https:\/\/www.mundi-roth.de\/teneriffa-blog\/wp-content\/uploads\/2016\/12\/SANY0117-300x229.jpg 300w, https:\/\/www.mundi-roth.de\/teneriffa-blog\/wp-content\/uploads\/2016\/12\/SANY0117.jpg 622w\" sizes=\"auto, (max-width: 150px) 100vw, 150px\" \/><\/a>\n\t\t\t<\/dt><\/dl><br style=\"clear: both\" \/><dl class='gallery-item'>\n\t\t\t<dt class='gallery-icon landscape'>\n\t\t\t\t<a href='https:\/\/www.mundi-roth.de\/teneriffa-blog\/wp-content\/uploads\/2016\/12\/SANY0101a.jpg' rel=\"lightbox[5512]\"><img loading=\"lazy\" decoding=\"async\" width=\"150\" height=\"100\" src=\"https:\/\/www.mundi-roth.de\/teneriffa-blog\/wp-content\/uploads\/2016\/12\/SANY0101a-150x100.jpg\" class=\"attachment-thumbnail size-thumbnail\" alt=\"\" srcset=\"https:\/\/www.mundi-roth.de\/teneriffa-blog\/wp-content\/uploads\/2016\/12\/SANY0101a-150x100.jpg 150w, https:\/\/www.mundi-roth.de\/teneriffa-blog\/wp-content\/uploads\/2016\/12\/SANY0101a-300x199.jpg 300w, https:\/\/www.mundi-roth.de\/teneriffa-blog\/wp-content\/uploads\/2016\/12\/SANY0101a.jpg 693w\" sizes=\"auto, (max-width: 150px) 100vw, 150px\" \/><\/a>\n\t\t\t<\/dt><\/dl><dl class='gallery-item'>\n\t\t\t<dt class='gallery-icon landscape'>\n\t\t\t\t<a href='https:\/\/www.mundi-roth.de\/teneriffa-blog\/wp-content\/uploads\/2016\/12\/SANY0160a.jpg' rel=\"lightbox[5512]\"><img loading=\"lazy\" decoding=\"async\" width=\"150\" height=\"101\" src=\"https:\/\/www.mundi-roth.de\/teneriffa-blog\/wp-content\/uploads\/2016\/12\/SANY0160a-150x101.jpg\" class=\"attachment-thumbnail size-thumbnail\" alt=\"\" srcset=\"https:\/\/www.mundi-roth.de\/teneriffa-blog\/wp-content\/uploads\/2016\/12\/SANY0160a-150x101.jpg 150w, https:\/\/www.mundi-roth.de\/teneriffa-blog\/wp-content\/uploads\/2016\/12\/SANY0160a-300x202.jpg 300w, https:\/\/www.mundi-roth.de\/teneriffa-blog\/wp-content\/uploads\/2016\/12\/SANY0160a-768x517.jpg 768w, https:\/\/www.mundi-roth.de\/teneriffa-blog\/wp-content\/uploads\/2016\/12\/SANY0160a.jpg 800w\" sizes=\"auto, (max-width: 150px) 100vw, 150px\" \/><\/a>\n\t\t\t<\/dt><\/dl><br style=\"clear: both\" \/>\n\t\t<\/div>\n\n","protected":false},"excerpt":{"rendered":"<p>Auf die heutige Wanderung l\u00e4sst sich der alte Spruch anwenden: \u201eKinder wie die Zeit vergeht\u201c. H\u00e4tte man Elisabeth und mich gefragt, wann wir das letzte Mal von La Centinela aus bis Tamaide und wann die Tour Fuente de Tamaide gegangen sind, h\u00e4tten wir sicher gesagt: \u201eSo vor 3 oder 4 Jahren.\u201c Tats\u00e4chlich haben wir sie [&hellip;]<\/p>\n","protected":false},"author":4,"featured_media":5531,"comment_status":"open","ping_status":"open","sticky":false,"template":"","format":"standard","meta":{"footnotes":""},"categories":[775,6],"tags":[957,956,26,624,955],"class_list":["post-5512","post","type-post","status-publish","format-standard","has-post-thumbnail","hentry","category-arona","category-wanderungen","tag-camino-real-de-chasna","tag-fuente-de-tamaide","tag-la-centinela","tag-la-hoya","tag-tamaide"],"yoast_head":"<!-- This site is optimized with the Yoast SEO plugin v27.5 - https:\/\/yoast.com\/product\/yoast-seo-wordpress\/ -->\n<title>La Centinela \u2013 La Hoya \u2013 Fuente de Tamaide \u2013 La Centilena - Teneriffa Wandern<\/title>\n<meta name=\"robots\" content=\"index, follow, max-snippet:-1, max-image-preview:large, max-video-preview:-1\" \/>\n<link rel=\"canonical\" href=\"https:\/\/www.mundi-roth.de\/teneriffa-blog\/wanderungen\/la-centinela-la-hoya-fuente-de-tamaide-la-centilena\/\" \/>\n<meta name=\"twitter:label1\" content=\"Verfasst von\" \/>\n\t<meta name=\"twitter:data1\" content=\"mundi\" \/>\n\t<meta name=\"twitter:label2\" content=\"Gesch\u00e4tzte Lesezeit\" \/>\n\t<meta name=\"twitter:data2\" content=\"4\u00a0Minuten\" \/>\n<script type=\"application\/ld+json\" class=\"yoast-schema-graph\">{\"@context\":\"https:\\\/\\\/schema.org\",\"@graph\":[{\"@type\":\"Article\",\"@id\":\"https:\\\/\\\/www.mundi-roth.de\\\/teneriffa-blog\\\/wanderungen\\\/la-centinela-la-hoya-fuente-de-tamaide-la-centilena\\\/#article\",\"isPartOf\":{\"@id\":\"https:\\\/\\\/www.mundi-roth.de\\\/teneriffa-blog\\\/wanderungen\\\/la-centinela-la-hoya-fuente-de-tamaide-la-centilena\\\/\"},\"author\":{\"name\":\"mundi\",\"@id\":\"https:\\\/\\\/www.mundi-roth.de\\\/teneriffa-blog\\\/#\\\/schema\\\/person\\\/971c66b55f3ae5e8741553688c413cac\"},\"headline\":\"La Centinela \u2013 La Hoya \u2013 Fuente de Tamaide \u2013 La Centilena\",\"datePublished\":\"2016-12-20T21:00:04+00:00\",\"dateModified\":\"2016-12-21T13:27:29+00:00\",\"mainEntityOfPage\":{\"@id\":\"https:\\\/\\\/www.mundi-roth.de\\\/teneriffa-blog\\\/wanderungen\\\/la-centinela-la-hoya-fuente-de-tamaide-la-centilena\\\/\"},\"wordCount\":801,\"commentCount\":0,\"image\":{\"@id\":\"https:\\\/\\\/www.mundi-roth.de\\\/teneriffa-blog\\\/wanderungen\\\/la-centinela-la-hoya-fuente-de-tamaide-la-centilena\\\/#primaryimage\"},\"thumbnailUrl\":\"https:\\\/\\\/www.mundi-roth.de\\\/teneriffa-blog\\\/wp-content\\\/uploads\\\/2016\\\/12\\\/SANY0103.jpg\",\"keywords\":[\"Camino Real de Chasna\",\"Fuente de Tamaide\",\"La Centinela\",\"La Hoya\",\"Tamaide\"],\"articleSection\":[\"Arona\",\"Wanderungen\"],\"inLanguage\":\"de\",\"potentialAction\":[{\"@type\":\"CommentAction\",\"name\":\"Comment\",\"target\":[\"https:\\\/\\\/www.mundi-roth.de\\\/teneriffa-blog\\\/wanderungen\\\/la-centinela-la-hoya-fuente-de-tamaide-la-centilena\\\/#respond\"]}]},{\"@type\":\"WebPage\",\"@id\":\"https:\\\/\\\/www.mundi-roth.de\\\/teneriffa-blog\\\/wanderungen\\\/la-centinela-la-hoya-fuente-de-tamaide-la-centilena\\\/\",\"url\":\"https:\\\/\\\/www.mundi-roth.de\\\/teneriffa-blog\\\/wanderungen\\\/la-centinela-la-hoya-fuente-de-tamaide-la-centilena\\\/\",\"name\":\"La Centinela \u2013 La Hoya \u2013 Fuente de Tamaide \u2013 La Centilena - Teneriffa Wandern\",\"isPartOf\":{\"@id\":\"https:\\\/\\\/www.mundi-roth.de\\\/teneriffa-blog\\\/#website\"},\"primaryImageOfPage\":{\"@id\":\"https:\\\/\\\/www.mundi-roth.de\\\/teneriffa-blog\\\/wanderungen\\\/la-centinela-la-hoya-fuente-de-tamaide-la-centilena\\\/#primaryimage\"},\"image\":{\"@id\":\"https:\\\/\\\/www.mundi-roth.de\\\/teneriffa-blog\\\/wanderungen\\\/la-centinela-la-hoya-fuente-de-tamaide-la-centilena\\\/#primaryimage\"},\"thumbnailUrl\":\"https:\\\/\\\/www.mundi-roth.de\\\/teneriffa-blog\\\/wp-content\\\/uploads\\\/2016\\\/12\\\/SANY0103.jpg\",\"datePublished\":\"2016-12-20T21:00:04+00:00\",\"dateModified\":\"2016-12-21T13:27:29+00:00\",\"author\":{\"@id\":\"https:\\\/\\\/www.mundi-roth.de\\\/teneriffa-blog\\\/#\\\/schema\\\/person\\\/971c66b55f3ae5e8741553688c413cac\"},\"breadcrumb\":{\"@id\":\"https:\\\/\\\/www.mundi-roth.de\\\/teneriffa-blog\\\/wanderungen\\\/la-centinela-la-hoya-fuente-de-tamaide-la-centilena\\\/#breadcrumb\"},\"inLanguage\":\"de\",\"potentialAction\":[{\"@type\":\"ReadAction\",\"target\":[\"https:\\\/\\\/www.mundi-roth.de\\\/teneriffa-blog\\\/wanderungen\\\/la-centinela-la-hoya-fuente-de-tamaide-la-centilena\\\/\"]}]},{\"@type\":\"ImageObject\",\"inLanguage\":\"de\",\"@id\":\"https:\\\/\\\/www.mundi-roth.de\\\/teneriffa-blog\\\/wanderungen\\\/la-centinela-la-hoya-fuente-de-tamaide-la-centilena\\\/#primaryimage\",\"url\":\"https:\\\/\\\/www.mundi-roth.de\\\/teneriffa-blog\\\/wp-content\\\/uploads\\\/2016\\\/12\\\/SANY0103.jpg\",\"contentUrl\":\"https:\\\/\\\/www.mundi-roth.de\\\/teneriffa-blog\\\/wp-content\\\/uploads\\\/2016\\\/12\\\/SANY0103.jpg\",\"width\":800,\"height\":600},{\"@type\":\"BreadcrumbList\",\"@id\":\"https:\\\/\\\/www.mundi-roth.de\\\/teneriffa-blog\\\/wanderungen\\\/la-centinela-la-hoya-fuente-de-tamaide-la-centilena\\\/#breadcrumb\",\"itemListElement\":[{\"@type\":\"ListItem\",\"position\":1,\"name\":\"Startseite\",\"item\":\"https:\\\/\\\/www.mundi-roth.de\\\/teneriffa-blog\\\/\"},{\"@type\":\"ListItem\",\"position\":2,\"name\":\"La Centinela \u2013 La Hoya \u2013 Fuente de Tamaide \u2013 La Centilena\"}]},{\"@type\":\"WebSite\",\"@id\":\"https:\\\/\\\/www.mundi-roth.de\\\/teneriffa-blog\\\/#website\",\"url\":\"https:\\\/\\\/www.mundi-roth.de\\\/teneriffa-blog\\\/\",\"name\":\"Teneriffa Wandern\",\"description\":\"Nicht nur Wanderungen auf Teneriffa...\",\"potentialAction\":[{\"@type\":\"SearchAction\",\"target\":{\"@type\":\"EntryPoint\",\"urlTemplate\":\"https:\\\/\\\/www.mundi-roth.de\\\/teneriffa-blog\\\/?s={search_term_string}\"},\"query-input\":{\"@type\":\"PropertyValueSpecification\",\"valueRequired\":true,\"valueName\":\"search_term_string\"}}],\"inLanguage\":\"de\"},{\"@type\":\"Person\",\"@id\":\"https:\\\/\\\/www.mundi-roth.de\\\/teneriffa-blog\\\/#\\\/schema\\\/person\\\/971c66b55f3ae5e8741553688c413cac\",\"name\":\"mundi\",\"image\":{\"@type\":\"ImageObject\",\"inLanguage\":\"de\",\"@id\":\"https:\\\/\\\/secure.gravatar.com\\\/avatar\\\/555f0dd85428f1a9330f8e5dbe9e40ff9ca912bb81e5a89747ebf3ca9c20dc0f?s=96&d=mm&r=g\",\"url\":\"https:\\\/\\\/secure.gravatar.com\\\/avatar\\\/555f0dd85428f1a9330f8e5dbe9e40ff9ca912bb81e5a89747ebf3ca9c20dc0f?s=96&d=mm&r=g\",\"contentUrl\":\"https:\\\/\\\/secure.gravatar.com\\\/avatar\\\/555f0dd85428f1a9330f8e5dbe9e40ff9ca912bb81e5a89747ebf3ca9c20dc0f?s=96&d=mm&r=g\",\"caption\":\"mundi\"},\"sameAs\":[\"http:\\\/\\\/mundi-roth.de\"],\"url\":\"https:\\\/\\\/www.mundi-roth.de\\\/teneriffa-blog\\\/author\\\/mundi\\\/\"}]}<\/script>\n<!-- \/ Yoast SEO plugin. -->","yoast_head_json":{"title":"La Centinela \u2013 La Hoya \u2013 Fuente de Tamaide \u2013 La Centilena - Teneriffa Wandern","robots":{"index":"index","follow":"follow","max-snippet":"max-snippet:-1","max-image-preview":"max-image-preview:large","max-video-preview":"max-video-preview:-1"},"canonical":"https:\/\/www.mundi-roth.de\/teneriffa-blog\/wanderungen\/la-centinela-la-hoya-fuente-de-tamaide-la-centilena\/","twitter_misc":{"Verfasst von":"mundi","Gesch\u00e4tzte Lesezeit":"4\u00a0Minuten"},"schema":{"@context":"https:\/\/schema.org","@graph":[{"@type":"Article","@id":"https:\/\/www.mundi-roth.de\/teneriffa-blog\/wanderungen\/la-centinela-la-hoya-fuente-de-tamaide-la-centilena\/#article","isPartOf":{"@id":"https:\/\/www.mundi-roth.de\/teneriffa-blog\/wanderungen\/la-centinela-la-hoya-fuente-de-tamaide-la-centilena\/"},"author":{"name":"mundi","@id":"https:\/\/www.mundi-roth.de\/teneriffa-blog\/#\/schema\/person\/971c66b55f3ae5e8741553688c413cac"},"headline":"La Centinela \u2013 La Hoya \u2013 Fuente de Tamaide \u2013 La Centilena","datePublished":"2016-12-20T21:00:04+00:00","dateModified":"2016-12-21T13:27:29+00:00","mainEntityOfPage":{"@id":"https:\/\/www.mundi-roth.de\/teneriffa-blog\/wanderungen\/la-centinela-la-hoya-fuente-de-tamaide-la-centilena\/"},"wordCount":801,"commentCount":0,"image":{"@id":"https:\/\/www.mundi-roth.de\/teneriffa-blog\/wanderungen\/la-centinela-la-hoya-fuente-de-tamaide-la-centilena\/#primaryimage"},"thumbnailUrl":"https:\/\/www.mundi-roth.de\/teneriffa-blog\/wp-content\/uploads\/2016\/12\/SANY0103.jpg","keywords":["Camino Real de Chasna","Fuente de Tamaide","La Centinela","La Hoya","Tamaide"],"articleSection":["Arona","Wanderungen"],"inLanguage":"de","potentialAction":[{"@type":"CommentAction","name":"Comment","target":["https:\/\/www.mundi-roth.de\/teneriffa-blog\/wanderungen\/la-centinela-la-hoya-fuente-de-tamaide-la-centilena\/#respond"]}]},{"@type":"WebPage","@id":"https:\/\/www.mundi-roth.de\/teneriffa-blog\/wanderungen\/la-centinela-la-hoya-fuente-de-tamaide-la-centilena\/","url":"https:\/\/www.mundi-roth.de\/teneriffa-blog\/wanderungen\/la-centinela-la-hoya-fuente-de-tamaide-la-centilena\/","name":"La Centinela \u2013 La Hoya \u2013 Fuente de Tamaide \u2013 La Centilena - Teneriffa Wandern","isPartOf":{"@id":"https:\/\/www.mundi-roth.de\/teneriffa-blog\/#website"},"primaryImageOfPage":{"@id":"https:\/\/www.mundi-roth.de\/teneriffa-blog\/wanderungen\/la-centinela-la-hoya-fuente-de-tamaide-la-centilena\/#primaryimage"},"image":{"@id":"https:\/\/www.mundi-roth.de\/teneriffa-blog\/wanderungen\/la-centinela-la-hoya-fuente-de-tamaide-la-centilena\/#primaryimage"},"thumbnailUrl":"https:\/\/www.mundi-roth.de\/teneriffa-blog\/wp-content\/uploads\/2016\/12\/SANY0103.jpg","datePublished":"2016-12-20T21:00:04+00:00","dateModified":"2016-12-21T13:27:29+00:00","author":{"@id":"https:\/\/www.mundi-roth.de\/teneriffa-blog\/#\/schema\/person\/971c66b55f3ae5e8741553688c413cac"},"breadcrumb":{"@id":"https:\/\/www.mundi-roth.de\/teneriffa-blog\/wanderungen\/la-centinela-la-hoya-fuente-de-tamaide-la-centilena\/#breadcrumb"},"inLanguage":"de","potentialAction":[{"@type":"ReadAction","target":["https:\/\/www.mundi-roth.de\/teneriffa-blog\/wanderungen\/la-centinela-la-hoya-fuente-de-tamaide-la-centilena\/"]}]},{"@type":"ImageObject","inLanguage":"de","@id":"https:\/\/www.mundi-roth.de\/teneriffa-blog\/wanderungen\/la-centinela-la-hoya-fuente-de-tamaide-la-centilena\/#primaryimage","url":"https:\/\/www.mundi-roth.de\/teneriffa-blog\/wp-content\/uploads\/2016\/12\/SANY0103.jpg","contentUrl":"https:\/\/www.mundi-roth.de\/teneriffa-blog\/wp-content\/uploads\/2016\/12\/SANY0103.jpg","width":800,"height":600},{"@type":"BreadcrumbList","@id":"https:\/\/www.mundi-roth.de\/teneriffa-blog\/wanderungen\/la-centinela-la-hoya-fuente-de-tamaide-la-centilena\/#breadcrumb","itemListElement":[{"@type":"ListItem","position":1,"name":"Startseite","item":"https:\/\/www.mundi-roth.de\/teneriffa-blog\/"},{"@type":"ListItem","position":2,"name":"La Centinela \u2013 La Hoya \u2013 Fuente de Tamaide \u2013 La Centilena"}]},{"@type":"WebSite","@id":"https:\/\/www.mundi-roth.de\/teneriffa-blog\/#website","url":"https:\/\/www.mundi-roth.de\/teneriffa-blog\/","name":"Teneriffa Wandern","description":"Nicht nur Wanderungen auf Teneriffa...","potentialAction":[{"@type":"SearchAction","target":{"@type":"EntryPoint","urlTemplate":"https:\/\/www.mundi-roth.de\/teneriffa-blog\/?s={search_term_string}"},"query-input":{"@type":"PropertyValueSpecification","valueRequired":true,"valueName":"search_term_string"}}],"inLanguage":"de"},{"@type":"Person","@id":"https:\/\/www.mundi-roth.de\/teneriffa-blog\/#\/schema\/person\/971c66b55f3ae5e8741553688c413cac","name":"mundi","image":{"@type":"ImageObject","inLanguage":"de","@id":"https:\/\/secure.gravatar.com\/avatar\/555f0dd85428f1a9330f8e5dbe9e40ff9ca912bb81e5a89747ebf3ca9c20dc0f?s=96&d=mm&r=g","url":"https:\/\/secure.gravatar.com\/avatar\/555f0dd85428f1a9330f8e5dbe9e40ff9ca912bb81e5a89747ebf3ca9c20dc0f?s=96&d=mm&r=g","contentUrl":"https:\/\/secure.gravatar.com\/avatar\/555f0dd85428f1a9330f8e5dbe9e40ff9ca912bb81e5a89747ebf3ca9c20dc0f?s=96&d=mm&r=g","caption":"mundi"},"sameAs":["http:\/\/mundi-roth.de"],"url":"https:\/\/www.mundi-roth.de\/teneriffa-blog\/author\/mundi\/"}]}},"_links":{"self":[{"href":"https:\/\/www.mundi-roth.de\/teneriffa-blog\/wp-json\/wp\/v2\/posts\/5512","targetHints":{"allow":["GET"]}}],"collection":[{"href":"https:\/\/www.mundi-roth.de\/teneriffa-blog\/wp-json\/wp\/v2\/posts"}],"about":[{"href":"https:\/\/www.mundi-roth.de\/teneriffa-blog\/wp-json\/wp\/v2\/types\/post"}],"author":[{"embeddable":true,"href":"https:\/\/www.mundi-roth.de\/teneriffa-blog\/wp-json\/wp\/v2\/users\/4"}],"replies":[{"embeddable":true,"href":"https:\/\/www.mundi-roth.de\/teneriffa-blog\/wp-json\/wp\/v2\/comments?post=5512"}],"version-history":[{"count":0,"href":"https:\/\/www.mundi-roth.de\/teneriffa-blog\/wp-json\/wp\/v2\/posts\/5512\/revisions"}],"wp:featuredmedia":[{"embeddable":true,"href":"https:\/\/www.mundi-roth.de\/teneriffa-blog\/wp-json\/wp\/v2\/media\/5531"}],"wp:attachment":[{"href":"https:\/\/www.mundi-roth.de\/teneriffa-blog\/wp-json\/wp\/v2\/media?parent=5512"}],"wp:term":[{"taxonomy":"category","embeddable":true,"href":"https:\/\/www.mundi-roth.de\/teneriffa-blog\/wp-json\/wp\/v2\/categories?post=5512"},{"taxonomy":"post_tag","embeddable":true,"href":"https:\/\/www.mundi-roth.de\/teneriffa-blog\/wp-json\/wp\/v2\/tags?post=5512"}],"curies":[{"name":"wp","href":"https:\/\/api.w.org\/{rel}","templated":true}]}}