{"id":574,"date":"2008-12-03T20:00:17","date_gmt":"2008-12-03T19:00:17","guid":{"rendered":"http:\/\/www.mundi-roth.de\/teneriffa-blog\/?p=574"},"modified":"2015-04-12T11:37:30","modified_gmt":"2015-04-12T10:37:30","slug":"risco-steig-von-buenavista-nach-teno-alto","status":"publish","type":"post","link":"https:\/\/www.mundi-roth.de\/teneriffa-blog\/wanderungen\/risco-steig-von-buenavista-nach-teno-alto\/","title":{"rendered":"Risco Steig &#8211; Von Buenavista nach Teno Alto"},"content":{"rendered":"<p><strong><em>Wow! Im Vergleich zu dieser Tour sind alle bisher von uns gegangenen Touren fast<\/em><\/strong><a href=\"http:\/\/www.mundi-roth.de\/teneriffa-blog\/wp-content\/uploads\/2008\/12\/route_risco_steig.jpg\" rel=\"lightbox[574]\"><img loading=\"lazy\" decoding=\"async\" class=\"alignright size-thumbnail wp-image-595\" title=\"route_risco_steig\" src=\"http:\/\/www.mundi-roth.de\/teneriffa-blog\/wp-content\/uploads\/2008\/12\/route_risco_steig-146x150.jpg\" alt=\"\" width=\"146\" height=\"150\" srcset=\"https:\/\/www.mundi-roth.de\/teneriffa-blog\/wp-content\/uploads\/2008\/12\/route_risco_steig-146x150.jpg 146w, https:\/\/www.mundi-roth.de\/teneriffa-blog\/wp-content\/uploads\/2008\/12\/route_risco_steig-292x300.jpg 292w, https:\/\/www.mundi-roth.de\/teneriffa-blog\/wp-content\/uploads\/2008\/12\/route_risco_steig.jpg 527w\" sizes=\"auto, (max-width: 146px) 100vw, 146px\" \/><\/a><strong><em> Spazierg\u00e4nge. Ein absoluter Wander-H\u00f6hepunkt!<br \/>\nGrandiose Aus- und Anblicke! Jedoch nur gehen: Bei guter Kondition! Gutem Wetter! Ohne Schwindelgef\u00fchl!<\/em><\/strong><br \/>\nEs sind ca. 700 H\u00f6henmeter im steilen Anstieg zu schaffen.<\/p>\n<p><strong>Wander-Wegstrecke:<\/strong> 2 1\/2 Stunden<br \/>\nWir starten bei Kilometer 2,5 der TF 445 von Buenavista nach Punta Teno . Dort gibt ein Hinweisschild \u201eTeno alto 2 Stunden\u201c die Richtung vor.<br \/>\nZwischen zwei gro\u00dfen Wasserbassins f\u00fchrt der zun\u00e4chst nasse Pfad zwischen Schilf wenige Meter eben dahin. Das ist dann aber auch schon bis zur Teno Hochebene das einzige ebene St\u00fcck. Sogleic<a href=\"http:\/\/www.mundi-roth.de\/teneriffa-blog\/wp-content\/uploads\/2008\/12\/p1020762.jpg\" rel=\"lightbox[574]\"><img loading=\"lazy\" decoding=\"async\" class=\"alignright size-thumbnail wp-image-577\" title=\"p1020762\" src=\"http:\/\/www.mundi-roth.de\/teneriffa-blog\/wp-content\/uploads\/2008\/12\/p1020762-150x112.jpg\" alt=\"\" width=\"150\" height=\"112\" srcset=\"https:\/\/www.mundi-roth.de\/teneriffa-blog\/wp-content\/uploads\/2008\/12\/p1020762-150x112.jpg 150w, https:\/\/www.mundi-roth.de\/teneriffa-blog\/wp-content\/uploads\/2008\/12\/p1020762-300x225.jpg 300w, https:\/\/www.mundi-roth.de\/teneriffa-blog\/wp-content\/uploads\/2008\/12\/p1020762.jpg 600w\" sizes=\"auto, (max-width: 150px) 100vw, 150px\" \/><\/a>h beginnt der Aufstieg \u00fcber dicke Felsbrocken. Nach 15 Minuten passieren wir linker Hand wieder ein Wasserbecken und steigen weiter bergauf. Verlaufen kann man sich kaum, ein rechts abzweigender Pfad wurde von freundlichen Wanderern mit Steinen abge<a href=\"http:\/\/www.mundi-roth.de\/teneriffa-blog\/wp-content\/uploads\/2008\/12\/p1020765.jpg\" rel=\"lightbox[574]\"><img loading=\"lazy\" decoding=\"async\" class=\"alignleft size-thumbnail wp-image-578\" title=\"p1020765\" src=\"http:\/\/www.mundi-roth.de\/teneriffa-blog\/wp-content\/uploads\/2008\/12\/p1020765-150x112.jpg\" alt=\"\" width=\"150\" height=\"112\" srcset=\"https:\/\/www.mundi-roth.de\/teneriffa-blog\/wp-content\/uploads\/2008\/12\/p1020765-150x112.jpg 150w, https:\/\/www.mundi-roth.de\/teneriffa-blog\/wp-content\/uploads\/2008\/12\/p1020765-300x225.jpg 300w, https:\/\/www.mundi-roth.de\/teneriffa-blog\/wp-content\/uploads\/2008\/12\/p1020765.jpg 600w\" sizes=\"auto, (max-width: 150px) 100vw, 150px\" \/><\/a>grenzt, diesen Punkt erreichen wir nach ca. einer halben Stunde. Steinm\u00e4nnchen weisen den Weg weiter hinauf. Kurz darauf kommt die einzige kritische Stelle, an der man wenige Meter falsch gehen kann. Nur nicht gl\u00fccklich aufatmen! Das einladende flache St\u00fcck f\u00fchrt in eine Sackgasse, auf eine Felswand zu. Ein dicker Strauch mit Kandelaber-Wolfsmilch soll als Hinweis dienen, dass man dort rechts di<a href=\"http:\/\/www.mundi-roth.de\/teneriffa-blog\/wp-content\/uploads\/2008\/12\/p1020790.jpg\" rel=\"lightbox[574]\"><img loading=\"lazy\" decoding=\"async\" class=\"alignright size-thumbnail wp-image-579\" title=\"p1020790\" src=\"http:\/\/www.mundi-roth.de\/teneriffa-blog\/wp-content\/uploads\/2008\/12\/p1020790-150x112.jpg\" alt=\"\" width=\"150\" height=\"112\" srcset=\"https:\/\/www.mundi-roth.de\/teneriffa-blog\/wp-content\/uploads\/2008\/12\/p1020790-150x112.jpg 150w, https:\/\/www.mundi-roth.de\/teneriffa-blog\/wp-content\/uploads\/2008\/12\/p1020790-300x225.jpg 300w, https:\/\/www.mundi-roth.de\/teneriffa-blog\/wp-content\/uploads\/2008\/12\/p1020790.jpg 600w\" sizes=\"auto, (max-width: 150px) 100vw, 150px\" \/><\/a>e in den Fels geschlagenen Stufen hinaufsteigt.<br \/>\nImmer weiter steil bergauf. Es lohnt sich auch immer wieder stehen zu bleiben und die Ausblicke zum Meer, die grandiosen Felsformationen, die tiefen Schluchten zu b<a href=\"http:\/\/www.mundi-roth.de\/teneriffa-blog\/wp-content\/uploads\/2008\/12\/p1020788.jpg\" rel=\"lightbox[574]\"><img loading=\"lazy\" decoding=\"async\" class=\"alignleft size-thumbnail wp-image-582\" title=\"p1020788\" src=\"http:\/\/www.mundi-roth.de\/teneriffa-blog\/wp-content\/uploads\/2008\/12\/p1020788-150x112.jpg\" alt=\"\" width=\"150\" height=\"112\" srcset=\"https:\/\/www.mundi-roth.de\/teneriffa-blog\/wp-content\/uploads\/2008\/12\/p1020788-150x112.jpg 150w, https:\/\/www.mundi-roth.de\/teneriffa-blog\/wp-content\/uploads\/2008\/12\/p1020788-300x225.jpg 300w, https:\/\/www.mundi-roth.de\/teneriffa-blog\/wp-content\/uploads\/2008\/12\/p1020788.jpg 600w\" sizes=\"auto, (max-width: 150px) 100vw, 150px\" \/><\/a>ewundern.<br \/>\nLeider ist keine Bl\u00fctezeit, aber trotzdem ist es gr\u00fcn: Bl\u00e4tter der G\u00e4nsedistel, vereinzelte Margaritenbl\u00fcten und schon bl\u00fchender Lavendel, bodendeckende Pflanzen, Aeonien, die h\u00fcbschen Monanthes, dazu die zum Teil mit gelben und grauen Flechten \u00fcberzogenen Felsw\u00e4nde. Einfach sch\u00f6n!<a href=\"http:\/\/www.mundi-roth.de\/teneriffa-blog\/wp-content\/uploads\/2008\/12\/p1020794a.jpg\" rel=\"lightbox[574]\"><img loading=\"lazy\" decoding=\"async\" class=\"alignright size-thumbnail wp-image-583\" title=\"p1020794a\" src=\"http:\/\/www.mundi-roth.de\/teneriffa-blog\/wp-content\/uploads\/2008\/12\/p1020794a-150x119.jpg\" alt=\"\" width=\"150\" height=\"119\" srcset=\"https:\/\/www.mundi-roth.de\/teneriffa-blog\/wp-content\/uploads\/2008\/12\/p1020794a-150x119.jpg 150w, https:\/\/www.mundi-roth.de\/teneriffa-blog\/wp-content\/uploads\/2008\/12\/p1020794a-300x239.jpg 300w, https:\/\/www.mundi-roth.de\/teneriffa-blog\/wp-content\/uploads\/2008\/12\/p1020794a.jpg 600w\" sizes=\"auto, (max-width: 150px) 100vw, 150px\" \/><\/a><br \/>\n2 Stunden haben wir f\u00fcr den Steig gebraucht und kommen auf der Hochebene an einer alten Guanchen-Kultst\u00e4tte aus.<br \/>\nDer Blick hier auf der Hochebene l\u00e4sst uns \u2013 trotz Sturm \u2013 erst mal Oh! und Ah! <a href=\"http:\/\/www.mundi-roth.de\/teneriffa-blog\/wp-content\/uploads\/2008\/12\/p1020799.jpg\" rel=\"lightbox[574]\"><img loading=\"lazy\" decoding=\"async\" class=\"alignleft size-thumbnail wp-image-585\" title=\"p1020799\" src=\"http:\/\/www.mundi-roth.de\/teneriffa-blog\/wp-content\/uploads\/2008\/12\/p1020799-150x112.jpg\" alt=\"\" width=\"150\" height=\"112\" srcset=\"https:\/\/www.mundi-roth.de\/teneriffa-blog\/wp-content\/uploads\/2008\/12\/p1020799-150x112.jpg 150w, https:\/\/www.mundi-roth.de\/teneriffa-blog\/wp-content\/uploads\/2008\/12\/p1020799-300x225.jpg 300w, https:\/\/www.mundi-roth.de\/teneriffa-blog\/wp-content\/uploads\/2008\/12\/p1020799.jpg 600w\" sizes=\"auto, (max-width: 150px) 100vw, 150px\" \/><\/a>sagen: Vielfarbig ist es hier oben. Gro\u00dfe rote Fl\u00e4chen, weiter rechts gelbe, graue und gr\u00fcne dazwischen, dann der Blick auf das blaue Meer. Wundersch\u00f6n! Wie w\u00e4re das hier erst im Sonnenschein?!<br \/>\nSagen wir, wir kommen bei Uhrstellung \u201e6 Uhr\u201c an der herzf\u00f6rmigen, mit Steinen geformten Kultst\u00e4tte aus und wir gehen bei \u201e9 Uhr\u201c weiter aufw\u00e4rts, erst \u00fcber ein helles Kalkband, dann \u00fcber rote Erde und rotes Gestein. Der Aufstieg ist von einer nat\u00fcrlichen Mauer<a href=\"http:\/\/www.mundi-roth.de\/teneriffa-blog\/wp-content\/uploads\/2008\/12\/p1020795.jpg\" rel=\"lightbox[574]\"><img loading=\"lazy\" decoding=\"async\" class=\"alignright size-thumbnail wp-image-586\" title=\"p1020795\" src=\"http:\/\/www.mundi-roth.de\/teneriffa-blog\/wp-content\/uploads\/2008\/12\/p1020795-150x112.jpg\" alt=\"\" width=\"150\" height=\"112\" srcset=\"https:\/\/www.mundi-roth.de\/teneriffa-blog\/wp-content\/uploads\/2008\/12\/p1020795-150x112.jpg 150w, https:\/\/www.mundi-roth.de\/teneriffa-blog\/wp-content\/uploads\/2008\/12\/p1020795-300x225.jpg 300w, https:\/\/www.mundi-roth.de\/teneriffa-blog\/wp-content\/uploads\/2008\/12\/p1020795.jpg 600w\" sizes=\"auto, (max-width: 150px) 100vw, 150px\" \/><\/a> rechter Hand ges\u00e4umt und zum Teil ist der Weg von Steinen eingefasst.<br \/>\nWir sehen rechts einen Regenmesser und links einen Steinturm, gleich dahinter noch einen. Hier treffen wir auf eine Fahrstra\u00dfe &#8211; auch von hier einen Blick auf das Meer &#8211; der wir links folgen. Nach wenigen Metern gelangen wir auf ein <a href=\"http:\/\/www.mundi-roth.de\/teneriffa-blog\/wp-content\/uploads\/2008\/12\/p1020801x.jpg\" rel=\"lightbox[574]\"><img loading=\"lazy\" decoding=\"async\" class=\"alignleft size-thumbnail wp-image-587\" title=\"p1020801x\" src=\"http:\/\/www.mundi-roth.de\/teneriffa-blog\/wp-content\/uploads\/2008\/12\/p1020801x-150x112.jpg\" alt=\"\" width=\"150\" height=\"112\" srcset=\"https:\/\/www.mundi-roth.de\/teneriffa-blog\/wp-content\/uploads\/2008\/12\/p1020801x-150x112.jpg 150w, https:\/\/www.mundi-roth.de\/teneriffa-blog\/wp-content\/uploads\/2008\/12\/p1020801x-300x225.jpg 300w, https:\/\/www.mundi-roth.de\/teneriffa-blog\/wp-content\/uploads\/2008\/12\/p1020801x.jpg 600w\" sizes=\"auto, (max-width: 150px) 100vw, 150px\" \/><\/a>gepflastertes St\u00fcck, links befindet sich ein Viehgehege und wir laufen direkt auf die Geb\u00e4ude von La Mulata zu.<br \/>\nHier beginnt eine asphaltierte Stra\u00dfe, auf der wir bergauf gehen und treffen unterwegs zweimal auf die rautenf\u00f6rmigen Wanderhinweisschilder, also sind wir richtig. Wir befinden uns auf einer riesigen Hochebene, vereinzelt liegen Geh\u00f6fte.<br \/>\nNach ca. 15 Minuten kommen wir an eine Steins\u00e4ule mit den Aufschriften<a href=\"http:\/\/www.mundi-roth.de\/teneriffa-blog\/wp-content\/uploads\/2008\/12\/p1020805.jpg\" rel=\"lightbox[574]\"><img loading=\"lazy\" decoding=\"async\" class=\"alignright size-thumbnail wp-image-588\" title=\"p1020805\" src=\"http:\/\/www.mundi-roth.de\/teneriffa-blog\/wp-content\/uploads\/2008\/12\/p1020805-150x112.jpg\" alt=\"\" width=\"150\" height=\"112\" srcset=\"https:\/\/www.mundi-roth.de\/teneriffa-blog\/wp-content\/uploads\/2008\/12\/p1020805-150x112.jpg 150w, https:\/\/www.mundi-roth.de\/teneriffa-blog\/wp-content\/uploads\/2008\/12\/p1020805-300x225.jpg 300w, https:\/\/www.mundi-roth.de\/teneriffa-blog\/wp-content\/uploads\/2008\/12\/p1020805.jpg 600w\" sizes=\"auto, (max-width: 150px) 100vw, 150px\" \/><\/a> \u201eVisitas\u201c &#8222;Puerto Malo&#8220;. Wir bleiben auf der Asphaltstra\u00dfe Richtung Puerto Malo &#8211; links und rechts begleitet von au\u00dfergew\u00f6hnlichen Felsformationen.<br \/>\nBeim n\u00e4chsten Hinweis: In einer Steins\u00e4ule eingelassen die Tafel \u201eLa Malo\u201c und auf einem Holzklotz eine gr\u00fcne Markierung, verlassen wir die Stra\u00dfe und steigen <a href=\"http:\/\/www.mundi-roth.de\/teneriffa-blog\/wp-content\/uploads\/2008\/12\/p10208071.jpg\" rel=\"lightbox[574]\"><img loading=\"lazy\" decoding=\"async\" class=\"alignleft size-thumbnail wp-image-590\" title=\"p10208071\" src=\"http:\/\/www.mundi-roth.de\/teneriffa-blog\/wp-content\/uploads\/2008\/12\/p10208071-150x112.jpg\" alt=\"\" width=\"150\" height=\"112\" srcset=\"https:\/\/www.mundi-roth.de\/teneriffa-blog\/wp-content\/uploads\/2008\/12\/p10208071-150x112.jpg 150w, https:\/\/www.mundi-roth.de\/teneriffa-blog\/wp-content\/uploads\/2008\/12\/p10208071-300x225.jpg 300w, https:\/\/www.mundi-roth.de\/teneriffa-blog\/wp-content\/uploads\/2008\/12\/p10208071.jpg 600w\" sizes=\"auto, (max-width: 150px) 100vw, 150px\" \/><\/a>rechts steil hoch \u00fcber rote Erde, zwischen Erikab\u00fcschen, begleitet von einem Wasserleitungsrohr. Schnell sind wir wieder auf der Asphaltstra\u00dfe, halten uns nun nach links und 5Minuten sp\u00e4ter befinden wir uns im \u00d6rtchen Teno alto.<\/p>\n<p>Urspr\u00fcnglich war geplant, den halbst\u00fcndigen Abstecher von der Kultst\u00e4tte zum Roque el Tosc\u00f3n, von dem das Hochplateau 700 m senkrecht zum Meer abbricht, zu machen und zudem wollten wir von Teno alto zum Tabaiba-Pass, eine gute Stunde, weitergehen, da es aber st\u00fcrmte was das Zeug hielt und wir uns gegen den Wind stemmen mussten, tr\u00f6steten wir uns, dass man im Fr\u00fchjahr die Tour ja auch umgekehrt gehen kann.<\/p>\n<p><strong>Besonderheit:<\/strong><br \/>\nHier im Teno-Massiv, im Westen, \u00fcber 1300 m \u00fc.d.M., befinden wir uns im zweit\u00e4ltesten Teil der Insel Teneriffa, dem Gegenst\u00fcck zum Anaga-Gebirge, im Nordosten der Insel, das als \u00e4ltester Inselteil gilt.<br \/>\nDie Erosion lie\u00df tief eingekerbte Barrancos zur\u00fcck, die bis heute ein nat\u00fcrliches R\u00fcckzugsgebiet f\u00fcr die endemische Flora geblieben sind.<br \/>\nWenn wir uns bewusst machen, dass der Risco-Steig \u00fcber Jahrhunderte hinweg die einzige Verbindung mit der Au\u00dfenwelt war und alle Besorgungen dar\u00fcber gemacht werden mussten, d\u00fcrfen wir die Leistung der Menschen hier nur bewundern. Was wir zu unserem Vergn\u00fcgen machen, war f\u00fcr diese bittere Notwendigkeit.<a href=\"http:\/\/www.mundi-roth.de\/teneriffa-blog\/wp-content\/uploads\/2008\/12\/anfahrt_punta_teno.jpg\" rel=\"lightbox[574]\"><img loading=\"lazy\" decoding=\"async\" class=\"alignright size-thumbnail wp-image-597\" title=\"anfahrt_punta_teno\" src=\"http:\/\/www.mundi-roth.de\/teneriffa-blog\/wp-content\/uploads\/2008\/12\/anfahrt_punta_teno-90x150.jpg\" alt=\"\" width=\"90\" height=\"150\" srcset=\"https:\/\/www.mundi-roth.de\/teneriffa-blog\/wp-content\/uploads\/2008\/12\/anfahrt_punta_teno-90x150.jpg 90w, https:\/\/www.mundi-roth.de\/teneriffa-blog\/wp-content\/uploads\/2008\/12\/anfahrt_punta_teno-180x300.jpg 180w, https:\/\/www.mundi-roth.de\/teneriffa-blog\/wp-content\/uploads\/2008\/12\/anfahrt_punta_teno.jpg 337w\" sizes=\"auto, (max-width: 90px) 100vw, 90px\" \/><\/a><\/p>\n<p><strong>Anfahrt:<\/strong><br \/>\nAus Los Cristianos kommend fahren wir auf der Autobahn TF 1 bis zum Kreisel von Adeje, hier auf die TF 82 bis Santiago del Teide dort biegen wir Richtung Masca auf die abenteuerliche TF 436 bis Buena Vista, hier links auf die TF 42 Richtung Punta Teno, sofort wieder links auf die TF 445 \u201eCasa, Punta Teno\u201c. Bei km 2,5 an den Wasserbassins auf der linken Seite haben wir den Einstieg zum Risco-Steig erreicht.<\/p>\n<p><strong>Restaurant:<\/strong><br \/>\nWir meinten, es uns verdient zu haben ! Gerne nahmen wir eine Stunde Fahrt in Kauf, um im &#8222;Las Goteras&#8220; in Tejina de Isora einzukehren. Wer gerne ein gro\u00dfes, wunderbar auf dem Holzofengrill gegartes St\u00fcck Fleisch, ein Churasco, mag, der ist (i\u00dft) hier ganz bestimmt richtig.<\/p>\n<p>\u201eLas Goteras\u201c Tejina de Isora, Telefon Nr.922 85 70 56, Montags Ruhetag.<\/p>\n<p>Telefonische Tischreservierung ist unbedingt zu empfehlen.<\/p>\n","protected":false},"excerpt":{"rendered":"<p>Wow! Im Vergleich zu dieser Tour sind alle bisher von uns gegangenen Touren fast Spazierg\u00e4nge. Ein absoluter Wander-H\u00f6hepunkt! Grandiose Aus- und Anblicke! Jedoch nur gehen: Bei guter Kondition! Gutem Wetter! Ohne Schwindelgef\u00fchl! Es sind ca. 700 H\u00f6henmeter im steilen Anstieg zu schaffen. Wander-Wegstrecke: 2 1\/2 Stunden Wir starten bei Kilometer 2,5 der TF 445 von [&hellip;]<\/p>\n","protected":false},"author":3,"featured_media":0,"comment_status":"open","ping_status":"open","sticky":false,"template":"","format":"standard","meta":{"footnotes":""},"categories":[778,6],"tags":[180,179,3,181,182,4],"class_list":["post-574","post","type-post","status-publish","format-standard","hentry","category-teno-gebirge","category-wanderungen","tag-buenavista","tag-risco-steig","tag-teneriffa","tag-teno-alto","tag-teno-hochebene","tag-wandern"],"yoast_head":"<!-- This site is optimized with the Yoast SEO plugin v27.5 - https:\/\/yoast.com\/product\/yoast-seo-wordpress\/ -->\n<title>Risco Steig - Von Buenavista nach Teno Alto - Teneriffa Wandern<\/title>\n<meta name=\"robots\" content=\"index, follow, max-snippet:-1, max-image-preview:large, max-video-preview:-1\" \/>\n<link rel=\"canonical\" href=\"https:\/\/www.mundi-roth.de\/teneriffa-blog\/wanderungen\/risco-steig-von-buenavista-nach-teno-alto\/\" \/>\n<meta name=\"twitter:label1\" content=\"Verfasst von\" \/>\n\t<meta name=\"twitter:data1\" content=\"ir\" \/>\n\t<meta name=\"twitter:label2\" content=\"Gesch\u00e4tzte Lesezeit\" \/>\n\t<meta name=\"twitter:data2\" content=\"5\u00a0Minuten\" \/>\n<script type=\"application\/ld+json\" class=\"yoast-schema-graph\">{\"@context\":\"https:\\\/\\\/schema.org\",\"@graph\":[{\"@type\":\"Article\",\"@id\":\"https:\\\/\\\/www.mundi-roth.de\\\/teneriffa-blog\\\/wanderungen\\\/risco-steig-von-buenavista-nach-teno-alto\\\/#article\",\"isPartOf\":{\"@id\":\"https:\\\/\\\/www.mundi-roth.de\\\/teneriffa-blog\\\/wanderungen\\\/risco-steig-von-buenavista-nach-teno-alto\\\/\"},\"author\":{\"name\":\"ir\",\"@id\":\"https:\\\/\\\/www.mundi-roth.de\\\/teneriffa-blog\\\/#\\\/schema\\\/person\\\/3afd0d251449790d15367c9aa52d203d\"},\"headline\":\"Risco Steig &#8211; Von Buenavista nach Teno Alto\",\"datePublished\":\"2008-12-03T19:00:17+00:00\",\"dateModified\":\"2015-04-12T10:37:30+00:00\",\"mainEntityOfPage\":{\"@id\":\"https:\\\/\\\/www.mundi-roth.de\\\/teneriffa-blog\\\/wanderungen\\\/risco-steig-von-buenavista-nach-teno-alto\\\/\"},\"wordCount\":929,\"commentCount\":0,\"image\":{\"@id\":\"https:\\\/\\\/www.mundi-roth.de\\\/teneriffa-blog\\\/wanderungen\\\/risco-steig-von-buenavista-nach-teno-alto\\\/#primaryimage\"},\"thumbnailUrl\":\"http:\\\/\\\/www.mundi-roth.de\\\/teneriffa-blog\\\/wp-content\\\/uploads\\\/2008\\\/12\\\/route_risco_steig-146x150.jpg\",\"keywords\":[\"Buenavista\",\"Risco Steig\",\"Teneriffa\",\"Teno Alto\",\"Teno Hochebene\",\"Wandern\"],\"articleSection\":[\"Teno-Gebirge\",\"Wanderungen\"],\"inLanguage\":\"de\",\"potentialAction\":[{\"@type\":\"CommentAction\",\"name\":\"Comment\",\"target\":[\"https:\\\/\\\/www.mundi-roth.de\\\/teneriffa-blog\\\/wanderungen\\\/risco-steig-von-buenavista-nach-teno-alto\\\/#respond\"]}]},{\"@type\":\"WebPage\",\"@id\":\"https:\\\/\\\/www.mundi-roth.de\\\/teneriffa-blog\\\/wanderungen\\\/risco-steig-von-buenavista-nach-teno-alto\\\/\",\"url\":\"https:\\\/\\\/www.mundi-roth.de\\\/teneriffa-blog\\\/wanderungen\\\/risco-steig-von-buenavista-nach-teno-alto\\\/\",\"name\":\"Risco Steig - Von Buenavista nach Teno Alto - Teneriffa Wandern\",\"isPartOf\":{\"@id\":\"https:\\\/\\\/www.mundi-roth.de\\\/teneriffa-blog\\\/#website\"},\"primaryImageOfPage\":{\"@id\":\"https:\\\/\\\/www.mundi-roth.de\\\/teneriffa-blog\\\/wanderungen\\\/risco-steig-von-buenavista-nach-teno-alto\\\/#primaryimage\"},\"image\":{\"@id\":\"https:\\\/\\\/www.mundi-roth.de\\\/teneriffa-blog\\\/wanderungen\\\/risco-steig-von-buenavista-nach-teno-alto\\\/#primaryimage\"},\"thumbnailUrl\":\"http:\\\/\\\/www.mundi-roth.de\\\/teneriffa-blog\\\/wp-content\\\/uploads\\\/2008\\\/12\\\/route_risco_steig-146x150.jpg\",\"datePublished\":\"2008-12-03T19:00:17+00:00\",\"dateModified\":\"2015-04-12T10:37:30+00:00\",\"author\":{\"@id\":\"https:\\\/\\\/www.mundi-roth.de\\\/teneriffa-blog\\\/#\\\/schema\\\/person\\\/3afd0d251449790d15367c9aa52d203d\"},\"breadcrumb\":{\"@id\":\"https:\\\/\\\/www.mundi-roth.de\\\/teneriffa-blog\\\/wanderungen\\\/risco-steig-von-buenavista-nach-teno-alto\\\/#breadcrumb\"},\"inLanguage\":\"de\",\"potentialAction\":[{\"@type\":\"ReadAction\",\"target\":[\"https:\\\/\\\/www.mundi-roth.de\\\/teneriffa-blog\\\/wanderungen\\\/risco-steig-von-buenavista-nach-teno-alto\\\/\"]}]},{\"@type\":\"ImageObject\",\"inLanguage\":\"de\",\"@id\":\"https:\\\/\\\/www.mundi-roth.de\\\/teneriffa-blog\\\/wanderungen\\\/risco-steig-von-buenavista-nach-teno-alto\\\/#primaryimage\",\"url\":\"https:\\\/\\\/www.mundi-roth.de\\\/teneriffa-blog\\\/wp-content\\\/uploads\\\/2008\\\/12\\\/route_risco_steig.jpg\",\"contentUrl\":\"https:\\\/\\\/www.mundi-roth.de\\\/teneriffa-blog\\\/wp-content\\\/uploads\\\/2008\\\/12\\\/route_risco_steig.jpg\",\"width\":527,\"height\":540},{\"@type\":\"BreadcrumbList\",\"@id\":\"https:\\\/\\\/www.mundi-roth.de\\\/teneriffa-blog\\\/wanderungen\\\/risco-steig-von-buenavista-nach-teno-alto\\\/#breadcrumb\",\"itemListElement\":[{\"@type\":\"ListItem\",\"position\":1,\"name\":\"Startseite\",\"item\":\"https:\\\/\\\/www.mundi-roth.de\\\/teneriffa-blog\\\/\"},{\"@type\":\"ListItem\",\"position\":2,\"name\":\"Risco Steig &#8211; Von Buenavista nach Teno Alto\"}]},{\"@type\":\"WebSite\",\"@id\":\"https:\\\/\\\/www.mundi-roth.de\\\/teneriffa-blog\\\/#website\",\"url\":\"https:\\\/\\\/www.mundi-roth.de\\\/teneriffa-blog\\\/\",\"name\":\"Teneriffa Wandern\",\"description\":\"Nicht nur Wanderungen auf Teneriffa...\",\"potentialAction\":[{\"@type\":\"SearchAction\",\"target\":{\"@type\":\"EntryPoint\",\"urlTemplate\":\"https:\\\/\\\/www.mundi-roth.de\\\/teneriffa-blog\\\/?s={search_term_string}\"},\"query-input\":{\"@type\":\"PropertyValueSpecification\",\"valueRequired\":true,\"valueName\":\"search_term_string\"}}],\"inLanguage\":\"de\"},{\"@type\":\"Person\",\"@id\":\"https:\\\/\\\/www.mundi-roth.de\\\/teneriffa-blog\\\/#\\\/schema\\\/person\\\/3afd0d251449790d15367c9aa52d203d\",\"name\":\"ir\",\"image\":{\"@type\":\"ImageObject\",\"inLanguage\":\"de\",\"@id\":\"https:\\\/\\\/secure.gravatar.com\\\/avatar\\\/e67b41513c921c2bb58363f44c8a00a447c9a2526ad8ff71b5b6257e5f7f5c66?s=96&d=mm&r=g\",\"url\":\"https:\\\/\\\/secure.gravatar.com\\\/avatar\\\/e67b41513c921c2bb58363f44c8a00a447c9a2526ad8ff71b5b6257e5f7f5c66?s=96&d=mm&r=g\",\"contentUrl\":\"https:\\\/\\\/secure.gravatar.com\\\/avatar\\\/e67b41513c921c2bb58363f44c8a00a447c9a2526ad8ff71b5b6257e5f7f5c66?s=96&d=mm&r=g\",\"caption\":\"ir\"},\"sameAs\":[\"http:\\\/\\\/www.mundi-roth.de\"],\"url\":\"https:\\\/\\\/www.mundi-roth.de\\\/teneriffa-blog\\\/author\\\/ir\\\/\"}]}<\/script>\n<!-- \/ Yoast SEO plugin. -->","yoast_head_json":{"title":"Risco Steig - Von Buenavista nach Teno Alto - Teneriffa Wandern","robots":{"index":"index","follow":"follow","max-snippet":"max-snippet:-1","max-image-preview":"max-image-preview:large","max-video-preview":"max-video-preview:-1"},"canonical":"https:\/\/www.mundi-roth.de\/teneriffa-blog\/wanderungen\/risco-steig-von-buenavista-nach-teno-alto\/","twitter_misc":{"Verfasst von":"ir","Gesch\u00e4tzte Lesezeit":"5\u00a0Minuten"},"schema":{"@context":"https:\/\/schema.org","@graph":[{"@type":"Article","@id":"https:\/\/www.mundi-roth.de\/teneriffa-blog\/wanderungen\/risco-steig-von-buenavista-nach-teno-alto\/#article","isPartOf":{"@id":"https:\/\/www.mundi-roth.de\/teneriffa-blog\/wanderungen\/risco-steig-von-buenavista-nach-teno-alto\/"},"author":{"name":"ir","@id":"https:\/\/www.mundi-roth.de\/teneriffa-blog\/#\/schema\/person\/3afd0d251449790d15367c9aa52d203d"},"headline":"Risco Steig &#8211; Von Buenavista nach Teno Alto","datePublished":"2008-12-03T19:00:17+00:00","dateModified":"2015-04-12T10:37:30+00:00","mainEntityOfPage":{"@id":"https:\/\/www.mundi-roth.de\/teneriffa-blog\/wanderungen\/risco-steig-von-buenavista-nach-teno-alto\/"},"wordCount":929,"commentCount":0,"image":{"@id":"https:\/\/www.mundi-roth.de\/teneriffa-blog\/wanderungen\/risco-steig-von-buenavista-nach-teno-alto\/#primaryimage"},"thumbnailUrl":"http:\/\/www.mundi-roth.de\/teneriffa-blog\/wp-content\/uploads\/2008\/12\/route_risco_steig-146x150.jpg","keywords":["Buenavista","Risco Steig","Teneriffa","Teno Alto","Teno Hochebene","Wandern"],"articleSection":["Teno-Gebirge","Wanderungen"],"inLanguage":"de","potentialAction":[{"@type":"CommentAction","name":"Comment","target":["https:\/\/www.mundi-roth.de\/teneriffa-blog\/wanderungen\/risco-steig-von-buenavista-nach-teno-alto\/#respond"]}]},{"@type":"WebPage","@id":"https:\/\/www.mundi-roth.de\/teneriffa-blog\/wanderungen\/risco-steig-von-buenavista-nach-teno-alto\/","url":"https:\/\/www.mundi-roth.de\/teneriffa-blog\/wanderungen\/risco-steig-von-buenavista-nach-teno-alto\/","name":"Risco Steig - Von Buenavista nach Teno Alto - Teneriffa Wandern","isPartOf":{"@id":"https:\/\/www.mundi-roth.de\/teneriffa-blog\/#website"},"primaryImageOfPage":{"@id":"https:\/\/www.mundi-roth.de\/teneriffa-blog\/wanderungen\/risco-steig-von-buenavista-nach-teno-alto\/#primaryimage"},"image":{"@id":"https:\/\/www.mundi-roth.de\/teneriffa-blog\/wanderungen\/risco-steig-von-buenavista-nach-teno-alto\/#primaryimage"},"thumbnailUrl":"http:\/\/www.mundi-roth.de\/teneriffa-blog\/wp-content\/uploads\/2008\/12\/route_risco_steig-146x150.jpg","datePublished":"2008-12-03T19:00:17+00:00","dateModified":"2015-04-12T10:37:30+00:00","author":{"@id":"https:\/\/www.mundi-roth.de\/teneriffa-blog\/#\/schema\/person\/3afd0d251449790d15367c9aa52d203d"},"breadcrumb":{"@id":"https:\/\/www.mundi-roth.de\/teneriffa-blog\/wanderungen\/risco-steig-von-buenavista-nach-teno-alto\/#breadcrumb"},"inLanguage":"de","potentialAction":[{"@type":"ReadAction","target":["https:\/\/www.mundi-roth.de\/teneriffa-blog\/wanderungen\/risco-steig-von-buenavista-nach-teno-alto\/"]}]},{"@type":"ImageObject","inLanguage":"de","@id":"https:\/\/www.mundi-roth.de\/teneriffa-blog\/wanderungen\/risco-steig-von-buenavista-nach-teno-alto\/#primaryimage","url":"https:\/\/www.mundi-roth.de\/teneriffa-blog\/wp-content\/uploads\/2008\/12\/route_risco_steig.jpg","contentUrl":"https:\/\/www.mundi-roth.de\/teneriffa-blog\/wp-content\/uploads\/2008\/12\/route_risco_steig.jpg","width":527,"height":540},{"@type":"BreadcrumbList","@id":"https:\/\/www.mundi-roth.de\/teneriffa-blog\/wanderungen\/risco-steig-von-buenavista-nach-teno-alto\/#breadcrumb","itemListElement":[{"@type":"ListItem","position":1,"name":"Startseite","item":"https:\/\/www.mundi-roth.de\/teneriffa-blog\/"},{"@type":"ListItem","position":2,"name":"Risco Steig &#8211; Von Buenavista nach Teno Alto"}]},{"@type":"WebSite","@id":"https:\/\/www.mundi-roth.de\/teneriffa-blog\/#website","url":"https:\/\/www.mundi-roth.de\/teneriffa-blog\/","name":"Teneriffa Wandern","description":"Nicht nur Wanderungen auf Teneriffa...","potentialAction":[{"@type":"SearchAction","target":{"@type":"EntryPoint","urlTemplate":"https:\/\/www.mundi-roth.de\/teneriffa-blog\/?s={search_term_string}"},"query-input":{"@type":"PropertyValueSpecification","valueRequired":true,"valueName":"search_term_string"}}],"inLanguage":"de"},{"@type":"Person","@id":"https:\/\/www.mundi-roth.de\/teneriffa-blog\/#\/schema\/person\/3afd0d251449790d15367c9aa52d203d","name":"ir","image":{"@type":"ImageObject","inLanguage":"de","@id":"https:\/\/secure.gravatar.com\/avatar\/e67b41513c921c2bb58363f44c8a00a447c9a2526ad8ff71b5b6257e5f7f5c66?s=96&d=mm&r=g","url":"https:\/\/secure.gravatar.com\/avatar\/e67b41513c921c2bb58363f44c8a00a447c9a2526ad8ff71b5b6257e5f7f5c66?s=96&d=mm&r=g","contentUrl":"https:\/\/secure.gravatar.com\/avatar\/e67b41513c921c2bb58363f44c8a00a447c9a2526ad8ff71b5b6257e5f7f5c66?s=96&d=mm&r=g","caption":"ir"},"sameAs":["http:\/\/www.mundi-roth.de"],"url":"https:\/\/www.mundi-roth.de\/teneriffa-blog\/author\/ir\/"}]}},"_links":{"self":[{"href":"https:\/\/www.mundi-roth.de\/teneriffa-blog\/wp-json\/wp\/v2\/posts\/574","targetHints":{"allow":["GET"]}}],"collection":[{"href":"https:\/\/www.mundi-roth.de\/teneriffa-blog\/wp-json\/wp\/v2\/posts"}],"about":[{"href":"https:\/\/www.mundi-roth.de\/teneriffa-blog\/wp-json\/wp\/v2\/types\/post"}],"author":[{"embeddable":true,"href":"https:\/\/www.mundi-roth.de\/teneriffa-blog\/wp-json\/wp\/v2\/users\/3"}],"replies":[{"embeddable":true,"href":"https:\/\/www.mundi-roth.de\/teneriffa-blog\/wp-json\/wp\/v2\/comments?post=574"}],"version-history":[{"count":0,"href":"https:\/\/www.mundi-roth.de\/teneriffa-blog\/wp-json\/wp\/v2\/posts\/574\/revisions"}],"wp:attachment":[{"href":"https:\/\/www.mundi-roth.de\/teneriffa-blog\/wp-json\/wp\/v2\/media?parent=574"}],"wp:term":[{"taxonomy":"category","embeddable":true,"href":"https:\/\/www.mundi-roth.de\/teneriffa-blog\/wp-json\/wp\/v2\/categories?post=574"},{"taxonomy":"post_tag","embeddable":true,"href":"https:\/\/www.mundi-roth.de\/teneriffa-blog\/wp-json\/wp\/v2\/tags?post=574"}],"curies":[{"name":"wp","href":"https:\/\/api.w.org\/{rel}","templated":true}]}}