{"id":5796,"date":"2017-02-23T22:00:32","date_gmt":"2017-02-23T21:00:32","guid":{"rendered":"http:\/\/www.mundi-roth.de\/teneriffa-blog\/?p=5796"},"modified":"2017-02-26T11:51:43","modified_gmt":"2017-02-26T10:51:43","slug":"boca-tauce-el-jaral-2","status":"publish","type":"post","link":"https:\/\/www.mundi-roth.de\/teneriffa-blog\/wanderungen\/boca-tauce-el-jaral-2\/","title":{"rendered":"Boca Tauce \u2013 El Jaral"},"content":{"rendered":"<p style=\"text-align: center;\">Der Weg &#8222;La Chifira&#8220;<\/p>\n<p>Sind wir in den vergangenen Jahren <a href=\"http:\/\/www.mundi-roth.de\/teneriffa-blog\/wanderungen\/boca-tauce-el-jaral\/\">von Boca Tauce aus nach El Jaral<\/a> gegangen und <a href=\"http:\/\/www.mundi-roth.de\/teneriffa-blog\/wanderungen\/boca-tauce-%E2%80%93-chirche\/\">vorher nach Chirche<\/a> und \u00fcber Las Fuentes <a href=\"http:\/\/www.mundi-roth.de\/teneriffa-blog\/wanderungen\/boca-tauce-acojeja\/\">nach Acojeja<\/a> so wollen wir heute die vierte M\u00f6glichkeit nutzen, um auf einem anderen Weg El Jaral zu erreichen.<br \/>\nDen Hinweis auf diese Tour haben wir aus dem Infoblatt der Gemeinde Guia de Isora \u201eTraditionelle Wege von Gu\u00eda de Isora\u201c<\/p>\n<p><a href=\"http:\/\/www.mundi-roth.de\/teneriffa-blog\/wp-content\/uploads\/2017\/02\/Track01-3.jpg\" rel=\"lightbox[5796]\"><img loading=\"lazy\" decoding=\"async\" class=\"aligncenter size-medium wp-image-5797\" src=\"http:\/\/www.mundi-roth.de\/teneriffa-blog\/wp-content\/uploads\/2017\/02\/Track01-3-300x198.jpg\" alt=\"\" width=\"300\" height=\"198\" srcset=\"https:\/\/www.mundi-roth.de\/teneriffa-blog\/wp-content\/uploads\/2017\/02\/Track01-3-300x198.jpg 300w, https:\/\/www.mundi-roth.de\/teneriffa-blog\/wp-content\/uploads\/2017\/02\/Track01-3-150x99.jpg 150w, https:\/\/www.mundi-roth.de\/teneriffa-blog\/wp-content\/uploads\/2017\/02\/Track01-3-768x506.jpg 768w, https:\/\/www.mundi-roth.de\/teneriffa-blog\/wp-content\/uploads\/2017\/02\/Track01-3.jpg 800w\" sizes=\"auto, (max-width: 300px) 100vw, 300px\" \/><\/a>Wanderwegstrecke: gute 5 Stunden reine Gehzeit, 13,8 km &#8211; meist bergab<\/p>\n<p>Start bei 2041m \u00fc.NN &#8212; Ende bei 836m \u00fc.NN = 1205m Abstieg<\/p>\n<p><a href=\"http:\/\/www.mundi-roth.de\/teneriffa-blog\/wp-content\/uploads\/2017\/02\/H\u00f6henprofil.jpg\" rel=\"lightbox[5796]\"><img loading=\"lazy\" decoding=\"async\" class=\"aligncenter size-medium wp-image-5798\" src=\"http:\/\/www.mundi-roth.de\/teneriffa-blog\/wp-content\/uploads\/2017\/02\/H\u00f6henprofil-300x89.jpg\" alt=\"\" width=\"300\" height=\"89\" srcset=\"https:\/\/www.mundi-roth.de\/teneriffa-blog\/wp-content\/uploads\/2017\/02\/H\u00f6henprofil-300x89.jpg 300w, https:\/\/www.mundi-roth.de\/teneriffa-blog\/wp-content\/uploads\/2017\/02\/H\u00f6henprofil-150x44.jpg 150w, https:\/\/www.mundi-roth.de\/teneriffa-blog\/wp-content\/uploads\/2017\/02\/H\u00f6henprofil.jpg 698w\" sizes=\"auto, (max-width: 300px) 100vw, 300px\" \/><\/a>Den ersten Part der Wanderung brauche ich nicht mehr im Detail zu beschreiben, da er sich mit den vorgenannten Wanderungen deckt.<\/p>\n<p>Im Telegrammstil:<br \/>\n10:50 entl\u00e4sst uns der Busfahrer der Linie 342 an der Kreuzung Boca Tauce. Wir gehen hoch zum Parkplatz vor dem Infob\u00fcro und Museum, dann rechts auf den Weg Nr. 18 Chavao und es ist auch der Weg PR-TF 70 nach Gu\u00eda de Isora ausgewiesen.<br \/>\nDieses erste Teilst\u00fcck, das durch das phantastische Lavafeld f\u00fchrt und die Vulkan-Massive, die Sicht auf Teide und Pico Viejo, Guajara und und\u00a0 begeistert uns immer immer egal wie oft wir dieses St\u00fcck gehen.<\/p>\n\n\t\t<style type=\"text\/css\">\n\t\t\t#gallery-1 {\n\t\t\t\tmargin: auto;\n\t\t\t}\n\t\t\t#gallery-1 .gallery-item {\n\t\t\t\tfloat: left;\n\t\t\t\tmargin-top: 10px;\n\t\t\t\ttext-align: center;\n\t\t\t\twidth: 33%;\n\t\t\t}\n\t\t\t#gallery-1 img {\n\t\t\t\tborder: 2px solid #cfcfcf;\n\t\t\t}\n\t\t\t#gallery-1 .gallery-caption {\n\t\t\t\tmargin-left: 0;\n\t\t\t}\n\t\t\t\/* see gallery_shortcode() in wp-includes\/media.php *\/\n\t\t<\/style>\n\t\t<div id='gallery-1' class='gallery galleryid-5796 gallery-columns-3 gallery-size-thumbnail'><dl class='gallery-item'>\n\t\t\t<dt class='gallery-icon landscape'>\n\t\t\t\t<a href='https:\/\/www.mundi-roth.de\/teneriffa-blog\/wp-content\/uploads\/2017\/02\/DSC00678a.jpg' rel=\"lightbox[5796]\"><img loading=\"lazy\" decoding=\"async\" width=\"150\" height=\"94\" src=\"https:\/\/www.mundi-roth.de\/teneriffa-blog\/wp-content\/uploads\/2017\/02\/DSC00678a-150x94.jpg\" class=\"attachment-thumbnail size-thumbnail\" alt=\"\" srcset=\"https:\/\/www.mundi-roth.de\/teneriffa-blog\/wp-content\/uploads\/2017\/02\/DSC00678a-150x94.jpg 150w, https:\/\/www.mundi-roth.de\/teneriffa-blog\/wp-content\/uploads\/2017\/02\/DSC00678a-300x187.jpg 300w, https:\/\/www.mundi-roth.de\/teneriffa-blog\/wp-content\/uploads\/2017\/02\/DSC00678a-768x479.jpg 768w, https:\/\/www.mundi-roth.de\/teneriffa-blog\/wp-content\/uploads\/2017\/02\/DSC00678a.jpg 800w\" sizes=\"auto, (max-width: 150px) 100vw, 150px\" \/><\/a>\n\t\t\t<\/dt><\/dl><dl class='gallery-item'>\n\t\t\t<dt class='gallery-icon landscape'>\n\t\t\t\t<a href='https:\/\/www.mundi-roth.de\/teneriffa-blog\/wp-content\/uploads\/2017\/02\/DSC00681.jpg' rel=\"lightbox[5796]\"><img loading=\"lazy\" decoding=\"async\" width=\"150\" height=\"113\" src=\"https:\/\/www.mundi-roth.de\/teneriffa-blog\/wp-content\/uploads\/2017\/02\/DSC00681-150x113.jpg\" class=\"attachment-thumbnail size-thumbnail\" alt=\"\" srcset=\"https:\/\/www.mundi-roth.de\/teneriffa-blog\/wp-content\/uploads\/2017\/02\/DSC00681-150x113.jpg 150w, https:\/\/www.mundi-roth.de\/teneriffa-blog\/wp-content\/uploads\/2017\/02\/DSC00681-300x225.jpg 300w, https:\/\/www.mundi-roth.de\/teneriffa-blog\/wp-content\/uploads\/2017\/02\/DSC00681-768x576.jpg 768w, https:\/\/www.mundi-roth.de\/teneriffa-blog\/wp-content\/uploads\/2017\/02\/DSC00681.jpg 800w\" sizes=\"auto, (max-width: 150px) 100vw, 150px\" \/><\/a>\n\t\t\t<\/dt><\/dl><dl class='gallery-item'>\n\t\t\t<dt class='gallery-icon landscape'>\n\t\t\t\t<a href='https:\/\/www.mundi-roth.de\/teneriffa-blog\/wp-content\/uploads\/2017\/02\/DSC00686.jpg' rel=\"lightbox[5796]\"><img loading=\"lazy\" decoding=\"async\" width=\"150\" height=\"113\" src=\"https:\/\/www.mundi-roth.de\/teneriffa-blog\/wp-content\/uploads\/2017\/02\/DSC00686-150x113.jpg\" class=\"attachment-thumbnail size-thumbnail\" alt=\"\" srcset=\"https:\/\/www.mundi-roth.de\/teneriffa-blog\/wp-content\/uploads\/2017\/02\/DSC00686-150x113.jpg 150w, https:\/\/www.mundi-roth.de\/teneriffa-blog\/wp-content\/uploads\/2017\/02\/DSC00686-300x225.jpg 300w, https:\/\/www.mundi-roth.de\/teneriffa-blog\/wp-content\/uploads\/2017\/02\/DSC00686-768x576.jpg 768w, https:\/\/www.mundi-roth.de\/teneriffa-blog\/wp-content\/uploads\/2017\/02\/DSC00686.jpg 800w\" sizes=\"auto, (max-width: 150px) 100vw, 150px\" \/><\/a>\n\t\t\t<\/dt><\/dl><br style=\"clear: both\" \/><dl class='gallery-item'>\n\t\t\t<dt class='gallery-icon landscape'>\n\t\t\t\t<a href='https:\/\/www.mundi-roth.de\/teneriffa-blog\/wp-content\/uploads\/2017\/02\/DSC00689.jpg' rel=\"lightbox[5796]\"><img loading=\"lazy\" decoding=\"async\" width=\"150\" height=\"113\" src=\"https:\/\/www.mundi-roth.de\/teneriffa-blog\/wp-content\/uploads\/2017\/02\/DSC00689-150x113.jpg\" class=\"attachment-thumbnail size-thumbnail\" alt=\"\" srcset=\"https:\/\/www.mundi-roth.de\/teneriffa-blog\/wp-content\/uploads\/2017\/02\/DSC00689-150x113.jpg 150w, https:\/\/www.mundi-roth.de\/teneriffa-blog\/wp-content\/uploads\/2017\/02\/DSC00689-300x225.jpg 300w, https:\/\/www.mundi-roth.de\/teneriffa-blog\/wp-content\/uploads\/2017\/02\/DSC00689-768x576.jpg 768w, https:\/\/www.mundi-roth.de\/teneriffa-blog\/wp-content\/uploads\/2017\/02\/DSC00689.jpg 800w\" sizes=\"auto, (max-width: 150px) 100vw, 150px\" \/><\/a>\n\t\t\t<\/dt><\/dl><dl class='gallery-item'>\n\t\t\t<dt class='gallery-icon landscape'>\n\t\t\t\t<a href='https:\/\/www.mundi-roth.de\/teneriffa-blog\/wp-content\/uploads\/2017\/02\/DSC00691.jpg' rel=\"lightbox[5796]\"><img loading=\"lazy\" decoding=\"async\" width=\"150\" height=\"113\" src=\"https:\/\/www.mundi-roth.de\/teneriffa-blog\/wp-content\/uploads\/2017\/02\/DSC00691-150x113.jpg\" class=\"attachment-thumbnail size-thumbnail\" alt=\"\" srcset=\"https:\/\/www.mundi-roth.de\/teneriffa-blog\/wp-content\/uploads\/2017\/02\/DSC00691-150x113.jpg 150w, https:\/\/www.mundi-roth.de\/teneriffa-blog\/wp-content\/uploads\/2017\/02\/DSC00691-300x225.jpg 300w, https:\/\/www.mundi-roth.de\/teneriffa-blog\/wp-content\/uploads\/2017\/02\/DSC00691-768x576.jpg 768w, https:\/\/www.mundi-roth.de\/teneriffa-blog\/wp-content\/uploads\/2017\/02\/DSC00691.jpg 800w\" sizes=\"auto, (max-width: 150px) 100vw, 150px\" \/><\/a>\n\t\t\t<\/dt><\/dl><dl class='gallery-item'>\n\t\t\t<dt class='gallery-icon landscape'>\n\t\t\t\t<a href='https:\/\/www.mundi-roth.de\/teneriffa-blog\/wp-content\/uploads\/2017\/02\/DSC00695.jpg' rel=\"lightbox[5796]\"><img loading=\"lazy\" decoding=\"async\" width=\"150\" height=\"113\" src=\"https:\/\/www.mundi-roth.de\/teneriffa-blog\/wp-content\/uploads\/2017\/02\/DSC00695-150x113.jpg\" class=\"attachment-thumbnail size-thumbnail\" alt=\"\" srcset=\"https:\/\/www.mundi-roth.de\/teneriffa-blog\/wp-content\/uploads\/2017\/02\/DSC00695-150x113.jpg 150w, https:\/\/www.mundi-roth.de\/teneriffa-blog\/wp-content\/uploads\/2017\/02\/DSC00695-300x225.jpg 300w, https:\/\/www.mundi-roth.de\/teneriffa-blog\/wp-content\/uploads\/2017\/02\/DSC00695-768x576.jpg 768w, https:\/\/www.mundi-roth.de\/teneriffa-blog\/wp-content\/uploads\/2017\/02\/DSC00695.jpg 800w\" sizes=\"auto, (max-width: 150px) 100vw, 150px\" \/><\/a>\n\t\t\t<\/dt><\/dl><br style=\"clear: both\" \/>\n\t\t<\/div>\n\n<p>Unsere heutige Strecke verl\u00e4uft ein gro\u00dfes St\u00fcck auf den bereits gegangenen Touren.<br \/>\nNach einer kleinen Anh\u00f6he verlassen wir den Weg 18 nach Chavao, um gleich gegen\u00fcber in den Weg Nr. 35\u00a0 Boca Chavao einzubiegen.<br \/>\nHier nehmen wir also nicht die Forststra\u00dfe sondern gleich den schmalen Steig, der abw\u00e4rts f\u00fchrt.<\/p>\n<p>Vom Busausstieg bis hierher sind wir 40 Minuten gegangen.<\/p>\n<p>Auch dieses Teilstrecke ist uns noch in guter Erinnerung, da hier vor ein paar Jahren der Brand f\u00fcrchterlich gew\u00fctet hat.<\/p>\n<p>Nach weiteren 40 Minuten Gehzeit gelangen wir an den Wegweiser: PR-TF 70 Gu\u00eda de Isora. Zudem wissen wir jetzt, dass wir von Boca Tauce bis hierher 4,2 km zur\u00fcckgelegt haben.<br \/>\nWie damals gehen wir unmittelbar an den verbrannten, kohlrabenschwarzen Kieferb\u00e4umen vorbei und freuen uns wieder, dass die Natur dabei ist sich zu erholen und \u00fcberall die neuen Triebe sprie\u00dfen.<\/p>\n\n\t\t<style type=\"text\/css\">\n\t\t\t#gallery-2 {\n\t\t\t\tmargin: auto;\n\t\t\t}\n\t\t\t#gallery-2 .gallery-item {\n\t\t\t\tfloat: left;\n\t\t\t\tmargin-top: 10px;\n\t\t\t\ttext-align: center;\n\t\t\t\twidth: 50%;\n\t\t\t}\n\t\t\t#gallery-2 img {\n\t\t\t\tborder: 2px solid #cfcfcf;\n\t\t\t}\n\t\t\t#gallery-2 .gallery-caption {\n\t\t\t\tmargin-left: 0;\n\t\t\t}\n\t\t\t\/* see gallery_shortcode() in wp-includes\/media.php *\/\n\t\t<\/style>\n\t\t<div id='gallery-2' class='gallery galleryid-5796 gallery-columns-2 gallery-size-thumbnail'><dl class='gallery-item'>\n\t\t\t<dt class='gallery-icon landscape'>\n\t\t\t\t<a href='https:\/\/www.mundi-roth.de\/teneriffa-blog\/wp-content\/uploads\/2017\/02\/DSC00704.jpg' rel=\"lightbox[5796]\"><img loading=\"lazy\" decoding=\"async\" width=\"150\" height=\"113\" src=\"https:\/\/www.mundi-roth.de\/teneriffa-blog\/wp-content\/uploads\/2017\/02\/DSC00704-150x113.jpg\" class=\"attachment-thumbnail size-thumbnail\" alt=\"\" srcset=\"https:\/\/www.mundi-roth.de\/teneriffa-blog\/wp-content\/uploads\/2017\/02\/DSC00704-150x113.jpg 150w, https:\/\/www.mundi-roth.de\/teneriffa-blog\/wp-content\/uploads\/2017\/02\/DSC00704-300x225.jpg 300w, https:\/\/www.mundi-roth.de\/teneriffa-blog\/wp-content\/uploads\/2017\/02\/DSC00704-768x576.jpg 768w, https:\/\/www.mundi-roth.de\/teneriffa-blog\/wp-content\/uploads\/2017\/02\/DSC00704.jpg 800w\" sizes=\"auto, (max-width: 150px) 100vw, 150px\" \/><\/a>\n\t\t\t<\/dt><\/dl><dl class='gallery-item'>\n\t\t\t<dt class='gallery-icon landscape'>\n\t\t\t\t<a href='https:\/\/www.mundi-roth.de\/teneriffa-blog\/wp-content\/uploads\/2017\/02\/DSC00705.jpg' rel=\"lightbox[5796]\"><img loading=\"lazy\" decoding=\"async\" width=\"150\" height=\"113\" src=\"https:\/\/www.mundi-roth.de\/teneriffa-blog\/wp-content\/uploads\/2017\/02\/DSC00705-150x113.jpg\" class=\"attachment-thumbnail size-thumbnail\" alt=\"\" srcset=\"https:\/\/www.mundi-roth.de\/teneriffa-blog\/wp-content\/uploads\/2017\/02\/DSC00705-150x113.jpg 150w, https:\/\/www.mundi-roth.de\/teneriffa-blog\/wp-content\/uploads\/2017\/02\/DSC00705-300x225.jpg 300w, https:\/\/www.mundi-roth.de\/teneriffa-blog\/wp-content\/uploads\/2017\/02\/DSC00705-768x576.jpg 768w, https:\/\/www.mundi-roth.de\/teneriffa-blog\/wp-content\/uploads\/2017\/02\/DSC00705.jpg 800w\" sizes=\"auto, (max-width: 150px) 100vw, 150px\" \/><\/a>\n\t\t\t<\/dt><\/dl><br style=\"clear: both\" \/>\n\t\t<\/div>\n\n<p>Kurz darauf kommt Neuland f\u00fcr uns:<br \/>\nWir werden in einen Barranco geleitet, steigen in diesem ein kleines St\u00fcck auf und auch hier haben wieder liebe Vorwanderer Steinm\u00e4nnchen gesetzt, damit man den Ausstieg findet.<\/p>\n\n\t\t<style type=\"text\/css\">\n\t\t\t#gallery-3 {\n\t\t\t\tmargin: auto;\n\t\t\t}\n\t\t\t#gallery-3 .gallery-item {\n\t\t\t\tfloat: left;\n\t\t\t\tmargin-top: 10px;\n\t\t\t\ttext-align: center;\n\t\t\t\twidth: 50%;\n\t\t\t}\n\t\t\t#gallery-3 img {\n\t\t\t\tborder: 2px solid #cfcfcf;\n\t\t\t}\n\t\t\t#gallery-3 .gallery-caption {\n\t\t\t\tmargin-left: 0;\n\t\t\t}\n\t\t\t\/* see gallery_shortcode() in wp-includes\/media.php *\/\n\t\t<\/style>\n\t\t<div id='gallery-3' class='gallery galleryid-5796 gallery-columns-2 gallery-size-thumbnail'><dl class='gallery-item'>\n\t\t\t<dt class='gallery-icon landscape'>\n\t\t\t\t<a href='https:\/\/www.mundi-roth.de\/teneriffa-blog\/wp-content\/uploads\/2017\/02\/DSC00708.jpg' rel=\"lightbox[5796]\"><img loading=\"lazy\" decoding=\"async\" width=\"150\" height=\"113\" src=\"https:\/\/www.mundi-roth.de\/teneriffa-blog\/wp-content\/uploads\/2017\/02\/DSC00708-150x113.jpg\" class=\"attachment-thumbnail size-thumbnail\" alt=\"\" srcset=\"https:\/\/www.mundi-roth.de\/teneriffa-blog\/wp-content\/uploads\/2017\/02\/DSC00708-150x113.jpg 150w, https:\/\/www.mundi-roth.de\/teneriffa-blog\/wp-content\/uploads\/2017\/02\/DSC00708-300x225.jpg 300w, https:\/\/www.mundi-roth.de\/teneriffa-blog\/wp-content\/uploads\/2017\/02\/DSC00708-768x576.jpg 768w, https:\/\/www.mundi-roth.de\/teneriffa-blog\/wp-content\/uploads\/2017\/02\/DSC00708.jpg 800w\" sizes=\"auto, (max-width: 150px) 100vw, 150px\" \/><\/a>\n\t\t\t<\/dt><\/dl><dl class='gallery-item'>\n\t\t\t<dt class='gallery-icon landscape'>\n\t\t\t\t<a href='https:\/\/www.mundi-roth.de\/teneriffa-blog\/wp-content\/uploads\/2017\/02\/DSC00709.jpg' rel=\"lightbox[5796]\"><img loading=\"lazy\" decoding=\"async\" width=\"150\" height=\"113\" src=\"https:\/\/www.mundi-roth.de\/teneriffa-blog\/wp-content\/uploads\/2017\/02\/DSC00709-150x113.jpg\" class=\"attachment-thumbnail size-thumbnail\" alt=\"\" srcset=\"https:\/\/www.mundi-roth.de\/teneriffa-blog\/wp-content\/uploads\/2017\/02\/DSC00709-150x113.jpg 150w, https:\/\/www.mundi-roth.de\/teneriffa-blog\/wp-content\/uploads\/2017\/02\/DSC00709-300x225.jpg 300w, https:\/\/www.mundi-roth.de\/teneriffa-blog\/wp-content\/uploads\/2017\/02\/DSC00709-768x576.jpg 768w, https:\/\/www.mundi-roth.de\/teneriffa-blog\/wp-content\/uploads\/2017\/02\/DSC00709.jpg 800w\" sizes=\"auto, (max-width: 150px) 100vw, 150px\" \/><\/a>\n\t\t\t<\/dt><\/dl><br style=\"clear: both\" \/>\n\t\t<\/div>\n\n<p>Der Weg f\u00fchrt aufw\u00e4rts, vorbei an phantastischen Felsformationen und das erste B\u00fcschel Teide-Lack ziert den Weg.<\/p>\n\n\t\t<style type=\"text\/css\">\n\t\t\t#gallery-4 {\n\t\t\t\tmargin: auto;\n\t\t\t}\n\t\t\t#gallery-4 .gallery-item {\n\t\t\t\tfloat: left;\n\t\t\t\tmargin-top: 10px;\n\t\t\t\ttext-align: center;\n\t\t\t\twidth: 33%;\n\t\t\t}\n\t\t\t#gallery-4 img {\n\t\t\t\tborder: 2px solid #cfcfcf;\n\t\t\t}\n\t\t\t#gallery-4 .gallery-caption {\n\t\t\t\tmargin-left: 0;\n\t\t\t}\n\t\t\t\/* see gallery_shortcode() in wp-includes\/media.php *\/\n\t\t<\/style>\n\t\t<div id='gallery-4' class='gallery galleryid-5796 gallery-columns-3 gallery-size-thumbnail'><dl class='gallery-item'>\n\t\t\t<dt class='gallery-icon landscape'>\n\t\t\t\t<a href='https:\/\/www.mundi-roth.de\/teneriffa-blog\/wp-content\/uploads\/2017\/02\/DSC00711.jpg' rel=\"lightbox[5796]\"><img loading=\"lazy\" decoding=\"async\" width=\"150\" height=\"113\" src=\"https:\/\/www.mundi-roth.de\/teneriffa-blog\/wp-content\/uploads\/2017\/02\/DSC00711-150x113.jpg\" class=\"attachment-thumbnail size-thumbnail\" alt=\"\" srcset=\"https:\/\/www.mundi-roth.de\/teneriffa-blog\/wp-content\/uploads\/2017\/02\/DSC00711-150x113.jpg 150w, https:\/\/www.mundi-roth.de\/teneriffa-blog\/wp-content\/uploads\/2017\/02\/DSC00711-300x225.jpg 300w, https:\/\/www.mundi-roth.de\/teneriffa-blog\/wp-content\/uploads\/2017\/02\/DSC00711-768x576.jpg 768w, https:\/\/www.mundi-roth.de\/teneriffa-blog\/wp-content\/uploads\/2017\/02\/DSC00711.jpg 800w\" sizes=\"auto, (max-width: 150px) 100vw, 150px\" \/><\/a>\n\t\t\t<\/dt><\/dl><dl class='gallery-item'>\n\t\t\t<dt class='gallery-icon landscape'>\n\t\t\t\t<a href='https:\/\/www.mundi-roth.de\/teneriffa-blog\/wp-content\/uploads\/2017\/02\/DSC00714.jpg' rel=\"lightbox[5796]\"><img loading=\"lazy\" decoding=\"async\" width=\"150\" height=\"113\" src=\"https:\/\/www.mundi-roth.de\/teneriffa-blog\/wp-content\/uploads\/2017\/02\/DSC00714-150x113.jpg\" class=\"attachment-thumbnail size-thumbnail\" alt=\"\" srcset=\"https:\/\/www.mundi-roth.de\/teneriffa-blog\/wp-content\/uploads\/2017\/02\/DSC00714-150x113.jpg 150w, https:\/\/www.mundi-roth.de\/teneriffa-blog\/wp-content\/uploads\/2017\/02\/DSC00714-300x225.jpg 300w, https:\/\/www.mundi-roth.de\/teneriffa-blog\/wp-content\/uploads\/2017\/02\/DSC00714-768x576.jpg 768w, https:\/\/www.mundi-roth.de\/teneriffa-blog\/wp-content\/uploads\/2017\/02\/DSC00714.jpg 800w\" sizes=\"auto, (max-width: 150px) 100vw, 150px\" \/><\/a>\n\t\t\t<\/dt><\/dl><dl class='gallery-item'>\n\t\t\t<dt class='gallery-icon landscape'>\n\t\t\t\t<a href='https:\/\/www.mundi-roth.de\/teneriffa-blog\/wp-content\/uploads\/2017\/02\/DSC00719.jpg' rel=\"lightbox[5796]\"><img loading=\"lazy\" decoding=\"async\" width=\"150\" height=\"113\" src=\"https:\/\/www.mundi-roth.de\/teneriffa-blog\/wp-content\/uploads\/2017\/02\/DSC00719-150x113.jpg\" class=\"attachment-thumbnail size-thumbnail\" alt=\"\" srcset=\"https:\/\/www.mundi-roth.de\/teneriffa-blog\/wp-content\/uploads\/2017\/02\/DSC00719-150x113.jpg 150w, https:\/\/www.mundi-roth.de\/teneriffa-blog\/wp-content\/uploads\/2017\/02\/DSC00719-300x225.jpg 300w, https:\/\/www.mundi-roth.de\/teneriffa-blog\/wp-content\/uploads\/2017\/02\/DSC00719-768x576.jpg 768w, https:\/\/www.mundi-roth.de\/teneriffa-blog\/wp-content\/uploads\/2017\/02\/DSC00719.jpg 800w\" sizes=\"auto, (max-width: 150px) 100vw, 150px\" \/><\/a>\n\t\t\t<\/dt><\/dl><br style=\"clear: both\" \/>\n\t\t<\/div>\n\n<p>Oh, gingen wir bis jetzt im strahlenden Sonnenschein unter azurblauem Himmel so sehen wir die Passatwolken aufziehen.<br \/>\nUns schwahnt B\u00f6ses.<\/p>\n<p><a href=\"http:\/\/www.mundi-roth.de\/teneriffa-blog\/wp-content\/uploads\/2017\/02\/DSC00718.jpg\" rel=\"lightbox[5796]\"><img loading=\"lazy\" decoding=\"async\" class=\"aligncenter size-thumbnail wp-image-5812\" src=\"http:\/\/www.mundi-roth.de\/teneriffa-blog\/wp-content\/uploads\/2017\/02\/DSC00718-150x113.jpg\" alt=\"\" width=\"150\" height=\"113\" srcset=\"https:\/\/www.mundi-roth.de\/teneriffa-blog\/wp-content\/uploads\/2017\/02\/DSC00718-150x113.jpg 150w, https:\/\/www.mundi-roth.de\/teneriffa-blog\/wp-content\/uploads\/2017\/02\/DSC00718-300x225.jpg 300w, https:\/\/www.mundi-roth.de\/teneriffa-blog\/wp-content\/uploads\/2017\/02\/DSC00718-768x576.jpg 768w, https:\/\/www.mundi-roth.de\/teneriffa-blog\/wp-content\/uploads\/2017\/02\/DSC00718.jpg 800w\" sizes=\"auto, (max-width: 150px) 100vw, 150px\" \/><\/a>Nachdem wir eine Forststra\u00dfe gequert haben \u2013 nach einer Messstation \u2013 folgen wir dem Hinweis PR-TF 70 um nach 10 Minuten von unserer Trulla, Sprecherin von komoot, zu erfahren: Du hast die Tour verlassen. Na bravo.<br \/>\nAlso wieder zur\u00fcck aufgestiegen als sie uns kurz unterhalb des obigen Hinweisschildes verk\u00fcndet, hier nun rechts. Von oben kommend h\u00e4tten wir also hier nach links gemusst. Vorbei an einer Steinmauer, durch Gel\u00e4nde, das \u00fcberzogen ist mit den verkohlten Str\u00e4uchern des Ginsters blicken wir auf eine gro\u00dfe Tuffsteinlandschaft, in der N\u00e4he von El Hoyo, die sich hell von der Umgebung abhebt- Am Fu\u00df davon k\u00f6nnen wir ein verfallenes Haus ausmachen.<\/p>\n\n\t\t<style type=\"text\/css\">\n\t\t\t#gallery-5 {\n\t\t\t\tmargin: auto;\n\t\t\t}\n\t\t\t#gallery-5 .gallery-item {\n\t\t\t\tfloat: left;\n\t\t\t\tmargin-top: 10px;\n\t\t\t\ttext-align: center;\n\t\t\t\twidth: 50%;\n\t\t\t}\n\t\t\t#gallery-5 img {\n\t\t\t\tborder: 2px solid #cfcfcf;\n\t\t\t}\n\t\t\t#gallery-5 .gallery-caption {\n\t\t\t\tmargin-left: 0;\n\t\t\t}\n\t\t\t\/* see gallery_shortcode() in wp-includes\/media.php *\/\n\t\t<\/style>\n\t\t<div id='gallery-5' class='gallery galleryid-5796 gallery-columns-2 gallery-size-thumbnail'><dl class='gallery-item'>\n\t\t\t<dt class='gallery-icon portrait'>\n\t\t\t\t<a href='https:\/\/www.mundi-roth.de\/teneriffa-blog\/wp-content\/uploads\/2017\/02\/DSC00720.jpg' rel=\"lightbox[5796]\"><img loading=\"lazy\" decoding=\"async\" width=\"113\" height=\"150\" src=\"https:\/\/www.mundi-roth.de\/teneriffa-blog\/wp-content\/uploads\/2017\/02\/DSC00720-113x150.jpg\" class=\"attachment-thumbnail size-thumbnail\" alt=\"\" srcset=\"https:\/\/www.mundi-roth.de\/teneriffa-blog\/wp-content\/uploads\/2017\/02\/DSC00720-113x150.jpg 113w, https:\/\/www.mundi-roth.de\/teneriffa-blog\/wp-content\/uploads\/2017\/02\/DSC00720-225x300.jpg 225w, https:\/\/www.mundi-roth.de\/teneriffa-blog\/wp-content\/uploads\/2017\/02\/DSC00720.jpg 600w\" sizes=\"auto, (max-width: 113px) 100vw, 113px\" \/><\/a>\n\t\t\t<\/dt><\/dl><dl class='gallery-item'>\n\t\t\t<dt class='gallery-icon portrait'>\n\t\t\t\t<a href='https:\/\/www.mundi-roth.de\/teneriffa-blog\/wp-content\/uploads\/2017\/02\/DSC00721a.jpg' rel=\"lightbox[5796]\"><img loading=\"lazy\" decoding=\"async\" width=\"110\" height=\"150\" src=\"https:\/\/www.mundi-roth.de\/teneriffa-blog\/wp-content\/uploads\/2017\/02\/DSC00721a-110x150.jpg\" class=\"attachment-thumbnail size-thumbnail\" alt=\"\" srcset=\"https:\/\/www.mundi-roth.de\/teneriffa-blog\/wp-content\/uploads\/2017\/02\/DSC00721a-110x150.jpg 110w, https:\/\/www.mundi-roth.de\/teneriffa-blog\/wp-content\/uploads\/2017\/02\/DSC00721a-219x300.jpg 219w, https:\/\/www.mundi-roth.de\/teneriffa-blog\/wp-content\/uploads\/2017\/02\/DSC00721a.jpg 584w\" sizes=\"auto, (max-width: 110px) 100vw, 110px\" \/><\/a>\n\t\t\t<\/dt><\/dl><br style=\"clear: both\" \/><dl class='gallery-item'>\n\t\t\t<dt class='gallery-icon landscape'>\n\t\t\t\t<a href='https:\/\/www.mundi-roth.de\/teneriffa-blog\/wp-content\/uploads\/2017\/02\/DSC00723.jpg' rel=\"lightbox[5796]\"><img loading=\"lazy\" decoding=\"async\" width=\"150\" height=\"113\" src=\"https:\/\/www.mundi-roth.de\/teneriffa-blog\/wp-content\/uploads\/2017\/02\/DSC00723-150x113.jpg\" class=\"attachment-thumbnail size-thumbnail\" alt=\"\" srcset=\"https:\/\/www.mundi-roth.de\/teneriffa-blog\/wp-content\/uploads\/2017\/02\/DSC00723-150x113.jpg 150w, https:\/\/www.mundi-roth.de\/teneriffa-blog\/wp-content\/uploads\/2017\/02\/DSC00723-300x225.jpg 300w, https:\/\/www.mundi-roth.de\/teneriffa-blog\/wp-content\/uploads\/2017\/02\/DSC00723-768x576.jpg 768w, https:\/\/www.mundi-roth.de\/teneriffa-blog\/wp-content\/uploads\/2017\/02\/DSC00723.jpg 800w\" sizes=\"auto, (max-width: 150px) 100vw, 150px\" \/><\/a>\n\t\t\t<\/dt><\/dl><dl class='gallery-item'>\n\t\t\t<dt class='gallery-icon landscape'>\n\t\t\t\t<a href='https:\/\/www.mundi-roth.de\/teneriffa-blog\/wp-content\/uploads\/2017\/02\/DSC00729.jpg' rel=\"lightbox[5796]\"><img loading=\"lazy\" decoding=\"async\" width=\"150\" height=\"113\" src=\"https:\/\/www.mundi-roth.de\/teneriffa-blog\/wp-content\/uploads\/2017\/02\/DSC00729-150x113.jpg\" class=\"attachment-thumbnail size-thumbnail\" alt=\"\" srcset=\"https:\/\/www.mundi-roth.de\/teneriffa-blog\/wp-content\/uploads\/2017\/02\/DSC00729-150x113.jpg 150w, https:\/\/www.mundi-roth.de\/teneriffa-blog\/wp-content\/uploads\/2017\/02\/DSC00729-300x225.jpg 300w, https:\/\/www.mundi-roth.de\/teneriffa-blog\/wp-content\/uploads\/2017\/02\/DSC00729-768x576.jpg 768w, https:\/\/www.mundi-roth.de\/teneriffa-blog\/wp-content\/uploads\/2017\/02\/DSC00729.jpg 800w\" sizes=\"auto, (max-width: 150px) 100vw, 150px\" \/><\/a>\n\t\t\t<\/dt><\/dl><br style=\"clear: both\" \/>\n\t\t<\/div>\n\n<p>Wir durchwandern ein Gebiet wie im Botantischen Garten, Fr\u00fchling ist es.<br \/>\nWaren im oberen Bereich die Margariten noch kaum erbl\u00fcht, so bedecken hier die B\u00fcsche gro\u00dfe Bereiche, Teidelack, Affodills, wie wir sie in dieser Vielzahl nur vom Conde her kennen, eine andere Sorte der G\u00e4nsedisteln, die rotbl\u00fchende Tabaiba dulce, gro\u00dfe B\u00fcsche des Kanaren-Lavendels, kr\u00e4ftig gelbbl\u00fchende Aeonien und zart der Erdrauch. Die Montpellier-Zistrosen bl\u00fchen wei\u00df ebenso wie der Escobon, der Gei\u00dfklee, Mandelbl\u00fcten in wei\u00df und rosa k\u00f6nnen wir bewundern. Wundersch\u00f6n!<\/p>\n<p>Aber: Auch das hat seine Nachteile: Der Pfad, will man ihn denn so nennen, f\u00fchrt durch diese Wildnis der Str\u00e4ucher. Anfangs helfen noch Steinm\u00e4nnchen weiter und man ahnt, hier k\u00f6nnte der Weg sein.<a href=\"http:\/\/www.mundi-roth.de\/teneriffa-blog\/wp-content\/uploads\/2017\/02\/DSC00741.jpg\" rel=\"lightbox[5796]\"><img loading=\"lazy\" decoding=\"async\" class=\"alignright size-thumbnail wp-image-5817\" src=\"http:\/\/www.mundi-roth.de\/teneriffa-blog\/wp-content\/uploads\/2017\/02\/DSC00741-150x113.jpg\" alt=\"\" width=\"150\" height=\"113\" srcset=\"https:\/\/www.mundi-roth.de\/teneriffa-blog\/wp-content\/uploads\/2017\/02\/DSC00741-150x113.jpg 150w, https:\/\/www.mundi-roth.de\/teneriffa-blog\/wp-content\/uploads\/2017\/02\/DSC00741-300x225.jpg 300w, https:\/\/www.mundi-roth.de\/teneriffa-blog\/wp-content\/uploads\/2017\/02\/DSC00741-768x576.jpg 768w, https:\/\/www.mundi-roth.de\/teneriffa-blog\/wp-content\/uploads\/2017\/02\/DSC00741.jpg 800w\" sizes=\"auto, (max-width: 150px) 100vw, 150px\" \/><\/a><br \/>\nImmer am Rande der Schlucht von Ni\u00e1gara.<br \/>\nWir wandern an einem weiteren verfallenen Haus vorbei.<\/p>\n<p>Inzwischen, es ist es kurz vor 2 Uhr, regnet es.<br \/>\nRegencapes an, Apfel in die Hand, im Gehen wird gegessen, denn es ist nun auch ausgesprochen kalt.<br \/>\nZum Gl\u00fcck hat es nur \u00bd Stunde leicht geregnet. Aber die Str\u00e4ucher, durch deren Gewirr wir durch m\u00fcssen, sind nass. Igitt.<\/p>\n\n\t\t<style type=\"text\/css\">\n\t\t\t#gallery-6 {\n\t\t\t\tmargin: auto;\n\t\t\t}\n\t\t\t#gallery-6 .gallery-item {\n\t\t\t\tfloat: left;\n\t\t\t\tmargin-top: 10px;\n\t\t\t\ttext-align: center;\n\t\t\t\twidth: 33%;\n\t\t\t}\n\t\t\t#gallery-6 img {\n\t\t\t\tborder: 2px solid #cfcfcf;\n\t\t\t}\n\t\t\t#gallery-6 .gallery-caption {\n\t\t\t\tmargin-left: 0;\n\t\t\t}\n\t\t\t\/* see gallery_shortcode() in wp-includes\/media.php *\/\n\t\t<\/style>\n\t\t<div id='gallery-6' class='gallery galleryid-5796 gallery-columns-3 gallery-size-thumbnail'><dl class='gallery-item'>\n\t\t\t<dt class='gallery-icon landscape'>\n\t\t\t\t<a href='https:\/\/www.mundi-roth.de\/teneriffa-blog\/wp-content\/uploads\/2017\/02\/DSC00738.jpg' rel=\"lightbox[5796]\"><img loading=\"lazy\" decoding=\"async\" width=\"150\" height=\"113\" src=\"https:\/\/www.mundi-roth.de\/teneriffa-blog\/wp-content\/uploads\/2017\/02\/DSC00738-150x113.jpg\" class=\"attachment-thumbnail size-thumbnail\" alt=\"\" srcset=\"https:\/\/www.mundi-roth.de\/teneriffa-blog\/wp-content\/uploads\/2017\/02\/DSC00738-150x113.jpg 150w, https:\/\/www.mundi-roth.de\/teneriffa-blog\/wp-content\/uploads\/2017\/02\/DSC00738-300x225.jpg 300w, https:\/\/www.mundi-roth.de\/teneriffa-blog\/wp-content\/uploads\/2017\/02\/DSC00738-768x576.jpg 768w, https:\/\/www.mundi-roth.de\/teneriffa-blog\/wp-content\/uploads\/2017\/02\/DSC00738.jpg 800w\" sizes=\"auto, (max-width: 150px) 100vw, 150px\" \/><\/a>\n\t\t\t<\/dt><\/dl><dl class='gallery-item'>\n\t\t\t<dt class='gallery-icon landscape'>\n\t\t\t\t<a href='https:\/\/www.mundi-roth.de\/teneriffa-blog\/wp-content\/uploads\/2017\/02\/DSC00744.jpg' rel=\"lightbox[5796]\"><img loading=\"lazy\" decoding=\"async\" width=\"150\" height=\"113\" src=\"https:\/\/www.mundi-roth.de\/teneriffa-blog\/wp-content\/uploads\/2017\/02\/DSC00744-150x113.jpg\" class=\"attachment-thumbnail size-thumbnail\" alt=\"\" srcset=\"https:\/\/www.mundi-roth.de\/teneriffa-blog\/wp-content\/uploads\/2017\/02\/DSC00744-150x113.jpg 150w, https:\/\/www.mundi-roth.de\/teneriffa-blog\/wp-content\/uploads\/2017\/02\/DSC00744-300x225.jpg 300w, https:\/\/www.mundi-roth.de\/teneriffa-blog\/wp-content\/uploads\/2017\/02\/DSC00744-768x576.jpg 768w, https:\/\/www.mundi-roth.de\/teneriffa-blog\/wp-content\/uploads\/2017\/02\/DSC00744.jpg 800w\" sizes=\"auto, (max-width: 150px) 100vw, 150px\" \/><\/a>\n\t\t\t<\/dt><\/dl><dl class='gallery-item'>\n\t\t\t<dt class='gallery-icon landscape'>\n\t\t\t\t<a href='https:\/\/www.mundi-roth.de\/teneriffa-blog\/wp-content\/uploads\/2017\/02\/DSC00747.jpg' rel=\"lightbox[5796]\"><img loading=\"lazy\" decoding=\"async\" width=\"150\" height=\"113\" src=\"https:\/\/www.mundi-roth.de\/teneriffa-blog\/wp-content\/uploads\/2017\/02\/DSC00747-150x113.jpg\" class=\"attachment-thumbnail size-thumbnail\" alt=\"\" srcset=\"https:\/\/www.mundi-roth.de\/teneriffa-blog\/wp-content\/uploads\/2017\/02\/DSC00747-150x113.jpg 150w, https:\/\/www.mundi-roth.de\/teneriffa-blog\/wp-content\/uploads\/2017\/02\/DSC00747-300x225.jpg 300w, https:\/\/www.mundi-roth.de\/teneriffa-blog\/wp-content\/uploads\/2017\/02\/DSC00747-768x576.jpg 768w, https:\/\/www.mundi-roth.de\/teneriffa-blog\/wp-content\/uploads\/2017\/02\/DSC00747.jpg 800w\" sizes=\"auto, (max-width: 150px) 100vw, 150px\" \/><\/a>\n\t\t\t<\/dt><\/dl><br style=\"clear: both\" \/>\n\t\t<\/div>\n\n<p>Aber dann r\u00e4tseln wir in diesem Dickicht mal wieder: wo geht es weiter, wir irren hier hin, irren dort hin.<br \/>\nDie \u201eTrulla\u201c meldet sich nicht, wir sind wohl noch im von ihr tolerierten Bereich.<br \/>\nAber: es m\u00fcsste nicht Elisabeth sein, wenn sie uns als hervorragende <a href=\"http:\/\/www.mundi-roth.de\/teneriffa-blog\/wp-content\/uploads\/2017\/02\/DSC00758.jpg\" rel=\"lightbox[5796]\"><img loading=\"lazy\" decoding=\"async\" class=\"alignleft size-thumbnail wp-image-5821\" src=\"http:\/\/www.mundi-roth.de\/teneriffa-blog\/wp-content\/uploads\/2017\/02\/DSC00758-150x113.jpg\" alt=\"\" width=\"150\" height=\"113\" srcset=\"https:\/\/www.mundi-roth.de\/teneriffa-blog\/wp-content\/uploads\/2017\/02\/DSC00758-150x113.jpg 150w, https:\/\/www.mundi-roth.de\/teneriffa-blog\/wp-content\/uploads\/2017\/02\/DSC00758-300x225.jpg 300w, https:\/\/www.mundi-roth.de\/teneriffa-blog\/wp-content\/uploads\/2017\/02\/DSC00758-768x576.jpg 768w, https:\/\/www.mundi-roth.de\/teneriffa-blog\/wp-content\/uploads\/2017\/02\/DSC00758.jpg 800w\" sizes=\"auto, (max-width: 150px) 100vw, 150px\" \/><\/a>Pfadfinderin nicht wieder auf den \u201erichtigen\u201c Pfad bringt, der uns dann durch eine Schlucht zu einem Fahrweg f\u00fchrt und zu dem von oben zu sehenden Wasserbassin.<\/p>\n<p>Nun sind wir wieder auf der sicheren Seite und schreiten z\u00fcgig aus.<br \/>\nGelangen in den landwirtschaftlich genutzten Bereich von El Jaral und gehen auf einer Forststra\u00dfe an den G\u00e4rten vorbei: Baumtomaten, Tomarillas, eine rosabl\u00fchende Sorte der Passiflora mit l\u00e4nglichen Fr\u00fcchten, Nispero-B\u00e4ume.<br \/>\nInteressant.<\/p>\n<div style=\"clear: both;\"><\/div>\n\n\t\t<style type=\"text\/css\">\n\t\t\t#gallery-7 {\n\t\t\t\tmargin: auto;\n\t\t\t}\n\t\t\t#gallery-7 .gallery-item {\n\t\t\t\tfloat: left;\n\t\t\t\tmargin-top: 10px;\n\t\t\t\ttext-align: center;\n\t\t\t\twidth: 50%;\n\t\t\t}\n\t\t\t#gallery-7 img {\n\t\t\t\tborder: 2px solid #cfcfcf;\n\t\t\t}\n\t\t\t#gallery-7 .gallery-caption {\n\t\t\t\tmargin-left: 0;\n\t\t\t}\n\t\t\t\/* see gallery_shortcode() in wp-includes\/media.php *\/\n\t\t<\/style>\n\t\t<div id='gallery-7' class='gallery galleryid-5796 gallery-columns-2 gallery-size-thumbnail'><dl class='gallery-item'>\n\t\t\t<dt class='gallery-icon landscape'>\n\t\t\t\t<a href='https:\/\/www.mundi-roth.de\/teneriffa-blog\/wp-content\/uploads\/2017\/02\/DSC00761.jpg' rel=\"lightbox[5796]\"><img loading=\"lazy\" decoding=\"async\" width=\"150\" height=\"113\" src=\"https:\/\/www.mundi-roth.de\/teneriffa-blog\/wp-content\/uploads\/2017\/02\/DSC00761-150x113.jpg\" class=\"attachment-thumbnail size-thumbnail\" alt=\"\" srcset=\"https:\/\/www.mundi-roth.de\/teneriffa-blog\/wp-content\/uploads\/2017\/02\/DSC00761-150x113.jpg 150w, https:\/\/www.mundi-roth.de\/teneriffa-blog\/wp-content\/uploads\/2017\/02\/DSC00761-300x225.jpg 300w, https:\/\/www.mundi-roth.de\/teneriffa-blog\/wp-content\/uploads\/2017\/02\/DSC00761-768x576.jpg 768w, https:\/\/www.mundi-roth.de\/teneriffa-blog\/wp-content\/uploads\/2017\/02\/DSC00761.jpg 800w\" sizes=\"auto, (max-width: 150px) 100vw, 150px\" \/><\/a>\n\t\t\t<\/dt><\/dl><dl class='gallery-item'>\n\t\t\t<dt class='gallery-icon landscape'>\n\t\t\t\t<a href='https:\/\/www.mundi-roth.de\/teneriffa-blog\/wp-content\/uploads\/2017\/02\/DSC00762.jpg' rel=\"lightbox[5796]\"><img loading=\"lazy\" decoding=\"async\" width=\"150\" height=\"113\" src=\"https:\/\/www.mundi-roth.de\/teneriffa-blog\/wp-content\/uploads\/2017\/02\/DSC00762-150x113.jpg\" class=\"attachment-thumbnail size-thumbnail\" alt=\"\" srcset=\"https:\/\/www.mundi-roth.de\/teneriffa-blog\/wp-content\/uploads\/2017\/02\/DSC00762-150x113.jpg 150w, https:\/\/www.mundi-roth.de\/teneriffa-blog\/wp-content\/uploads\/2017\/02\/DSC00762-300x225.jpg 300w, https:\/\/www.mundi-roth.de\/teneriffa-blog\/wp-content\/uploads\/2017\/02\/DSC00762-768x576.jpg 768w, https:\/\/www.mundi-roth.de\/teneriffa-blog\/wp-content\/uploads\/2017\/02\/DSC00762.jpg 800w\" sizes=\"auto, (max-width: 150px) 100vw, 150px\" \/><\/a>\n\t\t\t<\/dt><\/dl><br style=\"clear: both\" \/>\n\t\t<\/div>\n\n<p>15 Uhr ist es inzwischen.<br \/>\nMein lieber Mann meldet sich, ob wir schon seine Taxidienste brauchen. Wir<a href=\"http:\/\/www.mundi-roth.de\/teneriffa-blog\/wp-content\/uploads\/2017\/02\/DSC00766x.jpg\" rel=\"lightbox[5796]\"><img loading=\"lazy\" decoding=\"async\" class=\"alignright size-thumbnail wp-image-5824\" src=\"http:\/\/www.mundi-roth.de\/teneriffa-blog\/wp-content\/uploads\/2017\/02\/DSC00766x-150x113.jpg\" alt=\"\" width=\"150\" height=\"113\" srcset=\"https:\/\/www.mundi-roth.de\/teneriffa-blog\/wp-content\/uploads\/2017\/02\/DSC00766x-150x113.jpg 150w, https:\/\/www.mundi-roth.de\/teneriffa-blog\/wp-content\/uploads\/2017\/02\/DSC00766x-300x225.jpg 300w, https:\/\/www.mundi-roth.de\/teneriffa-blog\/wp-content\/uploads\/2017\/02\/DSC00766x-768x576.jpg 768w, https:\/\/www.mundi-roth.de\/teneriffa-blog\/wp-content\/uploads\/2017\/02\/DSC00766x.jpg 800w\" sizes=\"auto, (max-width: 150px) 100vw, 150px\" \/><\/a>haben zwar El Jaral schon im Blick, wissen aber nicht wie lange wir noch ben\u00f6tigen. Wir vereinbaren, dass wir uns wieder melden, wenn wir absehen k\u00f6nnen wann wir in El Jaral ankommen.<\/p>\n<p>Wir k\u00f6nnten nun einfach dem Forstweg nach El Jarral folgen, aber nein, wir biegen nach diesen G\u00e4rten, ein riesiger Christstern-Strauch ist im letzten, nach rechts ab, um nun einen riesigen Umweg zu gehen:<br \/>\nDen Barranco auf der einen Seite rein, aufsteigen bis unterhalb eines verfallenen Hauses um dann halsbrecherisch auf einem schmalen Steig steil in den Barranco abzusteigen und was? nat\u00fcrlich auf der anderen Seite wieder aufzusteigen. Hoch oben thront ein Haus. Auwei, da m\u00fcssen wir noch hinauf.<\/p>\n\n\t\t<style type=\"text\/css\">\n\t\t\t#gallery-8 {\n\t\t\t\tmargin: auto;\n\t\t\t}\n\t\t\t#gallery-8 .gallery-item {\n\t\t\t\tfloat: left;\n\t\t\t\tmargin-top: 10px;\n\t\t\t\ttext-align: center;\n\t\t\t\twidth: 33%;\n\t\t\t}\n\t\t\t#gallery-8 img {\n\t\t\t\tborder: 2px solid #cfcfcf;\n\t\t\t}\n\t\t\t#gallery-8 .gallery-caption {\n\t\t\t\tmargin-left: 0;\n\t\t\t}\n\t\t\t\/* see gallery_shortcode() in wp-includes\/media.php *\/\n\t\t<\/style>\n\t\t<div id='gallery-8' class='gallery galleryid-5796 gallery-columns-3 gallery-size-thumbnail'><dl class='gallery-item'>\n\t\t\t<dt class='gallery-icon landscape'>\n\t\t\t\t<a href='https:\/\/www.mundi-roth.de\/teneriffa-blog\/wp-content\/uploads\/2017\/02\/DSC00767.jpg' rel=\"lightbox[5796]\"><img loading=\"lazy\" decoding=\"async\" width=\"150\" height=\"113\" src=\"https:\/\/www.mundi-roth.de\/teneriffa-blog\/wp-content\/uploads\/2017\/02\/DSC00767-150x113.jpg\" class=\"attachment-thumbnail size-thumbnail\" alt=\"\" srcset=\"https:\/\/www.mundi-roth.de\/teneriffa-blog\/wp-content\/uploads\/2017\/02\/DSC00767-150x113.jpg 150w, https:\/\/www.mundi-roth.de\/teneriffa-blog\/wp-content\/uploads\/2017\/02\/DSC00767-300x225.jpg 300w, https:\/\/www.mundi-roth.de\/teneriffa-blog\/wp-content\/uploads\/2017\/02\/DSC00767-768x576.jpg 768w, https:\/\/www.mundi-roth.de\/teneriffa-blog\/wp-content\/uploads\/2017\/02\/DSC00767.jpg 800w\" sizes=\"auto, (max-width: 150px) 100vw, 150px\" \/><\/a>\n\t\t\t<\/dt><\/dl><dl class='gallery-item'>\n\t\t\t<dt class='gallery-icon landscape'>\n\t\t\t\t<a href='https:\/\/www.mundi-roth.de\/teneriffa-blog\/wp-content\/uploads\/2017\/02\/DSC00772.jpg' rel=\"lightbox[5796]\"><img loading=\"lazy\" decoding=\"async\" width=\"150\" height=\"113\" src=\"https:\/\/www.mundi-roth.de\/teneriffa-blog\/wp-content\/uploads\/2017\/02\/DSC00772-150x113.jpg\" class=\"attachment-thumbnail size-thumbnail\" alt=\"\" srcset=\"https:\/\/www.mundi-roth.de\/teneriffa-blog\/wp-content\/uploads\/2017\/02\/DSC00772-150x113.jpg 150w, https:\/\/www.mundi-roth.de\/teneriffa-blog\/wp-content\/uploads\/2017\/02\/DSC00772-300x225.jpg 300w, https:\/\/www.mundi-roth.de\/teneriffa-blog\/wp-content\/uploads\/2017\/02\/DSC00772-768x576.jpg 768w, https:\/\/www.mundi-roth.de\/teneriffa-blog\/wp-content\/uploads\/2017\/02\/DSC00772.jpg 800w\" sizes=\"auto, (max-width: 150px) 100vw, 150px\" \/><\/a>\n\t\t\t<\/dt><\/dl><dl class='gallery-item'>\n\t\t\t<dt class='gallery-icon landscape'>\n\t\t\t\t<a href='https:\/\/www.mundi-roth.de\/teneriffa-blog\/wp-content\/uploads\/2017\/02\/DSC00775.jpg' rel=\"lightbox[5796]\"><img loading=\"lazy\" decoding=\"async\" width=\"150\" height=\"113\" src=\"https:\/\/www.mundi-roth.de\/teneriffa-blog\/wp-content\/uploads\/2017\/02\/DSC00775-150x113.jpg\" class=\"attachment-thumbnail size-thumbnail\" alt=\"\" srcset=\"https:\/\/www.mundi-roth.de\/teneriffa-blog\/wp-content\/uploads\/2017\/02\/DSC00775-150x113.jpg 150w, https:\/\/www.mundi-roth.de\/teneriffa-blog\/wp-content\/uploads\/2017\/02\/DSC00775-300x225.jpg 300w, https:\/\/www.mundi-roth.de\/teneriffa-blog\/wp-content\/uploads\/2017\/02\/DSC00775-768x576.jpg 768w, https:\/\/www.mundi-roth.de\/teneriffa-blog\/wp-content\/uploads\/2017\/02\/DSC00775.jpg 800w\" sizes=\"auto, (max-width: 150px) 100vw, 150px\" \/><\/a>\n\t\t\t<\/dt><\/dl><br style=\"clear: both\" \/>\n\t\t<\/div>\n\n<p>Es ist malerisch hier, jedoch, wenn man schon 4 Stunden gegangen ist, muss man das eigentlich nicht mehr haben.<\/p>\n<p>Hier oben bei dem Haus haben wir den Blick \u00fcber einen Dreschplatz zum Meer, trotz der tiefh\u00e4ngenden Wolken und nur wenige Schritte weiter:<br \/>\nOH! Wir sind oberhalb von El Jaral!<\/p>\n<p>Nun k\u00f6nnen wir unseren lieben Taxifahrer anrufen.<\/p>\n<p>Noch ein kurzer Abstieg, an einem Backofen, einer Zweigstelle des Rathauses und dem Schulhaus vorbei<\/p>\n\n\t\t<style type=\"text\/css\">\n\t\t\t#gallery-9 {\n\t\t\t\tmargin: auto;\n\t\t\t}\n\t\t\t#gallery-9 .gallery-item {\n\t\t\t\tfloat: left;\n\t\t\t\tmargin-top: 10px;\n\t\t\t\ttext-align: center;\n\t\t\t\twidth: 50%;\n\t\t\t}\n\t\t\t#gallery-9 img {\n\t\t\t\tborder: 2px solid #cfcfcf;\n\t\t\t}\n\t\t\t#gallery-9 .gallery-caption {\n\t\t\t\tmargin-left: 0;\n\t\t\t}\n\t\t\t\/* see gallery_shortcode() in wp-includes\/media.php *\/\n\t\t<\/style>\n\t\t<div id='gallery-9' class='gallery galleryid-5796 gallery-columns-2 gallery-size-thumbnail'><dl class='gallery-item'>\n\t\t\t<dt class='gallery-icon landscape'>\n\t\t\t\t<a href='https:\/\/www.mundi-roth.de\/teneriffa-blog\/wp-content\/uploads\/2017\/02\/DSC00778.jpg' rel=\"lightbox[5796]\"><img loading=\"lazy\" decoding=\"async\" width=\"150\" height=\"113\" src=\"https:\/\/www.mundi-roth.de\/teneriffa-blog\/wp-content\/uploads\/2017\/02\/DSC00778-150x113.jpg\" class=\"attachment-thumbnail size-thumbnail\" alt=\"\" srcset=\"https:\/\/www.mundi-roth.de\/teneriffa-blog\/wp-content\/uploads\/2017\/02\/DSC00778-150x113.jpg 150w, https:\/\/www.mundi-roth.de\/teneriffa-blog\/wp-content\/uploads\/2017\/02\/DSC00778-300x225.jpg 300w, https:\/\/www.mundi-roth.de\/teneriffa-blog\/wp-content\/uploads\/2017\/02\/DSC00778-768x576.jpg 768w, https:\/\/www.mundi-roth.de\/teneriffa-blog\/wp-content\/uploads\/2017\/02\/DSC00778.jpg 800w\" sizes=\"auto, (max-width: 150px) 100vw, 150px\" \/><\/a>\n\t\t\t<\/dt><\/dl><dl class='gallery-item'>\n\t\t\t<dt class='gallery-icon landscape'>\n\t\t\t\t<a href='https:\/\/www.mundi-roth.de\/teneriffa-blog\/wp-content\/uploads\/2017\/02\/DSC00782.jpg' rel=\"lightbox[5796]\"><img loading=\"lazy\" decoding=\"async\" width=\"150\" height=\"113\" src=\"https:\/\/www.mundi-roth.de\/teneriffa-blog\/wp-content\/uploads\/2017\/02\/DSC00782-150x113.jpg\" class=\"attachment-thumbnail size-thumbnail\" alt=\"\" srcset=\"https:\/\/www.mundi-roth.de\/teneriffa-blog\/wp-content\/uploads\/2017\/02\/DSC00782-150x113.jpg 150w, https:\/\/www.mundi-roth.de\/teneriffa-blog\/wp-content\/uploads\/2017\/02\/DSC00782-300x225.jpg 300w, https:\/\/www.mundi-roth.de\/teneriffa-blog\/wp-content\/uploads\/2017\/02\/DSC00782-768x576.jpg 768w, https:\/\/www.mundi-roth.de\/teneriffa-blog\/wp-content\/uploads\/2017\/02\/DSC00782.jpg 800w\" sizes=\"auto, (max-width: 150px) 100vw, 150px\" \/><\/a>\n\t\t\t<\/dt><\/dl><br style=\"clear: both\" \/>\n\t\t<\/div>\n\n<p>gehen wir runter bis zu den M\u00fclltonnen. Hier hat uns mein lieber Mann schon mal eingesammelt.<\/p>\n<p>Man kann sich merken, will man nicht so eine Gewaltwanderung machen, dass sich ein Rundweg anbietet: von El Jaral auf dem Forstweg aufsteigen und auf dem Barrancosteig zur\u00fcckkehren.<\/p>\n<p><strong>Fazit:<\/strong><br \/>\nAuch wenn diese Wanderung von Boca Tauce aus einen gro\u00dfen Teil der bereits gegangenen Abstiege beeinhaltet, so hat auch diese wieder ihren besonderen Reiz und wir werden es nicht leid, immer noch neue Touren zu erkunden.<br \/>\nDie Insel ist wirklich unersch\u00f6pflich!<\/p>\n\n\t\t<style type=\"text\/css\">\n\t\t\t#gallery-10 {\n\t\t\t\tmargin: auto;\n\t\t\t}\n\t\t\t#gallery-10 .gallery-item {\n\t\t\t\tfloat: left;\n\t\t\t\tmargin-top: 10px;\n\t\t\t\ttext-align: center;\n\t\t\t\twidth: 33%;\n\t\t\t}\n\t\t\t#gallery-10 img {\n\t\t\t\tborder: 2px solid #cfcfcf;\n\t\t\t}\n\t\t\t#gallery-10 .gallery-caption {\n\t\t\t\tmargin-left: 0;\n\t\t\t}\n\t\t\t\/* see gallery_shortcode() in wp-includes\/media.php *\/\n\t\t<\/style>\n\t\t<div id='gallery-10' class='gallery galleryid-5796 gallery-columns-3 gallery-size-thumbnail'><dl class='gallery-item'>\n\t\t\t<dt class='gallery-icon landscape'>\n\t\t\t\t<a href='https:\/\/www.mundi-roth.de\/teneriffa-blog\/wp-content\/uploads\/2017\/02\/DSC00749.jpg' rel=\"lightbox[5796]\"><img loading=\"lazy\" decoding=\"async\" width=\"150\" height=\"113\" src=\"https:\/\/www.mundi-roth.de\/teneriffa-blog\/wp-content\/uploads\/2017\/02\/DSC00749-150x113.jpg\" class=\"attachment-thumbnail size-thumbnail\" alt=\"\" aria-describedby=\"gallery-10-5831\" srcset=\"https:\/\/www.mundi-roth.de\/teneriffa-blog\/wp-content\/uploads\/2017\/02\/DSC00749-150x113.jpg 150w, https:\/\/www.mundi-roth.de\/teneriffa-blog\/wp-content\/uploads\/2017\/02\/DSC00749-300x225.jpg 300w, https:\/\/www.mundi-roth.de\/teneriffa-blog\/wp-content\/uploads\/2017\/02\/DSC00749-768x576.jpg 768w, https:\/\/www.mundi-roth.de\/teneriffa-blog\/wp-content\/uploads\/2017\/02\/DSC00749.jpg 800w\" sizes=\"auto, (max-width: 150px) 100vw, 150px\" \/><\/a>\n\t\t\t<\/dt>\n\t\t\t\t<dd class='wp-caption-text gallery-caption' id='gallery-10-5831'>\n\t\t\t\tMargariten\n\t\t\t\t<\/dd><\/dl><dl class='gallery-item'>\n\t\t\t<dt class='gallery-icon landscape'>\n\t\t\t\t<a href='https:\/\/www.mundi-roth.de\/teneriffa-blog\/wp-content\/uploads\/2017\/02\/DSC00765.jpg' rel=\"lightbox[5796]\"><img loading=\"lazy\" decoding=\"async\" width=\"150\" height=\"113\" src=\"https:\/\/www.mundi-roth.de\/teneriffa-blog\/wp-content\/uploads\/2017\/02\/DSC00765-150x113.jpg\" class=\"attachment-thumbnail size-thumbnail\" alt=\"\" aria-describedby=\"gallery-10-5832\" srcset=\"https:\/\/www.mundi-roth.de\/teneriffa-blog\/wp-content\/uploads\/2017\/02\/DSC00765-150x113.jpg 150w, https:\/\/www.mundi-roth.de\/teneriffa-blog\/wp-content\/uploads\/2017\/02\/DSC00765-300x225.jpg 300w, https:\/\/www.mundi-roth.de\/teneriffa-blog\/wp-content\/uploads\/2017\/02\/DSC00765-768x576.jpg 768w, https:\/\/www.mundi-roth.de\/teneriffa-blog\/wp-content\/uploads\/2017\/02\/DSC00765.jpg 800w\" sizes=\"auto, (max-width: 150px) 100vw, 150px\" \/><\/a>\n\t\t\t<\/dt>\n\t\t\t\t<dd class='wp-caption-text gallery-caption' id='gallery-10-5832'>\n\t\t\t\tKanaren-Lavendel\n\t\t\t\t<\/dd><\/dl><dl class='gallery-item'>\n\t\t\t<dt class='gallery-icon landscape'>\n\t\t\t\t<a href='https:\/\/www.mundi-roth.de\/teneriffa-blog\/wp-content\/uploads\/2017\/02\/DSC00770.jpg' rel=\"lightbox[5796]\"><img loading=\"lazy\" decoding=\"async\" width=\"150\" height=\"113\" src=\"https:\/\/www.mundi-roth.de\/teneriffa-blog\/wp-content\/uploads\/2017\/02\/DSC00770-150x113.jpg\" class=\"attachment-thumbnail size-thumbnail\" alt=\"\" aria-describedby=\"gallery-10-5834\" srcset=\"https:\/\/www.mundi-roth.de\/teneriffa-blog\/wp-content\/uploads\/2017\/02\/DSC00770-150x113.jpg 150w, https:\/\/www.mundi-roth.de\/teneriffa-blog\/wp-content\/uploads\/2017\/02\/DSC00770-300x225.jpg 300w, https:\/\/www.mundi-roth.de\/teneriffa-blog\/wp-content\/uploads\/2017\/02\/DSC00770-768x576.jpg 768w, https:\/\/www.mundi-roth.de\/teneriffa-blog\/wp-content\/uploads\/2017\/02\/DSC00770.jpg 800w\" sizes=\"auto, (max-width: 150px) 100vw, 150px\" \/><\/a>\n\t\t\t<\/dt>\n\t\t\t\t<dd class='wp-caption-text gallery-caption' id='gallery-10-5834'>\n\t\t\t\tPurpurrote Tabaiba\n\t\t\t\t<\/dd><\/dl><br style=\"clear: both\" \/><dl class='gallery-item'>\n\t\t\t<dt class='gallery-icon landscape'>\n\t\t\t\t<a href='https:\/\/www.mundi-roth.de\/teneriffa-blog\/wp-content\/uploads\/2017\/02\/DSC00783.jpg' rel=\"lightbox[5796]\"><img loading=\"lazy\" decoding=\"async\" width=\"150\" height=\"113\" src=\"https:\/\/www.mundi-roth.de\/teneriffa-blog\/wp-content\/uploads\/2017\/02\/DSC00783-150x113.jpg\" class=\"attachment-thumbnail size-thumbnail\" alt=\"\" aria-describedby=\"gallery-10-5835\" srcset=\"https:\/\/www.mundi-roth.de\/teneriffa-blog\/wp-content\/uploads\/2017\/02\/DSC00783-150x113.jpg 150w, https:\/\/www.mundi-roth.de\/teneriffa-blog\/wp-content\/uploads\/2017\/02\/DSC00783-300x225.jpg 300w, https:\/\/www.mundi-roth.de\/teneriffa-blog\/wp-content\/uploads\/2017\/02\/DSC00783-768x576.jpg 768w, https:\/\/www.mundi-roth.de\/teneriffa-blog\/wp-content\/uploads\/2017\/02\/DSC00783.jpg 800w\" sizes=\"auto, (max-width: 150px) 100vw, 150px\" \/><\/a>\n\t\t\t<\/dt>\n\t\t\t\t<dd class='wp-caption-text gallery-caption' id='gallery-10-5835'>\n\t\t\t\tMandelbl\u00fcte\n\t\t\t\t<\/dd><\/dl><dl class='gallery-item'>\n\t\t\t<dt class='gallery-icon landscape'>\n\t\t\t\t<a href='https:\/\/www.mundi-roth.de\/teneriffa-blog\/wp-content\/uploads\/2017\/02\/DSC00764.jpg' rel=\"lightbox[5796]\"><img loading=\"lazy\" decoding=\"async\" width=\"150\" height=\"113\" src=\"https:\/\/www.mundi-roth.de\/teneriffa-blog\/wp-content\/uploads\/2017\/02\/DSC00764-150x113.jpg\" class=\"attachment-thumbnail size-thumbnail\" alt=\"\" aria-describedby=\"gallery-10-5836\" srcset=\"https:\/\/www.mundi-roth.de\/teneriffa-blog\/wp-content\/uploads\/2017\/02\/DSC00764-150x113.jpg 150w, https:\/\/www.mundi-roth.de\/teneriffa-blog\/wp-content\/uploads\/2017\/02\/DSC00764-300x225.jpg 300w, https:\/\/www.mundi-roth.de\/teneriffa-blog\/wp-content\/uploads\/2017\/02\/DSC00764-768x576.jpg 768w, https:\/\/www.mundi-roth.de\/teneriffa-blog\/wp-content\/uploads\/2017\/02\/DSC00764.jpg 800w\" sizes=\"auto, (max-width: 150px) 100vw, 150px\" \/><\/a>\n\t\t\t<\/dt>\n\t\t\t\t<dd class='wp-caption-text gallery-caption' id='gallery-10-5836'>\n\t\t\t\tAeonien\n\t\t\t\t<\/dd><\/dl><dl class='gallery-item'>\n\t\t\t<dt class='gallery-icon landscape'>\n\t\t\t\t<a href='https:\/\/www.mundi-roth.de\/teneriffa-blog\/wp-content\/uploads\/2017\/02\/DSC00717a2.jpg' rel=\"lightbox[5796]\"><img loading=\"lazy\" decoding=\"async\" width=\"150\" height=\"108\" src=\"https:\/\/www.mundi-roth.de\/teneriffa-blog\/wp-content\/uploads\/2017\/02\/DSC00717a2-150x108.jpg\" class=\"attachment-thumbnail size-thumbnail\" alt=\"\" aria-describedby=\"gallery-10-5838\" srcset=\"https:\/\/www.mundi-roth.de\/teneriffa-blog\/wp-content\/uploads\/2017\/02\/DSC00717a2-150x108.jpg 150w, https:\/\/www.mundi-roth.de\/teneriffa-blog\/wp-content\/uploads\/2017\/02\/DSC00717a2-300x216.jpg 300w, https:\/\/www.mundi-roth.de\/teneriffa-blog\/wp-content\/uploads\/2017\/02\/DSC00717a2-768x553.jpg 768w, https:\/\/www.mundi-roth.de\/teneriffa-blog\/wp-content\/uploads\/2017\/02\/DSC00717a2.jpg 833w\" sizes=\"auto, (max-width: 150px) 100vw, 150px\" \/><\/a>\n\t\t\t<\/dt>\n\t\t\t\t<dd class='wp-caption-text gallery-caption' id='gallery-10-5838'>\n\t\t\t\tErdrauch\n\t\t\t\t<\/dd><\/dl><br style=\"clear: both\" \/>\n\t\t<\/div>\n\n<p>&nbsp;<\/p>\n","protected":false},"excerpt":{"rendered":"<p>Der Weg &#8222;La Chifira&#8220; Sind wir in den vergangenen Jahren von Boca Tauce aus nach El Jaral gegangen und vorher nach Chirche und \u00fcber Las Fuentes nach Acojeja so wollen wir heute die vierte M\u00f6glichkeit nutzen, um auf einem anderen Weg El Jaral zu erreichen. Den Hinweis auf diese Tour haben wir aus dem Infoblatt [&hellip;]<\/p>\n","protected":false},"author":4,"featured_media":0,"comment_status":"open","ping_status":"open","sticky":false,"template":"","format":"standard","meta":{"footnotes":""},"categories":[779,6],"tags":[979,399,131,733,978,3,439,980,446,866],"class_list":["post-5796","post","type-post","status-publish","format-standard","hentry","category-canadas","category-wanderungen","tag-boca-chavao","tag-boca-tauce","tag-canadas","tag-el-jaral","tag-la-chifira","tag-teneriffa","tag-teneriffa-wandern","tag-tomarilla","tag-wandern-teneriffa","tag-wanderurlaub-teneriffa"],"yoast_head":"<!-- This site is optimized with the Yoast SEO plugin v27.5 - https:\/\/yoast.com\/product\/yoast-seo-wordpress\/ -->\n<title>Boca Tauce \u2013 El Jaral - Teneriffa Wandern<\/title>\n<meta name=\"robots\" content=\"index, follow, max-snippet:-1, max-image-preview:large, max-video-preview:-1\" \/>\n<link rel=\"canonical\" href=\"https:\/\/www.mundi-roth.de\/teneriffa-blog\/wanderungen\/boca-tauce-el-jaral-2\/\" \/>\n<meta name=\"twitter:label1\" content=\"Verfasst von\" \/>\n\t<meta name=\"twitter:data1\" content=\"mundi\" \/>\n\t<meta name=\"twitter:label2\" content=\"Gesch\u00e4tzte Lesezeit\" \/>\n\t<meta name=\"twitter:data2\" content=\"6\u00a0Minuten\" \/>\n<script type=\"application\/ld+json\" class=\"yoast-schema-graph\">{\"@context\":\"https:\\\/\\\/schema.org\",\"@graph\":[{\"@type\":\"Article\",\"@id\":\"https:\\\/\\\/www.mundi-roth.de\\\/teneriffa-blog\\\/wanderungen\\\/boca-tauce-el-jaral-2\\\/#article\",\"isPartOf\":{\"@id\":\"https:\\\/\\\/www.mundi-roth.de\\\/teneriffa-blog\\\/wanderungen\\\/boca-tauce-el-jaral-2\\\/\"},\"author\":{\"name\":\"mundi\",\"@id\":\"https:\\\/\\\/www.mundi-roth.de\\\/teneriffa-blog\\\/#\\\/schema\\\/person\\\/971c66b55f3ae5e8741553688c413cac\"},\"headline\":\"Boca Tauce \u2013 El Jaral\",\"datePublished\":\"2017-02-23T21:00:32+00:00\",\"dateModified\":\"2017-02-26T10:51:43+00:00\",\"mainEntityOfPage\":{\"@id\":\"https:\\\/\\\/www.mundi-roth.de\\\/teneriffa-blog\\\/wanderungen\\\/boca-tauce-el-jaral-2\\\/\"},\"wordCount\":1184,\"commentCount\":1,\"image\":{\"@id\":\"https:\\\/\\\/www.mundi-roth.de\\\/teneriffa-blog\\\/wanderungen\\\/boca-tauce-el-jaral-2\\\/#primaryimage\"},\"thumbnailUrl\":\"http:\\\/\\\/www.mundi-roth.de\\\/teneriffa-blog\\\/wp-content\\\/uploads\\\/2017\\\/02\\\/Track01-3-300x198.jpg\",\"keywords\":[\"Boca Chavao\",\"Boca Tauce\",\"Ca\u00f1adas\",\"El Jaral\",\"La Chifira\",\"Teneriffa\",\"Teneriffa Wandern\",\"Tomarilla\",\"Wandern Teneriffa\",\"Wanderurlaub Teneriffa\"],\"articleSection\":[\"Ca\u00f1adas\",\"Wanderungen\"],\"inLanguage\":\"de\",\"potentialAction\":[{\"@type\":\"CommentAction\",\"name\":\"Comment\",\"target\":[\"https:\\\/\\\/www.mundi-roth.de\\\/teneriffa-blog\\\/wanderungen\\\/boca-tauce-el-jaral-2\\\/#respond\"]}]},{\"@type\":\"WebPage\",\"@id\":\"https:\\\/\\\/www.mundi-roth.de\\\/teneriffa-blog\\\/wanderungen\\\/boca-tauce-el-jaral-2\\\/\",\"url\":\"https:\\\/\\\/www.mundi-roth.de\\\/teneriffa-blog\\\/wanderungen\\\/boca-tauce-el-jaral-2\\\/\",\"name\":\"Boca Tauce \u2013 El Jaral - Teneriffa Wandern\",\"isPartOf\":{\"@id\":\"https:\\\/\\\/www.mundi-roth.de\\\/teneriffa-blog\\\/#website\"},\"primaryImageOfPage\":{\"@id\":\"https:\\\/\\\/www.mundi-roth.de\\\/teneriffa-blog\\\/wanderungen\\\/boca-tauce-el-jaral-2\\\/#primaryimage\"},\"image\":{\"@id\":\"https:\\\/\\\/www.mundi-roth.de\\\/teneriffa-blog\\\/wanderungen\\\/boca-tauce-el-jaral-2\\\/#primaryimage\"},\"thumbnailUrl\":\"http:\\\/\\\/www.mundi-roth.de\\\/teneriffa-blog\\\/wp-content\\\/uploads\\\/2017\\\/02\\\/Track01-3-300x198.jpg\",\"datePublished\":\"2017-02-23T21:00:32+00:00\",\"dateModified\":\"2017-02-26T10:51:43+00:00\",\"author\":{\"@id\":\"https:\\\/\\\/www.mundi-roth.de\\\/teneriffa-blog\\\/#\\\/schema\\\/person\\\/971c66b55f3ae5e8741553688c413cac\"},\"breadcrumb\":{\"@id\":\"https:\\\/\\\/www.mundi-roth.de\\\/teneriffa-blog\\\/wanderungen\\\/boca-tauce-el-jaral-2\\\/#breadcrumb\"},\"inLanguage\":\"de\",\"potentialAction\":[{\"@type\":\"ReadAction\",\"target\":[\"https:\\\/\\\/www.mundi-roth.de\\\/teneriffa-blog\\\/wanderungen\\\/boca-tauce-el-jaral-2\\\/\"]}]},{\"@type\":\"ImageObject\",\"inLanguage\":\"de\",\"@id\":\"https:\\\/\\\/www.mundi-roth.de\\\/teneriffa-blog\\\/wanderungen\\\/boca-tauce-el-jaral-2\\\/#primaryimage\",\"url\":\"https:\\\/\\\/www.mundi-roth.de\\\/teneriffa-blog\\\/wp-content\\\/uploads\\\/2017\\\/02\\\/Track01-3.jpg\",\"contentUrl\":\"https:\\\/\\\/www.mundi-roth.de\\\/teneriffa-blog\\\/wp-content\\\/uploads\\\/2017\\\/02\\\/Track01-3.jpg\",\"width\":800,\"height\":527},{\"@type\":\"BreadcrumbList\",\"@id\":\"https:\\\/\\\/www.mundi-roth.de\\\/teneriffa-blog\\\/wanderungen\\\/boca-tauce-el-jaral-2\\\/#breadcrumb\",\"itemListElement\":[{\"@type\":\"ListItem\",\"position\":1,\"name\":\"Startseite\",\"item\":\"https:\\\/\\\/www.mundi-roth.de\\\/teneriffa-blog\\\/\"},{\"@type\":\"ListItem\",\"position\":2,\"name\":\"Boca Tauce \u2013 El Jaral\"}]},{\"@type\":\"WebSite\",\"@id\":\"https:\\\/\\\/www.mundi-roth.de\\\/teneriffa-blog\\\/#website\",\"url\":\"https:\\\/\\\/www.mundi-roth.de\\\/teneriffa-blog\\\/\",\"name\":\"Teneriffa Wandern\",\"description\":\"Nicht nur Wanderungen auf Teneriffa...\",\"potentialAction\":[{\"@type\":\"SearchAction\",\"target\":{\"@type\":\"EntryPoint\",\"urlTemplate\":\"https:\\\/\\\/www.mundi-roth.de\\\/teneriffa-blog\\\/?s={search_term_string}\"},\"query-input\":{\"@type\":\"PropertyValueSpecification\",\"valueRequired\":true,\"valueName\":\"search_term_string\"}}],\"inLanguage\":\"de\"},{\"@type\":\"Person\",\"@id\":\"https:\\\/\\\/www.mundi-roth.de\\\/teneriffa-blog\\\/#\\\/schema\\\/person\\\/971c66b55f3ae5e8741553688c413cac\",\"name\":\"mundi\",\"image\":{\"@type\":\"ImageObject\",\"inLanguage\":\"de\",\"@id\":\"https:\\\/\\\/secure.gravatar.com\\\/avatar\\\/555f0dd85428f1a9330f8e5dbe9e40ff9ca912bb81e5a89747ebf3ca9c20dc0f?s=96&d=mm&r=g\",\"url\":\"https:\\\/\\\/secure.gravatar.com\\\/avatar\\\/555f0dd85428f1a9330f8e5dbe9e40ff9ca912bb81e5a89747ebf3ca9c20dc0f?s=96&d=mm&r=g\",\"contentUrl\":\"https:\\\/\\\/secure.gravatar.com\\\/avatar\\\/555f0dd85428f1a9330f8e5dbe9e40ff9ca912bb81e5a89747ebf3ca9c20dc0f?s=96&d=mm&r=g\",\"caption\":\"mundi\"},\"sameAs\":[\"http:\\\/\\\/mundi-roth.de\"],\"url\":\"https:\\\/\\\/www.mundi-roth.de\\\/teneriffa-blog\\\/author\\\/mundi\\\/\"}]}<\/script>\n<!-- \/ Yoast SEO plugin. -->","yoast_head_json":{"title":"Boca Tauce \u2013 El Jaral - Teneriffa Wandern","robots":{"index":"index","follow":"follow","max-snippet":"max-snippet:-1","max-image-preview":"max-image-preview:large","max-video-preview":"max-video-preview:-1"},"canonical":"https:\/\/www.mundi-roth.de\/teneriffa-blog\/wanderungen\/boca-tauce-el-jaral-2\/","twitter_misc":{"Verfasst von":"mundi","Gesch\u00e4tzte Lesezeit":"6\u00a0Minuten"},"schema":{"@context":"https:\/\/schema.org","@graph":[{"@type":"Article","@id":"https:\/\/www.mundi-roth.de\/teneriffa-blog\/wanderungen\/boca-tauce-el-jaral-2\/#article","isPartOf":{"@id":"https:\/\/www.mundi-roth.de\/teneriffa-blog\/wanderungen\/boca-tauce-el-jaral-2\/"},"author":{"name":"mundi","@id":"https:\/\/www.mundi-roth.de\/teneriffa-blog\/#\/schema\/person\/971c66b55f3ae5e8741553688c413cac"},"headline":"Boca Tauce \u2013 El Jaral","datePublished":"2017-02-23T21:00:32+00:00","dateModified":"2017-02-26T10:51:43+00:00","mainEntityOfPage":{"@id":"https:\/\/www.mundi-roth.de\/teneriffa-blog\/wanderungen\/boca-tauce-el-jaral-2\/"},"wordCount":1184,"commentCount":1,"image":{"@id":"https:\/\/www.mundi-roth.de\/teneriffa-blog\/wanderungen\/boca-tauce-el-jaral-2\/#primaryimage"},"thumbnailUrl":"http:\/\/www.mundi-roth.de\/teneriffa-blog\/wp-content\/uploads\/2017\/02\/Track01-3-300x198.jpg","keywords":["Boca Chavao","Boca Tauce","Ca\u00f1adas","El Jaral","La Chifira","Teneriffa","Teneriffa Wandern","Tomarilla","Wandern Teneriffa","Wanderurlaub Teneriffa"],"articleSection":["Ca\u00f1adas","Wanderungen"],"inLanguage":"de","potentialAction":[{"@type":"CommentAction","name":"Comment","target":["https:\/\/www.mundi-roth.de\/teneriffa-blog\/wanderungen\/boca-tauce-el-jaral-2\/#respond"]}]},{"@type":"WebPage","@id":"https:\/\/www.mundi-roth.de\/teneriffa-blog\/wanderungen\/boca-tauce-el-jaral-2\/","url":"https:\/\/www.mundi-roth.de\/teneriffa-blog\/wanderungen\/boca-tauce-el-jaral-2\/","name":"Boca Tauce \u2013 El Jaral - Teneriffa Wandern","isPartOf":{"@id":"https:\/\/www.mundi-roth.de\/teneriffa-blog\/#website"},"primaryImageOfPage":{"@id":"https:\/\/www.mundi-roth.de\/teneriffa-blog\/wanderungen\/boca-tauce-el-jaral-2\/#primaryimage"},"image":{"@id":"https:\/\/www.mundi-roth.de\/teneriffa-blog\/wanderungen\/boca-tauce-el-jaral-2\/#primaryimage"},"thumbnailUrl":"http:\/\/www.mundi-roth.de\/teneriffa-blog\/wp-content\/uploads\/2017\/02\/Track01-3-300x198.jpg","datePublished":"2017-02-23T21:00:32+00:00","dateModified":"2017-02-26T10:51:43+00:00","author":{"@id":"https:\/\/www.mundi-roth.de\/teneriffa-blog\/#\/schema\/person\/971c66b55f3ae5e8741553688c413cac"},"breadcrumb":{"@id":"https:\/\/www.mundi-roth.de\/teneriffa-blog\/wanderungen\/boca-tauce-el-jaral-2\/#breadcrumb"},"inLanguage":"de","potentialAction":[{"@type":"ReadAction","target":["https:\/\/www.mundi-roth.de\/teneriffa-blog\/wanderungen\/boca-tauce-el-jaral-2\/"]}]},{"@type":"ImageObject","inLanguage":"de","@id":"https:\/\/www.mundi-roth.de\/teneriffa-blog\/wanderungen\/boca-tauce-el-jaral-2\/#primaryimage","url":"https:\/\/www.mundi-roth.de\/teneriffa-blog\/wp-content\/uploads\/2017\/02\/Track01-3.jpg","contentUrl":"https:\/\/www.mundi-roth.de\/teneriffa-blog\/wp-content\/uploads\/2017\/02\/Track01-3.jpg","width":800,"height":527},{"@type":"BreadcrumbList","@id":"https:\/\/www.mundi-roth.de\/teneriffa-blog\/wanderungen\/boca-tauce-el-jaral-2\/#breadcrumb","itemListElement":[{"@type":"ListItem","position":1,"name":"Startseite","item":"https:\/\/www.mundi-roth.de\/teneriffa-blog\/"},{"@type":"ListItem","position":2,"name":"Boca Tauce \u2013 El Jaral"}]},{"@type":"WebSite","@id":"https:\/\/www.mundi-roth.de\/teneriffa-blog\/#website","url":"https:\/\/www.mundi-roth.de\/teneriffa-blog\/","name":"Teneriffa Wandern","description":"Nicht nur Wanderungen auf Teneriffa...","potentialAction":[{"@type":"SearchAction","target":{"@type":"EntryPoint","urlTemplate":"https:\/\/www.mundi-roth.de\/teneriffa-blog\/?s={search_term_string}"},"query-input":{"@type":"PropertyValueSpecification","valueRequired":true,"valueName":"search_term_string"}}],"inLanguage":"de"},{"@type":"Person","@id":"https:\/\/www.mundi-roth.de\/teneriffa-blog\/#\/schema\/person\/971c66b55f3ae5e8741553688c413cac","name":"mundi","image":{"@type":"ImageObject","inLanguage":"de","@id":"https:\/\/secure.gravatar.com\/avatar\/555f0dd85428f1a9330f8e5dbe9e40ff9ca912bb81e5a89747ebf3ca9c20dc0f?s=96&d=mm&r=g","url":"https:\/\/secure.gravatar.com\/avatar\/555f0dd85428f1a9330f8e5dbe9e40ff9ca912bb81e5a89747ebf3ca9c20dc0f?s=96&d=mm&r=g","contentUrl":"https:\/\/secure.gravatar.com\/avatar\/555f0dd85428f1a9330f8e5dbe9e40ff9ca912bb81e5a89747ebf3ca9c20dc0f?s=96&d=mm&r=g","caption":"mundi"},"sameAs":["http:\/\/mundi-roth.de"],"url":"https:\/\/www.mundi-roth.de\/teneriffa-blog\/author\/mundi\/"}]}},"_links":{"self":[{"href":"https:\/\/www.mundi-roth.de\/teneriffa-blog\/wp-json\/wp\/v2\/posts\/5796","targetHints":{"allow":["GET"]}}],"collection":[{"href":"https:\/\/www.mundi-roth.de\/teneriffa-blog\/wp-json\/wp\/v2\/posts"}],"about":[{"href":"https:\/\/www.mundi-roth.de\/teneriffa-blog\/wp-json\/wp\/v2\/types\/post"}],"author":[{"embeddable":true,"href":"https:\/\/www.mundi-roth.de\/teneriffa-blog\/wp-json\/wp\/v2\/users\/4"}],"replies":[{"embeddable":true,"href":"https:\/\/www.mundi-roth.de\/teneriffa-blog\/wp-json\/wp\/v2\/comments?post=5796"}],"version-history":[{"count":0,"href":"https:\/\/www.mundi-roth.de\/teneriffa-blog\/wp-json\/wp\/v2\/posts\/5796\/revisions"}],"wp:attachment":[{"href":"https:\/\/www.mundi-roth.de\/teneriffa-blog\/wp-json\/wp\/v2\/media?parent=5796"}],"wp:term":[{"taxonomy":"category","embeddable":true,"href":"https:\/\/www.mundi-roth.de\/teneriffa-blog\/wp-json\/wp\/v2\/categories?post=5796"},{"taxonomy":"post_tag","embeddable":true,"href":"https:\/\/www.mundi-roth.de\/teneriffa-blog\/wp-json\/wp\/v2\/tags?post=5796"}],"curies":[{"name":"wp","href":"https:\/\/api.w.org\/{rel}","templated":true}]}}