{"id":5948,"date":"2017-11-09T22:00:40","date_gmt":"2017-11-09T21:00:40","guid":{"rendered":"https:\/\/www.mundi-roth.de\/teneriffa-blog\/?p=5948"},"modified":"2017-11-11T19:30:40","modified_gmt":"2017-11-11T18:30:40","slug":"puerto-de-santiago-playa-san-juan","status":"publish","type":"post","link":"https:\/\/www.mundi-roth.de\/teneriffa-blog\/wanderungen\/puerto-de-santiago-playa-san-juan\/","title":{"rendered":"Puerto de Santiago  &#8211; Playa San Juan"},"content":{"rendered":"<p>Nach der langen Zeit ohne Meer war auch Elisabeth nach Meern\u00e4he.<\/p>\n<p><a href=\"https:\/\/www.mundi-roth.de\/teneriffa-blog\/wp-content\/uploads\/2017\/11\/Track.jpg\" rel=\"lightbox[5948]\"><img loading=\"lazy\" decoding=\"async\" class=\"aligncenter size-medium wp-image-5950\" src=\"https:\/\/www.mundi-roth.de\/teneriffa-blog\/wp-content\/uploads\/2017\/11\/Track-300x182.jpg\" alt=\"\" width=\"300\" height=\"182\" srcset=\"https:\/\/www.mundi-roth.de\/teneriffa-blog\/wp-content\/uploads\/2017\/11\/Track-300x182.jpg 300w, https:\/\/www.mundi-roth.de\/teneriffa-blog\/wp-content\/uploads\/2017\/11\/Track-150x91.jpg 150w, https:\/\/www.mundi-roth.de\/teneriffa-blog\/wp-content\/uploads\/2017\/11\/Track-768x465.jpg 768w, https:\/\/www.mundi-roth.de\/teneriffa-blog\/wp-content\/uploads\/2017\/11\/Track.jpg 800w\" sizes=\"auto, (max-width: 300px) 100vw, 300px\" \/><\/a>Da bietet sich doch an von Puerto de Santiago bis nach Playa San Juan zu gehen. Bis Alcal\u00e1 sind wir sie am <a href=\"https:\/\/www.mundi-roth.de\/teneriffa-blog\/wanderungen\/puerto-de-santiago-alcala\/\">29. Oktober 2013<\/a> schon mal gegangen.<br \/>\nSie biete sich auch noch aus einem anderen Grund an:<br \/>\nWie wir bisher gelesen und geh\u00f6rt haben ist die Strecke von Puerto de Santiago von der Calle la Pardela bis zu dem Haus bei dem wir damals nicht weitergekommen sind als Promenadenweg ausgebaut worden. Was auch ganz wichtig ist und sie gehenswert macht: Es hat wohl eine Aktion \u201esaubere Landschaft\u201c stattgefunden so dass man nicht mehr an M\u00fcll vom laufenden Meter vorbeiwandert.<\/p>\n<p>Apropos wandern:<br \/>\nElke &#8211; eine Leserin unserer Seite \u2013 hat am 18.12.2016 geschrieben:<br \/>\n<em>\u201eWenn man der kanadischen Definition folgen wollte, derzufolge \u201ewandern\u201c alles ist, was auf nicht befestigten Wegen stattfindet &#8211; wie kurz es auch sei -, kann man den Weg zwischen Puerto des Santiago und Alcal\u00e1 kaum noch als Wanderweg einstufen. Inzwischen ist der Weg von Puerto de Santiago kommend bis zum Beginn der Plantage Perenqu\u00e9n kurz vor dem \u201ebewussten Haus\u201c asphaltiert und soll, so wie\u2019s aussieht, noch promenadenartig mit Natursteinplatten belegt werden. \u2026&#8230;\u201c<\/em><\/p>\n<p>Elke hat recht: Eine gro\u00dfe Strecke ist inzwischen mit Natursteinen gepflastert, ein St\u00fcck ist noch gef\u00e4rbter Beton &#8211; bis zu dem \u201ebewu\u00dften Haus\u201c. Hier gibt es noch einige Meter die holprig, staubig, sandig sind. Aber: Kaum <a href=\"https:\/\/www.mundi-roth.de\/teneriffa-blog\/wp-content\/uploads\/2017\/11\/15fa19a83f8.jpg\" rel=\"lightbox[5948]\"><img loading=\"lazy\" decoding=\"async\" class=\"alignright size-thumbnail wp-image-5951\" src=\"https:\/\/www.mundi-roth.de\/teneriffa-blog\/wp-content\/uploads\/2017\/11\/15fa19a83f8-150x84.jpg\" alt=\"\" width=\"150\" height=\"84\" srcset=\"https:\/\/www.mundi-roth.de\/teneriffa-blog\/wp-content\/uploads\/2017\/11\/15fa19a83f8-150x84.jpg 150w, https:\/\/www.mundi-roth.de\/teneriffa-blog\/wp-content\/uploads\/2017\/11\/15fa19a83f8-300x169.jpg 300w, https:\/\/www.mundi-roth.de\/teneriffa-blog\/wp-content\/uploads\/2017\/11\/15fa19a83f8-768x432.jpg 768w, https:\/\/www.mundi-roth.de\/teneriffa-blog\/wp-content\/uploads\/2017\/11\/15fa19a83f8.jpg 800w\" sizes=\"auto, (max-width: 150px) 100vw, 150px\" \/><\/a>um die Ecke beginnt die aufw\u00e4ndig angelegte Promenade mit neu gestalteten Badebuchten mit Liegen.<br \/>\n<a href=\"https:\/\/www.mundi-roth.de\/teneriffa-blog\/wp-content\/uploads\/2017\/11\/15fa19beb58.jpg\" rel=\"lightbox[5948]\"><img loading=\"lazy\" decoding=\"async\" class=\"alignleft size-thumbnail wp-image-5952\" src=\"https:\/\/www.mundi-roth.de\/teneriffa-blog\/wp-content\/uploads\/2017\/11\/15fa19beb58-150x84.jpg\" alt=\"\" width=\"150\" height=\"84\" srcset=\"https:\/\/www.mundi-roth.de\/teneriffa-blog\/wp-content\/uploads\/2017\/11\/15fa19beb58-150x84.jpg 150w, https:\/\/www.mundi-roth.de\/teneriffa-blog\/wp-content\/uploads\/2017\/11\/15fa19beb58-300x169.jpg 300w, https:\/\/www.mundi-roth.de\/teneriffa-blog\/wp-content\/uploads\/2017\/11\/15fa19beb58-768x432.jpg 768w, https:\/\/www.mundi-roth.de\/teneriffa-blog\/wp-content\/uploads\/2017\/11\/15fa19beb58.jpg 800w\" sizes=\"auto, (max-width: 150px) 100vw, 150px\" \/><\/a>An der Chiringuita vorbei \u2013 diese Badebucht hier gab es schon \u2013 zieht sich die Promenade entlang des Hotels Meli\u00e1, dem Restaurant Suoco runter bis zur Badebucht von Alcal\u00e1.<a href=\"https:\/\/www.mundi-roth.de\/teneriffa-blog\/wp-content\/uploads\/2017\/11\/15fa19cd1d0.jpg\" rel=\"lightbox[5948]\"><img loading=\"lazy\" decoding=\"async\" class=\"alignright size-thumbnail wp-image-5953\" src=\"https:\/\/www.mundi-roth.de\/teneriffa-blog\/wp-content\/uploads\/2017\/11\/15fa19cd1d0-150x84.jpg\" alt=\"\" width=\"150\" height=\"84\" srcset=\"https:\/\/www.mundi-roth.de\/teneriffa-blog\/wp-content\/uploads\/2017\/11\/15fa19cd1d0-150x84.jpg 150w, https:\/\/www.mundi-roth.de\/teneriffa-blog\/wp-content\/uploads\/2017\/11\/15fa19cd1d0-300x169.jpg 300w, https:\/\/www.mundi-roth.de\/teneriffa-blog\/wp-content\/uploads\/2017\/11\/15fa19cd1d0-768x432.jpg 768w, https:\/\/www.mundi-roth.de\/teneriffa-blog\/wp-content\/uploads\/2017\/11\/15fa19cd1d0.jpg 800w\" sizes=\"auto, (max-width: 150px) 100vw, 150px\" \/><\/a><br \/>\n2013 sind wir bis hierher gegangen \u2013 damals noch Wanderung \u2013 jetzt Spaziergang. Heute ist uns dies jedoch zu kurz und wir gehen bis Playa San Juan weiter.<\/p>\n<ul>\n<li>Im Grunde genommen von Alcal\u00e1 aus in umgekehrter Richtung die Tour vom <a href=\"https:\/\/www.mundi-roth.de\/teneriffa-blog\/wanderungen\/playa-san-juan-alcala-2\/\">19. Oktober 2017<\/a> einschlie\u00dflich anschlie\u00dfendem Schwimmen und Essen in Playa San Juan wo wir von meinem lieben Mann bereits erwartet werden.<\/li>\n<\/ul>\n<p>Wanderwegstecke: 7,12 km 1:55 Stunden<\/p>\n","protected":false},"excerpt":{"rendered":"<p>Nach der langen Zeit ohne Meer war auch Elisabeth nach Meern\u00e4he. Da bietet sich doch an von Puerto de Santiago bis nach Playa San Juan zu gehen. Bis Alcal\u00e1 sind wir sie am 29. Oktober 2013 schon mal gegangen. Sie biete sich auch noch aus einem anderen Grund an: Wie wir bisher gelesen und geh\u00f6rt [&hellip;]<\/p>\n","protected":false},"author":4,"featured_media":0,"comment_status":"open","ping_status":"open","sticky":false,"template":"","format":"standard","meta":{"footnotes":""},"categories":[776,6],"tags":[672,403,261,446,866],"class_list":["post-5948","post","type-post","status-publish","format-standard","hentry","category-guia-de-isora","category-wanderungen","tag-alcala","tag-playa-san-juan","tag-puerto-de-santiago","tag-wandern-teneriffa","tag-wanderurlaub-teneriffa"],"yoast_head":"<!-- This site is optimized with the Yoast SEO plugin v27.5 - https:\/\/yoast.com\/product\/yoast-seo-wordpress\/ -->\n<title>Puerto de Santiago - Playa San Juan - Teneriffa Wandern<\/title>\n<meta name=\"robots\" content=\"index, follow, max-snippet:-1, max-image-preview:large, max-video-preview:-1\" \/>\n<link rel=\"canonical\" href=\"https:\/\/www.mundi-roth.de\/teneriffa-blog\/wanderungen\/puerto-de-santiago-playa-san-juan\/\" \/>\n<meta name=\"twitter:label1\" content=\"Verfasst von\" \/>\n\t<meta name=\"twitter:data1\" content=\"mundi\" \/>\n\t<meta name=\"twitter:label2\" content=\"Gesch\u00e4tzte Lesezeit\" \/>\n\t<meta name=\"twitter:data2\" content=\"2\u00a0Minuten\" \/>\n<script type=\"application\/ld+json\" class=\"yoast-schema-graph\">{\"@context\":\"https:\\\/\\\/schema.org\",\"@graph\":[{\"@type\":\"Article\",\"@id\":\"https:\\\/\\\/www.mundi-roth.de\\\/teneriffa-blog\\\/wanderungen\\\/puerto-de-santiago-playa-san-juan\\\/#article\",\"isPartOf\":{\"@id\":\"https:\\\/\\\/www.mundi-roth.de\\\/teneriffa-blog\\\/wanderungen\\\/puerto-de-santiago-playa-san-juan\\\/\"},\"author\":{\"name\":\"mundi\",\"@id\":\"https:\\\/\\\/www.mundi-roth.de\\\/teneriffa-blog\\\/#\\\/schema\\\/person\\\/971c66b55f3ae5e8741553688c413cac\"},\"headline\":\"Puerto de Santiago &#8211; Playa San Juan\",\"datePublished\":\"2017-11-09T21:00:40+00:00\",\"dateModified\":\"2017-11-11T18:30:40+00:00\",\"mainEntityOfPage\":{\"@id\":\"https:\\\/\\\/www.mundi-roth.de\\\/teneriffa-blog\\\/wanderungen\\\/puerto-de-santiago-playa-san-juan\\\/\"},\"wordCount\":346,\"commentCount\":0,\"image\":{\"@id\":\"https:\\\/\\\/www.mundi-roth.de\\\/teneriffa-blog\\\/wanderungen\\\/puerto-de-santiago-playa-san-juan\\\/#primaryimage\"},\"thumbnailUrl\":\"https:\\\/\\\/www.mundi-roth.de\\\/teneriffa-blog\\\/wp-content\\\/uploads\\\/2017\\\/11\\\/Track-300x182.jpg\",\"keywords\":[\"Alcal\u00e1\",\"Playa San Juan\",\"Puerto de Santiago\",\"Wandern Teneriffa\",\"Wanderurlaub Teneriffa\"],\"articleSection\":[\"Guia de Isora\",\"Wanderungen\"],\"inLanguage\":\"de\",\"potentialAction\":[{\"@type\":\"CommentAction\",\"name\":\"Comment\",\"target\":[\"https:\\\/\\\/www.mundi-roth.de\\\/teneriffa-blog\\\/wanderungen\\\/puerto-de-santiago-playa-san-juan\\\/#respond\"]}]},{\"@type\":\"WebPage\",\"@id\":\"https:\\\/\\\/www.mundi-roth.de\\\/teneriffa-blog\\\/wanderungen\\\/puerto-de-santiago-playa-san-juan\\\/\",\"url\":\"https:\\\/\\\/www.mundi-roth.de\\\/teneriffa-blog\\\/wanderungen\\\/puerto-de-santiago-playa-san-juan\\\/\",\"name\":\"Puerto de Santiago - Playa San Juan - Teneriffa Wandern\",\"isPartOf\":{\"@id\":\"https:\\\/\\\/www.mundi-roth.de\\\/teneriffa-blog\\\/#website\"},\"primaryImageOfPage\":{\"@id\":\"https:\\\/\\\/www.mundi-roth.de\\\/teneriffa-blog\\\/wanderungen\\\/puerto-de-santiago-playa-san-juan\\\/#primaryimage\"},\"image\":{\"@id\":\"https:\\\/\\\/www.mundi-roth.de\\\/teneriffa-blog\\\/wanderungen\\\/puerto-de-santiago-playa-san-juan\\\/#primaryimage\"},\"thumbnailUrl\":\"https:\\\/\\\/www.mundi-roth.de\\\/teneriffa-blog\\\/wp-content\\\/uploads\\\/2017\\\/11\\\/Track-300x182.jpg\",\"datePublished\":\"2017-11-09T21:00:40+00:00\",\"dateModified\":\"2017-11-11T18:30:40+00:00\",\"author\":{\"@id\":\"https:\\\/\\\/www.mundi-roth.de\\\/teneriffa-blog\\\/#\\\/schema\\\/person\\\/971c66b55f3ae5e8741553688c413cac\"},\"breadcrumb\":{\"@id\":\"https:\\\/\\\/www.mundi-roth.de\\\/teneriffa-blog\\\/wanderungen\\\/puerto-de-santiago-playa-san-juan\\\/#breadcrumb\"},\"inLanguage\":\"de\",\"potentialAction\":[{\"@type\":\"ReadAction\",\"target\":[\"https:\\\/\\\/www.mundi-roth.de\\\/teneriffa-blog\\\/wanderungen\\\/puerto-de-santiago-playa-san-juan\\\/\"]}]},{\"@type\":\"ImageObject\",\"inLanguage\":\"de\",\"@id\":\"https:\\\/\\\/www.mundi-roth.de\\\/teneriffa-blog\\\/wanderungen\\\/puerto-de-santiago-playa-san-juan\\\/#primaryimage\",\"url\":\"https:\\\/\\\/www.mundi-roth.de\\\/teneriffa-blog\\\/wp-content\\\/uploads\\\/2017\\\/11\\\/Track.jpg\",\"contentUrl\":\"https:\\\/\\\/www.mundi-roth.de\\\/teneriffa-blog\\\/wp-content\\\/uploads\\\/2017\\\/11\\\/Track.jpg\",\"width\":800,\"height\":484},{\"@type\":\"BreadcrumbList\",\"@id\":\"https:\\\/\\\/www.mundi-roth.de\\\/teneriffa-blog\\\/wanderungen\\\/puerto-de-santiago-playa-san-juan\\\/#breadcrumb\",\"itemListElement\":[{\"@type\":\"ListItem\",\"position\":1,\"name\":\"Startseite\",\"item\":\"https:\\\/\\\/www.mundi-roth.de\\\/teneriffa-blog\\\/\"},{\"@type\":\"ListItem\",\"position\":2,\"name\":\"Puerto de Santiago &#8211; Playa San Juan\"}]},{\"@type\":\"WebSite\",\"@id\":\"https:\\\/\\\/www.mundi-roth.de\\\/teneriffa-blog\\\/#website\",\"url\":\"https:\\\/\\\/www.mundi-roth.de\\\/teneriffa-blog\\\/\",\"name\":\"Teneriffa Wandern\",\"description\":\"Nicht nur Wanderungen auf Teneriffa...\",\"potentialAction\":[{\"@type\":\"SearchAction\",\"target\":{\"@type\":\"EntryPoint\",\"urlTemplate\":\"https:\\\/\\\/www.mundi-roth.de\\\/teneriffa-blog\\\/?s={search_term_string}\"},\"query-input\":{\"@type\":\"PropertyValueSpecification\",\"valueRequired\":true,\"valueName\":\"search_term_string\"}}],\"inLanguage\":\"de\"},{\"@type\":\"Person\",\"@id\":\"https:\\\/\\\/www.mundi-roth.de\\\/teneriffa-blog\\\/#\\\/schema\\\/person\\\/971c66b55f3ae5e8741553688c413cac\",\"name\":\"mundi\",\"image\":{\"@type\":\"ImageObject\",\"inLanguage\":\"de\",\"@id\":\"https:\\\/\\\/secure.gravatar.com\\\/avatar\\\/555f0dd85428f1a9330f8e5dbe9e40ff9ca912bb81e5a89747ebf3ca9c20dc0f?s=96&d=mm&r=g\",\"url\":\"https:\\\/\\\/secure.gravatar.com\\\/avatar\\\/555f0dd85428f1a9330f8e5dbe9e40ff9ca912bb81e5a89747ebf3ca9c20dc0f?s=96&d=mm&r=g\",\"contentUrl\":\"https:\\\/\\\/secure.gravatar.com\\\/avatar\\\/555f0dd85428f1a9330f8e5dbe9e40ff9ca912bb81e5a89747ebf3ca9c20dc0f?s=96&d=mm&r=g\",\"caption\":\"mundi\"},\"sameAs\":[\"http:\\\/\\\/mundi-roth.de\"],\"url\":\"https:\\\/\\\/www.mundi-roth.de\\\/teneriffa-blog\\\/author\\\/mundi\\\/\"}]}<\/script>\n<!-- \/ Yoast SEO plugin. -->","yoast_head_json":{"title":"Puerto de Santiago - Playa San Juan - Teneriffa Wandern","robots":{"index":"index","follow":"follow","max-snippet":"max-snippet:-1","max-image-preview":"max-image-preview:large","max-video-preview":"max-video-preview:-1"},"canonical":"https:\/\/www.mundi-roth.de\/teneriffa-blog\/wanderungen\/puerto-de-santiago-playa-san-juan\/","twitter_misc":{"Verfasst von":"mundi","Gesch\u00e4tzte Lesezeit":"2\u00a0Minuten"},"schema":{"@context":"https:\/\/schema.org","@graph":[{"@type":"Article","@id":"https:\/\/www.mundi-roth.de\/teneriffa-blog\/wanderungen\/puerto-de-santiago-playa-san-juan\/#article","isPartOf":{"@id":"https:\/\/www.mundi-roth.de\/teneriffa-blog\/wanderungen\/puerto-de-santiago-playa-san-juan\/"},"author":{"name":"mundi","@id":"https:\/\/www.mundi-roth.de\/teneriffa-blog\/#\/schema\/person\/971c66b55f3ae5e8741553688c413cac"},"headline":"Puerto de Santiago &#8211; Playa San Juan","datePublished":"2017-11-09T21:00:40+00:00","dateModified":"2017-11-11T18:30:40+00:00","mainEntityOfPage":{"@id":"https:\/\/www.mundi-roth.de\/teneriffa-blog\/wanderungen\/puerto-de-santiago-playa-san-juan\/"},"wordCount":346,"commentCount":0,"image":{"@id":"https:\/\/www.mundi-roth.de\/teneriffa-blog\/wanderungen\/puerto-de-santiago-playa-san-juan\/#primaryimage"},"thumbnailUrl":"https:\/\/www.mundi-roth.de\/teneriffa-blog\/wp-content\/uploads\/2017\/11\/Track-300x182.jpg","keywords":["Alcal\u00e1","Playa San Juan","Puerto de Santiago","Wandern Teneriffa","Wanderurlaub Teneriffa"],"articleSection":["Guia de Isora","Wanderungen"],"inLanguage":"de","potentialAction":[{"@type":"CommentAction","name":"Comment","target":["https:\/\/www.mundi-roth.de\/teneriffa-blog\/wanderungen\/puerto-de-santiago-playa-san-juan\/#respond"]}]},{"@type":"WebPage","@id":"https:\/\/www.mundi-roth.de\/teneriffa-blog\/wanderungen\/puerto-de-santiago-playa-san-juan\/","url":"https:\/\/www.mundi-roth.de\/teneriffa-blog\/wanderungen\/puerto-de-santiago-playa-san-juan\/","name":"Puerto de Santiago - Playa San Juan - Teneriffa Wandern","isPartOf":{"@id":"https:\/\/www.mundi-roth.de\/teneriffa-blog\/#website"},"primaryImageOfPage":{"@id":"https:\/\/www.mundi-roth.de\/teneriffa-blog\/wanderungen\/puerto-de-santiago-playa-san-juan\/#primaryimage"},"image":{"@id":"https:\/\/www.mundi-roth.de\/teneriffa-blog\/wanderungen\/puerto-de-santiago-playa-san-juan\/#primaryimage"},"thumbnailUrl":"https:\/\/www.mundi-roth.de\/teneriffa-blog\/wp-content\/uploads\/2017\/11\/Track-300x182.jpg","datePublished":"2017-11-09T21:00:40+00:00","dateModified":"2017-11-11T18:30:40+00:00","author":{"@id":"https:\/\/www.mundi-roth.de\/teneriffa-blog\/#\/schema\/person\/971c66b55f3ae5e8741553688c413cac"},"breadcrumb":{"@id":"https:\/\/www.mundi-roth.de\/teneriffa-blog\/wanderungen\/puerto-de-santiago-playa-san-juan\/#breadcrumb"},"inLanguage":"de","potentialAction":[{"@type":"ReadAction","target":["https:\/\/www.mundi-roth.de\/teneriffa-blog\/wanderungen\/puerto-de-santiago-playa-san-juan\/"]}]},{"@type":"ImageObject","inLanguage":"de","@id":"https:\/\/www.mundi-roth.de\/teneriffa-blog\/wanderungen\/puerto-de-santiago-playa-san-juan\/#primaryimage","url":"https:\/\/www.mundi-roth.de\/teneriffa-blog\/wp-content\/uploads\/2017\/11\/Track.jpg","contentUrl":"https:\/\/www.mundi-roth.de\/teneriffa-blog\/wp-content\/uploads\/2017\/11\/Track.jpg","width":800,"height":484},{"@type":"BreadcrumbList","@id":"https:\/\/www.mundi-roth.de\/teneriffa-blog\/wanderungen\/puerto-de-santiago-playa-san-juan\/#breadcrumb","itemListElement":[{"@type":"ListItem","position":1,"name":"Startseite","item":"https:\/\/www.mundi-roth.de\/teneriffa-blog\/"},{"@type":"ListItem","position":2,"name":"Puerto de Santiago &#8211; Playa San Juan"}]},{"@type":"WebSite","@id":"https:\/\/www.mundi-roth.de\/teneriffa-blog\/#website","url":"https:\/\/www.mundi-roth.de\/teneriffa-blog\/","name":"Teneriffa Wandern","description":"Nicht nur Wanderungen auf Teneriffa...","potentialAction":[{"@type":"SearchAction","target":{"@type":"EntryPoint","urlTemplate":"https:\/\/www.mundi-roth.de\/teneriffa-blog\/?s={search_term_string}"},"query-input":{"@type":"PropertyValueSpecification","valueRequired":true,"valueName":"search_term_string"}}],"inLanguage":"de"},{"@type":"Person","@id":"https:\/\/www.mundi-roth.de\/teneriffa-blog\/#\/schema\/person\/971c66b55f3ae5e8741553688c413cac","name":"mundi","image":{"@type":"ImageObject","inLanguage":"de","@id":"https:\/\/secure.gravatar.com\/avatar\/555f0dd85428f1a9330f8e5dbe9e40ff9ca912bb81e5a89747ebf3ca9c20dc0f?s=96&d=mm&r=g","url":"https:\/\/secure.gravatar.com\/avatar\/555f0dd85428f1a9330f8e5dbe9e40ff9ca912bb81e5a89747ebf3ca9c20dc0f?s=96&d=mm&r=g","contentUrl":"https:\/\/secure.gravatar.com\/avatar\/555f0dd85428f1a9330f8e5dbe9e40ff9ca912bb81e5a89747ebf3ca9c20dc0f?s=96&d=mm&r=g","caption":"mundi"},"sameAs":["http:\/\/mundi-roth.de"],"url":"https:\/\/www.mundi-roth.de\/teneriffa-blog\/author\/mundi\/"}]}},"_links":{"self":[{"href":"https:\/\/www.mundi-roth.de\/teneriffa-blog\/wp-json\/wp\/v2\/posts\/5948","targetHints":{"allow":["GET"]}}],"collection":[{"href":"https:\/\/www.mundi-roth.de\/teneriffa-blog\/wp-json\/wp\/v2\/posts"}],"about":[{"href":"https:\/\/www.mundi-roth.de\/teneriffa-blog\/wp-json\/wp\/v2\/types\/post"}],"author":[{"embeddable":true,"href":"https:\/\/www.mundi-roth.de\/teneriffa-blog\/wp-json\/wp\/v2\/users\/4"}],"replies":[{"embeddable":true,"href":"https:\/\/www.mundi-roth.de\/teneriffa-blog\/wp-json\/wp\/v2\/comments?post=5948"}],"version-history":[{"count":0,"href":"https:\/\/www.mundi-roth.de\/teneriffa-blog\/wp-json\/wp\/v2\/posts\/5948\/revisions"}],"wp:attachment":[{"href":"https:\/\/www.mundi-roth.de\/teneriffa-blog\/wp-json\/wp\/v2\/media?parent=5948"}],"wp:term":[{"taxonomy":"category","embeddable":true,"href":"https:\/\/www.mundi-roth.de\/teneriffa-blog\/wp-json\/wp\/v2\/categories?post=5948"},{"taxonomy":"post_tag","embeddable":true,"href":"https:\/\/www.mundi-roth.de\/teneriffa-blog\/wp-json\/wp\/v2\/tags?post=5948"}],"curies":[{"name":"wp","href":"https:\/\/api.w.org\/{rel}","templated":true}]}}