{"id":5973,"date":"2017-11-30T22:00:50","date_gmt":"2017-11-30T21:00:50","guid":{"rendered":"https:\/\/www.mundi-roth.de\/teneriffa-blog\/?p=5973"},"modified":"2017-12-02T17:37:43","modified_gmt":"2017-12-02T16:37:43","slug":"mirador-samara-montana-reventada-mirador-samara-2","status":"publish","type":"post","link":"https:\/\/www.mundi-roth.de\/teneriffa-blog\/wanderungen\/mirador-samara-montana-reventada-mirador-samara-2\/","title":{"rendered":"Mirador S\u00e1mara \u2013 Monta\u00f1a Reventada \u2013 Mirador S\u00e1mara"},"content":{"rendered":"<p>Ein Rundweg sollte es heute sein.<br \/>\nEin Umsetzen von den Autos \u2013 egal welche Variante \u2013 kam nicht wirklich in Frage.<br \/>\nWir haben hin und her \u00fcberlegt.<br \/>\nDie Tour sollte nicht zu viel bergab gehen jedoch trotzdem etwas anspruchsvoll sein und in einen besonders reizvollen Gegend liegen.<\/p>\n<p><strong>Ja, Mirador S\u00e1mara \u2013 Monta\u00f1a Reventada \u2013 Mirador S\u00e1mara.<\/strong><\/p>\n<p><a href=\"https:\/\/www.mundi-roth.de\/teneriffa-blog\/wp-content\/uploads\/2017\/12\/Track1.jpg\" rel=\"lightbox[5973]\"><img loading=\"lazy\" decoding=\"async\" class=\"aligncenter size-medium wp-image-5974\" src=\"https:\/\/www.mundi-roth.de\/teneriffa-blog\/wp-content\/uploads\/2017\/12\/Track1-300x192.jpg\" alt=\"\" width=\"300\" height=\"192\" srcset=\"https:\/\/www.mundi-roth.de\/teneriffa-blog\/wp-content\/uploads\/2017\/12\/Track1-300x192.jpg 300w, https:\/\/www.mundi-roth.de\/teneriffa-blog\/wp-content\/uploads\/2017\/12\/Track1-150x96.jpg 150w, https:\/\/www.mundi-roth.de\/teneriffa-blog\/wp-content\/uploads\/2017\/12\/Track1-768x492.jpg 768w, https:\/\/www.mundi-roth.de\/teneriffa-blog\/wp-content\/uploads\/2017\/12\/Track1.jpg 800w\" sizes=\"auto, (max-width: 300px) 100vw, 300px\" \/><\/a>Die Tour ist es!<br \/>\nElisabeth und ich sind sie zwar erst am 12. Januar diesen Jahres gegangen, aber es waren andere Teilnehmerinnen dabei.<br \/>\nNun sind es Elisabeths Zwillingsschwester mit Mann Hinrich und ein ehemaliger Klassenkamerad von Manfred mit Frau, die uns begleiten.<\/p>\n<p>Beschreiben muss ich die Tour nicht mehr, das habe ich <a href=\"https:\/\/www.mundi-roth.de\/teneriffa-blog\/allgemein\/mirador-samara-montana-reventada-mirador-samara\/\">ausf\u00fchrlich am 12. Januar 2017<\/a> gemacht.<br \/>\nHat sich etwas ge\u00e4ndert? &#8211; Ja, die Ausschilderung ist kompletter geworden.<\/p>\n<p>Au\u00dferdem hatten wir riesiges Gl\u00fcck mit dem Wetter: Wir fuhren durch die Wolken, um dann ab Vilaflor im Sonnenschein gebadet zu werden und dies w\u00e4hrend der ganzen Wanderung von gut 3 Stunden.<\/p>\n<p>Hat sich sonst noch etwas ge\u00e4ndert?<br \/>\nJa, wir waren sehr erstaunt \u00fcber die vielen Wandergruppen auch mit Kindern, sogar mit Babys in Tragetaschen auf dem R\u00fccken der Eltern.<\/p>\n<p>Unsere Wanderbegleiterinnen\/Wanderbegleiter waren mit der Auswahl unserer Tour h\u00f6chst zufrieden !<br \/>\nSie waren sehr angetan von dieser Vulkanlandschaft die uns die Urgewalt der Natur vor Augen f\u00fchrte.<br \/>\nObwohl zur Zeit die vielen B\u00fcsche der Teide-Skabiosen vertrocknet sind, so erfreuten wir uns an dem Gr\u00fcn der sp\u00e4rlichen Kanaren-Kiefern.<br \/>\nSch\u00f6n empfanden wir auch die von Wolken umspielten Inseln La Gomera und La Palma und anfangs noch den leicht mit Schnee gepuderte Gipfel des Teide.<\/p>\n<p style=\"text-align: center;\"><strong>Impressionen<\/strong><\/p>\n\n\t\t<style type=\"text\/css\">\n\t\t\t#gallery-1 {\n\t\t\t\tmargin: auto;\n\t\t\t}\n\t\t\t#gallery-1 .gallery-item {\n\t\t\t\tfloat: left;\n\t\t\t\tmargin-top: 10px;\n\t\t\t\ttext-align: center;\n\t\t\t\twidth: 33%;\n\t\t\t}\n\t\t\t#gallery-1 img {\n\t\t\t\tborder: 2px solid #cfcfcf;\n\t\t\t}\n\t\t\t#gallery-1 .gallery-caption {\n\t\t\t\tmargin-left: 0;\n\t\t\t}\n\t\t\t\/* see gallery_shortcode() in wp-includes\/media.php *\/\n\t\t<\/style>\n\t\t<div id='gallery-1' class='gallery galleryid-5973 gallery-columns-3 gallery-size-thumbnail'><dl class='gallery-item'>\n\t\t\t<dt class='gallery-icon landscape'>\n\t\t\t\t<a href='https:\/\/www.mundi-roth.de\/teneriffa-blog\/wp-content\/uploads\/2017\/12\/a.jpg' rel=\"lightbox[5973]\"><img loading=\"lazy\" decoding=\"async\" width=\"150\" height=\"81\" src=\"https:\/\/www.mundi-roth.de\/teneriffa-blog\/wp-content\/uploads\/2017\/12\/a-150x81.jpg\" class=\"attachment-thumbnail size-thumbnail\" alt=\"\" srcset=\"https:\/\/www.mundi-roth.de\/teneriffa-blog\/wp-content\/uploads\/2017\/12\/a-150x81.jpg 150w, https:\/\/www.mundi-roth.de\/teneriffa-blog\/wp-content\/uploads\/2017\/12\/a-300x161.jpg 300w, https:\/\/www.mundi-roth.de\/teneriffa-blog\/wp-content\/uploads\/2017\/12\/a-768x413.jpg 768w, https:\/\/www.mundi-roth.de\/teneriffa-blog\/wp-content\/uploads\/2017\/12\/a.jpg 800w\" sizes=\"auto, (max-width: 150px) 100vw, 150px\" \/><\/a>\n\t\t\t<\/dt><\/dl><dl class='gallery-item'>\n\t\t\t<dt class='gallery-icon landscape'>\n\t\t\t\t<a href='https:\/\/www.mundi-roth.de\/teneriffa-blog\/wp-content\/uploads\/2017\/12\/b.jpg' rel=\"lightbox[5973]\"><img loading=\"lazy\" decoding=\"async\" width=\"150\" height=\"84\" src=\"https:\/\/www.mundi-roth.de\/teneriffa-blog\/wp-content\/uploads\/2017\/12\/b-150x84.jpg\" class=\"attachment-thumbnail size-thumbnail\" alt=\"\" srcset=\"https:\/\/www.mundi-roth.de\/teneriffa-blog\/wp-content\/uploads\/2017\/12\/b-150x84.jpg 150w, https:\/\/www.mundi-roth.de\/teneriffa-blog\/wp-content\/uploads\/2017\/12\/b-300x169.jpg 300w, https:\/\/www.mundi-roth.de\/teneriffa-blog\/wp-content\/uploads\/2017\/12\/b-768x432.jpg 768w, https:\/\/www.mundi-roth.de\/teneriffa-blog\/wp-content\/uploads\/2017\/12\/b.jpg 800w\" sizes=\"auto, (max-width: 150px) 100vw, 150px\" \/><\/a>\n\t\t\t<\/dt><\/dl><dl class='gallery-item'>\n\t\t\t<dt class='gallery-icon landscape'>\n\t\t\t\t<a href='https:\/\/www.mundi-roth.de\/teneriffa-blog\/wp-content\/uploads\/2017\/12\/ba.jpg' rel=\"lightbox[5973]\"><img loading=\"lazy\" decoding=\"async\" width=\"150\" height=\"98\" src=\"https:\/\/www.mundi-roth.de\/teneriffa-blog\/wp-content\/uploads\/2017\/12\/ba-150x98.jpg\" class=\"attachment-thumbnail size-thumbnail\" alt=\"\" srcset=\"https:\/\/www.mundi-roth.de\/teneriffa-blog\/wp-content\/uploads\/2017\/12\/ba-150x98.jpg 150w, https:\/\/www.mundi-roth.de\/teneriffa-blog\/wp-content\/uploads\/2017\/12\/ba-300x196.jpg 300w, https:\/\/www.mundi-roth.de\/teneriffa-blog\/wp-content\/uploads\/2017\/12\/ba-768x502.jpg 768w, https:\/\/www.mundi-roth.de\/teneriffa-blog\/wp-content\/uploads\/2017\/12\/ba.jpg 800w\" sizes=\"auto, (max-width: 150px) 100vw, 150px\" \/><\/a>\n\t\t\t<\/dt><\/dl><br style=\"clear: both\" \/><dl class='gallery-item'>\n\t\t\t<dt class='gallery-icon landscape'>\n\t\t\t\t<a href='https:\/\/www.mundi-roth.de\/teneriffa-blog\/wp-content\/uploads\/2017\/12\/bb.jpg' rel=\"lightbox[5973]\"><img loading=\"lazy\" decoding=\"async\" width=\"150\" height=\"84\" src=\"https:\/\/www.mundi-roth.de\/teneriffa-blog\/wp-content\/uploads\/2017\/12\/bb-150x84.jpg\" class=\"attachment-thumbnail size-thumbnail\" alt=\"\" srcset=\"https:\/\/www.mundi-roth.de\/teneriffa-blog\/wp-content\/uploads\/2017\/12\/bb-150x84.jpg 150w, https:\/\/www.mundi-roth.de\/teneriffa-blog\/wp-content\/uploads\/2017\/12\/bb-300x169.jpg 300w, https:\/\/www.mundi-roth.de\/teneriffa-blog\/wp-content\/uploads\/2017\/12\/bb-768x432.jpg 768w, https:\/\/www.mundi-roth.de\/teneriffa-blog\/wp-content\/uploads\/2017\/12\/bb.jpg 800w\" sizes=\"auto, (max-width: 150px) 100vw, 150px\" \/><\/a>\n\t\t\t<\/dt><\/dl><dl class='gallery-item'>\n\t\t\t<dt class='gallery-icon landscape'>\n\t\t\t\t<a href='https:\/\/www.mundi-roth.de\/teneriffa-blog\/wp-content\/uploads\/2017\/12\/e.jpg' rel=\"lightbox[5973]\"><img loading=\"lazy\" decoding=\"async\" width=\"150\" height=\"84\" src=\"https:\/\/www.mundi-roth.de\/teneriffa-blog\/wp-content\/uploads\/2017\/12\/e-150x84.jpg\" class=\"attachment-thumbnail size-thumbnail\" alt=\"\" srcset=\"https:\/\/www.mundi-roth.de\/teneriffa-blog\/wp-content\/uploads\/2017\/12\/e-150x84.jpg 150w, https:\/\/www.mundi-roth.de\/teneriffa-blog\/wp-content\/uploads\/2017\/12\/e-300x169.jpg 300w, https:\/\/www.mundi-roth.de\/teneriffa-blog\/wp-content\/uploads\/2017\/12\/e-768x432.jpg 768w, https:\/\/www.mundi-roth.de\/teneriffa-blog\/wp-content\/uploads\/2017\/12\/e.jpg 800w\" sizes=\"auto, (max-width: 150px) 100vw, 150px\" \/><\/a>\n\t\t\t<\/dt><\/dl><dl class='gallery-item'>\n\t\t\t<dt class='gallery-icon landscape'>\n\t\t\t\t<a href='https:\/\/www.mundi-roth.de\/teneriffa-blog\/wp-content\/uploads\/2017\/12\/f.jpg' rel=\"lightbox[5973]\"><img loading=\"lazy\" decoding=\"async\" width=\"150\" height=\"84\" src=\"https:\/\/www.mundi-roth.de\/teneriffa-blog\/wp-content\/uploads\/2017\/12\/f-150x84.jpg\" class=\"attachment-thumbnail size-thumbnail\" alt=\"\" srcset=\"https:\/\/www.mundi-roth.de\/teneriffa-blog\/wp-content\/uploads\/2017\/12\/f-150x84.jpg 150w, https:\/\/www.mundi-roth.de\/teneriffa-blog\/wp-content\/uploads\/2017\/12\/f-300x169.jpg 300w, https:\/\/www.mundi-roth.de\/teneriffa-blog\/wp-content\/uploads\/2017\/12\/f-768x432.jpg 768w, https:\/\/www.mundi-roth.de\/teneriffa-blog\/wp-content\/uploads\/2017\/12\/f.jpg 800w\" sizes=\"auto, (max-width: 150px) 100vw, 150px\" \/><\/a>\n\t\t\t<\/dt><\/dl><br style=\"clear: both\" \/><dl class='gallery-item'>\n\t\t\t<dt class='gallery-icon landscape'>\n\t\t\t\t<a href='https:\/\/www.mundi-roth.de\/teneriffa-blog\/wp-content\/uploads\/2017\/12\/g.jpg' rel=\"lightbox[5973]\"><img loading=\"lazy\" decoding=\"async\" width=\"150\" height=\"84\" src=\"https:\/\/www.mundi-roth.de\/teneriffa-blog\/wp-content\/uploads\/2017\/12\/g-150x84.jpg\" class=\"attachment-thumbnail size-thumbnail\" alt=\"\" srcset=\"https:\/\/www.mundi-roth.de\/teneriffa-blog\/wp-content\/uploads\/2017\/12\/g-150x84.jpg 150w, https:\/\/www.mundi-roth.de\/teneriffa-blog\/wp-content\/uploads\/2017\/12\/g-300x169.jpg 300w, https:\/\/www.mundi-roth.de\/teneriffa-blog\/wp-content\/uploads\/2017\/12\/g-768x432.jpg 768w, https:\/\/www.mundi-roth.de\/teneriffa-blog\/wp-content\/uploads\/2017\/12\/g.jpg 800w\" sizes=\"auto, (max-width: 150px) 100vw, 150px\" \/><\/a>\n\t\t\t<\/dt><\/dl><dl class='gallery-item'>\n\t\t\t<dt class='gallery-icon landscape'>\n\t\t\t\t<a href='https:\/\/www.mundi-roth.de\/teneriffa-blog\/wp-content\/uploads\/2017\/12\/k.jpg' rel=\"lightbox[5973]\"><img loading=\"lazy\" decoding=\"async\" width=\"150\" height=\"84\" src=\"https:\/\/www.mundi-roth.de\/teneriffa-blog\/wp-content\/uploads\/2017\/12\/k-150x84.jpg\" class=\"attachment-thumbnail size-thumbnail\" alt=\"\" srcset=\"https:\/\/www.mundi-roth.de\/teneriffa-blog\/wp-content\/uploads\/2017\/12\/k-150x84.jpg 150w, https:\/\/www.mundi-roth.de\/teneriffa-blog\/wp-content\/uploads\/2017\/12\/k-300x169.jpg 300w, https:\/\/www.mundi-roth.de\/teneriffa-blog\/wp-content\/uploads\/2017\/12\/k-768x432.jpg 768w, https:\/\/www.mundi-roth.de\/teneriffa-blog\/wp-content\/uploads\/2017\/12\/k.jpg 800w\" sizes=\"auto, (max-width: 150px) 100vw, 150px\" \/><\/a>\n\t\t\t<\/dt><\/dl><dl class='gallery-item'>\n\t\t\t<dt class='gallery-icon landscape'>\n\t\t\t\t<a href='https:\/\/www.mundi-roth.de\/teneriffa-blog\/wp-content\/uploads\/2017\/12\/l.jpg' rel=\"lightbox[5973]\"><img loading=\"lazy\" decoding=\"async\" width=\"150\" height=\"84\" src=\"https:\/\/www.mundi-roth.de\/teneriffa-blog\/wp-content\/uploads\/2017\/12\/l-150x84.jpg\" class=\"attachment-thumbnail size-thumbnail\" alt=\"\" srcset=\"https:\/\/www.mundi-roth.de\/teneriffa-blog\/wp-content\/uploads\/2017\/12\/l-150x84.jpg 150w, https:\/\/www.mundi-roth.de\/teneriffa-blog\/wp-content\/uploads\/2017\/12\/l-300x169.jpg 300w, https:\/\/www.mundi-roth.de\/teneriffa-blog\/wp-content\/uploads\/2017\/12\/l-768x432.jpg 768w, https:\/\/www.mundi-roth.de\/teneriffa-blog\/wp-content\/uploads\/2017\/12\/l.jpg 800w\" sizes=\"auto, (max-width: 150px) 100vw, 150px\" \/><\/a>\n\t\t\t<\/dt><\/dl><br style=\"clear: both\" \/><dl class='gallery-item'>\n\t\t\t<dt class='gallery-icon landscape'>\n\t\t\t\t<a href='https:\/\/www.mundi-roth.de\/teneriffa-blog\/wp-content\/uploads\/2017\/12\/m.jpg' rel=\"lightbox[5973]\"><img loading=\"lazy\" decoding=\"async\" width=\"150\" height=\"84\" src=\"https:\/\/www.mundi-roth.de\/teneriffa-blog\/wp-content\/uploads\/2017\/12\/m-150x84.jpg\" class=\"attachment-thumbnail size-thumbnail\" alt=\"\" srcset=\"https:\/\/www.mundi-roth.de\/teneriffa-blog\/wp-content\/uploads\/2017\/12\/m-150x84.jpg 150w, https:\/\/www.mundi-roth.de\/teneriffa-blog\/wp-content\/uploads\/2017\/12\/m-300x169.jpg 300w, https:\/\/www.mundi-roth.de\/teneriffa-blog\/wp-content\/uploads\/2017\/12\/m-768x432.jpg 768w, https:\/\/www.mundi-roth.de\/teneriffa-blog\/wp-content\/uploads\/2017\/12\/m.jpg 800w\" sizes=\"auto, (max-width: 150px) 100vw, 150px\" \/><\/a>\n\t\t\t<\/dt><\/dl><dl class='gallery-item'>\n\t\t\t<dt class='gallery-icon landscape'>\n\t\t\t\t<a href='https:\/\/www.mundi-roth.de\/teneriffa-blog\/wp-content\/uploads\/2017\/12\/n.jpg' rel=\"lightbox[5973]\"><img loading=\"lazy\" decoding=\"async\" width=\"150\" height=\"98\" src=\"https:\/\/www.mundi-roth.de\/teneriffa-blog\/wp-content\/uploads\/2017\/12\/n-150x98.jpg\" class=\"attachment-thumbnail size-thumbnail\" alt=\"\" srcset=\"https:\/\/www.mundi-roth.de\/teneriffa-blog\/wp-content\/uploads\/2017\/12\/n-150x98.jpg 150w, https:\/\/www.mundi-roth.de\/teneriffa-blog\/wp-content\/uploads\/2017\/12\/n-300x197.jpg 300w, https:\/\/www.mundi-roth.de\/teneriffa-blog\/wp-content\/uploads\/2017\/12\/n-768x503.jpg 768w, https:\/\/www.mundi-roth.de\/teneriffa-blog\/wp-content\/uploads\/2017\/12\/n.jpg 800w\" sizes=\"auto, (max-width: 150px) 100vw, 150px\" \/><\/a>\n\t\t\t<\/dt><\/dl><dl class='gallery-item'>\n\t\t\t<dt class='gallery-icon landscape'>\n\t\t\t\t<a href='https:\/\/www.mundi-roth.de\/teneriffa-blog\/wp-content\/uploads\/2017\/12\/nn.jpg' rel=\"lightbox[5973]\"><img loading=\"lazy\" decoding=\"async\" width=\"150\" height=\"113\" src=\"https:\/\/www.mundi-roth.de\/teneriffa-blog\/wp-content\/uploads\/2017\/12\/nn-150x113.jpg\" class=\"attachment-thumbnail size-thumbnail\" alt=\"\" srcset=\"https:\/\/www.mundi-roth.de\/teneriffa-blog\/wp-content\/uploads\/2017\/12\/nn-150x113.jpg 150w, https:\/\/www.mundi-roth.de\/teneriffa-blog\/wp-content\/uploads\/2017\/12\/nn-300x225.jpg 300w, https:\/\/www.mundi-roth.de\/teneriffa-blog\/wp-content\/uploads\/2017\/12\/nn-768x576.jpg 768w, https:\/\/www.mundi-roth.de\/teneriffa-blog\/wp-content\/uploads\/2017\/12\/nn-1024x768.jpg 1024w, https:\/\/www.mundi-roth.de\/teneriffa-blog\/wp-content\/uploads\/2017\/12\/nn.jpg 1280w\" sizes=\"auto, (max-width: 150px) 100vw, 150px\" \/><\/a>\n\t\t\t<\/dt><\/dl><br style=\"clear: both\" \/>\n\t\t<\/div>\n\n","protected":false},"excerpt":{"rendered":"<p>Ein Rundweg sollte es heute sein. Ein Umsetzen von den Autos \u2013 egal welche Variante \u2013 kam nicht wirklich in Frage. Wir haben hin und her \u00fcberlegt. Die Tour sollte nicht zu viel bergab gehen jedoch trotzdem etwas anspruchsvoll sein und in einen besonders reizvollen Gegend liegen. Ja, Mirador S\u00e1mara \u2013 Monta\u00f1a Reventada \u2013 Mirador [&hellip;]<\/p>\n","protected":false},"author":4,"featured_media":0,"comment_status":"open","ping_status":"open","sticky":false,"template":"","format":"standard","meta":{"footnotes":""},"categories":[779,6],"tags":[962,963,162,439,446,866],"class_list":["post-5973","post","type-post","status-publish","format-standard","hentry","category-canadas","category-wanderungen","tag-mirador-samara","tag-montana-reventada","tag-rundweg","tag-teneriffa-wandern","tag-wandern-teneriffa","tag-wanderurlaub-teneriffa"],"yoast_head":"<!-- This site is optimized with the Yoast SEO plugin v27.5 - https:\/\/yoast.com\/product\/yoast-seo-wordpress\/ -->\n<title>Mirador S\u00e1mara \u2013 Monta\u00f1a Reventada \u2013 Mirador S\u00e1mara - Teneriffa Wandern<\/title>\n<meta name=\"robots\" content=\"index, follow, max-snippet:-1, max-image-preview:large, max-video-preview:-1\" \/>\n<link rel=\"canonical\" href=\"https:\/\/www.mundi-roth.de\/teneriffa-blog\/wanderungen\/mirador-samara-montana-reventada-mirador-samara-2\/\" \/>\n<meta name=\"twitter:label1\" content=\"Verfasst von\" \/>\n\t<meta name=\"twitter:data1\" content=\"mundi\" \/>\n\t<meta name=\"twitter:label2\" content=\"Gesch\u00e4tzte Lesezeit\" \/>\n\t<meta name=\"twitter:data2\" content=\"1\u00a0Minute\" \/>\n<script type=\"application\/ld+json\" class=\"yoast-schema-graph\">{\"@context\":\"https:\\\/\\\/schema.org\",\"@graph\":[{\"@type\":\"Article\",\"@id\":\"https:\\\/\\\/www.mundi-roth.de\\\/teneriffa-blog\\\/wanderungen\\\/mirador-samara-montana-reventada-mirador-samara-2\\\/#article\",\"isPartOf\":{\"@id\":\"https:\\\/\\\/www.mundi-roth.de\\\/teneriffa-blog\\\/wanderungen\\\/mirador-samara-montana-reventada-mirador-samara-2\\\/\"},\"author\":{\"name\":\"mundi\",\"@id\":\"https:\\\/\\\/www.mundi-roth.de\\\/teneriffa-blog\\\/#\\\/schema\\\/person\\\/971c66b55f3ae5e8741553688c413cac\"},\"headline\":\"Mirador S\u00e1mara \u2013 Monta\u00f1a Reventada \u2013 Mirador S\u00e1mara\",\"datePublished\":\"2017-11-30T21:00:50+00:00\",\"dateModified\":\"2017-12-02T16:37:43+00:00\",\"mainEntityOfPage\":{\"@id\":\"https:\\\/\\\/www.mundi-roth.de\\\/teneriffa-blog\\\/wanderungen\\\/mirador-samara-montana-reventada-mirador-samara-2\\\/\"},\"wordCount\":279,\"commentCount\":0,\"image\":{\"@id\":\"https:\\\/\\\/www.mundi-roth.de\\\/teneriffa-blog\\\/wanderungen\\\/mirador-samara-montana-reventada-mirador-samara-2\\\/#primaryimage\"},\"thumbnailUrl\":\"https:\\\/\\\/www.mundi-roth.de\\\/teneriffa-blog\\\/wp-content\\\/uploads\\\/2017\\\/12\\\/Track1-300x192.jpg\",\"keywords\":[\"Mirador S\u00e1mara\",\"Monta\u00f1a Reventada\",\"Rundweg\",\"Teneriffa Wandern\",\"Wandern Teneriffa\",\"Wanderurlaub Teneriffa\"],\"articleSection\":[\"Ca\u00f1adas\",\"Wanderungen\"],\"inLanguage\":\"de\",\"potentialAction\":[{\"@type\":\"CommentAction\",\"name\":\"Comment\",\"target\":[\"https:\\\/\\\/www.mundi-roth.de\\\/teneriffa-blog\\\/wanderungen\\\/mirador-samara-montana-reventada-mirador-samara-2\\\/#respond\"]}]},{\"@type\":\"WebPage\",\"@id\":\"https:\\\/\\\/www.mundi-roth.de\\\/teneriffa-blog\\\/wanderungen\\\/mirador-samara-montana-reventada-mirador-samara-2\\\/\",\"url\":\"https:\\\/\\\/www.mundi-roth.de\\\/teneriffa-blog\\\/wanderungen\\\/mirador-samara-montana-reventada-mirador-samara-2\\\/\",\"name\":\"Mirador S\u00e1mara \u2013 Monta\u00f1a Reventada \u2013 Mirador S\u00e1mara - Teneriffa Wandern\",\"isPartOf\":{\"@id\":\"https:\\\/\\\/www.mundi-roth.de\\\/teneriffa-blog\\\/#website\"},\"primaryImageOfPage\":{\"@id\":\"https:\\\/\\\/www.mundi-roth.de\\\/teneriffa-blog\\\/wanderungen\\\/mirador-samara-montana-reventada-mirador-samara-2\\\/#primaryimage\"},\"image\":{\"@id\":\"https:\\\/\\\/www.mundi-roth.de\\\/teneriffa-blog\\\/wanderungen\\\/mirador-samara-montana-reventada-mirador-samara-2\\\/#primaryimage\"},\"thumbnailUrl\":\"https:\\\/\\\/www.mundi-roth.de\\\/teneriffa-blog\\\/wp-content\\\/uploads\\\/2017\\\/12\\\/Track1-300x192.jpg\",\"datePublished\":\"2017-11-30T21:00:50+00:00\",\"dateModified\":\"2017-12-02T16:37:43+00:00\",\"author\":{\"@id\":\"https:\\\/\\\/www.mundi-roth.de\\\/teneriffa-blog\\\/#\\\/schema\\\/person\\\/971c66b55f3ae5e8741553688c413cac\"},\"breadcrumb\":{\"@id\":\"https:\\\/\\\/www.mundi-roth.de\\\/teneriffa-blog\\\/wanderungen\\\/mirador-samara-montana-reventada-mirador-samara-2\\\/#breadcrumb\"},\"inLanguage\":\"de\",\"potentialAction\":[{\"@type\":\"ReadAction\",\"target\":[\"https:\\\/\\\/www.mundi-roth.de\\\/teneriffa-blog\\\/wanderungen\\\/mirador-samara-montana-reventada-mirador-samara-2\\\/\"]}]},{\"@type\":\"ImageObject\",\"inLanguage\":\"de\",\"@id\":\"https:\\\/\\\/www.mundi-roth.de\\\/teneriffa-blog\\\/wanderungen\\\/mirador-samara-montana-reventada-mirador-samara-2\\\/#primaryimage\",\"url\":\"https:\\\/\\\/www.mundi-roth.de\\\/teneriffa-blog\\\/wp-content\\\/uploads\\\/2017\\\/12\\\/Track1.jpg\",\"contentUrl\":\"https:\\\/\\\/www.mundi-roth.de\\\/teneriffa-blog\\\/wp-content\\\/uploads\\\/2017\\\/12\\\/Track1.jpg\",\"width\":800,\"height\":512},{\"@type\":\"BreadcrumbList\",\"@id\":\"https:\\\/\\\/www.mundi-roth.de\\\/teneriffa-blog\\\/wanderungen\\\/mirador-samara-montana-reventada-mirador-samara-2\\\/#breadcrumb\",\"itemListElement\":[{\"@type\":\"ListItem\",\"position\":1,\"name\":\"Startseite\",\"item\":\"https:\\\/\\\/www.mundi-roth.de\\\/teneriffa-blog\\\/\"},{\"@type\":\"ListItem\",\"position\":2,\"name\":\"Mirador S\u00e1mara \u2013 Monta\u00f1a Reventada \u2013 Mirador S\u00e1mara\"}]},{\"@type\":\"WebSite\",\"@id\":\"https:\\\/\\\/www.mundi-roth.de\\\/teneriffa-blog\\\/#website\",\"url\":\"https:\\\/\\\/www.mundi-roth.de\\\/teneriffa-blog\\\/\",\"name\":\"Teneriffa Wandern\",\"description\":\"Nicht nur Wanderungen auf Teneriffa...\",\"potentialAction\":[{\"@type\":\"SearchAction\",\"target\":{\"@type\":\"EntryPoint\",\"urlTemplate\":\"https:\\\/\\\/www.mundi-roth.de\\\/teneriffa-blog\\\/?s={search_term_string}\"},\"query-input\":{\"@type\":\"PropertyValueSpecification\",\"valueRequired\":true,\"valueName\":\"search_term_string\"}}],\"inLanguage\":\"de\"},{\"@type\":\"Person\",\"@id\":\"https:\\\/\\\/www.mundi-roth.de\\\/teneriffa-blog\\\/#\\\/schema\\\/person\\\/971c66b55f3ae5e8741553688c413cac\",\"name\":\"mundi\",\"image\":{\"@type\":\"ImageObject\",\"inLanguage\":\"de\",\"@id\":\"https:\\\/\\\/secure.gravatar.com\\\/avatar\\\/555f0dd85428f1a9330f8e5dbe9e40ff9ca912bb81e5a89747ebf3ca9c20dc0f?s=96&d=mm&r=g\",\"url\":\"https:\\\/\\\/secure.gravatar.com\\\/avatar\\\/555f0dd85428f1a9330f8e5dbe9e40ff9ca912bb81e5a89747ebf3ca9c20dc0f?s=96&d=mm&r=g\",\"contentUrl\":\"https:\\\/\\\/secure.gravatar.com\\\/avatar\\\/555f0dd85428f1a9330f8e5dbe9e40ff9ca912bb81e5a89747ebf3ca9c20dc0f?s=96&d=mm&r=g\",\"caption\":\"mundi\"},\"sameAs\":[\"http:\\\/\\\/mundi-roth.de\"],\"url\":\"https:\\\/\\\/www.mundi-roth.de\\\/teneriffa-blog\\\/author\\\/mundi\\\/\"}]}<\/script>\n<!-- \/ Yoast SEO plugin. -->","yoast_head_json":{"title":"Mirador S\u00e1mara \u2013 Monta\u00f1a Reventada \u2013 Mirador S\u00e1mara - Teneriffa Wandern","robots":{"index":"index","follow":"follow","max-snippet":"max-snippet:-1","max-image-preview":"max-image-preview:large","max-video-preview":"max-video-preview:-1"},"canonical":"https:\/\/www.mundi-roth.de\/teneriffa-blog\/wanderungen\/mirador-samara-montana-reventada-mirador-samara-2\/","twitter_misc":{"Verfasst von":"mundi","Gesch\u00e4tzte Lesezeit":"1\u00a0Minute"},"schema":{"@context":"https:\/\/schema.org","@graph":[{"@type":"Article","@id":"https:\/\/www.mundi-roth.de\/teneriffa-blog\/wanderungen\/mirador-samara-montana-reventada-mirador-samara-2\/#article","isPartOf":{"@id":"https:\/\/www.mundi-roth.de\/teneriffa-blog\/wanderungen\/mirador-samara-montana-reventada-mirador-samara-2\/"},"author":{"name":"mundi","@id":"https:\/\/www.mundi-roth.de\/teneriffa-blog\/#\/schema\/person\/971c66b55f3ae5e8741553688c413cac"},"headline":"Mirador S\u00e1mara \u2013 Monta\u00f1a Reventada \u2013 Mirador S\u00e1mara","datePublished":"2017-11-30T21:00:50+00:00","dateModified":"2017-12-02T16:37:43+00:00","mainEntityOfPage":{"@id":"https:\/\/www.mundi-roth.de\/teneriffa-blog\/wanderungen\/mirador-samara-montana-reventada-mirador-samara-2\/"},"wordCount":279,"commentCount":0,"image":{"@id":"https:\/\/www.mundi-roth.de\/teneriffa-blog\/wanderungen\/mirador-samara-montana-reventada-mirador-samara-2\/#primaryimage"},"thumbnailUrl":"https:\/\/www.mundi-roth.de\/teneriffa-blog\/wp-content\/uploads\/2017\/12\/Track1-300x192.jpg","keywords":["Mirador S\u00e1mara","Monta\u00f1a Reventada","Rundweg","Teneriffa Wandern","Wandern Teneriffa","Wanderurlaub Teneriffa"],"articleSection":["Ca\u00f1adas","Wanderungen"],"inLanguage":"de","potentialAction":[{"@type":"CommentAction","name":"Comment","target":["https:\/\/www.mundi-roth.de\/teneriffa-blog\/wanderungen\/mirador-samara-montana-reventada-mirador-samara-2\/#respond"]}]},{"@type":"WebPage","@id":"https:\/\/www.mundi-roth.de\/teneriffa-blog\/wanderungen\/mirador-samara-montana-reventada-mirador-samara-2\/","url":"https:\/\/www.mundi-roth.de\/teneriffa-blog\/wanderungen\/mirador-samara-montana-reventada-mirador-samara-2\/","name":"Mirador S\u00e1mara \u2013 Monta\u00f1a Reventada \u2013 Mirador S\u00e1mara - Teneriffa Wandern","isPartOf":{"@id":"https:\/\/www.mundi-roth.de\/teneriffa-blog\/#website"},"primaryImageOfPage":{"@id":"https:\/\/www.mundi-roth.de\/teneriffa-blog\/wanderungen\/mirador-samara-montana-reventada-mirador-samara-2\/#primaryimage"},"image":{"@id":"https:\/\/www.mundi-roth.de\/teneriffa-blog\/wanderungen\/mirador-samara-montana-reventada-mirador-samara-2\/#primaryimage"},"thumbnailUrl":"https:\/\/www.mundi-roth.de\/teneriffa-blog\/wp-content\/uploads\/2017\/12\/Track1-300x192.jpg","datePublished":"2017-11-30T21:00:50+00:00","dateModified":"2017-12-02T16:37:43+00:00","author":{"@id":"https:\/\/www.mundi-roth.de\/teneriffa-blog\/#\/schema\/person\/971c66b55f3ae5e8741553688c413cac"},"breadcrumb":{"@id":"https:\/\/www.mundi-roth.de\/teneriffa-blog\/wanderungen\/mirador-samara-montana-reventada-mirador-samara-2\/#breadcrumb"},"inLanguage":"de","potentialAction":[{"@type":"ReadAction","target":["https:\/\/www.mundi-roth.de\/teneriffa-blog\/wanderungen\/mirador-samara-montana-reventada-mirador-samara-2\/"]}]},{"@type":"ImageObject","inLanguage":"de","@id":"https:\/\/www.mundi-roth.de\/teneriffa-blog\/wanderungen\/mirador-samara-montana-reventada-mirador-samara-2\/#primaryimage","url":"https:\/\/www.mundi-roth.de\/teneriffa-blog\/wp-content\/uploads\/2017\/12\/Track1.jpg","contentUrl":"https:\/\/www.mundi-roth.de\/teneriffa-blog\/wp-content\/uploads\/2017\/12\/Track1.jpg","width":800,"height":512},{"@type":"BreadcrumbList","@id":"https:\/\/www.mundi-roth.de\/teneriffa-blog\/wanderungen\/mirador-samara-montana-reventada-mirador-samara-2\/#breadcrumb","itemListElement":[{"@type":"ListItem","position":1,"name":"Startseite","item":"https:\/\/www.mundi-roth.de\/teneriffa-blog\/"},{"@type":"ListItem","position":2,"name":"Mirador S\u00e1mara \u2013 Monta\u00f1a Reventada \u2013 Mirador S\u00e1mara"}]},{"@type":"WebSite","@id":"https:\/\/www.mundi-roth.de\/teneriffa-blog\/#website","url":"https:\/\/www.mundi-roth.de\/teneriffa-blog\/","name":"Teneriffa Wandern","description":"Nicht nur Wanderungen auf Teneriffa...","potentialAction":[{"@type":"SearchAction","target":{"@type":"EntryPoint","urlTemplate":"https:\/\/www.mundi-roth.de\/teneriffa-blog\/?s={search_term_string}"},"query-input":{"@type":"PropertyValueSpecification","valueRequired":true,"valueName":"search_term_string"}}],"inLanguage":"de"},{"@type":"Person","@id":"https:\/\/www.mundi-roth.de\/teneriffa-blog\/#\/schema\/person\/971c66b55f3ae5e8741553688c413cac","name":"mundi","image":{"@type":"ImageObject","inLanguage":"de","@id":"https:\/\/secure.gravatar.com\/avatar\/555f0dd85428f1a9330f8e5dbe9e40ff9ca912bb81e5a89747ebf3ca9c20dc0f?s=96&d=mm&r=g","url":"https:\/\/secure.gravatar.com\/avatar\/555f0dd85428f1a9330f8e5dbe9e40ff9ca912bb81e5a89747ebf3ca9c20dc0f?s=96&d=mm&r=g","contentUrl":"https:\/\/secure.gravatar.com\/avatar\/555f0dd85428f1a9330f8e5dbe9e40ff9ca912bb81e5a89747ebf3ca9c20dc0f?s=96&d=mm&r=g","caption":"mundi"},"sameAs":["http:\/\/mundi-roth.de"],"url":"https:\/\/www.mundi-roth.de\/teneriffa-blog\/author\/mundi\/"}]}},"_links":{"self":[{"href":"https:\/\/www.mundi-roth.de\/teneriffa-blog\/wp-json\/wp\/v2\/posts\/5973","targetHints":{"allow":["GET"]}}],"collection":[{"href":"https:\/\/www.mundi-roth.de\/teneriffa-blog\/wp-json\/wp\/v2\/posts"}],"about":[{"href":"https:\/\/www.mundi-roth.de\/teneriffa-blog\/wp-json\/wp\/v2\/types\/post"}],"author":[{"embeddable":true,"href":"https:\/\/www.mundi-roth.de\/teneriffa-blog\/wp-json\/wp\/v2\/users\/4"}],"replies":[{"embeddable":true,"href":"https:\/\/www.mundi-roth.de\/teneriffa-blog\/wp-json\/wp\/v2\/comments?post=5973"}],"version-history":[{"count":0,"href":"https:\/\/www.mundi-roth.de\/teneriffa-blog\/wp-json\/wp\/v2\/posts\/5973\/revisions"}],"wp:attachment":[{"href":"https:\/\/www.mundi-roth.de\/teneriffa-blog\/wp-json\/wp\/v2\/media?parent=5973"}],"wp:term":[{"taxonomy":"category","embeddable":true,"href":"https:\/\/www.mundi-roth.de\/teneriffa-blog\/wp-json\/wp\/v2\/categories?post=5973"},{"taxonomy":"post_tag","embeddable":true,"href":"https:\/\/www.mundi-roth.de\/teneriffa-blog\/wp-json\/wp\/v2\/tags?post=5973"}],"curies":[{"name":"wp","href":"https:\/\/api.w.org\/{rel}","templated":true}]}}