{"id":6018,"date":"2017-12-21T22:00:39","date_gmt":"2017-12-21T21:00:39","guid":{"rendered":"https:\/\/www.mundi-roth.de\/teneriffa-blog\/?p=6018"},"modified":"2017-12-24T11:10:46","modified_gmt":"2017-12-24T10:10:46","slug":"montana-guaza-palm-mar-faro-de-rasca-las-galletas","status":"publish","type":"post","link":"https:\/\/www.mundi-roth.de\/teneriffa-blog\/wanderungen\/montana-guaza-palm-mar-faro-de-rasca-las-galletas\/","title":{"rendered":"Monta\u00f1a Guaza \u2013 Palm-Mar \u2013 Faro de Rasca \u2013 Las Galletas"},"content":{"rendered":"<p>Zum Ersten! &#8211; Zum Zweiten! &#8211; Zum Dritten!<\/p>\n<p>Wenn man \u2013 wie wir \u2013 die Monta\u00f1a Guaza t\u00e4glich von der Wohnung aus vor Augen hat, so reizt es schon, diesen Berg noch n\u00e4her zu erkunden.<\/p>\n<p><a href=\"https:\/\/www.mundi-roth.de\/teneriffa-blog\/wp-content\/uploads\/2017\/12\/DSC01401.jpg\" rel=\"lightbox[6018]\"><img loading=\"lazy\" decoding=\"async\" class=\"aligncenter size-medium wp-image-6019\" src=\"https:\/\/www.mundi-roth.de\/teneriffa-blog\/wp-content\/uploads\/2017\/12\/DSC01401-300x166.jpg\" alt=\"\" width=\"300\" height=\"166\" srcset=\"https:\/\/www.mundi-roth.de\/teneriffa-blog\/wp-content\/uploads\/2017\/12\/DSC01401-300x166.jpg 300w, https:\/\/www.mundi-roth.de\/teneriffa-blog\/wp-content\/uploads\/2017\/12\/DSC01401-150x83.jpg 150w, https:\/\/www.mundi-roth.de\/teneriffa-blog\/wp-content\/uploads\/2017\/12\/DSC01401-768x425.jpg 768w, https:\/\/www.mundi-roth.de\/teneriffa-blog\/wp-content\/uploads\/2017\/12\/DSC01401.jpg 800w\" sizes=\"auto, (max-width: 300px) 100vw, 300px\" \/><\/a><br \/>\nDa meine Wanderfreundin zur Zeit in Deutschland ist, habe ich die Wandergrunds\u00e4tze missachtet und bin alleine gegangen. Allerdings wird die\u00a0Monta\u00f1a Guaza von vielen Wanderern begangen, so dass es kein purer Leichtsinn ist.<br \/>\n<a href=\"https:\/\/www.mundi-roth.de\/teneriffa-blog\/wanderungen\/montana-guaza\/\">2009 beschrieb ich einen Teil meiner heutigen Tour.<\/a><\/p>\n<p>Berichtigen muss ich mich: ich war noch \u00f6fter auf diesem Vulkankegel, das war noch vor der Zeit als ich anfing die Wanderungen zu beschreiben.<\/p>\n<p>Hoch bis zu den Funkmasten (Lohnt \u00fcberhaupt nicht) mit der gro\u00dfen Wandergruppe.<br \/>\nQuer \u00fcber den Berg mit meinem lieben Mann.<\/p>\n<p>Also heute noch eine Variante!<\/p>\n<p>Vom Hotel Arona steige ich gleich rechts hoch \u2013 das war bisher der Abstieg \u2013 gehe quer \u00fcber das Plateau und steige nach Palm-Mar ab.<br \/>\nVon hier geht es einen gut bekannten, inzwischen sehr gut pr\u00e4parierten Weg bis zum Leuchtturm Rasca und von dort \u2013 nach der obligatorischen Apfelpause \u2013 weiter an der riesigen Bananenplantage entlang nach Las Galletas. Dieses St\u00fcck bin ich ebenfalls nur in umgekehrter Richtung mit Elisabeth vor Jahren gegangen.<br \/>\nWenn man so will \u2013 bis auf ein in dieser Richtung schon mehrfach gegangenes St\u00fcck \u2013 eine neue Tour!<\/p>\n<p>Mein lieber Mann l\u00e4sst es sich nicht nehmen und f\u00e4hrt mich zum Ausgangspunkt in der N\u00e4he des Hotels Arona in Los Cristianos am Fu\u00dfe der Monta\u00f1a Guaza.<br \/>\nWer nicht \u00fcber so einen Taxifahrer verf\u00fcgt, kann sehr gut vom Busbahnhof in Los Cristianos zu Fu\u00df zum Aufstieg gelangen.<\/p>\n<p><strong>Wanderwegstrecke:<\/strong> 11,4 km in 3 Stunden 23 Minuten &#8211; 160 m rauf und 180 m runter<\/p>\n<p><a href=\"https:\/\/www.mundi-roth.de\/teneriffa-blog\/wp-content\/uploads\/2017\/12\/Track1-1.jpg\" rel=\"lightbox[6018]\"><img loading=\"lazy\" decoding=\"async\" class=\"aligncenter size-medium wp-image-6065\" src=\"https:\/\/www.mundi-roth.de\/teneriffa-blog\/wp-content\/uploads\/2017\/12\/Track1-1-300x246.jpg\" alt=\"\" width=\"300\" height=\"246\" srcset=\"https:\/\/www.mundi-roth.de\/teneriffa-blog\/wp-content\/uploads\/2017\/12\/Track1-1-300x246.jpg 300w, https:\/\/www.mundi-roth.de\/teneriffa-blog\/wp-content\/uploads\/2017\/12\/Track1-1-150x123.jpg 150w, https:\/\/www.mundi-roth.de\/teneriffa-blog\/wp-content\/uploads\/2017\/12\/Track1-1-768x629.jpg 768w, https:\/\/www.mundi-roth.de\/teneriffa-blog\/wp-content\/uploads\/2017\/12\/Track1-1.jpg 800w\" sizes=\"auto, (max-width: 300px) 100vw, 300px\" \/><\/a><br \/>\n<strong>Achtung:<\/strong> Diese meine Variante des Aufstiegs stufe ich als anspruchsvoll ein, den Abstieg ebenso und vor allen Dingen: nichts f\u00fcr Leute mit H\u00f6henangst!<\/p>\n<p>Der Aufstieg ist anfangs nicht klar zu erkennen, so dass ich schon sehr <a href=\"https:\/\/www.mundi-roth.de\/teneriffa-blog\/wp-content\/uploads\/2017\/12\/DSCN2960.jpg\" rel=\"lightbox[6018]\"><img loading=\"lazy\" decoding=\"async\" class=\"alignright size-thumbnail wp-image-6020\" src=\"https:\/\/www.mundi-roth.de\/teneriffa-blog\/wp-content\/uploads\/2017\/12\/DSCN2960-150x113.jpg\" alt=\"\" width=\"150\" height=\"113\" srcset=\"https:\/\/www.mundi-roth.de\/teneriffa-blog\/wp-content\/uploads\/2017\/12\/DSCN2960-150x113.jpg 150w, https:\/\/www.mundi-roth.de\/teneriffa-blog\/wp-content\/uploads\/2017\/12\/DSCN2960-300x225.jpg 300w, https:\/\/www.mundi-roth.de\/teneriffa-blog\/wp-content\/uploads\/2017\/12\/DSCN2960-768x576.jpg 768w, https:\/\/www.mundi-roth.de\/teneriffa-blog\/wp-content\/uploads\/2017\/12\/DSCN2960.jpg 800w\" sizes=\"auto, (max-width: 150px) 100vw, 150px\" \/><\/a>schnell von der Sprecherin des Wanderprogramms komoot, der \u201eTrulla\u201c, zur Ordnung und Umkehr gerufen werde. Ich hatte mich zu weit rechts \u2013 Richtung Meer \u2013 <a href=\"https:\/\/www.mundi-roth.de\/teneriffa-blog\/wp-content\/uploads\/2017\/12\/DSC01405.jpg\" rel=\"lightbox[6018]\"><img loading=\"lazy\" decoding=\"async\" class=\"alignleft size-thumbnail wp-image-6021\" src=\"https:\/\/www.mundi-roth.de\/teneriffa-blog\/wp-content\/uploads\/2017\/12\/DSC01405-113x150.jpg\" alt=\"\" width=\"113\" height=\"150\" srcset=\"https:\/\/www.mundi-roth.de\/teneriffa-blog\/wp-content\/uploads\/2017\/12\/DSC01405-113x150.jpg 113w, https:\/\/www.mundi-roth.de\/teneriffa-blog\/wp-content\/uploads\/2017\/12\/DSC01405-225x300.jpg 225w, https:\/\/www.mundi-roth.de\/teneriffa-blog\/wp-content\/uploads\/2017\/12\/DSC01405.jpg 600w\" sizes=\"auto, (max-width: 113px) 100vw, 113px\" \/><\/a>gehalten.<br \/>\nBesser ist es, man nimmt erst den etwas links liegenden Aufstieg, von dort zweigt dann ein besser zu gehender Pfad ab.<\/p>\n<p>War es bei den vielen Begehungen immer hier der Abstieg, so habe ich heute eine ganz neue Perspektive und die diversen\u00a0 Abbaustellen f\u00fcr den Chasna-Stein stellen sich <a href=\"https:\/\/www.mundi-roth.de\/teneriffa-blog\/wp-content\/uploads\/2017\/12\/DSC01413.jpg\" rel=\"lightbox[6018]\"><img loading=\"lazy\" decoding=\"async\" class=\"alignright size-thumbnail wp-image-6049\" src=\"https:\/\/www.mundi-roth.de\/teneriffa-blog\/wp-content\/uploads\/2017\/12\/DSC01413-150x113.jpg\" alt=\"\" width=\"150\" height=\"113\" srcset=\"https:\/\/www.mundi-roth.de\/teneriffa-blog\/wp-content\/uploads\/2017\/12\/DSC01413-150x113.jpg 150w, https:\/\/www.mundi-roth.de\/teneriffa-blog\/wp-content\/uploads\/2017\/12\/DSC01413-300x225.jpg 300w, https:\/\/www.mundi-roth.de\/teneriffa-blog\/wp-content\/uploads\/2017\/12\/DSC01413-768x576.jpg 768w, https:\/\/www.mundi-roth.de\/teneriffa-blog\/wp-content\/uploads\/2017\/12\/DSC01413.jpg 800w\" sizes=\"auto, (max-width: 150px) 100vw, 150px\" \/><\/a>ganz anders dar. (\u00dcber den Chasna-Stein und Besonderheiten des Berges und seine \u201eMesa\u201c &#8211; Ebene &#8211; kann man auch unter\u00a0 dem 20. M\u00e4rz 2009 nachlesen.)<\/p>\n<p>Mal kurz stehen bleiben und einen Blick zur\u00fcck auf Los Cristianos bis nach <a href=\"https:\/\/www.mundi-roth.de\/teneriffa-blog\/wp-content\/uploads\/2017\/12\/DSC01404-1.jpg\" rel=\"lightbox[6018]\"><img loading=\"lazy\" decoding=\"async\" class=\"alignleft size-thumbnail wp-image-6023\" src=\"https:\/\/www.mundi-roth.de\/teneriffa-blog\/wp-content\/uploads\/2017\/12\/DSC01404-1-150x88.jpg\" alt=\"\" width=\"150\" height=\"88\" srcset=\"https:\/\/www.mundi-roth.de\/teneriffa-blog\/wp-content\/uploads\/2017\/12\/DSC01404-1-150x88.jpg 150w, https:\/\/www.mundi-roth.de\/teneriffa-blog\/wp-content\/uploads\/2017\/12\/DSC01404-1-300x175.jpg 300w, https:\/\/www.mundi-roth.de\/teneriffa-blog\/wp-content\/uploads\/2017\/12\/DSC01404-1-768x448.jpg 768w, https:\/\/www.mundi-roth.de\/teneriffa-blog\/wp-content\/uploads\/2017\/12\/DSC01404-1.jpg 800w\" sizes=\"auto, (max-width: 150px) 100vw, 150px\" \/><\/a> Santiago III in Playa de las Americas. Die Insel La Gomera l\u00e4sst sich nur <a href=\"https:\/\/www.mundi-roth.de\/teneriffa-blog\/wp-content\/uploads\/2017\/12\/DSC01409.jpg\" rel=\"lightbox[6018]\"><img loading=\"lazy\" decoding=\"async\" class=\"alignright size-thumbnail wp-image-6050\" src=\"https:\/\/www.mundi-roth.de\/teneriffa-blog\/wp-content\/uploads\/2017\/12\/DSC01409-150x113.jpg\" alt=\"\" width=\"150\" height=\"113\" srcset=\"https:\/\/www.mundi-roth.de\/teneriffa-blog\/wp-content\/uploads\/2017\/12\/DSC01409-150x113.jpg 150w, https:\/\/www.mundi-roth.de\/teneriffa-blog\/wp-content\/uploads\/2017\/12\/DSC01409-300x225.jpg 300w, https:\/\/www.mundi-roth.de\/teneriffa-blog\/wp-content\/uploads\/2017\/12\/DSC01409-768x576.jpg 768w, https:\/\/www.mundi-roth.de\/teneriffa-blog\/wp-content\/uploads\/2017\/12\/DSC01409.jpg 800w\" sizes=\"auto, (max-width: 150px) 100vw, 150px\" \/><\/a>schemenhaft ausmachen. Die vielen K\u00e4fige zur Fischzucht gibt es noch.<\/p>\n<p>Oben auf der Ebene angekommen begeistern mich die riesigen Ansammlungen der Kandelaber-Wolfsmilch und der Berg zeigt sich von seiner breiten R\u00fcckseite.<\/p>\n<p>Dar\u00fcber trohnt im stahlblauen Himmel der Teide.<\/p>\n<p><br style=\"clear: both;\" \/><\/p>\n\n\t\t<style type=\"text\/css\">\n\t\t\t#gallery-1 {\n\t\t\t\tmargin: auto;\n\t\t\t}\n\t\t\t#gallery-1 .gallery-item {\n\t\t\t\tfloat: left;\n\t\t\t\tmargin-top: 10px;\n\t\t\t\ttext-align: center;\n\t\t\t\twidth: 50%;\n\t\t\t}\n\t\t\t#gallery-1 img {\n\t\t\t\tborder: 2px solid #cfcfcf;\n\t\t\t}\n\t\t\t#gallery-1 .gallery-caption {\n\t\t\t\tmargin-left: 0;\n\t\t\t}\n\t\t\t\/* see gallery_shortcode() in wp-includes\/media.php *\/\n\t\t<\/style>\n\t\t<div id='gallery-1' class='gallery galleryid-6018 gallery-columns-2 gallery-size-medium'><dl class='gallery-item'>\n\t\t\t<dt class='gallery-icon landscape'>\n\t\t\t\t<a href='https:\/\/www.mundi-roth.de\/teneriffa-blog\/wp-content\/uploads\/2017\/12\/DSC01424-1.jpg' rel=\"lightbox[6018]\"><img loading=\"lazy\" decoding=\"async\" width=\"300\" height=\"225\" src=\"https:\/\/www.mundi-roth.de\/teneriffa-blog\/wp-content\/uploads\/2017\/12\/DSC01424-1-300x225.jpg\" class=\"attachment-medium size-medium\" alt=\"\" srcset=\"https:\/\/www.mundi-roth.de\/teneriffa-blog\/wp-content\/uploads\/2017\/12\/DSC01424-1-300x225.jpg 300w, https:\/\/www.mundi-roth.de\/teneriffa-blog\/wp-content\/uploads\/2017\/12\/DSC01424-1-150x113.jpg 150w, https:\/\/www.mundi-roth.de\/teneriffa-blog\/wp-content\/uploads\/2017\/12\/DSC01424-1-768x576.jpg 768w, https:\/\/www.mundi-roth.de\/teneriffa-blog\/wp-content\/uploads\/2017\/12\/DSC01424-1.jpg 800w\" sizes=\"auto, (max-width: 300px) 100vw, 300px\" \/><\/a>\n\t\t\t<\/dt><\/dl><dl class='gallery-item'>\n\t\t\t<dt class='gallery-icon landscape'>\n\t\t\t\t<a href='https:\/\/www.mundi-roth.de\/teneriffa-blog\/wp-content\/uploads\/2017\/12\/DSC01422.jpg' rel=\"lightbox[6018]\"><img loading=\"lazy\" decoding=\"async\" width=\"300\" height=\"225\" src=\"https:\/\/www.mundi-roth.de\/teneriffa-blog\/wp-content\/uploads\/2017\/12\/DSC01422-300x225.jpg\" class=\"attachment-medium size-medium\" alt=\"\" srcset=\"https:\/\/www.mundi-roth.de\/teneriffa-blog\/wp-content\/uploads\/2017\/12\/DSC01422-300x225.jpg 300w, https:\/\/www.mundi-roth.de\/teneriffa-blog\/wp-content\/uploads\/2017\/12\/DSC01422-150x113.jpg 150w, https:\/\/www.mundi-roth.de\/teneriffa-blog\/wp-content\/uploads\/2017\/12\/DSC01422-768x576.jpg 768w, https:\/\/www.mundi-roth.de\/teneriffa-blog\/wp-content\/uploads\/2017\/12\/DSC01422.jpg 800w\" sizes=\"auto, (max-width: 300px) 100vw, 300px\" \/><\/a>\n\t\t\t<\/dt><\/dl><br style=\"clear: both\" \/>\n\t\t<\/div>\n\n<p>Bl\u00fchendes ist kaum vorhanden. Ganz zaghaft spitzen die ersten Bl\u00e4ttchen an den Str\u00e4uchern der Tabaiba dulce hervor und der Kameldorn schm\u00fcckt sich mit vereinzelten gelben Bl\u00fctchen. Dagegen gefallen mir\u00a0 nach wie vor die Felsskulpturen.<\/p>\n\n\t\t<style type=\"text\/css\">\n\t\t\t#gallery-2 {\n\t\t\t\tmargin: auto;\n\t\t\t}\n\t\t\t#gallery-2 .gallery-item {\n\t\t\t\tfloat: left;\n\t\t\t\tmargin-top: 10px;\n\t\t\t\ttext-align: center;\n\t\t\t\twidth: 33%;\n\t\t\t}\n\t\t\t#gallery-2 img {\n\t\t\t\tborder: 2px solid #cfcfcf;\n\t\t\t}\n\t\t\t#gallery-2 .gallery-caption {\n\t\t\t\tmargin-left: 0;\n\t\t\t}\n\t\t\t\/* see gallery_shortcode() in wp-includes\/media.php *\/\n\t\t<\/style>\n\t\t<div id='gallery-2' class='gallery galleryid-6018 gallery-columns-3 gallery-size-thumbnail'><dl class='gallery-item'>\n\t\t\t<dt class='gallery-icon landscape'>\n\t\t\t\t<a href='https:\/\/www.mundi-roth.de\/teneriffa-blog\/wp-content\/uploads\/2017\/12\/DSC01411-1.jpg' rel=\"lightbox[6018]\"><img loading=\"lazy\" decoding=\"async\" width=\"150\" height=\"113\" src=\"https:\/\/www.mundi-roth.de\/teneriffa-blog\/wp-content\/uploads\/2017\/12\/DSC01411-1-150x113.jpg\" class=\"attachment-thumbnail size-thumbnail\" alt=\"\" srcset=\"https:\/\/www.mundi-roth.de\/teneriffa-blog\/wp-content\/uploads\/2017\/12\/DSC01411-1-150x113.jpg 150w, https:\/\/www.mundi-roth.de\/teneriffa-blog\/wp-content\/uploads\/2017\/12\/DSC01411-1-300x225.jpg 300w, https:\/\/www.mundi-roth.de\/teneriffa-blog\/wp-content\/uploads\/2017\/12\/DSC01411-1-768x576.jpg 768w, https:\/\/www.mundi-roth.de\/teneriffa-blog\/wp-content\/uploads\/2017\/12\/DSC01411-1.jpg 800w\" sizes=\"auto, (max-width: 150px) 100vw, 150px\" \/><\/a>\n\t\t\t<\/dt><\/dl><dl class='gallery-item'>\n\t\t\t<dt class='gallery-icon landscape'>\n\t\t\t\t<a href='https:\/\/www.mundi-roth.de\/teneriffa-blog\/wp-content\/uploads\/2017\/12\/DSC01499.jpg' rel=\"lightbox[6018]\"><img loading=\"lazy\" decoding=\"async\" width=\"150\" height=\"113\" src=\"https:\/\/www.mundi-roth.de\/teneriffa-blog\/wp-content\/uploads\/2017\/12\/DSC01499-150x113.jpg\" class=\"attachment-thumbnail size-thumbnail\" alt=\"\" srcset=\"https:\/\/www.mundi-roth.de\/teneriffa-blog\/wp-content\/uploads\/2017\/12\/DSC01499-150x113.jpg 150w, https:\/\/www.mundi-roth.de\/teneriffa-blog\/wp-content\/uploads\/2017\/12\/DSC01499-300x225.jpg 300w, https:\/\/www.mundi-roth.de\/teneriffa-blog\/wp-content\/uploads\/2017\/12\/DSC01499-768x576.jpg 768w, https:\/\/www.mundi-roth.de\/teneriffa-blog\/wp-content\/uploads\/2017\/12\/DSC01499.jpg 800w\" sizes=\"auto, (max-width: 150px) 100vw, 150px\" \/><\/a>\n\t\t\t<\/dt><\/dl><dl class='gallery-item'>\n\t\t\t<dt class='gallery-icon landscape'>\n\t\t\t\t<a href='https:\/\/www.mundi-roth.de\/teneriffa-blog\/wp-content\/uploads\/2017\/12\/DSC01415.jpg' rel=\"lightbox[6018]\"><img loading=\"lazy\" decoding=\"async\" width=\"150\" height=\"113\" src=\"https:\/\/www.mundi-roth.de\/teneriffa-blog\/wp-content\/uploads\/2017\/12\/DSC01415-150x113.jpg\" class=\"attachment-thumbnail size-thumbnail\" alt=\"\" srcset=\"https:\/\/www.mundi-roth.de\/teneriffa-blog\/wp-content\/uploads\/2017\/12\/DSC01415-150x113.jpg 150w, https:\/\/www.mundi-roth.de\/teneriffa-blog\/wp-content\/uploads\/2017\/12\/DSC01415-300x225.jpg 300w, https:\/\/www.mundi-roth.de\/teneriffa-blog\/wp-content\/uploads\/2017\/12\/DSC01415-768x576.jpg 768w, https:\/\/www.mundi-roth.de\/teneriffa-blog\/wp-content\/uploads\/2017\/12\/DSC01415.jpg 800w\" sizes=\"auto, (max-width: 150px) 100vw, 150px\" \/><\/a>\n\t\t\t<\/dt><\/dl><br style=\"clear: both\" \/>\n\t\t<\/div>\n\n<p><a href=\"https:\/\/www.mundi-roth.de\/teneriffa-blog\/wp-content\/uploads\/2017\/12\/DSC01425.jpg\" rel=\"lightbox[6018]\"><img loading=\"lazy\" decoding=\"async\" class=\"alignleft size-thumbnail wp-image-6056\" src=\"https:\/\/www.mundi-roth.de\/teneriffa-blog\/wp-content\/uploads\/2017\/12\/DSC01425-150x92.jpg\" alt=\"\" width=\"150\" height=\"92\" srcset=\"https:\/\/www.mundi-roth.de\/teneriffa-blog\/wp-content\/uploads\/2017\/12\/DSC01425-150x92.jpg 150w, https:\/\/www.mundi-roth.de\/teneriffa-blog\/wp-content\/uploads\/2017\/12\/DSC01425-300x183.jpg 300w, https:\/\/www.mundi-roth.de\/teneriffa-blog\/wp-content\/uploads\/2017\/12\/DSC01425.jpg 718w\" sizes=\"auto, (max-width: 150px) 100vw, 150px\" \/><\/a>40 Minuten nach Beginn der Wanderung stehe ich am Abstieg nach Palm-Mar und habe den ersten Bick auf den Ort.\u00a0 Im Hintgergrund kann ich schon den Leuchtturm und die Monta\u00f1a Grande ausmachen<\/p>\n<p>Jedoch: Der Abstieg hat es in sich. <a href=\"https:\/\/www.mundi-roth.de\/teneriffa-blog\/wp-content\/uploads\/2017\/12\/DSC01433.jpg\" rel=\"lightbox[6018]\"><img loading=\"lazy\" decoding=\"async\" class=\"alignright size-thumbnail wp-image-6025\" src=\"https:\/\/www.mundi-roth.de\/teneriffa-blog\/wp-content\/uploads\/2017\/12\/DSC01433-150x113.jpg\" alt=\"\" width=\"150\" height=\"113\" srcset=\"https:\/\/www.mundi-roth.de\/teneriffa-blog\/wp-content\/uploads\/2017\/12\/DSC01433-150x113.jpg 150w, https:\/\/www.mundi-roth.de\/teneriffa-blog\/wp-content\/uploads\/2017\/12\/DSC01433-300x225.jpg 300w, https:\/\/www.mundi-roth.de\/teneriffa-blog\/wp-content\/uploads\/2017\/12\/DSC01433-768x576.jpg 768w, https:\/\/www.mundi-roth.de\/teneriffa-blog\/wp-content\/uploads\/2017\/12\/DSC01433.jpg 800w\" sizes=\"auto, (max-width: 150px) 100vw, 150px\" \/><\/a>Ein englisches Ehepaar wollte sich mir anschlie\u00dfen, es hat aber ganz schnell aufgegeben und den Weg nach Los Cristianos zur\u00fcck gew\u00e4hlt.<br \/>\nHin und wieder bleibe ich stehen um die phantastischen Felsformationen zu bestaunen.<\/p>\n<p>Nur 20 Minuten ben\u00f6tige ich f\u00fcr den Abstieg<\/p>\n<p>&nbsp;<\/p>\n\n\t\t<style type=\"text\/css\">\n\t\t\t#gallery-3 {\n\t\t\t\tmargin: auto;\n\t\t\t}\n\t\t\t#gallery-3 .gallery-item {\n\t\t\t\tfloat: left;\n\t\t\t\tmargin-top: 10px;\n\t\t\t\ttext-align: center;\n\t\t\t\twidth: 50%;\n\t\t\t}\n\t\t\t#gallery-3 img {\n\t\t\t\tborder: 2px solid #cfcfcf;\n\t\t\t}\n\t\t\t#gallery-3 .gallery-caption {\n\t\t\t\tmargin-left: 0;\n\t\t\t}\n\t\t\t\/* see gallery_shortcode() in wp-includes\/media.php *\/\n\t\t<\/style>\n\t\t<div id='gallery-3' class='gallery galleryid-6018 gallery-columns-2 gallery-size-medium'><dl class='gallery-item'>\n\t\t\t<dt class='gallery-icon landscape'>\n\t\t\t\t<a href='https:\/\/www.mundi-roth.de\/teneriffa-blog\/wp-content\/uploads\/2017\/12\/DSCN2967.jpg' rel=\"lightbox[6018]\"><img loading=\"lazy\" decoding=\"async\" width=\"300\" height=\"225\" src=\"https:\/\/www.mundi-roth.de\/teneriffa-blog\/wp-content\/uploads\/2017\/12\/DSCN2967-300x225.jpg\" class=\"attachment-medium size-medium\" alt=\"\" srcset=\"https:\/\/www.mundi-roth.de\/teneriffa-blog\/wp-content\/uploads\/2017\/12\/DSCN2967-300x225.jpg 300w, https:\/\/www.mundi-roth.de\/teneriffa-blog\/wp-content\/uploads\/2017\/12\/DSCN2967-150x113.jpg 150w, https:\/\/www.mundi-roth.de\/teneriffa-blog\/wp-content\/uploads\/2017\/12\/DSCN2967-768x576.jpg 768w, https:\/\/www.mundi-roth.de\/teneriffa-blog\/wp-content\/uploads\/2017\/12\/DSCN2967.jpg 800w\" sizes=\"auto, (max-width: 300px) 100vw, 300px\" \/><\/a>\n\t\t\t<\/dt><\/dl><dl class='gallery-item'>\n\t\t\t<dt class='gallery-icon landscape'>\n\t\t\t\t<a href='https:\/\/www.mundi-roth.de\/teneriffa-blog\/wp-content\/uploads\/2017\/12\/DSCN2969xx.jpg' rel=\"lightbox[6018]\"><img loading=\"lazy\" decoding=\"async\" width=\"300\" height=\"225\" src=\"https:\/\/www.mundi-roth.de\/teneriffa-blog\/wp-content\/uploads\/2017\/12\/DSCN2969xx-300x225.jpg\" class=\"attachment-medium size-medium\" alt=\"\" srcset=\"https:\/\/www.mundi-roth.de\/teneriffa-blog\/wp-content\/uploads\/2017\/12\/DSCN2969xx-300x225.jpg 300w, https:\/\/www.mundi-roth.de\/teneriffa-blog\/wp-content\/uploads\/2017\/12\/DSCN2969xx-150x113.jpg 150w, https:\/\/www.mundi-roth.de\/teneriffa-blog\/wp-content\/uploads\/2017\/12\/DSCN2969xx-768x576.jpg 768w, https:\/\/www.mundi-roth.de\/teneriffa-blog\/wp-content\/uploads\/2017\/12\/DSCN2969xx.jpg 800w\" sizes=\"auto, (max-width: 300px) 100vw, 300px\" \/><\/a>\n\t\t\t<\/dt><\/dl><br style=\"clear: both\" \/>\n\t\t<\/div>\n\n<p>und wer erwartet mich am Ende der Promenade in Palm-Mar? Mein lieber Mann! Er wollte sich doch vergewissern, ob ich gut \u201e\u00fcber den Berg\u201c gekommen bin.<br \/>\nBin ich.<br \/>\nNun gehen wir gemeinsam ein St\u00fcck die sehr aufw\u00e4ndig gestaltete <a href=\"https:\/\/www.mundi-roth.de\/teneriffa-blog\/wp-content\/uploads\/2017\/12\/DSC01446.jpg\" rel=\"lightbox[6018]\"><img loading=\"lazy\" decoding=\"async\" class=\"alignright size-thumbnail wp-image-6057\" src=\"https:\/\/www.mundi-roth.de\/teneriffa-blog\/wp-content\/uploads\/2017\/12\/DSC01446-150x113.jpg\" alt=\"\" width=\"150\" height=\"113\" srcset=\"https:\/\/www.mundi-roth.de\/teneriffa-blog\/wp-content\/uploads\/2017\/12\/DSC01446-150x113.jpg 150w, https:\/\/www.mundi-roth.de\/teneriffa-blog\/wp-content\/uploads\/2017\/12\/DSC01446-300x225.jpg 300w, https:\/\/www.mundi-roth.de\/teneriffa-blog\/wp-content\/uploads\/2017\/12\/DSC01446-768x576.jpg 768w, https:\/\/www.mundi-roth.de\/teneriffa-blog\/wp-content\/uploads\/2017\/12\/DSC01446.jpg 800w\" sizes=\"auto, (max-width: 150px) 100vw, 150px\" \/><\/a>Promenade gemeinsam.<br \/>\nDann trennen sich unsere Wege: Manfred geht zum Auto und f\u00e4hrt erst mal nach Hause, denn meine gesch\u00e4tzte weitere Wanderzeit wird noch etwa 2 \u00bd Stunden in Anspruch nehmen.<\/p>\n<p><a href=\"https:\/\/www.mundi-roth.de\/teneriffa-blog\/wp-content\/uploads\/2017\/12\/DSC01453.jpg\" rel=\"lightbox[6018]\"><img loading=\"lazy\" decoding=\"async\" class=\"alignleft size-thumbnail wp-image-6058\" src=\"https:\/\/www.mundi-roth.de\/teneriffa-blog\/wp-content\/uploads\/2017\/12\/DSC01453-150x94.jpg\" alt=\"\" width=\"150\" height=\"94\" srcset=\"https:\/\/www.mundi-roth.de\/teneriffa-blog\/wp-content\/uploads\/2017\/12\/DSC01453-150x94.jpg 150w, https:\/\/www.mundi-roth.de\/teneriffa-blog\/wp-content\/uploads\/2017\/12\/DSC01453-300x188.jpg 300w, https:\/\/www.mundi-roth.de\/teneriffa-blog\/wp-content\/uploads\/2017\/12\/DSC01453.jpg 659w\" sizes=\"auto, (max-width: 150px) 100vw, 150px\" \/><\/a>Von Palm-Mar aus gehe ich z\u00fcgig die sehr gut bekannte Strecke Richtung Leuchtturm Rasca.<br \/>\nErst die Calle Cernicala hoch. Die geht quasi in die Calle Mochuelo bei der Kl\u00e4ranlage \u00fcber und von dort geht es in das Malpais (das schlechte Land) von Rasca.<br \/>\nEntgegen fr\u00fcheren Zeiten hat sich an verschiedenen Stellen die Aufkl\u00e4rung \u00fcber wissenswerte Dinge in der entsprechenden Zone in Form von Infotafeln sehr verbessert.<br \/>\n<a href=\"https:\/\/www.mundi-roth.de\/teneriffa-blog\/wp-content\/uploads\/2017\/12\/DSC01456A.jpg\" rel=\"lightbox[6018]\"><img loading=\"lazy\" decoding=\"async\" class=\"aligncenter size-medium wp-image-6029\" src=\"https:\/\/www.mundi-roth.de\/teneriffa-blog\/wp-content\/uploads\/2017\/12\/DSC01456A-300x122.jpg\" alt=\"\" width=\"300\" height=\"122\" srcset=\"https:\/\/www.mundi-roth.de\/teneriffa-blog\/wp-content\/uploads\/2017\/12\/DSC01456A-300x122.jpg 300w, https:\/\/www.mundi-roth.de\/teneriffa-blog\/wp-content\/uploads\/2017\/12\/DSC01456A-150x61.jpg 150w, https:\/\/www.mundi-roth.de\/teneriffa-blog\/wp-content\/uploads\/2017\/12\/DSC01456A-768x313.jpg 768w, https:\/\/www.mundi-roth.de\/teneriffa-blog\/wp-content\/uploads\/2017\/12\/DSC01456A.jpg 800w\" sizes=\"auto, (max-width: 300px) 100vw, 300px\" \/><\/a><br \/>\nSch\u00f6n finde ich bei diesem Streckenabschnitt immer die N\u00e4he zum Meer. Das Rauschen des Meeres, das Aufbauen der Wellen und dann ihr Brechen. Da verbummele ich doch geraume Zeit, ich finde es einfach faszinierend.<br \/>\nIch wandere an einigen \u201eSteinhaufen\u201c vorbei. Dabei handelt es sich um \u201egoros\u201c, wie ich einer weiteren Infotafel entnehmen kann. Diese dienten in fr\u00fcheren Zeiten als vor\u00fcbergehende Unterk\u00fcnfte.<\/p>\n\n\t\t<style type=\"text\/css\">\n\t\t\t#gallery-4 {\n\t\t\t\tmargin: auto;\n\t\t\t}\n\t\t\t#gallery-4 .gallery-item {\n\t\t\t\tfloat: left;\n\t\t\t\tmargin-top: 10px;\n\t\t\t\ttext-align: center;\n\t\t\t\twidth: 50%;\n\t\t\t}\n\t\t\t#gallery-4 img {\n\t\t\t\tborder: 2px solid #cfcfcf;\n\t\t\t}\n\t\t\t#gallery-4 .gallery-caption {\n\t\t\t\tmargin-left: 0;\n\t\t\t}\n\t\t\t\/* see gallery_shortcode() in wp-includes\/media.php *\/\n\t\t<\/style>\n\t\t<div id='gallery-4' class='gallery galleryid-6018 gallery-columns-2 gallery-size-medium'><dl class='gallery-item'>\n\t\t\t<dt class='gallery-icon landscape'>\n\t\t\t\t<a href='https:\/\/www.mundi-roth.de\/teneriffa-blog\/wp-content\/uploads\/2017\/12\/DSC01465-1.jpg' rel=\"lightbox[6018]\"><img loading=\"lazy\" decoding=\"async\" width=\"300\" height=\"225\" src=\"https:\/\/www.mundi-roth.de\/teneriffa-blog\/wp-content\/uploads\/2017\/12\/DSC01465-1-300x225.jpg\" class=\"attachment-medium size-medium\" alt=\"\" srcset=\"https:\/\/www.mundi-roth.de\/teneriffa-blog\/wp-content\/uploads\/2017\/12\/DSC01465-1-300x225.jpg 300w, https:\/\/www.mundi-roth.de\/teneriffa-blog\/wp-content\/uploads\/2017\/12\/DSC01465-1-150x113.jpg 150w, https:\/\/www.mundi-roth.de\/teneriffa-blog\/wp-content\/uploads\/2017\/12\/DSC01465-1-768x576.jpg 768w, https:\/\/www.mundi-roth.de\/teneriffa-blog\/wp-content\/uploads\/2017\/12\/DSC01465-1.jpg 800w\" sizes=\"auto, (max-width: 300px) 100vw, 300px\" \/><\/a>\n\t\t\t<\/dt><\/dl><dl class='gallery-item'>\n\t\t\t<dt class='gallery-icon landscape'>\n\t\t\t\t<a href='https:\/\/www.mundi-roth.de\/teneriffa-blog\/wp-content\/uploads\/2017\/12\/DSC01467.jpg' rel=\"lightbox[6018]\"><img loading=\"lazy\" decoding=\"async\" width=\"300\" height=\"225\" src=\"https:\/\/www.mundi-roth.de\/teneriffa-blog\/wp-content\/uploads\/2017\/12\/DSC01467-300x225.jpg\" class=\"attachment-medium size-medium\" alt=\"\" srcset=\"https:\/\/www.mundi-roth.de\/teneriffa-blog\/wp-content\/uploads\/2017\/12\/DSC01467-300x225.jpg 300w, https:\/\/www.mundi-roth.de\/teneriffa-blog\/wp-content\/uploads\/2017\/12\/DSC01467-150x113.jpg 150w, https:\/\/www.mundi-roth.de\/teneriffa-blog\/wp-content\/uploads\/2017\/12\/DSC01467-768x576.jpg 768w, https:\/\/www.mundi-roth.de\/teneriffa-blog\/wp-content\/uploads\/2017\/12\/DSC01467.jpg 800w\" sizes=\"auto, (max-width: 300px) 100vw, 300px\" \/><\/a>\n\t\t\t<\/dt><\/dl><br style=\"clear: both\" \/>\n\t\t<\/div>\n\n<p>In der N\u00e4he des Leuchtturms sind 4 \u201egoros\u201c \u2013 wie Reihenh\u00e4user \u2013 nebeneinander anzutreffen.<br \/>\nDen Leuchtturm habe ich inzwischen schon geraume Zeit im Blick. Nun werde ich schlau gemacht, dass der alte Leuchtturm von 1889 im Jahr 1978 durch den neuen Leuchtturm ersetzt wurde.<\/p>\n\n\t\t<style type=\"text\/css\">\n\t\t\t#gallery-5 {\n\t\t\t\tmargin: auto;\n\t\t\t}\n\t\t\t#gallery-5 .gallery-item {\n\t\t\t\tfloat: left;\n\t\t\t\tmargin-top: 10px;\n\t\t\t\ttext-align: center;\n\t\t\t\twidth: 33%;\n\t\t\t}\n\t\t\t#gallery-5 img {\n\t\t\t\tborder: 2px solid #cfcfcf;\n\t\t\t}\n\t\t\t#gallery-5 .gallery-caption {\n\t\t\t\tmargin-left: 0;\n\t\t\t}\n\t\t\t\/* see gallery_shortcode() in wp-includes\/media.php *\/\n\t\t<\/style>\n\t\t<div id='gallery-5' class='gallery galleryid-6018 gallery-columns-3 gallery-size-thumbnail'><dl class='gallery-item'>\n\t\t\t<dt class='gallery-icon landscape'>\n\t\t\t\t<a href='https:\/\/www.mundi-roth.de\/teneriffa-blog\/wp-content\/uploads\/2017\/12\/DSC01477A-1.jpg' rel=\"lightbox[6018]\"><img loading=\"lazy\" decoding=\"async\" width=\"150\" height=\"105\" src=\"https:\/\/www.mundi-roth.de\/teneriffa-blog\/wp-content\/uploads\/2017\/12\/DSC01477A-1-150x105.jpg\" class=\"attachment-thumbnail size-thumbnail\" alt=\"\" srcset=\"https:\/\/www.mundi-roth.de\/teneriffa-blog\/wp-content\/uploads\/2017\/12\/DSC01477A-1-150x105.jpg 150w, https:\/\/www.mundi-roth.de\/teneriffa-blog\/wp-content\/uploads\/2017\/12\/DSC01477A-1-300x210.jpg 300w, https:\/\/www.mundi-roth.de\/teneriffa-blog\/wp-content\/uploads\/2017\/12\/DSC01477A-1-768x537.jpg 768w, https:\/\/www.mundi-roth.de\/teneriffa-blog\/wp-content\/uploads\/2017\/12\/DSC01477A-1.jpg 800w\" sizes=\"auto, (max-width: 150px) 100vw, 150px\" \/><\/a>\n\t\t\t<\/dt><\/dl><dl class='gallery-item'>\n\t\t\t<dt class='gallery-icon landscape'>\n\t\t\t\t<a href='https:\/\/www.mundi-roth.de\/teneriffa-blog\/wp-content\/uploads\/2017\/12\/DSC01487.jpg' rel=\"lightbox[6018]\"><img loading=\"lazy\" decoding=\"async\" width=\"150\" height=\"113\" src=\"https:\/\/www.mundi-roth.de\/teneriffa-blog\/wp-content\/uploads\/2017\/12\/DSC01487-150x113.jpg\" class=\"attachment-thumbnail size-thumbnail\" alt=\"\" srcset=\"https:\/\/www.mundi-roth.de\/teneriffa-blog\/wp-content\/uploads\/2017\/12\/DSC01487-150x113.jpg 150w, https:\/\/www.mundi-roth.de\/teneriffa-blog\/wp-content\/uploads\/2017\/12\/DSC01487-300x225.jpg 300w, https:\/\/www.mundi-roth.de\/teneriffa-blog\/wp-content\/uploads\/2017\/12\/DSC01487-768x576.jpg 768w, https:\/\/www.mundi-roth.de\/teneriffa-blog\/wp-content\/uploads\/2017\/12\/DSC01487.jpg 800w\" sizes=\"auto, (max-width: 150px) 100vw, 150px\" \/><\/a>\n\t\t\t<\/dt><\/dl><dl class='gallery-item'>\n\t\t\t<dt class='gallery-icon landscape'>\n\t\t\t\t<a href='https:\/\/www.mundi-roth.de\/teneriffa-blog\/wp-content\/uploads\/2017\/12\/DSC01492.jpg' rel=\"lightbox[6018]\"><img loading=\"lazy\" decoding=\"async\" width=\"150\" height=\"150\" src=\"https:\/\/www.mundi-roth.de\/teneriffa-blog\/wp-content\/uploads\/2017\/12\/DSC01492-150x150.jpg\" class=\"attachment-thumbnail size-thumbnail\" alt=\"\" srcset=\"https:\/\/www.mundi-roth.de\/teneriffa-blog\/wp-content\/uploads\/2017\/12\/DSC01492-150x150.jpg 150w, https:\/\/www.mundi-roth.de\/teneriffa-blog\/wp-content\/uploads\/2017\/12\/DSC01492-300x298.jpg 300w, https:\/\/www.mundi-roth.de\/teneriffa-blog\/wp-content\/uploads\/2017\/12\/DSC01492.jpg 592w\" sizes=\"auto, (max-width: 150px) 100vw, 150px\" \/><\/a>\n\t\t\t<\/dt><\/dl><br style=\"clear: both\" \/>\n\t\t<\/div>\n\n<p>50 Minuten habe ich bis zu den Leuchtt\u00fcrmen gebraucht und hier lege ich an der windgesch\u00fctzten Seite des neuen Leuchtturms meine obligatorische Apfelpause ein. Schade, fr\u00fcher gab es hier eine Bank nun nehme ich halt mit einem Lavastein vorlieb.<\/p>\n<p>Keine M\u00fcdigkeit vorsch\u00fctzen: Weiter!<br \/>\nAls Ziel habe ich mir Las Galletas f\u00fcr heute vorgenommen und werde dort meinen lieben Mann treffen..<\/p>\n<p>Schon vom Leuchtturm aus sieht man die Planen einer riesigen Bananenplantage.<br \/>\nAber vorher wieder eine Infotafel die darauf aufmerksam macht, dass es hier fr\u00fcher kleine Salinen gab, die den einzelnen Familien zugeteilt wurden und die sie \u201eabernten\u201c konnten sie aber auch pflegen mussten. Das Salz, das sie \u201eernteten\u201c wurde auf dem R\u00fccken von Lasttieren abtransportiert und verkauft.<\/p>\n\n\t\t<style type=\"text\/css\">\n\t\t\t#gallery-6 {\n\t\t\t\tmargin: auto;\n\t\t\t}\n\t\t\t#gallery-6 .gallery-item {\n\t\t\t\tfloat: left;\n\t\t\t\tmargin-top: 10px;\n\t\t\t\ttext-align: center;\n\t\t\t\twidth: 50%;\n\t\t\t}\n\t\t\t#gallery-6 img {\n\t\t\t\tborder: 2px solid #cfcfcf;\n\t\t\t}\n\t\t\t#gallery-6 .gallery-caption {\n\t\t\t\tmargin-left: 0;\n\t\t\t}\n\t\t\t\/* see gallery_shortcode() in wp-includes\/media.php *\/\n\t\t<\/style>\n\t\t<div id='gallery-6' class='gallery galleryid-6018 gallery-columns-2 gallery-size-medium'><dl class='gallery-item'>\n\t\t\t<dt class='gallery-icon landscape'>\n\t\t\t\t<a href='https:\/\/www.mundi-roth.de\/teneriffa-blog\/wp-content\/uploads\/2017\/12\/DSC01494AA-1.jpg' rel=\"lightbox[6018]\"><img loading=\"lazy\" decoding=\"async\" width=\"300\" height=\"149\" src=\"https:\/\/www.mundi-roth.de\/teneriffa-blog\/wp-content\/uploads\/2017\/12\/DSC01494AA-1-300x149.jpg\" class=\"attachment-medium size-medium\" alt=\"\" srcset=\"https:\/\/www.mundi-roth.de\/teneriffa-blog\/wp-content\/uploads\/2017\/12\/DSC01494AA-1-300x149.jpg 300w, https:\/\/www.mundi-roth.de\/teneriffa-blog\/wp-content\/uploads\/2017\/12\/DSC01494AA-1-150x74.jpg 150w, https:\/\/www.mundi-roth.de\/teneriffa-blog\/wp-content\/uploads\/2017\/12\/DSC01494AA-1-768x380.jpg 768w, https:\/\/www.mundi-roth.de\/teneriffa-blog\/wp-content\/uploads\/2017\/12\/DSC01494AA-1.jpg 800w\" sizes=\"auto, (max-width: 300px) 100vw, 300px\" \/><\/a>\n\t\t\t<\/dt><\/dl><dl class='gallery-item'>\n\t\t\t<dt class='gallery-icon landscape'>\n\t\t\t\t<a href='https:\/\/www.mundi-roth.de\/teneriffa-blog\/wp-content\/uploads\/2017\/12\/DSC01495AQ-1.jpg' rel=\"lightbox[6018]\"><img loading=\"lazy\" decoding=\"async\" width=\"300\" height=\"117\" src=\"https:\/\/www.mundi-roth.de\/teneriffa-blog\/wp-content\/uploads\/2017\/12\/DSC01495AQ-1-300x117.jpg\" class=\"attachment-medium size-medium\" alt=\"\" srcset=\"https:\/\/www.mundi-roth.de\/teneriffa-blog\/wp-content\/uploads\/2017\/12\/DSC01495AQ-1-300x117.jpg 300w, https:\/\/www.mundi-roth.de\/teneriffa-blog\/wp-content\/uploads\/2017\/12\/DSC01495AQ-1-150x59.jpg 150w, https:\/\/www.mundi-roth.de\/teneriffa-blog\/wp-content\/uploads\/2017\/12\/DSC01495AQ-1-768x300.jpg 768w, https:\/\/www.mundi-roth.de\/teneriffa-blog\/wp-content\/uploads\/2017\/12\/DSC01495AQ-1.jpg 800w\" sizes=\"auto, (max-width: 300px) 100vw, 300px\" \/><\/a>\n\t\t\t<\/dt><\/dl><br style=\"clear: both\" \/>\n\t\t<\/div>\n\n<p><a href=\"https:\/\/www.mundi-roth.de\/teneriffa-blog\/wp-content\/uploads\/2017\/12\/DSC01503.jpg\" rel=\"lightbox[6018]\"><img loading=\"lazy\" decoding=\"async\" class=\"alignleft size-thumbnail wp-image-6037\" src=\"https:\/\/www.mundi-roth.de\/teneriffa-blog\/wp-content\/uploads\/2017\/12\/DSC01503-111x150.jpg\" alt=\"\" width=\"111\" height=\"150\" srcset=\"https:\/\/www.mundi-roth.de\/teneriffa-blog\/wp-content\/uploads\/2017\/12\/DSC01503-111x150.jpg 111w, https:\/\/www.mundi-roth.de\/teneriffa-blog\/wp-content\/uploads\/2017\/12\/DSC01503-222x300.jpg 222w, https:\/\/www.mundi-roth.de\/teneriffa-blog\/wp-content\/uploads\/2017\/12\/DSC01503.jpg 592w\" sizes=\"auto, (max-width: 111px) 100vw, 111px\" \/><\/a>10 Minuten sp\u00e4ter erreiche ich die Bananenplantage die auf der Meerseite von Palmen ges\u00e4umt wird. Leider habe ich es<a href=\"https:\/\/www.mundi-roth.de\/teneriffa-blog\/wp-content\/uploads\/2017\/12\/DSC01501.jpg\" rel=\"lightbox[6018]\"><img loading=\"lazy\" decoding=\"async\" class=\"alignright size-thumbnail wp-image-6038\" src=\"https:\/\/www.mundi-roth.de\/teneriffa-blog\/wp-content\/uploads\/2017\/12\/DSC01501-150x113.jpg\" alt=\"\" width=\"150\" height=\"113\" srcset=\"https:\/\/www.mundi-roth.de\/teneriffa-blog\/wp-content\/uploads\/2017\/12\/DSC01501-150x113.jpg 150w, https:\/\/www.mundi-roth.de\/teneriffa-blog\/wp-content\/uploads\/2017\/12\/DSC01501-300x225.jpg 300w, https:\/\/www.mundi-roth.de\/teneriffa-blog\/wp-content\/uploads\/2017\/12\/DSC01501-768x576.jpg 768w, https:\/\/www.mundi-roth.de\/teneriffa-blog\/wp-content\/uploads\/2017\/12\/DSC01501.jpg 800w\" sizes=\"auto, (max-width: 150px) 100vw, 150px\" \/><\/a> vers\u00e4umt zu z\u00e4hlen, wie viele dort angepflanzt sind und der Meeresbrise trotzen. Auf alle F\u00e4lle sehr viele, denn ich wandere 20 Minuten hier entlang. Gut, es gab hier einige Stellen denen man versuchen musste auszuweichen, denn die Plantagen wurden so gut gew\u00e4ssert, dass das Gie\u00dfwasser auf den Weg gelaufen ist und sich mit Staub und Sand zur Matsche verwandelt hat und man kaum eine Ausweichm\u00f6glichkeit fand. Ich gehe mit \u201egepolsterten\u201c Stiefeln weiter.<\/p>\n<p>Aber: Als die Palmenreihe zu Ende ist wird diese von mehr als 30 B\u00e4umen der Meerestraube abgel\u00f6st.<\/p>\n\n\t\t<style type=\"text\/css\">\n\t\t\t#gallery-7 {\n\t\t\t\tmargin: auto;\n\t\t\t}\n\t\t\t#gallery-7 .gallery-item {\n\t\t\t\tfloat: left;\n\t\t\t\tmargin-top: 10px;\n\t\t\t\ttext-align: center;\n\t\t\t\twidth: 50%;\n\t\t\t}\n\t\t\t#gallery-7 img {\n\t\t\t\tborder: 2px solid #cfcfcf;\n\t\t\t}\n\t\t\t#gallery-7 .gallery-caption {\n\t\t\t\tmargin-left: 0;\n\t\t\t}\n\t\t\t\/* see gallery_shortcode() in wp-includes\/media.php *\/\n\t\t<\/style>\n\t\t<div id='gallery-7' class='gallery galleryid-6018 gallery-columns-2 gallery-size-medium'><dl class='gallery-item'>\n\t\t\t<dt class='gallery-icon landscape'>\n\t\t\t\t<a href='https:\/\/www.mundi-roth.de\/teneriffa-blog\/wp-content\/uploads\/2017\/12\/DSC01505.jpg' rel=\"lightbox[6018]\"><img loading=\"lazy\" decoding=\"async\" width=\"300\" height=\"225\" src=\"https:\/\/www.mundi-roth.de\/teneriffa-blog\/wp-content\/uploads\/2017\/12\/DSC01505-300x225.jpg\" class=\"attachment-medium size-medium\" alt=\"\" srcset=\"https:\/\/www.mundi-roth.de\/teneriffa-blog\/wp-content\/uploads\/2017\/12\/DSC01505-300x225.jpg 300w, https:\/\/www.mundi-roth.de\/teneriffa-blog\/wp-content\/uploads\/2017\/12\/DSC01505-150x113.jpg 150w, https:\/\/www.mundi-roth.de\/teneriffa-blog\/wp-content\/uploads\/2017\/12\/DSC01505-768x576.jpg 768w, https:\/\/www.mundi-roth.de\/teneriffa-blog\/wp-content\/uploads\/2017\/12\/DSC01505.jpg 800w\" sizes=\"auto, (max-width: 300px) 100vw, 300px\" \/><\/a>\n\t\t\t<\/dt><\/dl><dl class='gallery-item'>\n\t\t\t<dt class='gallery-icon landscape'>\n\t\t\t\t<a href='https:\/\/www.mundi-roth.de\/teneriffa-blog\/wp-content\/uploads\/2017\/12\/DSCN2963.jpg' rel=\"lightbox[6018]\"><img loading=\"lazy\" decoding=\"async\" width=\"300\" height=\"225\" src=\"https:\/\/www.mundi-roth.de\/teneriffa-blog\/wp-content\/uploads\/2017\/12\/DSCN2963-300x225.jpg\" class=\"attachment-medium size-medium\" alt=\"\" srcset=\"https:\/\/www.mundi-roth.de\/teneriffa-blog\/wp-content\/uploads\/2017\/12\/DSCN2963-300x225.jpg 300w, https:\/\/www.mundi-roth.de\/teneriffa-blog\/wp-content\/uploads\/2017\/12\/DSCN2963-150x113.jpg 150w, https:\/\/www.mundi-roth.de\/teneriffa-blog\/wp-content\/uploads\/2017\/12\/DSCN2963-768x576.jpg 768w, https:\/\/www.mundi-roth.de\/teneriffa-blog\/wp-content\/uploads\/2017\/12\/DSCN2963.jpg 800w\" sizes=\"auto, (max-width: 300px) 100vw, 300px\" \/><\/a>\n\t\t\t<\/dt><\/dl><br style=\"clear: both\" \/>\n\t\t<\/div>\n\n<p>Auch hier bestaune ich wieder das wunderbare Wellenspiel und durch irgend etwas ist eine ganze Schar M\u00f6wen aufgeschreckt und fliegt \u00fcber meinen Kopf hinweg.<\/p>\n\n\t\t<style type=\"text\/css\">\n\t\t\t#gallery-8 {\n\t\t\t\tmargin: auto;\n\t\t\t}\n\t\t\t#gallery-8 .gallery-item {\n\t\t\t\tfloat: left;\n\t\t\t\tmargin-top: 10px;\n\t\t\t\ttext-align: center;\n\t\t\t\twidth: 33%;\n\t\t\t}\n\t\t\t#gallery-8 img {\n\t\t\t\tborder: 2px solid #cfcfcf;\n\t\t\t}\n\t\t\t#gallery-8 .gallery-caption {\n\t\t\t\tmargin-left: 0;\n\t\t\t}\n\t\t\t\/* see gallery_shortcode() in wp-includes\/media.php *\/\n\t\t<\/style>\n\t\t<div id='gallery-8' class='gallery galleryid-6018 gallery-columns-3 gallery-size-thumbnail'><dl class='gallery-item'>\n\t\t\t<dt class='gallery-icon landscape'>\n\t\t\t\t<a href='https:\/\/www.mundi-roth.de\/teneriffa-blog\/wp-content\/uploads\/2017\/12\/DSC01473.jpg' rel=\"lightbox[6018]\"><img loading=\"lazy\" decoding=\"async\" width=\"150\" height=\"113\" src=\"https:\/\/www.mundi-roth.de\/teneriffa-blog\/wp-content\/uploads\/2017\/12\/DSC01473-150x113.jpg\" class=\"attachment-thumbnail size-thumbnail\" alt=\"\" srcset=\"https:\/\/www.mundi-roth.de\/teneriffa-blog\/wp-content\/uploads\/2017\/12\/DSC01473-150x113.jpg 150w, https:\/\/www.mundi-roth.de\/teneriffa-blog\/wp-content\/uploads\/2017\/12\/DSC01473-300x225.jpg 300w, https:\/\/www.mundi-roth.de\/teneriffa-blog\/wp-content\/uploads\/2017\/12\/DSC01473-768x576.jpg 768w, https:\/\/www.mundi-roth.de\/teneriffa-blog\/wp-content\/uploads\/2017\/12\/DSC01473.jpg 800w\" sizes=\"auto, (max-width: 150px) 100vw, 150px\" \/><\/a>\n\t\t\t<\/dt><\/dl><dl class='gallery-item'>\n\t\t\t<dt class='gallery-icon landscape'>\n\t\t\t\t<a href='https:\/\/www.mundi-roth.de\/teneriffa-blog\/wp-content\/uploads\/2017\/12\/DSC01504.jpg' rel=\"lightbox[6018]\"><img loading=\"lazy\" decoding=\"async\" width=\"150\" height=\"113\" src=\"https:\/\/www.mundi-roth.de\/teneriffa-blog\/wp-content\/uploads\/2017\/12\/DSC01504-150x113.jpg\" class=\"attachment-thumbnail size-thumbnail\" alt=\"\" srcset=\"https:\/\/www.mundi-roth.de\/teneriffa-blog\/wp-content\/uploads\/2017\/12\/DSC01504-150x113.jpg 150w, https:\/\/www.mundi-roth.de\/teneriffa-blog\/wp-content\/uploads\/2017\/12\/DSC01504-300x225.jpg 300w, https:\/\/www.mundi-roth.de\/teneriffa-blog\/wp-content\/uploads\/2017\/12\/DSC01504-768x576.jpg 768w, https:\/\/www.mundi-roth.de\/teneriffa-blog\/wp-content\/uploads\/2017\/12\/DSC01504.jpg 800w\" sizes=\"auto, (max-width: 150px) 100vw, 150px\" \/><\/a>\n\t\t\t<\/dt><\/dl><dl class='gallery-item'>\n\t\t\t<dt class='gallery-icon landscape'>\n\t\t\t\t<a href='https:\/\/www.mundi-roth.de\/teneriffa-blog\/wp-content\/uploads\/2017\/12\/DSC01517.jpg' rel=\"lightbox[6018]\"><img loading=\"lazy\" decoding=\"async\" width=\"150\" height=\"113\" src=\"https:\/\/www.mundi-roth.de\/teneriffa-blog\/wp-content\/uploads\/2017\/12\/DSC01517-150x113.jpg\" class=\"attachment-thumbnail size-thumbnail\" alt=\"\" srcset=\"https:\/\/www.mundi-roth.de\/teneriffa-blog\/wp-content\/uploads\/2017\/12\/DSC01517-150x113.jpg 150w, https:\/\/www.mundi-roth.de\/teneriffa-blog\/wp-content\/uploads\/2017\/12\/DSC01517-300x225.jpg 300w, https:\/\/www.mundi-roth.de\/teneriffa-blog\/wp-content\/uploads\/2017\/12\/DSC01517-768x576.jpg 768w, https:\/\/www.mundi-roth.de\/teneriffa-blog\/wp-content\/uploads\/2017\/12\/DSC01517.jpg 800w\" sizes=\"auto, (max-width: 150px) 100vw, 150px\" \/><\/a>\n\t\t\t<\/dt><\/dl><br style=\"clear: both\" \/>\n\t\t<\/div>\n\n<p>Kaum an der Plantage vorbei habe ich schon den Blick auf Las Galletas und Costa de Silencio.<\/p>\n<p><a href=\"https:\/\/www.mundi-roth.de\/teneriffa-blog\/wp-content\/uploads\/2017\/12\/DSC01519.jpg\" rel=\"lightbox[6018]\"><img loading=\"lazy\" decoding=\"async\" class=\"aligncenter size-medium wp-image-6041\" src=\"https:\/\/www.mundi-roth.de\/teneriffa-blog\/wp-content\/uploads\/2017\/12\/DSC01519-300x225.jpg\" alt=\"\" width=\"300\" height=\"225\" srcset=\"https:\/\/www.mundi-roth.de\/teneriffa-blog\/wp-content\/uploads\/2017\/12\/DSC01519-300x225.jpg 300w, https:\/\/www.mundi-roth.de\/teneriffa-blog\/wp-content\/uploads\/2017\/12\/DSC01519-150x113.jpg 150w, https:\/\/www.mundi-roth.de\/teneriffa-blog\/wp-content\/uploads\/2017\/12\/DSC01519-768x576.jpg 768w, https:\/\/www.mundi-roth.de\/teneriffa-blog\/wp-content\/uploads\/2017\/12\/DSC01519.jpg 800w\" sizes=\"auto, (max-width: 300px) 100vw, 300px\" \/><\/a><br \/>\nIm Hintergrund erheben sich mehrere kleine Vulkankegel die zu den \u2013 lt. Christobal dem Botaniker \u2013 40 Erhebungen hier in dieser Ebene z\u00e4hlen.<br \/>\nIch habe ja die Idee, so einige von diesen noch zu erkunden.<br \/>\nMonta\u00f1a Grande \u2013 im vergangen Jahr mit Elisabeth und ihren Neffen begangen &#8211; war der Anfang. Mal sehen wie viele noch folgen.<\/p>\n<p><a href=\"https:\/\/www.mundi-roth.de\/teneriffa-blog\/wp-content\/uploads\/2017\/12\/DSC01515A.jpg\" rel=\"lightbox[6018]\"><img loading=\"lazy\" decoding=\"async\" class=\"aligncenter size-medium wp-image-6063\" src=\"https:\/\/www.mundi-roth.de\/teneriffa-blog\/wp-content\/uploads\/2017\/12\/DSC01515A-300x132.jpg\" alt=\"\" width=\"300\" height=\"132\" srcset=\"https:\/\/www.mundi-roth.de\/teneriffa-blog\/wp-content\/uploads\/2017\/12\/DSC01515A-300x132.jpg 300w, https:\/\/www.mundi-roth.de\/teneriffa-blog\/wp-content\/uploads\/2017\/12\/DSC01515A-150x66.jpg 150w, https:\/\/www.mundi-roth.de\/teneriffa-blog\/wp-content\/uploads\/2017\/12\/DSC01515A-768x338.jpg 768w, https:\/\/www.mundi-roth.de\/teneriffa-blog\/wp-content\/uploads\/2017\/12\/DSC01515A.jpg 800w\" sizes=\"auto, (max-width: 300px) 100vw, 300px\" \/><\/a><\/p>\n<p>Wurde schon der erste Teil von Palm-Mar aus als \u201eMal Pa\u00eds\u201c bezeichnet und ist dieser Ausdruck in dem nun folgenden Teilst\u00fcck bis Las Galletas mehr als gerechtfertigt.<br \/>\nViele kleine Trampelpfade ziehen sich durch die Ebene, ohne Anleitung irrt man hier planlos durch die Gegend. Aber erstens habe ich ja komoot und zum anderen kann man einigerma\u00dfen gut der Reifenspur der Montainbiker folgen die mich direkt an eine kleine Chiringuita \u2013 eine skurile Strandbar \u2013 <a href=\"https:\/\/www.mundi-roth.de\/teneriffa-blog\/wp-content\/uploads\/2017\/12\/DSC01521.jpg\" rel=\"lightbox[6018]\"><img loading=\"lazy\" decoding=\"async\" class=\"alignright size-thumbnail wp-image-6042\" src=\"https:\/\/www.mundi-roth.de\/teneriffa-blog\/wp-content\/uploads\/2017\/12\/DSC01521-150x113.jpg\" alt=\"\" width=\"150\" height=\"113\" srcset=\"https:\/\/www.mundi-roth.de\/teneriffa-blog\/wp-content\/uploads\/2017\/12\/DSC01521-150x113.jpg 150w, https:\/\/www.mundi-roth.de\/teneriffa-blog\/wp-content\/uploads\/2017\/12\/DSC01521-300x225.jpg 300w, https:\/\/www.mundi-roth.de\/teneriffa-blog\/wp-content\/uploads\/2017\/12\/DSC01521-768x576.jpg 768w, https:\/\/www.mundi-roth.de\/teneriffa-blog\/wp-content\/uploads\/2017\/12\/DSC01521.jpg 800w\" sizes=\"auto, (max-width: 150px) 100vw, 150px\" \/><\/a>f\u00fchrt. Hier vorgelagert auf einem Felsen an einer kleinen Bucht lagern viele Sonnenhungrige und ganz Mutige st\u00fcrzen sich in die Wellen.<\/p>\n<p>An der Chiringuita f\u00fchrt ein mit Holzplanken belegter Weg aufw\u00e4rts, endet an einem Stellplatz f\u00fcr Wohnmobile und von hier nur kurz um die Ecke beim Geb\u00e4ude des Roten Kreuzes bin ich auf der Promenade.<\/p>\n<p>Wenn das kein Timing ist: Kaum bin ich einige Meter auf der Promenade Richtung Hafen von Las Galletas gewandert, wer hupt und h\u00e4lt neben mir?<br \/>\nRichtig! Mein lieber Mann.<br \/>\nDa wir an dieser Stra\u00dfe \u2013 oh Wunder \u2013 einen Parkplatz gefunden haben, nutzen wir diesen und gehen das St\u00fcckchen bis zum Hafen um dort eines der vielen Restaurant f\u00fcr uns auszuw\u00e4hlen<\/p>\n<p><strong>Fazit:<\/strong><\/p>\n<p>Ich habe es nicht bereut zum Xten-Mal die Monta\u00f1a Guaza als Start der heutigen Wanderung auszusuchen und ich schlie\u00dfe auch nicht aus, dass es ein weiteres Mal geben k\u00f6nnte.<\/p>\n","protected":false},"excerpt":{"rendered":"<p>Zum Ersten! &#8211; Zum Zweiten! &#8211; Zum Dritten! Wenn man \u2013 wie wir \u2013 die Monta\u00f1a Guaza t\u00e4glich von der Wohnung aus vor Augen hat, so reizt es schon, diesen Berg noch n\u00e4her zu erkunden. Da meine Wanderfreundin zur Zeit in Deutschland ist, habe ich die Wandergrunds\u00e4tze missachtet und bin alleine gegangen. Allerdings wird die\u00a0Monta\u00f1a [&hellip;]<\/p>\n","protected":false},"author":4,"featured_media":0,"comment_status":"open","ping_status":"open","sticky":false,"template":"","format":"standard","meta":{"footnotes":""},"categories":[775,6],"tags":[730,814,813,627,128,439,446,866],"class_list":["post-6018","post","type-post","status-publish","format-standard","hentry","category-arona","category-wanderungen","tag-costa-de-silencio","tag-faro-de-rasca","tag-las-galletas","tag-montana-guaza","tag-palm-mar","tag-teneriffa-wandern","tag-wandern-teneriffa","tag-wanderurlaub-teneriffa"],"yoast_head":"<!-- This site is optimized with the Yoast SEO plugin v27.5 - https:\/\/yoast.com\/product\/yoast-seo-wordpress\/ -->\n<title>Monta\u00f1a Guaza \u2013 Palm-Mar \u2013 Faro de Rasca \u2013 Las Galletas - Teneriffa Wandern<\/title>\n<meta name=\"robots\" content=\"index, follow, max-snippet:-1, max-image-preview:large, max-video-preview:-1\" \/>\n<link rel=\"canonical\" href=\"https:\/\/www.mundi-roth.de\/teneriffa-blog\/wanderungen\/montana-guaza-palm-mar-faro-de-rasca-las-galletas\/\" \/>\n<meta name=\"twitter:label1\" content=\"Verfasst von\" \/>\n\t<meta name=\"twitter:data1\" content=\"mundi\" \/>\n\t<meta name=\"twitter:label2\" content=\"Gesch\u00e4tzte Lesezeit\" \/>\n\t<meta name=\"twitter:data2\" content=\"7\u00a0Minuten\" \/>\n<script type=\"application\/ld+json\" class=\"yoast-schema-graph\">{\"@context\":\"https:\\\/\\\/schema.org\",\"@graph\":[{\"@type\":\"Article\",\"@id\":\"https:\\\/\\\/www.mundi-roth.de\\\/teneriffa-blog\\\/wanderungen\\\/montana-guaza-palm-mar-faro-de-rasca-las-galletas\\\/#article\",\"isPartOf\":{\"@id\":\"https:\\\/\\\/www.mundi-roth.de\\\/teneriffa-blog\\\/wanderungen\\\/montana-guaza-palm-mar-faro-de-rasca-las-galletas\\\/\"},\"author\":{\"name\":\"mundi\",\"@id\":\"https:\\\/\\\/www.mundi-roth.de\\\/teneriffa-blog\\\/#\\\/schema\\\/person\\\/971c66b55f3ae5e8741553688c413cac\"},\"headline\":\"Monta\u00f1a Guaza \u2013 Palm-Mar \u2013 Faro de Rasca \u2013 Las Galletas\",\"datePublished\":\"2017-12-21T21:00:39+00:00\",\"dateModified\":\"2017-12-24T10:10:46+00:00\",\"mainEntityOfPage\":{\"@id\":\"https:\\\/\\\/www.mundi-roth.de\\\/teneriffa-blog\\\/wanderungen\\\/montana-guaza-palm-mar-faro-de-rasca-las-galletas\\\/\"},\"wordCount\":1483,\"commentCount\":0,\"image\":{\"@id\":\"https:\\\/\\\/www.mundi-roth.de\\\/teneriffa-blog\\\/wanderungen\\\/montana-guaza-palm-mar-faro-de-rasca-las-galletas\\\/#primaryimage\"},\"thumbnailUrl\":\"https:\\\/\\\/www.mundi-roth.de\\\/teneriffa-blog\\\/wp-content\\\/uploads\\\/2017\\\/12\\\/DSC01401-300x166.jpg\",\"keywords\":[\"Costa de Silencio\",\"Faro de Rasca\",\"Las Galletas\",\"Monta\u00f1a Guaza\",\"Palm-Mar\",\"Teneriffa Wandern\",\"Wandern Teneriffa\",\"Wanderurlaub Teneriffa\"],\"articleSection\":[\"Arona\",\"Wanderungen\"],\"inLanguage\":\"de\",\"potentialAction\":[{\"@type\":\"CommentAction\",\"name\":\"Comment\",\"target\":[\"https:\\\/\\\/www.mundi-roth.de\\\/teneriffa-blog\\\/wanderungen\\\/montana-guaza-palm-mar-faro-de-rasca-las-galletas\\\/#respond\"]}]},{\"@type\":\"WebPage\",\"@id\":\"https:\\\/\\\/www.mundi-roth.de\\\/teneriffa-blog\\\/wanderungen\\\/montana-guaza-palm-mar-faro-de-rasca-las-galletas\\\/\",\"url\":\"https:\\\/\\\/www.mundi-roth.de\\\/teneriffa-blog\\\/wanderungen\\\/montana-guaza-palm-mar-faro-de-rasca-las-galletas\\\/\",\"name\":\"Monta\u00f1a Guaza \u2013 Palm-Mar \u2013 Faro de Rasca \u2013 Las Galletas - Teneriffa Wandern\",\"isPartOf\":{\"@id\":\"https:\\\/\\\/www.mundi-roth.de\\\/teneriffa-blog\\\/#website\"},\"primaryImageOfPage\":{\"@id\":\"https:\\\/\\\/www.mundi-roth.de\\\/teneriffa-blog\\\/wanderungen\\\/montana-guaza-palm-mar-faro-de-rasca-las-galletas\\\/#primaryimage\"},\"image\":{\"@id\":\"https:\\\/\\\/www.mundi-roth.de\\\/teneriffa-blog\\\/wanderungen\\\/montana-guaza-palm-mar-faro-de-rasca-las-galletas\\\/#primaryimage\"},\"thumbnailUrl\":\"https:\\\/\\\/www.mundi-roth.de\\\/teneriffa-blog\\\/wp-content\\\/uploads\\\/2017\\\/12\\\/DSC01401-300x166.jpg\",\"datePublished\":\"2017-12-21T21:00:39+00:00\",\"dateModified\":\"2017-12-24T10:10:46+00:00\",\"author\":{\"@id\":\"https:\\\/\\\/www.mundi-roth.de\\\/teneriffa-blog\\\/#\\\/schema\\\/person\\\/971c66b55f3ae5e8741553688c413cac\"},\"breadcrumb\":{\"@id\":\"https:\\\/\\\/www.mundi-roth.de\\\/teneriffa-blog\\\/wanderungen\\\/montana-guaza-palm-mar-faro-de-rasca-las-galletas\\\/#breadcrumb\"},\"inLanguage\":\"de\",\"potentialAction\":[{\"@type\":\"ReadAction\",\"target\":[\"https:\\\/\\\/www.mundi-roth.de\\\/teneriffa-blog\\\/wanderungen\\\/montana-guaza-palm-mar-faro-de-rasca-las-galletas\\\/\"]}]},{\"@type\":\"ImageObject\",\"inLanguage\":\"de\",\"@id\":\"https:\\\/\\\/www.mundi-roth.de\\\/teneriffa-blog\\\/wanderungen\\\/montana-guaza-palm-mar-faro-de-rasca-las-galletas\\\/#primaryimage\",\"url\":\"https:\\\/\\\/www.mundi-roth.de\\\/teneriffa-blog\\\/wp-content\\\/uploads\\\/2017\\\/12\\\/DSC01401.jpg\",\"contentUrl\":\"https:\\\/\\\/www.mundi-roth.de\\\/teneriffa-blog\\\/wp-content\\\/uploads\\\/2017\\\/12\\\/DSC01401.jpg\",\"width\":800,\"height\":443},{\"@type\":\"BreadcrumbList\",\"@id\":\"https:\\\/\\\/www.mundi-roth.de\\\/teneriffa-blog\\\/wanderungen\\\/montana-guaza-palm-mar-faro-de-rasca-las-galletas\\\/#breadcrumb\",\"itemListElement\":[{\"@type\":\"ListItem\",\"position\":1,\"name\":\"Startseite\",\"item\":\"https:\\\/\\\/www.mundi-roth.de\\\/teneriffa-blog\\\/\"},{\"@type\":\"ListItem\",\"position\":2,\"name\":\"Monta\u00f1a Guaza \u2013 Palm-Mar \u2013 Faro de Rasca \u2013 Las Galletas\"}]},{\"@type\":\"WebSite\",\"@id\":\"https:\\\/\\\/www.mundi-roth.de\\\/teneriffa-blog\\\/#website\",\"url\":\"https:\\\/\\\/www.mundi-roth.de\\\/teneriffa-blog\\\/\",\"name\":\"Teneriffa Wandern\",\"description\":\"Nicht nur Wanderungen auf Teneriffa...\",\"potentialAction\":[{\"@type\":\"SearchAction\",\"target\":{\"@type\":\"EntryPoint\",\"urlTemplate\":\"https:\\\/\\\/www.mundi-roth.de\\\/teneriffa-blog\\\/?s={search_term_string}\"},\"query-input\":{\"@type\":\"PropertyValueSpecification\",\"valueRequired\":true,\"valueName\":\"search_term_string\"}}],\"inLanguage\":\"de\"},{\"@type\":\"Person\",\"@id\":\"https:\\\/\\\/www.mundi-roth.de\\\/teneriffa-blog\\\/#\\\/schema\\\/person\\\/971c66b55f3ae5e8741553688c413cac\",\"name\":\"mundi\",\"image\":{\"@type\":\"ImageObject\",\"inLanguage\":\"de\",\"@id\":\"https:\\\/\\\/secure.gravatar.com\\\/avatar\\\/555f0dd85428f1a9330f8e5dbe9e40ff9ca912bb81e5a89747ebf3ca9c20dc0f?s=96&d=mm&r=g\",\"url\":\"https:\\\/\\\/secure.gravatar.com\\\/avatar\\\/555f0dd85428f1a9330f8e5dbe9e40ff9ca912bb81e5a89747ebf3ca9c20dc0f?s=96&d=mm&r=g\",\"contentUrl\":\"https:\\\/\\\/secure.gravatar.com\\\/avatar\\\/555f0dd85428f1a9330f8e5dbe9e40ff9ca912bb81e5a89747ebf3ca9c20dc0f?s=96&d=mm&r=g\",\"caption\":\"mundi\"},\"sameAs\":[\"http:\\\/\\\/mundi-roth.de\"],\"url\":\"https:\\\/\\\/www.mundi-roth.de\\\/teneriffa-blog\\\/author\\\/mundi\\\/\"}]}<\/script>\n<!-- \/ Yoast SEO plugin. -->","yoast_head_json":{"title":"Monta\u00f1a Guaza \u2013 Palm-Mar \u2013 Faro de Rasca \u2013 Las Galletas - Teneriffa Wandern","robots":{"index":"index","follow":"follow","max-snippet":"max-snippet:-1","max-image-preview":"max-image-preview:large","max-video-preview":"max-video-preview:-1"},"canonical":"https:\/\/www.mundi-roth.de\/teneriffa-blog\/wanderungen\/montana-guaza-palm-mar-faro-de-rasca-las-galletas\/","twitter_misc":{"Verfasst von":"mundi","Gesch\u00e4tzte Lesezeit":"7\u00a0Minuten"},"schema":{"@context":"https:\/\/schema.org","@graph":[{"@type":"Article","@id":"https:\/\/www.mundi-roth.de\/teneriffa-blog\/wanderungen\/montana-guaza-palm-mar-faro-de-rasca-las-galletas\/#article","isPartOf":{"@id":"https:\/\/www.mundi-roth.de\/teneriffa-blog\/wanderungen\/montana-guaza-palm-mar-faro-de-rasca-las-galletas\/"},"author":{"name":"mundi","@id":"https:\/\/www.mundi-roth.de\/teneriffa-blog\/#\/schema\/person\/971c66b55f3ae5e8741553688c413cac"},"headline":"Monta\u00f1a Guaza \u2013 Palm-Mar \u2013 Faro de Rasca \u2013 Las Galletas","datePublished":"2017-12-21T21:00:39+00:00","dateModified":"2017-12-24T10:10:46+00:00","mainEntityOfPage":{"@id":"https:\/\/www.mundi-roth.de\/teneriffa-blog\/wanderungen\/montana-guaza-palm-mar-faro-de-rasca-las-galletas\/"},"wordCount":1483,"commentCount":0,"image":{"@id":"https:\/\/www.mundi-roth.de\/teneriffa-blog\/wanderungen\/montana-guaza-palm-mar-faro-de-rasca-las-galletas\/#primaryimage"},"thumbnailUrl":"https:\/\/www.mundi-roth.de\/teneriffa-blog\/wp-content\/uploads\/2017\/12\/DSC01401-300x166.jpg","keywords":["Costa de Silencio","Faro de Rasca","Las Galletas","Monta\u00f1a Guaza","Palm-Mar","Teneriffa Wandern","Wandern Teneriffa","Wanderurlaub Teneriffa"],"articleSection":["Arona","Wanderungen"],"inLanguage":"de","potentialAction":[{"@type":"CommentAction","name":"Comment","target":["https:\/\/www.mundi-roth.de\/teneriffa-blog\/wanderungen\/montana-guaza-palm-mar-faro-de-rasca-las-galletas\/#respond"]}]},{"@type":"WebPage","@id":"https:\/\/www.mundi-roth.de\/teneriffa-blog\/wanderungen\/montana-guaza-palm-mar-faro-de-rasca-las-galletas\/","url":"https:\/\/www.mundi-roth.de\/teneriffa-blog\/wanderungen\/montana-guaza-palm-mar-faro-de-rasca-las-galletas\/","name":"Monta\u00f1a Guaza \u2013 Palm-Mar \u2013 Faro de Rasca \u2013 Las Galletas - Teneriffa Wandern","isPartOf":{"@id":"https:\/\/www.mundi-roth.de\/teneriffa-blog\/#website"},"primaryImageOfPage":{"@id":"https:\/\/www.mundi-roth.de\/teneriffa-blog\/wanderungen\/montana-guaza-palm-mar-faro-de-rasca-las-galletas\/#primaryimage"},"image":{"@id":"https:\/\/www.mundi-roth.de\/teneriffa-blog\/wanderungen\/montana-guaza-palm-mar-faro-de-rasca-las-galletas\/#primaryimage"},"thumbnailUrl":"https:\/\/www.mundi-roth.de\/teneriffa-blog\/wp-content\/uploads\/2017\/12\/DSC01401-300x166.jpg","datePublished":"2017-12-21T21:00:39+00:00","dateModified":"2017-12-24T10:10:46+00:00","author":{"@id":"https:\/\/www.mundi-roth.de\/teneriffa-blog\/#\/schema\/person\/971c66b55f3ae5e8741553688c413cac"},"breadcrumb":{"@id":"https:\/\/www.mundi-roth.de\/teneriffa-blog\/wanderungen\/montana-guaza-palm-mar-faro-de-rasca-las-galletas\/#breadcrumb"},"inLanguage":"de","potentialAction":[{"@type":"ReadAction","target":["https:\/\/www.mundi-roth.de\/teneriffa-blog\/wanderungen\/montana-guaza-palm-mar-faro-de-rasca-las-galletas\/"]}]},{"@type":"ImageObject","inLanguage":"de","@id":"https:\/\/www.mundi-roth.de\/teneriffa-blog\/wanderungen\/montana-guaza-palm-mar-faro-de-rasca-las-galletas\/#primaryimage","url":"https:\/\/www.mundi-roth.de\/teneriffa-blog\/wp-content\/uploads\/2017\/12\/DSC01401.jpg","contentUrl":"https:\/\/www.mundi-roth.de\/teneriffa-blog\/wp-content\/uploads\/2017\/12\/DSC01401.jpg","width":800,"height":443},{"@type":"BreadcrumbList","@id":"https:\/\/www.mundi-roth.de\/teneriffa-blog\/wanderungen\/montana-guaza-palm-mar-faro-de-rasca-las-galletas\/#breadcrumb","itemListElement":[{"@type":"ListItem","position":1,"name":"Startseite","item":"https:\/\/www.mundi-roth.de\/teneriffa-blog\/"},{"@type":"ListItem","position":2,"name":"Monta\u00f1a Guaza \u2013 Palm-Mar \u2013 Faro de Rasca \u2013 Las Galletas"}]},{"@type":"WebSite","@id":"https:\/\/www.mundi-roth.de\/teneriffa-blog\/#website","url":"https:\/\/www.mundi-roth.de\/teneriffa-blog\/","name":"Teneriffa Wandern","description":"Nicht nur Wanderungen auf Teneriffa...","potentialAction":[{"@type":"SearchAction","target":{"@type":"EntryPoint","urlTemplate":"https:\/\/www.mundi-roth.de\/teneriffa-blog\/?s={search_term_string}"},"query-input":{"@type":"PropertyValueSpecification","valueRequired":true,"valueName":"search_term_string"}}],"inLanguage":"de"},{"@type":"Person","@id":"https:\/\/www.mundi-roth.de\/teneriffa-blog\/#\/schema\/person\/971c66b55f3ae5e8741553688c413cac","name":"mundi","image":{"@type":"ImageObject","inLanguage":"de","@id":"https:\/\/secure.gravatar.com\/avatar\/555f0dd85428f1a9330f8e5dbe9e40ff9ca912bb81e5a89747ebf3ca9c20dc0f?s=96&d=mm&r=g","url":"https:\/\/secure.gravatar.com\/avatar\/555f0dd85428f1a9330f8e5dbe9e40ff9ca912bb81e5a89747ebf3ca9c20dc0f?s=96&d=mm&r=g","contentUrl":"https:\/\/secure.gravatar.com\/avatar\/555f0dd85428f1a9330f8e5dbe9e40ff9ca912bb81e5a89747ebf3ca9c20dc0f?s=96&d=mm&r=g","caption":"mundi"},"sameAs":["http:\/\/mundi-roth.de"],"url":"https:\/\/www.mundi-roth.de\/teneriffa-blog\/author\/mundi\/"}]}},"_links":{"self":[{"href":"https:\/\/www.mundi-roth.de\/teneriffa-blog\/wp-json\/wp\/v2\/posts\/6018","targetHints":{"allow":["GET"]}}],"collection":[{"href":"https:\/\/www.mundi-roth.de\/teneriffa-blog\/wp-json\/wp\/v2\/posts"}],"about":[{"href":"https:\/\/www.mundi-roth.de\/teneriffa-blog\/wp-json\/wp\/v2\/types\/post"}],"author":[{"embeddable":true,"href":"https:\/\/www.mundi-roth.de\/teneriffa-blog\/wp-json\/wp\/v2\/users\/4"}],"replies":[{"embeddable":true,"href":"https:\/\/www.mundi-roth.de\/teneriffa-blog\/wp-json\/wp\/v2\/comments?post=6018"}],"version-history":[{"count":0,"href":"https:\/\/www.mundi-roth.de\/teneriffa-blog\/wp-json\/wp\/v2\/posts\/6018\/revisions"}],"wp:attachment":[{"href":"https:\/\/www.mundi-roth.de\/teneriffa-blog\/wp-json\/wp\/v2\/media?parent=6018"}],"wp:term":[{"taxonomy":"category","embeddable":true,"href":"https:\/\/www.mundi-roth.de\/teneriffa-blog\/wp-json\/wp\/v2\/categories?post=6018"},{"taxonomy":"post_tag","embeddable":true,"href":"https:\/\/www.mundi-roth.de\/teneriffa-blog\/wp-json\/wp\/v2\/tags?post=6018"}],"curies":[{"name":"wp","href":"https:\/\/api.w.org\/{rel}","templated":true}]}}