{"id":603,"date":"2008-12-11T20:00:20","date_gmt":"2008-12-11T19:00:20","guid":{"rendered":"http:\/\/www.mundi-roth.de\/teneriffa-blog\/?p=603"},"modified":"2015-04-12T11:37:02","modified_gmt":"2015-04-12T10:37:02","slug":"roque-igara-oder-%e2%80%9cder-schlafende-senor%e2%80%9d","status":"publish","type":"post","link":"https:\/\/www.mundi-roth.de\/teneriffa-blog\/wanderungen\/roque-igara-oder-%e2%80%9cder-schlafende-senor%e2%80%9d\/","title":{"rendered":"Roque Igara oder \u201cder schlafende Se\u00f1or\u201d"},"content":{"rendered":"<p><strong>Von Westen gesehen kann man im Roque Igara das Profil eines Schlafenden erkennen.<\/strong><\/p>\n<p><strong>Eine Wanderung quasi vor der Haust\u00fcre \u2013 wenn man im S\u00fcden wohnt \u2013mit sch\u00f6nen Rundumblicken auf die \u00d6rtchen Chayofa \u2013 Buzanada \u2013 Guaza \u2013 und auf Los Cristianos \u2013 sowie die diversen Vulkankegel und das Meer.<\/strong><\/p>\n<p><strong>Wanderweg-Stecke:<\/strong> 2 Stunden<a href=\"http:\/\/www.mundi-roth.de\/teneriffa-blog\/wp-content\/uploads\/2008\/12\/route3.jpg\" rel=\"lightbox[603]\"><img loading=\"lazy\" decoding=\"async\" class=\"alignright size-thumbnail wp-image-611\" title=\"route3\" src=\"http:\/\/www.mundi-roth.de\/teneriffa-blog\/wp-content\/uploads\/2008\/12\/route3-150x148.jpg\" alt=\"\" width=\"150\" height=\"148\" srcset=\"https:\/\/www.mundi-roth.de\/teneriffa-blog\/wp-content\/uploads\/2008\/12\/route3-150x148.jpg 150w, https:\/\/www.mundi-roth.de\/teneriffa-blog\/wp-content\/uploads\/2008\/12\/route3-300x296.jpg 300w, https:\/\/www.mundi-roth.de\/teneriffa-blog\/wp-content\/uploads\/2008\/12\/route3.jpg 600w\" sizes=\"auto, (max-width: 150px) 100vw, 150px\" \/><\/a><br \/>\nWir \u201eoperieren\u201c wieder mit mehreren Autos \u2013 wie so oft &#8211; und stellen 2 Wagen unten am <em>Monkey-Park<\/em> ab. (Wer keine Angst vor Autoaufbr\u00fcchen hat, kann das Auto an der TF 662 bei km 1 abstellen). Mit dem anderen Wagen fahren wir von La Camella auf der TF 657 Richtung Cabo Blanco und dort sofort rechts in die Strasse Los Chijafes. Dieser folgen wir bis zum Ende, biegen rechts in den \u201eCamino Charco Retondo\u201c ab bis zum Ende, unterhalb der Schule und des Kindergartens von La Camella. Ausreichend Parkm\u00f6glichkeiten sind vorhanden und hier beginnt auch sofort <a href=\"http:\/\/www.mundi-roth.de\/teneriffa-blog\/wp-content\/uploads\/2008\/12\/sany12571.jpg\" rel=\"lightbox[603]\"><img loading=\"lazy\" decoding=\"async\" class=\"alignleft size-thumbnail wp-image-606\" title=\"sany12571\" src=\"http:\/\/www.mundi-roth.de\/teneriffa-blog\/wp-content\/uploads\/2008\/12\/sany12571-150x112.jpg\" alt=\"\" width=\"150\" height=\"112\" srcset=\"https:\/\/www.mundi-roth.de\/teneriffa-blog\/wp-content\/uploads\/2008\/12\/sany12571-150x112.jpg 150w, https:\/\/www.mundi-roth.de\/teneriffa-blog\/wp-content\/uploads\/2008\/12\/sany12571-300x225.jpg 300w, https:\/\/www.mundi-roth.de\/teneriffa-blog\/wp-content\/uploads\/2008\/12\/sany12571.jpg 600w\" sizes=\"auto, (max-width: 150px) 100vw, 150px\" \/><\/a>unsere Wanderung bei einem h\u00f6lzernen Laternenmast. Der schmale, staubige Weg zweigt links ab und ist gut zu erkennen. Er steigt sanft stetig entlang des Berges \u201eMonta\u00f1a Chijate\u201c an. Nach ca. 20 Minuten wandern wir unter einem wuchtigen Elektromast durch, das Gel\u00e4nde f\u00e4llt leicht ab und wir laufen auf r\u00f6tliches Gestein zu. Hier geht sp\u00e4ter scharf rechts der Abstieg los.<a href=\"http:\/\/www.mundi-roth.de\/teneriffa-blog\/wp-content\/uploads\/2008\/12\/sany1262.jpg\" rel=\"lightbox[603]\"><img loading=\"lazy\" decoding=\"async\" class=\"alignright size-thumbnail wp-image-607\" title=\"sany1262\" src=\"http:\/\/www.mundi-roth.de\/teneriffa-blog\/wp-content\/uploads\/2008\/12\/sany1262-112x150.jpg\" alt=\"\" width=\"112\" height=\"150\" srcset=\"https:\/\/www.mundi-roth.de\/teneriffa-blog\/wp-content\/uploads\/2008\/12\/sany1262-112x150.jpg 112w, https:\/\/www.mundi-roth.de\/teneriffa-blog\/wp-content\/uploads\/2008\/12\/sany1262-225x300.jpg 225w, https:\/\/www.mundi-roth.de\/teneriffa-blog\/wp-content\/uploads\/2008\/12\/sany1262.jpg 450w\" sizes=\"auto, (max-width: 112px) 100vw, 112px\" \/><\/a><br \/>\nWir folgen aber zun\u00e4chst dem Weg nach links und kommen an eine Gabelung: links k\u00f6nnen wir \u00fcber Felsen an der imposanten Felswand des Roque Igara (393m) entlanggehen bis wir am Ende links einen Blick auf Buzanada und rechts auf Guaza haben. Dieser Abstecher ist Hin- wie R\u00fcckweg. Jedoch Vorsicht: retour ist der Weg nicht so gut auszumachen wie beim Hinweg. Als Richtlinie: in N\u00e4he der Felswand gehen, nicht zu weit den Hang hinunter abdriften.<br \/>\n<a href=\"http:\/\/www.mundi-roth.de\/teneriffa-blog\/wp-content\/uploads\/2008\/12\/sany1280.jpg\" rel=\"lightbox[603]\"><img loading=\"lazy\" decoding=\"async\" class=\"alignleft size-thumbnail wp-image-608\" title=\"sany1280\" src=\"http:\/\/www.mundi-roth.de\/teneriffa-blog\/wp-content\/uploads\/2008\/12\/sany1280-112x150.jpg\" alt=\"\" width=\"112\" height=\"150\" srcset=\"https:\/\/www.mundi-roth.de\/teneriffa-blog\/wp-content\/uploads\/2008\/12\/sany1280-112x150.jpg 112w, https:\/\/www.mundi-roth.de\/teneriffa-blog\/wp-content\/uploads\/2008\/12\/sany1280-225x300.jpg 225w, https:\/\/www.mundi-roth.de\/teneriffa-blog\/wp-content\/uploads\/2008\/12\/sany1280.jpg 450w\" sizes=\"auto, (max-width: 112px) 100vw, 112px\" \/><\/a><em>Achtung<\/em>:<em> Wenn man nun dem \u2013 vom Roque de Igara \u2013 \u00f6stlich des Morro de Llerena gut zu sehenden Weg folgt (gr\u00fcne Route), muss man Gestein, Ger\u00f6ll und Opuntien (Katusfeigen) lieben, denn am Ende des Weges geht es ein St\u00fcck weg- und steglos in den Barranco de la Tosca hinab<\/em>.<br \/>\nWir gehen aber bis zur Verl\u00e4ngerung des Weges unter dem Elektromast zur\u00fcck und dann \u2013 bei dem r\u00f6tlichen Gestein \u2013 westlich des Morro de Llerena in den Barranco de la Tosca hinunter.<br \/>\nRechts von uns haben wir Terrassenfelder und ein Trafoh\u00e4uschen.<br \/>\nKurz unterhalb desselben kommen wir auf einem gut gekennzeichneten Weg aus, folgen der steinigen Fahrstra\u00dfe links weiter Richtung Autobahn. Rechts zweigt ein Weg ab, ob wir diesen nehmen oder die steinige Fahrstra\u00dfe an den Wasserrohren entlanggehen, spielt keine Rolle, da sie kurz darauf wieder zusammentreffen.<br \/>\nSchade, wir sind in der \u201eZivilisation\u201c angekommen, eine wilde M\u00fcllkippe \u201eziert\u201c die Landschaft. Folgen wir dem Weg weiter, leicht bergauf, kommen wir bei km 1 auf die asphaltierte Stra\u00dfe TF 662.<br \/>\nUns interessiert aber die Mini-Mondlandschaft, darum halten wir uns unterhalb der Fahrstra\u00dfe rechts.<a href=\"http:\/\/www.mundi-roth.de\/teneriffa-blog\/wp-content\/uploads\/2008\/12\/p1020851a.jpg\" rel=\"lightbox[603]\"><img loading=\"lazy\" decoding=\"async\" class=\"alignright size-thumbnail wp-image-609\" title=\"p1020851a\" src=\"http:\/\/www.mundi-roth.de\/teneriffa-blog\/wp-content\/uploads\/2008\/12\/p1020851a-150x120.jpg\" alt=\"\" width=\"150\" height=\"120\" srcset=\"https:\/\/www.mundi-roth.de\/teneriffa-blog\/wp-content\/uploads\/2008\/12\/p1020851a-150x120.jpg 150w, https:\/\/www.mundi-roth.de\/teneriffa-blog\/wp-content\/uploads\/2008\/12\/p1020851a-300x241.jpg 300w, https:\/\/www.mundi-roth.de\/teneriffa-blog\/wp-content\/uploads\/2008\/12\/p1020851a.jpg 600w\" sizes=\"auto, (max-width: 150px) 100vw, 150px\" \/><\/a> Hier wurde fr\u00fcher Bimsgestein abgebaut und bizarre Gebilde sind die entsprechende Hinterlassenschaft. Wer \u2013 wie wir \u2013 rechts in das Abbaugebiet hineingeht muss zum Schluss halsbrecherisch \u00fcber Felsen zur Fahrstra\u00dfe aufsteigen oder wieder retour gehen, um zu dem bei km 1 abgestellten Wagen zu kommen. Wer beim Monkey-Park geparkt hat, folgt der asphaltierten Stra\u00dfe \u2013 auf der reger Autoverkehr herrscht &#8211; nach rechts.<br \/>\nEine sch\u00f6ne Tour, die uns den S\u00fcden mit seinen Ortschaften und Vulkankegeln n\u00e4her bringt und im Fr\u00fchjahr, wenn Margariten, Lavendel, Taginasten und Veroden bl\u00fchen, sicher noch sch\u00f6ner.<\/p>\n<p><strong>Restaurant:<\/strong><br \/>\n<a href=\"http:\/\/www.mundi-roth.de\/teneriffa-blog\/wp-content\/uploads\/2008\/12\/sany12861.jpg\" rel=\"lightbox[603]\"><img loading=\"lazy\" decoding=\"async\" class=\"alignleft size-thumbnail wp-image-615\" title=\"sany12861\" src=\"http:\/\/www.mundi-roth.de\/teneriffa-blog\/wp-content\/uploads\/2008\/12\/sany12861-150x102.jpg\" alt=\"\" width=\"150\" height=\"102\" srcset=\"https:\/\/www.mundi-roth.de\/teneriffa-blog\/wp-content\/uploads\/2008\/12\/sany12861-150x102.jpg 150w, https:\/\/www.mundi-roth.de\/teneriffa-blog\/wp-content\/uploads\/2008\/12\/sany12861-300x205.jpg 300w, https:\/\/www.mundi-roth.de\/teneriffa-blog\/wp-content\/uploads\/2008\/12\/sany12861.jpg 513w\" sizes=\"auto, (max-width: 150px) 100vw, 150px\" \/><\/a> Wir haben Lust das \u201eLa Monta\u00f1eta &#8211; neue Besitzer &#8211; auszuprobieren. Es liegt auf dem Weg zwischen Valle de San Lorenzo und San Miguel de Abona und ist von der TF 28 nicht zu verfehlen, da es mit einem gro\u00dfen Schild: Parrilla \u201eLa Monta\u00f1eta\u201c wirbt.<br \/>\nGe\u00f6ffnet t\u00e4glich von 13 Uhr bis 1 Uhr morgens.<\/p>\n<p>Kein Ruhetag, Telefon: 922 16 70 22<br \/>\nBesonders empfehlenswert und selten auf einer Speisekarte anzutreffen: \u201eSecreto ib\u00e9rico\u201c, das ist ein besonderes St\u00fcck Fleisch des iberischen, schwarzen Schweins, das sich haupts\u00e4chlich von Eicheln ern\u00e4hrt. K\u00f6stlich!<a href=\"http:\/\/www.mundi-roth.de\/teneriffa-blog\/wp-content\/uploads\/2008\/12\/anfahrt1.jpg\" rel=\"lightbox[603]\"><img loading=\"lazy\" decoding=\"async\" class=\"alignright size-thumbnail wp-image-604\" title=\"anfahrt1\" src=\"http:\/\/www.mundi-roth.de\/teneriffa-blog\/wp-content\/uploads\/2008\/12\/anfahrt1-150x134.jpg\" alt=\"\" width=\"150\" height=\"134\" srcset=\"https:\/\/www.mundi-roth.de\/teneriffa-blog\/wp-content\/uploads\/2008\/12\/anfahrt1-150x134.jpg 150w, https:\/\/www.mundi-roth.de\/teneriffa-blog\/wp-content\/uploads\/2008\/12\/anfahrt1-300x268.jpg 300w, https:\/\/www.mundi-roth.de\/teneriffa-blog\/wp-content\/uploads\/2008\/12\/anfahrt1.jpg 436w\" sizes=\"auto, (max-width: 150px) 100vw, 150px\" \/><\/a><\/p>\n<p><strong>Anfahrt:<\/strong><br \/>\nAus Los Cristianos kommend auf der TF 28 bis La Camella. Am zweiten Kreisel auf die TF 657 Richtung Cabo Blanco, kurz danach rechts abbiegen in die Calle Los Chijafes, dieser bis zum Ende folgen und dann rechts in den \u201eCamino Charco Retondo\u201c abbiegen.<\/p>\n","protected":false},"excerpt":{"rendered":"<p>Von Westen gesehen kann man im Roque Igara das Profil eines Schlafenden erkennen. Eine Wanderung quasi vor der Haust\u00fcre \u2013 wenn man im S\u00fcden wohnt \u2013mit sch\u00f6nen Rundumblicken auf die \u00d6rtchen Chayofa \u2013 Buzanada \u2013 Guaza \u2013 und auf Los Cristianos \u2013 sowie die diversen Vulkankegel und das Meer. Wanderweg-Stecke: 2 Stunden Wir \u201eoperieren\u201c wieder [&hellip;]<\/p>\n","protected":false},"author":3,"featured_media":0,"comment_status":"open","ping_status":"open","sticky":false,"template":"","format":"standard","meta":{"footnotes":""},"categories":[775,6],"tags":[191,186,185,183,192,187,188,190,189,27,193,3,184,4],"class_list":["post-603","post","type-post","status-publish","format-standard","hentry","category-arona","category-wanderungen","tag-barranco-de-la-tosca","tag-buzanada","tag-guaza","tag-la-camella","tag-la-montaneta","tag-monkey-park","tag-montana-chijate","tag-morro-de-llerena","tag-roque-igara","tag-san-miguel","tag-secreto-iberico","tag-teneriffa","tag-valle-de-san-lorenzo","tag-wandern"],"yoast_head":"<!-- This site is optimized with the Yoast SEO plugin v27.5 - https:\/\/yoast.com\/product\/yoast-seo-wordpress\/ -->\n<title>Roque Igara oder \u201cder schlafende Se\u00f1or\u201d - Teneriffa Wandern<\/title>\n<meta name=\"robots\" content=\"index, follow, max-snippet:-1, max-image-preview:large, max-video-preview:-1\" \/>\n<link rel=\"canonical\" href=\"https:\/\/www.mundi-roth.de\/teneriffa-blog\/wanderungen\/roque-igara-oder-\u201cder-schlafende-senor\u201d\/\" \/>\n<meta name=\"twitter:label1\" content=\"Verfasst von\" \/>\n\t<meta name=\"twitter:data1\" content=\"ir\" \/>\n\t<meta name=\"twitter:label2\" content=\"Gesch\u00e4tzte Lesezeit\" \/>\n\t<meta name=\"twitter:data2\" content=\"4\u00a0Minuten\" \/>\n<script type=\"application\/ld+json\" class=\"yoast-schema-graph\">{\"@context\":\"https:\\\/\\\/schema.org\",\"@graph\":[{\"@type\":\"Article\",\"@id\":\"https:\\\/\\\/www.mundi-roth.de\\\/teneriffa-blog\\\/wanderungen\\\/roque-igara-oder-%e2%80%9cder-schlafende-senor%e2%80%9d\\\/#article\",\"isPartOf\":{\"@id\":\"https:\\\/\\\/www.mundi-roth.de\\\/teneriffa-blog\\\/wanderungen\\\/roque-igara-oder-%e2%80%9cder-schlafende-senor%e2%80%9d\\\/\"},\"author\":{\"name\":\"ir\",\"@id\":\"https:\\\/\\\/www.mundi-roth.de\\\/teneriffa-blog\\\/#\\\/schema\\\/person\\\/3afd0d251449790d15367c9aa52d203d\"},\"headline\":\"Roque Igara oder \u201cder schlafende Se\u00f1or\u201d\",\"datePublished\":\"2008-12-11T19:00:20+00:00\",\"dateModified\":\"2015-04-12T10:37:02+00:00\",\"mainEntityOfPage\":{\"@id\":\"https:\\\/\\\/www.mundi-roth.de\\\/teneriffa-blog\\\/wanderungen\\\/roque-igara-oder-%e2%80%9cder-schlafende-senor%e2%80%9d\\\/\"},\"wordCount\":707,\"commentCount\":0,\"image\":{\"@id\":\"https:\\\/\\\/www.mundi-roth.de\\\/teneriffa-blog\\\/wanderungen\\\/roque-igara-oder-%e2%80%9cder-schlafende-senor%e2%80%9d\\\/#primaryimage\"},\"thumbnailUrl\":\"http:\\\/\\\/www.mundi-roth.de\\\/teneriffa-blog\\\/wp-content\\\/uploads\\\/2008\\\/12\\\/route3-150x148.jpg\",\"keywords\":[\"Barranco de la Tosca\",\"Buzanada\",\"Guaza\",\"La Camella\",\"La Monta\u00f1eta\",\"Monkey Park\",\"Monta\u00f1a Chijate\",\"Morro de Llerena\",\"Roque Igara\",\"San Miguel\",\"Secreto ib\u00e9rico\",\"Teneriffa\",\"Valle de San Lorenzo\",\"Wandern\"],\"articleSection\":[\"Arona\",\"Wanderungen\"],\"inLanguage\":\"de\",\"potentialAction\":[{\"@type\":\"CommentAction\",\"name\":\"Comment\",\"target\":[\"https:\\\/\\\/www.mundi-roth.de\\\/teneriffa-blog\\\/wanderungen\\\/roque-igara-oder-%e2%80%9cder-schlafende-senor%e2%80%9d\\\/#respond\"]}]},{\"@type\":\"WebPage\",\"@id\":\"https:\\\/\\\/www.mundi-roth.de\\\/teneriffa-blog\\\/wanderungen\\\/roque-igara-oder-%e2%80%9cder-schlafende-senor%e2%80%9d\\\/\",\"url\":\"https:\\\/\\\/www.mundi-roth.de\\\/teneriffa-blog\\\/wanderungen\\\/roque-igara-oder-%e2%80%9cder-schlafende-senor%e2%80%9d\\\/\",\"name\":\"Roque Igara oder \u201cder schlafende Se\u00f1or\u201d - Teneriffa Wandern\",\"isPartOf\":{\"@id\":\"https:\\\/\\\/www.mundi-roth.de\\\/teneriffa-blog\\\/#website\"},\"primaryImageOfPage\":{\"@id\":\"https:\\\/\\\/www.mundi-roth.de\\\/teneriffa-blog\\\/wanderungen\\\/roque-igara-oder-%e2%80%9cder-schlafende-senor%e2%80%9d\\\/#primaryimage\"},\"image\":{\"@id\":\"https:\\\/\\\/www.mundi-roth.de\\\/teneriffa-blog\\\/wanderungen\\\/roque-igara-oder-%e2%80%9cder-schlafende-senor%e2%80%9d\\\/#primaryimage\"},\"thumbnailUrl\":\"http:\\\/\\\/www.mundi-roth.de\\\/teneriffa-blog\\\/wp-content\\\/uploads\\\/2008\\\/12\\\/route3-150x148.jpg\",\"datePublished\":\"2008-12-11T19:00:20+00:00\",\"dateModified\":\"2015-04-12T10:37:02+00:00\",\"author\":{\"@id\":\"https:\\\/\\\/www.mundi-roth.de\\\/teneriffa-blog\\\/#\\\/schema\\\/person\\\/3afd0d251449790d15367c9aa52d203d\"},\"breadcrumb\":{\"@id\":\"https:\\\/\\\/www.mundi-roth.de\\\/teneriffa-blog\\\/wanderungen\\\/roque-igara-oder-%e2%80%9cder-schlafende-senor%e2%80%9d\\\/#breadcrumb\"},\"inLanguage\":\"de\",\"potentialAction\":[{\"@type\":\"ReadAction\",\"target\":[\"https:\\\/\\\/www.mundi-roth.de\\\/teneriffa-blog\\\/wanderungen\\\/roque-igara-oder-%e2%80%9cder-schlafende-senor%e2%80%9d\\\/\"]}]},{\"@type\":\"ImageObject\",\"inLanguage\":\"de\",\"@id\":\"https:\\\/\\\/www.mundi-roth.de\\\/teneriffa-blog\\\/wanderungen\\\/roque-igara-oder-%e2%80%9cder-schlafende-senor%e2%80%9d\\\/#primaryimage\",\"url\":\"https:\\\/\\\/www.mundi-roth.de\\\/teneriffa-blog\\\/wp-content\\\/uploads\\\/2008\\\/12\\\/route3.jpg\",\"contentUrl\":\"https:\\\/\\\/www.mundi-roth.de\\\/teneriffa-blog\\\/wp-content\\\/uploads\\\/2008\\\/12\\\/route3.jpg\",\"width\":600,\"height\":593},{\"@type\":\"BreadcrumbList\",\"@id\":\"https:\\\/\\\/www.mundi-roth.de\\\/teneriffa-blog\\\/wanderungen\\\/roque-igara-oder-%e2%80%9cder-schlafende-senor%e2%80%9d\\\/#breadcrumb\",\"itemListElement\":[{\"@type\":\"ListItem\",\"position\":1,\"name\":\"Startseite\",\"item\":\"https:\\\/\\\/www.mundi-roth.de\\\/teneriffa-blog\\\/\"},{\"@type\":\"ListItem\",\"position\":2,\"name\":\"Roque Igara oder \u201cder schlafende Se\u00f1or\u201d\"}]},{\"@type\":\"WebSite\",\"@id\":\"https:\\\/\\\/www.mundi-roth.de\\\/teneriffa-blog\\\/#website\",\"url\":\"https:\\\/\\\/www.mundi-roth.de\\\/teneriffa-blog\\\/\",\"name\":\"Teneriffa Wandern\",\"description\":\"Nicht nur Wanderungen auf Teneriffa...\",\"potentialAction\":[{\"@type\":\"SearchAction\",\"target\":{\"@type\":\"EntryPoint\",\"urlTemplate\":\"https:\\\/\\\/www.mundi-roth.de\\\/teneriffa-blog\\\/?s={search_term_string}\"},\"query-input\":{\"@type\":\"PropertyValueSpecification\",\"valueRequired\":true,\"valueName\":\"search_term_string\"}}],\"inLanguage\":\"de\"},{\"@type\":\"Person\",\"@id\":\"https:\\\/\\\/www.mundi-roth.de\\\/teneriffa-blog\\\/#\\\/schema\\\/person\\\/3afd0d251449790d15367c9aa52d203d\",\"name\":\"ir\",\"image\":{\"@type\":\"ImageObject\",\"inLanguage\":\"de\",\"@id\":\"https:\\\/\\\/secure.gravatar.com\\\/avatar\\\/e67b41513c921c2bb58363f44c8a00a447c9a2526ad8ff71b5b6257e5f7f5c66?s=96&d=mm&r=g\",\"url\":\"https:\\\/\\\/secure.gravatar.com\\\/avatar\\\/e67b41513c921c2bb58363f44c8a00a447c9a2526ad8ff71b5b6257e5f7f5c66?s=96&d=mm&r=g\",\"contentUrl\":\"https:\\\/\\\/secure.gravatar.com\\\/avatar\\\/e67b41513c921c2bb58363f44c8a00a447c9a2526ad8ff71b5b6257e5f7f5c66?s=96&d=mm&r=g\",\"caption\":\"ir\"},\"sameAs\":[\"http:\\\/\\\/www.mundi-roth.de\"],\"url\":\"https:\\\/\\\/www.mundi-roth.de\\\/teneriffa-blog\\\/author\\\/ir\\\/\"}]}<\/script>\n<!-- \/ Yoast SEO plugin. -->","yoast_head_json":{"title":"Roque Igara oder \u201cder schlafende Se\u00f1or\u201d - Teneriffa Wandern","robots":{"index":"index","follow":"follow","max-snippet":"max-snippet:-1","max-image-preview":"max-image-preview:large","max-video-preview":"max-video-preview:-1"},"canonical":"https:\/\/www.mundi-roth.de\/teneriffa-blog\/wanderungen\/roque-igara-oder-\u201cder-schlafende-senor\u201d\/","twitter_misc":{"Verfasst von":"ir","Gesch\u00e4tzte Lesezeit":"4\u00a0Minuten"},"schema":{"@context":"https:\/\/schema.org","@graph":[{"@type":"Article","@id":"https:\/\/www.mundi-roth.de\/teneriffa-blog\/wanderungen\/roque-igara-oder-%e2%80%9cder-schlafende-senor%e2%80%9d\/#article","isPartOf":{"@id":"https:\/\/www.mundi-roth.de\/teneriffa-blog\/wanderungen\/roque-igara-oder-%e2%80%9cder-schlafende-senor%e2%80%9d\/"},"author":{"name":"ir","@id":"https:\/\/www.mundi-roth.de\/teneriffa-blog\/#\/schema\/person\/3afd0d251449790d15367c9aa52d203d"},"headline":"Roque Igara oder \u201cder schlafende Se\u00f1or\u201d","datePublished":"2008-12-11T19:00:20+00:00","dateModified":"2015-04-12T10:37:02+00:00","mainEntityOfPage":{"@id":"https:\/\/www.mundi-roth.de\/teneriffa-blog\/wanderungen\/roque-igara-oder-%e2%80%9cder-schlafende-senor%e2%80%9d\/"},"wordCount":707,"commentCount":0,"image":{"@id":"https:\/\/www.mundi-roth.de\/teneriffa-blog\/wanderungen\/roque-igara-oder-%e2%80%9cder-schlafende-senor%e2%80%9d\/#primaryimage"},"thumbnailUrl":"http:\/\/www.mundi-roth.de\/teneriffa-blog\/wp-content\/uploads\/2008\/12\/route3-150x148.jpg","keywords":["Barranco de la Tosca","Buzanada","Guaza","La Camella","La Monta\u00f1eta","Monkey Park","Monta\u00f1a Chijate","Morro de Llerena","Roque Igara","San Miguel","Secreto ib\u00e9rico","Teneriffa","Valle de San Lorenzo","Wandern"],"articleSection":["Arona","Wanderungen"],"inLanguage":"de","potentialAction":[{"@type":"CommentAction","name":"Comment","target":["https:\/\/www.mundi-roth.de\/teneriffa-blog\/wanderungen\/roque-igara-oder-%e2%80%9cder-schlafende-senor%e2%80%9d\/#respond"]}]},{"@type":"WebPage","@id":"https:\/\/www.mundi-roth.de\/teneriffa-blog\/wanderungen\/roque-igara-oder-%e2%80%9cder-schlafende-senor%e2%80%9d\/","url":"https:\/\/www.mundi-roth.de\/teneriffa-blog\/wanderungen\/roque-igara-oder-%e2%80%9cder-schlafende-senor%e2%80%9d\/","name":"Roque Igara oder \u201cder schlafende Se\u00f1or\u201d - Teneriffa Wandern","isPartOf":{"@id":"https:\/\/www.mundi-roth.de\/teneriffa-blog\/#website"},"primaryImageOfPage":{"@id":"https:\/\/www.mundi-roth.de\/teneriffa-blog\/wanderungen\/roque-igara-oder-%e2%80%9cder-schlafende-senor%e2%80%9d\/#primaryimage"},"image":{"@id":"https:\/\/www.mundi-roth.de\/teneriffa-blog\/wanderungen\/roque-igara-oder-%e2%80%9cder-schlafende-senor%e2%80%9d\/#primaryimage"},"thumbnailUrl":"http:\/\/www.mundi-roth.de\/teneriffa-blog\/wp-content\/uploads\/2008\/12\/route3-150x148.jpg","datePublished":"2008-12-11T19:00:20+00:00","dateModified":"2015-04-12T10:37:02+00:00","author":{"@id":"https:\/\/www.mundi-roth.de\/teneriffa-blog\/#\/schema\/person\/3afd0d251449790d15367c9aa52d203d"},"breadcrumb":{"@id":"https:\/\/www.mundi-roth.de\/teneriffa-blog\/wanderungen\/roque-igara-oder-%e2%80%9cder-schlafende-senor%e2%80%9d\/#breadcrumb"},"inLanguage":"de","potentialAction":[{"@type":"ReadAction","target":["https:\/\/www.mundi-roth.de\/teneriffa-blog\/wanderungen\/roque-igara-oder-%e2%80%9cder-schlafende-senor%e2%80%9d\/"]}]},{"@type":"ImageObject","inLanguage":"de","@id":"https:\/\/www.mundi-roth.de\/teneriffa-blog\/wanderungen\/roque-igara-oder-%e2%80%9cder-schlafende-senor%e2%80%9d\/#primaryimage","url":"https:\/\/www.mundi-roth.de\/teneriffa-blog\/wp-content\/uploads\/2008\/12\/route3.jpg","contentUrl":"https:\/\/www.mundi-roth.de\/teneriffa-blog\/wp-content\/uploads\/2008\/12\/route3.jpg","width":600,"height":593},{"@type":"BreadcrumbList","@id":"https:\/\/www.mundi-roth.de\/teneriffa-blog\/wanderungen\/roque-igara-oder-%e2%80%9cder-schlafende-senor%e2%80%9d\/#breadcrumb","itemListElement":[{"@type":"ListItem","position":1,"name":"Startseite","item":"https:\/\/www.mundi-roth.de\/teneriffa-blog\/"},{"@type":"ListItem","position":2,"name":"Roque Igara oder \u201cder schlafende Se\u00f1or\u201d"}]},{"@type":"WebSite","@id":"https:\/\/www.mundi-roth.de\/teneriffa-blog\/#website","url":"https:\/\/www.mundi-roth.de\/teneriffa-blog\/","name":"Teneriffa Wandern","description":"Nicht nur Wanderungen auf Teneriffa...","potentialAction":[{"@type":"SearchAction","target":{"@type":"EntryPoint","urlTemplate":"https:\/\/www.mundi-roth.de\/teneriffa-blog\/?s={search_term_string}"},"query-input":{"@type":"PropertyValueSpecification","valueRequired":true,"valueName":"search_term_string"}}],"inLanguage":"de"},{"@type":"Person","@id":"https:\/\/www.mundi-roth.de\/teneriffa-blog\/#\/schema\/person\/3afd0d251449790d15367c9aa52d203d","name":"ir","image":{"@type":"ImageObject","inLanguage":"de","@id":"https:\/\/secure.gravatar.com\/avatar\/e67b41513c921c2bb58363f44c8a00a447c9a2526ad8ff71b5b6257e5f7f5c66?s=96&d=mm&r=g","url":"https:\/\/secure.gravatar.com\/avatar\/e67b41513c921c2bb58363f44c8a00a447c9a2526ad8ff71b5b6257e5f7f5c66?s=96&d=mm&r=g","contentUrl":"https:\/\/secure.gravatar.com\/avatar\/e67b41513c921c2bb58363f44c8a00a447c9a2526ad8ff71b5b6257e5f7f5c66?s=96&d=mm&r=g","caption":"ir"},"sameAs":["http:\/\/www.mundi-roth.de"],"url":"https:\/\/www.mundi-roth.de\/teneriffa-blog\/author\/ir\/"}]}},"_links":{"self":[{"href":"https:\/\/www.mundi-roth.de\/teneriffa-blog\/wp-json\/wp\/v2\/posts\/603","targetHints":{"allow":["GET"]}}],"collection":[{"href":"https:\/\/www.mundi-roth.de\/teneriffa-blog\/wp-json\/wp\/v2\/posts"}],"about":[{"href":"https:\/\/www.mundi-roth.de\/teneriffa-blog\/wp-json\/wp\/v2\/types\/post"}],"author":[{"embeddable":true,"href":"https:\/\/www.mundi-roth.de\/teneriffa-blog\/wp-json\/wp\/v2\/users\/3"}],"replies":[{"embeddable":true,"href":"https:\/\/www.mundi-roth.de\/teneriffa-blog\/wp-json\/wp\/v2\/comments?post=603"}],"version-history":[{"count":0,"href":"https:\/\/www.mundi-roth.de\/teneriffa-blog\/wp-json\/wp\/v2\/posts\/603\/revisions"}],"wp:attachment":[{"href":"https:\/\/www.mundi-roth.de\/teneriffa-blog\/wp-json\/wp\/v2\/media?parent=603"}],"wp:term":[{"taxonomy":"category","embeddable":true,"href":"https:\/\/www.mundi-roth.de\/teneriffa-blog\/wp-json\/wp\/v2\/categories?post=603"},{"taxonomy":"post_tag","embeddable":true,"href":"https:\/\/www.mundi-roth.de\/teneriffa-blog\/wp-json\/wp\/v2\/tags?post=603"}],"curies":[{"name":"wp","href":"https:\/\/api.w.org\/{rel}","templated":true}]}}