{"id":6069,"date":"2017-12-28T22:00:58","date_gmt":"2017-12-28T21:00:58","guid":{"rendered":"https:\/\/www.mundi-roth.de\/teneriffa-blog\/?p=6069"},"modified":"2018-01-30T17:38:39","modified_gmt":"2018-01-30T16:38:39","slug":"palm-mar-montana-de-la-cabra-montana-aguzada-palm-mar","status":"publish","type":"post","link":"https:\/\/www.mundi-roth.de\/teneriffa-blog\/wanderungen\/arona\/palm-mar-montana-de-la-cabra-montana-aguzada-palm-mar\/","title":{"rendered":"Palm-Mar &#8211;  Monta\u00f1a de la Caraba \u2013 Monta\u00f1a Aguzada \u2013 Palm Mar"},"content":{"rendered":"<p>Planung und Realit\u00e4t sind zwei Paar Schuhe. Eine altbekannte Weisheit, die ich heute am eigenen Leib erfahren habe.<\/p>\n<p>Es ist nicht neu, dass ich gerne m\u00f6glichst viele der 20 besonderen Vulkanh\u00fcgel hier im S\u00fcden besteigen m\u00f6chte.<br \/>\nHeute sollten es nun die zwei oben genannten sein.<\/p>\n<p style=\"text-align: center;\"><a href=\"https:\/\/www.mundi-roth.de\/teneriffa-blog\/wp-content\/uploads\/2017\/12\/Track02-1.jpg\" rel=\"lightbox[6069]\"><img loading=\"lazy\" decoding=\"async\" class=\"aligncenter size-medium wp-image-6083\" src=\"https:\/\/www.mundi-roth.de\/teneriffa-blog\/wp-content\/uploads\/2017\/12\/Track02-1-300x153.jpg\" alt=\"\" width=\"300\" height=\"153\" srcset=\"https:\/\/www.mundi-roth.de\/teneriffa-blog\/wp-content\/uploads\/2017\/12\/Track02-1-300x153.jpg 300w, https:\/\/www.mundi-roth.de\/teneriffa-blog\/wp-content\/uploads\/2017\/12\/Track02-1-150x77.jpg 150w, https:\/\/www.mundi-roth.de\/teneriffa-blog\/wp-content\/uploads\/2017\/12\/Track02-1-768x392.jpg 768w, https:\/\/www.mundi-roth.de\/teneriffa-blog\/wp-content\/uploads\/2017\/12\/Track02-1.jpg 800w\" sizes=\"auto, (max-width: 300px) 100vw, 300px\" \/><\/a>Wanderwegstrecke: 5,6 km \u2013 1 Std. 22 Minuten<\/p>\n<p>Mein lieber Mann setzte mich in Palm-Mar in der Calle Cernicalo ab und sofort gegen\u00fcber konnte ich auf einem staubigen Pfad meine Tour starten. Er war zum Teil schwer auszumachen, verlor sich zwischen den vielen Tabeiba dulce aber nach einer Weile bekam ich von der \u201eTrulla\u201c, Sprecherin von komoot, die Nachricht: Du bist auf der Tour.<\/p>\n<p>Eine gro\u00dfe Strecke dieses Weges ist identisch mit dem Weg den ich im vergangenen Jahr mit Elisabeth und ihren beiden Neffen auf die Monta\u00f1a Grande gegangen bin.<a href=\"https:\/\/www.mundi-roth.de\/teneriffa-blog\/wp-content\/uploads\/2017\/12\/DSC01527.jpg\" rel=\"lightbox[6069]\"><img loading=\"lazy\" decoding=\"async\" class=\"alignright size-thumbnail wp-image-6070\" src=\"https:\/\/www.mundi-roth.de\/teneriffa-blog\/wp-content\/uploads\/2017\/12\/DSC01527-150x49.jpg\" alt=\"\" width=\"150\" height=\"49\" srcset=\"https:\/\/www.mundi-roth.de\/teneriffa-blog\/wp-content\/uploads\/2017\/12\/DSC01527-150x49.jpg 150w, https:\/\/www.mundi-roth.de\/teneriffa-blog\/wp-content\/uploads\/2017\/12\/DSC01527-300x97.jpg 300w, https:\/\/www.mundi-roth.de\/teneriffa-blog\/wp-content\/uploads\/2017\/12\/DSC01527-768x249.jpg 768w, https:\/\/www.mundi-roth.de\/teneriffa-blog\/wp-content\/uploads\/2017\/12\/DSC01527.jpg 800w\" sizes=\"auto, (max-width: 150px) 100vw, 150px\" \/><\/a><br \/>\nAnfangs hat man noch Sicht auf das Meer und die Insel La Gomera, sp\u00e4ter nur noch Str\u00e4ucher, H\u00fcgel.<\/p>\n<p>Immer wieder halte ich links Ausschau nach einem Pfad bergauf, nichts.<br \/>\nIm weiten Bogen werde ich in H\u00f6he der Monta\u00f1a Grande nach links auf eine breite, staubige Stra\u00dfe durch landwirtschaftlich genutztes Gebiet mit Kartoffelfeldern (?) und Bananenplantagen gef\u00fchrt.<\/p>\n\n\t\t<style type=\"text\/css\">\n\t\t\t#gallery-1 {\n\t\t\t\tmargin: auto;\n\t\t\t}\n\t\t\t#gallery-1 .gallery-item {\n\t\t\t\tfloat: left;\n\t\t\t\tmargin-top: 10px;\n\t\t\t\ttext-align: center;\n\t\t\t\twidth: 33%;\n\t\t\t}\n\t\t\t#gallery-1 img {\n\t\t\t\tborder: 2px solid #cfcfcf;\n\t\t\t}\n\t\t\t#gallery-1 .gallery-caption {\n\t\t\t\tmargin-left: 0;\n\t\t\t}\n\t\t\t\/* see gallery_shortcode() in wp-includes\/media.php *\/\n\t\t<\/style>\n\t\t<div id='gallery-1' class='gallery galleryid-6069 gallery-columns-3 gallery-size-thumbnail'><dl class='gallery-item'>\n\t\t\t<dt class='gallery-icon landscape'>\n\t\t\t\t<a href='https:\/\/www.mundi-roth.de\/teneriffa-blog\/wp-content\/uploads\/2017\/12\/DSC01529.jpg' rel=\"lightbox[6069]\"><img loading=\"lazy\" decoding=\"async\" width=\"150\" height=\"59\" src=\"https:\/\/www.mundi-roth.de\/teneriffa-blog\/wp-content\/uploads\/2017\/12\/DSC01529-150x59.jpg\" class=\"attachment-thumbnail size-thumbnail\" alt=\"\" srcset=\"https:\/\/www.mundi-roth.de\/teneriffa-blog\/wp-content\/uploads\/2017\/12\/DSC01529-150x59.jpg 150w, https:\/\/www.mundi-roth.de\/teneriffa-blog\/wp-content\/uploads\/2017\/12\/DSC01529-300x119.jpg 300w, https:\/\/www.mundi-roth.de\/teneriffa-blog\/wp-content\/uploads\/2017\/12\/DSC01529-768x304.jpg 768w, https:\/\/www.mundi-roth.de\/teneriffa-blog\/wp-content\/uploads\/2017\/12\/DSC01529.jpg 800w\" sizes=\"auto, (max-width: 150px) 100vw, 150px\" \/><\/a>\n\t\t\t<\/dt><\/dl><dl class='gallery-item'>\n\t\t\t<dt class='gallery-icon landscape'>\n\t\t\t\t<a href='https:\/\/www.mundi-roth.de\/teneriffa-blog\/wp-content\/uploads\/2017\/12\/DSC01535.jpg' rel=\"lightbox[6069]\"><img loading=\"lazy\" decoding=\"async\" width=\"150\" height=\"89\" src=\"https:\/\/www.mundi-roth.de\/teneriffa-blog\/wp-content\/uploads\/2017\/12\/DSC01535-150x89.jpg\" class=\"attachment-thumbnail size-thumbnail\" alt=\"\" srcset=\"https:\/\/www.mundi-roth.de\/teneriffa-blog\/wp-content\/uploads\/2017\/12\/DSC01535-150x89.jpg 150w, https:\/\/www.mundi-roth.de\/teneriffa-blog\/wp-content\/uploads\/2017\/12\/DSC01535-300x179.jpg 300w, https:\/\/www.mundi-roth.de\/teneriffa-blog\/wp-content\/uploads\/2017\/12\/DSC01535-768x457.jpg 768w, https:\/\/www.mundi-roth.de\/teneriffa-blog\/wp-content\/uploads\/2017\/12\/DSC01535.jpg 800w\" sizes=\"auto, (max-width: 150px) 100vw, 150px\" \/><\/a>\n\t\t\t<\/dt><\/dl><dl class='gallery-item'>\n\t\t\t<dt class='gallery-icon landscape'>\n\t\t\t\t<a href='https:\/\/www.mundi-roth.de\/teneriffa-blog\/wp-content\/uploads\/2017\/12\/DSC01540.jpg' rel=\"lightbox[6069]\"><img loading=\"lazy\" decoding=\"async\" width=\"150\" height=\"59\" src=\"https:\/\/www.mundi-roth.de\/teneriffa-blog\/wp-content\/uploads\/2017\/12\/DSC01540-150x59.jpg\" class=\"attachment-thumbnail size-thumbnail\" alt=\"\" srcset=\"https:\/\/www.mundi-roth.de\/teneriffa-blog\/wp-content\/uploads\/2017\/12\/DSC01540-150x59.jpg 150w, https:\/\/www.mundi-roth.de\/teneriffa-blog\/wp-content\/uploads\/2017\/12\/DSC01540-300x119.jpg 300w, https:\/\/www.mundi-roth.de\/teneriffa-blog\/wp-content\/uploads\/2017\/12\/DSC01540-768x304.jpg 768w, https:\/\/www.mundi-roth.de\/teneriffa-blog\/wp-content\/uploads\/2017\/12\/DSC01540.jpg 800w\" sizes=\"auto, (max-width: 150px) 100vw, 150px\" \/><\/a>\n\t\t\t<\/dt><\/dl><br style=\"clear: both\" \/>\n\t\t<\/div>\n\n<p>Der Blick geht nun zur Monta\u00f1a Roja und den 5 Vulkanh\u00fcgeln in H\u00f6he von Guargacho. Immer wandere ich in geringer Entfernung am Fu\u00dfe der Monta\u00f1a Aguzada entlang. Nachdem ich diesen Berg zu \u00be umrundet habe ist Ende mit der programmierten Tour.<\/p>\n\n\t\t<style type=\"text\/css\">\n\t\t\t#gallery-2 {\n\t\t\t\tmargin: auto;\n\t\t\t}\n\t\t\t#gallery-2 .gallery-item {\n\t\t\t\tfloat: left;\n\t\t\t\tmargin-top: 10px;\n\t\t\t\ttext-align: center;\n\t\t\t\twidth: 50%;\n\t\t\t}\n\t\t\t#gallery-2 img {\n\t\t\t\tborder: 2px solid #cfcfcf;\n\t\t\t}\n\t\t\t#gallery-2 .gallery-caption {\n\t\t\t\tmargin-left: 0;\n\t\t\t}\n\t\t\t\/* see gallery_shortcode() in wp-includes\/media.php *\/\n\t\t<\/style>\n\t\t<div id='gallery-2' class='gallery galleryid-6069 gallery-columns-2 gallery-size-thumbnail'><dl class='gallery-item'>\n\t\t\t<dt class='gallery-icon landscape'>\n\t\t\t\t<a href='https:\/\/www.mundi-roth.de\/teneriffa-blog\/wp-content\/uploads\/2017\/12\/DSC01537.jpg' rel=\"lightbox[6069]\"><img loading=\"lazy\" decoding=\"async\" width=\"150\" height=\"71\" src=\"https:\/\/www.mundi-roth.de\/teneriffa-blog\/wp-content\/uploads\/2017\/12\/DSC01537-150x71.jpg\" class=\"attachment-thumbnail size-thumbnail\" alt=\"\" srcset=\"https:\/\/www.mundi-roth.de\/teneriffa-blog\/wp-content\/uploads\/2017\/12\/DSC01537-150x71.jpg 150w, https:\/\/www.mundi-roth.de\/teneriffa-blog\/wp-content\/uploads\/2017\/12\/DSC01537-300x142.jpg 300w, https:\/\/www.mundi-roth.de\/teneriffa-blog\/wp-content\/uploads\/2017\/12\/DSC01537-768x363.jpg 768w, https:\/\/www.mundi-roth.de\/teneriffa-blog\/wp-content\/uploads\/2017\/12\/DSC01537.jpg 800w\" sizes=\"auto, (max-width: 150px) 100vw, 150px\" \/><\/a>\n\t\t\t<\/dt><\/dl><dl class='gallery-item'>\n\t\t\t<dt class='gallery-icon landscape'>\n\t\t\t\t<a href='https:\/\/www.mundi-roth.de\/teneriffa-blog\/wp-content\/uploads\/2017\/12\/DSC01541.jpg' rel=\"lightbox[6069]\"><img loading=\"lazy\" decoding=\"async\" width=\"150\" height=\"62\" src=\"https:\/\/www.mundi-roth.de\/teneriffa-blog\/wp-content\/uploads\/2017\/12\/DSC01541-150x62.jpg\" class=\"attachment-thumbnail size-thumbnail\" alt=\"\" srcset=\"https:\/\/www.mundi-roth.de\/teneriffa-blog\/wp-content\/uploads\/2017\/12\/DSC01541-150x62.jpg 150w, https:\/\/www.mundi-roth.de\/teneriffa-blog\/wp-content\/uploads\/2017\/12\/DSC01541-300x125.jpg 300w, https:\/\/www.mundi-roth.de\/teneriffa-blog\/wp-content\/uploads\/2017\/12\/DSC01541-768x319.jpg 768w, https:\/\/www.mundi-roth.de\/teneriffa-blog\/wp-content\/uploads\/2017\/12\/DSC01541.jpg 800w\" sizes=\"auto, (max-width: 150px) 100vw, 150px\" \/><\/a>\n\t\t\t<\/dt><\/dl><br style=\"clear: both\" \/>\n\t\t<\/div>\n\n<p>Da ich keine Lust habe, diese staubige, langweilige Strecke zur\u00fcckzugehen<a href=\"https:\/\/www.mundi-roth.de\/teneriffa-blog\/wp-content\/uploads\/2017\/12\/DSC01544.jpg\" rel=\"lightbox[6069]\"><img loading=\"lazy\" decoding=\"async\" class=\"alignright size-thumbnail wp-image-6076\" src=\"https:\/\/www.mundi-roth.de\/teneriffa-blog\/wp-content\/uploads\/2017\/12\/DSC01544-150x113.jpg\" alt=\"\" width=\"150\" height=\"113\" srcset=\"https:\/\/www.mundi-roth.de\/teneriffa-blog\/wp-content\/uploads\/2017\/12\/DSC01544-150x113.jpg 150w, https:\/\/www.mundi-roth.de\/teneriffa-blog\/wp-content\/uploads\/2017\/12\/DSC01544-300x225.jpg 300w, https:\/\/www.mundi-roth.de\/teneriffa-blog\/wp-content\/uploads\/2017\/12\/DSC01544-768x576.jpg 768w, https:\/\/www.mundi-roth.de\/teneriffa-blog\/wp-content\/uploads\/2017\/12\/DSC01544.jpg 800w\" sizes=\"auto, (max-width: 150px) 100vw, 150px\" \/><\/a> steige ich zu einem Kanal auf und folge diesem in der Richtung aus der ich gekommen bin.<br \/>\nNur: er ist zum Teil versch\u00fcttet, zum Teil zugewuchert, zum Teil verfallen, so dass ich immer etwas h\u00f6her durch Gestr\u00fcpp ausweichen muss \u2013 <a href=\"https:\/\/www.mundi-roth.de\/teneriffa-blog\/wp-content\/uploads\/2017\/12\/DSC01545.jpg\" rel=\"lightbox[6069]\"><img loading=\"lazy\" decoding=\"async\" class=\"alignleft size-thumbnail wp-image-6077\" src=\"https:\/\/www.mundi-roth.de\/teneriffa-blog\/wp-content\/uploads\/2017\/12\/DSC01545-150x113.jpg\" alt=\"\" width=\"150\" height=\"113\" srcset=\"https:\/\/www.mundi-roth.de\/teneriffa-blog\/wp-content\/uploads\/2017\/12\/DSC01545-150x113.jpg 150w, https:\/\/www.mundi-roth.de\/teneriffa-blog\/wp-content\/uploads\/2017\/12\/DSC01545-300x225.jpg 300w, https:\/\/www.mundi-roth.de\/teneriffa-blog\/wp-content\/uploads\/2017\/12\/DSC01545-768x576.jpg 768w, https:\/\/www.mundi-roth.de\/teneriffa-blog\/wp-content\/uploads\/2017\/12\/DSC01545.jpg 800w\" sizes=\"auto, (max-width: 150px) 100vw, 150px\" \/><\/a>heute weigere ich mich die Pflanzen bei ihrem Namen zu nennen, denn sie rissen mir nur die Haut an Armen und Beinen auf. Frust!<br \/>\nDie letzte Strecke f\u00fchrt mich an einem aufgelassenen Wasserbecken vorbei, nicht sehr prickelnd.<\/p>\n<p>Nach ca. 15 Minuten bin ich auf dem Hinweg zur\u00fcck und werde nun zwischen den beiden auserw\u00e4hlten Vulkankegel gef\u00fchrt, mich links haltend, umrunde ich nun die Monta\u00f1a de la Carabra.<a href=\"https:\/\/www.mundi-roth.de\/teneriffa-blog\/wp-content\/uploads\/2017\/12\/DSC01547.jpg\" rel=\"lightbox[6069]\"><img loading=\"lazy\" decoding=\"async\" class=\"alignright size-thumbnail wp-image-6078\" src=\"https:\/\/www.mundi-roth.de\/teneriffa-blog\/wp-content\/uploads\/2017\/12\/DSC01547-150x67.jpg\" alt=\"\" width=\"150\" height=\"67\" srcset=\"https:\/\/www.mundi-roth.de\/teneriffa-blog\/wp-content\/uploads\/2017\/12\/DSC01547-150x67.jpg 150w, https:\/\/www.mundi-roth.de\/teneriffa-blog\/wp-content\/uploads\/2017\/12\/DSC01547-300x134.jpg 300w, https:\/\/www.mundi-roth.de\/teneriffa-blog\/wp-content\/uploads\/2017\/12\/DSC01547-768x344.jpg 768w, https:\/\/www.mundi-roth.de\/teneriffa-blog\/wp-content\/uploads\/2017\/12\/DSC01547.jpg 800w\" sizes=\"auto, (max-width: 150px) 100vw, 150px\" \/><\/a><br \/>\nHier habe ich einen sch\u00f6nen Blick \u00fcber gro\u00dfe Weinanpflanzungen und auf die breite R\u00fcckseite der Monta\u00f1a Guaza und denke daran, wie sch\u00f6n vergangene Woche die Tour war.<\/p>\n<p>Ich gehe nun nicht den vorgegebenen, schon auf dem Hinweg gegangenen Weg zur\u00fcck sondern halte mich am Fu\u00dfe der H\u00fcgel und siehe da, von hier aus kann man einen Pfad entdecken, der vielleicht auf die Monta\u00f1a de la Caraba f\u00fchrt. Aber mir ist nicht mehr danach.<\/p>\n<p>Nach 1 Stunde 10 Minuten reiner Gehzeit habe ich die ersten H\u00e4user von Palm Mar <a href=\"https:\/\/www.mundi-roth.de\/teneriffa-blog\/wp-content\/uploads\/2017\/12\/DSC01554-1.jpg\" rel=\"lightbox[6069]\"><img loading=\"lazy\" decoding=\"async\" class=\"alignright size-thumbnail wp-image-6080\" src=\"https:\/\/www.mundi-roth.de\/teneriffa-blog\/wp-content\/uploads\/2017\/12\/DSC01554-1-111x150.jpg\" alt=\"\" width=\"111\" height=\"150\" srcset=\"https:\/\/www.mundi-roth.de\/teneriffa-blog\/wp-content\/uploads\/2017\/12\/DSC01554-1-111x150.jpg 111w, https:\/\/www.mundi-roth.de\/teneriffa-blog\/wp-content\/uploads\/2017\/12\/DSC01554-1-222x300.jpg 222w, https:\/\/www.mundi-roth.de\/teneriffa-blog\/wp-content\/uploads\/2017\/12\/DSC01554-1.jpg 592w\" sizes=\"auto, (max-width: 111px) 100vw, 111px\" \/><\/a> erreicht. Zum Trost erblicke ich noch ein sch\u00f6nes Exemplar der Leuchterblume.<br \/>\nSchnurstracks steige ich nun zur Calle Cernicabo ab.<\/p>\n<p><a href=\"https:\/\/www.mundi-roth.de\/teneriffa-blog\/wp-content\/uploads\/2017\/12\/DSC01550.jpg\" rel=\"lightbox[6069]\"><img loading=\"lazy\" decoding=\"async\" class=\"alignleft size-thumbnail wp-image-6081\" src=\"https:\/\/www.mundi-roth.de\/teneriffa-blog\/wp-content\/uploads\/2017\/12\/DSC01550-150x113.jpg\" alt=\"\" width=\"150\" height=\"113\" srcset=\"https:\/\/www.mundi-roth.de\/teneriffa-blog\/wp-content\/uploads\/2017\/12\/DSC01550-150x113.jpg 150w, https:\/\/www.mundi-roth.de\/teneriffa-blog\/wp-content\/uploads\/2017\/12\/DSC01550-300x225.jpg 300w, https:\/\/www.mundi-roth.de\/teneriffa-blog\/wp-content\/uploads\/2017\/12\/DSC01550-768x576.jpg 768w, https:\/\/www.mundi-roth.de\/teneriffa-blog\/wp-content\/uploads\/2017\/12\/DSC01550.jpg 800w\" sizes=\"auto, (max-width: 150px) 100vw, 150px\" \/><\/a><br \/>\nHier hat mein lieber Mann lesend auf meine R\u00fcckkehr gewartet.<\/p>\n<p>Diese Tour stufe ich in \u201enicht empfehlenswert\u201c ein. Vielleicht etwas hart, jedoch wenn man die Auswahl an so wundersch\u00f6nen Touren hat, dann muss diese nicht sein.<br \/>\nOb ich meinen Plan, diese besonderen Vulkanh\u00fcgel weiter zu erkunden, weiter verfolge, bleibt abzuwarten.<\/p>\n<p>&nbsp;<\/p>\n<p><strong>Besonderheit:<\/strong><\/p>\n<p>Auf der Wanderung von La Centilena nach Arona haben Elisabeth und ich bei der Riesen-Wanderung von Candelaria nach Santiago del Teide auf dem Camino Real del Sur eine Infotafel gesehen, die auf die Besonderheit in dieser Gegend aufmerksam macht und aufkl\u00e4rt:<\/p>\n<p><em>\u201edass in dieser Region 20 Vulkankegel auszumachen sind. Jedoch auf dem neuen Hinweis wird darauf hingewiesen,\u00a0\u201edass das Vulkanfeld des S\u00fcdens der Insel neue B\u00f6den schenkte, die heute landwirtschaftlich genutzt werden.<\/em><br \/>\n<em> Diese Vulkankegel bestehen alle aus dem gleichen Material: Basalt-Pyrolastide = Tuff.\u00a0 Dabei handelt es sich um die weltweit am h\u00e4ufigsten vorkommende Vulkanart, weshalb \u00e4hnliche Landschaften recht h\u00e4ufig auch an anderen Orten unseres Planeten anzutreffen sind.\u201c<\/em><\/p>\n<p>Bei fr\u00fcheren Wanderungen habe ich mich auf den Botaniker Crist\u00f3bal aus La Laguna bezogen, der mich durch seine Ausf\u00fchrungen auf die Idee brachte, diese Landschaft zu erkunden.<br \/>\nDa ich im Internet nichts dar\u00fcber erfahren konnte, habe ich Crist\u00f3bal angeschrieben und er hat mir prompt und sehr ausf\u00fchrlich die nachfolgenden Informationen zukommen lassen.<br \/>\nMit seiner Erlaubnis darf ich sie zitieren und ich bedanke mich an dieser Stelle nochmals ganz herzlich bei Dir, lieber Crist\u00f3bal.<\/p>\n<p><em>\u201eWas ich genannt habe, Monta\u00f1a Amarilla an der K\u00fcste, bis Monta\u00f1a Luce\u00f1a oberhalb der Autobahn, sind es zusammen 13 Vulkankegeln, die zum gleichen Spaltenvulkanausbruch geh\u00f6ren; so kommt es in den Geologieb\u00fcchern als Beispiel f\u00fcr Spaltenvulkanismus. Leider nur Monta\u00f1a Amarilla steht unter Naturschutz und viele von den Vulkane von dieser Kette sind schon angegriffen worden.<\/em><br \/>\n<em> Das Konzept Spaltenvulkanismus soll schon vom deutschen Geologe-Geographe Leopold von Buch von 1815 sein, der damals mit Christian Smith, Teneriffa, Gran Canaria, La Palma und Lanzarote besucht haben. Auf Lanzarote sind 12 Vulkane hintereinander, die zum gleichen Vulkanausbruch geh\u00f6ren. Im Geschichts-Museum in La Laguna gibt es einen Saal mit alten Karten, die Sammlung von Herrn Ahlers (ich glaube er war deutscher Konsul bei uns) und an der Wand h\u00e4ngen die Karten von Teneriffa und Lanzarote von Leopold von Buch. An der Karte von Lanzarote sind deutlich die 12 Vulkane hintereinander zu sehen.\u201c<\/em><\/p>\n","protected":false},"excerpt":{"rendered":"<p>Planung und Realit\u00e4t sind zwei Paar Schuhe. Eine altbekannte Weisheit, die ich heute am eigenen Leib erfahren habe. Es ist nicht neu, dass ich gerne m\u00f6glichst viele der 20 besonderen Vulkanh\u00fcgel hier im S\u00fcden besteigen m\u00f6chte. Heute sollten es nun die zwei oben genannten sein. Wanderwegstrecke: 5,6 km \u2013 1 Std. 22 Minuten Mein lieber [&hellip;]<\/p>\n","protected":false},"author":4,"featured_media":0,"comment_status":"open","ping_status":"open","sticky":false,"template":"","format":"standard","meta":{"footnotes":""},"categories":[775,6],"tags":[985,986,816,128,439,446,866],"class_list":["post-6069","post","type-post","status-publish","format-standard","hentry","category-arona","category-wanderungen","tag-montana-aguzada","tag-montana-de-la-caraba","tag-montana-grande","tag-palm-mar","tag-teneriffa-wandern","tag-wandern-teneriffa","tag-wanderurlaub-teneriffa"],"yoast_head":"<!-- This site is optimized with the Yoast SEO plugin v27.5 - https:\/\/yoast.com\/product\/yoast-seo-wordpress\/ -->\n<title>Palm-Mar - Monta\u00f1a de la Caraba \u2013 Monta\u00f1a Aguzada \u2013 Palm Mar - Teneriffa Wandern<\/title>\n<meta name=\"robots\" content=\"index, follow, max-snippet:-1, max-image-preview:large, max-video-preview:-1\" \/>\n<link rel=\"canonical\" href=\"https:\/\/www.mundi-roth.de\/teneriffa-blog\/wanderungen\/arona\/palm-mar-montana-de-la-cabra-montana-aguzada-palm-mar\/\" \/>\n<meta name=\"twitter:label1\" content=\"Verfasst von\" \/>\n\t<meta name=\"twitter:data1\" content=\"mundi\" \/>\n\t<meta name=\"twitter:label2\" content=\"Gesch\u00e4tzte Lesezeit\" \/>\n\t<meta name=\"twitter:data2\" content=\"4\u00a0Minuten\" \/>\n<script type=\"application\/ld+json\" class=\"yoast-schema-graph\">{\"@context\":\"https:\\\/\\\/schema.org\",\"@graph\":[{\"@type\":\"Article\",\"@id\":\"https:\\\/\\\/www.mundi-roth.de\\\/teneriffa-blog\\\/wanderungen\\\/arona\\\/palm-mar-montana-de-la-cabra-montana-aguzada-palm-mar\\\/#article\",\"isPartOf\":{\"@id\":\"https:\\\/\\\/www.mundi-roth.de\\\/teneriffa-blog\\\/wanderungen\\\/arona\\\/palm-mar-montana-de-la-cabra-montana-aguzada-palm-mar\\\/\"},\"author\":{\"name\":\"mundi\",\"@id\":\"https:\\\/\\\/www.mundi-roth.de\\\/teneriffa-blog\\\/#\\\/schema\\\/person\\\/971c66b55f3ae5e8741553688c413cac\"},\"headline\":\"Palm-Mar &#8211; Monta\u00f1a de la Caraba \u2013 Monta\u00f1a Aguzada \u2013 Palm Mar\",\"datePublished\":\"2017-12-28T21:00:58+00:00\",\"dateModified\":\"2018-01-30T16:38:39+00:00\",\"mainEntityOfPage\":{\"@id\":\"https:\\\/\\\/www.mundi-roth.de\\\/teneriffa-blog\\\/wanderungen\\\/arona\\\/palm-mar-montana-de-la-cabra-montana-aguzada-palm-mar\\\/\"},\"wordCount\":904,\"commentCount\":0,\"image\":{\"@id\":\"https:\\\/\\\/www.mundi-roth.de\\\/teneriffa-blog\\\/wanderungen\\\/arona\\\/palm-mar-montana-de-la-cabra-montana-aguzada-palm-mar\\\/#primaryimage\"},\"thumbnailUrl\":\"https:\\\/\\\/www.mundi-roth.de\\\/teneriffa-blog\\\/wp-content\\\/uploads\\\/2017\\\/12\\\/Track02-1-300x153.jpg\",\"keywords\":[\"Monta\u00f1a Aguzada\",\"Monta\u00f1a de la Caraba\",\"Monta\u00f1a Grande\",\"Palm-Mar\",\"Teneriffa Wandern\",\"Wandern Teneriffa\",\"Wanderurlaub Teneriffa\"],\"articleSection\":[\"Arona\",\"Wanderungen\"],\"inLanguage\":\"de\",\"potentialAction\":[{\"@type\":\"CommentAction\",\"name\":\"Comment\",\"target\":[\"https:\\\/\\\/www.mundi-roth.de\\\/teneriffa-blog\\\/wanderungen\\\/arona\\\/palm-mar-montana-de-la-cabra-montana-aguzada-palm-mar\\\/#respond\"]}]},{\"@type\":\"WebPage\",\"@id\":\"https:\\\/\\\/www.mundi-roth.de\\\/teneriffa-blog\\\/wanderungen\\\/arona\\\/palm-mar-montana-de-la-cabra-montana-aguzada-palm-mar\\\/\",\"url\":\"https:\\\/\\\/www.mundi-roth.de\\\/teneriffa-blog\\\/wanderungen\\\/arona\\\/palm-mar-montana-de-la-cabra-montana-aguzada-palm-mar\\\/\",\"name\":\"Palm-Mar - Monta\u00f1a de la Caraba \u2013 Monta\u00f1a Aguzada \u2013 Palm Mar - Teneriffa Wandern\",\"isPartOf\":{\"@id\":\"https:\\\/\\\/www.mundi-roth.de\\\/teneriffa-blog\\\/#website\"},\"primaryImageOfPage\":{\"@id\":\"https:\\\/\\\/www.mundi-roth.de\\\/teneriffa-blog\\\/wanderungen\\\/arona\\\/palm-mar-montana-de-la-cabra-montana-aguzada-palm-mar\\\/#primaryimage\"},\"image\":{\"@id\":\"https:\\\/\\\/www.mundi-roth.de\\\/teneriffa-blog\\\/wanderungen\\\/arona\\\/palm-mar-montana-de-la-cabra-montana-aguzada-palm-mar\\\/#primaryimage\"},\"thumbnailUrl\":\"https:\\\/\\\/www.mundi-roth.de\\\/teneriffa-blog\\\/wp-content\\\/uploads\\\/2017\\\/12\\\/Track02-1-300x153.jpg\",\"datePublished\":\"2017-12-28T21:00:58+00:00\",\"dateModified\":\"2018-01-30T16:38:39+00:00\",\"author\":{\"@id\":\"https:\\\/\\\/www.mundi-roth.de\\\/teneriffa-blog\\\/#\\\/schema\\\/person\\\/971c66b55f3ae5e8741553688c413cac\"},\"breadcrumb\":{\"@id\":\"https:\\\/\\\/www.mundi-roth.de\\\/teneriffa-blog\\\/wanderungen\\\/arona\\\/palm-mar-montana-de-la-cabra-montana-aguzada-palm-mar\\\/#breadcrumb\"},\"inLanguage\":\"de\",\"potentialAction\":[{\"@type\":\"ReadAction\",\"target\":[\"https:\\\/\\\/www.mundi-roth.de\\\/teneriffa-blog\\\/wanderungen\\\/arona\\\/palm-mar-montana-de-la-cabra-montana-aguzada-palm-mar\\\/\"]}]},{\"@type\":\"ImageObject\",\"inLanguage\":\"de\",\"@id\":\"https:\\\/\\\/www.mundi-roth.de\\\/teneriffa-blog\\\/wanderungen\\\/arona\\\/palm-mar-montana-de-la-cabra-montana-aguzada-palm-mar\\\/#primaryimage\",\"url\":\"https:\\\/\\\/www.mundi-roth.de\\\/teneriffa-blog\\\/wp-content\\\/uploads\\\/2017\\\/12\\\/Track02-1.jpg\",\"contentUrl\":\"https:\\\/\\\/www.mundi-roth.de\\\/teneriffa-blog\\\/wp-content\\\/uploads\\\/2017\\\/12\\\/Track02-1.jpg\",\"width\":800,\"height\":408},{\"@type\":\"BreadcrumbList\",\"@id\":\"https:\\\/\\\/www.mundi-roth.de\\\/teneriffa-blog\\\/wanderungen\\\/arona\\\/palm-mar-montana-de-la-cabra-montana-aguzada-palm-mar\\\/#breadcrumb\",\"itemListElement\":[{\"@type\":\"ListItem\",\"position\":1,\"name\":\"Startseite\",\"item\":\"https:\\\/\\\/www.mundi-roth.de\\\/teneriffa-blog\\\/\"},{\"@type\":\"ListItem\",\"position\":2,\"name\":\"Palm-Mar &#8211; Monta\u00f1a de la Caraba \u2013 Monta\u00f1a Aguzada \u2013 Palm Mar\"}]},{\"@type\":\"WebSite\",\"@id\":\"https:\\\/\\\/www.mundi-roth.de\\\/teneriffa-blog\\\/#website\",\"url\":\"https:\\\/\\\/www.mundi-roth.de\\\/teneriffa-blog\\\/\",\"name\":\"Teneriffa Wandern\",\"description\":\"Nicht nur Wanderungen auf Teneriffa...\",\"potentialAction\":[{\"@type\":\"SearchAction\",\"target\":{\"@type\":\"EntryPoint\",\"urlTemplate\":\"https:\\\/\\\/www.mundi-roth.de\\\/teneriffa-blog\\\/?s={search_term_string}\"},\"query-input\":{\"@type\":\"PropertyValueSpecification\",\"valueRequired\":true,\"valueName\":\"search_term_string\"}}],\"inLanguage\":\"de\"},{\"@type\":\"Person\",\"@id\":\"https:\\\/\\\/www.mundi-roth.de\\\/teneriffa-blog\\\/#\\\/schema\\\/person\\\/971c66b55f3ae5e8741553688c413cac\",\"name\":\"mundi\",\"image\":{\"@type\":\"ImageObject\",\"inLanguage\":\"de\",\"@id\":\"https:\\\/\\\/secure.gravatar.com\\\/avatar\\\/555f0dd85428f1a9330f8e5dbe9e40ff9ca912bb81e5a89747ebf3ca9c20dc0f?s=96&d=mm&r=g\",\"url\":\"https:\\\/\\\/secure.gravatar.com\\\/avatar\\\/555f0dd85428f1a9330f8e5dbe9e40ff9ca912bb81e5a89747ebf3ca9c20dc0f?s=96&d=mm&r=g\",\"contentUrl\":\"https:\\\/\\\/secure.gravatar.com\\\/avatar\\\/555f0dd85428f1a9330f8e5dbe9e40ff9ca912bb81e5a89747ebf3ca9c20dc0f?s=96&d=mm&r=g\",\"caption\":\"mundi\"},\"sameAs\":[\"http:\\\/\\\/mundi-roth.de\"],\"url\":\"https:\\\/\\\/www.mundi-roth.de\\\/teneriffa-blog\\\/author\\\/mundi\\\/\"}]}<\/script>\n<!-- \/ Yoast SEO plugin. -->","yoast_head_json":{"title":"Palm-Mar - Monta\u00f1a de la Caraba \u2013 Monta\u00f1a Aguzada \u2013 Palm Mar - Teneriffa Wandern","robots":{"index":"index","follow":"follow","max-snippet":"max-snippet:-1","max-image-preview":"max-image-preview:large","max-video-preview":"max-video-preview:-1"},"canonical":"https:\/\/www.mundi-roth.de\/teneriffa-blog\/wanderungen\/arona\/palm-mar-montana-de-la-cabra-montana-aguzada-palm-mar\/","twitter_misc":{"Verfasst von":"mundi","Gesch\u00e4tzte Lesezeit":"4\u00a0Minuten"},"schema":{"@context":"https:\/\/schema.org","@graph":[{"@type":"Article","@id":"https:\/\/www.mundi-roth.de\/teneriffa-blog\/wanderungen\/arona\/palm-mar-montana-de-la-cabra-montana-aguzada-palm-mar\/#article","isPartOf":{"@id":"https:\/\/www.mundi-roth.de\/teneriffa-blog\/wanderungen\/arona\/palm-mar-montana-de-la-cabra-montana-aguzada-palm-mar\/"},"author":{"name":"mundi","@id":"https:\/\/www.mundi-roth.de\/teneriffa-blog\/#\/schema\/person\/971c66b55f3ae5e8741553688c413cac"},"headline":"Palm-Mar &#8211; Monta\u00f1a de la Caraba \u2013 Monta\u00f1a Aguzada \u2013 Palm Mar","datePublished":"2017-12-28T21:00:58+00:00","dateModified":"2018-01-30T16:38:39+00:00","mainEntityOfPage":{"@id":"https:\/\/www.mundi-roth.de\/teneriffa-blog\/wanderungen\/arona\/palm-mar-montana-de-la-cabra-montana-aguzada-palm-mar\/"},"wordCount":904,"commentCount":0,"image":{"@id":"https:\/\/www.mundi-roth.de\/teneriffa-blog\/wanderungen\/arona\/palm-mar-montana-de-la-cabra-montana-aguzada-palm-mar\/#primaryimage"},"thumbnailUrl":"https:\/\/www.mundi-roth.de\/teneriffa-blog\/wp-content\/uploads\/2017\/12\/Track02-1-300x153.jpg","keywords":["Monta\u00f1a Aguzada","Monta\u00f1a de la Caraba","Monta\u00f1a Grande","Palm-Mar","Teneriffa Wandern","Wandern Teneriffa","Wanderurlaub Teneriffa"],"articleSection":["Arona","Wanderungen"],"inLanguage":"de","potentialAction":[{"@type":"CommentAction","name":"Comment","target":["https:\/\/www.mundi-roth.de\/teneriffa-blog\/wanderungen\/arona\/palm-mar-montana-de-la-cabra-montana-aguzada-palm-mar\/#respond"]}]},{"@type":"WebPage","@id":"https:\/\/www.mundi-roth.de\/teneriffa-blog\/wanderungen\/arona\/palm-mar-montana-de-la-cabra-montana-aguzada-palm-mar\/","url":"https:\/\/www.mundi-roth.de\/teneriffa-blog\/wanderungen\/arona\/palm-mar-montana-de-la-cabra-montana-aguzada-palm-mar\/","name":"Palm-Mar - Monta\u00f1a de la Caraba \u2013 Monta\u00f1a Aguzada \u2013 Palm Mar - Teneriffa Wandern","isPartOf":{"@id":"https:\/\/www.mundi-roth.de\/teneriffa-blog\/#website"},"primaryImageOfPage":{"@id":"https:\/\/www.mundi-roth.de\/teneriffa-blog\/wanderungen\/arona\/palm-mar-montana-de-la-cabra-montana-aguzada-palm-mar\/#primaryimage"},"image":{"@id":"https:\/\/www.mundi-roth.de\/teneriffa-blog\/wanderungen\/arona\/palm-mar-montana-de-la-cabra-montana-aguzada-palm-mar\/#primaryimage"},"thumbnailUrl":"https:\/\/www.mundi-roth.de\/teneriffa-blog\/wp-content\/uploads\/2017\/12\/Track02-1-300x153.jpg","datePublished":"2017-12-28T21:00:58+00:00","dateModified":"2018-01-30T16:38:39+00:00","author":{"@id":"https:\/\/www.mundi-roth.de\/teneriffa-blog\/#\/schema\/person\/971c66b55f3ae5e8741553688c413cac"},"breadcrumb":{"@id":"https:\/\/www.mundi-roth.de\/teneriffa-blog\/wanderungen\/arona\/palm-mar-montana-de-la-cabra-montana-aguzada-palm-mar\/#breadcrumb"},"inLanguage":"de","potentialAction":[{"@type":"ReadAction","target":["https:\/\/www.mundi-roth.de\/teneriffa-blog\/wanderungen\/arona\/palm-mar-montana-de-la-cabra-montana-aguzada-palm-mar\/"]}]},{"@type":"ImageObject","inLanguage":"de","@id":"https:\/\/www.mundi-roth.de\/teneriffa-blog\/wanderungen\/arona\/palm-mar-montana-de-la-cabra-montana-aguzada-palm-mar\/#primaryimage","url":"https:\/\/www.mundi-roth.de\/teneriffa-blog\/wp-content\/uploads\/2017\/12\/Track02-1.jpg","contentUrl":"https:\/\/www.mundi-roth.de\/teneriffa-blog\/wp-content\/uploads\/2017\/12\/Track02-1.jpg","width":800,"height":408},{"@type":"BreadcrumbList","@id":"https:\/\/www.mundi-roth.de\/teneriffa-blog\/wanderungen\/arona\/palm-mar-montana-de-la-cabra-montana-aguzada-palm-mar\/#breadcrumb","itemListElement":[{"@type":"ListItem","position":1,"name":"Startseite","item":"https:\/\/www.mundi-roth.de\/teneriffa-blog\/"},{"@type":"ListItem","position":2,"name":"Palm-Mar &#8211; Monta\u00f1a de la Caraba \u2013 Monta\u00f1a Aguzada \u2013 Palm Mar"}]},{"@type":"WebSite","@id":"https:\/\/www.mundi-roth.de\/teneriffa-blog\/#website","url":"https:\/\/www.mundi-roth.de\/teneriffa-blog\/","name":"Teneriffa Wandern","description":"Nicht nur Wanderungen auf Teneriffa...","potentialAction":[{"@type":"SearchAction","target":{"@type":"EntryPoint","urlTemplate":"https:\/\/www.mundi-roth.de\/teneriffa-blog\/?s={search_term_string}"},"query-input":{"@type":"PropertyValueSpecification","valueRequired":true,"valueName":"search_term_string"}}],"inLanguage":"de"},{"@type":"Person","@id":"https:\/\/www.mundi-roth.de\/teneriffa-blog\/#\/schema\/person\/971c66b55f3ae5e8741553688c413cac","name":"mundi","image":{"@type":"ImageObject","inLanguage":"de","@id":"https:\/\/secure.gravatar.com\/avatar\/555f0dd85428f1a9330f8e5dbe9e40ff9ca912bb81e5a89747ebf3ca9c20dc0f?s=96&d=mm&r=g","url":"https:\/\/secure.gravatar.com\/avatar\/555f0dd85428f1a9330f8e5dbe9e40ff9ca912bb81e5a89747ebf3ca9c20dc0f?s=96&d=mm&r=g","contentUrl":"https:\/\/secure.gravatar.com\/avatar\/555f0dd85428f1a9330f8e5dbe9e40ff9ca912bb81e5a89747ebf3ca9c20dc0f?s=96&d=mm&r=g","caption":"mundi"},"sameAs":["http:\/\/mundi-roth.de"],"url":"https:\/\/www.mundi-roth.de\/teneriffa-blog\/author\/mundi\/"}]}},"_links":{"self":[{"href":"https:\/\/www.mundi-roth.de\/teneriffa-blog\/wp-json\/wp\/v2\/posts\/6069","targetHints":{"allow":["GET"]}}],"collection":[{"href":"https:\/\/www.mundi-roth.de\/teneriffa-blog\/wp-json\/wp\/v2\/posts"}],"about":[{"href":"https:\/\/www.mundi-roth.de\/teneriffa-blog\/wp-json\/wp\/v2\/types\/post"}],"author":[{"embeddable":true,"href":"https:\/\/www.mundi-roth.de\/teneriffa-blog\/wp-json\/wp\/v2\/users\/4"}],"replies":[{"embeddable":true,"href":"https:\/\/www.mundi-roth.de\/teneriffa-blog\/wp-json\/wp\/v2\/comments?post=6069"}],"version-history":[{"count":0,"href":"https:\/\/www.mundi-roth.de\/teneriffa-blog\/wp-json\/wp\/v2\/posts\/6069\/revisions"}],"wp:attachment":[{"href":"https:\/\/www.mundi-roth.de\/teneriffa-blog\/wp-json\/wp\/v2\/media?parent=6069"}],"wp:term":[{"taxonomy":"category","embeddable":true,"href":"https:\/\/www.mundi-roth.de\/teneriffa-blog\/wp-json\/wp\/v2\/categories?post=6069"},{"taxonomy":"post_tag","embeddable":true,"href":"https:\/\/www.mundi-roth.de\/teneriffa-blog\/wp-json\/wp\/v2\/tags?post=6069"}],"curies":[{"name":"wp","href":"https:\/\/api.w.org\/{rel}","templated":true}]}}