{"id":6294,"date":"2018-03-15T19:49:05","date_gmt":"2018-03-15T18:49:05","guid":{"rendered":"https:\/\/www.mundi-roth.de\/teneriffa-blog\/?p=6294"},"modified":"2018-03-16T12:38:00","modified_gmt":"2018-03-16T11:38:00","slug":"von-los-llanos-rund-um-vulcan-garachico-montana-negra","status":"publish","type":"post","link":"https:\/\/www.mundi-roth.de\/teneriffa-blog\/wanderungen\/von-los-llanos-rund-um-vulcan-garachico-montana-negra\/","title":{"rendered":"Von Los Llanos rund um Vulc\u00e1n Garachico (Monta\u00f1a Negra)"},"content":{"rendered":"<p>Heute morgen vor dem Start erst noch bei komoot die Wettervorhersage f\u00fcr<a href=\"https:\/\/www.mundi-roth.de\/teneriffa-blog\/wp-content\/uploads\/2018\/03\/Track00-1.jpg\" rel=\"lightbox[6294]\"><img loading=\"lazy\" decoding=\"async\" class=\"alignright size-thumbnail wp-image-6313\" src=\"https:\/\/www.mundi-roth.de\/teneriffa-blog\/wp-content\/uploads\/2018\/03\/Track00-1-150x121.jpg\" alt=\"\" width=\"150\" height=\"121\" srcset=\"https:\/\/www.mundi-roth.de\/teneriffa-blog\/wp-content\/uploads\/2018\/03\/Track00-1-150x121.jpg 150w, https:\/\/www.mundi-roth.de\/teneriffa-blog\/wp-content\/uploads\/2018\/03\/Track00-1-300x243.jpg 300w, https:\/\/www.mundi-roth.de\/teneriffa-blog\/wp-content\/uploads\/2018\/03\/Track00-1-768x622.jpg 768w, https:\/\/www.mundi-roth.de\/teneriffa-blog\/wp-content\/uploads\/2018\/03\/Track00-1.jpg 783w\" sizes=\"auto, (max-width: 150px) 100vw, 150px\" \/><\/a> das geplante Wandergebiet gepr\u00fcft:<br \/>\n13 Grad &#8211; ganzen Tag Sonne<br \/>\nNa prima!<br \/>\nElisabeth holt mich um 10 Uhr ab und \u00fcber die Autobahn sind wir schnell oben in Santiago del Teide.<br \/>\nWir bestaunen einen flachen, wundersch\u00f6nen Regenbogen der sich von Santiago del Teide Richtung Tamaimo zieht.<br \/>\nWeniger toll finden wir die dicken Wolken Richtung Erjos Pass.<br \/>\nSollen wir weiterfahren?<br \/>\nJa, wir riskieren es.<br \/>\nUm 10:45 Uhr kommen wir in Los Llanos an. Nieselregen!<br \/>\nSollen wir? Sollen wir nicht?<br \/>\nJa, wir gehen!<\/p>\n<p>Wanderwegstrecke: 12, 2 km in 2 Stunden 26 Minuten \u2013 ohne Apfelpause<\/p>\n<p><a href=\"https:\/\/www.mundi-roth.de\/teneriffa-blog\/wp-content\/uploads\/2018\/03\/Track02-2.jpg\" rel=\"lightbox[6294]\"><img loading=\"lazy\" decoding=\"async\" class=\"aligncenter size-medium wp-image-6316\" src=\"https:\/\/www.mundi-roth.de\/teneriffa-blog\/wp-content\/uploads\/2018\/03\/Track02-2-300x198.jpg\" alt=\"\" width=\"300\" height=\"198\" srcset=\"https:\/\/www.mundi-roth.de\/teneriffa-blog\/wp-content\/uploads\/2018\/03\/Track02-2-300x198.jpg 300w, https:\/\/www.mundi-roth.de\/teneriffa-blog\/wp-content\/uploads\/2018\/03\/Track02-2-150x99.jpg 150w, https:\/\/www.mundi-roth.de\/teneriffa-blog\/wp-content\/uploads\/2018\/03\/Track02-2-768x508.jpg 768w, https:\/\/www.mundi-roth.de\/teneriffa-blog\/wp-content\/uploads\/2018\/03\/Track02-2.jpg 800w\" sizes=\"auto, (max-width: 300px) 100vw, 300px\" \/><\/a><\/p>\n<p>Um kurz nach \u00bd 11 Uhr ziehen wir erst mal unsere Regencaps an, um dann von unserem gew\u00e4hlten Parkplatz kurz vor Einstieg, die Runde anzutreten.<br \/>\nWir stellen fest: Es wird Fr\u00fchling: reichlich Kanaren-Knoblauch bl\u00fcht, auch der nickende Sauerklee ist kurz vor der Bl\u00fcte.<\/p>\n\n\t\t<style type=\"text\/css\">\n\t\t\t#gallery-1 {\n\t\t\t\tmargin: auto;\n\t\t\t}\n\t\t\t#gallery-1 .gallery-item {\n\t\t\t\tfloat: left;\n\t\t\t\tmargin-top: 10px;\n\t\t\t\ttext-align: center;\n\t\t\t\twidth: 50%;\n\t\t\t}\n\t\t\t#gallery-1 img {\n\t\t\t\tborder: 2px solid #cfcfcf;\n\t\t\t}\n\t\t\t#gallery-1 .gallery-caption {\n\t\t\t\tmargin-left: 0;\n\t\t\t}\n\t\t\t\/* see gallery_shortcode() in wp-includes\/media.php *\/\n\t\t<\/style>\n\t\t<div id='gallery-1' class='gallery galleryid-6294 gallery-columns-2 gallery-size-thumbnail'><dl class='gallery-item'>\n\t\t\t<dt class='gallery-icon landscape'>\n\t\t\t\t<a href='https:\/\/www.mundi-roth.de\/teneriffa-blog\/wp-content\/uploads\/2018\/03\/DSC02385.jpg' rel=\"lightbox[6294]\"><img loading=\"lazy\" decoding=\"async\" width=\"150\" height=\"113\" src=\"https:\/\/www.mundi-roth.de\/teneriffa-blog\/wp-content\/uploads\/2018\/03\/DSC02385-150x113.jpg\" class=\"attachment-thumbnail size-thumbnail\" alt=\"\" srcset=\"https:\/\/www.mundi-roth.de\/teneriffa-blog\/wp-content\/uploads\/2018\/03\/DSC02385-150x113.jpg 150w, https:\/\/www.mundi-roth.de\/teneriffa-blog\/wp-content\/uploads\/2018\/03\/DSC02385-300x225.jpg 300w, https:\/\/www.mundi-roth.de\/teneriffa-blog\/wp-content\/uploads\/2018\/03\/DSC02385-768x576.jpg 768w, https:\/\/www.mundi-roth.de\/teneriffa-blog\/wp-content\/uploads\/2018\/03\/DSC02385.jpg 800w\" sizes=\"auto, (max-width: 150px) 100vw, 150px\" \/><\/a>\n\t\t\t<\/dt><\/dl><dl class='gallery-item'>\n\t\t\t<dt class='gallery-icon landscape'>\n\t\t\t\t<a href='https:\/\/www.mundi-roth.de\/teneriffa-blog\/wp-content\/uploads\/2018\/03\/DSC02387.jpg' rel=\"lightbox[6294]\"><img loading=\"lazy\" decoding=\"async\" width=\"150\" height=\"113\" src=\"https:\/\/www.mundi-roth.de\/teneriffa-blog\/wp-content\/uploads\/2018\/03\/DSC02387-150x113.jpg\" class=\"attachment-thumbnail size-thumbnail\" alt=\"\" srcset=\"https:\/\/www.mundi-roth.de\/teneriffa-blog\/wp-content\/uploads\/2018\/03\/DSC02387-150x113.jpg 150w, https:\/\/www.mundi-roth.de\/teneriffa-blog\/wp-content\/uploads\/2018\/03\/DSC02387-300x225.jpg 300w, https:\/\/www.mundi-roth.de\/teneriffa-blog\/wp-content\/uploads\/2018\/03\/DSC02387-768x576.jpg 768w, https:\/\/www.mundi-roth.de\/teneriffa-blog\/wp-content\/uploads\/2018\/03\/DSC02387.jpg 800w\" sizes=\"auto, (max-width: 150px) 100vw, 150px\" \/><\/a>\n\t\t\t<\/dt><\/dl><br style=\"clear: both\" \/>\n\t\t<\/div>\n\n<p>Gleich bei unserem Parkplatz ist der Hinweis: PR-TF 43.1 Chinyero 4,0 km<br \/>\nSofort empf\u00e4ngt uns ein wunderbar zu gehender Pfad &#8211; ges\u00e4umt von dicken Lavabrocken &#8211; bedeckt mit Kiefernnadeln unter einem lichten Kiefernwald und ein gro\u00dfes Exemplar der G\u00e4nsedistel: noch nicht erbl\u00fcht. Hoffentlich ist es n\u00e4chste Woche so weit, dass wir die erbl\u00fchten G\u00e4nsedistel bei unserer traditionellen j\u00e4hrlichen Galarunde sehen k\u00f6nnen.<\/p>\n\n\t\t<style type=\"text\/css\">\n\t\t\t#gallery-2 {\n\t\t\t\tmargin: auto;\n\t\t\t}\n\t\t\t#gallery-2 .gallery-item {\n\t\t\t\tfloat: left;\n\t\t\t\tmargin-top: 10px;\n\t\t\t\ttext-align: center;\n\t\t\t\twidth: 50%;\n\t\t\t}\n\t\t\t#gallery-2 img {\n\t\t\t\tborder: 2px solid #cfcfcf;\n\t\t\t}\n\t\t\t#gallery-2 .gallery-caption {\n\t\t\t\tmargin-left: 0;\n\t\t\t}\n\t\t\t\/* see gallery_shortcode() in wp-includes\/media.php *\/\n\t\t<\/style>\n\t\t<div id='gallery-2' class='gallery galleryid-6294 gallery-columns-2 gallery-size-thumbnail'><dl class='gallery-item'>\n\t\t\t<dt class='gallery-icon portrait'>\n\t\t\t\t<a href='https:\/\/www.mundi-roth.de\/teneriffa-blog\/wp-content\/uploads\/2018\/03\/DSC02390.jpg' rel=\"lightbox[6294]\"><img loading=\"lazy\" decoding=\"async\" width=\"113\" height=\"150\" src=\"https:\/\/www.mundi-roth.de\/teneriffa-blog\/wp-content\/uploads\/2018\/03\/DSC02390-113x150.jpg\" class=\"attachment-thumbnail size-thumbnail\" alt=\"\" srcset=\"https:\/\/www.mundi-roth.de\/teneriffa-blog\/wp-content\/uploads\/2018\/03\/DSC02390-113x150.jpg 113w, https:\/\/www.mundi-roth.de\/teneriffa-blog\/wp-content\/uploads\/2018\/03\/DSC02390-225x300.jpg 225w, https:\/\/www.mundi-roth.de\/teneriffa-blog\/wp-content\/uploads\/2018\/03\/DSC02390.jpg 600w\" sizes=\"auto, (max-width: 113px) 100vw, 113px\" \/><\/a>\n\t\t\t<\/dt><\/dl><dl class='gallery-item'>\n\t\t\t<dt class='gallery-icon landscape'>\n\t\t\t\t<a href='https:\/\/www.mundi-roth.de\/teneriffa-blog\/wp-content\/uploads\/2018\/03\/DSC02393.jpg' rel=\"lightbox[6294]\"><img loading=\"lazy\" decoding=\"async\" width=\"150\" height=\"113\" src=\"https:\/\/www.mundi-roth.de\/teneriffa-blog\/wp-content\/uploads\/2018\/03\/DSC02393-150x113.jpg\" class=\"attachment-thumbnail size-thumbnail\" alt=\"\" srcset=\"https:\/\/www.mundi-roth.de\/teneriffa-blog\/wp-content\/uploads\/2018\/03\/DSC02393-150x113.jpg 150w, https:\/\/www.mundi-roth.de\/teneriffa-blog\/wp-content\/uploads\/2018\/03\/DSC02393-300x225.jpg 300w, https:\/\/www.mundi-roth.de\/teneriffa-blog\/wp-content\/uploads\/2018\/03\/DSC02393-768x576.jpg 768w, https:\/\/www.mundi-roth.de\/teneriffa-blog\/wp-content\/uploads\/2018\/03\/DSC02393.jpg 800w\" sizes=\"auto, (max-width: 150px) 100vw, 150px\" \/><\/a>\n\t\t\t<\/dt><\/dl><br style=\"clear: both\" \/>\n\t\t<\/div>\n\n<p>Eine Hinweistafel macht uns darauf aufmerksam, dass wir uns in einem \u00f6kologisch sehr empfindlichen Gebiet befinden und wir die Wege nicht verlassen und den Vulkan nicht betreten sollen.<\/p>\n<p>In die Versuchung geraten wir erst gar nicht, denn heute sind<a href=\"https:\/\/www.mundi-roth.de\/teneriffa-blog\/wp-content\/uploads\/2018\/03\/DSC02407.jpg\" rel=\"lightbox[6294]\"><img loading=\"lazy\" decoding=\"async\" class=\"alignright size-thumbnail wp-image-6301\" src=\"https:\/\/www.mundi-roth.de\/teneriffa-blog\/wp-content\/uploads\/2018\/03\/DSC02407-150x113.jpg\" alt=\"\" width=\"150\" height=\"113\" srcset=\"https:\/\/www.mundi-roth.de\/teneriffa-blog\/wp-content\/uploads\/2018\/03\/DSC02407-150x113.jpg 150w, https:\/\/www.mundi-roth.de\/teneriffa-blog\/wp-content\/uploads\/2018\/03\/DSC02407-300x225.jpg 300w, https:\/\/www.mundi-roth.de\/teneriffa-blog\/wp-content\/uploads\/2018\/03\/DSC02407-768x576.jpg 768w, https:\/\/www.mundi-roth.de\/teneriffa-blog\/wp-content\/uploads\/2018\/03\/DSC02407.jpg 800w\" sizes=\"auto, (max-width: 150px) 100vw, 150px\" \/><\/a> Pfadfinderf\u00e4higkeiten gefragt: Null Sicht! Auch den Vulkan k\u00f6nnen wir nur erahnen.<br \/>\n1 Stunde sind wir bis hierher gegangen und nun gehen wir die n\u00e4chste Stunde nur \u00fcber Lavagruss.<br \/>\nVon dem Hinweisschild zum Chinyero sind wir noch <a href=\"https:\/\/www.mundi-roth.de\/teneriffa-blog\/wp-content\/uploads\/2018\/03\/DSC02410.jpg\" rel=\"lightbox[6294]\"><img loading=\"lazy\" decoding=\"async\" class=\"alignleft size-thumbnail wp-image-6302\" src=\"https:\/\/www.mundi-roth.de\/teneriffa-blog\/wp-content\/uploads\/2018\/03\/DSC02410-150x113.jpg\" alt=\"\" width=\"150\" height=\"113\" srcset=\"https:\/\/www.mundi-roth.de\/teneriffa-blog\/wp-content\/uploads\/2018\/03\/DSC02410-150x113.jpg 150w, https:\/\/www.mundi-roth.de\/teneriffa-blog\/wp-content\/uploads\/2018\/03\/DSC02410-300x225.jpg 300w, https:\/\/www.mundi-roth.de\/teneriffa-blog\/wp-content\/uploads\/2018\/03\/DSC02410-768x576.jpg 768w, https:\/\/www.mundi-roth.de\/teneriffa-blog\/wp-content\/uploads\/2018\/03\/DSC02410.jpg 800w\" sizes=\"auto, (max-width: 150px) 100vw, 150px\" \/><\/a>linker Hand genau 6 Minuten gegangen, um dann bei einer Steinansammlung links steil den Hang hinabzugehen. Wir konnten uns hier nur sicher sein, da wir diese Wanderung schon mehrfach bei besten Wetterbedingungen gemacht haben.<\/p>\n<p>Hier empf\u00e4ngt uns eine Landschaft die an Kargheit kaum zu \u00fcberbieten ist:<br \/>\nLavagruss \u2013 Flechten \u00fcberzogene Vulkanbrocken \u2013 hin und wieder eine Kiefer.<br \/>\n\n\t\t<style type=\"text\/css\">\n\t\t\t#gallery-3 {\n\t\t\t\tmargin: auto;\n\t\t\t}\n\t\t\t#gallery-3 .gallery-item {\n\t\t\t\tfloat: left;\n\t\t\t\tmargin-top: 10px;\n\t\t\t\ttext-align: center;\n\t\t\t\twidth: 50%;\n\t\t\t}\n\t\t\t#gallery-3 img {\n\t\t\t\tborder: 2px solid #cfcfcf;\n\t\t\t}\n\t\t\t#gallery-3 .gallery-caption {\n\t\t\t\tmargin-left: 0;\n\t\t\t}\n\t\t\t\/* see gallery_shortcode() in wp-includes\/media.php *\/\n\t\t<\/style>\n\t\t<div id='gallery-3' class='gallery galleryid-6294 gallery-columns-2 gallery-size-thumbnail'><dl class='gallery-item'>\n\t\t\t<dt class='gallery-icon landscape'>\n\t\t\t\t<a href='https:\/\/www.mundi-roth.de\/teneriffa-blog\/wp-content\/uploads\/2018\/03\/DSC02411.jpg' rel=\"lightbox[6294]\"><img loading=\"lazy\" decoding=\"async\" width=\"150\" height=\"113\" src=\"https:\/\/www.mundi-roth.de\/teneriffa-blog\/wp-content\/uploads\/2018\/03\/DSC02411-150x113.jpg\" class=\"attachment-thumbnail size-thumbnail\" alt=\"\" srcset=\"https:\/\/www.mundi-roth.de\/teneriffa-blog\/wp-content\/uploads\/2018\/03\/DSC02411-150x113.jpg 150w, https:\/\/www.mundi-roth.de\/teneriffa-blog\/wp-content\/uploads\/2018\/03\/DSC02411-300x225.jpg 300w, https:\/\/www.mundi-roth.de\/teneriffa-blog\/wp-content\/uploads\/2018\/03\/DSC02411-768x576.jpg 768w, https:\/\/www.mundi-roth.de\/teneriffa-blog\/wp-content\/uploads\/2018\/03\/DSC02411.jpg 800w\" sizes=\"auto, (max-width: 150px) 100vw, 150px\" \/><\/a>\n\t\t\t<\/dt><\/dl><dl class='gallery-item'>\n\t\t\t<dt class='gallery-icon landscape'>\n\t\t\t\t<a href='https:\/\/www.mundi-roth.de\/teneriffa-blog\/wp-content\/uploads\/2018\/03\/DSC02413.jpg' rel=\"lightbox[6294]\"><img loading=\"lazy\" decoding=\"async\" width=\"150\" height=\"113\" src=\"https:\/\/www.mundi-roth.de\/teneriffa-blog\/wp-content\/uploads\/2018\/03\/DSC02413-150x113.jpg\" class=\"attachment-thumbnail size-thumbnail\" alt=\"\" srcset=\"https:\/\/www.mundi-roth.de\/teneriffa-blog\/wp-content\/uploads\/2018\/03\/DSC02413-150x113.jpg 150w, https:\/\/www.mundi-roth.de\/teneriffa-blog\/wp-content\/uploads\/2018\/03\/DSC02413-300x225.jpg 300w, https:\/\/www.mundi-roth.de\/teneriffa-blog\/wp-content\/uploads\/2018\/03\/DSC02413-768x576.jpg 768w, https:\/\/www.mundi-roth.de\/teneriffa-blog\/wp-content\/uploads\/2018\/03\/DSC02413.jpg 800w\" sizes=\"auto, (max-width: 150px) 100vw, 150px\" \/><\/a>\n\t\t\t<\/dt><\/dl><br style=\"clear: both\" \/>\n\t\t<\/div>\n<\/p>\n<p>In diesem Lavagruss k\u00f6nnen wir hin und wieder Spuren ausmachen denen wir dann auch folgen.<br \/>\nSo wandern wir den Hang abw\u00e4rts \u2013 halten uns erst irrigerweise nach rechts \u2013 finden dort ebenfalls eine \u00fcberdachte Tafel vor, dass wir uns in gesch\u00fctztem Gebiet befinden \u2013 und da mahnt uns auch schon die Sprecherin von komoot: \u201eDu hast die Tour verlassen\u201c.<br \/>\nAlso retour.<br \/>\nAh ja, hier sind wir richtig: Flechten \u00fcberzogene B\u00e4ume, die haben wir noch in guter Erinnerung.<\/p>\n\n\t\t<style type=\"text\/css\">\n\t\t\t#gallery-4 {\n\t\t\t\tmargin: auto;\n\t\t\t}\n\t\t\t#gallery-4 .gallery-item {\n\t\t\t\tfloat: left;\n\t\t\t\tmargin-top: 10px;\n\t\t\t\ttext-align: center;\n\t\t\t\twidth: 50%;\n\t\t\t}\n\t\t\t#gallery-4 img {\n\t\t\t\tborder: 2px solid #cfcfcf;\n\t\t\t}\n\t\t\t#gallery-4 .gallery-caption {\n\t\t\t\tmargin-left: 0;\n\t\t\t}\n\t\t\t\/* see gallery_shortcode() in wp-includes\/media.php *\/\n\t\t<\/style>\n\t\t<div id='gallery-4' class='gallery galleryid-6294 gallery-columns-2 gallery-size-thumbnail'><dl class='gallery-item'>\n\t\t\t<dt class='gallery-icon portrait'>\n\t\t\t\t<a href='https:\/\/www.mundi-roth.de\/teneriffa-blog\/wp-content\/uploads\/2018\/03\/DSC02416.jpg' rel=\"lightbox[6294]\"><img loading=\"lazy\" decoding=\"async\" width=\"113\" height=\"150\" src=\"https:\/\/www.mundi-roth.de\/teneriffa-blog\/wp-content\/uploads\/2018\/03\/DSC02416-113x150.jpg\" class=\"attachment-thumbnail size-thumbnail\" alt=\"\" srcset=\"https:\/\/www.mundi-roth.de\/teneriffa-blog\/wp-content\/uploads\/2018\/03\/DSC02416-113x150.jpg 113w, https:\/\/www.mundi-roth.de\/teneriffa-blog\/wp-content\/uploads\/2018\/03\/DSC02416-225x300.jpg 225w, https:\/\/www.mundi-roth.de\/teneriffa-blog\/wp-content\/uploads\/2018\/03\/DSC02416.jpg 600w\" sizes=\"auto, (max-width: 113px) 100vw, 113px\" \/><\/a>\n\t\t\t<\/dt><\/dl><dl class='gallery-item'>\n\t\t\t<dt class='gallery-icon landscape'>\n\t\t\t\t<a href='https:\/\/www.mundi-roth.de\/teneriffa-blog\/wp-content\/uploads\/2018\/03\/DSC02417.jpg' rel=\"lightbox[6294]\"><img loading=\"lazy\" decoding=\"async\" width=\"150\" height=\"113\" src=\"https:\/\/www.mundi-roth.de\/teneriffa-blog\/wp-content\/uploads\/2018\/03\/DSC02417-150x113.jpg\" class=\"attachment-thumbnail size-thumbnail\" alt=\"\" srcset=\"https:\/\/www.mundi-roth.de\/teneriffa-blog\/wp-content\/uploads\/2018\/03\/DSC02417-150x113.jpg 150w, https:\/\/www.mundi-roth.de\/teneriffa-blog\/wp-content\/uploads\/2018\/03\/DSC02417-300x225.jpg 300w, https:\/\/www.mundi-roth.de\/teneriffa-blog\/wp-content\/uploads\/2018\/03\/DSC02417-768x576.jpg 768w, https:\/\/www.mundi-roth.de\/teneriffa-blog\/wp-content\/uploads\/2018\/03\/DSC02417.jpg 800w\" sizes=\"auto, (max-width: 150px) 100vw, 150px\" \/><\/a>\n\t\t\t<\/dt><\/dl><br style=\"clear: both\" \/>\n\t\t<\/div>\n\n<p>Nun begehen wir einen Abschnitt der uns trotz des Wetters begeistert: Vulkangestein \u201everziert\u201c von Flechten. Wundersch\u00f6n!<\/p>\n\n\t\t<style type=\"text\/css\">\n\t\t\t#gallery-5 {\n\t\t\t\tmargin: auto;\n\t\t\t}\n\t\t\t#gallery-5 .gallery-item {\n\t\t\t\tfloat: left;\n\t\t\t\tmargin-top: 10px;\n\t\t\t\ttext-align: center;\n\t\t\t\twidth: 33%;\n\t\t\t}\n\t\t\t#gallery-5 img {\n\t\t\t\tborder: 2px solid #cfcfcf;\n\t\t\t}\n\t\t\t#gallery-5 .gallery-caption {\n\t\t\t\tmargin-left: 0;\n\t\t\t}\n\t\t\t\/* see gallery_shortcode() in wp-includes\/media.php *\/\n\t\t<\/style>\n\t\t<div id='gallery-5' class='gallery galleryid-6294 gallery-columns-3 gallery-size-thumbnail'><dl class='gallery-item'>\n\t\t\t<dt class='gallery-icon landscape'>\n\t\t\t\t<a href='https:\/\/www.mundi-roth.de\/teneriffa-blog\/wp-content\/uploads\/2018\/03\/DSC02418.jpg' rel=\"lightbox[6294]\"><img loading=\"lazy\" decoding=\"async\" width=\"150\" height=\"113\" src=\"https:\/\/www.mundi-roth.de\/teneriffa-blog\/wp-content\/uploads\/2018\/03\/DSC02418-150x113.jpg\" class=\"attachment-thumbnail size-thumbnail\" alt=\"\" srcset=\"https:\/\/www.mundi-roth.de\/teneriffa-blog\/wp-content\/uploads\/2018\/03\/DSC02418-150x113.jpg 150w, https:\/\/www.mundi-roth.de\/teneriffa-blog\/wp-content\/uploads\/2018\/03\/DSC02418-300x225.jpg 300w, https:\/\/www.mundi-roth.de\/teneriffa-blog\/wp-content\/uploads\/2018\/03\/DSC02418-768x576.jpg 768w, https:\/\/www.mundi-roth.de\/teneriffa-blog\/wp-content\/uploads\/2018\/03\/DSC02418.jpg 800w\" sizes=\"auto, (max-width: 150px) 100vw, 150px\" \/><\/a>\n\t\t\t<\/dt><\/dl><dl class='gallery-item'>\n\t\t\t<dt class='gallery-icon landscape'>\n\t\t\t\t<a href='https:\/\/www.mundi-roth.de\/teneriffa-blog\/wp-content\/uploads\/2018\/03\/DSC02420.jpg' rel=\"lightbox[6294]\"><img loading=\"lazy\" decoding=\"async\" width=\"150\" height=\"113\" src=\"https:\/\/www.mundi-roth.de\/teneriffa-blog\/wp-content\/uploads\/2018\/03\/DSC02420-150x113.jpg\" class=\"attachment-thumbnail size-thumbnail\" alt=\"\" srcset=\"https:\/\/www.mundi-roth.de\/teneriffa-blog\/wp-content\/uploads\/2018\/03\/DSC02420-150x113.jpg 150w, https:\/\/www.mundi-roth.de\/teneriffa-blog\/wp-content\/uploads\/2018\/03\/DSC02420-300x225.jpg 300w, https:\/\/www.mundi-roth.de\/teneriffa-blog\/wp-content\/uploads\/2018\/03\/DSC02420-768x576.jpg 768w, https:\/\/www.mundi-roth.de\/teneriffa-blog\/wp-content\/uploads\/2018\/03\/DSC02420.jpg 800w\" sizes=\"auto, (max-width: 150px) 100vw, 150px\" \/><\/a>\n\t\t\t<\/dt><\/dl><dl class='gallery-item'>\n\t\t\t<dt class='gallery-icon landscape'>\n\t\t\t\t<a href='https:\/\/www.mundi-roth.de\/teneriffa-blog\/wp-content\/uploads\/2018\/03\/DSC02421.jpg' rel=\"lightbox[6294]\"><img loading=\"lazy\" decoding=\"async\" width=\"150\" height=\"113\" src=\"https:\/\/www.mundi-roth.de\/teneriffa-blog\/wp-content\/uploads\/2018\/03\/DSC02421-150x113.jpg\" class=\"attachment-thumbnail size-thumbnail\" alt=\"\" srcset=\"https:\/\/www.mundi-roth.de\/teneriffa-blog\/wp-content\/uploads\/2018\/03\/DSC02421-150x113.jpg 150w, https:\/\/www.mundi-roth.de\/teneriffa-blog\/wp-content\/uploads\/2018\/03\/DSC02421-300x225.jpg 300w, https:\/\/www.mundi-roth.de\/teneriffa-blog\/wp-content\/uploads\/2018\/03\/DSC02421-768x576.jpg 768w, https:\/\/www.mundi-roth.de\/teneriffa-blog\/wp-content\/uploads\/2018\/03\/DSC02421.jpg 800w\" sizes=\"auto, (max-width: 150px) 100vw, 150px\" \/><\/a>\n\t\t\t<\/dt><\/dl><br style=\"clear: both\" \/>\n\t\t<\/div>\n\n<p>Nur: Vorsicht: Der Pfad ist feucht und rutschig!<br \/>\nWir wissen jedoch, dieser Abschnitt dauert nicht allzu lange.<br \/>\nNach 2 Stunden ab Parkplatz erreichen wir wieder den lichten Kiefernwald.<br \/>\nEin \u201eKunstsinniger\u201c hat den Eingang zum R\u00fcckweg gestaltet.<\/p>\n<p>Auch nicht schlecht, wenn man keine Ausblicke, keine Fernsicht hat, so konzentriert man sich verst\u00e4rkt auf die Sch\u00f6nheiten am Wegesrand: Flechten, Moose&#8230;<\/p>\n\n\t\t<style type=\"text\/css\">\n\t\t\t#gallery-6 {\n\t\t\t\tmargin: auto;\n\t\t\t}\n\t\t\t#gallery-6 .gallery-item {\n\t\t\t\tfloat: left;\n\t\t\t\tmargin-top: 10px;\n\t\t\t\ttext-align: center;\n\t\t\t\twidth: 33%;\n\t\t\t}\n\t\t\t#gallery-6 img {\n\t\t\t\tborder: 2px solid #cfcfcf;\n\t\t\t}\n\t\t\t#gallery-6 .gallery-caption {\n\t\t\t\tmargin-left: 0;\n\t\t\t}\n\t\t\t\/* see gallery_shortcode() in wp-includes\/media.php *\/\n\t\t<\/style>\n\t\t<div id='gallery-6' class='gallery galleryid-6294 gallery-columns-3 gallery-size-thumbnail'><dl class='gallery-item'>\n\t\t\t<dt class='gallery-icon landscape'>\n\t\t\t\t<a href='https:\/\/www.mundi-roth.de\/teneriffa-blog\/wp-content\/uploads\/2018\/03\/DSC02429.jpg' rel=\"lightbox[6294]\"><img loading=\"lazy\" decoding=\"async\" width=\"150\" height=\"113\" src=\"https:\/\/www.mundi-roth.de\/teneriffa-blog\/wp-content\/uploads\/2018\/03\/DSC02429-150x113.jpg\" class=\"attachment-thumbnail size-thumbnail\" alt=\"\" srcset=\"https:\/\/www.mundi-roth.de\/teneriffa-blog\/wp-content\/uploads\/2018\/03\/DSC02429-150x113.jpg 150w, https:\/\/www.mundi-roth.de\/teneriffa-blog\/wp-content\/uploads\/2018\/03\/DSC02429-300x225.jpg 300w, https:\/\/www.mundi-roth.de\/teneriffa-blog\/wp-content\/uploads\/2018\/03\/DSC02429-768x576.jpg 768w, https:\/\/www.mundi-roth.de\/teneriffa-blog\/wp-content\/uploads\/2018\/03\/DSC02429.jpg 800w\" sizes=\"auto, (max-width: 150px) 100vw, 150px\" \/><\/a>\n\t\t\t<\/dt><\/dl><dl class='gallery-item'>\n\t\t\t<dt class='gallery-icon landscape'>\n\t\t\t\t<a href='https:\/\/www.mundi-roth.de\/teneriffa-blog\/wp-content\/uploads\/2018\/03\/DSC02432.jpg' rel=\"lightbox[6294]\"><img loading=\"lazy\" decoding=\"async\" width=\"150\" height=\"113\" src=\"https:\/\/www.mundi-roth.de\/teneriffa-blog\/wp-content\/uploads\/2018\/03\/DSC02432-150x113.jpg\" class=\"attachment-thumbnail size-thumbnail\" alt=\"\" srcset=\"https:\/\/www.mundi-roth.de\/teneriffa-blog\/wp-content\/uploads\/2018\/03\/DSC02432-150x113.jpg 150w, https:\/\/www.mundi-roth.de\/teneriffa-blog\/wp-content\/uploads\/2018\/03\/DSC02432-300x225.jpg 300w, https:\/\/www.mundi-roth.de\/teneriffa-blog\/wp-content\/uploads\/2018\/03\/DSC02432-768x576.jpg 768w, https:\/\/www.mundi-roth.de\/teneriffa-blog\/wp-content\/uploads\/2018\/03\/DSC02432.jpg 800w\" sizes=\"auto, (max-width: 150px) 100vw, 150px\" \/><\/a>\n\t\t\t<\/dt><\/dl><dl class='gallery-item'>\n\t\t\t<dt class='gallery-icon portrait'>\n\t\t\t\t<a href='https:\/\/www.mundi-roth.de\/teneriffa-blog\/wp-content\/uploads\/2018\/03\/DSC02430.jpg' rel=\"lightbox[6294]\"><img loading=\"lazy\" decoding=\"async\" width=\"113\" height=\"150\" src=\"https:\/\/www.mundi-roth.de\/teneriffa-blog\/wp-content\/uploads\/2018\/03\/DSC02430-113x150.jpg\" class=\"attachment-thumbnail size-thumbnail\" alt=\"\" srcset=\"https:\/\/www.mundi-roth.de\/teneriffa-blog\/wp-content\/uploads\/2018\/03\/DSC02430-113x150.jpg 113w, https:\/\/www.mundi-roth.de\/teneriffa-blog\/wp-content\/uploads\/2018\/03\/DSC02430-225x300.jpg 225w, https:\/\/www.mundi-roth.de\/teneriffa-blog\/wp-content\/uploads\/2018\/03\/DSC02430.jpg 600w\" sizes=\"auto, (max-width: 113px) 100vw, 113px\" \/><\/a>\n\t\t\t<\/dt><\/dl><br style=\"clear: both\" \/>\n\t\t<\/div>\n\n<p>Um 13:30 Uhr waren wir dann \u2013 zwar durchn\u00e4sst aber zufrieden \u2013 wieder beim Auto.<\/p>\n<p><strong>Fazit:<\/strong><br \/>\nSo hatten wir uns das heute eigentlich nicht gedacht!<br \/>\nWir denken, manch Eine\/Einer h\u00e4tte diese Wanderung bei den Bedingungen erst gar nicht angetreten.<br \/>\nHatten wir anfangs noch gehofft, die Sonne w\u00fcrde sich durchk\u00e4mpfen. Das war falsch gedacht. Sie hat aufgegeben. Nieselregen, Nebel hat gewonnen.<br \/>\nAber Elisabeth und ich finden: Es ist eine gute, staubfreie Luft, es ist gut f\u00fcr den Teint, wir bekommen keinen Sonnenbrand.<br \/>\nDaf\u00fcr bekamen wir eine Atmosph\u00e4re, fast geisterhaft, wie wir sie so noch selten erlebt haben.<br \/>\nWir sind uns einig: Es war \u2013 obwohl wir trotz Regencaps nass sind \u2013 einfach <strong>SCH\u00d6N !!!<\/strong><\/p>\n","protected":false},"excerpt":{"rendered":"<p>Heute morgen vor dem Start erst noch bei komoot die Wettervorhersage f\u00fcr das geplante Wandergebiet gepr\u00fcft: 13 Grad &#8211; ganzen Tag Sonne Na prima! Elisabeth holt mich um 10 Uhr ab und \u00fcber die Autobahn sind wir schnell oben in Santiago del Teide. Wir bestaunen einen flachen, wundersch\u00f6nen Regenbogen der sich von Santiago del Teide [&hellip;]<\/p>\n","protected":false},"author":4,"featured_media":0,"comment_status":"open","ping_status":"open","sticky":false,"template":"","format":"standard","meta":{"footnotes":""},"categories":[777,6],"tags":[333,998,439,334,446,866],"class_list":["post-6294","post","type-post","status-publish","format-standard","hentry","category-santiago-del-teide","category-wanderungen","tag-los-llanos","tag-montana-negra","tag-teneriffa-wandern","tag-vulcan-garachico","tag-wandern-teneriffa","tag-wanderurlaub-teneriffa"],"yoast_head":"<!-- This site is optimized with the Yoast SEO plugin v27.5 - https:\/\/yoast.com\/product\/yoast-seo-wordpress\/ -->\n<title>Von Los Llanos rund um Vulc\u00e1n Garachico (Monta\u00f1a Negra) - Teneriffa Wandern<\/title>\n<meta name=\"robots\" content=\"index, follow, max-snippet:-1, max-image-preview:large, max-video-preview:-1\" \/>\n<link rel=\"canonical\" href=\"https:\/\/www.mundi-roth.de\/teneriffa-blog\/wanderungen\/von-los-llanos-rund-um-vulcan-garachico-montana-negra\/\" \/>\n<meta name=\"twitter:label1\" content=\"Verfasst von\" \/>\n\t<meta name=\"twitter:data1\" content=\"mundi\" \/>\n\t<meta name=\"twitter:label2\" content=\"Gesch\u00e4tzte Lesezeit\" \/>\n\t<meta name=\"twitter:data2\" content=\"3\u00a0Minuten\" \/>\n<script type=\"application\/ld+json\" class=\"yoast-schema-graph\">{\"@context\":\"https:\\\/\\\/schema.org\",\"@graph\":[{\"@type\":\"Article\",\"@id\":\"https:\\\/\\\/www.mundi-roth.de\\\/teneriffa-blog\\\/wanderungen\\\/von-los-llanos-rund-um-vulcan-garachico-montana-negra\\\/#article\",\"isPartOf\":{\"@id\":\"https:\\\/\\\/www.mundi-roth.de\\\/teneriffa-blog\\\/wanderungen\\\/von-los-llanos-rund-um-vulcan-garachico-montana-negra\\\/\"},\"author\":{\"name\":\"mundi\",\"@id\":\"https:\\\/\\\/www.mundi-roth.de\\\/teneriffa-blog\\\/#\\\/schema\\\/person\\\/971c66b55f3ae5e8741553688c413cac\"},\"headline\":\"Von Los Llanos rund um Vulc\u00e1n Garachico (Monta\u00f1a Negra)\",\"datePublished\":\"2018-03-15T18:49:05+00:00\",\"dateModified\":\"2018-03-16T11:38:00+00:00\",\"mainEntityOfPage\":{\"@id\":\"https:\\\/\\\/www.mundi-roth.de\\\/teneriffa-blog\\\/wanderungen\\\/von-los-llanos-rund-um-vulcan-garachico-montana-negra\\\/\"},\"wordCount\":656,\"commentCount\":1,\"image\":{\"@id\":\"https:\\\/\\\/www.mundi-roth.de\\\/teneriffa-blog\\\/wanderungen\\\/von-los-llanos-rund-um-vulcan-garachico-montana-negra\\\/#primaryimage\"},\"thumbnailUrl\":\"https:\\\/\\\/www.mundi-roth.de\\\/teneriffa-blog\\\/wp-content\\\/uploads\\\/2018\\\/03\\\/Track00-1-150x121.jpg\",\"keywords\":[\"Los Llanos\",\"Monta\u00f1a Negra\",\"Teneriffa Wandern\",\"Vulc\u00e1n Garachico\",\"Wandern Teneriffa\",\"Wanderurlaub Teneriffa\"],\"articleSection\":[\"Santiago del Teide\",\"Wanderungen\"],\"inLanguage\":\"de\",\"potentialAction\":[{\"@type\":\"CommentAction\",\"name\":\"Comment\",\"target\":[\"https:\\\/\\\/www.mundi-roth.de\\\/teneriffa-blog\\\/wanderungen\\\/von-los-llanos-rund-um-vulcan-garachico-montana-negra\\\/#respond\"]}]},{\"@type\":\"WebPage\",\"@id\":\"https:\\\/\\\/www.mundi-roth.de\\\/teneriffa-blog\\\/wanderungen\\\/von-los-llanos-rund-um-vulcan-garachico-montana-negra\\\/\",\"url\":\"https:\\\/\\\/www.mundi-roth.de\\\/teneriffa-blog\\\/wanderungen\\\/von-los-llanos-rund-um-vulcan-garachico-montana-negra\\\/\",\"name\":\"Von Los Llanos rund um Vulc\u00e1n Garachico (Monta\u00f1a Negra) - Teneriffa Wandern\",\"isPartOf\":{\"@id\":\"https:\\\/\\\/www.mundi-roth.de\\\/teneriffa-blog\\\/#website\"},\"primaryImageOfPage\":{\"@id\":\"https:\\\/\\\/www.mundi-roth.de\\\/teneriffa-blog\\\/wanderungen\\\/von-los-llanos-rund-um-vulcan-garachico-montana-negra\\\/#primaryimage\"},\"image\":{\"@id\":\"https:\\\/\\\/www.mundi-roth.de\\\/teneriffa-blog\\\/wanderungen\\\/von-los-llanos-rund-um-vulcan-garachico-montana-negra\\\/#primaryimage\"},\"thumbnailUrl\":\"https:\\\/\\\/www.mundi-roth.de\\\/teneriffa-blog\\\/wp-content\\\/uploads\\\/2018\\\/03\\\/Track00-1-150x121.jpg\",\"datePublished\":\"2018-03-15T18:49:05+00:00\",\"dateModified\":\"2018-03-16T11:38:00+00:00\",\"author\":{\"@id\":\"https:\\\/\\\/www.mundi-roth.de\\\/teneriffa-blog\\\/#\\\/schema\\\/person\\\/971c66b55f3ae5e8741553688c413cac\"},\"breadcrumb\":{\"@id\":\"https:\\\/\\\/www.mundi-roth.de\\\/teneriffa-blog\\\/wanderungen\\\/von-los-llanos-rund-um-vulcan-garachico-montana-negra\\\/#breadcrumb\"},\"inLanguage\":\"de\",\"potentialAction\":[{\"@type\":\"ReadAction\",\"target\":[\"https:\\\/\\\/www.mundi-roth.de\\\/teneriffa-blog\\\/wanderungen\\\/von-los-llanos-rund-um-vulcan-garachico-montana-negra\\\/\"]}]},{\"@type\":\"ImageObject\",\"inLanguage\":\"de\",\"@id\":\"https:\\\/\\\/www.mundi-roth.de\\\/teneriffa-blog\\\/wanderungen\\\/von-los-llanos-rund-um-vulcan-garachico-montana-negra\\\/#primaryimage\",\"url\":\"https:\\\/\\\/www.mundi-roth.de\\\/teneriffa-blog\\\/wp-content\\\/uploads\\\/2018\\\/03\\\/Track00-1.jpg\",\"contentUrl\":\"https:\\\/\\\/www.mundi-roth.de\\\/teneriffa-blog\\\/wp-content\\\/uploads\\\/2018\\\/03\\\/Track00-1.jpg\",\"width\":783,\"height\":634},{\"@type\":\"BreadcrumbList\",\"@id\":\"https:\\\/\\\/www.mundi-roth.de\\\/teneriffa-blog\\\/wanderungen\\\/von-los-llanos-rund-um-vulcan-garachico-montana-negra\\\/#breadcrumb\",\"itemListElement\":[{\"@type\":\"ListItem\",\"position\":1,\"name\":\"Startseite\",\"item\":\"https:\\\/\\\/www.mundi-roth.de\\\/teneriffa-blog\\\/\"},{\"@type\":\"ListItem\",\"position\":2,\"name\":\"Von Los Llanos rund um Vulc\u00e1n Garachico (Monta\u00f1a Negra)\"}]},{\"@type\":\"WebSite\",\"@id\":\"https:\\\/\\\/www.mundi-roth.de\\\/teneriffa-blog\\\/#website\",\"url\":\"https:\\\/\\\/www.mundi-roth.de\\\/teneriffa-blog\\\/\",\"name\":\"Teneriffa Wandern\",\"description\":\"Nicht nur Wanderungen auf Teneriffa...\",\"potentialAction\":[{\"@type\":\"SearchAction\",\"target\":{\"@type\":\"EntryPoint\",\"urlTemplate\":\"https:\\\/\\\/www.mundi-roth.de\\\/teneriffa-blog\\\/?s={search_term_string}\"},\"query-input\":{\"@type\":\"PropertyValueSpecification\",\"valueRequired\":true,\"valueName\":\"search_term_string\"}}],\"inLanguage\":\"de\"},{\"@type\":\"Person\",\"@id\":\"https:\\\/\\\/www.mundi-roth.de\\\/teneriffa-blog\\\/#\\\/schema\\\/person\\\/971c66b55f3ae5e8741553688c413cac\",\"name\":\"mundi\",\"image\":{\"@type\":\"ImageObject\",\"inLanguage\":\"de\",\"@id\":\"https:\\\/\\\/secure.gravatar.com\\\/avatar\\\/555f0dd85428f1a9330f8e5dbe9e40ff9ca912bb81e5a89747ebf3ca9c20dc0f?s=96&d=mm&r=g\",\"url\":\"https:\\\/\\\/secure.gravatar.com\\\/avatar\\\/555f0dd85428f1a9330f8e5dbe9e40ff9ca912bb81e5a89747ebf3ca9c20dc0f?s=96&d=mm&r=g\",\"contentUrl\":\"https:\\\/\\\/secure.gravatar.com\\\/avatar\\\/555f0dd85428f1a9330f8e5dbe9e40ff9ca912bb81e5a89747ebf3ca9c20dc0f?s=96&d=mm&r=g\",\"caption\":\"mundi\"},\"sameAs\":[\"http:\\\/\\\/mundi-roth.de\"],\"url\":\"https:\\\/\\\/www.mundi-roth.de\\\/teneriffa-blog\\\/author\\\/mundi\\\/\"}]}<\/script>\n<!-- \/ Yoast SEO plugin. -->","yoast_head_json":{"title":"Von Los Llanos rund um Vulc\u00e1n Garachico (Monta\u00f1a Negra) - Teneriffa Wandern","robots":{"index":"index","follow":"follow","max-snippet":"max-snippet:-1","max-image-preview":"max-image-preview:large","max-video-preview":"max-video-preview:-1"},"canonical":"https:\/\/www.mundi-roth.de\/teneriffa-blog\/wanderungen\/von-los-llanos-rund-um-vulcan-garachico-montana-negra\/","twitter_misc":{"Verfasst von":"mundi","Gesch\u00e4tzte Lesezeit":"3\u00a0Minuten"},"schema":{"@context":"https:\/\/schema.org","@graph":[{"@type":"Article","@id":"https:\/\/www.mundi-roth.de\/teneriffa-blog\/wanderungen\/von-los-llanos-rund-um-vulcan-garachico-montana-negra\/#article","isPartOf":{"@id":"https:\/\/www.mundi-roth.de\/teneriffa-blog\/wanderungen\/von-los-llanos-rund-um-vulcan-garachico-montana-negra\/"},"author":{"name":"mundi","@id":"https:\/\/www.mundi-roth.de\/teneriffa-blog\/#\/schema\/person\/971c66b55f3ae5e8741553688c413cac"},"headline":"Von Los Llanos rund um Vulc\u00e1n Garachico (Monta\u00f1a Negra)","datePublished":"2018-03-15T18:49:05+00:00","dateModified":"2018-03-16T11:38:00+00:00","mainEntityOfPage":{"@id":"https:\/\/www.mundi-roth.de\/teneriffa-blog\/wanderungen\/von-los-llanos-rund-um-vulcan-garachico-montana-negra\/"},"wordCount":656,"commentCount":1,"image":{"@id":"https:\/\/www.mundi-roth.de\/teneriffa-blog\/wanderungen\/von-los-llanos-rund-um-vulcan-garachico-montana-negra\/#primaryimage"},"thumbnailUrl":"https:\/\/www.mundi-roth.de\/teneriffa-blog\/wp-content\/uploads\/2018\/03\/Track00-1-150x121.jpg","keywords":["Los Llanos","Monta\u00f1a Negra","Teneriffa Wandern","Vulc\u00e1n Garachico","Wandern Teneriffa","Wanderurlaub Teneriffa"],"articleSection":["Santiago del Teide","Wanderungen"],"inLanguage":"de","potentialAction":[{"@type":"CommentAction","name":"Comment","target":["https:\/\/www.mundi-roth.de\/teneriffa-blog\/wanderungen\/von-los-llanos-rund-um-vulcan-garachico-montana-negra\/#respond"]}]},{"@type":"WebPage","@id":"https:\/\/www.mundi-roth.de\/teneriffa-blog\/wanderungen\/von-los-llanos-rund-um-vulcan-garachico-montana-negra\/","url":"https:\/\/www.mundi-roth.de\/teneriffa-blog\/wanderungen\/von-los-llanos-rund-um-vulcan-garachico-montana-negra\/","name":"Von Los Llanos rund um Vulc\u00e1n Garachico (Monta\u00f1a Negra) - Teneriffa Wandern","isPartOf":{"@id":"https:\/\/www.mundi-roth.de\/teneriffa-blog\/#website"},"primaryImageOfPage":{"@id":"https:\/\/www.mundi-roth.de\/teneriffa-blog\/wanderungen\/von-los-llanos-rund-um-vulcan-garachico-montana-negra\/#primaryimage"},"image":{"@id":"https:\/\/www.mundi-roth.de\/teneriffa-blog\/wanderungen\/von-los-llanos-rund-um-vulcan-garachico-montana-negra\/#primaryimage"},"thumbnailUrl":"https:\/\/www.mundi-roth.de\/teneriffa-blog\/wp-content\/uploads\/2018\/03\/Track00-1-150x121.jpg","datePublished":"2018-03-15T18:49:05+00:00","dateModified":"2018-03-16T11:38:00+00:00","author":{"@id":"https:\/\/www.mundi-roth.de\/teneriffa-blog\/#\/schema\/person\/971c66b55f3ae5e8741553688c413cac"},"breadcrumb":{"@id":"https:\/\/www.mundi-roth.de\/teneriffa-blog\/wanderungen\/von-los-llanos-rund-um-vulcan-garachico-montana-negra\/#breadcrumb"},"inLanguage":"de","potentialAction":[{"@type":"ReadAction","target":["https:\/\/www.mundi-roth.de\/teneriffa-blog\/wanderungen\/von-los-llanos-rund-um-vulcan-garachico-montana-negra\/"]}]},{"@type":"ImageObject","inLanguage":"de","@id":"https:\/\/www.mundi-roth.de\/teneriffa-blog\/wanderungen\/von-los-llanos-rund-um-vulcan-garachico-montana-negra\/#primaryimage","url":"https:\/\/www.mundi-roth.de\/teneriffa-blog\/wp-content\/uploads\/2018\/03\/Track00-1.jpg","contentUrl":"https:\/\/www.mundi-roth.de\/teneriffa-blog\/wp-content\/uploads\/2018\/03\/Track00-1.jpg","width":783,"height":634},{"@type":"BreadcrumbList","@id":"https:\/\/www.mundi-roth.de\/teneriffa-blog\/wanderungen\/von-los-llanos-rund-um-vulcan-garachico-montana-negra\/#breadcrumb","itemListElement":[{"@type":"ListItem","position":1,"name":"Startseite","item":"https:\/\/www.mundi-roth.de\/teneriffa-blog\/"},{"@type":"ListItem","position":2,"name":"Von Los Llanos rund um Vulc\u00e1n Garachico (Monta\u00f1a Negra)"}]},{"@type":"WebSite","@id":"https:\/\/www.mundi-roth.de\/teneriffa-blog\/#website","url":"https:\/\/www.mundi-roth.de\/teneriffa-blog\/","name":"Teneriffa Wandern","description":"Nicht nur Wanderungen auf Teneriffa...","potentialAction":[{"@type":"SearchAction","target":{"@type":"EntryPoint","urlTemplate":"https:\/\/www.mundi-roth.de\/teneriffa-blog\/?s={search_term_string}"},"query-input":{"@type":"PropertyValueSpecification","valueRequired":true,"valueName":"search_term_string"}}],"inLanguage":"de"},{"@type":"Person","@id":"https:\/\/www.mundi-roth.de\/teneriffa-blog\/#\/schema\/person\/971c66b55f3ae5e8741553688c413cac","name":"mundi","image":{"@type":"ImageObject","inLanguage":"de","@id":"https:\/\/secure.gravatar.com\/avatar\/555f0dd85428f1a9330f8e5dbe9e40ff9ca912bb81e5a89747ebf3ca9c20dc0f?s=96&d=mm&r=g","url":"https:\/\/secure.gravatar.com\/avatar\/555f0dd85428f1a9330f8e5dbe9e40ff9ca912bb81e5a89747ebf3ca9c20dc0f?s=96&d=mm&r=g","contentUrl":"https:\/\/secure.gravatar.com\/avatar\/555f0dd85428f1a9330f8e5dbe9e40ff9ca912bb81e5a89747ebf3ca9c20dc0f?s=96&d=mm&r=g","caption":"mundi"},"sameAs":["http:\/\/mundi-roth.de"],"url":"https:\/\/www.mundi-roth.de\/teneriffa-blog\/author\/mundi\/"}]}},"_links":{"self":[{"href":"https:\/\/www.mundi-roth.de\/teneriffa-blog\/wp-json\/wp\/v2\/posts\/6294","targetHints":{"allow":["GET"]}}],"collection":[{"href":"https:\/\/www.mundi-roth.de\/teneriffa-blog\/wp-json\/wp\/v2\/posts"}],"about":[{"href":"https:\/\/www.mundi-roth.de\/teneriffa-blog\/wp-json\/wp\/v2\/types\/post"}],"author":[{"embeddable":true,"href":"https:\/\/www.mundi-roth.de\/teneriffa-blog\/wp-json\/wp\/v2\/users\/4"}],"replies":[{"embeddable":true,"href":"https:\/\/www.mundi-roth.de\/teneriffa-blog\/wp-json\/wp\/v2\/comments?post=6294"}],"version-history":[{"count":0,"href":"https:\/\/www.mundi-roth.de\/teneriffa-blog\/wp-json\/wp\/v2\/posts\/6294\/revisions"}],"wp:attachment":[{"href":"https:\/\/www.mundi-roth.de\/teneriffa-blog\/wp-json\/wp\/v2\/media?parent=6294"}],"wp:term":[{"taxonomy":"category","embeddable":true,"href":"https:\/\/www.mundi-roth.de\/teneriffa-blog\/wp-json\/wp\/v2\/categories?post=6294"},{"taxonomy":"post_tag","embeddable":true,"href":"https:\/\/www.mundi-roth.de\/teneriffa-blog\/wp-json\/wp\/v2\/tags?post=6294"}],"curies":[{"name":"wp","href":"https:\/\/api.w.org\/{rel}","templated":true}]}}