{"id":6351,"date":"2018-03-30T22:00:12","date_gmt":"2018-03-30T21:00:12","guid":{"rendered":"https:\/\/www.mundi-roth.de\/teneriffa-blog\/?p=6351"},"modified":"2018-03-31T12:06:04","modified_gmt":"2018-03-31T11:06:04","slug":"la-pascua-florida-in-guia-de-isora","status":"publish","type":"post","link":"https:\/\/www.mundi-roth.de\/teneriffa-blog\/wanderungen\/la-pascua-florida-in-guia-de-isora\/","title":{"rendered":"La Pascua Florida in Gu\u00eda de Isora"},"content":{"rendered":"<p style=\"text-align: center;\"><strong>La Pascua Florida<\/strong><br \/>\n<strong> in<\/strong><br \/>\n<strong> Gu\u00eda de Isora<\/strong><\/p>\n<p style=\"text-align: center;\">von Gr\u00fcndonnerstag, 29. M\u00e4rz bis Ostersonntag 1. April 2018<\/p>\n<p style=\"text-align: center;\">Plakate, Transparente, Fahnen, Wimpel machen darauf aufmerksam.<\/p>\n\n\t\t<style type=\"text\/css\">\n\t\t\t#gallery-1 {\n\t\t\t\tmargin: auto;\n\t\t\t}\n\t\t\t#gallery-1 .gallery-item {\n\t\t\t\tfloat: left;\n\t\t\t\tmargin-top: 10px;\n\t\t\t\ttext-align: center;\n\t\t\t\twidth: 33%;\n\t\t\t}\n\t\t\t#gallery-1 img {\n\t\t\t\tborder: 2px solid #cfcfcf;\n\t\t\t}\n\t\t\t#gallery-1 .gallery-caption {\n\t\t\t\tmargin-left: 0;\n\t\t\t}\n\t\t\t\/* see gallery_shortcode() in wp-includes\/media.php *\/\n\t\t<\/style>\n\t\t<div id='gallery-1' class='gallery galleryid-6351 gallery-columns-3 gallery-size-thumbnail'><dl class='gallery-item'>\n\t\t\t<dt class='gallery-icon portrait'>\n\t\t\t\t<a href='https:\/\/www.mundi-roth.de\/teneriffa-blog\/wp-content\/uploads\/2018\/03\/DSCN3002a.jpg' rel=\"lightbox[6351]\"><img loading=\"lazy\" decoding=\"async\" width=\"82\" height=\"150\" src=\"https:\/\/www.mundi-roth.de\/teneriffa-blog\/wp-content\/uploads\/2018\/03\/DSCN3002a-82x150.jpg\" class=\"attachment-thumbnail size-thumbnail\" alt=\"\" srcset=\"https:\/\/www.mundi-roth.de\/teneriffa-blog\/wp-content\/uploads\/2018\/03\/DSCN3002a-82x150.jpg 82w, https:\/\/www.mundi-roth.de\/teneriffa-blog\/wp-content\/uploads\/2018\/03\/DSCN3002a-163x300.jpg 163w, https:\/\/www.mundi-roth.de\/teneriffa-blog\/wp-content\/uploads\/2018\/03\/DSCN3002a.jpg 381w\" sizes=\"auto, (max-width: 82px) 100vw, 82px\" \/><\/a>\n\t\t\t<\/dt><\/dl><dl class='gallery-item'>\n\t\t\t<dt class='gallery-icon landscape'>\n\t\t\t\t<a href='https:\/\/www.mundi-roth.de\/teneriffa-blog\/wp-content\/uploads\/2018\/03\/DSCN3039.jpg' rel=\"lightbox[6351]\"><img loading=\"lazy\" decoding=\"async\" width=\"150\" height=\"97\" src=\"https:\/\/www.mundi-roth.de\/teneriffa-blog\/wp-content\/uploads\/2018\/03\/DSCN3039-150x97.jpg\" class=\"attachment-thumbnail size-thumbnail\" alt=\"\" srcset=\"https:\/\/www.mundi-roth.de\/teneriffa-blog\/wp-content\/uploads\/2018\/03\/DSCN3039-150x97.jpg 150w, https:\/\/www.mundi-roth.de\/teneriffa-blog\/wp-content\/uploads\/2018\/03\/DSCN3039-300x193.jpg 300w, https:\/\/www.mundi-roth.de\/teneriffa-blog\/wp-content\/uploads\/2018\/03\/DSCN3039-768x494.jpg 768w, https:\/\/www.mundi-roth.de\/teneriffa-blog\/wp-content\/uploads\/2018\/03\/DSCN3039.jpg 800w\" sizes=\"auto, (max-width: 150px) 100vw, 150px\" \/><\/a>\n\t\t\t<\/dt><\/dl><dl class='gallery-item'>\n\t\t\t<dt class='gallery-icon portrait'>\n\t\t\t\t<a href='https:\/\/www.mundi-roth.de\/teneriffa-blog\/wp-content\/uploads\/2018\/03\/DSCN3022.jpg' rel=\"lightbox[6351]\"><img loading=\"lazy\" decoding=\"async\" width=\"105\" height=\"150\" src=\"https:\/\/www.mundi-roth.de\/teneriffa-blog\/wp-content\/uploads\/2018\/03\/DSCN3022-105x150.jpg\" class=\"attachment-thumbnail size-thumbnail\" alt=\"\" srcset=\"https:\/\/www.mundi-roth.de\/teneriffa-blog\/wp-content\/uploads\/2018\/03\/DSCN3022-105x150.jpg 105w, https:\/\/www.mundi-roth.de\/teneriffa-blog\/wp-content\/uploads\/2018\/03\/DSCN3022-210x300.jpg 210w, https:\/\/www.mundi-roth.de\/teneriffa-blog\/wp-content\/uploads\/2018\/03\/DSCN3022.jpg 489w\" sizes=\"auto, (max-width: 105px) 100vw, 105px\" \/><\/a>\n\t\t\t<\/dt><\/dl><br style=\"clear: both\" \/>\n\t\t<\/div>\n\n<p style=\"text-align: center;\">Es ist wieder so weit!<br \/>\nAuf! Auf! Nach Gu\u00eda de Isora!<br \/>\nDie blumenreichen Kunstwerke sind sehenswert!<\/p>\n<p>Zum 10. Mal finden diese beachtenswerten Installationen statt.<\/p>\n<p>Der Kreuzweg wird in 20 Stationen \u2013 in k\u00fcnstlerischer Freiheit &#8211; von Blumenk\u00fcnstlern nachgebildet.<\/p>\n<p><a href=\"https:\/\/www.mundi-roth.de\/teneriffa-blog\/wp-content\/uploads\/2018\/03\/0.jpg\" rel=\"lightbox[6351]\"><img loading=\"lazy\" decoding=\"async\" class=\"aligncenter size-medium wp-image-6356\" src=\"https:\/\/www.mundi-roth.de\/teneriffa-blog\/wp-content\/uploads\/2018\/03\/0-300x149.jpg\" alt=\"\" width=\"300\" height=\"149\" srcset=\"https:\/\/www.mundi-roth.de\/teneriffa-blog\/wp-content\/uploads\/2018\/03\/0-300x149.jpg 300w, https:\/\/www.mundi-roth.de\/teneriffa-blog\/wp-content\/uploads\/2018\/03\/0-150x75.jpg 150w, https:\/\/www.mundi-roth.de\/teneriffa-blog\/wp-content\/uploads\/2018\/03\/0-768x382.jpg 768w, https:\/\/www.mundi-roth.de\/teneriffa-blog\/wp-content\/uploads\/2018\/03\/0.jpg 800w\" sizes=\"auto, (max-width: 300px) 100vw, 300px\" \/><\/a><\/p>\n<p><a href=\"https:\/\/www.mundi-roth.de\/teneriffa-blog\/wp-content\/uploads\/2018\/03\/DSC02570.jpg\" rel=\"lightbox[6351]\"><img loading=\"lazy\" decoding=\"async\" class=\"aligncenter size-medium wp-image-6385\" src=\"https:\/\/www.mundi-roth.de\/teneriffa-blog\/wp-content\/uploads\/2018\/03\/DSC02570-300x225.jpg\" alt=\"\" width=\"300\" height=\"225\" srcset=\"https:\/\/www.mundi-roth.de\/teneriffa-blog\/wp-content\/uploads\/2018\/03\/DSC02570-300x225.jpg 300w, https:\/\/www.mundi-roth.de\/teneriffa-blog\/wp-content\/uploads\/2018\/03\/DSC02570-150x113.jpg 150w, https:\/\/www.mundi-roth.de\/teneriffa-blog\/wp-content\/uploads\/2018\/03\/DSC02570-768x576.jpg 768w, https:\/\/www.mundi-roth.de\/teneriffa-blog\/wp-content\/uploads\/2018\/03\/DSC02570.jpg 800w\" sizes=\"auto, (max-width: 300px) 100vw, 300px\" \/><\/a><\/p>\n<p>2016 haben wir zum 1. Mal davon geh\u00f6rt und waren begeistert.<br \/>\n(Einzelheiten dar\u00fcber kann man <a href=\"https:\/\/www.mundi-roth.de\/teneriffa-blog\/allgemein\/guia-de-isora-pascua-florida\/\">hier<\/a> nachlesen und die damaligen Kunstwerke betrachten.)<\/p>\n<p>In diesem Jahr gibt es noch Besonderheiten:<\/p>\n<p>Wir hatten das Gl\u00fcck, dass wir gerade gegen 12 Uhr auf dem Kirchplatz ankamen als die Gruppe<em><strong> Capilla Nivariense<\/strong><\/em> ein Requiem im spanischen Barockstil zu Geh\u00f6r brachte.<\/p>\n<p><a href=\"https:\/\/www.mundi-roth.de\/teneriffa-blog\/wp-content\/uploads\/2018\/03\/DSCN3033a.jpg\" rel=\"lightbox[6351]\"><img loading=\"lazy\" decoding=\"async\" class=\"aligncenter size-medium wp-image-6357\" src=\"https:\/\/www.mundi-roth.de\/teneriffa-blog\/wp-content\/uploads\/2018\/03\/DSCN3033a-300x224.jpg\" alt=\"\" width=\"300\" height=\"224\" srcset=\"https:\/\/www.mundi-roth.de\/teneriffa-blog\/wp-content\/uploads\/2018\/03\/DSCN3033a-300x224.jpg 300w, https:\/\/www.mundi-roth.de\/teneriffa-blog\/wp-content\/uploads\/2018\/03\/DSCN3033a-150x112.jpg 150w, https:\/\/www.mundi-roth.de\/teneriffa-blog\/wp-content\/uploads\/2018\/03\/DSCN3033a-768x574.jpg 768w, https:\/\/www.mundi-roth.de\/teneriffa-blog\/wp-content\/uploads\/2018\/03\/DSCN3033a.jpg 800w\" sizes=\"auto, (max-width: 300px) 100vw, 300px\" \/><\/a><\/p>\n<p>Die zweite \u201eAttraktion\u201c ist, dass am Passionsweg liegende Gesch\u00e4fte in ihren Schaufenstern Skulpturen oder Gem\u00e4lde von K\u00fcnstlern ausstellen.<\/p>\n\n\t\t<style type=\"text\/css\">\n\t\t\t#gallery-2 {\n\t\t\t\tmargin: auto;\n\t\t\t}\n\t\t\t#gallery-2 .gallery-item {\n\t\t\t\tfloat: left;\n\t\t\t\tmargin-top: 10px;\n\t\t\t\ttext-align: center;\n\t\t\t\twidth: 50%;\n\t\t\t}\n\t\t\t#gallery-2 img {\n\t\t\t\tborder: 2px solid #cfcfcf;\n\t\t\t}\n\t\t\t#gallery-2 .gallery-caption {\n\t\t\t\tmargin-left: 0;\n\t\t\t}\n\t\t\t\/* see gallery_shortcode() in wp-includes\/media.php *\/\n\t\t<\/style>\n\t\t<div id='gallery-2' class='gallery galleryid-6351 gallery-columns-2 gallery-size-thumbnail'><dl class='gallery-item'>\n\t\t\t<dt class='gallery-icon portrait'>\n\t\t\t\t<a href='https:\/\/www.mundi-roth.de\/teneriffa-blog\/wp-content\/uploads\/2018\/03\/21-DSC02566-1.jpg' rel=\"lightbox[6351]\"><img loading=\"lazy\" decoding=\"async\" width=\"111\" height=\"150\" src=\"https:\/\/www.mundi-roth.de\/teneriffa-blog\/wp-content\/uploads\/2018\/03\/21-DSC02566-1-111x150.jpg\" class=\"attachment-thumbnail size-thumbnail\" alt=\"\" srcset=\"https:\/\/www.mundi-roth.de\/teneriffa-blog\/wp-content\/uploads\/2018\/03\/21-DSC02566-1-111x150.jpg 111w, https:\/\/www.mundi-roth.de\/teneriffa-blog\/wp-content\/uploads\/2018\/03\/21-DSC02566-1-222x300.jpg 222w, https:\/\/www.mundi-roth.de\/teneriffa-blog\/wp-content\/uploads\/2018\/03\/21-DSC02566-1.jpg 592w\" sizes=\"auto, (max-width: 111px) 100vw, 111px\" \/><\/a>\n\t\t\t<\/dt><\/dl><dl class='gallery-item'>\n\t\t\t<dt class='gallery-icon portrait'>\n\t\t\t\t<a href='https:\/\/www.mundi-roth.de\/teneriffa-blog\/wp-content\/uploads\/2018\/03\/22-DSC02642-2.jpg' rel=\"lightbox[6351]\"><img loading=\"lazy\" decoding=\"async\" width=\"111\" height=\"150\" src=\"https:\/\/www.mundi-roth.de\/teneriffa-blog\/wp-content\/uploads\/2018\/03\/22-DSC02642-2-111x150.jpg\" class=\"attachment-thumbnail size-thumbnail\" alt=\"\" srcset=\"https:\/\/www.mundi-roth.de\/teneriffa-blog\/wp-content\/uploads\/2018\/03\/22-DSC02642-2-111x150.jpg 111w, https:\/\/www.mundi-roth.de\/teneriffa-blog\/wp-content\/uploads\/2018\/03\/22-DSC02642-2-222x300.jpg 222w, https:\/\/www.mundi-roth.de\/teneriffa-blog\/wp-content\/uploads\/2018\/03\/22-DSC02642-2.jpg 592w\" sizes=\"auto, (max-width: 111px) 100vw, 111px\" \/><\/a>\n\t\t\t<\/dt><\/dl><br style=\"clear: both\" \/><dl class='gallery-item'>\n\t\t\t<dt class='gallery-icon landscape'>\n\t\t\t\t<a href='https:\/\/www.mundi-roth.de\/teneriffa-blog\/wp-content\/uploads\/2018\/03\/22-DSC02642-1.jpg' rel=\"lightbox[6351]\"><img loading=\"lazy\" decoding=\"async\" width=\"150\" height=\"113\" src=\"https:\/\/www.mundi-roth.de\/teneriffa-blog\/wp-content\/uploads\/2018\/03\/22-DSC02642-1-150x113.jpg\" class=\"attachment-thumbnail size-thumbnail\" alt=\"\" srcset=\"https:\/\/www.mundi-roth.de\/teneriffa-blog\/wp-content\/uploads\/2018\/03\/22-DSC02642-1-150x113.jpg 150w, https:\/\/www.mundi-roth.de\/teneriffa-blog\/wp-content\/uploads\/2018\/03\/22-DSC02642-1-300x225.jpg 300w, https:\/\/www.mundi-roth.de\/teneriffa-blog\/wp-content\/uploads\/2018\/03\/22-DSC02642-1-768x576.jpg 768w, https:\/\/www.mundi-roth.de\/teneriffa-blog\/wp-content\/uploads\/2018\/03\/22-DSC02642-1.jpg 800w\" sizes=\"auto, (max-width: 150px) 100vw, 150px\" \/><\/a>\n\t\t\t<\/dt><\/dl><dl class='gallery-item'>\n\t\t\t<dt class='gallery-icon landscape'>\n\t\t\t\t<a href='https:\/\/www.mundi-roth.de\/teneriffa-blog\/wp-content\/uploads\/2018\/03\/23-DSC02653-4.jpg' rel=\"lightbox[6351]\"><img loading=\"lazy\" decoding=\"async\" width=\"150\" height=\"113\" src=\"https:\/\/www.mundi-roth.de\/teneriffa-blog\/wp-content\/uploads\/2018\/03\/23-DSC02653-4-150x113.jpg\" class=\"attachment-thumbnail size-thumbnail\" alt=\"\" srcset=\"https:\/\/www.mundi-roth.de\/teneriffa-blog\/wp-content\/uploads\/2018\/03\/23-DSC02653-4-150x113.jpg 150w, https:\/\/www.mundi-roth.de\/teneriffa-blog\/wp-content\/uploads\/2018\/03\/23-DSC02653-4-300x225.jpg 300w, https:\/\/www.mundi-roth.de\/teneriffa-blog\/wp-content\/uploads\/2018\/03\/23-DSC02653-4-768x576.jpg 768w, https:\/\/www.mundi-roth.de\/teneriffa-blog\/wp-content\/uploads\/2018\/03\/23-DSC02653-4.jpg 800w\" sizes=\"auto, (max-width: 150px) 100vw, 150px\" \/><\/a>\n\t\t\t<\/dt><\/dl><br style=\"clear: both\" \/>\n\t\t<\/div>\n\n<p>Ungemein wohltuend ist, dass der gesamte Rundweg von Autos \u201ebefreit\u201c ist, weder parkende &#8211; geschweige denn &#8211; durchfahrende Wagen st\u00f6ren.<\/p>\n<p>Will man allerdings Fotos m\u00f6glichst ohne Personen machen, so ist etwas Geduld angebracht, denn viele Gruppen, Familien wollen mit den Kunstwerken abgelichtet werden.<\/p>\n<p>Aber dann hat man eben gen\u00fcgend Zeit sich die Einzelheiten genau anzusehen.<\/p>\n<p>Ich kann nur raten: Nichts wie hin nach Gu\u00eda de Isora.<\/p>\n<p>Der Spaziergang durch den historischen Stadtteil ist es wert.<\/p>\n<p style=\"text-align: center;\"><strong>Impressionen<\/strong><\/p>\n<p><a href=\"https:\/\/www.mundi-roth.de\/teneriffa-blog\/wp-content\/uploads\/2018\/03\/1-3DSCN3009.jpg\" rel=\"lightbox[6351]\"><img loading=\"lazy\" decoding=\"async\" class=\"aligncenter size-medium wp-image-6359\" src=\"https:\/\/www.mundi-roth.de\/teneriffa-blog\/wp-content\/uploads\/2018\/03\/1-3DSCN3009-300x225.jpg\" alt=\"\" width=\"300\" height=\"225\" srcset=\"https:\/\/www.mundi-roth.de\/teneriffa-blog\/wp-content\/uploads\/2018\/03\/1-3DSCN3009-300x225.jpg 300w, https:\/\/www.mundi-roth.de\/teneriffa-blog\/wp-content\/uploads\/2018\/03\/1-3DSCN3009-150x113.jpg 150w, https:\/\/www.mundi-roth.de\/teneriffa-blog\/wp-content\/uploads\/2018\/03\/1-3DSCN3009-768x576.jpg 768w, https:\/\/www.mundi-roth.de\/teneriffa-blog\/wp-content\/uploads\/2018\/03\/1-3DSCN3009.jpg 800w\" sizes=\"auto, (max-width: 300px) 100vw, 300px\" \/><\/a><\/p>\n<p style=\"text-align: center;\">&#8222;DIE ABWESENDE ANWESENHEIT&#8220;<\/p>\n<p>Die abwende Anwesenheit ist eine Metapher der Beziehung zwischen K\u00f6rper und Seele. Es handelt sich um den Grenzbereich zwischen dem Materiellen und dem Imateriellen, dem glorreichen und dem erdgebundenen K\u00f6rper &#8230;. von der Wiederauferstehung als Symbol der Transzendenz.<\/p>\n\n\t\t<style type=\"text\/css\">\n\t\t\t#gallery-3 {\n\t\t\t\tmargin: auto;\n\t\t\t}\n\t\t\t#gallery-3 .gallery-item {\n\t\t\t\tfloat: left;\n\t\t\t\tmargin-top: 10px;\n\t\t\t\ttext-align: center;\n\t\t\t\twidth: 33%;\n\t\t\t}\n\t\t\t#gallery-3 img {\n\t\t\t\tborder: 2px solid #cfcfcf;\n\t\t\t}\n\t\t\t#gallery-3 .gallery-caption {\n\t\t\t\tmargin-left: 0;\n\t\t\t}\n\t\t\t\/* see gallery_shortcode() in wp-includes\/media.php *\/\n\t\t<\/style>\n\t\t<div id='gallery-3' class='gallery galleryid-6351 gallery-columns-3 gallery-size-thumbnail'><dl class='gallery-item'>\n\t\t\t<dt class='gallery-icon landscape'>\n\t\t\t\t<a href='https:\/\/www.mundi-roth.de\/teneriffa-blog\/wp-content\/uploads\/2018\/03\/2-DSCN3014-6.jpg' rel=\"lightbox[6351]\"><img loading=\"lazy\" decoding=\"async\" width=\"150\" height=\"113\" src=\"https:\/\/www.mundi-roth.de\/teneriffa-blog\/wp-content\/uploads\/2018\/03\/2-DSCN3014-6-150x113.jpg\" class=\"attachment-thumbnail size-thumbnail\" alt=\"\" srcset=\"https:\/\/www.mundi-roth.de\/teneriffa-blog\/wp-content\/uploads\/2018\/03\/2-DSCN3014-6-150x113.jpg 150w, https:\/\/www.mundi-roth.de\/teneriffa-blog\/wp-content\/uploads\/2018\/03\/2-DSCN3014-6-300x225.jpg 300w, https:\/\/www.mundi-roth.de\/teneriffa-blog\/wp-content\/uploads\/2018\/03\/2-DSCN3014-6-768x576.jpg 768w, https:\/\/www.mundi-roth.de\/teneriffa-blog\/wp-content\/uploads\/2018\/03\/2-DSCN3014-6.jpg 800w\" sizes=\"auto, (max-width: 150px) 100vw, 150px\" \/><\/a>\n\t\t\t<\/dt><\/dl><dl class='gallery-item'>\n\t\t\t<dt class='gallery-icon landscape'>\n\t\t\t\t<a href='https:\/\/www.mundi-roth.de\/teneriffa-blog\/wp-content\/uploads\/2018\/03\/2-DSC02554-4.jpg' rel=\"lightbox[6351]\"><img loading=\"lazy\" decoding=\"async\" width=\"150\" height=\"113\" src=\"https:\/\/www.mundi-roth.de\/teneriffa-blog\/wp-content\/uploads\/2018\/03\/2-DSC02554-4-150x113.jpg\" class=\"attachment-thumbnail size-thumbnail\" alt=\"\" srcset=\"https:\/\/www.mundi-roth.de\/teneriffa-blog\/wp-content\/uploads\/2018\/03\/2-DSC02554-4-150x113.jpg 150w, https:\/\/www.mundi-roth.de\/teneriffa-blog\/wp-content\/uploads\/2018\/03\/2-DSC02554-4-300x225.jpg 300w, https:\/\/www.mundi-roth.de\/teneriffa-blog\/wp-content\/uploads\/2018\/03\/2-DSC02554-4-768x576.jpg 768w, https:\/\/www.mundi-roth.de\/teneriffa-blog\/wp-content\/uploads\/2018\/03\/2-DSC02554-4.jpg 800w\" sizes=\"auto, (max-width: 150px) 100vw, 150px\" \/><\/a>\n\t\t\t<\/dt><\/dl><dl class='gallery-item'>\n\t\t\t<dt class='gallery-icon landscape'>\n\t\t\t\t<a href='https:\/\/www.mundi-roth.de\/teneriffa-blog\/wp-content\/uploads\/2018\/03\/2-DSC02554-3.jpg' rel=\"lightbox[6351]\"><img loading=\"lazy\" decoding=\"async\" width=\"150\" height=\"113\" src=\"https:\/\/www.mundi-roth.de\/teneriffa-blog\/wp-content\/uploads\/2018\/03\/2-DSC02554-3-150x113.jpg\" class=\"attachment-thumbnail size-thumbnail\" alt=\"\" srcset=\"https:\/\/www.mundi-roth.de\/teneriffa-blog\/wp-content\/uploads\/2018\/03\/2-DSC02554-3-150x113.jpg 150w, https:\/\/www.mundi-roth.de\/teneriffa-blog\/wp-content\/uploads\/2018\/03\/2-DSC02554-3-300x225.jpg 300w, https:\/\/www.mundi-roth.de\/teneriffa-blog\/wp-content\/uploads\/2018\/03\/2-DSC02554-3-768x576.jpg 768w, https:\/\/www.mundi-roth.de\/teneriffa-blog\/wp-content\/uploads\/2018\/03\/2-DSC02554-3.jpg 800w\" sizes=\"auto, (max-width: 150px) 100vw, 150px\" \/><\/a>\n\t\t\t<\/dt><\/dl><br style=\"clear: both\" \/>\n\t\t<\/div>\n\n<p style=\"text-align: center;\">&#8222;GL\u00dcCKSELIGKEITEN&#8220;<\/p>\n<p>Blau\u00a0 &#8211;\u00a0 Zeit der Reue, ein Innehalten<\/p>\n<p>Rot\u00a0\u00a0 &#8211;\u00a0 Zeit der Leidenschaft, die Erinnerung an einen Liebesakt<\/p>\n<p>Gr\u00fcn\u00a0 &#8211;\u00a0 Zeit der Hoffnung, die Hoffnung darauf, der Bessere zu sein<\/p>\n<p><a href=\"https:\/\/www.mundi-roth.de\/teneriffa-blog\/wp-content\/uploads\/2018\/03\/3-DSCN3016-2.jpg\" rel=\"lightbox[6351]\"><img loading=\"lazy\" decoding=\"async\" class=\"aligncenter size-medium wp-image-6364\" src=\"https:\/\/www.mundi-roth.de\/teneriffa-blog\/wp-content\/uploads\/2018\/03\/3-DSCN3016-2-300x250.jpg\" alt=\"\" width=\"300\" height=\"250\" srcset=\"https:\/\/www.mundi-roth.de\/teneriffa-blog\/wp-content\/uploads\/2018\/03\/3-DSCN3016-2-300x250.jpg 300w, https:\/\/www.mundi-roth.de\/teneriffa-blog\/wp-content\/uploads\/2018\/03\/3-DSCN3016-2-150x125.jpg 150w, https:\/\/www.mundi-roth.de\/teneriffa-blog\/wp-content\/uploads\/2018\/03\/3-DSCN3016-2-768x639.jpg 768w, https:\/\/www.mundi-roth.de\/teneriffa-blog\/wp-content\/uploads\/2018\/03\/3-DSCN3016-2.jpg 800w\" sizes=\"auto, (max-width: 300px) 100vw, 300px\" \/><\/a><\/p>\n<p style=\"text-align: center;\">&#8222;GRABESSTILLE&#8220;<\/p>\n<p>Friedlichkeit, Ruhe, die Starrheit des reglosen K\u00f6rpers, der in der Grabesstille Ruht.<\/p>\n<p>&nbsp;<\/p>\n<p><a href=\"https:\/\/www.mundi-roth.de\/teneriffa-blog\/wp-content\/uploads\/2018\/03\/46-DSCN3023.jpg\" rel=\"lightbox[6351]\"><img loading=\"lazy\" decoding=\"async\" class=\"aligncenter size-medium wp-image-6365\" src=\"https:\/\/www.mundi-roth.de\/teneriffa-blog\/wp-content\/uploads\/2018\/03\/46-DSCN3023-300x293.jpg\" alt=\"\" width=\"300\" height=\"293\" srcset=\"https:\/\/www.mundi-roth.de\/teneriffa-blog\/wp-content\/uploads\/2018\/03\/46-DSCN3023-300x293.jpg 300w, https:\/\/www.mundi-roth.de\/teneriffa-blog\/wp-content\/uploads\/2018\/03\/46-DSCN3023-150x146.jpg 150w, https:\/\/www.mundi-roth.de\/teneriffa-blog\/wp-content\/uploads\/2018\/03\/46-DSCN3023-768x750.jpg 768w, https:\/\/www.mundi-roth.de\/teneriffa-blog\/wp-content\/uploads\/2018\/03\/46-DSCN3023.jpg 800w\" sizes=\"auto, (max-width: 300px) 100vw, 300px\" \/><\/a><\/p>\n<p style=\"text-align: center;\">&#8222;LICHTERKREUZWEG&#8220;<\/p>\n<p>Wei\u00dfes, reines, strahlendes Licht &#8230;.. in der Verkl\u00e4rung des Herrn im Kreuzweg &#8230;. JESUS CHRISTUS IST DAS LICHT<\/p>\n<p>&nbsp;<\/p>\n<p><a href=\"https:\/\/www.mundi-roth.de\/teneriffa-blog\/wp-content\/uploads\/2018\/03\/6-DSCN3024-4.jpg\" rel=\"lightbox[6351]\"><img loading=\"lazy\" decoding=\"async\" class=\"aligncenter size-medium wp-image-6366\" src=\"https:\/\/www.mundi-roth.de\/teneriffa-blog\/wp-content\/uploads\/2018\/03\/6-DSCN3024-4-300x225.jpg\" alt=\"\" width=\"300\" height=\"225\" srcset=\"https:\/\/www.mundi-roth.de\/teneriffa-blog\/wp-content\/uploads\/2018\/03\/6-DSCN3024-4-300x225.jpg 300w, https:\/\/www.mundi-roth.de\/teneriffa-blog\/wp-content\/uploads\/2018\/03\/6-DSCN3024-4-150x113.jpg 150w, https:\/\/www.mundi-roth.de\/teneriffa-blog\/wp-content\/uploads\/2018\/03\/6-DSCN3024-4-768x576.jpg 768w, https:\/\/www.mundi-roth.de\/teneriffa-blog\/wp-content\/uploads\/2018\/03\/6-DSCN3024-4.jpg 800w\" sizes=\"auto, (max-width: 300px) 100vw, 300px\" \/><\/a><\/p>\n<p style=\"text-align: center;\">&#8222;UND PILATUS WUSCH SICH DIE H\u00c4NDE&#8220;<\/p>\n<p>Als aber Pilatus sah, dass er nichts erreichte, sondern dass das Get\u00fcmmel immer gr\u00f6\u00dfer wurde, nahm er Wasser und wusch sich die H\u00e4nde vbor dem Volk und sagte:&#8220;Ich bin unschuldig an seinem Blut. Das ist Eure Sache.&#8220;<\/p>\n<p>&nbsp;<\/p>\n<p><a href=\"https:\/\/www.mundi-roth.de\/teneriffa-blog\/wp-content\/uploads\/2018\/03\/7-DSCN3025-4.jpg\" rel=\"lightbox[6351]\"><img loading=\"lazy\" decoding=\"async\" class=\"aligncenter size-medium wp-image-6367\" src=\"https:\/\/www.mundi-roth.de\/teneriffa-blog\/wp-content\/uploads\/2018\/03\/7-DSCN3025-4-300x225.jpg\" alt=\"\" width=\"300\" height=\"225\" srcset=\"https:\/\/www.mundi-roth.de\/teneriffa-blog\/wp-content\/uploads\/2018\/03\/7-DSCN3025-4-300x225.jpg 300w, https:\/\/www.mundi-roth.de\/teneriffa-blog\/wp-content\/uploads\/2018\/03\/7-DSCN3025-4-150x113.jpg 150w, https:\/\/www.mundi-roth.de\/teneriffa-blog\/wp-content\/uploads\/2018\/03\/7-DSCN3025-4-768x576.jpg 768w, https:\/\/www.mundi-roth.de\/teneriffa-blog\/wp-content\/uploads\/2018\/03\/7-DSCN3025-4.jpg 800w\" sizes=\"auto, (max-width: 300px) 100vw, 300px\" \/><\/a><\/p>\n<p style=\"text-align: center;\">&#8222;GRABESSTILLE&#8220;<\/p>\n<p>Entbehrung, Unsicherheit, Flucht, Mangel an Mut und Angst f\u00fchren dazu, dass ein Mensch feige wird, der auch seinen besten Freund verraten w\u00fcrde. Jedweser Stein kann zerbrechen.<\/p>\n<p><a href=\"https:\/\/www.mundi-roth.de\/teneriffa-blog\/wp-content\/uploads\/2018\/03\/8-10-DSCN3026.jpg\" rel=\"lightbox[6351]\"><img loading=\"lazy\" decoding=\"async\" class=\"aligncenter size-medium wp-image-6368\" src=\"https:\/\/www.mundi-roth.de\/teneriffa-blog\/wp-content\/uploads\/2018\/03\/8-10-DSCN3026-232x300.jpg\" alt=\"\" width=\"232\" height=\"300\" srcset=\"https:\/\/www.mundi-roth.de\/teneriffa-blog\/wp-content\/uploads\/2018\/03\/8-10-DSCN3026-232x300.jpg 232w, https:\/\/www.mundi-roth.de\/teneriffa-blog\/wp-content\/uploads\/2018\/03\/8-10-DSCN3026-116x150.jpg 116w, https:\/\/www.mundi-roth.de\/teneriffa-blog\/wp-content\/uploads\/2018\/03\/8-10-DSCN3026.jpg 555w\" sizes=\"auto, (max-width: 232px) 100vw, 232px\" \/><\/a><\/p>\n<p style=\"text-align: center;\">&#8222;FESSELN&#8220;<\/p>\n<p>Fessele mich, oh Herr, mit dem Reinheitsg\u00fcrtel<\/p>\n<p><a href=\"https:\/\/www.mundi-roth.de\/teneriffa-blog\/wp-content\/uploads\/2018\/03\/9-DSCN3029-3.jpg\" rel=\"lightbox[6351]\"><img loading=\"lazy\" decoding=\"async\" class=\"aligncenter size-medium wp-image-6369\" src=\"https:\/\/www.mundi-roth.de\/teneriffa-blog\/wp-content\/uploads\/2018\/03\/9-DSCN3029-3-300x248.jpg\" alt=\"\" width=\"300\" height=\"248\" srcset=\"https:\/\/www.mundi-roth.de\/teneriffa-blog\/wp-content\/uploads\/2018\/03\/9-DSCN3029-3-300x248.jpg 300w, https:\/\/www.mundi-roth.de\/teneriffa-blog\/wp-content\/uploads\/2018\/03\/9-DSCN3029-3-150x124.jpg 150w, https:\/\/www.mundi-roth.de\/teneriffa-blog\/wp-content\/uploads\/2018\/03\/9-DSCN3029-3-768x634.jpg 768w, https:\/\/www.mundi-roth.de\/teneriffa-blog\/wp-content\/uploads\/2018\/03\/9-DSCN3029-3.jpg 800w\" sizes=\"auto, (max-width: 300px) 100vw, 300px\" \/><\/a><\/p>\n<p style=\"text-align: center;\">&#8222;DU WEINST IN DEINER EINSAMKEIT&#8220;<\/p>\n<p>Ein Vorbild um die schlimmsten Momente des Lebens zu \u00fcberwinden. Ein Vorbild der St\u00e4rke, dass sich Ihr nichts in den Weg stellt, ein Vorbild, um mit allen zu k\u00f6nnen, auf das man trifft, das ist Unsere liebe Frau von der Einsamkeit, die auf ihre Weise entmutigt weint.<\/p>\n<p>&nbsp;<\/p>\n<p><a href=\"https:\/\/www.mundi-roth.de\/teneriffa-blog\/wp-content\/uploads\/2018\/03\/10-13-DSCN3007.jpg\" rel=\"lightbox[6351]\"><img loading=\"lazy\" decoding=\"async\" class=\"aligncenter size-medium wp-image-6370\" src=\"https:\/\/www.mundi-roth.de\/teneriffa-blog\/wp-content\/uploads\/2018\/03\/10-13-DSCN3007-284x300.jpg\" alt=\"\" width=\"284\" height=\"300\" srcset=\"https:\/\/www.mundi-roth.de\/teneriffa-blog\/wp-content\/uploads\/2018\/03\/10-13-DSCN3007-284x300.jpg 284w, https:\/\/www.mundi-roth.de\/teneriffa-blog\/wp-content\/uploads\/2018\/03\/10-13-DSCN3007-142x150.jpg 142w, https:\/\/www.mundi-roth.de\/teneriffa-blog\/wp-content\/uploads\/2018\/03\/10-13-DSCN3007.jpg 600w\" sizes=\"auto, (max-width: 284px) 100vw, 284px\" \/><\/a><\/p>\n<p style=\"text-align: center;\">&#8222;TOD UND LEBEN&#8220;<\/p>\n<p>Das Symbnol des Kreuzes, Erinnerung an die Aufopferung und den Tod, Kontinent des Wassers, des Wassers des Lebens.<\/p>\n<p>&nbsp;<\/p>\n<p><a href=\"https:\/\/www.mundi-roth.de\/teneriffa-blog\/wp-content\/uploads\/2018\/03\/11-11DSCN3003.jpg\" rel=\"lightbox[6351]\"><img loading=\"lazy\" decoding=\"async\" class=\"aligncenter size-medium wp-image-6371\" src=\"https:\/\/www.mundi-roth.de\/teneriffa-blog\/wp-content\/uploads\/2018\/03\/11-11DSCN3003-284x300.jpg\" alt=\"\" width=\"284\" height=\"300\" srcset=\"https:\/\/www.mundi-roth.de\/teneriffa-blog\/wp-content\/uploads\/2018\/03\/11-11DSCN3003-284x300.jpg 284w, https:\/\/www.mundi-roth.de\/teneriffa-blog\/wp-content\/uploads\/2018\/03\/11-11DSCN3003-142x150.jpg 142w, https:\/\/www.mundi-roth.de\/teneriffa-blog\/wp-content\/uploads\/2018\/03\/11-11DSCN3003.jpg 758w\" sizes=\"auto, (max-width: 284px) 100vw, 284px\" \/><\/a><\/p>\n<p style=\"text-align: center;\">&#8222;UND DER HAHN SCHRIE &#8230;.&#8220;<\/p>\n<p>Nach den Evangelien sagte Christus, dass der Hahn schreien w\u00fcrde, wenn Petrus ihn dreimal verneinen wird, um sein Leben zu retten, das ist ein Symboil der Passion und ein Ruf der Natur. Was diesen wilden Ruf inspiriert ist, dass er uns aufwecken will am Morgen eines Lebens, durch das wir immer schlafwandelnder gehen, um dann mit Leidenschaft unsere eigenen kleinen Revolutionen ausleben zu k\u00f6nnen.<\/p>\n<p>&nbsp;<\/p>\n<p><a href=\"https:\/\/www.mundi-roth.de\/teneriffa-blog\/wp-content\/uploads\/2018\/03\/12-9-DSCN3006.jpg\" rel=\"lightbox[6351]\"><img loading=\"lazy\" decoding=\"async\" class=\"aligncenter size-medium wp-image-6372\" src=\"https:\/\/www.mundi-roth.de\/teneriffa-blog\/wp-content\/uploads\/2018\/03\/12-9-DSCN3006-234x300.jpg\" alt=\"\" width=\"234\" height=\"300\" srcset=\"https:\/\/www.mundi-roth.de\/teneriffa-blog\/wp-content\/uploads\/2018\/03\/12-9-DSCN3006-234x300.jpg 234w, https:\/\/www.mundi-roth.de\/teneriffa-blog\/wp-content\/uploads\/2018\/03\/12-9-DSCN3006-117x150.jpg 117w, https:\/\/www.mundi-roth.de\/teneriffa-blog\/wp-content\/uploads\/2018\/03\/12-9-DSCN3006.jpg 617w\" sizes=\"auto, (max-width: 234px) 100vw, 234px\" \/><\/a><\/p>\n<p style=\"text-align: center;\">&#8222;DAS EWIGE PROCEDERE&#8220;<\/p>\n<p>Eine der popul\u00e4rsten Veranstaltungen mit der gr\u00f6\u00dften Anziehungskraft sind die Prozessionen. Der Name dieses religi\u00f6sen Marsches oder Zuges kommt aus dem Lateinischen: <strong><em>procedere,<\/em><\/strong><em>\u00a0<\/em>was soviel bedeutet wie voranschreiten.<\/p>\n<p>Mit dieser Bedeutung hat man eine Route mit Blumen entworfen, auf der man Jesus Christus \u00fcberall antrifft, mit dem roten Weg als Metapher f\u00fcr die Prozessionsstreckenf\u00fchrung der Bruderschaften von deren Sitz bis zur Kathedrale.<\/p>\n<p>Die roten Blumen dienen als Symbol f\u00fcr das Opfer und das vergossene Blut Jesu Christi und die Erl\u00f6sung der Menschen, aber auch f\u00fcr das Feuer, die Leidenschaft, die Dankbarkeit und die ewige Liebe.<\/p>\n<p>&nbsp;<\/p>\n<p><a href=\"https:\/\/www.mundi-roth.de\/teneriffa-blog\/wp-content\/uploads\/2018\/03\/13-DSC02613-1.jpg\" rel=\"lightbox[6351]\"><img loading=\"lazy\" decoding=\"async\" class=\"aligncenter size-medium wp-image-6373\" src=\"https:\/\/www.mundi-roth.de\/teneriffa-blog\/wp-content\/uploads\/2018\/03\/13-DSC02613-1-300x225.jpg\" alt=\"\" width=\"300\" height=\"225\" srcset=\"https:\/\/www.mundi-roth.de\/teneriffa-blog\/wp-content\/uploads\/2018\/03\/13-DSC02613-1-300x225.jpg 300w, https:\/\/www.mundi-roth.de\/teneriffa-blog\/wp-content\/uploads\/2018\/03\/13-DSC02613-1-150x113.jpg 150w, https:\/\/www.mundi-roth.de\/teneriffa-blog\/wp-content\/uploads\/2018\/03\/13-DSC02613-1-768x576.jpg 768w, https:\/\/www.mundi-roth.de\/teneriffa-blog\/wp-content\/uploads\/2018\/03\/13-DSC02613-1.jpg 800w\" sizes=\"auto, (max-width: 300px) 100vw, 300px\" \/><\/a><\/p>\n<p style=\"text-align: center;\">&#8222;DAS LETZTE ABENDMAHL&#8220;<\/p>\n<p>Inspiriert an Metallreliefen des letzten Abendmahls, wie sie in einigen Esszimmern zur Schau gestellt werden.<\/p>\n<p>&nbsp;<\/p>\n<p><a href=\"https:\/\/www.mundi-roth.de\/teneriffa-blog\/wp-content\/uploads\/2018\/03\/14-DSC02618-5.jpg\" rel=\"lightbox[6351]\"><img loading=\"lazy\" decoding=\"async\" class=\"aligncenter size-medium wp-image-6374\" src=\"https:\/\/www.mundi-roth.de\/teneriffa-blog\/wp-content\/uploads\/2018\/03\/14-DSC02618-5-225x300.jpg\" alt=\"\" width=\"225\" height=\"300\" srcset=\"https:\/\/www.mundi-roth.de\/teneriffa-blog\/wp-content\/uploads\/2018\/03\/14-DSC02618-5-225x300.jpg 225w, https:\/\/www.mundi-roth.de\/teneriffa-blog\/wp-content\/uploads\/2018\/03\/14-DSC02618-5-112x150.jpg 112w, https:\/\/www.mundi-roth.de\/teneriffa-blog\/wp-content\/uploads\/2018\/03\/14-DSC02618-5.jpg 599w\" sizes=\"auto, (max-width: 225px) 100vw, 225px\" \/><\/a><\/p>\n<p style=\"text-align: center;\">&#8222;KAJAPHAS&#8220;<\/p>\n<p>Der j\u00fcdische Hoherpriester und einer der Verantwortlichen an der Todesstrafe an Jesus Christus.<\/p>\n<p>&#8222;Aber einer von ihnen, Kajaphas, der in jenem Jahr Hoherpriester war, sagte zu ihnen: Ihr wi\u00dft nicht, ihr denkt auch nicht daran, dass es besser f\u00fcr euch ist, wenn <strong><em>ein<\/em><\/strong> Mensch f\u00fcr das Volk stirbt, als wenn das ganze Volk umkommt.&#8220; <em>(Evangelium nach Johannes)<\/em><\/p>\n<p>Ohne es zu wissen, prophezeite er, dass Jesus Christus f\u00fcr uns alle sterben wird.<\/p>\n<p>&nbsp;<\/p>\n<p><a href=\"https:\/\/www.mundi-roth.de\/teneriffa-blog\/wp-content\/uploads\/2018\/03\/15-DSC02625-3.jpg\" rel=\"lightbox[6351]\"><img loading=\"lazy\" decoding=\"async\" class=\"aligncenter size-medium wp-image-6375\" src=\"https:\/\/www.mundi-roth.de\/teneriffa-blog\/wp-content\/uploads\/2018\/03\/15-DSC02625-3-137x300.jpg\" alt=\"\" width=\"137\" height=\"300\" srcset=\"https:\/\/www.mundi-roth.de\/teneriffa-blog\/wp-content\/uploads\/2018\/03\/15-DSC02625-3-137x300.jpg 137w, https:\/\/www.mundi-roth.de\/teneriffa-blog\/wp-content\/uploads\/2018\/03\/15-DSC02625-3-68x150.jpg 68w, https:\/\/www.mundi-roth.de\/teneriffa-blog\/wp-content\/uploads\/2018\/03\/15-DSC02625-3.jpg 364w\" sizes=\"auto, (max-width: 137px) 100vw, 137px\" \/><\/a><\/p>\n<p style=\"text-align: center;\">&#8222;DAS HAAR MARIA MAGDALENAS&#8220;<\/p>\n<p>Maria Magdalena, abgebildet mit langem offenen Haar, Symbol f\u00fcr ihr fr\u00fcheres s\u00fcndhaftes Leben, h\u00e4lt ein kleines Salbengef\u00e4\u00df in ihrer rechten Hand.<\/p>\n<p>&nbsp;<\/p>\n<p><a href=\"https:\/\/www.mundi-roth.de\/teneriffa-blog\/wp-content\/uploads\/2018\/03\/16-DSC02629-3.jpg\" rel=\"lightbox[6351]\"><img loading=\"lazy\" decoding=\"async\" class=\"aligncenter size-medium wp-image-6376\" src=\"https:\/\/www.mundi-roth.de\/teneriffa-blog\/wp-content\/uploads\/2018\/03\/16-DSC02629-3-171x300.jpg\" alt=\"\" width=\"171\" height=\"300\" srcset=\"https:\/\/www.mundi-roth.de\/teneriffa-blog\/wp-content\/uploads\/2018\/03\/16-DSC02629-3-171x300.jpg 171w, https:\/\/www.mundi-roth.de\/teneriffa-blog\/wp-content\/uploads\/2018\/03\/16-DSC02629-3-86x150.jpg 86w, https:\/\/www.mundi-roth.de\/teneriffa-blog\/wp-content\/uploads\/2018\/03\/16-DSC02629-3.jpg 456w\" sizes=\"auto, (max-width: 171px) 100vw, 171px\" \/><\/a><\/p>\n<p style=\"text-align: center;\">&#8222;DER BEGINN DES KREUZWEGES&#8220;<\/p>\n<p>Die Verzweiflung ist \u00fcber Jesus hereingebrochen im Olivenhain, als er den Vater bittet: &#8222;Nimm diesen Kelch weg&#8220;, um dann zu sagen: &#8222;Es m\u00f6ge dein Wille geschehe, nicht der meinige.&#8220;<\/p>\n<p>&nbsp;<\/p>\n<p><a href=\"https:\/\/www.mundi-roth.de\/teneriffa-blog\/wp-content\/uploads\/2018\/03\/17-DSC02636-3.jpg\" rel=\"lightbox[6351]\"><img loading=\"lazy\" decoding=\"async\" class=\"aligncenter size-medium wp-image-6377\" src=\"https:\/\/www.mundi-roth.de\/teneriffa-blog\/wp-content\/uploads\/2018\/03\/17-DSC02636-3-300x184.jpg\" alt=\"\" width=\"300\" height=\"184\" srcset=\"https:\/\/www.mundi-roth.de\/teneriffa-blog\/wp-content\/uploads\/2018\/03\/17-DSC02636-3-300x184.jpg 300w, https:\/\/www.mundi-roth.de\/teneriffa-blog\/wp-content\/uploads\/2018\/03\/17-DSC02636-3-150x92.jpg 150w, https:\/\/www.mundi-roth.de\/teneriffa-blog\/wp-content\/uploads\/2018\/03\/17-DSC02636-3-768x470.jpg 768w, https:\/\/www.mundi-roth.de\/teneriffa-blog\/wp-content\/uploads\/2018\/03\/17-DSC02636-3.jpg 800w\" sizes=\"auto, (max-width: 300px) 100vw, 300px\" \/><\/a><\/p>\n<p style=\"text-align: center;\">&#8222;DER WEG DES KREUZES&#8220;<\/p>\n<p>Der Kreuzweg steht im Verbindung mit den St\u00e4tten, den Zeichen und den Handlungen, die uns an die erl\u00f6sende Passion Jesu Christi erinnern, mit Dornen, Holz, Blut und Todesurteil! Wir verehren Dich Christus und wir preisen Dich, Du erl\u00f6stest die Welt durch dein heiliges Kreuz.<\/p>\n<p>&nbsp;<\/p>\n<p><a href=\"https:\/\/www.mundi-roth.de\/teneriffa-blog\/wp-content\/uploads\/2018\/03\/18-DSC02644-4.jpg\" rel=\"lightbox[6351]\"><img loading=\"lazy\" decoding=\"async\" class=\"aligncenter size-medium wp-image-6378\" src=\"https:\/\/www.mundi-roth.de\/teneriffa-blog\/wp-content\/uploads\/2018\/03\/18-DSC02644-4-300x287.jpg\" alt=\"\" width=\"300\" height=\"287\" srcset=\"https:\/\/www.mundi-roth.de\/teneriffa-blog\/wp-content\/uploads\/2018\/03\/18-DSC02644-4-300x287.jpg 300w, https:\/\/www.mundi-roth.de\/teneriffa-blog\/wp-content\/uploads\/2018\/03\/18-DSC02644-4-150x143.jpg 150w, https:\/\/www.mundi-roth.de\/teneriffa-blog\/wp-content\/uploads\/2018\/03\/18-DSC02644-4-768x734.jpg 768w, https:\/\/www.mundi-roth.de\/teneriffa-blog\/wp-content\/uploads\/2018\/03\/18-DSC02644-4.jpg 800w\" sizes=\"auto, (max-width: 300px) 100vw, 300px\" \/><\/a><\/p>\n<p style=\"text-align: center;\">&#8222;IN GESTALT DES HIMMELS UND GRUNDNAHRUNGSMITTEL&#8220;<\/p>\n<p>Inspiriert an arabischem Brot in Form und Inhalt &#8230;<\/p>\n<p>Geweihtes Brot, das sich in den K\u00f6rper Jesu Christi verwandelt hat &#8230;<\/p>\n<p>&nbsp;<\/p>\n<p><a href=\"https:\/\/www.mundi-roth.de\/teneriffa-blog\/wp-content\/uploads\/2018\/03\/19-DSC02648-4.jpg\" rel=\"lightbox[6351]\"><img loading=\"lazy\" decoding=\"async\" class=\"aligncenter size-medium wp-image-6379\" src=\"https:\/\/www.mundi-roth.de\/teneriffa-blog\/wp-content\/uploads\/2018\/03\/19-DSC02648-4-234x300.jpg\" alt=\"\" width=\"234\" height=\"300\" srcset=\"https:\/\/www.mundi-roth.de\/teneriffa-blog\/wp-content\/uploads\/2018\/03\/19-DSC02648-4-234x300.jpg 234w, https:\/\/www.mundi-roth.de\/teneriffa-blog\/wp-content\/uploads\/2018\/03\/19-DSC02648-4-117x150.jpg 117w, https:\/\/www.mundi-roth.de\/teneriffa-blog\/wp-content\/uploads\/2018\/03\/19-DSC02648-4.jpg 624w\" sizes=\"auto, (max-width: 234px) 100vw, 234px\" \/><\/a><\/p>\n<p style=\"text-align: center;\">&#8222;MICH D\u00dcRSTET&#8220;<\/p>\n<p>Inmitten der Agonie, andauernd, bitter und grausam, ruft er mit ausged\u00f6rrten Lippen: &#8222;Mich d\u00fcrstet.&#8220;<\/p>\n<p>G\u00f6ttliche Liebe entflammt ihn, man muss leiden, nur auf diese Art und Weise ist es ihm gegeben, die Menschen zu erl\u00f6sen.<\/p>\n<p>&nbsp;<\/p>\n<p><a href=\"https:\/\/www.mundi-roth.de\/teneriffa-blog\/wp-content\/uploads\/2018\/03\/20-DSCN3012-4.jpg\" rel=\"lightbox[6351]\"><img loading=\"lazy\" decoding=\"async\" class=\"aligncenter size-medium wp-image-6380\" src=\"https:\/\/www.mundi-roth.de\/teneriffa-blog\/wp-content\/uploads\/2018\/03\/20-DSCN3012-4-300x291.jpg\" alt=\"\" width=\"300\" height=\"291\" srcset=\"https:\/\/www.mundi-roth.de\/teneriffa-blog\/wp-content\/uploads\/2018\/03\/20-DSCN3012-4-300x291.jpg 300w, https:\/\/www.mundi-roth.de\/teneriffa-blog\/wp-content\/uploads\/2018\/03\/20-DSCN3012-4-150x146.jpg 150w, https:\/\/www.mundi-roth.de\/teneriffa-blog\/wp-content\/uploads\/2018\/03\/20-DSCN3012-4-768x745.jpg 768w, https:\/\/www.mundi-roth.de\/teneriffa-blog\/wp-content\/uploads\/2018\/03\/20-DSCN3012-4.jpg 800w\" sizes=\"auto, (max-width: 300px) 100vw, 300px\" \/><\/a><\/p>\n<p style=\"text-align: center;\">&#8222;BESCHEIDENHEIT&#8220;<\/p>\n<p>Eine gro\u00dfe Tugend, die manchmal in Vergessenheit ger\u00e4t.<\/p>\n<p>Niemals ist es zu sp\u00e4t, um innezuhalten und in Weisheit zu wachsen, aber immer ausgehend von der Bescheidenheit.<\/p>\n","protected":false},"excerpt":{"rendered":"<p>La Pascua Florida in Gu\u00eda de Isora von Gr\u00fcndonnerstag, 29. M\u00e4rz bis Ostersonntag 1. April 2018 Plakate, Transparente, Fahnen, Wimpel machen darauf aufmerksam. Es ist wieder so weit! Auf! Auf! Nach Gu\u00eda de Isora! Die blumenreichen Kunstwerke sind sehenswert! Zum 10. Mal finden diese beachtenswerten Installationen statt. Der Kreuzweg wird in 20 Stationen \u2013 in [&hellip;]<\/p>\n","protected":false},"author":4,"featured_media":0,"comment_status":"open","ping_status":"open","sticky":false,"template":"","format":"standard","meta":{"footnotes":""},"categories":[776,6],"tags":[266,999,439,446,866],"class_list":["post-6351","post","type-post","status-publish","format-standard","hentry","category-guia-de-isora","category-wanderungen","tag-guia-de-isora","tag-la-pascua-florida","tag-teneriffa-wandern","tag-wandern-teneriffa","tag-wanderurlaub-teneriffa"],"yoast_head":"<!-- This site is optimized with the Yoast SEO plugin v27.5 - https:\/\/yoast.com\/product\/yoast-seo-wordpress\/ -->\n<title>La Pascua Florida in Gu\u00eda de Isora - Teneriffa Wandern<\/title>\n<meta name=\"robots\" content=\"index, follow, max-snippet:-1, max-image-preview:large, max-video-preview:-1\" \/>\n<link rel=\"canonical\" href=\"https:\/\/www.mundi-roth.de\/teneriffa-blog\/wanderungen\/la-pascua-florida-in-guia-de-isora\/\" \/>\n<meta name=\"twitter:label1\" content=\"Verfasst von\" \/>\n\t<meta name=\"twitter:data1\" content=\"mundi\" \/>\n\t<meta name=\"twitter:label2\" content=\"Gesch\u00e4tzte Lesezeit\" \/>\n\t<meta name=\"twitter:data2\" content=\"5\u00a0Minuten\" \/>\n<script type=\"application\/ld+json\" class=\"yoast-schema-graph\">{\"@context\":\"https:\\\/\\\/schema.org\",\"@graph\":[{\"@type\":\"Article\",\"@id\":\"https:\\\/\\\/www.mundi-roth.de\\\/teneriffa-blog\\\/wanderungen\\\/la-pascua-florida-in-guia-de-isora\\\/#article\",\"isPartOf\":{\"@id\":\"https:\\\/\\\/www.mundi-roth.de\\\/teneriffa-blog\\\/wanderungen\\\/la-pascua-florida-in-guia-de-isora\\\/\"},\"author\":{\"name\":\"mundi\",\"@id\":\"https:\\\/\\\/www.mundi-roth.de\\\/teneriffa-blog\\\/#\\\/schema\\\/person\\\/971c66b55f3ae5e8741553688c413cac\"},\"headline\":\"La Pascua Florida in Gu\u00eda de Isora\",\"datePublished\":\"2018-03-30T21:00:12+00:00\",\"dateModified\":\"2018-03-31T11:06:04+00:00\",\"mainEntityOfPage\":{\"@id\":\"https:\\\/\\\/www.mundi-roth.de\\\/teneriffa-blog\\\/wanderungen\\\/la-pascua-florida-in-guia-de-isora\\\/\"},\"wordCount\":1005,\"commentCount\":1,\"image\":{\"@id\":\"https:\\\/\\\/www.mundi-roth.de\\\/teneriffa-blog\\\/wanderungen\\\/la-pascua-florida-in-guia-de-isora\\\/#primaryimage\"},\"thumbnailUrl\":\"https:\\\/\\\/www.mundi-roth.de\\\/teneriffa-blog\\\/wp-content\\\/uploads\\\/2018\\\/03\\\/0-300x149.jpg\",\"keywords\":[\"Gu\u00eda de Isora\",\"La Pascua Florida\",\"Teneriffa Wandern\",\"Wandern Teneriffa\",\"Wanderurlaub Teneriffa\"],\"articleSection\":[\"Guia de Isora\",\"Wanderungen\"],\"inLanguage\":\"de\",\"potentialAction\":[{\"@type\":\"CommentAction\",\"name\":\"Comment\",\"target\":[\"https:\\\/\\\/www.mundi-roth.de\\\/teneriffa-blog\\\/wanderungen\\\/la-pascua-florida-in-guia-de-isora\\\/#respond\"]}]},{\"@type\":\"WebPage\",\"@id\":\"https:\\\/\\\/www.mundi-roth.de\\\/teneriffa-blog\\\/wanderungen\\\/la-pascua-florida-in-guia-de-isora\\\/\",\"url\":\"https:\\\/\\\/www.mundi-roth.de\\\/teneriffa-blog\\\/wanderungen\\\/la-pascua-florida-in-guia-de-isora\\\/\",\"name\":\"La Pascua Florida in Gu\u00eda de Isora - Teneriffa Wandern\",\"isPartOf\":{\"@id\":\"https:\\\/\\\/www.mundi-roth.de\\\/teneriffa-blog\\\/#website\"},\"primaryImageOfPage\":{\"@id\":\"https:\\\/\\\/www.mundi-roth.de\\\/teneriffa-blog\\\/wanderungen\\\/la-pascua-florida-in-guia-de-isora\\\/#primaryimage\"},\"image\":{\"@id\":\"https:\\\/\\\/www.mundi-roth.de\\\/teneriffa-blog\\\/wanderungen\\\/la-pascua-florida-in-guia-de-isora\\\/#primaryimage\"},\"thumbnailUrl\":\"https:\\\/\\\/www.mundi-roth.de\\\/teneriffa-blog\\\/wp-content\\\/uploads\\\/2018\\\/03\\\/0-300x149.jpg\",\"datePublished\":\"2018-03-30T21:00:12+00:00\",\"dateModified\":\"2018-03-31T11:06:04+00:00\",\"author\":{\"@id\":\"https:\\\/\\\/www.mundi-roth.de\\\/teneriffa-blog\\\/#\\\/schema\\\/person\\\/971c66b55f3ae5e8741553688c413cac\"},\"breadcrumb\":{\"@id\":\"https:\\\/\\\/www.mundi-roth.de\\\/teneriffa-blog\\\/wanderungen\\\/la-pascua-florida-in-guia-de-isora\\\/#breadcrumb\"},\"inLanguage\":\"de\",\"potentialAction\":[{\"@type\":\"ReadAction\",\"target\":[\"https:\\\/\\\/www.mundi-roth.de\\\/teneriffa-blog\\\/wanderungen\\\/la-pascua-florida-in-guia-de-isora\\\/\"]}]},{\"@type\":\"ImageObject\",\"inLanguage\":\"de\",\"@id\":\"https:\\\/\\\/www.mundi-roth.de\\\/teneriffa-blog\\\/wanderungen\\\/la-pascua-florida-in-guia-de-isora\\\/#primaryimage\",\"url\":\"https:\\\/\\\/www.mundi-roth.de\\\/teneriffa-blog\\\/wp-content\\\/uploads\\\/2018\\\/03\\\/0.jpg\",\"contentUrl\":\"https:\\\/\\\/www.mundi-roth.de\\\/teneriffa-blog\\\/wp-content\\\/uploads\\\/2018\\\/03\\\/0.jpg\",\"width\":800,\"height\":398},{\"@type\":\"BreadcrumbList\",\"@id\":\"https:\\\/\\\/www.mundi-roth.de\\\/teneriffa-blog\\\/wanderungen\\\/la-pascua-florida-in-guia-de-isora\\\/#breadcrumb\",\"itemListElement\":[{\"@type\":\"ListItem\",\"position\":1,\"name\":\"Startseite\",\"item\":\"https:\\\/\\\/www.mundi-roth.de\\\/teneriffa-blog\\\/\"},{\"@type\":\"ListItem\",\"position\":2,\"name\":\"La Pascua Florida in Gu\u00eda de Isora\"}]},{\"@type\":\"WebSite\",\"@id\":\"https:\\\/\\\/www.mundi-roth.de\\\/teneriffa-blog\\\/#website\",\"url\":\"https:\\\/\\\/www.mundi-roth.de\\\/teneriffa-blog\\\/\",\"name\":\"Teneriffa Wandern\",\"description\":\"Nicht nur Wanderungen auf Teneriffa...\",\"potentialAction\":[{\"@type\":\"SearchAction\",\"target\":{\"@type\":\"EntryPoint\",\"urlTemplate\":\"https:\\\/\\\/www.mundi-roth.de\\\/teneriffa-blog\\\/?s={search_term_string}\"},\"query-input\":{\"@type\":\"PropertyValueSpecification\",\"valueRequired\":true,\"valueName\":\"search_term_string\"}}],\"inLanguage\":\"de\"},{\"@type\":\"Person\",\"@id\":\"https:\\\/\\\/www.mundi-roth.de\\\/teneriffa-blog\\\/#\\\/schema\\\/person\\\/971c66b55f3ae5e8741553688c413cac\",\"name\":\"mundi\",\"image\":{\"@type\":\"ImageObject\",\"inLanguage\":\"de\",\"@id\":\"https:\\\/\\\/secure.gravatar.com\\\/avatar\\\/555f0dd85428f1a9330f8e5dbe9e40ff9ca912bb81e5a89747ebf3ca9c20dc0f?s=96&d=mm&r=g\",\"url\":\"https:\\\/\\\/secure.gravatar.com\\\/avatar\\\/555f0dd85428f1a9330f8e5dbe9e40ff9ca912bb81e5a89747ebf3ca9c20dc0f?s=96&d=mm&r=g\",\"contentUrl\":\"https:\\\/\\\/secure.gravatar.com\\\/avatar\\\/555f0dd85428f1a9330f8e5dbe9e40ff9ca912bb81e5a89747ebf3ca9c20dc0f?s=96&d=mm&r=g\",\"caption\":\"mundi\"},\"sameAs\":[\"http:\\\/\\\/mundi-roth.de\"],\"url\":\"https:\\\/\\\/www.mundi-roth.de\\\/teneriffa-blog\\\/author\\\/mundi\\\/\"}]}<\/script>\n<!-- \/ Yoast SEO plugin. -->","yoast_head_json":{"title":"La Pascua Florida in Gu\u00eda de Isora - Teneriffa Wandern","robots":{"index":"index","follow":"follow","max-snippet":"max-snippet:-1","max-image-preview":"max-image-preview:large","max-video-preview":"max-video-preview:-1"},"canonical":"https:\/\/www.mundi-roth.de\/teneriffa-blog\/wanderungen\/la-pascua-florida-in-guia-de-isora\/","twitter_misc":{"Verfasst von":"mundi","Gesch\u00e4tzte Lesezeit":"5\u00a0Minuten"},"schema":{"@context":"https:\/\/schema.org","@graph":[{"@type":"Article","@id":"https:\/\/www.mundi-roth.de\/teneriffa-blog\/wanderungen\/la-pascua-florida-in-guia-de-isora\/#article","isPartOf":{"@id":"https:\/\/www.mundi-roth.de\/teneriffa-blog\/wanderungen\/la-pascua-florida-in-guia-de-isora\/"},"author":{"name":"mundi","@id":"https:\/\/www.mundi-roth.de\/teneriffa-blog\/#\/schema\/person\/971c66b55f3ae5e8741553688c413cac"},"headline":"La Pascua Florida in Gu\u00eda de Isora","datePublished":"2018-03-30T21:00:12+00:00","dateModified":"2018-03-31T11:06:04+00:00","mainEntityOfPage":{"@id":"https:\/\/www.mundi-roth.de\/teneriffa-blog\/wanderungen\/la-pascua-florida-in-guia-de-isora\/"},"wordCount":1005,"commentCount":1,"image":{"@id":"https:\/\/www.mundi-roth.de\/teneriffa-blog\/wanderungen\/la-pascua-florida-in-guia-de-isora\/#primaryimage"},"thumbnailUrl":"https:\/\/www.mundi-roth.de\/teneriffa-blog\/wp-content\/uploads\/2018\/03\/0-300x149.jpg","keywords":["Gu\u00eda de Isora","La Pascua Florida","Teneriffa Wandern","Wandern Teneriffa","Wanderurlaub Teneriffa"],"articleSection":["Guia de Isora","Wanderungen"],"inLanguage":"de","potentialAction":[{"@type":"CommentAction","name":"Comment","target":["https:\/\/www.mundi-roth.de\/teneriffa-blog\/wanderungen\/la-pascua-florida-in-guia-de-isora\/#respond"]}]},{"@type":"WebPage","@id":"https:\/\/www.mundi-roth.de\/teneriffa-blog\/wanderungen\/la-pascua-florida-in-guia-de-isora\/","url":"https:\/\/www.mundi-roth.de\/teneriffa-blog\/wanderungen\/la-pascua-florida-in-guia-de-isora\/","name":"La Pascua Florida in Gu\u00eda de Isora - Teneriffa Wandern","isPartOf":{"@id":"https:\/\/www.mundi-roth.de\/teneriffa-blog\/#website"},"primaryImageOfPage":{"@id":"https:\/\/www.mundi-roth.de\/teneriffa-blog\/wanderungen\/la-pascua-florida-in-guia-de-isora\/#primaryimage"},"image":{"@id":"https:\/\/www.mundi-roth.de\/teneriffa-blog\/wanderungen\/la-pascua-florida-in-guia-de-isora\/#primaryimage"},"thumbnailUrl":"https:\/\/www.mundi-roth.de\/teneriffa-blog\/wp-content\/uploads\/2018\/03\/0-300x149.jpg","datePublished":"2018-03-30T21:00:12+00:00","dateModified":"2018-03-31T11:06:04+00:00","author":{"@id":"https:\/\/www.mundi-roth.de\/teneriffa-blog\/#\/schema\/person\/971c66b55f3ae5e8741553688c413cac"},"breadcrumb":{"@id":"https:\/\/www.mundi-roth.de\/teneriffa-blog\/wanderungen\/la-pascua-florida-in-guia-de-isora\/#breadcrumb"},"inLanguage":"de","potentialAction":[{"@type":"ReadAction","target":["https:\/\/www.mundi-roth.de\/teneriffa-blog\/wanderungen\/la-pascua-florida-in-guia-de-isora\/"]}]},{"@type":"ImageObject","inLanguage":"de","@id":"https:\/\/www.mundi-roth.de\/teneriffa-blog\/wanderungen\/la-pascua-florida-in-guia-de-isora\/#primaryimage","url":"https:\/\/www.mundi-roth.de\/teneriffa-blog\/wp-content\/uploads\/2018\/03\/0.jpg","contentUrl":"https:\/\/www.mundi-roth.de\/teneriffa-blog\/wp-content\/uploads\/2018\/03\/0.jpg","width":800,"height":398},{"@type":"BreadcrumbList","@id":"https:\/\/www.mundi-roth.de\/teneriffa-blog\/wanderungen\/la-pascua-florida-in-guia-de-isora\/#breadcrumb","itemListElement":[{"@type":"ListItem","position":1,"name":"Startseite","item":"https:\/\/www.mundi-roth.de\/teneriffa-blog\/"},{"@type":"ListItem","position":2,"name":"La Pascua Florida in Gu\u00eda de Isora"}]},{"@type":"WebSite","@id":"https:\/\/www.mundi-roth.de\/teneriffa-blog\/#website","url":"https:\/\/www.mundi-roth.de\/teneriffa-blog\/","name":"Teneriffa Wandern","description":"Nicht nur Wanderungen auf Teneriffa...","potentialAction":[{"@type":"SearchAction","target":{"@type":"EntryPoint","urlTemplate":"https:\/\/www.mundi-roth.de\/teneriffa-blog\/?s={search_term_string}"},"query-input":{"@type":"PropertyValueSpecification","valueRequired":true,"valueName":"search_term_string"}}],"inLanguage":"de"},{"@type":"Person","@id":"https:\/\/www.mundi-roth.de\/teneriffa-blog\/#\/schema\/person\/971c66b55f3ae5e8741553688c413cac","name":"mundi","image":{"@type":"ImageObject","inLanguage":"de","@id":"https:\/\/secure.gravatar.com\/avatar\/555f0dd85428f1a9330f8e5dbe9e40ff9ca912bb81e5a89747ebf3ca9c20dc0f?s=96&d=mm&r=g","url":"https:\/\/secure.gravatar.com\/avatar\/555f0dd85428f1a9330f8e5dbe9e40ff9ca912bb81e5a89747ebf3ca9c20dc0f?s=96&d=mm&r=g","contentUrl":"https:\/\/secure.gravatar.com\/avatar\/555f0dd85428f1a9330f8e5dbe9e40ff9ca912bb81e5a89747ebf3ca9c20dc0f?s=96&d=mm&r=g","caption":"mundi"},"sameAs":["http:\/\/mundi-roth.de"],"url":"https:\/\/www.mundi-roth.de\/teneriffa-blog\/author\/mundi\/"}]}},"_links":{"self":[{"href":"https:\/\/www.mundi-roth.de\/teneriffa-blog\/wp-json\/wp\/v2\/posts\/6351","targetHints":{"allow":["GET"]}}],"collection":[{"href":"https:\/\/www.mundi-roth.de\/teneriffa-blog\/wp-json\/wp\/v2\/posts"}],"about":[{"href":"https:\/\/www.mundi-roth.de\/teneriffa-blog\/wp-json\/wp\/v2\/types\/post"}],"author":[{"embeddable":true,"href":"https:\/\/www.mundi-roth.de\/teneriffa-blog\/wp-json\/wp\/v2\/users\/4"}],"replies":[{"embeddable":true,"href":"https:\/\/www.mundi-roth.de\/teneriffa-blog\/wp-json\/wp\/v2\/comments?post=6351"}],"version-history":[{"count":0,"href":"https:\/\/www.mundi-roth.de\/teneriffa-blog\/wp-json\/wp\/v2\/posts\/6351\/revisions"}],"wp:attachment":[{"href":"https:\/\/www.mundi-roth.de\/teneriffa-blog\/wp-json\/wp\/v2\/media?parent=6351"}],"wp:term":[{"taxonomy":"category","embeddable":true,"href":"https:\/\/www.mundi-roth.de\/teneriffa-blog\/wp-json\/wp\/v2\/categories?post=6351"},{"taxonomy":"post_tag","embeddable":true,"href":"https:\/\/www.mundi-roth.de\/teneriffa-blog\/wp-json\/wp\/v2\/tags?post=6351"}],"curies":[{"name":"wp","href":"https:\/\/api.w.org\/{rel}","templated":true}]}}