{"id":6564,"date":"2019-01-10T22:00:24","date_gmt":"2019-01-10T21:00:24","guid":{"rendered":"https:\/\/www.mundi-roth.de\/teneriffa-blog\/?p=6564"},"modified":"2019-01-13T12:12:36","modified_gmt":"2019-01-13T11:12:36","slug":"in-den-canadas-ab-el-portillo","status":"publish","type":"post","link":"https:\/\/www.mundi-roth.de\/teneriffa-blog\/wanderungen\/in-den-canadas-ab-el-portillo\/","title":{"rendered":"In den Ca\u00f1adas ab El Portillo"},"content":{"rendered":"<p>Wau!<br \/>\nWas f\u00fcr eine Tour in einer imposanten, beeindruckenden Landschschaft!<br \/>\nPuh!<br \/>\nWas f\u00fcr eine anstrengende Tour im steten Auf und Ab!<\/p>\n<p>Elisabeth hat im Sommer diese Wanderung entdeckt und geht sie heute mit mir \u2013 f\u00fcr sie zum dritten Mal.<\/p>\n<p><a href=\"https:\/\/www.mundi-roth.de\/teneriffa-blog\/wp-content\/uploads\/2019\/01\/Track01T.jpg\" rel=\"lightbox[6564]\"><img loading=\"lazy\" decoding=\"async\" class=\"aligncenter size-medium wp-image-6565\" src=\"https:\/\/www.mundi-roth.de\/teneriffa-blog\/wp-content\/uploads\/2019\/01\/Track01T-300x186.jpg\" alt=\"\" width=\"300\" height=\"186\" srcset=\"https:\/\/www.mundi-roth.de\/teneriffa-blog\/wp-content\/uploads\/2019\/01\/Track01T-300x186.jpg 300w, https:\/\/www.mundi-roth.de\/teneriffa-blog\/wp-content\/uploads\/2019\/01\/Track01T-150x93.jpg 150w, https:\/\/www.mundi-roth.de\/teneriffa-blog\/wp-content\/uploads\/2019\/01\/Track01T-768x476.jpg 768w, https:\/\/www.mundi-roth.de\/teneriffa-blog\/wp-content\/uploads\/2019\/01\/Track01T.jpg 800w\" sizes=\"auto, (max-width: 300px) 100vw, 300px\" \/><\/a><\/p>\n<p>Wir starten die Anfahrt um 9:35 Uhr und sind im Vorteil wenig Verkehr zu haben und so f\u00e4hrt Elisabeth in einer guten Stunde bis zum Parkplatz beim Besucherzentrum El Portillo. Hier erwartet uns strahlender Sonnenschein, wolkenloser blauer Himmel und 4\u00b0C &#8211; wir sind in 2078 m H\u00f6he.<\/p>\n<p><a href=\"https:\/\/www.mundi-roth.de\/teneriffa-blog\/wp-content\/uploads\/2019\/01\/DSC03484.jpg\" rel=\"lightbox[6564]\"><img loading=\"lazy\" decoding=\"async\" class=\"aligncenter size-medium wp-image-6566\" src=\"https:\/\/www.mundi-roth.de\/teneriffa-blog\/wp-content\/uploads\/2019\/01\/DSC03484-300x225.jpg\" alt=\"\" width=\"300\" height=\"225\" srcset=\"https:\/\/www.mundi-roth.de\/teneriffa-blog\/wp-content\/uploads\/2019\/01\/DSC03484-300x225.jpg 300w, https:\/\/www.mundi-roth.de\/teneriffa-blog\/wp-content\/uploads\/2019\/01\/DSC03484-150x113.jpg 150w, https:\/\/www.mundi-roth.de\/teneriffa-blog\/wp-content\/uploads\/2019\/01\/DSC03484-768x576.jpg 768w, https:\/\/www.mundi-roth.de\/teneriffa-blog\/wp-content\/uploads\/2019\/01\/DSC03484.jpg 800w\" sizes=\"auto, (max-width: 300px) 100vw, 300px\" \/><\/a><\/p>\n<p>Auf dem Sendero \u2013 Wanderweg &#8211; 1 starten wir um 11:45 Uhr und haben wenig sp\u00e4ter den Teide \u2013 diesmal ohne das winzigste Schneeh\u00e4ubchen \u2013 vor uns, der uns fast auf der ganzen Tour begleiten wird.<\/p>\n<p><a href=\"https:\/\/www.mundi-roth.de\/teneriffa-blog\/wp-content\/uploads\/2019\/01\/DSC03485.jpg\" rel=\"lightbox[6564]\"><img loading=\"lazy\" decoding=\"async\" class=\"alignleft size-thumbnail wp-image-6567\" src=\"https:\/\/www.mundi-roth.de\/teneriffa-blog\/wp-content\/uploads\/2019\/01\/DSC03485-150x113.jpg\" alt=\"\" width=\"150\" height=\"113\" srcset=\"https:\/\/www.mundi-roth.de\/teneriffa-blog\/wp-content\/uploads\/2019\/01\/DSC03485-150x113.jpg 150w, https:\/\/www.mundi-roth.de\/teneriffa-blog\/wp-content\/uploads\/2019\/01\/DSC03485-300x225.jpg 300w, https:\/\/www.mundi-roth.de\/teneriffa-blog\/wp-content\/uploads\/2019\/01\/DSC03485-768x576.jpg 768w, https:\/\/www.mundi-roth.de\/teneriffa-blog\/wp-content\/uploads\/2019\/01\/DSC03485.jpg 800w\" sizes=\"auto, (max-width: 150px) 100vw, 150px\" \/><\/a>Zwei Infotafeln kl\u00e4ren uns \u00fcber die 1. Besteigung des Teides und den Naturschutz in diesem Gebiet auf.<\/p>\n<p>Rechter Hand haben wir ein gutes St\u00fcck lang einen Kiefernwald und wir schreiten durch ein Meer von Teide Skabiosen \u2013 liebevoll Rosalito salvaje genannt (wir w\u00fcrden Rausamiger Fl\u00fcgelkopf sagen).<\/p>\n<p>Nach 15 Minuten Gehzeit \u2013 1,3 km &#8211; biegt unser Sendero 1 rechts ab Richtung Fortaleza, immer auf einem mit Steinen eingefasstem Weg.<br \/>\nEinige Hinweistafeln zeigen uns die M\u00f6glichkeiten auf, die man hier sonst noch erwandern kann.<\/p>\n<p>Nun geht es im steten Auf und Ab auf die Fortaleza zu, die nach weiteren 15 Minuten vor uns zu sehen ist. Linker Hand immer noch den Teide im Blick.<br \/>\nAn Hinweistafeln ist nicht gespart und wir k\u00f6nnen auf der n\u00e4chsten erkennen, dass die Fortsetzung unserer Tour von der Fortaleza aus schon ausgeschildert ist: Sendero 33<\/p>\n<p>Auf einem breiten Sandweg n\u00e4hern wir uns diesem riesigen Felsmassiv.<a href=\"https:\/\/www.mundi-roth.de\/teneriffa-blog\/wp-content\/uploads\/2019\/01\/DSC03508.jpg\" rel=\"lightbox[6564]\"><img loading=\"lazy\" decoding=\"async\" class=\"alignright size-thumbnail wp-image-6575\" src=\"https:\/\/www.mundi-roth.de\/teneriffa-blog\/wp-content\/uploads\/2019\/01\/DSC03508-150x113.jpg\" alt=\"\" width=\"150\" height=\"113\" srcset=\"https:\/\/www.mundi-roth.de\/teneriffa-blog\/wp-content\/uploads\/2019\/01\/DSC03508-150x113.jpg 150w, https:\/\/www.mundi-roth.de\/teneriffa-blog\/wp-content\/uploads\/2019\/01\/DSC03508-300x225.jpg 300w, https:\/\/www.mundi-roth.de\/teneriffa-blog\/wp-content\/uploads\/2019\/01\/DSC03508-768x576.jpg 768w, https:\/\/www.mundi-roth.de\/teneriffa-blog\/wp-content\/uploads\/2019\/01\/DSC03508.jpg 800w\" sizes=\"auto, (max-width: 150px) 100vw, 150px\" \/><\/a><br \/>\nSind wir fr\u00fcher mit der gro\u00dfen Wandergruppe meist zur Fortaleza, an der kleinen Kapelle vorbei, aufgestiegen und dort oben gewandert, so marschieren wir heute an ihrem Fu\u00df entlang und bleiben immer wieder vor diesen gewaltigen Felsmassiven stehen und sagen: OH!<\/p>\n\n\t\t<style type=\"text\/css\">\n\t\t\t#gallery-1 {\n\t\t\t\tmargin: auto;\n\t\t\t}\n\t\t\t#gallery-1 .gallery-item {\n\t\t\t\tfloat: left;\n\t\t\t\tmargin-top: 10px;\n\t\t\t\ttext-align: center;\n\t\t\t\twidth: 50%;\n\t\t\t}\n\t\t\t#gallery-1 img {\n\t\t\t\tborder: 2px solid #cfcfcf;\n\t\t\t}\n\t\t\t#gallery-1 .gallery-caption {\n\t\t\t\tmargin-left: 0;\n\t\t\t}\n\t\t\t\/* see gallery_shortcode() in wp-includes\/media.php *\/\n\t\t<\/style>\n\t\t<div id='gallery-1' class='gallery galleryid-6564 gallery-columns-2 gallery-size-medium'><dl class='gallery-item'>\n\t\t\t<dt class='gallery-icon landscape'>\n\t\t\t\t<a href='https:\/\/www.mundi-roth.de\/teneriffa-blog\/wp-content\/uploads\/2019\/01\/DSC03530a-1.jpg' rel=\"lightbox[6564]\"><img loading=\"lazy\" decoding=\"async\" width=\"300\" height=\"225\" src=\"https:\/\/www.mundi-roth.de\/teneriffa-blog\/wp-content\/uploads\/2019\/01\/DSC03530a-1-300x225.jpg\" class=\"attachment-medium size-medium\" alt=\"\" srcset=\"https:\/\/www.mundi-roth.de\/teneriffa-blog\/wp-content\/uploads\/2019\/01\/DSC03530a-1-300x225.jpg 300w, https:\/\/www.mundi-roth.de\/teneriffa-blog\/wp-content\/uploads\/2019\/01\/DSC03530a-1-150x113.jpg 150w, https:\/\/www.mundi-roth.de\/teneriffa-blog\/wp-content\/uploads\/2019\/01\/DSC03530a-1-768x576.jpg 768w, https:\/\/www.mundi-roth.de\/teneriffa-blog\/wp-content\/uploads\/2019\/01\/DSC03530a-1.jpg 800w\" sizes=\"auto, (max-width: 300px) 100vw, 300px\" \/><\/a>\n\t\t\t<\/dt><\/dl><dl class='gallery-item'>\n\t\t\t<dt class='gallery-icon landscape'>\n\t\t\t\t<a href='https:\/\/www.mundi-roth.de\/teneriffa-blog\/wp-content\/uploads\/2019\/01\/DSC03513.jpg' rel=\"lightbox[6564]\"><img loading=\"lazy\" decoding=\"async\" width=\"300\" height=\"225\" src=\"https:\/\/www.mundi-roth.de\/teneriffa-blog\/wp-content\/uploads\/2019\/01\/DSC03513-300x225.jpg\" class=\"attachment-medium size-medium\" alt=\"\" srcset=\"https:\/\/www.mundi-roth.de\/teneriffa-blog\/wp-content\/uploads\/2019\/01\/DSC03513-300x225.jpg 300w, https:\/\/www.mundi-roth.de\/teneriffa-blog\/wp-content\/uploads\/2019\/01\/DSC03513-150x113.jpg 150w, https:\/\/www.mundi-roth.de\/teneriffa-blog\/wp-content\/uploads\/2019\/01\/DSC03513-768x576.jpg 768w, https:\/\/www.mundi-roth.de\/teneriffa-blog\/wp-content\/uploads\/2019\/01\/DSC03513.jpg 800w\" sizes=\"auto, (max-width: 300px) 100vw, 300px\" \/><\/a>\n\t\t\t<\/dt><\/dl><br style=\"clear: both\" \/>\n\t\t<\/div>\n\n<p>An einer Stelle kommt Elisabeth ins Schw\u00e4rmen: Hier hat sie im Sommer die meterhohen Teide Taginasten \u2013 Teide Natternkopf &#8211; mit ihrem Sohn in voller Bl\u00fcte erlebt. Das muss ein Traum sein. Heute erinnern uns nur die skelettartigen, fotogenen Gerippe daran.<\/p>\n\n\t\t<style type=\"text\/css\">\n\t\t\t#gallery-2 {\n\t\t\t\tmargin: auto;\n\t\t\t}\n\t\t\t#gallery-2 .gallery-item {\n\t\t\t\tfloat: left;\n\t\t\t\tmargin-top: 10px;\n\t\t\t\ttext-align: center;\n\t\t\t\twidth: 50%;\n\t\t\t}\n\t\t\t#gallery-2 img {\n\t\t\t\tborder: 2px solid #cfcfcf;\n\t\t\t}\n\t\t\t#gallery-2 .gallery-caption {\n\t\t\t\tmargin-left: 0;\n\t\t\t}\n\t\t\t\/* see gallery_shortcode() in wp-includes\/media.php *\/\n\t\t<\/style>\n\t\t<div id='gallery-2' class='gallery galleryid-6564 gallery-columns-2 gallery-size-medium'><dl class='gallery-item'>\n\t\t\t<dt class='gallery-icon landscape'>\n\t\t\t\t<a href='https:\/\/www.mundi-roth.de\/teneriffa-blog\/wanderungen\/in-den-canadas-ab-el-portillo\/attachment\/dsc03509a\/'><img loading=\"lazy\" decoding=\"async\" width=\"300\" height=\"213\" src=\"https:\/\/www.mundi-roth.de\/teneriffa-blog\/wp-content\/uploads\/2019\/01\/DSC03509a-300x213.jpg\" class=\"attachment-medium size-medium\" alt=\"\" srcset=\"https:\/\/www.mundi-roth.de\/teneriffa-blog\/wp-content\/uploads\/2019\/01\/DSC03509a-300x213.jpg 300w, https:\/\/www.mundi-roth.de\/teneriffa-blog\/wp-content\/uploads\/2019\/01\/DSC03509a-150x107.jpg 150w, https:\/\/www.mundi-roth.de\/teneriffa-blog\/wp-content\/uploads\/2019\/01\/DSC03509a-768x545.jpg 768w, https:\/\/www.mundi-roth.de\/teneriffa-blog\/wp-content\/uploads\/2019\/01\/DSC03509a.jpg 800w\" sizes=\"auto, (max-width: 300px) 100vw, 300px\" \/><\/a>\n\t\t\t<\/dt><\/dl><dl class='gallery-item'>\n\t\t\t<dt class='gallery-icon landscape'>\n\t\t\t\t<a href='https:\/\/www.mundi-roth.de\/teneriffa-blog\/wanderungen\/in-den-canadas-ab-el-portillo\/attachment\/dsc03483a\/'><img loading=\"lazy\" decoding=\"async\" width=\"300\" height=\"221\" src=\"https:\/\/www.mundi-roth.de\/teneriffa-blog\/wp-content\/uploads\/2019\/01\/DSC03483a-300x221.jpg\" class=\"attachment-medium size-medium\" alt=\"\" srcset=\"https:\/\/www.mundi-roth.de\/teneriffa-blog\/wp-content\/uploads\/2019\/01\/DSC03483a-300x221.jpg 300w, https:\/\/www.mundi-roth.de\/teneriffa-blog\/wp-content\/uploads\/2019\/01\/DSC03483a-150x110.jpg 150w, https:\/\/www.mundi-roth.de\/teneriffa-blog\/wp-content\/uploads\/2019\/01\/DSC03483a-768x565.jpg 768w, https:\/\/www.mundi-roth.de\/teneriffa-blog\/wp-content\/uploads\/2019\/01\/DSC03483a.jpg 800w\" sizes=\"auto, (max-width: 300px) 100vw, 300px\" \/><\/a>\n\t\t\t<\/dt><\/dl><br style=\"clear: both\" \/>\n\t\t<\/div>\n\n<p>Ca. 20 Minuten wandern wir an diesem beeindruckenden Massiv vorbei und dann der Blick aufs Meer: Die Insel La Palma ist heute gut auszumachen.<br \/>\nMit diesem Anblick machen wir eine kurze Rast zum Trinken, Schauen, Staunen.<\/p>\n<p><a href=\"https:\/\/www.mundi-roth.de\/teneriffa-blog\/wp-content\/uploads\/2019\/01\/DSC03518a.jpg\" rel=\"lightbox[6564]\"><img loading=\"lazy\" decoding=\"async\" class=\"aligncenter size-medium wp-image-6573\" src=\"https:\/\/www.mundi-roth.de\/teneriffa-blog\/wp-content\/uploads\/2019\/01\/DSC03518a-300x189.jpg\" alt=\"\" width=\"300\" height=\"189\" srcset=\"https:\/\/www.mundi-roth.de\/teneriffa-blog\/wp-content\/uploads\/2019\/01\/DSC03518a-300x189.jpg 300w, https:\/\/www.mundi-roth.de\/teneriffa-blog\/wp-content\/uploads\/2019\/01\/DSC03518a-150x95.jpg 150w, https:\/\/www.mundi-roth.de\/teneriffa-blog\/wp-content\/uploads\/2019\/01\/DSC03518a-768x485.jpg 768w, https:\/\/www.mundi-roth.de\/teneriffa-blog\/wp-content\/uploads\/2019\/01\/DSC03518a.jpg 800w\" sizes=\"auto, (max-width: 300px) 100vw, 300px\" \/><\/a><\/p>\n<p><a href=\"https:\/\/www.mundi-roth.de\/teneriffa-blog\/wp-content\/uploads\/2019\/01\/DSC03519.jpg\" rel=\"lightbox[6564]\"><img loading=\"lazy\" decoding=\"async\" class=\"alignleft size-thumbnail wp-image-6580\" src=\"https:\/\/www.mundi-roth.de\/teneriffa-blog\/wp-content\/uploads\/2019\/01\/DSC03519-150x113.jpg\" alt=\"\" width=\"150\" height=\"113\" srcset=\"https:\/\/www.mundi-roth.de\/teneriffa-blog\/wp-content\/uploads\/2019\/01\/DSC03519-150x113.jpg 150w, https:\/\/www.mundi-roth.de\/teneriffa-blog\/wp-content\/uploads\/2019\/01\/DSC03519-300x225.jpg 300w, https:\/\/www.mundi-roth.de\/teneriffa-blog\/wp-content\/uploads\/2019\/01\/DSC03519-768x576.jpg 768w, https:\/\/www.mundi-roth.de\/teneriffa-blog\/wp-content\/uploads\/2019\/01\/DSC03519.jpg 800w\" sizes=\"auto, (max-width: 150px) 100vw, 150px\" \/><\/a>Ab hier folgen wir der Hinweistafel: Sendero 33 \u201eLomo Hurtado\u201c zum Sendero 22 3,1 km.<\/p>\n<p>Nun wird es \u201eungem\u00fctlich\u201c. Waren wir bis hierher von ebenem, sandigen Boden verw\u00f6hnt, so wird es nun alpin, steinig, steil runter, steil rauf: anstregend.<a href=\"https:\/\/www.mundi-roth.de\/teneriffa-blog\/wp-content\/uploads\/2019\/01\/DSC03527.jpg\" rel=\"lightbox[6564]\"><img loading=\"lazy\" decoding=\"async\" class=\"alignright size-thumbnail wp-image-6583\" src=\"https:\/\/www.mundi-roth.de\/teneriffa-blog\/wp-content\/uploads\/2019\/01\/DSC03527-113x150.jpg\" alt=\"\" width=\"113\" height=\"150\" srcset=\"https:\/\/www.mundi-roth.de\/teneriffa-blog\/wp-content\/uploads\/2019\/01\/DSC03527-113x150.jpg 113w, https:\/\/www.mundi-roth.de\/teneriffa-blog\/wp-content\/uploads\/2019\/01\/DSC03527-225x300.jpg 225w, https:\/\/www.mundi-roth.de\/teneriffa-blog\/wp-content\/uploads\/2019\/01\/DSC03527.jpg 450w\" sizes=\"auto, (max-width: 113px) 100vw, 113px\" \/><\/a> Jeder Tritt will sorgf\u00e4ltig gesetzt sein.<br \/>\nTrotzdem erfreut uns der Blick auf den Teide und hier auf einzelne Skelette der Teide Taginaste.<br \/>\n<a href=\"https:\/\/www.mundi-roth.de\/teneriffa-blog\/wp-content\/uploads\/2019\/01\/DSC03528a.jpg\" rel=\"lightbox[6564]\"><img loading=\"lazy\" decoding=\"async\" class=\"alignleft size-thumbnail wp-image-6584\" src=\"https:\/\/www.mundi-roth.de\/teneriffa-blog\/wp-content\/uploads\/2019\/01\/DSC03528a-147x150.jpg\" alt=\"\" width=\"147\" height=\"150\" srcset=\"https:\/\/www.mundi-roth.de\/teneriffa-blog\/wp-content\/uploads\/2019\/01\/DSC03528a-147x150.jpg 147w, https:\/\/www.mundi-roth.de\/teneriffa-blog\/wp-content\/uploads\/2019\/01\/DSC03528a-294x300.jpg 294w, https:\/\/www.mundi-roth.de\/teneriffa-blog\/wp-content\/uploads\/2019\/01\/DSC03528a-768x784.jpg 768w, https:\/\/www.mundi-roth.de\/teneriffa-blog\/wp-content\/uploads\/2019\/01\/DSC03528a.jpg 784w\" sizes=\"auto, (max-width: 147px) 100vw, 147px\" \/><\/a>Ger\u00f6llig schl\u00e4ngelt sich der Pfad, die ersten Bl\u00fcten des Teidelacks ersp\u00e4hen wir und nat\u00fcrlich rund um Teide Skabiosen.<br \/>\nKurz vor \u00bd 1 Uhr geht es f\u00fcr l\u00e4ngere Zeit aufw\u00e4rts und die H\u00e4nge sind \u00fcbers\u00e4t mit den halbkugeligen B\u00fcschen der Besenrauke. Die Spanier nennen sie Hierba pajonera. Sie bl\u00fcht gelb, jedoch jetzt, nach dem sie verbl\u00fcht sind, wirken die stehengebliebenen ockergelben sonnenbestrahlten Bl\u00fctenst\u00e4nde in dem Bimsgrus aus der Entfernung wie eine verstreute Schafherde.<\/p>\n<p><a href=\"https:\/\/www.mundi-roth.de\/teneriffa-blog\/wp-content\/uploads\/2019\/01\/DSC03539a.jpg\" rel=\"lightbox[6564]\"><img loading=\"lazy\" decoding=\"async\" class=\"aligncenter size-medium wp-image-6585\" src=\"https:\/\/www.mundi-roth.de\/teneriffa-blog\/wp-content\/uploads\/2019\/01\/DSC03539a-300x219.jpg\" alt=\"\" width=\"300\" height=\"219\" srcset=\"https:\/\/www.mundi-roth.de\/teneriffa-blog\/wp-content\/uploads\/2019\/01\/DSC03539a-300x219.jpg 300w, https:\/\/www.mundi-roth.de\/teneriffa-blog\/wp-content\/uploads\/2019\/01\/DSC03539a-150x110.jpg 150w, https:\/\/www.mundi-roth.de\/teneriffa-blog\/wp-content\/uploads\/2019\/01\/DSC03539a-768x561.jpg 768w, https:\/\/www.mundi-roth.de\/teneriffa-blog\/wp-content\/uploads\/2019\/01\/DSC03539a.jpg 800w\" sizes=\"auto, (max-width: 300px) 100vw, 300px\" \/><\/a><\/p>\n<p>Uns f\u00e4llt auf, dass in dem ganzen Bereich den wir bis jetzt durchwandert haben viele Fl\u00e4chen mit Z\u00e4unen abgesichert sind. Wir vermuten, dass die sensible Vegetation hier vor den Kaninchen (oder Wandertouristen) gesch\u00fctzt werden soll. Wer wei\u00df?<\/p>\n<p>Nach einem l\u00e4ngeren, steilen St\u00fcck wandern wir wieder \u2013 welche Wohltat \u2013<a href=\"https:\/\/www.mundi-roth.de\/teneriffa-blog\/wp-content\/uploads\/2019\/01\/DSC03544.jpg\" rel=\"lightbox[6564]\"><img loading=\"lazy\" decoding=\"async\" class=\"alignright size-thumbnail wp-image-6586\" src=\"https:\/\/www.mundi-roth.de\/teneriffa-blog\/wp-content\/uploads\/2019\/01\/DSC03544-150x113.jpg\" alt=\"\" width=\"150\" height=\"113\" srcset=\"https:\/\/www.mundi-roth.de\/teneriffa-blog\/wp-content\/uploads\/2019\/01\/DSC03544-150x113.jpg 150w, https:\/\/www.mundi-roth.de\/teneriffa-blog\/wp-content\/uploads\/2019\/01\/DSC03544-300x225.jpg 300w, https:\/\/www.mundi-roth.de\/teneriffa-blog\/wp-content\/uploads\/2019\/01\/DSC03544-768x576.jpg 768w, https:\/\/www.mundi-roth.de\/teneriffa-blog\/wp-content\/uploads\/2019\/01\/DSC03544.jpg 800w\" sizes=\"auto, (max-width: 150px) 100vw, 150px\" \/><\/a> auf Sand und die Monta\u00f1a Negra schiebt sich vor den Teide.<\/p>\n<p>Inzwischen stehen immer mehr riesige B\u00fcsche des Teide-Ginsters neben dem niedrigen Bewuchs und vor uns schiebt sich wieder die Fortaleza ins Bild und <a href=\"https:\/\/www.mundi-roth.de\/teneriffa-blog\/wp-content\/uploads\/2019\/01\/DSC03547.jpg\" rel=\"lightbox[6564]\"><img loading=\"lazy\" decoding=\"async\" class=\"alignleft size-thumbnail wp-image-6587\" src=\"https:\/\/www.mundi-roth.de\/teneriffa-blog\/wp-content\/uploads\/2019\/01\/DSC03547-150x113.jpg\" alt=\"\" width=\"150\" height=\"113\" srcset=\"https:\/\/www.mundi-roth.de\/teneriffa-blog\/wp-content\/uploads\/2019\/01\/DSC03547-150x113.jpg 150w, https:\/\/www.mundi-roth.de\/teneriffa-blog\/wp-content\/uploads\/2019\/01\/DSC03547-300x225.jpg 300w, https:\/\/www.mundi-roth.de\/teneriffa-blog\/wp-content\/uploads\/2019\/01\/DSC03547-768x576.jpg 768w, https:\/\/www.mundi-roth.de\/teneriffa-blog\/wp-content\/uploads\/2019\/01\/DSC03547.jpg 800w\" sizes=\"auto, (max-width: 150px) 100vw, 150px\" \/><\/a>mit diesem Blick wollten wir eigentlich \u2013 um \u00bd 1 Uhr &#8211; unsere obligatorische Apfelpause machen. Jedoch es bietet sich kein Stein zum Sitzen an. Also weiter.<br \/>\nWir m\u00fcssen noch fast 1 Stunde gehen bis es soweit ist, denn wir wollen nicht nur zwischen den B\u00fcschen ohne Ausblick sitzen.<\/p>\n<p><a href=\"https:\/\/www.mundi-roth.de\/teneriffa-blog\/wp-content\/uploads\/2019\/01\/DSC03549.jpg\" rel=\"lightbox[6564]\"><img loading=\"lazy\" decoding=\"async\" class=\"aligncenter size-medium wp-image-6569\" src=\"https:\/\/www.mundi-roth.de\/teneriffa-blog\/wp-content\/uploads\/2019\/01\/DSC03549-300x225.jpg\" alt=\"\" width=\"300\" height=\"225\" srcset=\"https:\/\/www.mundi-roth.de\/teneriffa-blog\/wp-content\/uploads\/2019\/01\/DSC03549-300x225.jpg 300w, https:\/\/www.mundi-roth.de\/teneriffa-blog\/wp-content\/uploads\/2019\/01\/DSC03549-150x113.jpg 150w, https:\/\/www.mundi-roth.de\/teneriffa-blog\/wp-content\/uploads\/2019\/01\/DSC03549-768x576.jpg 768w, https:\/\/www.mundi-roth.de\/teneriffa-blog\/wp-content\/uploads\/2019\/01\/DSC03549.jpg 800w\" sizes=\"auto, (max-width: 300px) 100vw, 300px\" \/><\/a><\/p>\n<p>Kurz darauf kommen wir an die n\u00e4chsten Hinweistafeln. Kurz, aber wirklich <a href=\"https:\/\/www.mundi-roth.de\/teneriffa-blog\/wp-content\/uploads\/2019\/01\/DSC03551.jpg\" rel=\"lightbox[6564]\"><img loading=\"lazy\" decoding=\"async\" class=\"alignleft size-thumbnail wp-image-6588\" src=\"https:\/\/www.mundi-roth.de\/teneriffa-blog\/wp-content\/uploads\/2019\/01\/DSC03551-150x113.jpg\" alt=\"\" width=\"150\" height=\"113\" srcset=\"https:\/\/www.mundi-roth.de\/teneriffa-blog\/wp-content\/uploads\/2019\/01\/DSC03551-150x113.jpg 150w, https:\/\/www.mundi-roth.de\/teneriffa-blog\/wp-content\/uploads\/2019\/01\/DSC03551-300x225.jpg 300w, https:\/\/www.mundi-roth.de\/teneriffa-blog\/wp-content\/uploads\/2019\/01\/DSC03551-768x576.jpg 768w, https:\/\/www.mundi-roth.de\/teneriffa-blog\/wp-content\/uploads\/2019\/01\/DSC03551.jpg 800w\" sizes=\"auto, (max-width: 150px) 100vw, 150px\" \/><\/a>nur ganz kurz, haben wir angedacht dem Sendero 22 Richtung Monta\u00f1a Blanca zu folgen und dann auf dem von uns schon gewanderten Weg Nr. 6 nach El Portillo zur\u00fcck.<br \/>\nHier endet f\u00fcr uns der Sendero 33 &#8211; um 13.35 Uhr<a href=\"https:\/\/www.mundi-roth.de\/teneriffa-blog\/wp-content\/uploads\/2019\/01\/DSC03557a.jpg\" rel=\"lightbox[6564]\"><img loading=\"lazy\" decoding=\"async\" class=\"alignright size-thumbnail wp-image-6589\" src=\"https:\/\/www.mundi-roth.de\/teneriffa-blog\/wp-content\/uploads\/2019\/01\/DSC03557a-150x113.jpg\" alt=\"\" width=\"150\" height=\"113\" srcset=\"https:\/\/www.mundi-roth.de\/teneriffa-blog\/wp-content\/uploads\/2019\/01\/DSC03557a-150x113.jpg 150w, https:\/\/www.mundi-roth.de\/teneriffa-blog\/wp-content\/uploads\/2019\/01\/DSC03557a-300x225.jpg 300w, https:\/\/www.mundi-roth.de\/teneriffa-blog\/wp-content\/uploads\/2019\/01\/DSC03557a-768x576.jpg 768w, https:\/\/www.mundi-roth.de\/teneriffa-blog\/wp-content\/uploads\/2019\/01\/DSC03557a.jpg 800w\" sizes=\"auto, (max-width: 150px) 100vw, 150px\" \/><\/a> nach knapp 3 Stunden und wir gehen auf dem Sendero 22 \u2013 das Hinweisschildchen steckt in einem St\u00fcck sch\u00f6ner Stricklava &#8211; nach El Portillo.<\/p>\n<p>Weiter geht es auf gut zu gehendem Sandweg bis wir knapp 1\/2 Stunde sp\u00e4ter wieder auf ger\u00f6lligem Boden steil aufsteigen m\u00fcssen.<br \/>\nOben angekommen, verschnaufen wir und am\u00fcsieren uns:<a href=\"https:\/\/www.mundi-roth.de\/teneriffa-blog\/wp-content\/uploads\/2019\/01\/DSC03560a.jpg\" rel=\"lightbox[6564]\"><img loading=\"lazy\" decoding=\"async\" class=\"size-thumbnail wp-image-6590 alignleft\" src=\"https:\/\/www.mundi-roth.de\/teneriffa-blog\/wp-content\/uploads\/2019\/01\/DSC03560a-150x76.jpg\" alt=\"\" width=\"150\" height=\"76\" srcset=\"https:\/\/www.mundi-roth.de\/teneriffa-blog\/wp-content\/uploads\/2019\/01\/DSC03560a-150x76.jpg 150w, https:\/\/www.mundi-roth.de\/teneriffa-blog\/wp-content\/uploads\/2019\/01\/DSC03560a-300x153.jpg 300w, https:\/\/www.mundi-roth.de\/teneriffa-blog\/wp-content\/uploads\/2019\/01\/DSC03560a-768x391.jpg 768w, https:\/\/www.mundi-roth.de\/teneriffa-blog\/wp-content\/uploads\/2019\/01\/DSC03560a.jpg 800w\" sizes=\"auto, (max-width: 150px) 100vw, 150px\" \/><\/a><br \/>\nAn dem wolkenlosen, stahlblauem Himmel taucht das erste \u201eFotografierw\u00f6lkchen\u201c auf: Wir meinen es sieht einem kleinen Pferdchen sehr \u00e4hnlich.<\/p>\n<p>Schon wieder Informationstafeln. F\u00fcr uns ist der Sendero 1 richtig.<br \/>\nDas breite, helle Band des Sandweges zeichnet sich gut aus der Vegetation ab.<br \/>\nDa f\u00e4llt mir ein Spruch ein, der in K\u00f6ln benutzt wird.<br \/>\n\u201eIst es noch weit? Nein, aber es zieht sich.\u201c<\/p>\n<p style=\"text-align: center;\"><a href=\"https:\/\/www.mundi-roth.de\/teneriffa-blog\/wp-content\/uploads\/2019\/01\/DSC03571.jpg\" rel=\"lightbox[6564]\"><img loading=\"lazy\" decoding=\"async\" class=\"aligncenter size-medium wp-image-6591\" src=\"https:\/\/www.mundi-roth.de\/teneriffa-blog\/wp-content\/uploads\/2019\/01\/DSC03571-300x225.jpg\" alt=\"\" width=\"300\" height=\"225\" srcset=\"https:\/\/www.mundi-roth.de\/teneriffa-blog\/wp-content\/uploads\/2019\/01\/DSC03571-300x225.jpg 300w, https:\/\/www.mundi-roth.de\/teneriffa-blog\/wp-content\/uploads\/2019\/01\/DSC03571-150x113.jpg 150w, https:\/\/www.mundi-roth.de\/teneriffa-blog\/wp-content\/uploads\/2019\/01\/DSC03571-768x576.jpg 768w, https:\/\/www.mundi-roth.de\/teneriffa-blog\/wp-content\/uploads\/2019\/01\/DSC03571.jpg 800w\" sizes=\"auto, (max-width: 300px) 100vw, 300px\" \/><\/a><br \/>\nDas gilt hier hundertprozentig.<\/p>\n<p style=\"text-align: left;\">Es ist jetzt 14:15 Uhr und wir kommen in El Portillo um 15:15 Uhr an, nachdem wir noch einen unn\u00f6tigen Schwenk Richtung El Portillo Alto gemacht haben.<\/p>\n<p><strong>Fazit:<\/strong><br \/>\nEs ist eine lange, teilweise auch kr\u00e4ftezehrende Tour!<br \/>\nAber: Diese Landschaft! Einzigartig.<br \/>\nDie Wanderung ist grandios aber jetzt sind wir k.o. und froh am Auto zu sein, und meinem lieben Mann benachrichtigen k\u00f6nnen:<br \/>\nAlles paletti. Er hat f\u00fcr uns heute gekocht, da wir, bis wir wieder zu Hause sind, in die Zeitspanne fallen in der fast alle Restaurants bis abends geschlossen sind.<\/p>\n<p><strong>Empfehlung:<\/strong><br \/>\nWer noch nie hier oben war sollte die Zeit einplanen einen Rundgang durch das Besucherzentrum \u2013 Centro de Visitantes &#8211; zu machen:<br \/>\nEin Film \u00fcber die Entstehung der Insel wird gezeigt, ein Museum ist ebenfalls angegliedert.<br \/>\nUnd wer nicht so geschafft ist wie wir kann noch einen Rundgang durch den angegliederten Botanischen Garten machen, den wir Beide bei anderen Gelegenheiten schon besichtigt haben.<br \/>\nAlles sehenswert!<\/p>\n","protected":false},"excerpt":{"rendered":"<p>Wau! Was f\u00fcr eine Tour in einer imposanten, beeindruckenden Landschschaft! Puh! Was f\u00fcr eine anstrengende Tour im steten Auf und Ab! Elisabeth hat im Sommer diese Wanderung entdeckt und geht sie heute mit mir \u2013 f\u00fcr sie zum dritten Mal. Wir starten die Anfahrt um 9:35 Uhr und sind im Vorteil wenig Verkehr zu haben [&hellip;]<\/p>\n","protected":false},"author":4,"featured_media":0,"comment_status":"open","ping_status":"open","sticky":false,"template":"","format":"standard","meta":{"footnotes":""},"categories":[779,6],"tags":[131,355,357,108,439,446],"class_list":["post-6564","post","type-post","status-publish","format-standard","hentry","category-canadas","category-wanderungen","tag-canadas","tag-el-portillo","tag-la-fortaleza","tag-teide","tag-teneriffa-wandern","tag-wandern-teneriffa"],"yoast_head":"<!-- This site is optimized with the Yoast SEO plugin v27.5 - https:\/\/yoast.com\/product\/yoast-seo-wordpress\/ -->\n<title>In den Ca\u00f1adas ab El Portillo - Teneriffa Wandern<\/title>\n<meta name=\"robots\" content=\"index, follow, max-snippet:-1, max-image-preview:large, max-video-preview:-1\" \/>\n<link rel=\"canonical\" href=\"https:\/\/www.mundi-roth.de\/teneriffa-blog\/wanderungen\/in-den-canadas-ab-el-portillo\/\" \/>\n<meta name=\"twitter:label1\" content=\"Verfasst von\" \/>\n\t<meta name=\"twitter:data1\" content=\"mundi\" \/>\n\t<meta name=\"twitter:label2\" content=\"Gesch\u00e4tzte Lesezeit\" \/>\n\t<meta name=\"twitter:data2\" content=\"5\u00a0Minuten\" \/>\n<script type=\"application\/ld+json\" class=\"yoast-schema-graph\">{\"@context\":\"https:\\\/\\\/schema.org\",\"@graph\":[{\"@type\":\"Article\",\"@id\":\"https:\\\/\\\/www.mundi-roth.de\\\/teneriffa-blog\\\/wanderungen\\\/in-den-canadas-ab-el-portillo\\\/#article\",\"isPartOf\":{\"@id\":\"https:\\\/\\\/www.mundi-roth.de\\\/teneriffa-blog\\\/wanderungen\\\/in-den-canadas-ab-el-portillo\\\/\"},\"author\":{\"name\":\"mundi\",\"@id\":\"https:\\\/\\\/www.mundi-roth.de\\\/teneriffa-blog\\\/#\\\/schema\\\/person\\\/971c66b55f3ae5e8741553688c413cac\"},\"headline\":\"In den Ca\u00f1adas ab El Portillo\",\"datePublished\":\"2019-01-10T21:00:24+00:00\",\"dateModified\":\"2019-01-13T11:12:36+00:00\",\"mainEntityOfPage\":{\"@id\":\"https:\\\/\\\/www.mundi-roth.de\\\/teneriffa-blog\\\/wanderungen\\\/in-den-canadas-ab-el-portillo\\\/\"},\"wordCount\":1023,\"commentCount\":0,\"image\":{\"@id\":\"https:\\\/\\\/www.mundi-roth.de\\\/teneriffa-blog\\\/wanderungen\\\/in-den-canadas-ab-el-portillo\\\/#primaryimage\"},\"thumbnailUrl\":\"https:\\\/\\\/www.mundi-roth.de\\\/teneriffa-blog\\\/wp-content\\\/uploads\\\/2019\\\/01\\\/Track01T-300x186.jpg\",\"keywords\":[\"Ca\u00f1adas\",\"El Portillo\",\"La Fortaleza\",\"Teide\",\"Teneriffa Wandern\",\"Wandern Teneriffa\"],\"articleSection\":[\"Ca\u00f1adas\",\"Wanderungen\"],\"inLanguage\":\"de\",\"potentialAction\":[{\"@type\":\"CommentAction\",\"name\":\"Comment\",\"target\":[\"https:\\\/\\\/www.mundi-roth.de\\\/teneriffa-blog\\\/wanderungen\\\/in-den-canadas-ab-el-portillo\\\/#respond\"]}]},{\"@type\":\"WebPage\",\"@id\":\"https:\\\/\\\/www.mundi-roth.de\\\/teneriffa-blog\\\/wanderungen\\\/in-den-canadas-ab-el-portillo\\\/\",\"url\":\"https:\\\/\\\/www.mundi-roth.de\\\/teneriffa-blog\\\/wanderungen\\\/in-den-canadas-ab-el-portillo\\\/\",\"name\":\"In den Ca\u00f1adas ab El Portillo - Teneriffa Wandern\",\"isPartOf\":{\"@id\":\"https:\\\/\\\/www.mundi-roth.de\\\/teneriffa-blog\\\/#website\"},\"primaryImageOfPage\":{\"@id\":\"https:\\\/\\\/www.mundi-roth.de\\\/teneriffa-blog\\\/wanderungen\\\/in-den-canadas-ab-el-portillo\\\/#primaryimage\"},\"image\":{\"@id\":\"https:\\\/\\\/www.mundi-roth.de\\\/teneriffa-blog\\\/wanderungen\\\/in-den-canadas-ab-el-portillo\\\/#primaryimage\"},\"thumbnailUrl\":\"https:\\\/\\\/www.mundi-roth.de\\\/teneriffa-blog\\\/wp-content\\\/uploads\\\/2019\\\/01\\\/Track01T-300x186.jpg\",\"datePublished\":\"2019-01-10T21:00:24+00:00\",\"dateModified\":\"2019-01-13T11:12:36+00:00\",\"author\":{\"@id\":\"https:\\\/\\\/www.mundi-roth.de\\\/teneriffa-blog\\\/#\\\/schema\\\/person\\\/971c66b55f3ae5e8741553688c413cac\"},\"breadcrumb\":{\"@id\":\"https:\\\/\\\/www.mundi-roth.de\\\/teneriffa-blog\\\/wanderungen\\\/in-den-canadas-ab-el-portillo\\\/#breadcrumb\"},\"inLanguage\":\"de\",\"potentialAction\":[{\"@type\":\"ReadAction\",\"target\":[\"https:\\\/\\\/www.mundi-roth.de\\\/teneriffa-blog\\\/wanderungen\\\/in-den-canadas-ab-el-portillo\\\/\"]}]},{\"@type\":\"ImageObject\",\"inLanguage\":\"de\",\"@id\":\"https:\\\/\\\/www.mundi-roth.de\\\/teneriffa-blog\\\/wanderungen\\\/in-den-canadas-ab-el-portillo\\\/#primaryimage\",\"url\":\"https:\\\/\\\/www.mundi-roth.de\\\/teneriffa-blog\\\/wp-content\\\/uploads\\\/2019\\\/01\\\/Track01T.jpg\",\"contentUrl\":\"https:\\\/\\\/www.mundi-roth.de\\\/teneriffa-blog\\\/wp-content\\\/uploads\\\/2019\\\/01\\\/Track01T.jpg\",\"width\":800,\"height\":496},{\"@type\":\"BreadcrumbList\",\"@id\":\"https:\\\/\\\/www.mundi-roth.de\\\/teneriffa-blog\\\/wanderungen\\\/in-den-canadas-ab-el-portillo\\\/#breadcrumb\",\"itemListElement\":[{\"@type\":\"ListItem\",\"position\":1,\"name\":\"Startseite\",\"item\":\"https:\\\/\\\/www.mundi-roth.de\\\/teneriffa-blog\\\/\"},{\"@type\":\"ListItem\",\"position\":2,\"name\":\"In den Ca\u00f1adas ab El Portillo\"}]},{\"@type\":\"WebSite\",\"@id\":\"https:\\\/\\\/www.mundi-roth.de\\\/teneriffa-blog\\\/#website\",\"url\":\"https:\\\/\\\/www.mundi-roth.de\\\/teneriffa-blog\\\/\",\"name\":\"Teneriffa Wandern\",\"description\":\"Nicht nur Wanderungen auf Teneriffa...\",\"potentialAction\":[{\"@type\":\"SearchAction\",\"target\":{\"@type\":\"EntryPoint\",\"urlTemplate\":\"https:\\\/\\\/www.mundi-roth.de\\\/teneriffa-blog\\\/?s={search_term_string}\"},\"query-input\":{\"@type\":\"PropertyValueSpecification\",\"valueRequired\":true,\"valueName\":\"search_term_string\"}}],\"inLanguage\":\"de\"},{\"@type\":\"Person\",\"@id\":\"https:\\\/\\\/www.mundi-roth.de\\\/teneriffa-blog\\\/#\\\/schema\\\/person\\\/971c66b55f3ae5e8741553688c413cac\",\"name\":\"mundi\",\"image\":{\"@type\":\"ImageObject\",\"inLanguage\":\"de\",\"@id\":\"https:\\\/\\\/secure.gravatar.com\\\/avatar\\\/555f0dd85428f1a9330f8e5dbe9e40ff9ca912bb81e5a89747ebf3ca9c20dc0f?s=96&d=mm&r=g\",\"url\":\"https:\\\/\\\/secure.gravatar.com\\\/avatar\\\/555f0dd85428f1a9330f8e5dbe9e40ff9ca912bb81e5a89747ebf3ca9c20dc0f?s=96&d=mm&r=g\",\"contentUrl\":\"https:\\\/\\\/secure.gravatar.com\\\/avatar\\\/555f0dd85428f1a9330f8e5dbe9e40ff9ca912bb81e5a89747ebf3ca9c20dc0f?s=96&d=mm&r=g\",\"caption\":\"mundi\"},\"sameAs\":[\"http:\\\/\\\/mundi-roth.de\"],\"url\":\"https:\\\/\\\/www.mundi-roth.de\\\/teneriffa-blog\\\/author\\\/mundi\\\/\"}]}<\/script>\n<!-- \/ Yoast SEO plugin. -->","yoast_head_json":{"title":"In den Ca\u00f1adas ab El Portillo - Teneriffa Wandern","robots":{"index":"index","follow":"follow","max-snippet":"max-snippet:-1","max-image-preview":"max-image-preview:large","max-video-preview":"max-video-preview:-1"},"canonical":"https:\/\/www.mundi-roth.de\/teneriffa-blog\/wanderungen\/in-den-canadas-ab-el-portillo\/","twitter_misc":{"Verfasst von":"mundi","Gesch\u00e4tzte Lesezeit":"5\u00a0Minuten"},"schema":{"@context":"https:\/\/schema.org","@graph":[{"@type":"Article","@id":"https:\/\/www.mundi-roth.de\/teneriffa-blog\/wanderungen\/in-den-canadas-ab-el-portillo\/#article","isPartOf":{"@id":"https:\/\/www.mundi-roth.de\/teneriffa-blog\/wanderungen\/in-den-canadas-ab-el-portillo\/"},"author":{"name":"mundi","@id":"https:\/\/www.mundi-roth.de\/teneriffa-blog\/#\/schema\/person\/971c66b55f3ae5e8741553688c413cac"},"headline":"In den Ca\u00f1adas ab El Portillo","datePublished":"2019-01-10T21:00:24+00:00","dateModified":"2019-01-13T11:12:36+00:00","mainEntityOfPage":{"@id":"https:\/\/www.mundi-roth.de\/teneriffa-blog\/wanderungen\/in-den-canadas-ab-el-portillo\/"},"wordCount":1023,"commentCount":0,"image":{"@id":"https:\/\/www.mundi-roth.de\/teneriffa-blog\/wanderungen\/in-den-canadas-ab-el-portillo\/#primaryimage"},"thumbnailUrl":"https:\/\/www.mundi-roth.de\/teneriffa-blog\/wp-content\/uploads\/2019\/01\/Track01T-300x186.jpg","keywords":["Ca\u00f1adas","El Portillo","La Fortaleza","Teide","Teneriffa Wandern","Wandern Teneriffa"],"articleSection":["Ca\u00f1adas","Wanderungen"],"inLanguage":"de","potentialAction":[{"@type":"CommentAction","name":"Comment","target":["https:\/\/www.mundi-roth.de\/teneriffa-blog\/wanderungen\/in-den-canadas-ab-el-portillo\/#respond"]}]},{"@type":"WebPage","@id":"https:\/\/www.mundi-roth.de\/teneriffa-blog\/wanderungen\/in-den-canadas-ab-el-portillo\/","url":"https:\/\/www.mundi-roth.de\/teneriffa-blog\/wanderungen\/in-den-canadas-ab-el-portillo\/","name":"In den Ca\u00f1adas ab El Portillo - Teneriffa Wandern","isPartOf":{"@id":"https:\/\/www.mundi-roth.de\/teneriffa-blog\/#website"},"primaryImageOfPage":{"@id":"https:\/\/www.mundi-roth.de\/teneriffa-blog\/wanderungen\/in-den-canadas-ab-el-portillo\/#primaryimage"},"image":{"@id":"https:\/\/www.mundi-roth.de\/teneriffa-blog\/wanderungen\/in-den-canadas-ab-el-portillo\/#primaryimage"},"thumbnailUrl":"https:\/\/www.mundi-roth.de\/teneriffa-blog\/wp-content\/uploads\/2019\/01\/Track01T-300x186.jpg","datePublished":"2019-01-10T21:00:24+00:00","dateModified":"2019-01-13T11:12:36+00:00","author":{"@id":"https:\/\/www.mundi-roth.de\/teneriffa-blog\/#\/schema\/person\/971c66b55f3ae5e8741553688c413cac"},"breadcrumb":{"@id":"https:\/\/www.mundi-roth.de\/teneriffa-blog\/wanderungen\/in-den-canadas-ab-el-portillo\/#breadcrumb"},"inLanguage":"de","potentialAction":[{"@type":"ReadAction","target":["https:\/\/www.mundi-roth.de\/teneriffa-blog\/wanderungen\/in-den-canadas-ab-el-portillo\/"]}]},{"@type":"ImageObject","inLanguage":"de","@id":"https:\/\/www.mundi-roth.de\/teneriffa-blog\/wanderungen\/in-den-canadas-ab-el-portillo\/#primaryimage","url":"https:\/\/www.mundi-roth.de\/teneriffa-blog\/wp-content\/uploads\/2019\/01\/Track01T.jpg","contentUrl":"https:\/\/www.mundi-roth.de\/teneriffa-blog\/wp-content\/uploads\/2019\/01\/Track01T.jpg","width":800,"height":496},{"@type":"BreadcrumbList","@id":"https:\/\/www.mundi-roth.de\/teneriffa-blog\/wanderungen\/in-den-canadas-ab-el-portillo\/#breadcrumb","itemListElement":[{"@type":"ListItem","position":1,"name":"Startseite","item":"https:\/\/www.mundi-roth.de\/teneriffa-blog\/"},{"@type":"ListItem","position":2,"name":"In den Ca\u00f1adas ab El Portillo"}]},{"@type":"WebSite","@id":"https:\/\/www.mundi-roth.de\/teneriffa-blog\/#website","url":"https:\/\/www.mundi-roth.de\/teneriffa-blog\/","name":"Teneriffa Wandern","description":"Nicht nur Wanderungen auf Teneriffa...","potentialAction":[{"@type":"SearchAction","target":{"@type":"EntryPoint","urlTemplate":"https:\/\/www.mundi-roth.de\/teneriffa-blog\/?s={search_term_string}"},"query-input":{"@type":"PropertyValueSpecification","valueRequired":true,"valueName":"search_term_string"}}],"inLanguage":"de"},{"@type":"Person","@id":"https:\/\/www.mundi-roth.de\/teneriffa-blog\/#\/schema\/person\/971c66b55f3ae5e8741553688c413cac","name":"mundi","image":{"@type":"ImageObject","inLanguage":"de","@id":"https:\/\/secure.gravatar.com\/avatar\/555f0dd85428f1a9330f8e5dbe9e40ff9ca912bb81e5a89747ebf3ca9c20dc0f?s=96&d=mm&r=g","url":"https:\/\/secure.gravatar.com\/avatar\/555f0dd85428f1a9330f8e5dbe9e40ff9ca912bb81e5a89747ebf3ca9c20dc0f?s=96&d=mm&r=g","contentUrl":"https:\/\/secure.gravatar.com\/avatar\/555f0dd85428f1a9330f8e5dbe9e40ff9ca912bb81e5a89747ebf3ca9c20dc0f?s=96&d=mm&r=g","caption":"mundi"},"sameAs":["http:\/\/mundi-roth.de"],"url":"https:\/\/www.mundi-roth.de\/teneriffa-blog\/author\/mundi\/"}]}},"_links":{"self":[{"href":"https:\/\/www.mundi-roth.de\/teneriffa-blog\/wp-json\/wp\/v2\/posts\/6564","targetHints":{"allow":["GET"]}}],"collection":[{"href":"https:\/\/www.mundi-roth.de\/teneriffa-blog\/wp-json\/wp\/v2\/posts"}],"about":[{"href":"https:\/\/www.mundi-roth.de\/teneriffa-blog\/wp-json\/wp\/v2\/types\/post"}],"author":[{"embeddable":true,"href":"https:\/\/www.mundi-roth.de\/teneriffa-blog\/wp-json\/wp\/v2\/users\/4"}],"replies":[{"embeddable":true,"href":"https:\/\/www.mundi-roth.de\/teneriffa-blog\/wp-json\/wp\/v2\/comments?post=6564"}],"version-history":[{"count":0,"href":"https:\/\/www.mundi-roth.de\/teneriffa-blog\/wp-json\/wp\/v2\/posts\/6564\/revisions"}],"wp:attachment":[{"href":"https:\/\/www.mundi-roth.de\/teneriffa-blog\/wp-json\/wp\/v2\/media?parent=6564"}],"wp:term":[{"taxonomy":"category","embeddable":true,"href":"https:\/\/www.mundi-roth.de\/teneriffa-blog\/wp-json\/wp\/v2\/categories?post=6564"},{"taxonomy":"post_tag","embeddable":true,"href":"https:\/\/www.mundi-roth.de\/teneriffa-blog\/wp-json\/wp\/v2\/tags?post=6564"}],"curies":[{"name":"wp","href":"https:\/\/api.w.org\/{rel}","templated":true}]}}