{"id":6659,"date":"2020-01-25T22:00:54","date_gmt":"2020-01-25T21:00:54","guid":{"rendered":"https:\/\/www.mundi-roth.de\/teneriffa-blog\/?p=6659"},"modified":"2020-01-29T14:24:44","modified_gmt":"2020-01-29T13:24:44","slug":"rund-um-den-grossen-baum","status":"publish","type":"post","link":"https:\/\/www.mundi-roth.de\/teneriffa-blog\/allgemein\/rund-um-den-grossen-baum\/","title":{"rendered":"Rund um den gro\u00dfen Baum"},"content":{"rendered":"<p>Hola! Qu\u00e9 tal? Wie geht es?<br \/>\nWir sind wieder auf der Insel. Dieses Mal reichlich sp\u00e4t; das hatte seine Gr\u00fcnde.<br \/>\nDa auch Elisabeth in der Zwischenzeit nicht so intensiv wandern war beabsichtigen wir heute &#8211; im 2. Anlauf\u00a0 (vor 14 Tage kehrten wir in Santiago<a href=\"https:\/\/www.mundi-roth.de\/teneriffa-blog\/wp-content\/uploads\/2020\/01\/DSC03811a.jpg\" rel=\"lightbox[6659]\"><img loading=\"lazy\" decoding=\"async\" class=\" wp-image-6660 alignright\" src=\"https:\/\/www.mundi-roth.de\/teneriffa-blog\/wp-content\/uploads\/2020\/01\/DSC03811a-248x300.jpg\" alt=\"\" width=\"137\" height=\"166\" srcset=\"https:\/\/www.mundi-roth.de\/teneriffa-blog\/wp-content\/uploads\/2020\/01\/DSC03811a-248x300.jpg 248w, https:\/\/www.mundi-roth.de\/teneriffa-blog\/wp-content\/uploads\/2020\/01\/DSC03811a-124x150.jpg 124w, https:\/\/www.mundi-roth.de\/teneriffa-blog\/wp-content\/uploads\/2020\/01\/DSC03811a.jpg 662w\" sizes=\"auto, (max-width: 137px) 100vw, 137px\" \/><\/a> del Teide um, da alles wolkenverhangen war ) \u2013 die\u00a0 bequeme Wanderung vom Kreisel von Los Llanos aus zu gehen.<br \/>\nDer Wettergott war mit uns: strahlend blauer Himmel <a href=\"https:\/\/www.mundi-roth.de\/teneriffa-blog\/wp-content\/uploads\/2020\/01\/DSC03813.jpg\" rel=\"lightbox[6659]\"><img loading=\"lazy\" decoding=\"async\" class=\"wp-image-6661 alignleft\" src=\"https:\/\/www.mundi-roth.de\/teneriffa-blog\/wp-content\/uploads\/2020\/01\/DSC03813-300x225.jpg\" alt=\"\" width=\"239\" height=\"179\" srcset=\"https:\/\/www.mundi-roth.de\/teneriffa-blog\/wp-content\/uploads\/2020\/01\/DSC03813-300x225.jpg 300w, https:\/\/www.mundi-roth.de\/teneriffa-blog\/wp-content\/uploads\/2020\/01\/DSC03813-150x113.jpg 150w, https:\/\/www.mundi-roth.de\/teneriffa-blog\/wp-content\/uploads\/2020\/01\/DSC03813-768x576.jpg 768w, https:\/\/www.mundi-roth.de\/teneriffa-blog\/wp-content\/uploads\/2020\/01\/DSC03813.jpg 800w\" sizes=\"auto, (max-width: 239px) 100vw, 239px\" \/><\/a>aber sehr frisch!<br \/>\nVor uns machte sich eine gro\u00dfe spanisch-sprechende Wandergruppe auf den Weg und unterwegs kamen uns diverse Gr\u00fcppchen entgegen. Auch ein Novum.<br \/>\nSo oft schon gegangen und doch diesmal nicht in dem von uns geplanten Umfang denn wir folgten blauen Punkten, die wir in der Vergangenheit nie bemerkt hatten (vielleicht gab es sie auch noch nicht) und kommen\u00a0 auf der inzwischen betonierten Piste ein ganzes St\u00fcck unterhalb des Abzweigs zum Chinyero aus. So sind wir schon nach 1\/2 Stunde Gehzeit wieder am Auto. Daf\u00fcr reichte die Kondition allemal.<br \/>\nSch\u00f6n war es aber trotzdem, denn der Blick geht weit bis zum Meer und hoch bis zum Teide.<br \/>\nMehr dar\u00fcber kann man unter dem <a href=\"https:\/\/www.mundi-roth.de\/teneriffa-blog\/allgemein\/rund-um-den-dicken-baum-bei-los-llanos\/\">7.11.2018 \u201eRund um den dicken Baum\u201c<\/a> bei Los Llanos nachlesen.<br \/>\nDa wir so schnell wieder zur\u00fcck waren bot sich an, das \u00d6ko-Museum zu besuchen, das ja nun seit letztem Jahr ge\u00f6ffnet ist.<br \/>\nF\u00fcr Elisabeth war das eine neue Erfahrung, w\u00e4hrend mein lieber Mann und ich es am 22.2.2019 als einzige Besucher mit privater F\u00fchrung besichtigt haben. Ebenfalls nachzulesen unter <a href=\"https:\/\/www.mundi-roth.de\/teneriffa-blog\/wanderungen\/oekomuseum-el-tanque\/\">\u00d6ko-Museum El Tanque<\/a> (ist der letzte Beitrag auf unserer Seite).<br \/>\nHier im Museum gerieten wir in einen regelrechten Pulk von Besuchern, die aber schon bei den letzten Schaur\u00e4umen angekommen waren. Elisabeth und ich waren somit dann auch wieder die einzigen Besucherinnen .<br \/>\nEin netter Schwatz mit der aus Uruguay stammenden Aufsicht, die sich sehr freute, als ich lobend erw\u00e4hnte, dass unsere damalige Anregung realisiert wurde. In dem Raum, in dem man mittels einer Virtual-Reality-Brille mitten auf dem Dreschplatz steht und sich miteinbezogen f\u00fchlt, fehlte eine Stufe zur besseren Erreichbarkeit der Sitzm\u00f6glichkeit, die nun vorhanden ist.<br \/>\nAuf der Anfahrt zu unserer Kurzwanderung hatten wir gesehen, dass in Santiago del Teide auf dem Kirchplatz und vor dem Rathaus ein Markt abgehalten wird. Dort machten wir nochmal Station und konnten auch die Kirche besichtigen.<br \/>\nAuch wenn wir erst etwas entt\u00e4uscht waren, dass unsere \u201eWanderung\u201c so schnell zu Ende war, so haben wir durch Museumsbesuch und Marktrundgang das Beste draus gemacht.<\/p>\n","protected":false},"excerpt":{"rendered":"<p>Hola! Qu\u00e9 tal? Wie geht es? Wir sind wieder auf der Insel. Dieses Mal reichlich sp\u00e4t; das hatte seine Gr\u00fcnde. Da auch Elisabeth in der Zwischenzeit nicht so intensiv wandern war beabsichtigen wir heute &#8211; im 2. Anlauf\u00a0 (vor 14 Tage kehrten wir in Santiago del Teide um, da alles wolkenverhangen war ) \u2013 die\u00a0 [&hellip;]<\/p>\n","protected":false},"author":4,"featured_media":0,"comment_status":"open","ping_status":"open","sticky":false,"template":"","format":"standard","meta":{"footnotes":""},"categories":[1],"tags":[],"class_list":["post-6659","post","type-post","status-publish","format-standard","hentry","category-allgemein"],"yoast_head":"<!-- This site is optimized with the Yoast SEO plugin v27.5 - https:\/\/yoast.com\/product\/yoast-seo-wordpress\/ -->\n<title>Rund um den gro\u00dfen Baum - Teneriffa Wandern<\/title>\n<meta name=\"robots\" content=\"index, follow, max-snippet:-1, max-image-preview:large, max-video-preview:-1\" \/>\n<link rel=\"canonical\" href=\"https:\/\/www.mundi-roth.de\/teneriffa-blog\/allgemein\/rund-um-den-grossen-baum\/\" \/>\n<meta name=\"twitter:label1\" content=\"Verfasst von\" \/>\n\t<meta name=\"twitter:data1\" content=\"mundi\" \/>\n\t<meta name=\"twitter:label2\" content=\"Gesch\u00e4tzte Lesezeit\" \/>\n\t<meta name=\"twitter:data2\" content=\"2\u00a0Minuten\" \/>\n<script type=\"application\/ld+json\" class=\"yoast-schema-graph\">{\"@context\":\"https:\\\/\\\/schema.org\",\"@graph\":[{\"@type\":\"Article\",\"@id\":\"https:\\\/\\\/www.mundi-roth.de\\\/teneriffa-blog\\\/allgemein\\\/rund-um-den-grossen-baum\\\/#article\",\"isPartOf\":{\"@id\":\"https:\\\/\\\/www.mundi-roth.de\\\/teneriffa-blog\\\/allgemein\\\/rund-um-den-grossen-baum\\\/\"},\"author\":{\"name\":\"mundi\",\"@id\":\"https:\\\/\\\/www.mundi-roth.de\\\/teneriffa-blog\\\/#\\\/schema\\\/person\\\/971c66b55f3ae5e8741553688c413cac\"},\"headline\":\"Rund um den gro\u00dfen Baum\",\"datePublished\":\"2020-01-25T21:00:54+00:00\",\"dateModified\":\"2020-01-29T13:24:44+00:00\",\"mainEntityOfPage\":{\"@id\":\"https:\\\/\\\/www.mundi-roth.de\\\/teneriffa-blog\\\/allgemein\\\/rund-um-den-grossen-baum\\\/\"},\"wordCount\":419,\"commentCount\":0,\"image\":{\"@id\":\"https:\\\/\\\/www.mundi-roth.de\\\/teneriffa-blog\\\/allgemein\\\/rund-um-den-grossen-baum\\\/#primaryimage\"},\"thumbnailUrl\":\"https:\\\/\\\/www.mundi-roth.de\\\/teneriffa-blog\\\/wp-content\\\/uploads\\\/2020\\\/01\\\/DSC03811a-248x300.jpg\",\"inLanguage\":\"de\",\"potentialAction\":[{\"@type\":\"CommentAction\",\"name\":\"Comment\",\"target\":[\"https:\\\/\\\/www.mundi-roth.de\\\/teneriffa-blog\\\/allgemein\\\/rund-um-den-grossen-baum\\\/#respond\"]}]},{\"@type\":\"WebPage\",\"@id\":\"https:\\\/\\\/www.mundi-roth.de\\\/teneriffa-blog\\\/allgemein\\\/rund-um-den-grossen-baum\\\/\",\"url\":\"https:\\\/\\\/www.mundi-roth.de\\\/teneriffa-blog\\\/allgemein\\\/rund-um-den-grossen-baum\\\/\",\"name\":\"Rund um den gro\u00dfen Baum - Teneriffa Wandern\",\"isPartOf\":{\"@id\":\"https:\\\/\\\/www.mundi-roth.de\\\/teneriffa-blog\\\/#website\"},\"primaryImageOfPage\":{\"@id\":\"https:\\\/\\\/www.mundi-roth.de\\\/teneriffa-blog\\\/allgemein\\\/rund-um-den-grossen-baum\\\/#primaryimage\"},\"image\":{\"@id\":\"https:\\\/\\\/www.mundi-roth.de\\\/teneriffa-blog\\\/allgemein\\\/rund-um-den-grossen-baum\\\/#primaryimage\"},\"thumbnailUrl\":\"https:\\\/\\\/www.mundi-roth.de\\\/teneriffa-blog\\\/wp-content\\\/uploads\\\/2020\\\/01\\\/DSC03811a-248x300.jpg\",\"datePublished\":\"2020-01-25T21:00:54+00:00\",\"dateModified\":\"2020-01-29T13:24:44+00:00\",\"author\":{\"@id\":\"https:\\\/\\\/www.mundi-roth.de\\\/teneriffa-blog\\\/#\\\/schema\\\/person\\\/971c66b55f3ae5e8741553688c413cac\"},\"breadcrumb\":{\"@id\":\"https:\\\/\\\/www.mundi-roth.de\\\/teneriffa-blog\\\/allgemein\\\/rund-um-den-grossen-baum\\\/#breadcrumb\"},\"inLanguage\":\"de\",\"potentialAction\":[{\"@type\":\"ReadAction\",\"target\":[\"https:\\\/\\\/www.mundi-roth.de\\\/teneriffa-blog\\\/allgemein\\\/rund-um-den-grossen-baum\\\/\"]}]},{\"@type\":\"ImageObject\",\"inLanguage\":\"de\",\"@id\":\"https:\\\/\\\/www.mundi-roth.de\\\/teneriffa-blog\\\/allgemein\\\/rund-um-den-grossen-baum\\\/#primaryimage\",\"url\":\"https:\\\/\\\/www.mundi-roth.de\\\/teneriffa-blog\\\/wp-content\\\/uploads\\\/2020\\\/01\\\/DSC03811a.jpg\",\"contentUrl\":\"https:\\\/\\\/www.mundi-roth.de\\\/teneriffa-blog\\\/wp-content\\\/uploads\\\/2020\\\/01\\\/DSC03811a.jpg\",\"width\":662,\"height\":800},{\"@type\":\"BreadcrumbList\",\"@id\":\"https:\\\/\\\/www.mundi-roth.de\\\/teneriffa-blog\\\/allgemein\\\/rund-um-den-grossen-baum\\\/#breadcrumb\",\"itemListElement\":[{\"@type\":\"ListItem\",\"position\":1,\"name\":\"Startseite\",\"item\":\"https:\\\/\\\/www.mundi-roth.de\\\/teneriffa-blog\\\/\"},{\"@type\":\"ListItem\",\"position\":2,\"name\":\"Rund um den gro\u00dfen Baum\"}]},{\"@type\":\"WebSite\",\"@id\":\"https:\\\/\\\/www.mundi-roth.de\\\/teneriffa-blog\\\/#website\",\"url\":\"https:\\\/\\\/www.mundi-roth.de\\\/teneriffa-blog\\\/\",\"name\":\"Teneriffa Wandern\",\"description\":\"Nicht nur Wanderungen auf Teneriffa...\",\"potentialAction\":[{\"@type\":\"SearchAction\",\"target\":{\"@type\":\"EntryPoint\",\"urlTemplate\":\"https:\\\/\\\/www.mundi-roth.de\\\/teneriffa-blog\\\/?s={search_term_string}\"},\"query-input\":{\"@type\":\"PropertyValueSpecification\",\"valueRequired\":true,\"valueName\":\"search_term_string\"}}],\"inLanguage\":\"de\"},{\"@type\":\"Person\",\"@id\":\"https:\\\/\\\/www.mundi-roth.de\\\/teneriffa-blog\\\/#\\\/schema\\\/person\\\/971c66b55f3ae5e8741553688c413cac\",\"name\":\"mundi\",\"image\":{\"@type\":\"ImageObject\",\"inLanguage\":\"de\",\"@id\":\"https:\\\/\\\/secure.gravatar.com\\\/avatar\\\/555f0dd85428f1a9330f8e5dbe9e40ff9ca912bb81e5a89747ebf3ca9c20dc0f?s=96&d=mm&r=g\",\"url\":\"https:\\\/\\\/secure.gravatar.com\\\/avatar\\\/555f0dd85428f1a9330f8e5dbe9e40ff9ca912bb81e5a89747ebf3ca9c20dc0f?s=96&d=mm&r=g\",\"contentUrl\":\"https:\\\/\\\/secure.gravatar.com\\\/avatar\\\/555f0dd85428f1a9330f8e5dbe9e40ff9ca912bb81e5a89747ebf3ca9c20dc0f?s=96&d=mm&r=g\",\"caption\":\"mundi\"},\"sameAs\":[\"http:\\\/\\\/mundi-roth.de\"],\"url\":\"https:\\\/\\\/www.mundi-roth.de\\\/teneriffa-blog\\\/author\\\/mundi\\\/\"}]}<\/script>\n<!-- \/ Yoast SEO plugin. -->","yoast_head_json":{"title":"Rund um den gro\u00dfen Baum - Teneriffa Wandern","robots":{"index":"index","follow":"follow","max-snippet":"max-snippet:-1","max-image-preview":"max-image-preview:large","max-video-preview":"max-video-preview:-1"},"canonical":"https:\/\/www.mundi-roth.de\/teneriffa-blog\/allgemein\/rund-um-den-grossen-baum\/","twitter_misc":{"Verfasst von":"mundi","Gesch\u00e4tzte Lesezeit":"2\u00a0Minuten"},"schema":{"@context":"https:\/\/schema.org","@graph":[{"@type":"Article","@id":"https:\/\/www.mundi-roth.de\/teneriffa-blog\/allgemein\/rund-um-den-grossen-baum\/#article","isPartOf":{"@id":"https:\/\/www.mundi-roth.de\/teneriffa-blog\/allgemein\/rund-um-den-grossen-baum\/"},"author":{"name":"mundi","@id":"https:\/\/www.mundi-roth.de\/teneriffa-blog\/#\/schema\/person\/971c66b55f3ae5e8741553688c413cac"},"headline":"Rund um den gro\u00dfen Baum","datePublished":"2020-01-25T21:00:54+00:00","dateModified":"2020-01-29T13:24:44+00:00","mainEntityOfPage":{"@id":"https:\/\/www.mundi-roth.de\/teneriffa-blog\/allgemein\/rund-um-den-grossen-baum\/"},"wordCount":419,"commentCount":0,"image":{"@id":"https:\/\/www.mundi-roth.de\/teneriffa-blog\/allgemein\/rund-um-den-grossen-baum\/#primaryimage"},"thumbnailUrl":"https:\/\/www.mundi-roth.de\/teneriffa-blog\/wp-content\/uploads\/2020\/01\/DSC03811a-248x300.jpg","inLanguage":"de","potentialAction":[{"@type":"CommentAction","name":"Comment","target":["https:\/\/www.mundi-roth.de\/teneriffa-blog\/allgemein\/rund-um-den-grossen-baum\/#respond"]}]},{"@type":"WebPage","@id":"https:\/\/www.mundi-roth.de\/teneriffa-blog\/allgemein\/rund-um-den-grossen-baum\/","url":"https:\/\/www.mundi-roth.de\/teneriffa-blog\/allgemein\/rund-um-den-grossen-baum\/","name":"Rund um den gro\u00dfen Baum - Teneriffa Wandern","isPartOf":{"@id":"https:\/\/www.mundi-roth.de\/teneriffa-blog\/#website"},"primaryImageOfPage":{"@id":"https:\/\/www.mundi-roth.de\/teneriffa-blog\/allgemein\/rund-um-den-grossen-baum\/#primaryimage"},"image":{"@id":"https:\/\/www.mundi-roth.de\/teneriffa-blog\/allgemein\/rund-um-den-grossen-baum\/#primaryimage"},"thumbnailUrl":"https:\/\/www.mundi-roth.de\/teneriffa-blog\/wp-content\/uploads\/2020\/01\/DSC03811a-248x300.jpg","datePublished":"2020-01-25T21:00:54+00:00","dateModified":"2020-01-29T13:24:44+00:00","author":{"@id":"https:\/\/www.mundi-roth.de\/teneriffa-blog\/#\/schema\/person\/971c66b55f3ae5e8741553688c413cac"},"breadcrumb":{"@id":"https:\/\/www.mundi-roth.de\/teneriffa-blog\/allgemein\/rund-um-den-grossen-baum\/#breadcrumb"},"inLanguage":"de","potentialAction":[{"@type":"ReadAction","target":["https:\/\/www.mundi-roth.de\/teneriffa-blog\/allgemein\/rund-um-den-grossen-baum\/"]}]},{"@type":"ImageObject","inLanguage":"de","@id":"https:\/\/www.mundi-roth.de\/teneriffa-blog\/allgemein\/rund-um-den-grossen-baum\/#primaryimage","url":"https:\/\/www.mundi-roth.de\/teneriffa-blog\/wp-content\/uploads\/2020\/01\/DSC03811a.jpg","contentUrl":"https:\/\/www.mundi-roth.de\/teneriffa-blog\/wp-content\/uploads\/2020\/01\/DSC03811a.jpg","width":662,"height":800},{"@type":"BreadcrumbList","@id":"https:\/\/www.mundi-roth.de\/teneriffa-blog\/allgemein\/rund-um-den-grossen-baum\/#breadcrumb","itemListElement":[{"@type":"ListItem","position":1,"name":"Startseite","item":"https:\/\/www.mundi-roth.de\/teneriffa-blog\/"},{"@type":"ListItem","position":2,"name":"Rund um den gro\u00dfen Baum"}]},{"@type":"WebSite","@id":"https:\/\/www.mundi-roth.de\/teneriffa-blog\/#website","url":"https:\/\/www.mundi-roth.de\/teneriffa-blog\/","name":"Teneriffa Wandern","description":"Nicht nur Wanderungen auf Teneriffa...","potentialAction":[{"@type":"SearchAction","target":{"@type":"EntryPoint","urlTemplate":"https:\/\/www.mundi-roth.de\/teneriffa-blog\/?s={search_term_string}"},"query-input":{"@type":"PropertyValueSpecification","valueRequired":true,"valueName":"search_term_string"}}],"inLanguage":"de"},{"@type":"Person","@id":"https:\/\/www.mundi-roth.de\/teneriffa-blog\/#\/schema\/person\/971c66b55f3ae5e8741553688c413cac","name":"mundi","image":{"@type":"ImageObject","inLanguage":"de","@id":"https:\/\/secure.gravatar.com\/avatar\/555f0dd85428f1a9330f8e5dbe9e40ff9ca912bb81e5a89747ebf3ca9c20dc0f?s=96&d=mm&r=g","url":"https:\/\/secure.gravatar.com\/avatar\/555f0dd85428f1a9330f8e5dbe9e40ff9ca912bb81e5a89747ebf3ca9c20dc0f?s=96&d=mm&r=g","contentUrl":"https:\/\/secure.gravatar.com\/avatar\/555f0dd85428f1a9330f8e5dbe9e40ff9ca912bb81e5a89747ebf3ca9c20dc0f?s=96&d=mm&r=g","caption":"mundi"},"sameAs":["http:\/\/mundi-roth.de"],"url":"https:\/\/www.mundi-roth.de\/teneriffa-blog\/author\/mundi\/"}]}},"_links":{"self":[{"href":"https:\/\/www.mundi-roth.de\/teneriffa-blog\/wp-json\/wp\/v2\/posts\/6659","targetHints":{"allow":["GET"]}}],"collection":[{"href":"https:\/\/www.mundi-roth.de\/teneriffa-blog\/wp-json\/wp\/v2\/posts"}],"about":[{"href":"https:\/\/www.mundi-roth.de\/teneriffa-blog\/wp-json\/wp\/v2\/types\/post"}],"author":[{"embeddable":true,"href":"https:\/\/www.mundi-roth.de\/teneriffa-blog\/wp-json\/wp\/v2\/users\/4"}],"replies":[{"embeddable":true,"href":"https:\/\/www.mundi-roth.de\/teneriffa-blog\/wp-json\/wp\/v2\/comments?post=6659"}],"version-history":[{"count":0,"href":"https:\/\/www.mundi-roth.de\/teneriffa-blog\/wp-json\/wp\/v2\/posts\/6659\/revisions"}],"wp:attachment":[{"href":"https:\/\/www.mundi-roth.de\/teneriffa-blog\/wp-json\/wp\/v2\/media?parent=6659"}],"wp:term":[{"taxonomy":"category","embeddable":true,"href":"https:\/\/www.mundi-roth.de\/teneriffa-blog\/wp-json\/wp\/v2\/categories?post=6659"},{"taxonomy":"post_tag","embeddable":true,"href":"https:\/\/www.mundi-roth.de\/teneriffa-blog\/wp-json\/wp\/v2\/tags?post=6659"}],"curies":[{"name":"wp","href":"https:\/\/api.w.org\/{rel}","templated":true}]}}