{"id":667,"date":"2009-03-17T18:00:05","date_gmt":"2009-03-17T17:00:05","guid":{"rendered":"http:\/\/www.mundi-roth.de\/teneriffa-blog\/?p=667"},"modified":"2015-04-12T11:35:05","modified_gmt":"2015-04-12T10:35:05","slug":"oberhalb-von-guimar","status":"publish","type":"post","link":"https:\/\/www.mundi-roth.de\/teneriffa-blog\/wanderungen\/oberhalb-von-guimar\/","title":{"rendered":"Oberhalb von G\u00fcimar &#8211; &#8222;La Hidro&#8220;"},"content":{"rendered":"<p><strong>Barranco de Badajoz<br \/>\nBarranco El R\u00edo<\/strong><\/p>\n<p>Ber\u00fchmte Naturforscher bezeichneten diese Region oberhalb von G\u00fcimar<br \/>\n\u201eals die grandioseste auf der Insel nach dem Teide\u201c.<br \/>\nDie Wanderung zeigt uns nicht nur innerhalb des Naturschutzgebietes \u201eSiete Lomas\u201c\u00a0 beeindruckende Natur mit m\u00e4chtigen Felsw\u00e4nden, tiefen Schluchten und einem \u00fcppigen, endemischen Pflanzenreichtum, sondern sie f\u00fchrt uns in die Gr\u00fcndungszelle von G\u00fcimar.<br \/>\nHier erhielten im 16. Jahrhundert, nach der Eroberung Teneriffas, zwei Genueser Br\u00fcder Land, um eine Zuckerfabrik zu errichten. Wasser und Holz war reichlich vorhanden. Mit viel Flei\u00df und harter Arbeit erreichten die Br\u00fcder, dass aus dieser unwirtlichen Region eine der produktivsten der Insel wurde.<br \/>\nDer industrielle und landwirtschaftliche Komplex, der die Zuckerfabrik begleitete, diente als Anziehungspunkt. So siedelten sich hier Bauern zusammen mit Sklaven an und bildeten damit den Kern der Bev\u00f6lkerung.<br \/>\nAu\u00dferdem war hier \u2013 weit weg von der K\u00fcste und den Piraten \u2013 ein sicherer Ort.<br \/>\nZusammen mit der Zuckerfabrik wurde eine Eremitage, die San Juan Bautista gewidmet ist, errichtet.<br \/>\nSomit ist hier oben die Urzelle der Gemeinde G\u00fcimar.<\/p>\n<p><strong>Wander-Wegstrecke:<\/strong> Je nach Route: 2 \u00bd bis 4 Stunden<br \/>\nWir beginnen den Aufstieg von der Kapelle San Juan an. Mit Blick zur Kapelle gehen wir links auf der asphaltierten Stra\u00dfe an den H\u00e4usern vorbei und biegen rechts in die steil aufw\u00e4rts f\u00fchrende Stra\u00dfe \u201eCamino de los Zarzales\u201c ein. Und da bekommen wir bereits den ersten Vorgeschmack wie steil es nun die n\u00e4chsten ca. 90 Minuten aufw\u00e4rts geht. Wir gehen durch eine landwirtschaftlich intensiv genutzte Gegend, links wie rechts gepflegte Terrassenfelder und kommen an den Zeugen der Wassernutzung vorbei. Auf der Stra\u00dfe gehen wir \u00fcber viele \u00d6ffnungen, unter denen sich die Wasserverteilung befindet. Wir gehen an alten gemauerten Wasserkan\u00e4len vorbei und an den zweckm\u00e4\u00dfigen aber weniger sch\u00f6nen modernen Wasserleitungsrohren. Die Wassermengen flie\u00dfen hier reichlich.<\/p>\n<p>Die Araber, die Experten darin waren, verbrannte, trockene Erde in G\u00e4rten umzuwandeln, brachten die Wasserkultur nach Spanien und die Eroberer brachten dieses Erbe auf die kanarischen Insel. Ein Zeugnis davon k\u00f6nnen wir noch in einem Wasserbecken aus Stein gemauert sehen, das jeden kostbaren Tropfen Wasser aus den H\u00f6hen sammelte.<\/p>\n<p>Weiter oberhalb kommen wir an einem sogenannten \u201eaforimetro\u201c vorbei.\u00a0 Dieses Bauwerk wirkte praktisch wie ein kleiner Staudamm, der das zu transportierende Wasser abma\u00df und verteilte. Urspr\u00fcnglich funktionierten hier 4 Verteiler, heute nur noch 2, und von einem wird das Wasser bis Santa Cruz geleitet.<\/p>\n<p>Weiter steil bergauf. Nicht verzagen. Wir kommen an ein kleines <a href=\"http:\/\/www.mundi-roth.de\/teneriffa-blog\/wp-content\/uploads\/2009\/03\/p1030648.jpg\" rel=\"lightbox[667]\"><img loading=\"lazy\" decoding=\"async\" class=\"alignright size-thumbnail wp-image-668\" title=\"p1030648\" src=\"http:\/\/www.mundi-roth.de\/teneriffa-blog\/wp-content\/uploads\/2009\/03\/p1030648-150x138.jpg\" alt=\"p1030648\" width=\"150\" height=\"138\" srcset=\"https:\/\/www.mundi-roth.de\/teneriffa-blog\/wp-content\/uploads\/2009\/03\/p1030648-150x138.jpg 150w, https:\/\/www.mundi-roth.de\/teneriffa-blog\/wp-content\/uploads\/2009\/03\/p1030648-300x277.jpg 300w, https:\/\/www.mundi-roth.de\/teneriffa-blog\/wp-content\/uploads\/2009\/03\/p1030648.jpg 600w\" sizes=\"auto, (max-width: 150px) 100vw, 150px\" \/><\/a>Wasserkraftwerk. \u201eestaci\u00f3n hidroel\u00e9ctrica\u201c, von den Bewohnern G\u00fcimars liebevoll \u201ela Hidro\u201c genannt.<br \/>\nWie hei\u00dft es? \u201eDie Bewegung des Wassers entz\u00fcndet das Licht von G\u00fcimar\u201c.<br \/>\nAnfang des 20. Jahrhunderts wurde das Wasser aus den oberhalb liegenden Galerien genutzt, um hier in dem von der Compa\u00f1ia El\u00e9ctrica de Canarias errichteten Geb\u00e4ude Wasserkraft in Elektrizit\u00e4t umzuwandeln.<\/p>\n<p>Bis hierher waren wir bereits vor einigen Wochen gewandert als uns der Regen \u00fcberraschte und wir auf demselben Weg zur\u00fcckkehrten.<br \/>\n<a href=\"http:\/\/www.mundi-roth.de\/teneriffa-blog\/wp-content\/uploads\/2009\/03\/sany1526.jpg\" rel=\"lightbox[667]\"><img loading=\"lazy\" decoding=\"async\" class=\"alignleft size-thumbnail wp-image-669\" title=\"sany1526\" src=\"http:\/\/www.mundi-roth.de\/teneriffa-blog\/wp-content\/uploads\/2009\/03\/sany1526-112x150.jpg\" alt=\"sany1526\" width=\"112\" height=\"150\" srcset=\"https:\/\/www.mundi-roth.de\/teneriffa-blog\/wp-content\/uploads\/2009\/03\/sany1526-112x150.jpg 112w, https:\/\/www.mundi-roth.de\/teneriffa-blog\/wp-content\/uploads\/2009\/03\/sany1526-225x300.jpg 225w, https:\/\/www.mundi-roth.de\/teneriffa-blog\/wp-content\/uploads\/2009\/03\/sany1526.jpg 450w\" sizes=\"auto, (max-width: 112px) 100vw, 112px\" \/><\/a>Heute wollen wir weitergehen bis zu einer Galerie. Zwar haben wir eine Karte dabei, da jedoch am Weg jeglicher Hinweis fehlt, steigen wir wieder am \u201ela Hidro\u201c vorbei steil, steil bergauf. Lassen den rechts abgehenden Weg au\u00dfer acht, bei dem vor gef\u00e4hrlichen Bienenv\u00f6lkern gewarnt wird, und steigen unverdrossen bergauf. Am Ende des gemauerten Kanals biegen wir bei einem Steinm\u00e4nnchen links ab und lassen den geradeaus f\u00fchrenden Weg, durch eine tief h\u00e4ngende Kiefer fast versperrt, unbeachtet. Wandern unter einem Aqu\u00e4dukt her und nach 1 Stunde <a href=\"http:\/\/www.mundi-roth.de\/teneriffa-blog\/wp-content\/uploads\/2009\/03\/p1030659.jpg\" rel=\"lightbox[667]\"><img loading=\"lazy\" decoding=\"async\" class=\"alignright size-thumbnail wp-image-670\" title=\"p1030659\" src=\"http:\/\/www.mundi-roth.de\/teneriffa-blog\/wp-content\/uploads\/2009\/03\/p1030659-150x112.jpg\" alt=\"p1030659\" width=\"150\" height=\"112\" srcset=\"https:\/\/www.mundi-roth.de\/teneriffa-blog\/wp-content\/uploads\/2009\/03\/p1030659-150x112.jpg 150w, https:\/\/www.mundi-roth.de\/teneriffa-blog\/wp-content\/uploads\/2009\/03\/p1030659-300x225.jpg 300w, https:\/\/www.mundi-roth.de\/teneriffa-blog\/wp-content\/uploads\/2009\/03\/p1030659.jpg 600w\" sizes=\"auto, (max-width: 150px) 100vw, 150px\" \/><\/a>geben wir auf. Wie sich sp\u00e4ter herausstellte\u00a0\u00a0 \u2013 als wir einen ortskundigen Wanderer trafen \u2013 h\u00e4tten wir noch 1 Stunde auf diesem wundersch\u00f6nen Pfad, ges\u00e4umt von Zistrosen und Eukalyptusb\u00e4umen, weitergehen m\u00fcssen, um beim Lomo del Cuchillo anzukommen. Der Hinweg ist auch der R\u00fcckweg.<\/p>\n<p>Auf unserem R\u00fcckweg zur Kapelle San Juan treffen wir einen Canalero (f\u00fcr die Wasserkan\u00e4le zust\u00e4ndig), den wir nach der Galerie fragen. Er nimmt mich in seinem Gel\u00e4ndewagen wieder mit hoch, vorbei am \u201ela Hidro\u201c, weiter an einem Haus im Rohbau vorbei, und parkt unterhalb eines <a href=\"http:\/\/www.mundi-roth.de\/teneriffa-blog\/wp-content\/uploads\/2009\/03\/p1030661y.jpg\" rel=\"lightbox[667]\"><img loading=\"lazy\" decoding=\"async\" class=\"alignright size-thumbnail wp-image-671\" title=\"p1030661y\" src=\"http:\/\/www.mundi-roth.de\/teneriffa-blog\/wp-content\/uploads\/2009\/03\/p1030661y-150x112.jpg\" alt=\"p1030661y\" width=\"150\" height=\"112\" srcset=\"https:\/\/www.mundi-roth.de\/teneriffa-blog\/wp-content\/uploads\/2009\/03\/p1030661y-150x112.jpg 150w, https:\/\/www.mundi-roth.de\/teneriffa-blog\/wp-content\/uploads\/2009\/03\/p1030661y-300x225.jpg 300w, https:\/\/www.mundi-roth.de\/teneriffa-blog\/wp-content\/uploads\/2009\/03\/p1030661y.jpg 600w\" sizes=\"auto, (max-width: 150px) 100vw, 150px\" \/><\/a>Wasserbeckens. Von hier ein kurzer Aufstieg, in H\u00f6he eines verrosteten Gel\u00e4nders auf der rechten Seite, einem unbeschrifteten Holzpfeiler auf der linken Seite biegt hier, durch ein kleines, unscheinbares Steinm\u00e4nnchen gekennzeichnet, der Weg ab. Erst steil bergauf, am gemauerten Kanal\u00a0 entlang, unterhalb eines kleinen Geb\u00e4udes gehen wir auf dem Kanal. Es l\u00e4sst sich unterschiedlich gut gehen. Zum Teil in\u00a0 dem trockenen Kanal, zum Teil auf einer Mauerseite. Rechts meist Fels, auch Felsnasen, <a href=\"http:\/\/www.mundi-roth.de\/teneriffa-blog\/wp-content\/uploads\/2009\/03\/p1030669.jpg\" rel=\"lightbox[667]\"><img loading=\"lazy\" decoding=\"async\" class=\"alignleft size-thumbnail wp-image-672\" title=\"p1030669\" src=\"http:\/\/www.mundi-roth.de\/teneriffa-blog\/wp-content\/uploads\/2009\/03\/p1030669-150x112.jpg\" alt=\"p1030669\" width=\"150\" height=\"112\" srcset=\"https:\/\/www.mundi-roth.de\/teneriffa-blog\/wp-content\/uploads\/2009\/03\/p1030669-150x112.jpg 150w, https:\/\/www.mundi-roth.de\/teneriffa-blog\/wp-content\/uploads\/2009\/03\/p1030669-300x225.jpg 300w, https:\/\/www.mundi-roth.de\/teneriffa-blog\/wp-content\/uploads\/2009\/03\/p1030669.jpg 600w\" sizes=\"auto, (max-width: 150px) 100vw, 150px\" \/><\/a>so dass man dicht am Abgrund geht. Achtung: Nur f\u00fcr Schwindel-freie! Nach 20 Minuten kann man bereits auf die Galerie sehen. Der Ca\u00f1ero meint, noch 5 Minuten bis dorthin. Also gehe ich weiter, komme noch mal an einer Wasserverteilanlage vorbei, eine scharfe Biegung, ein verrosteter Handlauf soll Sicherheit geben, das mache ich auch noch, als jedoch der Kanal nur noch aus einer H\u00e4lfte besteht, das einst als Sicherung gedachte Gel\u00e4nder total verrostet und windschief und zum Teil lose h\u00e4ngt, gebe ich auf. Vor mir habe ich noch eine Finca mit<a href=\"http:\/\/www.mundi-roth.de\/teneriffa-blog\/wp-content\/uploads\/2009\/03\/p1030666.jpg\" rel=\"lightbox[667]\"><img loading=\"lazy\" decoding=\"async\" class=\"alignright size-thumbnail wp-image-673\" title=\"p1030666\" src=\"http:\/\/www.mundi-roth.de\/teneriffa-blog\/wp-content\/uploads\/2009\/03\/p1030666-150x112.jpg\" alt=\"p1030666\" width=\"150\" height=\"112\" srcset=\"https:\/\/www.mundi-roth.de\/teneriffa-blog\/wp-content\/uploads\/2009\/03\/p1030666-150x112.jpg 150w, https:\/\/www.mundi-roth.de\/teneriffa-blog\/wp-content\/uploads\/2009\/03\/p1030666-300x225.jpg 300w, https:\/\/www.mundi-roth.de\/teneriffa-blog\/wp-content\/uploads\/2009\/03\/p1030666.jpg 600w\" sizes=\"auto, (max-width: 150px) 100vw, 150px\" \/><\/a> vielen Terrassenanlagen, etlichen bellenden Hunden und sehe auch den Weg, der dort vorbei nach unten f\u00fchrt, eine breitere Stra\u00dfe quert und zur Galerie aufsteigt.<br \/>\nDie \u201ef\u00fcnf Minuten\u201c hat jedoch der Fuchs gemessen.<br \/>\nDenselben Steig \u00fcber den Kanal gehe ich bis \u201ela Hidro\u201c zur\u00fcck.<\/p>\n<p><strong>Anfahrt:<\/strong><br \/>\nAuf der Autobahn TF 1 aus Los Cristianos kommend bis zur Ausfahrt G\u00fcimar. Auf der TF 612 bis G\u00fcimar, halten uns beim Hinweis: \u201cFasnia, Granadilla\u201c links. Fahren an der Tankstelle vorbei, queren die Br\u00fccke <a href=\"http:\/\/www.mundi-roth.de\/teneriffa-blog\/wp-content\/uploads\/2009\/03\/anfahrt4x.jpg\" rel=\"lightbox[667]\"><img loading=\"lazy\" decoding=\"async\" class=\"alignleft size-thumbnail wp-image-675\" title=\"anfahrt4x\" src=\"http:\/\/www.mundi-roth.de\/teneriffa-blog\/wp-content\/uploads\/2009\/03\/anfahrt4x-150x96.jpg\" alt=\"anfahrt4x\" width=\"150\" height=\"96\" srcset=\"https:\/\/www.mundi-roth.de\/teneriffa-blog\/wp-content\/uploads\/2009\/03\/anfahrt4x-150x96.jpg 150w, https:\/\/www.mundi-roth.de\/teneriffa-blog\/wp-content\/uploads\/2009\/03\/anfahrt4x-300x192.jpg 300w, https:\/\/www.mundi-roth.de\/teneriffa-blog\/wp-content\/uploads\/2009\/03\/anfahrt4x.jpg 610w\" sizes=\"auto, (max-width: 150px) 100vw, 150px\" \/><\/a>\u00fcber den Barranco und fahren sofort die erste Stra\u00dfe \u201eCalle de Guaza\u201c\u00a0 rechts hoch. Das Hinweisschild lautet: \u201cG\u00fcimar arriba, San Juan, Centro infantil, Cuatro Caminos\u201c. Der Stra\u00dfe folgen wir, bis sie auf die\u00a0 \u201eCalle Lomo Grillo arriba\u201c und dann \u201eCalle San Juan\u201c st\u00f6\u00dft, weiter rechts hinauf bis zur Kapelle San Juan.<br \/>\nHier gibt es ausreichend Parkm\u00f6glichkeiten.<\/p>\n<p><strong>Restaurant:<\/strong><br \/>\nVon der TF 1 Richtung Los Cristianos fahren wir die n\u00e4chste Ausfahrt nach G\u00fcimar, Richtung la Caleta, Punta Prieta ab, fahren die K\u00fcstenstra\u00dfe Richtung Punta Prieta weiter bis wir die<br \/>\nTasca Garabato in dem \u00d6rtchen \u201eLa Puente\u201c an der TF 660, Km 4 entdecken. Telefon 922 52 80 84, Montags geschlossen.<br \/>\n<a href=\"http:\/\/www.mundi-roth.de\/teneriffa-blog\/wp-content\/uploads\/2009\/03\/lapuente.jpg\" rel=\"lightbox[667]\"><img loading=\"lazy\" decoding=\"async\" class=\"aligncenter size-thumbnail wp-image-676\" title=\"lapuente\" src=\"http:\/\/www.mundi-roth.de\/teneriffa-blog\/wp-content\/uploads\/2009\/03\/lapuente-150x125.jpg\" alt=\"lapuente\" width=\"150\" height=\"125\" srcset=\"https:\/\/www.mundi-roth.de\/teneriffa-blog\/wp-content\/uploads\/2009\/03\/lapuente-150x125.jpg 150w, https:\/\/www.mundi-roth.de\/teneriffa-blog\/wp-content\/uploads\/2009\/03\/lapuente-300x251.jpg 300w, https:\/\/www.mundi-roth.de\/teneriffa-blog\/wp-content\/uploads\/2009\/03\/lapuente.jpg 411w\" sizes=\"auto, (max-width: 150px) 100vw, 150px\" \/><\/a><br \/>\nEin absoluter Gl\u00fccksfall: Nur 2 Tische, sauber, sch\u00f6nes Geschirr, freundliche Gastwirtin, Se\u00f1ora Maria Carmen, die uns Brunnenkressesuppe, Carne fiesta und Churros de Pescado anbietet, was uns hervorragend schmeckt.<br \/>\nVon der moderaten Rechnung sind wir auch angenehm \u00fcberrascht.<\/p>\n","protected":false},"excerpt":{"rendered":"<p>Barranco de Badajoz Barranco El R\u00edo Ber\u00fchmte Naturforscher bezeichneten diese Region oberhalb von G\u00fcimar \u201eals die grandioseste auf der Insel nach dem Teide\u201c. Die Wanderung zeigt uns nicht nur innerhalb des Naturschutzgebietes \u201eSiete Lomas\u201c\u00a0 beeindruckende Natur mit m\u00e4chtigen Felsw\u00e4nden, tiefen Schluchten und einem \u00fcppigen, endemischen Pflanzenreichtum, sondern sie f\u00fchrt uns in die Gr\u00fcndungszelle von G\u00fcimar. [&hellip;]<\/p>\n","protected":false},"author":3,"featured_media":0,"comment_status":"open","ping_status":"open","sticky":false,"template":"","format":"standard","meta":{"footnotes":""},"categories":[771,6],"tags":[212,208,209,71,211,213,216,214,210,215],"class_list":["post-667","post","type-post","status-publish","format-standard","hentry","category-gueimar","category-wanderungen","tag-aforimetro","tag-barranco-de-badajoz","tag-barranco-el-rio","tag-guimar","tag-kapelle-san-juan","tag-la-hidro","tag-la-puente","tag-lomo-del-cuchillo","tag-san-juan","tag-tasca-garabato"],"yoast_head":"<!-- This site is optimized with the Yoast SEO plugin v27.5 - https:\/\/yoast.com\/product\/yoast-seo-wordpress\/ -->\n<title>Oberhalb von G\u00fcimar - &quot;La Hidro&quot; - Teneriffa Wandern<\/title>\n<meta name=\"robots\" content=\"index, follow, max-snippet:-1, max-image-preview:large, max-video-preview:-1\" \/>\n<link rel=\"canonical\" href=\"https:\/\/www.mundi-roth.de\/teneriffa-blog\/wanderungen\/oberhalb-von-guimar\/\" \/>\n<meta name=\"twitter:label1\" content=\"Verfasst von\" \/>\n\t<meta name=\"twitter:data1\" content=\"ir\" \/>\n\t<meta name=\"twitter:label2\" content=\"Gesch\u00e4tzte Lesezeit\" \/>\n\t<meta name=\"twitter:data2\" content=\"5\u00a0Minuten\" \/>\n<script type=\"application\/ld+json\" class=\"yoast-schema-graph\">{\"@context\":\"https:\\\/\\\/schema.org\",\"@graph\":[{\"@type\":\"Article\",\"@id\":\"https:\\\/\\\/www.mundi-roth.de\\\/teneriffa-blog\\\/wanderungen\\\/oberhalb-von-guimar\\\/#article\",\"isPartOf\":{\"@id\":\"https:\\\/\\\/www.mundi-roth.de\\\/teneriffa-blog\\\/wanderungen\\\/oberhalb-von-guimar\\\/\"},\"author\":{\"name\":\"ir\",\"@id\":\"https:\\\/\\\/www.mundi-roth.de\\\/teneriffa-blog\\\/#\\\/schema\\\/person\\\/3afd0d251449790d15367c9aa52d203d\"},\"headline\":\"Oberhalb von G\u00fcimar &#8211; &#8222;La Hidro&#8220;\",\"datePublished\":\"2009-03-17T17:00:05+00:00\",\"dateModified\":\"2015-04-12T10:35:05+00:00\",\"mainEntityOfPage\":{\"@id\":\"https:\\\/\\\/www.mundi-roth.de\\\/teneriffa-blog\\\/wanderungen\\\/oberhalb-von-guimar\\\/\"},\"wordCount\":1090,\"commentCount\":0,\"image\":{\"@id\":\"https:\\\/\\\/www.mundi-roth.de\\\/teneriffa-blog\\\/wanderungen\\\/oberhalb-von-guimar\\\/#primaryimage\"},\"thumbnailUrl\":\"http:\\\/\\\/www.mundi-roth.de\\\/teneriffa-blog\\\/wp-content\\\/uploads\\\/2009\\\/03\\\/p1030648-150x138.jpg\",\"keywords\":[\"aforimetro\",\"Barranco de Badajoz\",\"Barranco El R\u00edo\",\"G\u00fcimar\",\"Kapelle San Juan\",\"la Hidro\",\"La Puente\",\"Lomo del Cuchillo\",\"San Juan\",\"Tasca Garabato\"],\"articleSection\":[\"G\u00fcimar\",\"Wanderungen\"],\"inLanguage\":\"de\",\"potentialAction\":[{\"@type\":\"CommentAction\",\"name\":\"Comment\",\"target\":[\"https:\\\/\\\/www.mundi-roth.de\\\/teneriffa-blog\\\/wanderungen\\\/oberhalb-von-guimar\\\/#respond\"]}]},{\"@type\":\"WebPage\",\"@id\":\"https:\\\/\\\/www.mundi-roth.de\\\/teneriffa-blog\\\/wanderungen\\\/oberhalb-von-guimar\\\/\",\"url\":\"https:\\\/\\\/www.mundi-roth.de\\\/teneriffa-blog\\\/wanderungen\\\/oberhalb-von-guimar\\\/\",\"name\":\"Oberhalb von G\u00fcimar - \\\"La Hidro\\\" - Teneriffa Wandern\",\"isPartOf\":{\"@id\":\"https:\\\/\\\/www.mundi-roth.de\\\/teneriffa-blog\\\/#website\"},\"primaryImageOfPage\":{\"@id\":\"https:\\\/\\\/www.mundi-roth.de\\\/teneriffa-blog\\\/wanderungen\\\/oberhalb-von-guimar\\\/#primaryimage\"},\"image\":{\"@id\":\"https:\\\/\\\/www.mundi-roth.de\\\/teneriffa-blog\\\/wanderungen\\\/oberhalb-von-guimar\\\/#primaryimage\"},\"thumbnailUrl\":\"http:\\\/\\\/www.mundi-roth.de\\\/teneriffa-blog\\\/wp-content\\\/uploads\\\/2009\\\/03\\\/p1030648-150x138.jpg\",\"datePublished\":\"2009-03-17T17:00:05+00:00\",\"dateModified\":\"2015-04-12T10:35:05+00:00\",\"author\":{\"@id\":\"https:\\\/\\\/www.mundi-roth.de\\\/teneriffa-blog\\\/#\\\/schema\\\/person\\\/3afd0d251449790d15367c9aa52d203d\"},\"breadcrumb\":{\"@id\":\"https:\\\/\\\/www.mundi-roth.de\\\/teneriffa-blog\\\/wanderungen\\\/oberhalb-von-guimar\\\/#breadcrumb\"},\"inLanguage\":\"de\",\"potentialAction\":[{\"@type\":\"ReadAction\",\"target\":[\"https:\\\/\\\/www.mundi-roth.de\\\/teneriffa-blog\\\/wanderungen\\\/oberhalb-von-guimar\\\/\"]}]},{\"@type\":\"ImageObject\",\"inLanguage\":\"de\",\"@id\":\"https:\\\/\\\/www.mundi-roth.de\\\/teneriffa-blog\\\/wanderungen\\\/oberhalb-von-guimar\\\/#primaryimage\",\"url\":\"https:\\\/\\\/www.mundi-roth.de\\\/teneriffa-blog\\\/wp-content\\\/uploads\\\/2009\\\/03\\\/p1030648.jpg\",\"contentUrl\":\"https:\\\/\\\/www.mundi-roth.de\\\/teneriffa-blog\\\/wp-content\\\/uploads\\\/2009\\\/03\\\/p1030648.jpg\",\"width\":\"600\",\"height\":\"555\"},{\"@type\":\"BreadcrumbList\",\"@id\":\"https:\\\/\\\/www.mundi-roth.de\\\/teneriffa-blog\\\/wanderungen\\\/oberhalb-von-guimar\\\/#breadcrumb\",\"itemListElement\":[{\"@type\":\"ListItem\",\"position\":1,\"name\":\"Startseite\",\"item\":\"https:\\\/\\\/www.mundi-roth.de\\\/teneriffa-blog\\\/\"},{\"@type\":\"ListItem\",\"position\":2,\"name\":\"Oberhalb von G\u00fcimar &#8211; &#8222;La Hidro&#8220;\"}]},{\"@type\":\"WebSite\",\"@id\":\"https:\\\/\\\/www.mundi-roth.de\\\/teneriffa-blog\\\/#website\",\"url\":\"https:\\\/\\\/www.mundi-roth.de\\\/teneriffa-blog\\\/\",\"name\":\"Teneriffa Wandern\",\"description\":\"Nicht nur Wanderungen auf Teneriffa...\",\"potentialAction\":[{\"@type\":\"SearchAction\",\"target\":{\"@type\":\"EntryPoint\",\"urlTemplate\":\"https:\\\/\\\/www.mundi-roth.de\\\/teneriffa-blog\\\/?s={search_term_string}\"},\"query-input\":{\"@type\":\"PropertyValueSpecification\",\"valueRequired\":true,\"valueName\":\"search_term_string\"}}],\"inLanguage\":\"de\"},{\"@type\":\"Person\",\"@id\":\"https:\\\/\\\/www.mundi-roth.de\\\/teneriffa-blog\\\/#\\\/schema\\\/person\\\/3afd0d251449790d15367c9aa52d203d\",\"name\":\"ir\",\"image\":{\"@type\":\"ImageObject\",\"inLanguage\":\"de\",\"@id\":\"https:\\\/\\\/secure.gravatar.com\\\/avatar\\\/e67b41513c921c2bb58363f44c8a00a447c9a2526ad8ff71b5b6257e5f7f5c66?s=96&d=mm&r=g\",\"url\":\"https:\\\/\\\/secure.gravatar.com\\\/avatar\\\/e67b41513c921c2bb58363f44c8a00a447c9a2526ad8ff71b5b6257e5f7f5c66?s=96&d=mm&r=g\",\"contentUrl\":\"https:\\\/\\\/secure.gravatar.com\\\/avatar\\\/e67b41513c921c2bb58363f44c8a00a447c9a2526ad8ff71b5b6257e5f7f5c66?s=96&d=mm&r=g\",\"caption\":\"ir\"},\"sameAs\":[\"http:\\\/\\\/www.mundi-roth.de\"],\"url\":\"https:\\\/\\\/www.mundi-roth.de\\\/teneriffa-blog\\\/author\\\/ir\\\/\"}]}<\/script>\n<!-- \/ Yoast SEO plugin. -->","yoast_head_json":{"title":"Oberhalb von G\u00fcimar - \"La Hidro\" - Teneriffa Wandern","robots":{"index":"index","follow":"follow","max-snippet":"max-snippet:-1","max-image-preview":"max-image-preview:large","max-video-preview":"max-video-preview:-1"},"canonical":"https:\/\/www.mundi-roth.de\/teneriffa-blog\/wanderungen\/oberhalb-von-guimar\/","twitter_misc":{"Verfasst von":"ir","Gesch\u00e4tzte Lesezeit":"5\u00a0Minuten"},"schema":{"@context":"https:\/\/schema.org","@graph":[{"@type":"Article","@id":"https:\/\/www.mundi-roth.de\/teneriffa-blog\/wanderungen\/oberhalb-von-guimar\/#article","isPartOf":{"@id":"https:\/\/www.mundi-roth.de\/teneriffa-blog\/wanderungen\/oberhalb-von-guimar\/"},"author":{"name":"ir","@id":"https:\/\/www.mundi-roth.de\/teneriffa-blog\/#\/schema\/person\/3afd0d251449790d15367c9aa52d203d"},"headline":"Oberhalb von G\u00fcimar &#8211; &#8222;La Hidro&#8220;","datePublished":"2009-03-17T17:00:05+00:00","dateModified":"2015-04-12T10:35:05+00:00","mainEntityOfPage":{"@id":"https:\/\/www.mundi-roth.de\/teneriffa-blog\/wanderungen\/oberhalb-von-guimar\/"},"wordCount":1090,"commentCount":0,"image":{"@id":"https:\/\/www.mundi-roth.de\/teneriffa-blog\/wanderungen\/oberhalb-von-guimar\/#primaryimage"},"thumbnailUrl":"http:\/\/www.mundi-roth.de\/teneriffa-blog\/wp-content\/uploads\/2009\/03\/p1030648-150x138.jpg","keywords":["aforimetro","Barranco de Badajoz","Barranco El R\u00edo","G\u00fcimar","Kapelle San Juan","la Hidro","La Puente","Lomo del Cuchillo","San Juan","Tasca Garabato"],"articleSection":["G\u00fcimar","Wanderungen"],"inLanguage":"de","potentialAction":[{"@type":"CommentAction","name":"Comment","target":["https:\/\/www.mundi-roth.de\/teneriffa-blog\/wanderungen\/oberhalb-von-guimar\/#respond"]}]},{"@type":"WebPage","@id":"https:\/\/www.mundi-roth.de\/teneriffa-blog\/wanderungen\/oberhalb-von-guimar\/","url":"https:\/\/www.mundi-roth.de\/teneriffa-blog\/wanderungen\/oberhalb-von-guimar\/","name":"Oberhalb von G\u00fcimar - \"La Hidro\" - Teneriffa Wandern","isPartOf":{"@id":"https:\/\/www.mundi-roth.de\/teneriffa-blog\/#website"},"primaryImageOfPage":{"@id":"https:\/\/www.mundi-roth.de\/teneriffa-blog\/wanderungen\/oberhalb-von-guimar\/#primaryimage"},"image":{"@id":"https:\/\/www.mundi-roth.de\/teneriffa-blog\/wanderungen\/oberhalb-von-guimar\/#primaryimage"},"thumbnailUrl":"http:\/\/www.mundi-roth.de\/teneriffa-blog\/wp-content\/uploads\/2009\/03\/p1030648-150x138.jpg","datePublished":"2009-03-17T17:00:05+00:00","dateModified":"2015-04-12T10:35:05+00:00","author":{"@id":"https:\/\/www.mundi-roth.de\/teneriffa-blog\/#\/schema\/person\/3afd0d251449790d15367c9aa52d203d"},"breadcrumb":{"@id":"https:\/\/www.mundi-roth.de\/teneriffa-blog\/wanderungen\/oberhalb-von-guimar\/#breadcrumb"},"inLanguage":"de","potentialAction":[{"@type":"ReadAction","target":["https:\/\/www.mundi-roth.de\/teneriffa-blog\/wanderungen\/oberhalb-von-guimar\/"]}]},{"@type":"ImageObject","inLanguage":"de","@id":"https:\/\/www.mundi-roth.de\/teneriffa-blog\/wanderungen\/oberhalb-von-guimar\/#primaryimage","url":"https:\/\/www.mundi-roth.de\/teneriffa-blog\/wp-content\/uploads\/2009\/03\/p1030648.jpg","contentUrl":"https:\/\/www.mundi-roth.de\/teneriffa-blog\/wp-content\/uploads\/2009\/03\/p1030648.jpg","width":"600","height":"555"},{"@type":"BreadcrumbList","@id":"https:\/\/www.mundi-roth.de\/teneriffa-blog\/wanderungen\/oberhalb-von-guimar\/#breadcrumb","itemListElement":[{"@type":"ListItem","position":1,"name":"Startseite","item":"https:\/\/www.mundi-roth.de\/teneriffa-blog\/"},{"@type":"ListItem","position":2,"name":"Oberhalb von G\u00fcimar &#8211; &#8222;La Hidro&#8220;"}]},{"@type":"WebSite","@id":"https:\/\/www.mundi-roth.de\/teneriffa-blog\/#website","url":"https:\/\/www.mundi-roth.de\/teneriffa-blog\/","name":"Teneriffa Wandern","description":"Nicht nur Wanderungen auf Teneriffa...","potentialAction":[{"@type":"SearchAction","target":{"@type":"EntryPoint","urlTemplate":"https:\/\/www.mundi-roth.de\/teneriffa-blog\/?s={search_term_string}"},"query-input":{"@type":"PropertyValueSpecification","valueRequired":true,"valueName":"search_term_string"}}],"inLanguage":"de"},{"@type":"Person","@id":"https:\/\/www.mundi-roth.de\/teneriffa-blog\/#\/schema\/person\/3afd0d251449790d15367c9aa52d203d","name":"ir","image":{"@type":"ImageObject","inLanguage":"de","@id":"https:\/\/secure.gravatar.com\/avatar\/e67b41513c921c2bb58363f44c8a00a447c9a2526ad8ff71b5b6257e5f7f5c66?s=96&d=mm&r=g","url":"https:\/\/secure.gravatar.com\/avatar\/e67b41513c921c2bb58363f44c8a00a447c9a2526ad8ff71b5b6257e5f7f5c66?s=96&d=mm&r=g","contentUrl":"https:\/\/secure.gravatar.com\/avatar\/e67b41513c921c2bb58363f44c8a00a447c9a2526ad8ff71b5b6257e5f7f5c66?s=96&d=mm&r=g","caption":"ir"},"sameAs":["http:\/\/www.mundi-roth.de"],"url":"https:\/\/www.mundi-roth.de\/teneriffa-blog\/author\/ir\/"}]}},"_links":{"self":[{"href":"https:\/\/www.mundi-roth.de\/teneriffa-blog\/wp-json\/wp\/v2\/posts\/667","targetHints":{"allow":["GET"]}}],"collection":[{"href":"https:\/\/www.mundi-roth.de\/teneriffa-blog\/wp-json\/wp\/v2\/posts"}],"about":[{"href":"https:\/\/www.mundi-roth.de\/teneriffa-blog\/wp-json\/wp\/v2\/types\/post"}],"author":[{"embeddable":true,"href":"https:\/\/www.mundi-roth.de\/teneriffa-blog\/wp-json\/wp\/v2\/users\/3"}],"replies":[{"embeddable":true,"href":"https:\/\/www.mundi-roth.de\/teneriffa-blog\/wp-json\/wp\/v2\/comments?post=667"}],"version-history":[{"count":0,"href":"https:\/\/www.mundi-roth.de\/teneriffa-blog\/wp-json\/wp\/v2\/posts\/667\/revisions"}],"wp:attachment":[{"href":"https:\/\/www.mundi-roth.de\/teneriffa-blog\/wp-json\/wp\/v2\/media?parent=667"}],"wp:term":[{"taxonomy":"category","embeddable":true,"href":"https:\/\/www.mundi-roth.de\/teneriffa-blog\/wp-json\/wp\/v2\/categories?post=667"},{"taxonomy":"post_tag","embeddable":true,"href":"https:\/\/www.mundi-roth.de\/teneriffa-blog\/wp-json\/wp\/v2\/tags?post=667"}],"curies":[{"name":"wp","href":"https:\/\/api.w.org\/{rel}","templated":true}]}}