{"id":6672,"date":"2020-02-14T19:00:38","date_gmt":"2020-02-14T18:00:38","guid":{"rendered":"https:\/\/www.mundi-roth.de\/teneriffa-blog\/?p=6672"},"modified":"2020-02-14T19:22:30","modified_gmt":"2020-02-14T18:22:30","slug":"rundweg-bei-ifonche-vorbei-an-den-hoehlen","status":"publish","type":"post","link":"https:\/\/www.mundi-roth.de\/teneriffa-blog\/allgemein\/rundweg-bei-ifonche-vorbei-an-den-hoehlen\/","title":{"rendered":"Rundweg bei Ifonche vorbei an den H\u00f6hlen"},"content":{"rendered":"<p>Am 2.3.2015 habe ich unter dem Titel \u201eLa Fuente El Chorillo\u201c und am 1.12.2016 unter dem Titel &#8222;Monta\u00f1a Carasca&#8220; die Tour beschrieben.<br \/>\nHeute f\u00fchrt Elisabeth eine Wandergruppe aus Chayofa mit Rita &#8211; einer lieben Wanderfreundin aus vergangener Zeit \u2013 diese Wanderung einmal in umgekehrter Richtung.<br \/>\n<em>Begr\u00fcndung:<\/em> Der Meerblick<br \/>\n<strong>Wanderstrecke<\/strong> ca. 3,4km<br \/>\nWir gehen also vom Restaurant Dornejo diesmal nicht in die Senke und gegen\u00fcber rechts in Richtung Adeje sondern wir gehen am Restaurant vorbei die asphaltierte Stra\u00dfe, vorbei an an einem malerischen Haus mit gelbem <a href=\"https:\/\/www.mundi-roth.de\/teneriffa-blog\/wp-content\/uploads\/2020\/02\/20200214_111625.jpg\" rel=\"lightbox[6672]\"><img loading=\"lazy\" decoding=\"async\" class=\"alignleft size-thumbnail wp-image-6673\" src=\"https:\/\/www.mundi-roth.de\/teneriffa-blog\/wp-content\/uploads\/2020\/02\/20200214_111625-150x84.jpg\" alt=\"\" width=\"150\" height=\"84\" srcset=\"https:\/\/www.mundi-roth.de\/teneriffa-blog\/wp-content\/uploads\/2020\/02\/20200214_111625-150x84.jpg 150w, https:\/\/www.mundi-roth.de\/teneriffa-blog\/wp-content\/uploads\/2020\/02\/20200214_111625-300x169.jpg 300w, https:\/\/www.mundi-roth.de\/teneriffa-blog\/wp-content\/uploads\/2020\/02\/20200214_111625-768x432.jpg 768w, https:\/\/www.mundi-roth.de\/teneriffa-blog\/wp-content\/uploads\/2020\/02\/20200214_111625.jpg 800w\" sizes=\"auto, (max-width: 150px) 100vw, 150px\" \/><\/a>Fahrrad bis zu einem Plateau und biegen hier rechts ab. Der steinige Weg begleitet uns auf der ganzen Strecke. Sicht ist heute klein geschrieben, denn wir haben schon wieder Calima.<br \/>\nJedoch die Felsformationen unmittelbar vor einem <a href=\"https:\/\/www.mundi-roth.de\/teneriffa-blog\/wp-content\/uploads\/2020\/02\/20200214_115855.jpg\" rel=\"lightbox[6672]\"><img loading=\"lazy\" decoding=\"async\" class=\"alignright size-thumbnail wp-image-6674\" src=\"https:\/\/www.mundi-roth.de\/teneriffa-blog\/wp-content\/uploads\/2020\/02\/20200214_115855-150x84.jpg\" alt=\"\" width=\"150\" height=\"84\" srcset=\"https:\/\/www.mundi-roth.de\/teneriffa-blog\/wp-content\/uploads\/2020\/02\/20200214_115855-150x84.jpg 150w, https:\/\/www.mundi-roth.de\/teneriffa-blog\/wp-content\/uploads\/2020\/02\/20200214_115855-300x169.jpg 300w, https:\/\/www.mundi-roth.de\/teneriffa-blog\/wp-content\/uploads\/2020\/02\/20200214_115855-768x432.jpg 768w, https:\/\/www.mundi-roth.de\/teneriffa-blog\/wp-content\/uploads\/2020\/02\/20200214_115855.jpg 800w\" sizes=\"auto, (max-width: 150px) 100vw, 150px\" \/><\/a>sind beeindruckend, erschlagen einen fast, sind so <a href=\"https:\/\/www.mundi-roth.de\/teneriffa-blog\/wp-content\/uploads\/2020\/02\/20200214_121232.jpg\" rel=\"lightbox[6672]\"><img loading=\"lazy\" decoding=\"async\" class=\"alignleft size-thumbnail wp-image-6678\" src=\"https:\/\/www.mundi-roth.de\/teneriffa-blog\/wp-content\/uploads\/2020\/02\/20200214_121232-150x84.jpg\" alt=\"\" width=\"150\" height=\"84\" srcset=\"https:\/\/www.mundi-roth.de\/teneriffa-blog\/wp-content\/uploads\/2020\/02\/20200214_121232-150x84.jpg 150w, https:\/\/www.mundi-roth.de\/teneriffa-blog\/wp-content\/uploads\/2020\/02\/20200214_121232-300x169.jpg 300w, https:\/\/www.mundi-roth.de\/teneriffa-blog\/wp-content\/uploads\/2020\/02\/20200214_121232-768x432.jpg 768w, https:\/\/www.mundi-roth.de\/teneriffa-blog\/wp-content\/uploads\/2020\/02\/20200214_121232.jpg 800w\" sizes=\"auto, (max-width: 150px) 100vw, 150px\" \/><\/a>abwechslungsreich, so facettenreich, wir sind einfach begeistert.<br \/>\nErstaunlich, bei unseren fr\u00fcheren Wanderungen waren wir Alleinherrscher, heute begegnen uns diverse Gruppierungen \u2013 mit und ohne Hund \u2013 und eine liebe Bekannte: Hermine! Alleine mit Hund! Welche Wiedersehensfreude!<br \/>\nWie ich schon bei der Wanderung \u201eMonta\u00f1a Carasca\u201c beschrieben habe, die<a href=\"https:\/\/www.mundi-roth.de\/teneriffa-blog\/wp-content\/uploads\/2020\/02\/20200214_120102.jpg\" rel=\"lightbox[6672]\"><img loading=\"lazy\" decoding=\"async\" class=\"alignright size-thumbnail wp-image-6679\" src=\"https:\/\/www.mundi-roth.de\/teneriffa-blog\/wp-content\/uploads\/2020\/02\/20200214_120102-150x84.jpg\" alt=\"\" width=\"150\" height=\"84\" srcset=\"https:\/\/www.mundi-roth.de\/teneriffa-blog\/wp-content\/uploads\/2020\/02\/20200214_120102-150x84.jpg 150w, https:\/\/www.mundi-roth.de\/teneriffa-blog\/wp-content\/uploads\/2020\/02\/20200214_120102-300x169.jpg 300w, https:\/\/www.mundi-roth.de\/teneriffa-blog\/wp-content\/uploads\/2020\/02\/20200214_120102-768x432.jpg 768w, https:\/\/www.mundi-roth.de\/teneriffa-blog\/wp-content\/uploads\/2020\/02\/20200214_120102.jpg 800w\" sizes=\"auto, (max-width: 150px) 100vw, 150px\" \/><\/a> Schilder, die die einzelnen H\u00f6hlen benannt haben, sind weg. Lediglich Cueva negra ist noch zu lesen.<br \/>\nIst aber auch nicht wirklich wichtig. Wichtig und beeindruckend sind die Felsformationen. Einmalig!<br \/>\n<br style=\"clear: both;\" \/><a href=\"https:\/\/www.mundi-roth.de\/teneriffa-blog\/wp-content\/uploads\/2020\/02\/20200214_124340.jpg\" rel=\"lightbox[6672]\"><img loading=\"lazy\" decoding=\"async\" class=\"alignleft size-thumbnail wp-image-6675\" src=\"https:\/\/www.mundi-roth.de\/teneriffa-blog\/wp-content\/uploads\/2020\/02\/20200214_124340-150x102.jpg\" alt=\"\" width=\"150\" height=\"102\" srcset=\"https:\/\/www.mundi-roth.de\/teneriffa-blog\/wp-content\/uploads\/2020\/02\/20200214_124340-150x102.jpg 150w, https:\/\/www.mundi-roth.de\/teneriffa-blog\/wp-content\/uploads\/2020\/02\/20200214_124340-300x204.jpg 300w, https:\/\/www.mundi-roth.de\/teneriffa-blog\/wp-content\/uploads\/2020\/02\/20200214_124340-768x523.jpg 768w, https:\/\/www.mundi-roth.de\/teneriffa-blog\/wp-content\/uploads\/2020\/02\/20200214_124340.jpg 800w\" sizes=\"auto, (max-width: 150px) 100vw, 150px\" \/><\/a>Auf unserem Rundweg leuchten vielfach die gelben Bl\u00fcten der G\u00e4nsedistel,<a href=\"https:\/\/www.mundi-roth.de\/teneriffa-blog\/wp-content\/uploads\/2020\/02\/20200214_124225.jpg\" rel=\"lightbox[6672]\"><img loading=\"lazy\" decoding=\"async\" class=\"alignright size-thumbnail wp-image-6676\" src=\"https:\/\/www.mundi-roth.de\/teneriffa-blog\/wp-content\/uploads\/2020\/02\/20200214_124225-150x150.jpg\" alt=\"\" width=\"150\" height=\"150\" srcset=\"https:\/\/www.mundi-roth.de\/teneriffa-blog\/wp-content\/uploads\/2020\/02\/20200214_124225-150x150.jpg 150w, https:\/\/www.mundi-roth.de\/teneriffa-blog\/wp-content\/uploads\/2020\/02\/20200214_124225-300x297.jpg 300w, https:\/\/www.mundi-roth.de\/teneriffa-blog\/wp-content\/uploads\/2020\/02\/20200214_124225.jpg 467w\" sizes=\"auto, (max-width: 150px) 100vw, 150px\" \/><\/a> die Kanaren-glockenblume rankt sich, vertrocknete Farne und noch gr\u00fcne begleiten uns.<br \/>\nWir sind wohl gut 2 \u00bd Stunden unterwegs und immer wieder h\u00f6rt man: \u201eSchau mal! Guck mal! Phantastisch!\u201c<\/p>\n<p><strong>Fazit:<\/strong> Zwar anstrengend, da steile Passagen \u2013 so wohl rauf wie auch runter &#8211; zu \u00fcberwinden sind und zum Teil jeder Tritt genau gesetzt sein will, aber:<br \/>\n<strong>Sch\u00f6\u00f6\u00f6\u00f6\u00f6n!<\/strong><\/p>\n","protected":false},"excerpt":{"rendered":"<p>Am 2.3.2015 habe ich unter dem Titel \u201eLa Fuente El Chorillo\u201c und am 1.12.2016 unter dem Titel &#8222;Monta\u00f1a Carasca&#8220; die Tour beschrieben. Heute f\u00fchrt Elisabeth eine Wandergruppe aus Chayofa mit Rita &#8211; einer lieben Wanderfreundin aus vergangener Zeit \u2013 diese Wanderung einmal in umgekehrter Richtung. Begr\u00fcndung: Der Meerblick Wanderstrecke ca. 3,4km Wir gehen also vom [&hellip;]<\/p>\n","protected":false},"author":4,"featured_media":0,"comment_status":"open","ping_status":"open","sticky":false,"template":"","format":"standard","meta":{"footnotes":""},"categories":[1],"tags":[],"class_list":["post-6672","post","type-post","status-publish","format-standard","hentry","category-allgemein"],"yoast_head":"<!-- This site is optimized with the Yoast SEO plugin v27.5 - https:\/\/yoast.com\/product\/yoast-seo-wordpress\/ -->\n<title>Rundweg bei Ifonche vorbei an den H\u00f6hlen - Teneriffa Wandern<\/title>\n<meta name=\"robots\" content=\"index, follow, max-snippet:-1, max-image-preview:large, max-video-preview:-1\" \/>\n<link rel=\"canonical\" href=\"https:\/\/www.mundi-roth.de\/teneriffa-blog\/allgemein\/rundweg-bei-ifonche-vorbei-an-den-hoehlen\/\" \/>\n<meta name=\"twitter:label1\" content=\"Verfasst von\" \/>\n\t<meta name=\"twitter:data1\" content=\"mundi\" \/>\n\t<meta name=\"twitter:label2\" content=\"Gesch\u00e4tzte Lesezeit\" \/>\n\t<meta name=\"twitter:data2\" content=\"1\u00a0Minute\" \/>\n<script type=\"application\/ld+json\" class=\"yoast-schema-graph\">{\"@context\":\"https:\\\/\\\/schema.org\",\"@graph\":[{\"@type\":\"Article\",\"@id\":\"https:\\\/\\\/www.mundi-roth.de\\\/teneriffa-blog\\\/allgemein\\\/rundweg-bei-ifonche-vorbei-an-den-hoehlen\\\/#article\",\"isPartOf\":{\"@id\":\"https:\\\/\\\/www.mundi-roth.de\\\/teneriffa-blog\\\/allgemein\\\/rundweg-bei-ifonche-vorbei-an-den-hoehlen\\\/\"},\"author\":{\"name\":\"mundi\",\"@id\":\"https:\\\/\\\/www.mundi-roth.de\\\/teneriffa-blog\\\/#\\\/schema\\\/person\\\/971c66b55f3ae5e8741553688c413cac\"},\"headline\":\"Rundweg bei Ifonche vorbei an den H\u00f6hlen\",\"datePublished\":\"2020-02-14T18:00:38+00:00\",\"dateModified\":\"2020-02-14T18:22:30+00:00\",\"mainEntityOfPage\":{\"@id\":\"https:\\\/\\\/www.mundi-roth.de\\\/teneriffa-blog\\\/allgemein\\\/rundweg-bei-ifonche-vorbei-an-den-hoehlen\\\/\"},\"wordCount\":284,\"commentCount\":0,\"image\":{\"@id\":\"https:\\\/\\\/www.mundi-roth.de\\\/teneriffa-blog\\\/allgemein\\\/rundweg-bei-ifonche-vorbei-an-den-hoehlen\\\/#primaryimage\"},\"thumbnailUrl\":\"https:\\\/\\\/www.mundi-roth.de\\\/teneriffa-blog\\\/wp-content\\\/uploads\\\/2020\\\/02\\\/20200214_111625-150x84.jpg\",\"inLanguage\":\"de\",\"potentialAction\":[{\"@type\":\"CommentAction\",\"name\":\"Comment\",\"target\":[\"https:\\\/\\\/www.mundi-roth.de\\\/teneriffa-blog\\\/allgemein\\\/rundweg-bei-ifonche-vorbei-an-den-hoehlen\\\/#respond\"]}]},{\"@type\":\"WebPage\",\"@id\":\"https:\\\/\\\/www.mundi-roth.de\\\/teneriffa-blog\\\/allgemein\\\/rundweg-bei-ifonche-vorbei-an-den-hoehlen\\\/\",\"url\":\"https:\\\/\\\/www.mundi-roth.de\\\/teneriffa-blog\\\/allgemein\\\/rundweg-bei-ifonche-vorbei-an-den-hoehlen\\\/\",\"name\":\"Rundweg bei Ifonche vorbei an den H\u00f6hlen - Teneriffa Wandern\",\"isPartOf\":{\"@id\":\"https:\\\/\\\/www.mundi-roth.de\\\/teneriffa-blog\\\/#website\"},\"primaryImageOfPage\":{\"@id\":\"https:\\\/\\\/www.mundi-roth.de\\\/teneriffa-blog\\\/allgemein\\\/rundweg-bei-ifonche-vorbei-an-den-hoehlen\\\/#primaryimage\"},\"image\":{\"@id\":\"https:\\\/\\\/www.mundi-roth.de\\\/teneriffa-blog\\\/allgemein\\\/rundweg-bei-ifonche-vorbei-an-den-hoehlen\\\/#primaryimage\"},\"thumbnailUrl\":\"https:\\\/\\\/www.mundi-roth.de\\\/teneriffa-blog\\\/wp-content\\\/uploads\\\/2020\\\/02\\\/20200214_111625-150x84.jpg\",\"datePublished\":\"2020-02-14T18:00:38+00:00\",\"dateModified\":\"2020-02-14T18:22:30+00:00\",\"author\":{\"@id\":\"https:\\\/\\\/www.mundi-roth.de\\\/teneriffa-blog\\\/#\\\/schema\\\/person\\\/971c66b55f3ae5e8741553688c413cac\"},\"breadcrumb\":{\"@id\":\"https:\\\/\\\/www.mundi-roth.de\\\/teneriffa-blog\\\/allgemein\\\/rundweg-bei-ifonche-vorbei-an-den-hoehlen\\\/#breadcrumb\"},\"inLanguage\":\"de\",\"potentialAction\":[{\"@type\":\"ReadAction\",\"target\":[\"https:\\\/\\\/www.mundi-roth.de\\\/teneriffa-blog\\\/allgemein\\\/rundweg-bei-ifonche-vorbei-an-den-hoehlen\\\/\"]}]},{\"@type\":\"ImageObject\",\"inLanguage\":\"de\",\"@id\":\"https:\\\/\\\/www.mundi-roth.de\\\/teneriffa-blog\\\/allgemein\\\/rundweg-bei-ifonche-vorbei-an-den-hoehlen\\\/#primaryimage\",\"url\":\"https:\\\/\\\/www.mundi-roth.de\\\/teneriffa-blog\\\/wp-content\\\/uploads\\\/2020\\\/02\\\/20200214_111625.jpg\",\"contentUrl\":\"https:\\\/\\\/www.mundi-roth.de\\\/teneriffa-blog\\\/wp-content\\\/uploads\\\/2020\\\/02\\\/20200214_111625.jpg\",\"width\":800,\"height\":450},{\"@type\":\"BreadcrumbList\",\"@id\":\"https:\\\/\\\/www.mundi-roth.de\\\/teneriffa-blog\\\/allgemein\\\/rundweg-bei-ifonche-vorbei-an-den-hoehlen\\\/#breadcrumb\",\"itemListElement\":[{\"@type\":\"ListItem\",\"position\":1,\"name\":\"Startseite\",\"item\":\"https:\\\/\\\/www.mundi-roth.de\\\/teneriffa-blog\\\/\"},{\"@type\":\"ListItem\",\"position\":2,\"name\":\"Rundweg bei Ifonche vorbei an den H\u00f6hlen\"}]},{\"@type\":\"WebSite\",\"@id\":\"https:\\\/\\\/www.mundi-roth.de\\\/teneriffa-blog\\\/#website\",\"url\":\"https:\\\/\\\/www.mundi-roth.de\\\/teneriffa-blog\\\/\",\"name\":\"Teneriffa Wandern\",\"description\":\"Nicht nur Wanderungen auf Teneriffa...\",\"potentialAction\":[{\"@type\":\"SearchAction\",\"target\":{\"@type\":\"EntryPoint\",\"urlTemplate\":\"https:\\\/\\\/www.mundi-roth.de\\\/teneriffa-blog\\\/?s={search_term_string}\"},\"query-input\":{\"@type\":\"PropertyValueSpecification\",\"valueRequired\":true,\"valueName\":\"search_term_string\"}}],\"inLanguage\":\"de\"},{\"@type\":\"Person\",\"@id\":\"https:\\\/\\\/www.mundi-roth.de\\\/teneriffa-blog\\\/#\\\/schema\\\/person\\\/971c66b55f3ae5e8741553688c413cac\",\"name\":\"mundi\",\"image\":{\"@type\":\"ImageObject\",\"inLanguage\":\"de\",\"@id\":\"https:\\\/\\\/secure.gravatar.com\\\/avatar\\\/555f0dd85428f1a9330f8e5dbe9e40ff9ca912bb81e5a89747ebf3ca9c20dc0f?s=96&d=mm&r=g\",\"url\":\"https:\\\/\\\/secure.gravatar.com\\\/avatar\\\/555f0dd85428f1a9330f8e5dbe9e40ff9ca912bb81e5a89747ebf3ca9c20dc0f?s=96&d=mm&r=g\",\"contentUrl\":\"https:\\\/\\\/secure.gravatar.com\\\/avatar\\\/555f0dd85428f1a9330f8e5dbe9e40ff9ca912bb81e5a89747ebf3ca9c20dc0f?s=96&d=mm&r=g\",\"caption\":\"mundi\"},\"sameAs\":[\"http:\\\/\\\/mundi-roth.de\"],\"url\":\"https:\\\/\\\/www.mundi-roth.de\\\/teneriffa-blog\\\/author\\\/mundi\\\/\"}]}<\/script>\n<!-- \/ Yoast SEO plugin. -->","yoast_head_json":{"title":"Rundweg bei Ifonche vorbei an den H\u00f6hlen - Teneriffa Wandern","robots":{"index":"index","follow":"follow","max-snippet":"max-snippet:-1","max-image-preview":"max-image-preview:large","max-video-preview":"max-video-preview:-1"},"canonical":"https:\/\/www.mundi-roth.de\/teneriffa-blog\/allgemein\/rundweg-bei-ifonche-vorbei-an-den-hoehlen\/","twitter_misc":{"Verfasst von":"mundi","Gesch\u00e4tzte Lesezeit":"1\u00a0Minute"},"schema":{"@context":"https:\/\/schema.org","@graph":[{"@type":"Article","@id":"https:\/\/www.mundi-roth.de\/teneriffa-blog\/allgemein\/rundweg-bei-ifonche-vorbei-an-den-hoehlen\/#article","isPartOf":{"@id":"https:\/\/www.mundi-roth.de\/teneriffa-blog\/allgemein\/rundweg-bei-ifonche-vorbei-an-den-hoehlen\/"},"author":{"name":"mundi","@id":"https:\/\/www.mundi-roth.de\/teneriffa-blog\/#\/schema\/person\/971c66b55f3ae5e8741553688c413cac"},"headline":"Rundweg bei Ifonche vorbei an den H\u00f6hlen","datePublished":"2020-02-14T18:00:38+00:00","dateModified":"2020-02-14T18:22:30+00:00","mainEntityOfPage":{"@id":"https:\/\/www.mundi-roth.de\/teneriffa-blog\/allgemein\/rundweg-bei-ifonche-vorbei-an-den-hoehlen\/"},"wordCount":284,"commentCount":0,"image":{"@id":"https:\/\/www.mundi-roth.de\/teneriffa-blog\/allgemein\/rundweg-bei-ifonche-vorbei-an-den-hoehlen\/#primaryimage"},"thumbnailUrl":"https:\/\/www.mundi-roth.de\/teneriffa-blog\/wp-content\/uploads\/2020\/02\/20200214_111625-150x84.jpg","inLanguage":"de","potentialAction":[{"@type":"CommentAction","name":"Comment","target":["https:\/\/www.mundi-roth.de\/teneriffa-blog\/allgemein\/rundweg-bei-ifonche-vorbei-an-den-hoehlen\/#respond"]}]},{"@type":"WebPage","@id":"https:\/\/www.mundi-roth.de\/teneriffa-blog\/allgemein\/rundweg-bei-ifonche-vorbei-an-den-hoehlen\/","url":"https:\/\/www.mundi-roth.de\/teneriffa-blog\/allgemein\/rundweg-bei-ifonche-vorbei-an-den-hoehlen\/","name":"Rundweg bei Ifonche vorbei an den H\u00f6hlen - Teneriffa Wandern","isPartOf":{"@id":"https:\/\/www.mundi-roth.de\/teneriffa-blog\/#website"},"primaryImageOfPage":{"@id":"https:\/\/www.mundi-roth.de\/teneriffa-blog\/allgemein\/rundweg-bei-ifonche-vorbei-an-den-hoehlen\/#primaryimage"},"image":{"@id":"https:\/\/www.mundi-roth.de\/teneriffa-blog\/allgemein\/rundweg-bei-ifonche-vorbei-an-den-hoehlen\/#primaryimage"},"thumbnailUrl":"https:\/\/www.mundi-roth.de\/teneriffa-blog\/wp-content\/uploads\/2020\/02\/20200214_111625-150x84.jpg","datePublished":"2020-02-14T18:00:38+00:00","dateModified":"2020-02-14T18:22:30+00:00","author":{"@id":"https:\/\/www.mundi-roth.de\/teneriffa-blog\/#\/schema\/person\/971c66b55f3ae5e8741553688c413cac"},"breadcrumb":{"@id":"https:\/\/www.mundi-roth.de\/teneriffa-blog\/allgemein\/rundweg-bei-ifonche-vorbei-an-den-hoehlen\/#breadcrumb"},"inLanguage":"de","potentialAction":[{"@type":"ReadAction","target":["https:\/\/www.mundi-roth.de\/teneriffa-blog\/allgemein\/rundweg-bei-ifonche-vorbei-an-den-hoehlen\/"]}]},{"@type":"ImageObject","inLanguage":"de","@id":"https:\/\/www.mundi-roth.de\/teneriffa-blog\/allgemein\/rundweg-bei-ifonche-vorbei-an-den-hoehlen\/#primaryimage","url":"https:\/\/www.mundi-roth.de\/teneriffa-blog\/wp-content\/uploads\/2020\/02\/20200214_111625.jpg","contentUrl":"https:\/\/www.mundi-roth.de\/teneriffa-blog\/wp-content\/uploads\/2020\/02\/20200214_111625.jpg","width":800,"height":450},{"@type":"BreadcrumbList","@id":"https:\/\/www.mundi-roth.de\/teneriffa-blog\/allgemein\/rundweg-bei-ifonche-vorbei-an-den-hoehlen\/#breadcrumb","itemListElement":[{"@type":"ListItem","position":1,"name":"Startseite","item":"https:\/\/www.mundi-roth.de\/teneriffa-blog\/"},{"@type":"ListItem","position":2,"name":"Rundweg bei Ifonche vorbei an den H\u00f6hlen"}]},{"@type":"WebSite","@id":"https:\/\/www.mundi-roth.de\/teneriffa-blog\/#website","url":"https:\/\/www.mundi-roth.de\/teneriffa-blog\/","name":"Teneriffa Wandern","description":"Nicht nur Wanderungen auf Teneriffa...","potentialAction":[{"@type":"SearchAction","target":{"@type":"EntryPoint","urlTemplate":"https:\/\/www.mundi-roth.de\/teneriffa-blog\/?s={search_term_string}"},"query-input":{"@type":"PropertyValueSpecification","valueRequired":true,"valueName":"search_term_string"}}],"inLanguage":"de"},{"@type":"Person","@id":"https:\/\/www.mundi-roth.de\/teneriffa-blog\/#\/schema\/person\/971c66b55f3ae5e8741553688c413cac","name":"mundi","image":{"@type":"ImageObject","inLanguage":"de","@id":"https:\/\/secure.gravatar.com\/avatar\/555f0dd85428f1a9330f8e5dbe9e40ff9ca912bb81e5a89747ebf3ca9c20dc0f?s=96&d=mm&r=g","url":"https:\/\/secure.gravatar.com\/avatar\/555f0dd85428f1a9330f8e5dbe9e40ff9ca912bb81e5a89747ebf3ca9c20dc0f?s=96&d=mm&r=g","contentUrl":"https:\/\/secure.gravatar.com\/avatar\/555f0dd85428f1a9330f8e5dbe9e40ff9ca912bb81e5a89747ebf3ca9c20dc0f?s=96&d=mm&r=g","caption":"mundi"},"sameAs":["http:\/\/mundi-roth.de"],"url":"https:\/\/www.mundi-roth.de\/teneriffa-blog\/author\/mundi\/"}]}},"_links":{"self":[{"href":"https:\/\/www.mundi-roth.de\/teneriffa-blog\/wp-json\/wp\/v2\/posts\/6672","targetHints":{"allow":["GET"]}}],"collection":[{"href":"https:\/\/www.mundi-roth.de\/teneriffa-blog\/wp-json\/wp\/v2\/posts"}],"about":[{"href":"https:\/\/www.mundi-roth.de\/teneriffa-blog\/wp-json\/wp\/v2\/types\/post"}],"author":[{"embeddable":true,"href":"https:\/\/www.mundi-roth.de\/teneriffa-blog\/wp-json\/wp\/v2\/users\/4"}],"replies":[{"embeddable":true,"href":"https:\/\/www.mundi-roth.de\/teneriffa-blog\/wp-json\/wp\/v2\/comments?post=6672"}],"version-history":[{"count":0,"href":"https:\/\/www.mundi-roth.de\/teneriffa-blog\/wp-json\/wp\/v2\/posts\/6672\/revisions"}],"wp:attachment":[{"href":"https:\/\/www.mundi-roth.de\/teneriffa-blog\/wp-json\/wp\/v2\/media?parent=6672"}],"wp:term":[{"taxonomy":"category","embeddable":true,"href":"https:\/\/www.mundi-roth.de\/teneriffa-blog\/wp-json\/wp\/v2\/categories?post=6672"},{"taxonomy":"post_tag","embeddable":true,"href":"https:\/\/www.mundi-roth.de\/teneriffa-blog\/wp-json\/wp\/v2\/tags?post=6672"}],"curies":[{"name":"wp","href":"https:\/\/api.w.org\/{rel}","templated":true}]}}