{"id":6742,"date":"2020-03-19T16:00:11","date_gmt":"2020-03-19T15:00:11","guid":{"rendered":"https:\/\/www.mundi-roth.de\/teneriffa-blog\/?p=6742"},"modified":"2020-03-19T18:19:03","modified_gmt":"2020-03-19T17:19:03","slug":"abschied","status":"publish","type":"post","link":"https:\/\/www.mundi-roth.de\/teneriffa-blog\/allgemein\/abschied\/","title":{"rendered":"Abschied"},"content":{"rendered":"<p style=\"text-align: center;\"><strong>Adi\u00f3s!<\/strong><br \/>\n<strong>Aufwiedersehen!<\/strong><\/p>\n<p style=\"text-align: center;\"><strong>Es gibt den Spruch: \u201eAlles hat seine Zeit\u201c<\/strong><\/p>\n<p>Der Spruch trifft nun auf uns zu.<br \/>\nMein lieber Mann und ich hatten beschlossen, 22 Jahre monatelange Teneriffa-Aufenthalte sind genug! Wir brechen unsere Zelte hier ab!<\/p>\n<p>Zwar hatten wir uns den Abschied anders vorgestellt als es sich nun ergibt.<br \/>\nMir schwebte noch eine sch\u00f6ne Abschlusswanderung mit Elisabeth vor.<br \/>\nAngedacht war die Gala-Umrundung, die ja fast schon zur Tradition im Fr\u00fchjahr geworden war, denn die Sinfonie in Gelb der G\u00e4nsedisteln mit dem Ausblick zum Teide und auf der anderen Seite auf das Meer \u00fcber Masca hinweg, das hatte schon was!<br \/>\nAber: Die Ausgangssperre wegen des Coronavirus macht uns einen Strich durch die Planung.<br \/>\nDer spanische Pr\u00e4sident Pedor S\u00e1nchez hat f\u00fcr ganz Spanien Ausgangssperre verh\u00e4ngt, man darf nur noch zum Lebensmittelladen, zur Apotheke, zum Arzt, zur Bank und zur Tankstelle. Polizeistreifen fahren rund und kontrollieren und befragen wohin des Weges, ob es gerechtfertig ist, dass man unterwegs ist, wie mir eben am Telefon eine ehemalige Wanderfreundin mitteilte.<\/p>\n<p>So freuen wir uns, dass wir viele Jahre die Insel ungehindert \u201egenie\u00dfen\u201c durften und werden uns gerne erinnern.<\/p>\n<p>Man soll jedoch nie \u201enie\u201c sagen!<\/p>\n<p>Wenn es die \u00e4u\u00dferen Umst\u00e4nde zulassen, kommen wir sicher noch gerne f\u00fcr einige Wochen auf die Insel, die Elisabeth und ich uns ja regelrecht erlaufen haben.<\/p>\n<p>266 Wanderungen habe ich beschrieben \u2013 wenn ich mich nicht verz\u00e4hlt habe.<br \/>\nDen Ansto\u00df dazu gab unser Sohn, da ich mich bei ihm beklagt hatte, dass man sich an den damals vorhandenen Wanderf\u00fchrern oft nur schlecht orientieren konnte. Da meinte er lakonisch: \u201eDann mach\u2018 es doch besser.\u201c<\/p>\n<p>Das habe ich versucht und wie die Resonanz zeigte, kam es gut an. In der Hoch-Zeit besuchten monatlich \u00fcber 5000 Wanderinnen und nat\u00fcrlich Wanderer unsere Seite und lie\u00dfen sich inspirieren.<br \/>\nAber es war nicht nur eine Einbahnstra\u00dfe, auch wir bekamen viele wertvolle Tipps welche Tour und wie man sie gehen kann.<br \/>\nZudem wurden diverse Beschreibungen von Elke, einer \u201efollowerin\u201c mit den Fahrzeiten f\u00fcr Busverbindungen erg\u00e4nzt, wenn man nicht so einen lieben \u201eTaxifahrer\u201c wie meinen lieben Mann hat.<\/p>\n<p>Die erste Tour, an der ich mich versuchte sie zu beschreiben war am 16. Februar 2007 \u201eLa Cruz de la Monta\u00f1a de Tamaimo.\u201c<\/p>\n<p>Lieblingswanderung? Schwierig! Da die Insel so abwechslungsreich und vielfaltig in Gesteinsformationen und Flora zu verschiedenen Jahreszeiten ist, kann es gar nicht DIE Wanderung geben.<\/p>\n<p>Stolz sind Elisabeth und ich, dass wir in etlichen Etappen die 84 km lange Wanderung von El Rosario im Esperanzawald bis Arona gegangen sind.<br \/>\nAuch die gro\u00dfe Tour: der camino real, der alte Handelsweg der unter dem Schutz des K\u00f6nigs stand von Candelaria bis Santiago del Teide \u2013 unterst\u00fctzt von Francisco Farina durch GPS Daten \u2013 war beeindruckend, abenteuerlich, da oft keinerlei Pfade auszumachen waren.<\/p>\n<p>Netten Begebenheiten hatten wir:<\/p>\n<p>Trafen wir zum Beispiel auf deutschsprachige Wanderer und kamen ins Gespr\u00e4ch wurde uns manches Mal eine web-Seite empfohlen, wonach sich gut wandern lie\u00df: mundi-roth.de \u2013 Wenn Elisabeth und ich uns dann zu erkennen gaben, dass wir dahinter stecken war das Hallo gro\u00df und es wurde so gar darum gebeten, das wir uns mit ihnen fotografieren lassen.<\/p>\n<p>Oder:<br \/>\nElisabeth und ich machten Rast mit Blick auf El Palm Mar und h\u00f6rten Wanderer kommen und da sagt doch tats\u00e4chlich ein Herr: \u201eDie Damen kenne ich, mit denen bin ich schon gewandert.\u201c Elisabeth und ich unisono: \u201eNein\u201c. Und es war doch wahr: Auf der Tour von Aguamansa nach Arafo bat er, sich uns anschlie\u00dfen zu d\u00fcrfen und was waren wir froh, denn beim Abstieg nach Arafo wurde der Nebel so dicht, dass man keinen Weg und keinen Steig mehr erkennen konnte. ABER: J\u00fcrgen hatte damals schon GPS und konnte uns sicher nach unten leiten.<br \/>\nDas nennt man gl\u00fccklichen Zufall.<\/p>\n<p>Oder:<br \/>\nGanz witzig: Elisabeth und ich kamen abgek\u00e4mpft von der Wanderung in San Andr\u00e9s an, da wir wiederholt vergeblich versucht hatten die Playa Antequerra zu finden. Da fragte uns ein junges P\u00e4rchen, ob wir es mit bis nach Santa Cruz nehmen k\u00f6nnten. Konnten wir.<br \/>\nWie es so \u00fcblich ist, fragten wir nat\u00fcrlich auch wo sie wandern waren und dann kam folgendes raus:<br \/>\nSie waren bei der Seeampel und dann haben sie versucht die Playa de Antequerra zu finden, denn sie h\u00e4tten auf einer web-side von \u201ezwei M\u00e4dels\u201c gelesen, dass sie diese Tour auch gegangen sind und auch besagte Bucht gesucht haben.<br \/>\nWas war das Gel\u00e4chter gro\u00df als wir uns dann zu erkennen gaben: Die zwei M\u00e4dels sind wir! Zwei Frauen gesetzten Alters davon ich in sehr gesetztem Alter.<\/p>\n<p>Eine ganz andere Anekdote, die das Verh\u00e4ltnis der Tinerfe\u00f1os zu den Festland-Spaniern aufzeigt:<br \/>\nElisabeth und ich kamen vom Roque Imoque und wir begegneten 3 Wanderern gesetzten Alters, ganz z\u00fcnftig mit Wanderstab und Hund. Da wir vermuteten, dass sie von unserem Hausberg, dem Conde, auf der R\u00fcckseite abgestiegen sind. Diesen Abstieg haben wir bisher vergeblich gesucht und wir fragen nat\u00fcrlich, ob sie vom Conde k\u00e4men.<br \/>\nDa baute sich der Kleinere von ihnen vor mir auf, stemmte die Arme in die H\u00fcften und meinte: \u201eConde? Der hei\u00dft Ichasagua. Der hei\u00dft erst Conde seitdem uns die Spanier die Insel gestohlen haben.\u201c<br \/>\nAnmerkung zur Geschichte: Die Spanier eroberten Teneriffa 1496 und Ichasagua war ein Guanchenf\u00fcrst, der den Spaniern von hier aus lange Widerstand geleistet hat.<\/p>\n<p>So lie\u00dfen sich noch eine Reihe Hist\u00f6rchen erz\u00e4hlen.<\/p>\n<p>Ja, es war eine wunderbare Zeit unsere w\u00f6chentlichen Wanderungen und ich bin dem Zufall dankbar, dass er Elisabeth und mich zusammengef\u00fchrt hat. Eine bessere Wanderfreundin kann ich mir nicht vorstellen!<\/p>\n<p>So bleibt mir nur noch dankbar zu sein, dass wir so gut zu Fu\u00df waren, so viel Sch\u00f6nes erlebt haben und die \u00e4u\u00dferen Umst\u00e4nde g\u00fcnstig f\u00fcr uns waren!<\/p>\n<p>Wie ich anfangs schon schrieb: Wer wei\u00df, vielleicht kommen wir ja irgendwann wieder \u201eauf Besuch\u201c auf die Insel und wandern \u2026\u2026\u2026..<\/p>\n","protected":false},"excerpt":{"rendered":"<p>Adi\u00f3s! Aufwiedersehen! Es gibt den Spruch: \u201eAlles hat seine Zeit\u201c Der Spruch trifft nun auf uns zu. Mein lieber Mann und ich hatten beschlossen, 22 Jahre monatelange Teneriffa-Aufenthalte sind genug! Wir brechen unsere Zelte hier ab! Zwar hatten wir uns den Abschied anders vorgestellt als es sich nun ergibt. Mir schwebte noch eine sch\u00f6ne Abschlusswanderung [&hellip;]<\/p>\n","protected":false},"author":4,"featured_media":0,"comment_status":"open","ping_status":"open","sticky":false,"template":"","format":"standard","meta":{"footnotes":""},"categories":[1],"tags":[],"class_list":["post-6742","post","type-post","status-publish","format-standard","hentry","category-allgemein"],"yoast_head":"<!-- This site is optimized with the Yoast SEO plugin v27.5 - https:\/\/yoast.com\/product\/yoast-seo-wordpress\/ -->\n<title>Abschied - Teneriffa Wandern<\/title>\n<meta name=\"robots\" content=\"index, follow, max-snippet:-1, max-image-preview:large, max-video-preview:-1\" \/>\n<link rel=\"canonical\" href=\"https:\/\/www.mundi-roth.de\/teneriffa-blog\/allgemein\/abschied\/\" \/>\n<meta name=\"twitter:label1\" content=\"Verfasst von\" \/>\n\t<meta name=\"twitter:data1\" content=\"mundi\" \/>\n\t<meta name=\"twitter:label2\" content=\"Gesch\u00e4tzte Lesezeit\" \/>\n\t<meta name=\"twitter:data2\" content=\"5\u00a0Minuten\" \/>\n<script type=\"application\/ld+json\" class=\"yoast-schema-graph\">{\"@context\":\"https:\\\/\\\/schema.org\",\"@graph\":[{\"@type\":\"Article\",\"@id\":\"https:\\\/\\\/www.mundi-roth.de\\\/teneriffa-blog\\\/allgemein\\\/abschied\\\/#article\",\"isPartOf\":{\"@id\":\"https:\\\/\\\/www.mundi-roth.de\\\/teneriffa-blog\\\/allgemein\\\/abschied\\\/\"},\"author\":{\"name\":\"mundi\",\"@id\":\"https:\\\/\\\/www.mundi-roth.de\\\/teneriffa-blog\\\/#\\\/schema\\\/person\\\/971c66b55f3ae5e8741553688c413cac\"},\"headline\":\"Abschied\",\"datePublished\":\"2020-03-19T15:00:11+00:00\",\"dateModified\":\"2020-03-19T17:19:03+00:00\",\"mainEntityOfPage\":{\"@id\":\"https:\\\/\\\/www.mundi-roth.de\\\/teneriffa-blog\\\/allgemein\\\/abschied\\\/\"},\"wordCount\":995,\"commentCount\":2,\"inLanguage\":\"de\",\"potentialAction\":[{\"@type\":\"CommentAction\",\"name\":\"Comment\",\"target\":[\"https:\\\/\\\/www.mundi-roth.de\\\/teneriffa-blog\\\/allgemein\\\/abschied\\\/#respond\"]}]},{\"@type\":\"WebPage\",\"@id\":\"https:\\\/\\\/www.mundi-roth.de\\\/teneriffa-blog\\\/allgemein\\\/abschied\\\/\",\"url\":\"https:\\\/\\\/www.mundi-roth.de\\\/teneriffa-blog\\\/allgemein\\\/abschied\\\/\",\"name\":\"Abschied - Teneriffa Wandern\",\"isPartOf\":{\"@id\":\"https:\\\/\\\/www.mundi-roth.de\\\/teneriffa-blog\\\/#website\"},\"datePublished\":\"2020-03-19T15:00:11+00:00\",\"dateModified\":\"2020-03-19T17:19:03+00:00\",\"author\":{\"@id\":\"https:\\\/\\\/www.mundi-roth.de\\\/teneriffa-blog\\\/#\\\/schema\\\/person\\\/971c66b55f3ae5e8741553688c413cac\"},\"breadcrumb\":{\"@id\":\"https:\\\/\\\/www.mundi-roth.de\\\/teneriffa-blog\\\/allgemein\\\/abschied\\\/#breadcrumb\"},\"inLanguage\":\"de\",\"potentialAction\":[{\"@type\":\"ReadAction\",\"target\":[\"https:\\\/\\\/www.mundi-roth.de\\\/teneriffa-blog\\\/allgemein\\\/abschied\\\/\"]}]},{\"@type\":\"BreadcrumbList\",\"@id\":\"https:\\\/\\\/www.mundi-roth.de\\\/teneriffa-blog\\\/allgemein\\\/abschied\\\/#breadcrumb\",\"itemListElement\":[{\"@type\":\"ListItem\",\"position\":1,\"name\":\"Startseite\",\"item\":\"https:\\\/\\\/www.mundi-roth.de\\\/teneriffa-blog\\\/\"},{\"@type\":\"ListItem\",\"position\":2,\"name\":\"Abschied\"}]},{\"@type\":\"WebSite\",\"@id\":\"https:\\\/\\\/www.mundi-roth.de\\\/teneriffa-blog\\\/#website\",\"url\":\"https:\\\/\\\/www.mundi-roth.de\\\/teneriffa-blog\\\/\",\"name\":\"Teneriffa Wandern\",\"description\":\"Nicht nur Wanderungen auf Teneriffa...\",\"potentialAction\":[{\"@type\":\"SearchAction\",\"target\":{\"@type\":\"EntryPoint\",\"urlTemplate\":\"https:\\\/\\\/www.mundi-roth.de\\\/teneriffa-blog\\\/?s={search_term_string}\"},\"query-input\":{\"@type\":\"PropertyValueSpecification\",\"valueRequired\":true,\"valueName\":\"search_term_string\"}}],\"inLanguage\":\"de\"},{\"@type\":\"Person\",\"@id\":\"https:\\\/\\\/www.mundi-roth.de\\\/teneriffa-blog\\\/#\\\/schema\\\/person\\\/971c66b55f3ae5e8741553688c413cac\",\"name\":\"mundi\",\"image\":{\"@type\":\"ImageObject\",\"inLanguage\":\"de\",\"@id\":\"https:\\\/\\\/secure.gravatar.com\\\/avatar\\\/555f0dd85428f1a9330f8e5dbe9e40ff9ca912bb81e5a89747ebf3ca9c20dc0f?s=96&d=mm&r=g\",\"url\":\"https:\\\/\\\/secure.gravatar.com\\\/avatar\\\/555f0dd85428f1a9330f8e5dbe9e40ff9ca912bb81e5a89747ebf3ca9c20dc0f?s=96&d=mm&r=g\",\"contentUrl\":\"https:\\\/\\\/secure.gravatar.com\\\/avatar\\\/555f0dd85428f1a9330f8e5dbe9e40ff9ca912bb81e5a89747ebf3ca9c20dc0f?s=96&d=mm&r=g\",\"caption\":\"mundi\"},\"sameAs\":[\"http:\\\/\\\/mundi-roth.de\"],\"url\":\"https:\\\/\\\/www.mundi-roth.de\\\/teneriffa-blog\\\/author\\\/mundi\\\/\"}]}<\/script>\n<!-- \/ Yoast SEO plugin. -->","yoast_head_json":{"title":"Abschied - Teneriffa Wandern","robots":{"index":"index","follow":"follow","max-snippet":"max-snippet:-1","max-image-preview":"max-image-preview:large","max-video-preview":"max-video-preview:-1"},"canonical":"https:\/\/www.mundi-roth.de\/teneriffa-blog\/allgemein\/abschied\/","twitter_misc":{"Verfasst von":"mundi","Gesch\u00e4tzte Lesezeit":"5\u00a0Minuten"},"schema":{"@context":"https:\/\/schema.org","@graph":[{"@type":"Article","@id":"https:\/\/www.mundi-roth.de\/teneriffa-blog\/allgemein\/abschied\/#article","isPartOf":{"@id":"https:\/\/www.mundi-roth.de\/teneriffa-blog\/allgemein\/abschied\/"},"author":{"name":"mundi","@id":"https:\/\/www.mundi-roth.de\/teneriffa-blog\/#\/schema\/person\/971c66b55f3ae5e8741553688c413cac"},"headline":"Abschied","datePublished":"2020-03-19T15:00:11+00:00","dateModified":"2020-03-19T17:19:03+00:00","mainEntityOfPage":{"@id":"https:\/\/www.mundi-roth.de\/teneriffa-blog\/allgemein\/abschied\/"},"wordCount":995,"commentCount":2,"inLanguage":"de","potentialAction":[{"@type":"CommentAction","name":"Comment","target":["https:\/\/www.mundi-roth.de\/teneriffa-blog\/allgemein\/abschied\/#respond"]}]},{"@type":"WebPage","@id":"https:\/\/www.mundi-roth.de\/teneriffa-blog\/allgemein\/abschied\/","url":"https:\/\/www.mundi-roth.de\/teneriffa-blog\/allgemein\/abschied\/","name":"Abschied - Teneriffa Wandern","isPartOf":{"@id":"https:\/\/www.mundi-roth.de\/teneriffa-blog\/#website"},"datePublished":"2020-03-19T15:00:11+00:00","dateModified":"2020-03-19T17:19:03+00:00","author":{"@id":"https:\/\/www.mundi-roth.de\/teneriffa-blog\/#\/schema\/person\/971c66b55f3ae5e8741553688c413cac"},"breadcrumb":{"@id":"https:\/\/www.mundi-roth.de\/teneriffa-blog\/allgemein\/abschied\/#breadcrumb"},"inLanguage":"de","potentialAction":[{"@type":"ReadAction","target":["https:\/\/www.mundi-roth.de\/teneriffa-blog\/allgemein\/abschied\/"]}]},{"@type":"BreadcrumbList","@id":"https:\/\/www.mundi-roth.de\/teneriffa-blog\/allgemein\/abschied\/#breadcrumb","itemListElement":[{"@type":"ListItem","position":1,"name":"Startseite","item":"https:\/\/www.mundi-roth.de\/teneriffa-blog\/"},{"@type":"ListItem","position":2,"name":"Abschied"}]},{"@type":"WebSite","@id":"https:\/\/www.mundi-roth.de\/teneriffa-blog\/#website","url":"https:\/\/www.mundi-roth.de\/teneriffa-blog\/","name":"Teneriffa Wandern","description":"Nicht nur Wanderungen auf Teneriffa...","potentialAction":[{"@type":"SearchAction","target":{"@type":"EntryPoint","urlTemplate":"https:\/\/www.mundi-roth.de\/teneriffa-blog\/?s={search_term_string}"},"query-input":{"@type":"PropertyValueSpecification","valueRequired":true,"valueName":"search_term_string"}}],"inLanguage":"de"},{"@type":"Person","@id":"https:\/\/www.mundi-roth.de\/teneriffa-blog\/#\/schema\/person\/971c66b55f3ae5e8741553688c413cac","name":"mundi","image":{"@type":"ImageObject","inLanguage":"de","@id":"https:\/\/secure.gravatar.com\/avatar\/555f0dd85428f1a9330f8e5dbe9e40ff9ca912bb81e5a89747ebf3ca9c20dc0f?s=96&d=mm&r=g","url":"https:\/\/secure.gravatar.com\/avatar\/555f0dd85428f1a9330f8e5dbe9e40ff9ca912bb81e5a89747ebf3ca9c20dc0f?s=96&d=mm&r=g","contentUrl":"https:\/\/secure.gravatar.com\/avatar\/555f0dd85428f1a9330f8e5dbe9e40ff9ca912bb81e5a89747ebf3ca9c20dc0f?s=96&d=mm&r=g","caption":"mundi"},"sameAs":["http:\/\/mundi-roth.de"],"url":"https:\/\/www.mundi-roth.de\/teneriffa-blog\/author\/mundi\/"}]}},"_links":{"self":[{"href":"https:\/\/www.mundi-roth.de\/teneriffa-blog\/wp-json\/wp\/v2\/posts\/6742","targetHints":{"allow":["GET"]}}],"collection":[{"href":"https:\/\/www.mundi-roth.de\/teneriffa-blog\/wp-json\/wp\/v2\/posts"}],"about":[{"href":"https:\/\/www.mundi-roth.de\/teneriffa-blog\/wp-json\/wp\/v2\/types\/post"}],"author":[{"embeddable":true,"href":"https:\/\/www.mundi-roth.de\/teneriffa-blog\/wp-json\/wp\/v2\/users\/4"}],"replies":[{"embeddable":true,"href":"https:\/\/www.mundi-roth.de\/teneriffa-blog\/wp-json\/wp\/v2\/comments?post=6742"}],"version-history":[{"count":0,"href":"https:\/\/www.mundi-roth.de\/teneriffa-blog\/wp-json\/wp\/v2\/posts\/6742\/revisions"}],"wp:attachment":[{"href":"https:\/\/www.mundi-roth.de\/teneriffa-blog\/wp-json\/wp\/v2\/media?parent=6742"}],"wp:term":[{"taxonomy":"category","embeddable":true,"href":"https:\/\/www.mundi-roth.de\/teneriffa-blog\/wp-json\/wp\/v2\/categories?post=6742"},{"taxonomy":"post_tag","embeddable":true,"href":"https:\/\/www.mundi-roth.de\/teneriffa-blog\/wp-json\/wp\/v2\/tags?post=6742"}],"curies":[{"name":"wp","href":"https:\/\/api.w.org\/{rel}","templated":true}]}}