{"id":678,"date":"2009-03-20T19:00:51","date_gmt":"2009-03-20T18:00:51","guid":{"rendered":"http:\/\/www.mundi-roth.de\/teneriffa-blog\/?p=678"},"modified":"2015-04-12T11:34:27","modified_gmt":"2015-04-12T10:34:27","slug":"montana-guaza","status":"publish","type":"post","link":"https:\/\/www.mundi-roth.de\/teneriffa-blog\/wanderungen\/montana-guaza\/","title":{"rendered":"Monta\u00f1a Guaza"},"content":{"rendered":"<p><strong>Mesa de Guaza<\/strong><\/p>\n<p>Ein Kleinod vor der Haust\u00fcre, wenn man im S\u00fcden von Teneriffa wohnt.<br \/>\nDieser Raum wurde durch die Gesetze von 1987, 1994 als sch\u00fctzenswerter Naturraum deklariert. Das sagt wohl alles.<br \/>\nZudem wurde er durch das Gesetz von 1990 als \u201e\u00c1rea de Sensibilidad Ecol\u00f3gica\u201c definiert.\u00a0 Das bedeutet, dass diese Zone durch ihren Eigenwert im Hinblick auf Natur, Kultur, Landschaft und ihr \u00f6kologisches Gleichgewicht besonders sch\u00fctzenswert ist.<\/p>\n<p>Aber solche Deklarationen reichen nicht, um sich vorzustellen, welch<a href=\"http:\/\/www.mundi-roth.de\/teneriffa-blog\/wp-content\/uploads\/2009\/03\/p1030679.jpg\" rel=\"lightbox[678]\"><img loading=\"lazy\" decoding=\"async\" class=\"alignright size-thumbnail wp-image-688\" title=\"p1030679\" src=\"http:\/\/www.mundi-roth.de\/teneriffa-blog\/wp-content\/uploads\/2009\/03\/p1030679-150x112.jpg\" alt=\"p1030679\" width=\"150\" height=\"112\" srcset=\"https:\/\/www.mundi-roth.de\/teneriffa-blog\/wp-content\/uploads\/2009\/03\/p1030679-150x112.jpg 150w, https:\/\/www.mundi-roth.de\/teneriffa-blog\/wp-content\/uploads\/2009\/03\/p1030679-300x225.jpg 300w, https:\/\/www.mundi-roth.de\/teneriffa-blog\/wp-content\/uploads\/2009\/03\/p1030679.jpg 600w\" sizes=\"auto, (max-width: 150px) 100vw, 150px\" \/><\/a> sch\u00f6ner \u201eSteingarten\u201c &#8211; mit Flechten \u00fcberzogenen <a href=\"http:\/\/www.mundi-roth.de\/teneriffa-blog\/wp-content\/uploads\/2009\/03\/sany1531.jpg\" rel=\"lightbox[678]\"><img loading=\"lazy\" decoding=\"async\" class=\"alignleft size-thumbnail wp-image-689\" title=\"sany1531\" src=\"http:\/\/www.mundi-roth.de\/teneriffa-blog\/wp-content\/uploads\/2009\/03\/sany1531-150x112.jpg\" alt=\"sany1531\" width=\"150\" height=\"112\" srcset=\"https:\/\/www.mundi-roth.de\/teneriffa-blog\/wp-content\/uploads\/2009\/03\/sany1531-150x112.jpg 150w, https:\/\/www.mundi-roth.de\/teneriffa-blog\/wp-content\/uploads\/2009\/03\/sany1531-300x225.jpg 300w, https:\/\/www.mundi-roth.de\/teneriffa-blog\/wp-content\/uploads\/2009\/03\/sany1531.jpg 600w\" sizes=\"auto, (max-width: 150px) 100vw, 150px\" \/><\/a>Steinen, Leuchterblumen, Strandflieder und und und &#8211; sich hier oben auf der Mesa , dem Tisch, befindet.<\/p>\n<p><strong>Wander-Wegstrecke:<\/strong> Rundweg, sehr variabel von 1 \u00bd Stunden bis ???<\/p>\n<p>Wir beginnen unsere Wanderung am \u201eParque Tropical III\u201c. Folgen ein kurzes <a href=\"http:\/\/www.mundi-roth.de\/teneriffa-blog\/wp-content\/uploads\/2009\/03\/weg01b.jpg\" rel=\"lightbox[678]\"><img loading=\"lazy\" decoding=\"async\" class=\"alignleft size-thumbnail wp-image-687\" title=\"weg01b\" src=\"http:\/\/www.mundi-roth.de\/teneriffa-blog\/wp-content\/uploads\/2009\/03\/weg01b-150x121.jpg\" alt=\"weg01b\" width=\"150\" height=\"121\" srcset=\"https:\/\/www.mundi-roth.de\/teneriffa-blog\/wp-content\/uploads\/2009\/03\/weg01b-150x121.jpg 150w, https:\/\/www.mundi-roth.de\/teneriffa-blog\/wp-content\/uploads\/2009\/03\/weg01b-300x242.jpg 300w, https:\/\/www.mundi-roth.de\/teneriffa-blog\/wp-content\/uploads\/2009\/03\/weg01b.jpg 479w\" sizes=\"auto, (max-width: 150px) 100vw, 150px\" \/><\/a>St\u00fcck dem von Palmen ges\u00e4umten B\u00fcrgersteig, bis zum Hinweis, dass wir ab hier gesch\u00fctzten Raum betreten. \u201eEspacio natural protegido\u201c. Hier biegen wir rechts auf den gut sichtbaren, staubigen Pfad ab. Sofort geht es steil bergauf und wir gelangen an einen mit Steinm\u00e4nnchen verzierten Holzpfahl. Hier gehen wir rechts weiter sanft ansteigend in -Serpentinen &#8211; bergauf, lassen den rechts abzweigenden Pfad au\u00dfer acht \u2013 hier kommen wir sp\u00e4ter zur\u00fcck \u2013 und kommen an einem \u201eMarterl\u201c (ein Gedenkkreuz f\u00fcr einen hier Verungl\u00fcckten) vorbei. Ca. 30 Minuten gehen wir auf dem nicht zu verfehlenden Weg bergauf, umh\u00fcllt vom Duft oder lieber gesagt vom Geruch<a href=\"http:\/\/www.mundi-roth.de\/teneriffa-blog\/wp-content\/uploads\/2009\/03\/p1030673.jpg\" rel=\"lightbox[678]\"><img loading=\"lazy\" decoding=\"async\" class=\"alignright size-thumbnail wp-image-679\" title=\"p1030673\" src=\"http:\/\/www.mundi-roth.de\/teneriffa-blog\/wp-content\/uploads\/2009\/03\/p1030673-150x112.jpg\" alt=\"p1030673\" width=\"150\" height=\"112\" srcset=\"https:\/\/www.mundi-roth.de\/teneriffa-blog\/wp-content\/uploads\/2009\/03\/p1030673-150x112.jpg 150w, https:\/\/www.mundi-roth.de\/teneriffa-blog\/wp-content\/uploads\/2009\/03\/p1030673-300x225.jpg 300w, https:\/\/www.mundi-roth.de\/teneriffa-blog\/wp-content\/uploads\/2009\/03\/p1030673.jpg 600w\" sizes=\"auto, (max-width: 150px) 100vw, 150px\" \/><\/a> (schlecht gel\u00fcfteter Ziegenstall) eines kleinen, gelb-bl\u00fchenden Strauches <em>Gymnocarpos decander<\/em> (Mato de costa \u2013 Nacktfrucht), begleitet von Margaritenb\u00fcschen und Tabaibas.<\/p>\n<p><a href=\"http:\/\/www.mundi-roth.de\/teneriffa-blog\/wp-content\/uploads\/2009\/03\/p1030675x.jpg\" rel=\"lightbox[678]\"><img loading=\"lazy\" decoding=\"async\" class=\"alignleft size-thumbnail wp-image-680\" title=\"p1030675x\" src=\"http:\/\/www.mundi-roth.de\/teneriffa-blog\/wp-content\/uploads\/2009\/03\/p1030675x-150x94.jpg\" alt=\"p1030675x\" width=\"150\" height=\"94\" srcset=\"https:\/\/www.mundi-roth.de\/teneriffa-blog\/wp-content\/uploads\/2009\/03\/p1030675x-150x94.jpg 150w, https:\/\/www.mundi-roth.de\/teneriffa-blog\/wp-content\/uploads\/2009\/03\/p1030675x-300x189.jpg 300w, https:\/\/www.mundi-roth.de\/teneriffa-blog\/wp-content\/uploads\/2009\/03\/p1030675x.jpg 577w\" sizes=\"auto, (max-width: 150px) 100vw, 150px\" \/><\/a>Oben angekommen erwartet uns ein gro\u00dfer Berg aufgeschlichteter Steine. Von hier aus hat man einmal einen sch\u00f6nen Blick auf Los Cristianos, den Hafen, Playa de las Americas und auf den Conde.<br \/>\nUnd zum anderen hat man\u00a0 nun die freie Wahl wie man die Wanderung <a href=\"http:\/\/www.mundi-roth.de\/teneriffa-blog\/wp-content\/uploads\/2009\/03\/p1030678.jpg\" rel=\"lightbox[678]\"><img loading=\"lazy\" decoding=\"async\" class=\"alignright size-thumbnail wp-image-681\" title=\"p1030678\" src=\"http:\/\/www.mundi-roth.de\/teneriffa-blog\/wp-content\/uploads\/2009\/03\/p1030678-150x102.jpg\" alt=\"p1030678\" width=\"150\" height=\"102\" srcset=\"https:\/\/www.mundi-roth.de\/teneriffa-blog\/wp-content\/uploads\/2009\/03\/p1030678-150x102.jpg 150w, https:\/\/www.mundi-roth.de\/teneriffa-blog\/wp-content\/uploads\/2009\/03\/p1030678-300x205.jpg 300w, https:\/\/www.mundi-roth.de\/teneriffa-blog\/wp-content\/uploads\/2009\/03\/p1030678.jpg 586w\" sizes=\"auto, (max-width: 150px) 100vw, 150px\" \/><\/a>fortsetzt. Viele Wege durchziehen diese sanft zum Meer hin abfallende Ebene, \u201eMesa\u201c (Tisch) genannt. Wenn man \u2013 wie wir \u2013 den Rundweg gehen will, braucht man sich nur als grobe Marschrichtung merken: Hangabw\u00e4rts, leicht rechts halten.<br \/>\nNicht zu empfehlen: Aufstieg zum mit Sendemasten verunzierten Gipfel. <em>Lohnt wirklich nicht<\/em>!<br \/>\nMan kann sich links halten und bis zu einer ehemaligen Tomaten-Finca gehen, die bis in die sechziger Jahre noch bewirtschaftet wurde und von dort hangabw\u00e4rts wandern.<br \/>\nWir gehen vom Steinberg rechts bergab bis zum n\u00e4chsten gro\u00dfen Steinhaufen, der von zwei kleinen begleitet ist, und halten uns hier links.<br \/>\nAm Abhang zur Steilk\u00fcste legen wir eine Pause ein und beobachten den Flug der M\u00f6wen, das Ablegen der F\u00e4hre und genie\u00dfen den sch\u00f6nen Blick.<br \/>\n<a href=\"http:\/\/www.mundi-roth.de\/teneriffa-blog\/wp-content\/uploads\/2009\/03\/p1030683.jpg\" rel=\"lightbox[678]\"><img loading=\"lazy\" decoding=\"async\" class=\"alignleft size-thumbnail wp-image-682\" title=\"p1030683\" src=\"http:\/\/www.mundi-roth.de\/teneriffa-blog\/wp-content\/uploads\/2009\/03\/p1030683-150x112.jpg\" alt=\"p1030683\" width=\"150\" height=\"112\" srcset=\"https:\/\/www.mundi-roth.de\/teneriffa-blog\/wp-content\/uploads\/2009\/03\/p1030683-150x112.jpg 150w, https:\/\/www.mundi-roth.de\/teneriffa-blog\/wp-content\/uploads\/2009\/03\/p1030683-300x225.jpg 300w, https:\/\/www.mundi-roth.de\/teneriffa-blog\/wp-content\/uploads\/2009\/03\/p1030683.jpg 600w\" sizes=\"auto, (max-width: 150px) 100vw, 150px\" \/><\/a>Nur die diversen K\u00e4fige, in denen Fische gez\u00fcchtet werden, st\u00f6ren das Bild.<\/p>\n<p>Von hier gehen wir \u2013 mit Blickrichtung zum Meer \u2013 rechts, nun stets an der Steilk\u00fcste entlang. Nur f\u00fcr <a href=\"http:\/\/www.mundi-roth.de\/teneriffa-blog\/wp-content\/uploads\/2009\/03\/p1030688.jpg\" rel=\"lightbox[678]\"><img loading=\"lazy\" decoding=\"async\" class=\"alignright size-thumbnail wp-image-683\" title=\"p1030688\" src=\"http:\/\/www.mundi-roth.de\/teneriffa-blog\/wp-content\/uploads\/2009\/03\/p1030688-150x112.jpg\" alt=\"p1030688\" width=\"150\" height=\"112\" srcset=\"https:\/\/www.mundi-roth.de\/teneriffa-blog\/wp-content\/uploads\/2009\/03\/p1030688-150x112.jpg 150w, https:\/\/www.mundi-roth.de\/teneriffa-blog\/wp-content\/uploads\/2009\/03\/p1030688-300x225.jpg 300w, https:\/\/www.mundi-roth.de\/teneriffa-blog\/wp-content\/uploads\/2009\/03\/p1030688.jpg 600w\" sizes=\"auto, (max-width: 150px) 100vw, 150px\" \/><\/a>Schwindelfreie! Zeitweise geht es direkt neben dem Pfad ganz sch\u00f6n steil bergab und vor einiger Zeit ist wohl auch ein Steinschlag niedergegangen.\u00a0 Wir <a href=\"http:\/\/www.mundi-roth.de\/teneriffa-blog\/wp-content\/uploads\/2009\/03\/sany1534.jpg\" rel=\"lightbox[678]\"><img loading=\"lazy\" decoding=\"async\" class=\"alignleft size-thumbnail wp-image-690\" title=\"sany1534\" src=\"http:\/\/www.mundi-roth.de\/teneriffa-blog\/wp-content\/uploads\/2009\/03\/sany1534-150x112.jpg\" alt=\"sany1534\" width=\"150\" height=\"112\" srcset=\"https:\/\/www.mundi-roth.de\/teneriffa-blog\/wp-content\/uploads\/2009\/03\/sany1534-150x112.jpg 150w, https:\/\/www.mundi-roth.de\/teneriffa-blog\/wp-content\/uploads\/2009\/03\/sany1534-300x225.jpg 300w, https:\/\/www.mundi-roth.de\/teneriffa-blog\/wp-content\/uploads\/2009\/03\/sany1534.jpg 600w\" sizes=\"auto, (max-width: 150px) 100vw, 150px\" \/><\/a>nehmen uns aber auch die Zeit, wundersch\u00f6ne Kleinodien &#8211; wie diese h\u00fcbschen <em>Anagalis arvensis<\/em> &#8211; (Acker Gauchheil) am Wegesrand zu betrachten. Unterwegs kommen wir noch an den Abraumresten der Steingewinnung vorbei.<br \/>\nDer Chasna-Stein wurde hier abgebaut. Er wurde als Fassade f\u00fcr viele <a href=\"http:\/\/www.mundi-roth.de\/teneriffa-blog\/wp-content\/uploads\/2009\/03\/p1030685a.jpg\" rel=\"lightbox[678]\"><img loading=\"lazy\" decoding=\"async\" class=\"alignright size-thumbnail wp-image-684\" title=\"p1030685a\" src=\"http:\/\/www.mundi-roth.de\/teneriffa-blog\/wp-content\/uploads\/2009\/03\/p1030685a-150x84.jpg\" alt=\"p1030685a\" width=\"150\" height=\"84\" srcset=\"https:\/\/www.mundi-roth.de\/teneriffa-blog\/wp-content\/uploads\/2009\/03\/p1030685a-150x84.jpg 150w, https:\/\/www.mundi-roth.de\/teneriffa-blog\/wp-content\/uploads\/2009\/03\/p1030685a-300x168.jpg 300w, https:\/\/www.mundi-roth.de\/teneriffa-blog\/wp-content\/uploads\/2009\/03\/p1030685a.jpg 600w\" sizes=\"auto, (max-width: 150px) 100vw, 150px\" \/><\/a>Bauten, bevorzugt religi\u00f6se, jedoch auch Herrschaftsbauten verwendet. Der Beginn des Abbaus f\u00fchrt bis ins 17. Jahrhundert zur\u00fcck. Der intensivste Steinabbruch fand jedoch im 19. Jahrhundert statt. In dieser Zeit wurden die Steine sogar auf andere Inseln oder bis nach Amerika exportiert. Der Hafen von Los Cristianos war ja nah.<\/p>\n<p>Wir kommen fast in H\u00f6he des \u201eMarterls\u201c wieder auf den Hinweg, der nun f\u00fcr das kurze St\u00fcck auch unser R\u00fcckweg ist.<\/p>\n<p><strong>Besonderheit:<\/strong><br \/>\nVor zwei Jahren machte ich hier eine vom Ayuntamiento von Arona durchgef\u00fchrte Wanderung mit. Wanderf\u00fchrerin war eine Biologin und sie kl\u00e4rte uns \u00fcber die Einzigartigkeit dieses Gebietes auf.<br \/>\nVor mehreren hunderttausend Jahren ist der Lavastrom des Vulkans Guaza auf das Meer gesto\u00dfen und die Monta\u00f1a Guaza ist ein einmaliges, kiesels\u00e4urereiches Vulkangeb\u00e4ude.<br \/>\nDass hier oben das Hirtenwesen und der Tomatenanbau praktiziert wurden, geh\u00f6rt der Vergangenheit an.<br \/>\nWahrscheinlich wird auch die Nutznie\u00dfung aus verschiedenen Pflanzen nicht mehr wahrgenommen. So hat man fr\u00fcher aus der Balsam-Wolfsmilch, der Euphorbia balsam\u00edfera, Kaugummi und Klebemittel hergestellt und es diente zur Heilung von Frostbeulen und wurde zum Absetzen der Zicklein verwandt.<br \/>\n<a href=\"http:\/\/www.mundi-roth.de\/teneriffa-blog\/wp-content\/uploads\/2009\/03\/p10306771.jpg\" rel=\"lightbox[678]\"><img loading=\"lazy\" decoding=\"async\" class=\"alignleft size-thumbnail wp-image-686\" title=\"p10306771\" src=\"http:\/\/www.mundi-roth.de\/teneriffa-blog\/wp-content\/uploads\/2009\/03\/p10306771-150x100.jpg\" alt=\"p10306771\" width=\"150\" height=\"100\" srcset=\"https:\/\/www.mundi-roth.de\/teneriffa-blog\/wp-content\/uploads\/2009\/03\/p10306771-150x100.jpg 150w, https:\/\/www.mundi-roth.de\/teneriffa-blog\/wp-content\/uploads\/2009\/03\/p10306771-300x200.jpg 300w, https:\/\/www.mundi-roth.de\/teneriffa-blog\/wp-content\/uploads\/2009\/03\/p10306771.jpg 536w\" sizes=\"auto, (max-width: 150px) 100vw, 150px\" \/><\/a>Die vielen, wundersch\u00f6nen, farbenpr\u00e4chtigen Flechten fallen nicht nur zur Erbauung ins Auge. Fr\u00fcher hatte die dunkelbraune Orseilleflechte (Orchilla-Roccella canariensis) als F\u00e4rbemittel eine wirtschaftliche Bedeutung.<br \/>\nDie Biologin berichtete uns auch, dass hier oben noch ein Refugium f\u00fcr Flederm\u00e4use ist, welches jedoch durch die Bebauung in Palm Mar und damit viel Licht, gef\u00e4hrdet ist.<br \/>\nNoch eine Besonderheit gibt es hier oben: Au\u00dfer in El Hierro existieren hier noch die gro\u00dfen Eidechsen. Aber auch sie sind leider durch die vielen streunenden Katzen bedroht.<br \/>\nDie Steilk\u00fcste bildet f\u00fcr die Wei\u00dfkopfm\u00f6we und den Gelbschnabel-Sturmtaucher den Nistplatz.<\/p>\n<p>Die Universit\u00e4t von La Laguna beobachtet hier an der Steilk\u00fcste das Geschehen und sieht mit Unmut, dass durch die Fischk\u00e4fige auch noch \u201efreie\u201c Fische angelockt werden und sogar Delphine, die sich dann von dem ausstr\u00f6menden Futter ern\u00e4hren, was absolut nicht artgerecht ist.<\/p>\n<p><strong>Anfahrt:<\/strong><a href=\"http:\/\/www.mundi-roth.de\/teneriffa-blog\/wp-content\/uploads\/2009\/03\/anfahrt1.jpg\" rel=\"lightbox[678]\"><img loading=\"lazy\" decoding=\"async\" class=\"alignright size-thumbnail wp-image-693\" title=\"anfahrt1\" src=\"http:\/\/www.mundi-roth.de\/teneriffa-blog\/wp-content\/uploads\/2009\/03\/anfahrt1-150x118.jpg\" alt=\"anfahrt1\" width=\"150\" height=\"118\" srcset=\"https:\/\/www.mundi-roth.de\/teneriffa-blog\/wp-content\/uploads\/2009\/03\/anfahrt1-150x118.jpg 150w, https:\/\/www.mundi-roth.de\/teneriffa-blog\/wp-content\/uploads\/2009\/03\/anfahrt1-300x236.jpg 300w, https:\/\/www.mundi-roth.de\/teneriffa-blog\/wp-content\/uploads\/2009\/03\/anfahrt1.jpg 521w\" sizes=\"auto, (max-width: 150px) 100vw, 150px\" \/><\/a><br \/>\nIn Los Cristianos fahren wir am Grand-Hotel Arona vorbei bis zum Parque Tropical III, Calle Marea, hier gibt es ausreichend Parkplatz.<\/p>\n","protected":false},"excerpt":{"rendered":"<p>Mesa de Guaza Ein Kleinod vor der Haust\u00fcre, wenn man im S\u00fcden von Teneriffa wohnt. Dieser Raum wurde durch die Gesetze von 1987, 1994 als sch\u00fctzenswerter Naturraum deklariert. Das sagt wohl alles. Zudem wurde er durch das Gesetz von 1990 als \u201e\u00c1rea de Sensibilidad Ecol\u00f3gica\u201c definiert.\u00a0 Das bedeutet, dass diese Zone durch ihren Eigenwert im [&hellip;]<\/p>\n","protected":false},"author":3,"featured_media":0,"comment_status":"open","ping_status":"open","sticky":false,"template":"","format":"standard","meta":{"footnotes":""},"categories":[775,6],"tags":[218,185,195,217,219,3,4],"class_list":["post-678","post","type-post","status-publish","format-standard","hentry","category-arona","category-wanderungen","tag-chasna-stein","tag-guaza","tag-los-cristianos","tag-mesa","tag-steingewinnung","tag-teneriffa","tag-wandern"],"yoast_head":"<!-- This site is optimized with the Yoast SEO plugin v27.5 - https:\/\/yoast.com\/product\/yoast-seo-wordpress\/ -->\n<title>Monta\u00f1a Guaza - Teneriffa Wandern<\/title>\n<meta name=\"robots\" content=\"index, follow, max-snippet:-1, max-image-preview:large, max-video-preview:-1\" \/>\n<link rel=\"canonical\" href=\"https:\/\/www.mundi-roth.de\/teneriffa-blog\/wanderungen\/montana-guaza\/\" \/>\n<meta name=\"twitter:label1\" content=\"Verfasst von\" \/>\n\t<meta name=\"twitter:data1\" content=\"ir\" \/>\n\t<meta name=\"twitter:label2\" content=\"Gesch\u00e4tzte Lesezeit\" \/>\n\t<meta name=\"twitter:data2\" content=\"4\u00a0Minuten\" \/>\n<script type=\"application\/ld+json\" class=\"yoast-schema-graph\">{\"@context\":\"https:\\\/\\\/schema.org\",\"@graph\":[{\"@type\":\"Article\",\"@id\":\"https:\\\/\\\/www.mundi-roth.de\\\/teneriffa-blog\\\/wanderungen\\\/montana-guaza\\\/#article\",\"isPartOf\":{\"@id\":\"https:\\\/\\\/www.mundi-roth.de\\\/teneriffa-blog\\\/wanderungen\\\/montana-guaza\\\/\"},\"author\":{\"name\":\"ir\",\"@id\":\"https:\\\/\\\/www.mundi-roth.de\\\/teneriffa-blog\\\/#\\\/schema\\\/person\\\/3afd0d251449790d15367c9aa52d203d\"},\"headline\":\"Monta\u00f1a Guaza\",\"datePublished\":\"2009-03-20T18:00:51+00:00\",\"dateModified\":\"2015-04-12T10:34:27+00:00\",\"mainEntityOfPage\":{\"@id\":\"https:\\\/\\\/www.mundi-roth.de\\\/teneriffa-blog\\\/wanderungen\\\/montana-guaza\\\/\"},\"wordCount\":892,\"commentCount\":0,\"image\":{\"@id\":\"https:\\\/\\\/www.mundi-roth.de\\\/teneriffa-blog\\\/wanderungen\\\/montana-guaza\\\/#primaryimage\"},\"thumbnailUrl\":\"http:\\\/\\\/www.mundi-roth.de\\\/teneriffa-blog\\\/wp-content\\\/uploads\\\/2009\\\/03\\\/p1030679-150x112.jpg\",\"keywords\":[\"Chasna-Stein\",\"Guaza\",\"Los Cristianos\",\"Mesa\",\"Steingewinnung\",\"Teneriffa\",\"Wandern\"],\"articleSection\":[\"Arona\",\"Wanderungen\"],\"inLanguage\":\"de\",\"potentialAction\":[{\"@type\":\"CommentAction\",\"name\":\"Comment\",\"target\":[\"https:\\\/\\\/www.mundi-roth.de\\\/teneriffa-blog\\\/wanderungen\\\/montana-guaza\\\/#respond\"]}]},{\"@type\":\"WebPage\",\"@id\":\"https:\\\/\\\/www.mundi-roth.de\\\/teneriffa-blog\\\/wanderungen\\\/montana-guaza\\\/\",\"url\":\"https:\\\/\\\/www.mundi-roth.de\\\/teneriffa-blog\\\/wanderungen\\\/montana-guaza\\\/\",\"name\":\"Monta\u00f1a Guaza - Teneriffa Wandern\",\"isPartOf\":{\"@id\":\"https:\\\/\\\/www.mundi-roth.de\\\/teneriffa-blog\\\/#website\"},\"primaryImageOfPage\":{\"@id\":\"https:\\\/\\\/www.mundi-roth.de\\\/teneriffa-blog\\\/wanderungen\\\/montana-guaza\\\/#primaryimage\"},\"image\":{\"@id\":\"https:\\\/\\\/www.mundi-roth.de\\\/teneriffa-blog\\\/wanderungen\\\/montana-guaza\\\/#primaryimage\"},\"thumbnailUrl\":\"http:\\\/\\\/www.mundi-roth.de\\\/teneriffa-blog\\\/wp-content\\\/uploads\\\/2009\\\/03\\\/p1030679-150x112.jpg\",\"datePublished\":\"2009-03-20T18:00:51+00:00\",\"dateModified\":\"2015-04-12T10:34:27+00:00\",\"author\":{\"@id\":\"https:\\\/\\\/www.mundi-roth.de\\\/teneriffa-blog\\\/#\\\/schema\\\/person\\\/3afd0d251449790d15367c9aa52d203d\"},\"breadcrumb\":{\"@id\":\"https:\\\/\\\/www.mundi-roth.de\\\/teneriffa-blog\\\/wanderungen\\\/montana-guaza\\\/#breadcrumb\"},\"inLanguage\":\"de\",\"potentialAction\":[{\"@type\":\"ReadAction\",\"target\":[\"https:\\\/\\\/www.mundi-roth.de\\\/teneriffa-blog\\\/wanderungen\\\/montana-guaza\\\/\"]}]},{\"@type\":\"ImageObject\",\"inLanguage\":\"de\",\"@id\":\"https:\\\/\\\/www.mundi-roth.de\\\/teneriffa-blog\\\/wanderungen\\\/montana-guaza\\\/#primaryimage\",\"url\":\"https:\\\/\\\/www.mundi-roth.de\\\/teneriffa-blog\\\/wp-content\\\/uploads\\\/2009\\\/03\\\/p1030679.jpg\",\"contentUrl\":\"https:\\\/\\\/www.mundi-roth.de\\\/teneriffa-blog\\\/wp-content\\\/uploads\\\/2009\\\/03\\\/p1030679.jpg\",\"width\":\"600\",\"height\":\"450\"},{\"@type\":\"BreadcrumbList\",\"@id\":\"https:\\\/\\\/www.mundi-roth.de\\\/teneriffa-blog\\\/wanderungen\\\/montana-guaza\\\/#breadcrumb\",\"itemListElement\":[{\"@type\":\"ListItem\",\"position\":1,\"name\":\"Startseite\",\"item\":\"https:\\\/\\\/www.mundi-roth.de\\\/teneriffa-blog\\\/\"},{\"@type\":\"ListItem\",\"position\":2,\"name\":\"Monta\u00f1a Guaza\"}]},{\"@type\":\"WebSite\",\"@id\":\"https:\\\/\\\/www.mundi-roth.de\\\/teneriffa-blog\\\/#website\",\"url\":\"https:\\\/\\\/www.mundi-roth.de\\\/teneriffa-blog\\\/\",\"name\":\"Teneriffa Wandern\",\"description\":\"Nicht nur Wanderungen auf Teneriffa...\",\"potentialAction\":[{\"@type\":\"SearchAction\",\"target\":{\"@type\":\"EntryPoint\",\"urlTemplate\":\"https:\\\/\\\/www.mundi-roth.de\\\/teneriffa-blog\\\/?s={search_term_string}\"},\"query-input\":{\"@type\":\"PropertyValueSpecification\",\"valueRequired\":true,\"valueName\":\"search_term_string\"}}],\"inLanguage\":\"de\"},{\"@type\":\"Person\",\"@id\":\"https:\\\/\\\/www.mundi-roth.de\\\/teneriffa-blog\\\/#\\\/schema\\\/person\\\/3afd0d251449790d15367c9aa52d203d\",\"name\":\"ir\",\"image\":{\"@type\":\"ImageObject\",\"inLanguage\":\"de\",\"@id\":\"https:\\\/\\\/secure.gravatar.com\\\/avatar\\\/e67b41513c921c2bb58363f44c8a00a447c9a2526ad8ff71b5b6257e5f7f5c66?s=96&d=mm&r=g\",\"url\":\"https:\\\/\\\/secure.gravatar.com\\\/avatar\\\/e67b41513c921c2bb58363f44c8a00a447c9a2526ad8ff71b5b6257e5f7f5c66?s=96&d=mm&r=g\",\"contentUrl\":\"https:\\\/\\\/secure.gravatar.com\\\/avatar\\\/e67b41513c921c2bb58363f44c8a00a447c9a2526ad8ff71b5b6257e5f7f5c66?s=96&d=mm&r=g\",\"caption\":\"ir\"},\"sameAs\":[\"http:\\\/\\\/www.mundi-roth.de\"],\"url\":\"https:\\\/\\\/www.mundi-roth.de\\\/teneriffa-blog\\\/author\\\/ir\\\/\"}]}<\/script>\n<!-- \/ Yoast SEO plugin. -->","yoast_head_json":{"title":"Monta\u00f1a Guaza - Teneriffa Wandern","robots":{"index":"index","follow":"follow","max-snippet":"max-snippet:-1","max-image-preview":"max-image-preview:large","max-video-preview":"max-video-preview:-1"},"canonical":"https:\/\/www.mundi-roth.de\/teneriffa-blog\/wanderungen\/montana-guaza\/","twitter_misc":{"Verfasst von":"ir","Gesch\u00e4tzte Lesezeit":"4\u00a0Minuten"},"schema":{"@context":"https:\/\/schema.org","@graph":[{"@type":"Article","@id":"https:\/\/www.mundi-roth.de\/teneriffa-blog\/wanderungen\/montana-guaza\/#article","isPartOf":{"@id":"https:\/\/www.mundi-roth.de\/teneriffa-blog\/wanderungen\/montana-guaza\/"},"author":{"name":"ir","@id":"https:\/\/www.mundi-roth.de\/teneriffa-blog\/#\/schema\/person\/3afd0d251449790d15367c9aa52d203d"},"headline":"Monta\u00f1a Guaza","datePublished":"2009-03-20T18:00:51+00:00","dateModified":"2015-04-12T10:34:27+00:00","mainEntityOfPage":{"@id":"https:\/\/www.mundi-roth.de\/teneriffa-blog\/wanderungen\/montana-guaza\/"},"wordCount":892,"commentCount":0,"image":{"@id":"https:\/\/www.mundi-roth.de\/teneriffa-blog\/wanderungen\/montana-guaza\/#primaryimage"},"thumbnailUrl":"http:\/\/www.mundi-roth.de\/teneriffa-blog\/wp-content\/uploads\/2009\/03\/p1030679-150x112.jpg","keywords":["Chasna-Stein","Guaza","Los Cristianos","Mesa","Steingewinnung","Teneriffa","Wandern"],"articleSection":["Arona","Wanderungen"],"inLanguage":"de","potentialAction":[{"@type":"CommentAction","name":"Comment","target":["https:\/\/www.mundi-roth.de\/teneriffa-blog\/wanderungen\/montana-guaza\/#respond"]}]},{"@type":"WebPage","@id":"https:\/\/www.mundi-roth.de\/teneriffa-blog\/wanderungen\/montana-guaza\/","url":"https:\/\/www.mundi-roth.de\/teneriffa-blog\/wanderungen\/montana-guaza\/","name":"Monta\u00f1a Guaza - Teneriffa Wandern","isPartOf":{"@id":"https:\/\/www.mundi-roth.de\/teneriffa-blog\/#website"},"primaryImageOfPage":{"@id":"https:\/\/www.mundi-roth.de\/teneriffa-blog\/wanderungen\/montana-guaza\/#primaryimage"},"image":{"@id":"https:\/\/www.mundi-roth.de\/teneriffa-blog\/wanderungen\/montana-guaza\/#primaryimage"},"thumbnailUrl":"http:\/\/www.mundi-roth.de\/teneriffa-blog\/wp-content\/uploads\/2009\/03\/p1030679-150x112.jpg","datePublished":"2009-03-20T18:00:51+00:00","dateModified":"2015-04-12T10:34:27+00:00","author":{"@id":"https:\/\/www.mundi-roth.de\/teneriffa-blog\/#\/schema\/person\/3afd0d251449790d15367c9aa52d203d"},"breadcrumb":{"@id":"https:\/\/www.mundi-roth.de\/teneriffa-blog\/wanderungen\/montana-guaza\/#breadcrumb"},"inLanguage":"de","potentialAction":[{"@type":"ReadAction","target":["https:\/\/www.mundi-roth.de\/teneriffa-blog\/wanderungen\/montana-guaza\/"]}]},{"@type":"ImageObject","inLanguage":"de","@id":"https:\/\/www.mundi-roth.de\/teneriffa-blog\/wanderungen\/montana-guaza\/#primaryimage","url":"https:\/\/www.mundi-roth.de\/teneriffa-blog\/wp-content\/uploads\/2009\/03\/p1030679.jpg","contentUrl":"https:\/\/www.mundi-roth.de\/teneriffa-blog\/wp-content\/uploads\/2009\/03\/p1030679.jpg","width":"600","height":"450"},{"@type":"BreadcrumbList","@id":"https:\/\/www.mundi-roth.de\/teneriffa-blog\/wanderungen\/montana-guaza\/#breadcrumb","itemListElement":[{"@type":"ListItem","position":1,"name":"Startseite","item":"https:\/\/www.mundi-roth.de\/teneriffa-blog\/"},{"@type":"ListItem","position":2,"name":"Monta\u00f1a Guaza"}]},{"@type":"WebSite","@id":"https:\/\/www.mundi-roth.de\/teneriffa-blog\/#website","url":"https:\/\/www.mundi-roth.de\/teneriffa-blog\/","name":"Teneriffa Wandern","description":"Nicht nur Wanderungen auf Teneriffa...","potentialAction":[{"@type":"SearchAction","target":{"@type":"EntryPoint","urlTemplate":"https:\/\/www.mundi-roth.de\/teneriffa-blog\/?s={search_term_string}"},"query-input":{"@type":"PropertyValueSpecification","valueRequired":true,"valueName":"search_term_string"}}],"inLanguage":"de"},{"@type":"Person","@id":"https:\/\/www.mundi-roth.de\/teneriffa-blog\/#\/schema\/person\/3afd0d251449790d15367c9aa52d203d","name":"ir","image":{"@type":"ImageObject","inLanguage":"de","@id":"https:\/\/secure.gravatar.com\/avatar\/e67b41513c921c2bb58363f44c8a00a447c9a2526ad8ff71b5b6257e5f7f5c66?s=96&d=mm&r=g","url":"https:\/\/secure.gravatar.com\/avatar\/e67b41513c921c2bb58363f44c8a00a447c9a2526ad8ff71b5b6257e5f7f5c66?s=96&d=mm&r=g","contentUrl":"https:\/\/secure.gravatar.com\/avatar\/e67b41513c921c2bb58363f44c8a00a447c9a2526ad8ff71b5b6257e5f7f5c66?s=96&d=mm&r=g","caption":"ir"},"sameAs":["http:\/\/www.mundi-roth.de"],"url":"https:\/\/www.mundi-roth.de\/teneriffa-blog\/author\/ir\/"}]}},"_links":{"self":[{"href":"https:\/\/www.mundi-roth.de\/teneriffa-blog\/wp-json\/wp\/v2\/posts\/678","targetHints":{"allow":["GET"]}}],"collection":[{"href":"https:\/\/www.mundi-roth.de\/teneriffa-blog\/wp-json\/wp\/v2\/posts"}],"about":[{"href":"https:\/\/www.mundi-roth.de\/teneriffa-blog\/wp-json\/wp\/v2\/types\/post"}],"author":[{"embeddable":true,"href":"https:\/\/www.mundi-roth.de\/teneriffa-blog\/wp-json\/wp\/v2\/users\/3"}],"replies":[{"embeddable":true,"href":"https:\/\/www.mundi-roth.de\/teneriffa-blog\/wp-json\/wp\/v2\/comments?post=678"}],"version-history":[{"count":0,"href":"https:\/\/www.mundi-roth.de\/teneriffa-blog\/wp-json\/wp\/v2\/posts\/678\/revisions"}],"wp:attachment":[{"href":"https:\/\/www.mundi-roth.de\/teneriffa-blog\/wp-json\/wp\/v2\/media?parent=678"}],"wp:term":[{"taxonomy":"category","embeddable":true,"href":"https:\/\/www.mundi-roth.de\/teneriffa-blog\/wp-json\/wp\/v2\/categories?post=678"},{"taxonomy":"post_tag","embeddable":true,"href":"https:\/\/www.mundi-roth.de\/teneriffa-blog\/wp-json\/wp\/v2\/tags?post=678"}],"curies":[{"name":"wp","href":"https:\/\/api.w.org\/{rel}","templated":true}]}}