{"id":697,"date":"2009-03-25T20:00:17","date_gmt":"2009-03-25T19:00:17","guid":{"rendered":"http:\/\/www.mundi-roth.de\/teneriffa-blog\/?p=697"},"modified":"2015-04-12T11:33:02","modified_gmt":"2015-04-12T10:33:02","slug":"oberhalb-von-las-vegas","status":"publish","type":"post","link":"https:\/\/www.mundi-roth.de\/teneriffa-blog\/wanderungen\/oberhalb-von-las-vegas\/","title":{"rendered":"Oberhalb von Las Vegas"},"content":{"rendered":"<p><strong><em>Zur jetzigen Zeit: ein Bl\u00fctenparadies.<br \/>\nZudem gibt es beeindruckende Felsformationen und intensiv betriebene Landwirtschaft zu bestaunen.<br \/>\n<\/em><\/strong><strong><br \/>\nWanderwegstrecke:<\/strong> 3 Stunden<a href=\"http:\/\/www.mundi-roth.de\/teneriffa-blog\/wp-content\/uploads\/2009\/03\/weg03x.jpg\" rel=\"lightbox[697]\"><img loading=\"lazy\" decoding=\"async\" class=\"alignright size-thumbnail wp-image-714\" title=\"weg03x\" src=\"http:\/\/www.mundi-roth.de\/teneriffa-blog\/wp-content\/uploads\/2009\/03\/weg03x-150x95.jpg\" alt=\"weg03x\" width=\"150\" height=\"95\" srcset=\"https:\/\/www.mundi-roth.de\/teneriffa-blog\/wp-content\/uploads\/2009\/03\/weg03x-150x95.jpg 150w, https:\/\/www.mundi-roth.de\/teneriffa-blog\/wp-content\/uploads\/2009\/03\/weg03x-300x190.jpg 300w, https:\/\/www.mundi-roth.de\/teneriffa-blog\/wp-content\/uploads\/2009\/03\/weg03x.jpg 456w\" sizes=\"auto, (max-width: 150px) 100vw, 150px\" \/><\/a><\/p>\n<p>Die H\u00e4lfte der Strecke geht steil bergauf,\u00a0 die andere H\u00e4lfte \u00fcber einen ausgewaschenen Fahrweg bergab.<br \/>\nJedoch: Der Aufstieg geht durch ein Bl\u00fctenparadies. Traumhaft sch\u00f6n die gro\u00dfen B\u00fcsche des blaubl\u00fchenden Natternkopfes und der kleinen Pflanzen des Bonnets Natternkopfes, sowie das kleine, blaubl\u00fchende Ackergauchheil, wei\u00dfbl\u00fchender Sprossender Gei\u00dfklee und wei\u00dfbl\u00fchende Margariten, gelbbl\u00fchende Ringelblumen und die Wolfsmilch und dazwischen leuchtend die G\u00e4nsedisteln, lilafarbener Lavendel, rosafarbene Zistrosen<a href=\"http:\/\/www.mundi-roth.de\/teneriffa-blog\/wp-content\/uploads\/2009\/03\/sany1546a.jpg\" rel=\"lightbox[697]\"><img loading=\"lazy\" decoding=\"async\" class=\"alignright size-thumbnail wp-image-701\" title=\"sany1546a\" src=\"http:\/\/www.mundi-roth.de\/teneriffa-blog\/wp-content\/uploads\/2009\/03\/sany1546a-150x108.jpg\" alt=\"sany1546a\" width=\"150\" height=\"108\" srcset=\"https:\/\/www.mundi-roth.de\/teneriffa-blog\/wp-content\/uploads\/2009\/03\/sany1546a-150x108.jpg 150w, https:\/\/www.mundi-roth.de\/teneriffa-blog\/wp-content\/uploads\/2009\/03\/sany1546a-300x217.jpg 300w, https:\/\/www.mundi-roth.de\/teneriffa-blog\/wp-content\/uploads\/2009\/03\/sany1546a.jpg 600w\" sizes=\"auto, (max-width: 150px) 100vw, 150px\" \/><\/a> und Cenerarien, das Gr\u00fcn der noch nicht erbl\u00fchten wei\u00dfen Zistrosen.<br \/>\nWir steigen erst auf dem etwas staubigen Weg steil bergan und weichen nicht rechts ab zum graugemauerten Wasserbecken. Wir folgen der Wasserleitung, <a href=\"http:\/\/www.mundi-roth.de\/teneriffa-blog\/wp-content\/uploads\/2009\/03\/sany1538a.jpg\" rel=\"lightbox[697]\"><img loading=\"lazy\" decoding=\"async\" class=\"alignleft size-thumbnail wp-image-699\" title=\"sany1538a\" src=\"http:\/\/www.mundi-roth.de\/teneriffa-blog\/wp-content\/uploads\/2009\/03\/sany1538a-139x150.jpg\" alt=\"sany1538a\" width=\"139\" height=\"150\" srcset=\"https:\/\/www.mundi-roth.de\/teneriffa-blog\/wp-content\/uploads\/2009\/03\/sany1538a-139x150.jpg 139w, https:\/\/www.mundi-roth.de\/teneriffa-blog\/wp-content\/uploads\/2009\/03\/sany1538a-278x300.jpg 278w, https:\/\/www.mundi-roth.de\/teneriffa-blog\/wp-content\/uploads\/2009\/03\/sany1538a.jpg 447w\" sizes=\"auto, (max-width: 139px) 100vw, 139px\" \/><\/a>die frisches Wasser bergab transportiert. An der Ecke bl\u00fcht zur Zeit kr\u00e4ftig rosa ein Pfirsichb\u00e4umchen. Wir gehen weiter bergauf bis wir an einer Kiefer den unteren Weg w\u00e4hlen. Hier geht ein gro\u00dfes St\u00fcck des Weges durch ein Bl\u00fctenmeer des blaubl\u00fchenden<a href=\"http:\/\/www.mundi-roth.de\/teneriffa-blog\/wp-content\/uploads\/2009\/03\/sany1536.jpg\" rel=\"lightbox[697]\"><img loading=\"lazy\" decoding=\"async\" class=\"alignright size-thumbnail wp-image-700\" title=\"sany1536\" src=\"http:\/\/www.mundi-roth.de\/teneriffa-blog\/wp-content\/uploads\/2009\/03\/sany1536-112x150.jpg\" alt=\"sany1536\" width=\"112\" height=\"150\" srcset=\"https:\/\/www.mundi-roth.de\/teneriffa-blog\/wp-content\/uploads\/2009\/03\/sany1536-112x150.jpg 112w, https:\/\/www.mundi-roth.de\/teneriffa-blog\/wp-content\/uploads\/2009\/03\/sany1536-225x300.jpg 225w, https:\/\/www.mundi-roth.de\/teneriffa-blog\/wp-content\/uploads\/2009\/03\/sany1536.jpg 450w\" sizes=\"auto, (max-width: 112px) 100vw, 112px\" \/><\/a> Natternkopfes und des wei\u00dfbl\u00fchenden Sprossenden Gei\u00dfklees, des Escobon.<br \/>\nVor uns haben wir einen markanten Felskegel. Wir gehen rechts, quer am Hang hinauf und gelangen auf eine weite, schr\u00e4ge Fl\u00e4che. Wir halten uns an den von diversen Steinm\u00e4nnchen gezeichneten Weg, nicht zu weit rechts zum Barranco,\u00a0 immer weiter bergauf, zwischen noch nicht bl\u00fchenden Zistrosen. Inzwischen <a href=\"http:\/\/www.mundi-roth.de\/teneriffa-blog\/wp-content\/uploads\/2009\/03\/p1030697.jpg\" rel=\"lightbox[697]\"><img loading=\"lazy\" decoding=\"async\" class=\"alignleft size-thumbnail wp-image-702\" title=\"p1030697\" src=\"http:\/\/www.mundi-roth.de\/teneriffa-blog\/wp-content\/uploads\/2009\/03\/p1030697-112x150.jpg\" alt=\"p1030697\" width=\"112\" height=\"150\" srcset=\"https:\/\/www.mundi-roth.de\/teneriffa-blog\/wp-content\/uploads\/2009\/03\/p1030697-112x150.jpg 112w, https:\/\/www.mundi-roth.de\/teneriffa-blog\/wp-content\/uploads\/2009\/03\/p1030697-224x300.jpg 224w, https:\/\/www.mundi-roth.de\/teneriffa-blog\/wp-content\/uploads\/2009\/03\/p1030697.jpg 448w\" sizes=\"auto, (max-width: 112px) 100vw, 112px\" \/><\/a>gehen wir wie in einer Steinfurche, streckenweise auch von Steinen eingefasst, immer heiter weiter bergauf. Auf dem Weg passieren wir rechts zwei und links drei Kiefern. Noch ein St\u00fcck h\u00f6her kommen wir in einen Kiefernwald, durch den wir nun, zum Teil auf von Nadeln gepolstertem Weg, zum Teil \u00fcber Felsen, weiter hoch gehen, bis wir nach etwa 1 \u00bd Stunden einen Fahrweg erreichen.<br \/>\nHier oben halten wir uns rechts, ein markantes Schild weist uns daraufhin, dass wir nun die gesch\u00fctzte Zone verlassen und wir folgen dem,\u00a0 zum Teil sehr ausgewaschenen, Weg bergab. Ein Verlaufen gibt<a href=\"http:\/\/www.mundi-roth.de\/teneriffa-blog\/wp-content\/uploads\/2009\/03\/p10307002.jpg\" rel=\"lightbox[697]\"><img loading=\"lazy\" decoding=\"async\" class=\"alignright size-thumbnail wp-image-709\" title=\"p10307002\" src=\"http:\/\/www.mundi-roth.de\/teneriffa-blog\/wp-content\/uploads\/2009\/03\/p10307002-150x112.jpg\" alt=\"p10307002\" width=\"150\" height=\"112\" srcset=\"https:\/\/www.mundi-roth.de\/teneriffa-blog\/wp-content\/uploads\/2009\/03\/p10307002-150x112.jpg 150w, https:\/\/www.mundi-roth.de\/teneriffa-blog\/wp-content\/uploads\/2009\/03\/p10307002-300x225.jpg 300w, https:\/\/www.mundi-roth.de\/teneriffa-blog\/wp-content\/uploads\/2009\/03\/p10307002.jpg 600w\" sizes=\"auto, (max-width: 150px) 100vw, 150px\" \/><\/a> es nicht mehr.<br \/>\nEin St\u00fcck tiefer passieren wir ein gro\u00dfes Wasserbecken und einen gemauerten Turm, unterhalb sehen wir die Wasserverteilungsstelle und die gemauerte Wasserleitung begleitet uns ein St\u00fcck des Weges. Rechts und links k\u00f6nnen wir H\u00f6hlen und gut bearbeitete Terrassenfelder betrachten und die markanten Felsen des Barrancos.<br \/>\nNach noch mal knapp 1 \u00bd Stunden sind wir unten auf der TF 555, wo wir von einem lieben Mitwanderer, dem die ganze Strecke zu anstrengend war, mit dem Auto erwartet werden.<br \/>\nDie Autofahrer werden zu dem ca. 2 km entfernten Parkplatz gebracht, um die Fahrzeuge zu holen und damit ist eine wundersch\u00f6ne Wanderung zu Ende.<\/p>\n<p><strong>Anfahrt:<\/strong><br \/>\nVon Granadilla kommend auf der TF 28 bis zum Abzweig nach \u201eLas Vegas\u201c. <a href=\"http:\/\/www.mundi-roth.de\/teneriffa-blog\/wp-content\/uploads\/2009\/03\/anfahrt2.jpg\" rel=\"lightbox[697]\"><img loading=\"lazy\" decoding=\"async\" class=\"alignright size-thumbnail wp-image-704\" title=\"anfahrt2\" src=\"http:\/\/www.mundi-roth.de\/teneriffa-blog\/wp-content\/uploads\/2009\/03\/anfahrt2-150x117.jpg\" alt=\"anfahrt2\" width=\"150\" height=\"117\" srcset=\"https:\/\/www.mundi-roth.de\/teneriffa-blog\/wp-content\/uploads\/2009\/03\/anfahrt2-150x117.jpg 150w, https:\/\/www.mundi-roth.de\/teneriffa-blog\/wp-content\/uploads\/2009\/03\/anfahrt2-300x235.jpg 300w, https:\/\/www.mundi-roth.de\/teneriffa-blog\/wp-content\/uploads\/2009\/03\/anfahrt2.jpg 592w\" sizes=\"auto, (max-width: 150px) 100vw, 150px\" \/><\/a>An der Stra\u00dfe ist links eine Apotheke. Auf der TF 555 fahren wir hoch bis kurz vor dem Ortseingangsschild \u201eLas Vegas\u201c. Unmittelbar davor biegt scharf rechts ein kleiner staubiger Pfad ab, den fahren wir wenige Meter hoch und k\u00f6nnen hier gut parken.<\/p>\n<p><strong>Restaurant:<\/strong><\/p>\n<p><a href=\"http:\/\/www.mundi-roth.de\/teneriffa-blog\/wp-content\/uploads\/2009\/03\/restaurant1.jpg\" rel=\"lightbox[697]\"><img loading=\"lazy\" decoding=\"async\" class=\"alignleft size-thumbnail wp-image-706\" title=\"restaurant1\" src=\"http:\/\/www.mundi-roth.de\/teneriffa-blog\/wp-content\/uploads\/2009\/03\/restaurant1-150x130.jpg\" alt=\"restaurant1\" width=\"150\" height=\"130\" srcset=\"https:\/\/www.mundi-roth.de\/teneriffa-blog\/wp-content\/uploads\/2009\/03\/restaurant1-150x130.jpg 150w, https:\/\/www.mundi-roth.de\/teneriffa-blog\/wp-content\/uploads\/2009\/03\/restaurant1-300x261.jpg 300w, https:\/\/www.mundi-roth.de\/teneriffa-blog\/wp-content\/uploads\/2009\/03\/restaurant1.jpg 364w\" sizes=\"auto, (max-width: 150px) 100vw, 150px\" \/><\/a>Restaurant Mencey. Zwischen Granadilla und San Isidro. Tel. 922 77 17 78 Geschlossen Sonntag Abend und Montag<br \/>\n<strong>K\u00f6stlich: Secreto iberico!<\/strong><\/p>\n","protected":false},"excerpt":{"rendered":"<p>Zur jetzigen Zeit: ein Bl\u00fctenparadies. Zudem gibt es beeindruckende Felsformationen und intensiv betriebene Landwirtschaft zu bestaunen. Wanderwegstrecke: 3 Stunden Die H\u00e4lfte der Strecke geht steil bergauf,\u00a0 die andere H\u00e4lfte \u00fcber einen ausgewaschenen Fahrweg bergab. Jedoch: Der Aufstieg geht durch ein Bl\u00fctenparadies. Traumhaft sch\u00f6n die gro\u00dfen B\u00fcsche des blaubl\u00fchenden Natternkopfes und der kleinen Pflanzen des Bonnets [&hellip;]<\/p>\n","protected":false},"author":3,"featured_media":0,"comment_status":"open","ping_status":"open","sticky":false,"template":"","format":"standard","meta":{"footnotes":""},"categories":[773,6],"tags":[224,220,222,3,223,4,221],"class_list":["post-697","post","type-post","status-publish","format-standard","hentry","category-granadilla","category-wanderungen","tag-granadilla","tag-las-vegas","tag-natternkopf","tag-teneriffa","tag-tf-555","tag-wandern","tag-zistrosen"],"yoast_head":"<!-- This site is optimized with the Yoast SEO plugin v27.5 - https:\/\/yoast.com\/product\/yoast-seo-wordpress\/ -->\n<title>Oberhalb von Las Vegas - Teneriffa Wandern<\/title>\n<meta name=\"robots\" content=\"index, follow, max-snippet:-1, max-image-preview:large, max-video-preview:-1\" \/>\n<link rel=\"canonical\" href=\"https:\/\/www.mundi-roth.de\/teneriffa-blog\/wanderungen\/oberhalb-von-las-vegas\/\" \/>\n<meta name=\"twitter:label1\" content=\"Verfasst von\" \/>\n\t<meta name=\"twitter:data1\" content=\"ir\" \/>\n\t<meta name=\"twitter:label2\" content=\"Gesch\u00e4tzte Lesezeit\" \/>\n\t<meta name=\"twitter:data2\" content=\"3\u00a0Minuten\" \/>\n<script type=\"application\/ld+json\" class=\"yoast-schema-graph\">{\"@context\":\"https:\\\/\\\/schema.org\",\"@graph\":[{\"@type\":\"Article\",\"@id\":\"https:\\\/\\\/www.mundi-roth.de\\\/teneriffa-blog\\\/wanderungen\\\/oberhalb-von-las-vegas\\\/#article\",\"isPartOf\":{\"@id\":\"https:\\\/\\\/www.mundi-roth.de\\\/teneriffa-blog\\\/wanderungen\\\/oberhalb-von-las-vegas\\\/\"},\"author\":{\"name\":\"ir\",\"@id\":\"https:\\\/\\\/www.mundi-roth.de\\\/teneriffa-blog\\\/#\\\/schema\\\/person\\\/3afd0d251449790d15367c9aa52d203d\"},\"headline\":\"Oberhalb von Las Vegas\",\"datePublished\":\"2009-03-25T19:00:17+00:00\",\"dateModified\":\"2015-04-12T10:33:02+00:00\",\"mainEntityOfPage\":{\"@id\":\"https:\\\/\\\/www.mundi-roth.de\\\/teneriffa-blog\\\/wanderungen\\\/oberhalb-von-las-vegas\\\/\"},\"wordCount\":519,\"commentCount\":0,\"image\":{\"@id\":\"https:\\\/\\\/www.mundi-roth.de\\\/teneriffa-blog\\\/wanderungen\\\/oberhalb-von-las-vegas\\\/#primaryimage\"},\"thumbnailUrl\":\"http:\\\/\\\/www.mundi-roth.de\\\/teneriffa-blog\\\/wp-content\\\/uploads\\\/2009\\\/03\\\/weg03x-150x95.jpg\",\"keywords\":[\"Granadilla\",\"Las Vegas\",\"Natternkopf\",\"Teneriffa\",\"TF 555\",\"Wandern\",\"Zistrosen\"],\"articleSection\":[\"Granadilla\",\"Wanderungen\"],\"inLanguage\":\"de\",\"potentialAction\":[{\"@type\":\"CommentAction\",\"name\":\"Comment\",\"target\":[\"https:\\\/\\\/www.mundi-roth.de\\\/teneriffa-blog\\\/wanderungen\\\/oberhalb-von-las-vegas\\\/#respond\"]}]},{\"@type\":\"WebPage\",\"@id\":\"https:\\\/\\\/www.mundi-roth.de\\\/teneriffa-blog\\\/wanderungen\\\/oberhalb-von-las-vegas\\\/\",\"url\":\"https:\\\/\\\/www.mundi-roth.de\\\/teneriffa-blog\\\/wanderungen\\\/oberhalb-von-las-vegas\\\/\",\"name\":\"Oberhalb von Las Vegas - Teneriffa Wandern\",\"isPartOf\":{\"@id\":\"https:\\\/\\\/www.mundi-roth.de\\\/teneriffa-blog\\\/#website\"},\"primaryImageOfPage\":{\"@id\":\"https:\\\/\\\/www.mundi-roth.de\\\/teneriffa-blog\\\/wanderungen\\\/oberhalb-von-las-vegas\\\/#primaryimage\"},\"image\":{\"@id\":\"https:\\\/\\\/www.mundi-roth.de\\\/teneriffa-blog\\\/wanderungen\\\/oberhalb-von-las-vegas\\\/#primaryimage\"},\"thumbnailUrl\":\"http:\\\/\\\/www.mundi-roth.de\\\/teneriffa-blog\\\/wp-content\\\/uploads\\\/2009\\\/03\\\/weg03x-150x95.jpg\",\"datePublished\":\"2009-03-25T19:00:17+00:00\",\"dateModified\":\"2015-04-12T10:33:02+00:00\",\"author\":{\"@id\":\"https:\\\/\\\/www.mundi-roth.de\\\/teneriffa-blog\\\/#\\\/schema\\\/person\\\/3afd0d251449790d15367c9aa52d203d\"},\"breadcrumb\":{\"@id\":\"https:\\\/\\\/www.mundi-roth.de\\\/teneriffa-blog\\\/wanderungen\\\/oberhalb-von-las-vegas\\\/#breadcrumb\"},\"inLanguage\":\"de\",\"potentialAction\":[{\"@type\":\"ReadAction\",\"target\":[\"https:\\\/\\\/www.mundi-roth.de\\\/teneriffa-blog\\\/wanderungen\\\/oberhalb-von-las-vegas\\\/\"]}]},{\"@type\":\"ImageObject\",\"inLanguage\":\"de\",\"@id\":\"https:\\\/\\\/www.mundi-roth.de\\\/teneriffa-blog\\\/wanderungen\\\/oberhalb-von-las-vegas\\\/#primaryimage\",\"url\":\"https:\\\/\\\/www.mundi-roth.de\\\/teneriffa-blog\\\/wp-content\\\/uploads\\\/2009\\\/03\\\/weg03x.jpg\",\"contentUrl\":\"https:\\\/\\\/www.mundi-roth.de\\\/teneriffa-blog\\\/wp-content\\\/uploads\\\/2009\\\/03\\\/weg03x.jpg\",\"width\":\"456\",\"height\":\"289\"},{\"@type\":\"BreadcrumbList\",\"@id\":\"https:\\\/\\\/www.mundi-roth.de\\\/teneriffa-blog\\\/wanderungen\\\/oberhalb-von-las-vegas\\\/#breadcrumb\",\"itemListElement\":[{\"@type\":\"ListItem\",\"position\":1,\"name\":\"Startseite\",\"item\":\"https:\\\/\\\/www.mundi-roth.de\\\/teneriffa-blog\\\/\"},{\"@type\":\"ListItem\",\"position\":2,\"name\":\"Oberhalb von Las Vegas\"}]},{\"@type\":\"WebSite\",\"@id\":\"https:\\\/\\\/www.mundi-roth.de\\\/teneriffa-blog\\\/#website\",\"url\":\"https:\\\/\\\/www.mundi-roth.de\\\/teneriffa-blog\\\/\",\"name\":\"Teneriffa Wandern\",\"description\":\"Nicht nur Wanderungen auf Teneriffa...\",\"potentialAction\":[{\"@type\":\"SearchAction\",\"target\":{\"@type\":\"EntryPoint\",\"urlTemplate\":\"https:\\\/\\\/www.mundi-roth.de\\\/teneriffa-blog\\\/?s={search_term_string}\"},\"query-input\":{\"@type\":\"PropertyValueSpecification\",\"valueRequired\":true,\"valueName\":\"search_term_string\"}}],\"inLanguage\":\"de\"},{\"@type\":\"Person\",\"@id\":\"https:\\\/\\\/www.mundi-roth.de\\\/teneriffa-blog\\\/#\\\/schema\\\/person\\\/3afd0d251449790d15367c9aa52d203d\",\"name\":\"ir\",\"image\":{\"@type\":\"ImageObject\",\"inLanguage\":\"de\",\"@id\":\"https:\\\/\\\/secure.gravatar.com\\\/avatar\\\/e67b41513c921c2bb58363f44c8a00a447c9a2526ad8ff71b5b6257e5f7f5c66?s=96&d=mm&r=g\",\"url\":\"https:\\\/\\\/secure.gravatar.com\\\/avatar\\\/e67b41513c921c2bb58363f44c8a00a447c9a2526ad8ff71b5b6257e5f7f5c66?s=96&d=mm&r=g\",\"contentUrl\":\"https:\\\/\\\/secure.gravatar.com\\\/avatar\\\/e67b41513c921c2bb58363f44c8a00a447c9a2526ad8ff71b5b6257e5f7f5c66?s=96&d=mm&r=g\",\"caption\":\"ir\"},\"sameAs\":[\"http:\\\/\\\/www.mundi-roth.de\"],\"url\":\"https:\\\/\\\/www.mundi-roth.de\\\/teneriffa-blog\\\/author\\\/ir\\\/\"}]}<\/script>\n<!-- \/ Yoast SEO plugin. -->","yoast_head_json":{"title":"Oberhalb von Las Vegas - Teneriffa Wandern","robots":{"index":"index","follow":"follow","max-snippet":"max-snippet:-1","max-image-preview":"max-image-preview:large","max-video-preview":"max-video-preview:-1"},"canonical":"https:\/\/www.mundi-roth.de\/teneriffa-blog\/wanderungen\/oberhalb-von-las-vegas\/","twitter_misc":{"Verfasst von":"ir","Gesch\u00e4tzte Lesezeit":"3\u00a0Minuten"},"schema":{"@context":"https:\/\/schema.org","@graph":[{"@type":"Article","@id":"https:\/\/www.mundi-roth.de\/teneriffa-blog\/wanderungen\/oberhalb-von-las-vegas\/#article","isPartOf":{"@id":"https:\/\/www.mundi-roth.de\/teneriffa-blog\/wanderungen\/oberhalb-von-las-vegas\/"},"author":{"name":"ir","@id":"https:\/\/www.mundi-roth.de\/teneriffa-blog\/#\/schema\/person\/3afd0d251449790d15367c9aa52d203d"},"headline":"Oberhalb von Las Vegas","datePublished":"2009-03-25T19:00:17+00:00","dateModified":"2015-04-12T10:33:02+00:00","mainEntityOfPage":{"@id":"https:\/\/www.mundi-roth.de\/teneriffa-blog\/wanderungen\/oberhalb-von-las-vegas\/"},"wordCount":519,"commentCount":0,"image":{"@id":"https:\/\/www.mundi-roth.de\/teneriffa-blog\/wanderungen\/oberhalb-von-las-vegas\/#primaryimage"},"thumbnailUrl":"http:\/\/www.mundi-roth.de\/teneriffa-blog\/wp-content\/uploads\/2009\/03\/weg03x-150x95.jpg","keywords":["Granadilla","Las Vegas","Natternkopf","Teneriffa","TF 555","Wandern","Zistrosen"],"articleSection":["Granadilla","Wanderungen"],"inLanguage":"de","potentialAction":[{"@type":"CommentAction","name":"Comment","target":["https:\/\/www.mundi-roth.de\/teneriffa-blog\/wanderungen\/oberhalb-von-las-vegas\/#respond"]}]},{"@type":"WebPage","@id":"https:\/\/www.mundi-roth.de\/teneriffa-blog\/wanderungen\/oberhalb-von-las-vegas\/","url":"https:\/\/www.mundi-roth.de\/teneriffa-blog\/wanderungen\/oberhalb-von-las-vegas\/","name":"Oberhalb von Las Vegas - Teneriffa Wandern","isPartOf":{"@id":"https:\/\/www.mundi-roth.de\/teneriffa-blog\/#website"},"primaryImageOfPage":{"@id":"https:\/\/www.mundi-roth.de\/teneriffa-blog\/wanderungen\/oberhalb-von-las-vegas\/#primaryimage"},"image":{"@id":"https:\/\/www.mundi-roth.de\/teneriffa-blog\/wanderungen\/oberhalb-von-las-vegas\/#primaryimage"},"thumbnailUrl":"http:\/\/www.mundi-roth.de\/teneriffa-blog\/wp-content\/uploads\/2009\/03\/weg03x-150x95.jpg","datePublished":"2009-03-25T19:00:17+00:00","dateModified":"2015-04-12T10:33:02+00:00","author":{"@id":"https:\/\/www.mundi-roth.de\/teneriffa-blog\/#\/schema\/person\/3afd0d251449790d15367c9aa52d203d"},"breadcrumb":{"@id":"https:\/\/www.mundi-roth.de\/teneriffa-blog\/wanderungen\/oberhalb-von-las-vegas\/#breadcrumb"},"inLanguage":"de","potentialAction":[{"@type":"ReadAction","target":["https:\/\/www.mundi-roth.de\/teneriffa-blog\/wanderungen\/oberhalb-von-las-vegas\/"]}]},{"@type":"ImageObject","inLanguage":"de","@id":"https:\/\/www.mundi-roth.de\/teneriffa-blog\/wanderungen\/oberhalb-von-las-vegas\/#primaryimage","url":"https:\/\/www.mundi-roth.de\/teneriffa-blog\/wp-content\/uploads\/2009\/03\/weg03x.jpg","contentUrl":"https:\/\/www.mundi-roth.de\/teneriffa-blog\/wp-content\/uploads\/2009\/03\/weg03x.jpg","width":"456","height":"289"},{"@type":"BreadcrumbList","@id":"https:\/\/www.mundi-roth.de\/teneriffa-blog\/wanderungen\/oberhalb-von-las-vegas\/#breadcrumb","itemListElement":[{"@type":"ListItem","position":1,"name":"Startseite","item":"https:\/\/www.mundi-roth.de\/teneriffa-blog\/"},{"@type":"ListItem","position":2,"name":"Oberhalb von Las Vegas"}]},{"@type":"WebSite","@id":"https:\/\/www.mundi-roth.de\/teneriffa-blog\/#website","url":"https:\/\/www.mundi-roth.de\/teneriffa-blog\/","name":"Teneriffa Wandern","description":"Nicht nur Wanderungen auf Teneriffa...","potentialAction":[{"@type":"SearchAction","target":{"@type":"EntryPoint","urlTemplate":"https:\/\/www.mundi-roth.de\/teneriffa-blog\/?s={search_term_string}"},"query-input":{"@type":"PropertyValueSpecification","valueRequired":true,"valueName":"search_term_string"}}],"inLanguage":"de"},{"@type":"Person","@id":"https:\/\/www.mundi-roth.de\/teneriffa-blog\/#\/schema\/person\/3afd0d251449790d15367c9aa52d203d","name":"ir","image":{"@type":"ImageObject","inLanguage":"de","@id":"https:\/\/secure.gravatar.com\/avatar\/e67b41513c921c2bb58363f44c8a00a447c9a2526ad8ff71b5b6257e5f7f5c66?s=96&d=mm&r=g","url":"https:\/\/secure.gravatar.com\/avatar\/e67b41513c921c2bb58363f44c8a00a447c9a2526ad8ff71b5b6257e5f7f5c66?s=96&d=mm&r=g","contentUrl":"https:\/\/secure.gravatar.com\/avatar\/e67b41513c921c2bb58363f44c8a00a447c9a2526ad8ff71b5b6257e5f7f5c66?s=96&d=mm&r=g","caption":"ir"},"sameAs":["http:\/\/www.mundi-roth.de"],"url":"https:\/\/www.mundi-roth.de\/teneriffa-blog\/author\/ir\/"}]}},"_links":{"self":[{"href":"https:\/\/www.mundi-roth.de\/teneriffa-blog\/wp-json\/wp\/v2\/posts\/697","targetHints":{"allow":["GET"]}}],"collection":[{"href":"https:\/\/www.mundi-roth.de\/teneriffa-blog\/wp-json\/wp\/v2\/posts"}],"about":[{"href":"https:\/\/www.mundi-roth.de\/teneriffa-blog\/wp-json\/wp\/v2\/types\/post"}],"author":[{"embeddable":true,"href":"https:\/\/www.mundi-roth.de\/teneriffa-blog\/wp-json\/wp\/v2\/users\/3"}],"replies":[{"embeddable":true,"href":"https:\/\/www.mundi-roth.de\/teneriffa-blog\/wp-json\/wp\/v2\/comments?post=697"}],"version-history":[{"count":0,"href":"https:\/\/www.mundi-roth.de\/teneriffa-blog\/wp-json\/wp\/v2\/posts\/697\/revisions"}],"wp:attachment":[{"href":"https:\/\/www.mundi-roth.de\/teneriffa-blog\/wp-json\/wp\/v2\/media?parent=697"}],"wp:term":[{"taxonomy":"category","embeddable":true,"href":"https:\/\/www.mundi-roth.de\/teneriffa-blog\/wp-json\/wp\/v2\/categories?post=697"},{"taxonomy":"post_tag","embeddable":true,"href":"https:\/\/www.mundi-roth.de\/teneriffa-blog\/wp-json\/wp\/v2\/tags?post=697"}],"curies":[{"name":"wp","href":"https:\/\/api.w.org\/{rel}","templated":true}]}}