{"id":771,"date":"2009-04-15T20:00:27","date_gmt":"2009-04-15T19:00:27","guid":{"rendered":"http:\/\/www.mundi-roth.de\/teneriffa-blog\/?p=771"},"modified":"2015-04-12T11:28:55","modified_gmt":"2015-04-12T10:28:55","slug":"monte-de-los-frailes","status":"publish","type":"post","link":"https:\/\/www.mundi-roth.de\/teneriffa-blog\/wanderungen\/monte-de-los-frailes\/","title":{"rendered":"Monte de los Frailes"},"content":{"rendered":"<p><strong>Wem es beim Wandern nur um das Wandern und nicht um das Ziel geht, f\u00fcr den ist diese Tour richtig. Man bewegt sich in einer beeindruckenden Landschaft und der Bl\u00fctenreichtum ist in dieser\u00a0 Zeit un\u00fcberbietbar.<br \/>\n<\/strong><br \/>\n<strong>Wander-Wegstrecke:<\/strong> <em>Beliebig<\/em><br \/>\nWir fahren oberhalb von Arafo nach dem Kilometer 5 von der TF 523 links <a href=\"http:\/\/www.mundi-roth.de\/teneriffa-blog\/wp-content\/uploads\/2009\/04\/p1030860.jpg\" rel=\"lightbox[771]\"><img loading=\"lazy\" decoding=\"async\" class=\"alignright size-thumbnail wp-image-772\" title=\"p1030860\" src=\"http:\/\/www.mundi-roth.de\/teneriffa-blog\/wp-content\/uploads\/2009\/04\/p1030860-150x112.jpg\" alt=\"p1030860\" width=\"150\" height=\"112\" srcset=\"https:\/\/www.mundi-roth.de\/teneriffa-blog\/wp-content\/uploads\/2009\/04\/p1030860-150x112.jpg 150w, https:\/\/www.mundi-roth.de\/teneriffa-blog\/wp-content\/uploads\/2009\/04\/p1030860-300x225.jpg 300w, https:\/\/www.mundi-roth.de\/teneriffa-blog\/wp-content\/uploads\/2009\/04\/p1030860.jpg 600w\" sizes=\"auto, (max-width: 150px) 100vw, 150px\" \/><\/a>ab und folgen dem hinf\u00e4lligen Holzhinweisschild zur &#8222;Zona Recreativa Monte de los Frailes&#8220;.<br \/>\n<a href=\"http:\/\/www.mundi-roth.de\/teneriffa-blog\/wp-content\/uploads\/2009\/04\/sany1708.jpg\" rel=\"lightbox[771]\"><img loading=\"lazy\" decoding=\"async\" class=\"alignleft size-thumbnail wp-image-773\" title=\"sany1708\" src=\"http:\/\/www.mundi-roth.de\/teneriffa-blog\/wp-content\/uploads\/2009\/04\/sany1708-112x150.jpg\" alt=\"sany1708\" width=\"112\" height=\"150\" srcset=\"https:\/\/www.mundi-roth.de\/teneriffa-blog\/wp-content\/uploads\/2009\/04\/sany1708-112x150.jpg 112w, https:\/\/www.mundi-roth.de\/teneriffa-blog\/wp-content\/uploads\/2009\/04\/sany1708-225x300.jpg 225w, https:\/\/www.mundi-roth.de\/teneriffa-blog\/wp-content\/uploads\/2009\/04\/sany1708.jpg 450w\" sizes=\"auto, (max-width: 112px) 100vw, 112px\" \/><\/a>Wir fahren die Strecke bis zum Grillplatz. Jedoch, wer viel gehen will und die Felsformationen eines Barrancos in Ruhe betrachten will, der sollte vielleicht \u2013 auch wenn es asphaltiert ist \u2013 von Anfang an gehen, damit wird die Wanderwegstrecke nat\u00fcrlich wesentlich l\u00e4nger.<br \/>\nDa es f\u00fcr uns unbekanntes Gebiet ist, sind wir bis zum Grillplatz durchgefahren und begannen erst hier unsere Wanderung.<a href=\"http:\/\/www.mundi-roth.de\/teneriffa-blog\/wp-content\/uploads\/2009\/04\/sany1709.jpg\" rel=\"lightbox[771]\"><img loading=\"lazy\" decoding=\"async\" class=\"alignright size-thumbnail wp-image-774\" title=\"sany1709\" src=\"http:\/\/www.mundi-roth.de\/teneriffa-blog\/wp-content\/uploads\/2009\/04\/sany1709-112x150.jpg\" alt=\"sany1709\" width=\"112\" height=\"150\" srcset=\"https:\/\/www.mundi-roth.de\/teneriffa-blog\/wp-content\/uploads\/2009\/04\/sany1709-112x150.jpg 112w, https:\/\/www.mundi-roth.de\/teneriffa-blog\/wp-content\/uploads\/2009\/04\/sany1709-225x300.jpg 225w, https:\/\/www.mundi-roth.de\/teneriffa-blog\/wp-content\/uploads\/2009\/04\/sany1709.jpg 450w\" sizes=\"auto, (max-width: 112px) 100vw, 112px\" \/><\/a><br \/>\nWir parken vor dem Kapellchen und gehen rechts durch <a href=\"http:\/\/www.mundi-roth.de\/teneriffa-blog\/wp-content\/uploads\/2009\/04\/easytrack1x.jpg\" rel=\"lightbox[771]\"><img loading=\"lazy\" decoding=\"async\" class=\"alignleft size-thumbnail wp-image-780\" title=\"easytrack1x\" src=\"http:\/\/www.mundi-roth.de\/teneriffa-blog\/wp-content\/uploads\/2009\/04\/easytrack1x-150x114.jpg\" alt=\"easytrack1x\" width=\"150\" height=\"114\" srcset=\"https:\/\/www.mundi-roth.de\/teneriffa-blog\/wp-content\/uploads\/2009\/04\/easytrack1x-150x114.jpg 150w, https:\/\/www.mundi-roth.de\/teneriffa-blog\/wp-content\/uploads\/2009\/04\/easytrack1x-300x228.jpg 300w, https:\/\/www.mundi-roth.de\/teneriffa-blog\/wp-content\/uploads\/2009\/04\/easytrack1x.jpg 490w\" sizes=\"auto, (max-width: 150px) 100vw, 150px\" \/><\/a>den Grillplatz hoch. Nach ca. 10 Minuten erreichen wir eine Stelle, an der ein Weg abzweigt. Wir nehmen den linken, unteren und spazieren an einer Galerie vorbei sanft ansteigend bis wir nach ca. 1 Stunde am Ende dieses Weges angekommen sind. Er f\u00fchrt <a href=\"http:\/\/www.mundi-roth.de\/teneriffa-blog\/wp-content\/uploads\/2009\/04\/sany1720.jpg\" rel=\"lightbox[771]\"><img loading=\"lazy\" decoding=\"async\" class=\"alignleft size-thumbnail wp-image-783\" title=\"sany1720\" src=\"http:\/\/www.mundi-roth.de\/teneriffa-blog\/wp-content\/uploads\/2009\/04\/sany1720-150x112.jpg\" alt=\"sany1720\" width=\"150\" height=\"112\" srcset=\"https:\/\/www.mundi-roth.de\/teneriffa-blog\/wp-content\/uploads\/2009\/04\/sany1720-150x112.jpg 150w, https:\/\/www.mundi-roth.de\/teneriffa-blog\/wp-content\/uploads\/2009\/04\/sany1720-300x225.jpg 300w, https:\/\/www.mundi-roth.de\/teneriffa-blog\/wp-content\/uploads\/2009\/04\/sany1720.jpg 600w\" sizes=\"auto, (max-width: 150px) 100vw, 150px\" \/><\/a>zu einer Wasserleitung und zu einem regelrechten Aussichtspunkt zur K\u00fcste <a href=\"http:\/\/www.mundi-roth.de\/teneriffa-blog\/wp-content\/uploads\/2009\/04\/sany1725w.jpg\" rel=\"lightbox[771]\"><img loading=\"lazy\" decoding=\"async\" class=\"alignright size-thumbnail wp-image-775\" title=\"sany1725w\" src=\"http:\/\/www.mundi-roth.de\/teneriffa-blog\/wp-content\/uploads\/2009\/04\/sany1725w-150x61.jpg\" alt=\"sany1725w\" width=\"150\" height=\"61\" srcset=\"https:\/\/www.mundi-roth.de\/teneriffa-blog\/wp-content\/uploads\/2009\/04\/sany1725w-150x61.jpg 150w, https:\/\/www.mundi-roth.de\/teneriffa-blog\/wp-content\/uploads\/2009\/04\/sany1725w-300x122.jpg 300w, https:\/\/www.mundi-roth.de\/teneriffa-blog\/wp-content\/uploads\/2009\/04\/sany1725w.jpg 600w\" sizes=\"auto, (max-width: 150px) 100vw, 150px\" \/><\/a>und auf das Bergmassiv von G\u00fcimar.<br \/>\nAuf dem R\u00fcckweg biegen wir zun\u00e4chst in einen links abzweigenden Weg ab,<a href=\"http:\/\/www.mundi-roth.de\/teneriffa-blog\/wp-content\/uploads\/2009\/04\/sany1729.jpg\" rel=\"lightbox[771]\"><img loading=\"lazy\" decoding=\"async\" class=\"alignright size-thumbnail wp-image-776\" title=\"sany1729\" src=\"http:\/\/www.mundi-roth.de\/teneriffa-blog\/wp-content\/uploads\/2009\/04\/sany1729-150x112.jpg\" alt=\"sany1729\" width=\"150\" height=\"112\" srcset=\"https:\/\/www.mundi-roth.de\/teneriffa-blog\/wp-content\/uploads\/2009\/04\/sany1729-150x112.jpg 150w, https:\/\/www.mundi-roth.de\/teneriffa-blog\/wp-content\/uploads\/2009\/04\/sany1729-300x225.jpg 300w, https:\/\/www.mundi-roth.de\/teneriffa-blog\/wp-content\/uploads\/2009\/04\/sany1729.jpg 600w\" sizes=\"auto, (max-width: 150px) 100vw, 150px\" \/><\/a> wundersch\u00f6n mit rosa Zistrosen ges\u00e4umt. Leider endet er jedoch nach kurzer Zeit im Dickicht.<br \/>\nAlso zur\u00fcck und als wir wieder auf den \u201eHauptweg\u201c treffen, erregen zwei Steinm\u00e4nnchen unsere Aufmerksamkeit. Sie stehen auf einer kleinen <a href=\"http:\/\/www.mundi-roth.de\/teneriffa-blog\/wp-content\/uploads\/2009\/04\/easytrack2x.jpg\" rel=\"lightbox[771]\"><img loading=\"lazy\" decoding=\"async\" class=\"alignleft size-thumbnail wp-image-781\" title=\"easytrack2x\" src=\"http:\/\/www.mundi-roth.de\/teneriffa-blog\/wp-content\/uploads\/2009\/04\/easytrack2x-150x55.jpg\" alt=\"easytrack2x\" width=\"150\" height=\"55\" srcset=\"https:\/\/www.mundi-roth.de\/teneriffa-blog\/wp-content\/uploads\/2009\/04\/easytrack2x-150x55.jpg 150w, https:\/\/www.mundi-roth.de\/teneriffa-blog\/wp-content\/uploads\/2009\/04\/easytrack2x-300x110.jpg 300w, https:\/\/www.mundi-roth.de\/teneriffa-blog\/wp-content\/uploads\/2009\/04\/easytrack2x.jpg 600w\" sizes=\"auto, (max-width: 150px) 100vw, 150px\" \/><\/a>Anh\u00f6he und nach wenigen Schritten hinauf sind wir so neugierig, dass wir den stetig angebrachten Steinm\u00e4nnchen folgen. Ohne diese w\u00e4re der Weg auf dem mit Kiefernnadeln gepolsterten Weg nicht auszumachen. Keine Ahnung wohin uns der steile Pfad f\u00fchrt. Immer weiter diritissima, sehr fulminante, also steil, hinauf. Nach jeder kleinen Biegung <a href=\"http:\/\/www.mundi-roth.de\/teneriffa-blog\/wp-content\/uploads\/2009\/04\/p1030854.jpg\" rel=\"lightbox[771]\"><img loading=\"lazy\" decoding=\"async\" class=\"alignleft size-thumbnail wp-image-777\" title=\"p1030854\" src=\"http:\/\/www.mundi-roth.de\/teneriffa-blog\/wp-content\/uploads\/2009\/04\/p1030854-112x150.jpg\" alt=\"p1030854\" width=\"112\" height=\"150\" srcset=\"https:\/\/www.mundi-roth.de\/teneriffa-blog\/wp-content\/uploads\/2009\/04\/p1030854-112x150.jpg 112w, https:\/\/www.mundi-roth.de\/teneriffa-blog\/wp-content\/uploads\/2009\/04\/p1030854-224x300.jpg 224w, https:\/\/www.mundi-roth.de\/teneriffa-blog\/wp-content\/uploads\/2009\/04\/p1030854.jpg 448w\" sizes=\"auto, (max-width: 112px) 100vw, 112px\" \/><\/a>denkt man, nun hat man aber einen Ausblick. Allm\u00e4hlich wird der Kiefernwald etwas lichter und wir haben keinen Schimmer wohin uns der Weg f\u00fchrt. Oberhalb sehen wir eine Mauer aus Vulkansteinen und haben die Hoffnung, von hier den weiteren Verlauf des Pfades ausmachen zu k\u00f6nnen. Keine Spur. Gut 30 Minuten sind wir hinauf gehetzt, da die anderen Wanderer zur\u00fcckgeblieben sind, wir geben auf.<br \/>\nWenn Jemand die Tour machen will und genug Ausdauer, Kondition und Zeit mitbringt, w\u00e4ren wir sehr dankbar, wenn dieser Jemand uns mitteilen w\u00fcrde, wohin der Weg f\u00fchrt. Eventuell zur Stra\u00dfe durch den Esparanza-Wald?<br \/>\nAber ohne diesen \u201eAusreisser\u201c ist es eine bequeme, wundersch\u00f6ne Tour. Zur Zeit bl\u00fchen die wei\u00dfen Margariten, die rosa Zistrosen, der blaue Bonnets Natternkopf wiesenweise.<br \/>\nEs duftet nach Harz, denn\u00a0 vom\u00a0 Medio Ambiente\u00a0 wurde\u00a0 der\u00a0 Weg\u00a0 k<a href=\"http:\/\/www.mundi-roth.de\/teneriffa-blog\/wp-content\/uploads\/2009\/04\/sany1716.jpg\" rel=\"lightbox[771]\"><img loading=\"lazy\" decoding=\"async\" class=\"alignright size-thumbnail wp-image-778\" title=\"sany1716\" src=\"http:\/\/www.mundi-roth.de\/teneriffa-blog\/wp-content\/uploads\/2009\/04\/sany1716-150x112.jpg\" alt=\"sany1716\" width=\"150\" height=\"112\" srcset=\"https:\/\/www.mundi-roth.de\/teneriffa-blog\/wp-content\/uploads\/2009\/04\/sany1716-150x112.jpg 150w, https:\/\/www.mundi-roth.de\/teneriffa-blog\/wp-content\/uploads\/2009\/04\/sany1716-300x225.jpg 300w, https:\/\/www.mundi-roth.de\/teneriffa-blog\/wp-content\/uploads\/2009\/04\/sany1716.jpg 600w\" sizes=\"auto, (max-width: 150px) 100vw, 150px\" \/><\/a>\u00fcrzlich (heute ?) freigeschnitten. Kiefern, Baum-Heide, Lorbeer gedeihen hier.<br \/>\n<a href=\"http:\/\/www.mundi-roth.de\/teneriffa-blog\/wp-content\/uploads\/2009\/04\/sany1711.jpg\" rel=\"lightbox[771]\"><img loading=\"lazy\" decoding=\"async\" class=\"alignleft size-thumbnail wp-image-779\" title=\"sany1711\" src=\"http:\/\/www.mundi-roth.de\/teneriffa-blog\/wp-content\/uploads\/2009\/04\/sany1711-150x112.jpg\" alt=\"sany1711\" width=\"150\" height=\"112\" srcset=\"https:\/\/www.mundi-roth.de\/teneriffa-blog\/wp-content\/uploads\/2009\/04\/sany1711-150x112.jpg 150w, https:\/\/www.mundi-roth.de\/teneriffa-blog\/wp-content\/uploads\/2009\/04\/sany1711-300x225.jpg 300w, https:\/\/www.mundi-roth.de\/teneriffa-blog\/wp-content\/uploads\/2009\/04\/sany1711.jpg 600w\" sizes=\"auto, (max-width: 150px) 100vw, 150px\" \/><\/a>Der sch\u00f6n angelegte und sehr gepflegte Grillplatz l\u00e4dt zum Grillen ein.<br \/>\nAllerdings: Holz oder Holzkohle mitbringen, der Wald ist gefegt!<\/p>\n<p><strong>Anfahrt: <\/strong>Von der S\u00fcdautobahn TF1 kommend auf der TF281 Richtung La<a href=\"http:\/\/www.mundi-roth.de\/teneriffa-blog\/wp-content\/uploads\/2009\/04\/anfahrt1.jpg\" rel=\"lightbox[771]\"><img loading=\"lazy\" decoding=\"async\" class=\"alignright size-thumbnail wp-image-782\" title=\"anfahrt1\" src=\"http:\/\/www.mundi-roth.de\/teneriffa-blog\/wp-content\/uploads\/2009\/04\/anfahrt1-150x85.jpg\" alt=\"anfahrt1\" width=\"150\" height=\"85\" srcset=\"https:\/\/www.mundi-roth.de\/teneriffa-blog\/wp-content\/uploads\/2009\/04\/anfahrt1-150x85.jpg 150w, https:\/\/www.mundi-roth.de\/teneriffa-blog\/wp-content\/uploads\/2009\/04\/anfahrt1-300x171.jpg 300w, https:\/\/www.mundi-roth.de\/teneriffa-blog\/wp-content\/uploads\/2009\/04\/anfahrt1.jpg 600w\" sizes=\"auto, (max-width: 150px) 100vw, 150px\" \/><\/a> Hidalga \/ Arafo. Weiter auf der TF245 Richtung Arafo \/ Teide. In Arafo immer Richtung Teide haltend auf die TF 523 und hinter km 5 links ab Richtung Zona Recreativa &#8222;Monte de los Frailes. Dort gibt es Parkm\u00f6glichkeiten<\/p>\n","protected":false},"excerpt":{"rendered":"<p>Wem es beim Wandern nur um das Wandern und nicht um das Ziel geht, f\u00fcr den ist diese Tour richtig. Man bewegt sich in einer beeindruckenden Landschaft und der Bl\u00fctenreichtum ist in dieser\u00a0 Zeit un\u00fcberbietbar. Wander-Wegstrecke: Beliebig Wir fahren oberhalb von Arafo nach dem Kilometer 5 von der TF 523 links ab und folgen dem [&hellip;]<\/p>\n","protected":false},"author":3,"featured_media":0,"comment_status":"open","ping_status":"open","sticky":false,"template":"","format":"standard","meta":{"footnotes":""},"categories":[769,6],"tags":[167,235,3,4],"class_list":["post-771","post","type-post","status-publish","format-standard","hentry","category-esperanza-wald","category-wanderungen","tag-arafo","tag-monte-de-los-frailes","tag-teneriffa","tag-wandern"],"yoast_head":"<!-- This site is optimized with the Yoast SEO plugin v27.5 - https:\/\/yoast.com\/product\/yoast-seo-wordpress\/ -->\n<title>Monte de los Frailes - Teneriffa Wandern<\/title>\n<meta name=\"robots\" content=\"index, follow, max-snippet:-1, max-image-preview:large, max-video-preview:-1\" \/>\n<link rel=\"canonical\" href=\"https:\/\/www.mundi-roth.de\/teneriffa-blog\/wanderungen\/monte-de-los-frailes\/\" \/>\n<meta name=\"twitter:label1\" content=\"Verfasst von\" \/>\n\t<meta name=\"twitter:data1\" content=\"ir\" \/>\n\t<meta name=\"twitter:label2\" content=\"Gesch\u00e4tzte Lesezeit\" \/>\n\t<meta name=\"twitter:data2\" content=\"3\u00a0Minuten\" \/>\n<script type=\"application\/ld+json\" class=\"yoast-schema-graph\">{\"@context\":\"https:\\\/\\\/schema.org\",\"@graph\":[{\"@type\":\"Article\",\"@id\":\"https:\\\/\\\/www.mundi-roth.de\\\/teneriffa-blog\\\/wanderungen\\\/monte-de-los-frailes\\\/#article\",\"isPartOf\":{\"@id\":\"https:\\\/\\\/www.mundi-roth.de\\\/teneriffa-blog\\\/wanderungen\\\/monte-de-los-frailes\\\/\"},\"author\":{\"name\":\"ir\",\"@id\":\"https:\\\/\\\/www.mundi-roth.de\\\/teneriffa-blog\\\/#\\\/schema\\\/person\\\/3afd0d251449790d15367c9aa52d203d\"},\"headline\":\"Monte de los Frailes\",\"datePublished\":\"2009-04-15T19:00:27+00:00\",\"dateModified\":\"2015-04-12T10:28:55+00:00\",\"mainEntityOfPage\":{\"@id\":\"https:\\\/\\\/www.mundi-roth.de\\\/teneriffa-blog\\\/wanderungen\\\/monte-de-los-frailes\\\/\"},\"wordCount\":526,\"commentCount\":0,\"image\":{\"@id\":\"https:\\\/\\\/www.mundi-roth.de\\\/teneriffa-blog\\\/wanderungen\\\/monte-de-los-frailes\\\/#primaryimage\"},\"thumbnailUrl\":\"http:\\\/\\\/www.mundi-roth.de\\\/teneriffa-blog\\\/wp-content\\\/uploads\\\/2009\\\/04\\\/p1030860-150x112.jpg\",\"keywords\":[\"Arafo\",\"Monte de los Frailes\",\"Teneriffa\",\"Wandern\"],\"articleSection\":[\"Esperanza-Wald\",\"Wanderungen\"],\"inLanguage\":\"de\",\"potentialAction\":[{\"@type\":\"CommentAction\",\"name\":\"Comment\",\"target\":[\"https:\\\/\\\/www.mundi-roth.de\\\/teneriffa-blog\\\/wanderungen\\\/monte-de-los-frailes\\\/#respond\"]}]},{\"@type\":\"WebPage\",\"@id\":\"https:\\\/\\\/www.mundi-roth.de\\\/teneriffa-blog\\\/wanderungen\\\/monte-de-los-frailes\\\/\",\"url\":\"https:\\\/\\\/www.mundi-roth.de\\\/teneriffa-blog\\\/wanderungen\\\/monte-de-los-frailes\\\/\",\"name\":\"Monte de los Frailes - Teneriffa Wandern\",\"isPartOf\":{\"@id\":\"https:\\\/\\\/www.mundi-roth.de\\\/teneriffa-blog\\\/#website\"},\"primaryImageOfPage\":{\"@id\":\"https:\\\/\\\/www.mundi-roth.de\\\/teneriffa-blog\\\/wanderungen\\\/monte-de-los-frailes\\\/#primaryimage\"},\"image\":{\"@id\":\"https:\\\/\\\/www.mundi-roth.de\\\/teneriffa-blog\\\/wanderungen\\\/monte-de-los-frailes\\\/#primaryimage\"},\"thumbnailUrl\":\"http:\\\/\\\/www.mundi-roth.de\\\/teneriffa-blog\\\/wp-content\\\/uploads\\\/2009\\\/04\\\/p1030860-150x112.jpg\",\"datePublished\":\"2009-04-15T19:00:27+00:00\",\"dateModified\":\"2015-04-12T10:28:55+00:00\",\"author\":{\"@id\":\"https:\\\/\\\/www.mundi-roth.de\\\/teneriffa-blog\\\/#\\\/schema\\\/person\\\/3afd0d251449790d15367c9aa52d203d\"},\"breadcrumb\":{\"@id\":\"https:\\\/\\\/www.mundi-roth.de\\\/teneriffa-blog\\\/wanderungen\\\/monte-de-los-frailes\\\/#breadcrumb\"},\"inLanguage\":\"de\",\"potentialAction\":[{\"@type\":\"ReadAction\",\"target\":[\"https:\\\/\\\/www.mundi-roth.de\\\/teneriffa-blog\\\/wanderungen\\\/monte-de-los-frailes\\\/\"]}]},{\"@type\":\"ImageObject\",\"inLanguage\":\"de\",\"@id\":\"https:\\\/\\\/www.mundi-roth.de\\\/teneriffa-blog\\\/wanderungen\\\/monte-de-los-frailes\\\/#primaryimage\",\"url\":\"https:\\\/\\\/www.mundi-roth.de\\\/teneriffa-blog\\\/wp-content\\\/uploads\\\/2009\\\/04\\\/p1030860.jpg\",\"contentUrl\":\"https:\\\/\\\/www.mundi-roth.de\\\/teneriffa-blog\\\/wp-content\\\/uploads\\\/2009\\\/04\\\/p1030860.jpg\",\"width\":\"600\",\"height\":\"450\"},{\"@type\":\"BreadcrumbList\",\"@id\":\"https:\\\/\\\/www.mundi-roth.de\\\/teneriffa-blog\\\/wanderungen\\\/monte-de-los-frailes\\\/#breadcrumb\",\"itemListElement\":[{\"@type\":\"ListItem\",\"position\":1,\"name\":\"Startseite\",\"item\":\"https:\\\/\\\/www.mundi-roth.de\\\/teneriffa-blog\\\/\"},{\"@type\":\"ListItem\",\"position\":2,\"name\":\"Monte de los Frailes\"}]},{\"@type\":\"WebSite\",\"@id\":\"https:\\\/\\\/www.mundi-roth.de\\\/teneriffa-blog\\\/#website\",\"url\":\"https:\\\/\\\/www.mundi-roth.de\\\/teneriffa-blog\\\/\",\"name\":\"Teneriffa Wandern\",\"description\":\"Nicht nur Wanderungen auf Teneriffa...\",\"potentialAction\":[{\"@type\":\"SearchAction\",\"target\":{\"@type\":\"EntryPoint\",\"urlTemplate\":\"https:\\\/\\\/www.mundi-roth.de\\\/teneriffa-blog\\\/?s={search_term_string}\"},\"query-input\":{\"@type\":\"PropertyValueSpecification\",\"valueRequired\":true,\"valueName\":\"search_term_string\"}}],\"inLanguage\":\"de\"},{\"@type\":\"Person\",\"@id\":\"https:\\\/\\\/www.mundi-roth.de\\\/teneriffa-blog\\\/#\\\/schema\\\/person\\\/3afd0d251449790d15367c9aa52d203d\",\"name\":\"ir\",\"image\":{\"@type\":\"ImageObject\",\"inLanguage\":\"de\",\"@id\":\"https:\\\/\\\/secure.gravatar.com\\\/avatar\\\/e67b41513c921c2bb58363f44c8a00a447c9a2526ad8ff71b5b6257e5f7f5c66?s=96&d=mm&r=g\",\"url\":\"https:\\\/\\\/secure.gravatar.com\\\/avatar\\\/e67b41513c921c2bb58363f44c8a00a447c9a2526ad8ff71b5b6257e5f7f5c66?s=96&d=mm&r=g\",\"contentUrl\":\"https:\\\/\\\/secure.gravatar.com\\\/avatar\\\/e67b41513c921c2bb58363f44c8a00a447c9a2526ad8ff71b5b6257e5f7f5c66?s=96&d=mm&r=g\",\"caption\":\"ir\"},\"sameAs\":[\"http:\\\/\\\/www.mundi-roth.de\"],\"url\":\"https:\\\/\\\/www.mundi-roth.de\\\/teneriffa-blog\\\/author\\\/ir\\\/\"}]}<\/script>\n<!-- \/ Yoast SEO plugin. -->","yoast_head_json":{"title":"Monte de los Frailes - Teneriffa Wandern","robots":{"index":"index","follow":"follow","max-snippet":"max-snippet:-1","max-image-preview":"max-image-preview:large","max-video-preview":"max-video-preview:-1"},"canonical":"https:\/\/www.mundi-roth.de\/teneriffa-blog\/wanderungen\/monte-de-los-frailes\/","twitter_misc":{"Verfasst von":"ir","Gesch\u00e4tzte Lesezeit":"3\u00a0Minuten"},"schema":{"@context":"https:\/\/schema.org","@graph":[{"@type":"Article","@id":"https:\/\/www.mundi-roth.de\/teneriffa-blog\/wanderungen\/monte-de-los-frailes\/#article","isPartOf":{"@id":"https:\/\/www.mundi-roth.de\/teneriffa-blog\/wanderungen\/monte-de-los-frailes\/"},"author":{"name":"ir","@id":"https:\/\/www.mundi-roth.de\/teneriffa-blog\/#\/schema\/person\/3afd0d251449790d15367c9aa52d203d"},"headline":"Monte de los Frailes","datePublished":"2009-04-15T19:00:27+00:00","dateModified":"2015-04-12T10:28:55+00:00","mainEntityOfPage":{"@id":"https:\/\/www.mundi-roth.de\/teneriffa-blog\/wanderungen\/monte-de-los-frailes\/"},"wordCount":526,"commentCount":0,"image":{"@id":"https:\/\/www.mundi-roth.de\/teneriffa-blog\/wanderungen\/monte-de-los-frailes\/#primaryimage"},"thumbnailUrl":"http:\/\/www.mundi-roth.de\/teneriffa-blog\/wp-content\/uploads\/2009\/04\/p1030860-150x112.jpg","keywords":["Arafo","Monte de los Frailes","Teneriffa","Wandern"],"articleSection":["Esperanza-Wald","Wanderungen"],"inLanguage":"de","potentialAction":[{"@type":"CommentAction","name":"Comment","target":["https:\/\/www.mundi-roth.de\/teneriffa-blog\/wanderungen\/monte-de-los-frailes\/#respond"]}]},{"@type":"WebPage","@id":"https:\/\/www.mundi-roth.de\/teneriffa-blog\/wanderungen\/monte-de-los-frailes\/","url":"https:\/\/www.mundi-roth.de\/teneriffa-blog\/wanderungen\/monte-de-los-frailes\/","name":"Monte de los Frailes - Teneriffa Wandern","isPartOf":{"@id":"https:\/\/www.mundi-roth.de\/teneriffa-blog\/#website"},"primaryImageOfPage":{"@id":"https:\/\/www.mundi-roth.de\/teneriffa-blog\/wanderungen\/monte-de-los-frailes\/#primaryimage"},"image":{"@id":"https:\/\/www.mundi-roth.de\/teneriffa-blog\/wanderungen\/monte-de-los-frailes\/#primaryimage"},"thumbnailUrl":"http:\/\/www.mundi-roth.de\/teneriffa-blog\/wp-content\/uploads\/2009\/04\/p1030860-150x112.jpg","datePublished":"2009-04-15T19:00:27+00:00","dateModified":"2015-04-12T10:28:55+00:00","author":{"@id":"https:\/\/www.mundi-roth.de\/teneriffa-blog\/#\/schema\/person\/3afd0d251449790d15367c9aa52d203d"},"breadcrumb":{"@id":"https:\/\/www.mundi-roth.de\/teneriffa-blog\/wanderungen\/monte-de-los-frailes\/#breadcrumb"},"inLanguage":"de","potentialAction":[{"@type":"ReadAction","target":["https:\/\/www.mundi-roth.de\/teneriffa-blog\/wanderungen\/monte-de-los-frailes\/"]}]},{"@type":"ImageObject","inLanguage":"de","@id":"https:\/\/www.mundi-roth.de\/teneriffa-blog\/wanderungen\/monte-de-los-frailes\/#primaryimage","url":"https:\/\/www.mundi-roth.de\/teneriffa-blog\/wp-content\/uploads\/2009\/04\/p1030860.jpg","contentUrl":"https:\/\/www.mundi-roth.de\/teneriffa-blog\/wp-content\/uploads\/2009\/04\/p1030860.jpg","width":"600","height":"450"},{"@type":"BreadcrumbList","@id":"https:\/\/www.mundi-roth.de\/teneriffa-blog\/wanderungen\/monte-de-los-frailes\/#breadcrumb","itemListElement":[{"@type":"ListItem","position":1,"name":"Startseite","item":"https:\/\/www.mundi-roth.de\/teneriffa-blog\/"},{"@type":"ListItem","position":2,"name":"Monte de los Frailes"}]},{"@type":"WebSite","@id":"https:\/\/www.mundi-roth.de\/teneriffa-blog\/#website","url":"https:\/\/www.mundi-roth.de\/teneriffa-blog\/","name":"Teneriffa Wandern","description":"Nicht nur Wanderungen auf Teneriffa...","potentialAction":[{"@type":"SearchAction","target":{"@type":"EntryPoint","urlTemplate":"https:\/\/www.mundi-roth.de\/teneriffa-blog\/?s={search_term_string}"},"query-input":{"@type":"PropertyValueSpecification","valueRequired":true,"valueName":"search_term_string"}}],"inLanguage":"de"},{"@type":"Person","@id":"https:\/\/www.mundi-roth.de\/teneriffa-blog\/#\/schema\/person\/3afd0d251449790d15367c9aa52d203d","name":"ir","image":{"@type":"ImageObject","inLanguage":"de","@id":"https:\/\/secure.gravatar.com\/avatar\/e67b41513c921c2bb58363f44c8a00a447c9a2526ad8ff71b5b6257e5f7f5c66?s=96&d=mm&r=g","url":"https:\/\/secure.gravatar.com\/avatar\/e67b41513c921c2bb58363f44c8a00a447c9a2526ad8ff71b5b6257e5f7f5c66?s=96&d=mm&r=g","contentUrl":"https:\/\/secure.gravatar.com\/avatar\/e67b41513c921c2bb58363f44c8a00a447c9a2526ad8ff71b5b6257e5f7f5c66?s=96&d=mm&r=g","caption":"ir"},"sameAs":["http:\/\/www.mundi-roth.de"],"url":"https:\/\/www.mundi-roth.de\/teneriffa-blog\/author\/ir\/"}]}},"_links":{"self":[{"href":"https:\/\/www.mundi-roth.de\/teneriffa-blog\/wp-json\/wp\/v2\/posts\/771","targetHints":{"allow":["GET"]}}],"collection":[{"href":"https:\/\/www.mundi-roth.de\/teneriffa-blog\/wp-json\/wp\/v2\/posts"}],"about":[{"href":"https:\/\/www.mundi-roth.de\/teneriffa-blog\/wp-json\/wp\/v2\/types\/post"}],"author":[{"embeddable":true,"href":"https:\/\/www.mundi-roth.de\/teneriffa-blog\/wp-json\/wp\/v2\/users\/3"}],"replies":[{"embeddable":true,"href":"https:\/\/www.mundi-roth.de\/teneriffa-blog\/wp-json\/wp\/v2\/comments?post=771"}],"version-history":[{"count":0,"href":"https:\/\/www.mundi-roth.de\/teneriffa-blog\/wp-json\/wp\/v2\/posts\/771\/revisions"}],"wp:attachment":[{"href":"https:\/\/www.mundi-roth.de\/teneriffa-blog\/wp-json\/wp\/v2\/media?parent=771"}],"wp:term":[{"taxonomy":"category","embeddable":true,"href":"https:\/\/www.mundi-roth.de\/teneriffa-blog\/wp-json\/wp\/v2\/categories?post=771"},{"taxonomy":"post_tag","embeddable":true,"href":"https:\/\/www.mundi-roth.de\/teneriffa-blog\/wp-json\/wp\/v2\/tags?post=771"}],"curies":[{"name":"wp","href":"https:\/\/api.w.org\/{rel}","templated":true}]}}