{"id":785,"date":"2009-04-22T20:00:53","date_gmt":"2009-04-22T19:00:53","guid":{"rendered":"http:\/\/www.mundi-roth.de\/teneriffa-blog\/?p=785"},"modified":"2015-04-12T11:23:46","modified_gmt":"2015-04-12T10:23:46","slug":"volcan-de-samara","status":"publish","type":"post","link":"https:\/\/www.mundi-roth.de\/teneriffa-blog\/wanderungen\/volcan-de-samara\/","title":{"rendered":"Volc\u00e1n de S\u00e1mara"},"content":{"rendered":"<p><strong>Eine beeindruckende Vulkanwanderung. Lavafl\u00fcsse, als w\u00e4re der Ausbruch erst gestern passiert. Die unterschiedlichsten Farben und Formationen . Grandios!<\/strong><\/p>\n<p><strong><br \/>\nWander-Wegstrecke:<\/strong> 2 Stunden 3o Minuten ohne Pause gerechnet<\/p>\n<p>Unsere Wanderung beginnt von dem neu angelegten Parkplatz zwischen Kilometer 8 und 7 der Carretera 38.\u00a0 Gleich dort gibt uns eine Hinweistafel <a href=\"http:\/\/www.mundi-roth.de\/teneriffa-blog\/wp-content\/uploads\/2009\/04\/sany1771.jpg\" rel=\"lightbox[785]\"><img loading=\"lazy\" decoding=\"async\" class=\"alignleft size-thumbnail wp-image-786\" title=\"sany1771\" src=\"http:\/\/www.mundi-roth.de\/teneriffa-blog\/wp-content\/uploads\/2009\/04\/sany1771-150x92.jpg\" alt=\"sany1771\" width=\"150\" height=\"92\" srcset=\"https:\/\/www.mundi-roth.de\/teneriffa-blog\/wp-content\/uploads\/2009\/04\/sany1771-150x92.jpg 150w, https:\/\/www.mundi-roth.de\/teneriffa-blog\/wp-content\/uploads\/2009\/04\/sany1771-300x184.jpg 300w, https:\/\/www.mundi-roth.de\/teneriffa-blog\/wp-content\/uploads\/2009\/04\/sany1771.jpg 483w\" sizes=\"auto, (max-width: 150px) 100vw, 150px\" \/><\/a>Ausk\u00fcnfte. Nach ein paar Stufen Abstieg zeigt uns<a href=\"http:\/\/www.mundi-roth.de\/teneriffa-blog\/wp-content\/uploads\/2009\/04\/sany1770.jpg\" rel=\"lightbox[785]\"><img loading=\"lazy\" decoding=\"async\" class=\"alignright size-thumbnail wp-image-787\" title=\"sany1770\" src=\"http:\/\/www.mundi-roth.de\/teneriffa-blog\/wp-content\/uploads\/2009\/04\/sany1770-150x133.jpg\" alt=\"sany1770\" width=\"150\" height=\"133\" srcset=\"https:\/\/www.mundi-roth.de\/teneriffa-blog\/wp-content\/uploads\/2009\/04\/sany1770-150x133.jpg 150w, https:\/\/www.mundi-roth.de\/teneriffa-blog\/wp-content\/uploads\/2009\/04\/sany1770-300x266.jpg 300w, https:\/\/www.mundi-roth.de\/teneriffa-blog\/wp-content\/uploads\/2009\/04\/sany1770.jpg 387w\" sizes=\"auto, (max-width: 150px) 100vw, 150px\" \/><\/a> die erste Informationstafel an, dass wir uns in einem \u201ejungen\u201c Vulkangebiet befinden. Wenige Meter weiter wird die Wanderwegstrecke Nr. 13 beschrieben:<br \/>\n<a href=\"http:\/\/www.mundi-roth.de\/teneriffa-blog\/wp-content\/uploads\/2009\/04\/sany1753a.jpg\" rel=\"lightbox[785]\"><img loading=\"lazy\" decoding=\"async\" class=\"alignleft size-thumbnail wp-image-788\" title=\"sany1753a\" src=\"http:\/\/www.mundi-roth.de\/teneriffa-blog\/wp-content\/uploads\/2009\/04\/sany1753a-150x71.jpg\" alt=\"sany1753a\" width=\"150\" height=\"71\" srcset=\"https:\/\/www.mundi-roth.de\/teneriffa-blog\/wp-content\/uploads\/2009\/04\/sany1753a-150x71.jpg 150w, https:\/\/www.mundi-roth.de\/teneriffa-blog\/wp-content\/uploads\/2009\/04\/sany1753a-300x142.jpg 300w, https:\/\/www.mundi-roth.de\/teneriffa-blog\/wp-content\/uploads\/2009\/04\/sany1753a.jpg 600w\" sizes=\"auto, (max-width: 150px) 100vw, 150px\" \/><\/a>Nach 250 m Aufstieg gabelt sich der Pfad, die Nr. 13 weist in beide Richtungen. Will man den \u201eVulkangipfel\u201c Samara (1937 m) mitnehmen, empfiehlt es sich, jetzt links zu gehen und vom Ausgangspunkt ist man in ca. 20 Minuten am \u201eGipfelkreuz\u201c, einem gro\u00dfen \u201eSteinm\u00e4nnchen\u201c. Schon von hier aus haben wir einen grandiosen <a href=\"http:\/\/www.mundi-roth.de\/teneriffa-blog\/wp-content\/uploads\/2009\/04\/p1030974.jpg\" rel=\"lightbox[785]\"><img loading=\"lazy\" decoding=\"async\" class=\"alignright size-thumbnail wp-image-789\" title=\"p1030974\" src=\"http:\/\/www.mundi-roth.de\/teneriffa-blog\/wp-content\/uploads\/2009\/04\/p1030974-150x112.jpg\" alt=\"p1030974\" width=\"150\" height=\"112\" srcset=\"https:\/\/www.mundi-roth.de\/teneriffa-blog\/wp-content\/uploads\/2009\/04\/p1030974-150x112.jpg 150w, https:\/\/www.mundi-roth.de\/teneriffa-blog\/wp-content\/uploads\/2009\/04\/p1030974-300x225.jpg 300w, https:\/\/www.mundi-roth.de\/teneriffa-blog\/wp-content\/uploads\/2009\/04\/p1030974.jpg 600w\" sizes=\"auto, (max-width: 150px) 100vw, 150px\" \/><\/a>Rundumblick. Unter uns bauschen sich die wei\u00dfen Wolken und machen das Gesehene dramatisch, dahinter erheben sich die zwei \u201eBuckel\u201c der Insel La <a href=\"http:\/\/www.mundi-roth.de\/teneriffa-blog\/wp-content\/uploads\/2009\/04\/p1030976.jpg\" rel=\"lightbox[785]\"><img loading=\"lazy\" decoding=\"async\" class=\"alignleft size-thumbnail wp-image-790\" title=\"p1030976\" src=\"http:\/\/www.mundi-roth.de\/teneriffa-blog\/wp-content\/uploads\/2009\/04\/p1030976-150x112.jpg\" alt=\"p1030976\" width=\"150\" height=\"112\" srcset=\"https:\/\/www.mundi-roth.de\/teneriffa-blog\/wp-content\/uploads\/2009\/04\/p1030976-150x112.jpg 150w, https:\/\/www.mundi-roth.de\/teneriffa-blog\/wp-content\/uploads\/2009\/04\/p1030976-300x225.jpg 300w, https:\/\/www.mundi-roth.de\/teneriffa-blog\/wp-content\/uploads\/2009\/04\/p1030976.jpg 600w\" sizes=\"auto, (max-width: 150px) 100vw, 150px\" \/><\/a>Palma, schwenkt der Blick zur\u00fcck, sehen wir rechts das wuchtige Massiv des Guajara, links den Pico Viejo und den Teide, zur Zeit ohne Schneeh\u00e4ubchen. Die Insel La Gomera, die man normalerweise von hier sehen kann, ist hinter den Wolken versteckt.<br \/>\nNach 15 Minuten sind wir wieder an der Abzweigung \u201eNr. 13\u201c und gehen nun geradeaus auf dem H\u00f6henr\u00fccken weiter. Erst eben, dann sanft ansteigend,<a href=\"http:\/\/www.mundi-roth.de\/teneriffa-blog\/wp-content\/uploads\/2009\/04\/sany1774.jpg\" rel=\"lightbox[785]\"><img loading=\"lazy\" decoding=\"async\" class=\"alignright size-thumbnail wp-image-791\" title=\"sany1774\" src=\"http:\/\/www.mundi-roth.de\/teneriffa-blog\/wp-content\/uploads\/2009\/04\/sany1774-150x112.jpg\" alt=\"sany1774\" width=\"150\" height=\"112\" srcset=\"https:\/\/www.mundi-roth.de\/teneriffa-blog\/wp-content\/uploads\/2009\/04\/sany1774-150x112.jpg 150w, https:\/\/www.mundi-roth.de\/teneriffa-blog\/wp-content\/uploads\/2009\/04\/sany1774-300x225.jpg 300w, https:\/\/www.mundi-roth.de\/teneriffa-blog\/wp-content\/uploads\/2009\/04\/sany1774.jpg 600w\" sizes=\"auto, (max-width: 150px) 100vw, 150px\" \/><\/a> der Weg schl\u00e4ngelt sich dann an einigen wenigen Kiefern vorbei, dicke B\u00fcsche der bl\u00e4tterreichen <a href=\"http:\/\/www.mundi-roth.de\/teneriffa-blog\/wp-content\/uploads\/2009\/04\/sany1779.jpg\" rel=\"lightbox[785]\"><img loading=\"lazy\" decoding=\"async\" class=\"alignleft size-thumbnail wp-image-792\" title=\"sany1779\" src=\"http:\/\/www.mundi-roth.de\/teneriffa-blog\/wp-content\/uploads\/2009\/04\/sany1779-150x112.jpg\" alt=\"sany1779\" width=\"150\" height=\"112\" srcset=\"https:\/\/www.mundi-roth.de\/teneriffa-blog\/wp-content\/uploads\/2009\/04\/sany1779-150x112.jpg 150w, https:\/\/www.mundi-roth.de\/teneriffa-blog\/wp-content\/uploads\/2009\/04\/sany1779-300x225.jpg 300w, https:\/\/www.mundi-roth.de\/teneriffa-blog\/wp-content\/uploads\/2009\/04\/sany1779.jpg 600w\" sizes=\"auto, (max-width: 150px) 100vw, 150px\" \/><\/a>Dr\u00fcsenfrucht bl\u00fchen bereits gelb\u00a0 und die beigen Kugelb\u00fcsche der endemischen Kardengew\u00e4chse, \u201eRosalito salvaje\u201c, die deutsche Bezeichnung: Teide-Skabiose, hellen den dunklen Lavagrund auf.<br \/>\nVon Zeit zu Zeit weist uns das Schild \u201esendero Nr.13\u201c darauf hin, wir sind richtig. Zudem kann man den Weg nicht verfehlen, er ist gut sichtbar ausgetreten.<br \/>\nZwischendurch gibt es einen etwas steileren Anstieg, links des Weges ist eine Schutzh\u00fctte aus Lavasteinen. Oben angekommen gehen wir rechts. Wieder<a href=\"http:\/\/www.mundi-roth.de\/teneriffa-blog\/wp-content\/uploads\/2009\/04\/p1030962.jpg\" rel=\"lightbox[785]\"><img loading=\"lazy\" decoding=\"async\" class=\"alignright size-thumbnail wp-image-793\" title=\"p1030962\" src=\"http:\/\/www.mundi-roth.de\/teneriffa-blog\/wp-content\/uploads\/2009\/04\/p1030962-150x112.jpg\" alt=\"p1030962\" width=\"150\" height=\"112\" srcset=\"https:\/\/www.mundi-roth.de\/teneriffa-blog\/wp-content\/uploads\/2009\/04\/p1030962-150x112.jpg 150w, https:\/\/www.mundi-roth.de\/teneriffa-blog\/wp-content\/uploads\/2009\/04\/p1030962-300x225.jpg 300w, https:\/\/www.mundi-roth.de\/teneriffa-blog\/wp-content\/uploads\/2009\/04\/p1030962.jpg 600w\" sizes=\"auto, (max-width: 150px) 100vw, 150px\" \/><\/a> zeigt uns \u201eNr. 13\u201c an: ja, wir sind richtig. Nun f\u00fchrt uns der Pfad durch urspr\u00fcngliche Lavalandschaft. <a href=\"http:\/\/www.mundi-roth.de\/teneriffa-blog\/wp-content\/uploads\/2009\/04\/p1030959a.jpg\" rel=\"lightbox[785]\"><img loading=\"lazy\" decoding=\"async\" class=\"alignleft size-thumbnail wp-image-794\" title=\"p1030959a\" src=\"http:\/\/www.mundi-roth.de\/teneriffa-blog\/wp-content\/uploads\/2009\/04\/p1030959a-150x114.jpg\" alt=\"p1030959a\" width=\"150\" height=\"114\" srcset=\"https:\/\/www.mundi-roth.de\/teneriffa-blog\/wp-content\/uploads\/2009\/04\/p1030959a-150x114.jpg 150w, https:\/\/www.mundi-roth.de\/teneriffa-blog\/wp-content\/uploads\/2009\/04\/p1030959a-300x228.jpg 300w, https:\/\/www.mundi-roth.de\/teneriffa-blog\/wp-content\/uploads\/2009\/04\/p1030959a.jpg 600w\" sizes=\"auto, (max-width: 150px) 100vw, 150px\" \/><\/a>Mal ein vereinzelter, kleiner Margaritenbusch oder ein B\u00fcschelchen Teide-Lack hellen die rote, schwarze Lavalandschaft auf. Immer vor uns den Pico Viejo und den Teide. Nochmal: Grandios<br \/>\nDieser Weg ist nun identisch mit dem Weg zur Reventada, den wir schon vor geraumer Zeit beschrieben haben.<br \/>\nWir begn\u00fcgen uns heute wieder mit dem Rundweg ohne den Abstecher zur Reventada hoch mit dem Blick in den Krater. Bis hierher haben wir ca. 2 Stunden gebraucht. Und wie hei\u00dft es so sch\u00f6n? Von nun an ging\u2019s bergab. Aber im positiven Sinn. Zwischen kahlen, mit feinem Lavasplit \u00fcberzogenen <a href=\"http:\/\/www.mundi-roth.de\/teneriffa-blog\/wp-content\/uploads\/2009\/04\/sany1797.jpg\" rel=\"lightbox[785]\"><img loading=\"lazy\" decoding=\"async\" class=\"alignleft size-thumbnail wp-image-796\" title=\"sany1797\" src=\"http:\/\/www.mundi-roth.de\/teneriffa-blog\/wp-content\/uploads\/2009\/04\/sany1797-150x112.jpg\" alt=\"sany1797\" width=\"150\" height=\"112\" srcset=\"https:\/\/www.mundi-roth.de\/teneriffa-blog\/wp-content\/uploads\/2009\/04\/sany1797-150x112.jpg 150w, https:\/\/www.mundi-roth.de\/teneriffa-blog\/wp-content\/uploads\/2009\/04\/sany1797-300x225.jpg 300w, https:\/\/www.mundi-roth.de\/teneriffa-blog\/wp-content\/uploads\/2009\/04\/sany1797.jpg 600w\" sizes=\"auto, (max-width: 150px) 100vw, 150px\" \/><\/a>H\u00e4ngen mit tollen Vulkanformationen dazwischen wandern wir in die Talsenke. Die Landschaft ist fast irrrational. So viele \u201eLava-Bomben\u201c (Magmateile, die beim Vulkanausbruch so hoch in die Luft geschossen <a href=\"http:\/\/www.mundi-roth.de\/teneriffa-blog\/wp-content\/uploads\/2009\/04\/sany1783.jpg\" rel=\"lightbox[785]\"><img loading=\"lazy\" decoding=\"async\" class=\"alignright size-thumbnail wp-image-795\" title=\"sany1783\" src=\"http:\/\/www.mundi-roth.de\/teneriffa-blog\/wp-content\/uploads\/2009\/04\/sany1783-150x112.jpg\" alt=\"sany1783\" width=\"150\" height=\"112\" srcset=\"https:\/\/www.mundi-roth.de\/teneriffa-blog\/wp-content\/uploads\/2009\/04\/sany1783-150x112.jpg 150w, https:\/\/www.mundi-roth.de\/teneriffa-blog\/wp-content\/uploads\/2009\/04\/sany1783-300x225.jpg 300w, https:\/\/www.mundi-roth.de\/teneriffa-blog\/wp-content\/uploads\/2009\/04\/sany1783.jpg 600w\" sizes=\"auto, (max-width: 150px) 100vw, 150px\" \/><\/a>wurden, dass sie beim Aufschlag bereits erkaltet waren) haben wir noch bei keiner anderen Wanderung gesehen.<br \/>\nWir k\u00f6nnen beobachten, dass man mit viel M\u00fche diversen Pflanzen Anwachshilfen gegeben hat und schnell sind wir wieder am Parkplatz.<br \/>\nTraumhaftes Wetter, kaum Wind, gute Sicht, fantastische, urspr\u00fcngliche Landschaft, was will man mehr!?!<\/p>\n<p><strong>Anfahrt:<\/strong><br \/>\nVon Los Cristianos kommend auf der Autobahn TF-1 bis zum Ende der <a href=\"http:\/\/www.mundi-roth.de\/teneriffa-blog\/wp-content\/uploads\/2009\/04\/anfahrt01.jpg\" rel=\"lightbox[785]\"><img loading=\"lazy\" decoding=\"async\" class=\"alignright size-thumbnail wp-image-798\" title=\"anfahrt01\" src=\"http:\/\/www.mundi-roth.de\/teneriffa-blog\/wp-content\/uploads\/2009\/04\/anfahrt01-119x150.jpg\" alt=\"anfahrt01\" width=\"119\" height=\"150\" srcset=\"https:\/\/www.mundi-roth.de\/teneriffa-blog\/wp-content\/uploads\/2009\/04\/anfahrt01-119x150.jpg 119w, https:\/\/www.mundi-roth.de\/teneriffa-blog\/wp-content\/uploads\/2009\/04\/anfahrt01-239x300.jpg 239w, https:\/\/www.mundi-roth.de\/teneriffa-blog\/wp-content\/uploads\/2009\/04\/anfahrt01.jpg 351w\" sizes=\"auto, (max-width: 119px) 100vw, 119px\" \/><\/a>Autobahn, beim Kreisel weiter auf der TF-82 bis Chio, hier biegen wir rechts ab auf die TF-38 Richtung El <a href=\"http:\/\/www.mundi-roth.de\/teneriffa-blog\/wp-content\/uploads\/2009\/04\/sany1756.jpg\" rel=\"lightbox[785]\"><img loading=\"lazy\" decoding=\"async\" class=\"alignleft size-thumbnail wp-image-799\" title=\"sany1756\" src=\"http:\/\/www.mundi-roth.de\/teneriffa-blog\/wp-content\/uploads\/2009\/04\/sany1756-150x110.jpg\" alt=\"sany1756\" width=\"150\" height=\"110\" srcset=\"https:\/\/www.mundi-roth.de\/teneriffa-blog\/wp-content\/uploads\/2009\/04\/sany1756-150x110.jpg 150w, https:\/\/www.mundi-roth.de\/teneriffa-blog\/wp-content\/uploads\/2009\/04\/sany1756-300x221.jpg 300w, https:\/\/www.mundi-roth.de\/teneriffa-blog\/wp-content\/uploads\/2009\/04\/sany1756.jpg 600w\" sizes=\"auto, (max-width: 150px) 100vw, 150px\" \/><\/a>Teide.\u00a0 Oberhalb der links an der Stra\u00dfe liegenden Restaurants ist die Fahrt ein traumhaftes Erlebnis, da zu dieser Zeit der Hornklee bl\u00fcht. Zwischen den Kiefern leuchtet es herrlich sonnenhell gelb. Zwischen km 8 und km 7\u00a0 ist inzwischen ein sch\u00f6ner Parkplatz angelegt.<\/p>\n<p><strong>Restaurant:<\/strong><br \/>\nLas Goteras in Tejina de Gu\u00eda-Isora.<a href=\"http:\/\/www.mundi-roth.de\/teneriffa-blog\/wp-content\/uploads\/2009\/04\/las-goteras.jpg\" rel=\"lightbox[785]\"><img loading=\"lazy\" decoding=\"async\" class=\"alignright size-thumbnail wp-image-797\" title=\"las-goteras\" src=\"http:\/\/www.mundi-roth.de\/teneriffa-blog\/wp-content\/uploads\/2009\/04\/las-goteras-150x145.jpg\" alt=\"las-goteras\" width=\"150\" height=\"145\" srcset=\"https:\/\/www.mundi-roth.de\/teneriffa-blog\/wp-content\/uploads\/2009\/04\/las-goteras-150x145.jpg 150w, https:\/\/www.mundi-roth.de\/teneriffa-blog\/wp-content\/uploads\/2009\/04\/las-goteras.jpg 299w\" sizes=\"auto, (max-width: 150px) 100vw, 150px\" \/><\/a><br \/>\nEs empfiehlt sich, nach Beendigung der Wanderung, so bald man wieder in Reichweite eines Netzes ist, einen Tisch zu bestellen, denn das Las Goteras ist ein sehr beliebtes Lokal, vor allem auch bei Einheimischen.<br \/>\nWer ein gro\u00dfer Fleischliebhaber ist, f\u00fcr den ist ein \u201eChurrasco\u201c (ein doppeltes Entrecote) vom Holzkohlengrill mit gegrillter roter Paprika ein Hochgenuss. Jedoch auch Liebhaber von Choco kommen voll zu ihrem Genuss und ich w\u00e4hle gerne das gut gew\u00fcrzte \u201eCarne encebollada\u201c.<br \/>\nGuten Appetit!<br \/>\nTelefon 922 85 70 56 &#8211; Montag ist Ruhetag<\/p>\n","protected":false},"excerpt":{"rendered":"<p>Eine beeindruckende Vulkanwanderung. Lavafl\u00fcsse, als w\u00e4re der Ausbruch erst gestern passiert. Die unterschiedlichsten Farben und Formationen . Grandios! Wander-Wegstrecke: 2 Stunden 3o Minuten ohne Pause gerechnet Unsere Wanderung beginnt von dem neu angelegten Parkplatz zwischen Kilometer 8 und 7 der Carretera 38.\u00a0 Gleich dort gibt uns eine Hinweistafel Ausk\u00fcnfte. Nach ein paar Stufen Abstieg zeigt [&hellip;]<\/p>\n","protected":false},"author":3,"featured_media":0,"comment_status":"open","ping_status":"open","sticky":false,"template":"","format":"standard","meta":{"footnotes":""},"categories":[779,6],"tags":[239,238,242,240,241,108,3,236,237,4],"class_list":["post-785","post","type-post","status-publish","format-standard","hentry","category-canadas","category-wanderungen","tag-guajara","tag-lava","tag-lava-bomben","tag-pico-viejo","tag-reventada","tag-teide","tag-teneriffa","tag-volcan-de-samara","tag-vulkanwanderung","tag-wandern"],"yoast_head":"<!-- This site is optimized with the Yoast SEO plugin v27.5 - https:\/\/yoast.com\/product\/yoast-seo-wordpress\/ -->\n<title>Volc\u00e1n de S\u00e1mara - Teneriffa Wandern<\/title>\n<meta name=\"robots\" content=\"index, follow, max-snippet:-1, max-image-preview:large, max-video-preview:-1\" \/>\n<link rel=\"canonical\" href=\"https:\/\/www.mundi-roth.de\/teneriffa-blog\/wanderungen\/volcan-de-samara\/\" \/>\n<meta name=\"twitter:label1\" content=\"Verfasst von\" \/>\n\t<meta name=\"twitter:data1\" content=\"ir\" \/>\n\t<meta name=\"twitter:label2\" content=\"Gesch\u00e4tzte Lesezeit\" \/>\n\t<meta name=\"twitter:data2\" content=\"3\u00a0Minuten\" \/>\n<script type=\"application\/ld+json\" class=\"yoast-schema-graph\">{\"@context\":\"https:\\\/\\\/schema.org\",\"@graph\":[{\"@type\":\"Article\",\"@id\":\"https:\\\/\\\/www.mundi-roth.de\\\/teneriffa-blog\\\/wanderungen\\\/volcan-de-samara\\\/#article\",\"isPartOf\":{\"@id\":\"https:\\\/\\\/www.mundi-roth.de\\\/teneriffa-blog\\\/wanderungen\\\/volcan-de-samara\\\/\"},\"author\":{\"name\":\"ir\",\"@id\":\"https:\\\/\\\/www.mundi-roth.de\\\/teneriffa-blog\\\/#\\\/schema\\\/person\\\/3afd0d251449790d15367c9aa52d203d\"},\"headline\":\"Volc\u00e1n de S\u00e1mara\",\"datePublished\":\"2009-04-22T19:00:53+00:00\",\"dateModified\":\"2015-04-12T10:23:46+00:00\",\"mainEntityOfPage\":{\"@id\":\"https:\\\/\\\/www.mundi-roth.de\\\/teneriffa-blog\\\/wanderungen\\\/volcan-de-samara\\\/\"},\"wordCount\":674,\"commentCount\":0,\"image\":{\"@id\":\"https:\\\/\\\/www.mundi-roth.de\\\/teneriffa-blog\\\/wanderungen\\\/volcan-de-samara\\\/#primaryimage\"},\"thumbnailUrl\":\"http:\\\/\\\/www.mundi-roth.de\\\/teneriffa-blog\\\/wp-content\\\/uploads\\\/2009\\\/04\\\/sany1771-150x92.jpg\",\"keywords\":[\"Guajara\",\"Lava\",\"Lava-Bomben\",\"Pico Viejo\",\"Reventada\",\"Teide\",\"Teneriffa\",\"Volc\u00e1n de S\u00e1mara\",\"Vulkanwanderung\",\"Wandern\"],\"articleSection\":[\"Ca\u00f1adas\",\"Wanderungen\"],\"inLanguage\":\"de\",\"potentialAction\":[{\"@type\":\"CommentAction\",\"name\":\"Comment\",\"target\":[\"https:\\\/\\\/www.mundi-roth.de\\\/teneriffa-blog\\\/wanderungen\\\/volcan-de-samara\\\/#respond\"]}]},{\"@type\":\"WebPage\",\"@id\":\"https:\\\/\\\/www.mundi-roth.de\\\/teneriffa-blog\\\/wanderungen\\\/volcan-de-samara\\\/\",\"url\":\"https:\\\/\\\/www.mundi-roth.de\\\/teneriffa-blog\\\/wanderungen\\\/volcan-de-samara\\\/\",\"name\":\"Volc\u00e1n de S\u00e1mara - Teneriffa Wandern\",\"isPartOf\":{\"@id\":\"https:\\\/\\\/www.mundi-roth.de\\\/teneriffa-blog\\\/#website\"},\"primaryImageOfPage\":{\"@id\":\"https:\\\/\\\/www.mundi-roth.de\\\/teneriffa-blog\\\/wanderungen\\\/volcan-de-samara\\\/#primaryimage\"},\"image\":{\"@id\":\"https:\\\/\\\/www.mundi-roth.de\\\/teneriffa-blog\\\/wanderungen\\\/volcan-de-samara\\\/#primaryimage\"},\"thumbnailUrl\":\"http:\\\/\\\/www.mundi-roth.de\\\/teneriffa-blog\\\/wp-content\\\/uploads\\\/2009\\\/04\\\/sany1771-150x92.jpg\",\"datePublished\":\"2009-04-22T19:00:53+00:00\",\"dateModified\":\"2015-04-12T10:23:46+00:00\",\"author\":{\"@id\":\"https:\\\/\\\/www.mundi-roth.de\\\/teneriffa-blog\\\/#\\\/schema\\\/person\\\/3afd0d251449790d15367c9aa52d203d\"},\"breadcrumb\":{\"@id\":\"https:\\\/\\\/www.mundi-roth.de\\\/teneriffa-blog\\\/wanderungen\\\/volcan-de-samara\\\/#breadcrumb\"},\"inLanguage\":\"de\",\"potentialAction\":[{\"@type\":\"ReadAction\",\"target\":[\"https:\\\/\\\/www.mundi-roth.de\\\/teneriffa-blog\\\/wanderungen\\\/volcan-de-samara\\\/\"]}]},{\"@type\":\"ImageObject\",\"inLanguage\":\"de\",\"@id\":\"https:\\\/\\\/www.mundi-roth.de\\\/teneriffa-blog\\\/wanderungen\\\/volcan-de-samara\\\/#primaryimage\",\"url\":\"https:\\\/\\\/www.mundi-roth.de\\\/teneriffa-blog\\\/wp-content\\\/uploads\\\/2009\\\/04\\\/sany1771.jpg\",\"contentUrl\":\"https:\\\/\\\/www.mundi-roth.de\\\/teneriffa-blog\\\/wp-content\\\/uploads\\\/2009\\\/04\\\/sany1771.jpg\",\"width\":\"483\",\"height\":\"297\"},{\"@type\":\"BreadcrumbList\",\"@id\":\"https:\\\/\\\/www.mundi-roth.de\\\/teneriffa-blog\\\/wanderungen\\\/volcan-de-samara\\\/#breadcrumb\",\"itemListElement\":[{\"@type\":\"ListItem\",\"position\":1,\"name\":\"Startseite\",\"item\":\"https:\\\/\\\/www.mundi-roth.de\\\/teneriffa-blog\\\/\"},{\"@type\":\"ListItem\",\"position\":2,\"name\":\"Volc\u00e1n de S\u00e1mara\"}]},{\"@type\":\"WebSite\",\"@id\":\"https:\\\/\\\/www.mundi-roth.de\\\/teneriffa-blog\\\/#website\",\"url\":\"https:\\\/\\\/www.mundi-roth.de\\\/teneriffa-blog\\\/\",\"name\":\"Teneriffa Wandern\",\"description\":\"Nicht nur Wanderungen auf Teneriffa...\",\"potentialAction\":[{\"@type\":\"SearchAction\",\"target\":{\"@type\":\"EntryPoint\",\"urlTemplate\":\"https:\\\/\\\/www.mundi-roth.de\\\/teneriffa-blog\\\/?s={search_term_string}\"},\"query-input\":{\"@type\":\"PropertyValueSpecification\",\"valueRequired\":true,\"valueName\":\"search_term_string\"}}],\"inLanguage\":\"de\"},{\"@type\":\"Person\",\"@id\":\"https:\\\/\\\/www.mundi-roth.de\\\/teneriffa-blog\\\/#\\\/schema\\\/person\\\/3afd0d251449790d15367c9aa52d203d\",\"name\":\"ir\",\"image\":{\"@type\":\"ImageObject\",\"inLanguage\":\"de\",\"@id\":\"https:\\\/\\\/secure.gravatar.com\\\/avatar\\\/e67b41513c921c2bb58363f44c8a00a447c9a2526ad8ff71b5b6257e5f7f5c66?s=96&d=mm&r=g\",\"url\":\"https:\\\/\\\/secure.gravatar.com\\\/avatar\\\/e67b41513c921c2bb58363f44c8a00a447c9a2526ad8ff71b5b6257e5f7f5c66?s=96&d=mm&r=g\",\"contentUrl\":\"https:\\\/\\\/secure.gravatar.com\\\/avatar\\\/e67b41513c921c2bb58363f44c8a00a447c9a2526ad8ff71b5b6257e5f7f5c66?s=96&d=mm&r=g\",\"caption\":\"ir\"},\"sameAs\":[\"http:\\\/\\\/www.mundi-roth.de\"],\"url\":\"https:\\\/\\\/www.mundi-roth.de\\\/teneriffa-blog\\\/author\\\/ir\\\/\"}]}<\/script>\n<!-- \/ Yoast SEO plugin. -->","yoast_head_json":{"title":"Volc\u00e1n de S\u00e1mara - Teneriffa Wandern","robots":{"index":"index","follow":"follow","max-snippet":"max-snippet:-1","max-image-preview":"max-image-preview:large","max-video-preview":"max-video-preview:-1"},"canonical":"https:\/\/www.mundi-roth.de\/teneriffa-blog\/wanderungen\/volcan-de-samara\/","twitter_misc":{"Verfasst von":"ir","Gesch\u00e4tzte Lesezeit":"3\u00a0Minuten"},"schema":{"@context":"https:\/\/schema.org","@graph":[{"@type":"Article","@id":"https:\/\/www.mundi-roth.de\/teneriffa-blog\/wanderungen\/volcan-de-samara\/#article","isPartOf":{"@id":"https:\/\/www.mundi-roth.de\/teneriffa-blog\/wanderungen\/volcan-de-samara\/"},"author":{"name":"ir","@id":"https:\/\/www.mundi-roth.de\/teneriffa-blog\/#\/schema\/person\/3afd0d251449790d15367c9aa52d203d"},"headline":"Volc\u00e1n de S\u00e1mara","datePublished":"2009-04-22T19:00:53+00:00","dateModified":"2015-04-12T10:23:46+00:00","mainEntityOfPage":{"@id":"https:\/\/www.mundi-roth.de\/teneriffa-blog\/wanderungen\/volcan-de-samara\/"},"wordCount":674,"commentCount":0,"image":{"@id":"https:\/\/www.mundi-roth.de\/teneriffa-blog\/wanderungen\/volcan-de-samara\/#primaryimage"},"thumbnailUrl":"http:\/\/www.mundi-roth.de\/teneriffa-blog\/wp-content\/uploads\/2009\/04\/sany1771-150x92.jpg","keywords":["Guajara","Lava","Lava-Bomben","Pico Viejo","Reventada","Teide","Teneriffa","Volc\u00e1n de S\u00e1mara","Vulkanwanderung","Wandern"],"articleSection":["Ca\u00f1adas","Wanderungen"],"inLanguage":"de","potentialAction":[{"@type":"CommentAction","name":"Comment","target":["https:\/\/www.mundi-roth.de\/teneriffa-blog\/wanderungen\/volcan-de-samara\/#respond"]}]},{"@type":"WebPage","@id":"https:\/\/www.mundi-roth.de\/teneriffa-blog\/wanderungen\/volcan-de-samara\/","url":"https:\/\/www.mundi-roth.de\/teneriffa-blog\/wanderungen\/volcan-de-samara\/","name":"Volc\u00e1n de S\u00e1mara - Teneriffa Wandern","isPartOf":{"@id":"https:\/\/www.mundi-roth.de\/teneriffa-blog\/#website"},"primaryImageOfPage":{"@id":"https:\/\/www.mundi-roth.de\/teneriffa-blog\/wanderungen\/volcan-de-samara\/#primaryimage"},"image":{"@id":"https:\/\/www.mundi-roth.de\/teneriffa-blog\/wanderungen\/volcan-de-samara\/#primaryimage"},"thumbnailUrl":"http:\/\/www.mundi-roth.de\/teneriffa-blog\/wp-content\/uploads\/2009\/04\/sany1771-150x92.jpg","datePublished":"2009-04-22T19:00:53+00:00","dateModified":"2015-04-12T10:23:46+00:00","author":{"@id":"https:\/\/www.mundi-roth.de\/teneriffa-blog\/#\/schema\/person\/3afd0d251449790d15367c9aa52d203d"},"breadcrumb":{"@id":"https:\/\/www.mundi-roth.de\/teneriffa-blog\/wanderungen\/volcan-de-samara\/#breadcrumb"},"inLanguage":"de","potentialAction":[{"@type":"ReadAction","target":["https:\/\/www.mundi-roth.de\/teneriffa-blog\/wanderungen\/volcan-de-samara\/"]}]},{"@type":"ImageObject","inLanguage":"de","@id":"https:\/\/www.mundi-roth.de\/teneriffa-blog\/wanderungen\/volcan-de-samara\/#primaryimage","url":"https:\/\/www.mundi-roth.de\/teneriffa-blog\/wp-content\/uploads\/2009\/04\/sany1771.jpg","contentUrl":"https:\/\/www.mundi-roth.de\/teneriffa-blog\/wp-content\/uploads\/2009\/04\/sany1771.jpg","width":"483","height":"297"},{"@type":"BreadcrumbList","@id":"https:\/\/www.mundi-roth.de\/teneriffa-blog\/wanderungen\/volcan-de-samara\/#breadcrumb","itemListElement":[{"@type":"ListItem","position":1,"name":"Startseite","item":"https:\/\/www.mundi-roth.de\/teneriffa-blog\/"},{"@type":"ListItem","position":2,"name":"Volc\u00e1n de S\u00e1mara"}]},{"@type":"WebSite","@id":"https:\/\/www.mundi-roth.de\/teneriffa-blog\/#website","url":"https:\/\/www.mundi-roth.de\/teneriffa-blog\/","name":"Teneriffa Wandern","description":"Nicht nur Wanderungen auf Teneriffa...","potentialAction":[{"@type":"SearchAction","target":{"@type":"EntryPoint","urlTemplate":"https:\/\/www.mundi-roth.de\/teneriffa-blog\/?s={search_term_string}"},"query-input":{"@type":"PropertyValueSpecification","valueRequired":true,"valueName":"search_term_string"}}],"inLanguage":"de"},{"@type":"Person","@id":"https:\/\/www.mundi-roth.de\/teneriffa-blog\/#\/schema\/person\/3afd0d251449790d15367c9aa52d203d","name":"ir","image":{"@type":"ImageObject","inLanguage":"de","@id":"https:\/\/secure.gravatar.com\/avatar\/e67b41513c921c2bb58363f44c8a00a447c9a2526ad8ff71b5b6257e5f7f5c66?s=96&d=mm&r=g","url":"https:\/\/secure.gravatar.com\/avatar\/e67b41513c921c2bb58363f44c8a00a447c9a2526ad8ff71b5b6257e5f7f5c66?s=96&d=mm&r=g","contentUrl":"https:\/\/secure.gravatar.com\/avatar\/e67b41513c921c2bb58363f44c8a00a447c9a2526ad8ff71b5b6257e5f7f5c66?s=96&d=mm&r=g","caption":"ir"},"sameAs":["http:\/\/www.mundi-roth.de"],"url":"https:\/\/www.mundi-roth.de\/teneriffa-blog\/author\/ir\/"}]}},"_links":{"self":[{"href":"https:\/\/www.mundi-roth.de\/teneriffa-blog\/wp-json\/wp\/v2\/posts\/785","targetHints":{"allow":["GET"]}}],"collection":[{"href":"https:\/\/www.mundi-roth.de\/teneriffa-blog\/wp-json\/wp\/v2\/posts"}],"about":[{"href":"https:\/\/www.mundi-roth.de\/teneriffa-blog\/wp-json\/wp\/v2\/types\/post"}],"author":[{"embeddable":true,"href":"https:\/\/www.mundi-roth.de\/teneriffa-blog\/wp-json\/wp\/v2\/users\/3"}],"replies":[{"embeddable":true,"href":"https:\/\/www.mundi-roth.de\/teneriffa-blog\/wp-json\/wp\/v2\/comments?post=785"}],"version-history":[{"count":0,"href":"https:\/\/www.mundi-roth.de\/teneriffa-blog\/wp-json\/wp\/v2\/posts\/785\/revisions"}],"wp:attachment":[{"href":"https:\/\/www.mundi-roth.de\/teneriffa-blog\/wp-json\/wp\/v2\/media?parent=785"}],"wp:term":[{"taxonomy":"category","embeddable":true,"href":"https:\/\/www.mundi-roth.de\/teneriffa-blog\/wp-json\/wp\/v2\/categories?post=785"},{"taxonomy":"post_tag","embeddable":true,"href":"https:\/\/www.mundi-roth.de\/teneriffa-blog\/wp-json\/wp\/v2\/tags?post=785"}],"curies":[{"name":"wp","href":"https:\/\/api.w.org\/{rel}","templated":true}]}}