{"id":803,"date":"2009-10-08T20:00:38","date_gmt":"2009-10-08T19:00:38","guid":{"rendered":"http:\/\/www.mundi-roth.de\/teneriffa-blog\/?p=803"},"modified":"2015-04-12T11:23:12","modified_gmt":"2015-04-12T10:23:12","slug":"wanderweg-tunez","status":"publish","type":"post","link":"https:\/\/www.mundi-roth.de\/teneriffa-blog\/wanderungen\/wanderweg-tunez\/","title":{"rendered":"Wanderweg T\u00fanez"},"content":{"rendered":"<p><strong>Die Wanderzeit beginnt wieder.<br \/>\nOb diese Tour wirklich die Richtige ist, um es langsam wieder angehen zu lassen, bezweifle ich, jedoch zeigt sie auch auf, wie gut die Kondition nach der langen Pause ist.<br \/>\nVorweg: Sie ist noch gut!<br \/>\nAu\u00dferdem hat die Tour den Vorteil, sie liegt f\u00fcr uns, die wir im S\u00fcden wohnen, quasi vor der Haust\u00fcre.\u00a0<a href=\"http:\/\/www.mundi-roth.de\/teneriffa-blog\/wp-content\/uploads\/2009\/10\/strecke4.jpg\" rel=\"lightbox[803]\"><img loading=\"lazy\" decoding=\"async\" class=\"alignright size-thumbnail wp-image-811\" title=\"strecke4\" src=\"http:\/\/www.mundi-roth.de\/teneriffa-blog\/wp-content\/uploads\/2009\/10\/strecke4-150x117.jpg\" alt=\"strecke4\" width=\"150\" height=\"117\" srcset=\"https:\/\/www.mundi-roth.de\/teneriffa-blog\/wp-content\/uploads\/2009\/10\/strecke4-150x117.jpg 150w, https:\/\/www.mundi-roth.de\/teneriffa-blog\/wp-content\/uploads\/2009\/10\/strecke4-300x235.jpg 300w, https:\/\/www.mundi-roth.de\/teneriffa-blog\/wp-content\/uploads\/2009\/10\/strecke4.jpg 511w\" sizes=\"auto, (max-width: 150px) 100vw, 150px\" \/><\/a><\/strong><\/p>\n<p><strong>Wanderwegstrecke<\/strong>: Rundweg 2 Stunden<\/p>\n<p>Wir parken unseren Wagen im \u00d6rtchen T\u00fanez, gegen\u00fcber des Skulpturenparks \u201eMariposa\u201c. (<strong>S<\/strong> in der Karte)<br \/>\nDirekt gegen\u00fcber steigt auch schon unser <a href=\"http:\/\/www.mundi-roth.de\/teneriffa-blog\/wp-content\/uploads\/2009\/10\/p1050009a.jpg\" rel=\"lightbox[803]\"><img loading=\"lazy\" decoding=\"async\" class=\"alignleft size-thumbnail wp-image-805\" title=\"p1050009a\" src=\"http:\/\/www.mundi-roth.de\/teneriffa-blog\/wp-content\/uploads\/2009\/10\/p1050009a-150x106.jpg\" alt=\"p1050009a\" width=\"150\" height=\"106\" srcset=\"https:\/\/www.mundi-roth.de\/teneriffa-blog\/wp-content\/uploads\/2009\/10\/p1050009a-150x106.jpg 150w, https:\/\/www.mundi-roth.de\/teneriffa-blog\/wp-content\/uploads\/2009\/10\/p1050009a-300x212.jpg 300w, https:\/\/www.mundi-roth.de\/teneriffa-blog\/wp-content\/uploads\/2009\/10\/p1050009a.jpg 385w\" sizes=\"auto, (max-width: 150px) 100vw, 150px\" \/><\/a>Wanderweg \u2013 mit gr\u00fcnem Punkt und gr\u00fcnem Pfeil , TS 5 gekennzeichnet &#8211; zwischen Steinmauern an. Diese gr\u00fcnen Punkte begleiten uns von Anfang an und sind auf der ganzen Strecke zum Teil gut, zum Teil nach einiger Ausschau, zu sehen.<br \/>\nWir queren eine Wasserleitung und halten uns rechts weiter aufw\u00e4rts auf einem nunmehr breiten Weg. Bereits von hier aus haben wir einen weiten <a href=\"http:\/\/www.mundi-roth.de\/teneriffa-blog\/wp-content\/uploads\/2009\/10\/p1050010.jpg\" rel=\"lightbox[803]\"><img loading=\"lazy\" decoding=\"async\" class=\"alignleft size-thumbnail wp-image-806\" title=\"p1050010\" src=\"http:\/\/www.mundi-roth.de\/teneriffa-blog\/wp-content\/uploads\/2009\/10\/p1050010-150x112.jpg\" alt=\"p1050010\" width=\"150\" height=\"112\" srcset=\"https:\/\/www.mundi-roth.de\/teneriffa-blog\/wp-content\/uploads\/2009\/10\/p1050010-150x112.jpg 150w, https:\/\/www.mundi-roth.de\/teneriffa-blog\/wp-content\/uploads\/2009\/10\/p1050010-300x225.jpg 300w, https:\/\/www.mundi-roth.de\/teneriffa-blog\/wp-content\/uploads\/2009\/10\/p1050010.jpg 600w\" sizes=\"auto, (max-width: 150px) 100vw, 150px\" \/><\/a>Blick auf die K\u00fcstenregion mit ihren vielen Vulkanerhebungen.<br \/>\nNach ca. 50 Minuten \u2013 geruhsam gegangen mit diversen Plauder- und Schau-Unterbrechungen \u2013 gelangen wir auf eine asphaltierte Stra\u00dfe und wildes Hundegebell schallt uns\u00a0 vom Dach des ersten Hauses entgegen. Rechts am Haus befindet sich wieder ein gr\u00fcner Punkt, der uns weiter bergauf leitet. Wir befinden uns auf dem\u00a0 \u201eCamino El Respaladero\u201c. Nicht verzagen, immer weiter steil bergauf. Ein altes Bruchsteinhaus auf der rechten Seite ist wieder mit einem gr\u00fcnen Punkt \u201everziert\u201c.<br \/>\nBis zum Stra\u00dfenschild \u201eCamino Mesa la Hondura\u201c gehen wir hoch. Hier folgen wir dem gr\u00fcnen Punkt nach rechts und wandern auf der asphaltierten Stra\u00dfe weiter bis zur ersten Rechtskurve. Die Punkte sind hier an einem Pfahl und an einem leeren Wasserbecken angebracht.<br \/>\nVon Einheimischen wurde uns versichert, dass wir bedenkenlos die Schranke umgehen k\u00f6nnen, denn der Wanderweg f\u00fchrt nun an einem Privathaus mit sch\u00f6nem, blumenverzierten Zaun entlang.<br \/>\nDen Blick lassen wir schweifen \u00fcber die Kuppen des Chijate-Felsen und<a href=\"http:\/\/www.mundi-roth.de\/teneriffa-blog\/wp-content\/uploads\/2009\/10\/p1050014.jpg\" rel=\"lightbox[803]\"><img loading=\"lazy\" decoding=\"async\" class=\"alignright size-thumbnail wp-image-807\" title=\"p1050014\" src=\"http:\/\/www.mundi-roth.de\/teneriffa-blog\/wp-content\/uploads\/2009\/10\/p1050014-150x112.jpg\" alt=\"p1050014\" width=\"150\" height=\"112\" srcset=\"https:\/\/www.mundi-roth.de\/teneriffa-blog\/wp-content\/uploads\/2009\/10\/p1050014-150x112.jpg 150w, https:\/\/www.mundi-roth.de\/teneriffa-blog\/wp-content\/uploads\/2009\/10\/p1050014-300x225.jpg 300w, https:\/\/www.mundi-roth.de\/teneriffa-blog\/wp-content\/uploads\/2009\/10\/p1050014.jpg 600w\" sizes=\"auto, (max-width: 150px) 100vw, 150px\" \/><\/a> Roque de Igara, des \u201eschlafenden se\u00f1ors\u201c bis zur Monta\u00f1a Roja.<br \/>\nWas wir vorher ca. 350 H\u00f6henmeter steil bergauf gingen, muss nun folglich steil bergab gehen.<br \/>\nZwischen gemauerter Wasserleitung und Wasserbecken schl\u00e4ngelt sich der Pfad jetzt weiter und wir biegen links ab, hier nicht geradeaus weitergehen.<br \/>\nWir kommen an ein Bruchsteinhaus \u201eLa Pradera\u201c (Wiese) Haus Nummer 16. Den Vorgarten schm\u00fcckt eine Statue der Venus von Milo. Von hier haben wir wieder asphaltierte Stra\u00dfe. Am n\u00e4chsten Haus befindet sich ein gr\u00fcner Doppelpunkt, und unverdrossen, weiter geht\u2019s bergab.<\/p>\n<p><a href=\"http:\/\/www.mundi-roth.de\/teneriffa-blog\/wp-content\/uploads\/2009\/10\/p1050015.jpg\" rel=\"lightbox[803]\"><img loading=\"lazy\" decoding=\"async\" class=\"alignleft size-thumbnail wp-image-808\" title=\"p1050015\" src=\"http:\/\/www.mundi-roth.de\/teneriffa-blog\/wp-content\/uploads\/2009\/10\/p1050015-150x112.jpg\" alt=\"p1050015\" width=\"150\" height=\"112\" srcset=\"https:\/\/www.mundi-roth.de\/teneriffa-blog\/wp-content\/uploads\/2009\/10\/p1050015-150x112.jpg 150w, https:\/\/www.mundi-roth.de\/teneriffa-blog\/wp-content\/uploads\/2009\/10\/p1050015-300x225.jpg 300w, https:\/\/www.mundi-roth.de\/teneriffa-blog\/wp-content\/uploads\/2009\/10\/p1050015.jpg 600w\" sizes=\"auto, (max-width: 150px) 100vw, 150px\" \/><\/a>Eine sch\u00f6ne Rundtour. Unterwegs begegneten wir J\u00e4gern und Ziegenhirten, also wirklich l\u00e4ndlich.<br \/>\nNach 2 Stunden erreichen wir die Stra\u00dfe \u201eT\u00fanez\u201c. Halten uns rechts und nach 10 Minuten sind wir an unserem Wagen.<\/p>\n<p><strong>Anfahrt:<\/strong><br \/>\nAuf der TF 28\/TF51 bis Arona. In den Ort geradeaus und am Ayuntamiento und Kirchplatz vorbei, danach sofort rechts abbiegen Richtung \u201eT\u00fanez\u201c bis zum Skultpurenpark \u201eMariposa\u201c.<br \/>\nMan kann diese Tour jedoch auch gut mit dem Bus machen. Bis Arona und dann in 20 Minuten bis zum Ausgangspunkt der Wanderung gehen.<\/p>\n<p><strong>Besonderheit:<\/strong><br \/>\nDer Skulpturenpark \u201eMariposa\u201c ist einen besonderen Ausflug wert.<a href=\"http:\/\/www.mundi-roth.de\/teneriffa-blog\/wp-content\/uploads\/2009\/10\/pan_mariposa.jpg\" rel=\"lightbox[803]\"><img loading=\"lazy\" decoding=\"async\" class=\"alignright size-thumbnail wp-image-809\" title=\"pan_mariposa\" src=\"http:\/\/www.mundi-roth.de\/teneriffa-blog\/wp-content\/uploads\/2009\/10\/pan_mariposa-150x69.jpg\" alt=\"pan_mariposa\" width=\"150\" height=\"69\" srcset=\"https:\/\/www.mundi-roth.de\/teneriffa-blog\/wp-content\/uploads\/2009\/10\/pan_mariposa-150x69.jpg 150w, https:\/\/www.mundi-roth.de\/teneriffa-blog\/wp-content\/uploads\/2009\/10\/pan_mariposa-300x138.jpg 300w, https:\/\/www.mundi-roth.de\/teneriffa-blog\/wp-content\/uploads\/2009\/10\/pan_mariposa.jpg 600w\" sizes=\"auto, (max-width: 150px) 100vw, 150px\" \/><\/a><br \/>\nDie Journalistin Brigitte Mohoritsch titulierte ihren Artikel \u00fcber den Park \u201ePlatz f\u00fcr Tr\u00e4umer, Realisten und Vordenker\u201c. Die Besitzer und Initiatoren, Helga und Hans-J\u00fcrgen M\u00fcller, fanden diese \u00dcberschrift absolut treffend. Ihre Idee war und ist es, einen Ort in dieser Welt zu schaffen, der zum Tr\u00e4umen, zum Schauen zum Innehalten und Nachdenken einl\u00e4dt. Viele Menschen \u2013 K\u00fcnstlerinnen und K\u00fcnstler \u2013 haben sie dabei unterst\u00fctzt.<br \/>\n\u201eJedoch Mariposa ist mehr: Unterpfand f\u00fcr eine neue Art des Miteinander-Umgehens, Ort vision\u00e4ren Denkens. In dieser Zukunftswerkstatt k\u00f6nnen Menschen aus Wissenschaft und Politik, aus Wirtschaft, Kultur und Kunst zu neuen Konzepten finden.\u201c<br \/>\nSo die Aussage von Edelgard Bulmann, ehemalige Bundesministerin f\u00fcr Bildung und Forschung.<br \/>\nDetaillierte Informationen findet man in<\/p>\n<p><em><strong>www.mariposa-projekt.de<\/strong><\/em>.<\/p>\n","protected":false},"excerpt":{"rendered":"<p>Die Wanderzeit beginnt wieder. Ob diese Tour wirklich die Richtige ist, um es langsam wieder angehen zu lassen, bezweifle ich, jedoch zeigt sie auch auf, wie gut die Kondition nach der langen Pause ist. Vorweg: Sie ist noch gut! Au\u00dferdem hat die Tour den Vorteil, sie liegt f\u00fcr uns, die wir im S\u00fcden wohnen, quasi [&hellip;]<\/p>\n","protected":false},"author":3,"featured_media":0,"comment_status":"open","ping_status":"open","sticky":false,"template":"","format":"standard","meta":{"footnotes":""},"categories":[775,6],"tags":[65,246,247,245,244],"class_list":["post-803","post","type-post","status-publish","format-standard","hentry","category-arona","category-wanderungen","tag-arona","tag-camino-el-respaladero","tag-camino-mesa-la-hondura","tag-mariposa","tag-tunez"],"yoast_head":"<!-- This site is optimized with the Yoast SEO plugin v27.5 - https:\/\/yoast.com\/product\/yoast-seo-wordpress\/ -->\n<title>Wanderweg T\u00fanez - Teneriffa Wandern<\/title>\n<meta name=\"robots\" content=\"index, follow, max-snippet:-1, max-image-preview:large, max-video-preview:-1\" \/>\n<link rel=\"canonical\" href=\"https:\/\/www.mundi-roth.de\/teneriffa-blog\/wanderungen\/wanderweg-tunez\/\" \/>\n<meta name=\"twitter:label1\" content=\"Verfasst von\" \/>\n\t<meta name=\"twitter:data1\" content=\"ir\" \/>\n\t<meta name=\"twitter:label2\" content=\"Gesch\u00e4tzte Lesezeit\" \/>\n\t<meta name=\"twitter:data2\" content=\"3\u00a0Minuten\" \/>\n<script type=\"application\/ld+json\" class=\"yoast-schema-graph\">{\"@context\":\"https:\\\/\\\/schema.org\",\"@graph\":[{\"@type\":\"Article\",\"@id\":\"https:\\\/\\\/www.mundi-roth.de\\\/teneriffa-blog\\\/wanderungen\\\/wanderweg-tunez\\\/#article\",\"isPartOf\":{\"@id\":\"https:\\\/\\\/www.mundi-roth.de\\\/teneriffa-blog\\\/wanderungen\\\/wanderweg-tunez\\\/\"},\"author\":{\"name\":\"ir\",\"@id\":\"https:\\\/\\\/www.mundi-roth.de\\\/teneriffa-blog\\\/#\\\/schema\\\/person\\\/3afd0d251449790d15367c9aa52d203d\"},\"headline\":\"Wanderweg T\u00fanez\",\"datePublished\":\"2009-10-08T19:00:38+00:00\",\"dateModified\":\"2015-04-12T10:23:12+00:00\",\"mainEntityOfPage\":{\"@id\":\"https:\\\/\\\/www.mundi-roth.de\\\/teneriffa-blog\\\/wanderungen\\\/wanderweg-tunez\\\/\"},\"wordCount\":634,\"commentCount\":0,\"image\":{\"@id\":\"https:\\\/\\\/www.mundi-roth.de\\\/teneriffa-blog\\\/wanderungen\\\/wanderweg-tunez\\\/#primaryimage\"},\"thumbnailUrl\":\"http:\\\/\\\/www.mundi-roth.de\\\/teneriffa-blog\\\/wp-content\\\/uploads\\\/2009\\\/10\\\/strecke4-150x117.jpg\",\"keywords\":[\"Arona\",\"Camino El Respaladero\",\"Camino Mesa la Hondura\",\"Mariposa\",\"Tunez\"],\"articleSection\":[\"Arona\",\"Wanderungen\"],\"inLanguage\":\"de\",\"potentialAction\":[{\"@type\":\"CommentAction\",\"name\":\"Comment\",\"target\":[\"https:\\\/\\\/www.mundi-roth.de\\\/teneriffa-blog\\\/wanderungen\\\/wanderweg-tunez\\\/#respond\"]}]},{\"@type\":\"WebPage\",\"@id\":\"https:\\\/\\\/www.mundi-roth.de\\\/teneriffa-blog\\\/wanderungen\\\/wanderweg-tunez\\\/\",\"url\":\"https:\\\/\\\/www.mundi-roth.de\\\/teneriffa-blog\\\/wanderungen\\\/wanderweg-tunez\\\/\",\"name\":\"Wanderweg T\u00fanez - Teneriffa Wandern\",\"isPartOf\":{\"@id\":\"https:\\\/\\\/www.mundi-roth.de\\\/teneriffa-blog\\\/#website\"},\"primaryImageOfPage\":{\"@id\":\"https:\\\/\\\/www.mundi-roth.de\\\/teneriffa-blog\\\/wanderungen\\\/wanderweg-tunez\\\/#primaryimage\"},\"image\":{\"@id\":\"https:\\\/\\\/www.mundi-roth.de\\\/teneriffa-blog\\\/wanderungen\\\/wanderweg-tunez\\\/#primaryimage\"},\"thumbnailUrl\":\"http:\\\/\\\/www.mundi-roth.de\\\/teneriffa-blog\\\/wp-content\\\/uploads\\\/2009\\\/10\\\/strecke4-150x117.jpg\",\"datePublished\":\"2009-10-08T19:00:38+00:00\",\"dateModified\":\"2015-04-12T10:23:12+00:00\",\"author\":{\"@id\":\"https:\\\/\\\/www.mundi-roth.de\\\/teneriffa-blog\\\/#\\\/schema\\\/person\\\/3afd0d251449790d15367c9aa52d203d\"},\"breadcrumb\":{\"@id\":\"https:\\\/\\\/www.mundi-roth.de\\\/teneriffa-blog\\\/wanderungen\\\/wanderweg-tunez\\\/#breadcrumb\"},\"inLanguage\":\"de\",\"potentialAction\":[{\"@type\":\"ReadAction\",\"target\":[\"https:\\\/\\\/www.mundi-roth.de\\\/teneriffa-blog\\\/wanderungen\\\/wanderweg-tunez\\\/\"]}]},{\"@type\":\"ImageObject\",\"inLanguage\":\"de\",\"@id\":\"https:\\\/\\\/www.mundi-roth.de\\\/teneriffa-blog\\\/wanderungen\\\/wanderweg-tunez\\\/#primaryimage\",\"url\":\"https:\\\/\\\/www.mundi-roth.de\\\/teneriffa-blog\\\/wp-content\\\/uploads\\\/2009\\\/10\\\/strecke4.jpg\",\"contentUrl\":\"https:\\\/\\\/www.mundi-roth.de\\\/teneriffa-blog\\\/wp-content\\\/uploads\\\/2009\\\/10\\\/strecke4.jpg\",\"width\":\"511\",\"height\":\"401\"},{\"@type\":\"BreadcrumbList\",\"@id\":\"https:\\\/\\\/www.mundi-roth.de\\\/teneriffa-blog\\\/wanderungen\\\/wanderweg-tunez\\\/#breadcrumb\",\"itemListElement\":[{\"@type\":\"ListItem\",\"position\":1,\"name\":\"Startseite\",\"item\":\"https:\\\/\\\/www.mundi-roth.de\\\/teneriffa-blog\\\/\"},{\"@type\":\"ListItem\",\"position\":2,\"name\":\"Wanderweg T\u00fanez\"}]},{\"@type\":\"WebSite\",\"@id\":\"https:\\\/\\\/www.mundi-roth.de\\\/teneriffa-blog\\\/#website\",\"url\":\"https:\\\/\\\/www.mundi-roth.de\\\/teneriffa-blog\\\/\",\"name\":\"Teneriffa Wandern\",\"description\":\"Nicht nur Wanderungen auf Teneriffa...\",\"potentialAction\":[{\"@type\":\"SearchAction\",\"target\":{\"@type\":\"EntryPoint\",\"urlTemplate\":\"https:\\\/\\\/www.mundi-roth.de\\\/teneriffa-blog\\\/?s={search_term_string}\"},\"query-input\":{\"@type\":\"PropertyValueSpecification\",\"valueRequired\":true,\"valueName\":\"search_term_string\"}}],\"inLanguage\":\"de\"},{\"@type\":\"Person\",\"@id\":\"https:\\\/\\\/www.mundi-roth.de\\\/teneriffa-blog\\\/#\\\/schema\\\/person\\\/3afd0d251449790d15367c9aa52d203d\",\"name\":\"ir\",\"image\":{\"@type\":\"ImageObject\",\"inLanguage\":\"de\",\"@id\":\"https:\\\/\\\/secure.gravatar.com\\\/avatar\\\/e67b41513c921c2bb58363f44c8a00a447c9a2526ad8ff71b5b6257e5f7f5c66?s=96&d=mm&r=g\",\"url\":\"https:\\\/\\\/secure.gravatar.com\\\/avatar\\\/e67b41513c921c2bb58363f44c8a00a447c9a2526ad8ff71b5b6257e5f7f5c66?s=96&d=mm&r=g\",\"contentUrl\":\"https:\\\/\\\/secure.gravatar.com\\\/avatar\\\/e67b41513c921c2bb58363f44c8a00a447c9a2526ad8ff71b5b6257e5f7f5c66?s=96&d=mm&r=g\",\"caption\":\"ir\"},\"sameAs\":[\"http:\\\/\\\/www.mundi-roth.de\"],\"url\":\"https:\\\/\\\/www.mundi-roth.de\\\/teneriffa-blog\\\/author\\\/ir\\\/\"}]}<\/script>\n<!-- \/ Yoast SEO plugin. -->","yoast_head_json":{"title":"Wanderweg T\u00fanez - Teneriffa Wandern","robots":{"index":"index","follow":"follow","max-snippet":"max-snippet:-1","max-image-preview":"max-image-preview:large","max-video-preview":"max-video-preview:-1"},"canonical":"https:\/\/www.mundi-roth.de\/teneriffa-blog\/wanderungen\/wanderweg-tunez\/","twitter_misc":{"Verfasst von":"ir","Gesch\u00e4tzte Lesezeit":"3\u00a0Minuten"},"schema":{"@context":"https:\/\/schema.org","@graph":[{"@type":"Article","@id":"https:\/\/www.mundi-roth.de\/teneriffa-blog\/wanderungen\/wanderweg-tunez\/#article","isPartOf":{"@id":"https:\/\/www.mundi-roth.de\/teneriffa-blog\/wanderungen\/wanderweg-tunez\/"},"author":{"name":"ir","@id":"https:\/\/www.mundi-roth.de\/teneriffa-blog\/#\/schema\/person\/3afd0d251449790d15367c9aa52d203d"},"headline":"Wanderweg T\u00fanez","datePublished":"2009-10-08T19:00:38+00:00","dateModified":"2015-04-12T10:23:12+00:00","mainEntityOfPage":{"@id":"https:\/\/www.mundi-roth.de\/teneriffa-blog\/wanderungen\/wanderweg-tunez\/"},"wordCount":634,"commentCount":0,"image":{"@id":"https:\/\/www.mundi-roth.de\/teneriffa-blog\/wanderungen\/wanderweg-tunez\/#primaryimage"},"thumbnailUrl":"http:\/\/www.mundi-roth.de\/teneriffa-blog\/wp-content\/uploads\/2009\/10\/strecke4-150x117.jpg","keywords":["Arona","Camino El Respaladero","Camino Mesa la Hondura","Mariposa","Tunez"],"articleSection":["Arona","Wanderungen"],"inLanguage":"de","potentialAction":[{"@type":"CommentAction","name":"Comment","target":["https:\/\/www.mundi-roth.de\/teneriffa-blog\/wanderungen\/wanderweg-tunez\/#respond"]}]},{"@type":"WebPage","@id":"https:\/\/www.mundi-roth.de\/teneriffa-blog\/wanderungen\/wanderweg-tunez\/","url":"https:\/\/www.mundi-roth.de\/teneriffa-blog\/wanderungen\/wanderweg-tunez\/","name":"Wanderweg T\u00fanez - Teneriffa Wandern","isPartOf":{"@id":"https:\/\/www.mundi-roth.de\/teneriffa-blog\/#website"},"primaryImageOfPage":{"@id":"https:\/\/www.mundi-roth.de\/teneriffa-blog\/wanderungen\/wanderweg-tunez\/#primaryimage"},"image":{"@id":"https:\/\/www.mundi-roth.de\/teneriffa-blog\/wanderungen\/wanderweg-tunez\/#primaryimage"},"thumbnailUrl":"http:\/\/www.mundi-roth.de\/teneriffa-blog\/wp-content\/uploads\/2009\/10\/strecke4-150x117.jpg","datePublished":"2009-10-08T19:00:38+00:00","dateModified":"2015-04-12T10:23:12+00:00","author":{"@id":"https:\/\/www.mundi-roth.de\/teneriffa-blog\/#\/schema\/person\/3afd0d251449790d15367c9aa52d203d"},"breadcrumb":{"@id":"https:\/\/www.mundi-roth.de\/teneriffa-blog\/wanderungen\/wanderweg-tunez\/#breadcrumb"},"inLanguage":"de","potentialAction":[{"@type":"ReadAction","target":["https:\/\/www.mundi-roth.de\/teneriffa-blog\/wanderungen\/wanderweg-tunez\/"]}]},{"@type":"ImageObject","inLanguage":"de","@id":"https:\/\/www.mundi-roth.de\/teneriffa-blog\/wanderungen\/wanderweg-tunez\/#primaryimage","url":"https:\/\/www.mundi-roth.de\/teneriffa-blog\/wp-content\/uploads\/2009\/10\/strecke4.jpg","contentUrl":"https:\/\/www.mundi-roth.de\/teneriffa-blog\/wp-content\/uploads\/2009\/10\/strecke4.jpg","width":"511","height":"401"},{"@type":"BreadcrumbList","@id":"https:\/\/www.mundi-roth.de\/teneriffa-blog\/wanderungen\/wanderweg-tunez\/#breadcrumb","itemListElement":[{"@type":"ListItem","position":1,"name":"Startseite","item":"https:\/\/www.mundi-roth.de\/teneriffa-blog\/"},{"@type":"ListItem","position":2,"name":"Wanderweg T\u00fanez"}]},{"@type":"WebSite","@id":"https:\/\/www.mundi-roth.de\/teneriffa-blog\/#website","url":"https:\/\/www.mundi-roth.de\/teneriffa-blog\/","name":"Teneriffa Wandern","description":"Nicht nur Wanderungen auf Teneriffa...","potentialAction":[{"@type":"SearchAction","target":{"@type":"EntryPoint","urlTemplate":"https:\/\/www.mundi-roth.de\/teneriffa-blog\/?s={search_term_string}"},"query-input":{"@type":"PropertyValueSpecification","valueRequired":true,"valueName":"search_term_string"}}],"inLanguage":"de"},{"@type":"Person","@id":"https:\/\/www.mundi-roth.de\/teneriffa-blog\/#\/schema\/person\/3afd0d251449790d15367c9aa52d203d","name":"ir","image":{"@type":"ImageObject","inLanguage":"de","@id":"https:\/\/secure.gravatar.com\/avatar\/e67b41513c921c2bb58363f44c8a00a447c9a2526ad8ff71b5b6257e5f7f5c66?s=96&d=mm&r=g","url":"https:\/\/secure.gravatar.com\/avatar\/e67b41513c921c2bb58363f44c8a00a447c9a2526ad8ff71b5b6257e5f7f5c66?s=96&d=mm&r=g","contentUrl":"https:\/\/secure.gravatar.com\/avatar\/e67b41513c921c2bb58363f44c8a00a447c9a2526ad8ff71b5b6257e5f7f5c66?s=96&d=mm&r=g","caption":"ir"},"sameAs":["http:\/\/www.mundi-roth.de"],"url":"https:\/\/www.mundi-roth.de\/teneriffa-blog\/author\/ir\/"}]}},"_links":{"self":[{"href":"https:\/\/www.mundi-roth.de\/teneriffa-blog\/wp-json\/wp\/v2\/posts\/803","targetHints":{"allow":["GET"]}}],"collection":[{"href":"https:\/\/www.mundi-roth.de\/teneriffa-blog\/wp-json\/wp\/v2\/posts"}],"about":[{"href":"https:\/\/www.mundi-roth.de\/teneriffa-blog\/wp-json\/wp\/v2\/types\/post"}],"author":[{"embeddable":true,"href":"https:\/\/www.mundi-roth.de\/teneriffa-blog\/wp-json\/wp\/v2\/users\/3"}],"replies":[{"embeddable":true,"href":"https:\/\/www.mundi-roth.de\/teneriffa-blog\/wp-json\/wp\/v2\/comments?post=803"}],"version-history":[{"count":0,"href":"https:\/\/www.mundi-roth.de\/teneriffa-blog\/wp-json\/wp\/v2\/posts\/803\/revisions"}],"wp:attachment":[{"href":"https:\/\/www.mundi-roth.de\/teneriffa-blog\/wp-json\/wp\/v2\/media?parent=803"}],"wp:term":[{"taxonomy":"category","embeddable":true,"href":"https:\/\/www.mundi-roth.de\/teneriffa-blog\/wp-json\/wp\/v2\/categories?post=803"},{"taxonomy":"post_tag","embeddable":true,"href":"https:\/\/www.mundi-roth.de\/teneriffa-blog\/wp-json\/wp\/v2\/tags?post=803"}],"curies":[{"name":"wp","href":"https:\/\/api.w.org\/{rel}","templated":true}]}}