{"id":83,"date":"2007-11-13T19:44:03","date_gmt":"2007-11-13T17:44:03","guid":{"rendered":"http:\/\/www.mundi-roth.de\/teneriffa-blog\/wanderungen\/oberhalb-von-la-quinta\/"},"modified":"2015-04-12T12:08:56","modified_gmt":"2015-04-12T11:08:56","slug":"oberhalb-von-la-quinta","status":"publish","type":"post","link":"https:\/\/www.mundi-roth.de\/teneriffa-blog\/wanderungen\/oberhalb-von-la-quinta\/","title":{"rendered":"Oberhalb von La Quinta"},"content":{"rendered":"<p><strong>Zur Zistrosenzeit &#8211; Bl\u00fcte Mitte-Ende M\u00e4rz &#8211; ist diese Wanderung ein Traum. Zudem bekommt man noch so nebenbei etwas vom fr\u00fcheren Leben der Einheimischen mit: Verlassene Fincas und ein Dreschplatz, der offensichtlich wieder genutzt wird. Beim Mirador Adeje hat man einen grandiosen Blick auf die K\u00fcste.<\/strong><\/p>\n<p><!--more--><\/p>\n<p><strong>Wander-Wegstrecke:<\/strong> Rundweg 2 \u00bd Stunden<br \/>\nDie Wanderung beginnen wir in der Calle La Serrer\u00eda, die gleich bei unserem Parkplatz beginnt. Wir gehen diese an einem Wasserbecken vorbei und biegen an dessen Ende nach rechts ab. Wir gehen rechts oder links vorbei am geschlossenen <a href=\"http:\/\/www.mundi-roth.de\/teneriffa-blog\/wp-content\/uploads\/2007\/11\/sany5056.jpg\" rel=\"lightbox[83]\"><img loading=\"lazy\" decoding=\"async\" src=\"http:\/\/www.mundi-roth.de\/teneriffa-blog\/wp-content\/uploads\/2007\/11\/sany5056.thumbnail.jpg\" alt=\"Abzweigung\" width=\"128\" height=\"96\" align=\"right\" border=\"0\" hspace=\"3\" vspace=\"3\" \/><\/a>Gittertor \u2013 links befindet sich an einem Stein ein gelber Punkt \u2013 und wandern weiter bis kurz vor das n\u00e4chste Eisentor. Hier verlassen wir den breiten Fahrweg und steigen scharf links hoch. Oben sehen wir linker Hand ein zerfallenes Haus, k\u00f6nnen die kunstvolle Aufschichtung der Steine bewundern, rechter Hand breiten sich Rebst\u00f6cke aus. Wir \u00fcberschreiten zwei gemauerte Wasserleitungen, ein Hinweis 21. April 1948 l\u00e4sst darauf schlie\u00dfen, dass diese zu dem Zeitpunkt errichtet wurden. Bei der n\u00e4chsten Weggabelung gehen wir links hoch. Hier an diesem Punkt kommen wir bei unserem R\u00fcckweg wieder vorbei.<br \/>\nWir gehen auf eine sch\u00f6ne kleine Finca zu. Unterhalb \u00fcberrascht uns &#8211; zu dieser <a href=\"http:\/\/www.mundi-roth.de\/teneriffa-blog\/wp-content\/uploads\/2007\/11\/sany5039.jpg\" rel=\"lightbox[83]\"><img loading=\"lazy\" decoding=\"async\" src=\"http:\/\/www.mundi-roth.de\/teneriffa-blog\/wp-content\/uploads\/2007\/11\/sany5039.thumbnail.jpg\" alt=\"Dreschplatz\" width=\"128\" height=\"96\" align=\"left\" border=\"0\" hspace=\"3\" vspace=\"3\" \/><\/a>Jahreszeit &#8211; ein bl\u00fchender Margaritenstrauch und gleich oberhalb befindet sich ein gro\u00dfer Dreschplatz, auf dem &#8211; nach Aussagen eines Mitwanderers &#8211; in diesem Sommer noch aktiv gearbeitet wurde.<a href=\"http:\/\/www.mundi-roth.de\/teneriffa-blog\/wp-content\/uploads\/2007\/11\/sany5040.jpg\" rel=\"lightbox[83]\"><img loading=\"lazy\" decoding=\"async\" src=\"http:\/\/www.mundi-roth.de\/teneriffa-blog\/wp-content\/uploads\/2007\/11\/sany5040.thumbnail.jpg\" alt=\"Baum\" width=\"128\" height=\"96\" align=\"right\" border=\"0\" hspace=\"3\" vspace=\"3\" \/><\/a><br \/>\nZwei imposante B\u00e4ume \u2013 eine Zypries (?) und eine Libanon-Zeder (von Crist\u00f3bal best\u00e4tigt), viele Blumen zieren das Haus.<br \/>\nDie Besitzerin oder Bewohnerin der Finca wu\u00dfte zwar den Namen des Baumes nicht, daf\u00fcr aber, dass dieser Baum auf der Insel einzig sei, jedoch auf dem Festland h\u00e4ufiger anzutreffen sei.<br \/>\n<a href=\"http:\/\/www.mundi-roth.de\/teneriffa-blog\/wp-content\/uploads\/2007\/11\/sany5045.jpg\" rel=\"lightbox[83]\"><img loading=\"lazy\" decoding=\"async\" src=\"http:\/\/www.mundi-roth.de\/teneriffa-blog\/wp-content\/uploads\/2007\/11\/sany5045.thumbnail.jpg\" alt=\"Aufstieg\" width=\"96\" height=\"128\" align=\"left\" border=\"0\" hspace=\"3\" vspace=\"3\" \/><\/a>Kurz darauf beginnt ein steiler, heftiger Aufstieg, an einer modernen Wasserleitung entlang, hinauf auf die breite, mit kanarischer Kiefer bestandene, Hochfl\u00e4che.<br \/>\nZistrosenstr\u00e4ucher, skurrile Skelette der verbl\u00fchten G\u00e4nsedisteln, links oben eine verfallene Finca und viele kanarische Kiefern runden dieses sch\u00f6ne St\u00fcckchen Landschaft ab.<br \/>\nHier hei\u00dft es nun aufpassen: Wir gehen weiter bergauf, orientieren <a href=\"http:\/\/www.mundi-roth.de\/teneriffa-blog\/wp-content\/uploads\/2007\/11\/sany5050.jpg\" rel=\"lightbox[83]\"><img loading=\"lazy\" decoding=\"async\" src=\"http:\/\/www.mundi-roth.de\/teneriffa-blog\/wp-content\/uploads\/2007\/11\/sany5050.thumbnail.jpg\" alt=\"Pinie\" width=\"96\" height=\"128\" align=\"right\" border=\"0\" hspace=\"3\" vspace=\"3\" \/><\/a>uns an den diversen Steinm\u00e4nnchen und halten uns bald rechts, um dann abw\u00e4rts zu gehen. Bei einer wundersch\u00f6n geformten kanarischen Kiefer mit Zweigen bis auf den Boden kommen wir aus. Hier bietet sich eine Rast an.<br \/>\nEine Stunde dauerte unsere Wanderung bis hierher.<br \/>\nWeiter geht es \u00fcber gro\u00dfe Felsplatten entlang einer in den Fels gehauenen Wasserleitung bergab. Unser Weg f\u00fchrt mal rechts mal <a href=\"http:\/\/www.mundi-roth.de\/teneriffa-blog\/wp-content\/uploads\/2007\/11\/img_5890.jpg\" rel=\"lightbox[83]\"><img loading=\"lazy\" decoding=\"async\" src=\"http:\/\/www.mundi-roth.de\/teneriffa-blog\/wp-content\/uploads\/2007\/11\/img_5890.thumbnail.jpg\" alt=\"Wasserleitung\" width=\"128\" height=\"96\" align=\"left\" border=\"0\" hspace=\"3\" vspace=\"3\" \/><\/a>links der Wasserleitung, die mal offen, mal mit gro\u00dfen Steinen locker, mal komplett abgedeckt ist oder sogar ganz zugemauert ist entlang des Saums eines Kiefernwaldes bis zum Aussichtspunkt. Hier geht es links zwischen Felsen durch nach Ifonche und wir biegen aber rechts ab und gehen weiter bergab.<br \/>\nBaumheide und Esskastanien sind unsere Wegbegleiter. Der Weg f\u00fchrt nun sanft bergan und wir kommen an einem Startplatz der Paraglider vorbei und nach geraumer Zeit gelangen wir wieder an den bereits eingangs erw\u00e4hnten Punkt bei dem wir beim Hinweg abgebogen sind.<br \/>\nGro\u00dfe Agaven mit ihren markanten \u00dcberbleibseln der Bl\u00fctenst\u00e4nde begr\u00fc\u00dfen uns wieder.<\/p>\n<p><strong>Botanik:<\/strong><br \/>\nDiese Wanderung sollte man eigentlich unbedingt im Fr\u00fchjahr von Februar an machen, wenn die Zistrosen bl\u00fchen. Die rosa bl\u00fchende \u2013 \u201eAmagante, jara jar\u00f3n\u201c oder die wei\u00dfbl\u00fchende, mit gelblichem Grund, mit schmalen, spitzen Bl\u00e4ttern \u201eJaguarzo, jara blanca\u201c. Bl\u00fchende Baumheide sahen wir jetzt schon und die fruchttragenden <a href=\"http:\/\/www.mundi-roth.de\/teneriffa-blog\/wp-content\/uploads\/2007\/11\/sany5051.jpg\" rel=\"lightbox[83]\"><img loading=\"lazy\" decoding=\"async\" src=\"http:\/\/www.mundi-roth.de\/teneriffa-blog\/wp-content\/uploads\/2007\/11\/sany5051.thumbnail.jpg\" alt=\"Fensterpflanze\" width=\"96\" height=\"128\" align=\"right\" border=\"0\" hspace=\"3\" vspace=\"3\" \/><\/a>Esskastanien. Nicht so oft zu entdecken aber wundersch\u00f6n anzusehen und ist die gelbbl\u00fctige Fensterpflanze, ein Seidenpflanzengew\u00e4chs \u201eAsclepiadaceae\u201c. Also: Augen auf!<\/p>\n<p><strong>Restaurant:<\/strong><br \/>\nHeute haben wir auf der R\u00fcckfahrt zur TF-82 Gl\u00fcck. Kurz vor der Einm\u00fcndung in die TF-28 in der Kurve liegt rechts das Restaurant \u201eLa Ganan\u00eda\u201c an der Carretera a Taucho und ist ausnahmsweise heute ge\u00f6ffnet.<br \/>\n(Kaninchen mal anders; gute Solomillos)<br \/>\nNormalerweise hat dieses Lokal Dienstag und Mittwoch Ruhetag.<br \/>\nTelefon: 922 711 151<br \/>\nZwar gibt es auch hier nur eine Gesamtrechnung, jedoch es wird ein Taschenrechner, Papier und Bleistift mitgeliefert! Haha!<\/p>\n<p><strong>Anfahrt:<\/strong><br \/>\nVon Los Cristianos kommend auf der Autobahn TF-1 bis zum Ende, beim Kreisel auf die TF- 82 bis zum Hinweis in Los Menores \u201eTaucho\u201c, dort auf der TF-583 durch Taucho durch bis La Quinta. Kurz oberhalb der dortigen Kirche bietet ein gro\u00dfer Platz die M\u00f6glichkeit zu parken.<br \/>\n<a href=\"http:\/\/www.mundi-roth.de\/teneriffa-blog\/wp-content\/uploads\/2007\/11\/quinta14.jpg\" rel=\"lightbox[83]\"><img decoding=\"async\" src=\"http:\/\/www.mundi-roth.de\/teneriffa-blog\/wp-content\/uploads\/2007\/11\/quinta14.jpg\" alt=\"\" border=\"0\" hspace=\"3\" vspace=\"3\" \/><\/a><\/p>\n","protected":false},"excerpt":{"rendered":"<p>Zur Zistrosenzeit &#8211; Bl\u00fcte Mitte-Ende M\u00e4rz &#8211; ist diese Wanderung ein Traum. Zudem bekommt man noch so nebenbei etwas vom fr\u00fcheren Leben der Einheimischen mit: Verlassene Fincas und ein Dreschplatz, der offensichtlich wieder genutzt wird. Beim Mirador Adeje hat man einen grandiosen Blick auf die K\u00fcste.<\/p>\n","protected":false},"author":3,"featured_media":0,"comment_status":"open","ping_status":"open","sticky":false,"template":"","format":"standard","meta":{"footnotes":""},"categories":[776,6],"tags":[41,40,3,4],"class_list":["post-83","post","type-post","status-publish","format-standard","hentry","category-guia-de-isora","category-wanderungen","tag-fensterpflanze","tag-la-quinta","tag-teneriffa","tag-wandern"],"yoast_head":"<!-- This site is optimized with the Yoast SEO plugin v27.5 - https:\/\/yoast.com\/product\/yoast-seo-wordpress\/ -->\n<title>Oberhalb von La Quinta - Teneriffa Wandern<\/title>\n<meta name=\"robots\" content=\"index, follow, max-snippet:-1, max-image-preview:large, max-video-preview:-1\" \/>\n<link rel=\"canonical\" href=\"https:\/\/www.mundi-roth.de\/teneriffa-blog\/wanderungen\/oberhalb-von-la-quinta\/\" \/>\n<meta name=\"twitter:label1\" content=\"Verfasst von\" \/>\n\t<meta name=\"twitter:data1\" content=\"ir\" \/>\n\t<meta name=\"twitter:label2\" content=\"Gesch\u00e4tzte Lesezeit\" \/>\n\t<meta name=\"twitter:data2\" content=\"4\u00a0Minuten\" \/>\n<script type=\"application\/ld+json\" class=\"yoast-schema-graph\">{\"@context\":\"https:\\\/\\\/schema.org\",\"@graph\":[{\"@type\":\"Article\",\"@id\":\"https:\\\/\\\/www.mundi-roth.de\\\/teneriffa-blog\\\/wanderungen\\\/oberhalb-von-la-quinta\\\/#article\",\"isPartOf\":{\"@id\":\"https:\\\/\\\/www.mundi-roth.de\\\/teneriffa-blog\\\/wanderungen\\\/oberhalb-von-la-quinta\\\/\"},\"author\":{\"name\":\"ir\",\"@id\":\"https:\\\/\\\/www.mundi-roth.de\\\/teneriffa-blog\\\/#\\\/schema\\\/person\\\/3afd0d251449790d15367c9aa52d203d\"},\"headline\":\"Oberhalb von La Quinta\",\"datePublished\":\"2007-11-13T17:44:03+00:00\",\"dateModified\":\"2015-04-12T11:08:56+00:00\",\"mainEntityOfPage\":{\"@id\":\"https:\\\/\\\/www.mundi-roth.de\\\/teneriffa-blog\\\/wanderungen\\\/oberhalb-von-la-quinta\\\/\"},\"wordCount\":719,\"commentCount\":0,\"image\":{\"@id\":\"https:\\\/\\\/www.mundi-roth.de\\\/teneriffa-blog\\\/wanderungen\\\/oberhalb-von-la-quinta\\\/#primaryimage\"},\"thumbnailUrl\":\"http:\\\/\\\/www.mundi-roth.de\\\/teneriffa-blog\\\/wp-content\\\/uploads\\\/2007\\\/11\\\/sany5056.thumbnail.jpg\",\"keywords\":[\"Fensterpflanze\",\"La Quinta\",\"Teneriffa\",\"Wandern\"],\"articleSection\":[\"Guia de Isora\",\"Wanderungen\"],\"inLanguage\":\"de\",\"potentialAction\":[{\"@type\":\"CommentAction\",\"name\":\"Comment\",\"target\":[\"https:\\\/\\\/www.mundi-roth.de\\\/teneriffa-blog\\\/wanderungen\\\/oberhalb-von-la-quinta\\\/#respond\"]}]},{\"@type\":\"WebPage\",\"@id\":\"https:\\\/\\\/www.mundi-roth.de\\\/teneriffa-blog\\\/wanderungen\\\/oberhalb-von-la-quinta\\\/\",\"url\":\"https:\\\/\\\/www.mundi-roth.de\\\/teneriffa-blog\\\/wanderungen\\\/oberhalb-von-la-quinta\\\/\",\"name\":\"Oberhalb von La Quinta - Teneriffa Wandern\",\"isPartOf\":{\"@id\":\"https:\\\/\\\/www.mundi-roth.de\\\/teneriffa-blog\\\/#website\"},\"primaryImageOfPage\":{\"@id\":\"https:\\\/\\\/www.mundi-roth.de\\\/teneriffa-blog\\\/wanderungen\\\/oberhalb-von-la-quinta\\\/#primaryimage\"},\"image\":{\"@id\":\"https:\\\/\\\/www.mundi-roth.de\\\/teneriffa-blog\\\/wanderungen\\\/oberhalb-von-la-quinta\\\/#primaryimage\"},\"thumbnailUrl\":\"http:\\\/\\\/www.mundi-roth.de\\\/teneriffa-blog\\\/wp-content\\\/uploads\\\/2007\\\/11\\\/sany5056.thumbnail.jpg\",\"datePublished\":\"2007-11-13T17:44:03+00:00\",\"dateModified\":\"2015-04-12T11:08:56+00:00\",\"author\":{\"@id\":\"https:\\\/\\\/www.mundi-roth.de\\\/teneriffa-blog\\\/#\\\/schema\\\/person\\\/3afd0d251449790d15367c9aa52d203d\"},\"breadcrumb\":{\"@id\":\"https:\\\/\\\/www.mundi-roth.de\\\/teneriffa-blog\\\/wanderungen\\\/oberhalb-von-la-quinta\\\/#breadcrumb\"},\"inLanguage\":\"de\",\"potentialAction\":[{\"@type\":\"ReadAction\",\"target\":[\"https:\\\/\\\/www.mundi-roth.de\\\/teneriffa-blog\\\/wanderungen\\\/oberhalb-von-la-quinta\\\/\"]}]},{\"@type\":\"ImageObject\",\"inLanguage\":\"de\",\"@id\":\"https:\\\/\\\/www.mundi-roth.de\\\/teneriffa-blog\\\/wanderungen\\\/oberhalb-von-la-quinta\\\/#primaryimage\",\"url\":\"http:\\\/\\\/www.mundi-roth.de\\\/teneriffa-blog\\\/wp-content\\\/uploads\\\/2007\\\/11\\\/sany5056.thumbnail.jpg\",\"contentUrl\":\"http:\\\/\\\/www.mundi-roth.de\\\/teneriffa-blog\\\/wp-content\\\/uploads\\\/2007\\\/11\\\/sany5056.thumbnail.jpg\"},{\"@type\":\"BreadcrumbList\",\"@id\":\"https:\\\/\\\/www.mundi-roth.de\\\/teneriffa-blog\\\/wanderungen\\\/oberhalb-von-la-quinta\\\/#breadcrumb\",\"itemListElement\":[{\"@type\":\"ListItem\",\"position\":1,\"name\":\"Startseite\",\"item\":\"https:\\\/\\\/www.mundi-roth.de\\\/teneriffa-blog\\\/\"},{\"@type\":\"ListItem\",\"position\":2,\"name\":\"Oberhalb von La Quinta\"}]},{\"@type\":\"WebSite\",\"@id\":\"https:\\\/\\\/www.mundi-roth.de\\\/teneriffa-blog\\\/#website\",\"url\":\"https:\\\/\\\/www.mundi-roth.de\\\/teneriffa-blog\\\/\",\"name\":\"Teneriffa Wandern\",\"description\":\"Nicht nur Wanderungen auf Teneriffa...\",\"potentialAction\":[{\"@type\":\"SearchAction\",\"target\":{\"@type\":\"EntryPoint\",\"urlTemplate\":\"https:\\\/\\\/www.mundi-roth.de\\\/teneriffa-blog\\\/?s={search_term_string}\"},\"query-input\":{\"@type\":\"PropertyValueSpecification\",\"valueRequired\":true,\"valueName\":\"search_term_string\"}}],\"inLanguage\":\"de\"},{\"@type\":\"Person\",\"@id\":\"https:\\\/\\\/www.mundi-roth.de\\\/teneriffa-blog\\\/#\\\/schema\\\/person\\\/3afd0d251449790d15367c9aa52d203d\",\"name\":\"ir\",\"image\":{\"@type\":\"ImageObject\",\"inLanguage\":\"de\",\"@id\":\"https:\\\/\\\/secure.gravatar.com\\\/avatar\\\/e67b41513c921c2bb58363f44c8a00a447c9a2526ad8ff71b5b6257e5f7f5c66?s=96&d=mm&r=g\",\"url\":\"https:\\\/\\\/secure.gravatar.com\\\/avatar\\\/e67b41513c921c2bb58363f44c8a00a447c9a2526ad8ff71b5b6257e5f7f5c66?s=96&d=mm&r=g\",\"contentUrl\":\"https:\\\/\\\/secure.gravatar.com\\\/avatar\\\/e67b41513c921c2bb58363f44c8a00a447c9a2526ad8ff71b5b6257e5f7f5c66?s=96&d=mm&r=g\",\"caption\":\"ir\"},\"sameAs\":[\"http:\\\/\\\/www.mundi-roth.de\"],\"url\":\"https:\\\/\\\/www.mundi-roth.de\\\/teneriffa-blog\\\/author\\\/ir\\\/\"}]}<\/script>\n<!-- \/ Yoast SEO plugin. -->","yoast_head_json":{"title":"Oberhalb von La Quinta - Teneriffa Wandern","robots":{"index":"index","follow":"follow","max-snippet":"max-snippet:-1","max-image-preview":"max-image-preview:large","max-video-preview":"max-video-preview:-1"},"canonical":"https:\/\/www.mundi-roth.de\/teneriffa-blog\/wanderungen\/oberhalb-von-la-quinta\/","twitter_misc":{"Verfasst von":"ir","Gesch\u00e4tzte Lesezeit":"4\u00a0Minuten"},"schema":{"@context":"https:\/\/schema.org","@graph":[{"@type":"Article","@id":"https:\/\/www.mundi-roth.de\/teneriffa-blog\/wanderungen\/oberhalb-von-la-quinta\/#article","isPartOf":{"@id":"https:\/\/www.mundi-roth.de\/teneriffa-blog\/wanderungen\/oberhalb-von-la-quinta\/"},"author":{"name":"ir","@id":"https:\/\/www.mundi-roth.de\/teneriffa-blog\/#\/schema\/person\/3afd0d251449790d15367c9aa52d203d"},"headline":"Oberhalb von La Quinta","datePublished":"2007-11-13T17:44:03+00:00","dateModified":"2015-04-12T11:08:56+00:00","mainEntityOfPage":{"@id":"https:\/\/www.mundi-roth.de\/teneriffa-blog\/wanderungen\/oberhalb-von-la-quinta\/"},"wordCount":719,"commentCount":0,"image":{"@id":"https:\/\/www.mundi-roth.de\/teneriffa-blog\/wanderungen\/oberhalb-von-la-quinta\/#primaryimage"},"thumbnailUrl":"http:\/\/www.mundi-roth.de\/teneriffa-blog\/wp-content\/uploads\/2007\/11\/sany5056.thumbnail.jpg","keywords":["Fensterpflanze","La Quinta","Teneriffa","Wandern"],"articleSection":["Guia de Isora","Wanderungen"],"inLanguage":"de","potentialAction":[{"@type":"CommentAction","name":"Comment","target":["https:\/\/www.mundi-roth.de\/teneriffa-blog\/wanderungen\/oberhalb-von-la-quinta\/#respond"]}]},{"@type":"WebPage","@id":"https:\/\/www.mundi-roth.de\/teneriffa-blog\/wanderungen\/oberhalb-von-la-quinta\/","url":"https:\/\/www.mundi-roth.de\/teneriffa-blog\/wanderungen\/oberhalb-von-la-quinta\/","name":"Oberhalb von La Quinta - Teneriffa Wandern","isPartOf":{"@id":"https:\/\/www.mundi-roth.de\/teneriffa-blog\/#website"},"primaryImageOfPage":{"@id":"https:\/\/www.mundi-roth.de\/teneriffa-blog\/wanderungen\/oberhalb-von-la-quinta\/#primaryimage"},"image":{"@id":"https:\/\/www.mundi-roth.de\/teneriffa-blog\/wanderungen\/oberhalb-von-la-quinta\/#primaryimage"},"thumbnailUrl":"http:\/\/www.mundi-roth.de\/teneriffa-blog\/wp-content\/uploads\/2007\/11\/sany5056.thumbnail.jpg","datePublished":"2007-11-13T17:44:03+00:00","dateModified":"2015-04-12T11:08:56+00:00","author":{"@id":"https:\/\/www.mundi-roth.de\/teneriffa-blog\/#\/schema\/person\/3afd0d251449790d15367c9aa52d203d"},"breadcrumb":{"@id":"https:\/\/www.mundi-roth.de\/teneriffa-blog\/wanderungen\/oberhalb-von-la-quinta\/#breadcrumb"},"inLanguage":"de","potentialAction":[{"@type":"ReadAction","target":["https:\/\/www.mundi-roth.de\/teneriffa-blog\/wanderungen\/oberhalb-von-la-quinta\/"]}]},{"@type":"ImageObject","inLanguage":"de","@id":"https:\/\/www.mundi-roth.de\/teneriffa-blog\/wanderungen\/oberhalb-von-la-quinta\/#primaryimage","url":"http:\/\/www.mundi-roth.de\/teneriffa-blog\/wp-content\/uploads\/2007\/11\/sany5056.thumbnail.jpg","contentUrl":"http:\/\/www.mundi-roth.de\/teneriffa-blog\/wp-content\/uploads\/2007\/11\/sany5056.thumbnail.jpg"},{"@type":"BreadcrumbList","@id":"https:\/\/www.mundi-roth.de\/teneriffa-blog\/wanderungen\/oberhalb-von-la-quinta\/#breadcrumb","itemListElement":[{"@type":"ListItem","position":1,"name":"Startseite","item":"https:\/\/www.mundi-roth.de\/teneriffa-blog\/"},{"@type":"ListItem","position":2,"name":"Oberhalb von La Quinta"}]},{"@type":"WebSite","@id":"https:\/\/www.mundi-roth.de\/teneriffa-blog\/#website","url":"https:\/\/www.mundi-roth.de\/teneriffa-blog\/","name":"Teneriffa Wandern","description":"Nicht nur Wanderungen auf Teneriffa...","potentialAction":[{"@type":"SearchAction","target":{"@type":"EntryPoint","urlTemplate":"https:\/\/www.mundi-roth.de\/teneriffa-blog\/?s={search_term_string}"},"query-input":{"@type":"PropertyValueSpecification","valueRequired":true,"valueName":"search_term_string"}}],"inLanguage":"de"},{"@type":"Person","@id":"https:\/\/www.mundi-roth.de\/teneriffa-blog\/#\/schema\/person\/3afd0d251449790d15367c9aa52d203d","name":"ir","image":{"@type":"ImageObject","inLanguage":"de","@id":"https:\/\/secure.gravatar.com\/avatar\/e67b41513c921c2bb58363f44c8a00a447c9a2526ad8ff71b5b6257e5f7f5c66?s=96&d=mm&r=g","url":"https:\/\/secure.gravatar.com\/avatar\/e67b41513c921c2bb58363f44c8a00a447c9a2526ad8ff71b5b6257e5f7f5c66?s=96&d=mm&r=g","contentUrl":"https:\/\/secure.gravatar.com\/avatar\/e67b41513c921c2bb58363f44c8a00a447c9a2526ad8ff71b5b6257e5f7f5c66?s=96&d=mm&r=g","caption":"ir"},"sameAs":["http:\/\/www.mundi-roth.de"],"url":"https:\/\/www.mundi-roth.de\/teneriffa-blog\/author\/ir\/"}]}},"_links":{"self":[{"href":"https:\/\/www.mundi-roth.de\/teneriffa-blog\/wp-json\/wp\/v2\/posts\/83","targetHints":{"allow":["GET"]}}],"collection":[{"href":"https:\/\/www.mundi-roth.de\/teneriffa-blog\/wp-json\/wp\/v2\/posts"}],"about":[{"href":"https:\/\/www.mundi-roth.de\/teneriffa-blog\/wp-json\/wp\/v2\/types\/post"}],"author":[{"embeddable":true,"href":"https:\/\/www.mundi-roth.de\/teneriffa-blog\/wp-json\/wp\/v2\/users\/3"}],"replies":[{"embeddable":true,"href":"https:\/\/www.mundi-roth.de\/teneriffa-blog\/wp-json\/wp\/v2\/comments?post=83"}],"version-history":[{"count":0,"href":"https:\/\/www.mundi-roth.de\/teneriffa-blog\/wp-json\/wp\/v2\/posts\/83\/revisions"}],"wp:attachment":[{"href":"https:\/\/www.mundi-roth.de\/teneriffa-blog\/wp-json\/wp\/v2\/media?parent=83"}],"wp:term":[{"taxonomy":"category","embeddable":true,"href":"https:\/\/www.mundi-roth.de\/teneriffa-blog\/wp-json\/wp\/v2\/categories?post=83"},{"taxonomy":"post_tag","embeddable":true,"href":"https:\/\/www.mundi-roth.de\/teneriffa-blog\/wp-json\/wp\/v2\/tags?post=83"}],"curies":[{"name":"wp","href":"https:\/\/api.w.org\/{rel}","templated":true}]}}