{"id":854,"date":"2010-01-08T20:00:38","date_gmt":"2010-01-08T19:00:38","guid":{"rendered":"http:\/\/www.mundi-roth.de\/teneriffa-blog\/?p=854"},"modified":"2015-04-12T11:19:59","modified_gmt":"2015-04-12T10:19:59","slug":"chirche-%e2%80%93-guia-de-isora","status":"publish","type":"post","link":"https:\/\/www.mundi-roth.de\/teneriffa-blog\/wanderungen\/chirche-%e2%80%93-guia-de-isora\/","title":{"rendered":"Chirche \u2013 Gu\u00eda de Isora"},"content":{"rendered":"<p>Eine kleine, aber feine Wanderung bergab, die uns Beispiele der<a href=\"http:\/\/www.mundi-roth.de\/teneriffa-blog\/wp-content\/uploads\/2010\/01\/Track2x.jpg\" rel=\"lightbox[854]\"><img loading=\"lazy\" decoding=\"async\" class=\"alignright size-thumbnail wp-image-855\" title=\"Chirche \u2013 Gu\u00eda de Isora\" src=\"http:\/\/www.mundi-roth.de\/teneriffa-blog\/wp-content\/uploads\/2010\/01\/Track2x-150x96.jpg\" alt=\"Track2x\" width=\"150\" height=\"96\" srcset=\"https:\/\/www.mundi-roth.de\/teneriffa-blog\/wp-content\/uploads\/2010\/01\/Track2x-150x96.jpg 150w, https:\/\/www.mundi-roth.de\/teneriffa-blog\/wp-content\/uploads\/2010\/01\/Track2x-300x192.jpg 300w, https:\/\/www.mundi-roth.de\/teneriffa-blog\/wp-content\/uploads\/2010\/01\/Track2x.jpg 514w\" sizes=\"auto, (max-width: 150px) 100vw, 150px\" \/><\/a> traditionellen kanarischen Architektur aufzeigt, deren Geb\u00e4ude von k\u00fcnstlerischem, ethnographischen und kulturellem Wert sind und die Lebensweise vergangener Zeiten widerspiegeln. Zudem f\u00fchrt sie durch ein Gel\u00e4nde, das fr\u00fcher intensiv landwirtschaftlich genutzt wurde. Davon zeugen die diversen Dreschpl\u00e4tze. Eine Besonderheit auf dieser Strecke sind die vielen alten Ziegelbrenn\u00f6fen.<\/p>\n<p><strong>Wanderweg-Strecke: ca. 1.30 Stunde, nur bergab<\/strong><br \/>\nUnsere Wanderung beginnen wir am Ende des Ortes Chirche. Vom \u201eParkplatz\u201c (Eingang zum Barranco de Chirche) gehen wir ein St\u00fcck die geteerte Stra\u00dfe zur\u00fcck. Eine wei\u00df-gelbe Strichmarkierung f\u00fchrt uns zu einer Tafel am Rande der Stra\u00dfe, auf der vier verschiedene Wanderungen beschrieben werden &#8211; jedoch unsere, nach Gu\u00eda de Isora,\u00a0 ist nur bis Aripe dargestellt. Bei der Tafel biegen wir nun links\u00a0 von der Stra\u00dfe ab und gehen oberhalb eines gro\u00dfen Apfelsinenhains entlang. Nach einer kurzen Strecke folgen wir den frisch angebrachten <a href=\"http:\/\/www.mundi-roth.de\/teneriffa-blog\/wp-content\/uploads\/2010\/01\/SANY2690.jpg\" rel=\"lightbox[854]\"><img loading=\"lazy\" decoding=\"async\" class=\"alignleft size-thumbnail wp-image-856\" title=\"Einer der vielen \u00d6fen von Chirche \u2013 Gu\u00eda de Isora\" src=\"http:\/\/www.mundi-roth.de\/teneriffa-blog\/wp-content\/uploads\/2010\/01\/SANY2690-150x112.jpg\" alt=\"SANY2690\" width=\"150\" height=\"112\" srcset=\"https:\/\/www.mundi-roth.de\/teneriffa-blog\/wp-content\/uploads\/2010\/01\/SANY2690-150x112.jpg 150w, https:\/\/www.mundi-roth.de\/teneriffa-blog\/wp-content\/uploads\/2010\/01\/SANY2690-300x225.jpg 300w, https:\/\/www.mundi-roth.de\/teneriffa-blog\/wp-content\/uploads\/2010\/01\/SANY2690.jpg 600w\" sizes=\"auto, (max-width: 150px) 100vw, 150px\" \/><\/a>Markierungen, die uns direkt zu den ersten Ziegelbrenn\u00f6fen, rechts wie links des Weges, f\u00fchren. Rechter Hand werden wir von dem alten,\u00a0 gemauerten Wasserkanal begleitet, der zum Teil <a href=\"http:\/\/www.mundi-roth.de\/teneriffa-blog\/wp-content\/uploads\/2010\/01\/SANY2692.jpg\" rel=\"lightbox[854]\"><img loading=\"lazy\" decoding=\"async\" class=\"alignright size-thumbnail wp-image-857\" title=\"Chirche \u2013 Gu\u00eda de Isora\" src=\"http:\/\/www.mundi-roth.de\/teneriffa-blog\/wp-content\/uploads\/2010\/01\/SANY2692-150x112.jpg\" alt=\"SANY2692\" width=\"150\" height=\"112\" srcset=\"https:\/\/www.mundi-roth.de\/teneriffa-blog\/wp-content\/uploads\/2010\/01\/SANY2692-150x112.jpg 150w, https:\/\/www.mundi-roth.de\/teneriffa-blog\/wp-content\/uploads\/2010\/01\/SANY2692-300x225.jpg 300w, https:\/\/www.mundi-roth.de\/teneriffa-blog\/wp-content\/uploads\/2010\/01\/SANY2692.jpg 600w\" sizes=\"auto, (max-width: 150px) 100vw, 150px\" \/><\/a>abgedeckt ist. Ebenso winden sich die weniger ansprechenden \u201emodernen\u201c Wasserrohre am Weg entlang. Wir \u00fcberqueren diese und laufen unmittelbar darauf auf einen weiteren Ziegelbrennofen zu. Der Weg f\u00fchrt an der Wasserleitung entlang hangabw\u00e4rts. Balancierend gehen wir auf, \u00fcber und neben dem Kanal bzw. den Rohren.\u00a0 Nicht unbedingt gut zu gehen. Jedoch ab einer frei stehenden Kiefer werden wir mit einem gut pr\u00e4parierten Teilst\u00fcck belohnt. Jedoch nicht allzu lange. Steinig, ger\u00f6llig, fast besser,<a href=\"http:\/\/www.mundi-roth.de\/teneriffa-blog\/wp-content\/uploads\/2010\/01\/SANY2694.jpg\" rel=\"lightbox[854]\"><img loading=\"lazy\" decoding=\"async\" class=\"alignright size-thumbnail wp-image-858\" title=\"Neu erstellter Wanderweg Chirche \u2013 Gu\u00eda de Isora\" src=\"http:\/\/www.mundi-roth.de\/teneriffa-blog\/wp-content\/uploads\/2010\/01\/SANY2694-112x150.jpg\" alt=\"SANY2694\" width=\"112\" height=\"150\" srcset=\"https:\/\/www.mundi-roth.de\/teneriffa-blog\/wp-content\/uploads\/2010\/01\/SANY2694-112x150.jpg 112w, https:\/\/www.mundi-roth.de\/teneriffa-blog\/wp-content\/uploads\/2010\/01\/SANY2694-225x300.jpg 225w, https:\/\/www.mundi-roth.de\/teneriffa-blog\/wp-content\/uploads\/2010\/01\/SANY2694.jpg 450w\" sizes=\"auto, (max-width: 112px) 100vw, 112px\" \/><\/a> man geht wieder \u00fcber den abgedeckten Kanal.<br \/>\nDer Weg bietet wirklich Abwechslung: Nun beschreiten wir einen fast promenadenartigen Weg, er wirkt wie gekehrt. Eine Erholung f\u00fcr die strapazierten Fu\u00dfsohlen.<\/p>\n<p><a href=\"http:\/\/www.mundi-roth.de\/teneriffa-blog\/wp-content\/uploads\/2010\/01\/SANY2695.jpg\" rel=\"lightbox[854]\"><img loading=\"lazy\" decoding=\"async\" class=\"alignleft size-thumbnail wp-image-859\" title=\"Chirche \u2013 Gu\u00eda de Isora\" src=\"http:\/\/www.mundi-roth.de\/teneriffa-blog\/wp-content\/uploads\/2010\/01\/SANY2695-150x112.jpg\" alt=\"SANY2695\" width=\"150\" height=\"112\" srcset=\"https:\/\/www.mundi-roth.de\/teneriffa-blog\/wp-content\/uploads\/2010\/01\/SANY2695-150x112.jpg 150w, https:\/\/www.mundi-roth.de\/teneriffa-blog\/wp-content\/uploads\/2010\/01\/SANY2695-300x224.jpg 300w, https:\/\/www.mundi-roth.de\/teneriffa-blog\/wp-content\/uploads\/2010\/01\/SANY2695.jpg 544w\" sizes=\"auto, (max-width: 150px) 100vw, 150px\" \/><\/a>Im Blick haben wir stets die K\u00fcste, das Meer und je nach Biegung auch La Gomera. Das D\u00f6rfchen Chirche und die Kirche von Aripe sehen wir rechter Hand.<br \/>\nAn einem Dreschplatz steigen wir ab, kommen an einem malerischen Steinhaus mit Palme und dunkelroten Geranien vorbei <a href=\"http:\/\/www.mundi-roth.de\/teneriffa-blog\/wp-content\/uploads\/2010\/01\/140_4021.jpg\" rel=\"lightbox[854]\"><img loading=\"lazy\" decoding=\"async\" class=\"alignright size-thumbnail wp-image-863\" title=\"Chirche \u2013 Gu\u00eda de Isora\" src=\"http:\/\/www.mundi-roth.de\/teneriffa-blog\/wp-content\/uploads\/2010\/01\/140_4021-150x112.jpg\" alt=\"140_4021\" width=\"150\" height=\"112\" srcset=\"https:\/\/www.mundi-roth.de\/teneriffa-blog\/wp-content\/uploads\/2010\/01\/140_4021-150x112.jpg 150w, https:\/\/www.mundi-roth.de\/teneriffa-blog\/wp-content\/uploads\/2010\/01\/140_4021-300x225.jpg 300w, https:\/\/www.mundi-roth.de\/teneriffa-blog\/wp-content\/uploads\/2010\/01\/140_4021.jpg 600w\" sizes=\"auto, (max-width: 150px) 100vw, 150px\" \/><\/a>und gelangen in einen noch landwirtschaftlich genutzten Bereich. Der Weg steigt minimal an, ist auch wieder gut wei\u00df-gelb markiert. Nach einem kurzen St\u00fcck biegen wir rechts ab. Hier ist ein ganzer Trupp Arbeiter damit besch\u00e4ftigt, den Wanderweg zu pr\u00e4parieren.<br \/>\n<a href=\"http:\/\/www.mundi-roth.de\/teneriffa-blog\/wp-content\/uploads\/2010\/01\/SANY2699.jpg\" rel=\"lightbox[854]\"><img loading=\"lazy\" decoding=\"async\" class=\"alignleft size-thumbnail wp-image-860\" title=\"Chirche \u2013 Gu\u00eda de Isora\" src=\"http:\/\/www.mundi-roth.de\/teneriffa-blog\/wp-content\/uploads\/2010\/01\/SANY2699-150x112.jpg\" alt=\"SANY2699\" width=\"150\" height=\"112\" srcset=\"https:\/\/www.mundi-roth.de\/teneriffa-blog\/wp-content\/uploads\/2010\/01\/SANY2699-150x112.jpg 150w, https:\/\/www.mundi-roth.de\/teneriffa-blog\/wp-content\/uploads\/2010\/01\/SANY2699-300x225.jpg 300w, https:\/\/www.mundi-roth.de\/teneriffa-blog\/wp-content\/uploads\/2010\/01\/SANY2699.jpg 600w\" sizes=\"auto, (max-width: 150px) 100vw, 150px\" \/><\/a>Bevor wir in Gu\u00eda de Isora die Stra\u00dfe erreichen, m\u00fcssen wir erst noch das letzte ger\u00f6llige Teilst\u00fcck \u00fcberwinden. Dann gehen wir auf der asphaltierten Stra\u00dfe bergab, an einem gro\u00dfen, hellgr\u00fcn gestrichenen Geb\u00e4udekomplex, Haus-Nummer 1, vorbei und hier biegen wir links ab und laufen direkt zu unseren, vor dem Friedhof geparkten Autos.<br \/>\nVerlaufen kann man sich wirklich nicht, da die Markierung vorbildlich ist.<\/p>\n<p><strong>Anfahrt:<\/strong><br \/>\nVon Los Christianos kommend fahren wir bis zum Autobahnende bei Adeje, dann auf der TF82 bis Gu\u00eda de Isora. Will man, wie wir, die Tour nur bergab gehen, parkt man am Friedhof von Gu\u00eda de Isora mindestens einen Wagen, um sp\u00e4ter die Fahrer der anderen Fahrzeuge hoch zu den in Chirche geparkten Wagen bringen zu k\u00f6nnen.<br \/>\nIm Ort folgen wir der Ausschilderung: \u201eChirche, Aripe\u201c, schrauben uns hoch und fahren durch Aripe und den Ort Chirche bis wir fast am Ende rechter Hand das Bruchsteinhaus \u201eEra Rompida\u201c sehen. Hier biegen wir rechts auf den freien Platz, der gen\u00fcgend Parkm\u00f6glichkeiten bietet.<\/p>\n<p><strong>Besonderheit:<\/strong><br \/>\n<strong>Mandelfest in Aripe<\/strong><br \/>\nDa die Wanderung ja nicht sehr lang ist, k\u00f6nnte man diese auch ggf. mit dem Besuch des Mandelsfestes in Aripe verbinden. Dies findet jeweils am letzten Wochenende im Oktober statt und lohnt einen Besuch.<br \/>\nAm 25. Oktober 2009 konnte man hautnah erleben, wie es damals war, als <a href=\"http:\/\/www.mundi-roth.de\/teneriffa-blog\/wp-content\/uploads\/2010\/01\/SANY2471.jpg\" rel=\"lightbox[854]\"><img loading=\"lazy\" decoding=\"async\" class=\"alignleft size-thumbnail wp-image-861\" title=\"Mandelfest in Aripe\" src=\"http:\/\/www.mundi-roth.de\/teneriffa-blog\/wp-content\/uploads\/2010\/01\/SANY2471-150x112.jpg\" alt=\"SANY2471\" width=\"150\" height=\"112\" srcset=\"https:\/\/www.mundi-roth.de\/teneriffa-blog\/wp-content\/uploads\/2010\/01\/SANY2471-150x112.jpg 150w, https:\/\/www.mundi-roth.de\/teneriffa-blog\/wp-content\/uploads\/2010\/01\/SANY2471-300x225.jpg 300w, https:\/\/www.mundi-roth.de\/teneriffa-blog\/wp-content\/uploads\/2010\/01\/SANY2471.jpg 600w\" sizes=\"auto, (max-width: 150px) 100vw, 150px\" \/><\/a>auf Teneriffa noch die Landwirtschaft die Haupteinnahmequelle war. Traditionell gekleidet wurde vorgef\u00fchrt, wie die Mandelernte vonstatten ging: Die Mandeln wurden mit St\u00f6cken von den B\u00e4umen geschlagen und in Decken aufgefangen. Die Arbeit wurde von Gesang begleitet, nun vor den vielen Zuschauern allerdings sehr sch\u00fcchtern. Wer reich war, hatte einen Esel, der die Last nach Hause trug. Oder die Frauen trugen die schweren K\u00f6rbe auf ihren K\u00f6pfen. Bei dem <a href=\"http:\/\/www.mundi-roth.de\/teneriffa-blog\/wp-content\/uploads\/2010\/01\/SANY2480.jpg\" rel=\"lightbox[854]\"><img loading=\"lazy\" decoding=\"async\" class=\"alignright size-thumbnail wp-image-862\" title=\"Mandelfest in Aripe\" src=\"http:\/\/www.mundi-roth.de\/teneriffa-blog\/wp-content\/uploads\/2010\/01\/SANY2480-150x138.jpg\" alt=\"SANY2480\" width=\"150\" height=\"138\" srcset=\"https:\/\/www.mundi-roth.de\/teneriffa-blog\/wp-content\/uploads\/2010\/01\/SANY2480-150x138.jpg 150w, https:\/\/www.mundi-roth.de\/teneriffa-blog\/wp-content\/uploads\/2010\/01\/SANY2480-300x277.jpg 300w, https:\/\/www.mundi-roth.de\/teneriffa-blog\/wp-content\/uploads\/2010\/01\/SANY2480.jpg 410w\" sizes=\"auto, (max-width: 150px) 100vw, 150px\" \/><\/a>Anschauungsunterricht mussten sie diese nun nur zur Kirche von Aripe hoch tragen. Dort wurden mit dem Hammer die Mandeln geknackt.<br \/>\nZur Abrundung des Festes durften nicht die diversen St\u00e4nde mit Honig, Selbstgebackenem, nat\u00fcrlich mit viel Mandel , Stick- und Ton-Arbeiten fehlen.<\/p>\n","protected":false},"excerpt":{"rendered":"<p>Eine kleine, aber feine Wanderung bergab, die uns Beispiele der traditionellen kanarischen Architektur aufzeigt, deren Geb\u00e4ude von k\u00fcnstlerischem, ethnographischen und kulturellem Wert sind und die Lebensweise vergangener Zeiten widerspiegeln. Zudem f\u00fchrt sie durch ein Gel\u00e4nde, das fr\u00fcher intensiv landwirtschaftlich genutzt wurde. Davon zeugen die diversen Dreschpl\u00e4tze. Eine Besonderheit auf dieser Strecke sind die vielen alten [&hellip;]<\/p>\n","protected":false},"author":3,"featured_media":0,"comment_status":"open","ping_status":"open","sticky":false,"template":"","format":"standard","meta":{"footnotes":""},"categories":[776,6],"tags":[28,267,266,270,269,268],"class_list":["post-854","post","type-post","status-publish","format-standard","hentry","category-guia-de-isora","category-wanderungen","tag-chirche","tag-dreschplatze","tag-guia-de-isora","tag-mandelernte","tag-mandelfest","tag-ziegelbrennofen"],"yoast_head":"<!-- This site is optimized with the Yoast SEO plugin v27.5 - https:\/\/yoast.com\/product\/yoast-seo-wordpress\/ -->\n<title>Chirche \u2013 Gu\u00eda de Isora - Teneriffa Wandern<\/title>\n<meta name=\"robots\" content=\"index, follow, max-snippet:-1, max-image-preview:large, max-video-preview:-1\" \/>\n<link rel=\"canonical\" href=\"https:\/\/www.mundi-roth.de\/teneriffa-blog\/wanderungen\/chirche-\u2013-guia-de-isora\/\" \/>\n<meta name=\"twitter:label1\" content=\"Verfasst von\" \/>\n\t<meta name=\"twitter:data1\" content=\"ir\" \/>\n\t<meta name=\"twitter:label2\" content=\"Gesch\u00e4tzte Lesezeit\" \/>\n\t<meta name=\"twitter:data2\" content=\"4\u00a0Minuten\" \/>\n<script type=\"application\/ld+json\" class=\"yoast-schema-graph\">{\"@context\":\"https:\\\/\\\/schema.org\",\"@graph\":[{\"@type\":\"Article\",\"@id\":\"https:\\\/\\\/www.mundi-roth.de\\\/teneriffa-blog\\\/wanderungen\\\/chirche-%e2%80%93-guia-de-isora\\\/#article\",\"isPartOf\":{\"@id\":\"https:\\\/\\\/www.mundi-roth.de\\\/teneriffa-blog\\\/wanderungen\\\/chirche-%e2%80%93-guia-de-isora\\\/\"},\"author\":{\"name\":\"ir\",\"@id\":\"https:\\\/\\\/www.mundi-roth.de\\\/teneriffa-blog\\\/#\\\/schema\\\/person\\\/3afd0d251449790d15367c9aa52d203d\"},\"headline\":\"Chirche \u2013 Gu\u00eda de Isora\",\"datePublished\":\"2010-01-08T19:00:38+00:00\",\"dateModified\":\"2015-04-12T10:19:59+00:00\",\"mainEntityOfPage\":{\"@id\":\"https:\\\/\\\/www.mundi-roth.de\\\/teneriffa-blog\\\/wanderungen\\\/chirche-%e2%80%93-guia-de-isora\\\/\"},\"wordCount\":733,\"commentCount\":0,\"image\":{\"@id\":\"https:\\\/\\\/www.mundi-roth.de\\\/teneriffa-blog\\\/wanderungen\\\/chirche-%e2%80%93-guia-de-isora\\\/#primaryimage\"},\"thumbnailUrl\":\"http:\\\/\\\/www.mundi-roth.de\\\/teneriffa-blog\\\/wp-content\\\/uploads\\\/2010\\\/01\\\/Track2x-150x96.jpg\",\"keywords\":[\"Chirche\",\"Dreschpl\u00e4tze\",\"Gu\u00eda de Isora\",\"Mandelernte\",\"Mandelfest\",\"Ziegelbrennofen\"],\"articleSection\":[\"Guia de Isora\",\"Wanderungen\"],\"inLanguage\":\"de\",\"potentialAction\":[{\"@type\":\"CommentAction\",\"name\":\"Comment\",\"target\":[\"https:\\\/\\\/www.mundi-roth.de\\\/teneriffa-blog\\\/wanderungen\\\/chirche-%e2%80%93-guia-de-isora\\\/#respond\"]}]},{\"@type\":\"WebPage\",\"@id\":\"https:\\\/\\\/www.mundi-roth.de\\\/teneriffa-blog\\\/wanderungen\\\/chirche-%e2%80%93-guia-de-isora\\\/\",\"url\":\"https:\\\/\\\/www.mundi-roth.de\\\/teneriffa-blog\\\/wanderungen\\\/chirche-%e2%80%93-guia-de-isora\\\/\",\"name\":\"Chirche \u2013 Gu\u00eda de Isora - Teneriffa Wandern\",\"isPartOf\":{\"@id\":\"https:\\\/\\\/www.mundi-roth.de\\\/teneriffa-blog\\\/#website\"},\"primaryImageOfPage\":{\"@id\":\"https:\\\/\\\/www.mundi-roth.de\\\/teneriffa-blog\\\/wanderungen\\\/chirche-%e2%80%93-guia-de-isora\\\/#primaryimage\"},\"image\":{\"@id\":\"https:\\\/\\\/www.mundi-roth.de\\\/teneriffa-blog\\\/wanderungen\\\/chirche-%e2%80%93-guia-de-isora\\\/#primaryimage\"},\"thumbnailUrl\":\"http:\\\/\\\/www.mundi-roth.de\\\/teneriffa-blog\\\/wp-content\\\/uploads\\\/2010\\\/01\\\/Track2x-150x96.jpg\",\"datePublished\":\"2010-01-08T19:00:38+00:00\",\"dateModified\":\"2015-04-12T10:19:59+00:00\",\"author\":{\"@id\":\"https:\\\/\\\/www.mundi-roth.de\\\/teneriffa-blog\\\/#\\\/schema\\\/person\\\/3afd0d251449790d15367c9aa52d203d\"},\"breadcrumb\":{\"@id\":\"https:\\\/\\\/www.mundi-roth.de\\\/teneriffa-blog\\\/wanderungen\\\/chirche-%e2%80%93-guia-de-isora\\\/#breadcrumb\"},\"inLanguage\":\"de\",\"potentialAction\":[{\"@type\":\"ReadAction\",\"target\":[\"https:\\\/\\\/www.mundi-roth.de\\\/teneriffa-blog\\\/wanderungen\\\/chirche-%e2%80%93-guia-de-isora\\\/\"]}]},{\"@type\":\"ImageObject\",\"inLanguage\":\"de\",\"@id\":\"https:\\\/\\\/www.mundi-roth.de\\\/teneriffa-blog\\\/wanderungen\\\/chirche-%e2%80%93-guia-de-isora\\\/#primaryimage\",\"url\":\"https:\\\/\\\/www.mundi-roth.de\\\/teneriffa-blog\\\/wp-content\\\/uploads\\\/2010\\\/01\\\/Track2x.jpg\",\"contentUrl\":\"https:\\\/\\\/www.mundi-roth.de\\\/teneriffa-blog\\\/wp-content\\\/uploads\\\/2010\\\/01\\\/Track2x.jpg\",\"width\":\"514\",\"height\":\"329\"},{\"@type\":\"BreadcrumbList\",\"@id\":\"https:\\\/\\\/www.mundi-roth.de\\\/teneriffa-blog\\\/wanderungen\\\/chirche-%e2%80%93-guia-de-isora\\\/#breadcrumb\",\"itemListElement\":[{\"@type\":\"ListItem\",\"position\":1,\"name\":\"Startseite\",\"item\":\"https:\\\/\\\/www.mundi-roth.de\\\/teneriffa-blog\\\/\"},{\"@type\":\"ListItem\",\"position\":2,\"name\":\"Chirche \u2013 Gu\u00eda de Isora\"}]},{\"@type\":\"WebSite\",\"@id\":\"https:\\\/\\\/www.mundi-roth.de\\\/teneriffa-blog\\\/#website\",\"url\":\"https:\\\/\\\/www.mundi-roth.de\\\/teneriffa-blog\\\/\",\"name\":\"Teneriffa Wandern\",\"description\":\"Nicht nur Wanderungen auf Teneriffa...\",\"potentialAction\":[{\"@type\":\"SearchAction\",\"target\":{\"@type\":\"EntryPoint\",\"urlTemplate\":\"https:\\\/\\\/www.mundi-roth.de\\\/teneriffa-blog\\\/?s={search_term_string}\"},\"query-input\":{\"@type\":\"PropertyValueSpecification\",\"valueRequired\":true,\"valueName\":\"search_term_string\"}}],\"inLanguage\":\"de\"},{\"@type\":\"Person\",\"@id\":\"https:\\\/\\\/www.mundi-roth.de\\\/teneriffa-blog\\\/#\\\/schema\\\/person\\\/3afd0d251449790d15367c9aa52d203d\",\"name\":\"ir\",\"image\":{\"@type\":\"ImageObject\",\"inLanguage\":\"de\",\"@id\":\"https:\\\/\\\/secure.gravatar.com\\\/avatar\\\/e67b41513c921c2bb58363f44c8a00a447c9a2526ad8ff71b5b6257e5f7f5c66?s=96&d=mm&r=g\",\"url\":\"https:\\\/\\\/secure.gravatar.com\\\/avatar\\\/e67b41513c921c2bb58363f44c8a00a447c9a2526ad8ff71b5b6257e5f7f5c66?s=96&d=mm&r=g\",\"contentUrl\":\"https:\\\/\\\/secure.gravatar.com\\\/avatar\\\/e67b41513c921c2bb58363f44c8a00a447c9a2526ad8ff71b5b6257e5f7f5c66?s=96&d=mm&r=g\",\"caption\":\"ir\"},\"sameAs\":[\"http:\\\/\\\/www.mundi-roth.de\"],\"url\":\"https:\\\/\\\/www.mundi-roth.de\\\/teneriffa-blog\\\/author\\\/ir\\\/\"}]}<\/script>\n<!-- \/ Yoast SEO plugin. -->","yoast_head_json":{"title":"Chirche \u2013 Gu\u00eda de Isora - Teneriffa Wandern","robots":{"index":"index","follow":"follow","max-snippet":"max-snippet:-1","max-image-preview":"max-image-preview:large","max-video-preview":"max-video-preview:-1"},"canonical":"https:\/\/www.mundi-roth.de\/teneriffa-blog\/wanderungen\/chirche-\u2013-guia-de-isora\/","twitter_misc":{"Verfasst von":"ir","Gesch\u00e4tzte Lesezeit":"4\u00a0Minuten"},"schema":{"@context":"https:\/\/schema.org","@graph":[{"@type":"Article","@id":"https:\/\/www.mundi-roth.de\/teneriffa-blog\/wanderungen\/chirche-%e2%80%93-guia-de-isora\/#article","isPartOf":{"@id":"https:\/\/www.mundi-roth.de\/teneriffa-blog\/wanderungen\/chirche-%e2%80%93-guia-de-isora\/"},"author":{"name":"ir","@id":"https:\/\/www.mundi-roth.de\/teneriffa-blog\/#\/schema\/person\/3afd0d251449790d15367c9aa52d203d"},"headline":"Chirche \u2013 Gu\u00eda de Isora","datePublished":"2010-01-08T19:00:38+00:00","dateModified":"2015-04-12T10:19:59+00:00","mainEntityOfPage":{"@id":"https:\/\/www.mundi-roth.de\/teneriffa-blog\/wanderungen\/chirche-%e2%80%93-guia-de-isora\/"},"wordCount":733,"commentCount":0,"image":{"@id":"https:\/\/www.mundi-roth.de\/teneriffa-blog\/wanderungen\/chirche-%e2%80%93-guia-de-isora\/#primaryimage"},"thumbnailUrl":"http:\/\/www.mundi-roth.de\/teneriffa-blog\/wp-content\/uploads\/2010\/01\/Track2x-150x96.jpg","keywords":["Chirche","Dreschpl\u00e4tze","Gu\u00eda de Isora","Mandelernte","Mandelfest","Ziegelbrennofen"],"articleSection":["Guia de Isora","Wanderungen"],"inLanguage":"de","potentialAction":[{"@type":"CommentAction","name":"Comment","target":["https:\/\/www.mundi-roth.de\/teneriffa-blog\/wanderungen\/chirche-%e2%80%93-guia-de-isora\/#respond"]}]},{"@type":"WebPage","@id":"https:\/\/www.mundi-roth.de\/teneriffa-blog\/wanderungen\/chirche-%e2%80%93-guia-de-isora\/","url":"https:\/\/www.mundi-roth.de\/teneriffa-blog\/wanderungen\/chirche-%e2%80%93-guia-de-isora\/","name":"Chirche \u2013 Gu\u00eda de Isora - Teneriffa Wandern","isPartOf":{"@id":"https:\/\/www.mundi-roth.de\/teneriffa-blog\/#website"},"primaryImageOfPage":{"@id":"https:\/\/www.mundi-roth.de\/teneriffa-blog\/wanderungen\/chirche-%e2%80%93-guia-de-isora\/#primaryimage"},"image":{"@id":"https:\/\/www.mundi-roth.de\/teneriffa-blog\/wanderungen\/chirche-%e2%80%93-guia-de-isora\/#primaryimage"},"thumbnailUrl":"http:\/\/www.mundi-roth.de\/teneriffa-blog\/wp-content\/uploads\/2010\/01\/Track2x-150x96.jpg","datePublished":"2010-01-08T19:00:38+00:00","dateModified":"2015-04-12T10:19:59+00:00","author":{"@id":"https:\/\/www.mundi-roth.de\/teneriffa-blog\/#\/schema\/person\/3afd0d251449790d15367c9aa52d203d"},"breadcrumb":{"@id":"https:\/\/www.mundi-roth.de\/teneriffa-blog\/wanderungen\/chirche-%e2%80%93-guia-de-isora\/#breadcrumb"},"inLanguage":"de","potentialAction":[{"@type":"ReadAction","target":["https:\/\/www.mundi-roth.de\/teneriffa-blog\/wanderungen\/chirche-%e2%80%93-guia-de-isora\/"]}]},{"@type":"ImageObject","inLanguage":"de","@id":"https:\/\/www.mundi-roth.de\/teneriffa-blog\/wanderungen\/chirche-%e2%80%93-guia-de-isora\/#primaryimage","url":"https:\/\/www.mundi-roth.de\/teneriffa-blog\/wp-content\/uploads\/2010\/01\/Track2x.jpg","contentUrl":"https:\/\/www.mundi-roth.de\/teneriffa-blog\/wp-content\/uploads\/2010\/01\/Track2x.jpg","width":"514","height":"329"},{"@type":"BreadcrumbList","@id":"https:\/\/www.mundi-roth.de\/teneriffa-blog\/wanderungen\/chirche-%e2%80%93-guia-de-isora\/#breadcrumb","itemListElement":[{"@type":"ListItem","position":1,"name":"Startseite","item":"https:\/\/www.mundi-roth.de\/teneriffa-blog\/"},{"@type":"ListItem","position":2,"name":"Chirche \u2013 Gu\u00eda de Isora"}]},{"@type":"WebSite","@id":"https:\/\/www.mundi-roth.de\/teneriffa-blog\/#website","url":"https:\/\/www.mundi-roth.de\/teneriffa-blog\/","name":"Teneriffa Wandern","description":"Nicht nur Wanderungen auf Teneriffa...","potentialAction":[{"@type":"SearchAction","target":{"@type":"EntryPoint","urlTemplate":"https:\/\/www.mundi-roth.de\/teneriffa-blog\/?s={search_term_string}"},"query-input":{"@type":"PropertyValueSpecification","valueRequired":true,"valueName":"search_term_string"}}],"inLanguage":"de"},{"@type":"Person","@id":"https:\/\/www.mundi-roth.de\/teneriffa-blog\/#\/schema\/person\/3afd0d251449790d15367c9aa52d203d","name":"ir","image":{"@type":"ImageObject","inLanguage":"de","@id":"https:\/\/secure.gravatar.com\/avatar\/e67b41513c921c2bb58363f44c8a00a447c9a2526ad8ff71b5b6257e5f7f5c66?s=96&d=mm&r=g","url":"https:\/\/secure.gravatar.com\/avatar\/e67b41513c921c2bb58363f44c8a00a447c9a2526ad8ff71b5b6257e5f7f5c66?s=96&d=mm&r=g","contentUrl":"https:\/\/secure.gravatar.com\/avatar\/e67b41513c921c2bb58363f44c8a00a447c9a2526ad8ff71b5b6257e5f7f5c66?s=96&d=mm&r=g","caption":"ir"},"sameAs":["http:\/\/www.mundi-roth.de"],"url":"https:\/\/www.mundi-roth.de\/teneriffa-blog\/author\/ir\/"}]}},"_links":{"self":[{"href":"https:\/\/www.mundi-roth.de\/teneriffa-blog\/wp-json\/wp\/v2\/posts\/854","targetHints":{"allow":["GET"]}}],"collection":[{"href":"https:\/\/www.mundi-roth.de\/teneriffa-blog\/wp-json\/wp\/v2\/posts"}],"about":[{"href":"https:\/\/www.mundi-roth.de\/teneriffa-blog\/wp-json\/wp\/v2\/types\/post"}],"author":[{"embeddable":true,"href":"https:\/\/www.mundi-roth.de\/teneriffa-blog\/wp-json\/wp\/v2\/users\/3"}],"replies":[{"embeddable":true,"href":"https:\/\/www.mundi-roth.de\/teneriffa-blog\/wp-json\/wp\/v2\/comments?post=854"}],"version-history":[{"count":0,"href":"https:\/\/www.mundi-roth.de\/teneriffa-blog\/wp-json\/wp\/v2\/posts\/854\/revisions"}],"wp:attachment":[{"href":"https:\/\/www.mundi-roth.de\/teneriffa-blog\/wp-json\/wp\/v2\/media?parent=854"}],"wp:term":[{"taxonomy":"category","embeddable":true,"href":"https:\/\/www.mundi-roth.de\/teneriffa-blog\/wp-json\/wp\/v2\/categories?post=854"},{"taxonomy":"post_tag","embeddable":true,"href":"https:\/\/www.mundi-roth.de\/teneriffa-blog\/wp-json\/wp\/v2\/tags?post=854"}],"curies":[{"name":"wp","href":"https:\/\/api.w.org\/{rel}","templated":true}]}}