{"id":865,"date":"2010-01-12T20:00:42","date_gmt":"2010-01-12T19:00:42","guid":{"rendered":"http:\/\/www.mundi-roth.de\/teneriffa-blog\/?p=865"},"modified":"2015-04-12T11:19:30","modified_gmt":"2015-04-12T10:19:30","slug":"anaga-bergmassiv","status":"publish","type":"post","link":"https:\/\/www.mundi-roth.de\/teneriffa-blog\/wanderungen\/anaga-bergmassiv\/","title":{"rendered":"Anaga-Bergmassiv"},"content":{"rendered":"<p><strong>Wenigstens einmal in der Saison auf Teneriffa ist ein Ausflug in das Anaga-Gebirge, neben dem Tenogebirge der \u00e4lteste Teil der Insel, f\u00e4llig.<br \/>\nDiesmal war neben dem Schauen, Staunen, Bewundern, Ah- und Oh- Sagen,\u00a0 auch die Umrundung des Roque Taborno, dem \u201eMatterhorn Teneriffas\u201c eingeplant.<\/strong><br \/>\nAber, manchmal kommt es anders als man denkt und die Umrundung war ein Satz mit \u201eX\u201c, war nix.<br \/>\nAber der Reihe nach:<a href=\"http:\/\/www.mundi-roth.de\/teneriffa-blog\/wp-content\/uploads\/2010\/01\/SANY2748.jpg\" rel=\"lightbox[865]\"><img loading=\"lazy\" decoding=\"async\" class=\"alignright size-thumbnail wp-image-866\" title=\"Strand von Teresitas  bei San Andr\u00e9s\" src=\"http:\/\/www.mundi-roth.de\/teneriffa-blog\/wp-content\/uploads\/2010\/01\/SANY2748-150x112.jpg\" alt=\"SANY2748\" width=\"150\" height=\"112\" srcset=\"https:\/\/www.mundi-roth.de\/teneriffa-blog\/wp-content\/uploads\/2010\/01\/SANY2748-150x112.jpg 150w, https:\/\/www.mundi-roth.de\/teneriffa-blog\/wp-content\/uploads\/2010\/01\/SANY2748-300x225.jpg 300w, https:\/\/www.mundi-roth.de\/teneriffa-blog\/wp-content\/uploads\/2010\/01\/SANY2748.jpg 600w\" sizes=\"auto, (max-width: 150px) 100vw, 150px\" \/><\/a><br \/>\nUnser erstes Ziel war \u2013 wie immer \u2013 der 2km lange Strand von Teresitas\u00a0 bei San Andr\u00e9s. Mal eine Weile mit den Zehen im Sahara-Sand spielen, der hier 1970 megatonnenweise angekippt wurde. Ob das umweltfreundlich ist ? Da Wind und Wasser st\u00e4ndig am Strand nagen, mu\u00df regelm\u00e4\u00dfig Sand nachgef\u00fcllt werden.<\/p>\n<p>Von hier schrauben wir uns die gewundene TF12 hoch, selbstverst\u00e4ndlich mit diversen Stopps, um das gr\u00fcne Faltengebirge <a href=\"http:\/\/www.mundi-roth.de\/teneriffa-blog\/wp-content\/uploads\/2010\/01\/SANY2753.jpg\" rel=\"lightbox[865]\"><img loading=\"lazy\" decoding=\"async\" class=\"alignleft size-thumbnail wp-image-867\" title=\"Teneriffa - TF12\" src=\"http:\/\/www.mundi-roth.de\/teneriffa-blog\/wp-content\/uploads\/2010\/01\/SANY2753-150x112.jpg\" alt=\"SANY2753\" width=\"150\" height=\"112\" srcset=\"https:\/\/www.mundi-roth.de\/teneriffa-blog\/wp-content\/uploads\/2010\/01\/SANY2753-150x112.jpg 150w, https:\/\/www.mundi-roth.de\/teneriffa-blog\/wp-content\/uploads\/2010\/01\/SANY2753-300x225.jpg 300w, https:\/\/www.mundi-roth.de\/teneriffa-blog\/wp-content\/uploads\/2010\/01\/SANY2753.jpg 600w\" sizes=\"auto, (max-width: 150px) 100vw, 150px\" \/><\/a>geb\u00fchrend in Augenschein zu nehmen. Die Strecke ist als Stra\u00dfenbegleitgr\u00fcn vom gelbbl\u00fchenden Nickenden Sauerklee eingerahmt, der sich gut von den dunklen Erikab\u00fcschen und den Lorbeerb\u00e4umen abhebt. Das n\u00e4chste Ziel ist der Aussichtspunkt \u201eEl Bailadero\u201c. Von hier hat man einen grandiosen Blick auf das Meer, La Palma spitzt aus den Wolken hervor und der Ort Taganana gr\u00fc\u00dft von unten.<br \/>\nJedoch, warum wir diesmal haupts\u00e4chlich die Tour machen, ist besagte Wanderung in Taborno.<\/p>\n<p><strong>Wanderstrecke ca. 2 Stunden<\/strong><a href=\"http:\/\/www.mundi-roth.de\/teneriffa-blog\/wp-content\/uploads\/2010\/01\/SANY2761.jpg\" rel=\"lightbox[865]\"><img loading=\"lazy\" decoding=\"async\" class=\"alignright size-thumbnail wp-image-868\" title=\"Roque Taborno - Teneriffa\" src=\"http:\/\/www.mundi-roth.de\/teneriffa-blog\/wp-content\/uploads\/2010\/01\/SANY2761-112x150.jpg\" alt=\"SANY2761\" width=\"112\" height=\"150\" srcset=\"https:\/\/www.mundi-roth.de\/teneriffa-blog\/wp-content\/uploads\/2010\/01\/SANY2761-112x150.jpg 112w, https:\/\/www.mundi-roth.de\/teneriffa-blog\/wp-content\/uploads\/2010\/01\/SANY2761-225x300.jpg 225w, https:\/\/www.mundi-roth.de\/teneriffa-blog\/wp-content\/uploads\/2010\/01\/SANY2761.jpg 450w\" sizes=\"auto, (max-width: 112px) 100vw, 112px\" \/><\/a><br \/>\nVor einigen Jahren haben wir den Roque Taborno (706m hoch) schon einmal umrundet.<br \/>\nWir parken am Ortseingang von Taborno, gehen abw\u00e4rts bis zur Kapelle. Links und rechts davor belehren uns Tafeln, warum es m\u00f6glich war, dass sich hier in diesem Bergort die Guanchen ansiedeln konnten. Und mit der Aussage: \u201eWenn man nach S\u00fcden guckt sieht man den Norden\u201c werden wir \u00fcber die Lage aufgekl\u00e4rt.<br \/>\n<a href=\"http:\/\/www.mundi-roth.de\/teneriffa-blog\/wp-content\/uploads\/2010\/01\/SANY2758.jpg\" rel=\"lightbox[865]\"><img loading=\"lazy\" decoding=\"async\" class=\"alignleft size-thumbnail wp-image-869\" title=\"Roque Taborno - Teneriffa\" src=\"http:\/\/www.mundi-roth.de\/teneriffa-blog\/wp-content\/uploads\/2010\/01\/SANY2758-150x115.jpg\" alt=\"SANY2758\" width=\"150\" height=\"115\" srcset=\"https:\/\/www.mundi-roth.de\/teneriffa-blog\/wp-content\/uploads\/2010\/01\/SANY2758-150x115.jpg 150w, https:\/\/www.mundi-roth.de\/teneriffa-blog\/wp-content\/uploads\/2010\/01\/SANY2758-300x231.jpg 300w, https:\/\/www.mundi-roth.de\/teneriffa-blog\/wp-content\/uploads\/2010\/01\/SANY2758.jpg 323w\" sizes=\"auto, (max-width: 150px) 100vw, 150px\" \/><\/a>Der Hinweis \u201eRoque Taborno\u201c auf einer Holztafel weist uns den Weg. Auf\u00a0 dem leicht ansteigenden, betonierten Pfad gehen wir an einigen H\u00e4usern vorbei. Der zum Teil rot gestrichene Beton hebt sich gut gegen das kr\u00e4ftige Gr\u00fcn links und rechts des Weges ab. Nunmehr f\u00e4llt<a href=\"http:\/\/www.mundi-roth.de\/teneriffa-blog\/wp-content\/uploads\/2010\/01\/SANY2763.jpg\" rel=\"lightbox[865]\"><img loading=\"lazy\" decoding=\"async\" class=\"alignright size-thumbnail wp-image-870\" title=\"SANY2763\" src=\"http:\/\/www.mundi-roth.de\/teneriffa-blog\/wp-content\/uploads\/2010\/01\/SANY2763-150x112.jpg\" alt=\"SANY2763\" width=\"150\" height=\"112\" srcset=\"https:\/\/www.mundi-roth.de\/teneriffa-blog\/wp-content\/uploads\/2010\/01\/SANY2763-150x112.jpg 150w, https:\/\/www.mundi-roth.de\/teneriffa-blog\/wp-content\/uploads\/2010\/01\/SANY2763-300x225.jpg 300w, https:\/\/www.mundi-roth.de\/teneriffa-blog\/wp-content\/uploads\/2010\/01\/SANY2763.jpg 600w\" sizes=\"auto, (max-width: 150px) 100vw, 150px\" \/><\/a> der Weg leicht ab bis zum Mirador \u201eFuente de Lomo\u201c. Und wieder ein fantastischer Ausblick!<br \/>\nWenige Schritte zur\u00fcck biegen wir rechts ab und gehen auf den Stufen abw\u00e4rts unter Lorbeerb\u00e4umen, Erikab\u00fcschen her. Linker Hand <a href=\"http:\/\/www.mundi-roth.de\/teneriffa-blog\/wp-content\/uploads\/2010\/01\/SANY2764.jpg\" rel=\"lightbox[865]\"><img loading=\"lazy\" decoding=\"async\" class=\"alignleft size-thumbnail wp-image-871\" title=\"Kanaren-Glockenblume\" src=\"http:\/\/www.mundi-roth.de\/teneriffa-blog\/wp-content\/uploads\/2010\/01\/SANY2764-150x112.jpg\" alt=\"SANY2764\" width=\"150\" height=\"112\" srcset=\"https:\/\/www.mundi-roth.de\/teneriffa-blog\/wp-content\/uploads\/2010\/01\/SANY2764-150x112.jpg 150w, https:\/\/www.mundi-roth.de\/teneriffa-blog\/wp-content\/uploads\/2010\/01\/SANY2764-300x225.jpg 300w, https:\/\/www.mundi-roth.de\/teneriffa-blog\/wp-content\/uploads\/2010\/01\/SANY2764.jpg 600w\" sizes=\"auto, (max-width: 150px) 100vw, 150px\" \/><\/a>leuchten die wundersch\u00f6nen Kanarenglockenblumen, Farne und Dickblattgew\u00e4chse runden das Bild ab. Der betonierte, geriffelte\u00a0 Pfad geht in gestampfte Erde \u00fcber. Rechts haben wir die steilen Abh\u00e4nge und das Meer und vor uns den markanten Felsen \u201eRoque Taborno\u201c.<br \/>\nWir schreiten z\u00fcgig aus, schlie\u00dfen das Ziegengatter hinter uns, folgen dem <a href=\"http:\/\/www.mundi-roth.de\/teneriffa-blog\/wp-content\/uploads\/2010\/01\/SANY2768.jpg\" rel=\"lightbox[865]\"><img loading=\"lazy\" decoding=\"async\" class=\"alignleft size-thumbnail wp-image-872\" title=\"Roque Taborno - Teneriffa\" src=\"http:\/\/www.mundi-roth.de\/teneriffa-blog\/wp-content\/uploads\/2010\/01\/SANY2768-112x150.jpg\" alt=\"SANY2768\" width=\"112\" height=\"150\" srcset=\"https:\/\/www.mundi-roth.de\/teneriffa-blog\/wp-content\/uploads\/2010\/01\/SANY2768-112x150.jpg 112w, https:\/\/www.mundi-roth.de\/teneriffa-blog\/wp-content\/uploads\/2010\/01\/SANY2768-225x300.jpg 225w, https:\/\/www.mundi-roth.de\/teneriffa-blog\/wp-content\/uploads\/2010\/01\/SANY2768.jpg 450w\" sizes=\"auto, (max-width: 112px) 100vw, 112px\" \/><\/a>Weg und der Beschreibung auf dem nunmehr immer enger und felsiger werdenden Pfad. Die Ausblicke sind<a href=\"http:\/\/www.mundi-roth.de\/teneriffa-blog\/wp-content\/uploads\/2010\/01\/SANY2772.jpg\" rel=\"lightbox[865]\"><img loading=\"lazy\" decoding=\"async\" class=\"alignright size-thumbnail wp-image-873\" title=\"Teneriffa Nordwest bei Taborno\" src=\"http:\/\/www.mundi-roth.de\/teneriffa-blog\/wp-content\/uploads\/2010\/01\/SANY2772-150x112.jpg\" alt=\"SANY2772\" width=\"150\" height=\"112\" srcset=\"https:\/\/www.mundi-roth.de\/teneriffa-blog\/wp-content\/uploads\/2010\/01\/SANY2772-150x112.jpg 150w, https:\/\/www.mundi-roth.de\/teneriffa-blog\/wp-content\/uploads\/2010\/01\/SANY2772-300x225.jpg 300w, https:\/\/www.mundi-roth.de\/teneriffa-blog\/wp-content\/uploads\/2010\/01\/SANY2772.jpg 600w\" sizes=\"auto, (max-width: 150px) 100vw, 150px\" \/><\/a> einfach gro\u00dfartig. Nach einer guten Stunde stehen wir vor dem Abgrund. Von hier aus geht nichts mehr. Kein Weg, kein Steg ist auszumachen. Der Abzweig f\u00fcr die Umrundung \u2013 aus Erfahrung wissen wir, man muss dort ein paar Meter regelrecht hochklettern \u2013 war f\u00fcr uns nicht auszumachen.\u00a0 Mit Sicherheit stimmte aber bis hierher die Aussage: \u201eTrittsicherheit und Schwindelfreiheit sind Voraussetzung\u201c.<br \/>\nAlso R\u00fcckzug, da wir nicht lebensm\u00fcde sind. Sp\u00e4ter h\u00f6rten wir, dass der verpasste Einstieg ziemlich zugewachsen sei.<a href=\"http:\/\/www.mundi-roth.de\/teneriffa-blog\/wp-content\/uploads\/2010\/01\/SANY2780.jpg\" rel=\"lightbox[865]\"><img loading=\"lazy\" decoding=\"async\" class=\"alignright size-thumbnail wp-image-874\" title=\"Wassersstelle bei Taborno\" src=\"http:\/\/www.mundi-roth.de\/teneriffa-blog\/wp-content\/uploads\/2010\/01\/SANY2780-150x112.jpg\" alt=\"SANY2780\" width=\"150\" height=\"112\" srcset=\"https:\/\/www.mundi-roth.de\/teneriffa-blog\/wp-content\/uploads\/2010\/01\/SANY2780-150x112.jpg 150w, https:\/\/www.mundi-roth.de\/teneriffa-blog\/wp-content\/uploads\/2010\/01\/SANY2780-300x225.jpg 300w, https:\/\/www.mundi-roth.de\/teneriffa-blog\/wp-content\/uploads\/2010\/01\/SANY2780.jpg 600w\" sizes=\"auto, (max-width: 150px) 100vw, 150px\" \/><\/a><br \/>\nWir gehen also den selben Weg zur\u00fcck bis zu einer Wasserzapfstelle und biegen hier scharf rechts ab, um nach weiteren 15 Minuten wieder am <a href=\"http:\/\/www.mundi-roth.de\/teneriffa-blog\/wp-content\/uploads\/2010\/01\/SANY2784.jpg\" rel=\"lightbox[865]\"><img loading=\"lazy\" decoding=\"async\" class=\"alignleft size-thumbnail wp-image-875\" title=\"Taborno - Blick nach S\u00fcdwest\" src=\"http:\/\/www.mundi-roth.de\/teneriffa-blog\/wp-content\/uploads\/2010\/01\/SANY2784-150x112.jpg\" alt=\"SANY2784\" width=\"150\" height=\"112\" srcset=\"https:\/\/www.mundi-roth.de\/teneriffa-blog\/wp-content\/uploads\/2010\/01\/SANY2784-150x112.jpg 150w, https:\/\/www.mundi-roth.de\/teneriffa-blog\/wp-content\/uploads\/2010\/01\/SANY2784-300x225.jpg 300w, https:\/\/www.mundi-roth.de\/teneriffa-blog\/wp-content\/uploads\/2010\/01\/SANY2784.jpg 600w\" sizes=\"auto, (max-width: 150px) 100vw, 150px\" \/><\/a>Ausgangspunkt anzukommen. Dazwischen haben wir die phantastischsten Ausblicke auf die begr\u00fcnten Felsabh\u00e4nge, das Meer, landwirtschaftlich genutzte Felder und ganze Wiesen von nickendem Sauerklee.<br \/>\nBleibt nur zu sagen: <strong><em>\u201eEinfach sch\u00f6n\u201c<\/em><\/strong>!<\/p>\n<p>Aus der \u201egro\u00dfen\u201c Wanderung wurde so nur eine kleine, aber feine, die wir zum Teil \u2013 bis zur Wasserzapfstelle und auf dem unteren Weg zur\u00fcck (ca. 30 Minuten) &#8211; auf einer Excursion mit dem Botaniker Cristobal kennengelernt hatten und die einen guten Eindruck vom Lorbeerwald vermittelt.<\/p>\n<p>Wenn auch etwas entt\u00e4uscht, dass nichts aus der \u201egro\u00dfen\u201c Roque Taborno-Umrundung wurde, hat sich der Ausflug in diesen letzten Zipfel Teneriffas aber auch so gelohnt.<\/p>\n<p><strong>Restaurant:<\/strong><br \/>\nWir\u00a0 kehren in Las Carboneras im <em>Restaurant Valentin<\/em> ein und sind hochzufrieden mit unserem bestellten Essen. Das Ziegengericht ist besonders empfehlenswert.<br \/>\nTelefon: 922 15 43 82<br \/>\nMittwochs Ruhetag<\/p>\n<p>Da wir nun schon in der Gegend sind, machen wir noch den Abstecher in das H\u00f6hlendorf Chiminada. Von dort blicken wir runter nach Punta de Hidalgo und erinnern uns ehrfurchtsvoll an unsere Wanderung von dort nach hier oben und wieder retour, die wir vor einigen Jahren mit Freunden machten.<a href=\"http:\/\/www.mundi-roth.de\/teneriffa-blog\/wp-content\/uploads\/2010\/01\/SANY2789.jpg\" rel=\"lightbox[865]\"><img loading=\"lazy\" decoding=\"async\" class=\"alignright size-thumbnail wp-image-876\" title=\"Ebene von La Laguna und Teide\" src=\"http:\/\/www.mundi-roth.de\/teneriffa-blog\/wp-content\/uploads\/2010\/01\/SANY2789-150x113.jpg\" alt=\"SANY2789\" width=\"150\" height=\"113\" srcset=\"https:\/\/www.mundi-roth.de\/teneriffa-blog\/wp-content\/uploads\/2010\/01\/SANY2789-150x113.jpg 150w, https:\/\/www.mundi-roth.de\/teneriffa-blog\/wp-content\/uploads\/2010\/01\/SANY2789-300x227.jpg 300w, https:\/\/www.mundi-roth.de\/teneriffa-blog\/wp-content\/uploads\/2010\/01\/SANY2789.jpg 600w\" sizes=\"auto, (max-width: 150px) 100vw, 150px\" \/><\/a><\/p>\n<p>Wir fahren zur\u00fcck auf die TF 12 bis nach Cruz del Carmen um von dort auf die ehemalige Inselhauptstadt La Laguna zu blicken, denn dort wollen wir zur Abrundung des Ausflugs noch einen Rundgang durch die Stra\u00dfen mit ihren beeindruckenden Herrschaftsh\u00e4usern und den wundersch\u00f6nen Patios machen.<\/p>\n<p><strong>Anfahrt:<\/strong><br \/>\nVon Los Cristianos kommend auf der Autobahn TF 1 bis Santa Cruz, weiter auf der TF11 nach San Andr\u00e9s und von dort auf der TF 12 hoch mit dem Abstecher \u201eMirador de Bailadores\u201c, weiter bis wir Richtung Las Carboneras, Chiminada auf die TF 145 abbiegen, von dieser wiederum auf die TF 138 nach Toborno.<br \/>\nZur\u00fcck auf die TF 145 bis Chiminada und dann wieder retour auf die TF 12 bis La Laguna. Wir folgen dort dem Hinweisschild \u201eCiudad La Laguna\u201c.<br \/>\nNach der Besichtigung fahren wir auf die Autobahn Norte Richtung Santa Cruz, um dann dem wei\u00dfen Hinweisschild \u201eAeropuerto Sur\u201c zu folgen.<br \/>\nTaborno kann man \u00fcbrigens auch von La Laguna aus mit der Linie 075 der TITSA erreichen !<\/p>\n","protected":false},"excerpt":{"rendered":"<p>Wenigstens einmal in der Saison auf Teneriffa ist ein Ausflug in das Anaga-Gebirge, neben dem Tenogebirge der \u00e4lteste Teil der Insel, f\u00e4llig. Diesmal war neben dem Schauen, Staunen, Bewundern, Ah- und Oh- Sagen,\u00a0 auch die Umrundung des Roque Taborno, dem \u201eMatterhorn Teneriffas\u201c eingeplant. Aber, manchmal kommt es anders als man denkt und die Umrundung war [&hellip;]<\/p>\n","protected":false},"author":3,"featured_media":0,"comment_status":"open","ping_status":"open","sticky":false,"template":"","format":"standard","meta":{"footnotes":""},"categories":[768,6],"tags":[271,279,280,275,277,278,281,274,273,276],"class_list":["post-865","post","type-post","status-publish","format-standard","hentry","category-anaga-gebirge","category-wanderungen","tag-anaga-gebirge","tag-chiminada","tag-cruz-del-carmen","tag-el-bailadero","tag-kanarenglockenblume","tag-las-carboneras","tag-roque-taborno","tag-san-andres","tag-taborno","tag-taganana"],"yoast_head":"<!-- This site is optimized with the Yoast SEO plugin v27.5 - https:\/\/yoast.com\/product\/yoast-seo-wordpress\/ -->\n<title>Anaga-Bergmassiv - Teneriffa Wandern<\/title>\n<meta name=\"robots\" content=\"index, follow, max-snippet:-1, max-image-preview:large, max-video-preview:-1\" \/>\n<link rel=\"canonical\" href=\"https:\/\/www.mundi-roth.de\/teneriffa-blog\/wanderungen\/anaga-bergmassiv\/\" \/>\n<meta name=\"twitter:label1\" content=\"Verfasst von\" \/>\n\t<meta name=\"twitter:data1\" content=\"ir\" \/>\n\t<meta name=\"twitter:label2\" content=\"Gesch\u00e4tzte Lesezeit\" \/>\n\t<meta name=\"twitter:data2\" content=\"4\u00a0Minuten\" \/>\n<script type=\"application\/ld+json\" class=\"yoast-schema-graph\">{\"@context\":\"https:\\\/\\\/schema.org\",\"@graph\":[{\"@type\":\"Article\",\"@id\":\"https:\\\/\\\/www.mundi-roth.de\\\/teneriffa-blog\\\/wanderungen\\\/anaga-bergmassiv\\\/#article\",\"isPartOf\":{\"@id\":\"https:\\\/\\\/www.mundi-roth.de\\\/teneriffa-blog\\\/wanderungen\\\/anaga-bergmassiv\\\/\"},\"author\":{\"name\":\"ir\",\"@id\":\"https:\\\/\\\/www.mundi-roth.de\\\/teneriffa-blog\\\/#\\\/schema\\\/person\\\/3afd0d251449790d15367c9aa52d203d\"},\"headline\":\"Anaga-Bergmassiv\",\"datePublished\":\"2010-01-12T19:00:42+00:00\",\"dateModified\":\"2015-04-12T10:19:30+00:00\",\"mainEntityOfPage\":{\"@id\":\"https:\\\/\\\/www.mundi-roth.de\\\/teneriffa-blog\\\/wanderungen\\\/anaga-bergmassiv\\\/\"},\"wordCount\":891,\"commentCount\":0,\"image\":{\"@id\":\"https:\\\/\\\/www.mundi-roth.de\\\/teneriffa-blog\\\/wanderungen\\\/anaga-bergmassiv\\\/#primaryimage\"},\"thumbnailUrl\":\"http:\\\/\\\/www.mundi-roth.de\\\/teneriffa-blog\\\/wp-content\\\/uploads\\\/2010\\\/01\\\/SANY2748-150x112.jpg\",\"keywords\":[\"Anaga-Gebirge\",\"Chiminada\",\"Cruz del Carmen\",\"El Bailadero\",\"Kanarenglockenblume\",\"Las Carboneras\",\"Roque Taborno\",\"San Andr\u00e9s\",\"Taborno\",\"Taganana\"],\"articleSection\":[\"Anaga-Gebirge\",\"Wanderungen\"],\"inLanguage\":\"de\",\"potentialAction\":[{\"@type\":\"CommentAction\",\"name\":\"Comment\",\"target\":[\"https:\\\/\\\/www.mundi-roth.de\\\/teneriffa-blog\\\/wanderungen\\\/anaga-bergmassiv\\\/#respond\"]}]},{\"@type\":\"WebPage\",\"@id\":\"https:\\\/\\\/www.mundi-roth.de\\\/teneriffa-blog\\\/wanderungen\\\/anaga-bergmassiv\\\/\",\"url\":\"https:\\\/\\\/www.mundi-roth.de\\\/teneriffa-blog\\\/wanderungen\\\/anaga-bergmassiv\\\/\",\"name\":\"Anaga-Bergmassiv - Teneriffa Wandern\",\"isPartOf\":{\"@id\":\"https:\\\/\\\/www.mundi-roth.de\\\/teneriffa-blog\\\/#website\"},\"primaryImageOfPage\":{\"@id\":\"https:\\\/\\\/www.mundi-roth.de\\\/teneriffa-blog\\\/wanderungen\\\/anaga-bergmassiv\\\/#primaryimage\"},\"image\":{\"@id\":\"https:\\\/\\\/www.mundi-roth.de\\\/teneriffa-blog\\\/wanderungen\\\/anaga-bergmassiv\\\/#primaryimage\"},\"thumbnailUrl\":\"http:\\\/\\\/www.mundi-roth.de\\\/teneriffa-blog\\\/wp-content\\\/uploads\\\/2010\\\/01\\\/SANY2748-150x112.jpg\",\"datePublished\":\"2010-01-12T19:00:42+00:00\",\"dateModified\":\"2015-04-12T10:19:30+00:00\",\"author\":{\"@id\":\"https:\\\/\\\/www.mundi-roth.de\\\/teneriffa-blog\\\/#\\\/schema\\\/person\\\/3afd0d251449790d15367c9aa52d203d\"},\"breadcrumb\":{\"@id\":\"https:\\\/\\\/www.mundi-roth.de\\\/teneriffa-blog\\\/wanderungen\\\/anaga-bergmassiv\\\/#breadcrumb\"},\"inLanguage\":\"de\",\"potentialAction\":[{\"@type\":\"ReadAction\",\"target\":[\"https:\\\/\\\/www.mundi-roth.de\\\/teneriffa-blog\\\/wanderungen\\\/anaga-bergmassiv\\\/\"]}]},{\"@type\":\"ImageObject\",\"inLanguage\":\"de\",\"@id\":\"https:\\\/\\\/www.mundi-roth.de\\\/teneriffa-blog\\\/wanderungen\\\/anaga-bergmassiv\\\/#primaryimage\",\"url\":\"https:\\\/\\\/www.mundi-roth.de\\\/teneriffa-blog\\\/wp-content\\\/uploads\\\/2010\\\/01\\\/SANY2748.jpg\",\"contentUrl\":\"https:\\\/\\\/www.mundi-roth.de\\\/teneriffa-blog\\\/wp-content\\\/uploads\\\/2010\\\/01\\\/SANY2748.jpg\",\"width\":\"600\",\"height\":\"450\"},{\"@type\":\"BreadcrumbList\",\"@id\":\"https:\\\/\\\/www.mundi-roth.de\\\/teneriffa-blog\\\/wanderungen\\\/anaga-bergmassiv\\\/#breadcrumb\",\"itemListElement\":[{\"@type\":\"ListItem\",\"position\":1,\"name\":\"Startseite\",\"item\":\"https:\\\/\\\/www.mundi-roth.de\\\/teneriffa-blog\\\/\"},{\"@type\":\"ListItem\",\"position\":2,\"name\":\"Anaga-Bergmassiv\"}]},{\"@type\":\"WebSite\",\"@id\":\"https:\\\/\\\/www.mundi-roth.de\\\/teneriffa-blog\\\/#website\",\"url\":\"https:\\\/\\\/www.mundi-roth.de\\\/teneriffa-blog\\\/\",\"name\":\"Teneriffa Wandern\",\"description\":\"Nicht nur Wanderungen auf Teneriffa...\",\"potentialAction\":[{\"@type\":\"SearchAction\",\"target\":{\"@type\":\"EntryPoint\",\"urlTemplate\":\"https:\\\/\\\/www.mundi-roth.de\\\/teneriffa-blog\\\/?s={search_term_string}\"},\"query-input\":{\"@type\":\"PropertyValueSpecification\",\"valueRequired\":true,\"valueName\":\"search_term_string\"}}],\"inLanguage\":\"de\"},{\"@type\":\"Person\",\"@id\":\"https:\\\/\\\/www.mundi-roth.de\\\/teneriffa-blog\\\/#\\\/schema\\\/person\\\/3afd0d251449790d15367c9aa52d203d\",\"name\":\"ir\",\"image\":{\"@type\":\"ImageObject\",\"inLanguage\":\"de\",\"@id\":\"https:\\\/\\\/secure.gravatar.com\\\/avatar\\\/e67b41513c921c2bb58363f44c8a00a447c9a2526ad8ff71b5b6257e5f7f5c66?s=96&d=mm&r=g\",\"url\":\"https:\\\/\\\/secure.gravatar.com\\\/avatar\\\/e67b41513c921c2bb58363f44c8a00a447c9a2526ad8ff71b5b6257e5f7f5c66?s=96&d=mm&r=g\",\"contentUrl\":\"https:\\\/\\\/secure.gravatar.com\\\/avatar\\\/e67b41513c921c2bb58363f44c8a00a447c9a2526ad8ff71b5b6257e5f7f5c66?s=96&d=mm&r=g\",\"caption\":\"ir\"},\"sameAs\":[\"http:\\\/\\\/www.mundi-roth.de\"],\"url\":\"https:\\\/\\\/www.mundi-roth.de\\\/teneriffa-blog\\\/author\\\/ir\\\/\"}]}<\/script>\n<!-- \/ Yoast SEO plugin. -->","yoast_head_json":{"title":"Anaga-Bergmassiv - Teneriffa Wandern","robots":{"index":"index","follow":"follow","max-snippet":"max-snippet:-1","max-image-preview":"max-image-preview:large","max-video-preview":"max-video-preview:-1"},"canonical":"https:\/\/www.mundi-roth.de\/teneriffa-blog\/wanderungen\/anaga-bergmassiv\/","twitter_misc":{"Verfasst von":"ir","Gesch\u00e4tzte Lesezeit":"4\u00a0Minuten"},"schema":{"@context":"https:\/\/schema.org","@graph":[{"@type":"Article","@id":"https:\/\/www.mundi-roth.de\/teneriffa-blog\/wanderungen\/anaga-bergmassiv\/#article","isPartOf":{"@id":"https:\/\/www.mundi-roth.de\/teneriffa-blog\/wanderungen\/anaga-bergmassiv\/"},"author":{"name":"ir","@id":"https:\/\/www.mundi-roth.de\/teneriffa-blog\/#\/schema\/person\/3afd0d251449790d15367c9aa52d203d"},"headline":"Anaga-Bergmassiv","datePublished":"2010-01-12T19:00:42+00:00","dateModified":"2015-04-12T10:19:30+00:00","mainEntityOfPage":{"@id":"https:\/\/www.mundi-roth.de\/teneriffa-blog\/wanderungen\/anaga-bergmassiv\/"},"wordCount":891,"commentCount":0,"image":{"@id":"https:\/\/www.mundi-roth.de\/teneriffa-blog\/wanderungen\/anaga-bergmassiv\/#primaryimage"},"thumbnailUrl":"http:\/\/www.mundi-roth.de\/teneriffa-blog\/wp-content\/uploads\/2010\/01\/SANY2748-150x112.jpg","keywords":["Anaga-Gebirge","Chiminada","Cruz del Carmen","El Bailadero","Kanarenglockenblume","Las Carboneras","Roque Taborno","San Andr\u00e9s","Taborno","Taganana"],"articleSection":["Anaga-Gebirge","Wanderungen"],"inLanguage":"de","potentialAction":[{"@type":"CommentAction","name":"Comment","target":["https:\/\/www.mundi-roth.de\/teneriffa-blog\/wanderungen\/anaga-bergmassiv\/#respond"]}]},{"@type":"WebPage","@id":"https:\/\/www.mundi-roth.de\/teneriffa-blog\/wanderungen\/anaga-bergmassiv\/","url":"https:\/\/www.mundi-roth.de\/teneriffa-blog\/wanderungen\/anaga-bergmassiv\/","name":"Anaga-Bergmassiv - Teneriffa Wandern","isPartOf":{"@id":"https:\/\/www.mundi-roth.de\/teneriffa-blog\/#website"},"primaryImageOfPage":{"@id":"https:\/\/www.mundi-roth.de\/teneriffa-blog\/wanderungen\/anaga-bergmassiv\/#primaryimage"},"image":{"@id":"https:\/\/www.mundi-roth.de\/teneriffa-blog\/wanderungen\/anaga-bergmassiv\/#primaryimage"},"thumbnailUrl":"http:\/\/www.mundi-roth.de\/teneriffa-blog\/wp-content\/uploads\/2010\/01\/SANY2748-150x112.jpg","datePublished":"2010-01-12T19:00:42+00:00","dateModified":"2015-04-12T10:19:30+00:00","author":{"@id":"https:\/\/www.mundi-roth.de\/teneriffa-blog\/#\/schema\/person\/3afd0d251449790d15367c9aa52d203d"},"breadcrumb":{"@id":"https:\/\/www.mundi-roth.de\/teneriffa-blog\/wanderungen\/anaga-bergmassiv\/#breadcrumb"},"inLanguage":"de","potentialAction":[{"@type":"ReadAction","target":["https:\/\/www.mundi-roth.de\/teneriffa-blog\/wanderungen\/anaga-bergmassiv\/"]}]},{"@type":"ImageObject","inLanguage":"de","@id":"https:\/\/www.mundi-roth.de\/teneriffa-blog\/wanderungen\/anaga-bergmassiv\/#primaryimage","url":"https:\/\/www.mundi-roth.de\/teneriffa-blog\/wp-content\/uploads\/2010\/01\/SANY2748.jpg","contentUrl":"https:\/\/www.mundi-roth.de\/teneriffa-blog\/wp-content\/uploads\/2010\/01\/SANY2748.jpg","width":"600","height":"450"},{"@type":"BreadcrumbList","@id":"https:\/\/www.mundi-roth.de\/teneriffa-blog\/wanderungen\/anaga-bergmassiv\/#breadcrumb","itemListElement":[{"@type":"ListItem","position":1,"name":"Startseite","item":"https:\/\/www.mundi-roth.de\/teneriffa-blog\/"},{"@type":"ListItem","position":2,"name":"Anaga-Bergmassiv"}]},{"@type":"WebSite","@id":"https:\/\/www.mundi-roth.de\/teneriffa-blog\/#website","url":"https:\/\/www.mundi-roth.de\/teneriffa-blog\/","name":"Teneriffa Wandern","description":"Nicht nur Wanderungen auf Teneriffa...","potentialAction":[{"@type":"SearchAction","target":{"@type":"EntryPoint","urlTemplate":"https:\/\/www.mundi-roth.de\/teneriffa-blog\/?s={search_term_string}"},"query-input":{"@type":"PropertyValueSpecification","valueRequired":true,"valueName":"search_term_string"}}],"inLanguage":"de"},{"@type":"Person","@id":"https:\/\/www.mundi-roth.de\/teneriffa-blog\/#\/schema\/person\/3afd0d251449790d15367c9aa52d203d","name":"ir","image":{"@type":"ImageObject","inLanguage":"de","@id":"https:\/\/secure.gravatar.com\/avatar\/e67b41513c921c2bb58363f44c8a00a447c9a2526ad8ff71b5b6257e5f7f5c66?s=96&d=mm&r=g","url":"https:\/\/secure.gravatar.com\/avatar\/e67b41513c921c2bb58363f44c8a00a447c9a2526ad8ff71b5b6257e5f7f5c66?s=96&d=mm&r=g","contentUrl":"https:\/\/secure.gravatar.com\/avatar\/e67b41513c921c2bb58363f44c8a00a447c9a2526ad8ff71b5b6257e5f7f5c66?s=96&d=mm&r=g","caption":"ir"},"sameAs":["http:\/\/www.mundi-roth.de"],"url":"https:\/\/www.mundi-roth.de\/teneriffa-blog\/author\/ir\/"}]}},"_links":{"self":[{"href":"https:\/\/www.mundi-roth.de\/teneriffa-blog\/wp-json\/wp\/v2\/posts\/865","targetHints":{"allow":["GET"]}}],"collection":[{"href":"https:\/\/www.mundi-roth.de\/teneriffa-blog\/wp-json\/wp\/v2\/posts"}],"about":[{"href":"https:\/\/www.mundi-roth.de\/teneriffa-blog\/wp-json\/wp\/v2\/types\/post"}],"author":[{"embeddable":true,"href":"https:\/\/www.mundi-roth.de\/teneriffa-blog\/wp-json\/wp\/v2\/users\/3"}],"replies":[{"embeddable":true,"href":"https:\/\/www.mundi-roth.de\/teneriffa-blog\/wp-json\/wp\/v2\/comments?post=865"}],"version-history":[{"count":0,"href":"https:\/\/www.mundi-roth.de\/teneriffa-blog\/wp-json\/wp\/v2\/posts\/865\/revisions"}],"wp:attachment":[{"href":"https:\/\/www.mundi-roth.de\/teneriffa-blog\/wp-json\/wp\/v2\/media?parent=865"}],"wp:term":[{"taxonomy":"category","embeddable":true,"href":"https:\/\/www.mundi-roth.de\/teneriffa-blog\/wp-json\/wp\/v2\/categories?post=865"},{"taxonomy":"post_tag","embeddable":true,"href":"https:\/\/www.mundi-roth.de\/teneriffa-blog\/wp-json\/wp\/v2\/tags?post=865"}],"curies":[{"name":"wp","href":"https:\/\/api.w.org\/{rel}","templated":true}]}}