{"id":885,"date":"2010-02-05T18:00:35","date_gmt":"2010-02-05T17:00:35","guid":{"rendered":"http:\/\/www.mundi-roth.de\/teneriffa-blog\/?p=885"},"modified":"2015-04-12T11:18:01","modified_gmt":"2015-04-12T10:18:01","slug":"barranco-de-chijas","status":"publish","type":"post","link":"https:\/\/www.mundi-roth.de\/teneriffa-blog\/wanderungen\/barranco-de-chijas\/","title":{"rendered":"Barranco de Chijas"},"content":{"rendered":"<p><strong>Den Barranco del Invierno kennen viele.Barranco de Chijas? Wo ist denn der?<\/strong><\/p>\n<p><strong>Die Wanderung geht von Valle San Lorenzo aus.<br \/>\nWenn ich vergleichen soll, welcher sch\u00f6ner ist, dann eindeutig<a href=\"http:\/\/www.mundi-roth.de\/teneriffa-blog\/wp-content\/uploads\/2010\/02\/SANY2857.JPG\" rel=\"lightbox[885]\"><img loading=\"lazy\" decoding=\"async\" class=\"alignright size-thumbnail wp-image-891\" title=\"Beim Barranco de Chijas\" src=\"http:\/\/www.mundi-roth.de\/teneriffa-blog\/wp-content\/uploads\/2010\/02\/SANY2857-150x112.jpg\" alt=\"SANY2857\" width=\"150\" height=\"112\" srcset=\"https:\/\/www.mundi-roth.de\/teneriffa-blog\/wp-content\/uploads\/2010\/02\/SANY2857-150x112.jpg 150w, https:\/\/www.mundi-roth.de\/teneriffa-blog\/wp-content\/uploads\/2010\/02\/SANY2857-300x225.jpg 300w, https:\/\/www.mundi-roth.de\/teneriffa-blog\/wp-content\/uploads\/2010\/02\/SANY2857.JPG 600w\" sizes=\"auto, (max-width: 150px) 100vw, 150px\" \/><\/a> Barranco de Chijas, vorausgesetzt man ist trittsicher, denn man muss \u2013 zur Zeit wenigstens nach den heftigen Regenf\u00e4llen \u2013 im letzten Drittel von Felsbrocken zu Felsbrocken balancieren.<br \/>\nJedoch: Es lohnt sich! Der Barranco ist romantisch, zauberhaft, einfach sch\u00f6n!<\/strong><\/p>\n<p><strong>Wanderwegstrecke:<\/strong> Zwischen zwei und drei Stunden, je nachdem wie viel man schaut, staunt und fotografiert.<\/p>\n<p><a href=\"http:\/\/www.mundi-roth.de\/teneriffa-blog\/wp-content\/uploads\/2010\/02\/Track2.jpg\" rel=\"lightbox[885]\"><img loading=\"lazy\" decoding=\"async\" class=\"alignleft size-thumbnail wp-image-893\" title=\"Track - Barranco de Chijas\" src=\"http:\/\/www.mundi-roth.de\/teneriffa-blog\/wp-content\/uploads\/2010\/02\/Track2-150x144.jpg\" alt=\"Track2\" width=\"150\" height=\"144\" srcset=\"https:\/\/www.mundi-roth.de\/teneriffa-blog\/wp-content\/uploads\/2010\/02\/Track2-150x144.jpg 150w, https:\/\/www.mundi-roth.de\/teneriffa-blog\/wp-content\/uploads\/2010\/02\/Track2-300x289.jpg 300w, https:\/\/www.mundi-roth.de\/teneriffa-blog\/wp-content\/uploads\/2010\/02\/Track2.jpg 393w\" sizes=\"auto, (max-width: 150px) 100vw, 150px\" \/><\/a>Wir beginnen unsere Wanderung dort wo sich die Calle El Patio mit der Calle el Parral trifft.<br \/>\nHier gibt es am Wegrand Parkm\u00f6glichkeiten und wir starten links, vorbei an einer gemauerten Wasserverteilungsstelle, weiter durch ein rot gestrichenes Gittertor, flankiert von zwei unterschiedlichen Palmen. Der Fahrweg ist ges\u00e4umt von Opuntien und gleich zu Beginn ist ein kleiner Backofen auszumachen.<br \/>\nNach ca. 10 Minuten passieren wir einen alten, verfallenen Geb\u00e4udekomplex mit einer Palme und\u00a0 sehen rechts in eine tiefe, fast ungesicherte Zisterne und weiter geht es immer sanft bergauf. Noch ist der Weg problemlos zu gehen. Etwas oberhalb passieren wir eine gro\u00dfe nat\u00fcrliche Zisterne, ges\u00e4umt von H\u00f6hlen und wir waten durch Matsch, der jedoch nach einigen Sonnentagen ganz sicher getrocknet ist.<br \/>\n<a href=\"http:\/\/www.mundi-roth.de\/teneriffa-blog\/wp-content\/uploads\/2010\/02\/SANY2855.JPG\" rel=\"lightbox[885]\"><img loading=\"lazy\" decoding=\"async\" class=\"alignleft size-thumbnail wp-image-886\" title=\"Gegenl\u00e4ufige Wasserkan\u00e4le\" src=\"http:\/\/www.mundi-roth.de\/teneriffa-blog\/wp-content\/uploads\/2010\/02\/SANY2855-112x150.jpg\" alt=\"SANY2855\" width=\"112\" height=\"150\" srcset=\"https:\/\/www.mundi-roth.de\/teneriffa-blog\/wp-content\/uploads\/2010\/02\/SANY2855-112x150.jpg 112w, https:\/\/www.mundi-roth.de\/teneriffa-blog\/wp-content\/uploads\/2010\/02\/SANY2855-225x300.jpg 225w, https:\/\/www.mundi-roth.de\/teneriffa-blog\/wp-content\/uploads\/2010\/02\/SANY2855.JPG 450w\" sizes=\"auto, (max-width: 112px) 100vw, 112px\" \/><\/a>Noch ein St\u00fcckchen\u00a0 h\u00f6her, am Barrancorand, sto\u00dfen wir auf eine Besonderheit: Zwei nebeneinander gemauerte Wasserleitungen, die viel Wasser f\u00fchren: Wasserleitungen mit \u201eGegenverkehr\u201c &#8211; das Wasser flie\u00dft in den beiden Leitungen in unterschiedliche Richtung.<br \/>\nVon hier aus geht es bergab zum Barrancogrund. In diesem Teilst\u00fcck\u00a0 wird zur Zeit gearbeitet, um den Barranco f\u00fcr die Wassermassen aufnahmebereiter aufzubereiten. Die Arbeiter erz\u00e4hlen uns, dass sie wohl in ca. 14 Tagen den\u00a0 Barranco weiter hangaufw\u00e4rts bearbeitet haben werden.<a href=\"http:\/\/www.mundi-roth.de\/teneriffa-blog\/wp-content\/uploads\/2010\/02\/RIMG0216.JPG\" rel=\"lightbox[885]\"><img loading=\"lazy\" decoding=\"async\" class=\"alignright size-thumbnail wp-image-887\" title=\"Im Barranco de Chijas\" src=\"http:\/\/www.mundi-roth.de\/teneriffa-blog\/wp-content\/uploads\/2010\/02\/RIMG0216-112x150.jpg\" alt=\"RIMG0216\" width=\"112\" height=\"150\" srcset=\"https:\/\/www.mundi-roth.de\/teneriffa-blog\/wp-content\/uploads\/2010\/02\/RIMG0216-112x150.jpg 112w, https:\/\/www.mundi-roth.de\/teneriffa-blog\/wp-content\/uploads\/2010\/02\/RIMG0216-225x300.jpg 225w, https:\/\/www.mundi-roth.de\/teneriffa-blog\/wp-content\/uploads\/2010\/02\/RIMG0216.JPG 450w\" sizes=\"auto, (max-width: 112px) 100vw, 112px\" \/><\/a><br \/>\nAlso: vielleicht ist ja in naher Zukunft das Balancieren \u00fcber Felsen, das nun beginnt, Vergangenheit. Eigentlich schade, denn uns bereitet es Vergn\u00fcgen \u00fcber die unterschiedlich geformten Felsen in der immer enger werdenden Schlucht mit steil aufragenden Felsw\u00e4nden zu \u201elustwandeln\u201c.<br \/>\nNur noch mal zur Erinnerung: Gutes Schuhwerk ist <a href=\"http:\/\/www.mundi-roth.de\/teneriffa-blog\/wp-content\/uploads\/2010\/02\/SANY2858a.jpg\" rel=\"lightbox[885]\"><img loading=\"lazy\" decoding=\"async\" class=\"alignleft size-thumbnail wp-image-888\" title=\"Wasserf\u00fchrung \u00fcber den Barranco de Chijas\" src=\"http:\/\/www.mundi-roth.de\/teneriffa-blog\/wp-content\/uploads\/2010\/02\/SANY2858a-150x107.jpg\" alt=\"SANY2858a\" width=\"150\" height=\"107\" srcset=\"https:\/\/www.mundi-roth.de\/teneriffa-blog\/wp-content\/uploads\/2010\/02\/SANY2858a-150x107.jpg 150w, https:\/\/www.mundi-roth.de\/teneriffa-blog\/wp-content\/uploads\/2010\/02\/SANY2858a-300x214.jpg 300w, https:\/\/www.mundi-roth.de\/teneriffa-blog\/wp-content\/uploads\/2010\/02\/SANY2858a.jpg 600w\" sizes=\"auto, (max-width: 150px) 100vw, 150px\" \/><\/a>absolute Voraussetzung! (wie bei allen unseren Wanderungen.)<br \/>\nWir unterqueren einen Viadukt, zwischen den Felsbrocken haben sich nach den heftigen Regenf\u00e4llen der letzten Tage kleine \u201eGumpen\u201c, gebildet. Pf\u00fctzen hierzu zu sagen w\u00e4re lieblos. Mini<a href=\"http:\/\/www.mundi-roth.de\/teneriffa-blog\/wp-content\/uploads\/2010\/02\/SANY2864a.jpg\" rel=\"lightbox[885]\"><img loading=\"lazy\" decoding=\"async\" class=\"alignright size-thumbnail wp-image-889\" title=\"Wasserfall im Barranco de Chijas\" src=\"http:\/\/www.mundi-roth.de\/teneriffa-blog\/wp-content\/uploads\/2010\/02\/SANY2864a-74x150.jpg\" alt=\"SANY2864a\" width=\"74\" height=\"150\" srcset=\"https:\/\/www.mundi-roth.de\/teneriffa-blog\/wp-content\/uploads\/2010\/02\/SANY2864a-74x150.jpg 74w, https:\/\/www.mundi-roth.de\/teneriffa-blog\/wp-content\/uploads\/2010\/02\/SANY2864a-148x300.jpg 148w, https:\/\/www.mundi-roth.de\/teneriffa-blog\/wp-content\/uploads\/2010\/02\/SANY2864a.jpg 297w\" sizes=\"auto, (max-width: 74px) 100vw, 74px\" \/><\/a> Wasserf\u00e4lle rinnen die Felsen herab. Als wir am Ende des Barrancos bei der \u201eGaleria del Salto del Chopo\u201c angelangt sind begeistert uns \u2013 wohlgemerkt zur Zeit \u2013 ein Wasserfall von hoch oben. (H\u00f6her als der im Barranco del Infierno.)<br \/>\nEin paar Gleise f\u00fcr Loren h\u00e4ngen in der Luft und\u00a0 zeigen uns an, dass hier ein Wasserstollen in Betrieb war. Rechts oberhalb f\u00fchrt eine Treppe zum \u00dcbernachtungsgeb\u00e4ude f\u00fcr die Galeriearbeiter und hier ist leider auch ein Hund eingesperrt. Wie uns die Arbeiter auf dem R\u00fcckweg erz\u00e4hlen, kommt einmal in der Woche der Besitzer aus dem Norden um seinen Hund zu f\u00fcttern und etwas freizulassen. Unm\u00f6glich!<a href=\"http:\/\/www.mundi-roth.de\/teneriffa-blog\/wp-content\/uploads\/2010\/02\/RIMG0211.JPG\" rel=\"lightbox[885]\"><img loading=\"lazy\" decoding=\"async\" class=\"alignright size-thumbnail wp-image-892\" title=\"Fels-Rosette im Barranco de Chijas\" src=\"http:\/\/www.mundi-roth.de\/teneriffa-blog\/wp-content\/uploads\/2010\/02\/RIMG0211-150x112.jpg\" alt=\"RIMG0211\" width=\"150\" height=\"112\" srcset=\"https:\/\/www.mundi-roth.de\/teneriffa-blog\/wp-content\/uploads\/2010\/02\/RIMG0211-150x112.jpg 150w, https:\/\/www.mundi-roth.de\/teneriffa-blog\/wp-content\/uploads\/2010\/02\/RIMG0211-300x225.jpg 300w, https:\/\/www.mundi-roth.de\/teneriffa-blog\/wp-content\/uploads\/2010\/02\/RIMG0211.JPG 600w\" sizes=\"auto, (max-width: 150px) 100vw, 150px\" \/><\/a><br \/>\nDer Hinweg ist zugleich der R\u00fcckweg. Jedoch keineswegs langweilig, da man <a href=\"http:\/\/www.mundi-roth.de\/teneriffa-blog\/wp-content\/uploads\/2010\/02\/SANY2854.JPG\" rel=\"lightbox[885]\"><img loading=\"lazy\" decoding=\"async\" class=\"alignleft size-thumbnail wp-image-890\" title=\"Valle San Lorenzo und Umland\" src=\"http:\/\/www.mundi-roth.de\/teneriffa-blog\/wp-content\/uploads\/2010\/02\/SANY2854-150x112.jpg\" alt=\"SANY2854\" width=\"150\" height=\"112\" srcset=\"https:\/\/www.mundi-roth.de\/teneriffa-blog\/wp-content\/uploads\/2010\/02\/SANY2854-150x112.jpg 150w, https:\/\/www.mundi-roth.de\/teneriffa-blog\/wp-content\/uploads\/2010\/02\/SANY2854-300x225.jpg 300w, https:\/\/www.mundi-roth.de\/teneriffa-blog\/wp-content\/uploads\/2010\/02\/SANY2854.JPG 600w\" sizes=\"auto, (max-width: 150px) 100vw, 150px\" \/><\/a>zum einen immer noch neue Gesteinsformationen entdeckt und der Ausblick bis zur K\u00fcste ist ebenfalls wundersch\u00f6n ist.<\/p>\n<p>Eine Wanderung die sich, f\u00fcr alle die trittsicher sind, unbedingt lohnt!<\/p>\n<p><strong>Anfahrt:<\/strong><br \/>\nAuf der TF28 nach Valle San Lorenzo. Dort etwa in der Ortsmitte biegen wir \u2013 aus Richtung Los Cristianos kommend &#8211; in H\u00f6he der BBV-Bank bzw. der Caja Siete links in die Calle de Longuera ab. Dort, wo diese Sta\u00dfe stumpf endet, geht es links in die Calle de la Tosca und gleich wieder rechts in die Calle del Patio hoch bis sie auf die links abgehende Calle El Parral trifft. Hier suchen wir uns eine Parkgelegenheit.<\/p>\n<p><strong>Restaurant:<a href=\"http:\/\/www.mundi-roth.de\/teneriffa-blog\/wp-content\/uploads\/2010\/02\/P1050020.jpg\" rel=\"lightbox[885]\"><img loading=\"lazy\" decoding=\"async\" class=\"alignright size-thumbnail wp-image-895\" title=\"Costillas\" src=\"http:\/\/www.mundi-roth.de\/teneriffa-blog\/wp-content\/uploads\/2010\/02\/P1050020-112x150.jpg\" alt=\"P1050020\" width=\"112\" height=\"150\" srcset=\"https:\/\/www.mundi-roth.de\/teneriffa-blog\/wp-content\/uploads\/2010\/02\/P1050020-112x150.jpg 112w, https:\/\/www.mundi-roth.de\/teneriffa-blog\/wp-content\/uploads\/2010\/02\/P1050020-225x300.jpg 225w, https:\/\/www.mundi-roth.de\/teneriffa-blog\/wp-content\/uploads\/2010\/02\/P1050020.jpg 450w\" sizes=\"auto, (max-width: 112px) 100vw, 112px\" \/><\/a><\/strong><\/p>\n<p>Wenn wir schon in Valle San Lorenzo sind, dann ist f\u00fcr uns das Restaurant &#8222;Mes\u00f3n Era Las Mozas&#8220; das Ziel unseres Appetits. Die dortigen Costillas (Rippchen) sind kaum zu \u00fcbertreffen &#8211; wenn man den entsprechenden Nach-Wander-Hunger mitbringt. (Calle Cabezada, Tel: 922767208)<\/p>\n","protected":false},"excerpt":{"rendered":"<p>Den Barranco del Invierno kennen viele.Barranco de Chijas? Wo ist denn der? Die Wanderung geht von Valle San Lorenzo aus. Wenn ich vergleichen soll, welcher sch\u00f6ner ist, dann eindeutig Barranco de Chijas, vorausgesetzt man ist trittsicher, denn man muss \u2013 zur Zeit wenigstens nach den heftigen Regenf\u00e4llen \u2013 im letzten Drittel von Felsbrocken zu Felsbrocken [&hellip;]<\/p>\n","protected":false},"author":3,"featured_media":0,"comment_status":"open","ping_status":"open","sticky":false,"template":"","format":"standard","meta":{"footnotes":""},"categories":[775,6],"tags":[286,289,288,287],"class_list":["post-885","post","type-post","status-publish","format-standard","hentry","category-arona","category-wanderungen","tag-barranco-de-chijas","tag-galeria-del-salto-del-chopo","tag-gegenverkehr","tag-valle-san-lorenzo"],"yoast_head":"<!-- This site is optimized with the Yoast SEO plugin v27.5 - https:\/\/yoast.com\/product\/yoast-seo-wordpress\/ -->\n<title>Barranco de Chijas - Teneriffa Wandern<\/title>\n<meta name=\"robots\" content=\"index, follow, max-snippet:-1, max-image-preview:large, max-video-preview:-1\" \/>\n<link rel=\"canonical\" href=\"https:\/\/www.mundi-roth.de\/teneriffa-blog\/wanderungen\/barranco-de-chijas\/\" \/>\n<meta name=\"twitter:label1\" content=\"Verfasst von\" \/>\n\t<meta name=\"twitter:data1\" content=\"ir\" \/>\n\t<meta name=\"twitter:label2\" content=\"Gesch\u00e4tzte Lesezeit\" \/>\n\t<meta name=\"twitter:data2\" content=\"3\u00a0Minuten\" \/>\n<script type=\"application\/ld+json\" class=\"yoast-schema-graph\">{\"@context\":\"https:\\\/\\\/schema.org\",\"@graph\":[{\"@type\":\"Article\",\"@id\":\"https:\\\/\\\/www.mundi-roth.de\\\/teneriffa-blog\\\/wanderungen\\\/barranco-de-chijas\\\/#article\",\"isPartOf\":{\"@id\":\"https:\\\/\\\/www.mundi-roth.de\\\/teneriffa-blog\\\/wanderungen\\\/barranco-de-chijas\\\/\"},\"author\":{\"name\":\"ir\",\"@id\":\"https:\\\/\\\/www.mundi-roth.de\\\/teneriffa-blog\\\/#\\\/schema\\\/person\\\/3afd0d251449790d15367c9aa52d203d\"},\"headline\":\"Barranco de Chijas\",\"datePublished\":\"2010-02-05T17:00:35+00:00\",\"dateModified\":\"2015-04-12T10:18:01+00:00\",\"mainEntityOfPage\":{\"@id\":\"https:\\\/\\\/www.mundi-roth.de\\\/teneriffa-blog\\\/wanderungen\\\/barranco-de-chijas\\\/\"},\"wordCount\":657,\"commentCount\":2,\"image\":{\"@id\":\"https:\\\/\\\/www.mundi-roth.de\\\/teneriffa-blog\\\/wanderungen\\\/barranco-de-chijas\\\/#primaryimage\"},\"thumbnailUrl\":\"http:\\\/\\\/www.mundi-roth.de\\\/teneriffa-blog\\\/wp-content\\\/uploads\\\/2010\\\/02\\\/SANY2857-150x112.jpg\",\"keywords\":[\"Barranco de Chijas\",\"Galeria del Salto del Chopo\",\"Gegenverkehr\",\"Valle San Lorenzo\"],\"articleSection\":[\"Arona\",\"Wanderungen\"],\"inLanguage\":\"de\",\"potentialAction\":[{\"@type\":\"CommentAction\",\"name\":\"Comment\",\"target\":[\"https:\\\/\\\/www.mundi-roth.de\\\/teneriffa-blog\\\/wanderungen\\\/barranco-de-chijas\\\/#respond\"]}]},{\"@type\":\"WebPage\",\"@id\":\"https:\\\/\\\/www.mundi-roth.de\\\/teneriffa-blog\\\/wanderungen\\\/barranco-de-chijas\\\/\",\"url\":\"https:\\\/\\\/www.mundi-roth.de\\\/teneriffa-blog\\\/wanderungen\\\/barranco-de-chijas\\\/\",\"name\":\"Barranco de Chijas - Teneriffa Wandern\",\"isPartOf\":{\"@id\":\"https:\\\/\\\/www.mundi-roth.de\\\/teneriffa-blog\\\/#website\"},\"primaryImageOfPage\":{\"@id\":\"https:\\\/\\\/www.mundi-roth.de\\\/teneriffa-blog\\\/wanderungen\\\/barranco-de-chijas\\\/#primaryimage\"},\"image\":{\"@id\":\"https:\\\/\\\/www.mundi-roth.de\\\/teneriffa-blog\\\/wanderungen\\\/barranco-de-chijas\\\/#primaryimage\"},\"thumbnailUrl\":\"http:\\\/\\\/www.mundi-roth.de\\\/teneriffa-blog\\\/wp-content\\\/uploads\\\/2010\\\/02\\\/SANY2857-150x112.jpg\",\"datePublished\":\"2010-02-05T17:00:35+00:00\",\"dateModified\":\"2015-04-12T10:18:01+00:00\",\"author\":{\"@id\":\"https:\\\/\\\/www.mundi-roth.de\\\/teneriffa-blog\\\/#\\\/schema\\\/person\\\/3afd0d251449790d15367c9aa52d203d\"},\"breadcrumb\":{\"@id\":\"https:\\\/\\\/www.mundi-roth.de\\\/teneriffa-blog\\\/wanderungen\\\/barranco-de-chijas\\\/#breadcrumb\"},\"inLanguage\":\"de\",\"potentialAction\":[{\"@type\":\"ReadAction\",\"target\":[\"https:\\\/\\\/www.mundi-roth.de\\\/teneriffa-blog\\\/wanderungen\\\/barranco-de-chijas\\\/\"]}]},{\"@type\":\"ImageObject\",\"inLanguage\":\"de\",\"@id\":\"https:\\\/\\\/www.mundi-roth.de\\\/teneriffa-blog\\\/wanderungen\\\/barranco-de-chijas\\\/#primaryimage\",\"url\":\"https:\\\/\\\/www.mundi-roth.de\\\/teneriffa-blog\\\/wp-content\\\/uploads\\\/2010\\\/02\\\/SANY2857.JPG\",\"contentUrl\":\"https:\\\/\\\/www.mundi-roth.de\\\/teneriffa-blog\\\/wp-content\\\/uploads\\\/2010\\\/02\\\/SANY2857.JPG\",\"width\":\"600\",\"height\":\"450\"},{\"@type\":\"BreadcrumbList\",\"@id\":\"https:\\\/\\\/www.mundi-roth.de\\\/teneriffa-blog\\\/wanderungen\\\/barranco-de-chijas\\\/#breadcrumb\",\"itemListElement\":[{\"@type\":\"ListItem\",\"position\":1,\"name\":\"Startseite\",\"item\":\"https:\\\/\\\/www.mundi-roth.de\\\/teneriffa-blog\\\/\"},{\"@type\":\"ListItem\",\"position\":2,\"name\":\"Barranco de Chijas\"}]},{\"@type\":\"WebSite\",\"@id\":\"https:\\\/\\\/www.mundi-roth.de\\\/teneriffa-blog\\\/#website\",\"url\":\"https:\\\/\\\/www.mundi-roth.de\\\/teneriffa-blog\\\/\",\"name\":\"Teneriffa Wandern\",\"description\":\"Nicht nur Wanderungen auf Teneriffa...\",\"potentialAction\":[{\"@type\":\"SearchAction\",\"target\":{\"@type\":\"EntryPoint\",\"urlTemplate\":\"https:\\\/\\\/www.mundi-roth.de\\\/teneriffa-blog\\\/?s={search_term_string}\"},\"query-input\":{\"@type\":\"PropertyValueSpecification\",\"valueRequired\":true,\"valueName\":\"search_term_string\"}}],\"inLanguage\":\"de\"},{\"@type\":\"Person\",\"@id\":\"https:\\\/\\\/www.mundi-roth.de\\\/teneriffa-blog\\\/#\\\/schema\\\/person\\\/3afd0d251449790d15367c9aa52d203d\",\"name\":\"ir\",\"image\":{\"@type\":\"ImageObject\",\"inLanguage\":\"de\",\"@id\":\"https:\\\/\\\/secure.gravatar.com\\\/avatar\\\/e67b41513c921c2bb58363f44c8a00a447c9a2526ad8ff71b5b6257e5f7f5c66?s=96&d=mm&r=g\",\"url\":\"https:\\\/\\\/secure.gravatar.com\\\/avatar\\\/e67b41513c921c2bb58363f44c8a00a447c9a2526ad8ff71b5b6257e5f7f5c66?s=96&d=mm&r=g\",\"contentUrl\":\"https:\\\/\\\/secure.gravatar.com\\\/avatar\\\/e67b41513c921c2bb58363f44c8a00a447c9a2526ad8ff71b5b6257e5f7f5c66?s=96&d=mm&r=g\",\"caption\":\"ir\"},\"sameAs\":[\"http:\\\/\\\/www.mundi-roth.de\"],\"url\":\"https:\\\/\\\/www.mundi-roth.de\\\/teneriffa-blog\\\/author\\\/ir\\\/\"}]}<\/script>\n<!-- \/ Yoast SEO plugin. -->","yoast_head_json":{"title":"Barranco de Chijas - Teneriffa Wandern","robots":{"index":"index","follow":"follow","max-snippet":"max-snippet:-1","max-image-preview":"max-image-preview:large","max-video-preview":"max-video-preview:-1"},"canonical":"https:\/\/www.mundi-roth.de\/teneriffa-blog\/wanderungen\/barranco-de-chijas\/","twitter_misc":{"Verfasst von":"ir","Gesch\u00e4tzte Lesezeit":"3\u00a0Minuten"},"schema":{"@context":"https:\/\/schema.org","@graph":[{"@type":"Article","@id":"https:\/\/www.mundi-roth.de\/teneriffa-blog\/wanderungen\/barranco-de-chijas\/#article","isPartOf":{"@id":"https:\/\/www.mundi-roth.de\/teneriffa-blog\/wanderungen\/barranco-de-chijas\/"},"author":{"name":"ir","@id":"https:\/\/www.mundi-roth.de\/teneriffa-blog\/#\/schema\/person\/3afd0d251449790d15367c9aa52d203d"},"headline":"Barranco de Chijas","datePublished":"2010-02-05T17:00:35+00:00","dateModified":"2015-04-12T10:18:01+00:00","mainEntityOfPage":{"@id":"https:\/\/www.mundi-roth.de\/teneriffa-blog\/wanderungen\/barranco-de-chijas\/"},"wordCount":657,"commentCount":2,"image":{"@id":"https:\/\/www.mundi-roth.de\/teneriffa-blog\/wanderungen\/barranco-de-chijas\/#primaryimage"},"thumbnailUrl":"http:\/\/www.mundi-roth.de\/teneriffa-blog\/wp-content\/uploads\/2010\/02\/SANY2857-150x112.jpg","keywords":["Barranco de Chijas","Galeria del Salto del Chopo","Gegenverkehr","Valle San Lorenzo"],"articleSection":["Arona","Wanderungen"],"inLanguage":"de","potentialAction":[{"@type":"CommentAction","name":"Comment","target":["https:\/\/www.mundi-roth.de\/teneriffa-blog\/wanderungen\/barranco-de-chijas\/#respond"]}]},{"@type":"WebPage","@id":"https:\/\/www.mundi-roth.de\/teneriffa-blog\/wanderungen\/barranco-de-chijas\/","url":"https:\/\/www.mundi-roth.de\/teneriffa-blog\/wanderungen\/barranco-de-chijas\/","name":"Barranco de Chijas - Teneriffa Wandern","isPartOf":{"@id":"https:\/\/www.mundi-roth.de\/teneriffa-blog\/#website"},"primaryImageOfPage":{"@id":"https:\/\/www.mundi-roth.de\/teneriffa-blog\/wanderungen\/barranco-de-chijas\/#primaryimage"},"image":{"@id":"https:\/\/www.mundi-roth.de\/teneriffa-blog\/wanderungen\/barranco-de-chijas\/#primaryimage"},"thumbnailUrl":"http:\/\/www.mundi-roth.de\/teneriffa-blog\/wp-content\/uploads\/2010\/02\/SANY2857-150x112.jpg","datePublished":"2010-02-05T17:00:35+00:00","dateModified":"2015-04-12T10:18:01+00:00","author":{"@id":"https:\/\/www.mundi-roth.de\/teneriffa-blog\/#\/schema\/person\/3afd0d251449790d15367c9aa52d203d"},"breadcrumb":{"@id":"https:\/\/www.mundi-roth.de\/teneriffa-blog\/wanderungen\/barranco-de-chijas\/#breadcrumb"},"inLanguage":"de","potentialAction":[{"@type":"ReadAction","target":["https:\/\/www.mundi-roth.de\/teneriffa-blog\/wanderungen\/barranco-de-chijas\/"]}]},{"@type":"ImageObject","inLanguage":"de","@id":"https:\/\/www.mundi-roth.de\/teneriffa-blog\/wanderungen\/barranco-de-chijas\/#primaryimage","url":"https:\/\/www.mundi-roth.de\/teneriffa-blog\/wp-content\/uploads\/2010\/02\/SANY2857.JPG","contentUrl":"https:\/\/www.mundi-roth.de\/teneriffa-blog\/wp-content\/uploads\/2010\/02\/SANY2857.JPG","width":"600","height":"450"},{"@type":"BreadcrumbList","@id":"https:\/\/www.mundi-roth.de\/teneriffa-blog\/wanderungen\/barranco-de-chijas\/#breadcrumb","itemListElement":[{"@type":"ListItem","position":1,"name":"Startseite","item":"https:\/\/www.mundi-roth.de\/teneriffa-blog\/"},{"@type":"ListItem","position":2,"name":"Barranco de Chijas"}]},{"@type":"WebSite","@id":"https:\/\/www.mundi-roth.de\/teneriffa-blog\/#website","url":"https:\/\/www.mundi-roth.de\/teneriffa-blog\/","name":"Teneriffa Wandern","description":"Nicht nur Wanderungen auf Teneriffa...","potentialAction":[{"@type":"SearchAction","target":{"@type":"EntryPoint","urlTemplate":"https:\/\/www.mundi-roth.de\/teneriffa-blog\/?s={search_term_string}"},"query-input":{"@type":"PropertyValueSpecification","valueRequired":true,"valueName":"search_term_string"}}],"inLanguage":"de"},{"@type":"Person","@id":"https:\/\/www.mundi-roth.de\/teneriffa-blog\/#\/schema\/person\/3afd0d251449790d15367c9aa52d203d","name":"ir","image":{"@type":"ImageObject","inLanguage":"de","@id":"https:\/\/secure.gravatar.com\/avatar\/e67b41513c921c2bb58363f44c8a00a447c9a2526ad8ff71b5b6257e5f7f5c66?s=96&d=mm&r=g","url":"https:\/\/secure.gravatar.com\/avatar\/e67b41513c921c2bb58363f44c8a00a447c9a2526ad8ff71b5b6257e5f7f5c66?s=96&d=mm&r=g","contentUrl":"https:\/\/secure.gravatar.com\/avatar\/e67b41513c921c2bb58363f44c8a00a447c9a2526ad8ff71b5b6257e5f7f5c66?s=96&d=mm&r=g","caption":"ir"},"sameAs":["http:\/\/www.mundi-roth.de"],"url":"https:\/\/www.mundi-roth.de\/teneriffa-blog\/author\/ir\/"}]}},"_links":{"self":[{"href":"https:\/\/www.mundi-roth.de\/teneriffa-blog\/wp-json\/wp\/v2\/posts\/885","targetHints":{"allow":["GET"]}}],"collection":[{"href":"https:\/\/www.mundi-roth.de\/teneriffa-blog\/wp-json\/wp\/v2\/posts"}],"about":[{"href":"https:\/\/www.mundi-roth.de\/teneriffa-blog\/wp-json\/wp\/v2\/types\/post"}],"author":[{"embeddable":true,"href":"https:\/\/www.mundi-roth.de\/teneriffa-blog\/wp-json\/wp\/v2\/users\/3"}],"replies":[{"embeddable":true,"href":"https:\/\/www.mundi-roth.de\/teneriffa-blog\/wp-json\/wp\/v2\/comments?post=885"}],"version-history":[{"count":0,"href":"https:\/\/www.mundi-roth.de\/teneriffa-blog\/wp-json\/wp\/v2\/posts\/885\/revisions"}],"wp:attachment":[{"href":"https:\/\/www.mundi-roth.de\/teneriffa-blog\/wp-json\/wp\/v2\/media?parent=885"}],"wp:term":[{"taxonomy":"category","embeddable":true,"href":"https:\/\/www.mundi-roth.de\/teneriffa-blog\/wp-json\/wp\/v2\/categories?post=885"},{"taxonomy":"post_tag","embeddable":true,"href":"https:\/\/www.mundi-roth.de\/teneriffa-blog\/wp-json\/wp\/v2\/tags?post=885"}],"curies":[{"name":"wp","href":"https:\/\/api.w.org\/{rel}","templated":true}]}}