{"id":92,"date":"2007-11-14T19:16:40","date_gmt":"2007-11-14T17:16:40","guid":{"rendered":"http:\/\/www.mundi-roth.de\/teneriffa-blog\/allgemein\/barranco-de-tamadaya\/"},"modified":"2015-04-12T12:07:52","modified_gmt":"2015-04-12T11:07:52","slug":"barranco-de-tamadaya","status":"publish","type":"post","link":"https:\/\/www.mundi-roth.de\/teneriffa-blog\/wanderungen\/barranco-de-tamadaya\/","title":{"rendered":"Barranco de Tamadaya"},"content":{"rendered":"<p class=\"MsoNormal\"><strong>Wer sich f\u00fcr die Wasserversorgung der Insel interessiert, f\u00fcr den ist diese Wanderung ein gutes Lehrbeispiel.<\/strong><\/p>\n<p class=\"MsoNormal\"><strong>Wir sehen einen Viadukt,der noch eine wasserf\u00fchrende alte Wasserleitung \u00fcber den Barrancogrund tr\u00e4gt. Die gr\u00f6\u00dfte Wassermenge, den die s\u00fcdlichen und mittleren Kan\u00e4le in den S\u00fcden und S\u00fcdwesten der Insel transportieren, stammt aus den Wasserstollen von Arico und Fasnia.<\/strong><\/p>\n<p class=\"MsoNormal\">\n<p class=\"MsoNormal\"><strong>Wir wandern in einem wundersch\u00f6nen Barranco und bekommen zudem die Anlage von 2 Galerien &#8211; Stollen die gegraben wurden, um Wasser zu gewinnen &#8211; vor Augen gef\u00fchrt.<\/strong><\/p>\n<p class=\"MsoNormal\"><!--more--><\/p>\n<p class=\"MsoNormal\">\n<p><strong>Wanderweg-Strecke:<\/strong> 2 \u00bd Stunden<br \/>\nGleich unterhalb der Mauer, eine Kette sperrt den Weg f\u00fcr Fahrzeuge, beginnt unsere Wanderung.<br \/>\n<a href=\"http:\/\/www.mundi-roth.de\/teneriffa-blog\/wp-content\/uploads\/2007\/11\/tamadya3.jpg\" rel=\"lightbox[92]\"><img loading=\"lazy\" decoding=\"async\" src=\"http:\/\/www.mundi-roth.de\/teneriffa-blog\/wp-content\/uploads\/2007\/11\/tamadya3.thumbnail.jpg\" alt=\"Wanderstrecke\" width=\"200\" height=\"150\" align=\"left\" border=\"0\" hspace=\"3\" vspace=\"3\" \/><\/a>Wir folgen dem breiten, steinigen Weg, vorbei an bepflanzten Terrassenfeldern. Linker Hand sto\u00dfen wir auf einen Vulkankegel aus basaltischen, schwarzen Tuffk\u00f6rnern. Ein wenig weiter beobachten wir unterhalb der Piste, dass der Boden auch Bimsstein enth\u00e4lt. Auf der gegen\u00fcberliegenden Flanke sehen wir ein altes, traditionell kanarisches Geh\u00f6ft, das verlassen ist und daneben ein leeres Wasserbassin. Unterhalb erkennen wir einen Viadukt der noch eine wasserf\u00fchrende alte Wasserleitung \u00fcber den Barrancogrund tr\u00e4gt. Die gr\u00f6\u00dfte Wassermenge, den die s\u00fcdlichen und mittleren Kan\u00e4le in den S\u00fcden und S\u00fcdwesten der Insel transportieren, stammt aus den Wasserstollen von Arico und Fasnia.<br \/>\n<a href=\"http:\/\/www.mundi-roth.de\/teneriffa-blog\/wp-content\/uploads\/2007\/11\/sany5058.jpg\" rel=\"lightbox[92]\"><img loading=\"lazy\" decoding=\"async\" src=\"http:\/\/www.mundi-roth.de\/teneriffa-blog\/wp-content\/uploads\/2007\/11\/sany5058.thumbnail.jpg\" alt=\"Weg 1\" width=\"128\" height=\"96\" align=\"right\" border=\"0\" hspace=\"3\" vspace=\"3\" \/><\/a>Den Weg kann man nicht verfehlen: Wir folgen der \u201eFahrstrasse\u201c, zwar steinig und holperig, aber gut zu gehen. Anfangs bergab bis zum Barrancogrund von Tamadaya, dann jedoch leicht ansteigend.<br \/>\n<a href=\"http:\/\/www.mundi-roth.de\/teneriffa-blog\/wp-content\/uploads\/2007\/11\/sany5066.jpg\" rel=\"lightbox[92]\"><img loading=\"lazy\" decoding=\"async\" src=\"http:\/\/www.mundi-roth.de\/teneriffa-blog\/wp-content\/uploads\/2007\/11\/sany5066.thumbnail.jpg\" alt=\"Weg 2\" width=\"96\" height=\"128\" align=\"left\" border=\"0\" hspace=\"3\" vspace=\"3\" \/><\/a>Der Barranco ist \u2013 auch um diese Jahreszeit und nach diesem hei\u00dfen Sommer \u2013 noch gr\u00fcn.<br \/>\nNach einer Stunde meist leichten Aufstiegs erreichen wir den ersten Stollen \u201eComunidad de Aguas de Tamadaya\u201c.<br \/>\nDer weitere Weg t\u00e4uscht zun\u00e4chst: Anfangs sieht es so aus, als ginge es im gleichen Trott weiter, jedoch nur ein sehr steiler, schwei\u00dftreibender Aufstieg bringt uns nach einer weiteren halben <a href=\"http:\/\/www.mundi-roth.de\/teneriffa-blog\/wp-content\/uploads\/2007\/11\/img_5897.jpg\" rel=\"lightbox[92]\"><img loading=\"lazy\" decoding=\"async\" src=\"http:\/\/www.mundi-roth.de\/teneriffa-blog\/wp-content\/uploads\/2007\/11\/img_5897.thumbnail.jpg\" alt=\"Galeria 2\" width=\"128\" height=\"96\" align=\"right\" border=\"0\" hspace=\"3\" vspace=\"3\" \/><\/a>Stunde zum Ende der heutigen Wanderung.<br \/>\nEine weitere Galerie, mit entsprechendem Geb\u00e4ude, Stollen, Schienen und Abraumhalde erwartet uns. Hier ist Ende der Fahnenstange. Hier geht es nicht weiter.<br \/>\nW\u00e4hrend unserer Rast k\u00f6nnen wir hoch oben die phantastisch angelegte Wasserleitung bestaunen, einen kreisenden Falken in seinem Flug bewundern, die gewaltigen Felsformationen, zum Teil gleich einem Fries als <a href=\"http:\/\/www.mundi-roth.de\/teneriffa-blog\/wp-content\/uploads\/2007\/11\/sany5069x.jpg\" rel=\"lightbox[92]\"><img loading=\"lazy\" decoding=\"async\" src=\"http:\/\/www.mundi-roth.de\/teneriffa-blog\/wp-content\/uploads\/2007\/11\/sany5069x.thumbnail.jpg\" alt=\"Sch\u00f6ne Landschaft\" width=\"128\" height=\"96\" align=\"left\" border=\"0\" hspace=\"3\" vspace=\"3\" \/><\/a>wundersch\u00f6nes Bild in uns aufnehmen und uns seelisch auf den enorm steilen Abstieg vorbereiten. St\u00f6cke sind hier fast unerl\u00e4sslich.<br \/>\nDie bestaunte Wasserleitung ist ein Teilst\u00fcck des S\u00fcd-Kanals Tamadayo \u2013 Barranco El R\u00edo, das 1944 gebaut worden ist. Es ist die erste gro\u00dfe Umleitung zu den s\u00fcdlichen und s\u00fcdwestlichen Gemeinden der Insel und war eine Revolution f\u00fcr den Bodenpreis.<br \/>\nAuf dem R\u00fcckweg hei\u00dft es nur einmal aufpassen: Einmal gelangen wir an eine Wegegablung. Wir halten uns rechts zum Barrancogrund und kommen zur\u00fcck wie wir hergekommen sind.<br \/>\nNoch einmal hei\u00dft es bei der R\u00fcckfahrt Achtung: Wir fahren steil geradeaus nach unten und biegen nicht links ab!<\/p>\n<p><strong>Botanik:<\/strong><br \/>\nIch glaube, es w\u00e4re fast einfacher zu notieren, welche Pflanzen es hier nicht gibt. Darum will ich mich auch einfach nur mit der Aufz\u00e4hlung eines Teils der Pflanzenf\u00fclle begn\u00fcgen:<br \/>\nKr\u00e4ftige, gr\u00fcne Farbtupfer geben die Str\u00e4ucher des Kanaren-Ampfer (Rumex lunaria L.) \u201eVinagrera\u201c und \u2013 selbst um diese Jahreszeit \u2013 die gr\u00fcnen B\u00fcsche der verschiedenen Zistrosenarten, der Kanaren-Lavendel und der Harzklee oder Asphaltklee (Tedera-Psoralea bituminosa).<br \/>\nDie kanarische Kiefer, die kanarische Kandelaber-Wolfsmilch (Euphorbia canariensis L.) \u201eCard\u00f3n, euforbio\u201c und die \u00fcppigen Feigenkakteen (Opuntien) \u201eTunera\u201c \u2013 setzen starke Akzente.<br \/>\nEine Besonderheit hier: der ph\u00f6nizische Wacholder (Sabina-Juniperus phoenicea), der der nahegelegenen Ortschaft seinen Namen gab.<br \/>\nDie gemeine kanarische Wolfsmilch (Euphorbiaceae) \u201eTabaiba amarga\u201c, die G\u00e4nsedistelarten (Compositae) \u201eSonchus\u201c und die dicken B\u00fcsche des Natternkopfes warten auf \u201eWiederbelebung durch Regen oder die entsprechende Jahreszeit.<br \/>\nZwischendurch schimmert das Gr\u00fcn vom Dickblattgew\u00e4chs (Crassulaceae) \u201eAeonium\u201c und vom Futter-Gei\u00dfklee \u201eEscobon\u201c.<br \/>\nDies ist nur eine kleine Auswahl des hier reichlich vorhandenen Pflanzenbestandes.<\/p>\n<p><strong>Restaurant: <\/strong><br \/>\nCasa Lala in Arico El Viejo<br \/>\nWollen wir vor dem unerl\u00e4sslichen Bodegabesuch essen, fahren wir auf der TF 28 links in den Ort Arico El Viejo, hier liegt das Lokal auf der rechten Seite fast am Ortsausgang Richtung Autobahn.<br \/>\nVon hier aus k\u00f6nnen wir auf der TF-625 zur Autobahn fahren.<br \/>\nEine \u00dcberraschung ist die Vorspeise des Hauses: K\u00e4se mit Turr\u00f3n und Marmelade.<br \/>\nSonntag ist Ruhetag. Telefon 922 76 81 26 oder 922 76 8 02<\/p>\n<p><strong>Tipp:<\/strong><br \/>\nIst man schon einmal in Arico sollte man einen Besuch in der Bodega \u201eCumbre de Abona\u201c nicht vers\u00e4umen.<br \/>\nWenn wir aus La Sabinita kommen, direkt steil nach unten und auf die TF-28 sto\u00dfen, halten wir uns rechts und sehen nach einigen Kurven die Bodega links liegen.<br \/>\nHier kann man guten Wein aus der Gegend probieren und nat\u00fcrlich kaufen.<br \/>\nWer direkt vom Fass kaufen will, bringt besser leere Wasserkanister mit.<br \/>\nDa es beim Wein wie auch beim Essen alles eine Frage des eigenen Geschmacks ist, verkneifen wir eine Weinempfehlung. (Oder doch: Wir konnten dem <em>Testamento &#8211;<\/em> Malvasia Dry nicht widerstehen.) Wie hei\u00dft es? Probieren geht \u00fcber studieren. Na dann Prost!<br \/>\nCumbre de Abona, Camino del Viso, Teguedite, 38589 Arico,<br \/>\nTelefon: 922 76 86 04, ge\u00f6ffnet: von 9 Uhr bis 18 Uhr.<br \/>\nVon dort fahren wir auf TF-28 Richtung Villa de Arico und vom Kreisel aus auf der neuen TF-629 zur Autobahn TF-1.<\/p>\n<p><strong>Anfahrt:<\/strong><br \/>\nJe nach gusto gibt es mehrere M\u00f6glichkeiten der Anfahrt:<br \/>\nAus Los Cristianos kommend auf der TF-1 bis Ausfahrt \u201eArico\u201c auf die TF-627 oder die TF-625. Oder wenn man Kurven liebt: \u00dcber die TF-28.<br \/>\nDie Abfahrt nach \u201eLa Sabinita\u201c liegt zwischen Villa de Arico und Arico Viejo.<br \/>\nWir biegen ab bei dem Hinweisschild \u201eLa Sabinita\u201c \u201eCalle Polegre\u201c.<br \/>\nFahren durch La Sabinita durch, am Kirchplatz vorbei aufw\u00e4rts bis auf der rechten Seite ein kleines, neues Haus mit einer gro\u00dfen Mauer aus \u201eCantos Blancos\u201c vor uns auftaucht. Hier parken wir am Stra\u00dfenrand.<br \/>\n<a href=\"http:\/\/www.mundi-roth.de\/teneriffa-blog\/wp-content\/uploads\/2007\/11\/tamadya1.jpg\" rel=\"lightbox[92]\"><img decoding=\"async\" src=\"http:\/\/www.mundi-roth.de\/teneriffa-blog\/wp-content\/uploads\/2007\/11\/tamadya1.jpg\" alt=\"Anfahrt\" border=\"0\" hspace=\"3\" vspace=\"3\" \/><\/a><\/p>\n","protected":false},"excerpt":{"rendered":"<p>Wer sich f\u00fcr die Wasserversorgung der Insel interessiert, f\u00fcr den ist diese Wanderung ein gutes Lehrbeispiel. Wir sehen einen Viadukt,der noch eine wasserf\u00fchrende alte Wasserleitung \u00fcber den Barrancogrund tr\u00e4gt. Die gr\u00f6\u00dfte Wassermenge, den die s\u00fcdlichen und mittleren Kan\u00e4le in den S\u00fcden und S\u00fcdwesten der Insel transportieren, stammt aus den Wasserstollen von Arico und Fasnia. Wir [&hellip;]<\/p>\n","protected":false},"author":3,"featured_media":0,"comment_status":"open","ping_status":"open","sticky":false,"template":"","format":"standard","meta":{"footnotes":""},"categories":[772,6],"tags":[42,45,43,44,3,4,46],"class_list":["post-92","post","type-post","status-publish","format-standard","hentry","category-arico","category-wanderungen","tag-arico","tag-cumbre-de-abona","tag-sabinita","tag-tamadaya","tag-teneriffa","tag-wandern","tag-wein"],"yoast_head":"<!-- This site is optimized with the Yoast SEO plugin v27.5 - https:\/\/yoast.com\/product\/yoast-seo-wordpress\/ -->\n<title>Barranco de Tamadaya - Teneriffa Wandern<\/title>\n<meta name=\"robots\" content=\"index, follow, max-snippet:-1, max-image-preview:large, max-video-preview:-1\" \/>\n<link rel=\"canonical\" href=\"https:\/\/www.mundi-roth.de\/teneriffa-blog\/wanderungen\/barranco-de-tamadaya\/\" \/>\n<meta name=\"twitter:label1\" content=\"Verfasst von\" \/>\n\t<meta name=\"twitter:data1\" content=\"ir\" \/>\n\t<meta name=\"twitter:label2\" content=\"Gesch\u00e4tzte Lesezeit\" \/>\n\t<meta name=\"twitter:data2\" content=\"5\u00a0Minuten\" \/>\n<script type=\"application\/ld+json\" class=\"yoast-schema-graph\">{\"@context\":\"https:\\\/\\\/schema.org\",\"@graph\":[{\"@type\":\"Article\",\"@id\":\"https:\\\/\\\/www.mundi-roth.de\\\/teneriffa-blog\\\/wanderungen\\\/barranco-de-tamadaya\\\/#article\",\"isPartOf\":{\"@id\":\"https:\\\/\\\/www.mundi-roth.de\\\/teneriffa-blog\\\/wanderungen\\\/barranco-de-tamadaya\\\/\"},\"author\":{\"name\":\"ir\",\"@id\":\"https:\\\/\\\/www.mundi-roth.de\\\/teneriffa-blog\\\/#\\\/schema\\\/person\\\/3afd0d251449790d15367c9aa52d203d\"},\"headline\":\"Barranco de Tamadaya\",\"datePublished\":\"2007-11-14T17:16:40+00:00\",\"dateModified\":\"2015-04-12T11:07:52+00:00\",\"mainEntityOfPage\":{\"@id\":\"https:\\\/\\\/www.mundi-roth.de\\\/teneriffa-blog\\\/wanderungen\\\/barranco-de-tamadaya\\\/\"},\"wordCount\":965,\"commentCount\":0,\"image\":{\"@id\":\"https:\\\/\\\/www.mundi-roth.de\\\/teneriffa-blog\\\/wanderungen\\\/barranco-de-tamadaya\\\/#primaryimage\"},\"thumbnailUrl\":\"http:\\\/\\\/www.mundi-roth.de\\\/teneriffa-blog\\\/wp-content\\\/uploads\\\/2007\\\/11\\\/tamadya3.thumbnail.jpg\",\"keywords\":[\"Arico\",\"Cumbre de Abona\",\"Sabinita\",\"Tamadaya\",\"Teneriffa\",\"Wandern\",\"Wein\"],\"articleSection\":[\"Arico\",\"Wanderungen\"],\"inLanguage\":\"de\",\"potentialAction\":[{\"@type\":\"CommentAction\",\"name\":\"Comment\",\"target\":[\"https:\\\/\\\/www.mundi-roth.de\\\/teneriffa-blog\\\/wanderungen\\\/barranco-de-tamadaya\\\/#respond\"]}]},{\"@type\":\"WebPage\",\"@id\":\"https:\\\/\\\/www.mundi-roth.de\\\/teneriffa-blog\\\/wanderungen\\\/barranco-de-tamadaya\\\/\",\"url\":\"https:\\\/\\\/www.mundi-roth.de\\\/teneriffa-blog\\\/wanderungen\\\/barranco-de-tamadaya\\\/\",\"name\":\"Barranco de Tamadaya - Teneriffa Wandern\",\"isPartOf\":{\"@id\":\"https:\\\/\\\/www.mundi-roth.de\\\/teneriffa-blog\\\/#website\"},\"primaryImageOfPage\":{\"@id\":\"https:\\\/\\\/www.mundi-roth.de\\\/teneriffa-blog\\\/wanderungen\\\/barranco-de-tamadaya\\\/#primaryimage\"},\"image\":{\"@id\":\"https:\\\/\\\/www.mundi-roth.de\\\/teneriffa-blog\\\/wanderungen\\\/barranco-de-tamadaya\\\/#primaryimage\"},\"thumbnailUrl\":\"http:\\\/\\\/www.mundi-roth.de\\\/teneriffa-blog\\\/wp-content\\\/uploads\\\/2007\\\/11\\\/tamadya3.thumbnail.jpg\",\"datePublished\":\"2007-11-14T17:16:40+00:00\",\"dateModified\":\"2015-04-12T11:07:52+00:00\",\"author\":{\"@id\":\"https:\\\/\\\/www.mundi-roth.de\\\/teneriffa-blog\\\/#\\\/schema\\\/person\\\/3afd0d251449790d15367c9aa52d203d\"},\"breadcrumb\":{\"@id\":\"https:\\\/\\\/www.mundi-roth.de\\\/teneriffa-blog\\\/wanderungen\\\/barranco-de-tamadaya\\\/#breadcrumb\"},\"inLanguage\":\"de\",\"potentialAction\":[{\"@type\":\"ReadAction\",\"target\":[\"https:\\\/\\\/www.mundi-roth.de\\\/teneriffa-blog\\\/wanderungen\\\/barranco-de-tamadaya\\\/\"]}]},{\"@type\":\"ImageObject\",\"inLanguage\":\"de\",\"@id\":\"https:\\\/\\\/www.mundi-roth.de\\\/teneriffa-blog\\\/wanderungen\\\/barranco-de-tamadaya\\\/#primaryimage\",\"url\":\"http:\\\/\\\/www.mundi-roth.de\\\/teneriffa-blog\\\/wp-content\\\/uploads\\\/2007\\\/11\\\/tamadya3.thumbnail.jpg\",\"contentUrl\":\"http:\\\/\\\/www.mundi-roth.de\\\/teneriffa-blog\\\/wp-content\\\/uploads\\\/2007\\\/11\\\/tamadya3.thumbnail.jpg\"},{\"@type\":\"BreadcrumbList\",\"@id\":\"https:\\\/\\\/www.mundi-roth.de\\\/teneriffa-blog\\\/wanderungen\\\/barranco-de-tamadaya\\\/#breadcrumb\",\"itemListElement\":[{\"@type\":\"ListItem\",\"position\":1,\"name\":\"Startseite\",\"item\":\"https:\\\/\\\/www.mundi-roth.de\\\/teneriffa-blog\\\/\"},{\"@type\":\"ListItem\",\"position\":2,\"name\":\"Barranco de Tamadaya\"}]},{\"@type\":\"WebSite\",\"@id\":\"https:\\\/\\\/www.mundi-roth.de\\\/teneriffa-blog\\\/#website\",\"url\":\"https:\\\/\\\/www.mundi-roth.de\\\/teneriffa-blog\\\/\",\"name\":\"Teneriffa Wandern\",\"description\":\"Nicht nur Wanderungen auf Teneriffa...\",\"potentialAction\":[{\"@type\":\"SearchAction\",\"target\":{\"@type\":\"EntryPoint\",\"urlTemplate\":\"https:\\\/\\\/www.mundi-roth.de\\\/teneriffa-blog\\\/?s={search_term_string}\"},\"query-input\":{\"@type\":\"PropertyValueSpecification\",\"valueRequired\":true,\"valueName\":\"search_term_string\"}}],\"inLanguage\":\"de\"},{\"@type\":\"Person\",\"@id\":\"https:\\\/\\\/www.mundi-roth.de\\\/teneriffa-blog\\\/#\\\/schema\\\/person\\\/3afd0d251449790d15367c9aa52d203d\",\"name\":\"ir\",\"image\":{\"@type\":\"ImageObject\",\"inLanguage\":\"de\",\"@id\":\"https:\\\/\\\/secure.gravatar.com\\\/avatar\\\/e67b41513c921c2bb58363f44c8a00a447c9a2526ad8ff71b5b6257e5f7f5c66?s=96&d=mm&r=g\",\"url\":\"https:\\\/\\\/secure.gravatar.com\\\/avatar\\\/e67b41513c921c2bb58363f44c8a00a447c9a2526ad8ff71b5b6257e5f7f5c66?s=96&d=mm&r=g\",\"contentUrl\":\"https:\\\/\\\/secure.gravatar.com\\\/avatar\\\/e67b41513c921c2bb58363f44c8a00a447c9a2526ad8ff71b5b6257e5f7f5c66?s=96&d=mm&r=g\",\"caption\":\"ir\"},\"sameAs\":[\"http:\\\/\\\/www.mundi-roth.de\"],\"url\":\"https:\\\/\\\/www.mundi-roth.de\\\/teneriffa-blog\\\/author\\\/ir\\\/\"}]}<\/script>\n<!-- \/ Yoast SEO plugin. -->","yoast_head_json":{"title":"Barranco de Tamadaya - Teneriffa Wandern","robots":{"index":"index","follow":"follow","max-snippet":"max-snippet:-1","max-image-preview":"max-image-preview:large","max-video-preview":"max-video-preview:-1"},"canonical":"https:\/\/www.mundi-roth.de\/teneriffa-blog\/wanderungen\/barranco-de-tamadaya\/","twitter_misc":{"Verfasst von":"ir","Gesch\u00e4tzte Lesezeit":"5\u00a0Minuten"},"schema":{"@context":"https:\/\/schema.org","@graph":[{"@type":"Article","@id":"https:\/\/www.mundi-roth.de\/teneriffa-blog\/wanderungen\/barranco-de-tamadaya\/#article","isPartOf":{"@id":"https:\/\/www.mundi-roth.de\/teneriffa-blog\/wanderungen\/barranco-de-tamadaya\/"},"author":{"name":"ir","@id":"https:\/\/www.mundi-roth.de\/teneriffa-blog\/#\/schema\/person\/3afd0d251449790d15367c9aa52d203d"},"headline":"Barranco de Tamadaya","datePublished":"2007-11-14T17:16:40+00:00","dateModified":"2015-04-12T11:07:52+00:00","mainEntityOfPage":{"@id":"https:\/\/www.mundi-roth.de\/teneriffa-blog\/wanderungen\/barranco-de-tamadaya\/"},"wordCount":965,"commentCount":0,"image":{"@id":"https:\/\/www.mundi-roth.de\/teneriffa-blog\/wanderungen\/barranco-de-tamadaya\/#primaryimage"},"thumbnailUrl":"http:\/\/www.mundi-roth.de\/teneriffa-blog\/wp-content\/uploads\/2007\/11\/tamadya3.thumbnail.jpg","keywords":["Arico","Cumbre de Abona","Sabinita","Tamadaya","Teneriffa","Wandern","Wein"],"articleSection":["Arico","Wanderungen"],"inLanguage":"de","potentialAction":[{"@type":"CommentAction","name":"Comment","target":["https:\/\/www.mundi-roth.de\/teneriffa-blog\/wanderungen\/barranco-de-tamadaya\/#respond"]}]},{"@type":"WebPage","@id":"https:\/\/www.mundi-roth.de\/teneriffa-blog\/wanderungen\/barranco-de-tamadaya\/","url":"https:\/\/www.mundi-roth.de\/teneriffa-blog\/wanderungen\/barranco-de-tamadaya\/","name":"Barranco de Tamadaya - Teneriffa Wandern","isPartOf":{"@id":"https:\/\/www.mundi-roth.de\/teneriffa-blog\/#website"},"primaryImageOfPage":{"@id":"https:\/\/www.mundi-roth.de\/teneriffa-blog\/wanderungen\/barranco-de-tamadaya\/#primaryimage"},"image":{"@id":"https:\/\/www.mundi-roth.de\/teneriffa-blog\/wanderungen\/barranco-de-tamadaya\/#primaryimage"},"thumbnailUrl":"http:\/\/www.mundi-roth.de\/teneriffa-blog\/wp-content\/uploads\/2007\/11\/tamadya3.thumbnail.jpg","datePublished":"2007-11-14T17:16:40+00:00","dateModified":"2015-04-12T11:07:52+00:00","author":{"@id":"https:\/\/www.mundi-roth.de\/teneriffa-blog\/#\/schema\/person\/3afd0d251449790d15367c9aa52d203d"},"breadcrumb":{"@id":"https:\/\/www.mundi-roth.de\/teneriffa-blog\/wanderungen\/barranco-de-tamadaya\/#breadcrumb"},"inLanguage":"de","potentialAction":[{"@type":"ReadAction","target":["https:\/\/www.mundi-roth.de\/teneriffa-blog\/wanderungen\/barranco-de-tamadaya\/"]}]},{"@type":"ImageObject","inLanguage":"de","@id":"https:\/\/www.mundi-roth.de\/teneriffa-blog\/wanderungen\/barranco-de-tamadaya\/#primaryimage","url":"http:\/\/www.mundi-roth.de\/teneriffa-blog\/wp-content\/uploads\/2007\/11\/tamadya3.thumbnail.jpg","contentUrl":"http:\/\/www.mundi-roth.de\/teneriffa-blog\/wp-content\/uploads\/2007\/11\/tamadya3.thumbnail.jpg"},{"@type":"BreadcrumbList","@id":"https:\/\/www.mundi-roth.de\/teneriffa-blog\/wanderungen\/barranco-de-tamadaya\/#breadcrumb","itemListElement":[{"@type":"ListItem","position":1,"name":"Startseite","item":"https:\/\/www.mundi-roth.de\/teneriffa-blog\/"},{"@type":"ListItem","position":2,"name":"Barranco de Tamadaya"}]},{"@type":"WebSite","@id":"https:\/\/www.mundi-roth.de\/teneriffa-blog\/#website","url":"https:\/\/www.mundi-roth.de\/teneriffa-blog\/","name":"Teneriffa Wandern","description":"Nicht nur Wanderungen auf Teneriffa...","potentialAction":[{"@type":"SearchAction","target":{"@type":"EntryPoint","urlTemplate":"https:\/\/www.mundi-roth.de\/teneriffa-blog\/?s={search_term_string}"},"query-input":{"@type":"PropertyValueSpecification","valueRequired":true,"valueName":"search_term_string"}}],"inLanguage":"de"},{"@type":"Person","@id":"https:\/\/www.mundi-roth.de\/teneriffa-blog\/#\/schema\/person\/3afd0d251449790d15367c9aa52d203d","name":"ir","image":{"@type":"ImageObject","inLanguage":"de","@id":"https:\/\/secure.gravatar.com\/avatar\/e67b41513c921c2bb58363f44c8a00a447c9a2526ad8ff71b5b6257e5f7f5c66?s=96&d=mm&r=g","url":"https:\/\/secure.gravatar.com\/avatar\/e67b41513c921c2bb58363f44c8a00a447c9a2526ad8ff71b5b6257e5f7f5c66?s=96&d=mm&r=g","contentUrl":"https:\/\/secure.gravatar.com\/avatar\/e67b41513c921c2bb58363f44c8a00a447c9a2526ad8ff71b5b6257e5f7f5c66?s=96&d=mm&r=g","caption":"ir"},"sameAs":["http:\/\/www.mundi-roth.de"],"url":"https:\/\/www.mundi-roth.de\/teneriffa-blog\/author\/ir\/"}]}},"_links":{"self":[{"href":"https:\/\/www.mundi-roth.de\/teneriffa-blog\/wp-json\/wp\/v2\/posts\/92","targetHints":{"allow":["GET"]}}],"collection":[{"href":"https:\/\/www.mundi-roth.de\/teneriffa-blog\/wp-json\/wp\/v2\/posts"}],"about":[{"href":"https:\/\/www.mundi-roth.de\/teneriffa-blog\/wp-json\/wp\/v2\/types\/post"}],"author":[{"embeddable":true,"href":"https:\/\/www.mundi-roth.de\/teneriffa-blog\/wp-json\/wp\/v2\/users\/3"}],"replies":[{"embeddable":true,"href":"https:\/\/www.mundi-roth.de\/teneriffa-blog\/wp-json\/wp\/v2\/comments?post=92"}],"version-history":[{"count":0,"href":"https:\/\/www.mundi-roth.de\/teneriffa-blog\/wp-json\/wp\/v2\/posts\/92\/revisions"}],"wp:attachment":[{"href":"https:\/\/www.mundi-roth.de\/teneriffa-blog\/wp-json\/wp\/v2\/media?parent=92"}],"wp:term":[{"taxonomy":"category","embeddable":true,"href":"https:\/\/www.mundi-roth.de\/teneriffa-blog\/wp-json\/wp\/v2\/categories?post=92"},{"taxonomy":"post_tag","embeddable":true,"href":"https:\/\/www.mundi-roth.de\/teneriffa-blog\/wp-json\/wp\/v2\/tags?post=92"}],"curies":[{"name":"wp","href":"https:\/\/api.w.org\/{rel}","templated":true}]}}