{"id":927,"date":"2010-03-19T20:00:13","date_gmt":"2010-03-19T19:00:13","guid":{"rendered":"http:\/\/www.mundi-roth.de\/teneriffa-blog\/?p=927"},"modified":"2015-04-12T11:10:08","modified_gmt":"2015-04-12T10:10:08","slug":"roque-taborno-zum-zweiten","status":"publish","type":"post","link":"https:\/\/www.mundi-roth.de\/teneriffa-blog\/wanderungen\/roque-taborno-zum-zweiten\/","title":{"rendered":"Roque Taborno zum Zweiten!"},"content":{"rendered":"<p>Im Januar 2010 haben wir unseren Ausflug ins Anaga-Bergmassiv, mit besonderem Ziel die Umrundung des Roque Taborno (706 m), \u00a0beschrieben und mussten zugeben, dass das wohl ein Satz mit \u201cX\u201c war, n\u00e4mlich nix. Die Wegbeschreibung hat uns in die Irre gef\u00fchrt.<\/p>\n<p>Aber: Es hat uns gereizt zu erfahren, wo wir verkehrt gegangen sind. Diesmal hatten wir zwei ausgezeichnete F\u00fchrer mit und trotz heftigem Wind ist es uns die Umrundung gelungen.<\/p>\n<p>Fazit: <strong>Eine richtige Bergtour die Schwindelfreiheit und absolute Trittsicherheit erfordert. Eine wundersch\u00f6ne, aber nicht ungef\u00e4hrliche Tour.<\/strong><\/p>\n<p><strong>Wanderstrecke<\/strong> ca. 1 Stunde 45 Minuten<br \/>\nDer erste Teil der Wanderung bleibt gleich wie bereits beschrieben. Daher nun nur die Kurzform:<br \/>\nVom Ortseinang abw\u00e4rts bis zur Kapelle, dem Hinweis \u201eRoque Taborno\u201c auf einer Holztafel folgen, auf dem leicht ansteigenden, rotgestrichenen, betonierten Pfad gehen bis kurz vor dem Mirador \u201eFuente de Lomo\u201c. Hier links ab, \u00fcber Stufen absteigen und durch den Lorbeerwald gehen, auf dem erst geriffelten Pfad, der dann in gestampfte Erde \u00fcbergeht.<br \/>\nWir lassen eine Wasserzapfstelle links liegen und folgen dem Weg weiter oberhalb eines Hauses bis zum Ziegengatter. Dies schlie\u00dfen wir <a href=\"http:\/\/www.mundi-roth.de\/teneriffa-blog\/wp-content\/uploads\/2010\/03\/SANY2931.jpg\" rel=\"lightbox[927]\"><img loading=\"lazy\" decoding=\"async\" class=\"alignright size-thumbnail wp-image-929\" title=\"Roque Taborno - Teneriffa\" src=\"http:\/\/www.mundi-roth.de\/teneriffa-blog\/wp-content\/uploads\/2010\/03\/SANY2931-150x112.jpg\" alt=\"SANY2931\" width=\"150\" height=\"112\" srcset=\"https:\/\/www.mundi-roth.de\/teneriffa-blog\/wp-content\/uploads\/2010\/03\/SANY2931-150x112.jpg 150w, https:\/\/www.mundi-roth.de\/teneriffa-blog\/wp-content\/uploads\/2010\/03\/SANY2931-300x225.jpg 300w, https:\/\/www.mundi-roth.de\/teneriffa-blog\/wp-content\/uploads\/2010\/03\/SANY2931.jpg 600w\" sizes=\"auto, (max-width: 150px) 100vw, 150px\" \/><\/a>selbstverst\u00e4ndlich wieder und gehen nun runter und rauf und runter und rauf,\u00a0 auf eine Felswand zu, die mit r\u00f6tlichen Flechten \u00fcberzogen ist.<br \/>\nHier war beim letzten Mal unser Fehler: Wir folgten dem rechts abgehenden Trampelpfad, der uns beim letztenmal ins \u201eAus\u201c f\u00fchrte.<br \/>\n<a href=\"http:\/\/www.mundi-roth.de\/teneriffa-blog\/wp-content\/uploads\/2010\/03\/RIMG0317.jpg\" rel=\"lightbox[927]\"><img loading=\"lazy\" decoding=\"async\" class=\"alignleft size-thumbnail wp-image-930\" title=\"Aufstieg zum Roque Taborno\" src=\"http:\/\/www.mundi-roth.de\/teneriffa-blog\/wp-content\/uploads\/2010\/03\/RIMG0317-112x150.jpg\" alt=\"RIMG0317\" width=\"112\" height=\"150\" srcset=\"https:\/\/www.mundi-roth.de\/teneriffa-blog\/wp-content\/uploads\/2010\/03\/RIMG0317-112x150.jpg 112w, https:\/\/www.mundi-roth.de\/teneriffa-blog\/wp-content\/uploads\/2010\/03\/RIMG0317-225x300.jpg 225w, https:\/\/www.mundi-roth.de\/teneriffa-blog\/wp-content\/uploads\/2010\/03\/RIMG0317.jpg 450w\" sizes=\"auto, (max-width: 112px) 100vw, 112px\" \/><\/a>Richtig ist: Bei den Felsen steil bergauf, \u00fcber \u201eLajas\u201c Platten.<br \/>\nWir gehen im Uhrzeigersinn: unterhalb einer verfallenen H\u00fctte, vor uns rechter Hand eine aus Vulkangestein errichteten Mauer, f\u00fchrt uns der Pfad auf die R\u00fcckseite des Roque Taborno. Von hier aus kann man sich nicht mehr verlaufen. Es hei\u00dft erst wieder den Aufstieg nach der Biegung\u00a0 zu suchen: Zwischen Erika- und Wehrmutb\u00fcschen geht es \u00fcber ein Felsplateau steil bergauf. Steinm\u00e4nnchen zeigen den Weg. Wir halten links auf den Grad zu, quasi durch eine Wiese, nicht steil weiter bergauf.\u00a0 Von hier kann man noch einige Meter links gehen, um den Ausblick aufs Meer noch n\u00e4her zu <a href=\"http:\/\/www.mundi-roth.de\/teneriffa-blog\/wp-content\/uploads\/2010\/03\/RIMG0336.jpg\" rel=\"lightbox[927]\"><img loading=\"lazy\" decoding=\"async\" class=\"alignright size-thumbnail wp-image-931\" title=\"Taborno - Markanter Fels\" src=\"http:\/\/www.mundi-roth.de\/teneriffa-blog\/wp-content\/uploads\/2010\/03\/RIMG0336-112x150.jpg\" alt=\"RIMG0336\" width=\"112\" height=\"150\" srcset=\"https:\/\/www.mundi-roth.de\/teneriffa-blog\/wp-content\/uploads\/2010\/03\/RIMG0336-112x150.jpg 112w, https:\/\/www.mundi-roth.de\/teneriffa-blog\/wp-content\/uploads\/2010\/03\/RIMG0336-225x300.jpg 225w, https:\/\/www.mundi-roth.de\/teneriffa-blog\/wp-content\/uploads\/2010\/03\/RIMG0336.jpg 450w\" sizes=\"auto, (max-width: 112px) 100vw, 112px\" \/><\/a>erleben, dann geht es jedoch rechts steil aufw\u00e4rts direkt auf den Felskoloss zu. Unmittelbar unterhalb des Felsen f\u00fchrt der \u00e4u\u00dferst schmale Pfad weiter. Wir laufen auf ein Plateau zu mit einer gro\u00dfen aufgeschichteten Menge von Steinen, quasi das Gipfelkreuz. Von hier geht es \u00fcber Ger\u00f6ll steil abw\u00e4rts. Der Pfad ist hier nur schlecht auszumachen.<\/p>\n<p><a href=\"http:\/\/www.mundi-roth.de\/teneriffa-blog\/wp-content\/uploads\/2010\/03\/SANY2946.jpg\" rel=\"lightbox[927]\"><img loading=\"lazy\" decoding=\"async\" class=\"alignleft size-thumbnail wp-image-933\" title=\"R\u00fcckweg nach Taborno\" src=\"http:\/\/www.mundi-roth.de\/teneriffa-blog\/wp-content\/uploads\/2010\/03\/SANY2946-112x150.jpg\" alt=\"SANY2946\" width=\"112\" height=\"150\" srcset=\"https:\/\/www.mundi-roth.de\/teneriffa-blog\/wp-content\/uploads\/2010\/03\/SANY2946-112x150.jpg 112w, https:\/\/www.mundi-roth.de\/teneriffa-blog\/wp-content\/uploads\/2010\/03\/SANY2946-225x300.jpg 225w, https:\/\/www.mundi-roth.de\/teneriffa-blog\/wp-content\/uploads\/2010\/03\/SANY2946.jpg 450w\" sizes=\"auto, (max-width: 112px) 100vw, 112px\" \/><\/a>Wir kommen schlie\u00dflich wieder bei der Wasserzapfstelle aus und biegen hier scharf rechts ab, um auf den blumenges\u00e4umten Weg nach weiteren 15 Minuten am Ausgangspunkt anzukommen.<br \/>\n<a href=\"http:\/\/www.mundi-roth.de\/teneriffa-blog\/wp-content\/uploads\/2010\/03\/SANY2945.jpg\" rel=\"lightbox[927]\"><img loading=\"lazy\" decoding=\"async\" class=\"alignright size-thumbnail wp-image-932\" title=\"Kanaren-Glockenblume\" src=\"http:\/\/www.mundi-roth.de\/teneriffa-blog\/wp-content\/uploads\/2010\/03\/SANY2945-150x112.jpg\" alt=\"SANY2945\" width=\"150\" height=\"112\" srcset=\"https:\/\/www.mundi-roth.de\/teneriffa-blog\/wp-content\/uploads\/2010\/03\/SANY2945-150x112.jpg 150w, https:\/\/www.mundi-roth.de\/teneriffa-blog\/wp-content\/uploads\/2010\/03\/SANY2945-300x225.jpg 300w, https:\/\/www.mundi-roth.de\/teneriffa-blog\/wp-content\/uploads\/2010\/03\/SANY2945.jpg 600w\" sizes=\"auto, (max-width: 150px) 100vw, 150px\" \/><\/a><\/p>\n<p>Auch diesmal begeistern uns die wundersch\u00f6nen Ausblicke und die Blumenpracht. Neben den prachtvollen Glockenblumen f\u00fcr mich etwas eues: Was ich bisher noch nie entdeckt hatte: den Kanaren-Fingerhut.<\/p>\n<p><strong>Botanik:<\/strong><br \/>\nKanaren-Fingerhut, Isoplexis canariensis, diese endemische Pflanze <a href=\"http:\/\/www.mundi-roth.de\/teneriffa-blog\/wp-content\/uploads\/2010\/03\/RIMG0315.jpg\" rel=\"lightbox[927]\"><img loading=\"lazy\" decoding=\"async\" class=\"alignright size-thumbnail wp-image-928\" title=\"Kanaren-Fingerhut\" src=\"http:\/\/www.mundi-roth.de\/teneriffa-blog\/wp-content\/uploads\/2010\/03\/RIMG0315-150x112.jpg\" alt=\"RIMG0315\" width=\"150\" height=\"112\" srcset=\"https:\/\/www.mundi-roth.de\/teneriffa-blog\/wp-content\/uploads\/2010\/03\/RIMG0315-150x112.jpg 150w, https:\/\/www.mundi-roth.de\/teneriffa-blog\/wp-content\/uploads\/2010\/03\/RIMG0315-300x225.jpg 300w, https:\/\/www.mundi-roth.de\/teneriffa-blog\/wp-content\/uploads\/2010\/03\/RIMG0315.jpg 600w\" sizes=\"auto, (max-width: 150px) 100vw, 150px\" \/><\/a>w\u00e4chst nur im feucht-k\u00fchlen Lorbeerwald und hebt sich mit seiner leuchtend orangen bis br\u00e4unlichgelben Farbe und seinen eleganten Bl\u00fctenst\u00e4nden\u00a0 bestens von den sie umgebenden Farnen, Erikab\u00fcschen, Lorbeer- und Gagelb\u00e4umen ab. Die ca. 3 cm langen Bl\u00fctenkronen des kandelaberartig wachsenden Strauches stehen in dichten Trauben und\u00a0 er geh\u00f6rt, wie auch die einheimischen Fingerhutarten (Digitalis), in die Familie der Rachenbl\u00fctler. Fr\u00fcher benutzten die Tinerfe\u00f1os \u00e4ltere hohle St\u00e4ngel des Fingerhutes als Pfeifenrohr. Die Spanier nennen ihn Cresta de gallo, d.h. Hahnenkamm.<\/p>\n<p><strong>Restaurant:<\/strong><br \/>\nWar in den letzten Jahren das Restaurant \u201eHistorias para no dormir\u201c &#8211; wie auch noch im Januar &#8211; geschlossen, jetzt die \u00dcberraschung: Es ist ge\u00f6ffnet.<br \/>\nNoch ehe wir zu unserer Wanderung starteten haben wir einen Tisch reserviert und wie sich sp\u00e4ter zeigte, war das sehr gut. Das angebotene Men\u00fc mit vielen Variationsm\u00f6glichkeiten war ganz ausgezeichnet und dazu noch sehr preiswert. Offensichtlich hat das Restaurant sich einen berechtigt guten Ruf erworben, denn wir erlebten, dass man ohne Reservierung keine Chance hatte. Es wurden etliche \u201eM\u00f6chte-gern-G\u00e4ste\u201c abgewiesen.<\/p>\n<p><strong>Anfahrt:<\/strong><br \/>\nAuf der Autobahn TF2 nehmen wir die Ausfahrt 8A Richtung La Laguna\/TF13\/Tegueste. Der TF13 folgen wir bis in einem Kreisverkehr ein Abzweig auf die TF12 angezeigt wird. Auf der TF12 bleiben wir \u2013 vorbei an Cruz de Carmen \u2013 bis wir links den Hinweis nach Taborno erreichen. Jetzt immer Richtung Taborno, wo die Stra\u00dfe endet.<\/p>\n","protected":false},"excerpt":{"rendered":"<p>Im Januar 2010 haben wir unseren Ausflug ins Anaga-Bergmassiv, mit besonderem Ziel die Umrundung des Roque Taborno (706 m), \u00a0beschrieben und mussten zugeben, dass das wohl ein Satz mit \u201cX\u201c war, n\u00e4mlich nix. Die Wegbeschreibung hat uns in die Irre gef\u00fchrt. Aber: Es hat uns gereizt zu erfahren, wo wir verkehrt gegangen sind. Diesmal hatten [&hellip;]<\/p>\n","protected":false},"author":3,"featured_media":0,"comment_status":"open","ping_status":"open","sticky":false,"template":"","format":"standard","meta":{"footnotes":""},"categories":[768,6],"tags":[317,322,318,319,323,321,320,281,273],"class_list":["post-927","post","type-post","status-publish","format-standard","hentry","category-anaga-gebirge","category-wanderungen","tag-anaga-bergmassiv","tag-cresta-de-gallo","tag-fuente-de-lomo","tag-glockenblumen","tag-historias-para-no-dormir","tag-isoplexis-canariensis","tag-kanaren-fingerhut","tag-roque-taborno","tag-taborno"],"yoast_head":"<!-- This site is optimized with the Yoast SEO plugin v27.5 - https:\/\/yoast.com\/product\/yoast-seo-wordpress\/ -->\n<title>Roque Taborno zum Zweiten! - Teneriffa Wandern<\/title>\n<meta name=\"robots\" content=\"index, follow, max-snippet:-1, max-image-preview:large, max-video-preview:-1\" \/>\n<link rel=\"canonical\" href=\"https:\/\/www.mundi-roth.de\/teneriffa-blog\/wanderungen\/roque-taborno-zum-zweiten\/\" \/>\n<meta name=\"twitter:label1\" content=\"Verfasst von\" \/>\n\t<meta name=\"twitter:data1\" content=\"ir\" \/>\n\t<meta name=\"twitter:label2\" content=\"Gesch\u00e4tzte Lesezeit\" \/>\n\t<meta name=\"twitter:data2\" content=\"4\u00a0Minuten\" \/>\n<script type=\"application\/ld+json\" class=\"yoast-schema-graph\">{\"@context\":\"https:\\\/\\\/schema.org\",\"@graph\":[{\"@type\":\"Article\",\"@id\":\"https:\\\/\\\/www.mundi-roth.de\\\/teneriffa-blog\\\/wanderungen\\\/roque-taborno-zum-zweiten\\\/#article\",\"isPartOf\":{\"@id\":\"https:\\\/\\\/www.mundi-roth.de\\\/teneriffa-blog\\\/wanderungen\\\/roque-taborno-zum-zweiten\\\/\"},\"author\":{\"name\":\"ir\",\"@id\":\"https:\\\/\\\/www.mundi-roth.de\\\/teneriffa-blog\\\/#\\\/schema\\\/person\\\/3afd0d251449790d15367c9aa52d203d\"},\"headline\":\"Roque Taborno zum Zweiten!\",\"datePublished\":\"2010-03-19T19:00:13+00:00\",\"dateModified\":\"2015-04-12T10:10:08+00:00\",\"mainEntityOfPage\":{\"@id\":\"https:\\\/\\\/www.mundi-roth.de\\\/teneriffa-blog\\\/wanderungen\\\/roque-taborno-zum-zweiten\\\/\"},\"wordCount\":704,\"commentCount\":0,\"image\":{\"@id\":\"https:\\\/\\\/www.mundi-roth.de\\\/teneriffa-blog\\\/wanderungen\\\/roque-taborno-zum-zweiten\\\/#primaryimage\"},\"thumbnailUrl\":\"http:\\\/\\\/www.mundi-roth.de\\\/teneriffa-blog\\\/wp-content\\\/uploads\\\/2010\\\/03\\\/SANY2931-150x112.jpg\",\"keywords\":[\"Anaga-Bergmassiv\",\"Cresta de gallo\",\"Fuente de Lomo\",\"Glockenblumen\",\"Historias para no dormir\",\"Isoplexis canariensis\",\"Kanaren-Fingerhut\",\"Roque Taborno\",\"Taborno\"],\"articleSection\":[\"Anaga-Gebirge\",\"Wanderungen\"],\"inLanguage\":\"de\",\"potentialAction\":[{\"@type\":\"CommentAction\",\"name\":\"Comment\",\"target\":[\"https:\\\/\\\/www.mundi-roth.de\\\/teneriffa-blog\\\/wanderungen\\\/roque-taborno-zum-zweiten\\\/#respond\"]}]},{\"@type\":\"WebPage\",\"@id\":\"https:\\\/\\\/www.mundi-roth.de\\\/teneriffa-blog\\\/wanderungen\\\/roque-taborno-zum-zweiten\\\/\",\"url\":\"https:\\\/\\\/www.mundi-roth.de\\\/teneriffa-blog\\\/wanderungen\\\/roque-taborno-zum-zweiten\\\/\",\"name\":\"Roque Taborno zum Zweiten! - Teneriffa Wandern\",\"isPartOf\":{\"@id\":\"https:\\\/\\\/www.mundi-roth.de\\\/teneriffa-blog\\\/#website\"},\"primaryImageOfPage\":{\"@id\":\"https:\\\/\\\/www.mundi-roth.de\\\/teneriffa-blog\\\/wanderungen\\\/roque-taborno-zum-zweiten\\\/#primaryimage\"},\"image\":{\"@id\":\"https:\\\/\\\/www.mundi-roth.de\\\/teneriffa-blog\\\/wanderungen\\\/roque-taborno-zum-zweiten\\\/#primaryimage\"},\"thumbnailUrl\":\"http:\\\/\\\/www.mundi-roth.de\\\/teneriffa-blog\\\/wp-content\\\/uploads\\\/2010\\\/03\\\/SANY2931-150x112.jpg\",\"datePublished\":\"2010-03-19T19:00:13+00:00\",\"dateModified\":\"2015-04-12T10:10:08+00:00\",\"author\":{\"@id\":\"https:\\\/\\\/www.mundi-roth.de\\\/teneriffa-blog\\\/#\\\/schema\\\/person\\\/3afd0d251449790d15367c9aa52d203d\"},\"breadcrumb\":{\"@id\":\"https:\\\/\\\/www.mundi-roth.de\\\/teneriffa-blog\\\/wanderungen\\\/roque-taborno-zum-zweiten\\\/#breadcrumb\"},\"inLanguage\":\"de\",\"potentialAction\":[{\"@type\":\"ReadAction\",\"target\":[\"https:\\\/\\\/www.mundi-roth.de\\\/teneriffa-blog\\\/wanderungen\\\/roque-taborno-zum-zweiten\\\/\"]}]},{\"@type\":\"ImageObject\",\"inLanguage\":\"de\",\"@id\":\"https:\\\/\\\/www.mundi-roth.de\\\/teneriffa-blog\\\/wanderungen\\\/roque-taborno-zum-zweiten\\\/#primaryimage\",\"url\":\"https:\\\/\\\/www.mundi-roth.de\\\/teneriffa-blog\\\/wp-content\\\/uploads\\\/2010\\\/03\\\/SANY2931.jpg\",\"contentUrl\":\"https:\\\/\\\/www.mundi-roth.de\\\/teneriffa-blog\\\/wp-content\\\/uploads\\\/2010\\\/03\\\/SANY2931.jpg\",\"width\":\"600\",\"height\":\"450\"},{\"@type\":\"BreadcrumbList\",\"@id\":\"https:\\\/\\\/www.mundi-roth.de\\\/teneriffa-blog\\\/wanderungen\\\/roque-taborno-zum-zweiten\\\/#breadcrumb\",\"itemListElement\":[{\"@type\":\"ListItem\",\"position\":1,\"name\":\"Startseite\",\"item\":\"https:\\\/\\\/www.mundi-roth.de\\\/teneriffa-blog\\\/\"},{\"@type\":\"ListItem\",\"position\":2,\"name\":\"Roque Taborno zum Zweiten!\"}]},{\"@type\":\"WebSite\",\"@id\":\"https:\\\/\\\/www.mundi-roth.de\\\/teneriffa-blog\\\/#website\",\"url\":\"https:\\\/\\\/www.mundi-roth.de\\\/teneriffa-blog\\\/\",\"name\":\"Teneriffa Wandern\",\"description\":\"Nicht nur Wanderungen auf Teneriffa...\",\"potentialAction\":[{\"@type\":\"SearchAction\",\"target\":{\"@type\":\"EntryPoint\",\"urlTemplate\":\"https:\\\/\\\/www.mundi-roth.de\\\/teneriffa-blog\\\/?s={search_term_string}\"},\"query-input\":{\"@type\":\"PropertyValueSpecification\",\"valueRequired\":true,\"valueName\":\"search_term_string\"}}],\"inLanguage\":\"de\"},{\"@type\":\"Person\",\"@id\":\"https:\\\/\\\/www.mundi-roth.de\\\/teneriffa-blog\\\/#\\\/schema\\\/person\\\/3afd0d251449790d15367c9aa52d203d\",\"name\":\"ir\",\"image\":{\"@type\":\"ImageObject\",\"inLanguage\":\"de\",\"@id\":\"https:\\\/\\\/secure.gravatar.com\\\/avatar\\\/e67b41513c921c2bb58363f44c8a00a447c9a2526ad8ff71b5b6257e5f7f5c66?s=96&d=mm&r=g\",\"url\":\"https:\\\/\\\/secure.gravatar.com\\\/avatar\\\/e67b41513c921c2bb58363f44c8a00a447c9a2526ad8ff71b5b6257e5f7f5c66?s=96&d=mm&r=g\",\"contentUrl\":\"https:\\\/\\\/secure.gravatar.com\\\/avatar\\\/e67b41513c921c2bb58363f44c8a00a447c9a2526ad8ff71b5b6257e5f7f5c66?s=96&d=mm&r=g\",\"caption\":\"ir\"},\"sameAs\":[\"http:\\\/\\\/www.mundi-roth.de\"],\"url\":\"https:\\\/\\\/www.mundi-roth.de\\\/teneriffa-blog\\\/author\\\/ir\\\/\"}]}<\/script>\n<!-- \/ Yoast SEO plugin. -->","yoast_head_json":{"title":"Roque Taborno zum Zweiten! - Teneriffa Wandern","robots":{"index":"index","follow":"follow","max-snippet":"max-snippet:-1","max-image-preview":"max-image-preview:large","max-video-preview":"max-video-preview:-1"},"canonical":"https:\/\/www.mundi-roth.de\/teneriffa-blog\/wanderungen\/roque-taborno-zum-zweiten\/","twitter_misc":{"Verfasst von":"ir","Gesch\u00e4tzte Lesezeit":"4\u00a0Minuten"},"schema":{"@context":"https:\/\/schema.org","@graph":[{"@type":"Article","@id":"https:\/\/www.mundi-roth.de\/teneriffa-blog\/wanderungen\/roque-taborno-zum-zweiten\/#article","isPartOf":{"@id":"https:\/\/www.mundi-roth.de\/teneriffa-blog\/wanderungen\/roque-taborno-zum-zweiten\/"},"author":{"name":"ir","@id":"https:\/\/www.mundi-roth.de\/teneriffa-blog\/#\/schema\/person\/3afd0d251449790d15367c9aa52d203d"},"headline":"Roque Taborno zum Zweiten!","datePublished":"2010-03-19T19:00:13+00:00","dateModified":"2015-04-12T10:10:08+00:00","mainEntityOfPage":{"@id":"https:\/\/www.mundi-roth.de\/teneriffa-blog\/wanderungen\/roque-taborno-zum-zweiten\/"},"wordCount":704,"commentCount":0,"image":{"@id":"https:\/\/www.mundi-roth.de\/teneriffa-blog\/wanderungen\/roque-taborno-zum-zweiten\/#primaryimage"},"thumbnailUrl":"http:\/\/www.mundi-roth.de\/teneriffa-blog\/wp-content\/uploads\/2010\/03\/SANY2931-150x112.jpg","keywords":["Anaga-Bergmassiv","Cresta de gallo","Fuente de Lomo","Glockenblumen","Historias para no dormir","Isoplexis canariensis","Kanaren-Fingerhut","Roque Taborno","Taborno"],"articleSection":["Anaga-Gebirge","Wanderungen"],"inLanguage":"de","potentialAction":[{"@type":"CommentAction","name":"Comment","target":["https:\/\/www.mundi-roth.de\/teneriffa-blog\/wanderungen\/roque-taborno-zum-zweiten\/#respond"]}]},{"@type":"WebPage","@id":"https:\/\/www.mundi-roth.de\/teneriffa-blog\/wanderungen\/roque-taborno-zum-zweiten\/","url":"https:\/\/www.mundi-roth.de\/teneriffa-blog\/wanderungen\/roque-taborno-zum-zweiten\/","name":"Roque Taborno zum Zweiten! - Teneriffa Wandern","isPartOf":{"@id":"https:\/\/www.mundi-roth.de\/teneriffa-blog\/#website"},"primaryImageOfPage":{"@id":"https:\/\/www.mundi-roth.de\/teneriffa-blog\/wanderungen\/roque-taborno-zum-zweiten\/#primaryimage"},"image":{"@id":"https:\/\/www.mundi-roth.de\/teneriffa-blog\/wanderungen\/roque-taborno-zum-zweiten\/#primaryimage"},"thumbnailUrl":"http:\/\/www.mundi-roth.de\/teneriffa-blog\/wp-content\/uploads\/2010\/03\/SANY2931-150x112.jpg","datePublished":"2010-03-19T19:00:13+00:00","dateModified":"2015-04-12T10:10:08+00:00","author":{"@id":"https:\/\/www.mundi-roth.de\/teneriffa-blog\/#\/schema\/person\/3afd0d251449790d15367c9aa52d203d"},"breadcrumb":{"@id":"https:\/\/www.mundi-roth.de\/teneriffa-blog\/wanderungen\/roque-taborno-zum-zweiten\/#breadcrumb"},"inLanguage":"de","potentialAction":[{"@type":"ReadAction","target":["https:\/\/www.mundi-roth.de\/teneriffa-blog\/wanderungen\/roque-taborno-zum-zweiten\/"]}]},{"@type":"ImageObject","inLanguage":"de","@id":"https:\/\/www.mundi-roth.de\/teneriffa-blog\/wanderungen\/roque-taborno-zum-zweiten\/#primaryimage","url":"https:\/\/www.mundi-roth.de\/teneriffa-blog\/wp-content\/uploads\/2010\/03\/SANY2931.jpg","contentUrl":"https:\/\/www.mundi-roth.de\/teneriffa-blog\/wp-content\/uploads\/2010\/03\/SANY2931.jpg","width":"600","height":"450"},{"@type":"BreadcrumbList","@id":"https:\/\/www.mundi-roth.de\/teneriffa-blog\/wanderungen\/roque-taborno-zum-zweiten\/#breadcrumb","itemListElement":[{"@type":"ListItem","position":1,"name":"Startseite","item":"https:\/\/www.mundi-roth.de\/teneriffa-blog\/"},{"@type":"ListItem","position":2,"name":"Roque Taborno zum Zweiten!"}]},{"@type":"WebSite","@id":"https:\/\/www.mundi-roth.de\/teneriffa-blog\/#website","url":"https:\/\/www.mundi-roth.de\/teneriffa-blog\/","name":"Teneriffa Wandern","description":"Nicht nur Wanderungen auf Teneriffa...","potentialAction":[{"@type":"SearchAction","target":{"@type":"EntryPoint","urlTemplate":"https:\/\/www.mundi-roth.de\/teneriffa-blog\/?s={search_term_string}"},"query-input":{"@type":"PropertyValueSpecification","valueRequired":true,"valueName":"search_term_string"}}],"inLanguage":"de"},{"@type":"Person","@id":"https:\/\/www.mundi-roth.de\/teneriffa-blog\/#\/schema\/person\/3afd0d251449790d15367c9aa52d203d","name":"ir","image":{"@type":"ImageObject","inLanguage":"de","@id":"https:\/\/secure.gravatar.com\/avatar\/e67b41513c921c2bb58363f44c8a00a447c9a2526ad8ff71b5b6257e5f7f5c66?s=96&d=mm&r=g","url":"https:\/\/secure.gravatar.com\/avatar\/e67b41513c921c2bb58363f44c8a00a447c9a2526ad8ff71b5b6257e5f7f5c66?s=96&d=mm&r=g","contentUrl":"https:\/\/secure.gravatar.com\/avatar\/e67b41513c921c2bb58363f44c8a00a447c9a2526ad8ff71b5b6257e5f7f5c66?s=96&d=mm&r=g","caption":"ir"},"sameAs":["http:\/\/www.mundi-roth.de"],"url":"https:\/\/www.mundi-roth.de\/teneriffa-blog\/author\/ir\/"}]}},"_links":{"self":[{"href":"https:\/\/www.mundi-roth.de\/teneriffa-blog\/wp-json\/wp\/v2\/posts\/927","targetHints":{"allow":["GET"]}}],"collection":[{"href":"https:\/\/www.mundi-roth.de\/teneriffa-blog\/wp-json\/wp\/v2\/posts"}],"about":[{"href":"https:\/\/www.mundi-roth.de\/teneriffa-blog\/wp-json\/wp\/v2\/types\/post"}],"author":[{"embeddable":true,"href":"https:\/\/www.mundi-roth.de\/teneriffa-blog\/wp-json\/wp\/v2\/users\/3"}],"replies":[{"embeddable":true,"href":"https:\/\/www.mundi-roth.de\/teneriffa-blog\/wp-json\/wp\/v2\/comments?post=927"}],"version-history":[{"count":0,"href":"https:\/\/www.mundi-roth.de\/teneriffa-blog\/wp-json\/wp\/v2\/posts\/927\/revisions"}],"wp:attachment":[{"href":"https:\/\/www.mundi-roth.de\/teneriffa-blog\/wp-json\/wp\/v2\/media?parent=927"}],"wp:term":[{"taxonomy":"category","embeddable":true,"href":"https:\/\/www.mundi-roth.de\/teneriffa-blog\/wp-json\/wp\/v2\/categories?post=927"},{"taxonomy":"post_tag","embeddable":true,"href":"https:\/\/www.mundi-roth.de\/teneriffa-blog\/wp-json\/wp\/v2\/tags?post=927"}],"curies":[{"name":"wp","href":"https:\/\/api.w.org\/{rel}","templated":true}]}}