{"id":936,"date":"2010-03-30T20:00:43","date_gmt":"2010-03-30T19:00:43","guid":{"rendered":"http:\/\/www.mundi-roth.de\/teneriffa-blog\/?p=936"},"modified":"2015-04-12T10:46:22","modified_gmt":"2015-04-12T09:46:22","slug":"punta-de-abona-%e2%80%93-tajao","status":"publish","type":"post","link":"https:\/\/www.mundi-roth.de\/teneriffa-blog\/wanderungen\/punta-de-abona-%e2%80%93-tajao\/","title":{"rendered":"Punta de Abona \u2013 Tajao"},"content":{"rendered":"<p><strong>Eine wundersch\u00f6ne K\u00fcstenwanderung die man je nach Lust und Laune in einer Tour machen kann, l\u00e4sst man sich von den wundersch\u00f6nen Buchten zum Baden animieren, vielleicht jedoch auch nur eine Teilstrecke.<\/strong><\/p>\n<p style=\"text-align: center;\"><strong><a href=\"http:\/\/www.mundi-roth.de\/teneriffa-blog\/wp-content\/uploads\/2010\/04\/Tracks.jpg\" rel=\"lightbox[936]\"><img loading=\"lazy\" decoding=\"async\" class=\"aligncenter size-medium wp-image-953\" title=\"Die drei Teilabschnitte\" src=\"http:\/\/www.mundi-roth.de\/teneriffa-blog\/wp-content\/uploads\/2010\/04\/Tracks-300x80.jpg\" alt=\"Tracks\" width=\"300\" height=\"80\" srcset=\"https:\/\/www.mundi-roth.de\/teneriffa-blog\/wp-content\/uploads\/2010\/04\/Tracks-300x80.jpg 300w, https:\/\/www.mundi-roth.de\/teneriffa-blog\/wp-content\/uploads\/2010\/04\/Tracks-150x40.jpg 150w, https:\/\/www.mundi-roth.de\/teneriffa-blog\/wp-content\/uploads\/2010\/04\/Tracks.jpg 748w\" sizes=\"auto, (max-width: 300px) 100vw, 300px\" \/><\/a><br \/>\n<\/strong><\/p>\n<p><strong>Wanderwegstrecke:<\/strong> gut 2 1\/2 Stunden in einer Richtung<br \/>\nWenn es hei\u00dft: Alle Wege f\u00fchren nach Rom so l\u00e4sst sich f\u00fcr diese Tour sagen: Viele Wege f\u00fchren nach Tajao. Das Gebiet ist durchzogen von Trampelpfaden und Fahrstra\u00dfen. Man kann nicht <em>den<\/em> ultimativen Wandertipp geben, denn, wenn man den Weg \u00f6fter geht, wird man immer wieder einen anderen Schlenker nehmen. Es ist jedoch nicht beunruhigend, egal ob man mehr in K\u00fcstenn\u00e4he oder etwas mehr im Inneren geht, irgendwann und irgendwo sto\u00dfen die Pfade und Wege wieder aufeinander. Und zudem: Die Richtung ist ja vorgegeben.<\/p>\n<p><strong>Die erste Etappe:<\/strong><a href=\"http:\/\/www.mundi-roth.de\/teneriffa-blog\/wp-content\/uploads\/2010\/04\/RIMG0387.JPG\" rel=\"lightbox[936]\"><img loading=\"lazy\" decoding=\"async\" class=\"alignright size-thumbnail wp-image-937\" title=\"Kirche Punta de Abona\" src=\"http:\/\/www.mundi-roth.de\/teneriffa-blog\/wp-content\/uploads\/2010\/04\/RIMG0387-150x116.jpg\" alt=\"RIMG0387\" width=\"150\" height=\"116\" srcset=\"https:\/\/www.mundi-roth.de\/teneriffa-blog\/wp-content\/uploads\/2010\/04\/RIMG0387-150x116.jpg 150w, https:\/\/www.mundi-roth.de\/teneriffa-blog\/wp-content\/uploads\/2010\/04\/RIMG0387-300x233.jpg 300w, https:\/\/www.mundi-roth.de\/teneriffa-blog\/wp-content\/uploads\/2010\/04\/RIMG0387.JPG 465w\" sizes=\"auto, (max-width: 150px) 100vw, 150px\" \/><\/a><br \/>\nWir beginnen unsere Wanderung an der Kirche von Punta de Abona, im <a href=\"http:\/\/www.mundi-roth.de\/teneriffa-blog\/wp-content\/uploads\/2010\/04\/RIMG0381.JPG\" rel=\"lightbox[936]\"><img loading=\"lazy\" decoding=\"async\" class=\"alignleft size-thumbnail wp-image-938\" title=\"Faro de Abona\" src=\"http:\/\/www.mundi-roth.de\/teneriffa-blog\/wp-content\/uploads\/2010\/04\/RIMG0381-150x103.jpg\" alt=\"RIMG0381\" width=\"150\" height=\"103\" srcset=\"https:\/\/www.mundi-roth.de\/teneriffa-blog\/wp-content\/uploads\/2010\/04\/RIMG0381-150x103.jpg 150w, https:\/\/www.mundi-roth.de\/teneriffa-blog\/wp-content\/uploads\/2010\/04\/RIMG0381-300x207.jpg 300w, https:\/\/www.mundi-roth.de\/teneriffa-blog\/wp-content\/uploads\/2010\/04\/RIMG0381.JPG 476w\" sizes=\"auto, (max-width: 150px) 100vw, 150px\" \/><\/a>Gemeindegebiet von Arico. Auf der Carretera El Faro gehen wir bis zum Leuchtturm, der 1976 erbaut wurde.<br \/>\nHier bewahrheitet sich meine oben gemachte Aussage: Man kann mit etwas Abstand am Steilhang den Trampelpfad nehmen (jedoch nicht zu dicht am Rand, er ist unterh\u00f6hlt) oder man macht den Schlenker auf dem staubigen Fahrweg, dem wir bis zu einem verlassenen Geb\u00e4udekomplex<a href=\"http:\/\/www.mundi-roth.de\/teneriffa-blog\/wp-content\/uploads\/2010\/04\/SANY2973.JPG\" rel=\"lightbox[936]\"><img loading=\"lazy\" decoding=\"async\" class=\"alignright size-thumbnail wp-image-939\" title=\"Bei Punta de Abona\" src=\"http:\/\/www.mundi-roth.de\/teneriffa-blog\/wp-content\/uploads\/2010\/04\/SANY2973-150x100.jpg\" alt=\"SANY2973\" width=\"150\" height=\"100\" srcset=\"https:\/\/www.mundi-roth.de\/teneriffa-blog\/wp-content\/uploads\/2010\/04\/SANY2973-150x100.jpg 150w, https:\/\/www.mundi-roth.de\/teneriffa-blog\/wp-content\/uploads\/2010\/04\/SANY2973-300x200.jpg 300w, https:\/\/www.mundi-roth.de\/teneriffa-blog\/wp-content\/uploads\/2010\/04\/SANY2973.JPG 440w\" sizes=\"auto, (max-width: 150px) 100vw, 150px\" \/><\/a> folgen. Hier gehen wir links Richtung K\u00fcste vorbei, um dann rechts weiter den breiteren Weg zu nehmen, der auf eine h\u00fcbsche, kleine <a href=\"http:\/\/www.mundi-roth.de\/teneriffa-blog\/wp-content\/uploads\/2010\/04\/RIMG0384.JPG\" rel=\"lightbox[936]\"><img loading=\"lazy\" decoding=\"async\" class=\"alignleft size-thumbnail wp-image-942\" title=\"Bucht bei Punta de Abona\" src=\"http:\/\/www.mundi-roth.de\/teneriffa-blog\/wp-content\/uploads\/2010\/04\/RIMG0384-150x112.jpg\" alt=\"RIMG0384\" width=\"150\" height=\"112\" srcset=\"https:\/\/www.mundi-roth.de\/teneriffa-blog\/wp-content\/uploads\/2010\/04\/RIMG0384-150x112.jpg 150w, https:\/\/www.mundi-roth.de\/teneriffa-blog\/wp-content\/uploads\/2010\/04\/RIMG0384-300x225.jpg 300w, https:\/\/www.mundi-roth.de\/teneriffa-blog\/wp-content\/uploads\/2010\/04\/RIMG0384.JPG 600w\" sizes=\"auto, (max-width: 150px) 100vw, 150px\" \/><\/a>Badebucht zu l\u00e4uft. Die n\u00e4chste Bucht l\u00e4sst nicht lange auf sich warten. Eine gro\u00dfe Tafel weist darauf hin, dass es sich um Mar\u00edtimo-Terrestre handelt und Camping verboten ist. Nur, daran h\u00e4lt man sich nicht. Wir<a href=\"http:\/\/www.mundi-roth.de\/teneriffa-blog\/wp-content\/uploads\/2010\/04\/SANY2974.JPG\" rel=\"lightbox[936]\"><img loading=\"lazy\" decoding=\"async\" class=\"alignright size-thumbnail wp-image-941\" title=\"Abades Badestrand\" src=\"http:\/\/www.mundi-roth.de\/teneriffa-blog\/wp-content\/uploads\/2010\/04\/SANY2974-150x112.jpg\" alt=\"SANY2974\" width=\"150\" height=\"112\" srcset=\"https:\/\/www.mundi-roth.de\/teneriffa-blog\/wp-content\/uploads\/2010\/04\/SANY2974-150x112.jpg 150w, https:\/\/www.mundi-roth.de\/teneriffa-blog\/wp-content\/uploads\/2010\/04\/SANY2974-300x225.jpg 300w, https:\/\/www.mundi-roth.de\/teneriffa-blog\/wp-content\/uploads\/2010\/04\/SANY2974.JPG 600w\" sizes=\"auto, (max-width: 150px) 100vw, 150px\" \/><\/a> passieren ein weiteres leerstehendes Haus und gehen an einem Haus mit skurrilem Garten vorbei und schon\u00a0 passieren wir den Badestand von Abades.<br \/>\nBis hierhin haben wir eine gute halbe Stunde gebraucht.<\/p>\n<p><strong>Die zweite Etappe:<\/strong><br \/>\nWir gehen den breiten, asphaltierten Parkplatz bis zum Ende und da ist auch schon der Einstieg f\u00fcr die n\u00e4chste Strecke. Auf einem breiten, mit Steinen eingefassten Weg geht man bis zu einem Campingplatz. Der weitere Abschnitt ist ebenfalls mit Steinen eingefasst und man geht links um den<a href=\"http:\/\/www.mundi-roth.de\/teneriffa-blog\/wp-content\/uploads\/2010\/04\/RIMG0390.JPG\" rel=\"lightbox[936]\"><img loading=\"lazy\" decoding=\"async\" class=\"alignright size-thumbnail wp-image-940\" title=\"Bucht bei Abades\" src=\"http:\/\/www.mundi-roth.de\/teneriffa-blog\/wp-content\/uploads\/2010\/04\/RIMG0390-150x112.jpg\" alt=\"RIMG0390\" width=\"150\" height=\"112\" srcset=\"https:\/\/www.mundi-roth.de\/teneriffa-blog\/wp-content\/uploads\/2010\/04\/RIMG0390-150x112.jpg 150w, https:\/\/www.mundi-roth.de\/teneriffa-blog\/wp-content\/uploads\/2010\/04\/RIMG0390-300x225.jpg 300w, https:\/\/www.mundi-roth.de\/teneriffa-blog\/wp-content\/uploads\/2010\/04\/RIMG0390.JPG 600w\" sizes=\"auto, (max-width: 150px) 100vw, 150px\" \/><\/a> Vulkankegel herum, eine weitere Bucht l\u00e4dt zum Baden ein. Der Weg geht nun rauf und runter und schl\u00e4ngelt sich zwischen den gr\u00fcnen, mit Tabaiba bewachsenen H\u00e4ngen und kahlen Bimssteinfl\u00e4chen durch. Eine Badebucht reiht sich an die n\u00e4chste. Auch hier wieder eine Hinweistafel mit dem Campingverbot, an das sich nicht gehalten wird. Von hier wieder <a href=\"http:\/\/www.mundi-roth.de\/teneriffa-blog\/wp-content\/uploads\/2010\/04\/RIMG0389.JPG\" rel=\"lightbox[936]\"><img loading=\"lazy\" decoding=\"async\" class=\"alignleft size-thumbnail wp-image-943\" title=\"Abades -&gt; Jaca\" src=\"http:\/\/www.mundi-roth.de\/teneriffa-blog\/wp-content\/uploads\/2010\/04\/RIMG0389-150x112.jpg\" alt=\"RIMG0389\" width=\"150\" height=\"112\" srcset=\"https:\/\/www.mundi-roth.de\/teneriffa-blog\/wp-content\/uploads\/2010\/04\/RIMG0389-150x112.jpg 150w, https:\/\/www.mundi-roth.de\/teneriffa-blog\/wp-content\/uploads\/2010\/04\/RIMG0389-300x225.jpg 300w, https:\/\/www.mundi-roth.de\/teneriffa-blog\/wp-content\/uploads\/2010\/04\/RIMG0389.JPG 600w\" sizes=\"auto, (max-width: 150px) 100vw, 150px\" \/><\/a>einen Abhang hinauf und vor uns sehen wir einen riesigen, grauen Betonklotz.\u00a0 Der steinige Weg f\u00fchrt oberhalb davon vorbei. Kurz darauf nehmen wir jetzt den links abzweigenden, ger\u00f6lligen Pfad, der im Bogen leicht bergauf f\u00fchrt und linkshaltend sehen wir schon die hohen Palmen der Ansiedlung Jardin de Atl\u00e1ntico. Durch eine bizarre Landschaft gehen wir an einem leeren Wasserbecken vorbei, rechts begleitet uns die Rohr-Wasserleitung und wir biegen rechts ab. Gehen direkt auf die Ansiedlung zu, \u00fcbersteigen ein M\u00e4uerchen und gehen links auf der asphaltierten Stra\u00dfe im gro\u00dfen Bogen an einem Geb\u00e4ude rechter Hand mit vielen Nutzfahrzeugen vorbei. In H\u00f6he des Geb\u00e4udes auf der anderen Seite verlassen wir die Aspaltstra\u00dfe und zweigen auf einen bewachsenen Fahrweg ab. Laufen entlang einer <a href=\"http:\/\/www.mundi-roth.de\/teneriffa-blog\/wp-content\/uploads\/2010\/04\/RIMG0397.JPG\" rel=\"lightbox[936]\"><img loading=\"lazy\" decoding=\"async\" class=\"alignright size-thumbnail wp-image-944\" title=\"Abades -&gt; Jaca\" src=\"http:\/\/www.mundi-roth.de\/teneriffa-blog\/wp-content\/uploads\/2010\/04\/RIMG0397-150x112.jpg\" alt=\"RIMG0397\" width=\"150\" height=\"112\" srcset=\"https:\/\/www.mundi-roth.de\/teneriffa-blog\/wp-content\/uploads\/2010\/04\/RIMG0397-150x112.jpg 150w, https:\/\/www.mundi-roth.de\/teneriffa-blog\/wp-content\/uploads\/2010\/04\/RIMG0397-300x225.jpg 300w, https:\/\/www.mundi-roth.de\/teneriffa-blog\/wp-content\/uploads\/2010\/04\/RIMG0397.JPG 600w\" sizes=\"auto, (max-width: 150px) 100vw, 150px\" \/><\/a>gemauerten Wasserleitung und mit Vulkanstein aufgeschichteten Mauer auf einen Kubus zu. Hier <a href=\"http:\/\/www.mundi-roth.de\/teneriffa-blog\/wp-content\/uploads\/2010\/04\/RIMG0398.JPG\" rel=\"lightbox[936]\"><img loading=\"lazy\" decoding=\"async\" class=\"alignleft size-thumbnail wp-image-945\" title=\"Abades -&gt; Jaca\" src=\"http:\/\/www.mundi-roth.de\/teneriffa-blog\/wp-content\/uploads\/2010\/04\/RIMG0398-150x112.jpg\" alt=\"RIMG0398\" width=\"150\" height=\"112\" srcset=\"https:\/\/www.mundi-roth.de\/teneriffa-blog\/wp-content\/uploads\/2010\/04\/RIMG0398-150x112.jpg 150w, https:\/\/www.mundi-roth.de\/teneriffa-blog\/wp-content\/uploads\/2010\/04\/RIMG0398-300x225.jpg 300w, https:\/\/www.mundi-roth.de\/teneriffa-blog\/wp-content\/uploads\/2010\/04\/RIMG0398.JPG 600w\" sizes=\"auto, (max-width: 150px) 100vw, 150px\" \/><\/a>f\u00fchrt rechts der Weg durch eine au\u00dferordentliche, von Menschen geschaffene Landschaft. Mauern und Terrassen bilden ein abstraktes Gebilde. Wir laufen auf ein in die Landschaft geworfenes, total verrostetes gro\u00dfes K\u00fcchenger\u00e4t zu. Hier nicht nach links gehen, man l\u00e4uft sich fest, kein Weiterkommen. Also rechts hoch \u00fcber ein Bimssteinplateau und wir haben die Ansiedlung La Listada vor uns und halten uns \u00fcber einen weiteren, bewachsenen, ger\u00f6lligen Weg Richtung K\u00fcste und kommen an einer, mit kleinen Palmen ges\u00e4umten, asphaltierte Stra\u00dfe aus.<br \/>\n<a href=\"http:\/\/www.mundi-roth.de\/teneriffa-blog\/wp-content\/uploads\/2010\/04\/RIMG0400.JPG\" rel=\"lightbox[936]\"><img loading=\"lazy\" decoding=\"async\" class=\"alignleft size-thumbnail wp-image-946\" title=\"La Listada - Kirche\" src=\"http:\/\/www.mundi-roth.de\/teneriffa-blog\/wp-content\/uploads\/2010\/04\/RIMG0400-150x110.jpg\" alt=\"RIMG0400\" width=\"150\" height=\"110\" srcset=\"https:\/\/www.mundi-roth.de\/teneriffa-blog\/wp-content\/uploads\/2010\/04\/RIMG0400-150x110.jpg 150w, https:\/\/www.mundi-roth.de\/teneriffa-blog\/wp-content\/uploads\/2010\/04\/RIMG0400-300x221.jpg 300w, https:\/\/www.mundi-roth.de\/teneriffa-blog\/wp-content\/uploads\/2010\/04\/RIMG0400.JPG 494w\" sizes=\"auto, (max-width: 150px) 100vw, 150px\" \/><\/a>Die Kirche ist unser Anhaltspunkt hier und von dort aus f\u00fchrt nach wenigen Metern eine Stra\u00dfe bergab, an dem Meeresschwimmbad vorbei, <a href=\"http:\/\/www.mundi-roth.de\/teneriffa-blog\/wp-content\/uploads\/2010\/04\/RIMG0404.JPG\" rel=\"lightbox[936]\"><img loading=\"lazy\" decoding=\"async\" class=\"alignright size-thumbnail wp-image-947\" title=\"Jaca - Meerwasserschwimmbecken\" src=\"http:\/\/www.mundi-roth.de\/teneriffa-blog\/wp-content\/uploads\/2010\/04\/RIMG0404-150x112.jpg\" alt=\"RIMG0404\" width=\"150\" height=\"112\" srcset=\"https:\/\/www.mundi-roth.de\/teneriffa-blog\/wp-content\/uploads\/2010\/04\/RIMG0404-150x112.jpg 150w, https:\/\/www.mundi-roth.de\/teneriffa-blog\/wp-content\/uploads\/2010\/04\/RIMG0404-300x225.jpg 300w, https:\/\/www.mundi-roth.de\/teneriffa-blog\/wp-content\/uploads\/2010\/04\/RIMG0404.JPG 600w\" sizes=\"auto, (max-width: 150px) 100vw, 150px\" \/><\/a>wieder aufw\u00e4rts und wir befinden uns im \u00d6rtchen La Jaca.<br \/>\nEin kleiner Fischerhafen, eine sch\u00f6n gestaltete K\u00fcstenzone und eine Bar \u201eLa Jaca\u201c l\u00e4dt zum Verschnaufen ein.<br \/>\nBis hierher waren es 1 Stunde zwanzig Minuten.<\/p>\n<p><strong>Die dritte Etappe:<\/strong><br \/>\nWir gehen mehr oder weniger gerade durch den Ort und kommen auf eine bergabf\u00fchrende Stra\u00dfe, links und rechts ges\u00e4umt von einem gelbgestrichenen Beton-B\u00fcrgersteig, mit kleinen Palmen bepflanzt. Am Beginn einer Mauer auf der linken Seite sind 2 Bretter provisorisch \u00fcber<a href=\"http:\/\/www.mundi-roth.de\/teneriffa-blog\/wp-content\/uploads\/2010\/04\/RIMG0371.JPG\" rel=\"lightbox[936]\"><img loading=\"lazy\" decoding=\"async\" class=\"alignright size-thumbnail wp-image-948\" title=\"Jaca \u00dcbergang\" src=\"http:\/\/www.mundi-roth.de\/teneriffa-blog\/wp-content\/uploads\/2010\/04\/RIMG0371-150x112.jpg\" alt=\"RIMG0371\" width=\"150\" height=\"112\" srcset=\"https:\/\/www.mundi-roth.de\/teneriffa-blog\/wp-content\/uploads\/2010\/04\/RIMG0371-150x112.jpg 150w, https:\/\/www.mundi-roth.de\/teneriffa-blog\/wp-content\/uploads\/2010\/04\/RIMG0371-300x225.jpg 300w, https:\/\/www.mundi-roth.de\/teneriffa-blog\/wp-content\/uploads\/2010\/04\/RIMG0371.JPG 600w\" sizes=\"auto, (max-width: 150px) 100vw, 150px\" \/><\/a> eine betonierte Regenrinne gelegt. Hier queren wir, halten uns Richtung Meer. Zur\u00fcckblickend <a href=\"http:\/\/www.mundi-roth.de\/teneriffa-blog\/wp-content\/uploads\/2010\/04\/SANY2957w.JPG\" rel=\"lightbox[936]\"><img loading=\"lazy\" decoding=\"async\" class=\"alignleft size-thumbnail wp-image-949\" title=\"Jaca\" src=\"http:\/\/www.mundi-roth.de\/teneriffa-blog\/wp-content\/uploads\/2010\/04\/SANY2957w-150x56.jpg\" alt=\"SANY2957w\" width=\"150\" height=\"56\" srcset=\"https:\/\/www.mundi-roth.de\/teneriffa-blog\/wp-content\/uploads\/2010\/04\/SANY2957w-150x56.jpg 150w, https:\/\/www.mundi-roth.de\/teneriffa-blog\/wp-content\/uploads\/2010\/04\/SANY2957w-300x113.jpg 300w, https:\/\/www.mundi-roth.de\/teneriffa-blog\/wp-content\/uploads\/2010\/04\/SANY2957w.JPG 600w\" sizes=\"auto, (max-width: 150px) 100vw, 150px\" \/><\/a>schaut man auf das von hier malerisch wirkende La Jaca. Wir gehen quasi unter einem Sendemasten durch, weiter bis zu einem Campingplatz. Entweder geht man \u00fcber den Platz und folgt dem aufsteigenden, breiteren Weg oder man quert die sandige Badebucht und steigt steil auf den Bimssteinhang auf. Quert <a href=\"http:\/\/www.mundi-roth.de\/teneriffa-blog\/wp-content\/uploads\/2010\/04\/RIMG0348.JPG\" rel=\"lightbox[936]\"><img loading=\"lazy\" decoding=\"async\" class=\"alignleft size-thumbnail wp-image-950\" title=\"Zwischen Jaca und Tajao\" src=\"http:\/\/www.mundi-roth.de\/teneriffa-blog\/wp-content\/uploads\/2010\/04\/RIMG0348-150x112.jpg\" alt=\"RIMG0348\" width=\"150\" height=\"112\" srcset=\"https:\/\/www.mundi-roth.de\/teneriffa-blog\/wp-content\/uploads\/2010\/04\/RIMG0348-150x112.jpg 150w, https:\/\/www.mundi-roth.de\/teneriffa-blog\/wp-content\/uploads\/2010\/04\/RIMG0348-300x225.jpg 300w, https:\/\/www.mundi-roth.de\/teneriffa-blog\/wp-content\/uploads\/2010\/04\/RIMG0348.JPG 600w\" sizes=\"auto, (max-width: 150px) 100vw, 150px\" \/><\/a>diesen Richtung Meer und kommt an einem mit Steinen ges\u00e4umten Weg. Etwas bergan und dann erfolgt der Abstieg zu einer steinigen Bucht. Von hier f\u00fchrt ein Weg mehr ins Landesinnere und von diesem geht nach kurzer Strecke ein Pfad steil<a href=\"http:\/\/www.mundi-roth.de\/teneriffa-blog\/wp-content\/uploads\/2010\/04\/SANY2960.JPG\" rel=\"lightbox[936]\"><img loading=\"lazy\" decoding=\"async\" class=\"alignright size-thumbnail wp-image-952\" title=\"Tajao - Felsformationen\" src=\"http:\/\/www.mundi-roth.de\/teneriffa-blog\/wp-content\/uploads\/2010\/04\/SANY2960-150x112.jpg\" alt=\"SANY2960\" width=\"150\" height=\"112\" srcset=\"https:\/\/www.mundi-roth.de\/teneriffa-blog\/wp-content\/uploads\/2010\/04\/SANY2960-150x112.jpg 150w, https:\/\/www.mundi-roth.de\/teneriffa-blog\/wp-content\/uploads\/2010\/04\/SANY2960-300x225.jpg 300w, https:\/\/www.mundi-roth.de\/teneriffa-blog\/wp-content\/uploads\/2010\/04\/SANY2960.JPG 600w\" sizes=\"auto, (max-width: 150px) 100vw, 150px\" \/><\/a> links hoch. Von hier aus ist es wie bei einer Achterbahn: Rauf, runter, rauf, runter \u00fcber Bimsgestein. Das letzte St\u00fcck geht steil bergab und man kommt oberhalb der ersten H\u00e4user von Tajao, beim Restaurant Rinc\u00f3n del Marinero aus.<br \/>\nL\u00e4sst man sich etwas mehr Zeit zum Schauen: 45 Minuten<\/p>\n<p><strong>Besonderheit:<\/strong><br \/>\n<em>\u201eDer Weg f\u00fchrt parallel zur K\u00fcste in Richtung Vulkan Abade. Es handelt sich um eine basaltische Eruption. Das Ende des F\u00f6rderschlotes befindet sich im Meer. Ein Teil des Vulkans ist von den Meereskr\u00e4ften abgetragen worden. Der noch bestehende Teil hebt sich durch seine r\u00f6tlichen und schwarzen T\u00f6ne von der hellen Umgebung ab.\u201c<br \/>\nIn dem Teilst\u00fcck von La Jaca nach Tajao befindet sich die als \u201ePiedra de la Sal\u201c bekannte Gegend. Es handelt sich um \u00dcberreste eine ehemaligen Steinbruchs, aus dem das Material f\u00fcr Stra\u00dfenpflaster gewonnen wurde. Es handelt sich um den ber\u00fchmten Chasna-Stein, der auf andere Inseln, nach Amerika und sogar nach Afrika exportiert wurde.<br \/>\nDie Bimssteinlandschaft, die durch die Erosion der Naturkr\u00e4fte entstanden ist, wird von den Bewohnern wegen ihrer eigenartigen Formen auch als \u201ePaisaje lunar\u201c, also Mondlandschaft bezeichnet.<\/em><\/p>\n<p><strong>Restaurant:<\/strong><br \/>\nIn Tajao gibt es mehrere, sehr gute Fischrestaurants. Wir haben diesmal dem Restaurant Tabaibarill den Vorzug gegeben. Telefon 922 17 12 61, ge\u00f6ffnet von 12 Uhr bis 22.30, Sonntags von 12.30 bis 17 Uhr und montags ist Ruhetag.<br \/>\nFrischer, gut zubereiteter Fisch, freundliche Bedienung, normale Preise.<\/p>\n<p><strong>Anfahrt:<\/strong><\/p>\n<div><span style=\"font-family: Arial; font-size: x-small;\">Auf der TF 1 aus Los Cristianos kommend bei der Ausfahrt 39 auf die TF 625 &#8222;Arico Viejo &#8211; El Por\u00eds&#8220;. Im Ort El Por\u00eds rechts haltend beim Centro Comercial\u00a0 Faro\u00a0del Por\u00eds, in Richtung Windm\u00fchlenpark, nicht beim Hinweis &#8222;Villa de Arico&#8220;\u00a0 sondern in\u00a0die Calle Jose Alberto abbiegen und dann\u00a0weiter in die Calle Real.Immer weiter\u00a0 bis zur Kirche in Punta de Abona. Hier gibt es gen\u00fcgend Parkpl\u00e4tze.<\/span><\/div>\n<div><span style=\"font-family: Arial; font-size: x-small;\">Auch ist hier die Bushaltestelle der Linie 130 und 430. <\/span><\/div>\n","protected":false},"excerpt":{"rendered":"<p>Eine wundersch\u00f6ne K\u00fcstenwanderung die man je nach Lust und Laune in einer Tour machen kann, l\u00e4sst man sich von den wundersch\u00f6nen Buchten zum Baden animieren, vielleicht jedoch auch nur eine Teilstrecke. Wanderwegstrecke: gut 2 1\/2 Stunden in einer Richtung Wenn es hei\u00dft: Alle Wege f\u00fchren nach Rom so l\u00e4sst sich f\u00fcr diese Tour sagen: Viele [&hellip;]<\/p>\n","protected":false},"author":3,"featured_media":0,"comment_status":"open","ping_status":"open","sticky":false,"template":"","format":"standard","meta":{"footnotes":""},"categories":[772,6],"tags":[327,326,328,325,330,329,324,332,331],"class_list":["post-936","post","type-post","status-publish","format-standard","hentry","category-arico","category-wanderungen","tag-abades","tag-faro-de-abona","tag-jardin-de-atlantico","tag-kustenwanderung","tag-la-jaca","tag-la-listada","tag-punta-de-abona","tag-restaurant-tabaibarill","tag-tajao"],"yoast_head":"<!-- This site is optimized with the Yoast SEO plugin v27.5 - https:\/\/yoast.com\/product\/yoast-seo-wordpress\/ -->\n<title>Punta de Abona \u2013 Tajao - Teneriffa Wandern<\/title>\n<meta name=\"robots\" content=\"index, follow, max-snippet:-1, max-image-preview:large, max-video-preview:-1\" \/>\n<link rel=\"canonical\" href=\"https:\/\/www.mundi-roth.de\/teneriffa-blog\/wanderungen\/punta-de-abona-\u2013-tajao\/\" \/>\n<meta name=\"twitter:label1\" content=\"Verfasst von\" \/>\n\t<meta name=\"twitter:data1\" content=\"ir\" \/>\n\t<meta name=\"twitter:label2\" content=\"Gesch\u00e4tzte Lesezeit\" \/>\n\t<meta name=\"twitter:data2\" content=\"6\u00a0Minuten\" \/>\n<script type=\"application\/ld+json\" class=\"yoast-schema-graph\">{\"@context\":\"https:\\\/\\\/schema.org\",\"@graph\":[{\"@type\":\"Article\",\"@id\":\"https:\\\/\\\/www.mundi-roth.de\\\/teneriffa-blog\\\/wanderungen\\\/punta-de-abona-%e2%80%93-tajao\\\/#article\",\"isPartOf\":{\"@id\":\"https:\\\/\\\/www.mundi-roth.de\\\/teneriffa-blog\\\/wanderungen\\\/punta-de-abona-%e2%80%93-tajao\\\/\"},\"author\":{\"name\":\"ir\",\"@id\":\"https:\\\/\\\/www.mundi-roth.de\\\/teneriffa-blog\\\/#\\\/schema\\\/person\\\/3afd0d251449790d15367c9aa52d203d\"},\"headline\":\"Punta de Abona \u2013 Tajao\",\"datePublished\":\"2010-03-30T19:00:43+00:00\",\"dateModified\":\"2015-04-12T09:46:22+00:00\",\"mainEntityOfPage\":{\"@id\":\"https:\\\/\\\/www.mundi-roth.de\\\/teneriffa-blog\\\/wanderungen\\\/punta-de-abona-%e2%80%93-tajao\\\/\"},\"wordCount\":1176,\"commentCount\":0,\"image\":{\"@id\":\"https:\\\/\\\/www.mundi-roth.de\\\/teneriffa-blog\\\/wanderungen\\\/punta-de-abona-%e2%80%93-tajao\\\/#primaryimage\"},\"thumbnailUrl\":\"http:\\\/\\\/www.mundi-roth.de\\\/teneriffa-blog\\\/wp-content\\\/uploads\\\/2010\\\/04\\\/Tracks-300x80.jpg\",\"keywords\":[\"Abades\",\"Faro de Abona\",\"Jardin de Atl\u00e1ntico\",\"K\u00fcstenwanderung\",\"La Jaca\",\"La Listada\",\"Punta de Abona\",\"Restaurant Tabaibarill\",\"Tajao\"],\"articleSection\":[\"Arico\",\"Wanderungen\"],\"inLanguage\":\"de\",\"potentialAction\":[{\"@type\":\"CommentAction\",\"name\":\"Comment\",\"target\":[\"https:\\\/\\\/www.mundi-roth.de\\\/teneriffa-blog\\\/wanderungen\\\/punta-de-abona-%e2%80%93-tajao\\\/#respond\"]}]},{\"@type\":\"WebPage\",\"@id\":\"https:\\\/\\\/www.mundi-roth.de\\\/teneriffa-blog\\\/wanderungen\\\/punta-de-abona-%e2%80%93-tajao\\\/\",\"url\":\"https:\\\/\\\/www.mundi-roth.de\\\/teneriffa-blog\\\/wanderungen\\\/punta-de-abona-%e2%80%93-tajao\\\/\",\"name\":\"Punta de Abona \u2013 Tajao - Teneriffa Wandern\",\"isPartOf\":{\"@id\":\"https:\\\/\\\/www.mundi-roth.de\\\/teneriffa-blog\\\/#website\"},\"primaryImageOfPage\":{\"@id\":\"https:\\\/\\\/www.mundi-roth.de\\\/teneriffa-blog\\\/wanderungen\\\/punta-de-abona-%e2%80%93-tajao\\\/#primaryimage\"},\"image\":{\"@id\":\"https:\\\/\\\/www.mundi-roth.de\\\/teneriffa-blog\\\/wanderungen\\\/punta-de-abona-%e2%80%93-tajao\\\/#primaryimage\"},\"thumbnailUrl\":\"http:\\\/\\\/www.mundi-roth.de\\\/teneriffa-blog\\\/wp-content\\\/uploads\\\/2010\\\/04\\\/Tracks-300x80.jpg\",\"datePublished\":\"2010-03-30T19:00:43+00:00\",\"dateModified\":\"2015-04-12T09:46:22+00:00\",\"author\":{\"@id\":\"https:\\\/\\\/www.mundi-roth.de\\\/teneriffa-blog\\\/#\\\/schema\\\/person\\\/3afd0d251449790d15367c9aa52d203d\"},\"breadcrumb\":{\"@id\":\"https:\\\/\\\/www.mundi-roth.de\\\/teneriffa-blog\\\/wanderungen\\\/punta-de-abona-%e2%80%93-tajao\\\/#breadcrumb\"},\"inLanguage\":\"de\",\"potentialAction\":[{\"@type\":\"ReadAction\",\"target\":[\"https:\\\/\\\/www.mundi-roth.de\\\/teneriffa-blog\\\/wanderungen\\\/punta-de-abona-%e2%80%93-tajao\\\/\"]}]},{\"@type\":\"ImageObject\",\"inLanguage\":\"de\",\"@id\":\"https:\\\/\\\/www.mundi-roth.de\\\/teneriffa-blog\\\/wanderungen\\\/punta-de-abona-%e2%80%93-tajao\\\/#primaryimage\",\"url\":\"https:\\\/\\\/www.mundi-roth.de\\\/teneriffa-blog\\\/wp-content\\\/uploads\\\/2010\\\/04\\\/Tracks.jpg\",\"contentUrl\":\"https:\\\/\\\/www.mundi-roth.de\\\/teneriffa-blog\\\/wp-content\\\/uploads\\\/2010\\\/04\\\/Tracks.jpg\",\"width\":\"748\",\"height\":\"201\"},{\"@type\":\"BreadcrumbList\",\"@id\":\"https:\\\/\\\/www.mundi-roth.de\\\/teneriffa-blog\\\/wanderungen\\\/punta-de-abona-%e2%80%93-tajao\\\/#breadcrumb\",\"itemListElement\":[{\"@type\":\"ListItem\",\"position\":1,\"name\":\"Startseite\",\"item\":\"https:\\\/\\\/www.mundi-roth.de\\\/teneriffa-blog\\\/\"},{\"@type\":\"ListItem\",\"position\":2,\"name\":\"Punta de Abona \u2013 Tajao\"}]},{\"@type\":\"WebSite\",\"@id\":\"https:\\\/\\\/www.mundi-roth.de\\\/teneriffa-blog\\\/#website\",\"url\":\"https:\\\/\\\/www.mundi-roth.de\\\/teneriffa-blog\\\/\",\"name\":\"Teneriffa Wandern\",\"description\":\"Nicht nur Wanderungen auf Teneriffa...\",\"potentialAction\":[{\"@type\":\"SearchAction\",\"target\":{\"@type\":\"EntryPoint\",\"urlTemplate\":\"https:\\\/\\\/www.mundi-roth.de\\\/teneriffa-blog\\\/?s={search_term_string}\"},\"query-input\":{\"@type\":\"PropertyValueSpecification\",\"valueRequired\":true,\"valueName\":\"search_term_string\"}}],\"inLanguage\":\"de\"},{\"@type\":\"Person\",\"@id\":\"https:\\\/\\\/www.mundi-roth.de\\\/teneriffa-blog\\\/#\\\/schema\\\/person\\\/3afd0d251449790d15367c9aa52d203d\",\"name\":\"ir\",\"image\":{\"@type\":\"ImageObject\",\"inLanguage\":\"de\",\"@id\":\"https:\\\/\\\/secure.gravatar.com\\\/avatar\\\/e67b41513c921c2bb58363f44c8a00a447c9a2526ad8ff71b5b6257e5f7f5c66?s=96&d=mm&r=g\",\"url\":\"https:\\\/\\\/secure.gravatar.com\\\/avatar\\\/e67b41513c921c2bb58363f44c8a00a447c9a2526ad8ff71b5b6257e5f7f5c66?s=96&d=mm&r=g\",\"contentUrl\":\"https:\\\/\\\/secure.gravatar.com\\\/avatar\\\/e67b41513c921c2bb58363f44c8a00a447c9a2526ad8ff71b5b6257e5f7f5c66?s=96&d=mm&r=g\",\"caption\":\"ir\"},\"sameAs\":[\"http:\\\/\\\/www.mundi-roth.de\"],\"url\":\"https:\\\/\\\/www.mundi-roth.de\\\/teneriffa-blog\\\/author\\\/ir\\\/\"}]}<\/script>\n<!-- \/ Yoast SEO plugin. -->","yoast_head_json":{"title":"Punta de Abona \u2013 Tajao - Teneriffa Wandern","robots":{"index":"index","follow":"follow","max-snippet":"max-snippet:-1","max-image-preview":"max-image-preview:large","max-video-preview":"max-video-preview:-1"},"canonical":"https:\/\/www.mundi-roth.de\/teneriffa-blog\/wanderungen\/punta-de-abona-\u2013-tajao\/","twitter_misc":{"Verfasst von":"ir","Gesch\u00e4tzte Lesezeit":"6\u00a0Minuten"},"schema":{"@context":"https:\/\/schema.org","@graph":[{"@type":"Article","@id":"https:\/\/www.mundi-roth.de\/teneriffa-blog\/wanderungen\/punta-de-abona-%e2%80%93-tajao\/#article","isPartOf":{"@id":"https:\/\/www.mundi-roth.de\/teneriffa-blog\/wanderungen\/punta-de-abona-%e2%80%93-tajao\/"},"author":{"name":"ir","@id":"https:\/\/www.mundi-roth.de\/teneriffa-blog\/#\/schema\/person\/3afd0d251449790d15367c9aa52d203d"},"headline":"Punta de Abona \u2013 Tajao","datePublished":"2010-03-30T19:00:43+00:00","dateModified":"2015-04-12T09:46:22+00:00","mainEntityOfPage":{"@id":"https:\/\/www.mundi-roth.de\/teneriffa-blog\/wanderungen\/punta-de-abona-%e2%80%93-tajao\/"},"wordCount":1176,"commentCount":0,"image":{"@id":"https:\/\/www.mundi-roth.de\/teneriffa-blog\/wanderungen\/punta-de-abona-%e2%80%93-tajao\/#primaryimage"},"thumbnailUrl":"http:\/\/www.mundi-roth.de\/teneriffa-blog\/wp-content\/uploads\/2010\/04\/Tracks-300x80.jpg","keywords":["Abades","Faro de Abona","Jardin de Atl\u00e1ntico","K\u00fcstenwanderung","La Jaca","La Listada","Punta de Abona","Restaurant Tabaibarill","Tajao"],"articleSection":["Arico","Wanderungen"],"inLanguage":"de","potentialAction":[{"@type":"CommentAction","name":"Comment","target":["https:\/\/www.mundi-roth.de\/teneriffa-blog\/wanderungen\/punta-de-abona-%e2%80%93-tajao\/#respond"]}]},{"@type":"WebPage","@id":"https:\/\/www.mundi-roth.de\/teneriffa-blog\/wanderungen\/punta-de-abona-%e2%80%93-tajao\/","url":"https:\/\/www.mundi-roth.de\/teneriffa-blog\/wanderungen\/punta-de-abona-%e2%80%93-tajao\/","name":"Punta de Abona \u2013 Tajao - Teneriffa Wandern","isPartOf":{"@id":"https:\/\/www.mundi-roth.de\/teneriffa-blog\/#website"},"primaryImageOfPage":{"@id":"https:\/\/www.mundi-roth.de\/teneriffa-blog\/wanderungen\/punta-de-abona-%e2%80%93-tajao\/#primaryimage"},"image":{"@id":"https:\/\/www.mundi-roth.de\/teneriffa-blog\/wanderungen\/punta-de-abona-%e2%80%93-tajao\/#primaryimage"},"thumbnailUrl":"http:\/\/www.mundi-roth.de\/teneriffa-blog\/wp-content\/uploads\/2010\/04\/Tracks-300x80.jpg","datePublished":"2010-03-30T19:00:43+00:00","dateModified":"2015-04-12T09:46:22+00:00","author":{"@id":"https:\/\/www.mundi-roth.de\/teneriffa-blog\/#\/schema\/person\/3afd0d251449790d15367c9aa52d203d"},"breadcrumb":{"@id":"https:\/\/www.mundi-roth.de\/teneriffa-blog\/wanderungen\/punta-de-abona-%e2%80%93-tajao\/#breadcrumb"},"inLanguage":"de","potentialAction":[{"@type":"ReadAction","target":["https:\/\/www.mundi-roth.de\/teneriffa-blog\/wanderungen\/punta-de-abona-%e2%80%93-tajao\/"]}]},{"@type":"ImageObject","inLanguage":"de","@id":"https:\/\/www.mundi-roth.de\/teneriffa-blog\/wanderungen\/punta-de-abona-%e2%80%93-tajao\/#primaryimage","url":"https:\/\/www.mundi-roth.de\/teneriffa-blog\/wp-content\/uploads\/2010\/04\/Tracks.jpg","contentUrl":"https:\/\/www.mundi-roth.de\/teneriffa-blog\/wp-content\/uploads\/2010\/04\/Tracks.jpg","width":"748","height":"201"},{"@type":"BreadcrumbList","@id":"https:\/\/www.mundi-roth.de\/teneriffa-blog\/wanderungen\/punta-de-abona-%e2%80%93-tajao\/#breadcrumb","itemListElement":[{"@type":"ListItem","position":1,"name":"Startseite","item":"https:\/\/www.mundi-roth.de\/teneriffa-blog\/"},{"@type":"ListItem","position":2,"name":"Punta de Abona \u2013 Tajao"}]},{"@type":"WebSite","@id":"https:\/\/www.mundi-roth.de\/teneriffa-blog\/#website","url":"https:\/\/www.mundi-roth.de\/teneriffa-blog\/","name":"Teneriffa Wandern","description":"Nicht nur Wanderungen auf Teneriffa...","potentialAction":[{"@type":"SearchAction","target":{"@type":"EntryPoint","urlTemplate":"https:\/\/www.mundi-roth.de\/teneriffa-blog\/?s={search_term_string}"},"query-input":{"@type":"PropertyValueSpecification","valueRequired":true,"valueName":"search_term_string"}}],"inLanguage":"de"},{"@type":"Person","@id":"https:\/\/www.mundi-roth.de\/teneriffa-blog\/#\/schema\/person\/3afd0d251449790d15367c9aa52d203d","name":"ir","image":{"@type":"ImageObject","inLanguage":"de","@id":"https:\/\/secure.gravatar.com\/avatar\/e67b41513c921c2bb58363f44c8a00a447c9a2526ad8ff71b5b6257e5f7f5c66?s=96&d=mm&r=g","url":"https:\/\/secure.gravatar.com\/avatar\/e67b41513c921c2bb58363f44c8a00a447c9a2526ad8ff71b5b6257e5f7f5c66?s=96&d=mm&r=g","contentUrl":"https:\/\/secure.gravatar.com\/avatar\/e67b41513c921c2bb58363f44c8a00a447c9a2526ad8ff71b5b6257e5f7f5c66?s=96&d=mm&r=g","caption":"ir"},"sameAs":["http:\/\/www.mundi-roth.de"],"url":"https:\/\/www.mundi-roth.de\/teneriffa-blog\/author\/ir\/"}]}},"_links":{"self":[{"href":"https:\/\/www.mundi-roth.de\/teneriffa-blog\/wp-json\/wp\/v2\/posts\/936","targetHints":{"allow":["GET"]}}],"collection":[{"href":"https:\/\/www.mundi-roth.de\/teneriffa-blog\/wp-json\/wp\/v2\/posts"}],"about":[{"href":"https:\/\/www.mundi-roth.de\/teneriffa-blog\/wp-json\/wp\/v2\/types\/post"}],"author":[{"embeddable":true,"href":"https:\/\/www.mundi-roth.de\/teneriffa-blog\/wp-json\/wp\/v2\/users\/3"}],"replies":[{"embeddable":true,"href":"https:\/\/www.mundi-roth.de\/teneriffa-blog\/wp-json\/wp\/v2\/comments?post=936"}],"version-history":[{"count":0,"href":"https:\/\/www.mundi-roth.de\/teneriffa-blog\/wp-json\/wp\/v2\/posts\/936\/revisions"}],"wp:attachment":[{"href":"https:\/\/www.mundi-roth.de\/teneriffa-blog\/wp-json\/wp\/v2\/media?parent=936"}],"wp:term":[{"taxonomy":"category","embeddable":true,"href":"https:\/\/www.mundi-roth.de\/teneriffa-blog\/wp-json\/wp\/v2\/categories?post=936"},{"taxonomy":"post_tag","embeddable":true,"href":"https:\/\/www.mundi-roth.de\/teneriffa-blog\/wp-json\/wp\/v2\/tags?post=936"}],"curies":[{"name":"wp","href":"https:\/\/api.w.org\/{rel}","templated":true}]}}