{"id":956,"date":"2010-04-01T20:00:01","date_gmt":"2010-04-01T19:00:01","guid":{"rendered":"http:\/\/www.mundi-roth.de\/teneriffa-blog\/?p=956"},"modified":"2015-04-12T10:45:22","modified_gmt":"2015-04-12T09:45:22","slug":"los-llanos-%e2%80%93-vulcan-garachico-%e2%80%93-arenas-negras","status":"publish","type":"post","link":"https:\/\/www.mundi-roth.de\/teneriffa-blog\/wanderungen\/los-llanos-%e2%80%93-vulcan-garachico-%e2%80%93-arenas-negras\/","title":{"rendered":"Los Llanos \u2013 Vulc\u00e1n Garachico \u2013 Arenas Negras"},"content":{"rendered":"<p><strong>Dieser Rundwanderung durch eine \u00e4u\u00dferst abwechslungsreiche Landschaft bietet sich gut f\u00fcr einem sonnigen Tag an, da ein gro\u00dfer Teil der Wanderung durch lichten Kiefernwald f\u00fchrt. Jedoch auch bei weniger sch\u00f6nem Wetter, mit wabernden Wolken- und Nebelschwaden hat diese Tour ihren Reiz, nur entgeht einem dann halt der hier sonst phantastische Aus-Rund-und Umblick auf eine Bilderbuchlandschaft .<\/strong><br \/>\n<strong>Das Ger\u00e4usch beim Gehen auf dem schwarzen und roten Pic\u00f3n erinnert zudem an knirschenden Schnee. F\u00fcr Wintersportliebhaber ein herrliches Ger\u00e4usch. Und die mit orangen und grauen Flechten \u00fcberzogenen Felsen und die langen Flechtenstr\u00e4nge an den Kiefern bilden auch einen besonderen Effekt.<br \/>\nLassen Sie sich mitnehmen auf eine wundersch\u00f6ne Tour.<\/strong><\/p>\n<p><a href=\"http:\/\/www.mundi-roth.de\/teneriffa-blog\/wp-content\/uploads\/2010\/04\/SANY2975.jpg\" rel=\"lightbox[956]\"><img loading=\"lazy\" decoding=\"async\" class=\"size-thumbnail wp-image-962 alignleft\" style=\"margin: 3px; border: 0px none;\" title=\"Wald bei Los Llanos\" src=\"http:\/\/www.mundi-roth.de\/teneriffa-blog\/wp-content\/uploads\/2010\/04\/SANY2975-150x112.jpg\" alt=\"SANY2975\" width=\"150\" height=\"112\" srcset=\"https:\/\/www.mundi-roth.de\/teneriffa-blog\/wp-content\/uploads\/2010\/04\/SANY2975-150x112.jpg 150w, https:\/\/www.mundi-roth.de\/teneriffa-blog\/wp-content\/uploads\/2010\/04\/SANY2975-300x225.jpg 300w, https:\/\/www.mundi-roth.de\/teneriffa-blog\/wp-content\/uploads\/2010\/04\/SANY2975.jpg 600w\" sizes=\"auto, (max-width: 150px) 100vw, 150px\" \/><\/a><\/p>\n<p><strong>Wanderwegstrecke: <\/strong>knapp 3 Stunden<br \/>\nWir parken und starten bei dem (ziemlich demolierten) Picknickplatz, bei dem sich auch ein h\u00e4sslicher, grauer Betonklotz f\u00fcr die Trinkwasserversorgung befindet, oberhalb der Bar El Risco in Los Llanos. Schon nach ganz kurzer Zeit kommen wir an den ersten Hinweis: \u201e23,8 km Punta de Teno,\u00a0 3,6 km bis Erjos\u201c.<br \/>\nKurz darauf gabelt sich der Weg und hier nehmen wir den linken, breiten Weg und folgen ihm durch den Kiefernwald und k\u00f6nnen nur staunend bewundern, wie sich die Natur nach dem verheerenden Brand von 2007 erholt. Die kanarischen Kiefern treiben wieder aus, auch die Erikab\u00fcsche erholen sich pr\u00e4chtig und zur Zeit ist man wohl dabei die total verkohlten \u00c4ste herauszuschneiden.<a href=\"http:\/\/www.mundi-roth.de\/teneriffa-blog\/wp-content\/uploads\/2010\/04\/SANY29782.jpg\" rel=\"lightbox[956]\"><img loading=\"lazy\" decoding=\"async\" class=\"alignright size-thumbnail wp-image-959\" style=\"margin: 3px; border: 0px none;\" title=\"Los Llanos Neue Wanderwege\" src=\"http:\/\/www.mundi-roth.de\/teneriffa-blog\/wp-content\/uploads\/2010\/04\/SANY29782-150x112.jpg\" alt=\"SANY2978\" width=\"150\" height=\"112\" srcset=\"https:\/\/www.mundi-roth.de\/teneriffa-blog\/wp-content\/uploads\/2010\/04\/SANY29782-150x112.jpg 150w, https:\/\/www.mundi-roth.de\/teneriffa-blog\/wp-content\/uploads\/2010\/04\/SANY29782-300x225.jpg 300w, https:\/\/www.mundi-roth.de\/teneriffa-blog\/wp-content\/uploads\/2010\/04\/SANY29782.jpg 600w\" sizes=\"auto, (max-width: 150px) 100vw, 150px\" \/><\/a><br \/>\nNach geraumer Zeit sehen wir links, etwas unterhalb, einen sagenhaft gut pr\u00e4parierten Weg, er wirkt fast wie gekehrt und ist links wie rechts mit Vulkansteinen eingefasst. Nun haben wir keine Probleme mehr, ob wir wohl richtig sind.<br \/>\n<a href=\"http:\/\/www.mundi-roth.de\/teneriffa-blog\/wp-content\/uploads\/2010\/04\/SANY2979.jpg\" rel=\"lightbox[956]\"><img loading=\"lazy\" decoding=\"async\" class=\"alignleft size-thumbnail wp-image-960\" style=\"margin: 3px; border: 0px none;\" title=\"Los Llanos Waldaltar\" src=\"http:\/\/www.mundi-roth.de\/teneriffa-blog\/wp-content\/uploads\/2010\/04\/SANY2979-112x150.jpg\" alt=\"SANY2979\" width=\"112\" height=\"150\" srcset=\"https:\/\/www.mundi-roth.de\/teneriffa-blog\/wp-content\/uploads\/2010\/04\/SANY2979-112x150.jpg 112w, https:\/\/www.mundi-roth.de\/teneriffa-blog\/wp-content\/uploads\/2010\/04\/SANY2979-225x300.jpg 225w, https:\/\/www.mundi-roth.de\/teneriffa-blog\/wp-content\/uploads\/2010\/04\/SANY2979.jpg 450w\" sizes=\"auto, (max-width: 112px) 100vw, 112px\" \/><\/a>Wir kommen an einem Gedenkkreuz vorbei und gehen diesen Wanderweg weiter bis er sich dann irgendwann aufl\u00f6st und wir folgen leicht ansteigend den nur noch in gr\u00f6\u00dferen Abst\u00e4nden ausgelegten Steinen. In einer Biegung folgen wir links einem Steinm\u00e4nnchen und gehen weiter ansteigend \u00fcber knirschenden Pic\u00f3n in Richtung einer gemauerten Wasserleitung. Hier, am Fuss des Vulkan Garachico, der 1706 mit seinen gewaltigen Lavastr\u00f6men den damals inselwichtigsten Hafen-Ort Garachico verw\u00fcstete, weist uns ein Schild daraufhin, dass wir uns im \u201eReserva natural especial Chinyero\u201c\u00a0 befinden. Linkshaltend, in Verl\u00e4ngerung der Wasserleitung gehen wir am Vulkan entlang, danach liegt links unterhalb eine Kiefernansammlung. Das helle Gr\u00fcn hebt sich wundersch\u00f6n von der schwarzen Lava ab . Der Pfad geht in einen breiteren Weg \u00fcber, der uns an phantastischen Felsformationen <a href=\"http:\/\/www.mundi-roth.de\/teneriffa-blog\/wp-content\/uploads\/2010\/04\/RIMG0415a.jpg\" rel=\"lightbox[956]\"><img loading=\"lazy\" decoding=\"async\" class=\"alignright size-thumbnail wp-image-961\" style=\"margin: 3px; border: 0px none;\" title=\"Arenas Negras Wundersame Flechten\" src=\"http:\/\/www.mundi-roth.de\/teneriffa-blog\/wp-content\/uploads\/2010\/04\/RIMG0415a-150x118.jpg\" alt=\"RIMG0415a\" width=\"150\" height=\"118\" srcset=\"https:\/\/www.mundi-roth.de\/teneriffa-blog\/wp-content\/uploads\/2010\/04\/RIMG0415a-150x118.jpg 150w, https:\/\/www.mundi-roth.de\/teneriffa-blog\/wp-content\/uploads\/2010\/04\/RIMG0415a-300x236.jpg 300w, https:\/\/www.mundi-roth.de\/teneriffa-blog\/wp-content\/uploads\/2010\/04\/RIMG0415a.jpg 600w\" sizes=\"auto, (max-width: 150px) 100vw, 150px\" \/><\/a>vorbeif\u00fchrt, die fast geheimnisvoll von orangen Flechten \u00fcberzogen sind. Wir folgen dem Weg weiter, kommen an ein Holzschild \u201eTM Garachico\u201c auf der R\u00fcckseite \u201eTM El Tanque\u201c\u00a0 und gehen noch\u00a0 bis zu dem rechts hinweisenden Schild \u201e 1,5 km Chinyero\u201c.\u00a0 Hier biegen wir links ab und das Schild \u201e0,9 km Garachico, Arenas Negras\u201c weist uns die n\u00e4chste Teil-Strecke. Der Weg ist wieder gut pr\u00e4pariert und mit wei\u00df-gelben Streifen gekennzeichnet. Wir erreichen eine Forststra\u00dfe und k\u00f6nnen lesen: \u201e0,1 km Garachico, Arenas Negras\u201c und erreichen von oben her den gro\u00dfen Grillplatz, derallerdings momentan wegen Bauarbeiten gesperrt ist.<br \/>\nBis hierher sind wir 1 Stunde zwanzig Minuten gegangen.<br \/>\nWir \u00fcbersteigen eine Rohrabsperrung, queren den Grillplatz nach unten,\u00a0 um dann links, an einer Schranke vorbei, den Weg hochzugehen. Eine Markierung, ein wei\u00df-gelbes Kreuz, zeigt uns an, dass wir nun den Bereich der gut gekennzeichneten Strecke verlassen.<br \/>\nVon nun an sind wir quasi auf unser Erinnerungsverm\u00f6gen von fr\u00fcher gegangenen Touren angewiesen. Wir halten uns nun links, pfadlos und erreichen die gro\u00dfe, freie Fl\u00e4che auf der ehemals die Blockh\u00fctten standen.<br \/>\nWenn Sie also alte Wanderf\u00fchrer haben, die noch die H\u00fctten als Merkpunkt anf\u00fchren, sind sie aufgeschmissen, die gibt es nicht mehr.<br \/>\nVor drei Jahren, als wir nach dem verheerenden Brand hier waren, existierte noch eine H\u00fctte, die man dabei war zu renovieren. Jetzt: Nichts mehr! W\u00fcsste man nicht, dass hier mal Blockh\u00fctten standen, man erahnt es nicht einmal mehr.<br \/>\nAlso: Weg suchen. Ich kann nur in etwa die Richtung angeben:<br \/>\n<a href=\"http:\/\/www.mundi-roth.de\/teneriffa-blog\/wp-content\/uploads\/2010\/04\/RIMG0422.jpg\" rel=\"lightbox[956]\"><img loading=\"lazy\" decoding=\"async\" class=\"alignleft size-thumbnail wp-image-968\" style=\"margin: 3px; border: 0px none;\" title=\"Arenas Negras Markante Felsen\" src=\"http:\/\/www.mundi-roth.de\/teneriffa-blog\/wp-content\/uploads\/2010\/04\/RIMG0422-150x112.jpg\" alt=\"RIMG0422\" width=\"150\" height=\"112\" srcset=\"https:\/\/www.mundi-roth.de\/teneriffa-blog\/wp-content\/uploads\/2010\/04\/RIMG0422-150x112.jpg 150w, https:\/\/www.mundi-roth.de\/teneriffa-blog\/wp-content\/uploads\/2010\/04\/RIMG0422-300x225.jpg 300w, https:\/\/www.mundi-roth.de\/teneriffa-blog\/wp-content\/uploads\/2010\/04\/RIMG0422.jpg 600w\" sizes=\"auto, (max-width: 150px) 100vw, 150px\" \/><\/a>Auf den Vulkankegel zugehen, markante Felsen unterhalb passieren, dann rechts halten und auf gro\u00dfe, wieder austreibende, mit Flechten behangene Kiefern zugehen. Hat man diese passiert, weisen kleine, wei\u00dfe Tafeln mit einem Hund daraufhin, dass hier wohl Jagdgebiet ist. Und dann: Wir haben den Weg wieder. Er schl\u00e4ngelt sich links durch das Gestein,\u00a0 ist gut auszumachen und tats\u00e4chlich treffen wir dann auch wieder auf eine Markierung: Diesmal orange-farbene Punkte. Niedrige Kiefern und vereinzelte Steinm\u00e4nnchen begleiten den ger\u00f6lligen Pfad zwischen Lavabrocken. Abw\u00e4rtsgehend gelangen wir wieder in den hohen Kiefernwald, hier halten wir uns links, steigen etwas an, sehen weit oben die auf dem Hinweg passierte gemauerte Wasserleitung, jedoch im unteren Drittel halten wir uns rechts, gehen erst noch \u00fcber Pic\u00f3n, dann \u00fcber Kiefernnadeln, k\u00f6nnen diverse Fahrspuren ausmachen und freundliche Vorwanderer haben wieder Steinm\u00e4nnchen platziert. Nach kurzer Zeit haben wir wieder den mit Steinen eingegrenzten Pfad erreicht. Folgen ihm so lange bis zu der Stelle, an der wir auf dem Hinweg gewechselt haben. W\u00fcrden wir dem Superweg weiter folgen, k\u00e4men wir, laut Aussage einer Mitwanderin, an dem tiefer gelegenen Grillplatz aus.<br \/>\nNach knapp 3 Stunden sind wir wieder am Ausgangspunkt.<\/p>\n<p><strong>Botanik:<\/strong><br \/>\nJetzt im April ist die Anfahrt schon eine Augenweide: Die H\u00e4nge sind \u00fcberzogen mit dem zarten Lila der Cinerarien, dazwischen das Gelb der ersten G\u00e4nsedisteln.<br \/>\n<a href=\"http:\/\/www.mundi-roth.de\/teneriffa-blog\/wp-content\/uploads\/2010\/04\/RIMG0419.jpg\" rel=\"lightbox[956]\"><img loading=\"lazy\" decoding=\"async\" class=\"alignleft size-thumbnail wp-image-963\" style=\"margin: 3px; border: 0px none;\" title=\"Los Llanos Hornklee\" src=\"http:\/\/www.mundi-roth.de\/teneriffa-blog\/wp-content\/uploads\/2010\/04\/RIMG0419-150x112.jpg\" alt=\"RIMG0419\" width=\"150\" height=\"112\" srcset=\"https:\/\/www.mundi-roth.de\/teneriffa-blog\/wp-content\/uploads\/2010\/04\/RIMG0419-150x112.jpg 150w, https:\/\/www.mundi-roth.de\/teneriffa-blog\/wp-content\/uploads\/2010\/04\/RIMG0419-300x225.jpg 300w, https:\/\/www.mundi-roth.de\/teneriffa-blog\/wp-content\/uploads\/2010\/04\/RIMG0419.jpg 600w\" sizes=\"auto, (max-width: 150px) 100vw, 150px\" \/><\/a>Auf unserer Wanderung sind wir begeistert von dem kr\u00e4ftigen Gelb der Hornkleepolster unter den Kiefern, dem Gelb des Kanaren-<a href=\"http:\/\/www.mundi-roth.de\/teneriffa-blog\/wp-content\/uploads\/2010\/04\/SANY2993.jpg\" rel=\"lightbox[956]\"><img loading=\"lazy\" decoding=\"async\" class=\"alignright size-thumbnail wp-image-964\" style=\"margin: 3px; border: 0px none;\" title=\"Zistrose\" src=\"http:\/\/www.mundi-roth.de\/teneriffa-blog\/wp-content\/uploads\/2010\/04\/SANY2993-150x112.jpg\" alt=\"SANY2993\" width=\"150\" height=\"112\" srcset=\"https:\/\/www.mundi-roth.de\/teneriffa-blog\/wp-content\/uploads\/2010\/04\/SANY2993-150x112.jpg 150w, https:\/\/www.mundi-roth.de\/teneriffa-blog\/wp-content\/uploads\/2010\/04\/SANY2993-300x225.jpg 300w, https:\/\/www.mundi-roth.de\/teneriffa-blog\/wp-content\/uploads\/2010\/04\/SANY2993.jpg 600w\" sizes=\"auto, (max-width: 150px) 100vw, 150px\" \/><\/a>Hahnenfusses, dem Rosa der Zistrosen und den zarten, kleinen Bl\u00fcten des Veilchens.<br \/>\nWir bewundern die orchideenartigen <a href=\"http:\/\/www.mundi-roth.de\/teneriffa-blog\/wp-content\/uploads\/2010\/04\/RIMG0429.jpg\" rel=\"lightbox[956]\"><img loading=\"lazy\" decoding=\"async\" class=\"alignleft size-thumbnail wp-image-965\" style=\"margin: 3px; border: 0px none;\" title=\"Braunwurz\" src=\"http:\/\/www.mundi-roth.de\/teneriffa-blog\/wp-content\/uploads\/2010\/04\/RIMG0429-132x150.jpg\" alt=\"RIMG0429\" width=\"132\" height=\"150\" srcset=\"https:\/\/www.mundi-roth.de\/teneriffa-blog\/wp-content\/uploads\/2010\/04\/RIMG0429-132x150.jpg 132w, https:\/\/www.mundi-roth.de\/teneriffa-blog\/wp-content\/uploads\/2010\/04\/RIMG0429-265x300.jpg 265w, https:\/\/www.mundi-roth.de\/teneriffa-blog\/wp-content\/uploads\/2010\/04\/RIMG0429.jpg 531w\" sizes=\"auto, (max-width: 132px) 100vw, 132px\" \/><\/a>klitzekleinen Bl\u00fcten der Verkahlten Braunwurz, Scrophularia glabrata Ait \u201eFistulera\u201c. Es handelt sich hierbei um einen Kanaren Endemit und ist in den Ca\u00f1adas,\u00a0 Kiefernw\u00e4ldern und Baumheide-Geb\u00fcschen anzutreffen.<br \/>\nEs handelt sich um einen von Grund an reich verzweigten Halbstrauch, \u00c4ste sowie Bl\u00e4tter sind dr\u00fcsig.<\/p>\n<p><strong>Anfahrt:<\/strong><\/p>\n<p>Aus dem S\u00fcden der Insel kommend fahren wir auf der TF82 \u00fcber Guia de Isora,\u00a0 Santiago del Teide und wechseln nach dem Erjos-Pass auf die TF373 Richtung Icod de los Vinos<strong>. <\/strong>Wir nehmen dann den Abzweig, der nach Los Llanos f\u00fchrt und biegen gleich beim Ortseingang in die aufw\u00e4rts f\u00fchrende Calle La Hoya. Immer weiter hoch geht es, an der Bar Risco vorbei, bis zum links liegenden Picknickplatz.<\/p>\n","protected":false},"excerpt":{"rendered":"<p>Dieser Rundwanderung durch eine \u00e4u\u00dferst abwechslungsreiche Landschaft bietet sich gut f\u00fcr einem sonnigen Tag an, da ein gro\u00dfer Teil der Wanderung durch lichten Kiefernwald f\u00fchrt. Jedoch auch bei weniger sch\u00f6nem Wetter, mit wabernden Wolken- und Nebelschwaden hat diese Tour ihren Reiz, nur entgeht einem dann halt der hier sonst phantastische Aus-Rund-und Umblick auf eine Bilderbuchlandschaft [&hellip;]<\/p>\n","protected":false},"author":3,"featured_media":0,"comment_status":"open","ping_status":"open","sticky":false,"template":"","format":"standard","meta":{"footnotes":""},"categories":[779,6],"tags":[335,336,157,338,339,337,340,333,341,334,221],"class_list":["post-956","post","type-post","status-publish","format-standard","hentry","category-canadas","category-wanderungen","tag-arenas-negras","tag-bar-el-risco","tag-chinyero","tag-cinerarien","tag-gansedistel","tag-hornklee","tag-kanaren-hahnenfuss","tag-los-llanos","tag-verkahlte-braunwurz","tag-vulcan-garachico","tag-zistrosen"],"yoast_head":"<!-- This site is optimized with the Yoast SEO plugin v27.5 - https:\/\/yoast.com\/product\/yoast-seo-wordpress\/ -->\n<title>Los Llanos \u2013 Vulc\u00e1n Garachico \u2013 Arenas Negras - Teneriffa Wandern<\/title>\n<meta name=\"robots\" content=\"index, follow, max-snippet:-1, max-image-preview:large, max-video-preview:-1\" \/>\n<link rel=\"canonical\" href=\"https:\/\/www.mundi-roth.de\/teneriffa-blog\/wanderungen\/los-llanos-\u2013-vulcan-garachico-\u2013-arenas-negras\/\" \/>\n<meta name=\"twitter:label1\" content=\"Verfasst von\" \/>\n\t<meta name=\"twitter:data1\" content=\"ir\" \/>\n\t<meta name=\"twitter:label2\" content=\"Gesch\u00e4tzte Lesezeit\" \/>\n\t<meta name=\"twitter:data2\" content=\"5\u00a0Minuten\" \/>\n<script type=\"application\/ld+json\" class=\"yoast-schema-graph\">{\"@context\":\"https:\\\/\\\/schema.org\",\"@graph\":[{\"@type\":\"Article\",\"@id\":\"https:\\\/\\\/www.mundi-roth.de\\\/teneriffa-blog\\\/wanderungen\\\/los-llanos-%e2%80%93-vulcan-garachico-%e2%80%93-arenas-negras\\\/#article\",\"isPartOf\":{\"@id\":\"https:\\\/\\\/www.mundi-roth.de\\\/teneriffa-blog\\\/wanderungen\\\/los-llanos-%e2%80%93-vulcan-garachico-%e2%80%93-arenas-negras\\\/\"},\"author\":{\"name\":\"ir\",\"@id\":\"https:\\\/\\\/www.mundi-roth.de\\\/teneriffa-blog\\\/#\\\/schema\\\/person\\\/3afd0d251449790d15367c9aa52d203d\"},\"headline\":\"Los Llanos \u2013 Vulc\u00e1n Garachico \u2013 Arenas Negras\",\"datePublished\":\"2010-04-01T19:00:01+00:00\",\"dateModified\":\"2015-04-12T09:45:22+00:00\",\"mainEntityOfPage\":{\"@id\":\"https:\\\/\\\/www.mundi-roth.de\\\/teneriffa-blog\\\/wanderungen\\\/los-llanos-%e2%80%93-vulcan-garachico-%e2%80%93-arenas-negras\\\/\"},\"wordCount\":1046,\"commentCount\":0,\"image\":{\"@id\":\"https:\\\/\\\/www.mundi-roth.de\\\/teneriffa-blog\\\/wanderungen\\\/los-llanos-%e2%80%93-vulcan-garachico-%e2%80%93-arenas-negras\\\/#primaryimage\"},\"thumbnailUrl\":\"http:\\\/\\\/www.mundi-roth.de\\\/teneriffa-blog\\\/wp-content\\\/uploads\\\/2010\\\/04\\\/SANY2975-150x112.jpg\",\"keywords\":[\"Arenas Negras\",\"Bar El Risco\",\"Chinyero\",\"Cinerarien\",\"G\u00e4nsedistel\",\"Hornklee\",\"Kanaren-Hahnenfuss\",\"Los Llanos\",\"Verkahlte Braunwurz\",\"Vulc\u00e1n Garachico\",\"Zistrosen\"],\"articleSection\":[\"Ca\u00f1adas\",\"Wanderungen\"],\"inLanguage\":\"de\",\"potentialAction\":[{\"@type\":\"CommentAction\",\"name\":\"Comment\",\"target\":[\"https:\\\/\\\/www.mundi-roth.de\\\/teneriffa-blog\\\/wanderungen\\\/los-llanos-%e2%80%93-vulcan-garachico-%e2%80%93-arenas-negras\\\/#respond\"]}]},{\"@type\":\"WebPage\",\"@id\":\"https:\\\/\\\/www.mundi-roth.de\\\/teneriffa-blog\\\/wanderungen\\\/los-llanos-%e2%80%93-vulcan-garachico-%e2%80%93-arenas-negras\\\/\",\"url\":\"https:\\\/\\\/www.mundi-roth.de\\\/teneriffa-blog\\\/wanderungen\\\/los-llanos-%e2%80%93-vulcan-garachico-%e2%80%93-arenas-negras\\\/\",\"name\":\"Los Llanos \u2013 Vulc\u00e1n Garachico \u2013 Arenas Negras - Teneriffa Wandern\",\"isPartOf\":{\"@id\":\"https:\\\/\\\/www.mundi-roth.de\\\/teneriffa-blog\\\/#website\"},\"primaryImageOfPage\":{\"@id\":\"https:\\\/\\\/www.mundi-roth.de\\\/teneriffa-blog\\\/wanderungen\\\/los-llanos-%e2%80%93-vulcan-garachico-%e2%80%93-arenas-negras\\\/#primaryimage\"},\"image\":{\"@id\":\"https:\\\/\\\/www.mundi-roth.de\\\/teneriffa-blog\\\/wanderungen\\\/los-llanos-%e2%80%93-vulcan-garachico-%e2%80%93-arenas-negras\\\/#primaryimage\"},\"thumbnailUrl\":\"http:\\\/\\\/www.mundi-roth.de\\\/teneriffa-blog\\\/wp-content\\\/uploads\\\/2010\\\/04\\\/SANY2975-150x112.jpg\",\"datePublished\":\"2010-04-01T19:00:01+00:00\",\"dateModified\":\"2015-04-12T09:45:22+00:00\",\"author\":{\"@id\":\"https:\\\/\\\/www.mundi-roth.de\\\/teneriffa-blog\\\/#\\\/schema\\\/person\\\/3afd0d251449790d15367c9aa52d203d\"},\"breadcrumb\":{\"@id\":\"https:\\\/\\\/www.mundi-roth.de\\\/teneriffa-blog\\\/wanderungen\\\/los-llanos-%e2%80%93-vulcan-garachico-%e2%80%93-arenas-negras\\\/#breadcrumb\"},\"inLanguage\":\"de\",\"potentialAction\":[{\"@type\":\"ReadAction\",\"target\":[\"https:\\\/\\\/www.mundi-roth.de\\\/teneriffa-blog\\\/wanderungen\\\/los-llanos-%e2%80%93-vulcan-garachico-%e2%80%93-arenas-negras\\\/\"]}]},{\"@type\":\"ImageObject\",\"inLanguage\":\"de\",\"@id\":\"https:\\\/\\\/www.mundi-roth.de\\\/teneriffa-blog\\\/wanderungen\\\/los-llanos-%e2%80%93-vulcan-garachico-%e2%80%93-arenas-negras\\\/#primaryimage\",\"url\":\"https:\\\/\\\/www.mundi-roth.de\\\/teneriffa-blog\\\/wp-content\\\/uploads\\\/2010\\\/04\\\/SANY2975.jpg\",\"contentUrl\":\"https:\\\/\\\/www.mundi-roth.de\\\/teneriffa-blog\\\/wp-content\\\/uploads\\\/2010\\\/04\\\/SANY2975.jpg\",\"width\":\"600\",\"height\":\"450\"},{\"@type\":\"BreadcrumbList\",\"@id\":\"https:\\\/\\\/www.mundi-roth.de\\\/teneriffa-blog\\\/wanderungen\\\/los-llanos-%e2%80%93-vulcan-garachico-%e2%80%93-arenas-negras\\\/#breadcrumb\",\"itemListElement\":[{\"@type\":\"ListItem\",\"position\":1,\"name\":\"Startseite\",\"item\":\"https:\\\/\\\/www.mundi-roth.de\\\/teneriffa-blog\\\/\"},{\"@type\":\"ListItem\",\"position\":2,\"name\":\"Los Llanos \u2013 Vulc\u00e1n Garachico \u2013 Arenas Negras\"}]},{\"@type\":\"WebSite\",\"@id\":\"https:\\\/\\\/www.mundi-roth.de\\\/teneriffa-blog\\\/#website\",\"url\":\"https:\\\/\\\/www.mundi-roth.de\\\/teneriffa-blog\\\/\",\"name\":\"Teneriffa Wandern\",\"description\":\"Nicht nur Wanderungen auf Teneriffa...\",\"potentialAction\":[{\"@type\":\"SearchAction\",\"target\":{\"@type\":\"EntryPoint\",\"urlTemplate\":\"https:\\\/\\\/www.mundi-roth.de\\\/teneriffa-blog\\\/?s={search_term_string}\"},\"query-input\":{\"@type\":\"PropertyValueSpecification\",\"valueRequired\":true,\"valueName\":\"search_term_string\"}}],\"inLanguage\":\"de\"},{\"@type\":\"Person\",\"@id\":\"https:\\\/\\\/www.mundi-roth.de\\\/teneriffa-blog\\\/#\\\/schema\\\/person\\\/3afd0d251449790d15367c9aa52d203d\",\"name\":\"ir\",\"image\":{\"@type\":\"ImageObject\",\"inLanguage\":\"de\",\"@id\":\"https:\\\/\\\/secure.gravatar.com\\\/avatar\\\/e67b41513c921c2bb58363f44c8a00a447c9a2526ad8ff71b5b6257e5f7f5c66?s=96&d=mm&r=g\",\"url\":\"https:\\\/\\\/secure.gravatar.com\\\/avatar\\\/e67b41513c921c2bb58363f44c8a00a447c9a2526ad8ff71b5b6257e5f7f5c66?s=96&d=mm&r=g\",\"contentUrl\":\"https:\\\/\\\/secure.gravatar.com\\\/avatar\\\/e67b41513c921c2bb58363f44c8a00a447c9a2526ad8ff71b5b6257e5f7f5c66?s=96&d=mm&r=g\",\"caption\":\"ir\"},\"sameAs\":[\"http:\\\/\\\/www.mundi-roth.de\"],\"url\":\"https:\\\/\\\/www.mundi-roth.de\\\/teneriffa-blog\\\/author\\\/ir\\\/\"}]}<\/script>\n<!-- \/ Yoast SEO plugin. -->","yoast_head_json":{"title":"Los Llanos \u2013 Vulc\u00e1n Garachico \u2013 Arenas Negras - Teneriffa Wandern","robots":{"index":"index","follow":"follow","max-snippet":"max-snippet:-1","max-image-preview":"max-image-preview:large","max-video-preview":"max-video-preview:-1"},"canonical":"https:\/\/www.mundi-roth.de\/teneriffa-blog\/wanderungen\/los-llanos-\u2013-vulcan-garachico-\u2013-arenas-negras\/","twitter_misc":{"Verfasst von":"ir","Gesch\u00e4tzte Lesezeit":"5\u00a0Minuten"},"schema":{"@context":"https:\/\/schema.org","@graph":[{"@type":"Article","@id":"https:\/\/www.mundi-roth.de\/teneriffa-blog\/wanderungen\/los-llanos-%e2%80%93-vulcan-garachico-%e2%80%93-arenas-negras\/#article","isPartOf":{"@id":"https:\/\/www.mundi-roth.de\/teneriffa-blog\/wanderungen\/los-llanos-%e2%80%93-vulcan-garachico-%e2%80%93-arenas-negras\/"},"author":{"name":"ir","@id":"https:\/\/www.mundi-roth.de\/teneriffa-blog\/#\/schema\/person\/3afd0d251449790d15367c9aa52d203d"},"headline":"Los Llanos \u2013 Vulc\u00e1n Garachico \u2013 Arenas Negras","datePublished":"2010-04-01T19:00:01+00:00","dateModified":"2015-04-12T09:45:22+00:00","mainEntityOfPage":{"@id":"https:\/\/www.mundi-roth.de\/teneriffa-blog\/wanderungen\/los-llanos-%e2%80%93-vulcan-garachico-%e2%80%93-arenas-negras\/"},"wordCount":1046,"commentCount":0,"image":{"@id":"https:\/\/www.mundi-roth.de\/teneriffa-blog\/wanderungen\/los-llanos-%e2%80%93-vulcan-garachico-%e2%80%93-arenas-negras\/#primaryimage"},"thumbnailUrl":"http:\/\/www.mundi-roth.de\/teneriffa-blog\/wp-content\/uploads\/2010\/04\/SANY2975-150x112.jpg","keywords":["Arenas Negras","Bar El Risco","Chinyero","Cinerarien","G\u00e4nsedistel","Hornklee","Kanaren-Hahnenfuss","Los Llanos","Verkahlte Braunwurz","Vulc\u00e1n Garachico","Zistrosen"],"articleSection":["Ca\u00f1adas","Wanderungen"],"inLanguage":"de","potentialAction":[{"@type":"CommentAction","name":"Comment","target":["https:\/\/www.mundi-roth.de\/teneriffa-blog\/wanderungen\/los-llanos-%e2%80%93-vulcan-garachico-%e2%80%93-arenas-negras\/#respond"]}]},{"@type":"WebPage","@id":"https:\/\/www.mundi-roth.de\/teneriffa-blog\/wanderungen\/los-llanos-%e2%80%93-vulcan-garachico-%e2%80%93-arenas-negras\/","url":"https:\/\/www.mundi-roth.de\/teneriffa-blog\/wanderungen\/los-llanos-%e2%80%93-vulcan-garachico-%e2%80%93-arenas-negras\/","name":"Los Llanos \u2013 Vulc\u00e1n Garachico \u2013 Arenas Negras - Teneriffa Wandern","isPartOf":{"@id":"https:\/\/www.mundi-roth.de\/teneriffa-blog\/#website"},"primaryImageOfPage":{"@id":"https:\/\/www.mundi-roth.de\/teneriffa-blog\/wanderungen\/los-llanos-%e2%80%93-vulcan-garachico-%e2%80%93-arenas-negras\/#primaryimage"},"image":{"@id":"https:\/\/www.mundi-roth.de\/teneriffa-blog\/wanderungen\/los-llanos-%e2%80%93-vulcan-garachico-%e2%80%93-arenas-negras\/#primaryimage"},"thumbnailUrl":"http:\/\/www.mundi-roth.de\/teneriffa-blog\/wp-content\/uploads\/2010\/04\/SANY2975-150x112.jpg","datePublished":"2010-04-01T19:00:01+00:00","dateModified":"2015-04-12T09:45:22+00:00","author":{"@id":"https:\/\/www.mundi-roth.de\/teneriffa-blog\/#\/schema\/person\/3afd0d251449790d15367c9aa52d203d"},"breadcrumb":{"@id":"https:\/\/www.mundi-roth.de\/teneriffa-blog\/wanderungen\/los-llanos-%e2%80%93-vulcan-garachico-%e2%80%93-arenas-negras\/#breadcrumb"},"inLanguage":"de","potentialAction":[{"@type":"ReadAction","target":["https:\/\/www.mundi-roth.de\/teneriffa-blog\/wanderungen\/los-llanos-%e2%80%93-vulcan-garachico-%e2%80%93-arenas-negras\/"]}]},{"@type":"ImageObject","inLanguage":"de","@id":"https:\/\/www.mundi-roth.de\/teneriffa-blog\/wanderungen\/los-llanos-%e2%80%93-vulcan-garachico-%e2%80%93-arenas-negras\/#primaryimage","url":"https:\/\/www.mundi-roth.de\/teneriffa-blog\/wp-content\/uploads\/2010\/04\/SANY2975.jpg","contentUrl":"https:\/\/www.mundi-roth.de\/teneriffa-blog\/wp-content\/uploads\/2010\/04\/SANY2975.jpg","width":"600","height":"450"},{"@type":"BreadcrumbList","@id":"https:\/\/www.mundi-roth.de\/teneriffa-blog\/wanderungen\/los-llanos-%e2%80%93-vulcan-garachico-%e2%80%93-arenas-negras\/#breadcrumb","itemListElement":[{"@type":"ListItem","position":1,"name":"Startseite","item":"https:\/\/www.mundi-roth.de\/teneriffa-blog\/"},{"@type":"ListItem","position":2,"name":"Los Llanos \u2013 Vulc\u00e1n Garachico \u2013 Arenas Negras"}]},{"@type":"WebSite","@id":"https:\/\/www.mundi-roth.de\/teneriffa-blog\/#website","url":"https:\/\/www.mundi-roth.de\/teneriffa-blog\/","name":"Teneriffa Wandern","description":"Nicht nur Wanderungen auf Teneriffa...","potentialAction":[{"@type":"SearchAction","target":{"@type":"EntryPoint","urlTemplate":"https:\/\/www.mundi-roth.de\/teneriffa-blog\/?s={search_term_string}"},"query-input":{"@type":"PropertyValueSpecification","valueRequired":true,"valueName":"search_term_string"}}],"inLanguage":"de"},{"@type":"Person","@id":"https:\/\/www.mundi-roth.de\/teneriffa-blog\/#\/schema\/person\/3afd0d251449790d15367c9aa52d203d","name":"ir","image":{"@type":"ImageObject","inLanguage":"de","@id":"https:\/\/secure.gravatar.com\/avatar\/e67b41513c921c2bb58363f44c8a00a447c9a2526ad8ff71b5b6257e5f7f5c66?s=96&d=mm&r=g","url":"https:\/\/secure.gravatar.com\/avatar\/e67b41513c921c2bb58363f44c8a00a447c9a2526ad8ff71b5b6257e5f7f5c66?s=96&d=mm&r=g","contentUrl":"https:\/\/secure.gravatar.com\/avatar\/e67b41513c921c2bb58363f44c8a00a447c9a2526ad8ff71b5b6257e5f7f5c66?s=96&d=mm&r=g","caption":"ir"},"sameAs":["http:\/\/www.mundi-roth.de"],"url":"https:\/\/www.mundi-roth.de\/teneriffa-blog\/author\/ir\/"}]}},"_links":{"self":[{"href":"https:\/\/www.mundi-roth.de\/teneriffa-blog\/wp-json\/wp\/v2\/posts\/956","targetHints":{"allow":["GET"]}}],"collection":[{"href":"https:\/\/www.mundi-roth.de\/teneriffa-blog\/wp-json\/wp\/v2\/posts"}],"about":[{"href":"https:\/\/www.mundi-roth.de\/teneriffa-blog\/wp-json\/wp\/v2\/types\/post"}],"author":[{"embeddable":true,"href":"https:\/\/www.mundi-roth.de\/teneriffa-blog\/wp-json\/wp\/v2\/users\/3"}],"replies":[{"embeddable":true,"href":"https:\/\/www.mundi-roth.de\/teneriffa-blog\/wp-json\/wp\/v2\/comments?post=956"}],"version-history":[{"count":0,"href":"https:\/\/www.mundi-roth.de\/teneriffa-blog\/wp-json\/wp\/v2\/posts\/956\/revisions"}],"wp:attachment":[{"href":"https:\/\/www.mundi-roth.de\/teneriffa-blog\/wp-json\/wp\/v2\/media?parent=956"}],"wp:term":[{"taxonomy":"category","embeddable":true,"href":"https:\/\/www.mundi-roth.de\/teneriffa-blog\/wp-json\/wp\/v2\/categories?post=956"},{"taxonomy":"post_tag","embeddable":true,"href":"https:\/\/www.mundi-roth.de\/teneriffa-blog\/wp-json\/wp\/v2\/tags?post=956"}],"curies":[{"name":"wp","href":"https:\/\/api.w.org\/{rel}","templated":true}]}}