{"id":971,"date":"2010-04-15T20:00:12","date_gmt":"2010-04-15T19:00:12","guid":{"rendered":"http:\/\/www.mundi-roth.de\/teneriffa-blog\/?p=971"},"modified":"2015-04-12T10:44:27","modified_gmt":"2015-04-12T09:44:27","slug":"rambla-de-castro","status":"publish","type":"post","link":"https:\/\/www.mundi-roth.de\/teneriffa-blog\/wanderungen\/rambla-de-castro\/","title":{"rendered":"Rambla de Castro"},"content":{"rendered":"<p><strong>Vorab: Eine traumhaft sch\u00f6ne Wanderung entlang einer Steilk\u00fcste mit Palmen!<\/strong><br \/>\nF\u00fcr uns aus dem S\u00fcden v\u00f6llig neuartige Eindr\u00fccke.<a href=\"http:\/\/www.mundi-roth.de\/teneriffa-blog\/wp-content\/uploads\/2010\/04\/00050.jpg\" rel=\"lightbox[971]\"><img loading=\"lazy\" decoding=\"async\" class=\"alignright size-thumbnail wp-image-972\" title=\"Rambla de Castro\" src=\"http:\/\/www.mundi-roth.de\/teneriffa-blog\/wp-content\/uploads\/2010\/04\/00050-150x68.jpg\" alt=\"\" width=\"150\" height=\"68\" srcset=\"https:\/\/www.mundi-roth.de\/teneriffa-blog\/wp-content\/uploads\/2010\/04\/00050-150x68.jpg 150w, https:\/\/www.mundi-roth.de\/teneriffa-blog\/wp-content\/uploads\/2010\/04\/00050-300x137.jpg 300w, https:\/\/www.mundi-roth.de\/teneriffa-blog\/wp-content\/uploads\/2010\/04\/00050.jpg 600w\" sizes=\"auto, (max-width: 150px) 100vw, 150px\" \/><\/a><br \/>\nZugegeben: Um nur eine zweist\u00fcndige Wanderung zu machen, w\u00e4re die Anfahrt aus dem S\u00fcden \u00fcberzogen. Hat man jedoch im Norden etwas zu erledigen, so sollte man Zeit f\u00fcr diese sch\u00f6ne, wenig anstrengende Wanderung einplanen!<\/p>\n<p><strong>Wander-Wegstrecke:<\/strong> Hin und Zur\u00fcck gut 2 Stunden<br \/>\nEs gibt diverse Einstiegsm\u00f6glichkeiten, so z.B. vom Hotel Maritim aus.<br \/>\n<a href=\"http:\/\/www.mundi-roth.de\/teneriffa-blog\/wp-content\/uploads\/2010\/04\/0.jpg\" rel=\"lightbox[971]\"><img loading=\"lazy\" decoding=\"async\" class=\"alignleft size-thumbnail wp-image-973\" title=\"Calle Geranios\" src=\"http:\/\/www.mundi-roth.de\/teneriffa-blog\/wp-content\/uploads\/2010\/04\/0-150x103.jpg\" alt=\"\" width=\"150\" height=\"103\" srcset=\"https:\/\/www.mundi-roth.de\/teneriffa-blog\/wp-content\/uploads\/2010\/04\/0-150x103.jpg 150w, https:\/\/www.mundi-roth.de\/teneriffa-blog\/wp-content\/uploads\/2010\/04\/0-300x207.jpg 300w, https:\/\/www.mundi-roth.de\/teneriffa-blog\/wp-content\/uploads\/2010\/04\/0.jpg 510w\" sizes=\"auto, (max-width: 150px) 100vw, 150px\" \/><\/a>Wir begannen die Wanderung in Los Realejos bajo, im Viertel Romantica II.<a href=\"http:\/\/www.mundi-roth.de\/teneriffa-blog\/wp-content\/uploads\/2010\/04\/00040.jpg\" rel=\"lightbox[971]\"><img loading=\"lazy\" decoding=\"async\" class=\"alignright size-thumbnail wp-image-974\" title=\"00040\" src=\"http:\/\/www.mundi-roth.de\/teneriffa-blog\/wp-content\/uploads\/2010\/04\/00040-150x91.jpg\" alt=\"\" width=\"150\" height=\"91\" srcset=\"https:\/\/www.mundi-roth.de\/teneriffa-blog\/wp-content\/uploads\/2010\/04\/00040-150x91.jpg 150w, https:\/\/www.mundi-roth.de\/teneriffa-blog\/wp-content\/uploads\/2010\/04\/00040-300x183.jpg 300w, https:\/\/www.mundi-roth.de\/teneriffa-blog\/wp-content\/uploads\/2010\/04\/00040.jpg 440w\" sizes=\"auto, (max-width: 150px) 100vw, 150px\" \/><\/a> Ein verschmiertes Hinweisschild \u201eLa Gordejuela\u201c 15 Minuten und \u201eLa Casona\u201c 1:30 Stunden weist uns den Weg. Die Wanderung ist gekennzeichnet mit Nr. 1. Unser Ziel war die Hacienda de Castro <a href=\"http:\/\/www.mundi-roth.de\/teneriffa-blog\/wp-content\/uploads\/2010\/04\/00340.jpg\" rel=\"lightbox[971]\"><img loading=\"lazy\" decoding=\"async\" class=\"alignleft size-thumbnail wp-image-984\" title=\"Hacienda de Castro\" src=\"http:\/\/www.mundi-roth.de\/teneriffa-blog\/wp-content\/uploads\/2010\/04\/00340-150x112.jpg\" alt=\"\" width=\"150\" height=\"112\" srcset=\"https:\/\/www.mundi-roth.de\/teneriffa-blog\/wp-content\/uploads\/2010\/04\/00340-150x112.jpg 150w, https:\/\/www.mundi-roth.de\/teneriffa-blog\/wp-content\/uploads\/2010\/04\/00340-300x225.jpg 300w, https:\/\/www.mundi-roth.de\/teneriffa-blog\/wp-content\/uploads\/2010\/04\/00340.jpg 600w\" sizes=\"auto, (max-width: 150px) 100vw, 150px\" \/><\/a>und<br \/>\nverlaufen kann man sich praktisch nicht. Der Weg ist gut pr\u00e4pariert. Er f\u00fchrt im <a href=\"http:\/\/www.mundi-roth.de\/teneriffa-blog\/wp-content\/uploads\/2010\/04\/00060.jpg\" rel=\"lightbox[971]\"><img loading=\"lazy\" decoding=\"async\" class=\"alignright size-thumbnail wp-image-975\" title=\"Rambla de Castro\" src=\"http:\/\/www.mundi-roth.de\/teneriffa-blog\/wp-content\/uploads\/2010\/04\/00060-150x112.jpg\" alt=\"\" width=\"150\" height=\"112\" srcset=\"https:\/\/www.mundi-roth.de\/teneriffa-blog\/wp-content\/uploads\/2010\/04\/00060-150x112.jpg 150w, https:\/\/www.mundi-roth.de\/teneriffa-blog\/wp-content\/uploads\/2010\/04\/00060-300x225.jpg 300w, https:\/\/www.mundi-roth.de\/teneriffa-blog\/wp-content\/uploads\/2010\/04\/00060.jpg 600w\" sizes=\"auto, (max-width: 150px) 100vw, 150px\" \/><\/a>Naturschutz- gebiet zum Teil \u00fcber Pflaster, das aus der Guanchen-Zeit stammen k\u00f6nnte, betonierten Strecken, Sand- und Felspfaden, ges\u00e4umt von einer Pflanzenvielfalt und dazwischen Palmen. Dieser Landstrich z\u00e4hlt zu den fruchtbarsten und gr\u00fcnsten der Insel. Und es ist kein Wunder, dass wir uns hier auch im Naturschutzgebiet befinden.<a href=\"http:\/\/www.mundi-roth.de\/teneriffa-blog\/wp-content\/uploads\/2010\/04\/00114.jpg\" rel=\"lightbox[971]\"><img loading=\"lazy\" decoding=\"async\" class=\"alignright size-thumbnail wp-image-976\" title=\"Wasserpumpenstation\" src=\"http:\/\/www.mundi-roth.de\/teneriffa-blog\/wp-content\/uploads\/2010\/04\/00114-112x150.jpg\" alt=\"\" width=\"112\" height=\"150\" srcset=\"https:\/\/www.mundi-roth.de\/teneriffa-blog\/wp-content\/uploads\/2010\/04\/00114-112x150.jpg 112w, https:\/\/www.mundi-roth.de\/teneriffa-blog\/wp-content\/uploads\/2010\/04\/00114-225x300.jpg 225w, https:\/\/www.mundi-roth.de\/teneriffa-blog\/wp-content\/uploads\/2010\/04\/00114.jpg 450w\" sizes=\"auto, (max-width: 112px) 100vw, 112px\" \/><\/a><br \/>\nNach den angegebenen 15 Minuten erblicken wir unten am Meer eine malerische, mehrere Stockwerke hohe Ruine, die eher an ein Schloss erinnert als an eine Wasserpumpenstation. Es ist jedoch die erste Wasserpumpe (Aguas de Gordejuela) auf der Insel, die im Jahre 1903 von der Familie Hamilton und dem Milit\u00e4ringenieur Jos\u00e9 Galv\u00e1n geschaffen wurde, um das Wasser der Gordejuela Quelle, das bis dahin ungehindert ins Meer floss,\u00a0 zur Bew\u00e4sserung\u00a0 nutzen zu k\u00f6nnen. So wurde das bis dahin trockene Brachland f\u00fcr die Landwirtschaft erschlossen.<br \/>\n<a href=\"http:\/\/www.mundi-roth.de\/teneriffa-blog\/wp-content\/uploads\/2010\/04\/00113.jpg\" rel=\"lightbox[971]\"><img loading=\"lazy\" decoding=\"async\" class=\"alignleft size-thumbnail wp-image-977\" title=\"00113\" src=\"http:\/\/www.mundi-roth.de\/teneriffa-blog\/wp-content\/uploads\/2010\/04\/00113-150x112.jpg\" alt=\"\" width=\"150\" height=\"112\" srcset=\"https:\/\/www.mundi-roth.de\/teneriffa-blog\/wp-content\/uploads\/2010\/04\/00113-150x112.jpg 150w, https:\/\/www.mundi-roth.de\/teneriffa-blog\/wp-content\/uploads\/2010\/04\/00113-300x225.jpg 300w, https:\/\/www.mundi-roth.de\/teneriffa-blog\/wp-content\/uploads\/2010\/04\/00113.jpg 600w\" sizes=\"auto, (max-width: 150px) 100vw, 150px\" \/><\/a>Das n\u00e4chste Hinweisschild Nr. 1 \u201ePlaya de los Roques \u2013 La Casona\u201c (hierbei handelt es sich um Hotels) best\u00e4tigt uns die Richtigkeit des eingeschlagenen Weges. Ein Steg f\u00fchrt uns nun \u00fcber die Schlucht und wir steigen aufw\u00e4rts, kommen an dem neueren Geb\u00e4ude der Aguas de Gordejuela vorbei und entlang einer Finca\u00a0 passieren wir eine rot-weis-gestrichene Schranke und hier biegen wir rechts ab.<\/p>\n<p>Ein Blick \u00fcber die Mauer auf einen \u00fcppigen Orangenhain und eine Avocadoanpflanzung zeigen uns, wie gut das Wasser genutzt wird.<br \/>\n<a href=\"http:\/\/www.mundi-roth.de\/teneriffa-blog\/wp-content\/uploads\/2010\/04\/00210.jpg\" rel=\"lightbox[971]\"><img loading=\"lazy\" decoding=\"async\" class=\"alignleft size-thumbnail wp-image-979\" title=\"00210\" src=\"http:\/\/www.mundi-roth.de\/teneriffa-blog\/wp-content\/uploads\/2010\/04\/00210-150x112.jpg\" alt=\"\" width=\"150\" height=\"112\" srcset=\"https:\/\/www.mundi-roth.de\/teneriffa-blog\/wp-content\/uploads\/2010\/04\/00210-150x112.jpg 150w, https:\/\/www.mundi-roth.de\/teneriffa-blog\/wp-content\/uploads\/2010\/04\/00210-300x225.jpg 300w, https:\/\/www.mundi-roth.de\/teneriffa-blog\/wp-content\/uploads\/2010\/04\/00210.jpg 600w\" sizes=\"auto, (max-width: 150px) 100vw, 150px\" \/><\/a>Der Weg f\u00e4llt nun leicht ab und wir haben ungehinderte Sicht auf das Meer. Durch den heute heftige wehenden Wind bauen sich gro\u00dfe Wellen auf, deren Gischt gegen die Felsen klatscht. Dazu Sonnenschein! Einfach sch\u00f6n!<br \/>\nUnser Weg f\u00fchrt uns durch Gr\u00fcn und an Palmen vorbei. Einzigartig!<\/p>\n<p><strong>Unser Ziel die Hacienda de Castro<\/strong>.<br \/>\n<a href=\"http:\/\/www.mundi-roth.de\/teneriffa-blog\/wp-content\/uploads\/2010\/04\/00260.jpg\" rel=\"lightbox[971]\"><img loading=\"lazy\" decoding=\"async\" class=\"alignleft size-thumbnail wp-image-980\" title=\"Hacieda de Castro\" src=\"http:\/\/www.mundi-roth.de\/teneriffa-blog\/wp-content\/uploads\/2010\/04\/00260-150x112.jpg\" alt=\"\" width=\"150\" height=\"112\" srcset=\"https:\/\/www.mundi-roth.de\/teneriffa-blog\/wp-content\/uploads\/2010\/04\/00260-150x112.jpg 150w, https:\/\/www.mundi-roth.de\/teneriffa-blog\/wp-content\/uploads\/2010\/04\/00260-300x225.jpg 300w, https:\/\/www.mundi-roth.de\/teneriffa-blog\/wp-content\/uploads\/2010\/04\/00260.jpg 600w\" sizes=\"auto, (max-width: 150px) 100vw, 150px\" \/><\/a>Wir streifen um das verlassene Haus aus dem 17. Jahrhundert und erinnern uns gelesen zu haben, dass das Gel\u00e4nde\u00a0 im 16. Jahrhundert dem<a href=\"http:\/\/www.mundi-roth.de\/teneriffa-blog\/wp-content\/uploads\/2010\/04\/00280.jpg\" rel=\"lightbox[971]\"><img loading=\"lazy\" decoding=\"async\" class=\"alignright size-thumbnail wp-image-981\" title=\"Hacienda de Castro\" src=\"http:\/\/www.mundi-roth.de\/teneriffa-blog\/wp-content\/uploads\/2010\/04\/00280-150x112.jpg\" alt=\"\" width=\"150\" height=\"112\" srcset=\"https:\/\/www.mundi-roth.de\/teneriffa-blog\/wp-content\/uploads\/2010\/04\/00280-150x112.jpg 150w, https:\/\/www.mundi-roth.de\/teneriffa-blog\/wp-content\/uploads\/2010\/04\/00280-300x225.jpg 300w, https:\/\/www.mundi-roth.de\/teneriffa-blog\/wp-content\/uploads\/2010\/04\/00280.jpg 600w\" sizes=\"auto, (max-width: 150px) 100vw, 150px\" \/><\/a> Portogiesen Hernando de Castro, einem Mitstreiter des Eroberers Teneriffas, Fern\u00e1ndez de Lugo, von diesem als \u201eMayorazgo\u201c zugeteilt wurde.<br \/>\nHernando de Castro lie\u00df dort dann das Anwesen mit Kapelle errichten. Durch den Wasserreichtum dieser Gegend war es m\u00f6glich, dieses einzigartige Ambiente mit dem wohl gr\u00f6\u00dften Palmenhain der Insel anzulegen.<\/p>\n<p>Durch ein verwittertes Schild, auf dem wir so etwas wie agua &#8230;.. lesen k\u00f6nnen, wurden wir neugierig und befragten dort arbeitende G\u00e4rtner. Sie erkl\u00e4rten uns, dass wir in 5 Minuten an der fuente, der Quelle, w\u00e4ren. <a href=\"http:\/\/www.mundi-roth.de\/teneriffa-blog\/wp-content\/uploads\/2010\/04\/00290.jpg\" rel=\"lightbox[971]\"><img loading=\"lazy\" decoding=\"async\" class=\"alignleft size-thumbnail wp-image-982\" title=\"Quelle mit Teidewasser\" src=\"http:\/\/www.mundi-roth.de\/teneriffa-blog\/wp-content\/uploads\/2010\/04\/00290-150x112.jpg\" alt=\"\" width=\"150\" height=\"112\" srcset=\"https:\/\/www.mundi-roth.de\/teneriffa-blog\/wp-content\/uploads\/2010\/04\/00290-150x112.jpg 150w, https:\/\/www.mundi-roth.de\/teneriffa-blog\/wp-content\/uploads\/2010\/04\/00290-300x225.jpg 300w, https:\/\/www.mundi-roth.de\/teneriffa-blog\/wp-content\/uploads\/2010\/04\/00290.jpg 600w\" sizes=\"auto, (max-width: 150px) 100vw, 150px\" \/><\/a>Selbstverst\u00e4ndlich machten wir diesen Abstecher und haben es nicht bereut. Der Weg dorthin ist bestens pr\u00e4pariert. \u00dcber Holzbohlen und eine Treppe steigen wir tats\u00e4chlich in nicht mehr als 5 Minuten zur Quelle auf. Einheimische Jugendliche erkl\u00e4ren uns, dass es sich um Teide-Wasser handeln w\u00fcrde. Ob es stimmt? Auf alle F\u00e4lle f\u00fcllen wir unsere Wasserflaschen mit frischem Quellwasser auf..<br \/>\nAuf dem R\u00fcckweg verlockt uns noch die Hinweistafel \u201e El Fort\u00edn\u201c 5 Minuten. den kleinen Abstecher zu machen.<br \/>\nAuch dorthin ist der Weg bestens pr\u00e4pariert und von der ehemaligen <a href=\"http:\/\/www.mundi-roth.de\/teneriffa-blog\/wp-content\/uploads\/2010\/04\/00330.jpg\" rel=\"lightbox[971]\"><img loading=\"lazy\" decoding=\"async\" class=\"alignright size-thumbnail wp-image-983\" title=\"El Fortin\" src=\"http:\/\/www.mundi-roth.de\/teneriffa-blog\/wp-content\/uploads\/2010\/04\/00330-150x112.jpg\" alt=\"\" width=\"150\" height=\"112\" srcset=\"https:\/\/www.mundi-roth.de\/teneriffa-blog\/wp-content\/uploads\/2010\/04\/00330-150x112.jpg 150w, https:\/\/www.mundi-roth.de\/teneriffa-blog\/wp-content\/uploads\/2010\/04\/00330-300x225.jpg 300w, https:\/\/www.mundi-roth.de\/teneriffa-blog\/wp-content\/uploads\/2010\/04\/00330.jpg 600w\" sizes=\"auto, (max-width: 150px) 100vw, 150px\" \/><\/a>Festungsanlage El Fort\u00edn de San Fernando, das zur Abwehr gegen Angriffe 1808 erbaut wurde, hat man einen wundersch\u00f6nen Ausblick. Von den fr\u00fcher f\u00fcnf Kanonen, die hier zur Verteidigung installiert waren, sind immerhin noch drei zu sehen.<br \/>\nDa wir keine Schwimm-Ambitionen hatten, lie\u00dfen wir den Hinweis zur Playa Castro, wie auch auf dem R\u00fcckweg den zur Playa La Fajana unbeachtet.<br \/>\nDer Hinweg ist zugleich der R\u00fcckweg durch eine malerische, \u00fcppig gr\u00fcne Landschaft. Zudem wandern wir in einer f\u00fcr die Kanaren geschichtstr\u00e4chtige Gegend.<\/p>\n<p><strong>Besonderheit:<\/strong><br \/>\nDas Majoratsrecht, \u201eMayorazgo\u201c, das nach dem alten kastilischen Gesetz Verm\u00f6genswerte miteinander verkn\u00fcpfte, die nie gebrochen werden durften,\u00a0 garantiert, da es sich hierbei um ein Erstgeburtsrecht handelte, dass der \u00e4lteste Sohn jeweils den Gro\u00dfteil des elterlichen Verm\u00e4chtnisses erbte.<br \/>\nMit der Landverteilung verbunden waren allerdings eine Reihe von Verpflichtungen f\u00fcr die neuen Besitzer: Sie mussten sich auf dem Land niederlassen, es f\u00fcr den Anbau urbar machen und je nach der Zone bestimmte Produkte anbauen.\u00a0 Dadurch sollte erreicht werden, dass sich die Besitzer gezwungen sahen, das Land st\u00e4ndig zu bewirtschaften, um den einheimischen Markt durch den Anbau von daf\u00fcr geeigneten Produkten, wie Kartoffeln, Mais und Getreide zu versorgen. Jedoch auch Wein und das Zuckerrohr wurde angebaut.<br \/>\nDie Gro\u00dfgrundbesitzer waren auch verantwortlich f\u00fcr die Verwaltung, Rechtsprechung sowie der Bestrafung der Gesetzesbrecher. Sie hatten das Recht, verurteilte Personen auszupeitschen, zu h\u00e4ngen oder in den Kerker sperren zu lassen.<\/p>\n<p><strong>Anfahrt:<\/strong><\/p>\n<p>Man verl\u00e4sst die Autobahn TF5 bei der Ausfahrt 39 , folgt der Calle El<a href=\"http:\/\/www.mundi-roth.de\/teneriffa-blog\/wp-content\/uploads\/2010\/04\/Anfahrt.jpg\" rel=\"lightbox[971]\"><img loading=\"lazy\" decoding=\"async\" class=\"alignright size-thumbnail wp-image-986\" title=\"Anfahrt\" src=\"http:\/\/www.mundi-roth.de\/teneriffa-blog\/wp-content\/uploads\/2010\/04\/Anfahrt-125x150.jpg\" alt=\"\" width=\"125\" height=\"150\" srcset=\"https:\/\/www.mundi-roth.de\/teneriffa-blog\/wp-content\/uploads\/2010\/04\/Anfahrt-125x150.jpg 125w, https:\/\/www.mundi-roth.de\/teneriffa-blog\/wp-content\/uploads\/2010\/04\/Anfahrt-251x300.jpg 251w, https:\/\/www.mundi-roth.de\/teneriffa-blog\/wp-content\/uploads\/2010\/04\/Anfahrt.jpg 502w\" sizes=\"auto, (max-width: 125px) 100vw, 125px\" \/><\/a> Castillo, die dann in die in die Calle de la Longuera \u00fcbergeht und biegt nach links in die Calle Tinguaro ab (kurz vor Betten Hammerer). Diese st\u00f6\u00dft dann stumpf auf die Calle Las Rosas, der man bis zur Kreuzung mit der Calle Geranios folgt. Dort beginnt gleich links der Wanderweg.<\/p>\n<p><em>Viel Hintergrundwissen zu dieser Wanderbeschreibung vermittelte mir die <a href=\"http:\/\/www.todotenerife.es\/index.php?lang=3\">Fremdenverkehrsauskunft in Puerto de la Cruz<\/a>\u00a0 und hier <\/em><em>m\u00f6chte ich mich <\/em><em>ganz besonders <\/em><em>bei Herrn Vicente Torrents Franquet<\/em> <em>bedanken.<br \/>\n<\/em>.<\/p>\n","protected":false},"excerpt":{"rendered":"<p>Vorab: Eine traumhaft sch\u00f6ne Wanderung entlang einer Steilk\u00fcste mit Palmen! F\u00fcr uns aus dem S\u00fcden v\u00f6llig neuartige Eindr\u00fccke. Zugegeben: Um nur eine zweist\u00fcndige Wanderung zu machen, w\u00e4re die Anfahrt aus dem S\u00fcden \u00fcberzogen. Hat man jedoch im Norden etwas zu erledigen, so sollte man Zeit f\u00fcr diese sch\u00f6ne, wenig anstrengende Wanderung einplanen! Wander-Wegstrecke: Hin und [&hellip;]<\/p>\n","protected":false},"author":3,"featured_media":0,"comment_status":"open","ping_status":"open","sticky":false,"template":"","format":"standard","meta":{"footnotes":""},"categories":[781,6],"tags":[349,347,348,346,345,343,352,353,350,351,342,344],"class_list":["post-971","post","type-post","status-publish","format-standard","hentry","category-puerto-de-la-cruz","category-wanderungen","tag-el-fortin","tag-hacienda-de-castro","tag-hernando-de-castro","tag-la-casona","tag-la-gordejuela","tag-los-realejos-bajo","tag-majoratsrecht","tag-mayorazgo","tag-playa-castro","tag-playa-la-fajana","tag-rambla-de-castro","tag-romantica-ii"],"yoast_head":"<!-- This site is optimized with the Yoast SEO plugin v27.5 - https:\/\/yoast.com\/product\/yoast-seo-wordpress\/ -->\n<title>Rambla de Castro - Teneriffa Wandern<\/title>\n<meta name=\"robots\" content=\"index, follow, max-snippet:-1, max-image-preview:large, max-video-preview:-1\" \/>\n<link rel=\"canonical\" href=\"https:\/\/www.mundi-roth.de\/teneriffa-blog\/wanderungen\/rambla-de-castro\/\" \/>\n<meta name=\"twitter:label1\" content=\"Verfasst von\" \/>\n\t<meta name=\"twitter:data1\" content=\"ir\" \/>\n\t<meta name=\"twitter:label2\" content=\"Gesch\u00e4tzte Lesezeit\" \/>\n\t<meta name=\"twitter:data2\" content=\"5\u00a0Minuten\" \/>\n<script type=\"application\/ld+json\" class=\"yoast-schema-graph\">{\"@context\":\"https:\\\/\\\/schema.org\",\"@graph\":[{\"@type\":\"Article\",\"@id\":\"https:\\\/\\\/www.mundi-roth.de\\\/teneriffa-blog\\\/wanderungen\\\/rambla-de-castro\\\/#article\",\"isPartOf\":{\"@id\":\"https:\\\/\\\/www.mundi-roth.de\\\/teneriffa-blog\\\/wanderungen\\\/rambla-de-castro\\\/\"},\"author\":{\"name\":\"ir\",\"@id\":\"https:\\\/\\\/www.mundi-roth.de\\\/teneriffa-blog\\\/#\\\/schema\\\/person\\\/3afd0d251449790d15367c9aa52d203d\"},\"headline\":\"Rambla de Castro\",\"datePublished\":\"2010-04-15T19:00:12+00:00\",\"dateModified\":\"2015-04-12T09:44:27+00:00\",\"mainEntityOfPage\":{\"@id\":\"https:\\\/\\\/www.mundi-roth.de\\\/teneriffa-blog\\\/wanderungen\\\/rambla-de-castro\\\/\"},\"wordCount\":962,\"commentCount\":1,\"image\":{\"@id\":\"https:\\\/\\\/www.mundi-roth.de\\\/teneriffa-blog\\\/wanderungen\\\/rambla-de-castro\\\/#primaryimage\"},\"thumbnailUrl\":\"http:\\\/\\\/www.mundi-roth.de\\\/teneriffa-blog\\\/wp-content\\\/uploads\\\/2010\\\/04\\\/00050-150x68.jpg\",\"keywords\":[\"El Fort\u00edn\",\"Hacienda de Castro\",\"Hernando de Castro\",\"La Casona\",\"La Gordejuela\",\"Los Realejos bajo\",\"Majoratsrecht\",\"Mayorazgo\",\"Playa Castro\",\"Playa La Fajana\",\"Rambla de Castro\",\"Romantica II\"],\"articleSection\":[\"Puerto de la Cruz\",\"Wanderungen\"],\"inLanguage\":\"de\",\"potentialAction\":[{\"@type\":\"CommentAction\",\"name\":\"Comment\",\"target\":[\"https:\\\/\\\/www.mundi-roth.de\\\/teneriffa-blog\\\/wanderungen\\\/rambla-de-castro\\\/#respond\"]}]},{\"@type\":\"WebPage\",\"@id\":\"https:\\\/\\\/www.mundi-roth.de\\\/teneriffa-blog\\\/wanderungen\\\/rambla-de-castro\\\/\",\"url\":\"https:\\\/\\\/www.mundi-roth.de\\\/teneriffa-blog\\\/wanderungen\\\/rambla-de-castro\\\/\",\"name\":\"Rambla de Castro - Teneriffa Wandern\",\"isPartOf\":{\"@id\":\"https:\\\/\\\/www.mundi-roth.de\\\/teneriffa-blog\\\/#website\"},\"primaryImageOfPage\":{\"@id\":\"https:\\\/\\\/www.mundi-roth.de\\\/teneriffa-blog\\\/wanderungen\\\/rambla-de-castro\\\/#primaryimage\"},\"image\":{\"@id\":\"https:\\\/\\\/www.mundi-roth.de\\\/teneriffa-blog\\\/wanderungen\\\/rambla-de-castro\\\/#primaryimage\"},\"thumbnailUrl\":\"http:\\\/\\\/www.mundi-roth.de\\\/teneriffa-blog\\\/wp-content\\\/uploads\\\/2010\\\/04\\\/00050-150x68.jpg\",\"datePublished\":\"2010-04-15T19:00:12+00:00\",\"dateModified\":\"2015-04-12T09:44:27+00:00\",\"author\":{\"@id\":\"https:\\\/\\\/www.mundi-roth.de\\\/teneriffa-blog\\\/#\\\/schema\\\/person\\\/3afd0d251449790d15367c9aa52d203d\"},\"breadcrumb\":{\"@id\":\"https:\\\/\\\/www.mundi-roth.de\\\/teneriffa-blog\\\/wanderungen\\\/rambla-de-castro\\\/#breadcrumb\"},\"inLanguage\":\"de\",\"potentialAction\":[{\"@type\":\"ReadAction\",\"target\":[\"https:\\\/\\\/www.mundi-roth.de\\\/teneriffa-blog\\\/wanderungen\\\/rambla-de-castro\\\/\"]}]},{\"@type\":\"ImageObject\",\"inLanguage\":\"de\",\"@id\":\"https:\\\/\\\/www.mundi-roth.de\\\/teneriffa-blog\\\/wanderungen\\\/rambla-de-castro\\\/#primaryimage\",\"url\":\"https:\\\/\\\/www.mundi-roth.de\\\/teneriffa-blog\\\/wp-content\\\/uploads\\\/2010\\\/04\\\/00050.jpg\",\"contentUrl\":\"https:\\\/\\\/www.mundi-roth.de\\\/teneriffa-blog\\\/wp-content\\\/uploads\\\/2010\\\/04\\\/00050.jpg\",\"width\":\"600\",\"height\":\"275\"},{\"@type\":\"BreadcrumbList\",\"@id\":\"https:\\\/\\\/www.mundi-roth.de\\\/teneriffa-blog\\\/wanderungen\\\/rambla-de-castro\\\/#breadcrumb\",\"itemListElement\":[{\"@type\":\"ListItem\",\"position\":1,\"name\":\"Startseite\",\"item\":\"https:\\\/\\\/www.mundi-roth.de\\\/teneriffa-blog\\\/\"},{\"@type\":\"ListItem\",\"position\":2,\"name\":\"Rambla de Castro\"}]},{\"@type\":\"WebSite\",\"@id\":\"https:\\\/\\\/www.mundi-roth.de\\\/teneriffa-blog\\\/#website\",\"url\":\"https:\\\/\\\/www.mundi-roth.de\\\/teneriffa-blog\\\/\",\"name\":\"Teneriffa Wandern\",\"description\":\"Nicht nur Wanderungen auf Teneriffa...\",\"potentialAction\":[{\"@type\":\"SearchAction\",\"target\":{\"@type\":\"EntryPoint\",\"urlTemplate\":\"https:\\\/\\\/www.mundi-roth.de\\\/teneriffa-blog\\\/?s={search_term_string}\"},\"query-input\":{\"@type\":\"PropertyValueSpecification\",\"valueRequired\":true,\"valueName\":\"search_term_string\"}}],\"inLanguage\":\"de\"},{\"@type\":\"Person\",\"@id\":\"https:\\\/\\\/www.mundi-roth.de\\\/teneriffa-blog\\\/#\\\/schema\\\/person\\\/3afd0d251449790d15367c9aa52d203d\",\"name\":\"ir\",\"image\":{\"@type\":\"ImageObject\",\"inLanguage\":\"de\",\"@id\":\"https:\\\/\\\/secure.gravatar.com\\\/avatar\\\/e67b41513c921c2bb58363f44c8a00a447c9a2526ad8ff71b5b6257e5f7f5c66?s=96&d=mm&r=g\",\"url\":\"https:\\\/\\\/secure.gravatar.com\\\/avatar\\\/e67b41513c921c2bb58363f44c8a00a447c9a2526ad8ff71b5b6257e5f7f5c66?s=96&d=mm&r=g\",\"contentUrl\":\"https:\\\/\\\/secure.gravatar.com\\\/avatar\\\/e67b41513c921c2bb58363f44c8a00a447c9a2526ad8ff71b5b6257e5f7f5c66?s=96&d=mm&r=g\",\"caption\":\"ir\"},\"sameAs\":[\"http:\\\/\\\/www.mundi-roth.de\"],\"url\":\"https:\\\/\\\/www.mundi-roth.de\\\/teneriffa-blog\\\/author\\\/ir\\\/\"}]}<\/script>\n<!-- \/ Yoast SEO plugin. -->","yoast_head_json":{"title":"Rambla de Castro - Teneriffa Wandern","robots":{"index":"index","follow":"follow","max-snippet":"max-snippet:-1","max-image-preview":"max-image-preview:large","max-video-preview":"max-video-preview:-1"},"canonical":"https:\/\/www.mundi-roth.de\/teneriffa-blog\/wanderungen\/rambla-de-castro\/","twitter_misc":{"Verfasst von":"ir","Gesch\u00e4tzte Lesezeit":"5\u00a0Minuten"},"schema":{"@context":"https:\/\/schema.org","@graph":[{"@type":"Article","@id":"https:\/\/www.mundi-roth.de\/teneriffa-blog\/wanderungen\/rambla-de-castro\/#article","isPartOf":{"@id":"https:\/\/www.mundi-roth.de\/teneriffa-blog\/wanderungen\/rambla-de-castro\/"},"author":{"name":"ir","@id":"https:\/\/www.mundi-roth.de\/teneriffa-blog\/#\/schema\/person\/3afd0d251449790d15367c9aa52d203d"},"headline":"Rambla de Castro","datePublished":"2010-04-15T19:00:12+00:00","dateModified":"2015-04-12T09:44:27+00:00","mainEntityOfPage":{"@id":"https:\/\/www.mundi-roth.de\/teneriffa-blog\/wanderungen\/rambla-de-castro\/"},"wordCount":962,"commentCount":1,"image":{"@id":"https:\/\/www.mundi-roth.de\/teneriffa-blog\/wanderungen\/rambla-de-castro\/#primaryimage"},"thumbnailUrl":"http:\/\/www.mundi-roth.de\/teneriffa-blog\/wp-content\/uploads\/2010\/04\/00050-150x68.jpg","keywords":["El Fort\u00edn","Hacienda de Castro","Hernando de Castro","La Casona","La Gordejuela","Los Realejos bajo","Majoratsrecht","Mayorazgo","Playa Castro","Playa La Fajana","Rambla de Castro","Romantica II"],"articleSection":["Puerto de la Cruz","Wanderungen"],"inLanguage":"de","potentialAction":[{"@type":"CommentAction","name":"Comment","target":["https:\/\/www.mundi-roth.de\/teneriffa-blog\/wanderungen\/rambla-de-castro\/#respond"]}]},{"@type":"WebPage","@id":"https:\/\/www.mundi-roth.de\/teneriffa-blog\/wanderungen\/rambla-de-castro\/","url":"https:\/\/www.mundi-roth.de\/teneriffa-blog\/wanderungen\/rambla-de-castro\/","name":"Rambla de Castro - Teneriffa Wandern","isPartOf":{"@id":"https:\/\/www.mundi-roth.de\/teneriffa-blog\/#website"},"primaryImageOfPage":{"@id":"https:\/\/www.mundi-roth.de\/teneriffa-blog\/wanderungen\/rambla-de-castro\/#primaryimage"},"image":{"@id":"https:\/\/www.mundi-roth.de\/teneriffa-blog\/wanderungen\/rambla-de-castro\/#primaryimage"},"thumbnailUrl":"http:\/\/www.mundi-roth.de\/teneriffa-blog\/wp-content\/uploads\/2010\/04\/00050-150x68.jpg","datePublished":"2010-04-15T19:00:12+00:00","dateModified":"2015-04-12T09:44:27+00:00","author":{"@id":"https:\/\/www.mundi-roth.de\/teneriffa-blog\/#\/schema\/person\/3afd0d251449790d15367c9aa52d203d"},"breadcrumb":{"@id":"https:\/\/www.mundi-roth.de\/teneriffa-blog\/wanderungen\/rambla-de-castro\/#breadcrumb"},"inLanguage":"de","potentialAction":[{"@type":"ReadAction","target":["https:\/\/www.mundi-roth.de\/teneriffa-blog\/wanderungen\/rambla-de-castro\/"]}]},{"@type":"ImageObject","inLanguage":"de","@id":"https:\/\/www.mundi-roth.de\/teneriffa-blog\/wanderungen\/rambla-de-castro\/#primaryimage","url":"https:\/\/www.mundi-roth.de\/teneriffa-blog\/wp-content\/uploads\/2010\/04\/00050.jpg","contentUrl":"https:\/\/www.mundi-roth.de\/teneriffa-blog\/wp-content\/uploads\/2010\/04\/00050.jpg","width":"600","height":"275"},{"@type":"BreadcrumbList","@id":"https:\/\/www.mundi-roth.de\/teneriffa-blog\/wanderungen\/rambla-de-castro\/#breadcrumb","itemListElement":[{"@type":"ListItem","position":1,"name":"Startseite","item":"https:\/\/www.mundi-roth.de\/teneriffa-blog\/"},{"@type":"ListItem","position":2,"name":"Rambla de Castro"}]},{"@type":"WebSite","@id":"https:\/\/www.mundi-roth.de\/teneriffa-blog\/#website","url":"https:\/\/www.mundi-roth.de\/teneriffa-blog\/","name":"Teneriffa Wandern","description":"Nicht nur Wanderungen auf Teneriffa...","potentialAction":[{"@type":"SearchAction","target":{"@type":"EntryPoint","urlTemplate":"https:\/\/www.mundi-roth.de\/teneriffa-blog\/?s={search_term_string}"},"query-input":{"@type":"PropertyValueSpecification","valueRequired":true,"valueName":"search_term_string"}}],"inLanguage":"de"},{"@type":"Person","@id":"https:\/\/www.mundi-roth.de\/teneriffa-blog\/#\/schema\/person\/3afd0d251449790d15367c9aa52d203d","name":"ir","image":{"@type":"ImageObject","inLanguage":"de","@id":"https:\/\/secure.gravatar.com\/avatar\/e67b41513c921c2bb58363f44c8a00a447c9a2526ad8ff71b5b6257e5f7f5c66?s=96&d=mm&r=g","url":"https:\/\/secure.gravatar.com\/avatar\/e67b41513c921c2bb58363f44c8a00a447c9a2526ad8ff71b5b6257e5f7f5c66?s=96&d=mm&r=g","contentUrl":"https:\/\/secure.gravatar.com\/avatar\/e67b41513c921c2bb58363f44c8a00a447c9a2526ad8ff71b5b6257e5f7f5c66?s=96&d=mm&r=g","caption":"ir"},"sameAs":["http:\/\/www.mundi-roth.de"],"url":"https:\/\/www.mundi-roth.de\/teneriffa-blog\/author\/ir\/"}]}},"_links":{"self":[{"href":"https:\/\/www.mundi-roth.de\/teneriffa-blog\/wp-json\/wp\/v2\/posts\/971","targetHints":{"allow":["GET"]}}],"collection":[{"href":"https:\/\/www.mundi-roth.de\/teneriffa-blog\/wp-json\/wp\/v2\/posts"}],"about":[{"href":"https:\/\/www.mundi-roth.de\/teneriffa-blog\/wp-json\/wp\/v2\/types\/post"}],"author":[{"embeddable":true,"href":"https:\/\/www.mundi-roth.de\/teneriffa-blog\/wp-json\/wp\/v2\/users\/3"}],"replies":[{"embeddable":true,"href":"https:\/\/www.mundi-roth.de\/teneriffa-blog\/wp-json\/wp\/v2\/comments?post=971"}],"version-history":[{"count":0,"href":"https:\/\/www.mundi-roth.de\/teneriffa-blog\/wp-json\/wp\/v2\/posts\/971\/revisions"}],"wp:attachment":[{"href":"https:\/\/www.mundi-roth.de\/teneriffa-blog\/wp-json\/wp\/v2\/media?parent=971"}],"wp:term":[{"taxonomy":"category","embeddable":true,"href":"https:\/\/www.mundi-roth.de\/teneriffa-blog\/wp-json\/wp\/v2\/categories?post=971"},{"taxonomy":"post_tag","embeddable":true,"href":"https:\/\/www.mundi-roth.de\/teneriffa-blog\/wp-json\/wp\/v2\/tags?post=971"}],"curies":[{"name":"wp","href":"https:\/\/api.w.org\/{rel}","templated":true}]}}