{"id":989,"date":"2010-10-14T20:00:00","date_gmt":"2010-10-14T19:00:00","guid":{"rendered":"http:\/\/www.mundi-roth.de\/teneriffa-blog\/?p=989"},"modified":"2015-04-12T10:43:55","modified_gmt":"2015-04-12T09:43:55","slug":"uber-den-sattel-des-guajara-zur-schwarzen-und-weisen-mondlandschaft-nach-vilaflor","status":"publish","type":"post","link":"https:\/\/www.mundi-roth.de\/teneriffa-blog\/wanderungen\/uber-den-sattel-des-guajara-zur-schwarzen-und-weisen-mondlandschaft-nach-vilaflor\/","title":{"rendered":"\u00dcber den Sattel des Guajara zur Schwarzen und Wei\u00dfen Mondlandschaft nach Vilaflor"},"content":{"rendered":"<p>Die Wandersaison beginnen wir mit einer grandiosen Tour! Sie ist <a href=\"http:\/\/www.mundi-roth.de\/teneriffa-blog\/wp-content\/uploads\/2010\/10\/Parador-Vilaflor.jpg\" rel=\"lightbox[989]\"><img loading=\"lazy\" decoding=\"async\" class=\"alignright size-thumbnail wp-image-990\" title=\"Parador-Vilaflor\" src=\"http:\/\/www.mundi-roth.de\/teneriffa-blog\/wp-content\/uploads\/2010\/10\/Parador-Vilaflor-150x139.jpg\" alt=\"Route Parador-Vilaflor\" width=\"150\" height=\"139\" srcset=\"https:\/\/www.mundi-roth.de\/teneriffa-blog\/wp-content\/uploads\/2010\/10\/Parador-Vilaflor-150x139.jpg 150w, https:\/\/www.mundi-roth.de\/teneriffa-blog\/wp-content\/uploads\/2010\/10\/Parador-Vilaflor-300x279.jpg 300w, https:\/\/www.mundi-roth.de\/teneriffa-blog\/wp-content\/uploads\/2010\/10\/Parador-Vilaflor.jpg 439w\" sizes=\"auto, (max-width: 150px) 100vw, 150px\" \/><\/a>gleichzeitig ein Test, wie gut die Kondition noch ist. 5 Stunden reine Gehzeit sind zu bew\u00e4ltigen.<\/p>\n<p><strong>Wanderwegstrecke:<\/strong><br \/>\nEin Novum: Wir sind bequem um 9.15 Uhr (wenn er denn p\u00fcnktlich gewesen w\u00e4re) mit dem Bus 342 von Playa de las Americas bis zum Parador gefahren.<br \/>\nVom Parador biegen wir gleich rechts neben dem Informationsstand auf den schmalen Pfad, gekennzeichnet mit \u201eSiete Ca\u00f1adas\u201c ein. Zwischen Skabiose- und Ginsterb\u00fcschen gehen wir auf den breiten Schotterweg zu, der uns zu F\u00fc\u00dfen der Caldera-Randberge nach El Portillo f\u00fchren w\u00fcrden. Diesem folgen wir \u2013 uns links haltend \u2013 vorbei an den pitoresken Formationen der \u201ePiedras Amarillas&#8220; &#8211; leicht ansteigend bis wir nach ca. 1 <a href=\"http:\/\/www.mundi-roth.de\/teneriffa-blog\/wp-content\/uploads\/2010\/10\/R0011368.jpg\" rel=\"lightbox[989]\"><img loading=\"lazy\" decoding=\"async\" class=\"alignleft size-thumbnail wp-image-991\" title=\"R0011368\" src=\"http:\/\/www.mundi-roth.de\/teneriffa-blog\/wp-content\/uploads\/2010\/10\/R0011368-150x112.jpg\" alt=\"Sendero Nr. 5\" width=\"150\" height=\"112\" srcset=\"https:\/\/www.mundi-roth.de\/teneriffa-blog\/wp-content\/uploads\/2010\/10\/R0011368-150x112.jpg 150w, https:\/\/www.mundi-roth.de\/teneriffa-blog\/wp-content\/uploads\/2010\/10\/R0011368-300x225.jpg 300w, https:\/\/www.mundi-roth.de\/teneriffa-blog\/wp-content\/uploads\/2010\/10\/R0011368.jpg 600w\" sizes=\"auto, (max-width: 150px) 100vw, 150px\" \/><\/a>Stunde den gut gekennzeichneten Aufstieg auf den Guajara (2.712 m) erreichen.<br \/>\nDie Informationstafel zeigt an, dass wir nun auf dem \u201eSendero 5\u201c zur Degollada de Guajara aufsteigen.<br \/>\n\u00bd Stunde ben\u00f6tigen wir f\u00fcr den steilen, steinigen Aufstieg. Verschnaufpausen erm\u00f6glichen uns den grandiosen Blick auf die Ca\u00f1adas und den mayest\u00e4tischen Teide\u00a0 (3.718 m).<br \/>\nOben, im Sattel angekommen, halten wir uns an den weiteren Hinweis: <a href=\"http:\/\/www.mundi-roth.de\/teneriffa-blog\/wp-content\/uploads\/2010\/10\/R0011374.jpg\" rel=\"lightbox[989]\"><img loading=\"lazy\" decoding=\"async\" class=\"alignright size-thumbnail wp-image-992\" title=\"R0011374\" src=\"http:\/\/www.mundi-roth.de\/teneriffa-blog\/wp-content\/uploads\/2010\/10\/R0011374-150x112.jpg\" alt=\"Im Guajara-Sattel\" width=\"150\" height=\"112\" srcset=\"https:\/\/www.mundi-roth.de\/teneriffa-blog\/wp-content\/uploads\/2010\/10\/R0011374-150x112.jpg 150w, https:\/\/www.mundi-roth.de\/teneriffa-blog\/wp-content\/uploads\/2010\/10\/R0011374-300x225.jpg 300w, https:\/\/www.mundi-roth.de\/teneriffa-blog\/wp-content\/uploads\/2010\/10\/R0011374.jpg 600w\" sizes=\"auto, (max-width: 150px) 100vw, 150px\" \/><\/a>\u201eSendero 15\u201c und folgen diesem nach rechts. An Felsen, die bereits einen Vorgeschmack auf die wei\u00dfe Mondlandschaft geben, gehen wir leicht ansteigend bis zu einer Gabelung. Hier geht es rechts hoch zum Guajara und wir folgen links der mit wei\u00df-roten Balken gekennzeichneten Strecke:<br \/>\n<a href=\"http:\/\/www.mundi-roth.de\/teneriffa-blog\/wp-content\/uploads\/2010\/10\/R0011376.jpg\" rel=\"lightbox[989]\"><img loading=\"lazy\" decoding=\"async\" class=\"alignleft size-thumbnail wp-image-993\" title=\"R0011376\" src=\"http:\/\/www.mundi-roth.de\/teneriffa-blog\/wp-content\/uploads\/2010\/10\/R0011376-150x112.jpg\" alt=\"Der weite Blick verwehrt\" width=\"150\" height=\"112\" srcset=\"https:\/\/www.mundi-roth.de\/teneriffa-blog\/wp-content\/uploads\/2010\/10\/R0011376-150x112.jpg 150w, https:\/\/www.mundi-roth.de\/teneriffa-blog\/wp-content\/uploads\/2010\/10\/R0011376-300x225.jpg 300w, https:\/\/www.mundi-roth.de\/teneriffa-blog\/wp-content\/uploads\/2010\/10\/R0011376.jpg 600w\" sizes=\"auto, (max-width: 150px) 100vw, 150px\" \/><\/a>\u201cCamino Natural Anaga Chasna\u201d.\u00a0 Links h\u00e4tte man \u2013 bei guter Sicht \u2013 den Blick nach Granadilla und bis El M\u00e9dano zum Meer. Uns wird die Aussicht jedoch durch dick aufziehende Wolken verwehrt. Innerlich verabschieden wir uns bereits von der Sonne und wandern auf dem gut zu gehenden Pfad weiter. Verlaufen kann man sich nicht, denn der Weg ist ausgezeichnet gekennzeichnet.<br \/>\nWir haben jedoch riesiges Gl\u00fcck:\u00a0 Schon nach ganz kurzer Zeit wandern wir wieder im Sonnenschein.<br \/>\n<a href=\"http:\/\/www.mundi-roth.de\/teneriffa-blog\/wp-content\/uploads\/2010\/10\/R0011379.jpg\" rel=\"lightbox[989]\"><img loading=\"lazy\" decoding=\"async\" class=\"alignleft size-thumbnail wp-image-994\" title=\"R0011379\" src=\"http:\/\/www.mundi-roth.de\/teneriffa-blog\/wp-content\/uploads\/2010\/10\/R0011379-150x112.jpg\" alt=\"Wacholderbaum\" width=\"150\" height=\"112\" srcset=\"https:\/\/www.mundi-roth.de\/teneriffa-blog\/wp-content\/uploads\/2010\/10\/R0011379-150x112.jpg 150w, https:\/\/www.mundi-roth.de\/teneriffa-blog\/wp-content\/uploads\/2010\/10\/R0011379-300x225.jpg 300w, https:\/\/www.mundi-roth.de\/teneriffa-blog\/wp-content\/uploads\/2010\/10\/R0011379.jpg 600w\" sizes=\"auto, (max-width: 150px) 100vw, 150px\" \/><\/a>Der Weg ist von seinen Ausblicken her \u00e4u\u00dferst abwechslungsreich\u00a0 und f\u00fchrt an den unterschiedlichsten Gesteins- formationen und einem wundersch\u00f6nen Wacholderbaum vorbei.<br \/>\nNach geraumer Zeit erreichen wir das Gebiet der Schwarzen Mondlandschaft. Erstmal \u201eOh\u201c sagen.<a href=\"http:\/\/www.mundi-roth.de\/teneriffa-blog\/wp-content\/uploads\/2010\/10\/R0011388.jpg\" rel=\"lightbox[989]\"><img loading=\"lazy\" decoding=\"async\" class=\"alignright size-thumbnail wp-image-995\" title=\"R0011388\" src=\"http:\/\/www.mundi-roth.de\/teneriffa-blog\/wp-content\/uploads\/2010\/10\/R0011388-150x112.jpg\" alt=\"Schwarze Mondlandschaft\" width=\"150\" height=\"112\" srcset=\"https:\/\/www.mundi-roth.de\/teneriffa-blog\/wp-content\/uploads\/2010\/10\/R0011388-150x112.jpg 150w, https:\/\/www.mundi-roth.de\/teneriffa-blog\/wp-content\/uploads\/2010\/10\/R0011388-300x225.jpg 300w, https:\/\/www.mundi-roth.de\/teneriffa-blog\/wp-content\/uploads\/2010\/10\/R0011388.jpg 600w\" sizes=\"auto, (max-width: 150px) 100vw, 150px\" \/><\/a> Zu bizarr ist der Anblick: Rechter Hand nur schwarzes Lavagrusfeld, streifig durchzogen mit leicht ins orange tendierenden Sand (?), vor uns <a href=\"http:\/\/www.mundi-roth.de\/teneriffa-blog\/wp-content\/uploads\/2010\/10\/R0011386.jpg\" rel=\"lightbox[989]\"><img loading=\"lazy\" decoding=\"async\" class=\"alignleft size-thumbnail wp-image-996\" title=\"R0011386\" src=\"http:\/\/www.mundi-roth.de\/teneriffa-blog\/wp-content\/uploads\/2010\/10\/R0011386-150x112.jpg\" alt=\"Verlaufen unm\u00f6glich\" width=\"150\" height=\"112\" srcset=\"https:\/\/www.mundi-roth.de\/teneriffa-blog\/wp-content\/uploads\/2010\/10\/R0011386-150x112.jpg 150w, https:\/\/www.mundi-roth.de\/teneriffa-blog\/wp-content\/uploads\/2010\/10\/R0011386-300x225.jpg 300w, https:\/\/www.mundi-roth.de\/teneriffa-blog\/wp-content\/uploads\/2010\/10\/R0011386.jpg 600w\" sizes=\"auto, (max-width: 150px) 100vw, 150px\" \/><\/a>nur Schwarz, durchschnitten mit einem gerade gezogenen Weg, der mit hellen Steinen eingefasst ist. Faszinierend. Wir folgen diesem Weg bis etwa zur H\u00e4lfte und machen dann einen kurzen Abstecher nach rechts, um in den Barranco de las Arenas\u00a0 auf die Schwarze Mondlandschaft zu blicken. Unwirklich diese Ascheformationen. Hat f\u00fcr mich die Assoziation mit einem versch\u00fctteten Schloss.<br \/>\nZur\u00fcck auf dem Weg folgen wir diesem in Richtung auf den Kiefernsaum zugehend bis zur n\u00e4chsten Information: Rechts ab auf dem weiter mit<a href=\"http:\/\/www.mundi-roth.de\/teneriffa-blog\/wp-content\/uploads\/2010\/10\/R0011399.jpg\" rel=\"lightbox[989]\"><img loading=\"lazy\" decoding=\"async\" class=\"alignright size-thumbnail wp-image-997\" title=\"R0011399\" src=\"http:\/\/www.mundi-roth.de\/teneriffa-blog\/wp-content\/uploads\/2010\/10\/R0011399-141x150.jpg\" alt=\"Unser Rastplatz\" width=\"141\" height=\"150\" srcset=\"https:\/\/www.mundi-roth.de\/teneriffa-blog\/wp-content\/uploads\/2010\/10\/R0011399-141x150.jpg 141w, https:\/\/www.mundi-roth.de\/teneriffa-blog\/wp-content\/uploads\/2010\/10\/R0011399-283x300.jpg 283w, https:\/\/www.mundi-roth.de\/teneriffa-blog\/wp-content\/uploads\/2010\/10\/R0011399.jpg 448w\" sizes=\"auto, (max-width: 141px) 100vw, 141px\" \/><\/a> wei\u00df-roten Balken gekennzeichneten Weg. An einer Felsgruppe, nahe den Kiefern, machen wir Rast und haben den Blick nun seitlich frei auf die Schwarze Mondlandschaft.<br \/>\nBis hierher haben wir knapp 3 Stunden gebraucht.<br \/>\nNach einer weiteren Stunde erreichen wir die <a href=\"http:\/\/www.mundi-roth.de\/teneriffa-blog\/wp-content\/uploads\/2010\/10\/R0011402a.jpg\" rel=\"lightbox[989]\"><img loading=\"lazy\" decoding=\"async\" class=\"alignleft size-thumbnail wp-image-998\" title=\"R0011402a\" src=\"http:\/\/www.mundi-roth.de\/teneriffa-blog\/wp-content\/uploads\/2010\/10\/R0011402a-150x108.jpg\" alt=\"Wei\u00dfe Mondlandschft\" width=\"150\" height=\"108\" srcset=\"https:\/\/www.mundi-roth.de\/teneriffa-blog\/wp-content\/uploads\/2010\/10\/R0011402a-150x108.jpg 150w, https:\/\/www.mundi-roth.de\/teneriffa-blog\/wp-content\/uploads\/2010\/10\/R0011402a-300x216.jpg 300w, https:\/\/www.mundi-roth.de\/teneriffa-blog\/wp-content\/uploads\/2010\/10\/R0011402a.jpg 354w\" sizes=\"auto, (max-width: 150px) 100vw, 150px\" \/><\/a>Wei\u00dfe Mondlandschaft. Sie ist uns von fr\u00fcheren Wanderungen gut bekannt, jedoch heute haben wir eine neue Perspektive: Von oben.<br \/>\nWir schenken uns den Abstecher nach links, ausgewiesen mit 0,4 km zur Wei\u00dfen Mondlandschaft und gehen, uns rechts haltend, den bekannten Weg abw\u00e4rts bis zur Schranke, die uns von einer Forststra\u00dfe trennt.<a href=\"http:\/\/www.mundi-roth.de\/teneriffa-blog\/wp-content\/uploads\/2010\/10\/R0011407.jpg\" rel=\"lightbox[989]\"><img loading=\"lazy\" decoding=\"async\" class=\"alignright size-thumbnail wp-image-999\" title=\"R0011407\" src=\"http:\/\/www.mundi-roth.de\/teneriffa-blog\/wp-content\/uploads\/2010\/10\/R0011407-150x112.jpg\" alt=\"Richtung Vilaflor\" width=\"150\" height=\"112\" srcset=\"https:\/\/www.mundi-roth.de\/teneriffa-blog\/wp-content\/uploads\/2010\/10\/R0011407-150x112.jpg 150w, https:\/\/www.mundi-roth.de\/teneriffa-blog\/wp-content\/uploads\/2010\/10\/R0011407-300x225.jpg 300w, https:\/\/www.mundi-roth.de\/teneriffa-blog\/wp-content\/uploads\/2010\/10\/R0011407.jpg 600w\" sizes=\"auto, (max-width: 150px) 100vw, 150px\" \/><\/a><br \/>\nGleich gegen\u00fcber f\u00fchrt der Pfad weiter bergab, durch den Pinienwald,\u00a0 bis zur breiten Forststtra\u00dfe, die auf die TF 21 f\u00fchrt. Verlaufen ist kaum m\u00f6glich, da der Weg gut gekennzeichnet ist.<br \/>\nWir queren jedoch die Forststra\u00dfe und biegen \u2013 noch vor dem mit einem Gel\u00e4nder versehenen M\u00e4uerchen &#8211;\u00a0 gleich links ab. Der Weg f\u00fchrt uns erst bergab, dann wieder ansteigend, vorbei an satt gr\u00fcnen, \u00fcppigen Kartoffelfeldern.<br \/>\nKurz danach beginnt ein \u00e4u\u00dferst unangenehmer Abstieg. Er ist uns von anderen Wanderungen noch sehr gut in Erinnerung . Der breite Weg ist mit dicken Felsbrocken \u00fcbers\u00e4t, sehr schwierig zu gehen und diese halbe Stunde Abstieg ist das Unangenehmste der ganzen langen Tour. Wir denken, dass wir in Zukunft lieber den langen Forstweg bis zur\u00a0 TF 21 gehen werden, um uns diese Strecke zu ersparen.<br \/>\n(Der Bus h\u00e4lt auch an der \u201epino gordo\u201c. )<br \/>\nUnten im Barranco angekommen steigen wir\u00a0 gleich gegen\u00fcber, unterhalb des Wasserbeckens, auf in den Ort Vilaflor. Der steile Aufstieg ist direkt eine Erholung f\u00fcr unsere geplagten F\u00fc\u00dfe.<\/p>\n<p><strong>Anfahrt:<\/strong><br \/>\nMit dem Bus 342 von Playas de las Americas bis zum Parador.<br \/>\n<strong>Abfahrt:<\/strong><br \/>\nVon Vilaflor mit dem Bus 342 oder Bus 482<br \/>\n<em>Oder: Man hat einen lieben Ehemann oder auch Freund der einen abholt!<br \/>\n<\/em><br \/>\n<strong>Restaurant:<\/strong><br \/>\nCasa Pana<br \/>\nin der Calle los Casta\u00f1os Nr. 7, Telefon 922 70 50 70, Montag ist Ruhetag.<br \/>\nWir sind begeistert,da wir auch um 17 Uhr noch warmes Essen bekommen !<br \/>\n<strong><br \/>\nSelbstverst\u00e4ndlichkeit:<\/strong><br \/>\n<strong>Gutes, festes Schuhwerk!!! Sonnenschutz! Ausreichend Getr\u00e4nke!<\/strong><\/p>\n","protected":false},"excerpt":{"rendered":"<p>Die Wandersaison beginnen wir mit einer grandiosen Tour! Sie ist gleichzeitig ein Test, wie gut die Kondition noch ist. 5 Stunden reine Gehzeit sind zu bew\u00e4ltigen. Wanderwegstrecke: Ein Novum: Wir sind bequem um 9.15 Uhr (wenn er denn p\u00fcnktlich gewesen w\u00e4re) mit dem Bus 342 von Playa de las Americas bis zum Parador gefahren. Vom [&hellip;]<\/p>\n","protected":false},"author":3,"featured_media":0,"comment_status":"open","ping_status":"open","sticky":false,"template":"","format":"standard","meta":{"footnotes":""},"categories":[779,6],"tags":[362,359,361,131,239,151,360,358,17],"class_list":["post-989","post","type-post","status-publish","format-standard","hentry","category-canadas","category-wanderungen","tag-barranco-de-las-arenas","tag-caldera","tag-camino-natural-anaga-chasna","tag-canadas","tag-guajara","tag-mondlandschaft","tag-piedras-amarillas","tag-siete-canadas","tag-vilaflor"],"yoast_head":"<!-- This site is optimized with the Yoast SEO plugin v27.5 - https:\/\/yoast.com\/product\/yoast-seo-wordpress\/ -->\n<title>\u00dcber den Sattel des Guajara zur Schwarzen und Wei\u00dfen Mondlandschaft nach Vilaflor - Teneriffa Wandern<\/title>\n<meta name=\"robots\" content=\"index, follow, max-snippet:-1, max-image-preview:large, max-video-preview:-1\" \/>\n<link rel=\"canonical\" href=\"https:\/\/www.mundi-roth.de\/teneriffa-blog\/wanderungen\/uber-den-sattel-des-guajara-zur-schwarzen-und-weisen-mondlandschaft-nach-vilaflor\/\" \/>\n<meta name=\"twitter:label1\" content=\"Verfasst von\" \/>\n\t<meta name=\"twitter:data1\" content=\"ir\" \/>\n\t<meta name=\"twitter:label2\" content=\"Gesch\u00e4tzte Lesezeit\" \/>\n\t<meta name=\"twitter:data2\" content=\"4\u00a0Minuten\" \/>\n<script type=\"application\/ld+json\" class=\"yoast-schema-graph\">{\"@context\":\"https:\\\/\\\/schema.org\",\"@graph\":[{\"@type\":\"Article\",\"@id\":\"https:\\\/\\\/www.mundi-roth.de\\\/teneriffa-blog\\\/wanderungen\\\/uber-den-sattel-des-guajara-zur-schwarzen-und-weisen-mondlandschaft-nach-vilaflor\\\/#article\",\"isPartOf\":{\"@id\":\"https:\\\/\\\/www.mundi-roth.de\\\/teneriffa-blog\\\/wanderungen\\\/uber-den-sattel-des-guajara-zur-schwarzen-und-weisen-mondlandschaft-nach-vilaflor\\\/\"},\"author\":{\"name\":\"ir\",\"@id\":\"https:\\\/\\\/www.mundi-roth.de\\\/teneriffa-blog\\\/#\\\/schema\\\/person\\\/3afd0d251449790d15367c9aa52d203d\"},\"headline\":\"\u00dcber den Sattel des Guajara zur Schwarzen und Wei\u00dfen Mondlandschaft nach Vilaflor\",\"datePublished\":\"2010-10-14T19:00:00+00:00\",\"dateModified\":\"2015-04-12T09:43:55+00:00\",\"mainEntityOfPage\":{\"@id\":\"https:\\\/\\\/www.mundi-roth.de\\\/teneriffa-blog\\\/wanderungen\\\/uber-den-sattel-des-guajara-zur-schwarzen-und-weisen-mondlandschaft-nach-vilaflor\\\/\"},\"wordCount\":795,\"commentCount\":0,\"image\":{\"@id\":\"https:\\\/\\\/www.mundi-roth.de\\\/teneriffa-blog\\\/wanderungen\\\/uber-den-sattel-des-guajara-zur-schwarzen-und-weisen-mondlandschaft-nach-vilaflor\\\/#primaryimage\"},\"thumbnailUrl\":\"http:\\\/\\\/www.mundi-roth.de\\\/teneriffa-blog\\\/wp-content\\\/uploads\\\/2010\\\/10\\\/Parador-Vilaflor-150x139.jpg\",\"keywords\":[\"Barranco de las Arenas\",\"Caldera\",\"Camino Natural Anaga Chasna\",\"Ca\u00f1adas\",\"Guajara\",\"Mondlandschaft\",\"Piedras Amarillas\",\"Siete Ca\u00f1adas\",\"Vilaflor\"],\"articleSection\":[\"Ca\u00f1adas\",\"Wanderungen\"],\"inLanguage\":\"de\",\"potentialAction\":[{\"@type\":\"CommentAction\",\"name\":\"Comment\",\"target\":[\"https:\\\/\\\/www.mundi-roth.de\\\/teneriffa-blog\\\/wanderungen\\\/uber-den-sattel-des-guajara-zur-schwarzen-und-weisen-mondlandschaft-nach-vilaflor\\\/#respond\"]}]},{\"@type\":\"WebPage\",\"@id\":\"https:\\\/\\\/www.mundi-roth.de\\\/teneriffa-blog\\\/wanderungen\\\/uber-den-sattel-des-guajara-zur-schwarzen-und-weisen-mondlandschaft-nach-vilaflor\\\/\",\"url\":\"https:\\\/\\\/www.mundi-roth.de\\\/teneriffa-blog\\\/wanderungen\\\/uber-den-sattel-des-guajara-zur-schwarzen-und-weisen-mondlandschaft-nach-vilaflor\\\/\",\"name\":\"\u00dcber den Sattel des Guajara zur Schwarzen und Wei\u00dfen Mondlandschaft nach Vilaflor - Teneriffa Wandern\",\"isPartOf\":{\"@id\":\"https:\\\/\\\/www.mundi-roth.de\\\/teneriffa-blog\\\/#website\"},\"primaryImageOfPage\":{\"@id\":\"https:\\\/\\\/www.mundi-roth.de\\\/teneriffa-blog\\\/wanderungen\\\/uber-den-sattel-des-guajara-zur-schwarzen-und-weisen-mondlandschaft-nach-vilaflor\\\/#primaryimage\"},\"image\":{\"@id\":\"https:\\\/\\\/www.mundi-roth.de\\\/teneriffa-blog\\\/wanderungen\\\/uber-den-sattel-des-guajara-zur-schwarzen-und-weisen-mondlandschaft-nach-vilaflor\\\/#primaryimage\"},\"thumbnailUrl\":\"http:\\\/\\\/www.mundi-roth.de\\\/teneriffa-blog\\\/wp-content\\\/uploads\\\/2010\\\/10\\\/Parador-Vilaflor-150x139.jpg\",\"datePublished\":\"2010-10-14T19:00:00+00:00\",\"dateModified\":\"2015-04-12T09:43:55+00:00\",\"author\":{\"@id\":\"https:\\\/\\\/www.mundi-roth.de\\\/teneriffa-blog\\\/#\\\/schema\\\/person\\\/3afd0d251449790d15367c9aa52d203d\"},\"breadcrumb\":{\"@id\":\"https:\\\/\\\/www.mundi-roth.de\\\/teneriffa-blog\\\/wanderungen\\\/uber-den-sattel-des-guajara-zur-schwarzen-und-weisen-mondlandschaft-nach-vilaflor\\\/#breadcrumb\"},\"inLanguage\":\"de\",\"potentialAction\":[{\"@type\":\"ReadAction\",\"target\":[\"https:\\\/\\\/www.mundi-roth.de\\\/teneriffa-blog\\\/wanderungen\\\/uber-den-sattel-des-guajara-zur-schwarzen-und-weisen-mondlandschaft-nach-vilaflor\\\/\"]}]},{\"@type\":\"ImageObject\",\"inLanguage\":\"de\",\"@id\":\"https:\\\/\\\/www.mundi-roth.de\\\/teneriffa-blog\\\/wanderungen\\\/uber-den-sattel-des-guajara-zur-schwarzen-und-weisen-mondlandschaft-nach-vilaflor\\\/#primaryimage\",\"url\":\"https:\\\/\\\/www.mundi-roth.de\\\/teneriffa-blog\\\/wp-content\\\/uploads\\\/2010\\\/10\\\/Parador-Vilaflor.jpg\",\"contentUrl\":\"https:\\\/\\\/www.mundi-roth.de\\\/teneriffa-blog\\\/wp-content\\\/uploads\\\/2010\\\/10\\\/Parador-Vilaflor.jpg\",\"width\":\"439\",\"height\":\"409\",\"caption\":\"Route Parador-Vilaflor\"},{\"@type\":\"BreadcrumbList\",\"@id\":\"https:\\\/\\\/www.mundi-roth.de\\\/teneriffa-blog\\\/wanderungen\\\/uber-den-sattel-des-guajara-zur-schwarzen-und-weisen-mondlandschaft-nach-vilaflor\\\/#breadcrumb\",\"itemListElement\":[{\"@type\":\"ListItem\",\"position\":1,\"name\":\"Startseite\",\"item\":\"https:\\\/\\\/www.mundi-roth.de\\\/teneriffa-blog\\\/\"},{\"@type\":\"ListItem\",\"position\":2,\"name\":\"\u00dcber den Sattel des Guajara zur Schwarzen und Wei\u00dfen Mondlandschaft nach Vilaflor\"}]},{\"@type\":\"WebSite\",\"@id\":\"https:\\\/\\\/www.mundi-roth.de\\\/teneriffa-blog\\\/#website\",\"url\":\"https:\\\/\\\/www.mundi-roth.de\\\/teneriffa-blog\\\/\",\"name\":\"Teneriffa Wandern\",\"description\":\"Nicht nur Wanderungen auf Teneriffa...\",\"potentialAction\":[{\"@type\":\"SearchAction\",\"target\":{\"@type\":\"EntryPoint\",\"urlTemplate\":\"https:\\\/\\\/www.mundi-roth.de\\\/teneriffa-blog\\\/?s={search_term_string}\"},\"query-input\":{\"@type\":\"PropertyValueSpecification\",\"valueRequired\":true,\"valueName\":\"search_term_string\"}}],\"inLanguage\":\"de\"},{\"@type\":\"Person\",\"@id\":\"https:\\\/\\\/www.mundi-roth.de\\\/teneriffa-blog\\\/#\\\/schema\\\/person\\\/3afd0d251449790d15367c9aa52d203d\",\"name\":\"ir\",\"image\":{\"@type\":\"ImageObject\",\"inLanguage\":\"de\",\"@id\":\"https:\\\/\\\/secure.gravatar.com\\\/avatar\\\/e67b41513c921c2bb58363f44c8a00a447c9a2526ad8ff71b5b6257e5f7f5c66?s=96&d=mm&r=g\",\"url\":\"https:\\\/\\\/secure.gravatar.com\\\/avatar\\\/e67b41513c921c2bb58363f44c8a00a447c9a2526ad8ff71b5b6257e5f7f5c66?s=96&d=mm&r=g\",\"contentUrl\":\"https:\\\/\\\/secure.gravatar.com\\\/avatar\\\/e67b41513c921c2bb58363f44c8a00a447c9a2526ad8ff71b5b6257e5f7f5c66?s=96&d=mm&r=g\",\"caption\":\"ir\"},\"sameAs\":[\"http:\\\/\\\/www.mundi-roth.de\"],\"url\":\"https:\\\/\\\/www.mundi-roth.de\\\/teneriffa-blog\\\/author\\\/ir\\\/\"}]}<\/script>\n<!-- \/ Yoast SEO plugin. -->","yoast_head_json":{"title":"\u00dcber den Sattel des Guajara zur Schwarzen und Wei\u00dfen Mondlandschaft nach Vilaflor - Teneriffa Wandern","robots":{"index":"index","follow":"follow","max-snippet":"max-snippet:-1","max-image-preview":"max-image-preview:large","max-video-preview":"max-video-preview:-1"},"canonical":"https:\/\/www.mundi-roth.de\/teneriffa-blog\/wanderungen\/uber-den-sattel-des-guajara-zur-schwarzen-und-weisen-mondlandschaft-nach-vilaflor\/","twitter_misc":{"Verfasst von":"ir","Gesch\u00e4tzte Lesezeit":"4\u00a0Minuten"},"schema":{"@context":"https:\/\/schema.org","@graph":[{"@type":"Article","@id":"https:\/\/www.mundi-roth.de\/teneriffa-blog\/wanderungen\/uber-den-sattel-des-guajara-zur-schwarzen-und-weisen-mondlandschaft-nach-vilaflor\/#article","isPartOf":{"@id":"https:\/\/www.mundi-roth.de\/teneriffa-blog\/wanderungen\/uber-den-sattel-des-guajara-zur-schwarzen-und-weisen-mondlandschaft-nach-vilaflor\/"},"author":{"name":"ir","@id":"https:\/\/www.mundi-roth.de\/teneriffa-blog\/#\/schema\/person\/3afd0d251449790d15367c9aa52d203d"},"headline":"\u00dcber den Sattel des Guajara zur Schwarzen und Wei\u00dfen Mondlandschaft nach Vilaflor","datePublished":"2010-10-14T19:00:00+00:00","dateModified":"2015-04-12T09:43:55+00:00","mainEntityOfPage":{"@id":"https:\/\/www.mundi-roth.de\/teneriffa-blog\/wanderungen\/uber-den-sattel-des-guajara-zur-schwarzen-und-weisen-mondlandschaft-nach-vilaflor\/"},"wordCount":795,"commentCount":0,"image":{"@id":"https:\/\/www.mundi-roth.de\/teneriffa-blog\/wanderungen\/uber-den-sattel-des-guajara-zur-schwarzen-und-weisen-mondlandschaft-nach-vilaflor\/#primaryimage"},"thumbnailUrl":"http:\/\/www.mundi-roth.de\/teneriffa-blog\/wp-content\/uploads\/2010\/10\/Parador-Vilaflor-150x139.jpg","keywords":["Barranco de las Arenas","Caldera","Camino Natural Anaga Chasna","Ca\u00f1adas","Guajara","Mondlandschaft","Piedras Amarillas","Siete Ca\u00f1adas","Vilaflor"],"articleSection":["Ca\u00f1adas","Wanderungen"],"inLanguage":"de","potentialAction":[{"@type":"CommentAction","name":"Comment","target":["https:\/\/www.mundi-roth.de\/teneriffa-blog\/wanderungen\/uber-den-sattel-des-guajara-zur-schwarzen-und-weisen-mondlandschaft-nach-vilaflor\/#respond"]}]},{"@type":"WebPage","@id":"https:\/\/www.mundi-roth.de\/teneriffa-blog\/wanderungen\/uber-den-sattel-des-guajara-zur-schwarzen-und-weisen-mondlandschaft-nach-vilaflor\/","url":"https:\/\/www.mundi-roth.de\/teneriffa-blog\/wanderungen\/uber-den-sattel-des-guajara-zur-schwarzen-und-weisen-mondlandschaft-nach-vilaflor\/","name":"\u00dcber den Sattel des Guajara zur Schwarzen und Wei\u00dfen Mondlandschaft nach Vilaflor - Teneriffa Wandern","isPartOf":{"@id":"https:\/\/www.mundi-roth.de\/teneriffa-blog\/#website"},"primaryImageOfPage":{"@id":"https:\/\/www.mundi-roth.de\/teneriffa-blog\/wanderungen\/uber-den-sattel-des-guajara-zur-schwarzen-und-weisen-mondlandschaft-nach-vilaflor\/#primaryimage"},"image":{"@id":"https:\/\/www.mundi-roth.de\/teneriffa-blog\/wanderungen\/uber-den-sattel-des-guajara-zur-schwarzen-und-weisen-mondlandschaft-nach-vilaflor\/#primaryimage"},"thumbnailUrl":"http:\/\/www.mundi-roth.de\/teneriffa-blog\/wp-content\/uploads\/2010\/10\/Parador-Vilaflor-150x139.jpg","datePublished":"2010-10-14T19:00:00+00:00","dateModified":"2015-04-12T09:43:55+00:00","author":{"@id":"https:\/\/www.mundi-roth.de\/teneriffa-blog\/#\/schema\/person\/3afd0d251449790d15367c9aa52d203d"},"breadcrumb":{"@id":"https:\/\/www.mundi-roth.de\/teneriffa-blog\/wanderungen\/uber-den-sattel-des-guajara-zur-schwarzen-und-weisen-mondlandschaft-nach-vilaflor\/#breadcrumb"},"inLanguage":"de","potentialAction":[{"@type":"ReadAction","target":["https:\/\/www.mundi-roth.de\/teneriffa-blog\/wanderungen\/uber-den-sattel-des-guajara-zur-schwarzen-und-weisen-mondlandschaft-nach-vilaflor\/"]}]},{"@type":"ImageObject","inLanguage":"de","@id":"https:\/\/www.mundi-roth.de\/teneriffa-blog\/wanderungen\/uber-den-sattel-des-guajara-zur-schwarzen-und-weisen-mondlandschaft-nach-vilaflor\/#primaryimage","url":"https:\/\/www.mundi-roth.de\/teneriffa-blog\/wp-content\/uploads\/2010\/10\/Parador-Vilaflor.jpg","contentUrl":"https:\/\/www.mundi-roth.de\/teneriffa-blog\/wp-content\/uploads\/2010\/10\/Parador-Vilaflor.jpg","width":"439","height":"409","caption":"Route Parador-Vilaflor"},{"@type":"BreadcrumbList","@id":"https:\/\/www.mundi-roth.de\/teneriffa-blog\/wanderungen\/uber-den-sattel-des-guajara-zur-schwarzen-und-weisen-mondlandschaft-nach-vilaflor\/#breadcrumb","itemListElement":[{"@type":"ListItem","position":1,"name":"Startseite","item":"https:\/\/www.mundi-roth.de\/teneriffa-blog\/"},{"@type":"ListItem","position":2,"name":"\u00dcber den Sattel des Guajara zur Schwarzen und Wei\u00dfen Mondlandschaft nach Vilaflor"}]},{"@type":"WebSite","@id":"https:\/\/www.mundi-roth.de\/teneriffa-blog\/#website","url":"https:\/\/www.mundi-roth.de\/teneriffa-blog\/","name":"Teneriffa Wandern","description":"Nicht nur Wanderungen auf Teneriffa...","potentialAction":[{"@type":"SearchAction","target":{"@type":"EntryPoint","urlTemplate":"https:\/\/www.mundi-roth.de\/teneriffa-blog\/?s={search_term_string}"},"query-input":{"@type":"PropertyValueSpecification","valueRequired":true,"valueName":"search_term_string"}}],"inLanguage":"de"},{"@type":"Person","@id":"https:\/\/www.mundi-roth.de\/teneriffa-blog\/#\/schema\/person\/3afd0d251449790d15367c9aa52d203d","name":"ir","image":{"@type":"ImageObject","inLanguage":"de","@id":"https:\/\/secure.gravatar.com\/avatar\/e67b41513c921c2bb58363f44c8a00a447c9a2526ad8ff71b5b6257e5f7f5c66?s=96&d=mm&r=g","url":"https:\/\/secure.gravatar.com\/avatar\/e67b41513c921c2bb58363f44c8a00a447c9a2526ad8ff71b5b6257e5f7f5c66?s=96&d=mm&r=g","contentUrl":"https:\/\/secure.gravatar.com\/avatar\/e67b41513c921c2bb58363f44c8a00a447c9a2526ad8ff71b5b6257e5f7f5c66?s=96&d=mm&r=g","caption":"ir"},"sameAs":["http:\/\/www.mundi-roth.de"],"url":"https:\/\/www.mundi-roth.de\/teneriffa-blog\/author\/ir\/"}]}},"_links":{"self":[{"href":"https:\/\/www.mundi-roth.de\/teneriffa-blog\/wp-json\/wp\/v2\/posts\/989","targetHints":{"allow":["GET"]}}],"collection":[{"href":"https:\/\/www.mundi-roth.de\/teneriffa-blog\/wp-json\/wp\/v2\/posts"}],"about":[{"href":"https:\/\/www.mundi-roth.de\/teneriffa-blog\/wp-json\/wp\/v2\/types\/post"}],"author":[{"embeddable":true,"href":"https:\/\/www.mundi-roth.de\/teneriffa-blog\/wp-json\/wp\/v2\/users\/3"}],"replies":[{"embeddable":true,"href":"https:\/\/www.mundi-roth.de\/teneriffa-blog\/wp-json\/wp\/v2\/comments?post=989"}],"version-history":[{"count":0,"href":"https:\/\/www.mundi-roth.de\/teneriffa-blog\/wp-json\/wp\/v2\/posts\/989\/revisions"}],"wp:attachment":[{"href":"https:\/\/www.mundi-roth.de\/teneriffa-blog\/wp-json\/wp\/v2\/media?parent=989"}],"wp:term":[{"taxonomy":"category","embeddable":true,"href":"https:\/\/www.mundi-roth.de\/teneriffa-blog\/wp-json\/wp\/v2\/categories?post=989"},{"taxonomy":"post_tag","embeddable":true,"href":"https:\/\/www.mundi-roth.de\/teneriffa-blog\/wp-json\/wp\/v2\/tags?post=989"}],"curies":[{"name":"wp","href":"https:\/\/api.w.org\/{rel}","templated":true}]}}