{"id":99,"date":"2007-11-21T18:02:05","date_gmt":"2007-11-21T16:02:05","guid":{"rendered":"http:\/\/www.mundi-roth.de\/teneriffa-blog\/wanderungen\/camino-real-de-fasnia-barranco-de-herques\/"},"modified":"2015-04-12T12:06:38","modified_gmt":"2015-04-12T11:06:38","slug":"camino-real-de-fasnia-barranco-de-herques","status":"publish","type":"post","link":"https:\/\/www.mundi-roth.de\/teneriffa-blog\/wanderungen\/camino-real-de-fasnia-barranco-de-herques\/","title":{"rendered":"Camino Real de Fasnia &#8211; Barranco de Herques"},"content":{"rendered":"<p class=\"MsoNormal\"><strong>Wir wandern durch eine Landschaft des urspr\u00fcnglichen, vom Tourismus noch unber\u00fchrten, Teneriffa.Steigen in den imposanten Barranco de Herques auf einem schmalen, gepflasteren Pfad hinab, der Trittsicherheit verlangt. Wir machen uns bewusst, dass diese Pfade fr\u00fcher die ehemaligen Handelswege waren, die die \u00d6rtchen miteinander verbunden haben und die Menschen diese Strecke sicher schwer beladen zur\u00fccklegten. Und wir? Wir wandern nur zu unserer Freude. Geht es uns doch gut!<\/strong><\/p>\n<p class=\"MsoNormal\"><!--more--><\/p>\n<p><strong>Wander-Wegstrecke:<\/strong><\/p>\n<p><a href=\"http:\/\/www.mundi-roth.de\/teneriffa-blog\/wp-content\/uploads\/2007\/11\/0weg2.JPG\" rel=\"lightbox[99]\"><img decoding=\"async\" src=\"http:\/\/www.mundi-roth.de\/teneriffa-blog\/wp-content\/uploads\/2007\/11\/0weg2.JPG\" alt=\"Wegstrecke\" border=\"0\" hspace=\"3\" vspace=\"3\" \/><\/a><\/p>\n<p>Hin und zur\u00fcck ca. 3 \u00bd Stunden<\/p>\n<p>Die Wanderung beginnt \u2013 den Friedhof im R\u00fccken \u2013 gleich rechter Hand auf einer noch asphaltierten Stra\u00dfe. Bei der n\u00e4chsten Abzweigung halten wir uns wieder <a href=\"http:\/\/www.mundi-roth.de\/teneriffa-blog\/wp-content\/uploads\/2007\/11\/sany5099.jpg\" rel=\"lightbox[99]\"><img loading=\"lazy\" decoding=\"async\" src=\"http:\/\/www.mundi-roth.de\/teneriffa-blog\/wp-content\/uploads\/2007\/11\/sany5099.thumbnail.jpg\" alt=\"Altes Geh\u00f6ft\" width=\"128\" height=\"96\" align=\"right\" border=\"0\" hspace=\"3\" vspace=\"3\" \/><\/a>rechts und sehen kurz darauf eine sch\u00f6ne alte, verlassene und leider auch verfallene Geh\u00f6ftanlage. Ungew\u00f6hnlich sind hier die betonierten Terrassenmauern. Wenige Meter weiter erblicken wir bereits eine wundersch\u00f6n geformte Basaltwand vor uns. Links liegt der Sportplatz der Gemeinde Fasnia. Der Bodenbelag wechselt von Asphalt auf altes Pflaster und wenig sp\u00e4ter auf staubig-steinigen Wanderweg.<br \/>\nWir kommen an eine Wegegabelung. Lassen rechts und links unbeachtet und gehen auf dem mittleren Pfad weiter, der uns sanft abw\u00e4rts f\u00fchrt. Wir haben einen weiten Blick zur K\u00fcste und auf die letzten H\u00e4user von Fasnia und wir gehen an einer links liegenden gemauerten Wasserleitung entlang.<br \/>\nEin kurzer, steiler Aufstieg f\u00fchrt uns geradeaus auf ein sch\u00f6nes, blumengeschm\u00fccktes Haus zu. Orleanderb\u00fcsche und Geranien geben der Landschaft einen Farbtupfer. Die anschlie\u00dfenden, mit Weinst\u00f6cken bepflanzten Terrassen, werden \u2013 f\u00fcr diese H\u00f6he ungew\u00f6hnlich \u2013 von kanarischen Kiefern eingerahmt.<br \/>\nImmer wieder sehen wir auf unserer Wanderung H\u00f6hlen. Eine wurde sogar als \u201eGarage\u201c f\u00fcr einen Traktor genutzt.<br \/>\nWir kommen an einem Wasserbecken vorbei und sto\u00dfen auf eine asphaltierte Stra\u00dfe. Diese \u00fcberqueren wir, halten uns links aufw\u00e4rts und biegen gleich darauf rechts ab. Wir gehen an einem unverputzten Haus vorbei, das im \u201ekanarischen Kubus-Stil\u201c erbaut ist und an der Calle Lomo Tose liegt.<br \/>\nUnmittelbar nach diesem Haus f\u00fchrt unser Weg links zwischen zwei <a href=\"http:\/\/www.mundi-roth.de\/teneriffa-blog\/wp-content\/uploads\/2007\/11\/sany5102.jpg\" rel=\"lightbox[99]\"><img loading=\"lazy\" decoding=\"async\" src=\"http:\/\/www.mundi-roth.de\/teneriffa-blog\/wp-content\/uploads\/2007\/11\/sany5102.thumbnail.jpg\" alt=\"Wasserbecken\" width=\"128\" height=\"96\" align=\"left\" border=\"0\" hspace=\"3\" vspace=\"3\" \/><\/a>Bimssteinmauern auf einen urigen Pfad und wir bestaunen ein ungew\u00f6hnliches, fast leeres Wasserbecken das an eine Mondlandschaft erinnert.<br \/>\nNach einer halben Stunde gelangen wir an den imposanten Barranco de Herques und ein Schild \u201eEspacio natural protegido\u201c macht uns darauf aufmerksam, dass wir nunmehr gesch\u00fctzten Naturraum betreten.<br \/>\nWir steigen auf einem schmalen, zum Teil gepflasterten Pfad, bei dem Trittsicherheit und Schwindelfreiheit nicht schaden, bis zum Barrancogrund und rufen uns ins Ged\u00e4chtnis, dass wir uns auf dem \u201eCamino Real\u201c, einem ehemaligen Handelsweg befinden.<br \/>\n<a href=\"http:\/\/www.mundi-roth.de\/teneriffa-blog\/wp-content\/uploads\/2007\/11\/sany5113.jpg\" rel=\"lightbox[99]\"><img loading=\"lazy\" decoding=\"async\" src=\"http:\/\/www.mundi-roth.de\/teneriffa-blog\/wp-content\/uploads\/2007\/11\/sany5113.thumbnail.jpg\" alt=\"Barranco 1\" width=\"96\" height=\"128\" align=\"right\" border=\"0\" hspace=\"3\" vspace=\"3\" \/><\/a> Hier legen wir erstmal eine Schau- und Staunpause ein. Die zum Teil \u00fcberh\u00e4ngenden Felsen bilden einen wundersch\u00f6nen Fries. Die Ansammlungen der Kandelaber-Wolfsmilch setzen dazu starke Akzente.<br \/>\nEin Steinm\u00e4nnchen zeigt uns an, dass wir richtig gegangen sind. Auf einer gro\u00dfen, flachen Steinplatte zeigt ein wei\u00df aufgemalter Pfeil den <a href=\"http:\/\/www.mundi-roth.de\/teneriffa-blog\/wp-content\/uploads\/2007\/11\/sany5105.jpg\" rel=\"lightbox[99]\"><img loading=\"lazy\" decoding=\"async\" src=\"http:\/\/www.mundi-roth.de\/teneriffa-blog\/wp-content\/uploads\/2007\/11\/sany5105.thumbnail.jpg\" alt=\"Aufw\u00e4rts\" width=\"96\" height=\"128\" align=\"left\" border=\"0\" hspace=\"3\" vspace=\"3\" \/><\/a>weiteren Verlauf des Weges an. In Serpentinen geht es zwischen Zistrosen-, Lavendel- und Margaritenb\u00fcschen aufw\u00e4rts. Wir b\u00fccken uns unter die herabh\u00e4ngenden Zweige des Balos und sind \u00fcberrascht, wie gut und schnell wir den doch steilen Aufstieg geschafft haben. <a href=\"http:\/\/www.mundi-roth.de\/teneriffa-blog\/wp-content\/uploads\/2007\/11\/sany5119.jpg\" rel=\"lightbox[99]\"><img loading=\"lazy\" decoding=\"async\" src=\"http:\/\/www.mundi-roth.de\/teneriffa-blog\/wp-content\/uploads\/2007\/11\/sany5119.thumbnail.jpg\" alt=\"Barranco 2\" width=\"96\" height=\"128\" align=\"right\" border=\"0\" hspace=\"3\" vspace=\"3\" \/><\/a>Zwischendurch werfen wir immer wieder einen Blick hinunter in den grandiosen Barranco, der sich bis zum Meer hinzieht.<br \/>\nOben angekommen gibt es einen Hinweis auf \u201eMonumento natural \u2013 Barranco Fasnia und &#8212;-&#8222;. Es muss wohl G\u00fcimar hei\u00dfen, ist jedoch von Tunichtguten ausgekratzt worden. Kurz darauf ein Hinweis \u201eCamino Real Barranco de Herques und Eremita de San Jos\u00e9&#8220;.<br \/>\nF\u00fcr uns ist \u00fcberraschend: gerade noch in unber\u00fchrter Natur weiten <a href=\"http:\/\/www.mundi-roth.de\/teneriffa-blog\/wp-content\/uploads\/2007\/11\/sany5123w.JPG\" rel=\"lightbox[99]\"><img loading=\"lazy\" decoding=\"async\" src=\"http:\/\/www.mundi-roth.de\/teneriffa-blog\/wp-content\/uploads\/2007\/11\/sany5123w.thumbnail.JPG\" alt=\"Weiter Blick\" width=\"250\" height=\"95\" align=\"left\" border=\"0\" hspace=\"3\" vspace=\"3\" \/><\/a>sich jetzt vor uns die mit Bimsstein \u2013 Jable &#8211; abgedeckten Terrassenfelder, auf denen zum Teil riesige K\u00fcrbisse wachsen.<br \/>\nEin sanfter Aufstieg an den Terrassenfeldern (rechts) vorbei, links oben ein Wasserbecken und wir gelangen auf eine asphaltierte Strasse. Wieder ein Hinweissschild \u201eBarranco de Herques\u201c. Der Hinweis auf die Eremita fehlt hier \u00fcberraschend. Wir gehen wenige Schritte auf der asphaltierten Stra\u00dfe aufw\u00e4rts um gleich darauf rechts, Richtung El Escobonal. Als wir die ersten H\u00e4user erreicht haben, sehen wir die Eremita San Jos\u00e9, zu der wir weitere Hinweise vermisst hatten. Wir lassen uns durch das mit einem Hebel verschlossene Tor nicht abhalten und besuchen die eindrucksvoll hergerichtete historische St\u00e4tte.<\/p>\n<p>Hin- und R\u00fcckweg sind identisch, jedoch durch die andere Sichtrichtung keineswegs langweilig.<\/p>\n<p><strong>Tipp:<\/strong><br \/>\n<strong>Camino Real<\/strong><br \/>\nImmer wieder sto\u00dfen wir bei unseren diversen Wanderungen auf die Bezeichnung \u201eCamino Real\u201c. Dies hat uns neugierig gemacht und wir haben nachgeforscht: Es handelte sich um einen alten Handelsweg, der im Besitz und unter der Rechtssprechung der Krone stand, was den Verkehr von G\u00fctern und Reisenden sicherte. Er war viele Jahre die \u00f6ffentliche Verbindungsstra\u00dfe zwischen den D\u00f6rfern.<br \/>\nWir k\u00f6nnen heute nur den immensen Arbeitsaufwand &#8211; wie pflastern und zum Teil mit Mauern absichern \u2013 bewundern und uns daran erfreuen, dass er uns wundersch\u00f6ne Wanderungen erm\u00f6glicht.<\/p>\n<p><strong>Eremita San Jos\u00e9 <\/strong><br \/>\n<a href=\"http:\/\/www.mundi-roth.de\/teneriffa-blog\/wp-content\/uploads\/2007\/11\/sany5126.jpg\" rel=\"lightbox[99]\"><img loading=\"lazy\" decoding=\"async\" src=\"http:\/\/www.mundi-roth.de\/teneriffa-blog\/wp-content\/uploads\/2007\/11\/sany5126.thumbnail.jpg\" alt=\"Eremita San Jos\u00e9\" width=\"128\" height=\"96\" align=\"left\" border=\"0\" hspace=\"3\" vspace=\"3\" \/><\/a> Ruinen der alten San Jos\u00e9 Wallfahrtskapelle, errichtet um 1750. Nach einem schweren Unwetter st\u00fcrzte sie 1927 ein und blieb nur als Ruine erhalten. Im Jahre 2002 wurde die historische Anlage in der heutigen, sehr ansprechenden Form hergerichtet.<\/p>\n<p><strong>Restaurant:<\/strong><br \/>\nVon der restaurierten Eremita San Jos\u00e9 gelangen wir auf der asphaltierten Stra\u00dfe aufw\u00e4rts in die Ortschaft El Escobonal und hier befindet sich auf der rechten Seite \u201eBodeg\u00f3n Castro\u201c.<br \/>\nEin typisch kanarisches Restaurant mit einem einfachen Angebot. Wir waren mit Salat und Carne fiesta mit von Hand \u201egeschnitzten\u201c Pommes frites \u2013 alles frisch, schnell und lecker zubereitet &#8211; sehr zufrieden. Ein guter heimischer wei\u00dfer Landwein rundete das preiswerte Essen ab. So gest\u00e4rkt kann man den R\u00fcckweg antreten.<br \/>\nTelefon: 629 62 89 75, Montag ist Ruhetag<\/p>\n<p><strong>Anfahrt:<\/strong><br \/>\nAuf der Autobahn TF-1 bis zur Ausfahrt \u201eFasnia \u2013 Los Roques\u201c, dann auf der <a href=\"http:\/\/www.mundi-roth.de\/teneriffa-blog\/wp-content\/uploads\/2007\/11\/sany5097.jpg\" rel=\"lightbox[99]\"><img loading=\"lazy\" decoding=\"async\" src=\"http:\/\/www.mundi-roth.de\/teneriffa-blog\/wp-content\/uploads\/2007\/11\/sany5097.thumbnail.jpg\" alt=\"Friedhofanlage\" width=\"128\" height=\"96\" align=\"right\" border=\"0\" hspace=\"3\" vspace=\"3\" \/><\/a>TF-620 hoch bis zum Friedhof von Fasnia, der rechts am Ortseingang liegt.<\/p>\n<p>(Diese sch\u00f6ne Anlage ist einen Besuch wert.)<br \/>\nVor dem Friedhof gibt es ausreichend Parkpl\u00e4tze.<\/p>\n","protected":false},"excerpt":{"rendered":"<p>Wir wandern durch eine Landschaft des urspr\u00fcnglichen, vom Tourismus noch unber\u00fchrten, Teneriffa.Steigen in den imposanten Barranco de Herques auf einem schmalen, gepflasteren Pfad hinab, der Trittsicherheit verlangt. Wir machen uns bewusst, dass diese Pfade fr\u00fcher die ehemaligen Handelswege waren, die die \u00d6rtchen miteinander verbunden haben und die Menschen diese Strecke sicher schwer beladen zur\u00fccklegten. Und [&hellip;]<\/p>\n","protected":false},"author":3,"featured_media":0,"comment_status":"open","ping_status":"open","sticky":false,"template":"","format":"standard","meta":{"footnotes":""},"categories":[771,6],"tags":[49,47,48,3,4],"class_list":["post-99","post","type-post","status-publish","format-standard","hentry","category-gueimar","category-wanderungen","tag-barranco-de-herques","tag-camino-real","tag-fasnia","tag-teneriffa","tag-wandern"],"yoast_head":"<!-- This site is optimized with the Yoast SEO plugin v27.5 - https:\/\/yoast.com\/product\/yoast-seo-wordpress\/ -->\n<title>Camino Real de Fasnia - Barranco de Herques - Teneriffa Wandern<\/title>\n<meta name=\"robots\" content=\"index, follow, max-snippet:-1, max-image-preview:large, max-video-preview:-1\" \/>\n<link rel=\"canonical\" href=\"https:\/\/www.mundi-roth.de\/teneriffa-blog\/wanderungen\/camino-real-de-fasnia-barranco-de-herques\/\" \/>\n<meta name=\"twitter:label1\" content=\"Verfasst von\" \/>\n\t<meta name=\"twitter:data1\" content=\"ir\" \/>\n\t<meta name=\"twitter:label2\" content=\"Gesch\u00e4tzte Lesezeit\" \/>\n\t<meta name=\"twitter:data2\" content=\"5\u00a0Minuten\" \/>\n<script type=\"application\/ld+json\" class=\"yoast-schema-graph\">{\"@context\":\"https:\\\/\\\/schema.org\",\"@graph\":[{\"@type\":\"Article\",\"@id\":\"https:\\\/\\\/www.mundi-roth.de\\\/teneriffa-blog\\\/wanderungen\\\/camino-real-de-fasnia-barranco-de-herques\\\/#article\",\"isPartOf\":{\"@id\":\"https:\\\/\\\/www.mundi-roth.de\\\/teneriffa-blog\\\/wanderungen\\\/camino-real-de-fasnia-barranco-de-herques\\\/\"},\"author\":{\"name\":\"ir\",\"@id\":\"https:\\\/\\\/www.mundi-roth.de\\\/teneriffa-blog\\\/#\\\/schema\\\/person\\\/3afd0d251449790d15367c9aa52d203d\"},\"headline\":\"Camino Real de Fasnia &#8211; Barranco de Herques\",\"datePublished\":\"2007-11-21T16:02:05+00:00\",\"dateModified\":\"2015-04-12T11:06:38+00:00\",\"mainEntityOfPage\":{\"@id\":\"https:\\\/\\\/www.mundi-roth.de\\\/teneriffa-blog\\\/wanderungen\\\/camino-real-de-fasnia-barranco-de-herques\\\/\"},\"wordCount\":975,\"commentCount\":0,\"image\":{\"@id\":\"https:\\\/\\\/www.mundi-roth.de\\\/teneriffa-blog\\\/wanderungen\\\/camino-real-de-fasnia-barranco-de-herques\\\/#primaryimage\"},\"thumbnailUrl\":\"http:\\\/\\\/www.mundi-roth.de\\\/teneriffa-blog\\\/wp-content\\\/uploads\\\/2007\\\/11\\\/0weg2.JPG\",\"keywords\":[\"Barranco de Herques\",\"Camino Real\",\"Fasnia\",\"Teneriffa\",\"Wandern\"],\"articleSection\":[\"G\u00fcimar\",\"Wanderungen\"],\"inLanguage\":\"de\",\"potentialAction\":[{\"@type\":\"CommentAction\",\"name\":\"Comment\",\"target\":[\"https:\\\/\\\/www.mundi-roth.de\\\/teneriffa-blog\\\/wanderungen\\\/camino-real-de-fasnia-barranco-de-herques\\\/#respond\"]}]},{\"@type\":\"WebPage\",\"@id\":\"https:\\\/\\\/www.mundi-roth.de\\\/teneriffa-blog\\\/wanderungen\\\/camino-real-de-fasnia-barranco-de-herques\\\/\",\"url\":\"https:\\\/\\\/www.mundi-roth.de\\\/teneriffa-blog\\\/wanderungen\\\/camino-real-de-fasnia-barranco-de-herques\\\/\",\"name\":\"Camino Real de Fasnia - Barranco de Herques - Teneriffa Wandern\",\"isPartOf\":{\"@id\":\"https:\\\/\\\/www.mundi-roth.de\\\/teneriffa-blog\\\/#website\"},\"primaryImageOfPage\":{\"@id\":\"https:\\\/\\\/www.mundi-roth.de\\\/teneriffa-blog\\\/wanderungen\\\/camino-real-de-fasnia-barranco-de-herques\\\/#primaryimage\"},\"image\":{\"@id\":\"https:\\\/\\\/www.mundi-roth.de\\\/teneriffa-blog\\\/wanderungen\\\/camino-real-de-fasnia-barranco-de-herques\\\/#primaryimage\"},\"thumbnailUrl\":\"http:\\\/\\\/www.mundi-roth.de\\\/teneriffa-blog\\\/wp-content\\\/uploads\\\/2007\\\/11\\\/0weg2.JPG\",\"datePublished\":\"2007-11-21T16:02:05+00:00\",\"dateModified\":\"2015-04-12T11:06:38+00:00\",\"author\":{\"@id\":\"https:\\\/\\\/www.mundi-roth.de\\\/teneriffa-blog\\\/#\\\/schema\\\/person\\\/3afd0d251449790d15367c9aa52d203d\"},\"breadcrumb\":{\"@id\":\"https:\\\/\\\/www.mundi-roth.de\\\/teneriffa-blog\\\/wanderungen\\\/camino-real-de-fasnia-barranco-de-herques\\\/#breadcrumb\"},\"inLanguage\":\"de\",\"potentialAction\":[{\"@type\":\"ReadAction\",\"target\":[\"https:\\\/\\\/www.mundi-roth.de\\\/teneriffa-blog\\\/wanderungen\\\/camino-real-de-fasnia-barranco-de-herques\\\/\"]}]},{\"@type\":\"ImageObject\",\"inLanguage\":\"de\",\"@id\":\"https:\\\/\\\/www.mundi-roth.de\\\/teneriffa-blog\\\/wanderungen\\\/camino-real-de-fasnia-barranco-de-herques\\\/#primaryimage\",\"url\":\"http:\\\/\\\/www.mundi-roth.de\\\/teneriffa-blog\\\/wp-content\\\/uploads\\\/2007\\\/11\\\/0weg2.JPG\",\"contentUrl\":\"http:\\\/\\\/www.mundi-roth.de\\\/teneriffa-blog\\\/wp-content\\\/uploads\\\/2007\\\/11\\\/0weg2.JPG\"},{\"@type\":\"BreadcrumbList\",\"@id\":\"https:\\\/\\\/www.mundi-roth.de\\\/teneriffa-blog\\\/wanderungen\\\/camino-real-de-fasnia-barranco-de-herques\\\/#breadcrumb\",\"itemListElement\":[{\"@type\":\"ListItem\",\"position\":1,\"name\":\"Startseite\",\"item\":\"https:\\\/\\\/www.mundi-roth.de\\\/teneriffa-blog\\\/\"},{\"@type\":\"ListItem\",\"position\":2,\"name\":\"Camino Real de Fasnia &#8211; Barranco de Herques\"}]},{\"@type\":\"WebSite\",\"@id\":\"https:\\\/\\\/www.mundi-roth.de\\\/teneriffa-blog\\\/#website\",\"url\":\"https:\\\/\\\/www.mundi-roth.de\\\/teneriffa-blog\\\/\",\"name\":\"Teneriffa Wandern\",\"description\":\"Nicht nur Wanderungen auf Teneriffa...\",\"potentialAction\":[{\"@type\":\"SearchAction\",\"target\":{\"@type\":\"EntryPoint\",\"urlTemplate\":\"https:\\\/\\\/www.mundi-roth.de\\\/teneriffa-blog\\\/?s={search_term_string}\"},\"query-input\":{\"@type\":\"PropertyValueSpecification\",\"valueRequired\":true,\"valueName\":\"search_term_string\"}}],\"inLanguage\":\"de\"},{\"@type\":\"Person\",\"@id\":\"https:\\\/\\\/www.mundi-roth.de\\\/teneriffa-blog\\\/#\\\/schema\\\/person\\\/3afd0d251449790d15367c9aa52d203d\",\"name\":\"ir\",\"image\":{\"@type\":\"ImageObject\",\"inLanguage\":\"de\",\"@id\":\"https:\\\/\\\/secure.gravatar.com\\\/avatar\\\/e67b41513c921c2bb58363f44c8a00a447c9a2526ad8ff71b5b6257e5f7f5c66?s=96&d=mm&r=g\",\"url\":\"https:\\\/\\\/secure.gravatar.com\\\/avatar\\\/e67b41513c921c2bb58363f44c8a00a447c9a2526ad8ff71b5b6257e5f7f5c66?s=96&d=mm&r=g\",\"contentUrl\":\"https:\\\/\\\/secure.gravatar.com\\\/avatar\\\/e67b41513c921c2bb58363f44c8a00a447c9a2526ad8ff71b5b6257e5f7f5c66?s=96&d=mm&r=g\",\"caption\":\"ir\"},\"sameAs\":[\"http:\\\/\\\/www.mundi-roth.de\"],\"url\":\"https:\\\/\\\/www.mundi-roth.de\\\/teneriffa-blog\\\/author\\\/ir\\\/\"}]}<\/script>\n<!-- \/ Yoast SEO plugin. -->","yoast_head_json":{"title":"Camino Real de Fasnia - Barranco de Herques - Teneriffa Wandern","robots":{"index":"index","follow":"follow","max-snippet":"max-snippet:-1","max-image-preview":"max-image-preview:large","max-video-preview":"max-video-preview:-1"},"canonical":"https:\/\/www.mundi-roth.de\/teneriffa-blog\/wanderungen\/camino-real-de-fasnia-barranco-de-herques\/","twitter_misc":{"Verfasst von":"ir","Gesch\u00e4tzte Lesezeit":"5\u00a0Minuten"},"schema":{"@context":"https:\/\/schema.org","@graph":[{"@type":"Article","@id":"https:\/\/www.mundi-roth.de\/teneriffa-blog\/wanderungen\/camino-real-de-fasnia-barranco-de-herques\/#article","isPartOf":{"@id":"https:\/\/www.mundi-roth.de\/teneriffa-blog\/wanderungen\/camino-real-de-fasnia-barranco-de-herques\/"},"author":{"name":"ir","@id":"https:\/\/www.mundi-roth.de\/teneriffa-blog\/#\/schema\/person\/3afd0d251449790d15367c9aa52d203d"},"headline":"Camino Real de Fasnia &#8211; Barranco de Herques","datePublished":"2007-11-21T16:02:05+00:00","dateModified":"2015-04-12T11:06:38+00:00","mainEntityOfPage":{"@id":"https:\/\/www.mundi-roth.de\/teneriffa-blog\/wanderungen\/camino-real-de-fasnia-barranco-de-herques\/"},"wordCount":975,"commentCount":0,"image":{"@id":"https:\/\/www.mundi-roth.de\/teneriffa-blog\/wanderungen\/camino-real-de-fasnia-barranco-de-herques\/#primaryimage"},"thumbnailUrl":"http:\/\/www.mundi-roth.de\/teneriffa-blog\/wp-content\/uploads\/2007\/11\/0weg2.JPG","keywords":["Barranco de Herques","Camino Real","Fasnia","Teneriffa","Wandern"],"articleSection":["G\u00fcimar","Wanderungen"],"inLanguage":"de","potentialAction":[{"@type":"CommentAction","name":"Comment","target":["https:\/\/www.mundi-roth.de\/teneriffa-blog\/wanderungen\/camino-real-de-fasnia-barranco-de-herques\/#respond"]}]},{"@type":"WebPage","@id":"https:\/\/www.mundi-roth.de\/teneriffa-blog\/wanderungen\/camino-real-de-fasnia-barranco-de-herques\/","url":"https:\/\/www.mundi-roth.de\/teneriffa-blog\/wanderungen\/camino-real-de-fasnia-barranco-de-herques\/","name":"Camino Real de Fasnia - Barranco de Herques - Teneriffa Wandern","isPartOf":{"@id":"https:\/\/www.mundi-roth.de\/teneriffa-blog\/#website"},"primaryImageOfPage":{"@id":"https:\/\/www.mundi-roth.de\/teneriffa-blog\/wanderungen\/camino-real-de-fasnia-barranco-de-herques\/#primaryimage"},"image":{"@id":"https:\/\/www.mundi-roth.de\/teneriffa-blog\/wanderungen\/camino-real-de-fasnia-barranco-de-herques\/#primaryimage"},"thumbnailUrl":"http:\/\/www.mundi-roth.de\/teneriffa-blog\/wp-content\/uploads\/2007\/11\/0weg2.JPG","datePublished":"2007-11-21T16:02:05+00:00","dateModified":"2015-04-12T11:06:38+00:00","author":{"@id":"https:\/\/www.mundi-roth.de\/teneriffa-blog\/#\/schema\/person\/3afd0d251449790d15367c9aa52d203d"},"breadcrumb":{"@id":"https:\/\/www.mundi-roth.de\/teneriffa-blog\/wanderungen\/camino-real-de-fasnia-barranco-de-herques\/#breadcrumb"},"inLanguage":"de","potentialAction":[{"@type":"ReadAction","target":["https:\/\/www.mundi-roth.de\/teneriffa-blog\/wanderungen\/camino-real-de-fasnia-barranco-de-herques\/"]}]},{"@type":"ImageObject","inLanguage":"de","@id":"https:\/\/www.mundi-roth.de\/teneriffa-blog\/wanderungen\/camino-real-de-fasnia-barranco-de-herques\/#primaryimage","url":"http:\/\/www.mundi-roth.de\/teneriffa-blog\/wp-content\/uploads\/2007\/11\/0weg2.JPG","contentUrl":"http:\/\/www.mundi-roth.de\/teneriffa-blog\/wp-content\/uploads\/2007\/11\/0weg2.JPG"},{"@type":"BreadcrumbList","@id":"https:\/\/www.mundi-roth.de\/teneriffa-blog\/wanderungen\/camino-real-de-fasnia-barranco-de-herques\/#breadcrumb","itemListElement":[{"@type":"ListItem","position":1,"name":"Startseite","item":"https:\/\/www.mundi-roth.de\/teneriffa-blog\/"},{"@type":"ListItem","position":2,"name":"Camino Real de Fasnia &#8211; Barranco de Herques"}]},{"@type":"WebSite","@id":"https:\/\/www.mundi-roth.de\/teneriffa-blog\/#website","url":"https:\/\/www.mundi-roth.de\/teneriffa-blog\/","name":"Teneriffa Wandern","description":"Nicht nur Wanderungen auf Teneriffa...","potentialAction":[{"@type":"SearchAction","target":{"@type":"EntryPoint","urlTemplate":"https:\/\/www.mundi-roth.de\/teneriffa-blog\/?s={search_term_string}"},"query-input":{"@type":"PropertyValueSpecification","valueRequired":true,"valueName":"search_term_string"}}],"inLanguage":"de"},{"@type":"Person","@id":"https:\/\/www.mundi-roth.de\/teneriffa-blog\/#\/schema\/person\/3afd0d251449790d15367c9aa52d203d","name":"ir","image":{"@type":"ImageObject","inLanguage":"de","@id":"https:\/\/secure.gravatar.com\/avatar\/e67b41513c921c2bb58363f44c8a00a447c9a2526ad8ff71b5b6257e5f7f5c66?s=96&d=mm&r=g","url":"https:\/\/secure.gravatar.com\/avatar\/e67b41513c921c2bb58363f44c8a00a447c9a2526ad8ff71b5b6257e5f7f5c66?s=96&d=mm&r=g","contentUrl":"https:\/\/secure.gravatar.com\/avatar\/e67b41513c921c2bb58363f44c8a00a447c9a2526ad8ff71b5b6257e5f7f5c66?s=96&d=mm&r=g","caption":"ir"},"sameAs":["http:\/\/www.mundi-roth.de"],"url":"https:\/\/www.mundi-roth.de\/teneriffa-blog\/author\/ir\/"}]}},"_links":{"self":[{"href":"https:\/\/www.mundi-roth.de\/teneriffa-blog\/wp-json\/wp\/v2\/posts\/99","targetHints":{"allow":["GET"]}}],"collection":[{"href":"https:\/\/www.mundi-roth.de\/teneriffa-blog\/wp-json\/wp\/v2\/posts"}],"about":[{"href":"https:\/\/www.mundi-roth.de\/teneriffa-blog\/wp-json\/wp\/v2\/types\/post"}],"author":[{"embeddable":true,"href":"https:\/\/www.mundi-roth.de\/teneriffa-blog\/wp-json\/wp\/v2\/users\/3"}],"replies":[{"embeddable":true,"href":"https:\/\/www.mundi-roth.de\/teneriffa-blog\/wp-json\/wp\/v2\/comments?post=99"}],"version-history":[{"count":0,"href":"https:\/\/www.mundi-roth.de\/teneriffa-blog\/wp-json\/wp\/v2\/posts\/99\/revisions"}],"wp:attachment":[{"href":"https:\/\/www.mundi-roth.de\/teneriffa-blog\/wp-json\/wp\/v2\/media?parent=99"}],"wp:term":[{"taxonomy":"category","embeddable":true,"href":"https:\/\/www.mundi-roth.de\/teneriffa-blog\/wp-json\/wp\/v2\/categories?post=99"},{"taxonomy":"post_tag","embeddable":true,"href":"https:\/\/www.mundi-roth.de\/teneriffa-blog\/wp-json\/wp\/v2\/tags?post=99"}],"curies":[{"name":"wp","href":"https:\/\/api.w.org\/{rel}","templated":true}]}}